{"id":13716,"date":"2020-10-28T11:59:20","date_gmt":"2020-10-28T11:59:20","guid":{"rendered":"https:\/\/www.mes-allocs.fr\/guides\/?p=13716"},"modified":"2026-02-02T09:33:12","modified_gmt":"2026-02-02T08:33:12","slug":"suppression-prime-de-noel","status":"publish","type":"post","link":"https:\/\/www.mes-allocs.fr\/guides\/prime-de-noel\/suppression-prime-de-noel\/","title":{"rendered":"Suppression prime de No\u00ebl : \u00eates-vous concern\u00e9 en 2026 ?"},"content":{"rendered":"<p><img loading=\"lazy\" decoding=\"async\" class=\"aligncenter wp-image-105494 size-full\" title=\"suppression prime noel\" src=\"https:\/\/www.mes-allocs.fr\/guides\/wp-content\/uploads\/2020\/10\/suppression-prime-noel-e1762273678742.jpg\" alt=\"suppression prime noel\" width=\"1917\" height=\"300\" srcset=\"https:\/\/www.mes-allocs.fr\/guides\/wp-content\/uploads\/2020\/10\/suppression-prime-noel-e1762273678742.jpg 1917w, https:\/\/www.mes-allocs.fr\/guides\/wp-content\/uploads\/2020\/10\/suppression-prime-noel-e1762273678742-300x47.jpg 300w, https:\/\/www.mes-allocs.fr\/guides\/wp-content\/uploads\/2020\/10\/suppression-prime-noel-e1762273678742-1024x160.jpg 1024w, https:\/\/www.mes-allocs.fr\/guides\/wp-content\/uploads\/2020\/10\/suppression-prime-noel-e1762273678742-768x120.jpg 768w, https:\/\/www.mes-allocs.fr\/guides\/wp-content\/uploads\/2020\/10\/suppression-prime-noel-e1762273678742-1536x240.jpg 1536w, https:\/\/www.mes-allocs.fr\/guides\/wp-content\/uploads\/2020\/10\/suppression-prime-noel-e1762273678742-600x94.jpg 600w\" sizes=\"auto, (max-width: 1917px) 100vw, 1917px\" \/><\/p>\n<p>[Mis \u00e0 jour le 02\/02\/2026] Chaque ann\u00e9e, la <a href=\"https:\/\/www.mes-allocs.fr\/guides\/prime-de-noel\/\">prime de No\u00ebl<\/a> permet \u00e0 de nombreux foyers modestes de mieux finir l\u2019ann\u00e9e \u00e0 l\u2019occasion des f\u00eates de fin d\u2019ann\u00e9e. Le gouvernement Lecornu envisageait de <strong>supprimer la prime de No\u00ebl<\/strong> pour certains b\u00e9n\u00e9ficiaires. Alors, est-ce que \u00e7a va r\u00e9ellement changer ? \u00cates-vous concern\u00e9 ? On fait le point ensemble.<\/p>\n<div class='cta-block'><div class='text'>Simulez votre prime de No\u00ebl en 2 min.<\/div><a href='https:\/\/www.mes-allocs.fr\/ab-app?origin=guides\/wp-json\/wp\/v2\/posts\/13716' class='app-button fit'>Simulation gratuite<\/a><\/div>\n<h1>Suppression de la prime de No\u00ebl : c&rsquo;est annul\u00e9<\/h1>\n<h2>La prime de No\u00ebl est reconduite pour tous en 2026<\/h2>\n<p>Chaque ann\u00e9e, la <a href=\"https:\/\/www.mes-allocs.fr\/guides\/prime-de-noel\/prime-de-noel-caf\/\">prime de No\u00ebl CAF<\/a>, MSA ou France Travail aide les foyers les plus modestes \u00e0 passer des f\u00eates de fin d\u2019ann\u00e9e un peu plus sereinement. Vers\u00e9e depuis 1998, elle s\u2019adresse principalement aux b\u00e9n\u00e9ficiaires du RSA, de l\u2019ASS, ou encore aux ch\u00f4meurs en fin de droit.<\/p>\n<p>Le gouvernement Lecornu avait confirm\u00e9 le <strong>4 novembre 2025<\/strong> r\u00e9fl\u00e9chir \u00e0 <b>une suppression de la prime de No\u00ebl pour les foyers sans enfant<\/b>. L\u2019ex\u00e9cutif cherchait des pistes pour r\u00e9duire drastiquement le budget allou\u00e9 \u00e0 la S\u00e9curit\u00e9 sociale. La prime de No\u00ebl sera finalement bien vers\u00e9e en 2026 \u00e0 tous les b\u00e9n\u00e9ficiaires habituels (RSA, ASS, AER\u2026), <strong>y compris les personnes sans enfants. <\/strong>Le gouvernement l\u2019a confirm\u00e9 le 28 janvier 2026 : les r\u00e8gles ne changent pas par rapport aux ann\u00e9es pr\u00e9c\u00e9dentes.<\/p>\n<h2>Qui \u00e9tait concern\u00e9 par cette mesure ?<\/h2>\n<p>Les personnes sans enfant touchant le RSA ou l\u2019allocation de solidarit\u00e9 sp\u00e9cifique (ASS) \u00e9taient concern\u00e9es par cette suppression de la prime de No\u00ebl en 2026. Avec cette d\u00e9cision, le gouvernement Lecornu souhaitait clairement concentrer cette aide sur les familles qui ont des enfants, qui sont consid\u00e9r\u00e9s comme les plus fragiles financi\u00e8rement.<\/p>\n<h2>\u00c0 partir de quand la prime devait-elle \u00eatre supprim\u00e9e ?<\/h2>\n<p>L\u2019id\u00e9e de la suppression de la <a href=\"https:\/\/www.mes-allocs.fr\/guides\/prime-de-noel\/prime-noel-sans-enfant\/\">prime de No\u00ebl pour les foyers sans enfant<\/a> faisait partie du projet de loi de financement de la S\u00e9curit\u00e9 sociale (PLFSS 2026). La suppression de la prime de No\u00ebl pour les foyers sans enfants \u00e9tait pr\u00e9vue <strong>\u00e0 partir de 2026<\/strong>.<\/p>\n<p><strong>Ri<\/strong><b>en ne change donc pour 2026<\/b>, la prime de No\u00ebl vous sera bien vers\u00e9e avec les r\u00e8gles actuelles.<\/p>\n<p style=\"text-align: center;\"><iframe loading=\"lazy\" src=\"\/\/www.youtube.com\/embed\/JSd0X11Muig\" width=\"560\" height=\"314\" allowfullscreen=\"allowfullscreen\" data-mce-fragment=\"1\"><\/iframe><\/p>\n<h1>Prime de No\u00ebl : ce qui ne changera pas en 2026<\/h1>\n<h2>Les b\u00e9n\u00e9ficiaires concern\u00e9s par cette aide en fin d\u2019ann\u00e9e<\/h2>\n<p>En 2026, pas de changement pour la prime de No\u00ebl ! Elle sera vers\u00e9e automatiquement \u00e0 partir de d\u00e9cembre 2025 aux personnes qui touchent :<\/p>\n<ul>\n<li aria-level=\"1\"><b>Le revenu de solidarit\u00e9 active<\/b> (RSA)<\/li>\n<li aria-level=\"1\"><b>L\u2019allocation de solidarit\u00e9 sp\u00e9cifique<\/b> (ASS)<\/li>\n<li><strong>L\u2019allocation de solidarit\u00e9 sp\u00e9cifique formation<\/strong> (ASS-F)<\/li>\n<li aria-level=\"1\"><b>L\u2019allocation \u00e9quivalent retraite<\/b> (AER)<\/li>\n<li aria-level=\"1\"><strong>La r\u00e9mun\u00e9ration de la formation France Travail<\/strong> (RFFT)<\/li>\n<li aria-level=\"1\"><strong>La r\u00e9mun\u00e9ration publique de stage (RPS)<\/strong>, si vous perceviez l\u2019Allocation de solidarit\u00e9 sp\u00e9cifique (ASS) la veille de votre entr\u00e9e en formation<\/li>\n<\/ul>\n<p>\u00c0 noter qu\u2019aucune d\u00e9marche n\u2019est n\u00e9cessaire. La prime est vers\u00e9e automatiquement par la CAF, la MSA ou France Travail, en fonction de votre situation. Alors pour savoir si vous \u00eates \u00e9ligible, rendez-vous sur le <a href=\"https:\/\/www.mes-allocs.fr\/guides\/prime-de-noel\/simulation-prime-de-noel\/\">simulateur de prime de No\u00ebl<\/a>.<\/p>\n<div class='cta-block'><div class='text'>Simulez votre prime de No\u00ebl en 2 min.<\/div><a href='https:\/\/www.mes-allocs.fr\/ab-app?origin=guides\/wp-json\/wp\/v2\/posts\/13716' class='app-button fit'>Simulation gratuite<\/a><\/div>\n<h2>Le calendrier officiel de la prime de No\u00ebl 2026<\/h2>\n<p>En 2025, la prime de No\u00ebl a \u00e9t\u00e9 vers\u00e9e \u00e0 partir du mardi 16 d\u00e9cembre 2025. Voici le <strong>calendrier<\/strong>\u00a0pour 2025 :<\/p>\n\n<div class=\"wpdt-c row wpDataTableContainerSimpleTable wpDataTables wpDataTablesWrapper\n\"\n    >\n    <table id=\"wpdtSimpleTable-716\"\n           class=\"wpdtSimpleTable wpDataTable\"\n           data-column=\"2\"\n           data-rows=\"5\"\n           data-wpID=\"716\"\n           data-responsive=\"0\"\n           data-has-header=\"0\">\n\n                    <tbody>        <tr class=\"wpdt-cell-row \" >\n                            <td class=\"wpdt-cell wpdt-bc-F3F9FE wpdt-bold\"\n                                    data-cell-id=\"A1\"\n                data-col-index=\"0\"\n                data-row-index=\"0\"\n                style=\" width:50%;                padding:10px;\"\n                >\n                                Date en 2025                <\/td>\n                                            <td class=\"wpdt-cell wpdt-bc-F3F9FE wpdt-bold\"\n                                    data-cell-id=\"B1\"\n                data-col-index=\"1\"\n                data-row-index=\"0\"\n                style=\" width:50%;                padding:10px;\"\n                >\n                                Etape                <\/td>\n                                        <\/tr>\n                            <tr class=\"wpdt-cell-row \" >\n                            <td class=\"wpdt-cell \"\n                                    data-cell-id=\"A2\"\n                data-col-index=\"0\"\n                data-row-index=\"1\"\n                style=\"                padding:10px;\"\n                >\n                                10 d\u00e9cembre 2025                <\/td>\n                                            <td class=\"wpdt-cell \"\n                                    data-cell-id=\"B2\"\n                data-col-index=\"1\"\n                data-row-index=\"1\"\n                style=\"                padding:10px;\"\n                >\n                                Annonce officielle du versement par le gouvernement                <\/td>\n                                        <\/tr>\n                            <tr class=\"wpdt-cell-row \" >\n                            <td class=\"wpdt-cell \"\n                                    data-cell-id=\"A3\"\n                data-col-index=\"0\"\n                data-row-index=\"2\"\n                style=\"                padding:10px;\"\n                >\n                                16 d\u00e9cembre 2025                <\/td>\n                                            <td class=\"wpdt-cell \"\n                                    data-cell-id=\"B3\"\n                data-col-index=\"1\"\n                data-row-index=\"2\"\n                style=\"                padding:10px;\"\n                >\n                                D\u00e9but des versements CAF \/ MSA \/ France Travail pour les allocataires \u00e9ligibles en d\u00e9cembre                <\/td>\n                                        <\/tr>\n                            <tr class=\"wpdt-cell-row \" >\n                            <td class=\"wpdt-cell \"\n                                    data-cell-id=\"A4\"\n                data-col-index=\"0\"\n                data-row-index=\"3\"\n                style=\"                padding:10px;\"\n                >\n                                16 au 20 d\u00e9cembre 2025                <\/td>\n                                            <td class=\"wpdt-cell \"\n                                    data-cell-id=\"B4\"\n                data-col-index=\"1\"\n                data-row-index=\"3\"\n                style=\"                padding:10px;\"\n                >\n                                R\u00e9ception effective sur les comptes bancaires (selon la banque)                <\/td>\n                                        <\/tr>\n                            <tr class=\"wpdt-cell-row \" >\n                            <td class=\"wpdt-cell \"\n                                    data-cell-id=\"A5\"\n                data-col-index=\"0\"\n                data-row-index=\"4\"\n                style=\"                padding:10px;\"\n                >\n                                D\u00e9but janvier 2026                <\/td>\n                                            <td class=\"wpdt-cell \"\n                                    data-cell-id=\"B5\"\n                data-col-index=\"1\"\n                data-row-index=\"4\"\n                style=\"                padding:10px;\"\n                >\n                                Versement diff\u00e9r\u00e9 pour les personnes devenues \u00e9ligibles en d\u00e9cembre 2025                <\/td>\n                                        <\/tr>\n                    <\/table>\n<\/div><style id='wpdt-custom-style-716'>\n.wpdt-bc-F3F9FE { background-color: #F3F9FE !important;}\n<\/style>\n\n<p>En 2026, les dates devraient \u00eatre semblables, \u00e9tant donn\u00e9 qu&rsquo;elles changent rarement d&rsquo;une ann\u00e9e \u00e0 l&rsquo;autre.<\/p>\n<h2>Le montant de la prime de No\u00ebl en 2026<\/h2>\n<p>En 2026, les <a href=\"https:\/\/www.mes-allocs.fr\/guides\/prime-de-noel\/prime-de-noel-montant\/\">montants de la prime de No\u00eb<\/a>l devraient rester les m\u00eames que ceux de 2025 car ils n&rsquo;\u00e9voluent pas :<\/p>\n\n<div class=\"wpdt-c row wpDataTableContainerSimpleTable wpDataTables wpDataTablesWrapper\n wdtscroll\"\n    >\n    <table id=\"wpdtSimpleTable-33\"\n           class=\"wpdtSimpleTable wpDataTable\"\n           data-column=\"3\"\n           data-rows=\"8\"\n           data-wpID=\"33\"\n           data-responsive=\"0\"\n           data-has-header=\"0\">\n\n                    <tbody>        <tr class=\"wpdt-cell-row \" >\n                            <td class=\"wpdt-cell wpdt-bc-F3F9FE wpdt-bold\"\n                                    data-cell-id=\"A1\"\n                data-col-index=\"0\"\n                data-row-index=\"0\"\n                style=\" width:260px;                padding:10px;\"\n                >\n                                Nombre d\u2019enfant(s)                <\/td>\n                                            <td class=\"wpdt-cell wpdt-bc-F3F9FE wpdt-bold\"\n                                    data-cell-id=\"B1\"\n                data-col-index=\"1\"\n                data-row-index=\"0\"\n                style=\" width:228px;                padding:10px;\"\n                >\n                                Personne seule                <\/td>\n                                            <td class=\"wpdt-cell wpdt-bc-F3F9FE wpdt-bold\"\n                                    data-cell-id=\"C1\"\n                data-col-index=\"2\"\n                data-row-index=\"0\"\n                style=\" width:217px;                padding:10px;\"\n                >\n                                En couple                <\/td>\n                                        <\/tr>\n                            <tr class=\"wpdt-cell-row \" >\n                            <td class=\"wpdt-cell wpdt-bold\"\n                                    data-cell-id=\"A2\"\n                data-col-index=\"0\"\n                data-row-index=\"1\"\n                style=\"                padding:10px;\"\n                >\n                                Sans enfant                <\/td>\n                                            <td class=\"wpdt-cell \"\n                                    data-cell-id=\"B2\"\n                data-col-index=\"1\"\n                data-row-index=\"1\"\n                style=\"                padding:10px;\"\n                >\n                                152,45 \u20ac                <\/td>\n                                            <td class=\"wpdt-cell \"\n                                    data-cell-id=\"C2\"\n                data-col-index=\"2\"\n                data-row-index=\"1\"\n                style=\"                padding:10px;\"\n                >\n                                228,68 \u20ac                <\/td>\n                                        <\/tr>\n                            <tr class=\"wpdt-cell-row \" >\n                            <td class=\"wpdt-cell wpdt-bold\"\n                                    data-cell-id=\"A3\"\n                data-col-index=\"0\"\n                data-row-index=\"2\"\n                style=\"                padding:10px;\"\n                >\n                                1 enfant                <\/td>\n                                            <td class=\"wpdt-cell \"\n                                    data-cell-id=\"B3\"\n                data-col-index=\"1\"\n                data-row-index=\"2\"\n                style=\"                padding:10px;\"\n                >\n                                228,68 \u20ac                <\/td>\n                                            <td class=\"wpdt-cell \"\n                                    data-cell-id=\"C3\"\n                data-col-index=\"2\"\n                data-row-index=\"2\"\n                style=\"                padding:10px;\"\n                >\n                                274,41 \u20ac                <\/td>\n                                        <\/tr>\n                            <tr class=\"wpdt-cell-row \" >\n                            <td class=\"wpdt-cell wpdt-bold\"\n                                    data-cell-id=\"A4\"\n                data-col-index=\"0\"\n                data-row-index=\"3\"\n                style=\"                padding:10px;\"\n                >\n                                2 enfants                <\/td>\n                                            <td class=\"wpdt-cell \"\n                                    data-cell-id=\"B4\"\n                data-col-index=\"1\"\n                data-row-index=\"3\"\n                style=\"                padding:10px;\"\n                >\n                                274,41 \u20ac                <\/td>\n                                            <td class=\"wpdt-cell \"\n                                    data-cell-id=\"C4\"\n                data-col-index=\"2\"\n                data-row-index=\"3\"\n                style=\"                padding:10px;\"\n                >\n                                320,15 \u20ac                <\/td>\n                                        <\/tr>\n                            <tr class=\"wpdt-cell-row \" >\n                            <td class=\"wpdt-cell wpdt-bold\"\n                                    data-cell-id=\"A5\"\n                data-col-index=\"0\"\n                data-row-index=\"4\"\n                style=\"                padding:10px;\"\n                >\n                                3 enfants                <\/td>\n                                            <td class=\"wpdt-cell \"\n                                    data-cell-id=\"B5\"\n                data-col-index=\"1\"\n                data-row-index=\"4\"\n                style=\"                padding:10px;\"\n                >\n                                335,39 \u20ac                <\/td>\n                                            <td class=\"wpdt-cell \"\n                                    data-cell-id=\"C5\"\n                data-col-index=\"2\"\n                data-row-index=\"4\"\n                style=\"                padding:10px;\"\n                >\n                                381,13 \u20ac                <\/td>\n                                        <\/tr>\n                            <tr class=\"wpdt-cell-row \" >\n                            <td class=\"wpdt-cell wpdt-bold\"\n                                    data-cell-id=\"A6\"\n                data-col-index=\"0\"\n                data-row-index=\"5\"\n                style=\"                padding:10px;\"\n                >\n                                4 enfants                <\/td>\n                                            <td class=\"wpdt-cell \"\n                                    data-cell-id=\"B6\"\n                data-col-index=\"1\"\n                data-row-index=\"5\"\n                style=\"                padding:10px;\"\n                >\n                                396,37 \u20ac                <\/td>\n                                            <td class=\"wpdt-cell \"\n                                    data-cell-id=\"C6\"\n                data-col-index=\"2\"\n                data-row-index=\"5\"\n                style=\"                padding:10px;\"\n                >\n                                442,11 \u20ac                <\/td>\n                                        <\/tr>\n                            <tr class=\"wpdt-cell-row \" >\n                            <td class=\"wpdt-cell wpdt-bold\"\n                                    data-cell-id=\"A7\"\n                data-col-index=\"0\"\n                data-row-index=\"6\"\n                style=\"                padding:10px;\"\n                >\n                                5 enfants                <\/td>\n                                            <td class=\"wpdt-cell \"\n                                    data-cell-id=\"B7\"\n                data-col-index=\"1\"\n                data-row-index=\"6\"\n                style=\"                padding:10px;\"\n                >\n                                457,35 \u20ac                <\/td>\n                                            <td class=\"wpdt-cell \"\n                                    data-cell-id=\"C7\"\n                data-col-index=\"2\"\n                data-row-index=\"6\"\n                style=\"                padding:10px;\"\n                >\n                                503,09 \u20ac                <\/td>\n                                        <\/tr>\n                            <tr class=\"wpdt-cell-row \" >\n                            <td class=\"wpdt-cell wpdt-bold\"\n                                    data-cell-id=\"A8\"\n                data-col-index=\"0\"\n                data-row-index=\"7\"\n                style=\"                padding:10px;\"\n                >\n                                Par enfant(s) suppl\u00e9mentaire                <\/td>\n                                            <td class=\"wpdt-cell \"\n                                    data-cell-id=\"B8\"\n                data-col-index=\"1\"\n                data-row-index=\"7\"\n                style=\"                padding:10px;\"\n                >\n                                +60,98 \u20ac                <\/td>\n                                            <td class=\"wpdt-cell \"\n                                    data-cell-id=\"C8\"\n                data-col-index=\"2\"\n                data-row-index=\"7\"\n                style=\"                padding:10px;\"\n                >\n                                +60,98 \u20ac                <\/td>\n                                        <\/tr>\n                    <\/table>\n<\/div><style id='wpdt-custom-style-33'>\n.wpdt-bc-F3F9FE { background-color: #F3F9FE !important;}\n<\/style>\n\n<p><div class='shortcode disclaimer'><div class='title'>Attention<\/div><div class='content'>Pour les b\u00e9n\u00e9ficiaires CAF ou MSA, le montant de base est de <strong>152,45 \u20ac<\/strong> et il augmente selon la taille du foyer. Pour les allocataires France Travail, le montant est fixe et de 152,45 \u20ac. <\/div><\/div><!-- notionvc: 6d26ca6f-1b3c-49c9-bf28-6a1c5263482f --><\/p>\n<h1>Prime de No\u00ebl : pourquoi le gouvernement voulait la supprimer pour les foyers sans enfant ?<\/h1>\n<p>L\u2019objectif num\u00e9ro un du gouvernement avec cette potentielle suppression de la prime de No\u00ebl \u00e9tait de r\u00e9duire le d\u00e9ficit de la S\u00e9curit\u00e9 sociale. <b>Il \u00e9tait estim\u00e9 \u00e0 23 milliards d\u2019euros en 2025.<\/b> L\u2019ex\u00e9cutif souhaitait revenir \u00e0 17,5 milliards en 2026, avec plusieurs \u00e9conomies r\u00e9alis\u00e9es parmi celles de la prime de No\u00ebl. Car \u00e0 la cl\u00e9, c\u2019est tout de m\u00eame 200 millions d\u2019euros de gagn\u00e9s.<\/p>\n<p>Le ministre du Travail et des Solidarit\u00e9s Jean-Pierre Farandou justifiait ce recentrage : \u00ab <i>La g\u00e9n\u00e9rosit\u00e9 qu\u2019on a connue pendant des d\u00e9cennies est peut-\u00eatre arriv\u00e9e \u00e0 son terme.<\/i> \u00bb Le ministre estimait que la France ne pouvait plus maintenir \u201cdes politiques de g\u00e9n\u00e9rosit\u00e9 maximale\u201d alors que le financement du syst\u00e8me social se d\u00e9grade.<\/p>\n<div class='shortcode summary'><div class='title'>En r\u00e9sum\u00e9 :<\/div><div class='content'><ul><li> Le gouvernement Lecornu envisageait de<b> supprimer la prime de No\u00ebl pour les foyers sans enfant <\/b>d\u00e8s 2026. <\/li><li> Le budget d\u00e9di\u00e9 \u00e0 cette aide serait pass\u00e9 de 466,5 millions d\u2019euros en 2025 \u00e0 261,5 millions en 2026, soit <b>une baisse de 45 %<\/b>. <\/li><li><b>En 2026, rien ne change<\/b> : la prime sera toujours vers\u00e9e aux b\u00e9n\u00e9ficiaires du <b>RSA<\/b>, de l\u2019<b>ASS<\/b> ou de l\u2019<b>AER, avec ou sans enfants<\/b>.<\/li><li>Le montant de l&rsquo;aide en 2025 \u00e9tait au minimum de 152,45 \u20ac et ne devrait pas changer en 2026.<\/li><li>Les <strong>premiers versements<\/strong> ont \u00e9t\u00e9 programm\u00e9s pour le 16 d\u00e9cembre 2025 et les dates devraient \u00eatre similaires en 2026. <\/li><\/ul><\/div><\/div>\n<div class='cta-block'><div class='text'>Simulez votre prime de No\u00ebl en 2 min.<\/div><a href='https:\/\/www.mes-allocs.fr\/ab-app?origin=guides\/wp-json\/wp\/v2\/posts\/13716' class='app-button fit'>Simulation gratuite<\/a><\/div>\n","protected":false},"excerpt":{"rendered":"<p>[Mis \u00e0 jour le 02\/02\/2026] Chaque ann\u00e9e, la prime de No\u00ebl permet \u00e0 de nombreux foyers modestes de mieux finir l\u2019ann\u00e9e \u00e0 l\u2019occasion des f\u00eates de fin d\u2019ann\u00e9e. Le gouvernement Lecornu envisageait de supprimer la prime de No\u00ebl pour certains b\u00e9n\u00e9ficiaires. Alors, est-ce que \u00e7a va r\u00e9ellement changer ? \u00cates-vous concern\u00e9 ? On fait le [&hellip;]<\/p>\n","protected":false},"author":35,"featured_media":13718,"comment_status":"open","ping_status":"open","sticky":false,"template":"","format":"standard","meta":{"amp_status":"","footnotes":""},"categories":[31],"tags":[],"class_list":["post-13716","post","type-post","status-publish","format-standard","has-post-thumbnail","hentry","category-prime-de-noel"],"yoast_head":"<!-- This site is optimized with the Yoast SEO plugin v14.9 - https:\/\/yoast.com\/wordpress\/plugins\/seo\/ -->\n<title>Suppression prime de No\u00ebl : \u00eates-vous concern\u00e9 en 2026 ? | Mes-Allocs.fr<\/title>\n<meta name=\"description\" content=\"Le gouvernement pr\u00e9parait une suppression de la prime de No\u00ebl pour des milliers de foyers en 2026. Mais qu&#039;en sera-t-il finalement ?\" \/>\n<meta name=\"robots\" content=\"index, follow, max-snippet:-1, max-image-preview:large, max-video-preview:-1\" \/>\n<link rel=\"canonical\" href=\"https:\/\/www.mes-allocs.fr\/guides\/prime-de-noel\/suppression-prime-de-noel\/\" \/>\n<meta property=\"og:locale\" content=\"fr_FR\" \/>\n<meta property=\"og:type\" content=\"article\" \/>\n<meta property=\"og:title\" content=\"Suppression prime de No\u00ebl : \u00eates-vous concern\u00e9 en 2026 ? | Mes-Allocs.fr\" \/>\n<meta property=\"og:description\" content=\"Le gouvernement pr\u00e9parait une suppression de la prime de No\u00ebl pour des milliers de foyers en 2026. Mais qu&#039;en sera-t-il finalement ?\" \/>\n<meta property=\"og:url\" content=\"https:\/\/www.mes-allocs.fr\/guides\/prime-de-noel\/suppression-prime-de-noel\/\" \/>\n<meta property=\"og:site_name\" content=\"Mes-Allocs.fr\" \/>\n<meta property=\"article:published_time\" content=\"2020-10-28T11:59:20+00:00\" \/>\n<meta property=\"article:modified_time\" content=\"2026-02-02T08:33:12+00:00\" \/>\n<meta property=\"og:image\" content=\"https:\/\/www.mes-allocs.fr\/guides\/wp-content\/uploads\/2020\/10\/fair-3872942_1280.jpg?wsr\" \/>\n\t<meta property=\"og:image:width\" content=\"1280\" \/>\n\t<meta property=\"og:image:height\" content=\"853\" \/>\n<meta name=\"twitter:card\" content=\"summary_large_image\" \/>\n<script type=\"application\/ld+json\" class=\"yoast-schema-graph\">{\"@context\":\"https:\/\/schema.org\",\"@graph\":[{\"@type\":\"WebSite\",\"@id\":\"https:\/\/www.mes-allocs.fr\/guides\/#website\",\"url\":\"https:\/\/www.mes-allocs.fr\/guides\/\",\"name\":\"Mes-Allocs.fr\",\"description\":\"\",\"potentialAction\":[{\"@type\":\"SearchAction\",\"target\":\"https:\/\/www.mes-allocs.fr\/guides\/?s={search_term_string}\",\"query-input\":\"required name=search_term_string\"}],\"inLanguage\":\"fr-FR\"},{\"@type\":\"ImageObject\",\"@id\":\"https:\/\/www.mes-allocs.fr\/guides\/prime-de-noel\/suppression-prime-de-noel\/#primaryimage\",\"inLanguage\":\"fr-FR\",\"url\":\"https:\/\/www.mes-allocs.fr\/guides\/wp-content\/uploads\/2020\/10\/fair-3872942_1280.jpg?wsr\",\"width\":1280,\"height\":853,\"caption\":\"fair 3872942 1280 e1603198056413\"},{\"@type\":\"WebPage\",\"@id\":\"https:\/\/www.mes-allocs.fr\/guides\/prime-de-noel\/suppression-prime-de-noel\/#webpage\",\"url\":\"https:\/\/www.mes-allocs.fr\/guides\/prime-de-noel\/suppression-prime-de-noel\/\",\"name\":\"Suppression prime de No\\u00ebl : \\u00eates-vous concern\\u00e9 en 2026 ? | Mes-Allocs.fr\",\"isPartOf\":{\"@id\":\"https:\/\/www.mes-allocs.fr\/guides\/#website\"},\"primaryImageOfPage\":{\"@id\":\"https:\/\/www.mes-allocs.fr\/guides\/prime-de-noel\/suppression-prime-de-noel\/#primaryimage\"},\"datePublished\":\"2020-10-28T11:59:20+00:00\",\"dateModified\":\"2026-02-02T08:33:12+00:00\",\"author\":{\"@id\":\"https:\/\/www.mes-allocs.fr\/guides\/#\/schema\/person\/d3c4797ca00240cce644af053372c21a\"},\"description\":\"Le gouvernement pr\\u00e9parait une suppression de la prime de No\\u00ebl pour des milliers de foyers en 2026. Mais qu'en sera-t-il finalement ?\",\"inLanguage\":\"fr-FR\"},{\"@type\":\"Person\",\"@id\":\"https:\/\/www.mes-allocs.fr\/guides\/#\/schema\/person\/d3c4797ca00240cce644af053372c21a\",\"name\":\"Gr\\u00e9goire Hernandez\",\"image\":{\"@type\":\"ImageObject\",\"@id\":\"https:\/\/www.mes-allocs.fr\/guides\/#personlogo\",\"inLanguage\":\"fr-FR\",\"url\":\"https:\/\/www.mes-allocs.fr\/guides\/wp-content\/uploads\/2025\/10\/Photo-de-profil-HERNANDEZ-GREGOIRE-150x150.jpg\",\"caption\":\"Gr\\u00e9goire Hernandez\"},\"description\":\"Passionn\\u00e9 par les sujets socio-\\u00e9conomiques, je rejoins l\\u2019\\u00e9quipe Mes Allocs en octobre 2025 en tant que r\\u00e9dacteur web, apr\\u00e8s une premi\\u00e8re exp\\u00e9rience dans la presse \\u00e9conomique, politique et internationale. Sp\\u00e9cialis\\u00e9 dans les th\\u00e9matiques li\\u00e9es aux aides sociales, \\u00e0 la fiscalit\\u00e9, au pouvoir d\\u2019achat et \\u00e0 la retraite, je veille \\u00e0 proposer des contenus clairs, fiables et v\\u00e9rifi\\u00e9s.\",\"sameAs\":[\"https:\/\/www.linkedin.com\/in\/gr\\u00e9goire-hernandez-334884265\/\"]}]}<\/script>\n<!-- \/ Yoast SEO plugin. -->","amp_validity":null,"acf":{"faq":{"1":{"question":"Qu'est-ce que la prime de No\u00ebl ? ","answer":"La prime de No\u00ebl est un dispositif en place depuis 1998, vers\u00e9 aux personnes qui b\u00e9n\u00e9ficient de minima sociaux."},"2":{"question":"Comment b\u00e9n\u00e9ficier de la prime de No\u00ebl ? ","answer":"Vous n'avez aucune d\u00e9marche \u00e0 effectuer. Si vous respectez toutes les conditions d'attribution le versement sera automatique"},"3":{"question":"\u00c0 quelle date est vers\u00e9e la prime de No\u00ebl ? ","answer":"En 2025, les premiers versements de la prime de No\u00ebl sont intervenus \u00e0 partir du mardi 16 d\u00e9cembre 2025. En 2026, le versement se ferait autour de cette date aussi."},"4":{"question":"Peut-on cumuler la prime de Noel avec la prime d'activit\u00e9 ? ","answer":"Ces deux aides sont tout \u00e0 fait cumulables si vous respectez toutes les conditions d'attribution"},"5":{"question":"Peut-on cumuler plusieurs prime de Noel ? ","answer":"Si vous \u00eates salari\u00e9, parfois les entreprises versent des prime de Noel \u00e0 leurs salari\u00e9s. Dans ce cas il est tout \u00e0 fait de cumuler cette prime de Noel avec celle de la CAF. Idem si votre r\u00e9gion accorde elle aussi une prime de Noel"},"6":{"question":"Peut-on percevoir l'AAH avec la prime de Noel ? ","answer":"Non, malheureusement l'AAH est une allocation qui ne peut pas se cumuler avec la prime de Noel"},"7":{"question":"","answer":""},"8":{"question":"","answer":""},"9":{"question":"","answer":""},"10":{"question":"","answer":""},"11":{"question":"","answer":""},"12":{"question":"","answer":""},"13":{"question":"","answer":""},"14":{"question":"","answer":""},"15":{"question":"","answer":""},"16":{"question":"","answer":""}}},"_links":{"self":[{"href":"https:\/\/www.mes-allocs.fr\/guides\/wp-json\/wp\/v2\/posts\/13716","targetHints":{"allow":["GET"]}}],"collection":[{"href":"https:\/\/www.mes-allocs.fr\/guides\/wp-json\/wp\/v2\/posts"}],"about":[{"href":"https:\/\/www.mes-allocs.fr\/guides\/wp-json\/wp\/v2\/types\/post"}],"author":[{"embeddable":true,"href":"https:\/\/www.mes-allocs.fr\/guides\/wp-json\/wp\/v2\/users\/35"}],"replies":[{"embeddable":true,"href":"https:\/\/www.mes-allocs.fr\/guides\/wp-json\/wp\/v2\/comments?post=13716"}],"version-history":[{"count":30,"href":"https:\/\/www.mes-allocs.fr\/guides\/wp-json\/wp\/v2\/posts\/13716\/revisions"}],"predecessor-version":[{"id":108818,"href":"https:\/\/www.mes-allocs.fr\/guides\/wp-json\/wp\/v2\/posts\/13716\/revisions\/108818"}],"wp:featuredmedia":[{"embeddable":true,"href":"https:\/\/www.mes-allocs.fr\/guides\/wp-json\/wp\/v2\/media\/13718"}],"wp:attachment":[{"href":"https:\/\/www.mes-allocs.fr\/guides\/wp-json\/wp\/v2\/media?parent=13716"}],"wp:term":[{"taxonomy":"category","embeddable":true,"href":"https:\/\/www.mes-allocs.fr\/guides\/wp-json\/wp\/v2\/categories?post=13716"},{"taxonomy":"post_tag","embeddable":true,"href":"https:\/\/www.mes-allocs.fr\/guides\/wp-json\/wp\/v2\/tags?post=13716"}],"curies":[{"name":"wp","href":"https:\/\/api.w.org\/{rel}","templated":true}]}}