{"id":13696,"date":"2020-10-26T15:44:00","date_gmt":"2020-10-26T15:44:00","guid":{"rendered":"https:\/\/www.mes-allocs.fr\/guides\/?p=13696"},"modified":"2026-01-12T17:36:06","modified_gmt":"2026-01-12T16:36:06","slug":"calcul-apl-etudiant","status":"publish","type":"post","link":"https:\/\/www.mes-allocs.fr\/guides\/aide-logement\/apl\/apl-etudiant\/calcul-apl-etudiant\/","title":{"rendered":"Comment calculer l&rsquo;APL \u00e9tudiant ?"},"content":{"rendered":"<p><a href=\"https:\/\/www.mes-allocs.fr\/guides\/wp-content\/uploads\/2020\/10\/pexels-andrea-piacquadio-3767411.jpg\"><img loading=\"lazy\" decoding=\"async\" class=\"aligncenter wp-image-13706 size-full\" src=\"https:\/\/www.mes-allocs.fr\/guides\/wp-content\/uploads\/2020\/10\/pexels-andrea-piacquadio-3767411-e1685972874519.jpg\" alt=\"calculer APL \u00e9tudiant\" width=\"1280\" height=\"220\" srcset=\"https:\/\/www.mes-allocs.fr\/guides\/wp-content\/uploads\/2020\/10\/pexels-andrea-piacquadio-3767411-e1685972874519.jpg 1280w, https:\/\/www.mes-allocs.fr\/guides\/wp-content\/uploads\/2020\/10\/pexels-andrea-piacquadio-3767411-e1685972874519-300x52.jpg 300w, https:\/\/www.mes-allocs.fr\/guides\/wp-content\/uploads\/2020\/10\/pexels-andrea-piacquadio-3767411-e1685972874519-1024x176.jpg 1024w, https:\/\/www.mes-allocs.fr\/guides\/wp-content\/uploads\/2020\/10\/pexels-andrea-piacquadio-3767411-e1685972874519-768x132.jpg 768w, https:\/\/www.mes-allocs.fr\/guides\/wp-content\/uploads\/2020\/10\/pexels-andrea-piacquadio-3767411-e1685972874519-600x103.jpg 600w\" sizes=\"auto, (max-width: 1280px) 100vw, 1280px\" \/><\/a><\/p>\n<p style=\"text-align: justify;\">[Mis \u00e0 jour le 12\/01\/2026] L&rsquo;APL est un dispositif d&rsquo;<a href=\"https:\/\/www.mes-allocs.fr\/guides\/aide-logement\/\">aide au logement<\/a> vers\u00e9 par la CAF ou par la MSA (selon votre r\u00e9gime d&rsquo;affiliation). Sous conditions, les \u00e9tudiants peuvent en b\u00e9n\u00e9ficier pour les aider \u00e0 faire baisser le montant du loyer. Plusieurs \u00e9l\u00e9ments sont pris en compte pour d\u00e9terminer le montant de vos droits. Mes Allocs vous explique en d\u00e9tail comment proc\u00e9der au calcul.<\/p>\n<hr \/>\n<h1>Comment calculer l&rsquo;APL \u00e9tudiant ?<\/h1>\n<p>Pour calculer <a href=\"https:\/\/www.mes-allocs.fr\/guides\/aide-logement\/apl\/simulation-apl\/\">l&rsquo;APL<\/a> \u00e9tudiant, la CAF ainsi que la MSA utilisent la m\u00e9thode suivante :\u00a0<a href=\"https:\/\/www.mes-allocs.fr\/guides\/wp-content\/uploads\/2020\/10\/accountant-1238598_1280.jpg\"><img loading=\"lazy\" decoding=\"async\" class=\"alignright wp-image-13712 size-medium\" src=\"https:\/\/www.mes-allocs.fr\/guides\/wp-content\/uploads\/2020\/10\/accountant-1238598_1280-300x200.jpg\" alt=\"calculer APL \u00e9tudiant\" width=\"300\" height=\"200\" srcset=\"https:\/\/www.mes-allocs.fr\/guides\/wp-content\/uploads\/2020\/10\/accountant-1238598_1280-300x200.jpg 300w, https:\/\/www.mes-allocs.fr\/guides\/wp-content\/uploads\/2020\/10\/accountant-1238598_1280-1024x682.jpg 1024w, https:\/\/www.mes-allocs.fr\/guides\/wp-content\/uploads\/2020\/10\/accountant-1238598_1280-768x512.jpg 768w, https:\/\/www.mes-allocs.fr\/guides\/wp-content\/uploads\/2020\/10\/accountant-1238598_1280-600x400.jpg 600w, https:\/\/www.mes-allocs.fr\/guides\/wp-content\/uploads\/2020\/10\/accountant-1238598_1280.jpg 1280w\" sizes=\"auto, (max-width: 300px) 100vw, 300px\" \/><\/a><\/p>\n<p><span class=\"amp-wp-fe3f5cc\" data-amp-original-style=\"font-weight: 400;\">Le calcul se formule de la mani\u00e8re suivante : <\/span><b>APL = L+C-PP<\/b><span class=\"amp-wp-fe3f5cc\" data-amp-original-style=\"font-weight: 400;\">.<\/span><\/p>\n<ul>\n<li class=\"amp-wp-fe3f5cc\" data-amp-original-style=\"font-weight: 400;\"><span class=\"amp-wp-fe3f5cc\" data-amp-original-style=\"font-weight: 400;\">L = loyer principal mensuel ;<\/span><\/li>\n<li class=\"amp-wp-fe3f5cc\" data-amp-original-style=\"font-weight: 400;\"><span class=\"amp-wp-fe3f5cc\" data-amp-original-style=\"font-weight: 400;\">C =\u00a0 le montant forfaitaire des charges ;<\/span><\/li>\n<li class=\"amp-wp-fe3f5cc\" data-amp-original-style=\"font-weight: 400;\"><span class=\"amp-wp-fe3f5cc\" data-amp-original-style=\"font-weight: 400;\">PP = la participation personnelle des membres du foyer \u00e0 la d\u00e9pense du logement.<\/span><\/li>\n<\/ul>\n<p><span class=\"amp-wp-fe3f5cc\" data-amp-original-style=\"font-weight: 400;\">La participation personnelle est elle-m\u00eame calculable comme suit :\u00a0<\/span><b>PP = P0 + TP x RP<\/b><span class=\"amp-wp-fe3f5cc\" data-amp-original-style=\"font-weight: 400;\">.\u00a0<\/span><\/p>\n<p><strong><span class=\"amp-wp-fe3f5cc\" data-amp-original-style=\"font-weight: 400;\">A savoir que :<\/span><\/strong><\/p>\n<ul>\n<li class=\"amp-wp-fe3f5cc\" data-amp-original-style=\"font-weight: 400;\"><span class=\"amp-wp-fe3f5cc\" data-amp-original-style=\"font-weight: 400;\">P0 = la participation minimale du locataire (39,56 \u20ac) ;<\/span><\/li>\n<li class=\"amp-wp-fe3f5cc\" data-amp-original-style=\"font-weight: 400;\"><span class=\"amp-wp-fe3f5cc\" data-amp-original-style=\"font-weight: 400;\">TP = le taux de participation personnelle ;<\/span><\/li>\n<li class=\"amp-wp-fe3f5cc\" data-amp-original-style=\"font-weight: 400;\"><span class=\"amp-wp-fe3f5cc\" data-amp-original-style=\"font-weight: 400;\">RP = la diff\u00e9rence entre les ressources du b\u00e9n\u00e9ficiaire et un montant forfaitaire.<\/span><\/li>\n<\/ul>\n<p>Notez que la m\u00e9thode de calcul est relativement complexe. Pour une estimation fiable et pr\u00e9cise de vos droits, nous vous conseillons de faire une simulation. Pourquoi pas avec Mes Allocs !<\/p>\n<div class='cta-block'><div class='text'>Simulez toutes vos Aides Sociales en 2 min. Gratuit.<\/div><a href='https:\/\/www.mes-allocs.fr\/ab-app?origin=guides\/wp-json\/wp\/v2\/posts\/13696' class='app-button fit'>Simulation gratuite<\/a><\/div>\n<p><iframe loading=\"lazy\" title=\"L&#039;APL\" width=\"500\" height=\"281\" src=\"https:\/\/www.youtube.com\/embed\/dfDRI2qg_z4?feature=oembed\" frameborder=\"0\" allow=\"accelerometer; autoplay; clipboard-write; encrypted-media; gyroscope; picture-in-picture; web-share\" referrerpolicy=\"strict-origin-when-cross-origin\" allowfullscreen><\/iframe><\/p>\n<h1>Qu&rsquo;est-ce que l&rsquo;APL \u00e9tudiant ?<\/h1>\n<p style=\"text-align: justify;\">L&rsquo;APL est une des 3 aides au <a href=\"https:\/\/www.mes-allocs.fr\/guides\/aide-logement\/apl\/\">logement<\/a> qui est vers\u00e9e par la CAF. Il s&rsquo;agit d&rsquo;une aide au paiement des loyers. L&rsquo;APL \u00e9tudiant est un dispositif qui reste proche de l&rsquo;APL classique. En effet, les revenus et le mode de calcul restent les m\u00eames, mais ce dispositif est ax\u00e9 directement pour les \u00e9tudiants.<\/p>\n<p style=\"text-align: justify;\"><strong><span class=\"amp-wp-fe3f5cc\" data-amp-original-style=\"font-weight: 400;\">Les principaux crit\u00e8res de calcul sont les suivants\u00a0 :<\/span><\/strong><\/p>\n<ul>\n<li class=\"amp-wp-fe3f5cc\" style=\"text-align: justify;\" data-amp-original-style=\"font-weight: 400;\"><span class=\"amp-wp-fe3f5cc\" data-amp-original-style=\"font-weight: 400;\">La situation familiale du foyer (enfant \u00e0 charge ou non);<\/span><\/li>\n<li class=\"amp-wp-fe3f5cc\" style=\"text-align: justify;\" data-amp-original-style=\"font-weight: 400;\"><span class=\"amp-wp-fe3f5cc\" data-amp-original-style=\"font-weight: 400;\">Les conditions de ressources de l\u2019ensemble du foyer ;<\/span><\/li>\n<li class=\"amp-wp-fe3f5cc\" style=\"text-align: justify;\" data-amp-original-style=\"font-weight: 400;\"><span class=\"amp-wp-fe3f5cc\" data-amp-original-style=\"font-weight: 400;\">Le montant de votre loyer hors charges ;<\/span><\/li>\n<li class=\"amp-wp-fe3f5cc\" style=\"text-align: justify;\" data-amp-original-style=\"font-weight: 400;\"><span class=\"amp-wp-fe3f5cc\" data-amp-original-style=\"font-weight: 400;\">Le type de logement ;<\/span><\/li>\n<li class=\"amp-wp-fe3f5cc\" data-amp-original-style=\"font-weight: 400;\"><span class=\"amp-wp-fe3f5cc\" data-amp-original-style=\"font-weight: 400;\">La zone g\u00e9ographique dans laquelle se situe ce logement (code postal)<\/span><\/li>\n<li class=\"amp-wp-fe3f5cc\" data-amp-original-style=\"font-weight: 400;\"><span class=\"amp-wp-fe3f5cc\" data-amp-original-style=\"font-weight: 400;\">Le patrimoine immobilier.<\/span><\/li>\n<\/ul>\n<h2>Conditions d&rsquo;attribution pour b\u00e9n\u00e9ficier de l&rsquo;APL<\/h2>\n<p>Pour percevoir les APL, vous devez respecter l&rsquo;int\u00e9gralit\u00e9 des conditions suivantes. Notez que les conditions sont les m\u00eames pour une personne seule ou pour un couple.<\/p>\n<ul>\n<li class=\"amp-wp-fe3f5cc\" data-amp-original-style=\"font-weight: 400;\"><span class=\"amp-wp-fe3f5cc\" data-amp-original-style=\"font-weight: 400;\">R\u00e9sider l\u00e9galement en France ;<\/span><\/li>\n<li class=\"amp-wp-fe3f5cc\" data-amp-original-style=\"font-weight: 400;\"><span class=\"amp-wp-fe3f5cc\" data-amp-original-style=\"font-weight: 400;\">La demande doit concerner votre r\u00e9sidence principale ;<\/span><\/li>\n<li class=\"amp-wp-fe3f5cc\" data-amp-original-style=\"font-weight: 400;\"><span class=\"amp-wp-fe3f5cc\" data-amp-original-style=\"font-weight: 400;\">R\u00e9sider dans un logement \u00e9ligible aux APL ;<\/span><\/li>\n<li class=\"amp-wp-fe3f5cc\" data-amp-original-style=\"font-weight: 400;\"><span class=\"amp-wp-fe3f5cc\" data-amp-original-style=\"font-weight: 400;\">Ne pas \u00eatre rattach\u00e9 \u00e0 un foyer fiscal sujet \u00e0 l\u2019Imp\u00f4t sur la Fortune Immobili\u00e8re ;<\/span><\/li>\n<li class=\"amp-wp-fe3f5cc\" data-amp-original-style=\"font-weight: 400;\"><span class=\"amp-wp-fe3f5cc\" data-amp-original-style=\"font-weight: 400;\">Ne pas \u00eatre d\u00e9j\u00e0 allocataire d\u2019une autre aide d\u2019\u00c9tat.<\/span><\/li>\n<\/ul>\n<p>Notez que le logement que vous occupez doit \u00e9galement respecter certaines conditions. Avoir une surface de 9 m2 minimum pour une personne seule, \u00eatre un logement conventionn\u00e9 et \u00eatre un logement d\u00e9cent (habitable).<\/p>\n<p>Les \u00e9tudiants \u00e9trangers ne sont pas exclus de ce dispositif. Ces derniers louant un logement peuvent b\u00e9n\u00e9ficier de l&rsquo; APL et devront fournir en plus un titre de s\u00e9jour valide pour toute la dur\u00e9e universitaire de leurs \u00e9tudes.<\/p>\n<div class='cta-block'><div class='text'>Simulez toutes vos Aides Sociales en 2 min. Gratuit.<\/div><a href='https:\/\/www.mes-allocs.fr\/ab-app?origin=guides\/wp-json\/wp\/v2\/posts\/13696' class='app-button fit'>Simulation gratuite<\/a><\/div>\n<h1>Quels sont les plafonds de revenus ?<\/h1>\n<p>Actuellement, les revenus pris en compte qui servent de base de calcul de l&rsquo;APL sont les revenus des 12 derniers mois. C&rsquo;est-\u00e0-dire que pour une demande en janvier 2026, ce sont vos revenus de janvier 2025 \u00e0 d\u00e9cembre 2025 qui comptent.<\/p>\n\n<div class=\"wpdt-c row wpDataTableContainerSimpleTable wpDataTables wpDataTablesWrapper\n\"\n    >\n    <table id=\"wpdtSimpleTable-145\"\n           class=\"wpdtSimpleTable wpDataTable\"\n           data-column=\"2\"\n           data-rows=\"10\"\n           data-wpID=\"145\"\n           data-responsive=\"0\"\n           data-has-header=\"1\">\n\n                    <thead>        <tr class=\"wpdt-cell-row \" >\n                            <th class=\"wpdt-cell wpdt-bold wpdt-bc-F3F9FE\"\n                                    data-cell-id=\"A1\"\n                data-col-index=\"0\"\n                data-row-index=\"0\"\n                style=\" width:26.151930261519%;                padding:10px;\"\n                >\n                                Composition du foyer                <\/th>\n                                            <th class=\"wpdt-cell wpdt-bold wpdt-bc-F3F9FE\"\n                                    data-cell-id=\"B1\"\n                data-col-index=\"1\"\n                data-row-index=\"0\"\n                style=\" width:73.848069738481%;                padding:10px;\"\n                >\n                                Plafonds de ressources (en \u20ac) \u00e0 ne pas d\u00e9passer pour toucher le montant maximal d'APL en 2026                <\/th>\n                                        <\/tr>\n                    <tbody>        <tr class=\"wpdt-cell-row \" >\n                            <td class=\"wpdt-cell wpdt-bold wpdt-bc-F3F9FE\"\n                                    data-cell-id=\"A2\"\n                data-col-index=\"0\"\n                data-row-index=\"1\"\n                style=\"                padding:10px;\"\n                >\n                                Personne seule                <\/td>\n                                            <td class=\"wpdt-cell wpdt-bc-FFFFFF\"\n                                    data-cell-id=\"B2\"\n                data-col-index=\"1\"\n                data-row-index=\"1\"\n                style=\"                padding:10px;\"\n                >\n                                5 235                <\/td>\n                                        <\/tr>\n                            <tr class=\"wpdt-cell-row \" >\n                            <td class=\"wpdt-cell wpdt-bold wpdt-bc-F3F9FE\"\n                                    data-cell-id=\"A3\"\n                data-col-index=\"0\"\n                data-row-index=\"2\"\n                style=\"                padding:10px;\"\n                >\n                                Couple sans personne \u00e0 charge                <\/td>\n                                            <td class=\"wpdt-cell wpdt-bc-FFFFFF\"\n                                    data-cell-id=\"B3\"\n                data-col-index=\"1\"\n                data-row-index=\"2\"\n                style=\"                padding:10px;\"\n                >\n                                7 501                <\/td>\n                                        <\/tr>\n                            <tr class=\"wpdt-cell-row \" >\n                            <td class=\"wpdt-cell wpdt-bold wpdt-bc-F3F9FE\"\n                                    data-cell-id=\"A4\"\n                data-col-index=\"0\"\n                data-row-index=\"3\"\n                style=\"                padding:10px;\"\n                >\n                                Personne seule ou couple avec une personne \u00e0 charge                <\/td>\n                                            <td class=\"wpdt-cell wpdt-bc-FFFFFF\"\n                                    data-cell-id=\"B4\"\n                data-col-index=\"1\"\n                data-row-index=\"3\"\n                style=\"                padding:10px;\"\n                >\n                                8 947                <\/td>\n                                        <\/tr>\n                            <tr class=\"wpdt-cell-row \" >\n                            <td class=\"wpdt-cell wpdt-bold wpdt-bc-F3F9FE\"\n                                    data-cell-id=\"A5\"\n                data-col-index=\"0\"\n                data-row-index=\"4\"\n                style=\"                padding:10px;\"\n                >\n                                Personne seule ou couple ayant 2 personnes \u00e0 charge                <\/td>\n                                            <td class=\"wpdt-cell wpdt-bc-FFFFFF\"\n                                    data-cell-id=\"B5\"\n                data-col-index=\"1\"\n                data-row-index=\"4\"\n                style=\"                padding:10px;\"\n                >\n                                9 148                <\/td>\n                                        <\/tr>\n                            <tr class=\"wpdt-cell-row \" >\n                            <td class=\"wpdt-cell wpdt-bold wpdt-bc-F3F9FE\"\n                                    data-cell-id=\"A6\"\n                data-col-index=\"0\"\n                data-row-index=\"5\"\n                style=\"                padding:10px;\"\n                >\n                                Personne seule ou couple ayant 3 personnes \u00e0 charge                <\/td>\n                                            <td class=\"wpdt-cell wpdt-bc-FFFFFF\"\n                                    data-cell-id=\"B6\"\n                data-col-index=\"1\"\n                data-row-index=\"5\"\n                style=\"                padding:10px;\"\n                >\n                                9 498                <\/td>\n                                        <\/tr>\n                            <tr class=\"wpdt-cell-row \" >\n                            <td class=\"wpdt-cell wpdt-bold wpdt-bc-F3F9FE\"\n                                    data-cell-id=\"A7\"\n                data-col-index=\"0\"\n                data-row-index=\"6\"\n                style=\"                padding:10px;\"\n                >\n                                Personne seule ou couple ayant 4 personnes \u00e0 charge                <\/td>\n                                            <td class=\"wpdt-cell wpdt-bc-FFFFFF\"\n                                    data-cell-id=\"B7\"\n                data-col-index=\"1\"\n                data-row-index=\"6\"\n                style=\"                padding:10px;\"\n                >\n                                9 851                <\/td>\n                                        <\/tr>\n                            <tr class=\"wpdt-cell-row \" >\n                            <td class=\"wpdt-cell wpdt-bold wpdt-bc-F3F9FE\"\n                                    data-cell-id=\"A8\"\n                data-col-index=\"0\"\n                data-row-index=\"7\"\n                style=\"                padding:10px;\"\n                >\n                                Personne seule ou couple ayant 5 personnes \u00e0 charge                <\/td>\n                                            <td class=\"wpdt-cell wpdt-bc-FFFFFF\"\n                                    data-cell-id=\"B8\"\n                data-col-index=\"1\"\n                data-row-index=\"7\"\n                style=\"                padding:10px;\"\n                >\n                                10 202                <\/td>\n                                        <\/tr>\n                            <tr class=\"wpdt-cell-row \" >\n                            <td class=\"wpdt-cell wpdt-bold wpdt-bc-F3F9FE\"\n                                    data-cell-id=\"A9\"\n                data-col-index=\"0\"\n                data-row-index=\"8\"\n                style=\"                padding:10px;\"\n                >\n                                Personne seule ou couple ayant 6 personnes \u00e0 charge                <\/td>\n                                            <td class=\"wpdt-cell wpdt-bc-FFFFFF\"\n                                    data-cell-id=\"B9\"\n                data-col-index=\"1\"\n                data-row-index=\"8\"\n                style=\"                padding:10px;\"\n                >\n                                10 554                <\/td>\n                                        <\/tr>\n                            <tr class=\"wpdt-cell-row \" >\n                            <td class=\"wpdt-cell wpdt-bold wpdt-bc-F3F9FE\"\n                                    data-cell-id=\"A10\"\n                data-col-index=\"0\"\n                data-row-index=\"9\"\n                style=\"                padding:10px;\"\n                >\n                                Par personne \u00e0 charge suppl\u00e9mentaire                <\/td>\n                                            <td class=\"wpdt-cell wpdt-bc-FFFFFF\"\n                                    data-cell-id=\"B10\"\n                data-col-index=\"1\"\n                data-row-index=\"9\"\n                style=\"                padding:10px;\"\n                >\n                                + 346                <\/td>\n                                        <\/tr>\n                    <\/table>\n<\/div><style id='wpdt-custom-style-145'>\ntable#wpdtSimpleTable-145{ table-layout: fixed !important; }\n.wpdt-bc-F3F9FE { background-color: #F3F9FE !important;}\n.wpdt-bc-FFFFFF { background-color: #FFFFFF !important;}\n<\/style>\n\n<p style=\"text-align: justify;\">\u00c0 distinguer : la gratification de stage peut \u00eatre exon\u00e9r\u00e9e d\u2019imp\u00f4t sur le revenu dans la limite du SMIC annuel (r\u00e8gle fiscale). Pour l\u2019APL, les ressources prises en compte sont celles des 12 derniers mois et sont actualis\u00e9es automatiquement tous les 3 mois.<\/p>\n<h1>Simulation APL \u00e9tudiant<\/h1>\n<p style=\"text-align: justify;\">Vous pouvez faire une estimation de vos droits avec Mes Allocs. En effet, nous mettons \u00e0 disposition un simulateur d&rsquo;aides sociales gratuitement. Notez qu&rsquo;il s&rsquo;agit d&rsquo;une estimation et que le montant r\u00e9el de l&rsquo;aide que percerez pourra \u00eatre l\u00e9g\u00e8rement diff\u00e9rent.<\/p>\n<p style=\"text-align: justify;\">Apr\u00e8s simulation, si vous souhaitez une assistance pour effectuer vos d\u00e9marches administratives vous pouvez souscrire au service d&rsquo;accompagnement Mes Allocs. En deux minutes vous aurez une estimation fiable de vos droits.<\/p>\n<h1>Comment faire une demande d&rsquo; APL quand on est \u00e9tudiant ?<\/h1>\n<p style=\"text-align: justify;\">Tout d&rsquo;abord vous devez \u00eatre allocataire de la CAF ou de la MSA. Si vous n\u2019\u00eates pas encore allocataire, vous devez cr\u00e9er un compte CAF\/MSA puis d\u00e9poser la demande en ligne.<a href=\"https:\/\/www.mes-allocs.fr\/guides\/wp-content\/uploads\/2020\/10\/faq-3408300_1280-1.jpg\"><img loading=\"lazy\" decoding=\"async\" class=\"alignright wp-image-13713 size-medium\" src=\"https:\/\/www.mes-allocs.fr\/guides\/wp-content\/uploads\/2020\/10\/faq-3408300_1280-1-300x221.jpg\" alt=\"calculer APL \u00e9tudiant\" width=\"300\" height=\"221\" srcset=\"https:\/\/www.mes-allocs.fr\/guides\/wp-content\/uploads\/2020\/10\/faq-3408300_1280-1-300x221.jpg 300w, https:\/\/www.mes-allocs.fr\/guides\/wp-content\/uploads\/2020\/10\/faq-3408300_1280-1-1024x754.jpg 1024w, https:\/\/www.mes-allocs.fr\/guides\/wp-content\/uploads\/2020\/10\/faq-3408300_1280-1-768x566.jpg 768w, https:\/\/www.mes-allocs.fr\/guides\/wp-content\/uploads\/2020\/10\/faq-3408300_1280-1-600x442.jpg 600w, https:\/\/www.mes-allocs.fr\/guides\/wp-content\/uploads\/2020\/10\/faq-3408300_1280-1.jpg 1280w\" sizes=\"auto, (max-width: 300px) 100vw, 300px\" \/><\/a><\/p>\n<p style=\"text-align: justify;\">Si vous \u00eates allocataire, munissez-vous de votre num\u00e9ro allocataire et rendez-vous sur les services en ligne de la CAF. Lors de votre connexion, il vous sera demand\u00e9 :<\/p>\n<ul>\n<li>Date de naissance<\/li>\n<li>Num\u00e9ro allocataire<\/li>\n<li>Code postal<\/li>\n<li>Code secret<\/li>\n<\/ul>\n<p style=\"text-align: justify;\">Par la suite vous pourrez remplir le formulaire Cerfa 11423*07<span class=\"amp-wp-fe3f5cc\" data-amp-original-style=\"font-weight: 400;\">\u00a0\u201cd\u00e9claration de situation pour les prestations familiales et les aides au logement. Ainsi que le formulaire cerfa 10842 07 \u201cattestation de loyer, de r\u00e9sidence en foyer\u201d. Ces formulaires sont \u00e9galement disponibles sur le site de la MSA.\u00a0<\/span><\/p>\n<p style=\"text-align: justify;\">Si vous n&rsquo;\u00eates pas encore de num\u00e9ro allocataire, rendez-vous aupr\u00e8s de la CAF et cr\u00e9er un espace, par la suite vous pourrez non seulement faire votre demande d&rsquo;APL mais \u00e9galement des demandes pour toutes autres prestations sociales si vous \u00eates \u00e9ligible.<\/p>\n<p style=\"text-align: justify;\">Notez que cette demande d&rsquo; aide n&rsquo;est \u00e0 effectuer qu&rsquo;apr\u00e8s votre emm\u00e9nagement dans votre logement. Comme nous l&rsquo;avons cit\u00e9 plus haut, une des pi\u00e8ces justificatives \u00e0 fournir est votre contrat de location.<\/p>\n<h1 style=\"text-align: justify;\">Date de versement de l&rsquo;APL<\/h1>\n<p style=\"text-align: justify;\">Si vous respectez toutes les conditions d&rsquo;attribution, le montant APL vous sera vers\u00e9 le 5 de chaque mois. Notez que le versement peut intervenir un jour plus t\u00f4t ou un \u00e0 deux jours plus tard, si le 5 tombe un samedi, un dimanche ou un jour f\u00e9ri\u00e9.<\/p>\n<p style=\"text-align: justify;\">Le calendrier de versement est r\u00e9actualis\u00e9 chaque ann\u00e9e, vous pouvez le consulter \u00e0 tout moment sur le site de la Caisse d&rsquo; allocations familiales ou bien de la MSA. Toutes les prestations vers\u00e9es par la CAF sont soumises \u00e0 un calendrier unique, c&rsquo;est-\u00e0-dire que le versement est le m\u00eame pour chaque allocation :<\/p>\n<ul>\n<li style=\"text-align: justify;\">Aide personnalis\u00e9e au logement APL<\/li>\n<li style=\"text-align: justify;\">ALF (allocation de logement familiale)<\/li>\n<li style=\"text-align: justify;\">ALS (allocation de logement sociale)<\/li>\n<li style=\"text-align: justify;\">RSA (revenu de solidarit\u00e9 active)<\/li>\n<li style=\"text-align: justify;\">Prime d\u2019activit\u00e9<\/li>\n<li>Paje (Prestation d\u2019accueil du jeune enfant)\u00a0et allocations associ\u00e9es sauf le\u00a0CMG\u00a0(Compl\u00e9ment de libre choix du mode de garde)<\/li>\n<li>Allocations familiales<\/li>\n<li>Compl\u00e9ment familial<\/li>\n<li>ASF (allocation de soutien familial)<\/li>\n<li>AEEH (allocation d\u2019\u00e9ducation de l\u2019enfant handicap\u00e9)<\/li>\n<li>PCH (prestation de compensation du handicap)<\/li>\n<li>AAH (allocation aux adultes handicap\u00e9s)<\/li>\n<li>AJPP (allocation journali\u00e8re de pr\u00e9sence parentale)<\/li>\n<\/ul>\n<h1>Peut-on cumuler l&rsquo;APL avec d&rsquo;autres aides ?<\/h1>\n<p style=\"text-align: justify;\">En tant qu&rsquo;\u00e9tudiant vous avez la possibilit\u00e9 de cumuler le montant de vos APL avec certaines bourses \u00e9tudiantes, telles que la bourse du CROUS, la bourse du M\u00e9rite ou encore la bourse du Lyc\u00e9e.<\/p>\n<p style=\"text-align: justify;\">Notez que l&rsquo;APL est \u00e9galement cumulable avec d&rsquo;autres prestations vers\u00e9es par la CAF. Si vous \u00eates \u00e9tudiant et que vous avez un emploi, vous \u00eates peut-\u00eatre \u00e9ligible \u00e0 la prime d&rsquo;activit\u00e9 !<\/p>\n<h2>APL et prime d&rsquo;activit\u00e9<\/h2>\n<p style=\"text-align: justify;\">Pour savoir si vous \u00eates \u00e9ligible \u00e0 la prime d&rsquo;activit\u00e9, plusieurs aides financi\u00e8res sont prises en compte, notamment le montant de l&rsquo; aide au logement \u00e9tudiant dont vous b\u00e9n\u00e9ficiez. Seulement une partie du montant que vous percevez entre dans le calcul de vos droits \u00e0 la prime d&rsquo;activit\u00e9, on appelle cela le montant forfaitaire.<\/p>\n\n<div class=\"wpdt-c row wpDataTableContainerSimpleTable wpDataTables wpDataTablesWrapper\n\"\n    >\n    <table id=\"wpdtSimpleTable-5\"\n           class=\"wpdtSimpleTable wpDataTable\"\n           data-column=\"2\"\n           data-rows=\"4\"\n           data-wpID=\"5\"\n           data-responsive=\"0\"\n           data-has-header=\"1\">\n\n                    <thead>        <tr class=\"wpdt-cell-row \" >\n                            <th class=\"wpdt-cell wpdt-bc-F3F9FE wpdt-bold\"\n                                    data-cell-id=\"A1\"\n                data-col-index=\"0\"\n                data-row-index=\"0\"\n                style=\" width:48.571428571429%;                padding:10px;\"\n                >\n                                Composition du foyer                <\/th>\n                                            <th class=\"wpdt-cell wpdt-bc-F3F9FE wpdt-bold\"\n                                    data-cell-id=\"B1\"\n                data-col-index=\"1\"\n                data-row-index=\"0\"\n                style=\" width:51.428571428571%;                padding:10px;\"\n                >\n                                Forfait logement \u00e0 d\u00e9duire                <\/th>\n                                        <\/tr>\n                    <tbody>        <tr class=\"wpdt-cell-row \" >\n                            <td class=\"wpdt-cell \"\n                                    data-cell-id=\"A2\"\n                data-col-index=\"0\"\n                data-row-index=\"1\"\n                style=\"                padding:10px;\"\n                >\n                                1 personne                <\/td>\n                                            <td class=\"wpdt-cell \"\n                                    data-cell-id=\"B2\"\n                data-col-index=\"1\"\n                data-row-index=\"1\"\n                style=\"                padding:10px;\"\n                >\n                                78,2 \u20ac                <\/td>\n                                        <\/tr>\n                            <tr class=\"wpdt-cell-row \" >\n                            <td class=\"wpdt-cell \"\n                                    data-cell-id=\"A3\"\n                data-col-index=\"0\"\n                data-row-index=\"2\"\n                style=\"                padding:10px;\"\n                >\n                                2 personnes                <\/td>\n                                            <td class=\"wpdt-cell \"\n                                    data-cell-id=\"B3\"\n                data-col-index=\"1\"\n                data-row-index=\"2\"\n                style=\"                padding:10px;\"\n                >\n                                156,41 \u20ac                <\/td>\n                                        <\/tr>\n                            <tr class=\"wpdt-cell-row \" >\n                            <td class=\"wpdt-cell \"\n                                    data-cell-id=\"A4\"\n                data-col-index=\"0\"\n                data-row-index=\"3\"\n                style=\"                padding:10px;\"\n                >\n                                3 personnes ou plus                <\/td>\n                                            <td class=\"wpdt-cell \"\n                                    data-cell-id=\"B4\"\n                data-col-index=\"1\"\n                data-row-index=\"3\"\n                style=\"                padding:10px;\"\n                >\n                                193,55 \u20ac                <\/td>\n                                        <\/tr>\n                    <\/table>\n<\/div><style id='wpdt-custom-style-5'>\ntable#wpdtSimpleTable-5{ table-layout: fixed !important; }\n.wpdt-bc-F3F9FE { background-color: #F3F9FE !important;}\n<\/style>\n\n<p style=\"text-align: justify;\">Ces forfaits logements s\u2019appliquent \u00e0 plusieurs aides diff\u00e9rentes, notamment le RSA et la Compl\u00e9mentaire Sant\u00e9 Solidaire. Ils ont \u00e9t\u00e9 cr\u00e9\u00e9s pour un souci d\u2019\u00e9quit\u00e9. En effet, il faut \u00e9galiser les aides entre les personnes qui per\u00e7oivent les APL et ceux qui paient leur loyer, sans aide.<\/p>\n<p style=\"text-align: justify;\"><strong>Lors de votre demande de prime d&rsquo;activit\u00e9, vous n&rsquo;avez pas \u00e0 indiquer le montant de l&rsquo;APL que vous percevez, \u00e9tant allocataire de la CAF, ce dernier en a d\u00e9j\u00e0 connaissance.\u00a0<\/strong><\/p>\n<div class='cta-block'><div class='text'>Simulez toutes vos Aides Sociales en 2 min. Gratuit.<\/div><a href='https:\/\/www.mes-allocs.fr\/ab-app?origin=guides\/wp-json\/wp\/v2\/posts\/13696' class='app-button fit'>Simulation gratuite<\/a><\/div>\n","protected":false},"excerpt":{"rendered":"<p>[Mis \u00e0 jour le 12\/01\/2026] L&rsquo;APL est un dispositif d&rsquo;aide au logement vers\u00e9 par la CAF ou par la MSA (selon votre r\u00e9gime d&rsquo;affiliation). Sous conditions, les \u00e9tudiants peuvent en b\u00e9n\u00e9ficier pour les aider \u00e0 faire baisser le montant du loyer. Plusieurs \u00e9l\u00e9ments sont pris en compte pour d\u00e9terminer le montant de vos droits. Mes [&hellip;]<\/p>\n","protected":false},"author":10,"featured_media":13706,"comment_status":"open","ping_status":"open","sticky":false,"template":"","format":"standard","meta":{"amp_status":"","footnotes":""},"categories":[1,4,1727],"tags":[],"class_list":["post-13696","post","type-post","status-publish","format-standard","has-post-thumbnail","hentry","category-aide-logement","category-apl","category-apl-etudiant"],"yoast_head":"<!-- This site is optimized with the Yoast SEO plugin v14.9 - https:\/\/yoast.com\/wordpress\/plugins\/seo\/ -->\n<title>Comment calculer l&#039;APL \u00e9tudiant ? | Mes-Allocs.fr<\/title>\n<meta name=\"description\" content=\"La m\u00e9thode de calcul des APL est relativement complexe. Pour vous aider, Mes Allocs vous explique tout en d\u00e9tail ici !\" \/>\n<meta name=\"robots\" content=\"index, follow, max-snippet:-1, max-image-preview:large, max-video-preview:-1\" \/>\n<link rel=\"canonical\" href=\"https:\/\/www.mes-allocs.fr\/guides\/aide-logement\/apl\/apl-etudiant\/calcul-apl-etudiant\/\" \/>\n<meta property=\"og:locale\" content=\"fr_FR\" \/>\n<meta property=\"og:type\" content=\"article\" \/>\n<meta property=\"og:title\" content=\"Comment calculer l&#039;APL \u00e9tudiant ? | Mes-Allocs.fr\" \/>\n<meta property=\"og:description\" content=\"La m\u00e9thode de calcul des APL est relativement complexe. Pour vous aider, Mes Allocs vous explique tout en d\u00e9tail ici !\" \/>\n<meta property=\"og:url\" content=\"https:\/\/www.mes-allocs.fr\/guides\/aide-logement\/apl\/apl-etudiant\/calcul-apl-etudiant\/\" \/>\n<meta property=\"og:site_name\" content=\"Mes-Allocs.fr\" \/>\n<meta property=\"article:published_time\" content=\"2020-10-26T15:44:00+00:00\" \/>\n<meta property=\"article:modified_time\" content=\"2026-01-12T16:36:06+00:00\" \/>\n<meta property=\"og:image\" content=\"https:\/\/www.mes-allocs.fr\/guides\/wp-content\/uploads\/2020\/10\/pexels-andrea-piacquadio-3767411-e1685972874519.jpg?wsr\" \/>\n\t<meta property=\"og:image:width\" content=\"1280\" \/>\n\t<meta property=\"og:image:height\" content=\"220\" \/>\n<meta name=\"twitter:card\" content=\"summary_large_image\" \/>\n<script type=\"application\/ld+json\" class=\"yoast-schema-graph\">{\"@context\":\"https:\/\/schema.org\",\"@graph\":[{\"@type\":\"WebSite\",\"@id\":\"https:\/\/www.mes-allocs.fr\/guides\/#website\",\"url\":\"https:\/\/www.mes-allocs.fr\/guides\/\",\"name\":\"Mes-Allocs.fr\",\"description\":\"\",\"potentialAction\":[{\"@type\":\"SearchAction\",\"target\":\"https:\/\/www.mes-allocs.fr\/guides\/?s={search_term_string}\",\"query-input\":\"required name=search_term_string\"}],\"inLanguage\":\"fr-FR\"},{\"@type\":\"ImageObject\",\"@id\":\"https:\/\/www.mes-allocs.fr\/guides\/aide-logement\/apl\/apl-etudiant\/calcul-apl-etudiant\/#primaryimage\",\"inLanguage\":\"fr-FR\",\"url\":\"https:\/\/www.mes-allocs.fr\/guides\/wp-content\/uploads\/2020\/10\/pexels-andrea-piacquadio-3767411-e1685972874519.jpg?wsr\",\"width\":1280,\"height\":220,\"caption\":\"pexels andrea piacquadio 3767411 e1603138851156\"},{\"@type\":\"WebPage\",\"@id\":\"https:\/\/www.mes-allocs.fr\/guides\/aide-logement\/apl\/apl-etudiant\/calcul-apl-etudiant\/#webpage\",\"url\":\"https:\/\/www.mes-allocs.fr\/guides\/aide-logement\/apl\/apl-etudiant\/calcul-apl-etudiant\/\",\"name\":\"Comment calculer l'APL \\u00e9tudiant ? | Mes-Allocs.fr\",\"isPartOf\":{\"@id\":\"https:\/\/www.mes-allocs.fr\/guides\/#website\"},\"primaryImageOfPage\":{\"@id\":\"https:\/\/www.mes-allocs.fr\/guides\/aide-logement\/apl\/apl-etudiant\/calcul-apl-etudiant\/#primaryimage\"},\"datePublished\":\"2020-10-26T15:44:00+00:00\",\"dateModified\":\"2026-01-12T16:36:06+00:00\",\"author\":{\"@id\":\"https:\/\/www.mes-allocs.fr\/guides\/#\/schema\/person\/8d47b912c0ad15f379df96b4e4e33f58\"},\"description\":\"La m\\u00e9thode de calcul des APL est relativement complexe. Pour vous aider, Mes Allocs vous explique tout en d\\u00e9tail ici !\",\"inLanguage\":\"fr-FR\"},{\"@type\":\"Person\",\"@id\":\"https:\/\/www.mes-allocs.fr\/guides\/#\/schema\/person\/8d47b912c0ad15f379df96b4e4e33f58\",\"name\":\"Constance de Cagny\",\"image\":{\"@type\":\"ImageObject\",\"@id\":\"https:\/\/www.mes-allocs.fr\/guides\/#personlogo\",\"inLanguage\":\"fr-FR\",\"url\":\"https:\/\/www.mes-allocs.fr\/guides\/wp-content\/uploads\/2021\/06\/Constance.2e8ee0b.png\",\"caption\":\"Constance de Cagny\"},\"description\":\"Constance est r\\u00e9dactrice au sein de l'\\u00e9quipe Mes Allocs. Elle a l'habitude d'\\u00e9crire sur les sujets conso, bons plans et \\u00e9conomies. Dipl\\u00f4m\\u00e9e de l'ENACO, elle rejoint Mes Allocs apr\\u00e8s une premi\\u00e8re exp\\u00e9rience en cabinet notarial.\",\"sameAs\":[\"https:\/\/www.linkedin.com\/in\/constance-de-cagny-mayeur-bbb414135\"]}]}<\/script>\n<!-- \/ Yoast SEO plugin. -->","amp_validity":null,"acf":{"faq":{"1":{"question":"\ud83e\udd14  Comment faire une simulation d'APL ? ","answer":"Pour avoir une estimation fiable de vos droits vous pouvez utiliser le simulateur gratuit Mes Allocs !"},"2":{"question":"\ud83e\udd37\u200d\u2640\ufe0f  Peut-on b\u00e9n\u00e9ficier de l'APL quand on est propri\u00e9taire ? ","answer":"Oui ! l'APL n'est pas uniquement r\u00e9serv\u00e9e aux personnes qui louent un logement. Une personne propri\u00e9taire de son logement peut demander l'APL et ainsi obtenir de l'aide pour faire baisser les mensualit\u00e9s de l'emprunt"},"3":{"question":"\ud83e\udd1d  Quand est vers\u00e9e l'APL ? ","answer":"Si vous \u00eates \u00e9ligible, l'APL vous sera vers\u00e9e le 5 de chaque mois. \r\nPour une demande avant la fin de ce mois-ci, le premier versement interviendra le 5 du mois suivant. "},"4":{"question":"\ud83e\udd14  Quel d\u00e9lai pour toucher les APL ?","answer":"Une fois votre demande confirm\u00e9e, l'aide au logement n'est enregistr\u00e9e qu'un mois apr\u00e8s la date de votre entr\u00e9e dans le logement et vers\u00e9e le mois suivant. Comptez donc r\u00e9ellement 2 Mois pour percevoir l'aide."},"5":{"question":"\ud83e\udd37\u200d\u2640\ufe0f  Est-ce qu'un jeune \u00e9mancipt\u00e9 peut b\u00e9n\u00e9ficier de l'APL ? ","answer":"Oui tout \u00e0 fait, il n'y a pas de conditions d'\u00e2ge pour b\u00e9n\u00e9ficier de l'APL. Tout comme une personne mineure non \u00e9mancip\u00e9e peut percevoir l'APL si le bail est co-sign\u00e9 par ses parents"},"6":{"question":"\ud83e\udd1d  Quels revenus sont pris en compte dans le calcul de l'APL ? ","answer":"Ce sont vos revenus des 12 derniers mois. "},"7":{"question":"","answer":""},"8":{"question":"","answer":""},"9":{"question":"","answer":""},"10":{"question":"","answer":""},"11":{"question":"","answer":""},"12":{"question":"","answer":""},"13":{"question":"","answer":""},"14":{"question":"","answer":""},"15":{"question":"","answer":""},"16":{"question":"","answer":""}}},"_links":{"self":[{"href":"https:\/\/www.mes-allocs.fr\/guides\/wp-json\/wp\/v2\/posts\/13696","targetHints":{"allow":["GET"]}}],"collection":[{"href":"https:\/\/www.mes-allocs.fr\/guides\/wp-json\/wp\/v2\/posts"}],"about":[{"href":"https:\/\/www.mes-allocs.fr\/guides\/wp-json\/wp\/v2\/types\/post"}],"author":[{"embeddable":true,"href":"https:\/\/www.mes-allocs.fr\/guides\/wp-json\/wp\/v2\/users\/10"}],"replies":[{"embeddable":true,"href":"https:\/\/www.mes-allocs.fr\/guides\/wp-json\/wp\/v2\/comments?post=13696"}],"version-history":[{"count":18,"href":"https:\/\/www.mes-allocs.fr\/guides\/wp-json\/wp\/v2\/posts\/13696\/revisions"}],"predecessor-version":[{"id":107432,"href":"https:\/\/www.mes-allocs.fr\/guides\/wp-json\/wp\/v2\/posts\/13696\/revisions\/107432"}],"wp:featuredmedia":[{"embeddable":true,"href":"https:\/\/www.mes-allocs.fr\/guides\/wp-json\/wp\/v2\/media\/13706"}],"wp:attachment":[{"href":"https:\/\/www.mes-allocs.fr\/guides\/wp-json\/wp\/v2\/media?parent=13696"}],"wp:term":[{"taxonomy":"category","embeddable":true,"href":"https:\/\/www.mes-allocs.fr\/guides\/wp-json\/wp\/v2\/categories?post=13696"},{"taxonomy":"post_tag","embeddable":true,"href":"https:\/\/www.mes-allocs.fr\/guides\/wp-json\/wp\/v2\/tags?post=13696"}],"curies":[{"name":"wp","href":"https:\/\/api.w.org\/{rel}","templated":true}]}}