{"id":13678,"date":"2020-11-27T08:47:19","date_gmt":"2020-11-27T08:47:19","guid":{"rendered":"https:\/\/www.mes-allocs.fr\/guides\/?p=13678"},"modified":"2025-07-02T15:19:00","modified_gmt":"2025-07-02T13:19:00","slug":"arret-maladie-chomage-calcul","status":"publish","type":"post","link":"https:\/\/www.mes-allocs.fr\/guides\/chomage\/calculer-chomage\/arret-maladie-chomage-calcul\/","title":{"rendered":"Arr\u00eat maladie et ch\u00f4mage : quel calcul pour les indemnit\u00e9s ?"},"content":{"rendered":"<p class=\"med dPAwzb\" role=\"heading\" aria-level=\"2\"><strong><a href=\"https:\/\/www.mes-allocs.fr\/guides\/wp-content\/uploads\/2020\/11\/Arre\u0302t-maladie-et-cho\u0302mage-comment-calculer-les-indemnite\u0301s-verse\u0301es-1-1.jpg\"><img loading=\"lazy\" decoding=\"async\" class=\"aligncenter wp-image-15210 size-full\" src=\"https:\/\/www.mes-allocs.fr\/guides\/wp-content\/uploads\/2020\/11\/Arre\u0302t-maladie-et-cho\u0302mage-comment-calculer-les-indemnite\u0301s-verse\u0301es-1-1-e1605562383909.jpg\" alt=\"Arre\u0302t maladie et cho\u0302mage : comment calculer les indemnite\u0301s verse\u0301es ?\" width=\"1280\" height=\"256\" srcset=\"https:\/\/www.mes-allocs.fr\/guides\/wp-content\/uploads\/2020\/11\/Arre\u0302t-maladie-et-cho\u0302mage-comment-calculer-les-indemnite\u0301s-verse\u0301es-1-1-e1605562383909.jpg 1280w, https:\/\/www.mes-allocs.fr\/guides\/wp-content\/uploads\/2020\/11\/Arre\u0302t-maladie-et-cho\u0302mage-comment-calculer-les-indemnite\u0301s-verse\u0301es-1-1-e1605562383909-300x60.jpg 300w, https:\/\/www.mes-allocs.fr\/guides\/wp-content\/uploads\/2020\/11\/Arre\u0302t-maladie-et-cho\u0302mage-comment-calculer-les-indemnite\u0301s-verse\u0301es-1-1-e1605562383909-1024x205.jpg 1024w, https:\/\/www.mes-allocs.fr\/guides\/wp-content\/uploads\/2020\/11\/Arre\u0302t-maladie-et-cho\u0302mage-comment-calculer-les-indemnite\u0301s-verse\u0301es-1-1-e1605562383909-768x154.jpg 768w, https:\/\/www.mes-allocs.fr\/guides\/wp-content\/uploads\/2020\/11\/Arre\u0302t-maladie-et-cho\u0302mage-comment-calculer-les-indemnite\u0301s-verse\u0301es-1-1-e1605562383909-600x120.jpg 600w\" sizes=\"auto, (max-width: 1280px) 100vw, 1280px\" \/><\/a>En arr\u00eat maladie au ch\u00f4mage, il est possible de percevoir les indemnit\u00e9s associ\u00e9es \u00e0 votre nouvelle situation. Cela signifie que les indemnit\u00e9s per\u00e7ues viendront remplacer les sommes vers\u00e9es au titre de votre ch\u00f4mage. Mais dans ce cas, \u00e0 <a href=\"https:\/\/www.mes-allocs.fr\/guides\/chomage\/calculer-chomage\/\">combien s&rsquo;\u00e9l\u00e8ve le montant des indemnit\u00e9s<\/a> touch\u00e9es ?<\/strong><\/p>\r\n<div class='cta-block'><div class='text'>Simulez vos aides en 2 min.<\/div><a href='https:\/\/www.mes-allocs.fr\/ab-app?origin=guides\/wp-json\/wp\/v2\/posts\/13678' class='app-button fit'>Simulation gratuite<\/a><\/div>\r\n<div class=\"card-section\">\r\n<div class=\"brs_col\">\r\n<h1 class=\"nVcaUb\"><b>Ch\u00f4mage arr\u00eat<\/b>\u00a0maladie\u00a0<b>d\u00e9pression : comment cela fonctionne ?<\/b><\/h1>\r\nEn premier lieu, il faut savoir qu&rsquo;il n&rsquo;y a pas de dur\u00e9e d\u00e9finie en cas d&rsquo;arr\u00eat maladie annonc\u00e9 pour une d\u00e9pression. Le m\u00e9decin est en charge de fixer cette p\u00e9riode. Par ailleurs, un arr\u00eat maladie pour d\u00e9pression est nomm\u00e9 \u00ab\u00a0arr\u00eat maladie de longue dur\u00e9e au-del\u00e0 de 6 mois\u00a0\u00bb. Des fois, il va m\u00eame jusqu&rsquo;\u00e0 2 ans.<\/div>\r\n<div>\u00a0<\/div>\r\n<div class=\"brs_col\"><strong>Attention<\/strong> : vous avez 48 heures pour informer votre employeur de votre arr\u00eat maladie afin que votre absence ne soit pas per\u00e7ue comme une absence injustifi\u00e9e. En termes d&rsquo;indemnisation, les sommes qui vous seront vers\u00e9es sont similaires \u00e0 celles attribu\u00e9es pour tout autre arr\u00eat maladie. En d&rsquo;autres termes, vous touchez :\r\n<ul>\r\n<li>50% de votre salaire journalier, dans la limite de 43,80\u20ac ou de 58,40\u20ac.<\/li>\r\n<li>Et ce, \u00e0 compter du 31e jour d\u2019arr\u00eat si vous avez trois enfants \u00e0 charge ou plus.<\/li>\r\n<\/ul>\r\nSi vous avez au moins un an d\u2019anciennet\u00e9, vous b\u00e9n\u00e9ficiez automatiquement de la garantie du maintien de votre salaire.<\/div>\r\n<div class=\"brs_col\">\r\n<h1 class=\"nVcaUb\"><b>Que deviennent les indemnit\u00e9s en cas de ch\u00f4mage et arr\u00eat<\/b>\u00a0maladie\u00a0<b>de plus de 6 mois ?<\/b><\/h1>\r\n<p data-start=\"0\" data-end=\"88\">\u200b<span class=\"relative -mx-px my-[-0.2rem] rounded px-px py-[0.2rem]\">Pour b\u00e9n\u00e9ficier des indemnit\u00e9s journali\u00e8res (IJ) en cas d&rsquo;arr\u00eat de travail pour maladie de longue dur\u00e9e, les conditions suivantes s&rsquo;appliquent \u00e0 compter du 1\u1d49\u02b3 avril 2025 :<\/span>\u200b<\/p>\r\n<ol data-start=\"90\" data-end=\"708\">\r\n<li data-start=\"90\" data-end=\"260\">\r\n<p data-start=\"93\" data-end=\"260\"><strong data-start=\"93\" data-end=\"138\">Dur\u00e9e d&rsquo;affiliation \u00e0 l&rsquo;Assurance Maladie<\/strong> : <span class=\"relative -mx-px my-[-0.2rem] rounded px-px py-[0.2rem]\">vous devez \u00eatre affili\u00e9 \u00e0 l&rsquo;Assurance Maladie depuis au moins 12 mois \u00e0 la date de votre arr\u00eat de travail.<\/span>\u00a0<\/p>\r\n<\/li>\r\n<li data-start=\"262\" data-end=\"708\">\r\n<p data-start=\"265\" data-end=\"400\"><strong data-start=\"265\" data-end=\"316\">Conditions de cotisation ou de dur\u00e9e de travail<\/strong> : <span class=\"relative -mx-px my-[-0.2rem] rounded px-px py-[0.2rem]\">vous devez remplir l&rsquo;une des deux conditions suivantes au cours des 12 mois pr\u00e9c\u00e9dant votre arr\u00eat :<\/span>\u200b<\/p>\r\n<ul data-start=\"404\" data-end=\"708\">\r\n<li data-start=\"404\" data-end=\"548\"><strong data-start=\"406\" data-end=\"426\">Dur\u00e9e de travail<\/strong> : <span class=\"relative -mx-px my-[-0.2rem] rounded px-px py-[0.2rem]\">avoir travaill\u00e9 au moins 600 heures.<\/span> \u200b<\/li>\r\n<li data-start=\"552\" data-end=\"708\"><strong data-start=\"554\" data-end=\"580\">Montant de cotisations<\/strong> : <span class=\"relative -mx-px my-[-0.2rem] rounded px-px py-[0.2rem]\">avoir cotis\u00e9 sur un salaire au moins \u00e9gal \u00e0 2 030 fois le montant du Smic horaire. <\/span><strong><span class=\"relative -mx-px my-[-0.2rem] rounded px-px py-[0.2rem]\">Par exemple, pour un arr\u00eat d\u00e9butant le 1\u1d49\u02b3 avril 2025, votre r\u00e9mun\u00e9ration sur les 12 mois pr\u00e9c\u00e9dents doit \u00eatre au moins \u00e9gale \u00e0 24 116,40 \u20ac (2 030 x 11,88 \u20ac, le montant du Smic horaire brut au 1\u1d49\u02b3 avril 2025).<\/span> \u200b<\/strong><\/li>\r\n<\/ul>\r\n<\/li>\r\n<\/ol>\r\n<p data-start=\"710\" data-end=\"750\"><strong data-start=\"710\" data-end=\"748\">Calcul des indemnit\u00e9s journali\u00e8res<\/strong> :<\/p>\r\n<ul data-start=\"752\" data-end=\"996\">\r\n<li data-start=\"752\" data-end=\"853\">\r\n<p data-start=\"754\" data-end=\"853\"><strong data-start=\"754\" data-end=\"765\">Montant<\/strong> : <span class=\"relative -mx-px my-[-0.2rem] rounded px-px py-[0.2rem]\">Les IJ sont calcul\u00e9es sur la base de 50 % de votre salaire journalier de base.<\/span>\u200b<\/p>\r\n<\/li>\r\n<li data-start=\"855\" data-end=\"996\">\r\n<p data-start=\"857\" data-end=\"996\"><strong data-start=\"857\" data-end=\"868\">Plafond<\/strong> : <span class=\"relative -mx-px my-[-0.2rem] rounded px-px py-[0.2rem]\">\u00c0 partir du 1\u1d49\u02b3 avril 2025, le plafond des IJ est abaiss\u00e9 \u00e0 1,4 fois le Smic, contre 1,8 fois pr\u00e9c\u00e9demment.<\/span><\/p>\r\n<\/li>\r\n<\/ul>\r\n<p data-start=\"998\" data-end=\"1146\"><strong data-start=\"998\" data-end=\"1018\">D\u00e9lai de carence<\/strong> : <span class=\"relative -mx-px my-[-0.2rem] rounded px-px py-[0.2rem]\">un d\u00e9lai de carence de 3 jours s&rsquo;applique avant le versement des IJ.<\/span>\u00a0<\/p>\r\n<p data-start=\"1148\" data-end=\"1233\"><span class=\"relative -mx-px my-[-0.2rem] rounded px-px py-[0.2rem]\">Il est important de respecter ces conditions pour assurer le versement des indemnit\u00e9s journali\u00e8res en cas d&rsquo;arr\u00eat de travail pour maladie de longue dur\u00e9e.<\/span><\/p>\r\n<p data-start=\"1148\" data-end=\"1233\"><iframe loading=\"lazy\" src=\"\/\/www.youtube.com\/embed\/jgv9qS4jh7k?si=SuujiluHMNoUvMxF\" width=\"560\" height=\"314\" allowfullscreen=\"allowfullscreen\"><\/iframe>\u200b<\/p>\r\n<h1 class=\"nVcaUb\"><b>Gagne-t-on plus au ch\u00f4mage ou en arr\u00eat<\/b> maladie ?<\/h1>\r\n<h2>Existe-t-il un cumul ch\u00f4mage-arr\u00eat maladie ?<\/h2>\r\n<header class=\"resource__header resource__header--turquoise\">\r\n<div class=\"row resource__chapo\">\r\n<div class=\"col-9\">\r\n<div class=\"page-chapo\">\r\n<ul>\r\n<li class=\"field field--name-field-u-head field--type-string-long field--label-hidden field__item\">En cas d\u2019arr\u00eat maladie, vos droits aux allocations <a href=\"https:\/\/www.mes-allocs.fr\/guides\/chomage\">ch\u00f4mage<\/a> ne sont plus valables. En effet, pendant ces p\u00e9riodes, le versement de votre ARE est interrompu et remplac\u00e9 par des indemnit\u00e9s journali\u00e8res de la S\u00e9curit\u00e9 sociale.<\/li>\r\n<li class=\"field field--name-field-u-head field--type-string-long field--label-hidden field__item\">La p\u00e9riode pendant laquelle vous ne touchez pas d&rsquo;indemnit\u00e9 est report\u00e9e. Elle prolonge votre indemnisation.<\/li>\r\n<\/ul>\r\n<\/div>\r\n<\/div>\r\n<\/div>\r\n<\/header>\r\n<div class=\"resource__content resource__content--turquoise row\">\r\n<div class=\"col-8-center\">\r\n<div class=\"clearfix text-formatted field field--name-body field--type-text-with-summary field--label-hidden field__item\"><strong>Pour toucher les allocations ch\u00f4mage, vous devez \u00ea<\/strong><strong>tre<\/strong> <strong>physiquement apte \u00e0 l\u2019emploi. Ainsi, en cas d&rsquo;arr\u00eat maladie, cette condition n&rsquo;est pas respect\u00e9e.<\/strong>\r\n<h4>Par exemple, supposons que vous soyez inscrit \u00e0 P\u00f4le emploi depuis le 1er mars.<\/h4>\r\n<ul>\r\n<li>Vous pouvez b\u00e9n\u00e9ficier d\u2019une dur\u00e9e d\u2019indemnisation de 6 mois (182 jours calendaires) maximum.<\/li>\r\n<li>D\u00e8s le 15 avril, vous \u00eates en arr\u00eat maladie pendant 15 jours (jusqu\u2019au 30 avril). Par cons\u00e9quent, votre allocation ch\u00f4mage cesse d&rsquo;\u00eatre vers\u00e9e. Les indemnit\u00e9s journali\u00e8res de s\u00e9curit\u00e9 sociale par l\u2019Assurance maladie vous sont vers\u00e9es.<\/li>\r\n<li>Au terme de votre arr\u00eat maladie, vous pourrez \u00e0 nouveau toucher votre allocation ch\u00f4mage, jusqu\u2019au 15 septembre.<\/li>\r\n<\/ul>\r\n<h2>Quelles sont les d\u00e9marches \u00e0 effectuer ?<a href=\"https:\/\/www.mes-allocs.fr\/guides\/wp-content\/uploads\/2020\/06\/Quelles-sont-les-de\u0301marches-a\u0300-effectuer-1-2.jpg\"><img loading=\"lazy\" decoding=\"async\" class=\"alignright wp-image-8225 size-medium\" src=\"https:\/\/www.mes-allocs.fr\/guides\/wp-content\/uploads\/2020\/06\/Quelles-sont-les-de\u0301marches-a\u0300-effectuer-1-2-300x200.jpg\" alt=\"Quelles sont les de\u0301marches a\u0300 effectuer ?\" width=\"300\" height=\"200\" srcset=\"https:\/\/www.mes-allocs.fr\/guides\/wp-content\/uploads\/2020\/06\/Quelles-sont-les-de\u0301marches-a\u0300-effectuer-1-2-300x200.jpg 300w, https:\/\/www.mes-allocs.fr\/guides\/wp-content\/uploads\/2020\/06\/Quelles-sont-les-de\u0301marches-a\u0300-effectuer-1-2-1024x682.jpg 1024w, https:\/\/www.mes-allocs.fr\/guides\/wp-content\/uploads\/2020\/06\/Quelles-sont-les-de\u0301marches-a\u0300-effectuer-1-2-768x512.jpg 768w, https:\/\/www.mes-allocs.fr\/guides\/wp-content\/uploads\/2020\/06\/Quelles-sont-les-de\u0301marches-a\u0300-effectuer-1-2-600x400.jpg 600w, https:\/\/www.mes-allocs.fr\/guides\/wp-content\/uploads\/2020\/06\/Quelles-sont-les-de\u0301marches-a\u0300-effectuer-1-2.jpg 1280w\" sizes=\"auto, (max-width: 300px) 100vw, 300px\" \/><\/a><\/h2>\r\n<ul>\r\n<li><strong>Informer votre caisse primaire d\u2019assurance maladie<\/strong> (CPAM ou CMSA) dans les 48 heures qui suivent votre rendez-vous m\u00e9dical. Sous certains conditions et apr\u00e8s un d\u00e9lai de carence de 3 jours, des indemnit\u00e9s journali\u00e8res vous seront vers\u00e9es. Elles sont calcul\u00e9es sur la base de votre ancien salaire. Elles sont soumis aux cotisations sociales et bien souvent, \u00e0 l&rsquo;imp\u00f4t sur le revenu.<\/li>\r\n<li><strong>D\u00e9clarer votre changement de situation \u00e0 P\u00f4le emploi\u00a0<\/strong>dans les 72 heures qui suivent votre rendez-vous m\u00e9dical ou le d\u00e9but de votre cong\u00e9.<\/li>\r\n<\/ul>\r\n<\/div>\r\n<\/div>\r\n<\/div>\r\n<\/div>\r\n<div class=\"brs_col\">\r\n<h1 class=\"nVcaUb\">Arr\u00eat maladie et ch\u00f4mage calcul : quelles sont les <b>indemnit\u00e9s vers\u00e9es ?<\/b><\/h1>\r\n<div class=\"mod\" lang=\"fr-FR\" data-md=\"61\">\r\n<div class=\"LGOjhe\" role=\"heading\" data-attrid=\"wa:\/description\" aria-level=\"3\" data-hveid=\"CAYQAA\"><span class=\"ILfuVd\"><span class=\"hgKElc\">En arr\u00eat maladie au ch\u00f4mage, le <a href=\"https:\/\/www.mes-allocs.fr\/guides\/chomage\/calculer-droit-chomage\">calcul<\/a> des indemnit\u00e9s journali\u00e8res est bas\u00e9 sur votre ancienne activit\u00e9. Elle ne tient pas compte des allocations P\u00f4le Emploi que vous percevez.<\/span><\/span><\/div>\r\n<div role=\"heading\" data-attrid=\"wa:\/description\" aria-level=\"3\" data-hveid=\"CAYQAA\">\u00a0<\/div>\r\n<div class=\"LGOjhe\" role=\"heading\" data-attrid=\"wa:\/description\" aria-level=\"3\" data-hveid=\"CAYQAA\"><span class=\"ILfuVd\"><span class=\"hgKElc\">La CPAM prend en compte les revenus de vos activit\u00e9s salari\u00e9es depuis moins de 12 mois pour calculer vos droits. En outre, le salaire journalier de base est d\u00e9termin\u00e9 par la CPAM.<\/span><\/span><\/div>\r\n<\/div>\r\n<h1 role=\"heading\" data-attrid=\"wa:\/description\" aria-level=\"3\" data-hveid=\"CAYQAA\">Comment b\u00e9n\u00e9ficier d&rsquo;indemnit\u00e9 arr\u00eat maladie au ch\u00f4mage ?<a href=\"https:\/\/www.mes-allocs.fr\/guides\/wp-content\/uploads\/2020\/11\/Comment-be\u0301ne\u0301ficier-dindemnite\u0301-arre\u0302t-maladie-au-cho\u0302mage-.jpg\"><img loading=\"lazy\" decoding=\"async\" class=\"alignright size-medium wp-image-15208\" src=\"https:\/\/www.mes-allocs.fr\/guides\/wp-content\/uploads\/2020\/11\/Comment-be\u0301ne\u0301ficier-dindemnite\u0301-arre\u0302t-maladie-au-cho\u0302mage--300x200.jpg\" alt=\"Comment be\u0301ne\u0301ficier d'indemnite\u0301 arre\u0302t maladie au cho\u0302mage ?\" width=\"300\" height=\"200\" srcset=\"https:\/\/www.mes-allocs.fr\/guides\/wp-content\/uploads\/2020\/11\/Comment-be\u0301ne\u0301ficier-dindemnite\u0301-arre\u0302t-maladie-au-cho\u0302mage--300x200.jpg 300w, https:\/\/www.mes-allocs.fr\/guides\/wp-content\/uploads\/2020\/11\/Comment-be\u0301ne\u0301ficier-dindemnite\u0301-arre\u0302t-maladie-au-cho\u0302mage--1024x682.jpg 1024w, https:\/\/www.mes-allocs.fr\/guides\/wp-content\/uploads\/2020\/11\/Comment-be\u0301ne\u0301ficier-dindemnite\u0301-arre\u0302t-maladie-au-cho\u0302mage--768x512.jpg 768w, https:\/\/www.mes-allocs.fr\/guides\/wp-content\/uploads\/2020\/11\/Comment-be\u0301ne\u0301ficier-dindemnite\u0301-arre\u0302t-maladie-au-cho\u0302mage--600x400.jpg 600w, https:\/\/www.mes-allocs.fr\/guides\/wp-content\/uploads\/2020\/11\/Comment-be\u0301ne\u0301ficier-dindemnite\u0301-arre\u0302t-maladie-au-cho\u0302mage-.jpg 1280w\" sizes=\"auto, (max-width: 300px) 100vw, 300px\" \/><\/a><\/h1>\r\n<ul>\r\n<li>Il faut justifier de votre incapacit\u00e9 \u00e0 rechercher en emploi si vous \u00eates malade, afin qu&rsquo;une indemnit\u00e9 d\u2019arr\u00eat maladie vous soit vers\u00e9e au lieu de votre\u00a0allocation ch\u00f4mage. L\u2019indemnit\u00e9 journali\u00e8re d\u2019arr\u00eat maladie vous sera alors vers\u00e9e tous les 14 jours.<\/li>\r\n<li>Son calcul se fait sur la base de vos salaires ant\u00e9rieurs. Elle \u00e9quivaut \u00e0 50 % du montant du salaire journalier de base. Et ce, dans la limite de 1.4 fois le SMIC en vigueur.<\/li>\r\n<\/ul>\r\nEn outre, P\u00f4le Emploi applique un d\u00e9lai de carence de 3 jours d\u00e8s la date de l\u2019arr\u00eat.\r\n<h1 class=\"nVcaUb\"><b>Que faire en cas d&rsquo;arr\u00eat<\/b>\u00a0maladie\u00a0<b>ch\u00f4mage non indemnis\u00e9 ?<\/b><\/h1>\r\nVous \u00eates \u00e9ligible au maintien de votre protection sociale pendant un an, si vous avez assez travaill\u00e9 afin d&rsquo;ouvrir vos droits aux indemnit\u00e9s journali\u00e8res :\r\n<ul>\r\n<li>vous \u00eates demandeur d\u2019emploi non indemnis\u00e9 par P\u00f4le Emploi (vous avez \u00e9puis\u00e9 vos droits, l\u2019ARE ne vous est plus vers\u00e9e)<\/li>\r\n<li><strong>ou<\/strong> si vous n\u2019\u00eates pas indemnis\u00e9 car vous n\u2019\u00eates pas \u00e9ligible \u00e0 l\u2019ARE.<\/li>\r\n<\/ul>\r\nVous percevez alors les IJ (maladie ou maternit\u00e9), ainsi que les prestations des assurances maladie et de maternit\u00e9 et le remboursement des soins en cas de maladie et de maternit\u00e9. Or, si vous \u00eates demandeur d\u2019emploi non indemnis\u00e9 car votre dur\u00e9e d\u2019affiliation est insuffisante, alors vous n\u2019avez pas droit aux indemnit\u00e9s journali\u00e8res de la s\u00e9curit\u00e9 sociale.\r\n<h1 class=\"nVcaUb\"><b>Comment fonctionne l&rsquo;inscription p\u00f4le emploi apr\u00e8s arr\u00eat<\/b> maladie ?<a href=\"https:\/\/www.mes-allocs.fr\/guides\/wp-content\/uploads\/2020\/11\/Comment-fonctionne-linscription-po\u0302le-emploi-apre\u0300s-arre\u0302t-maladie-1-1.jpg\"><img loading=\"lazy\" decoding=\"async\" class=\"alignright size-medium wp-image-15209\" src=\"https:\/\/www.mes-allocs.fr\/guides\/wp-content\/uploads\/2020\/11\/Comment-fonctionne-linscription-po\u0302le-emploi-apre\u0300s-arre\u0302t-maladie-1-1-300x206.jpg\" alt=\"Comment fonctionne l'inscription po\u0302le emploi apre\u0300s arre\u0302t maladie ?\" width=\"300\" height=\"206\" srcset=\"https:\/\/www.mes-allocs.fr\/guides\/wp-content\/uploads\/2020\/11\/Comment-fonctionne-linscription-po\u0302le-emploi-apre\u0300s-arre\u0302t-maladie-1-1-300x206.jpg 300w, https:\/\/www.mes-allocs.fr\/guides\/wp-content\/uploads\/2020\/11\/Comment-fonctionne-linscription-po\u0302le-emploi-apre\u0300s-arre\u0302t-maladie-1-1-1024x705.jpg 1024w, https:\/\/www.mes-allocs.fr\/guides\/wp-content\/uploads\/2020\/11\/Comment-fonctionne-linscription-po\u0302le-emploi-apre\u0300s-arre\u0302t-maladie-1-1-768x529.jpg 768w, https:\/\/www.mes-allocs.fr\/guides\/wp-content\/uploads\/2020\/11\/Comment-fonctionne-linscription-po\u0302le-emploi-apre\u0300s-arre\u0302t-maladie-1-1-600x413.jpg 600w, https:\/\/www.mes-allocs.fr\/guides\/wp-content\/uploads\/2020\/11\/Comment-fonctionne-linscription-po\u0302le-emploi-apre\u0300s-arre\u0302t-maladie-1-1.jpg 1280w\" sizes=\"auto, (max-width: 300px) 100vw, 300px\" \/><\/a><\/h1>\r\n<ol>\r\n<li id=\"P\u00f4le_Emploi_et_Arr\u00eat_maladie_:_Quand_pr\u00e9venir_son_conseiller_?\">Tout d&rsquo;abord, vous avez <strong>48 heures<\/strong> pour transmettre \u00e0 la CPAM les 2 premiers feuillets de votre arr\u00eat maladie. Et ce, en vous rendant \u00e0 l&rsquo;agence ou en envoyant les documents concern\u00e9s par courrier.<\/li>\r\n<li>Ensuite, <strong>pr\u00e9venez votre employeur<\/strong>. Si vous \u00eates demandeur d emploi, c&rsquo;est P\u00f4le Emploi qu&rsquo;il faut contacter (en agence, par t\u00e9l\u00e9phone ou sur votre espace personnel, en d\u00e9clarant un changement de situation). Vous avez <strong>72 heures<\/strong> pour faire cela.<\/li>\r\n<\/ol>\r\nEn effet, les d\u00e9lais mentionn\u00e9s sont importants car l\u2019allocation ch\u00f4mage est suspendue au profit des indemnit\u00e9s journali\u00e8res. Ces derni\u00e8res sont calcul\u00e9es en fonction de votre ancien salaire. Il est<strong> \u00e9gal \u00e0 50% du salaire journalier de base <b data-stringify-type=\"bold\">avec un plafond fix\u00e9 \u00e0 1,4 SMIC<\/b><\/strong>.\r\n<h1 class=\"nVcaUb\">Quel calcul pour l&rsquo;<b>indemnit\u00e9 arr\u00eat<\/b> maladie ?<\/h1>\r\n<ul>\r\n<li>Une indemnit\u00e9 journali\u00e8re vous est vers\u00e9e pendant votre arr\u00eat maladie. Elle repr\u00e9sente 50% de votre <span class=\"ILfuVd\"><span class=\"hgKElc\">salaire journalier de base.<\/span><\/span><\/li>\r\n<li><span class=\"ILfuVd\"><span class=\"hgKElc\">Il est calcul\u00e9 sur la moyenne des salaires bruts des 3 mois qui pr\u00e9c\u00e8dent votre\u00a0<b>arr\u00eat de travail ou des 12 mois pr\u00e9c\u00e9dant votre interruption d&rsquo;activit\u00e9 pour une activit\u00e9 non continue.<\/b><\/span><\/span><\/li>\r\n<\/ul>\r\n\r\n<h1 class=\"wp-block-heading\">Que faire en cas d&rsquo;arr\u00eat maladie ?<\/h1>\r\n\r\n\r\n\r\n<div class=\"wp-block-image\">\r\n<figure class=\"alignright size-large is-resized\"><img loading=\"lazy\" decoding=\"async\" class=\"wp-image-921\" src=\"https:\/\/www.prime-activite.fr\/wp-content\/uploads\/2020\/09\/Que-faire-en-cas-darre\u0302t-maladie--1024x682.jpg\" alt=\"Que faire en cas d'arre\u0302t maladie ?\" width=\"281\" height=\"187\" \/><\/figure>\r\n<\/div>\r\n\r\n\r\n Il vous faut faire une d\u00e9claration de changement de situation d\u00e8s que possible. Par ailleurs, si vous b\u00e9n\u00e9ficiez d\u2019une affection de longue dur\u00e9e (ALD), vous pouvez pr\u00e9tendre \u00e0 <strong>une r\u00e9duction de vos ressources prises en compte dans le calcul de vos prestations.<\/strong> Cette r\u00e9duction est appliqu\u00e9e <strong>apr\u00e8s 6 mois d\u2019arr\u00eat de travail.<\/strong> \r\n\r\n Selon que vous soyez <strong>allocataire ou non, diff\u00e9rentes r\u00e8gles s&rsquo;appliquent. <\/strong>Ainsi, si vous \u00eates allocataire : \r\n\r\n\r\n<ul class=\"wp-block-list\">\r\n<li>notamment b\u00e9n\u00e9ficiaire du RSA, des r\u00e8gles sp\u00e9cifiques s&rsquo;appliquent.<\/li>\r\n<li>si vous cessez de travailler et percevez <strong>une<\/strong> <strong>rente accident du travail ou une pension d&rsquo;invalidit\u00e9<\/strong>, vous pouvez pr\u00e9tendre \u00e0 une r\u00e9duction de vos revenus pris en compte par la CAF\u00a0 dans le calcul de mes prestations. Et ce, le mois suivant l\u2019arr\u00eat de mon activit\u00e9.<\/li>\r\n<\/ul>\r\n\r\n<h1 class=\"wp-block-heading\">Doit-on d\u00e9clarer les indemnit\u00e9s journali\u00e8res ?<\/h1>\r\n\r\n\r\n En outre, les IJ correspondent \u00e0 des revenus de substitutions. Vous devez les d\u00e9clarer : \r\n\r\n\r\n<ul class=\"wp-block-list\">\r\n<li>aux imp\u00f4ts,<\/li>\r\n<li>et \u00e0 la CAF.<\/li>\r\n<\/ul>\r\n\r\n\r\n Par ailleurs, elles sont soumises \u00e0 l imp\u00f4t sur le revenu. <strong>Sauf<\/strong> si elles sont li\u00e9es \u00e0 une affection de longue dur\u00e9e (ALD). Si vous avez touch\u00e9 des IJ, vous recevrez une attestation fiscale pour vous aider \u00e0 remplir votre d\u00e9claration de revenus, de la CAF. <\/div>\r\n<\/div>","protected":false},"excerpt":{"rendered":"<p>En arr\u00eat maladie au ch\u00f4mage, il est possible de percevoir les indemnit\u00e9s associ\u00e9es \u00e0 votre nouvelle situation. Cela signifie que les indemnit\u00e9s per\u00e7ues viendront remplacer les sommes vers\u00e9es au titre de votre ch\u00f4mage. Mais dans ce cas, \u00e0 combien s&rsquo;\u00e9l\u00e8ve le montant des indemnit\u00e9s touch\u00e9es ? Ch\u00f4mage arr\u00eat\u00a0maladie\u00a0d\u00e9pression : comment cela fonctionne ? En premier [&hellip;]<\/p>\n","protected":false},"author":6,"featured_media":15207,"comment_status":"open","ping_status":"open","sticky":false,"template":"","format":"standard","meta":{"amp_status":"","footnotes":""},"categories":[2990,2989],"tags":[],"class_list":["post-13678","post","type-post","status-publish","format-standard","has-post-thumbnail","hentry","category-calculer-chomage","category-chomage"],"yoast_head":"<!-- This site is optimized with the Yoast SEO plugin v14.9 - https:\/\/yoast.com\/wordpress\/plugins\/seo\/ -->\n<title>Arr\u00eat maladie et ch\u00f4mage : quel calcul pour les indemnit\u00e9s ?<\/title>\n<meta name=\"description\" content=\"En arr\u00eat maladie au ch\u00f4mage, il est possible de percevoir les indemnit\u00e9s associ\u00e9es \u00e0 votre nouvelle situation.\" \/>\n<meta name=\"robots\" content=\"index, follow, max-snippet:-1, max-image-preview:large, max-video-preview:-1\" \/>\n<link rel=\"canonical\" href=\"https:\/\/www.mes-allocs.fr\/guides\/chomage\/calculer-chomage\/arret-maladie-chomage-calcul\/\" \/>\n<meta property=\"og:locale\" content=\"fr_FR\" \/>\n<meta property=\"og:type\" content=\"article\" \/>\n<meta property=\"og:title\" content=\"Arr\u00eat maladie et ch\u00f4mage : quel calcul pour les indemnit\u00e9s ?\" \/>\n<meta property=\"og:description\" content=\"En arr\u00eat maladie au ch\u00f4mage, il est possible de percevoir les indemnit\u00e9s associ\u00e9es \u00e0 votre nouvelle situation.\" \/>\n<meta property=\"og:url\" content=\"https:\/\/www.mes-allocs.fr\/guides\/chomage\/calculer-chomage\/arret-maladie-chomage-calcul\/\" \/>\n<meta property=\"og:site_name\" content=\"Mes-Allocs.fr\" \/>\n<meta property=\"article:published_time\" content=\"2020-11-27T08:47:19+00:00\" \/>\n<meta property=\"article:modified_time\" content=\"2025-07-02T13:19:00+00:00\" \/>\n<meta property=\"og:image\" content=\"https:\/\/www.mes-allocs.fr\/guides\/wp-content\/uploads\/2020\/11\/Arre\u0302t-maladie-et-cho\u0302mage-comment-calculer-les-indemnite\u0301s-verse\u0301es-.jpg?wsr\" \/>\n\t<meta property=\"og:image:width\" content=\"1280\" \/>\n\t<meta property=\"og:image:height\" content=\"853\" \/>\n<meta name=\"twitter:card\" content=\"summary_large_image\" \/>\n<script type=\"application\/ld+json\" class=\"yoast-schema-graph\">{\"@context\":\"https:\/\/schema.org\",\"@graph\":[{\"@type\":\"WebSite\",\"@id\":\"https:\/\/www.mes-allocs.fr\/guides\/#website\",\"url\":\"https:\/\/www.mes-allocs.fr\/guides\/\",\"name\":\"Mes-Allocs.fr\",\"description\":\"\",\"potentialAction\":[{\"@type\":\"SearchAction\",\"target\":\"https:\/\/www.mes-allocs.fr\/guides\/?s={search_term_string}\",\"query-input\":\"required name=search_term_string\"}],\"inLanguage\":\"fr-FR\"},{\"@type\":\"ImageObject\",\"@id\":\"https:\/\/www.mes-allocs.fr\/guides\/chomage\/calculer-chomage\/arret-maladie-chomage-calcul\/#primaryimage\",\"inLanguage\":\"fr-FR\",\"url\":\"https:\/\/www.mes-allocs.fr\/guides\/wp-content\/uploads\/2020\/11\/Arre\\u0302t-maladie-et-cho\\u0302mage-comment-calculer-les-indemnite\\u0301s-verse\\u0301es-.jpg?wsr\",\"width\":1280,\"height\":853,\"caption\":\"Arre\\u0302t maladie et cho\\u0302mage comment calculer les indemnite\\u0301s verse\\u0301es\"},{\"@type\":\"WebPage\",\"@id\":\"https:\/\/www.mes-allocs.fr\/guides\/chomage\/calculer-chomage\/arret-maladie-chomage-calcul\/#webpage\",\"url\":\"https:\/\/www.mes-allocs.fr\/guides\/chomage\/calculer-chomage\/arret-maladie-chomage-calcul\/\",\"name\":\"Arr\\u00eat maladie et ch\\u00f4mage : quel calcul pour les indemnit\\u00e9s ?\",\"isPartOf\":{\"@id\":\"https:\/\/www.mes-allocs.fr\/guides\/#website\"},\"primaryImageOfPage\":{\"@id\":\"https:\/\/www.mes-allocs.fr\/guides\/chomage\/calculer-chomage\/arret-maladie-chomage-calcul\/#primaryimage\"},\"datePublished\":\"2020-11-27T08:47:19+00:00\",\"dateModified\":\"2025-07-02T13:19:00+00:00\",\"author\":{\"@id\":\"https:\/\/www.mes-allocs.fr\/guides\/#\/schema\/person\/0ecd61a8600573914d00d970a588c024\"},\"description\":\"En arr\\u00eat maladie au ch\\u00f4mage, il est possible de percevoir les indemnit\\u00e9s associ\\u00e9es \\u00e0 votre nouvelle situation.\",\"inLanguage\":\"fr-FR\"},{\"@type\":\"Person\",\"@id\":\"https:\/\/www.mes-allocs.fr\/guides\/#\/schema\/person\/0ecd61a8600573914d00d970a588c024\",\"name\":\"Jonathan\",\"image\":{\"@type\":\"ImageObject\",\"@id\":\"https:\/\/www.mes-allocs.fr\/guides\/#personlogo\",\"inLanguage\":\"fr-FR\",\"url\":\"https:\/\/www.mes-allocs.fr\/guides\/wp-content\/uploads\/2021\/06\/jonathan-150x150.png\",\"caption\":\"Jonathan\"},\"description\":\"Jonathan est r\\u00e9dacteur au sein de l'\\u00e9quipe Mes Allocs, sp\\u00e9cialis\\u00e9 sur les sujets li\\u00e9s au handicap. Dipl\\u00f4m\\u00e9e de l'UPEM, il rejoint Mes Allocs apr\\u00e8s avoir travaill\\u00e9 \\u00e0 l'association AEDE qui accompagne les adultes en situation de handicap. Quand il n'\\u00e9crit pas, on peut le retrouver sur un terrain de basket.\",\"sameAs\":[\"https:\/\/www.linkedin.com\/in\/jonathan-bambela-8637861b7\"]}]}<\/script>\n<!-- \/ Yoast SEO plugin. -->","amp_validity":null,"acf":{"faq":{"1":{"question":"Comment est calcul\u00e9 le ch\u00f4mage apr\u00e8s un arr\u00eat maladie ?","answer":"Dans ce cas, le SJR est \u00e9gal au salaire annuel de r\u00e9f\u00e9rence (SAR) divis\u00e9 par le nombre de jours travaill\u00e9s durant la p\u00e9riode de r\u00e9f\u00e9rence de calcul (PRC). Elle est constitu\u00e9e des 12 mois civils pr\u00e9c\u00e9dant le dernier jour de travail pay\u00e9."},"2":{"question":"Est-ce que je cotise pour le ch\u00f4mage en arr\u00eat maladie ?","answer":"Vous ne perdez pas vos droits aux allocations ch\u00f4mage. Mais le versement de votre ARE s'interrompt et est remplac\u00e9 par des indemnit\u00e9s journali\u00e8res de la S\u00e9curit\u00e9 sociale."},"3":{"question":"Quel salaire pris en compte pour le ch\u00f4mage ?","answer":"Ce sont vos derniers salaires bruts qui sont pris en charge pour le calcul du ch\u00f4mage. En outre, plus votre salaire \u00e9tait \u00e9lev\u00e9, plus votre allocation sera \u00e9lev\u00e9e. "},"4":{"question":"Quel perte de salaire en arr\u00eat maladie ?","answer":"La caisse de s\u00e9curit\u00e9 sociale vous verse une indemnit\u00e9 repr\u00e9sentant 50 % de votre salaire journalier de base."},"5":{"question":"Comment est calcul\u00e9 le ch\u00f4mage ?","answer":"Le montant journalier de votre allocation ch\u00f4mage est \u00e9gal au montant le plus \u00e9lev\u00e9 entre : 40,4 % de votre salaire journalier de r\u00e9f\u00e9rence (SJR) + 13,18 \u20ac."},"6":{"question":"Comment se calcul le ch\u00f4mage partiel ?","answer":"Dans le contexte de crise sanitaire actuel, le calcul revient \u00e0 appliquer 70% de salaire mensuel brut puis \u00e0 soustraire 6.7% de ce m\u00eame r\u00e9sultat.\r\nCalcul = (70% du mensuel brut) - ((70% du mensuel brut) * 6,7%)"},"7":{"question":"","answer":""},"8":{"question":"","answer":""},"9":{"question":"","answer":""},"10":{"question":"","answer":""},"11":{"question":"","answer":""},"12":{"question":"","answer":""},"13":{"question":"","answer":""},"14":{"question":"","answer":""},"15":{"question":"","answer":""},"16":{"question":"","answer":""}}},"_links":{"self":[{"href":"https:\/\/www.mes-allocs.fr\/guides\/wp-json\/wp\/v2\/posts\/13678","targetHints":{"allow":["GET"]}}],"collection":[{"href":"https:\/\/www.mes-allocs.fr\/guides\/wp-json\/wp\/v2\/posts"}],"about":[{"href":"https:\/\/www.mes-allocs.fr\/guides\/wp-json\/wp\/v2\/types\/post"}],"author":[{"embeddable":true,"href":"https:\/\/www.mes-allocs.fr\/guides\/wp-json\/wp\/v2\/users\/6"}],"replies":[{"embeddable":true,"href":"https:\/\/www.mes-allocs.fr\/guides\/wp-json\/wp\/v2\/comments?post=13678"}],"version-history":[{"count":22,"href":"https:\/\/www.mes-allocs.fr\/guides\/wp-json\/wp\/v2\/posts\/13678\/revisions"}],"predecessor-version":[{"id":101450,"href":"https:\/\/www.mes-allocs.fr\/guides\/wp-json\/wp\/v2\/posts\/13678\/revisions\/101450"}],"wp:featuredmedia":[{"embeddable":true,"href":"https:\/\/www.mes-allocs.fr\/guides\/wp-json\/wp\/v2\/media\/15207"}],"wp:attachment":[{"href":"https:\/\/www.mes-allocs.fr\/guides\/wp-json\/wp\/v2\/media?parent=13678"}],"wp:term":[{"taxonomy":"category","embeddable":true,"href":"https:\/\/www.mes-allocs.fr\/guides\/wp-json\/wp\/v2\/categories?post=13678"},{"taxonomy":"post_tag","embeddable":true,"href":"https:\/\/www.mes-allocs.fr\/guides\/wp-json\/wp\/v2\/tags?post=13678"}],"curies":[{"name":"wp","href":"https:\/\/api.w.org\/{rel}","templated":true}]}}