{"id":13639,"date":"2020-10-28T11:59:20","date_gmt":"2020-10-28T11:59:20","guid":{"rendered":"https:\/\/www.mes-allocs.fr\/guides\/?p=13639"},"modified":"2025-10-07T15:54:39","modified_gmt":"2025-10-07T13:54:39","slug":"calculer-le-chomage-d-un-apprenti","status":"publish","type":"post","link":"https:\/\/www.mes-allocs.fr\/guides\/chomage\/calculer-chomage\/calculer-le-chomage-d-un-apprenti\/","title":{"rendered":"Comment calculer le ch\u00f4mage d&rsquo;un apprenti ?"},"content":{"rendered":"<div class=\"brs_col\">\r\n<p>Si vous \u00eates inscrit \u00e0 P\u00f4le Emploi, vous pouvez b\u00e9n\u00e9ficier d&rsquo;allocations ch\u00f4mage. Et ce, 12 mois apr\u00e8s la perte de travail. Pour percevoir ces allocations, il faut n\u00e9anmoins avoir travaill\u00e9 durant une dur\u00e9e sp\u00e9cifique. <a href=\"https:\/\/www.mes-allocs.fr\/guides\/chomage\/calculer-chomage\/\">Les allocations vers\u00e9es seront calcul\u00e9es<\/a>, entre autres, sur cette base.<\/p>\r\n<div class='cta-block'><div class='text'>Simulez votre ch\u00f4mage en 2 min.<\/div><a href='https:\/\/www.mes-allocs.fr\/simulation-chomage?origin=guides\/wp-json\/wp\/v2\/posts\/13639' class='app-button fit'>Simulation gratuite<\/a><\/div>\r\n<h1 class=\"nVcaUb\"><b>Peut-on percevoir le ch\u00f4mage apr\u00e8s apprentissage ?<\/b><\/h1>\r\n<\/div>\r\n<header class=\"page-header\">\r\n<p class=\"entry-title page-title\">Vous pouvez toucher des allocations ch\u00f4mage apr\u00e8s apprentissage sous certaines conditions. Cela d\u00e9pend notamment de la fa\u00e7on dont votre contrat a pris fin, de la dur\u00e9e de votre cotisation, etc.<\/p>\r\n<p>Les allocations interviennent \u00e0 la fin de votre contrat d&rsquo;apprentissage si :<\/p>\r\n<ul>\r\n<li>ce dernier n&rsquo;est pas renouvel\u00e9,<\/li>\r\n<li>vous ne signez pas d&rsquo;autres contrats.<\/li>\r\n<\/ul>\r\n<\/header>\r\n<div class=\"entry-content clearfix\">Elles ont pour but de vous aider \u00e0 trouver un nouveau contrat de travail.\r\n<h3>Quelles sont les conditions fix\u00e9es ?<a href=\"https:\/\/www.mes-allocs.fr\/guides\/wp-content\/uploads\/2020\/10\/Quelles-sont-les-conditions-fixe\u0301es-.jpg\"><img loading=\"lazy\" decoding=\"async\" class=\"alignright wp-image-13941 size-medium\" src=\"https:\/\/www.mes-allocs.fr\/guides\/wp-content\/uploads\/2020\/10\/Quelles-sont-les-conditions-fixe\u0301es--300x149.jpg\" alt=\"Quelles sont les conditions fixe\u0301es ?\" width=\"300\" height=\"149\" srcset=\"https:\/\/www.mes-allocs.fr\/guides\/wp-content\/uploads\/2020\/10\/Quelles-sont-les-conditions-fixe\u0301es--300x149.jpg 300w, https:\/\/www.mes-allocs.fr\/guides\/wp-content\/uploads\/2020\/10\/Quelles-sont-les-conditions-fixe\u0301es--1024x509.jpg 1024w, https:\/\/www.mes-allocs.fr\/guides\/wp-content\/uploads\/2020\/10\/Quelles-sont-les-conditions-fixe\u0301es--768x382.jpg 768w, https:\/\/www.mes-allocs.fr\/guides\/wp-content\/uploads\/2020\/10\/Quelles-sont-les-conditions-fixe\u0301es--600x298.jpg 600w, https:\/\/www.mes-allocs.fr\/guides\/wp-content\/uploads\/2020\/10\/Quelles-sont-les-conditions-fixe\u0301es-.jpg 1280w\" sizes=\"auto, (max-width: 300px) 100vw, 300px\" \/><\/a><\/h3>\r\n<ul>\r\n<li><span class=\"ILfuVd NA6bn\"><span class=\"e24Kjd\">Avoir travaill\u00e9 au moins 4 mois au cours des 28 derniers mois;<\/span><\/span><\/li>\r\n<li>Ne pas avoir quitt\u00e9 volontairement votre poste;<\/li>\r\n<li>\u00catre physiquement apte \u00e0 exercer un emploi;<\/li>\r\n<li>\u00catre \u00e0 la recherche d\u2019un emploi.<\/li>\r\n<\/ul>\r\n<p><strong>Important : votre employeur doit vous remettre une attestation pour p\u00f4le emploi sur laquelle doit \u00eatre mentionn\u00e9 \u00ab rupture amiable \u00bb ou bien \u00ab fin de contrat \u00bb. Et ce, au terme de votre apprentissage.<\/strong><\/p>\r\n<p>Si vous n&rsquo;avez pas ce document, vous \u00eates consid\u00e9r\u00e9 par P\u00f4le Emploi comme \u00e0 l&rsquo;origine de la rupture de contrat. Donc, aucune possibilit\u00e9 d&rsquo;obtenir ces allocations ch\u00f4mage.\u00a0<\/p>\r\n<h1>Quelle\u00a0<span class=\"ILfuVd\"><span class=\"e24Kjd\">aide au retour \u00e0 l\u2019emploi (ARE) apr\u00e8s l\u2019apprentissage ? <a href=\"https:\/\/www.mes-allocs.fr\/guides\/wp-content\/uploads\/2020\/10\/Quelle-aide-au-retour-a\u0300-lemploi-ARE-apre\u0300s-lapprentissage-1-1.jpg\"><img loading=\"lazy\" decoding=\"async\" class=\"alignright wp-image-15759 size-medium\" src=\"https:\/\/www.mes-allocs.fr\/guides\/wp-content\/uploads\/2020\/10\/Quelle-aide-au-retour-a\u0300-lemploi-ARE-apre\u0300s-lapprentissage-1-1-300x200.jpg\" alt=\"Quelle aide au retour a\u0300 l\u2019emploi (ARE) apre\u0300s l\u2019apprentissage ?\" width=\"300\" height=\"200\" \/><\/a><\/span><\/span><\/h1>\r\n<ul>\r\n<li>Le montant de votre ARE \u00e9volue selon vos salaires per\u00e7us durant votre contrat d&rsquo;apprentissage. Il est calcul\u00e9 sur la base de <span class=\"ILfuVd\"><span class=\"e24Kjd\">votre ancien salaire journalier de r\u00e9f\u00e9rence (SJR).<\/span><\/span><\/li>\r\n<li>Il prend en compte l&rsquo;ensemble de vos <span class=\"ILfuVd\"><span class=\"e24Kjd\">salaires bruts per\u00e7us, ainsi que vos prime mais hors indemnit\u00e9s.<\/span><\/span><\/li>\r\n<\/ul>\r\n<p><strong>Pendant combien de temps l&rsquo;indemnit\u00e9 est-elle vers\u00e9e ?<\/strong><\/p>\r\n<ul>\r\n<li>Elle est attribu\u00e9e pendant une dur\u00e9e limit\u00e9e. Mais le plus souvent, elle est vers\u00e9e pendant une dur\u00e9e analogue \u00e0 la p\u00e9riode du contrat d\u2019apprentissage.<\/li>\r\n<li><strong>Attention : elle ne peux exc\u00e9der un d\u00e9lai de deux ans.<\/strong><\/li>\r\n<\/ul>\r\nL\u2019indemnit\u00e9 de ch\u00f4mage est accord\u00e9e pour une dur\u00e9e limit\u00e9e. G\u00e9n\u00e9ralement, la dur\u00e9e de l\u2019octroi de l\u2019indemnit\u00e9 de ch\u00f4mage est \u00e9gale \u00e0 la dur\u00e9e du contrat d\u2019apprentissage effectu\u00e9e. Toutefois, elle ne peut d\u00e9passer un d\u00e9lai de deux ans.<\/div>\r\n<p>Dans le cas o\u00f9 vous perdez involontairement un contrat d\u2019apprentissage ou de professionnalisation, vous touchez l&rsquo;allocation ch\u00f4mage selon les conditions qui s&rsquo;appliquent aux salari\u00e9s.<\/p>\r\n<div class=\"brs_col\">\r\n<section class=\"block-article-link color-candidat\"><\/section>\r\n<h1 class=\"nVcaUb\"><b>Comment toucher le ch\u00f4mage pendant l&rsquo;apprentissage ?<\/b><\/h1>\r\n<div class=\"g\">\r\n<h2 class=\"rc\" data-hveid=\"CAUQAA\" data-ved=\"2ahUKEwjK1-Wwq8XsAhUJzhoKHec_CcIQFSgAMAd6BAgFEAA\">Quelles sont les modalit\u00e9s de c<b>otisation ch\u00f4mage<\/b> apprenti ?<\/h2>\r\n<ol>\r\n<li>L&rsquo;ann\u00e9e derni\u00e8re, la <span class=\"ILfuVd NA6bn\"><span class=\"hgKElc\"><b>base forfaitaire<\/b>\u00a0des cotisations pour l&rsquo;<b>apprenti \u00e9tait \u00e9gale au SMIC en vigueur.<\/b><\/span><\/span><\/li>\r\n<li><span class=\"ILfuVd NA6bn\"><span class=\"hgKElc\"><b>Ce montant \u00e9tait ensuite multipli\u00e9 par un nombre d&rsquo;heures par mois (151.67 heures).<\/b><\/span><\/span><\/li>\r\n<li><span class=\"ILfuVd NA6bn\"><span class=\"hgKElc\"><b>Puis, 11 % \u00e9tait d\u00e9duit du r\u00e9sultat.<\/b><\/span><\/span><\/li>\r\n<\/ol>\r\n<p>Plus tard, la\u00a0loi de financement de la S\u00e9curit\u00e9 sociale (n\u00b0 2018-1203 du 22 d\u00e9cembre 2018) fait \u00e9voluer ce syst\u00e8me de calcul de cotisations sociales.\u00a0<strong>Attention, ces changements concernent<\/strong> les apprentis du secteur priv\u00e9<\/p>\r\n<ul>\r\n<li>La base forfaitaire apprenti a disparu. Le calcul des cotisations se fait sur la base de l\u2019assiette r\u00e9elle. En d&rsquo;autres termes, elle s&rsquo;exerce sur la r\u00e9mun\u00e9ration vers\u00e9e \u00e0 l\u2019apprenti. Ainsi, la totalit\u00e9 des \u00e9l\u00e9ments composant la r\u00e9mun\u00e9ration sont comptabilis\u00e9s : avantages en nature, esp\u00e8ces, etc.<\/li>\r\n<li>Les employeurs appliquent d\u00e9sormais la r\u00e9duction g\u00e9n\u00e9rale de cotisations patronales (anciennement appel\u00e9e r\u00e9duction Fillon). Elle est \u00e9tendue \u00e0 l\u2019AGIRC-ARRCO et \u00e0 l\u2019assurance ch\u00f4mage.<\/li>\r\n<li>L\u2019exon\u00e9ration de cotisations salariales demeure en vigueur. Et ce, uniquement pour la part de la r\u00e9mun\u00e9ration inf\u00e9rieure ou \u00e9gale \u00e0 79 % du SMIC (plafond \u00e9tabli par <a href=\"https:\/\/www.legifrance.gouv.fr\/affichTexte.do?cidTexte=JORFTEXT000037884677&amp;categorieLien=id\" target=\"_blank\" rel=\"noopener nofollow noreferrer\">d\u00e9cret 2018-1357 du 28 d\u00e9cembre<\/a>, JO du 30).<\/li>\r\n<\/ul>\r\n<div class=\"mod\" lang=\"fr-FR\" data-md=\"61\">\r\n<div class=\"LGOjhe\" role=\"heading\" data-attrid=\"wa:\/description\" aria-level=\"3\" data-hveid=\"CAcQAA\"><strong><span class=\"ILfuVd\"><span class=\"hgKElc\">Vous avez droit \u00e0 5 semaines de cong\u00e9s pay\u00e9s<\/span><\/span><span class=\"ILfuVd\"><span class=\"hgKElc\"> par an. Si vous avez<\/span><\/span><span class=\"ILfuVd\"><span class=\"hgKElc\"> moins de 21 ans au 30 avril de l&rsquo;ann\u00e9e pr\u00e9c\u00e9dente, vous pouvez demander des cong\u00e9s suppl\u00e9mentaires sans solde.<\/span><\/span><\/strong><\/div>\r\n<\/div>\r\n<\/div>\r\n<div class=\"mod\" data-md=\"61\">\r\n<div role=\"heading\" data-attrid=\"wa:\/description\" aria-level=\"3\" data-hveid=\"CAsQAA\">\r\n<h2>Comment calculer le chomage d un apprenti ?<a href=\"https:\/\/www.mes-allocs.fr\/guides\/wp-content\/uploads\/2020\/10\/Comment-calculer-le-chomage-d-un-apprenti-.jpg\"><img loading=\"lazy\" decoding=\"async\" class=\"alignright wp-image-13934 size-medium\" src=\"https:\/\/www.mes-allocs.fr\/guides\/wp-content\/uploads\/2020\/10\/Comment-calculer-le-chomage-d-un-apprenti--300x200.jpg\" alt=\"Comment calculer le chomage d un apprenti ?\" width=\"300\" height=\"200\" \/><\/a><\/h2>\r\n<ol>\r\n<li>Pole emploi calcule l\u2019allocation journali\u00e8re \u00e0 l&rsquo;aide des pourcentages 40,4% du salaire journalier de r\u00e9f\u00e9rence + 13.18\u20ac ou 57% du salaire journalier de r\u00e9f\u00e9rence.<\/li>\r\n<li>Si le r\u00e9sultat est\u00a0<strong>inf\u00e9rieur \u00e0 32,13 \u20ac, vous touchez l&rsquo;allocation minimale.<\/strong><\/li>\r\n<li>Elle ne peut exc\u00e9der <strong> 75 % de votre salaire journalier de r\u00e9f\u00e9rence<\/strong>.<\/li>\r\n<\/ol>\r\n<p><b>Attention, <\/b>des retenues peuvent \u00eatre pr\u00e9lev\u00e9es sur vos allocations, telles que :<\/p>\r\n<ul>\r\n<li>Participation finan\u00e7ant vos points de retraite compl\u00e9mentaire, dans le cas o\u00f9 le montant de votre allocation est sup\u00e9rieur \u00e0 32,13 \u20ac.<\/li>\r\n<li>Retenues au titre de la CSG et la CRDS si le montant de l\u2019allocation brute est sup\u00e9rieur ou \u00e9gal \u00e0 51\u20ac. L\u2019allocation ch\u00f4mage entre en effet dans le calcul de ces retenues sociales.<\/li>\r\n<\/ul>\r\n<p><iframe loading=\"lazy\" title=\"Tout savoir sur le ch\u00f4mage en France !\" width=\"500\" height=\"281\" src=\"https:\/\/www.youtube.com\/embed\/jgv9qS4jh7k?feature=oembed\" frameborder=\"0\" allow=\"accelerometer; autoplay; clipboard-write; encrypted-media; gyroscope; picture-in-picture; web-share\" referrerpolicy=\"strict-origin-when-cross-origin\" allowfullscreen><\/iframe><\/p>\r\n<\/div>\r\n<\/div>\r\n<h1><strong>Comment les allocations ch\u00f4mage sont-elles calcul\u00e9es ?<\/strong><\/h1>\r\n<p>En p\u00e9riode de ch\u00f4mage technique, l&rsquo;indemnit\u00e9 dont vous b\u00e9n\u00e9ficiez correspond \u00e0 une partie ou \u00e0 la totalit\u00e9 de votre ancien salaire. C&rsquo;est pour cela que le cumul prime + ch\u00f4mage existe. <!-- \/wp:post-content -->\r\n\r\n<!-- wp:paragraph --> \u00c0 noter que l&rsquo;indemnit\u00e9 est vers\u00e9e par votre employeur et <strong>repr\u00e9sente au moins 70 % de votre salaire brut horaire.<\/strong><\/p>\r\n<div class='cta-block'><div class='text'>Simulez votre ch\u00f4mage en 2 min.<\/div><a href='https:\/\/www.mes-allocs.fr\/simulation-chomage?origin=guides\/wp-json\/wp\/v2\/posts\/13639' class='app-button fit'>Simulation gratuite<\/a><\/div>\r\n<h1 class=\"nVcaUb\"><b>Comment calculer son salaire en ch\u00f4mage partiel ?<\/b><\/h1>\r\n<h2>Depuis le salaire brut<a href=\"https:\/\/www.mes-allocs.fr\/guides\/wp-content\/uploads\/2020\/10\/Depuis-le-salaire-brut.jpg\"><img loading=\"lazy\" decoding=\"async\" class=\"alignright size-medium wp-image-13940\" src=\"https:\/\/www.mes-allocs.fr\/guides\/wp-content\/uploads\/2020\/10\/Depuis-le-salaire-brut-300x149.jpg\" alt=\"Depuis le salaire brut\" width=\"300\" height=\"149\" srcset=\"https:\/\/www.mes-allocs.fr\/guides\/wp-content\/uploads\/2020\/10\/Depuis-le-salaire-brut-300x149.jpg 300w, https:\/\/www.mes-allocs.fr\/guides\/wp-content\/uploads\/2020\/10\/Depuis-le-salaire-brut-1024x509.jpg 1024w, https:\/\/www.mes-allocs.fr\/guides\/wp-content\/uploads\/2020\/10\/Depuis-le-salaire-brut-768x382.jpg 768w, https:\/\/www.mes-allocs.fr\/guides\/wp-content\/uploads\/2020\/10\/Depuis-le-salaire-brut-600x298.jpg 600w, https:\/\/www.mes-allocs.fr\/guides\/wp-content\/uploads\/2020\/10\/Depuis-le-salaire-brut.jpg 1280w\" sizes=\"auto, (max-width: 300px) 100vw, 300px\" \/><\/a><\/h2>\r\n<p>Depuis votre salaire brut, il faut rajouter diverses primes telles que :<\/p>\r\n<ul>\r\n<li>la prime de nuit,<\/li>\r\n<li>la prime d&rsquo;\u00e9quipe,<\/li>\r\n<li>la prime d&rsquo;anciennet\u00e9,<\/li>\r\n<li>la prime d&rsquo;habillage,<\/li>\r\n<li>etc.<\/li>\r\n<\/ul>\r\n<p><b>Voici un exemple de<\/b>\u00a0calcul\u00a0<b>ch\u00f4mage<\/b>\u00a0:<\/p>\r\n<ul>\r\n<li>un salaire mensuel brut de 2.000\u20ac,<\/li>\r\n<li>une prime d&rsquo;\u00e9quipe de 150\u20ac,<\/li>\r\n<li>350\u20ac de prime de nuit.<\/li>\r\n<\/ul>\r\n<p>Pour le calcul des indemnit\u00e9s d activit\u00e9 partielle, votre r\u00e9mun\u00e9ration brute sera calcul\u00e9e sur la base de 2.450\u20ac (2000 \u20ac + 150 \u20ac + 300\u20ac).<\/p>\r\n<h2 class=\"mt-5\">Depuis votre salaire net<a href=\"https:\/\/www.mes-allocs.fr\/guides\/wp-content\/uploads\/2020\/10\/Depuis-votre-salaire-net.jpg\"><img loading=\"lazy\" decoding=\"async\" class=\"alignright size-medium wp-image-13937\" src=\"https:\/\/www.mes-allocs.fr\/guides\/wp-content\/uploads\/2020\/10\/Depuis-votre-salaire-net-300x193.jpg\" alt=\"Depuis votre salaire net\" width=\"300\" height=\"193\" srcset=\"https:\/\/www.mes-allocs.fr\/guides\/wp-content\/uploads\/2020\/10\/Depuis-votre-salaire-net-300x193.jpg 300w, https:\/\/www.mes-allocs.fr\/guides\/wp-content\/uploads\/2020\/10\/Depuis-votre-salaire-net-1024x660.jpg 1024w, https:\/\/www.mes-allocs.fr\/guides\/wp-content\/uploads\/2020\/10\/Depuis-votre-salaire-net-768x495.jpg 768w, https:\/\/www.mes-allocs.fr\/guides\/wp-content\/uploads\/2020\/10\/Depuis-votre-salaire-net-600x387.jpg 600w, https:\/\/www.mes-allocs.fr\/guides\/wp-content\/uploads\/2020\/10\/Depuis-votre-salaire-net.jpg 1280w\" sizes=\"auto, (max-width: 300px) 100vw, 300px\" \/><\/a><\/h2>\r\n<p>Pour le calcul, il faut soustraire les \u00e9l\u00e9ments incluant un remboursement de frais, pr\u00e9sents sur votre bulletin de paie :<\/p>\r\n<ul>\r\n<li>indemnit\u00e9 de transport,<\/li>\r\n<li>indemnit\u00e9 de repas,<\/li>\r\n<li>etc.<\/li>\r\n<\/ul>\r\n<p><strong>L&rsquo;indemnit\u00e9 sera calcul\u00e9e sur la base de 1.850 \u20ac (2000 \u20ac &#8211; 150 \u20ac).<\/strong><\/p>\r\n<\/div>\r\n<div class=\"brs_col\">\r\n<h1 class=\"nVcaUb\"><b>Cfa P\u00f4le emploi : comment cela fonctionne ?<\/b><\/h1>\r\n<div>\r\n<div class=\"boxtitle\">Vous avez droit aux allocations dans les cas suivants :<\/div>\r\n<ul class=\"list-group\">\r\n<li class=\"list-group-item\">Contrat d\u2019apprentissage ou de professionnalisation arriv\u00e9 \u00e0 son terme ;<\/li>\r\n<li class=\"list-group-item\">Vous avez \u00e9t\u00e9 salari\u00e9 au moins 4 mois au cours des 28 derniers mois (avec un seul ou plusieurs contrats) ;<\/li>\r\n<li class=\"list-group-item\">Rupture du contrat avant son terme, d\u2019un commun accord entre vous et votre employeur. C&rsquo;est donc une rupture conventionnelle, consid\u00e9r\u00e9e comme une perte involontaire d&#8217;emploi.<\/li>\r\n<\/ul>\r\n<p>Pour percevoir ces aides, il faut s inscrire \u00e0 P\u00f4le Emploi. Vous avez la possibilit\u00e9 de le faire 12 mois apr\u00e8s la perte de votre emploi.<\/p>\r\n<\/div>\r\n<div>\r\n<div class='cta-block'><div class='text'>Simulez votre ch\u00f4mage en 2 min.<\/div><a href='https:\/\/www.mes-allocs.fr\/simulation-chomage?origin=guides\/wp-json\/wp\/v2\/posts\/13639' class='app-button fit'>Simulation gratuite<\/a><\/div>\r\n<\/div>\r\n<!-- wp:heading -->\r\n<h1>Quelle est la proc\u00e9dure d&rsquo;attribution de la prime alternance ?<\/h1>\r\n<!-- \/wp:heading -->\r\n\r\n<!-- wp:paragraph --> Depuis l&rsquo;annonce du minist\u00e8re de Travail, une aide est vers\u00e9e aux entreprises engageant des apprentis<strong>.<\/strong> <!-- \/wp:paragraph -->\r\n\r\n<!-- wp:paragraph --> L&rsquo;aide a pris la forme : <!-- \/wp:paragraph -->\r\n\r\n<!-- wp:list -->\r\n<ul>\r\n<li>d&rsquo;une prime d&rsquo;un montant de <strong>5.000 euros pour l\u2019embauche d\u2019alternants de moins de 18 ans<\/strong>,<\/li>\r\n<li>ou d&rsquo;un montant de <strong>8.000 euros pour les apprentis majeurs.<\/strong><\/li>\r\n<\/ul>\r\n<!-- \/wp:list -->\r\n\r\n<!-- wp:paragraph --> <strong>Cette prime concerne les entreprises de moins de 250 salari\u00e9s, sans condition.<\/strong><!-- \/wp:paragraph --><\/div>","protected":false},"excerpt":{"rendered":"<p>Si vous \u00eates inscrit \u00e0 P\u00f4le Emploi, vous pouvez b\u00e9n\u00e9ficier d&rsquo;allocations ch\u00f4mage. Et ce, 12 mois apr\u00e8s la perte de travail. Pour percevoir ces allocations, il faut n\u00e9anmoins avoir travaill\u00e9 durant une dur\u00e9e sp\u00e9cifique. Les allocations vers\u00e9es seront calcul\u00e9es, entre autres, sur cette base. Peut-on percevoir le ch\u00f4mage apr\u00e8s apprentissage ? Vous pouvez toucher des [&hellip;]<\/p>\n","protected":false},"author":9,"featured_media":13936,"comment_status":"open","ping_status":"open","sticky":false,"template":"","format":"standard","meta":{"amp_status":"","footnotes":""},"categories":[2990,2989],"tags":[],"class_list":["post-13639","post","type-post","status-publish","format-standard","has-post-thumbnail","hentry","category-calculer-chomage","category-chomage"],"yoast_head":"<!-- This site is optimized with the Yoast SEO plugin v14.9 - https:\/\/yoast.com\/wordpress\/plugins\/seo\/ -->\n<title>Comment calculer le ch\u00f4mage d&#039;un apprenti ? | Mes-Allocs.fr<\/title>\n<meta name=\"description\" content=\"Si vous \u00eates inscrit \u00e0 P\u00f4le Emploi, vous pouvez b\u00e9n\u00e9ficier d&#039;allocations ch\u00f4mage. Et ce, 12 mois apr\u00e8s la perte de travail.\" \/>\n<meta name=\"robots\" content=\"index, follow, max-snippet:-1, max-image-preview:large, max-video-preview:-1\" \/>\n<link rel=\"canonical\" href=\"https:\/\/www.mes-allocs.fr\/guides\/chomage\/calculer-chomage\/calculer-le-chomage-d-un-apprenti\/\" \/>\n<meta property=\"og:locale\" content=\"fr_FR\" \/>\n<meta property=\"og:type\" content=\"article\" \/>\n<meta property=\"og:title\" content=\"Comment calculer le ch\u00f4mage d&#039;un apprenti ? | Mes-Allocs.fr\" \/>\n<meta property=\"og:description\" content=\"Si vous \u00eates inscrit \u00e0 P\u00f4le Emploi, vous pouvez b\u00e9n\u00e9ficier d&#039;allocations ch\u00f4mage. Et ce, 12 mois apr\u00e8s la perte de travail.\" \/>\n<meta property=\"og:url\" content=\"https:\/\/www.mes-allocs.fr\/guides\/chomage\/calculer-chomage\/calculer-le-chomage-d-un-apprenti\/\" \/>\n<meta property=\"og:site_name\" content=\"Mes-Allocs.fr\" \/>\n<meta property=\"article:published_time\" content=\"2020-10-28T11:59:20+00:00\" \/>\n<meta property=\"article:modified_time\" content=\"2025-10-07T13:54:39+00:00\" \/>\n<meta property=\"og:image\" content=\"https:\/\/www.mes-allocs.fr\/guides\/wp-content\/uploads\/2020\/10\/Comment-calculer-le-cho\u0302mage-dun-apprenti-.jpg?wsr\" \/>\n\t<meta property=\"og:image:width\" content=\"1280\" \/>\n\t<meta property=\"og:image:height\" content=\"853\" \/>\n<meta name=\"twitter:card\" content=\"summary_large_image\" \/>\n<script type=\"application\/ld+json\" class=\"yoast-schema-graph\">{\"@context\":\"https:\/\/schema.org\",\"@graph\":[{\"@type\":\"WebSite\",\"@id\":\"https:\/\/www.mes-allocs.fr\/guides\/#website\",\"url\":\"https:\/\/www.mes-allocs.fr\/guides\/\",\"name\":\"Mes-Allocs.fr\",\"description\":\"\",\"potentialAction\":[{\"@type\":\"SearchAction\",\"target\":\"https:\/\/www.mes-allocs.fr\/guides\/?s={search_term_string}\",\"query-input\":\"required name=search_term_string\"}],\"inLanguage\":\"fr-FR\"},{\"@type\":\"ImageObject\",\"@id\":\"https:\/\/www.mes-allocs.fr\/guides\/chomage\/calculer-chomage\/calculer-le-chomage-d-un-apprenti\/#primaryimage\",\"inLanguage\":\"fr-FR\",\"url\":\"https:\/\/www.mes-allocs.fr\/guides\/wp-content\/uploads\/2020\/10\/Comment-calculer-le-cho\\u0302mage-dun-apprenti-.jpg?wsr\",\"width\":1280,\"height\":853,\"caption\":\"Comment calculer le cho\\u0302mage dun apprenti\"},{\"@type\":\"WebPage\",\"@id\":\"https:\/\/www.mes-allocs.fr\/guides\/chomage\/calculer-chomage\/calculer-le-chomage-d-un-apprenti\/#webpage\",\"url\":\"https:\/\/www.mes-allocs.fr\/guides\/chomage\/calculer-chomage\/calculer-le-chomage-d-un-apprenti\/\",\"name\":\"Comment calculer le ch\\u00f4mage d'un apprenti ? | Mes-Allocs.fr\",\"isPartOf\":{\"@id\":\"https:\/\/www.mes-allocs.fr\/guides\/#website\"},\"primaryImageOfPage\":{\"@id\":\"https:\/\/www.mes-allocs.fr\/guides\/chomage\/calculer-chomage\/calculer-le-chomage-d-un-apprenti\/#primaryimage\"},\"datePublished\":\"2020-10-28T11:59:20+00:00\",\"dateModified\":\"2025-10-07T13:54:39+00:00\",\"author\":{\"@id\":\"https:\/\/www.mes-allocs.fr\/guides\/#\/schema\/person\/e4e762c89158b34a332446d26f02fd56\"},\"description\":\"Si vous \\u00eates inscrit \\u00e0 P\\u00f4le Emploi, vous pouvez b\\u00e9n\\u00e9ficier d'allocations ch\\u00f4mage. Et ce, 12 mois apr\\u00e8s la perte de travail.\",\"inLanguage\":\"fr-FR\"},{\"@type\":\"Person\",\"@id\":\"https:\/\/www.mes-allocs.fr\/guides\/#\/schema\/person\/e4e762c89158b34a332446d26f02fd56\",\"name\":\"Marylou\",\"image\":{\"@type\":\"ImageObject\",\"@id\":\"https:\/\/www.mes-allocs.fr\/guides\/#personlogo\",\"inLanguage\":\"fr-FR\",\"url\":\"https:\/\/www.mes-allocs.fr\/guides\/wp-content\/uploads\/2021\/06\/marylou-150x150.png\",\"caption\":\"Marylou\"},\"description\":\"Marylou est r\\u00e9dactrice au sein de l'\\u00e9quipe Mes Allocs, sp\\u00e9cialiste des sujets de soci\\u00e9t\\u00e9 en g\\u00e9n\\u00e9ral. Dipl\\u00f4m\\u00e9e de l'Institut Sup\\u00e9rieur de Formation au Journalisme, elle rejoint Mes Allocs apr\\u00e8s cr\\u00e9\\u00e9 son premier blog personnel.\",\"sameAs\":[\"https:\/\/www.linkedin.com\/in\/marylou-pr\\u00e9vost\"]}]}<\/script>\n<!-- \/ Yoast SEO plugin. -->","amp_validity":null,"acf":{"faq":{"1":{"question":"Est-ce qu'un apprenti peut toucher le ch\u00f4mage ?","answer":"Vous devez avoir \u00e9t\u00e9 salari\u00e9 au moins 4 mois au cours des 28 derniers mois afin d'\u00eatre \u00e9ligible au ch\u00f4mage, \u00e0 la fin de votre contrat.\r\n"},"2":{"question":"Quel droit ch\u00f4mage apr\u00e8s licenciement economique ?","answer":"Vous avez droit aux allocations ch\u00f4mage et \u00e0 l'allocation de retour \u00e0 l'emploi (ARE), \u00e0 condition de remplir les crit\u00e8res associ\u00e9s \u00e0 cette aide. Vous devez pour cela s'inscrire \u00e0 P\u00f4le emploi en tant que demandeur d'emploi. "},"3":{"question":"Quel pourcentage du salaire pour le ch\u00f4mage ?","answer":"Le montant journalier de votre allocation ch\u00f4mage \u00e9quivaut au montant le plus \u00e9lev\u00e9 entre : 40,4 % de votre salaire journalier de r\u00e9f\u00e9rence* (SJR) + 12,05\u20ac (depuis le 01\/07\/2020) ; 57 % de votre SJR.\r\n"},"4":{"question":"Quels sont les avantages d'un licenciement \u00e9conomique ?","answer":"Dans ce cas, votre situation est prot\u00e9g\u00e9e. Par exemple, \u00e0 travers l'indemnit\u00e9 compensatrice de cong\u00e9s pay\u00e9s : tous vos cong\u00e9s pay\u00e9s non utilis\u00e9s vous sont d\u00fbs par votre employeur."},"5":{"question":"Quels sont mes droits lors d'un licenciement \u00e9conomique ?","answer":"Vous avez droit \u00e0 plusieurs indemnit\u00e9s dont :\r\n- indemnit\u00e9 de licenciement;\r\n- indemnit\u00e9 compensatrice de pr\u00e9avis;\r\n- indemnit\u00e9 compensatrice de cong\u00e9s pay\u00e9s."},"6":{"question":"","answer":""},"7":{"question":"","answer":""},"8":{"question":"","answer":""},"9":{"question":"","answer":""},"10":{"question":"","answer":""},"11":{"question":"","answer":""},"12":{"question":"","answer":""},"13":{"question":"","answer":""},"14":{"question":"","answer":""},"15":{"question":"","answer":""},"16":{"question":"","answer":""}}},"_links":{"self":[{"href":"https:\/\/www.mes-allocs.fr\/guides\/wp-json\/wp\/v2\/posts\/13639","targetHints":{"allow":["GET"]}}],"collection":[{"href":"https:\/\/www.mes-allocs.fr\/guides\/wp-json\/wp\/v2\/posts"}],"about":[{"href":"https:\/\/www.mes-allocs.fr\/guides\/wp-json\/wp\/v2\/types\/post"}],"author":[{"embeddable":true,"href":"https:\/\/www.mes-allocs.fr\/guides\/wp-json\/wp\/v2\/users\/9"}],"replies":[{"embeddable":true,"href":"https:\/\/www.mes-allocs.fr\/guides\/wp-json\/wp\/v2\/comments?post=13639"}],"version-history":[{"count":25,"href":"https:\/\/www.mes-allocs.fr\/guides\/wp-json\/wp\/v2\/posts\/13639\/revisions"}],"predecessor-version":[{"id":104401,"href":"https:\/\/www.mes-allocs.fr\/guides\/wp-json\/wp\/v2\/posts\/13639\/revisions\/104401"}],"wp:featuredmedia":[{"embeddable":true,"href":"https:\/\/www.mes-allocs.fr\/guides\/wp-json\/wp\/v2\/media\/13936"}],"wp:attachment":[{"href":"https:\/\/www.mes-allocs.fr\/guides\/wp-json\/wp\/v2\/media?parent=13639"}],"wp:term":[{"taxonomy":"category","embeddable":true,"href":"https:\/\/www.mes-allocs.fr\/guides\/wp-json\/wp\/v2\/categories?post=13639"},{"taxonomy":"post_tag","embeddable":true,"href":"https:\/\/www.mes-allocs.fr\/guides\/wp-json\/wp\/v2\/tags?post=13639"}],"curies":[{"name":"wp","href":"https:\/\/api.w.org\/{rel}","templated":true}]}}