{"id":13504,"date":"2020-10-19T07:38:12","date_gmt":"2020-10-19T07:38:12","guid":{"rendered":"https:\/\/www.mes-allocs.fr\/guides\/?p=13504"},"modified":"2025-12-04T18:18:19","modified_gmt":"2025-12-04T17:18:19","slug":"acre-et-prime-de-noel","status":"publish","type":"post","link":"https:\/\/www.mes-allocs.fr\/guides\/prime-de-noel\/prime-de-noel-cumul\/acre-et-prime-de-noel\/","title":{"rendered":"ACRE et prime de No\u00ebl : \u00eates-vous vraiment \u00e9ligible en 2025 ?"},"content":{"rendered":"<p><img loading=\"lazy\" decoding=\"async\" class=\"aligncenter wp-image-105470 size-full\" title=\"prime noel acre\" src=\"https:\/\/www.mes-allocs.fr\/guides\/wp-content\/uploads\/2020\/10\/prime-noel-acre-e1762249612646.jpg\" alt=\"prime noel acre\" width=\"1920\" height=\"300\" srcset=\"https:\/\/www.mes-allocs.fr\/guides\/wp-content\/uploads\/2020\/10\/prime-noel-acre-e1762249612646.jpg 1920w, https:\/\/www.mes-allocs.fr\/guides\/wp-content\/uploads\/2020\/10\/prime-noel-acre-e1762249612646-300x47.jpg 300w, https:\/\/www.mes-allocs.fr\/guides\/wp-content\/uploads\/2020\/10\/prime-noel-acre-e1762249612646-1024x160.jpg 1024w, https:\/\/www.mes-allocs.fr\/guides\/wp-content\/uploads\/2020\/10\/prime-noel-acre-e1762249612646-768x120.jpg 768w, https:\/\/www.mes-allocs.fr\/guides\/wp-content\/uploads\/2020\/10\/prime-noel-acre-e1762249612646-1536x240.jpg 1536w, https:\/\/www.mes-allocs.fr\/guides\/wp-content\/uploads\/2020\/10\/prime-noel-acre-e1762249612646-600x94.jpg 600w\" sizes=\"auto, (max-width: 1920px) 100vw, 1920px\" \/><\/p>\n<p style=\"text-align: justify;\">[Mis \u00e0 jour le 04\/12\/2025] La prime de No\u00ebl est une prestation vers\u00e9e principalement aux personnes percevant le RSA, mais pas que. En effet, les cr\u00e9ateurs ou repreneurs d\u2019entreprise qui optent pour l\u2019ACRE en tant qu\u2019ancien b\u00e9n\u00e9ficiaire de l\u2019ASS peuvent \u00e9galement, dans certains cas, recevoir la prime de No\u00ebl. Mais comment <a href=\"https:\/\/www.mes-allocs.fr\/guides\/prime-de-noel\/prime-de-noel-cumul\/\">cumuler la prime de No\u00ebl<\/a> avec une aide de France Travail ? Mes Allocs vous explique tout sur la <strong>prime de No\u00ebl pour les b\u00e9n\u00e9ficiaires de l&rsquo;ACRE<\/strong>.<\/p>\n<div class='cta-block'><div class='text'>Simulez votre prime de No\u00ebl en 2 min.<\/div><a href='https:\/\/www.mes-allocs.fr\/ab-app?origin=guides\/wp-json\/wp\/v2\/posts\/13504' class='app-button fit'>Simulation gratuite<\/a><\/div>\n<h1>Peut-on cumuler l&rsquo;ACRE et la prime de No\u00ebl ?<\/h1>\n<p><strong>Oui<\/strong>, il est possible de cumuler l\u2019ACRE (Aide \u00e0 la Cr\u00e9ation ou \u00e0 la Reprise d\u2019Entreprise) et la prime de No\u00ebl, mais sous certaines conditions.<\/p>\n<p>Ces deux dispositifs n\u2019ont pas le m\u00eame objectif ni le m\u00eame mode d\u2019attribution :<\/p>\n<ul>\n<li>L\u2019<strong>ACRE<\/strong> est une aide destin\u00e9e aux cr\u00e9ateurs ou repreneurs d\u2019entreprise. Elle consiste en une exon\u00e9ration partielle de cotisations sociales pendant la premi\u00e8re ann\u00e9e d\u2019activit\u00e9, et dans certains cas, un accompagnement.<\/li>\n<li>La <strong>prime de No\u00ebl<\/strong>, vers\u00e9e chaque ann\u00e9e en d\u00e9cembre, est une aide exceptionnelle destin\u00e9e aux b\u00e9n\u00e9ficiaires de minima sociaux (RSA, ASS, AER, etc.) pour les aider \u00e0 faire face aux d\u00e9penses de fin d\u2019ann\u00e9e.<\/li>\n<\/ul>\n<p>Ainsi, le cumul est possible uniquement si vous remplissez les conditions d\u2019\u00e9ligibilit\u00e9 \u00e0 la prime de No\u00ebl au moment de son versement. Autrement dit, si vous percevez toujours le RSA socle ou une autre allocation ouvrant droit \u00e0 la prime de No\u00ebl, vous pouvez la recevoir m\u00eame si vous b\u00e9n\u00e9ficiez de l\u2019ACRE dans le cadre de votre activit\u00e9 ind\u00e9pendante.<\/p>\n<p>En revanche, si votre activit\u00e9 professionnelle (m\u00eame avec l\u2019ACRE) entra\u00eene la fin du versement du RSA, de l\u2019ASS ou de l\u2019AER, <strong>vous ne serez plus \u00e9ligible \u00e0 la prime de No\u00ebl<\/strong>.<\/p>\n<p><div class='shortcode important'><div class='title'>Important<\/div><div class='content'>Le fait d\u2019\u00eatre b\u00e9n\u00e9ficiaire de l\u2019ACRE <strong>n\u2019ouvre pas automatiquement le droit \u00e0 la prime de No\u00ebl<\/strong>. Votre \u00e9ligibilit\u00e9 est conditionn\u00e9e \u00e0 la perception d&rsquo;une des aides \u00e9ligibles.<\/div><\/div><!-- notionvc: f5db5d6f-e067-40af-a85a-dbd8a559a4f2 --><\/p>\n<p><iframe loading=\"lazy\" src=\"\/\/www.youtube.com\/embed\/JSd0X11Muig\" width=\"560\" height=\"314\" allowfullscreen=\"allowfullscreen\" data-mce-fragment=\"1\"><\/iframe><\/p>\n<h1>Quelles conditions remplir pour percevoir la prime de No\u00ebl ?<\/h1>\n<p>Pour y avoir droit, il faut remplir les conditions suivantes :<\/p>\n<ul>\n<li>R\u00e9sider en France de mani\u00e8re stable et effective ;<\/li>\n<li>Percevoir au mois de <strong>novembre<\/strong> ou <strong>d\u00e9cembre 2025<\/strong> l\u2019une des allocations suivantes :\n<ul>\n<li>l\u2019ACRE (aide \u00e0 la cr\u00e9ation d\u2019entreprise) <strong>seulement si vous \u00e9tiez \u00e0 l\u2019ASS avant<\/strong><\/li>\n<li>le Revenu de Solidarit\u00e9 Active (RSA),<\/li>\n<li>l&rsquo;Allocation de Solidarit\u00e9 Sp\u00e9cifique (ASS),<\/li>\n<li>l\u2019Allocation \u00c9quivalent Retraite (AER),<\/li>\n<li>la Prime Forfaitaire pour reprise d\u2019activit\u00e9 (dans certains cas pr\u00e9cis),<\/li>\n<li>la Prime Transitoire de Solidarit\u00e9,<\/li>\n<li>une r\u00e9mun\u00e9ration de formation vers\u00e9e par France Travail si elle fait suite \u00e0 un versement d\u2019ASS.<\/li>\n<\/ul>\n<\/li>\n<\/ul>\n<div class='cta-block'><div class='text'>Simulez votre prime de No\u00ebl en 2 min.<\/div><a href='https:\/\/www.mes-allocs.fr\/ab-app?origin=guides\/wp-json\/wp\/v2\/posts\/13504' class='app-button fit'>Simulation gratuite<\/a><\/div>\n<h1>Dans quels cas un b\u00e9n\u00e9ficiaire de l\u2019ACRE peut-il recevoir la prime de No\u00ebl ?<\/h1>\n<p>Un b\u00e9n\u00e9ficiaire de l\u2019ACRE (Aide \u00e0 la Cr\u00e9ation ou \u00e0 la Reprise d\u2019Entreprise) peut tout \u00e0 fait percevoir la prime de No\u00ebl, mais uniquement dans <strong>certaines situations pr\u00e9cises<\/strong>.<\/p>\n<h2>Si le b\u00e9n\u00e9ficiaire de l\u2019ACRE per\u00e7oit encore le RSA socle<\/h2>\n<p>C\u2019est le cas le plus fr\u00e9quent. Si, malgr\u00e9 la cr\u00e9ation de votre entreprise vous touchez encore le RSA socle (parce que vos revenus d\u2019activit\u00e9 sont faibles), en plus de b\u00e9n\u00e9ficier de l&rsquo;ACRE, alors vous \u00eates \u00e9ligible \u00e0 la prime de No\u00ebl.<\/p>\n<h2>Si le b\u00e9n\u00e9ficiaire de l\u2019ACRE touche la Prime Forfaitaire pour reprise d\u2019activit\u00e9<\/h2>\n<p>Les personnes qui reprennent ou cr\u00e9ent une activit\u00e9 apr\u00e8s une p\u00e9riode de ch\u00f4mage et qui b\u00e9n\u00e9ficient de la Prime Forfaitaire pour reprise d\u2019activit\u00e9 peuvent aussi recevoir la prime de No\u00ebl.<\/p>\n<div class='shortcode tips'><div class='title'>Exemple<\/div><div class='content'>Vous \u00eates un ancien b\u00e9n\u00e9ficiaire du RSA, vous d\u00e9marrez une activit\u00e9 ind\u00e9pendante avec l\u2019ACRE et vous percevez la prime forfaitaire de reprise d\u2019activit\u00e9. Dans ce cas, vous pourrez cumuler les deux aides, y compris la prime de No\u00ebl.<\/div><\/div>\n<h2>Si le b\u00e9n\u00e9ficiaire de l\u2019ACRE touche l\u2019ASS ou l\u2019AER<\/h2>\n<p>Si, avant de cr\u00e9er votre entreprise, vous b\u00e9n\u00e9ficiez de l\u2019Allocation de Solidarit\u00e9 Sp\u00e9cifique (ASS) ou de l\u2019Allocation \u00c9quivalent Retraite (AER), vous pouvez continuer \u00e0 percevoir ces allocations sous certaines conditions. Et tant que vous restez allocataire de l\u2019une de ces aides en novembre ou d\u00e9cembre, vous recevrez la prime de No\u00ebl automatiquement via France Travail.<\/p>\n<h1>B\u00e9n\u00e9ficiaire de l&rsquo;ACRE : quel est le montant de la prime de No\u00ebl ?<\/h1>\n<p style=\"text-align: justify;\">Les personnes qui b\u00e9n\u00e9ficient de l&rsquo;ACRE ont un montant de prime de No\u00ebl fixe, qui est de <strong>152,45 \u20ac<\/strong>. C\u2019est un montant fixe, et contrairement \u00e0 la prime de No\u00ebl vers\u00e9e par la CAF ou la MSA, le montant ne varie pas selon la composition du foyer.<\/p>\n<h1>Comment obtenir la prime de No\u00ebl quand on b\u00e9n\u00e9ficie de l&rsquo;ACRE ?<\/h1>\n<p style=\"text-align: justify;\">Le versement de la prime est automatique pour les personnes touchant l\u2019ACRE.\u00a0Vous n&rsquo;avez donc <strong>aucune d\u00e9marche<\/strong> \u00e0 effectuer. L\u2019aide vous sera vers\u00e9e d\u00e8s le 16 d\u00e9cembre 2025 par France Travail.<\/p>\n<p style=\"text-align: justify;\">Si quelques jours plus tard vous n\u2019avez rien re\u00e7u, il se peut qu\u2019il s\u2019agisse d\u2019un simple retard. En cas de besoin, vous pouvez contacter France Travail pour connaitre l&rsquo;\u00e9tat du paiement.<\/p>\n<h1>Comment savoir si vous \u00eates \u00e9ligible \u00e0 la prime de No\u00ebl ?<\/h1>\n<p style=\"text-align: justify;\">Afin de savoir <strong>si vous allez percevoir l\u2019aide de fin d\u2019ann\u00e9e<\/strong>, le montant et la date de versement selon votre situation, nous vous proposons de faire une simulation gratuite de vos droits. C&rsquo;est simple, rapide, et vous obtenez un r\u00e9sultat en 2 minutes.<\/p>\n<p style=\"text-align: justify;\"><div class='cta-block'><div class='text'>Simulez votre prime de No\u00ebl en 2 min.<\/div><a href='https:\/\/www.mes-allocs.fr\/ab-app?origin=guides\/wp-json\/wp\/v2\/posts\/13504' class='app-button fit'>Simulation gratuite<\/a><\/div><\/p>\n","protected":false},"excerpt":{"rendered":"<p>[Mis \u00e0 jour le 04\/12\/2025] La prime de No\u00ebl est une prestation vers\u00e9e principalement aux personnes percevant le RSA, mais pas que. En effet, les cr\u00e9ateurs ou repreneurs d\u2019entreprise qui optent pour l\u2019ACRE en tant qu\u2019ancien b\u00e9n\u00e9ficiaire de l\u2019ASS peuvent \u00e9galement, dans certains cas, recevoir la prime de No\u00ebl. Mais comment cumuler la prime de [&hellip;]<\/p>\n","protected":false},"author":6,"featured_media":13511,"comment_status":"open","ping_status":"open","sticky":false,"template":"","format":"standard","meta":{"amp_status":"","footnotes":""},"categories":[31,38913],"tags":[],"class_list":["post-13504","post","type-post","status-publish","format-standard","has-post-thumbnail","hentry","category-prime-de-noel","category-prime-de-noel-cumul"],"yoast_head":"<!-- This site is optimized with the Yoast SEO plugin v14.9 - https:\/\/yoast.com\/wordpress\/plugins\/seo\/ -->\n<title>ACRE et prime de No\u00ebl : \u00eates-vous vraiment \u00e9ligible en 2025 ?<\/title>\n<meta name=\"description\" content=\"Les personnes b\u00e9n\u00e9ficiant de l&#039;ACRE peuvent parfois avoir droit \u00e0 la prime de No\u00ebl. Mes Allocs vous explique si vous \u00eates \u00e9ligible.\" \/>\n<meta name=\"robots\" content=\"index, follow, max-snippet:-1, max-image-preview:large, max-video-preview:-1\" \/>\n<link rel=\"canonical\" href=\"https:\/\/www.mes-allocs.fr\/guides\/prime-de-noel\/prime-de-noel-cumul\/acre-et-prime-de-noel\/\" \/>\n<meta property=\"og:locale\" content=\"fr_FR\" \/>\n<meta property=\"og:type\" content=\"article\" \/>\n<meta property=\"og:title\" content=\"ACRE et prime de No\u00ebl : \u00eates-vous vraiment \u00e9ligible en 2025 ?\" \/>\n<meta property=\"og:description\" content=\"Les personnes b\u00e9n\u00e9ficiant de l&#039;ACRE peuvent parfois avoir droit \u00e0 la prime de No\u00ebl. Mes Allocs vous explique si vous \u00eates \u00e9ligible.\" \/>\n<meta property=\"og:url\" content=\"https:\/\/www.mes-allocs.fr\/guides\/prime-de-noel\/prime-de-noel-cumul\/acre-et-prime-de-noel\/\" \/>\n<meta property=\"og:site_name\" content=\"Mes-Allocs.fr\" \/>\n<meta property=\"article:published_time\" content=\"2020-10-19T07:38:12+00:00\" \/>\n<meta property=\"article:modified_time\" content=\"2025-12-04T17:18:19+00:00\" \/>\n<meta property=\"og:image\" content=\"https:\/\/www.mes-allocs.fr\/guides\/wp-content\/uploads\/2020\/10\/decoration-4713177_1280.jpg?wsr\" \/>\n\t<meta property=\"og:image:width\" content=\"1280\" \/>\n\t<meta property=\"og:image:height\" content=\"854\" \/>\n<meta name=\"twitter:card\" content=\"summary_large_image\" \/>\n<script type=\"application\/ld+json\" class=\"yoast-schema-graph\">{\"@context\":\"https:\/\/schema.org\",\"@graph\":[{\"@type\":\"WebSite\",\"@id\":\"https:\/\/www.mes-allocs.fr\/guides\/#website\",\"url\":\"https:\/\/www.mes-allocs.fr\/guides\/\",\"name\":\"Mes-Allocs.fr\",\"description\":\"\",\"potentialAction\":[{\"@type\":\"SearchAction\",\"target\":\"https:\/\/www.mes-allocs.fr\/guides\/?s={search_term_string}\",\"query-input\":\"required name=search_term_string\"}],\"inLanguage\":\"fr-FR\"},{\"@type\":\"ImageObject\",\"@id\":\"https:\/\/www.mes-allocs.fr\/guides\/prime-de-noel\/prime-de-noel-cumul\/acre-et-prime-de-noel\/#primaryimage\",\"inLanguage\":\"fr-FR\",\"url\":\"https:\/\/www.mes-allocs.fr\/guides\/wp-content\/uploads\/2020\/10\/decoration-4713177_1280.jpg?wsr\",\"width\":1280,\"height\":854,\"caption\":\"decoration 4713177 1280 e1602758313550\"},{\"@type\":\"WebPage\",\"@id\":\"https:\/\/www.mes-allocs.fr\/guides\/prime-de-noel\/prime-de-noel-cumul\/acre-et-prime-de-noel\/#webpage\",\"url\":\"https:\/\/www.mes-allocs.fr\/guides\/prime-de-noel\/prime-de-noel-cumul\/acre-et-prime-de-noel\/\",\"name\":\"ACRE et prime de No\\u00ebl : \\u00eates-vous vraiment \\u00e9ligible en 2025 ?\",\"isPartOf\":{\"@id\":\"https:\/\/www.mes-allocs.fr\/guides\/#website\"},\"primaryImageOfPage\":{\"@id\":\"https:\/\/www.mes-allocs.fr\/guides\/prime-de-noel\/prime-de-noel-cumul\/acre-et-prime-de-noel\/#primaryimage\"},\"datePublished\":\"2020-10-19T07:38:12+00:00\",\"dateModified\":\"2025-12-04T17:18:19+00:00\",\"author\":{\"@id\":\"https:\/\/www.mes-allocs.fr\/guides\/#\/schema\/person\/0ecd61a8600573914d00d970a588c024\"},\"description\":\"Les personnes b\\u00e9n\\u00e9ficiant de l'ACRE peuvent parfois avoir droit \\u00e0 la prime de No\\u00ebl. Mes Allocs vous explique si vous \\u00eates \\u00e9ligible.\",\"inLanguage\":\"fr-FR\"},{\"@type\":\"Person\",\"@id\":\"https:\/\/www.mes-allocs.fr\/guides\/#\/schema\/person\/0ecd61a8600573914d00d970a588c024\",\"name\":\"Jonathan\",\"image\":{\"@type\":\"ImageObject\",\"@id\":\"https:\/\/www.mes-allocs.fr\/guides\/#personlogo\",\"inLanguage\":\"fr-FR\",\"url\":\"https:\/\/www.mes-allocs.fr\/guides\/wp-content\/uploads\/2021\/06\/jonathan-150x150.png\",\"caption\":\"Jonathan\"},\"description\":\"Jonathan est r\\u00e9dacteur au sein de l'\\u00e9quipe Mes Allocs, sp\\u00e9cialis\\u00e9 sur les sujets li\\u00e9s au handicap. Dipl\\u00f4m\\u00e9e de l'UPEM, il rejoint Mes Allocs apr\\u00e8s avoir travaill\\u00e9 \\u00e0 l'association AEDE qui accompagne les adultes en situation de handicap. Quand il n'\\u00e9crit pas, on peut le retrouver sur un terrain de basket.\",\"sameAs\":[\"https:\/\/www.linkedin.com\/in\/jonathan-bambela-8637861b7\"]}]}<\/script>\n<!-- \/ Yoast SEO plugin. -->","amp_validity":null,"acf":{"faq":{"1":{"question":"Est-ce qu'on peut cumuler ACRE et prime de noel ? ","answer":"Oui tout \u00e0 fait. Attention, si vous b\u00e9n\u00e9ficiez de l'ARE par contre vous n'\u00eates pas \u00e9ligible \u00e0 la prime de Noel. \r\n"},"2":{"question":"Quand est vers\u00e9e la prime de Noel ? ","answer":"La prime de Noel est vers\u00e9e d\u00e8s le 16 d\u00e9cembre 2025."},"3":{"question":"Peut-on cumuler AAH et prime de Noel ? ","answer":"Non, ces deux aides ne sont pas cumulables, bien qu'elles s'adressent aux personnes qui b\u00e9n\u00e9ficient de minimas sociaux. "},"4":{"question":"Qu'est-ce que la prime de Noel ? ","answer":"La prime de Noel est un dispositif en vigueur depuis 1998. Elle est destin\u00e9e aux personnes b\u00e9n\u00e9ficiant de minimas sociaux mais pas que. Vous pouvez consulter nos articles pour plus d'informations."},"5":{"question":"Quel est le montant de la prime de No\u00ebl ?","answer":"Si elle est vers\u00e9e par P\u00f4le Emploi, le montant de la prime de noel est de 152,45 euros.\r\nSi elles est vers\u00e9e par la CAF, son montant varie selon la composition du foyer :\r\n\r\nPersonne seule : 152,45 euros\r\nCouple sans enfants : 228,67 euros\r\nCouple avec 1 enfant : 274,41 euros"},"6":{"question":"Qui peut b\u00e9n\u00e9ficier la prime de Noel ? ","answer":"Pour b\u00e9n\u00e9ficier de la prime exceptionnelle de fin d'ann\u00e9e, vous devez percevoir l'une des aides suivantes :\r\nLe RSA\r\nL'Allocation de Solidarit\u00e9 Sp\u00e9cifique"},"7":{"question":"","answer":""},"8":{"question":"","answer":""},"9":{"question":"","answer":""},"10":{"question":"","answer":""},"11":{"question":"","answer":""},"12":{"question":"","answer":""},"13":{"question":"","answer":""},"14":{"question":"","answer":""},"15":{"question":"","answer":""},"16":{"question":"","answer":""}}},"_links":{"self":[{"href":"https:\/\/www.mes-allocs.fr\/guides\/wp-json\/wp\/v2\/posts\/13504","targetHints":{"allow":["GET"]}}],"collection":[{"href":"https:\/\/www.mes-allocs.fr\/guides\/wp-json\/wp\/v2\/posts"}],"about":[{"href":"https:\/\/www.mes-allocs.fr\/guides\/wp-json\/wp\/v2\/types\/post"}],"author":[{"embeddable":true,"href":"https:\/\/www.mes-allocs.fr\/guides\/wp-json\/wp\/v2\/users\/6"}],"replies":[{"embeddable":true,"href":"https:\/\/www.mes-allocs.fr\/guides\/wp-json\/wp\/v2\/comments?post=13504"}],"version-history":[{"count":34,"href":"https:\/\/www.mes-allocs.fr\/guides\/wp-json\/wp\/v2\/posts\/13504\/revisions"}],"predecessor-version":[{"id":106396,"href":"https:\/\/www.mes-allocs.fr\/guides\/wp-json\/wp\/v2\/posts\/13504\/revisions\/106396"}],"wp:featuredmedia":[{"embeddable":true,"href":"https:\/\/www.mes-allocs.fr\/guides\/wp-json\/wp\/v2\/media\/13511"}],"wp:attachment":[{"href":"https:\/\/www.mes-allocs.fr\/guides\/wp-json\/wp\/v2\/media?parent=13504"}],"wp:term":[{"taxonomy":"category","embeddable":true,"href":"https:\/\/www.mes-allocs.fr\/guides\/wp-json\/wp\/v2\/categories?post=13504"},{"taxonomy":"post_tag","embeddable":true,"href":"https:\/\/www.mes-allocs.fr\/guides\/wp-json\/wp\/v2\/tags?post=13504"}],"curies":[{"name":"wp","href":"https:\/\/api.w.org\/{rel}","templated":true}]}}