{"id":13490,"date":"2020-10-19T07:39:19","date_gmt":"2020-10-19T07:39:19","guid":{"rendered":"https:\/\/www.mes-allocs.fr\/guides\/?p=13490"},"modified":"2025-12-04T17:25:08","modified_gmt":"2025-12-04T16:25:08","slug":"prime-de-noel-age","status":"publish","type":"post","link":"https:\/\/www.mes-allocs.fr\/guides\/prime-de-noel\/conditions-prime-de-noel\/prime-de-noel-age\/","title":{"rendered":"Jusqu&rsquo;\u00e0 quel \u00e2ge la prime de No\u00ebl est-elle vers\u00e9e ?"},"content":{"rendered":"<p><img loading=\"lazy\" decoding=\"async\" class=\"aligncenter size-full wp-image-105212\" title=\"prime noel age\" src=\"https:\/\/www.mes-allocs.fr\/guides\/wp-content\/uploads\/2020\/10\/prime-noel-age.jpg\" alt=\"prime noel age\" width=\"1910\" height=\"300\" srcset=\"https:\/\/www.mes-allocs.fr\/guides\/wp-content\/uploads\/2020\/10\/prime-noel-age.jpg 1910w, https:\/\/www.mes-allocs.fr\/guides\/wp-content\/uploads\/2020\/10\/prime-noel-age-300x47.jpg 300w, https:\/\/www.mes-allocs.fr\/guides\/wp-content\/uploads\/2020\/10\/prime-noel-age-1024x161.jpg 1024w, https:\/\/www.mes-allocs.fr\/guides\/wp-content\/uploads\/2020\/10\/prime-noel-age-768x121.jpg 768w, https:\/\/www.mes-allocs.fr\/guides\/wp-content\/uploads\/2020\/10\/prime-noel-age-1536x241.jpg 1536w, https:\/\/www.mes-allocs.fr\/guides\/wp-content\/uploads\/2020\/10\/prime-noel-age-600x94.jpg 600w\" sizes=\"auto, (max-width: 1910px) 100vw, 1910px\" \/><\/p>\n<p>[Mis \u00e0 jour le 04\/12\/2025] La prime de No\u00ebl est vers\u00e9e depuis 1998 aux personnes b\u00e9n\u00e9ficiant de minimas sociaux, particuli\u00e8rement aux b\u00e9n\u00e9ficiaires du RSA, mais pas que. Il existe bien des <a href=\"https:\/\/www.mes-allocs.fr\/guides\/prime-de-noel\/conditions-prime-de-noel\/\">conditions d&rsquo;attribution pour percevoir la prime de No\u00ebl<\/a>, mais existe-t-il des crit\u00e8res li\u00e9s \u00e0 l&rsquo;\u00e2ge ? Mes Allocs vous explique <strong>jusqu&rsquo;\u00e0 quel \u00e2ge la prime de No\u00ebl est vers\u00e9e<\/strong>\u00a0et pour quels enfants vous pouvez la recevoir.<\/p>\n<div class='cta-block'><div class='text'>Simulez votre prime de No\u00ebl en 2 min.<\/div><a href='https:\/\/www.mes-allocs.fr\/ab-app?origin=guides\/wp-json\/wp\/v2\/posts\/13490' class='app-button fit'>Simulation gratuite<\/a><\/div>\n<h1>Quel est l&rsquo;\u00e2ge minimum pour toucher la prime de No\u00ebl ?<\/h1>\n<p>Pour b\u00e9n\u00e9ficier de la prime de No\u00ebl, <strong>il n&rsquo;y a pas d&rsquo;\u00e2ge minimum l\u00e9galement requis<\/strong>, mais vous devez percevoir au moins l&rsquo;une de ces allocations au mois de novembre ou \u00e0 d\u00e9faut, au mois de d\u00e9cembre 2025 :<\/p>\n<ul>\n<li>Revenu de solidarit\u00e9 active <strong>(RSA) socle<\/strong><\/li>\n<li><strong>RSA socle + de la prime activit\u00e9<\/strong> (qui vient en remplacement du RSA activit\u00e9 depuis le 1er janvier 2016)<\/li>\n<li>Allocation de solidarit\u00e9 sp\u00e9cifique <strong>(ASS) \u00e0 taux major\u00e9 ou non<\/strong><\/li>\n<li>Aide \u00e0 la cr\u00e9ation d\u2019entreprise <strong>(ACCRE) seulement si vous \u00e9tiez \u00e0 l\u2019ASS avant<\/strong><\/li>\n<li>Allocation \u00e9quivalent retraite<strong> (AER)<\/strong><\/li>\n<li>Prime Transitoire de Solidarit\u00e9 <strong>(PTS)<\/strong><\/li>\n<li><strong>Prime Forfaitaire mensuelle de Reprise d\u2019Activit\u00e9<\/strong><\/li>\n<li>r\u00e9mun\u00e9ration de formation vers\u00e9e par P\u00f4le emploi si elle fait suite \u00e0 un versement d\u2019ASS<\/li>\n<\/ul>\n<p><strong>\u00c0 noter concernant l\u2019ASS et l\u2019AER :<\/strong><\/p>\n<ul>\n<li style=\"font-weight: 400;\"><span style=\"font-weight: 400;\">L\u2019ASS est une allocation ch\u00f4mage concernant les personnes au ch\u00f4mage en fin de droit, mais sous conditions d&rsquo;activit\u00e9 ant\u00e9rieure et de ressources.<\/span><\/li>\n<li style=\"font-weight: 400;\"><span style=\"font-weight: 400;\">L\u2019AER est une allocation ch\u00f4mage concernant les demandeurs d\u2019emploi qui n\u2019ont pas encore atteint l\u2019\u00e2ge l\u00e9gal de la retraite, mais qui peuvent justifier des trimestres requis pour avoir une retraite \u00e0 taux plein.<\/span><\/li>\n<\/ul>\n<div class='cta-block'><div class='text'>Simulez votre prime de No\u00ebl en 2 min.<\/div><a href='https:\/\/www.mes-allocs.fr\/ab-app?origin=guides\/wp-json\/wp\/v2\/posts\/13490' class='app-button fit'>Simulation gratuite<\/a><\/div>\n<h1>Existe-t-il un \u00e2ge maximum pour toucher la prime de No\u00ebl ?<\/h1>\n<p><strong>La r\u00e9ponse est non. Il n&rsquo;existe pas d&rsquo;\u00e2ge maximum l\u00e9gal pour toucher la prime de No\u00ebl.<\/strong> Ce qui veut dire qu&rsquo;il n&rsquo;y a pas d&rsquo;\u00e2ge sp\u00e9cifique d\u00e9fini pour savoir quand s&rsquo;arr\u00eatent vos droits pour toucher la prime de No\u00ebl. N\u00e9anmoins, l&rsquo;attribution de la <a href=\"https:\/\/www.mes-allocs.fr\/guides\/prime-de-noel\/conditions-prime-de-noel\/prime-de-noel-retraite\/\">prime de No\u00ebl pour les retrait\u00e9s<\/a> n&rsquo;est pas possible. On vous explique.<\/p>\n<h2>Pourquoi les retrait\u00e9s ne sont-ils pas \u00e9ligibles \u00e0 la prime de No\u00ebl ?<\/h2>\n<p data-sourcepos=\"3:1-3:684\">La prime de No\u00ebl est destin\u00e9e \u00e0 aider les b\u00e9n\u00e9ficiaires de minima sociaux soit les foyers les plus modestes, en particulier ceux qui vivent avec des ressources tr\u00e8s limit\u00e9es. Les retrait\u00e9s peuvent faire face \u00e0 des difficult\u00e9s financi\u00e8res mais ils ne sont malheureusement pas consid\u00e9r\u00e9s comme vivant avec des ressources tr\u00e8s limit\u00e9s. En effet, les retrait\u00e9s per\u00e7oivent une pension de retraite, m\u00eame si celle-ci peut \u00eatre modeste. Puis, les syst\u00e8mes de retraites sont con\u00e7us pour assurer un niveau de vie d\u00e9cent aux personnes \u00e2g\u00e9es.<\/p>\n<p data-sourcepos=\"3:1-3:684\">Ces arguments expliquent pourquoi les politiques sociales privil\u00e9gient d\u2019autres dispositifs d\u2019aide pour les retrait\u00e9s, tels que les compl\u00e9ments de retraite.<\/p>\n<h2 data-sourcepos=\"3:1-3:684\">Retrait\u00e9s : les exceptions pour percevoir la prime de No\u00ebl<\/h2>\n<p>Les personnes qui touchent une retraite ne sont, de base, pas \u00e9ligibles \u00e0 la prime de No\u00ebl 2025. Cependant, certaines aides attribu\u00e9es aux demandeurs d\u2019emploi qui attendent l\u2019\u00e2ge de d\u00e9part en retraite peuvent donner acc\u00e8s \u00e0 la prime de No\u00ebl.<\/p>\n<h3 class=\"amp-wp-7d27179\" data-amp-original-style=\"text-align: justify;\"><span id=\"Les_personnes_qui_percoivent_lAER\">Les personnes qui per\u00e7oivent l\u2019AER<\/span><\/h3>\n<p class=\"amp-wp-7d27179\" data-amp-original-style=\"text-align: justify;\">Les personnes qui per\u00e7oivent l\u2019AER (Allocation Equivalent Retraite) ont la possibilit\u00e9 de profiter de cette aide exceptionnelle de fin d\u2019ann\u00e9e.<\/p>\n<p class=\"amp-wp-7d27179\" data-amp-original-style=\"text-align: justify;\">L\u2019AER est une aide destin\u00e9e aux demandeurs d\u2019 emploi n\u2019ayant pas atteint l\u2019\u00e2ge de la retraite. Cependant, ils justifient des trimestres requis pour avoir une retraite \u00e0 taux plein. Cette allocation n\u2019est plus vers\u00e9e depuis le 1<sup>er<\/sup>\u00a0Janvier 2011. Mais les personnes qui ont ouvert leurs droits \u00e0 l\u2019AER avant cette date peuvent continuer \u00e0 percevoir cette allocation. Ils pourront continuer \u00e0 la percevoir jusqu\u2019\u00e0 l\u2019expiration de leurs droits.<\/p>\n<p class=\"amp-wp-7d27179\" data-amp-original-style=\"text-align: justify;\"><strong>Dans ce cas, les personnes retrait\u00e9s pourront b\u00e9n\u00e9ficier de cette aide financi\u00e8re de fin d\u2019ann\u00e9e.<\/strong><\/p>\n<h3 class=\"amp-wp-7d27179\" data-amp-original-style=\"text-align: justify;\"><span id=\"Les_personnes_qui_percoivent_la_PTS\">Les personnes qui per\u00e7oivent la PTS<\/span><\/h3>\n<p class=\"amp-wp-7d27179\" data-amp-original-style=\"text-align: justify;\">Les personnes qui per\u00e7oivent la PTS peuvent \u00e9galement profiter de cette prime de No\u00ebl. Cette prime remplace l\u2019Allocation Transitoire de Solidarit\u00e9 (ATS) depuis le 1<sup>er<\/sup> Juillet 2015. C&rsquo;est une aide mensuelle de 300\u20ac qui est accord\u00e9e aux demandeurs d\u2019emploi en fin de droit. Ceux-ci doivent \u00e9galement percevoir l\u2019ASS et le RSA. Les personnes concern\u00e9es doivent \u00e9galement avoir plus de 60 ans. Elle est r\u00e9serv\u00e9e \u00e0 ceux qui attendent l\u2019\u00e2ge du d\u00e9part en retraite.<\/p>\n<h3>Les agents hospitaliers : prime CGOS<\/h3>\n<p>Il est possible que certains agents hospitaliers \u00e0 la retraite puissent percevoir une prime en fin d\u2019ann\u00e9e. En effet, la prestation de No\u00ebl CGOS pourra \u00eatre accord\u00e9e \u00e0 une condition : il faut avoir au moins 1 enfant \u00e0 charge. Cet enfant doit \u00eatre \u00e2g\u00e9 entre 1 an et 14 ans. Cette prime CGOS est vers\u00e9e sous la forme d\u2019un ch\u00e8que Cadhoc. Son montant varie entre 20\u20ac et 35\u20ac par enfant selon la r\u00e9gion.<\/p>\n<p><iframe loading=\"lazy\" title=\"La prime de No\u00ebl\" width=\"500\" height=\"281\" src=\"https:\/\/www.youtube.com\/embed\/JSd0X11Muig?feature=oembed\" frameborder=\"0\" allow=\"accelerometer; autoplay; clipboard-write; encrypted-media; gyroscope; picture-in-picture; web-share\" referrerpolicy=\"strict-origin-when-cross-origin\" allowfullscreen><\/iframe><\/p>\n<p>&nbsp;<\/p>\n<h1>Attribution de la prime de No\u00ebl : la situation familiale est prise en compte<\/h1>\n<p><strong>La situation familiale est un \u00e9l\u00e9ment cl\u00e9 dans le calcul de la prime de No\u00ebl.<\/strong> Le montant de la prime de No\u00ebl n&rsquo;est pas le m\u00eame pour tous les b\u00e9n\u00e9ficiaires. Il est en effet modul\u00e9 en fonction de la composition du foyer, bien que les conditions d&rsquo;\u00e9ligibilit\u00e9 \u00e0 la prime de No\u00ebl restent les m\u00eames.<\/p>\n<p>Cette prise en compte de la situation familiale vise \u00e0 soutenir au mieux les foyers les plus modestes et \u00e0 leur permettre de faire face aux d\u00e9penses suppl\u00e9mentaires li\u00e9es aux f\u00eates de fin d&rsquo;ann\u00e9e. Le nombre d&rsquo;enfants \u00e0 charge est un crit\u00e8re d\u00e9terminant.<\/p>\n<h1>L&rsquo;impact de l&rsquo;\u00e2ge sur le montant de la prime de No\u00ebl<\/h1>\n<p>L&rsquo;\u00e2ge n&rsquo;influence pas directement le montant de la prime de No\u00ebl. Cependant, <strong>le montant de la prime de No\u00ebl varie en fonction de la composition de votre foyer, mais \u00e9galement de votre situation matrimoniale.<\/strong> Ces \u00e9l\u00e9ments sont pris en compte dans le calcul et donnent les montants suivants pour une personne dont l&rsquo;organisme verseur est la CAF ou la MSA :<\/p>\n<p style=\"text-align: justify;\">\n<div class=\"wpdt-c row wpDataTableContainerSimpleTable wpDataTables wpDataTablesWrapper\n wdtscroll\"\n    >\n    <table id=\"wpdtSimpleTable-33\"\n           class=\"wpdtSimpleTable wpDataTable\"\n           data-column=\"3\"\n           data-rows=\"8\"\n           data-wpID=\"33\"\n           data-responsive=\"0\"\n           data-has-header=\"0\">\n\n                    <tbody>        <tr class=\"wpdt-cell-row \" >\n                            <td class=\"wpdt-cell wpdt-bc-F3F9FE wpdt-bold\"\n                                    data-cell-id=\"A1\"\n                data-col-index=\"0\"\n                data-row-index=\"0\"\n                style=\" width:260px;                padding:10px;\"\n                >\n                                Nombre d\u2019enfant(s)                <\/td>\n                                            <td class=\"wpdt-cell wpdt-bc-F3F9FE wpdt-bold\"\n                                    data-cell-id=\"B1\"\n                data-col-index=\"1\"\n                data-row-index=\"0\"\n                style=\" width:228px;                padding:10px;\"\n                >\n                                Personne seule                <\/td>\n                                            <td class=\"wpdt-cell wpdt-bc-F3F9FE wpdt-bold\"\n                                    data-cell-id=\"C1\"\n                data-col-index=\"2\"\n                data-row-index=\"0\"\n                style=\" width:217px;                padding:10px;\"\n                >\n                                En couple                <\/td>\n                                        <\/tr>\n                            <tr class=\"wpdt-cell-row \" >\n                            <td class=\"wpdt-cell wpdt-bold\"\n                                    data-cell-id=\"A2\"\n                data-col-index=\"0\"\n                data-row-index=\"1\"\n                style=\"                padding:10px;\"\n                >\n                                Sans enfant                <\/td>\n                                            <td class=\"wpdt-cell \"\n                                    data-cell-id=\"B2\"\n                data-col-index=\"1\"\n                data-row-index=\"1\"\n                style=\"                padding:10px;\"\n                >\n                                152,45 \u20ac                <\/td>\n                                            <td class=\"wpdt-cell \"\n                                    data-cell-id=\"C2\"\n                data-col-index=\"2\"\n                data-row-index=\"1\"\n                style=\"                padding:10px;\"\n                >\n                                228,68 \u20ac                <\/td>\n                                        <\/tr>\n                            <tr class=\"wpdt-cell-row \" >\n                            <td class=\"wpdt-cell wpdt-bold\"\n                                    data-cell-id=\"A3\"\n                data-col-index=\"0\"\n                data-row-index=\"2\"\n                style=\"                padding:10px;\"\n                >\n                                1 enfant                <\/td>\n                                            <td class=\"wpdt-cell \"\n                                    data-cell-id=\"B3\"\n                data-col-index=\"1\"\n                data-row-index=\"2\"\n                style=\"                padding:10px;\"\n                >\n                                228,68 \u20ac                <\/td>\n                                            <td class=\"wpdt-cell \"\n                                    data-cell-id=\"C3\"\n                data-col-index=\"2\"\n                data-row-index=\"2\"\n                style=\"                padding:10px;\"\n                >\n                                274,41 \u20ac                <\/td>\n                                        <\/tr>\n                            <tr class=\"wpdt-cell-row \" >\n                            <td class=\"wpdt-cell wpdt-bold\"\n                                    data-cell-id=\"A4\"\n                data-col-index=\"0\"\n                data-row-index=\"3\"\n                style=\"                padding:10px;\"\n                >\n                                2 enfants                <\/td>\n                                            <td class=\"wpdt-cell \"\n                                    data-cell-id=\"B4\"\n                data-col-index=\"1\"\n                data-row-index=\"3\"\n                style=\"                padding:10px;\"\n                >\n                                274,41 \u20ac                <\/td>\n                                            <td class=\"wpdt-cell \"\n                                    data-cell-id=\"C4\"\n                data-col-index=\"2\"\n                data-row-index=\"3\"\n                style=\"                padding:10px;\"\n                >\n                                320,15 \u20ac                <\/td>\n                                        <\/tr>\n                            <tr class=\"wpdt-cell-row \" >\n                            <td class=\"wpdt-cell wpdt-bold\"\n                                    data-cell-id=\"A5\"\n                data-col-index=\"0\"\n                data-row-index=\"4\"\n                style=\"                padding:10px;\"\n                >\n                                3 enfants                <\/td>\n                                            <td class=\"wpdt-cell \"\n                                    data-cell-id=\"B5\"\n                data-col-index=\"1\"\n                data-row-index=\"4\"\n                style=\"                padding:10px;\"\n                >\n                                335,39 \u20ac                <\/td>\n                                            <td class=\"wpdt-cell \"\n                                    data-cell-id=\"C5\"\n                data-col-index=\"2\"\n                data-row-index=\"4\"\n                style=\"                padding:10px;\"\n                >\n                                381,13 \u20ac                <\/td>\n                                        <\/tr>\n                            <tr class=\"wpdt-cell-row \" >\n                            <td class=\"wpdt-cell wpdt-bold\"\n                                    data-cell-id=\"A6\"\n                data-col-index=\"0\"\n                data-row-index=\"5\"\n                style=\"                padding:10px;\"\n                >\n                                4 enfants                <\/td>\n                                            <td class=\"wpdt-cell \"\n                                    data-cell-id=\"B6\"\n                data-col-index=\"1\"\n                data-row-index=\"5\"\n                style=\"                padding:10px;\"\n                >\n                                396,37 \u20ac                <\/td>\n                                            <td class=\"wpdt-cell \"\n                                    data-cell-id=\"C6\"\n                data-col-index=\"2\"\n                data-row-index=\"5\"\n                style=\"                padding:10px;\"\n                >\n                                442,11 \u20ac                <\/td>\n                                        <\/tr>\n                            <tr class=\"wpdt-cell-row \" >\n                            <td class=\"wpdt-cell wpdt-bold\"\n                                    data-cell-id=\"A7\"\n                data-col-index=\"0\"\n                data-row-index=\"6\"\n                style=\"                padding:10px;\"\n                >\n                                5 enfants                <\/td>\n                                            <td class=\"wpdt-cell \"\n                                    data-cell-id=\"B7\"\n                data-col-index=\"1\"\n                data-row-index=\"6\"\n                style=\"                padding:10px;\"\n                >\n                                457,35 \u20ac                <\/td>\n                                            <td class=\"wpdt-cell \"\n                                    data-cell-id=\"C7\"\n                data-col-index=\"2\"\n                data-row-index=\"6\"\n                style=\"                padding:10px;\"\n                >\n                                503,09 \u20ac                <\/td>\n                                        <\/tr>\n                            <tr class=\"wpdt-cell-row \" >\n                            <td class=\"wpdt-cell wpdt-bold\"\n                                    data-cell-id=\"A8\"\n                data-col-index=\"0\"\n                data-row-index=\"7\"\n                style=\"                padding:10px;\"\n                >\n                                Par enfant(s) suppl\u00e9mentaire                <\/td>\n                                            <td class=\"wpdt-cell \"\n                                    data-cell-id=\"B8\"\n                data-col-index=\"1\"\n                data-row-index=\"7\"\n                style=\"                padding:10px;\"\n                >\n                                +60,98 \u20ac                <\/td>\n                                            <td class=\"wpdt-cell \"\n                                    data-cell-id=\"C8\"\n                data-col-index=\"2\"\n                data-row-index=\"7\"\n                style=\"                padding:10px;\"\n                >\n                                +60,98 \u20ac                <\/td>\n                                        <\/tr>\n                    <\/table>\n<\/div><style id='wpdt-custom-style-33'>\n.wpdt-bc-F3F9FE { background-color: #F3F9FE !important;}\n<\/style>\n<\/p>\n<p><em>(Montants officiels en vigueur au 03\/12\/2025)<\/em><\/p>\n<p>Pour une personne dont l&rsquo;organisme verseur est France Travail, le montant de la prime de No\u00ebl est de <strong>152,45 \u20ac<\/strong>. C\u2019est un montant fixe, et contrairement \u00e0 la prime de No\u00ebl vers\u00e9e par la CAF ou la MSA, il n\u2019y a aucune majoration en cas d\u2019enfant(s) \u00e0 charge. En effet, en 2023, une majoration de 35% \u00e9tait appliqu\u00e9e si vous \u00e9tiez parent isol\u00e9 avec un ou plusieurs enfants \u00e0 charge. Mais depuis 2024, ce n\u2019est plus le cas. Le montant est fix\u00e9 \u00e0 152,45\u20ac en 2025, pour tous.<\/p>\n<h1>Comment faire une demande de prime de No\u00ebl ?<\/h1>\n<p>Vous n&rsquo;avez<strong> aucune d\u00e9marche \u00e0 effectuer,<\/strong> si vous \u00eates \u00e9ligible, vous percevrez le versement de la prime sur votre compte bancaire automatiquement le 16 d\u00e9cembre 2025.<\/p>\n<h2>V\u00e9rifier vos informations personnelles<\/h2>\n<p>Pour optimiser au mieux votre versement, nous vous conseillons fortement de v\u00e9rifier les informations personnelles que vous avez transmis \u00e0 l&rsquo;organisme dont vous d\u00e9pendez.<\/p>\n<p>Les informations personnelles \u00e0 mettre en jour, qui ont un impact sur votre versement de la prime de No\u00ebl, sont :<\/p>\n<ul>\n<li><strong>Votre RIB<\/strong><\/li>\n<li><strong>La composition de votre famille<\/strong><\/li>\n<li><strong>Votre situation matrimoniale<\/strong><\/li>\n<\/ul>\n<h2>Simuler vos droits<\/h2>\n<p>Chaque ann\u00e9e, il faut attendre pour savoir si la prime sera reconduite. Si de nombreuses personnes se demandent si elles sont \u00e9ligibles, cette question reste souvent en suspens. En effet, aucun des organismes \u201cdistributeurs\u201d ne propose de simulateur.<\/p>\n<p>Afin de savoir si vous allez percevoir l\u2019aide de fin d\u2019ann\u00e9e et le montant selon votre situation, nous vous proposons de faire <a href=\"https:\/\/www.mes-allocs.fr\/ab-app\">une simulation gratuite de vos droits<\/a> \u00e0 la prime de No\u00ebl gr\u00e2ce \u00e0 <strong>notre simulateur gratuit<\/strong>.<\/p>\n<h2>La date de versement<\/h2>\n<p>La date pr\u00e9cise de versement de la prime de No\u00ebl a \u00e9t\u00e9 fix\u00e9e au\u00a016 d\u00e9cembre 2025. Cependant, notez que le versement pour cette date ne concerne que les personnes qui respectaient les conditions d&rsquo;attribution au mois de novembre et qui b\u00e9n\u00e9ficient du RSA.<\/p>\n<p>Pour les autres personnes, celles qui respectaient les crit\u00e8res d&rsquo;attribution uniquement au mois de d\u00e9cembre 2025, elles toucheront la prime avec un mois de d\u00e9calage, c&rsquo;est-\u00e0-dire au <strong>mois de janvier 2026<\/strong>.<\/p>\n<div class='cta-block'><div class='text'>Simulez votre prime de No\u00ebl en 2 min.<\/div><a href='https:\/\/www.mes-allocs.fr\/ab-app?origin=guides\/wp-json\/wp\/v2\/posts\/13490' class='app-button fit'>Simulation gratuite<\/a><\/div>\n","protected":false},"excerpt":{"rendered":"<p>[Mis \u00e0 jour le 04\/12\/2025] La prime de No\u00ebl est vers\u00e9e depuis 1998 aux personnes b\u00e9n\u00e9ficiant de minimas sociaux, particuli\u00e8rement aux b\u00e9n\u00e9ficiaires du RSA, mais pas que. Il existe bien des conditions d&rsquo;attribution pour percevoir la prime de No\u00ebl, mais existe-t-il des crit\u00e8res li\u00e9s \u00e0 l&rsquo;\u00e2ge ? Mes Allocs vous explique jusqu&rsquo;\u00e0 quel \u00e2ge la [&hellip;]<\/p>\n","protected":false},"author":6,"featured_media":13495,"comment_status":"open","ping_status":"open","sticky":false,"template":"","format":"standard","meta":{"amp_status":"","footnotes":""},"categories":[38870,31],"tags":[],"class_list":["post-13490","post","type-post","status-publish","format-standard","has-post-thumbnail","hentry","category-conditions-prime-de-noel","category-prime-de-noel"],"yoast_head":"<!-- This site is optimized with the Yoast SEO plugin v14.9 - https:\/\/yoast.com\/wordpress\/plugins\/seo\/ -->\n<title>Jusqu&#039;\u00e0 quel \u00e2ge la prime de No\u00ebl est-elle vers\u00e9e ? | Mes-Allocs.fr<\/title>\n<meta name=\"description\" content=\"La prime de Noel est vers\u00e9e aux b\u00e9n\u00e9ficiaires de minimas sociaux. Mais jusqu&#039;\u00e0 quel \u00e2ge peut-on en b\u00e9n\u00e9ficier ? Mes Allocs vous dit tout !\" \/>\n<meta name=\"robots\" content=\"index, follow, max-snippet:-1, max-image-preview:large, max-video-preview:-1\" \/>\n<link rel=\"canonical\" href=\"https:\/\/www.mes-allocs.fr\/guides\/prime-de-noel\/conditions-prime-de-noel\/prime-de-noel-age\/\" \/>\n<meta property=\"og:locale\" content=\"fr_FR\" \/>\n<meta property=\"og:type\" content=\"article\" \/>\n<meta property=\"og:title\" content=\"Jusqu&#039;\u00e0 quel \u00e2ge la prime de No\u00ebl est-elle vers\u00e9e ? | Mes-Allocs.fr\" \/>\n<meta property=\"og:description\" content=\"La prime de Noel est vers\u00e9e aux b\u00e9n\u00e9ficiaires de minimas sociaux. Mais jusqu&#039;\u00e0 quel \u00e2ge peut-on en b\u00e9n\u00e9ficier ? Mes Allocs vous dit tout !\" \/>\n<meta property=\"og:url\" content=\"https:\/\/www.mes-allocs.fr\/guides\/prime-de-noel\/conditions-prime-de-noel\/prime-de-noel-age\/\" \/>\n<meta property=\"og:site_name\" content=\"Mes-Allocs.fr\" \/>\n<meta property=\"article:published_time\" content=\"2020-10-19T07:39:19+00:00\" \/>\n<meta property=\"article:modified_time\" content=\"2025-12-04T16:25:08+00:00\" \/>\n<meta property=\"og:image\" content=\"https:\/\/www.mes-allocs.fr\/guides\/wp-content\/uploads\/2020\/10\/pexels-thanakorn-phanthura-3183392.jpg?wsr\" \/>\n\t<meta property=\"og:image:width\" content=\"1280\" \/>\n\t<meta property=\"og:image:height\" content=\"853\" \/>\n<meta name=\"twitter:card\" content=\"summary_large_image\" \/>\n<script type=\"application\/ld+json\" class=\"yoast-schema-graph\">{\"@context\":\"https:\/\/schema.org\",\"@graph\":[{\"@type\":\"WebSite\",\"@id\":\"https:\/\/www.mes-allocs.fr\/guides\/#website\",\"url\":\"https:\/\/www.mes-allocs.fr\/guides\/\",\"name\":\"Mes-Allocs.fr\",\"description\":\"\",\"potentialAction\":[{\"@type\":\"SearchAction\",\"target\":\"https:\/\/www.mes-allocs.fr\/guides\/?s={search_term_string}\",\"query-input\":\"required name=search_term_string\"}],\"inLanguage\":\"fr-FR\"},{\"@type\":\"ImageObject\",\"@id\":\"https:\/\/www.mes-allocs.fr\/guides\/prime-de-noel\/conditions-prime-de-noel\/prime-de-noel-age\/#primaryimage\",\"inLanguage\":\"fr-FR\",\"url\":\"https:\/\/www.mes-allocs.fr\/guides\/wp-content\/uploads\/2020\/10\/pexels-thanakorn-phanthura-3183392.jpg?wsr\",\"width\":1280,\"height\":853,\"caption\":\"pexels thanakorn phanthura 3183392 e1602667058173\"},{\"@type\":\"WebPage\",\"@id\":\"https:\/\/www.mes-allocs.fr\/guides\/prime-de-noel\/conditions-prime-de-noel\/prime-de-noel-age\/#webpage\",\"url\":\"https:\/\/www.mes-allocs.fr\/guides\/prime-de-noel\/conditions-prime-de-noel\/prime-de-noel-age\/\",\"name\":\"Jusqu'\\u00e0 quel \\u00e2ge la prime de No\\u00ebl est-elle vers\\u00e9e ? | Mes-Allocs.fr\",\"isPartOf\":{\"@id\":\"https:\/\/www.mes-allocs.fr\/guides\/#website\"},\"primaryImageOfPage\":{\"@id\":\"https:\/\/www.mes-allocs.fr\/guides\/prime-de-noel\/conditions-prime-de-noel\/prime-de-noel-age\/#primaryimage\"},\"datePublished\":\"2020-10-19T07:39:19+00:00\",\"dateModified\":\"2025-12-04T16:25:08+00:00\",\"author\":{\"@id\":\"https:\/\/www.mes-allocs.fr\/guides\/#\/schema\/person\/0ecd61a8600573914d00d970a588c024\"},\"description\":\"La prime de Noel est vers\\u00e9e aux b\\u00e9n\\u00e9ficiaires de minimas sociaux. Mais jusqu'\\u00e0 quel \\u00e2ge peut-on en b\\u00e9n\\u00e9ficier ? Mes Allocs vous dit tout !\",\"inLanguage\":\"fr-FR\"},{\"@type\":\"Person\",\"@id\":\"https:\/\/www.mes-allocs.fr\/guides\/#\/schema\/person\/0ecd61a8600573914d00d970a588c024\",\"name\":\"Jonathan\",\"image\":{\"@type\":\"ImageObject\",\"@id\":\"https:\/\/www.mes-allocs.fr\/guides\/#personlogo\",\"inLanguage\":\"fr-FR\",\"url\":\"https:\/\/www.mes-allocs.fr\/guides\/wp-content\/uploads\/2021\/06\/jonathan-150x150.png\",\"caption\":\"Jonathan\"},\"description\":\"Jonathan est r\\u00e9dacteur au sein de l'\\u00e9quipe Mes Allocs, sp\\u00e9cialis\\u00e9 sur les sujets li\\u00e9s au handicap. Dipl\\u00f4m\\u00e9e de l'UPEM, il rejoint Mes Allocs apr\\u00e8s avoir travaill\\u00e9 \\u00e0 l'association AEDE qui accompagne les adultes en situation de handicap. Quand il n'\\u00e9crit pas, on peut le retrouver sur un terrain de basket.\",\"sameAs\":[\"https:\/\/www.linkedin.com\/in\/jonathan-bambela-8637861b7\"]}]}<\/script>\n<!-- \/ Yoast SEO plugin. -->","amp_validity":null,"acf":{"faq":{"1":{"question":"Est-ce que les retraites ont droit au RSA ?","answer":"La r\u00e9glementation n'emp\u00eache pas un retrait\u00e9 de cumuler une pension de vieillesse et le revenu de solidarit\u00e9 active (RSA) d'autant qu'il n'y a pas de limite d'\u00e2ge pour toucher le RSA."},"2":{"question":"Comment savoir si on a le droit \u00e0 la prime de No\u00ebl ?","answer":"Pour \u00eatre \u00e9ligible \u00e0 la prime de No\u00ebl, vers\u00e9e le 16 d\u00e9cembre 2025, il faut avoir b\u00e9n\u00e9fici\u00e9 en novembre ou d\u00e9cembre de l'ann\u00e9e en cours d'une des allocations suivantes : revenu de solidarit\u00e9 active (RSA) allocation de solidarit\u00e9 sp\u00e9cifique (ASS) ou encore Allocation \u00e9quivalent retraite (AER)"},"3":{"question":"Que faire si on ne re\u00e7oit pas la prime de Noel ? ","answer":"Si vous \u00eates \u00e9ligible mais que vous ne constatez pas de versement sur votre compte bancaire vous pouvez contacter l'organisme comp\u00e9tent, \u00e0 savoir la CAF, la MSA ou P\u00f4le Emploi."},"4":{"question":"Depuis quand est vers\u00e9e la prime de Noel ? ","answer":"La prime de Noel est un dispositif en vigueur depuis 1998. Elle est vers\u00e9e aux personnes qui b\u00e9n\u00e9ficient de minimas sociaux"},"5":{"question":"Quelles sont les conditions li\u00e9es \u00e0 la prime de No\u00ebl ?","answer":"Les conditions li\u00e9es \u00e0 la prime de No\u00ebl peuvent varier en fonction de votre situation personnelle. La m\u00e9thode rapide pour conna\u00eetre votre \u00e9ligibilit\u00e9 est de faire la simulation gratuite de prime de No\u00ebl directement sur le site de Mes Allocs."},"6":{"question":"Les ch\u00f4meurs ont-ils droit \u00e0 la prime de No\u00ebl ?","answer":"Si vous touchez l'Allocation de Retour \u00e0 l'Emploi (l'ARE c'est \u00e0 dire les allocations ch\u00f4mage), l'Allocation Adulte Handicap\u00e9 (l'AAH) ou encore le minimum vieillesse, vous n'avez malheureusement pas droit \u00e0 la prime de no\u00ebl."},"7":{"question":"","answer":""},"8":{"question":"","answer":""},"9":{"question":"","answer":""},"10":{"question":"","answer":""},"11":{"question":"","answer":""},"12":{"question":"","answer":""},"13":{"question":"","answer":""},"14":{"question":"","answer":""},"15":{"question":"","answer":""},"16":{"question":"","answer":""}}},"_links":{"self":[{"href":"https:\/\/www.mes-allocs.fr\/guides\/wp-json\/wp\/v2\/posts\/13490","targetHints":{"allow":["GET"]}}],"collection":[{"href":"https:\/\/www.mes-allocs.fr\/guides\/wp-json\/wp\/v2\/posts"}],"about":[{"href":"https:\/\/www.mes-allocs.fr\/guides\/wp-json\/wp\/v2\/types\/post"}],"author":[{"embeddable":true,"href":"https:\/\/www.mes-allocs.fr\/guides\/wp-json\/wp\/v2\/users\/6"}],"replies":[{"embeddable":true,"href":"https:\/\/www.mes-allocs.fr\/guides\/wp-json\/wp\/v2\/comments?post=13490"}],"version-history":[{"count":36,"href":"https:\/\/www.mes-allocs.fr\/guides\/wp-json\/wp\/v2\/posts\/13490\/revisions"}],"predecessor-version":[{"id":106373,"href":"https:\/\/www.mes-allocs.fr\/guides\/wp-json\/wp\/v2\/posts\/13490\/revisions\/106373"}],"wp:featuredmedia":[{"embeddable":true,"href":"https:\/\/www.mes-allocs.fr\/guides\/wp-json\/wp\/v2\/media\/13495"}],"wp:attachment":[{"href":"https:\/\/www.mes-allocs.fr\/guides\/wp-json\/wp\/v2\/media?parent=13490"}],"wp:term":[{"taxonomy":"category","embeddable":true,"href":"https:\/\/www.mes-allocs.fr\/guides\/wp-json\/wp\/v2\/categories?post=13490"},{"taxonomy":"post_tag","embeddable":true,"href":"https:\/\/www.mes-allocs.fr\/guides\/wp-json\/wp\/v2\/tags?post=13490"}],"curies":[{"name":"wp","href":"https:\/\/api.w.org\/{rel}","templated":true}]}}