{"id":13479,"date":"2020-10-19T07:37:00","date_gmt":"2020-10-19T07:37:00","guid":{"rendered":"https:\/\/www.mes-allocs.fr\/guides\/?p=13479"},"modified":"2025-12-04T18:21:18","modified_gmt":"2025-12-04T17:21:18","slug":"conge-maternite-et-prime-de-noel","status":"publish","type":"post","link":"https:\/\/www.mes-allocs.fr\/guides\/prime-de-noel\/prime-de-noel-cumul\/conge-maternite-et-prime-de-noel\/","title":{"rendered":"Prime de No\u00ebl et cong\u00e9 maternit\u00e9 : sont-ils cumulables ?"},"content":{"rendered":"<p><img loading=\"lazy\" decoding=\"async\" class=\"aligncenter size-full wp-image-105448\" title=\"prime noel conge maternite\" src=\"https:\/\/www.mes-allocs.fr\/guides\/wp-content\/uploads\/2020\/10\/prime-noel-conge-maternite-e1762184048267.jpg\" alt=\"prime noel conge maternite\" width=\"1920\" height=\"300\" srcset=\"https:\/\/www.mes-allocs.fr\/guides\/wp-content\/uploads\/2020\/10\/prime-noel-conge-maternite-e1762184048267.jpg 1920w, https:\/\/www.mes-allocs.fr\/guides\/wp-content\/uploads\/2020\/10\/prime-noel-conge-maternite-e1762184048267-300x47.jpg 300w, https:\/\/www.mes-allocs.fr\/guides\/wp-content\/uploads\/2020\/10\/prime-noel-conge-maternite-e1762184048267-1024x160.jpg 1024w, https:\/\/www.mes-allocs.fr\/guides\/wp-content\/uploads\/2020\/10\/prime-noel-conge-maternite-e1762184048267-768x120.jpg 768w, https:\/\/www.mes-allocs.fr\/guides\/wp-content\/uploads\/2020\/10\/prime-noel-conge-maternite-e1762184048267-1536x240.jpg 1536w, https:\/\/www.mes-allocs.fr\/guides\/wp-content\/uploads\/2020\/10\/prime-noel-conge-maternite-e1762184048267-600x94.jpg 600w\" sizes=\"auto, (max-width: 1920px) 100vw, 1920px\" \/><\/p>\n<p>[Mis \u00e0 jour le 04\/12\/2025] Chaque fin d\u2019ann\u00e9e, la prime de No\u00ebl permet \u00e0 de nombreux foyers modestes de b\u00e9n\u00e9ficier d\u2019un soutien financier bienvenu. Mais lorsqu\u2019on est en cong\u00e9 maternit\u00e9, les choses peuvent sembler floues : cette p\u00e9riode particuli\u00e8re donne-t-elle droit \u00e0 la prime de No\u00ebl ? Peut-on <a href=\"https:\/\/www.mes-allocs.fr\/guides\/prime-de-noel\/prime-de-noel-cumul\/\">cumuler la prime de No\u00ebl<\/a> avec des indemnit\u00e9s maternit\u00e9 ? La r\u00e9ponse d\u00e9pend avant tout de votre situation et des aides que vous percevez au moment du versement. Mes Allocs vous explique en d\u00e9tail dans quels cas <strong>prime de No\u00ebl et cong\u00e9 maternit\u00e9<\/strong> peuvent \u00eatre cumul\u00e9s, et dans quels cas ce n\u2019est pas possible.<\/p>\n<div class='cta-block'><div class='text'>Simulez votre prime de No\u00ebl en 2 min.<\/div><a href='https:\/\/www.mes-allocs.fr\/ab-app?origin=guides\/wp-json\/wp\/v2\/posts\/13479' class='app-button fit'>Simulation gratuite<\/a><\/div>\n<h1>Peut-on cumuler la prime de No\u00ebl et le cong\u00e9 maternit\u00e9 ?<\/h1>\n<p><strong>Oui<\/strong>, c&rsquo;est possible. La prime de No\u00ebl et le cong\u00e9 maternit\u00e9 ne sont pas incompatibles. <strong>Mais attention<\/strong>, le cong\u00e9 maternit\u00e9, \u00e0 lui seul, ne donne pas acc\u00e8s \u00e0 cette aide de fin d&rsquo;ann\u00e9e.<\/p>\n<p><strong><iframe loading=\"lazy\" src=\"\/\/www.youtube.com\/embed\/JSd0X11Muig\" width=\"560\" height=\"314\" allowfullscreen=\"allowfullscreen\" data-mce-fragment=\"1\"><\/iframe><\/strong><\/p>\n<h1>Prime de No\u00ebl et enceinte : dans quels cas pouvez-vous recevoir l&rsquo;aide ?<\/h1>\n<h2>Vous \u00eates sans emploi<\/h2>\n<p>Si vous \u00eates en cong\u00e9 maternit\u00e9 et que vous \u00eates sans emploi, vous pouvez cumuler la prime de No\u00ebl avec vos indemnit\u00e9s maternit\u00e9 seulement si vous touchez le RSA, l\u2019ASS ou une autre aide \u00e9ligible. La prime vous sera alors vers\u00e9e automatiquement par la CAF, la MSA ou France Travail, selon votre organisme de rattachement.<\/p>\n<p>Le cumul des deux d\u00e9pend donc du type d\u2019aide que vous percevez au moment du versement. En effet, la prime de No\u00ebl n\u2019est pas li\u00e9e \u00e0 votre statut professionnel ni \u00e0 votre situation familiale, mais exclusivement aux prestations sociales dont vous \u00eates b\u00e9n\u00e9ficiaire.<\/p>\n<p><strong>Quelques exemples de situations pouvant vous permettre de percevoir la prime de No\u00ebl :\u00a0<\/strong><\/p>\n<ul class=\"list-10\">\n<li>Vous \u00e9tiez b\u00e9n\u00e9ficiaire du RSA (ou d\u2019une autre aide \u00e9ligible \u00e0 la prime de No\u00ebl) en novembre, avant votre cong\u00e9 maternit\u00e9. Et vous \u00eates actuellement en cong\u00e9 maternit\u00e9. Dans ce cas, la prime de No\u00ebl vous sera accord\u00e9e.<\/li>\n<li>Vous faites une premi\u00e8re demande de minima social \u00e0 la suite d\u2019un cong\u00e9 maternit\u00e9 : si vous percevez en novembre ou d\u00e9cembre un versement avant de partir en cong\u00e9 parental, vous \u00eates \u00e9ligible \u00e0 la prime de No\u00ebl.<\/li>\n<li>Vous \u00eates en situation de parent isol\u00e9 et prenez un cong\u00e9 maternit\u00e9 : il est possible de cumuler RSA pour parent isol\u00e9 et cong\u00e9 maternit\u00e9. Si le RSA vous est vers\u00e9 en novembre ou d\u00e9cembre, vous percevrez la prime de No\u00ebl.<\/li>\n<\/ul>\n<div class='shortcode tips'><div class='title'>Exemple<\/div><div class='content'>Une m\u00e8re en cong\u00e9 maternit\u00e9 qui per\u00e7oit encore le RSA socle touchera bien la prime de No\u00ebl CAF en 2025.<\/div><\/div>\n<p>Votre cong\u00e9 maternit\u00e9 va prendre fin ? D\u00e9couvrez notre article sur le <a href=\"https:\/\/www.mes-allocs.fr\/guides\/prime-de-noel\/prime-de-noel-cumul\/conge-parental-et-prime-de-noel\/\">cumul du cong\u00e9 parental et de la prime de No\u00ebl<\/a>\u00a0!<\/p>\n<h2>Vous \u00eates salari\u00e9e<\/h2>\n<p>Si vous \u00eates salari\u00e9e en cong\u00e9 maternit\u00e9, vous ne pouvez pas b\u00e9n\u00e9ficier de la prime de No\u00ebl vers\u00e9e par la CAF ou France Travail, sauf si vous percevez parall\u00e8lement une aide comme le RSA socle ou l\u2019ASS.<\/p>\n<p>En revanche, vous pouvez tout \u00e0 fait percevoir <strong>la prime de No\u00ebl vers\u00e9e par votre entreprise<\/strong>, si celle-ci en pr\u00e9voit le versement \u00e0 ses salari\u00e9s. Cette prime d\u2019entreprise, parfois appel\u00e9e prime de fin d\u2019ann\u00e9e, est ind\u00e9pendante des aides sociales. Elle peut \u00eatre vers\u00e9e aux salari\u00e9es en cong\u00e9 maternit\u00e9, d\u00e8s lors qu\u2019elle est pr\u00e9vue par :<\/p>\n<ul>\n<li>Votre contrat de travail<\/li>\n<li>La convention collective de votre secteur<\/li>\n<li>Un accord d\u2019entreprise<\/li>\n<li>Une d\u00e9cision de l\u2019employeur<\/li>\n<\/ul>\n<p>Le <strong>cong\u00e9 maternit\u00e9 ne suspend pas vos droits \u00e0 cette prime<\/strong> si elle est attribu\u00e9e \u00e0 l\u2019ensemble du personnel. En effet, vos cong\u00e9s maternit\u00e9 sont assimil\u00e9s \u00e0 du temps de travail effectif, et l\u2019employeur ne peut pas les d\u00e9duire du calcul de votre prime.<\/p>\n<div class='shortcode tips'><div class='title'>Exemple<\/div><div class='content'>Une salari\u00e9e en cong\u00e9 maternit\u00e9 en d\u00e9cembre 2025 pourra toucher la prime de No\u00ebl de son entreprise, si celle-ci verse cette aide \u00e0 l\u2019ensemble de ses employ\u00e9s. Son absence pour cong\u00e9 maternit\u00e9 ne peut pas justifier une r\u00e9duction du montant.<\/div><\/div>\n<p>En revanche, si la prime de No\u00ebl en entreprise est conditionn\u00e9e \u00e0 la pr\u00e9sence effective (par exemple, uniquement pour les salari\u00e9s en poste au moment du versement), l\u2019employeur peut en limiter le b\u00e9n\u00e9fice : \u00e0 condition que cette r\u00e8gle soit clairement pr\u00e9vue dans un texte interne ou un accord collectif.<\/p>\n<div class='cta-block'><div class='text'>Simulez votre prime de No\u00ebl en 2 min.<\/div><a href='https:\/\/www.mes-allocs.fr\/ab-app?origin=guides\/wp-json\/wp\/v2\/posts\/13479' class='app-button fit'>Simulation gratuite<\/a><\/div>\n<h1>Dans quels cas un cumul n&rsquo;est pas possible ?<\/h1>\n<p>Si vous percevez uniquement les indemnit\u00e9s journali\u00e8res de cong\u00e9 maternit\u00e9 (vers\u00e9es par l\u2019Assurance Maladie), sans aucune des aides sociales cit\u00e9es plus haut, vous n\u2019\u00eates pas \u00e9ligible \u00e0 la prime de No\u00ebl. Ces indemnit\u00e9s ne sont pas consid\u00e9r\u00e9es comme un minimum social, mais comme un revenu de remplacement, au m\u00eame titre qu\u2019un salaire.<\/p>\n<p>Egalement, si vous \u00e9tiez b\u00e9n\u00e9ficiaire du RSA (ou d\u2019une autre aide \u00e9ligible \u00e0 la prime de No\u00ebl), avant votre cong\u00e9 maternit\u00e9 et que vous \u00eates actuellement en cong\u00e9 maternit\u00e9, la prime de No\u00ebl ne vous sera pas accord\u00e9e.<\/p>\n<h1><span id=\"Quels_sont_les_montants_de_la_prime_de_Noel_en_2024\">Quels sont les montants de la prime de No\u00ebl en 2025 ?<\/span><\/h1>\n<p>En 2025, les <strong>montants de la prime de No\u00ebl sont officiellement connus<\/strong> depuis le 03\/12\/2025. Ils sont identiques \u00e0 ceux de l&rsquo;ann\u00e9e derni\u00e8re.<\/p>\n<p><strong>Pour les personnes qui touchent l&rsquo;ASS ou\u00a0l&rsquo;AER,<\/strong> le montant de la prime est forfaitaire, c&rsquo;est-\u00e0-dire qu&rsquo;il ne d\u00e9pend pas de la composition du foyer. Il est de 152.45 \u20ac.<\/p>\n<h1>Prime de No\u00ebl en cong\u00e9 maternit\u00e9 : comment r\u00e9clamer l&rsquo;aide ?<\/h1>\n<p>Vous n&rsquo;avez aucune demande \u00e0 effectuer, si vous \u00eates \u00e9ligible, le versement se fera automatiquement par l&rsquo;organisme dont vous d\u00e9pendez d\u00e8s\u00a0le 16 d\u00e9cembre 2025. En effet, vos donn\u00e9es personnelles permettant d&rsquo;estimer votre \u00e9ligibilit\u00e9 sont d\u00e9j\u00e0 connues et seront prises en compte pour une estimation.<\/p>\n<p>M\u00eame si vous n\u2019avez rien \u00e0 faire pour b\u00e9n\u00e9ficier de vos droits, nous vous conseillons d\u2019optimiser au mieux votre versement en v\u00e9rifiant vos informations personnelles. Assurez-vous que les informations suivantes ont \u00e9t\u00e9 mises \u00e0 jour :<\/p>\n<ul>\n<li>Votre RIB<\/li>\n<li>La composition de votre foyer<\/li>\n<li>Votre situation matrimoniale<\/li>\n<\/ul>\n<h1><span id=\"Quelles_aides_financieres_peuvent_vous_accompagner_pendant_le_conge_parental\">Quelles aides financi\u00e8res peuvent vous accompagner pendant le cong\u00e9 maternit\u00e9 ?<\/span><\/h1>\n<p><span class=\"amp-wp-fe3f5cc\" data-amp-original-style=\"font-weight: 400;\">Pendant votre cong\u00e9 maternit\u00e9, vous avez droit de demander plusieurs aides pour vous accompagner durant cette p\u00e9riode. Sous certaines conditions, vous pouvez b\u00e9n\u00e9ficier des aides sociales suivantes :<\/span><\/p>\n<ul>\n<li><span class=\"amp-wp-fe3f5cc\" data-amp-original-style=\"font-weight: 400;\">La Prestation d\u2019Accueil du Jeune Enfant\u00a0<strong>(Paje)<\/strong>\u00a0vers\u00e9e par la CAF ou la MSA<\/span><\/li>\n<li class=\"amp-wp-fe3f5cc\" aria-level=\"1\" data-amp-original-style=\"font-weight: 400;\">La <strong>prime \u00e0 la naissance<\/strong> vers\u00e9e par la CAF ou la MSA<\/li>\n<li class=\"amp-wp-fe3f5cc\" aria-level=\"1\" data-amp-original-style=\"font-weight: 400;\">Le Compl\u00e9ment de libre choix du Mode de Garde\u00a0<strong>(CMG)<\/strong><\/li>\n<\/ul>\n<div class='cta-block'><div class='text'>Simulez votre prime de No\u00ebl en 2 min.<\/div><a href='https:\/\/www.mes-allocs.fr\/ab-app?origin=guides\/wp-json\/wp\/v2\/posts\/13479' class='app-button fit'>Simulation gratuite<\/a><\/div>\n","protected":false},"excerpt":{"rendered":"<p>[Mis \u00e0 jour le 04\/12\/2025] Chaque fin d\u2019ann\u00e9e, la prime de No\u00ebl permet \u00e0 de nombreux foyers modestes de b\u00e9n\u00e9ficier d\u2019un soutien financier bienvenu. Mais lorsqu\u2019on est en cong\u00e9 maternit\u00e9, les choses peuvent sembler floues : cette p\u00e9riode particuli\u00e8re donne-t-elle droit \u00e0 la prime de No\u00ebl ? Peut-on cumuler la prime de No\u00ebl avec des [&hellip;]<\/p>\n","protected":false},"author":6,"featured_media":38630,"comment_status":"open","ping_status":"open","sticky":false,"template":"","format":"standard","meta":{"amp_status":"","footnotes":""},"categories":[31,38913],"tags":[],"class_list":["post-13479","post","type-post","status-publish","format-standard","has-post-thumbnail","hentry","category-prime-de-noel","category-prime-de-noel-cumul"],"yoast_head":"<!-- This site is optimized with the Yoast SEO plugin v14.9 - https:\/\/yoast.com\/wordpress\/plugins\/seo\/ -->\n<title>Prime de No\u00ebl et cong\u00e9 maternit\u00e9 : sont-ils cumulables ? | Mes-Allocs.fr<\/title>\n<meta name=\"description\" content=\"La prime de Noel est une aide vers\u00e9e d\u00e8s\u00a0le 16 d\u00e9cembre 2025. Mais peut-on la cumuler avec le cong\u00e9 maternit\u00e9 ? On vous explique.\" \/>\n<meta name=\"robots\" content=\"index, follow, max-snippet:-1, max-image-preview:large, max-video-preview:-1\" \/>\n<link rel=\"canonical\" href=\"https:\/\/www.mes-allocs.fr\/guides\/prime-de-noel\/prime-de-noel-cumul\/conge-maternite-et-prime-de-noel\/\" \/>\n<meta property=\"og:locale\" content=\"fr_FR\" \/>\n<meta property=\"og:type\" content=\"article\" \/>\n<meta property=\"og:title\" content=\"Prime de No\u00ebl et cong\u00e9 maternit\u00e9 : sont-ils cumulables ? | Mes-Allocs.fr\" \/>\n<meta property=\"og:description\" content=\"La prime de Noel est une aide vers\u00e9e d\u00e8s\u00a0le 16 d\u00e9cembre 2025. Mais peut-on la cumuler avec le cong\u00e9 maternit\u00e9 ? On vous explique.\" \/>\n<meta property=\"og:url\" content=\"https:\/\/www.mes-allocs.fr\/guides\/prime-de-noel\/prime-de-noel-cumul\/conge-maternite-et-prime-de-noel\/\" \/>\n<meta property=\"og:site_name\" content=\"Mes-Allocs.fr\" \/>\n<meta property=\"article:published_time\" content=\"2020-10-19T07:37:00+00:00\" \/>\n<meta property=\"article:modified_time\" content=\"2025-12-04T17:21:18+00:00\" \/>\n<meta property=\"og:image\" content=\"https:\/\/www.mes-allocs.fr\/guides\/wp-content\/uploads\/2020\/10\/Prime-de-Noel-et-conge-maternite-un-cumul-possible-.jpg?wsr\" \/>\n\t<meta property=\"og:image:width\" content=\"1280\" \/>\n\t<meta property=\"og:image:height\" content=\"853\" \/>\n<meta name=\"twitter:card\" content=\"summary_large_image\" \/>\n<script type=\"application\/ld+json\" class=\"yoast-schema-graph\">{\"@context\":\"https:\/\/schema.org\",\"@graph\":[{\"@type\":\"WebSite\",\"@id\":\"https:\/\/www.mes-allocs.fr\/guides\/#website\",\"url\":\"https:\/\/www.mes-allocs.fr\/guides\/\",\"name\":\"Mes-Allocs.fr\",\"description\":\"\",\"potentialAction\":[{\"@type\":\"SearchAction\",\"target\":\"https:\/\/www.mes-allocs.fr\/guides\/?s={search_term_string}\",\"query-input\":\"required name=search_term_string\"}],\"inLanguage\":\"fr-FR\"},{\"@type\":\"ImageObject\",\"@id\":\"https:\/\/www.mes-allocs.fr\/guides\/prime-de-noel\/prime-de-noel-cumul\/conge-maternite-et-prime-de-noel\/#primaryimage\",\"inLanguage\":\"fr-FR\",\"url\":\"https:\/\/www.mes-allocs.fr\/guides\/wp-content\/uploads\/2020\/10\/Prime-de-Noel-et-conge-maternite-un-cumul-possible-.jpg?wsr\",\"width\":1280,\"height\":853,\"caption\":\"Prime de Noel et conge maternite un cumul possible\"},{\"@type\":\"WebPage\",\"@id\":\"https:\/\/www.mes-allocs.fr\/guides\/prime-de-noel\/prime-de-noel-cumul\/conge-maternite-et-prime-de-noel\/#webpage\",\"url\":\"https:\/\/www.mes-allocs.fr\/guides\/prime-de-noel\/prime-de-noel-cumul\/conge-maternite-et-prime-de-noel\/\",\"name\":\"Prime de No\\u00ebl et cong\\u00e9 maternit\\u00e9 : sont-ils cumulables ? | Mes-Allocs.fr\",\"isPartOf\":{\"@id\":\"https:\/\/www.mes-allocs.fr\/guides\/#website\"},\"primaryImageOfPage\":{\"@id\":\"https:\/\/www.mes-allocs.fr\/guides\/prime-de-noel\/prime-de-noel-cumul\/conge-maternite-et-prime-de-noel\/#primaryimage\"},\"datePublished\":\"2020-10-19T07:37:00+00:00\",\"dateModified\":\"2025-12-04T17:21:18+00:00\",\"author\":{\"@id\":\"https:\/\/www.mes-allocs.fr\/guides\/#\/schema\/person\/0ecd61a8600573914d00d970a588c024\"},\"description\":\"La prime de Noel est une aide vers\\u00e9e d\\u00e8s\\u00a0le 16 d\\u00e9cembre 2025. Mais peut-on la cumuler avec le cong\\u00e9 maternit\\u00e9 ? On vous explique.\",\"inLanguage\":\"fr-FR\"},{\"@type\":\"Person\",\"@id\":\"https:\/\/www.mes-allocs.fr\/guides\/#\/schema\/person\/0ecd61a8600573914d00d970a588c024\",\"name\":\"Jonathan\",\"image\":{\"@type\":\"ImageObject\",\"@id\":\"https:\/\/www.mes-allocs.fr\/guides\/#personlogo\",\"inLanguage\":\"fr-FR\",\"url\":\"https:\/\/www.mes-allocs.fr\/guides\/wp-content\/uploads\/2021\/06\/jonathan-150x150.png\",\"caption\":\"Jonathan\"},\"description\":\"Jonathan est r\\u00e9dacteur au sein de l'\\u00e9quipe Mes Allocs, sp\\u00e9cialis\\u00e9 sur les sujets li\\u00e9s au handicap. Dipl\\u00f4m\\u00e9e de l'UPEM, il rejoint Mes Allocs apr\\u00e8s avoir travaill\\u00e9 \\u00e0 l'association AEDE qui accompagne les adultes en situation de handicap. Quand il n'\\u00e9crit pas, on peut le retrouver sur un terrain de basket.\",\"sameAs\":[\"https:\/\/www.linkedin.com\/in\/jonathan-bambela-8637861b7\"]}]}<\/script>\n<!-- \/ Yoast SEO plugin. -->","amp_validity":null,"acf":{"faq":{"1":{"question":"Qu'est-ce que la prime de No\u00ebl ?","answer":"La prime de No\u00ebl est une aide sociale vers\u00e9e chaque ann\u00e9e aux b\u00e9n\u00e9ficiaires des minimas sociaux. Faites la simulation gratuite de prime de No\u00ebl directement sur le site de Mes Allocs."},"2":{"question":"Depuis quand est vers\u00e9e la prime de Noel ? ","answer":"La prime de Noel est vers\u00e9e depuis 1998. Cette derni\u00e8re est vers\u00e9e par la CAF, la MAS ou par P\u00f4le Emploi. Selon votre r\u00e9gime d'affiliation. "},"3":{"question":"Comment faire une demande de prime de No\u00ebl ? ","answer":"Vous n'avez aucune d\u00e9marche \u00e0 faire. Si vous \u00eates \u00e9ligible vous recevrez automatiquement le versement sur votre compte bancaire d\u00e8s\u00a0le 16 d\u00e9cembre 2025."},"4":{"question":"Peut-on cumuler le cong\u00e9 maternit\u00e9 et la prime de Noel ? ","answer":"Oui et non, cela d\u00e9pend de votre situation les mois pr\u00e9c\u00e9dents Noel. Nous vous invitons \u00e0 consulter notre article pour en savoir plus. "},"5":{"question":"Quand est vers\u00e9e la prime de Noel ? ","answer":"Elle est vers\u00e9e \u00e0 partir du 16 d\u00e9cembre 2025. Notez que si vous respectez les conditions d'\u00e9ligibilit\u00e9 non pas au mois de novembre mais au mois de d\u00e9cembre, vous percevrez le versement de la prime de No\u00ebl avec un d\u00e9calage. vous aurez donc le versement au mois de janvier. "},"6":{"question":"Quelles sont les conditions li\u00e9es \u00e0 la prime de No\u00ebl ?","answer":"Les conditions li\u00e9es \u00e0 la prime de No\u00ebl peuvent varier en fonction de votre situation personnelle. La m\u00e9thode rapide pour conna\u00eetre votre \u00e9ligibilit\u00e9 est de faire la simulation gratuite de prime de No\u00ebl directement sur le site de Mes Allocs."},"7":{"question":"","answer":""},"8":{"question":"","answer":""},"9":{"question":"","answer":""},"10":{"question":"","answer":""},"11":{"question":"","answer":""},"12":{"question":"","answer":""},"13":{"question":"","answer":""},"14":{"question":"","answer":""},"15":{"question":"","answer":""},"16":{"question":"","answer":""}}},"_links":{"self":[{"href":"https:\/\/www.mes-allocs.fr\/guides\/wp-json\/wp\/v2\/posts\/13479","targetHints":{"allow":["GET"]}}],"collection":[{"href":"https:\/\/www.mes-allocs.fr\/guides\/wp-json\/wp\/v2\/posts"}],"about":[{"href":"https:\/\/www.mes-allocs.fr\/guides\/wp-json\/wp\/v2\/types\/post"}],"author":[{"embeddable":true,"href":"https:\/\/www.mes-allocs.fr\/guides\/wp-json\/wp\/v2\/users\/6"}],"replies":[{"embeddable":true,"href":"https:\/\/www.mes-allocs.fr\/guides\/wp-json\/wp\/v2\/comments?post=13479"}],"version-history":[{"count":41,"href":"https:\/\/www.mes-allocs.fr\/guides\/wp-json\/wp\/v2\/posts\/13479\/revisions"}],"predecessor-version":[{"id":106398,"href":"https:\/\/www.mes-allocs.fr\/guides\/wp-json\/wp\/v2\/posts\/13479\/revisions\/106398"}],"wp:featuredmedia":[{"embeddable":true,"href":"https:\/\/www.mes-allocs.fr\/guides\/wp-json\/wp\/v2\/media\/38630"}],"wp:attachment":[{"href":"https:\/\/www.mes-allocs.fr\/guides\/wp-json\/wp\/v2\/media?parent=13479"}],"wp:term":[{"taxonomy":"category","embeddable":true,"href":"https:\/\/www.mes-allocs.fr\/guides\/wp-json\/wp\/v2\/categories?post=13479"},{"taxonomy":"post_tag","embeddable":true,"href":"https:\/\/www.mes-allocs.fr\/guides\/wp-json\/wp\/v2\/tags?post=13479"}],"curies":[{"name":"wp","href":"https:\/\/api.w.org\/{rel}","templated":true}]}}