{"id":13467,"date":"2020-10-19T13:56:21","date_gmt":"2020-10-19T13:56:21","guid":{"rendered":"https:\/\/www.mes-allocs.fr\/guides\/?p=13467"},"modified":"2026-04-02T15:26:30","modified_gmt":"2026-04-02T14:26:30","slug":"prime-activite-foyer-fiscal-parents","status":"publish","type":"post","link":"https:\/\/www.mes-allocs.fr\/guides\/prime-d-activite\/prime-activite-imposable\/prime-activite-foyer-fiscal-parents\/","title":{"rendered":"La prime d&rsquo;activit\u00e9 2026 est-elle imposable si on vit chez ses parents ?"},"content":{"rendered":"<div class=\"e2BEnf U7izfe\">\r\n<h3 class=\"med dPAwzb\" role=\"heading\" aria-level=\"2\"><\/h3>\r\n<p style=\"text-align: justify;\"><strong><a href=\"https:\/\/www.mes-allocs.fr\/guides\/wp-content\/uploads\/2020\/10\/Paie-t-on-un-impo\u0302t-sur-la-prime-dactivite\u0301-si-on-vit-chez-ses-parents-1-1.jpg\"><img loading=\"lazy\" decoding=\"async\" class=\"aligncenter wp-image-13561 size-full\" src=\"https:\/\/www.mes-allocs.fr\/guides\/wp-content\/uploads\/2020\/10\/Paie-t-on-un-impo\u0302t-sur-la-prime-dactivite\u0301-si-on-vit-chez-ses-parents-1-1-e1602782900605.jpg\" alt=\"prime activit\u00e9 imposable si on vit chez ses parents \" width=\"1280\" height=\"313\" srcset=\"https:\/\/www.mes-allocs.fr\/guides\/wp-content\/uploads\/2020\/10\/Paie-t-on-un-impo\u0302t-sur-la-prime-dactivite\u0301-si-on-vit-chez-ses-parents-1-1-e1602782900605.jpg 1280w, https:\/\/www.mes-allocs.fr\/guides\/wp-content\/uploads\/2020\/10\/Paie-t-on-un-impo\u0302t-sur-la-prime-dactivite\u0301-si-on-vit-chez-ses-parents-1-1-e1602782900605-300x73.jpg 300w, https:\/\/www.mes-allocs.fr\/guides\/wp-content\/uploads\/2020\/10\/Paie-t-on-un-impo\u0302t-sur-la-prime-dactivite\u0301-si-on-vit-chez-ses-parents-1-1-e1602782900605-1024x250.jpg 1024w, https:\/\/www.mes-allocs.fr\/guides\/wp-content\/uploads\/2020\/10\/Paie-t-on-un-impo\u0302t-sur-la-prime-dactivite\u0301-si-on-vit-chez-ses-parents-1-1-e1602782900605-768x188.jpg 768w, https:\/\/www.mes-allocs.fr\/guides\/wp-content\/uploads\/2020\/10\/Paie-t-on-un-impo\u0302t-sur-la-prime-dactivite\u0301-si-on-vit-chez-ses-parents-1-1-e1602782900605-600x147.jpg 600w\" sizes=\"auto, (max-width: 1280px) 100vw, 1280px\" \/><\/a><\/strong><\/p>\r\n<p style=\"text-align: justify;\">[Mis \u00e0 jour le 02\/04\/2026] La <a href=\"https:\/\/www.mes-allocs.fr\/guides\/prime-d-activite\/\">prime d&rsquo;activit\u00e9<\/a> est une aide sociale attribu\u00e9e par la CAF et calcul\u00e9e en fonction de vos revenus professionnels. L&rsquo;ensemble des revenus du foyer sont aussi pris en compte. Salari\u00e9s, \u00e9tudiants, stagiaires ou travailleurs ind\u00e9pendants peuvent b\u00e9n\u00e9ficier de cette aide s&rsquo;ils per\u00e7oivent des revenus. Or, faut-il payer un imp\u00f4t sur la prime si vous vivez chez vos parents en 2026 ?<\/p>\r\n<div class='cta-block'><div class='text'>Simulez votre prime d&rsquo;activit\u00e9 en 2 min. <\/div><a href='https:\/\/www.mes-allocs.fr\/ab-app?origin=guides\/wp-json\/wp\/v2\/posts\/13467' class='app-button fit'>Simulation gratuite<\/a><\/div>\r\n<\/div>\r\n<div class=\"card-section\">\r\n<div class=\"brs_col\">\r\n<div class=\"s75CSd\">\r\n<h1 class=\"wp-block-heading\">La prime est-elle imposable si on vit chez ses parents ?<\/h1>\r\n<div class=\"wWOJcd\" tabindex=\"0\" role=\"button\" aria-controls=\"exacc_VhGrY86jDLONkdUP1YKEgAI_2\" aria-expanded=\"true\" aria-labelledby=\"exacc_VhGrY86jDLONkdUP1YKEgAI_1\">\u00a0Les aides octroy\u00e9es par la CAF ne sont pas imposables. Par cons\u00e9quent, la prime d&rsquo;activit\u00e9 n&rsquo;est pas soumise \u00e0 l&rsquo;imp\u00f4t.<\/div>\r\n<ul>\r\n<li style=\"text-align: justify;\">Vous pouvez tout \u00e0 fait pr\u00e9tendre \u00e0 la prime en d\u00e9clarant vos revenus, si vous vivez chez vos parents. La <span class=\"typo_content\">CAF vous attribuera alors un num\u00e9ro d&rsquo;allocataire, si cela n&rsquo;a pas d\u00e9j\u00e0 \u00e9t\u00e9 fait.<\/span><\/li>\r\n<li style=\"text-align: justify;\">L&rsquo;ensemble des revenus du foyer seront demand\u00e9s.<\/li>\r\n<\/ul>\r\n<p style=\"text-align: justify;\">Par ailleurs, c&rsquo;est \u00e0 vous, en tant que jeune, de vous occuper de votre rattachement fiscal et non \u00e0 vos parents. Dans le cas o\u00f9 vous restez attach\u00e9 au foyer fiscal de vos parents, ils doivent d\u00e9clarer <strong>vos<\/strong> revenus <strong>et<\/strong> les leurs. La demi-part fiscale est alors conserv\u00e9e. Et inversement, en cas de d\u00e9tachement fiscal.<\/p>\r\n<\/div>\r\n<h2>Comment fonctionne le rattachement fiscal ?<\/h2>\r\n<p>Pour vos enfants majeurs, vous avez le choix entre :<\/p>\r\n<ul>\r\n<li>demander le rattachement \u00e0 votre foyer fiscal<\/li>\r\n<li>d\u00e9poser une demande de d\u00e9claration propre.<\/li>\r\n<\/ul>\r\n<p>Cela s&rsquo;applique aux enfants qui ont plus de 18 ans et moins de 25 ans le 1er janvier 2019. Afin d&rsquo;\u00eatre rattach\u00e9s \u00e0 votre foyer fiscal, vos enfants qui ont plus de 21, mais moins de 25 ans doivent \u00eatre \u00e9tudiants.<\/p>\r\n<div class=\"s75CSd\">\r\n<h2>Je suis rattach\u00e9 au foyer fiscal de mes parents, ai-je droit \u00e0 la prime ?<\/h2>\r\n<ul>\r\n<li>Le droit \u00e0 la prime est estim\u00e9 en fonction de vos revenus et plus largement, de votre situation. En effet, les conditions \u00ab\u00a0classiques\u00a0\u00bb s&rsquo;appliquent.<\/li>\r\n<li>Pour la demande de prime d&rsquo;activit\u00e9 (tout comme pour celle de l&rsquo;APL), le rattachement fiscal a peu d&rsquo;importance.<\/li>\r\n<\/ul>\r\n<p>Vous pouvez donc tout \u00e0 fait b\u00e9n\u00e9ficier de la prime si vous \u00eates sur le foyer fiscal de vos parents. Il suffit de d\u00e9clarer vos revenus et non ceux de vos parents. La CAF vous attribuera alors un num\u00e9ro d&rsquo;allocataire.<\/p>\r\n<p><strong>Attention, <\/strong>si vous \u00eates apprenti, un revenu minimum est requis pour toucher l&rsquo;aide.<\/p>\r\n<\/div>\r\n<div class=\"s75CSd\">\r\n<h2><strong>La CAF v\u00e9rifie-t-elle les d\u00e9clarations d&rsquo;imp\u00f4ts<\/strong> ?<\/h2>\r\n<p>La CAF ne v\u00e9rifie pas les d\u00e9clarations d&rsquo;imp\u00f4t. Les sommes attribu\u00e9es au titre d&rsquo;aides sociales ne sont pas \u00e9ligibles \u00e0 l&rsquo;imp\u00f4t sur le revenu.<\/p>\r\n<p>Les aides per\u00e7ues doivent seulement \u00eatre mentionn\u00e9es dans une d\u00e9claration de revenus.<\/p>\r\n<h1>Quel est le montant de la prime d&rsquo;activit\u00e9 ?<\/h1>\r\n<h2>\u00c0 combien s\u2019\u00e9l\u00e8ve le montant forfaitaire pour la prime ?<\/h2>\r\n<p>Il est de <strong>638,28\u20ac<\/strong>. Il sert de base au calcul de la prime et correspond \u00e0 un foyer compos\u00e9 d\u2019une seule personne. En outre, il est major\u00e9 en fonction de la composition du foyer.<\/p>\r\n<p>Le montant forfaitaire est\u00a0<strong>major\u00e9<\/strong>\u00a0de :<\/p>\r\n<ul>\r\n<li>50 % si votre foyer comporte deux personnes.<\/li>\r\n<li>30 % pour chaque personne suppl\u00e9mentaire.<\/li>\r\n<li>40 % \u00e0 partir de la 3e personne, si votre foyer compte plus de 2 enfants \u00e0 charge ou personnes de moins de 25 ans (le conjoint ne compte pas, ni le partenaire li\u00e9 par un PACS ou concubin).<\/li>\r\n<\/ul>\r\n<p><strong>Ce montant peut aussi \u00eatre major\u00e9 en cas d\u2019isolement :<\/strong><\/p>\r\n<ul>\r\n<li>128,412 % pour une personne isol\u00e9e ;<\/li>\r\n<li>42,804 % pour chaque enfant \u00e0 charge.<\/li>\r\n<\/ul>\r\n<div class=\"card-section\">\r\n<div class=\"brs_col\">\r\n<h2>La majoration de la prime d&rsquo;activit\u00e9<\/h2>\r\nLe montant de votre <a href=\"https:\/\/www.mes-allocs.fr\/guides\/prime-d-activite\/simulation-prime-d-activite\/\">prime d\u2019activit\u00e9<\/a> a \u00e9t\u00e9 major\u00e9. Aujourd&rsquo;hui, il est de<strong> 638,28\u20ac<\/strong> (montant forfaitaire). En outre, cette ann\u00e9e, des bonifications individuelles ont \u00e9t\u00e9 attribu\u00e9es pour faire face \u00e0 la crise sanitaire.<\/div>\r\n<\/div>\r\n<div>\r\n<p>Voici les montants forfaitaires de la prime d&rsquo;activit\u00e9 pour une personne seule :<\/p>\r\n<p>&nbsp;<\/p>\r\n\n<div class=\"wpdt-c row wpDataTableContainerSimpleTable wpDataTables wpDataTablesWrapper\n\"\n    >\n    <table id=\"wpdtSimpleTable-1\"\n           class=\"wpdtSimpleTable wpDataTable\"\n           data-column=\"3\"\n           data-rows=\"5\"\n           data-wpID=\"1\"\n           data-responsive=\"0\"\n           data-has-header=\"1\">\n\n                    <thead>        <tr class=\"wpdt-cell-row \" >\n                            <th class=\"wpdt-cell wpdt-bc-F3F9FE wpdt-bold\"\n                                    data-cell-id=\"A1\"\n                data-col-index=\"0\"\n                data-row-index=\"0\"\n                style=\" width:33.333333333333%;                padding:10px;\"\n                >\n                                Nombre d'enfants\nou de personnes \u00e0 charge                <\/th>\n                                            <th class=\"wpdt-cell wpdt-bc-F3F9FE wpdt-bold\"\n                                    data-cell-id=\"B1\"\n                data-col-index=\"1\"\n                data-row-index=\"0\"\n                style=\" width:33.333333333333%;                padding:10px;\"\n                >\n                                Pour une personne seule                <\/th>\n                                            <th class=\"wpdt-cell wpdt-bc-F3F9FE wpdt-bold\"\n                                    data-cell-id=\"C1\"\n                data-col-index=\"2\"\n                data-row-index=\"0\"\n                style=\" width:33.333333333333%;                padding:10px;\"\n                >\n                                Pour un couple                <\/th>\n                                        <\/tr>\n                    <tbody>        <tr class=\"wpdt-cell-row \" >\n                            <td class=\"wpdt-cell \"\n                                    data-cell-id=\"A2\"\n                data-col-index=\"0\"\n                data-row-index=\"1\"\n                style=\"                padding:10px;\"\n                >\n                                0                <\/td>\n                                            <td class=\"wpdt-cell \"\n                                    data-cell-id=\"B2\"\n                data-col-index=\"1\"\n                data-row-index=\"1\"\n                style=\"                padding:10px;\"\n                >\n                                638,28\u00a0\u20ac                <\/td>\n                                            <td class=\"wpdt-cell \"\n                                    data-cell-id=\"C2\"\n                data-col-index=\"2\"\n                data-row-index=\"1\"\n                style=\"                padding:10px;\"\n                >\n                                957,42\u00a0\u20ac                <\/td>\n                                        <\/tr>\n                            <tr class=\"wpdt-cell-row \" >\n                            <td class=\"wpdt-cell \"\n                                    data-cell-id=\"A3\"\n                data-col-index=\"0\"\n                data-row-index=\"2\"\n                style=\"                padding:10px;\"\n                >\n                                1                <\/td>\n                                            <td class=\"wpdt-cell \"\n                                    data-cell-id=\"B3\"\n                data-col-index=\"1\"\n                data-row-index=\"2\"\n                style=\"                padding:10px;\"\n                >\n                                957,42\u00a0\u20ac                <\/td>\n                                            <td class=\"wpdt-cell \"\n                                    data-cell-id=\"C3\"\n                data-col-index=\"2\"\n                data-row-index=\"2\"\n                style=\"                padding:10px;\"\n                >\n                                1\u00a0148,90\u00a0\u20ac                <\/td>\n                                        <\/tr>\n                            <tr class=\"wpdt-cell-row \" >\n                            <td class=\"wpdt-cell \"\n                                    data-cell-id=\"A4\"\n                data-col-index=\"0\"\n                data-row-index=\"3\"\n                style=\"                padding:10px;\"\n                >\n                                2                <\/td>\n                                            <td class=\"wpdt-cell \"\n                                    data-cell-id=\"B4\"\n                data-col-index=\"1\"\n                data-row-index=\"3\"\n                style=\"                padding:10px;\"\n                >\n                                1\u00a0148,90\u00a0\u20ac                <\/td>\n                                            <td class=\"wpdt-cell \"\n                                    data-cell-id=\"C4\"\n                data-col-index=\"2\"\n                data-row-index=\"3\"\n                style=\"                padding:10px;\"\n                >\n                                1\u00a0340,39\u00a0\u20ac                <\/td>\n                                        <\/tr>\n                            <tr class=\"wpdt-cell-row \" >\n                            <td class=\"wpdt-cell \"\n                                    data-cell-id=\"A5\"\n                data-col-index=\"0\"\n                data-row-index=\"4\"\n                style=\"                padding:10px;\"\n                >\n                                Par enfant ou personne \u00e0 charge suppl\u00e9mentaire                <\/td>\n                                            <td class=\"wpdt-cell \"\n                                    data-cell-id=\"B5\"\n                data-col-index=\"1\"\n                data-row-index=\"4\"\n                style=\"                padding:10px;\"\n                >\n                                255,32\u00a0\u20ac                <\/td>\n                                            <td class=\"wpdt-cell \"\n                                    data-cell-id=\"C5\"\n                data-col-index=\"2\"\n                data-row-index=\"4\"\n                style=\"                padding:10px;\"\n                >\n                                255,32\u00a0\u20ac                <\/td>\n                                        <\/tr>\n                    <\/table>\n<\/div><style id='wpdt-custom-style-1'>\ntable#wpdtSimpleTable-1{ table-layout: fixed !important; }\n.wpdt-bc-F3F9FE { background-color: #F3F9FE !important;}\n<\/style>\n\r\n<p>&nbsp;<\/p>\r\n<p>Voici les montants forfaitaires de la prime d&rsquo;activit\u00e9 pour les personnes en couple :<\/p>\r\n<p>&nbsp;<\/p>\r\n\n<div class=\"wpdt-c row wpDataTableContainerSimpleTable wpDataTables wpDataTablesWrapper\n\"\n    >\n    <table id=\"wpdtSimpleTable-2\"\n           class=\"wpdtSimpleTable wpDataTable\"\n           data-column=\"2\"\n           data-rows=\"5\"\n           data-wpID=\"2\"\n           data-responsive=\"0\"\n           data-has-header=\"1\">\n\n                    <thead>        <tr class=\"wpdt-cell-row \" >\n                            <th class=\"wpdt-cell wpdt-bc-F3F9FE\"\n                                    data-cell-id=\"A1\"\n                data-col-index=\"0\"\n                data-row-index=\"0\"\n                style=\" width:48.571428571429%;                padding:10px;\"\n                >\n                                Nombre d'enfants\nou de personnes \u00e0 charge                <\/th>\n                                            <th class=\"wpdt-cell wpdt-bc-F3F9FE\"\n                                    data-cell-id=\"B1\"\n                data-col-index=\"1\"\n                data-row-index=\"0\"\n                style=\" width:51.428571428571%;                padding:10px;\"\n                >\n                                Pour un couple                <\/th>\n                                        <\/tr>\n                    <tbody>        <tr class=\"wpdt-cell-row \" >\n                            <td class=\"wpdt-cell \"\n                                    data-cell-id=\"A2\"\n                data-col-index=\"0\"\n                data-row-index=\"1\"\n                style=\"                padding:10px;\"\n                >\n                                0                <\/td>\n                                            <td class=\"wpdt-cell \"\n                                    data-cell-id=\"B2\"\n                data-col-index=\"1\"\n                data-row-index=\"1\"\n                style=\"                padding:10px;\"\n                >\n                                957,42 \u20ac                <\/td>\n                                        <\/tr>\n                            <tr class=\"wpdt-cell-row \" >\n                            <td class=\"wpdt-cell \"\n                                    data-cell-id=\"A3\"\n                data-col-index=\"0\"\n                data-row-index=\"2\"\n                style=\"                padding:10px;\"\n                >\n                                1                <\/td>\n                                            <td class=\"wpdt-cell \"\n                                    data-cell-id=\"B3\"\n                data-col-index=\"1\"\n                data-row-index=\"2\"\n                style=\"                padding:10px;\"\n                >\n                                1 148,90 \u20ac                <\/td>\n                                        <\/tr>\n                            <tr class=\"wpdt-cell-row \" >\n                            <td class=\"wpdt-cell \"\n                                    data-cell-id=\"A4\"\n                data-col-index=\"0\"\n                data-row-index=\"3\"\n                style=\"                padding:10px;\"\n                >\n                                2                <\/td>\n                                            <td class=\"wpdt-cell \"\n                                    data-cell-id=\"B4\"\n                data-col-index=\"1\"\n                data-row-index=\"3\"\n                style=\"                padding:10px;\"\n                >\n                                1 340,39 \u20ac                <\/td>\n                                        <\/tr>\n                            <tr class=\"wpdt-cell-row \" >\n                            <td class=\"wpdt-cell \"\n                                    data-cell-id=\"A5\"\n                data-col-index=\"0\"\n                data-row-index=\"4\"\n                style=\"                padding:10px;\"\n                >\n                                Par enfant ou personne en plus                <\/td>\n                                            <td class=\"wpdt-cell \"\n                                    data-cell-id=\"B5\"\n                data-col-index=\"1\"\n                data-row-index=\"4\"\n                style=\"                padding:10px;\"\n                >\n                                255,31 \u20ac                <\/td>\n                                        <\/tr>\n                    <\/table>\n<\/div><style id='wpdt-custom-style-2'>\ntable#wpdtSimpleTable-2{ table-layout: fixed !important; }\n.wpdt-bc-F3F9FE { background-color: #F3F9FE !important;}\n<\/style>\n\r\n<\/div>\r\n<div class=\"card-section\">\r\n<div>\r\n<p data-start=\"0\" data-end=\"164\">Depuis le 1\u1d49\u02b3 mars 2025, la d\u00e9claration trimestrielle de l<strong>a prime d\u2019activit\u00e9 devient pr\u00e9-remplie<\/strong>, ce qui simplifie le processus. La CAF reprend automatiquement certaines informations \u00e0 partir des revenus d\u00e9clar\u00e9s auparavant, r\u00e9duisant ainsi les erreurs et acc\u00e9l\u00e9rant le traitement de votre demande. Toutefois, il reste important de v\u00e9rifier et de valider les informations pour \u00e9viter toute erreur qui pourrait affecter le montant de l\u2019aide.<\/p>\r\n<p data-start=\"0\" data-end=\"164\">Depuis mars 2025, la p\u00e9riode \u00e0 d\u00e9clarer correspond aux tr<strong>ois mois pr\u00e9c\u00e9dant la demande : par exemple, en mars, vous devez d\u00e9clarer vos revenus des mois de novembre, d\u00e9cembre et janvier (et non plus d\u00e9cembre, janvier, f\u00e9vrier)<\/strong>. Cette nouvelle organisation facilite la gestion de votre dossier et rend la d\u00e9claration plus pr\u00e9cise.<\/p>\r\n<p><iframe loading=\"lazy\" title=\"La prime d&#039;activit\u00e9\" width=\"500\" height=\"281\" src=\"https:\/\/www.youtube.com\/embed\/uavbovK5ZXc?feature=oembed\" frameborder=\"0\" allow=\"accelerometer; autoplay; clipboard-write; encrypted-media; gyroscope; picture-in-picture; web-share\" referrerpolicy=\"strict-origin-when-cross-origin\" allowfullscreen><\/iframe><\/p>\r\n<\/div>\r\n<\/div>\r\n<h2>Plafond de la prime <strong>d&rsquo;activit\u00e9 <\/strong>: quels sont les seuils \u00e9tablis ?<\/h2>\r\n<\/div>\r\n<div class=\"s75CSd\">\r\n<p>La prime est faite pour compl\u00e9ter le revenu des actifs, le plafond pour en b\u00e9n\u00e9ficier varie selon la composition de votre foyer.<\/p>\r\n<div class=\"s75CSd\">\r\n<div class=\"Zes0Mc\">\r\n<div class=\"A07Bwc\">\r\n<div class=\"dZtbP\">\r\n<div class=\"aXBZVd\">\r\n<h2><b>Peut-on me demander un remboursement en cas d&rsquo;erreur ?<\/b><\/h2>\r\n<\/div>\r\n<\/div>\r\n<\/div>\r\n<\/div>\r\n<\/div>\r\n<div class=\"s75CSd\">\r\n<p class=\"nVcaUb\">S\u2019il y a erreur sur le profil du b\u00e9n\u00e9ficiaire, vous \u00eates tenu de rembourser les sommes per\u00e7ues au titre de la prime d\u2019activit\u00e9. Cela peut arriver si les informations vous concernant sont :<\/p>\r\n<ul>\r\n<li>incompl\u00e8tes,<\/li>\r\n<li>inexactes,<\/li>\r\n<li>d\u00e9clar\u00e9es tardivement.<\/li>\r\n<\/ul>\r\n<p class=\"nVcaUb\" style=\"text-align: justify;\">En effet, apr\u00e8s \u00e9tude de votre dossier, si vous n\u2019avez pas le droit \u00e0 la prime, vous devez la rembourser.<strong>\u00a0En outre, plus vous tardez \u00e0 d\u00e9clarer, plus la somme r\u00e9clam\u00e9e sera importante.<\/strong><\/p>\r\n<p>Voici les modalit\u00e9s de remboursement selon votre situation personnelle :<\/p>\r\n\n<div class=\"wpdt-c row wpDataTableContainerSimpleTable wpDataTables wpDataTablesWrapper\n\"\n    >\n    <table id=\"wpdtSimpleTable-50\"\n           class=\"wpdtSimpleTable wpDataTable\"\n           data-column=\"2\"\n           data-rows=\"3\"\n           data-wpID=\"50\"\n           data-responsive=\"0\"\n           data-has-header=\"1\">\n\n                    <thead>        <tr class=\"wpdt-cell-row \" >\n                            <th class=\"wpdt-cell wpdt-bc-F3F9FE\"\n                                    data-cell-id=\"A1\"\n                data-col-index=\"0\"\n                data-row-index=\"0\"\n                style=\" width:34.658385093168%;                padding:10px;\"\n                >\n                                Situation personnelle                <\/th>\n                                            <th class=\"wpdt-cell wpdt-bc-F3F9FE\"\n                                    data-cell-id=\"B1\"\n                data-col-index=\"1\"\n                data-row-index=\"0\"\n                style=\" width:65.341614906832%;                padding:10px;\"\n                >\n                                Remboursement                <\/th>\n                                        <\/tr>\n                    <tbody>        <tr class=\"wpdt-cell-row \" >\n                            <td class=\"wpdt-cell \"\n                                    data-cell-id=\"A2\"\n                data-col-index=\"0\"\n                data-row-index=\"1\"\n                style=\"                padding:10px;\"\n                >\n                                Couple                <\/td>\n                                            <td class=\"wpdt-cell \"\n                                    data-cell-id=\"B2\"\n                data-col-index=\"1\"\n                data-row-index=\"1\"\n                style=\"                padding:10px;\"\n                >\n                                Vous devez rembourser la prime puisqu\u2019elle est\u00a0calcul\u00e9e selon les revenus de votre conjoint. Et ce, qu\u2019il soit votre concubin(e), pacs\u00e9(e), \u00e9poux(se) et qu\u2019il r\u00e9side avec vous, en France, ou \u00e0 l\u2019\u00e9tranger.                <\/td>\n                                        <\/tr>\n                            <tr class=\"wpdt-cell-row \" >\n                            <td class=\"wpdt-cell \"\n                                    data-cell-id=\"A3\"\n                data-col-index=\"0\"\n                data-row-index=\"2\"\n                style=\"                padding:10px;\"\n                >\n                                D\u00e9part \u00e0 l\u2019\u00e9tranger                <\/td>\n                                            <td class=\"wpdt-cell \"\n                                    data-cell-id=\"B3\"\n                data-col-index=\"1\"\n                data-row-index=\"2\"\n                style=\"                padding:10px;\"\n                >\n                                Si vous \u00eates hors du territoire plus de\u00a03 mois cons\u00e9cutifs\u00a0sur l\u2019ann\u00e9e, votre prime sera suspendue. Vous devrez donc la rembourser.\u00a0                <\/td>\n                                        <\/tr>\n                    <\/table>\n<\/div><style id='wpdt-custom-style-50'>\ntable#wpdtSimpleTable-50{ table-layout: fixed !important; }\n.wpdt-bc-F3F9FE { background-color: #F3F9FE !important;}\n<\/style>\n\r\n<p class=\"nVcaUb\">\u00c0 noter que les revenus d\u2019activit\u00e9 professionnelle de votre enfant doivent \u00eatre d\u00e9clar\u00e9s :<\/p>\r\n<ul>\r\n<li>pendant les vacances scolaires,<\/li>\r\n<li>les \u00e9tudes,<\/li>\r\n<li>lors d\u2019un stage ou d\u2019une formation.<\/li>\r\n<\/ul>\r\n<\/div>\r\n<\/div>\r\n<\/div>\r\n<\/div>\r\n<p>&nbsp;<\/p>\r\n<div class='cta-block'><div class='text'>Simulez votre prime d&rsquo;activit\u00e9 en 2 min. <\/div><a href='https:\/\/www.mes-allocs.fr\/ab-app?origin=guides\/wp-json\/wp\/v2\/posts\/13467' class='app-button fit'>Simulation gratuite<\/a><\/div>\r\n<p>&nbsp;<\/p>\r\n<div class=\"card-section\">\r\n<div class=\"brs_col\">\r\n<h1><span style=\"font-size: 24pt;\">Comment cette aide est-elle calcul\u00e9e ?<\/span><\/h1>\r\n<h3><span style=\"font-size: 18pt;\">Quelles sont les ressources prises en compte ?<\/span><\/h3>\r\n<p>Les ressources prises en compte dans le calcul de la prime sont :<\/p>\r\n<ul>\r\n<li>les<strong>\u00a0revenus d&rsquo;activit\u00e9 professionnelle<\/strong>, de\u00a0<strong>remplacement\u00a0<\/strong>(indemnit\u00e9s ch\u00f4mage par exemple),<\/li>\r\n<li><strong>prestations sociales,<\/strong><\/li>\r\n<li><strong>revenus du capital ou du patrimoine.<\/strong><\/li>\r\n<li>pensions et rentes d&rsquo;invalidit\u00e9,<\/li>\r\n<li>pensions militaires,<\/li>\r\n<li>rentes d&rsquo;accident du travail et de maladie professionnelle.<\/li>\r\n<\/ul>\r\n<p>&nbsp;<\/p>\r\n<h2>Quelle est la formule de calcul ?<\/h2>\r\n<p>Il inclut\u00a0<strong>un montant forfaitaire de 638,28 \u20ac, \u00e9voluant selon la composition de votre foyer<\/strong>. \u00c0 cela s&rsquo;ajoute 59,85\u2009% du montant des revenus d&rsquo;activit\u00e9 du foyer. Sans compter les ressources du foyer <strong>et<\/strong> l&rsquo;\u00e9ventuel forfait logement.<\/p>\r\n<p><em><strong>Prime d&rsquo;activit\u00e9 = (montant forfaitaire + bonification + 59,85\u2009% des revenus) \u2013 (ressources du foyer + prestations familiales + forfait logement)<\/strong><\/em><\/p>\r\n<p>\u00c0 noter : vos donn\u00e9es personnelles ne sont pas enregistr\u00e9es.<\/p>\r\n<div class=\"Zes0Mc\">\r\n<div class=\"A07Bwc\">\r\n<div class=\"dZtbP\">\r\n<h1>Comment faire une demande de prime d&rsquo;activit\u00e9 ?<\/h1>\r\n<p style=\"text-align: justify;\">Vous devez remplir un formulaire prime d&rsquo;activit\u00e9. Pendant le versement de la prime, les d\u00e9clarations trimestrielles (accessibles sur le site de la caf, mon compte) vous permettront de mettre \u00e0 jour votre situation familiale (nombre de membres du foyer) et revenus.<\/p>\r\n<p style=\"text-align: justify;\">Vous pouvez b\u00e9n\u00e9ficier de la prime m\u00eame si vous percevez des prestations telles que :<\/p>\r\n<ul>\r\n<li style=\"text-align: justify;\">l&rsquo;allocation adultes handicap\u00e9s (AAH),<\/li>\r\n<li style=\"text-align: justify;\">le revenu de solidarit\u00e9 active (RSA),<\/li>\r\n<li>l&rsquo;allocation personnalis\u00e9e au logement (APL).<\/li>\r\n<\/ul>\r\n<p>L&rsquo;aide peut \u00eatre attribu\u00e9e d\u00e8s l&rsquo;\u00e2ge de 18 ans.<\/p>\r\n<p>&nbsp;<\/p>\r\n<\/div>\r\n<\/div>\r\n<\/div>\r\n<div class=\"Zes0Mc\">\r\n<div class=\"A07Bwc\">\r\n<div class=\"dZtbP\">\r\n<h2>Quel est le d\u00e9lai de traitement de l&rsquo;aide ?<\/h2>\r\n<ul>\r\n<li>Si votre demande est accept\u00e9e, vous recevrez une notification d\u2019attribution\u00a0<b>pendant 3 mois.<\/b><\/li>\r\n<li>Il s\u2019agit d\u2019un\u00a0<b>montant fixe, attribu\u00e9 pendant un trimestre<\/b>.<\/li>\r\n<\/ul>\r\n<p>Il ne prend pas en compte des changements de ressources de votre foyer. En revanche, si votre demande est rejet\u00e9e, <b>vous pouvez adresser un recours.<\/b><\/p>\r\n<p>&nbsp;<\/p>\r\n<h2>Quand la prime est-elle vers\u00e9e ?<\/h2>\r\n<div class=\"brs_col\" style=\"text-align: justify;\">Le versement de la prime intervient <strong>le 5 de chaque mois<\/strong>. Et ce, pour une p\u00e9riode limit\u00e9e \u00e0 un trimestre. <strong>En effet, votre situation est r\u00e9\u00e9valu\u00e9e chaque trois mois. Le renouvellement n&rsquo;est pas automatique.<\/strong><\/div>\r\n<ul>\r\n<li class=\"brs_col\" style=\"text-align: justify;\">Par ailleurs, si votre demande de prime est effectu\u00e9e avant le 25 mars, vous toucherez la <strong>prime<\/strong> le 5 avril.<\/li>\r\n<li class=\"brs_col\" style=\"text-align: justify;\">Si vous le faites entre le 25 et le 31 mars, elle vous sera vers\u00e9e \u00e0 compter du 5 avril.<\/li>\r\n<li class=\"brs_col\">Si vous effectuez votre demande apr\u00e8s le 31 mars, votre demande sera prise en compte pour le mois suivant.<\/li>\r\n<\/ul>\r\n<p>&nbsp;<\/p>\r\n<\/div>\r\n<\/div>\r\n<div class='cta-block'><div class='text'>Simulez votre prime d&rsquo;activit\u00e9 en 2 min. <\/div><a href='https:\/\/www.mes-allocs.fr\/ab-app?origin=guides\/wp-json\/wp\/v2\/posts\/13467' class='app-button fit'>Simulation gratuite<\/a><\/div>\r\n<\/div>\r\n<\/div>\r\n<\/div>\r\n<div class=\"card-section\">\r\n<div class=\"brs_col\">\u00a0<\/div>\r\n<\/div>","protected":false},"excerpt":{"rendered":"<p>[Mis \u00e0 jour le 02\/04\/2026] La prime d&rsquo;activit\u00e9 est une aide sociale attribu\u00e9e par la CAF et calcul\u00e9e en fonction de vos revenus professionnels. L&rsquo;ensemble des revenus du foyer sont aussi pris en compte. Salari\u00e9s, \u00e9tudiants, stagiaires ou travailleurs ind\u00e9pendants peuvent b\u00e9n\u00e9ficier de cette aide s&rsquo;ils per\u00e7oivent des revenus. Or, faut-il payer un imp\u00f4t sur [&hellip;]<\/p>\n","protected":false},"author":10,"featured_media":13560,"comment_status":"open","ping_status":"open","sticky":false,"template":"","format":"standard","meta":{"amp_status":"","footnotes":""},"categories":[20,2946],"tags":[],"class_list":["post-13467","post","type-post","status-publish","format-standard","has-post-thumbnail","hentry","category-prime-d-activite","category-prime-activite-imposable"],"yoast_head":"<!-- This site is optimized with the Yoast SEO plugin v14.9 - https:\/\/yoast.com\/wordpress\/plugins\/seo\/ -->\n<title>Prime d&#039;activit\u00e9 2026 et foyer fiscal des parents : comment \u00e7a marche ?<\/title>\n<meta name=\"description\" content=\"La prime d&#039;activit\u00e9 n&#039;est pas une aide sociale imposable. Si vous habitez chez vos parents en 2026, c&#039;est diff\u00e9rent.\" \/>\n<meta name=\"robots\" content=\"index, follow, max-snippet:-1, max-image-preview:large, max-video-preview:-1\" \/>\n<link rel=\"canonical\" href=\"https:\/\/www.mes-allocs.fr\/guides\/prime-d-activite\/prime-activite-imposable\/prime-activite-foyer-fiscal-parents\/\" \/>\n<meta property=\"og:locale\" content=\"fr_FR\" \/>\n<meta property=\"og:type\" content=\"article\" \/>\n<meta property=\"og:title\" content=\"Prime d&#039;activit\u00e9 2026 et foyer fiscal des parents : comment \u00e7a marche ?\" \/>\n<meta property=\"og:description\" content=\"La prime d&#039;activit\u00e9 n&#039;est pas une aide sociale imposable. Si vous habitez chez vos parents en 2026, c&#039;est diff\u00e9rent.\" \/>\n<meta property=\"og:url\" content=\"https:\/\/www.mes-allocs.fr\/guides\/prime-d-activite\/prime-activite-imposable\/prime-activite-foyer-fiscal-parents\/\" \/>\n<meta property=\"og:site_name\" content=\"Mes-Allocs.fr\" \/>\n<meta property=\"article:published_time\" content=\"2020-10-19T13:56:21+00:00\" \/>\n<meta property=\"article:modified_time\" content=\"2026-04-02T14:26:30+00:00\" \/>\n<meta property=\"og:image\" content=\"https:\/\/www.mes-allocs.fr\/guides\/wp-content\/uploads\/2020\/10\/Paie-t-on-un-impo\u0302t-sur-la-prime-dactivite\u0301-si-on-vit-chez-ses-parents-.jpg?wsr\" \/>\n\t<meta property=\"og:image:width\" content=\"1280\" \/>\n\t<meta property=\"og:image:height\" content=\"853\" \/>\n<meta name=\"twitter:card\" content=\"summary_large_image\" \/>\n<script type=\"application\/ld+json\" class=\"yoast-schema-graph\">{\"@context\":\"https:\/\/schema.org\",\"@graph\":[{\"@type\":\"WebSite\",\"@id\":\"https:\/\/www.mes-allocs.fr\/guides\/#website\",\"url\":\"https:\/\/www.mes-allocs.fr\/guides\/\",\"name\":\"Mes-Allocs.fr\",\"description\":\"\",\"potentialAction\":[{\"@type\":\"SearchAction\",\"target\":\"https:\/\/www.mes-allocs.fr\/guides\/?s={search_term_string}\",\"query-input\":\"required name=search_term_string\"}],\"inLanguage\":\"fr-FR\"},{\"@type\":\"ImageObject\",\"@id\":\"https:\/\/www.mes-allocs.fr\/guides\/prime-d-activite\/prime-activite-imposable\/prime-activite-foyer-fiscal-parents\/#primaryimage\",\"inLanguage\":\"fr-FR\",\"url\":\"https:\/\/www.mes-allocs.fr\/guides\/wp-content\/uploads\/2020\/10\/Paie-t-on-un-impo\\u0302t-sur-la-prime-dactivite\\u0301-si-on-vit-chez-ses-parents-.jpg?wsr\",\"width\":1280,\"height\":853,\"caption\":\"Paie t on un impo\\u0302t sur la prime dactivite\\u0301 si on vit chez ses parents\"},{\"@type\":\"WebPage\",\"@id\":\"https:\/\/www.mes-allocs.fr\/guides\/prime-d-activite\/prime-activite-imposable\/prime-activite-foyer-fiscal-parents\/#webpage\",\"url\":\"https:\/\/www.mes-allocs.fr\/guides\/prime-d-activite\/prime-activite-imposable\/prime-activite-foyer-fiscal-parents\/\",\"name\":\"Prime d'activit\\u00e9 2026 et foyer fiscal des parents : comment \\u00e7a marche ?\",\"isPartOf\":{\"@id\":\"https:\/\/www.mes-allocs.fr\/guides\/#website\"},\"primaryImageOfPage\":{\"@id\":\"https:\/\/www.mes-allocs.fr\/guides\/prime-d-activite\/prime-activite-imposable\/prime-activite-foyer-fiscal-parents\/#primaryimage\"},\"datePublished\":\"2020-10-19T13:56:21+00:00\",\"dateModified\":\"2026-04-02T14:26:30+00:00\",\"author\":{\"@id\":\"https:\/\/www.mes-allocs.fr\/guides\/#\/schema\/person\/8d47b912c0ad15f379df96b4e4e33f58\"},\"description\":\"La prime d'activit\\u00e9 n'est pas une aide sociale imposable. Si vous habitez chez vos parents en 2026, c'est diff\\u00e9rent.\",\"inLanguage\":\"fr-FR\"},{\"@type\":\"Person\",\"@id\":\"https:\/\/www.mes-allocs.fr\/guides\/#\/schema\/person\/8d47b912c0ad15f379df96b4e4e33f58\",\"name\":\"Constance de Cagny\",\"image\":{\"@type\":\"ImageObject\",\"@id\":\"https:\/\/www.mes-allocs.fr\/guides\/#personlogo\",\"inLanguage\":\"fr-FR\",\"url\":\"https:\/\/www.mes-allocs.fr\/guides\/wp-content\/uploads\/2021\/06\/Constance.2e8ee0b.png\",\"caption\":\"Constance de Cagny\"},\"description\":\"Constance est r\\u00e9dactrice au sein de l'\\u00e9quipe Mes Allocs. Elle a l'habitude d'\\u00e9crire sur les sujets conso, bons plans et \\u00e9conomies. Dipl\\u00f4m\\u00e9e de l'ENACO, elle rejoint Mes Allocs apr\\u00e8s une premi\\u00e8re exp\\u00e9rience en cabinet notarial.\",\"sameAs\":[\"https:\/\/www.linkedin.com\/in\/constance-de-cagny-mayeur-bbb414135\"]}]}<\/script>\n<!-- \/ Yoast SEO plugin. -->","amp_validity":null,"acf":{"faq":{"1":{"question":"Puis-je avoir la prime d'activit\u00e9 si je vis chez mes parents ?","answer":"Tout \u00e0 fait. Il suffit de respecter les conditions d'attribution en termes de revenus (plafonds fix\u00e9s)."},"2":{"question":"Quel salaire Faut-il d\u00e9clarer pour la prime d'activit\u00e9 ?","answer":"Ce sont vos salaires d'activit\u00e9 qu'il faut d\u00e9clarer en premier lieu."},"3":{"question":"Quel montant d\u00e9clarer \u00e0 la CAF pour la prime d'activit\u00e9 ?","answer":"Vous devez d\u00e9clarer le montant de vos salaires, ainsi que l'ensemble des ressources de votre foyer."},"4":{"question":"Quelles allocations sont imposables ?","answer":"Les allocations distribu\u00e9es par la CAF ne sont pas imposables. La prime d'activit\u00e9 ne l'est pas non plus."},"5":{"question":"Est-ce que les allocations familiales sont imposables ?","answer":"Elles sont exon\u00e9r\u00e9es d'imp\u00f4t sur le revenu. Le RSA, lui, est totalement exon\u00e9r\u00e9 d'imp\u00f4ts."},"6":{"question":"","answer":""},"7":{"question":"","answer":""},"8":{"question":"","answer":""},"9":{"question":"","answer":""},"10":{"question":"","answer":""},"11":{"question":"","answer":""},"12":{"question":"","answer":""},"13":{"question":"","answer":""},"14":{"question":"","answer":""},"15":{"question":"","answer":""},"16":{"question":"","answer":""}}},"_links":{"self":[{"href":"https:\/\/www.mes-allocs.fr\/guides\/wp-json\/wp\/v2\/posts\/13467","targetHints":{"allow":["GET"]}}],"collection":[{"href":"https:\/\/www.mes-allocs.fr\/guides\/wp-json\/wp\/v2\/posts"}],"about":[{"href":"https:\/\/www.mes-allocs.fr\/guides\/wp-json\/wp\/v2\/types\/post"}],"author":[{"embeddable":true,"href":"https:\/\/www.mes-allocs.fr\/guides\/wp-json\/wp\/v2\/users\/10"}],"replies":[{"embeddable":true,"href":"https:\/\/www.mes-allocs.fr\/guides\/wp-json\/wp\/v2\/comments?post=13467"}],"version-history":[{"count":46,"href":"https:\/\/www.mes-allocs.fr\/guides\/wp-json\/wp\/v2\/posts\/13467\/revisions"}],"predecessor-version":[{"id":111423,"href":"https:\/\/www.mes-allocs.fr\/guides\/wp-json\/wp\/v2\/posts\/13467\/revisions\/111423"}],"wp:featuredmedia":[{"embeddable":true,"href":"https:\/\/www.mes-allocs.fr\/guides\/wp-json\/wp\/v2\/media\/13560"}],"wp:attachment":[{"href":"https:\/\/www.mes-allocs.fr\/guides\/wp-json\/wp\/v2\/media?parent=13467"}],"wp:term":[{"taxonomy":"category","embeddable":true,"href":"https:\/\/www.mes-allocs.fr\/guides\/wp-json\/wp\/v2\/categories?post=13467"},{"taxonomy":"post_tag","embeddable":true,"href":"https:\/\/www.mes-allocs.fr\/guides\/wp-json\/wp\/v2\/tags?post=13467"}],"curies":[{"name":"wp","href":"https:\/\/api.w.org\/{rel}","templated":true}]}}