{"id":13311,"date":"2020-10-12T13:10:36","date_gmt":"2020-10-12T13:10:36","guid":{"rendered":"https:\/\/www.mes-allocs.fr\/guides\/?p=13311"},"modified":"2025-12-04T18:24:07","modified_gmt":"2025-12-04T17:24:07","slug":"prime-de-noel-et-ass","status":"publish","type":"post","link":"https:\/\/www.mes-allocs.fr\/guides\/prime-de-noel\/prime-de-noel-cumul\/prime-de-noel-et-ass\/","title":{"rendered":"Prime de No\u00ebl et ASS : un cumul possible en 2025 ?"},"content":{"rendered":"<p><img loading=\"lazy\" decoding=\"async\" class=\"aligncenter size-full wp-image-105456\" title=\"prime noel ass\" src=\"https:\/\/www.mes-allocs.fr\/guides\/wp-content\/uploads\/2020\/10\/prime-noel-ass-e1762187550804.jpg\" alt=\"prime noel ass\" width=\"1920\" height=\"300\" srcset=\"https:\/\/www.mes-allocs.fr\/guides\/wp-content\/uploads\/2020\/10\/prime-noel-ass-e1762187550804.jpg 1920w, https:\/\/www.mes-allocs.fr\/guides\/wp-content\/uploads\/2020\/10\/prime-noel-ass-e1762187550804-300x47.jpg 300w, https:\/\/www.mes-allocs.fr\/guides\/wp-content\/uploads\/2020\/10\/prime-noel-ass-e1762187550804-1024x160.jpg 1024w, https:\/\/www.mes-allocs.fr\/guides\/wp-content\/uploads\/2020\/10\/prime-noel-ass-e1762187550804-768x120.jpg 768w, https:\/\/www.mes-allocs.fr\/guides\/wp-content\/uploads\/2020\/10\/prime-noel-ass-e1762187550804-1536x240.jpg 1536w, https:\/\/www.mes-allocs.fr\/guides\/wp-content\/uploads\/2020\/10\/prime-noel-ass-e1762187550804-600x94.jpg 600w\" sizes=\"auto, (max-width: 1920px) 100vw, 1920px\" \/><\/p>\n<p>[Mis \u00e0 jour le 04\/12\/2025] L\u2019Allocation de Solidarit\u00e9 Sp\u00e9cifique (ASS) est une aide vers\u00e9e par France Travail aux demandeurs d\u2019emploi en fin de droits. Et en 2025, vous \u00eates nombreux \u00e0 vous demander si vous pouvez <strong>cumuler ASS et prime de No\u00ebl<\/strong>. En effet, cette aide de fin d&rsquo;ann\u00e9e est un v\u00e9ritable coup de pouce ! Alors, dans quels cas le <a href=\"https:\/\/www.mes-allocs.fr\/guides\/prime-de-noel\/prime-de-noel-cumul\/\">cumul de la prime de No\u00ebl<\/a> avec l\u2019ASS est possible et comment savoir combien vous toucherez en 2025 ? On vous r\u00e9pond.<\/p>\n<div class='cta-block'><div class='text'>Simulez votre prime de No\u00ebl en 2 min.<\/div><a href='https:\/\/www.mes-allocs.fr\/ab-app?origin=guides\/wp-json\/wp\/v2\/posts\/13311' class='app-button fit'>Simulation gratuite<\/a><\/div>\n<h1>Peut-on b\u00e9n\u00e9ficier de la prime de No\u00ebl avec l&rsquo;ASS ?<\/h1>\n<p><strong>Oui<\/strong>, les b\u00e9n\u00e9ficiaires de l\u2019ASS (Allocation de Solidarit\u00e9 Sp\u00e9cifique) ont bien droit \u00e0 la prime de No\u00ebl. On pense souvent \u00e0 tort que ce sont les b\u00e9n\u00e9ficiaires de minima sociaux comme le RSA qui per\u00e7oivent la prime de No\u00ebl. Mais pas que. En effet, la prime de No\u00ebl est cumulable avec certaines aides attribu\u00e9es par France Travail. C\u2019est le cas de l\u2019Allocation de Solidarit\u00e9 Sp\u00e9cifique.<\/p>\n<div class='shortcode disclaimer'><div class='title'>Attention<\/div><div class='content'>Ceux qui touchent l&rsquo;Allocation de retour \u00e0 l&#8217;emploi (ARE) eux ne sont pas \u00e9ligibles, contrairement aux b\u00e9n\u00e9ficiaires de l&rsquo;ASS.<\/div><\/div>\n<p><iframe loading=\"lazy\" title=\"La prime de No\u00ebl\" width=\"500\" height=\"281\" src=\"https:\/\/www.youtube.com\/embed\/JSd0X11Muig?feature=oembed\" frameborder=\"0\" allow=\"accelerometer; autoplay; clipboard-write; encrypted-media; gyroscope; picture-in-picture; web-share\" referrerpolicy=\"strict-origin-when-cross-origin\" allowfullscreen><\/iframe><\/p>\n<h1>Quelles conditions respecter pour percevoir la prime de No\u00ebl ?<\/h1>\n<p>Pour recevoir la prime de No\u00ebl d\u00e8s le mardi 16 d\u00e9cembre 2025 ou au plus tard en janvier 2025, la seule condition \u00e0 remplir est que <strong>vous perceviez l\u2019ASS en novembre ou d\u00e9cembre 2025<\/strong>. Si tel est le cas, vous serez automatiquement \u00e9ligible \u00e0 la prime de fin d&rsquo;ann\u00e9e.<\/p>\n<div class='shortcode important'><div class='title'>Important<\/div><div class='content'>Si vous commencez \u00e0 percevoir l\u2019ASS pour la premi\u00e8re fois en d\u00e9cembre, votre prime de No\u00ebl pourra \u00eatre vers\u00e9e d\u00e9but janvier 2026, en raison du d\u00e9lai de traitement de votre dossier par France Travail.<\/div><\/div>\n<h1>Peut-on toucher la prime de No\u00ebl si on reprend une activit\u00e9 apr\u00e8s l\u2019ASS ?<\/h1>\n<p><strong>Oui<\/strong>, dans certains cas, il est possible de percevoir la prime de No\u00ebl apr\u00e8s une reprise d\u2019activit\u00e9. Cette situation concerne les personnes qui \u00e9taient b\u00e9n\u00e9ficiaires de l\u2019ASS et qui ont retrouv\u00e9 un emploi ou d\u00e9marr\u00e9 une activit\u00e9 professionnelle.<\/p>\n<p>En effet, les anciens allocataires de l\u2019ASS peuvent b\u00e9n\u00e9ficier de la prime forfaitaire mensuelle pour reprise d\u2019activit\u00e9, une aide vers\u00e9e par France Travail pour soutenir le retour \u00e0 l\u2019emploi. \u00a0Cette prime forfaitaire fait partie des aides qui ouvrent droit \u00e0 la prime de No\u00ebl, tant qu\u2019elle est vers\u00e9e en <strong>novembre<\/strong> ou <strong>d\u00e9cembre 2025<\/strong>.<\/p>\n<p>Par exemple, un demandeur d\u2019emploi qui per\u00e7oit l\u2019ASS jusqu\u2019en octobre, puis commence un emploi en novembre tout en b\u00e9n\u00e9ficiant de la prime forfaitaire pour reprise d\u2019activit\u00e9, reste \u00e9ligible \u00e0 la prime de No\u00ebl de France Travail.<\/p>\n<p>En revanche, si vous ne percevez plus aucune aide France Travail \u00e9ligible au moment du versement (ASS, PTS, AER ou prime forfaitaire reprise d\u2019activit\u00e9), vous ne recevrez pas la prime de No\u00ebl, <strong>m\u00eame si votre reprise d\u2019emploi est r\u00e9cente<\/strong>.<\/p>\n<h1>Quelles sont les autres aides France Travail \u00e9ligibles \u00e0 la prime de No\u00ebl ?<\/h1>\n<p>L\u2019Allocation de Solidarit\u00e9 Sp\u00e9cifique (ASS) n\u2019est pas la seule prestation vers\u00e9e par France Travail (anciennement P\u00f4le Emploi) qui permet de recevoir la prime de No\u00ebl. D\u2019autres aides vers\u00e9es aux demandeurs d\u2019emploi ouvrent \u00e9galement droit \u00e0 cette aide exceptionnelle de fin d\u2019ann\u00e9e, \u00e0 condition qu\u2019elles soient per\u00e7ues en novembre ou d\u00e9cembre 2025.<\/p>\n<p>Voici la liste des aides France Travail \u00e9ligibles \u00e0 la prime de No\u00ebl :<\/p>\n<ul>\n<li>La Prime Transitoire de Solidarit\u00e9 (PTS) : pour les demandeurs d\u2019emploi \u00e2g\u00e9s de 60 ans et plus, en attente de leur retraite.<\/li>\n<li>L\u2019Allocation \u00c9quivalent Retraite (AER) : vers\u00e9e aux personnes ayant suffisamment cotis\u00e9 pour une retraite \u00e0 taux plein mais n\u2019ayant pas encore atteint l\u2019\u00e2ge l\u00e9gal.<\/li>\n<li>La R\u00e9mun\u00e9ration de formation France Travail (RFPE) ou la R\u00e9mun\u00e9ration des Stagiaires de la Formation Professionnelle (RSPF) : uniquement si le b\u00e9n\u00e9ficiaire touchait l\u2019ASS avant d\u2019entrer en formation.<\/li>\n<li>La prime forfaitaire mensuelle pour reprise d\u2019activit\u00e9 : attribu\u00e9e aux anciens b\u00e9n\u00e9ficiaires de l\u2019ASS qui reprennent un emploi.<\/li>\n<\/ul>\n<p>Vous avez cr\u00e9\u00e9 ou repris une entreprise et \u00eates indemnis\u00e9 \u00e0 ce titre ? D\u00e9couvrez les conditions du <a href=\"https:\/\/www.mes-allocs.fr\/guides\/prime-de-noel\/prime-de-noel-cumul\/acre-et-prime-de-noel\/\">cumul ACRE et prime de No\u00ebl<\/a>.<!-- notionvc: 54eb070c-190c-46f5-a012-eb0b55088d95 --><\/p>\n<h1>Quel est le montant de la prime de No\u00ebl pour les b\u00e9n\u00e9ficiaires de l&rsquo;ASS ?<\/h1>\n<p>Les b\u00e9n\u00e9ficiaires de l&rsquo;ASS, contrairement \u00e0 ceux \u00e9ligibles au RSA, per\u00e7oivent un montant fixe qui ne d\u00e9pend pas de leur situation familiale.<\/p>\n<p>Voici les montants officiels de la prime de No\u00ebl en 2025 :<\/p>\n<ul class=\"list-1\">\n<li>152.45 \u20ac pour les b\u00e9n\u00e9ficiaires de l\u2019ASS r\u00e9sidant en M\u00e9tropole et dans les DOM<\/li>\n<li>76,23 \u20ac pour les b\u00e9n\u00e9ficiaires de l\u2019ASS r\u00e9sidant \u00e0 Mayotte<\/li>\n<\/ul>\n<p>(Montants officiels en vigueur au 03\/12\/2025)<\/p>\n<div class='cta-block'><div class='text'>Simulez votre prime de No\u00ebl en 2 min.<\/div><a href='https:\/\/www.mes-allocs.fr\/ab-app?origin=guides\/wp-json\/wp\/v2\/posts\/13311' class='app-button fit'>Simulation gratuite<\/a><\/div>\n<h1>Quelle date de versement pour les b\u00e9n\u00e9ficiaires de l&rsquo;ASS ?<\/h1>\n<p>En percevant l&rsquo;ASS en novembre ou d\u00e9cembre 2025, vous devenez automatiquement \u00e9ligible \u00e0 la prime de No\u00ebl. Le versement est effectu\u00e9 par France Travail. La date de versement pour 2025 est fix\u00e9e au 16 d\u00e9cembre 2025.<\/p>\n<h1>B\u00e9n\u00e9ficiaires de l&rsquo;ASS : comment demander la prime de No\u00ebl ?<\/h1>\n<p>Vous n&rsquo;avez aucune demande \u00e0 effectuer si vous percevez l&rsquo;ASS. Cette derni\u00e8re est vers\u00e9e automatiquement aux personnes respectant l&rsquo;int\u00e9gralit\u00e9 des conditions d&rsquo;attribution.<\/p>\n<h1 class=\"s75CSd OhScic AB4Wff\">Simulation de la prime de No\u00ebl pour ceux percevant l&rsquo;ASS<\/h1>\n<p>La simulation de la prime de No\u00ebl permet en quelques questions de savoir si vous pourriez \u00eatre \u00e9ligible ou non \u00e0 cette aide. En attendant son versement \u00e0 partir du mardi 16 d\u00e9cembre 2025, vous pouvez estimer vos droits avec notre <strong>simulateur<\/strong>.<\/p>\n<p class=\"amp-wp-7d27179\" data-amp-original-style=\"text-align: justify;\">Les diff\u00e9rentes questions qui sont pos\u00e9es au cours de la simulation ont pour but de d\u00e9terminer d&rsquo;abord l&rsquo;\u00e9ligibilit\u00e9 ou non \u00e0 la prime de No\u00ebl. Ensuite, les informations transmises permettent d\u2019estimer le montant auquel vous pouvez pr\u00e9tendre (variant en fonction de votre situation).<\/p>\n<p data-amp-original-style=\"text-align: justify;\">\u00c0 noter que les r\u00e9sultats obtenus ne peuvent en aucun cas avoir un caract\u00e8re officiel. En effet, seul France Travail peut d\u00e9terminer avec certitude si vous allez en b\u00e9n\u00e9ficier ou pas, et pour quel montant.<\/p>\n<p data-amp-original-style=\"text-align: justify;\"><div class='cta-block'><div class='text'>Simulez votre prime de No\u00ebl en 2 min.<\/div><a href='https:\/\/www.mes-allocs.fr\/ab-app?origin=guides\/wp-json\/wp\/v2\/posts\/13311' class='app-button fit'>Simulation gratuite<\/a><\/div><\/p>\n<h1 data-amp-original-style=\"text-align: justify;\">Peut-on cumuler la prime de No\u00ebl France Travail et la prime de No\u00ebl CAF ?<\/h1>\n<p><strong>Non<\/strong>, il n\u2019est pas possible de cumuler deux primes de No\u00ebl. Si vous percevez \u00e0 la fois le RSA (vers\u00e9 par la CAF ou la MSA) et l\u2019ASS (vers\u00e9e par France Travail), une seule prime de No\u00ebl vous sera vers\u00e9e.<\/p>\n<p>Dans ce cas, c\u2019est la CAF (ou la MSA si vous d\u00e9pendez du r\u00e9gime agricole) qui effectue le versement, car le RSA ouvre droit \u00e0 un montant plus \u00e9lev\u00e9 que celui de France Travail. La r\u00e8gle est simple : vous b\u00e9n\u00e9ficiez de la prime la plus avantageuse, mais <strong>jamais d\u2019un double versement<\/strong>.<\/p>\n","protected":false},"excerpt":{"rendered":"<p>[Mis \u00e0 jour le 04\/12\/2025] L\u2019Allocation de Solidarit\u00e9 Sp\u00e9cifique (ASS) est une aide vers\u00e9e par France Travail aux demandeurs d\u2019emploi en fin de droits. Et en 2025, vous \u00eates nombreux \u00e0 vous demander si vous pouvez cumuler ASS et prime de No\u00ebl. En effet, cette aide de fin d&rsquo;ann\u00e9e est un v\u00e9ritable coup de pouce [&hellip;]<\/p>\n","protected":false},"author":6,"featured_media":13330,"comment_status":"open","ping_status":"open","sticky":false,"template":"","format":"standard","meta":{"amp_status":"","footnotes":""},"categories":[31,38913],"tags":[],"class_list":["post-13311","post","type-post","status-publish","format-standard","has-post-thumbnail","hentry","category-prime-de-noel","category-prime-de-noel-cumul"],"yoast_head":"<!-- This site is optimized with the Yoast SEO plugin v14.9 - https:\/\/yoast.com\/wordpress\/plugins\/seo\/ -->\n<title>Prime de No\u00ebl et ASS : un cumul possible en 2025 ? | Mes-Allocs.fr<\/title>\n<meta name=\"description\" content=\"Vous percevez l&#039;ASS ? Vous pouvez \u00eatre \u00e9ligible \u00e0 la prime de No\u00ebl. D\u00e9couvrez quelles conditions remplir et \u00e0 quel montant vous avez droit.\" \/>\n<meta name=\"robots\" content=\"index, follow, max-snippet:-1, max-image-preview:large, max-video-preview:-1\" \/>\n<link rel=\"canonical\" href=\"https:\/\/www.mes-allocs.fr\/guides\/prime-de-noel\/prime-de-noel-cumul\/prime-de-noel-et-ass\/\" \/>\n<meta property=\"og:locale\" content=\"fr_FR\" \/>\n<meta property=\"og:type\" content=\"article\" \/>\n<meta property=\"og:title\" content=\"Prime de No\u00ebl et ASS : un cumul possible en 2025 ? | Mes-Allocs.fr\" \/>\n<meta property=\"og:description\" content=\"Vous percevez l&#039;ASS ? Vous pouvez \u00eatre \u00e9ligible \u00e0 la prime de No\u00ebl. D\u00e9couvrez quelles conditions remplir et \u00e0 quel montant vous avez droit.\" \/>\n<meta property=\"og:url\" content=\"https:\/\/www.mes-allocs.fr\/guides\/prime-de-noel\/prime-de-noel-cumul\/prime-de-noel-et-ass\/\" \/>\n<meta property=\"og:site_name\" content=\"Mes-Allocs.fr\" \/>\n<meta property=\"article:published_time\" content=\"2020-10-12T13:10:36+00:00\" \/>\n<meta property=\"article:modified_time\" content=\"2025-12-04T17:24:07+00:00\" \/>\n<meta property=\"og:image\" content=\"https:\/\/www.mes-allocs.fr\/guides\/wp-content\/uploads\/2020\/10\/branch-4705310_1280.jpg?wsr\" \/>\n\t<meta property=\"og:image:width\" content=\"1280\" \/>\n\t<meta property=\"og:image:height\" content=\"854\" \/>\n<meta name=\"twitter:card\" content=\"summary_large_image\" \/>\n<script type=\"application\/ld+json\" class=\"yoast-schema-graph\">{\"@context\":\"https:\/\/schema.org\",\"@graph\":[{\"@type\":\"WebSite\",\"@id\":\"https:\/\/www.mes-allocs.fr\/guides\/#website\",\"url\":\"https:\/\/www.mes-allocs.fr\/guides\/\",\"name\":\"Mes-Allocs.fr\",\"description\":\"\",\"potentialAction\":[{\"@type\":\"SearchAction\",\"target\":\"https:\/\/www.mes-allocs.fr\/guides\/?s={search_term_string}\",\"query-input\":\"required name=search_term_string\"}],\"inLanguage\":\"fr-FR\"},{\"@type\":\"ImageObject\",\"@id\":\"https:\/\/www.mes-allocs.fr\/guides\/prime-de-noel\/prime-de-noel-cumul\/prime-de-noel-et-ass\/#primaryimage\",\"inLanguage\":\"fr-FR\",\"url\":\"https:\/\/www.mes-allocs.fr\/guides\/wp-content\/uploads\/2020\/10\/branch-4705310_1280.jpg?wsr\",\"width\":1280,\"height\":854,\"caption\":\"ass prime noel\"},{\"@type\":\"WebPage\",\"@id\":\"https:\/\/www.mes-allocs.fr\/guides\/prime-de-noel\/prime-de-noel-cumul\/prime-de-noel-et-ass\/#webpage\",\"url\":\"https:\/\/www.mes-allocs.fr\/guides\/prime-de-noel\/prime-de-noel-cumul\/prime-de-noel-et-ass\/\",\"name\":\"Prime de No\\u00ebl et ASS : un cumul possible en 2025 ? | Mes-Allocs.fr\",\"isPartOf\":{\"@id\":\"https:\/\/www.mes-allocs.fr\/guides\/#website\"},\"primaryImageOfPage\":{\"@id\":\"https:\/\/www.mes-allocs.fr\/guides\/prime-de-noel\/prime-de-noel-cumul\/prime-de-noel-et-ass\/#primaryimage\"},\"datePublished\":\"2020-10-12T13:10:36+00:00\",\"dateModified\":\"2025-12-04T17:24:07+00:00\",\"author\":{\"@id\":\"https:\/\/www.mes-allocs.fr\/guides\/#\/schema\/person\/0ecd61a8600573914d00d970a588c024\"},\"description\":\"Vous percevez l'ASS ? Vous pouvez \\u00eatre \\u00e9ligible \\u00e0 la prime de No\\u00ebl. D\\u00e9couvrez quelles conditions remplir et \\u00e0 quel montant vous avez droit.\",\"inLanguage\":\"fr-FR\"},{\"@type\":\"Person\",\"@id\":\"https:\/\/www.mes-allocs.fr\/guides\/#\/schema\/person\/0ecd61a8600573914d00d970a588c024\",\"name\":\"Jonathan\",\"image\":{\"@type\":\"ImageObject\",\"@id\":\"https:\/\/www.mes-allocs.fr\/guides\/#personlogo\",\"inLanguage\":\"fr-FR\",\"url\":\"https:\/\/www.mes-allocs.fr\/guides\/wp-content\/uploads\/2021\/06\/jonathan-150x150.png\",\"caption\":\"Jonathan\"},\"description\":\"Jonathan est r\\u00e9dacteur au sein de l'\\u00e9quipe Mes Allocs, sp\\u00e9cialis\\u00e9 sur les sujets li\\u00e9s au handicap. Dipl\\u00f4m\\u00e9e de l'UPEM, il rejoint Mes Allocs apr\\u00e8s avoir travaill\\u00e9 \\u00e0 l'association AEDE qui accompagne les adultes en situation de handicap. Quand il n'\\u00e9crit pas, on peut le retrouver sur un terrain de basket.\",\"sameAs\":[\"https:\/\/www.linkedin.com\/in\/jonathan-bambela-8637861b7\"]}]}<\/script>\n<!-- \/ Yoast SEO plugin. -->","amp_validity":null,"acf":{"faq":{"1":{"question":"Qui a droit \u00e0 la prime de No\u00ebl ?","answer":"Pour b\u00e9n\u00e9ficier de la prime exceptionnelle de fin d'ann\u00e9e, vous devez percevoir l'une des aides suivantes :\r\nLe RSA\r\nL'Allocation de Solidarit\u00e9 Sp\u00e9cifique"},"2":{"question":"Quel est le montant de la prime de no\u00ebl ?","answer":"Si elle est vers\u00e9e par P\u00f4le Emploi, le montant de la prime de noel est de 152,45 euros.\r\nSi elles est vers\u00e9e par la CAF, son montant varie selon la composition du foyer :\r\n\r\nPersonne seule : 152,45 euros\r\nCouple sans enfants : 228,67 euros\r\nCouple avec 1 enfant : 274,41 euros"},"3":{"question":"Peut-on cumuler ASS et prime de Noel ? ","answer":"Oui il est tout \u00e0 fait possible de cumuler les deux du moment que vous respectez les conditions d'attribution"},"4":{"question":"Peut-on percevoir l'ASS en fin de ch\u00f4mage ? ","answer":"Oui tout \u00e0 fait. Il s'agit d'une aide vers\u00e9e aux demandeurs d'emploi n'ayant pas ou plus le droit au ch\u00f4mage. En 2025, son montant journalier \u00e0 taux plein est de 19,33 \u20ac euros."},"5":{"question":"Comment remplir une demande d'allocation de solidarit\u00e9 sp\u00e9cifique ?","answer":"Les documents \u00e0 fournir \u00e0 la demande d'allocation de solidarit\u00e9 sp\u00e9cifique sont :\r\nCopies des certificats de travail correspondant aux dix derni\u00e8res ann\u00e9es.\r\nJustificatifs des situations assimil\u00e9es \u00e0 des p\u00e9riodes de travail.\r\nCopie du dernier avis d'imposition et le cas \u00e9ch\u00e9ant celui du conjoint"},"6":{"question":"","answer":""},"7":{"question":"","answer":""},"8":{"question":"","answer":""},"9":{"question":"","answer":""},"10":{"question":"","answer":""},"11":{"question":"","answer":""},"12":{"question":"","answer":""},"13":{"question":"","answer":""},"14":{"question":"","answer":""},"15":{"question":"","answer":""},"16":{"question":"","answer":""}}},"_links":{"self":[{"href":"https:\/\/www.mes-allocs.fr\/guides\/wp-json\/wp\/v2\/posts\/13311","targetHints":{"allow":["GET"]}}],"collection":[{"href":"https:\/\/www.mes-allocs.fr\/guides\/wp-json\/wp\/v2\/posts"}],"about":[{"href":"https:\/\/www.mes-allocs.fr\/guides\/wp-json\/wp\/v2\/types\/post"}],"author":[{"embeddable":true,"href":"https:\/\/www.mes-allocs.fr\/guides\/wp-json\/wp\/v2\/users\/6"}],"replies":[{"embeddable":true,"href":"https:\/\/www.mes-allocs.fr\/guides\/wp-json\/wp\/v2\/comments?post=13311"}],"version-history":[{"count":33,"href":"https:\/\/www.mes-allocs.fr\/guides\/wp-json\/wp\/v2\/posts\/13311\/revisions"}],"predecessor-version":[{"id":106401,"href":"https:\/\/www.mes-allocs.fr\/guides\/wp-json\/wp\/v2\/posts\/13311\/revisions\/106401"}],"wp:featuredmedia":[{"embeddable":true,"href":"https:\/\/www.mes-allocs.fr\/guides\/wp-json\/wp\/v2\/media\/13330"}],"wp:attachment":[{"href":"https:\/\/www.mes-allocs.fr\/guides\/wp-json\/wp\/v2\/media?parent=13311"}],"wp:term":[{"taxonomy":"category","embeddable":true,"href":"https:\/\/www.mes-allocs.fr\/guides\/wp-json\/wp\/v2\/categories?post=13311"},{"taxonomy":"post_tag","embeddable":true,"href":"https:\/\/www.mes-allocs.fr\/guides\/wp-json\/wp\/v2\/tags?post=13311"}],"curies":[{"name":"wp","href":"https:\/\/api.w.org\/{rel}","templated":true}]}}