{"id":13201,"date":"2020-09-29T14:27:07","date_gmt":"2020-09-29T14:27:07","guid":{"rendered":"https:\/\/www.mes-allocs.fr\/guides\/?p=13201"},"modified":"2025-12-04T17:49:06","modified_gmt":"2025-12-04T16:49:06","slug":"prime-de-noel-apprentis","status":"publish","type":"post","link":"https:\/\/www.mes-allocs.fr\/guides\/prime-de-noel\/conditions-prime-de-noel\/prime-de-noel-apprentis\/","title":{"rendered":"Prime de No\u00ebl apprenti : est-ce possible pendant une alternance ?"},"content":{"rendered":"<p><img loading=\"lazy\" decoding=\"async\" class=\"aligncenter size-full wp-image-104263\" title=\"prime noel apprenti\" src=\"https:\/\/www.mes-allocs.fr\/guides\/wp-content\/uploads\/2020\/09\/prime-noel-apprenti.jpg\" alt=\"prime noel apprenti\" width=\"1919\" height=\"303\" srcset=\"https:\/\/www.mes-allocs.fr\/guides\/wp-content\/uploads\/2020\/09\/prime-noel-apprenti.jpg 1919w, https:\/\/www.mes-allocs.fr\/guides\/wp-content\/uploads\/2020\/09\/prime-noel-apprenti-300x47.jpg 300w, https:\/\/www.mes-allocs.fr\/guides\/wp-content\/uploads\/2020\/09\/prime-noel-apprenti-1024x162.jpg 1024w, https:\/\/www.mes-allocs.fr\/guides\/wp-content\/uploads\/2020\/09\/prime-noel-apprenti-768x121.jpg 768w, https:\/\/www.mes-allocs.fr\/guides\/wp-content\/uploads\/2020\/09\/prime-noel-apprenti-1536x243.jpg 1536w, https:\/\/www.mes-allocs.fr\/guides\/wp-content\/uploads\/2020\/09\/prime-noel-apprenti-600x95.jpg 600w\" sizes=\"auto, (max-width: 1919px) 100vw, 1919px\" \/><\/p>\n<p>[Mis \u00e0 jour le 04\/12\/2025] La prime de No\u00ebl est attribu\u00e9e sous conditions aux b\u00e9n\u00e9ficiaires des minima sociaux. Entr\u00e9e en vigueur en 1998, cette prime exceptionnelle est g\u00e9n\u00e9ralement vers\u00e9e \u00e0 la mi-d\u00e9cembre. Mais qu\u2019en est-il des jeunes en apprentissage ? Des <a href=\"https:\/\/www.mes-allocs.fr\/guides\/prime-de-noel\/conditions-prime-de-noel\/\">conditions d&rsquo;\u00e9ligibilit\u00e9 \u00e0 la prime de No\u00ebl<\/a> sont mises en place, alors, leur statut particulier leur donne-t-il acc\u00e8s \u00e0 cette aide de fin d\u2019ann\u00e9e ? Dans cet article, Mes Allocs fait le point sur les conditions d\u2019attribution de la<strong> prime de No\u00ebl pour un apprenti<\/strong> et vous explique si, pendant votre alternance, vous pouvez y avoir droit en 2025.<\/p>\n<div class='cta-block'><div class='text'>Simulez votre prime de No\u00ebl en 2 min.<\/div><a href='https:\/\/www.mes-allocs.fr\/ab-app?origin=guides\/wp-json\/wp\/v2\/posts\/13201' class='app-button fit'>Simulation gratuite<\/a><\/div>\n<h1>Est-ce que les apprentis ont droit \u00e0 la prime de No\u00ebl ?<\/h1>\n<h2>Apprentissage et prime de No\u00ebl CAF\/MSA : est-ce compatible ?<\/h2>\n<p>Non, <strong>un apprenti ne peut pas b\u00e9n\u00e9ficier de la prime de No\u00ebl<\/strong>. En effet, cette aide de fin d&rsquo;ann\u00e9e est strictement r\u00e9serv\u00e9e aux b\u00e9n\u00e9ficiaires de certains minima sociaux, comme le RSA, l\u2019ASS, l\u2019AER ou encore la prime forfaitaire pour reprise d\u2019activit\u00e9. Or, les apprentis ne per\u00e7oivent g\u00e9n\u00e9ralement pas ces allocations, car leur statut leur ouvre droit \u00e0 une r\u00e9mun\u00e9ration sp\u00e9cifique, et non \u00e0 ces aides sociales.<\/p>\n<p>Concr\u00e8tement, \u00eatre apprenti ne suffit donc pas pour remplir les <a href=\"https:\/\/www.mes-allocs.fr\/guides\/prime-de-noel\/conditions-prime-de-noel\/\">conditions d&rsquo;\u00e9ligibilit\u00e9 \u00e0 la prime de No\u00ebl<\/a> vers\u00e9e par la CAF ou la MSA.<\/p>\n<h2>Pourquoi les apprentis sont exclus de la prime de No\u00ebl CAF\/MSA ?<\/h2>\n<p>La prime de No\u00ebl est une aide sociale exceptionnelle cr\u00e9\u00e9e pour soutenir les m\u00e9nages les plus modestes pendant la p\u00e9riode des f\u00eates. Or, les apprentis, m\u00eame s\u2019ils ont des <strong>revenus modestes<\/strong>, ne font pas partie de ces publics cibles. En effet, un apprenti per\u00e7oit une r\u00e9mun\u00e9ration mensuelle li\u00e9e \u00e0 son contrat de travail, proportionnelle au SMIC et \u00e0 son \u00e2ge. Cette r\u00e9mun\u00e9ration est consid\u00e9r\u00e9e comme un salaire, et non comme une aide sociale. Par cons\u00e9quent, elle ne peut pas servir de crit\u00e8re pour d\u00e9clencher le versement de la prime de No\u00ebl.<\/p>\n<p>L\u2019exclusion des apprentis ne signifie pas pour autant qu\u2019ils n\u2019ont droit \u00e0 aucune aide. Ils peuvent b\u00e9n\u00e9ficier d\u2019autres dispositifs adapt\u00e9s \u00e0 leur statut : prime d\u2019activit\u00e9, aides au logement (APL, ALS), bourses ou encore aides r\u00e9gionales pour la mobilit\u00e9 ou le permis de conduire.<\/p>\n<h2>Un apprenti peut-il b\u00e9n\u00e9ficier de la prime de No\u00ebl vers\u00e9e par l&rsquo;entreprise ?<\/h2>\n<p>En tant que salari\u00e9 en contrat d&rsquo;apprentissage, un apprenti b\u00e9n\u00e9ficie d&rsquo;une grande partie des droits d&rsquo;un employ\u00e9 lambda. <strong>Ainsi, si une prime de No\u00ebl est pr\u00e9vue par la convention collective de l&rsquo;entreprise ou par un accord d&rsquo;entreprise, l&rsquo;apprenti y a g\u00e9n\u00e9ralement droit, sous r\u00e9serve de remplir les m\u00eames conditions que les autres salari\u00e9s.<\/strong><\/p>\n<p>Cependant, les conditions d&rsquo;attribution peuvent varier d&rsquo;une entreprise \u00e0 l&rsquo;autre. Nous conseillons donc \u00e0 chaque apprenti de se renseigner aupr\u00e8s de son employeur ou de consulter les documents suivants pour trouver des r\u00e9ponses :<\/p>\n<ul>\n<li>Convention collective<\/li>\n<li>Accord d&rsquo;entreprise<\/li>\n<li>Contrat de travail<\/li>\n<\/ul>\n<p>Vous \u00eates en formation classique ? D\u00e9couvrez si vous pouvez b\u00e9n\u00e9ficier de la <a href=\"https:\/\/www.mes-allocs.fr\/guides\/prime-de-noel\/conditions-prime-de-noel\/prime-de-noel-etudiant\/\">prime de No\u00ebl en tant qu&rsquo;\u00e9tudiant<\/a>.<\/p>\n<p><iframe loading=\"lazy\" title=\"La prime de No\u00ebl\" width=\"500\" height=\"281\" src=\"https:\/\/www.youtube.com\/embed\/JSd0X11Muig?feature=oembed\" frameborder=\"0\" allow=\"accelerometer; autoplay; clipboard-write; encrypted-media; gyroscope; picture-in-picture; web-share\" referrerpolicy=\"strict-origin-when-cross-origin\" allowfullscreen><\/iframe><\/p>\n<h1>Avoir un enfant enfant apprenti ouvre-t-il droit \u00e0 la prime de No\u00ebl ?<\/h1>\n<p><strong>La r\u00e9ponse est non.<\/strong> Si un de vos enfants est apprenti, cela n&rsquo;a pas de rapport direct au droit \u00e0 la prime de No\u00ebl. En effet, le fait que l\u2019un de vos enfants soit apprenti n&rsquo;est pas un crit\u00e8re d&rsquo;\u00e9ligibilit\u00e9 ou un crit\u00e8re de calcul du montant auquel vous avez droit. Ainsi, <strong>si vous remplissez les conditions d&rsquo;\u00e9ligibilit\u00e9 \u00e0 la prime de No\u00ebl et que vous avez \u00e0 charge un enfant apprenti, vous b\u00e9n\u00e9ficiez de la prime de No\u00ebl<\/strong>. Mais dans le cas contraire, vos droits ne seront pas ouverts.<\/p>\n<div class='cta-block'><div class='text'>Simulez votre prime de No\u00ebl en 2 min.<\/div><a href='https:\/\/www.mes-allocs.fr\/ab-app?origin=guides\/wp-json\/wp\/v2\/posts\/13201' class='app-button fit'>Simulation gratuite<\/a><\/div>\n<h1>Quelles sont les autres aides accessibles en apprentissage ?<\/h1>\n<p>M\u00eame si les apprentis ne sont pas \u00e9ligibles \u00e0 la prime de No\u00ebl vers\u00e9e par la CAF ou la MSA, ils peuvent b\u00e9n\u00e9ficier de plusieurs dispositifs sp\u00e9cifiques pour soutenir leur formation et leur quotidien. Ces aides peuvent \u00eatre regroup\u00e9es en diff\u00e9rentes cat\u00e9gories<\/p>\n<h2>Les aides li\u00e9es au contrat d\u2019apprentissage<\/h2>\n<ul>\n<li>Exon\u00e9ration des frais de scolarit\u00e9 : les apprentis ne paient pas leurs frais de formation, ceux-ci \u00e9tant pris en charge par l\u2019employeur et les op\u00e9rateurs de comp\u00e9tences (OPCO).<\/li>\n<li>R\u00e9mun\u00e9ration mensuelle : en fonction de l\u2019\u00e2ge et de l\u2019ann\u00e9e d\u2019\u00e9tude, l\u2019apprenti per\u00e7oit un pourcentage du SMIC ou du salaire minimum conventionnel.<\/li>\n<\/ul>\n<h2>Les aides financi\u00e8res nationales<\/h2>\n<ul>\n<li>Prime d\u2019activit\u00e9 : vers\u00e9e par la CAF, elle compl\u00e8te les revenus modestes, y compris ceux des apprentis, sous conditions de ressources.<\/li>\n<li>Aides au logement (APL, ALS) : un apprenti peut b\u00e9n\u00e9ficier d\u2019une aide au logement s\u2019il vit seul ou en colocation.<\/li>\n<li>Bourses d\u2019\u00e9tudes : accessibles dans certains cas, si l\u2019apprenti poursuit sa scolarit\u00e9 et r\u00e9pond aux crit\u00e8res sociaux.<\/li>\n<\/ul>\n<h2>Les aides \u00e0 la mobilit\u00e9<\/h2>\n<ul>\n<li>Aide au permis de conduire : une aide de 500 \u20ac peut \u00eatre accord\u00e9e aux apprentis majeurs inscrits en CFA pour financer leur permis B.<\/li>\n<li>Aides r\u00e9gionales : certaines r\u00e9gions proposent des aides pour financer les d\u00e9placements, l\u2019h\u00e9bergement ou l\u2019achat de mat\u00e9riel professionnel.<\/li>\n<li>R\u00e9ductions de transport : selon les r\u00e9gions et les conventions locales, les apprentis peuvent obtenir des tarifs r\u00e9duits sur les abonnements de transport.<\/li>\n<\/ul>\n<p>Le <strong>simulateur Mes Allocs<\/strong> vous permet de savoir directement \u00e0 quelle aide vous \u00eates \u00e9ligible. Faites le test !<\/p>\n<p data-sourcepos=\"33:1-33:173\"><div class='cta-block'><div class='text'>Simulez votre prime de No\u00ebl en 2 min.<\/div><a href='https:\/\/www.mes-allocs.fr\/ab-app?origin=guides\/wp-json\/wp\/v2\/posts\/13201' class='app-button fit'>Simulation gratuite<\/a><\/div><\/p>\n","protected":false},"excerpt":{"rendered":"<p>[Mis \u00e0 jour le 04\/12\/2025] La prime de No\u00ebl est attribu\u00e9e sous conditions aux b\u00e9n\u00e9ficiaires des minima sociaux. Entr\u00e9e en vigueur en 1998, cette prime exceptionnelle est g\u00e9n\u00e9ralement vers\u00e9e \u00e0 la mi-d\u00e9cembre. Mais qu\u2019en est-il des jeunes en apprentissage ? Des conditions d&rsquo;\u00e9ligibilit\u00e9 \u00e0 la prime de No\u00ebl sont mises en place, alors, leur statut [&hellip;]<\/p>\n","protected":false},"author":6,"featured_media":13225,"comment_status":"open","ping_status":"open","sticky":false,"template":"","format":"standard","meta":{"amp_status":"","footnotes":""},"categories":[38870,31],"tags":[],"class_list":["post-13201","post","type-post","status-publish","format-standard","has-post-thumbnail","hentry","category-conditions-prime-de-noel","category-prime-de-noel"],"yoast_head":"<!-- This site is optimized with the Yoast SEO plugin v14.9 - https:\/\/yoast.com\/wordpress\/plugins\/seo\/ -->\n<title>Prime de No\u00ebl apprenti : est-ce possible pendant une alternance ?<\/title>\n<meta name=\"description\" content=\"La prime de No\u00ebl est vers\u00e9e d\u00e8s le 16 d\u00e9cembre 2025. Mais les apprentis sont-ils \u00e9ligibles ? On vous explique.\" \/>\n<meta name=\"robots\" content=\"index, follow, max-snippet:-1, max-image-preview:large, max-video-preview:-1\" \/>\n<link rel=\"canonical\" href=\"https:\/\/www.mes-allocs.fr\/guides\/prime-de-noel\/conditions-prime-de-noel\/prime-de-noel-apprentis\/\" \/>\n<meta property=\"og:locale\" content=\"fr_FR\" \/>\n<meta property=\"og:type\" content=\"article\" \/>\n<meta property=\"og:title\" content=\"Prime de No\u00ebl apprenti : est-ce possible pendant une alternance ?\" \/>\n<meta property=\"og:description\" content=\"La prime de No\u00ebl est vers\u00e9e d\u00e8s le 16 d\u00e9cembre 2025. Mais les apprentis sont-ils \u00e9ligibles ? On vous explique.\" \/>\n<meta property=\"og:url\" content=\"https:\/\/www.mes-allocs.fr\/guides\/prime-de-noel\/conditions-prime-de-noel\/prime-de-noel-apprentis\/\" \/>\n<meta property=\"og:site_name\" content=\"Mes-Allocs.fr\" \/>\n<meta property=\"article:published_time\" content=\"2020-09-29T14:27:07+00:00\" \/>\n<meta property=\"article:modified_time\" content=\"2025-12-04T16:49:06+00:00\" \/>\n<meta property=\"og:image\" content=\"https:\/\/www.mes-allocs.fr\/guides\/wp-content\/uploads\/2020\/09\/winter-4757711_1280.jpg?wsr\" \/>\n\t<meta property=\"og:image:width\" content=\"1280\" \/>\n\t<meta property=\"og:image:height\" content=\"853\" \/>\n<meta name=\"twitter:card\" content=\"summary_large_image\" \/>\n<script type=\"application\/ld+json\" class=\"yoast-schema-graph\">{\"@context\":\"https:\/\/schema.org\",\"@graph\":[{\"@type\":\"WebSite\",\"@id\":\"https:\/\/www.mes-allocs.fr\/guides\/#website\",\"url\":\"https:\/\/www.mes-allocs.fr\/guides\/\",\"name\":\"Mes-Allocs.fr\",\"description\":\"\",\"potentialAction\":[{\"@type\":\"SearchAction\",\"target\":\"https:\/\/www.mes-allocs.fr\/guides\/?s={search_term_string}\",\"query-input\":\"required name=search_term_string\"}],\"inLanguage\":\"fr-FR\"},{\"@type\":\"ImageObject\",\"@id\":\"https:\/\/www.mes-allocs.fr\/guides\/prime-de-noel\/conditions-prime-de-noel\/prime-de-noel-apprentis\/#primaryimage\",\"inLanguage\":\"fr-FR\",\"url\":\"https:\/\/www.mes-allocs.fr\/guides\/wp-content\/uploads\/2020\/09\/winter-4757711_1280.jpg?wsr\",\"width\":1280,\"height\":853,\"caption\":\"winter 4757711 1280 e1601290016487\"},{\"@type\":\"WebPage\",\"@id\":\"https:\/\/www.mes-allocs.fr\/guides\/prime-de-noel\/conditions-prime-de-noel\/prime-de-noel-apprentis\/#webpage\",\"url\":\"https:\/\/www.mes-allocs.fr\/guides\/prime-de-noel\/conditions-prime-de-noel\/prime-de-noel-apprentis\/\",\"name\":\"Prime de No\\u00ebl apprenti : est-ce possible pendant une alternance ?\",\"isPartOf\":{\"@id\":\"https:\/\/www.mes-allocs.fr\/guides\/#website\"},\"primaryImageOfPage\":{\"@id\":\"https:\/\/www.mes-allocs.fr\/guides\/prime-de-noel\/conditions-prime-de-noel\/prime-de-noel-apprentis\/#primaryimage\"},\"datePublished\":\"2020-09-29T14:27:07+00:00\",\"dateModified\":\"2025-12-04T16:49:06+00:00\",\"author\":{\"@id\":\"https:\/\/www.mes-allocs.fr\/guides\/#\/schema\/person\/0ecd61a8600573914d00d970a588c024\"},\"description\":\"La prime de No\\u00ebl est vers\\u00e9e d\\u00e8s le 16 d\\u00e9cembre 2025. Mais les apprentis sont-ils \\u00e9ligibles ? On vous explique.\",\"inLanguage\":\"fr-FR\"},{\"@type\":\"Person\",\"@id\":\"https:\/\/www.mes-allocs.fr\/guides\/#\/schema\/person\/0ecd61a8600573914d00d970a588c024\",\"name\":\"Jonathan\",\"image\":{\"@type\":\"ImageObject\",\"@id\":\"https:\/\/www.mes-allocs.fr\/guides\/#personlogo\",\"inLanguage\":\"fr-FR\",\"url\":\"https:\/\/www.mes-allocs.fr\/guides\/wp-content\/uploads\/2021\/06\/jonathan-150x150.png\",\"caption\":\"Jonathan\"},\"description\":\"Jonathan est r\\u00e9dacteur au sein de l'\\u00e9quipe Mes Allocs, sp\\u00e9cialis\\u00e9 sur les sujets li\\u00e9s au handicap. Dipl\\u00f4m\\u00e9e de l'UPEM, il rejoint Mes Allocs apr\\u00e8s avoir travaill\\u00e9 \\u00e0 l'association AEDE qui accompagne les adultes en situation de handicap. Quand il n'\\u00e9crit pas, on peut le retrouver sur un terrain de basket.\",\"sameAs\":[\"https:\/\/www.linkedin.com\/in\/jonathan-bambela-8637861b7\"]}]}<\/script>\n<!-- \/ Yoast SEO plugin. -->","amp_validity":null,"acf":{"faq":{"1":{"question":"Quand est vers\u00e9e la prime de No\u00ebl ?","answer":"La prime de No\u00ebl est vers\u00e9e d\u00e8s le 16 d\u00e9cembre 2025."},"2":{"question":"Comment demander la prime de No\u00ebl ?","answer":"Vous n'avez aucune d\u00e9marche \u00e0 effectuer pour percevoir la prime de  No\u00ebl. Si vous \u00eates \u00e9ligible, vous recevrez directement le montant sur votre compte bancaire d\u00e8s le 16 d\u00e9cembre 2025."},"3":{"question":"Est-ce qu'on peut cumuler AAH et prime de No\u00ebl ? ","answer":"Non, malheureusement ces deux aides ne sont pas cumulables."},"4":{"question":"Quel est le montant de la prime de No\u00ebl ? ","answer":"Le montant varie selon votre situation et le nombre d'enfants \u00e0 charge. Par exemple, pour une personne seule sans enfant le montant est de 152,45 euros."},"5":{"question":"Peut-on cumuler prime d'activit\u00e9 et prime de No\u00ebl ? ","answer":"Oui, tout \u00e0 fait, ces deux aides vers\u00e9es par la CAF sont cumulables. Vous pouvez en b\u00e9n\u00e9ficier si vous remplissez bien les conditions en vigueur.\r\n<br> <a href=\"https:\/\/www.mes-allocs.fr\/guides\/allocations-familiales\/prime-de-noel\/prime-de-noel-et-prime-dactivite\/\">Lire la suite<\/a>"},"6":{"question":"Qui verse la prime de No\u00ebl ? ","answer":"Cela d\u00e9pend aupr\u00e8s de quel organisme vous \u00eates affili\u00e9, la CAF, ou la MSA pour le secteur agricole. Notez que si vous percevez des aides de P\u00f4le Emploi, c'est ce dernier qui est en mesure de vous attribuer la prime de No\u00ebl."},"7":{"question":"","answer":""},"8":{"question":"","answer":""},"9":{"question":"","answer":""},"10":{"question":"","answer":""},"11":{"question":"","answer":""},"12":{"question":"","answer":""},"13":{"question":"","answer":""},"14":{"question":"","answer":""},"15":{"question":"","answer":""},"16":{"question":"","answer":""}}},"_links":{"self":[{"href":"https:\/\/www.mes-allocs.fr\/guides\/wp-json\/wp\/v2\/posts\/13201","targetHints":{"allow":["GET"]}}],"collection":[{"href":"https:\/\/www.mes-allocs.fr\/guides\/wp-json\/wp\/v2\/posts"}],"about":[{"href":"https:\/\/www.mes-allocs.fr\/guides\/wp-json\/wp\/v2\/types\/post"}],"author":[{"embeddable":true,"href":"https:\/\/www.mes-allocs.fr\/guides\/wp-json\/wp\/v2\/users\/6"}],"replies":[{"embeddable":true,"href":"https:\/\/www.mes-allocs.fr\/guides\/wp-json\/wp\/v2\/comments?post=13201"}],"version-history":[{"count":41,"href":"https:\/\/www.mes-allocs.fr\/guides\/wp-json\/wp\/v2\/posts\/13201\/revisions"}],"predecessor-version":[{"id":106384,"href":"https:\/\/www.mes-allocs.fr\/guides\/wp-json\/wp\/v2\/posts\/13201\/revisions\/106384"}],"wp:featuredmedia":[{"embeddable":true,"href":"https:\/\/www.mes-allocs.fr\/guides\/wp-json\/wp\/v2\/media\/13225"}],"wp:attachment":[{"href":"https:\/\/www.mes-allocs.fr\/guides\/wp-json\/wp\/v2\/media?parent=13201"}],"wp:term":[{"taxonomy":"category","embeddable":true,"href":"https:\/\/www.mes-allocs.fr\/guides\/wp-json\/wp\/v2\/categories?post=13201"},{"taxonomy":"post_tag","embeddable":true,"href":"https:\/\/www.mes-allocs.fr\/guides\/wp-json\/wp\/v2\/tags?post=13201"}],"curies":[{"name":"wp","href":"https:\/\/api.w.org\/{rel}","templated":true}]}}