{"id":13169,"date":"2020-09-28T07:24:28","date_gmt":"2020-09-28T07:24:28","guid":{"rendered":"https:\/\/www.mes-allocs.fr\/guides\/?p=13169"},"modified":"2025-12-04T16:52:15","modified_gmt":"2025-12-04T15:52:15","slug":"prime-de-noel-entreprise","status":"publish","type":"post","link":"https:\/\/www.mes-allocs.fr\/guides\/prime-de-noel\/prime-de-noel-entreprise\/","title":{"rendered":"Prime de No\u00ebl en entreprise : conditions, montants, d\u00e9marches"},"content":{"rendered":"<p><img loading=\"lazy\" decoding=\"async\" class=\"aligncenter size-full wp-image-104265\" title=\"prime noel entreprise\" src=\"https:\/\/www.mes-allocs.fr\/guides\/wp-content\/uploads\/2020\/09\/prime-noel-entreprise-e1759506752253.jpg\" alt=\"prime noel entreprise\" width=\"1920\" height=\"302\" srcset=\"https:\/\/www.mes-allocs.fr\/guides\/wp-content\/uploads\/2020\/09\/prime-noel-entreprise-e1759506752253.jpg 1920w, https:\/\/www.mes-allocs.fr\/guides\/wp-content\/uploads\/2020\/09\/prime-noel-entreprise-e1759506752253-300x47.jpg 300w, https:\/\/www.mes-allocs.fr\/guides\/wp-content\/uploads\/2020\/09\/prime-noel-entreprise-e1759506752253-1024x161.jpg 1024w, https:\/\/www.mes-allocs.fr\/guides\/wp-content\/uploads\/2020\/09\/prime-noel-entreprise-e1759506752253-768x121.jpg 768w, https:\/\/www.mes-allocs.fr\/guides\/wp-content\/uploads\/2020\/09\/prime-noel-entreprise-e1759506752253-1536x242.jpg 1536w, https:\/\/www.mes-allocs.fr\/guides\/wp-content\/uploads\/2020\/09\/prime-noel-entreprise-e1759506752253-600x94.jpg 600w\" sizes=\"auto, (max-width: 1920px) 100vw, 1920px\" \/><b><\/b><\/p>\n<p style=\"text-align: justify;\">[Mis \u00e0 jour le 04\/12\/2025] Diff\u00e9rents organismes sont en mesure de vous verser la <a href=\"https:\/\/www.mes-allocs.fr\/guides\/prime-de-noel\/\">prime de No\u00ebl<\/a>. La CAF, la MSA ou bien France ravail si vous percevez des prestations de ce dernier. Son montant est calcul\u00e9 \u00e0 partir de votre situation familiale et notamment le nombre d&rsquo;enfants \u00e0 charge. Mais il existe \u00e9galement une <strong>prime de No\u00ebl en entreprise<\/strong>. Qui peut en b\u00e9n\u00e9ficier ? Quelles sont les montants ? Comment faire pour en b\u00e9n\u00e9ficier ? Mes Allocs vous explique tout ici.<\/p>\n<div class='cta-block'><div class='text'>Simulez votre prime de No\u00ebl en 2 min.<\/div><a href='https:\/\/www.mes-allocs.fr\/ab-app?origin=guides\/wp-json\/wp\/v2\/posts\/13169' class='app-button fit'>Simulation gratuite<\/a><\/div>\n<h1 style=\"text-align: justify;\">Prime de No\u00ebl en entreprise : qu&rsquo;est-ce que c&rsquo;est ?<\/h1>\n<p style=\"text-align: justify;\">Tout comme la prime de No\u00ebl vers\u00e9e par le gouvernement, les entreprises peuvent \u00e9galement verser une prime de No\u00ebl (prime de fin d&rsquo;ann\u00e9e) \u00e0 leurs salari\u00e9s.<\/p>\n<p style=\"text-align: justify;\">La prime de No\u00ebl est vers\u00e9e si elle figure dans votre contrat de travail, dans la convention collective ou bien dans les usages de l&rsquo;entreprise. Les entreprises ne sont pas dans l&rsquo;obligation de verser une prime de fin d&rsquo;ann\u00e9e, cela est al\u00e9atoire selon la situation de votre entreprise.<\/p>\n<h2 class=\"s75CSd OhScic AB4Wff\" style=\"text-align: justify;\">La prime de <b>fin d&rsquo;ann\u00e9e, est-elle obligatoire ?<\/b><\/h2>\n<p style=\"text-align: justify;\">Le non-versement de la prime de No\u00ebl pose probl\u00e8me lorsque les ann\u00e9es pr\u00e9c\u00e9dentes, vous la perceviez, mais pas cette ann\u00e9e par exemple. En effet, s&rsquo;il s&rsquo;agit uniquement d&rsquo;un usage, mais qu&rsquo;aucune formalit\u00e9 quelconque n&rsquo;oblige votre employeur. Dans ce cas, le droit du travail pr\u00e9voit la r\u00e8gle suivante : l&#8217;employeur ne peut \u00eatre contraint de payer la gratification que si ces versements correspondent \u00e0 un usage en vigueur dans l&rsquo;entreprise.<\/p>\n<p style=\"text-align: justify;\">Si vous \u00eates \u00e9ligible \u00e0 la prime de No\u00ebl vers\u00e9e par la CAF ou la MSA par exemple. Vous pouvez tout \u00e0 fait cumuler prime de No\u00ebl entreprise et prime de No\u00ebl CAF par exemple. Il n&rsquo;y a pas de \u00ab\u00a0choix\u00a0\u00bb \u00e0 faire. Bien qu&rsquo;\u00e9tant deux aides de fin d&rsquo;ann\u00e9e, elles sont ind\u00e9pendantes puisque vers\u00e9es par deux organisations diff\u00e9rentes.<\/p>\n<p style=\"text-align: justify;\"><strong>Dans les cas suivants, le versement de la <a href=\"https:\/\/www.mes-allocs.fr\/guides\/prime-de-noel\/prime-de-noel-entreprise\/prime-de-noel-obligatoire\/\">prime de No\u00ebl est obligatoire<\/a> :\u00a0<\/strong><\/p>\n<ul>\n<li style=\"text-align: justify;\">La prime est pr\u00e9vue dans votre contrat de travail,<\/li>\n<li style=\"text-align: justify;\">Par un usage au sein de l\u2019entreprise,<\/li>\n<li style=\"text-align: justify;\">Par un engagement unilat\u00e9ral de l\u2019employeur,<\/li>\n<li style=\"text-align: justify;\">Par une convention ou un accord collectif.<\/li>\n<\/ul>\n<p style=\"text-align: justify;\">Dans ce cas, l\u2019employeur ne peut pas y d\u00e9roger.<\/p>\n<p class=\"niv1\" style=\"text-align: justify;\"><strong>\u00c0 noter : en 2018, le Pr\u00e9sident Emmanuel Macron a annonc\u00e9 que cette prime de fin d&rsquo;ann\u00e9e ne serait pas imposable.\u00a0<\/strong><\/p>\n<p>&nbsp;<\/p>\n<p style=\"text-align: center;\"><iframe loading=\"lazy\" src=\"\/\/www.youtube.com\/embed\/JSd0X11Muig\" width=\"560\" height=\"314\" allowfullscreen=\"allowfullscreen\" data-mce-fragment=\"1\"><\/iframe><\/p>\n<h2 style=\"text-align: justify;\">Quel salari\u00e9 peut b\u00e9n\u00e9ficier de la prime de No\u00ebl en entreprise ?<\/h2>\n<p style=\"text-align: justify;\">La prime de fin d\u2019ann\u00e9e, \u00e9galement appel\u00e9e prime du treizi\u00e8me mois ou prime de No\u00ebl, est une r\u00e9mun\u00e9ration fix\u00e9e dans l\u2019entreprise par le contrat de travail, l\u2019usage ou une convention collective. En principe, la plupart des salari\u00e9s, s\u2019ils respectent certaines conditions, b\u00e9n\u00e9ficieront d\u2019une prime de fin d\u2019ann\u00e9e. Le salari\u00e9 doit avoir travaill\u00e9 au moins 2 mois dans l\u2019entreprise (temps partiel ou plein) ou 44 jours pour un travailleur occasionnel.<\/p>\n<h2 style=\"text-align: justify;\">Quelles sont les conditions pour b\u00e9n\u00e9ficier de la prime de fin d&rsquo;ann\u00e9e ?<\/h2>\n<p style=\"text-align: justify;\">Afin de percevoir la prime de fin d\u2019ann\u00e9e ou\u00a0prime de No\u00ebl, et si votre entreprise poss\u00e8de bien une convention qui \u00e9tablit l\u2019attribution de cette prime, vous devez respecter certaines conditions. En effet, pour en b\u00e9n\u00e9ficier, vous devrez :<\/p>\n<ul>\n<li style=\"text-align: justify;\">Avoir travaill\u00e9 au moins 2 mois au sein de l\u2019entreprise si vous \u00eates travailleur \u00e0 plein temps ou \u00e0\u00a0temps partiel<\/li>\n<li style=\"text-align: justify;\">Avoir travaill\u00e9 au moins 44 jours dans l\u2019entreprise si vous \u00eates travailleur occasionnel<\/li>\n<li style=\"text-align: justify;\">Ne pas avoir quitt\u00e9 l\u2019entreprise volontairement ou avoir \u00e9t\u00e9\u00a0licenci\u00e9 pour faute lourde\u00a0ou grave<\/li>\n<\/ul>\n<p><div class='shortcode read-more'><div class='title'>En savoir plus<\/div><div class='content'>La prime de No\u00ebl peut m\u00eame \u00eatre vers\u00e9e \u00e0 un <strong>int\u00e9rimaire<\/strong>. On vous explique <a href=\"https:\/\/www.mes-allocs.fr\/guides\/prime-de-noel\/prime-de-noel-entreprise\/prime-noel-interim\/\">ici<\/a>. <\/div><\/div><!-- notionvc: 15a9ed56-9e7a-4618-8c57-5f053dfb97b4 --><\/p>\n<h1 style=\"text-align: justify;\">Prime de No\u00ebl pour les salari\u00e9s : comment est calcul\u00e9 le montant ?<\/h1>\n<p style=\"text-align: justify;\">Il n&rsquo;y a pas de r\u00e8gles en vigueur, les entreprises peuvent choisir elles-m\u00eames le montant de la prime de fin d&rsquo;ann\u00e9e (13e mois). Par exemple, l&#8217;employeur peut \u00e9galement choisir de verser la prime de fin d&rsquo;ann\u00e9e uniquement \u00e0 une partie de l&rsquo;entreprise (ceux ayant les salaires les plus faibles). Certains \u00e9l\u00e9ments sont pris en compte pour d\u00e9terminer le montant de la prime de fin d&rsquo;ann\u00e9e :<\/p>\n<ul>\n<li style=\"text-align: justify;\">La r\u00e9mun\u00e9ration<\/li>\n<li style=\"text-align: justify;\">L\u2019anciennet\u00e9<\/li>\n<li style=\"text-align: justify;\">La dur\u00e9e du travail<\/li>\n<\/ul>\n<p style=\"text-align: justify;\">Le montant est d\u00e9termin\u00e9 selon les entreprises, comme pr\u00e9cis\u00e9 plus haut. Il peut \u00eatre \u00e9gal \u00e0 :<\/p>\n<ul>\n<li style=\"text-align: justify;\">Un mois de salaire<\/li>\n<li style=\"text-align: justify;\">Un pourcentage \u00e9tabli de la r\u00e9mun\u00e9ration annuelle<\/li>\n<li style=\"text-align: justify;\">Un montant forfaitaire notifi\u00e9 dans la convention collective<\/li>\n<\/ul>\n<p style=\"text-align: justify;\">Si aucune pr\u00e9cision n\u2019est donn\u00e9e dans la convention, la prime de fin d\u2019ann\u00e9e sera calcul\u00e9e sur l\u2019ensemble des r\u00e9mun\u00e9rations per\u00e7ues durant les 12 mois de travail compris entre juillet et juin (en-dehors des remboursements de frais professionnels).<\/p>\n<div class='cta-block'><div class='text'>Simulez votre prime de No\u00ebl en 2 min.<\/div><a href='https:\/\/www.mes-allocs.fr\/ab-app?origin=guides\/wp-json\/wp\/v2\/posts\/13169' class='app-button fit'>Simulation gratuite<\/a><\/div>\n<h1 style=\"text-align: justify;\">Date de versement de la prime de No\u00ebl pour les salari\u00e9s en 2025<\/h1>\n<p style=\"text-align: justify;\">La prime de No\u00ebl en entreprise est vers\u00e9e g\u00e9n\u00e9ralement plus tard que la prime de No\u00ebl France Travail, CAF ou MSA. En effet, la prime en entreprise est g\u00e9n\u00e9ralement vers\u00e9e \u00e0 la fin du mois.<\/p>\n<h1>La prime de fin d&rsquo;ann\u00e9e vers\u00e9e par l&#8217;employeur est-elle imposable ?<\/h1>\n<p>La question de la <a href=\"https:\/\/www.mes-allocs.fr\/guides\/prime-de-noel\/prime-de-noel-imposable\/\">prime de No\u00ebl imposable<\/a> revient souvent. <strong>Dans le cas de la prime vers\u00e9e par l&rsquo;entreprise, la r\u00e9ponse est oui.<\/strong> En effet, la prime de No\u00ebl qui vous est vers\u00e9e par votre employeur est imposable.<\/p>\n<p>A l&rsquo;inverse, la prime de No\u00ebl de la CAF\/MSA ou France Travail n&rsquo;est pas imposable. C&rsquo;est pour cela qu&rsquo;il est tr\u00e8s important de ne pas confondre la prime de No\u00ebl de la CAF\/MSA ou France Travail et celle vers\u00e9e par votre employeur.<\/p>\n<h1 style=\"text-align: justify;\">Qu&rsquo;est-ce que la prime Macron ?<\/h1>\n<p style=\"text-align: justify;\">Entr\u00e9e en vigueur en 2019, ce dispositif appel\u00e9 \u00ab\u00a0prime Macron\u00a0\u00bb a \u00e9t\u00e9 remplac\u00e9e en ao\u00fbt 2022\u00a0par la prime de partage de la valeur (PPV). Elle offre la possibilit\u00e9 aux employeurs de verser une prime exceptionnelle \u00e0 ses salari\u00e9s. N\u00e9anmoins, sa mise en place est facultative. L\u2019employeur est libre de fixer, sans limites, le montant de la prime exceptionnelle de pouvoir d\u2019achat.<\/p>\n<p style=\"text-align: justify;\"><strong>Attention : cette prime Macron ne se substitue pas \u00e0 la prime de 13e mois ni \u00e0 la prime de No\u00ebl ni \u00e0 toute autre augmentation vers\u00e9e habituellement par votre employeur. Elle vient en plus.\u00a0<\/strong><\/p>\n<h2 style=\"text-align: justify;\">Mise en place de la prime exceptionnelle<\/h2>\n<p style=\"text-align: justify;\">Si un employeur d\u00e9cide de verser la prime Macron, elle doit \u00eatre mise en place soit par accord collectif soit par d\u00e9cision unilat\u00e9rale de l\u2019employeur. En cas de mise en place par d\u00e9cision unilat\u00e9rale de l\u2019employeur, ce dernier doit, avant de proc\u00e9der au versement de la prime, avertir le\u00a0comit\u00e9 social et \u00e9conomique.<\/p>\n<h2 style=\"text-align: justify;\">Montant de la prime Macron<\/h2>\n<p style=\"text-align: justify;\">Le montant maximum de la prime Macron est de 3.000 euros. N\u00e9anmoins, si votre entreprise a n\u00e9goci\u00e9 un accord d\u2019int\u00e9ressement, ce montant peut atteindre 6.000 euros.<\/p>\n<p style=\"text-align: justify;\">\u00c0 noter : si vous gagnez moins de 3 fois le SMIC cours des 12 mois pr\u00e9c\u00e9dant la date de versement, la prime est d\u00e9fiscalis\u00e9e et exon\u00e9r\u00e9e de cotisations salariales.<\/p>\n<h2 style=\"text-align: justify;\">Prime Macron possible pour les apprentis et stagiaires ?<\/h2>\n<p style=\"text-align: justify;\">Si vous \u00eates apprenti, vous pouvez b\u00e9n\u00e9ficier de la prime Macron en fonction des crit\u00e8res de modulation pr\u00e9vus par votre employeur. Si vous \u00eates stagiaire, votre cas est diff\u00e9rent puisque vous \u00eates li\u00e9 par une convention de stage et non pas par un contrat de travail.<\/p>\n<h1 style=\"text-align: justify;\">Les autres primes de fin d&rsquo;ann\u00e9e<\/h1>\n<h2>La prime de No\u00ebl CAF<\/h2>\n<p style=\"text-align: justify;\">En plus de percevoir la prime de No\u00ebl par votre entreprise, vous \u00eates peut-\u00eatre \u00e9ligible \u00e0 la prime de No\u00ebl vers\u00e9e par la CAF (\u00e9galement vers\u00e9e par la MSA) vers\u00e9e le 16 d\u00e9cembre 2025.<\/p>\n<p style=\"text-align: justify;\">Son montant est calcul\u00e9 en fonction de votre situation familiale et du nombre d&rsquo;enfants que vous avez \u00e0 charge.<\/p>\n<p style=\"text-align: justify;\">Si vous \u00eates \u00e9ligible, vous percevrez automatiquement cette aide sur votre compte bancaire. En effet, vous n&rsquo;avez pas de demande \u00e0 effectuer, La CAF poss\u00e8de les donn\u00e9es personnelles qui permettent le calcul des montants de la prime.<\/p>\n<p style=\"text-align: justify;\">Pour b\u00e9n\u00e9ficier de la <a href=\"https:\/\/www.mes-allocs.fr\/guides\/prime-de-noel\/prime-de-noel-caf\/\">prime de No\u00ebl CAF<\/a>, vous devez \u00eatre <span class=\"amp-wp-fe3f5cc\" data-amp-original-style=\"font-weight: 400;\">b\u00e9n\u00e9ficiaire du Revenu de Solidarit\u00e9 Active socle (RSA) au mois de novembre ou d\u00e9cembre 2025.\u00a0<\/span><\/p>\n<h2 class=\"s75CSd OhScic AB4Wff\" style=\"text-align: justify;\"><b>La prime de No\u00ebl France Travail<\/b><\/h2>\n<p style=\"text-align: justify;\">Les pouvoirs publics ont d\u00e9cid\u00e9 de reconduire l\u2019aide exceptionnelle de fin d\u2019ann\u00e9e dite \u00ab <a href=\"https:\/\/www.mes-allocs.fr\/guides\/prime-de-noel\/prime-de-noel-pole-emploi\/\">Prime de No\u00ebl France Travail<\/a> \u00bb. Elle s&rsquo;adresse aux :<\/p>\n<ul>\n<li class=\"amp-wp-fe3f5cc\" style=\"text-align: justify;\" data-amp-original-style=\"font-weight: 400;\"><span class=\"amp-wp-fe3f5cc\" data-amp-original-style=\"font-weight: 400;\">b\u00e9n\u00e9ficiaires de l\u2019Allocation de Solidarit\u00e9 Sp\u00e9cifique (ASS), \u00e0 taux major\u00e9 ou non ;<\/span><\/li>\n<li class=\"amp-wp-fe3f5cc\" style=\"text-align: justify;\" data-amp-original-style=\"font-weight: 400;\"><span class=\"amp-wp-fe3f5cc\" data-amp-original-style=\"font-weight: 400;\">b\u00e9n\u00e9ficiaires de l\u2019ACCRE (aide \u00e0 la cr\u00e9ation d\u2019entreprise) seulement si vous \u00e9tiez \u00e0 l\u2019ASS avant ;<\/span><\/li>\n<li class=\"amp-wp-fe3f5cc\" style=\"text-align: justify;\" data-amp-original-style=\"font-weight: 400;\"><span class=\"amp-wp-fe3f5cc\" data-amp-original-style=\"font-weight: 400;\">b\u00e9n\u00e9ficiaires de la Prime Transitoire de Solidarit\u00e9 (la PTS remplace l\u2019allocation transitoire de solidarit\u00e9 depuis 2015) ;<\/span><\/li>\n<li class=\"amp-wp-fe3f5cc\" style=\"text-align: justify;\" data-amp-original-style=\"font-weight: 400;\"><span class=\"amp-wp-fe3f5cc\" data-amp-original-style=\"font-weight: 400;\">b\u00e9n\u00e9ficiaires d\u2019une r\u00e9mun\u00e9ration de formation vers\u00e9e par P\u00f4le emploi si elle fait suite \u00e0 un versement d\u2019ASS ;<\/span><\/li>\n<li class=\"amp-wp-fe3f5cc\" style=\"text-align: justify;\" data-amp-original-style=\"font-weight: 400;\"><span class=\"amp-wp-fe3f5cc\" data-amp-original-style=\"font-weight: 400;\">b\u00e9n\u00e9ficiaires de l\u2019Allocation \u00c9quivalent Retraite (AER) ;<\/span><\/li>\n<li class=\"amp-wp-fe3f5cc\" style=\"text-align: justify;\" data-amp-original-style=\"font-weight: 400;\"><span class=\"amp-wp-fe3f5cc\" data-amp-original-style=\"font-weight: 400;\">b\u00e9n\u00e9ficiaires de la prime forfaitaire pour reprise d\u2019activit\u00e9.<\/span><\/li>\n<\/ul>\n<div class='cta-block'><div class='text'>Simulez votre prime de No\u00ebl en 2 min.<\/div><a href='https:\/\/www.mes-allocs.fr\/ab-app?origin=guides\/wp-json\/wp\/v2\/posts\/13169' class='app-button fit'>Simulation gratuite<\/a><\/div>\n","protected":false},"excerpt":{"rendered":"<p>[Mis \u00e0 jour le 04\/12\/2025] Diff\u00e9rents organismes sont en mesure de vous verser la prime de No\u00ebl. La CAF, la MSA ou bien France ravail si vous percevez des prestations de ce dernier. Son montant est calcul\u00e9 \u00e0 partir de votre situation familiale et notamment le nombre d&rsquo;enfants \u00e0 charge. Mais il existe \u00e9galement une [&hellip;]<\/p>\n","protected":false},"author":7,"featured_media":13171,"comment_status":"open","ping_status":"open","sticky":false,"template":"","format":"standard","meta":{"amp_status":"","footnotes":""},"categories":[31],"tags":[],"class_list":["post-13169","post","type-post","status-publish","format-standard","has-post-thumbnail","hentry","category-prime-de-noel"],"yoast_head":"<!-- This site is optimized with the Yoast SEO plugin v14.9 - https:\/\/yoast.com\/wordpress\/plugins\/seo\/ -->\n<title>Prime de No\u00ebl en entreprise : conditions, montants, d\u00e9marches<\/title>\n<meta name=\"description\" content=\"Une entreprise peut verser une prime de No\u00ebl \u00e0 ses salari\u00e9s. Mais quel est le montant ? Comment en b\u00e9n\u00e9ficier ? Mes Allocs vous aide !\" \/>\n<meta name=\"robots\" content=\"index, follow, max-snippet:-1, max-image-preview:large, max-video-preview:-1\" \/>\n<link rel=\"canonical\" href=\"https:\/\/www.mes-allocs.fr\/guides\/prime-de-noel\/prime-de-noel-entreprise\/\" \/>\n<meta property=\"og:locale\" content=\"fr_FR\" \/>\n<meta property=\"og:type\" content=\"article\" \/>\n<meta property=\"og:title\" content=\"Prime de No\u00ebl en entreprise : conditions, montants, d\u00e9marches\" \/>\n<meta property=\"og:description\" content=\"Une entreprise peut verser une prime de No\u00ebl \u00e0 ses salari\u00e9s. Mais quel est le montant ? Comment en b\u00e9n\u00e9ficier ? Mes Allocs vous aide !\" \/>\n<meta property=\"og:url\" content=\"https:\/\/www.mes-allocs.fr\/guides\/prime-de-noel\/prime-de-noel-entreprise\/\" \/>\n<meta property=\"og:site_name\" content=\"Mes-Allocs.fr\" \/>\n<meta property=\"article:published_time\" content=\"2020-09-28T07:24:28+00:00\" \/>\n<meta property=\"article:modified_time\" content=\"2025-12-04T15:52:15+00:00\" \/>\n<meta property=\"og:image\" content=\"https:\/\/www.mes-allocs.fr\/guides\/wp-content\/uploads\/2020\/09\/christmas-market-550323_1280.jpg?wsr\" \/>\n\t<meta property=\"og:image:width\" content=\"1280\" \/>\n\t<meta property=\"og:image:height\" content=\"853\" \/>\n<meta name=\"twitter:card\" content=\"summary_large_image\" \/>\n<script type=\"application\/ld+json\" class=\"yoast-schema-graph\">{\"@context\":\"https:\/\/schema.org\",\"@graph\":[{\"@type\":\"WebSite\",\"@id\":\"https:\/\/www.mes-allocs.fr\/guides\/#website\",\"url\":\"https:\/\/www.mes-allocs.fr\/guides\/\",\"name\":\"Mes-Allocs.fr\",\"description\":\"\",\"potentialAction\":[{\"@type\":\"SearchAction\",\"target\":\"https:\/\/www.mes-allocs.fr\/guides\/?s={search_term_string}\",\"query-input\":\"required name=search_term_string\"}],\"inLanguage\":\"fr-FR\"},{\"@type\":\"ImageObject\",\"@id\":\"https:\/\/www.mes-allocs.fr\/guides\/prime-de-noel\/prime-de-noel-entreprise\/#primaryimage\",\"inLanguage\":\"fr-FR\",\"url\":\"https:\/\/www.mes-allocs.fr\/guides\/wp-content\/uploads\/2020\/09\/christmas-market-550323_1280.jpg?wsr\",\"width\":1280,\"height\":853,\"caption\":\"christmas market 550323 1280 e1601024611939\"},{\"@type\":\"WebPage\",\"@id\":\"https:\/\/www.mes-allocs.fr\/guides\/prime-de-noel\/prime-de-noel-entreprise\/#webpage\",\"url\":\"https:\/\/www.mes-allocs.fr\/guides\/prime-de-noel\/prime-de-noel-entreprise\/\",\"name\":\"Prime de No\\u00ebl en entreprise : conditions, montants, d\\u00e9marches\",\"isPartOf\":{\"@id\":\"https:\/\/www.mes-allocs.fr\/guides\/#website\"},\"primaryImageOfPage\":{\"@id\":\"https:\/\/www.mes-allocs.fr\/guides\/prime-de-noel\/prime-de-noel-entreprise\/#primaryimage\"},\"datePublished\":\"2020-09-28T07:24:28+00:00\",\"dateModified\":\"2025-12-04T15:52:15+00:00\",\"author\":{\"@id\":\"https:\/\/www.mes-allocs.fr\/guides\/#\/schema\/person\/1c4837d5703727cb02ce84583b5a44aa\"},\"description\":\"Une entreprise peut verser une prime de No\\u00ebl \\u00e0 ses salari\\u00e9s. Mais quel est le montant ? Comment en b\\u00e9n\\u00e9ficier ? Mes Allocs vous aide !\",\"inLanguage\":\"fr-FR\"},{\"@type\":\"Person\",\"@id\":\"https:\/\/www.mes-allocs.fr\/guides\/#\/schema\/person\/1c4837d5703727cb02ce84583b5a44aa\",\"name\":\"Fabiola\",\"image\":{\"@type\":\"ImageObject\",\"@id\":\"https:\/\/www.mes-allocs.fr\/guides\/#personlogo\",\"inLanguage\":\"fr-FR\",\"url\":\"https:\/\/www.mes-allocs.fr\/guides\/wp-content\/uploads\/2021\/06\/fabiola-150x150.png\",\"caption\":\"Fabiola\"},\"description\":\"Fabiola est r\\u00e9dactrice au sein de l'\\u00e9quipe Mes Allocs, sp\\u00e9cialis\\u00e9e en sciences politiques et affaires publiques. Dipl\\u00f4m\\u00e9e de l'HEIP, elle rejoint Mes Allocs apr\\u00e8s une premi\\u00e8re exp\\u00e9rience \\u00e0 l'Assembl\\u00e9e Nationale.\",\"sameAs\":[\"https:\/\/www.linkedin.com\/in\/cecilia-philippe-b-8a8085195\"]}]}<\/script>\n<!-- \/ Yoast SEO plugin. -->","amp_validity":null,"acf":{"faq":{"1":{"question":"Est-ce que la prime de No\u00ebl est obligatoire en entreprise ? ","answer":"Non, chaque entreprise d\u00e9cide de verser ou non une prime de No\u00ebl \u00e0 ses employ\u00e9s. Notez \u00e9galement que certains employ\u00e9s et pas tous peuvent en b\u00e9n\u00e9ficier. C'est l'entreprise qui prend la d\u00e9cision. "},"2":{"question":"Peut-on cumuler la prime de No\u00ebl CAF et la prime de No\u00ebl entreprise ? ","answer":"Oui tout \u00e0 fait. Ce sont deux primes vers\u00e9es par deux organismes diff\u00e9rents. Le cumul est tout \u00e0 fait possible. "},"3":{"question":"Comment faire une demande de prime de No\u00ebl ? ","answer":"Vous n'avez aucune demande \u00e0 faire, si vous \u00eates \u00e9ligible, la CAF vous verse directement le montant de la prime sur votre compte bancaire."},"4":{"question":"Quand est vers\u00e9e la prime de No\u00ebl entreprise ? ","answer":"C'est \u00e0 votre entreprise de d\u00e9cider, g\u00e9n\u00e9ralement cette derni\u00e8re est vers\u00e9e fin d\u00e9cembre."},"5":{"question":"Quel est le montant de la prime de No\u00ebl entreprise ? ","answer":"Il n'y a pas de montant fixe. Votre anciennet\u00e9, votre salaire ainsi que votre niveau dans l'entreprise sont \u00e9galement pris en consid\u00e9ration dans le calcul. "},"6":{"question":"Quel est le montant de la prime Macron ? ","answer":"Le montant est de 3.000 euros en g\u00e9n\u00e9ral. Il peut se porter \u00e0 6.000 euros si votre entreprise a n\u00e9goci\u00e9 un accord d\u2019int\u00e9ressement. "},"7":{"question":"","answer":""},"8":{"question":"","answer":""},"9":{"question":"","answer":""},"10":{"question":"","answer":""},"11":{"question":"","answer":""},"12":{"question":"","answer":""},"13":{"question":"","answer":""},"14":{"question":"","answer":""},"15":{"question":"","answer":""},"16":{"question":"","answer":""}}},"_links":{"self":[{"href":"https:\/\/www.mes-allocs.fr\/guides\/wp-json\/wp\/v2\/posts\/13169","targetHints":{"allow":["GET"]}}],"collection":[{"href":"https:\/\/www.mes-allocs.fr\/guides\/wp-json\/wp\/v2\/posts"}],"about":[{"href":"https:\/\/www.mes-allocs.fr\/guides\/wp-json\/wp\/v2\/types\/post"}],"author":[{"embeddable":true,"href":"https:\/\/www.mes-allocs.fr\/guides\/wp-json\/wp\/v2\/users\/7"}],"replies":[{"embeddable":true,"href":"https:\/\/www.mes-allocs.fr\/guides\/wp-json\/wp\/v2\/comments?post=13169"}],"version-history":[{"count":32,"href":"https:\/\/www.mes-allocs.fr\/guides\/wp-json\/wp\/v2\/posts\/13169\/revisions"}],"predecessor-version":[{"id":106360,"href":"https:\/\/www.mes-allocs.fr\/guides\/wp-json\/wp\/v2\/posts\/13169\/revisions\/106360"}],"wp:featuredmedia":[{"embeddable":true,"href":"https:\/\/www.mes-allocs.fr\/guides\/wp-json\/wp\/v2\/media\/13171"}],"wp:attachment":[{"href":"https:\/\/www.mes-allocs.fr\/guides\/wp-json\/wp\/v2\/media?parent=13169"}],"wp:term":[{"taxonomy":"category","embeddable":true,"href":"https:\/\/www.mes-allocs.fr\/guides\/wp-json\/wp\/v2\/categories?post=13169"},{"taxonomy":"post_tag","embeddable":true,"href":"https:\/\/www.mes-allocs.fr\/guides\/wp-json\/wp\/v2\/tags?post=13169"}],"curies":[{"name":"wp","href":"https:\/\/api.w.org\/{rel}","templated":true}]}}