{"id":13144,"date":"2020-09-28T07:22:36","date_gmt":"2020-09-28T07:22:36","guid":{"rendered":"https:\/\/www.mes-allocs.fr\/guides\/?p=13144"},"modified":"2025-12-04T18:09:05","modified_gmt":"2025-12-04T17:09:05","slug":"qui-verse-prime-de-noel","status":"publish","type":"post","link":"https:\/\/www.mes-allocs.fr\/guides\/prime-de-noel\/versement-prime-de-noel\/qui-verse-prime-de-noel\/","title":{"rendered":"Qui verse la prime de No\u00ebl en 2025 ?"},"content":{"rendered":"<p><img loading=\"lazy\" decoding=\"async\" class=\"aligncenter size-full wp-image-105253\" title=\"prime noel qui verse\" src=\"https:\/\/www.mes-allocs.fr\/guides\/wp-content\/uploads\/2020\/09\/prime-noel-qui-verse.jpg\" alt=\"prime noel qui verse\" width=\"1920\" height=\"300\" srcset=\"https:\/\/www.mes-allocs.fr\/guides\/wp-content\/uploads\/2020\/09\/prime-noel-qui-verse.jpg 1920w, https:\/\/www.mes-allocs.fr\/guides\/wp-content\/uploads\/2020\/09\/prime-noel-qui-verse-300x47.jpg 300w, https:\/\/www.mes-allocs.fr\/guides\/wp-content\/uploads\/2020\/09\/prime-noel-qui-verse-1024x160.jpg 1024w, https:\/\/www.mes-allocs.fr\/guides\/wp-content\/uploads\/2020\/09\/prime-noel-qui-verse-768x120.jpg 768w, https:\/\/www.mes-allocs.fr\/guides\/wp-content\/uploads\/2020\/09\/prime-noel-qui-verse-1536x240.jpg 1536w, https:\/\/www.mes-allocs.fr\/guides\/wp-content\/uploads\/2020\/09\/prime-noel-qui-verse-600x94.jpg 600w\" sizes=\"auto, (max-width: 1920px) 100vw, 1920px\" \/><\/p>\n<p>[Mis \u00e0 jour le 04\/12\/2025] La prime de No\u00ebl est une aide financi\u00e8re vers\u00e9e chaque ann\u00e9e par l\u2019\u00c9tat pour soutenir les foyers b\u00e9n\u00e9ficiant de minima sociaux. Mais <strong>qui verse la prime de No\u00ebl<\/strong> exactement ? Tout d\u00e9pend de votre situation et de l\u2019organisme dont vous d\u00e9pendez : la CAF, la MSA ou France Travail (anciennement P\u00f4le emploi). En g\u00e9n\u00e9ral, le <a href=\"https:\/\/www.mes-allocs.fr\/guides\/prime-de-noel\/versement-prime-de-noel\/\">versement de la prime de No\u00ebl<\/a> intervient \u00e0 partir du 16 d\u00e9cembre 2025, sans d\u00e9marche \u00e0 effectuer. Mes Allocs vous explique quel organisme est responsable du versement selon votre situation.<\/p>\n<div class='cta-block'><div class='text'>Simulez votre prime de No\u00ebl en 2 min.<\/div><a href='https:\/\/www.mes-allocs.fr\/ab-app?origin=guides\/wp-json\/wp\/v2\/posts\/13144' class='app-button fit'>Simulation gratuite<\/a><\/div>\n<h1>Qui doit verser la prime de No\u00ebl en 2025 ?<\/h1>\n<p>En 2025, la prime de No\u00ebl est vers\u00e9e par diff\u00e9rents organismes selon la prestation que vous touchez :<\/p>\n<ul>\n<li>La CAF : si vous percevez le RSA (Revenu de Solidarit\u00e9 Active)<\/li>\n<li>La MSA : si vous d\u00e9pendez du r\u00e9gime agricole et touchez le RSA<\/li>\n<li>France Travail : si vous percevez une allocation comme l&rsquo;ASS, l&rsquo;AER, la PTS ou une autre aide \u00e9ligible<\/li>\n<\/ul>\n<p><div class='shortcode read-more'><div class='title'>En savoir plus<\/div><div class='content'>Si vous \u00eates <strong>allocataire de la CAF<\/strong> mais percevez aussi une aide vers\u00e9e par France Travail, vous recevrez uniquement la prime de No\u00ebl de la CAF.<\/div><\/div><!-- notionvc: 43850507-5000-4f15-baa3-312ca46e40b9 --><\/p>\n<h2>Prime de No\u00ebl vers\u00e9e par France Travail (ex-P\u00f4le Emploi)<\/h2>\n<p>France Travail verse la prime de No\u00ebl aux b\u00e9n\u00e9ficiaires de certaines allocations sp\u00e9cifiques :<\/p>\n<ul>\n<li>L\u2019allocation Sp\u00e9cifique de Solidarit\u00e9 (ASS)<\/li>\n<li>La Prime Transitoire de Solidarit\u00e9 (PTS)<\/li>\n<li>L\u2019Allocation \u00c9quivalent Retraite (AER)<\/li>\n<li>La prime forfaitaire de reprise d\u2019activit\u00e9<\/li>\n<\/ul>\n<p>Le montant de la prime vers\u00e9e par France Travail est fixe, soit <strong>152,45 \u20ac<\/strong> en 2025, quel que soit le nombre d\u2019enfants \u00e0 charge. Ce montant est cr\u00e9dit\u00e9 automatiquement, sans qu\u2019aucune d\u00e9marche ne soit n\u00e9cessaire.<\/p>\n<p>Si vous touchez l\u2019Allocation de Retour \u00e0 l\u2019Emploi (ARE), vous n\u2019avez pas droit \u00e0 la prime de No\u00ebl, m\u00eame si vos revenus sont faibles. Cette aide est r\u00e9serv\u00e9e aux b\u00e9n\u00e9ficiaires de minima sociaux, pas aux demandeurs d\u2019emploi indemnis\u00e9s au titre du ch\u00f4mage.<\/p>\n<div class='cta-block'><div class='text'>Simulez votre prime de No\u00ebl en 2 min.<\/div><a href='https:\/\/www.mes-allocs.fr\/ab-app?origin=guides\/wp-json\/wp\/v2\/posts\/13144' class='app-button fit'>Simulation gratuite<\/a><\/div>\n<h2>Prime de No\u00ebl vers\u00e9e par la CAF<\/h2>\n<p>La Caisse d\u2019Allocations Familiales (CAF) et la Mutualit\u00e9 Sociale Agricole (MSA) versent la prime de No\u00ebl aux b\u00e9n\u00e9ficiaires du <strong>RSA<\/strong>. Cette aide est calcul\u00e9e selon la composition du foyer : le montant varie si vous vivez seul, en couple ou avec des enfants \u00e0 charge.<\/p>\n<p>\u00c0 la diff\u00e9rence de France Travail, la CAF et la MSA versent une prime major\u00e9e selon le nombre d\u2019enfants \u00e0 charge : plus le foyer est grand, plus le montant est \u00e9lev\u00e9.<\/p>\n<h2>Prime de No\u00ebl vers\u00e9e par votre entreprise<\/h2>\n<p>En parall\u00e8le de la prime nationale, certaines entreprises choisissent d\u2019attribuer une prime de No\u00ebl interne \u00e0 leurs salari\u00e9s. Cette prime n\u2019a aucun lien avec celle vers\u00e9e par la CAF ou France Travail.<\/p>\n<p>Elle peut prendre plusieurs formes :<\/p>\n<ul>\n<li class=\"amp-wp-fe3f5cc\" data-amp-original-style=\"font-weight: 400;\"><span class=\"amp-wp-fe3f5cc\" data-amp-original-style=\"font-weight: 400;\">Une prime de fin d\u2019ann\u00e9e ;<\/span><\/li>\n<li class=\"amp-wp-fe3f5cc\" data-amp-original-style=\"font-weight: 400;\"><span class=\"amp-wp-fe3f5cc\" data-amp-original-style=\"font-weight: 400;\">Des ch\u00e8ques-cadeaux ;<\/span><\/li>\n<li class=\"amp-wp-fe3f5cc\" data-amp-original-style=\"font-weight: 400;\"><span class=\"amp-wp-fe3f5cc\" data-amp-original-style=\"font-weight: 400;\">Des bons d\u2019achat divers.<\/span><\/li>\n<\/ul>\n<p>Elle d\u00e9pend uniquement de la politique de l\u2019entreprise et ne constitue pas un droit <strong>automatique<\/strong>.<\/p>\n<p>&nbsp;<\/p>\n<p style=\"text-align: center;\"><iframe loading=\"lazy\" src=\"\/\/www.youtube.com\/embed\/JSd0X11Muig\" width=\"560\" height=\"314\" allowfullscreen=\"allowfullscreen\" data-mce-fragment=\"1\"><\/iframe><\/p>\n<h1>Comment savoir quel organisme me verse la prime de No\u00ebl ?<\/h1>\n<p>Vous ne savez pas si votre prime de No\u00ebl sera vers\u00e9e par la CAF, la MSA ou France Travail ? C\u2019est simple : l\u2019organisme qui vous verse votre aide principale est aussi celui qui vous versera la prime de No\u00ebl.<\/p>\n<ul>\n<li>Si vous touchez le RSA, c\u2019est la CAF (ou la MSA si vous relevez du r\u00e9gime agricole) qui proc\u00e8de au versement.<\/li>\n<li>Si vous percevez l\u2019ASS, l\u2019AER ou la prime forfaitaire de reprise d\u2019activit\u00e9, c\u2019est France Travail (anciennement P\u00f4le emploi).<\/li>\n<\/ul>\n<p>Pour v\u00e9rifier, connectez-vous \u00e0 votre espace personnel CAF \/ MSA \/ France Travail : le versement de la prime appara\u00eet g\u00e9n\u00e9ralement sous l\u2019intitul\u00e9 \u201cprime exceptionnelle de fin d\u2019ann\u00e9e\u201d dans la rubrique \u00ab\u00a0Mes paiements\u00a0\u00bb.<\/p>\n<h1>Peut-on toucher la prime de No\u00ebl de la CAF et de P\u00f4le Emploi ?<\/h1>\n<p><strong>Non<\/strong>, il est impossible de cumuler deux primes de No\u00ebl. Si vous percevez \u00e0 la fois le RSA et l\u2019ASS, une seule prime vous sera vers\u00e9e, et c&rsquo;est celle de la CAF. Pourquoi ? Car il s&rsquo;agit de l&rsquo;aide la plus favorable, puisqu&rsquo;elle d\u00e9pend de la composition familiale alors que celle vers\u00e9e par France Travail est un montant fixe.<\/p>\n<h1>Comment recevoir la prime de No\u00ebl en 2025 ?<\/h1>\n<p><strong>Aucune d\u00e9marche<\/strong> n\u2019est n\u00e9cessaire pour recevoir la prime de No\u00ebl. Si vous remplissez les conditions, le versement est automatique sur votre compte bancaire \u00e0 partir du 16 d\u00e9cembre 2025.<\/p>\n<p>Les nouveaux b\u00e9n\u00e9ficiaires du RSA en d\u00e9cembre 2025 recevront leur prime d\u00e9but janvier 2026, le temps que leur dossier soit trait\u00e9.<\/p>\n<p>Mes Allocs vous propose un <a href=\"https:\/\/www.mes-allocs.fr\/guides\/prime-de-noel\/versement-prime-de-noel\/date-prime-de-noel\/\">guide complet sur la date de versement de la prime de No\u00ebl<\/a>, en fonction de votre situation.<\/p>\n<div class='cta-block'><div class='text'>Simulez votre prime de No\u00ebl en 2 min.<\/div><a href='https:\/\/www.mes-allocs.fr\/ab-app?origin=guides\/wp-json\/wp\/v2\/posts\/13144' class='app-button fit'>Simulation gratuite<\/a><\/div>\n","protected":false},"excerpt":{"rendered":"<p>[Mis \u00e0 jour le 04\/12\/2025] La prime de No\u00ebl est une aide financi\u00e8re vers\u00e9e chaque ann\u00e9e par l\u2019\u00c9tat pour soutenir les foyers b\u00e9n\u00e9ficiant de minima sociaux. Mais qui verse la prime de No\u00ebl exactement ? Tout d\u00e9pend de votre situation et de l\u2019organisme dont vous d\u00e9pendez : la CAF, la MSA ou France Travail (anciennement [&hellip;]<\/p>\n","protected":false},"author":7,"featured_media":13160,"comment_status":"open","ping_status":"open","sticky":false,"template":"","format":"standard","meta":{"amp_status":"","footnotes":""},"categories":[31,38932],"tags":[],"class_list":["post-13144","post","type-post","status-publish","format-standard","has-post-thumbnail","hentry","category-prime-de-noel","category-versement-prime-de-noel"],"yoast_head":"<!-- This site is optimized with the Yoast SEO plugin v14.9 - https:\/\/yoast.com\/wordpress\/plugins\/seo\/ -->\n<title>Qui verse la prime de No\u00ebl en 2025 ? | Mes-Allocs.fr<\/title>\n<meta name=\"description\" content=\"La prime de No\u00ebl est vers\u00e9e cette ann\u00e9e \u00e0 partir du 16 d\u00e9cembre 2025. Mais qui est en charge de vous la verser ? Mes Allocs vous dit tout !\" \/>\n<meta name=\"robots\" content=\"index, follow, max-snippet:-1, max-image-preview:large, max-video-preview:-1\" \/>\n<link rel=\"canonical\" href=\"https:\/\/www.mes-allocs.fr\/guides\/prime-de-noel\/versement-prime-de-noel\/qui-verse-prime-de-noel\/\" \/>\n<meta property=\"og:locale\" content=\"fr_FR\" \/>\n<meta property=\"og:type\" content=\"article\" \/>\n<meta property=\"og:title\" content=\"Qui verse la prime de No\u00ebl en 2025 ? | Mes-Allocs.fr\" \/>\n<meta property=\"og:description\" content=\"La prime de No\u00ebl est vers\u00e9e cette ann\u00e9e \u00e0 partir du 16 d\u00e9cembre 2025. Mais qui est en charge de vous la verser ? Mes Allocs vous dit tout !\" \/>\n<meta property=\"og:url\" content=\"https:\/\/www.mes-allocs.fr\/guides\/prime-de-noel\/versement-prime-de-noel\/qui-verse-prime-de-noel\/\" \/>\n<meta property=\"og:site_name\" content=\"Mes-Allocs.fr\" \/>\n<meta property=\"article:published_time\" content=\"2020-09-28T07:22:36+00:00\" \/>\n<meta property=\"article:modified_time\" content=\"2025-12-04T17:09:05+00:00\" \/>\n<meta property=\"og:image\" content=\"https:\/\/www.mes-allocs.fr\/guides\/wp-content\/uploads\/2020\/09\/bag-21467_1280.jpg?wsr\" \/>\n\t<meta property=\"og:image:width\" content=\"1280\" \/>\n\t<meta property=\"og:image:height\" content=\"853\" \/>\n<meta name=\"twitter:card\" content=\"summary_large_image\" \/>\n<script type=\"application\/ld+json\" class=\"yoast-schema-graph\">{\"@context\":\"https:\/\/schema.org\",\"@graph\":[{\"@type\":\"WebSite\",\"@id\":\"https:\/\/www.mes-allocs.fr\/guides\/#website\",\"url\":\"https:\/\/www.mes-allocs.fr\/guides\/\",\"name\":\"Mes-Allocs.fr\",\"description\":\"\",\"potentialAction\":[{\"@type\":\"SearchAction\",\"target\":\"https:\/\/www.mes-allocs.fr\/guides\/?s={search_term_string}\",\"query-input\":\"required name=search_term_string\"}],\"inLanguage\":\"fr-FR\"},{\"@type\":\"ImageObject\",\"@id\":\"https:\/\/www.mes-allocs.fr\/guides\/prime-de-noel\/versement-prime-de-noel\/qui-verse-prime-de-noel\/#primaryimage\",\"inLanguage\":\"fr-FR\",\"url\":\"https:\/\/www.mes-allocs.fr\/guides\/wp-content\/uploads\/2020\/09\/bag-21467_1280.jpg?wsr\",\"width\":1280,\"height\":853,\"caption\":\"bag 21467 1280 e1600947626163\"},{\"@type\":\"WebPage\",\"@id\":\"https:\/\/www.mes-allocs.fr\/guides\/prime-de-noel\/versement-prime-de-noel\/qui-verse-prime-de-noel\/#webpage\",\"url\":\"https:\/\/www.mes-allocs.fr\/guides\/prime-de-noel\/versement-prime-de-noel\/qui-verse-prime-de-noel\/\",\"name\":\"Qui verse la prime de No\\u00ebl en 2025 ? | Mes-Allocs.fr\",\"isPartOf\":{\"@id\":\"https:\/\/www.mes-allocs.fr\/guides\/#website\"},\"primaryImageOfPage\":{\"@id\":\"https:\/\/www.mes-allocs.fr\/guides\/prime-de-noel\/versement-prime-de-noel\/qui-verse-prime-de-noel\/#primaryimage\"},\"datePublished\":\"2020-09-28T07:22:36+00:00\",\"dateModified\":\"2025-12-04T17:09:05+00:00\",\"author\":{\"@id\":\"https:\/\/www.mes-allocs.fr\/guides\/#\/schema\/person\/1c4837d5703727cb02ce84583b5a44aa\"},\"description\":\"La prime de No\\u00ebl est vers\\u00e9e cette ann\\u00e9e \\u00e0 partir du 16 d\\u00e9cembre 2025. Mais qui est en charge de vous la verser ? Mes Allocs vous dit tout !\",\"inLanguage\":\"fr-FR\"},{\"@type\":\"Person\",\"@id\":\"https:\/\/www.mes-allocs.fr\/guides\/#\/schema\/person\/1c4837d5703727cb02ce84583b5a44aa\",\"name\":\"Fabiola\",\"image\":{\"@type\":\"ImageObject\",\"@id\":\"https:\/\/www.mes-allocs.fr\/guides\/#personlogo\",\"inLanguage\":\"fr-FR\",\"url\":\"https:\/\/www.mes-allocs.fr\/guides\/wp-content\/uploads\/2021\/06\/fabiola-150x150.png\",\"caption\":\"Fabiola\"},\"description\":\"Fabiola est r\\u00e9dactrice au sein de l'\\u00e9quipe Mes Allocs, sp\\u00e9cialis\\u00e9e en sciences politiques et affaires publiques. Dipl\\u00f4m\\u00e9e de l'HEIP, elle rejoint Mes Allocs apr\\u00e8s une premi\\u00e8re exp\\u00e9rience \\u00e0 l'Assembl\\u00e9e Nationale.\",\"sameAs\":[\"https:\/\/www.linkedin.com\/in\/cecilia-philippe-b-8a8085195\"]}]}<\/script>\n<!-- \/ Yoast SEO plugin. -->","amp_validity":null,"acf":{"faq":{"1":{"question":"Qui verse la prime de No\u00ebl ? ","answer":"La prime de No\u00ebl vous est vers\u00e9e en fonction de votre affiliation, \u00e0 savoir : la CAF, la MSA ou bien P\u00f4le emploi si vous percevez actuellement des prestations de cet organisme. "},"2":{"question":"Comment faire une demande de prime de No\u00ebl ? ","answer":"Vous n'avez aucune d\u00e9marche \u00e0 faire. Si vous \u00eates \u00e9ligible, vous percevrez directement la prime sur votre compte bancaire \u00e0 partir du 16 d\u00e9cembre 2025."},"3":{"question":"Quel est le montant de la prime de No\u00ebl?","answer":"Le montant de la prime d\u00e9pend de votre situation et de la composition de votre foyer. Par exemple, pour une personne seule sans enfant le montant est de 152,45 euros."},"4":{"question":"\u00c0 quelle date est vers\u00e9e la prime de No\u00ebl ? ","answer":"La prime de No\u00ebl est vers\u00e9e \u00e0 partir du 16 d\u00e9cembre 2025."},"5":{"question":"Peut-on cumuler AAH et prime de No\u00ebl? ","answer":"Non, si vous percevez l'AAH vous ne pouvez pas b\u00e9n\u00e9ficier de la prime de No\u00ebl. Bien que ces deux aides soient attribu\u00e9es aux personnes b\u00e9n\u00e9ficiant des minima sociaux. "},"6":{"question":"\u00e9ligibPeut-on cumuler deux primes de No\u00ebl ? ","answer":"Non, vous ne pouvez pas cumuler deux primes de No\u00ebl. Par exemple vous ne pourrez pas cumuler celle vers\u00e9e par la CAF, et celle vers\u00e9e par P\u00f4le Emploi. En revanche, certaines entreprises versent des primes de No\u00ebl \u00e0 ses employ\u00e9s, dans ce cas un cumul est possible."},"7":{"question":"","answer":""},"8":{"question":"","answer":""},"9":{"question":"","answer":""},"10":{"question":"","answer":""},"11":{"question":"","answer":""},"12":{"question":"","answer":""},"13":{"question":"","answer":""},"14":{"question":"","answer":""},"15":{"question":"","answer":""},"16":{"question":"","answer":""}}},"_links":{"self":[{"href":"https:\/\/www.mes-allocs.fr\/guides\/wp-json\/wp\/v2\/posts\/13144","targetHints":{"allow":["GET"]}}],"collection":[{"href":"https:\/\/www.mes-allocs.fr\/guides\/wp-json\/wp\/v2\/posts"}],"about":[{"href":"https:\/\/www.mes-allocs.fr\/guides\/wp-json\/wp\/v2\/types\/post"}],"author":[{"embeddable":true,"href":"https:\/\/www.mes-allocs.fr\/guides\/wp-json\/wp\/v2\/users\/7"}],"replies":[{"embeddable":true,"href":"https:\/\/www.mes-allocs.fr\/guides\/wp-json\/wp\/v2\/comments?post=13144"}],"version-history":[{"count":33,"href":"https:\/\/www.mes-allocs.fr\/guides\/wp-json\/wp\/v2\/posts\/13144\/revisions"}],"predecessor-version":[{"id":106392,"href":"https:\/\/www.mes-allocs.fr\/guides\/wp-json\/wp\/v2\/posts\/13144\/revisions\/106392"}],"wp:featuredmedia":[{"embeddable":true,"href":"https:\/\/www.mes-allocs.fr\/guides\/wp-json\/wp\/v2\/media\/13160"}],"wp:attachment":[{"href":"https:\/\/www.mes-allocs.fr\/guides\/wp-json\/wp\/v2\/media?parent=13144"}],"wp:term":[{"taxonomy":"category","embeddable":true,"href":"https:\/\/www.mes-allocs.fr\/guides\/wp-json\/wp\/v2\/categories?post=13144"},{"taxonomy":"post_tag","embeddable":true,"href":"https:\/\/www.mes-allocs.fr\/guides\/wp-json\/wp\/v2\/tags?post=13144"}],"curies":[{"name":"wp","href":"https:\/\/api.w.org\/{rel}","templated":true}]}}