{"id":13124,"date":"2020-09-28T07:26:34","date_gmt":"2020-09-28T07:26:34","guid":{"rendered":"https:\/\/www.mes-allocs.fr\/guides\/?p=13124"},"modified":"2025-12-04T18:32:31","modified_gmt":"2025-12-04T17:32:31","slug":"aah-et-prime-de-noel","status":"publish","type":"post","link":"https:\/\/www.mes-allocs.fr\/guides\/prime-de-noel\/prime-de-noel-cumul\/aah-et-prime-de-noel\/","title":{"rendered":"Prime de No\u00ebl et AAH : peut-on les cumuler en 2025 ?"},"content":{"rendered":"<p><img loading=\"lazy\" decoding=\"async\" class=\"aligncenter size-full wp-image-105474\" title=\"prime noel aah\" src=\"https:\/\/www.mes-allocs.fr\/guides\/wp-content\/uploads\/2020\/09\/prime-noel-aah-e1762252615918.jpg\" alt=\"prime noel aah\" width=\"1917\" height=\"300\" srcset=\"https:\/\/www.mes-allocs.fr\/guides\/wp-content\/uploads\/2020\/09\/prime-noel-aah-e1762252615918.jpg 1917w, https:\/\/www.mes-allocs.fr\/guides\/wp-content\/uploads\/2020\/09\/prime-noel-aah-e1762252615918-300x47.jpg 300w, https:\/\/www.mes-allocs.fr\/guides\/wp-content\/uploads\/2020\/09\/prime-noel-aah-e1762252615918-1024x160.jpg 1024w, https:\/\/www.mes-allocs.fr\/guides\/wp-content\/uploads\/2020\/09\/prime-noel-aah-e1762252615918-768x120.jpg 768w, https:\/\/www.mes-allocs.fr\/guides\/wp-content\/uploads\/2020\/09\/prime-noel-aah-e1762252615918-1536x240.jpg 1536w, https:\/\/www.mes-allocs.fr\/guides\/wp-content\/uploads\/2020\/09\/prime-noel-aah-e1762252615918-600x94.jpg 600w\" sizes=\"auto, (max-width: 1917px) 100vw, 1917px\" \/><\/p>\n<p>[Mis \u00e0 jour le 04\/12\/2025] La prime de No\u00ebl est une aide vers\u00e9e principalement aux personnes percevant le RSA, mais pas que. En effet, la <a href=\"https:\/\/www.mes-allocs.fr\/guides\/prime-de-noel\/prime-de-noel-cumul\/\">prime de No\u00ebl est cumulable<\/a> avec d&rsquo;autres aides, qui sont bien sp\u00e9cifiques. Alors, un\u00a0cumul <strong>AAH et prime de No\u00ebl<\/strong> est-il possible en 2025 ? On vous explique.<\/p>\n<div class='cta-block'><div class='text'>Simulez toutes vos aides en 2 min.<\/div><a href='https:\/\/www.mes-allocs.fr\/ab-app?origin=guides\/wp-json\/wp\/v2\/posts\/13124' class='app-button fit'>Simulation gratuite<\/a><\/div>\n<h1>Prime de No\u00ebl et AAH : un cumul possible en 2025 ?<\/h1>\n<h2>Les b\u00e9n\u00e9ficiaires de l\u2019AAH ont-ils droit \u00e0 la prime de No\u00ebl ?<\/h2>\n<p><strong>Non<\/strong>, la prime de No\u00ebl et l&rsquo;AAH sont deux aides incompatibles. En effet, l&rsquo;AAH est une prestation qui ne fait pas partie des aides \u00e9ligibles \u00e0 la prime de No\u00ebl alors qu\u2019il s\u2019agit pourtant d\u2019une aide accord\u00e9e aux b\u00e9n\u00e9ficiaires de minima sociaux.<\/p>\n<p>La raison \u00e9voqu\u00e9e est le fait que l&rsquo;AAH fait r\u00e9guli\u00e8rement l&rsquo;objet de revalorisation. En pr\u00e8s de 10 ans, le montant a ainsi \u00e9t\u00e9 rehauss\u00e9 de plus de 65 %.<\/p>\n<ul class=\"list-7\">\n<li>Montant en 2007 : 621,27 euros<\/li>\n<li>Montant en 2025 : 1 033,32\u00a0euros<\/li>\n<\/ul>\n<p><div class='shortcode read-more'><div class='title'>En savoir plus<\/div><div class='content'>M\u00eame si la prime de No\u00ebl est cumulable avec de nombreuses aides, les personnes b\u00e9n\u00e9ficiaires de l&rsquo;AAH ne sont pas les seules exclues de la prime de No\u00ebl. En effet, le cumul <a href=\"https:\/\/www.mes-allocs.fr\/guides\/prime-de-noel\/prime-de-noel-cumul\/aaeh-et-prime-de-noel\/\">AEEH et prime de No\u00ebl<\/a> est lui aussi impossible.<\/div><\/div><!-- notionvc: af3825e2-9e5c-44d3-9583-1320a46babff --><\/p>\n<h2>AAH non cumulable avec la prime de No\u00ebl : un d\u00e9bat toujours d\u2019actualit\u00e9<\/h2>\n<p>Le fait que l&rsquo;AAH ne soit pas cumulable avec la prime de No\u00ebl reste toujours un sujet qui suscite de vives r\u00e9actions et alimente r\u00e9guli\u00e8rement les d\u00e9bats.<\/p>\n<p>Les arguments avanc\u00e9s pour ne pas autoriser ce cumul sont multiples : limitation des d\u00e9penses publiques, revalorisation r\u00e9guli\u00e8re de l\u2019AAH, ciblage des plus d\u00e9munis. Cependant, ces justifications ne convainquent pas tout le monde.<\/p>\n<p><strong>Face \u00e0 cette situation, les mobilisations citoyennes se multiplient.<\/strong> Des p\u00e9titions en ligne ont \u00e9t\u00e9 lanc\u00e9es depuis des ann\u00e9es et collectent des milliers de signatures :<\/p>\n<ul>\n<li>P\u00e9tition lanc\u00e9e par Nad\u00e8ge GARDETTE le 27\/07\/2025 sur le site <a href=\"https:\/\/petitions.assemblee-nationale.fr\/initiatives\/i-3501\">petitions.assemblee-nationale.fr<\/a>\u00a0: date limite de recueil des signatures le 19\/06\/2029<\/li>\n<li>P\u00e9tition lanc\u00e9e en 2024 par Micke BOUYER sur le site <a href=\"https:\/\/www.change.org\/p\/prime-de-noel-pour-les-b%C3%A9n%C3%A9ficiaires-de-l-aah\">change.org<\/a><\/li>\n<li>P\u00e9tition lanc\u00e9e en 2015 par Luc F. sur le site <a href=\"https:\/\/www.mesopinions.com\/petition\/social\/prime-noel-aah\/17060\">mesopinions.com<\/a><\/li>\n<\/ul>\n<p>Des associations de personnes handicap\u00e9es ont aussi organis\u00e9 des manifestations. Ces initiatives visent \u00e0 faire entendre la voix des personnes concern\u00e9es et \u00e0 obtenir une r\u00e9vision de cette mesure.<\/p>\n<div class='cta-block'><div class='text'>Simulez toutes vos aides en 2 min.<\/div><a href='https:\/\/www.mes-allocs.fr\/ab-app?origin=guides\/wp-json\/wp\/v2\/posts\/13124' class='app-button fit'>Simulation gratuite<\/a><\/div>\n<p>&nbsp;<\/p>\n<p>&nbsp;<\/p>\n<p style=\"text-align: center;\"><iframe loading=\"lazy\" src=\"\/\/www.youtube.com\/embed\/JSd0X11Muig\" width=\"560\" height=\"314\" allowfullscreen=\"allowfullscreen\" data-mce-fragment=\"1\"><\/iframe><\/p>\n<h1>Quelles sont les aides cumulables avec l&rsquo;AAH ?<\/h1>\n<h2><span id=\"La_prime_dactivite_et_lAAH\">La prime d\u2019activit\u00e9 et l\u2019AAH<\/span><\/h2>\n<p>Les b\u00e9n\u00e9ficiaires de l\u2019AAH exer\u00e7ant une activit\u00e9 professionnelle peuvent demander une prime d\u2019activit\u00e9. Les modalit\u00e9s d&rsquo;attribution et de calcul de cette aide peuvent varier en fonction des revenus que vous percevez. En 2025, le montant forfaitaire de la prime d\u2019activit\u00e9 pour une personne seule sans enfant est fix\u00e9 \u00e0<strong> 634,46 \u20ac.<br \/>\n<\/strong><\/p>\n<h2><span id=\"Le_RSA_et_lAAH\">Le RSA et l\u2019AAH<\/span><\/h2>\n<p><span class=\"sw\">Si<\/span> <span class=\"sw\">les<\/span> <span class=\"sw\">conditions<\/span> <span class=\"sw\">requises<\/span> <span class=\"sw\">(selon<\/span> <span class=\"sw\">votre<\/span> <span class=\"sw\">situation<\/span> <span class=\"sw\">individuelle)<\/span> <span class=\"sw\">sont<\/span> <span class=\"sw\">remplies,<\/span> <span class=\"sw\">il<\/span> <span class=\"sw\">est<\/span> <span class=\"sw\">possible<\/span> <span class=\"sw\">de<\/span> <span class=\"sw\">cumuler <\/span><span class=\"sw\">AAH<\/span> <span class=\"sw\">et<\/span> <span class=\"sw\">RSA<\/span> <span class=\"sw\">(mais<\/span> <span class=\"sw\">pas<\/span> <span class=\"sw\">les<\/span> <span class=\"sw\">deux<\/span> <span class=\"sw\">en<\/span> <span class=\"sw\">totalit\u00e9).<\/span> <span class=\"sw\">Le<\/span> <span class=\"sw\">montant<\/span> <span class=\"sw\">du<\/span> <span class=\"sw\">RSA<\/span> <span class=\"sw\">vient<\/span> <span class=\"sw\">en<\/span> <span class=\"sw\">d\u00e9duction<\/span> <span class=\"sw\">du<\/span> <span class=\"sw\">montant<\/span> <span class=\"sw\">de <\/span><span class=\"sw\">l\u2019AAH.<\/span><\/p>\n<h1>Vos questions, nos r\u00e9ponses<\/h1>\n<h2>Pourquoi les personnes touchant l\u2019AAH ne per\u00e7oivent pas la prime de No\u00ebl ?<\/h2>\n<p>Les b\u00e9n\u00e9ficiaires de l\u2019AAH (Allocation aux Adultes Handicap\u00e9s) ne figurent pas parmi les personnes \u00e9ligibles \u00e0 la prime de No\u00ebl. Le gouvernement justifie cette exclusion par le fait que l\u2019AAH fait d\u00e9j\u00e0 l\u2019objet de <strong>revalorisations r\u00e9guli\u00e8res<\/strong>, destin\u00e9es \u00e0 compenser le co\u00fbt de la vie. Selon les autorit\u00e9s, ces augmentations successives constituent un soutien financier p\u00e9renne qui rendrait <strong>inutile le versement d\u2019une aide ponctuelle<\/strong> comme la prime de No\u00ebl.<\/p>\n<h2>Une revalorisation suffisante pour remplacer la prime de No\u00ebl ?<\/h2>\n<p>Il est vrai que le montant de l\u2019AAH a progressivement augment\u00e9 ces derni\u00e8res ann\u00e9es, permettant une am\u00e9lioration du pouvoir d\u2019achat pour de nombreux b\u00e9n\u00e9ficiaires.<br \/>\nCependant, beaucoup de personnes concern\u00e9es estiment que cette revalorisation reste <strong>insuffisante<\/strong>, notamment face \u00e0 la hausse du co\u00fbt de la vie et aux d\u00e9penses suppl\u00e9mentaires li\u00e9es aux f\u00eates.<\/p>\n<p>Pour elles, une prime exceptionnelle de fin d\u2019ann\u00e9e pourrait repr\u00e9senter une aide bienvenue, en apportant un <strong>compl\u00e9ment ponctuel pour faire face aux besoins du quotidien<\/strong>.<\/p>\n<h2>Une \u00e9volution possible dans les prochaines ann\u00e9es ?<\/h2>\n<p>\u00c0 ce jour, le gouvernement n\u2019a <strong>pas pr\u00e9vu d\u2019\u00e9tendre la prime de No\u00ebl aux titulaires de l\u2019AAH<\/strong>. N\u00e9anmoins, plusieurs associations et collectifs de d\u00e9fense des droits des personnes handicap\u00e9es continuent de plaider pour cette \u00e9volution. Des p\u00e9titions, interpellations publiques et campagnes de sensibilisation sont r\u00e9guli\u00e8rement men\u00e9es pour attirer l\u2019attention sur cette in\u00e9galit\u00e9 de traitement.<\/p>\n<h2>Quelles aides pour les b\u00e9n\u00e9ficiaires de l\u2019AAH \u00e0 No\u00ebl ?<\/h2>\n<p>M\u00eame sans prime de No\u00ebl, certaines solutions locales ou solidaires existent pour apporter un coup de pouce aux b\u00e9n\u00e9ficiaires de l&rsquo;AAH :<\/p>\n<ul>\n<li>Les <strong>CCAS<\/strong> (centres communaux d\u2019action sociale) ou les mairies peuvent attribuer des bons alimentaires, colis ou ch\u00e8ques cadeaux ;<\/li>\n<li>Des <strong>associations<\/strong> <strong>caritatives<\/strong> comme le Secours populaire, la Croix-Rouge ou les Restos du C\u0153ur organisent des distributions sp\u00e9ciales de No\u00ebl ;<\/li>\n<li>Certaines <strong>fondations<\/strong> ou <strong>collectivit\u00e9s<\/strong> <strong>locales<\/strong> proposent des aides ponctuelles aux personnes en situation de handicap pendant l\u2019hiver.<\/li>\n<\/ul>\n<div class='cta-block'><div class='text'>Simulez toutes vos aides en 2 min.<\/div><a href='https:\/\/www.mes-allocs.fr\/ab-app?origin=guides\/wp-json\/wp\/v2\/posts\/13124' class='app-button fit'>Simulation gratuite<\/a><\/div>\n<div class=\"amp-wp-f80638e\" data-amp-original-style=\"clear:both\"><\/div>\n","protected":false},"excerpt":{"rendered":"<p>[Mis \u00e0 jour le 04\/12\/2025] La prime de No\u00ebl est une aide vers\u00e9e principalement aux personnes percevant le RSA, mais pas que. En effet, la prime de No\u00ebl est cumulable avec d&rsquo;autres aides, qui sont bien sp\u00e9cifiques. Alors, un\u00a0cumul AAH et prime de No\u00ebl est-il possible en 2025 ? On vous explique. Prime de No\u00ebl [&hellip;]<\/p>\n","protected":false},"author":7,"featured_media":13133,"comment_status":"open","ping_status":"open","sticky":false,"template":"","format":"standard","meta":{"amp_status":"","footnotes":""},"categories":[31,38913],"tags":[],"class_list":["post-13124","post","type-post","status-publish","format-standard","has-post-thumbnail","hentry","category-prime-de-noel","category-prime-de-noel-cumul"],"yoast_head":"<!-- This site is optimized with the Yoast SEO plugin v14.9 - https:\/\/yoast.com\/wordpress\/plugins\/seo\/ -->\n<title>Prime de No\u00ebl et AAH : peut-on les cumuler en 2025 ? | Mes-Allocs.fr<\/title>\n<meta name=\"description\" content=\"La prime de No\u00ebl et l&#039;AAH sont deux prestations vers\u00e9es sous conditions. Mais sont-elles cumulables en 2025 ? Mes Allocs vous explique.\" \/>\n<meta name=\"robots\" content=\"index, follow, max-snippet:-1, max-image-preview:large, max-video-preview:-1\" \/>\n<link rel=\"canonical\" href=\"https:\/\/www.mes-allocs.fr\/guides\/prime-de-noel\/prime-de-noel-cumul\/aah-et-prime-de-noel\/\" \/>\n<meta property=\"og:locale\" content=\"fr_FR\" \/>\n<meta property=\"og:type\" content=\"article\" \/>\n<meta property=\"og:title\" content=\"Prime de No\u00ebl et AAH : peut-on les cumuler en 2025 ? | Mes-Allocs.fr\" \/>\n<meta property=\"og:description\" content=\"La prime de No\u00ebl et l&#039;AAH sont deux prestations vers\u00e9es sous conditions. Mais sont-elles cumulables en 2025 ? Mes Allocs vous explique.\" \/>\n<meta property=\"og:url\" content=\"https:\/\/www.mes-allocs.fr\/guides\/prime-de-noel\/prime-de-noel-cumul\/aah-et-prime-de-noel\/\" \/>\n<meta property=\"og:site_name\" content=\"Mes-Allocs.fr\" \/>\n<meta property=\"article:published_time\" content=\"2020-09-28T07:26:34+00:00\" \/>\n<meta property=\"article:modified_time\" content=\"2025-12-04T17:32:31+00:00\" \/>\n<meta property=\"og:image\" content=\"https:\/\/www.mes-allocs.fr\/guides\/wp-content\/uploads\/2020\/09\/christmas-4704061_1280.jpg?wsr\" \/>\n\t<meta property=\"og:image:width\" content=\"1280\" \/>\n\t<meta property=\"og:image:height\" content=\"806\" \/>\n<meta name=\"twitter:card\" content=\"summary_large_image\" \/>\n<script type=\"application\/ld+json\" class=\"yoast-schema-graph\">{\"@context\":\"https:\/\/schema.org\",\"@graph\":[{\"@type\":\"WebSite\",\"@id\":\"https:\/\/www.mes-allocs.fr\/guides\/#website\",\"url\":\"https:\/\/www.mes-allocs.fr\/guides\/\",\"name\":\"Mes-Allocs.fr\",\"description\":\"\",\"potentialAction\":[{\"@type\":\"SearchAction\",\"target\":\"https:\/\/www.mes-allocs.fr\/guides\/?s={search_term_string}\",\"query-input\":\"required name=search_term_string\"}],\"inLanguage\":\"fr-FR\"},{\"@type\":\"ImageObject\",\"@id\":\"https:\/\/www.mes-allocs.fr\/guides\/prime-de-noel\/prime-de-noel-cumul\/aah-et-prime-de-noel\/#primaryimage\",\"inLanguage\":\"fr-FR\",\"url\":\"https:\/\/www.mes-allocs.fr\/guides\/wp-content\/uploads\/2020\/09\/christmas-4704061_1280.jpg?wsr\",\"width\":1280,\"height\":806,\"caption\":\"christmas 4704061 1280 e1600866765643\"},{\"@type\":\"WebPage\",\"@id\":\"https:\/\/www.mes-allocs.fr\/guides\/prime-de-noel\/prime-de-noel-cumul\/aah-et-prime-de-noel\/#webpage\",\"url\":\"https:\/\/www.mes-allocs.fr\/guides\/prime-de-noel\/prime-de-noel-cumul\/aah-et-prime-de-noel\/\",\"name\":\"Prime de No\\u00ebl et AAH : peut-on les cumuler en 2025 ? | Mes-Allocs.fr\",\"isPartOf\":{\"@id\":\"https:\/\/www.mes-allocs.fr\/guides\/#website\"},\"primaryImageOfPage\":{\"@id\":\"https:\/\/www.mes-allocs.fr\/guides\/prime-de-noel\/prime-de-noel-cumul\/aah-et-prime-de-noel\/#primaryimage\"},\"datePublished\":\"2020-09-28T07:26:34+00:00\",\"dateModified\":\"2025-12-04T17:32:31+00:00\",\"author\":{\"@id\":\"https:\/\/www.mes-allocs.fr\/guides\/#\/schema\/person\/1c4837d5703727cb02ce84583b5a44aa\"},\"description\":\"La prime de No\\u00ebl et l'AAH sont deux prestations vers\\u00e9es sous conditions. Mais sont-elles cumulables en 2025 ? Mes Allocs vous explique.\",\"inLanguage\":\"fr-FR\"},{\"@type\":\"Person\",\"@id\":\"https:\/\/www.mes-allocs.fr\/guides\/#\/schema\/person\/1c4837d5703727cb02ce84583b5a44aa\",\"name\":\"Fabiola\",\"image\":{\"@type\":\"ImageObject\",\"@id\":\"https:\/\/www.mes-allocs.fr\/guides\/#personlogo\",\"inLanguage\":\"fr-FR\",\"url\":\"https:\/\/www.mes-allocs.fr\/guides\/wp-content\/uploads\/2021\/06\/fabiola-150x150.png\",\"caption\":\"Fabiola\"},\"description\":\"Fabiola est r\\u00e9dactrice au sein de l'\\u00e9quipe Mes Allocs, sp\\u00e9cialis\\u00e9e en sciences politiques et affaires publiques. Dipl\\u00f4m\\u00e9e de l'HEIP, elle rejoint Mes Allocs apr\\u00e8s une premi\\u00e8re exp\\u00e9rience \\u00e0 l'Assembl\\u00e9e Nationale.\",\"sameAs\":[\"https:\/\/www.linkedin.com\/in\/cecilia-philippe-b-8a8085195\"]}]}<\/script>\n<!-- \/ Yoast SEO plugin. -->","amp_validity":null,"acf":{"faq":{"1":{"question":"Quand est-ce que la prime de No\u00ebl est vers\u00e9e ?","answer":"Pour 2025, la prime de No\u00ebl sera vers\u00e9 d\u00e8s\u00a0le 16 d\u00e9cembre 2025."},"2":{"question":"Qui a le droit \u00e0 la prime de No\u00ebl ?","answer":"Pour b\u00e9n\u00e9ficier de la prime exceptionnelle de fin d'ann\u00e9e, vous devez percevoir l'une des aides suivantes :\r\nLe RSA\r\nL'Allocation de Solidarit\u00e9 Sp\u00e9cifique"},"3":{"question":"Quel est le montant de la prime de No\u00ebl?","answer":"Si elle est vers\u00e9e par P\u00f4le Emploi, le montant de la prime de No\u00ebl est de 152,45 euros (identique pour tous les b\u00e9n\u00e9ficiaires.\r\nSi elles est vers\u00e9e par la CAF, son montant varie selon la composition du foyer :\r\n\r\nPersonne seule : 152,45 euros\r\nCouple sans enfants : 228,67 euros\r\nCouple avec 1 enfant : 274,41 euros"},"4":{"question":"Comment faire une demande de prime de No\u00ebl ? ","answer":"Vous n'avez aucune d\u00e9marches \u00e0 faire. Si vous \u00eates \u00e9ligible vous percevrez directement le versement d\u00e8s\u00a0le 16 d\u00e9cembre 2025."},"5":{"question":"Peut-on cumuler la prime de No\u00ebl et l'AAH ? ","answer":"Malheureusement non, ces deux aides ne sont pas cumulables."},"6":{"question":"Les ch\u00f4meurs ont-ils droit \u00e0 la prime de No\u00ebl ?","answer":"Si vous touchez l'Allocation de Retour \u00e0 l'Emploi (l'ARE c'est \u00e0 dire les allocations ch\u00f4mage), l'Allocation Adulte Handicap\u00e9 (l'AAH) ou encore le minimum vieillesse, vous n'avez malheureusement pas droit \u00e0 la prime de no\u00ebl."},"7":{"question":"","answer":""},"8":{"question":"","answer":""},"9":{"question":"","answer":""},"10":{"question":"","answer":""},"11":{"question":"","answer":""},"12":{"question":"","answer":""},"13":{"question":"","answer":""},"14":{"question":"","answer":""},"15":{"question":"","answer":""},"16":{"question":"","answer":""}}},"_links":{"self":[{"href":"https:\/\/www.mes-allocs.fr\/guides\/wp-json\/wp\/v2\/posts\/13124","targetHints":{"allow":["GET"]}}],"collection":[{"href":"https:\/\/www.mes-allocs.fr\/guides\/wp-json\/wp\/v2\/posts"}],"about":[{"href":"https:\/\/www.mes-allocs.fr\/guides\/wp-json\/wp\/v2\/types\/post"}],"author":[{"embeddable":true,"href":"https:\/\/www.mes-allocs.fr\/guides\/wp-json\/wp\/v2\/users\/7"}],"replies":[{"embeddable":true,"href":"https:\/\/www.mes-allocs.fr\/guides\/wp-json\/wp\/v2\/comments?post=13124"}],"version-history":[{"count":39,"href":"https:\/\/www.mes-allocs.fr\/guides\/wp-json\/wp\/v2\/posts\/13124\/revisions"}],"predecessor-version":[{"id":106408,"href":"https:\/\/www.mes-allocs.fr\/guides\/wp-json\/wp\/v2\/posts\/13124\/revisions\/106408"}],"wp:featuredmedia":[{"embeddable":true,"href":"https:\/\/www.mes-allocs.fr\/guides\/wp-json\/wp\/v2\/media\/13133"}],"wp:attachment":[{"href":"https:\/\/www.mes-allocs.fr\/guides\/wp-json\/wp\/v2\/media?parent=13124"}],"wp:term":[{"taxonomy":"category","embeddable":true,"href":"https:\/\/www.mes-allocs.fr\/guides\/wp-json\/wp\/v2\/categories?post=13124"},{"taxonomy":"post_tag","embeddable":true,"href":"https:\/\/www.mes-allocs.fr\/guides\/wp-json\/wp\/v2\/tags?post=13124"}],"curies":[{"name":"wp","href":"https:\/\/api.w.org\/{rel}","templated":true}]}}