{"id":13064,"date":"2020-09-28T08:02:28","date_gmt":"2020-09-28T08:02:28","guid":{"rendered":"https:\/\/www.mes-allocs.fr\/guides\/?p=13064"},"modified":"2025-07-16T10:57:01","modified_gmt":"2025-07-16T08:57:01","slug":"aif","status":"publish","type":"post","link":"https:\/\/www.mes-allocs.fr\/guides\/aide-formation\/aif-aide-formation\/aif\/","title":{"rendered":"Comment b\u00e9n\u00e9ficier de l&rsquo;AIF (Aide Individuelle \u00e0 la Formation) ?"},"content":{"rendered":"<p><a href=\"https:\/\/www.mes-allocs.fr\/guides\/wp-content\/uploads\/2020\/09\/pexels-fauxels-3184405.jpg\"><img loading=\"lazy\" decoding=\"async\" class=\"aligncenter wp-image-13074 size-full\" src=\"https:\/\/www.mes-allocs.fr\/guides\/wp-content\/uploads\/2020\/09\/pexels-fauxels-3184405-e1600692229908.jpg\" alt=\"Comment b\u00e9n\u00e9ficier de l' AIF (Aide Individuelle \u00e0 la Formation) ?\" width=\"1280\" height=\"521\" srcset=\"https:\/\/www.mes-allocs.fr\/guides\/wp-content\/uploads\/2020\/09\/pexels-fauxels-3184405-e1600692229908.jpg 1280w, https:\/\/www.mes-allocs.fr\/guides\/wp-content\/uploads\/2020\/09\/pexels-fauxels-3184405-e1600692229908-300x122.jpg 300w, https:\/\/www.mes-allocs.fr\/guides\/wp-content\/uploads\/2020\/09\/pexels-fauxels-3184405-e1600692229908-1024x417.jpg 1024w, https:\/\/www.mes-allocs.fr\/guides\/wp-content\/uploads\/2020\/09\/pexels-fauxels-3184405-e1600692229908-768x313.jpg 768w, https:\/\/www.mes-allocs.fr\/guides\/wp-content\/uploads\/2020\/09\/pexels-fauxels-3184405-e1600692229908-600x244.jpg 600w\" sizes=\"auto, (max-width: 1280px) 100vw, 1280px\" \/><\/a><\/p>\n<p><strong>L&rsquo;AIF est une des aides \u00e0 la formation qui est r\u00e9serv\u00e9e aux demandeurs d&#8217;emploi. Vous pouvez en faire la demande lorsque les autres dispositifs existants de financement ne peuvent pas prendre en charge votre projet de formation. Mes Allocs vous explique tout sur l&rsquo;AIF, sur ses conditions d\u2019attribution et les formations prises en charge.<\/strong><\/p>\n<div class='cta-block'><div class='text'>Simulez toutes vos aides en 2 min.<\/div><a href='https:\/\/www.mes-allocs.fr\/ab-app?origin=guides\/wp-json\/wp\/v2\/posts\/13064' class='app-button fit'>Simulation gratuite<\/a><\/div>\n<h1>Qu&rsquo;est-ce que l&rsquo;AIF ?<\/h1>\n<p>L&rsquo;AIF (Aide Individuelle \u00e0 la Formation)\u00a0 est \u00a0aide particuli\u00e8re mobilis\u00e9e par P\u00f4le emploi dont vous pouvez b\u00e9n\u00e9ficier si vous \u00eates demandeur d&#8217;emploi. Vous pouvez en faire la demande lorsqu&rsquo;aucun autre dispositif ne peut venir financer les frais d\u2019une formation en coh\u00e9rence avec un projet professionnel ou une reconversion professionnelle.<\/p>\n<p>Le but de cette formation est de combler la diff\u00e9rence entre vos comp\u00e9tences et les exigences du march\u00e9 du travail.<\/p>\n<h2>Conditions d\u2019attribution<\/h2>\n<p><strong>Si vous b\u00e9n\u00e9ficier de cette aide \u00e0 la formation professionnelle, cette derni\u00e8re doit service \u00e0 :\u00a0\u00a0<\/strong><\/p>\n<ul>\n<li>Compl\u00e9ter le financement accord\u00e9 par Op\u00e9rateur de comp\u00e9tences (Opco) ;<\/li>\n<li>Contribuer au financement d\u2019une formation du secteur sanitaire et social dont l&rsquo;acc\u00e8s r\u00e9sulte de la r\u00e9ussite \u00e0 un concours;<\/li>\n<li>\u00a0financer le stage obligatoire de pr\u00e9paration \u00e0 l\u2019installation d\u2019un futur artisan ;<\/li>\n<li>Compl\u00e9ter le financement d\u2019une formation initi\u00e9e dans le cadre du Compte personnel de formation \u00a0;<\/li>\n<li>Financer une formation non couverte par les achats de formations de P\u00f4le emploi ou du Conseil r\u00e9gional ;<\/li>\n<li>Financer une formation compl\u00e9mentaire dans le cadre d\u2019une Validation des acquis de l\u2019exp\u00e9rience (VAE) ;<\/li>\n<li>Financer un Bilan de comp\u00e9tences ;<\/li>\n<li>Garantir un projet de formation port\u00e9 par le demandeur d\u2019emploi et inscrit au PPAE.<\/li>\n<\/ul>\n<p>A noter : l&rsquo;AIF permet uniquement la prise en charge des frais p\u00e9dagogiques (hors frais de dossier, d&rsquo;achat de mat\u00e9riel, d&rsquo;inscription aux examens, etc.). Elle est vers\u00e9e directement \u00e0 l&rsquo;organisme de formation.<\/p>\n<h2>Qui est \u00e9ligible \u00e0 l&rsquo;AIF ?<\/h2>\n<p><strong>Vous pouvez b\u00e9n\u00e9ficier d&rsquo; une aide \u00e0 la formation si vous \u00eates :<\/strong><\/p>\n<ul>\n<li>Demandeur d&#8217;emploi et que votre dossier est suivi par P\u00f4le Emploi<\/li>\n<li>B\u00e9n\u00e9ficiaire de la Convention de reclassement personnalis\u00e9 (CRP), du Contrat de transition professionnelle (CTP) ou du Contrat de s\u00e9curisation professionnelle (CSP).<\/li>\n<li>Vous ne pouvez pas b\u00e9n\u00e9ficier de l\u2019AFPR.<\/li>\n<li>Vous ne pouvez pas b\u00e9n\u00e9ficier de la POE.<\/li>\n<\/ul>\n<p>Votre formation doit avoir une vis\u00e9e professionnelle, il peut s&rsquo;agir d&rsquo;un titre professionnel ou d&rsquo;un Master par exemple, ces derniers doivent vous permettre de d\u00e9boucher sur un emploi par la suite.<\/p>\n<p>Sa dur\u00e9e doit \u00eatre comprise\u00a0<b>entre\u00a0<\/b><b>1 et 3 ans maximum<\/b>. Il vous est \u00e9galement possible de suivre une formation \u00e0 distance ou une formation ouverte (FOAD).<\/p>\n<div class='cta-block'><div class='text'>Simulez toutes vos aides en 2 min.<\/div><a href='https:\/\/www.mes-allocs.fr\/ab-app?origin=guides\/wp-json\/wp\/v2\/posts\/13064' class='app-button fit'>Simulation gratuite<\/a><\/div>\n<h1>Quelles sont les formations concern\u00e9es par l&rsquo;AIF\u00a0?<\/h1>\n<aside class=\"bloc_notes grid\">\n<h2 class=\"note\"><strong>AIF \u00ab\u00a0r\u00e9ussite concours\u00a0\u00bb<\/strong><\/h2>\n<p>Lorsqu&rsquo;un accord est pris au niveau r\u00e9gional entre le conseil r\u00e9gional et P\u00f4le emploi. Les conditions requises sont :<\/p>\n<ul>\n<li>\u00eatre inscrit \u00e0 la recherche d&rsquo;un CDI \u00e0 temps plein ou \u00e0 temps partiel depuis au moins six mois<\/li>\n<li>sortir d&rsquo;un contrat aid\u00e9\u00a0type (CIE-CAE) ou d&rsquo;un parcours emploi comp\u00e9tences (PEC)<\/li>\n<li>si la formation est de niveau BAC + 2 et plus, de d\u00e9montrer d&rsquo;au moins deux ann\u00e9es d&rsquo;activit\u00e9 professionnelle \u00e0 temps plein<\/li>\n<\/ul>\n<h2><strong>AIF artisan<\/strong><\/h2>\n<p>Il s&rsquo;agit d&rsquo;une aide qui est attribu\u00e9e pour les stages pr\u00e9paratoires \u00e0 l&rsquo;installation des artisans. Pour ce faire, aucune aide r\u00e9gionale \u00e9quivalente ne doit exister. Les conditions requises : \u00eatre inscrit \u00e0 la recherche d&rsquo;un CDI \u00e0 temps plein ou \u00e0 temps partiel depuis six mois voire plus ou de sortir d&rsquo;un contrat aid\u00e9.<\/p>\n<p>&nbsp;<\/p>\n<ul>\n<li>Des\u00a0formations non couvertes par les achats de formation\u00a0de P\u00f4le emploi ou du conseil r\u00e9gional. Pour ce faire, il faut que la d\u00e9marche soit en ad\u00e9quation avec le projet personnalis\u00e9 d&rsquo;acc\u00e8s \u00e0 l&#8217;emploi (PPAE).<\/li>\n<li>Les\u00a0formations post jury validation des acquis de l&rsquo;exp\u00e9rience\u00a0(VAE) lorsque la certification vis\u00e9e n&rsquo;a \u00e9t\u00e9 qu&rsquo;en partie valid\u00e9e. La formation doit se d\u00e9rouler dans un d\u00e9lai imparti des cinq ann\u00e9es maximum \u00e0 compter de la date de notification du jury.<\/li>\n<li>Les formations relevant du PPAE\u00a0qu&rsquo;aucune autre modalit\u00e9 de financement ne permet de satisfaire (AFC, AFPR, POE individuelle, autres cas d&rsquo;AIF). Les projets de formation seront trait\u00e9s individuellement.<\/li>\n<\/ul>\n<div class='cta-block'><div class='text'>Simulez toutes vos aides en 2 min.<\/div><a href='https:\/\/www.mes-allocs.fr\/ab-app?origin=guides\/wp-json\/wp\/v2\/posts\/13064' class='app-button fit'>Simulation gratuite<\/a><\/div>\n<h2><strong>AIF \u00ab\u00a0CRP\/CTP\/CSP\u00a0\u00bb<\/strong><\/h2>\n<ul>\n<li>Les\u00a0CRP\u00a0(convention de reclassement personnalis\u00e9),\u00a0CTP\u00a0(contrat de transition professionnelle),\u00a0CSP\u00a0(contrat de s\u00e9curisation professionnelle).<\/li>\n<li>Les formations cofinanc\u00e9es avec des OPCO (ex-OPCA) ou des formations dont le financement a d\u00e9j\u00e0 \u00e9t\u00e9 obtenu si vous \u00eates salari\u00e9.<\/li>\n<li>L&rsquo;aide peut aussi couvrir les frais concernant les p\u00e9riodes de formation se prolongeant au-del\u00e0 de la prise en charge du premier financeur de la formation.<\/li>\n<\/ul>\n<p><iframe loading=\"lazy\" title=\"Les aides \u00e0 la formation\" width=\"500\" height=\"281\" src=\"https:\/\/www.youtube.com\/embed\/gs3ZRHqtzmY?feature=oembed\" frameborder=\"0\" allow=\"accelerometer; autoplay; clipboard-write; encrypted-media; gyroscope; picture-in-picture; web-share\" referrerpolicy=\"strict-origin-when-cross-origin\" allowfullscreen><\/iframe><\/p>\n<\/aside>\n<h1>Quel est le montant de l&rsquo;aide ?<\/h1>\n<p>L&rsquo;AIF prend en charge la totalit\u00e9 du co\u00fbt de formation qui reste \u00e0 votre charge, c&rsquo;est-\u00e0-dire apr\u00e8s intervention d&rsquo;autres organismes financiers. L&rsquo;AIF est vers\u00e9e directement \u00e0 l&rsquo;organisme de formation par P\u00f4le Emploi.<\/p>\n<p>Le montant de l&rsquo;aide individuelle \u00e0 la formation varie selon chaque demandeur d&#8217;emploi. Il doit \u00eatre \u00e9quivalent au co\u00fbt de la formation sans pour autant d\u00e9passer les 8 000 euros. Dans le cas d&rsquo;un contrat de s\u00e9curisation, l&rsquo;aide ne peut exc\u00e9der les 5 000 euros.<\/p>\n<p>\u00c0 noter : Vous pouvez \u00e9galement b\u00e9n\u00e9ficier d&rsquo;une prise en charge d&rsquo;une partie des frais de d\u00e9placement li\u00e9s \u00e0 la formation (transport, restauration, h\u00e9bergement) est \u00e9galement possible gr\u00e2ce \u00e0 l&rsquo;aide aux frais associ\u00e9s \u00e0 la formation (AFAF).<\/p>\n<p><strong>L&rsquo;AIF ne finance pas :\u00a0<\/strong><\/p>\n<ul>\n<li>les frais d\u2019inscription \u00e0 la formation envisag\u00e9e,<\/li>\n<li>l\u2019achat de mat\u00e9riel,<\/li>\n<li>l\u2019inscription \u00e0 un examen ou un concours.<\/li>\n<\/ul>\n<h1>R\u00e9mun\u00e9ration<\/h1>\n<p><strong>La r\u00e9mun\u00e9ration que vous percevrez d\u00e9pendra de votre situation :\u00a0<\/strong><\/p>\n<ul class=\"spip\">\n<li>L\u2019allocation d\u2019aide au retour \u00e0 l\u2019emploi formation (AREF), si vous \u00eates indemnis\u00e9 au titre de l\u2019allocation d\u2019aide au retour \u00e0 l\u2019emploi (ARE)<\/li>\n<li>La r\u00e9mun\u00e9ration de fin de formation (RFF), si vous avez \u00e9puis\u00e9 vos droits \u00e0 l\u2019ARE ou \u00e0 l\u2019allocation de s\u00e9curisation professionnelle (ASP), au cours de la formation financ\u00e9e dans le cadre de l\u2019AIF<\/li>\n<li>La r\u00e9mun\u00e9ration de formation de P\u00f4le emploi (RFPE), dans les autres cas<\/li>\n<\/ul>\n<div class='cta-block'><div class='text'>Simulez toutes vos aides en 2 min.<\/div><a href='https:\/\/www.mes-allocs.fr\/ab-app?origin=guides\/wp-json\/wp\/v2\/posts\/13064' class='app-button fit'>Simulation gratuite<\/a><\/div>\n<h1>Combien de temps dure le dispositif AIF ?<\/h1>\n<p>En r\u00e8gle g\u00e9n\u00e9rale, le dispositif AIF dure 1 an. Dans des cas exceptionnels, le dispositif peut vous \u00eatre attribu\u00e9 au-del\u00e0 de cette date, mais l&rsquo; action de formation ne doit pas d\u00e9passer 3 ans.<\/p>\n<h1>Comment faire une demande d&rsquo;AIF aupr\u00e8s de P\u00f4le Emploi ?<\/h1>\n<p>Pour faire votre demande vous devez vous adresser \u00e0 votre conseiller P\u00f4le Emploi. Dans certaines r\u00e9gions il est possible par des organismes r\u00e9gionaux ou missions locales qui transmettent le dossier \u00e0 P\u00f4le emploi. Le formulaire est \u00e9galement disponible sur le portail KAIROS.<\/p>\n<p>Pour b\u00e9n\u00e9ficier de cette aide, vous ne devez pas avoir obtenu de dipl\u00f4me depuis deux ans et ne devez pas avoir b\u00e9n\u00e9fici\u00e9 de formations financ\u00e9es par P\u00f4le emploi ou la r\u00e9gion au cours de l&rsquo;ann\u00e9e \u00e9coul\u00e9e.<\/p>\n<p>\u00c0 noter : votre dossier doit \u00eatre d\u00e9pos\u00e9 15 jours avant le d\u00e9but de votre formation. <strong>Votre dossier devra \u00eatre sign\u00e9<\/strong> par :<\/p>\n<ul class=\"spip\">\n<li>l\u2019organisme de formation prestataire de la formation pour laquelle l\u2019aide individuelle \u00e0 la formation est demand\u00e9e\u00a0;<\/li>\n<li>le repr\u00e9sentant de P\u00f4le emploi, avant le premier jour de la formation.<\/li>\n<\/ul>\n<h2>Composition du dossier<\/h2>\n<p>Pour faire votre dossier de demande d&rsquo;AIF, vous devez fournir certains documents comprenant un\u00a0CV, une\u00a0lettre de motivation, mais \u00e9galement au moins deux devis nominatifs<\/p>\n<div class='cta-block'><div class='text'>Simulez toutes vos aides en 2 min.<\/div><a href='https:\/\/www.mes-allocs.fr\/ab-app?origin=guides\/wp-json\/wp\/v2\/posts\/13064' class='app-button fit'>Simulation gratuite<\/a><\/div>\n","protected":false},"excerpt":{"rendered":"<p>L&rsquo;AIF est une des aides \u00e0 la formation qui est r\u00e9serv\u00e9e aux demandeurs d&#8217;emploi. Vous pouvez en faire la demande lorsque les autres dispositifs existants de financement ne peuvent pas prendre en charge votre projet de formation. Mes Allocs vous explique tout sur l&rsquo;AIF, sur ses conditions d\u2019attribution et les formations prises en charge. Qu&rsquo;est-ce [&hellip;]<\/p>\n","protected":false},"author":7,"featured_media":13074,"comment_status":"open","ping_status":"open","sticky":false,"template":"","format":"standard","meta":{"amp_status":"","footnotes":""},"categories":[2045,2868],"tags":[],"class_list":["post-13064","post","type-post","status-publish","format-standard","has-post-thumbnail","hentry","category-aide-formation","category-aif-aide-formation"],"yoast_head":"<!-- This site is optimized with the Yoast SEO plugin v14.9 - https:\/\/yoast.com\/wordpress\/plugins\/seo\/ -->\n<title>Comment b\u00e9n\u00e9ficier de l&#039;AIF (Aide Individuelle \u00e0 la Formation) ?<\/title>\n<meta name=\"description\" content=\"L&#039;AIF est une aide qui peut vous \u00eatre attribu\u00e9e si vous \u00eates en reconvertion ou en demande d&#039;emploi. Mes Allocs vous explique tout ici !\" \/>\n<meta name=\"robots\" content=\"index, follow, max-snippet:-1, max-image-preview:large, max-video-preview:-1\" \/>\n<link rel=\"canonical\" href=\"https:\/\/www.mes-allocs.fr\/guides\/aide-formation\/aif-aide-formation\/aif\/\" \/>\n<meta property=\"og:locale\" content=\"fr_FR\" \/>\n<meta property=\"og:type\" content=\"article\" \/>\n<meta property=\"og:title\" content=\"Comment b\u00e9n\u00e9ficier de l&#039;AIF (Aide Individuelle \u00e0 la Formation) ?\" \/>\n<meta property=\"og:description\" content=\"L&#039;AIF est une aide qui peut vous \u00eatre attribu\u00e9e si vous \u00eates en reconvertion ou en demande d&#039;emploi. Mes Allocs vous explique tout ici !\" \/>\n<meta property=\"og:url\" content=\"https:\/\/www.mes-allocs.fr\/guides\/aide-formation\/aif-aide-formation\/aif\/\" \/>\n<meta property=\"og:site_name\" content=\"Mes-Allocs.fr\" \/>\n<meta property=\"article:published_time\" content=\"2020-09-28T08:02:28+00:00\" \/>\n<meta property=\"article:modified_time\" content=\"2025-07-16T08:57:01+00:00\" \/>\n<meta property=\"og:image\" content=\"https:\/\/www.mes-allocs.fr\/guides\/wp-content\/uploads\/2020\/09\/pexels-fauxels-3184405-e1600692229908.jpg?wsr\" \/>\n\t<meta property=\"og:image:width\" content=\"1280\" \/>\n\t<meta property=\"og:image:height\" content=\"521\" \/>\n<meta name=\"twitter:card\" content=\"summary_large_image\" \/>\n<script type=\"application\/ld+json\" class=\"yoast-schema-graph\">{\"@context\":\"https:\/\/schema.org\",\"@graph\":[{\"@type\":\"WebSite\",\"@id\":\"https:\/\/www.mes-allocs.fr\/guides\/#website\",\"url\":\"https:\/\/www.mes-allocs.fr\/guides\/\",\"name\":\"Mes-Allocs.fr\",\"description\":\"\",\"potentialAction\":[{\"@type\":\"SearchAction\",\"target\":\"https:\/\/www.mes-allocs.fr\/guides\/?s={search_term_string}\",\"query-input\":\"required name=search_term_string\"}],\"inLanguage\":\"fr-FR\"},{\"@type\":\"ImageObject\",\"@id\":\"https:\/\/www.mes-allocs.fr\/guides\/aide-formation\/aif-aide-formation\/aif\/#primaryimage\",\"inLanguage\":\"fr-FR\",\"url\":\"https:\/\/www.mes-allocs.fr\/guides\/wp-content\/uploads\/2020\/09\/pexels-fauxels-3184405-e1600692229908.jpg?wsr\",\"width\":1280,\"height\":521,\"caption\":\"pexels fauxels 3184405 e1600692229908\"},{\"@type\":\"WebPage\",\"@id\":\"https:\/\/www.mes-allocs.fr\/guides\/aide-formation\/aif-aide-formation\/aif\/#webpage\",\"url\":\"https:\/\/www.mes-allocs.fr\/guides\/aide-formation\/aif-aide-formation\/aif\/\",\"name\":\"Comment b\\u00e9n\\u00e9ficier de l'AIF (Aide Individuelle \\u00e0 la Formation) ?\",\"isPartOf\":{\"@id\":\"https:\/\/www.mes-allocs.fr\/guides\/#website\"},\"primaryImageOfPage\":{\"@id\":\"https:\/\/www.mes-allocs.fr\/guides\/aide-formation\/aif-aide-formation\/aif\/#primaryimage\"},\"datePublished\":\"2020-09-28T08:02:28+00:00\",\"dateModified\":\"2025-07-16T08:57:01+00:00\",\"author\":{\"@id\":\"https:\/\/www.mes-allocs.fr\/guides\/#\/schema\/person\/1c4837d5703727cb02ce84583b5a44aa\"},\"description\":\"L'AIF est une aide qui peut vous \\u00eatre attribu\\u00e9e si vous \\u00eates en reconvertion ou en demande d'emploi. Mes Allocs vous explique tout ici !\",\"inLanguage\":\"fr-FR\"},{\"@type\":\"Person\",\"@id\":\"https:\/\/www.mes-allocs.fr\/guides\/#\/schema\/person\/1c4837d5703727cb02ce84583b5a44aa\",\"name\":\"Fabiola\",\"image\":{\"@type\":\"ImageObject\",\"@id\":\"https:\/\/www.mes-allocs.fr\/guides\/#personlogo\",\"inLanguage\":\"fr-FR\",\"url\":\"https:\/\/www.mes-allocs.fr\/guides\/wp-content\/uploads\/2021\/06\/fabiola-150x150.png\",\"caption\":\"Fabiola\"},\"description\":\"Fabiola est r\\u00e9dactrice au sein de l'\\u00e9quipe Mes Allocs, sp\\u00e9cialis\\u00e9e en sciences politiques et affaires publiques. Dipl\\u00f4m\\u00e9e de l'HEIP, elle rejoint Mes Allocs apr\\u00e8s une premi\\u00e8re exp\\u00e9rience \\u00e0 l'Assembl\\u00e9e Nationale.\",\"sameAs\":[\"https:\/\/www.linkedin.com\/in\/cecilia-philippe-b-8a8085195\"]}]}<\/script>\n<!-- \/ Yoast SEO plugin. -->","amp_validity":null,"acf":{"faq":{"1":{"question":"Comment b\u00e9n\u00e9ficier de l'AIF ?","answer":"Pour acc\u00e9der au dispositif, il faut \u00eatre inscrit en tant que demandeur d'emploi, sans condition d'indemnisation, \u00eatre accompagn\u00e9 au titre d'un contrat de s\u00e9curisation professionnelle (CSP) et ne pas pouvoir b\u00e9n\u00e9ficier de la POE ou de l'AFPR."},"2":{"question":"Comment se faire rembourser frais d\u00e9placement P\u00f4le emploi ?","answer":"Votre demande doit \u00eatre effectu\u00e9e directement sur le site P\u00f4le Emploi. Dans votre espace personnel, rubrique Mes Aides : avant le d\u00e9placement pour un entretien d'embauche, un concours public ou une prestation P\u00f4le emploi et jusqu'\u00e0 7 jours calendaires"},"3":{"question":"L'AIF qu'est-ce que c'est ? ","answer":"L'AIF est une aide \u00e0 la reprise d'un emploi dans le cadre d'un changement d'orientation ou de l'obtention d'un titre de formation"},"4":{"question":"Combien de temps dure l'AIF ? ","answer":"L'AIF est g\u00e9n\u00e9ralement attribu\u00e9e pour 1 an. Vous pouvez en b\u00e9n\u00e9ficier pour 3 ans maximum."},"5":{"question":"Puis-je b\u00e9n\u00e9ficier de l'AIF si je suis en Master ? ","answer":"Le Master est une des formations qui est prise en charge par l'AIF. Si cela a pour but de d\u00e9boucher sur un emploi"},"6":{"question":"Est-ce que l'AIF prend en charge des frais de transport ? ","answer":"Oui, l'AIF prend en charge des frais li\u00e9s aux transports mais \u00e9galement au logement et \u00e0 la restauration "},"7":{"question":"","answer":""},"8":{"question":"","answer":""},"9":{"question":"","answer":""},"10":{"question":"","answer":""},"11":{"question":"","answer":""},"12":{"question":"","answer":""},"13":{"question":"","answer":""},"14":{"question":"","answer":""},"15":{"question":"","answer":""},"16":{"question":"","answer":""}}},"_links":{"self":[{"href":"https:\/\/www.mes-allocs.fr\/guides\/wp-json\/wp\/v2\/posts\/13064","targetHints":{"allow":["GET"]}}],"collection":[{"href":"https:\/\/www.mes-allocs.fr\/guides\/wp-json\/wp\/v2\/posts"}],"about":[{"href":"https:\/\/www.mes-allocs.fr\/guides\/wp-json\/wp\/v2\/types\/post"}],"author":[{"embeddable":true,"href":"https:\/\/www.mes-allocs.fr\/guides\/wp-json\/wp\/v2\/users\/7"}],"replies":[{"embeddable":true,"href":"https:\/\/www.mes-allocs.fr\/guides\/wp-json\/wp\/v2\/comments?post=13064"}],"version-history":[{"count":9,"href":"https:\/\/www.mes-allocs.fr\/guides\/wp-json\/wp\/v2\/posts\/13064\/revisions"}],"predecessor-version":[{"id":102310,"href":"https:\/\/www.mes-allocs.fr\/guides\/wp-json\/wp\/v2\/posts\/13064\/revisions\/102310"}],"wp:featuredmedia":[{"embeddable":true,"href":"https:\/\/www.mes-allocs.fr\/guides\/wp-json\/wp\/v2\/media\/13074"}],"wp:attachment":[{"href":"https:\/\/www.mes-allocs.fr\/guides\/wp-json\/wp\/v2\/media?parent=13064"}],"wp:term":[{"taxonomy":"category","embeddable":true,"href":"https:\/\/www.mes-allocs.fr\/guides\/wp-json\/wp\/v2\/categories?post=13064"},{"taxonomy":"post_tag","embeddable":true,"href":"https:\/\/www.mes-allocs.fr\/guides\/wp-json\/wp\/v2\/tags?post=13064"}],"curies":[{"name":"wp","href":"https:\/\/api.w.org\/{rel}","templated":true}]}}