{"id":12946,"date":"2020-09-21T12:05:37","date_gmt":"2020-09-21T12:05:37","guid":{"rendered":"https:\/\/www.mes-allocs.fr\/guides\/?p=12946"},"modified":"2026-01-27T17:47:36","modified_gmt":"2026-01-27T16:47:36","slug":"locapass-ou-visale","status":"publish","type":"post","link":"https:\/\/www.mes-allocs.fr\/guides\/aide-logement\/garantie-visale\/locapass-ou-visale\/","title":{"rendered":"La garantie Loca pass ou la garantie Visale en 2026 ?"},"content":{"rendered":"<p><a href=\"https:\/\/www.mes-allocs.fr\/guides\/wp-content\/uploads\/2020\/09\/pexels-karolina-grabowska-4506231.jpg\"><img loading=\"lazy\" decoding=\"async\" class=\"aligncenter wp-image-12976 size-full\" src=\"https:\/\/www.mes-allocs.fr\/guides\/wp-content\/uploads\/2020\/09\/pexels-karolina-grabowska-4506231-e1600348541757.jpg\" alt=\"La garantie loca pass et visale\" width=\"1280\" height=\"489\" \/><\/a><\/p>\n<p style=\"text-align: justify;\">[Mis \u00e0 jour le 27\/01\/2026] Les garanties <strong>Visale et Loca-pass<\/strong> sont deux dispositifs mis en place par Action Logement. Principalement destin\u00e9es aux jeunes de moins de 30 ans, ces garanties ont des conditions d&rsquo;attribution bien distinctes. Mes Allocs vous explique tout sur ces deux dispositifs, qui constituent des <a href=\"https:\/\/www.mes-allocs.fr\/guides\/aide-logement\/\">aides au logement<\/a>.<\/p>\n<div class='cta-block'><div class='text'>Simulez toutes vos aides en 2 min.<\/div><a href='https:\/\/www.mes-allocs.fr\/ab-app?origin=guides\/wp-json\/wp\/v2\/posts\/12946' class='app-button fit'>Simulation gratuite<\/a><\/div>\n<hr \/>\n<h1>La garantie Visale remplace la garantie Loca-Pass<\/h1>\n<p style=\"text-align: justify;\">La garantie Loca-Pass ne peut plus \u00eatre souscrite depuis mai 2019. Elle a \u00e9t\u00e9 remplac\u00e9e par la garantie Visale. Celle-ci est \u00e9galement propos\u00e9e par Action Logement, et permet ainsi d\u2019avoir un garant.Elle permet au locataire de trouver un logement plus facilement en rassurant les propri\u00e9taires.<\/p>\n<h2>Peut-on cumuler Visale et Loca-Pass ?<\/h2>\n<p style=\"text-align: justify;\">Non, il est impossible de b\u00e9n\u00e9ficier \u00e0 la fois de la garantie Visale et de la garantie Loca-pass pour un m\u00eame logement. En revanche, vous pouvez b\u00e9n\u00e9ficier de l&rsquo;avance Loca-Pass pour financer le d\u00e9p\u00f4t de garantie vers\u00e9 au moment de la signature du bail si vous b\u00e9n\u00e9ficiez de la garantie Visale.<\/p>\n<p style=\"text-align: justify;\">\u00c0 noter : La garantie Visale est d\u00e9sormais le seul dispositif qui se porte garante pour les \u00e9tudiants \u00e0 la recherche d&rsquo;un logement. Seule la garantie Visale peut \u00eatre accord\u00e9e aux \u00e9tudiants sans revenus. Avec une avance Loca-Pass, vous n&rsquo;avez pas \u00e0 avancer le d\u00e9p\u00f4t de garanti exig\u00e9 par votre bailleur.<\/p>\n<div class='cta-block'><div class='text'>Simulez toutes vos aides en 2 min.<\/div><a href='https:\/\/www.mes-allocs.fr\/ab-app?origin=guides\/wp-json\/wp\/v2\/posts\/12946' class='app-button fit'>Simulation gratuite<\/a><\/div>\n<h1>L&rsquo;ancienne garantie Loca-pass<\/h1>\n<p style=\"text-align: justify;\">La garantie Loca-pass (\u00e0 ne pas confondre avec l&rsquo;Avance) n&rsquo;est plus propos\u00e9e par Action Logement depuis mai 2019. Elle couvrait jusqu&rsquo;\u00e0 9 mensualit\u00e9s de loyers. Elle est aujourd&rsquo;hui totalement remplac\u00e9e par la garantie Visale pour tous les nouveaux contrats de location.<\/p>\n<p style=\"text-align: justify;\">Pour obtenir l&rsquo;aide Loca-pass, vous deviez faire votre demande sur www.locapass.actionlogement.fr et renseigner toutes les informations demand\u00e9es. Une fois la demande compl\u00e9t\u00e9e, vous recevrez une r\u00e9ponse sous 8 jours.<\/p>\n<h2>Conditions d&rsquo;attribution<\/h2>\n<p>Deux types de personnes sont \u00e9ligibles \u00e0 l\u2019avance Loca-Pass : les salari\u00e9s du secteur priv\u00e9 (y compris agricole) et les jeunes de moins de 30 ans (\u00e9tudiants, apprentis ou en recherche d&#8217;emploi) r\u00e9pondant \u00e0 au moins un de ces crit\u00e8res :<\/p>\n<ul>\n<li>Les \u00e9tudiants\u00a0en\u00a0formation professionnelle\u00a0dans une entreprise<\/li>\n<li>Les \u00e9tudiants ayant sign\u00e9 une\u00a0convention de stage d&rsquo;au moins 3 mois en cours<\/li>\n<li>Les \u00e9tudiants titulaires d&rsquo;un\u00a0CDD d&rsquo;une dur\u00e9e minimale de 3 mois en cours, et ceux justifiant de\u00a03 mois de travail au cours des 6 derniers mois<\/li>\n<li>Les \u00e9tudiants salari\u00e9s ayant le statut d\u2019\u00e9tudiant boursier<\/li>\n<li>Les personnes en recherche d\u2019emploi<\/li>\n<\/ul>\n<h2>Avantages de la garantie Loca-Pass<\/h2>\n<p>Un locataire peut :<\/p>\n<ul>\n<li>se voir accorder la garantie VISALE sans b\u00e9n\u00e9ficier de l\u2019avance LOCA-PASS ;<\/li>\n<li>cumuler la garantie VISALE avec une avance LOCA-PASS.<\/li>\n<\/ul>\n<div class='cta-block'><div class='text'>Simulez toutes vos aides en 2 min.<\/div><a href='https:\/\/www.mes-allocs.fr\/ab-app?origin=guides\/wp-json\/wp\/v2\/posts\/12946' class='app-button fit'>Simulation gratuite<\/a><\/div>\n<h1>La garantie Visale<\/h1>\n<p style=\"text-align: justify;\">La garantie VISALE (Visa pour le Logement et l&rsquo;Emploi), mise en plage par Action Logement, est destin\u00e9e aux jeunes de moins de 30 ans (\u00e9tudiants par exemple) ne disposant pas de garant afin de les aider \u00e0 trouver un logement. Cette garantie est valable que vous soyez dans un logement du parc priv\u00e9 ou logement social.<\/p>\n<p>Vous \u00eates \u00e9ligible \u00e0 la garantie Visale jusqu\u2019\u00e0 vos 30 ans. Si vous \u00eates \u00e9tudiant ou alternant, vous \u00eates \u00e9ligible sans justification de ressources, dans la limite d&rsquo;un loyer de 680 \u20ac (1 000 \u20ac en \u00cele-de-France et 840 \u20ac dans les agglom\u00e9ration de 100 000 habitants minimum).<\/p>\n<p style=\"text-align: justify;\">Gr\u00e2ce \u00e0 cette garantie, vous b\u00e9n\u00e9ficiez d&rsquo;un garant gratuitement. Cela vous permet d&rsquo;\u00eatre couvert en cas d&rsquo;impay\u00e9s. En effet, si vous \u00eates en d\u00e9faut de paiements, Action Logement prend en charge loyers et charges comprises. Par la suite, vous devrez proc\u00e9der au remboursement de ces sommes. Action Logement peut mettre en place un \u00e9ch\u00e9ancier pour vous \u00e9viter d&rsquo;avoir \u00e0 tout rembourser en une seule fois.<\/p>\n<p>Pour faire votre demande de garantie Visale vous devez vous rendre sur le site internet Visale.fr et cr\u00e9er un espace personnel. Si votre demande est accept\u00e9e, vous aurez une r\u00e9ponse sous deux jours. Le visa certifi\u00e9 quant \u00e0 lui sera disponible dans votre espace Visale.<\/p>\n<p style=\"text-align: justify;\">Si vous souffrez d&rsquo;une grande pr\u00e9carit\u00e9 et \u00eates confront\u00e9 \u00e0 des difficult\u00e9s financi\u00e8res, vous pouvez faire appel au Fond de Solidarit\u00e9 pour le Logement, ou FSL, pour obtenir un pr\u00eat ou une subvention. Cette aide s&rsquo;adresse aux locataires, aux sous-locataires, et aux personnes vivant dans un foyer.<\/p>\n<p><strong>\u00c0 noter : Vous pouvez tout \u00e0 fait cumuler la garantie Visale avec des aides au logement de la CAF (APL, ALS,ALF).<\/strong><\/p>\n<h2>Conditions li\u00e9es au locataire<\/h2>\n<p style=\"text-align: justify;\">Cette garantie s&rsquo;adresse tout d&rsquo;abord aux moins de 30 ans, peu importe leur situation (\u00e9tudiants, salari\u00e9s, etc). Que vous soyez log\u00e9 dans un parc locatif priv\u00e9 ou social.<\/p>\n<p style=\"text-align: justify;\">Les plus de 30 ans sont \u00e9ligibles s&rsquo;ils justifient d&rsquo;un salaire net mensuel inf\u00e9rieur ou \u00e9gal \u00e0 1 710 \u20ac, ou s&rsquo;ils sont en situation de mobilit\u00e9 professionnelle (changement de lieu de travail sans changement d&#8217;employeur ou nouvel emploi). La demande doit \u00eatre faite dans les 6 mois suivant l&rsquo;entr\u00e9e en fonction ou la mutation. Les salari\u00e9s du secteur agricole peuvent aussi \u00eatre concern\u00e9s s\u2019ils se retrouvent dans ces situations.<\/p>\n<p style=\"text-align: justify;\">Si vous \u00eates en colocation, chaque membre de la colocation doit avoir un bail individuel \u00e0 son nom. Si ce n&rsquo;est pas le cas, vous ne pourrez pas b\u00e9n\u00e9ficier de la garantie.<\/p>\n<p><strong>\u00c0 noter : Vous devez faire votre demande de garantie Visale avant la signature du contrat de location (avant votre entr\u00e9e dans le logement).<\/strong><\/p>\n<p>Dans certains cas, un d\u00e9p\u00f4t de garantie demand\u00e9 par le bailleur est exig\u00e9, malgr\u00e9 le fait d&rsquo;avoir souscrit \u00e0 Visale. Dans ce cas, vous pouvez vous renseigner sur l&rsquo;avance Loca-Pass d&rsquo;Action Logement.<\/p>\n<div class='cta-block'><div class='text'>Simulez toutes vos aides en 2 min.<\/div><a href='https:\/\/www.mes-allocs.fr\/ab-app?origin=guides\/wp-json\/wp\/v2\/posts\/12946' class='app-button fit'>Simulation gratuite<\/a><\/div>\n<h2>Conditions li\u00e9es au bailleur<\/h2>\n<p style=\"text-align: justify;\">Si un locataire fait une demande de visa locatif aupr\u00e8s d&rsquo;Action Logement, le bailleur doit \u00e0 son tour se rendre sur le site Visale.fr. Il doit demander le contrat de cautionnement avant de signer le bail pour \u00eatre couvert contre les impay\u00e9s de loyers. Il faut cependant respecter plusieurs conditions.<\/p>\n<p style=\"text-align: justify;\">Qu\u2019il soit lou\u00e9 vide ou meubl\u00e9, le logement doit obligatoirement constituer la r\u00e9sidence principale du locataire et faire l\u2019objet d\u2019un bail-type conforme \u00e0 la loi de 1989 sur les rapports locatifs.<\/p>\n<p><strong>Notez que ce contrat ne peut pas \u00eatre conclu si le bailleur est un membre de votre famille.<\/strong><\/p>\n<p>Attention : Ce n&rsquo;est pas parce que vous souhaitez souscrire \u00e0 la garantie Visale que c&rsquo;est \u00e9galement le cas du propri\u00e9taire de votre logement. Ce dernier est en droit de le refuser sans avoir \u00e0 se justifier.<\/p>\n<h1>Combien de temps peut-on b\u00e9n\u00e9ficier de la garantie Visale ?<\/h1>\n<p style=\"text-align: justify;\">La garantie Visale couvre toute la dur\u00e9e du bail dans la limite de 36 mois d&rsquo;impay\u00e9s de loyers et charges dans le parc priv\u00e9 (9 mois dans le parc social ou assimil\u00e9).<\/p>\n<h1>L&rsquo;avance Loca-Pass<\/h1>\n<p style=\"text-align: justify;\">En cas de location, vous pouvez b\u00e9n\u00e9ficier de l&rsquo;avance Loca-Pass pour financer votre d\u00e9p\u00f4t de garantie. Il s&rsquo;agit d&rsquo;un pr\u00eat \u00e0 taux 0 % qui vous aide \u00e0 couvrir en tout ou partie le d\u00e9p\u00f4t de garantie exig\u00e9 par le propri\u00e9taire des votre entr\u00e9e dans votre nouveau logement.<br \/>\nVous devez d\u00e9poser votre dossier aupr\u00e8s d&rsquo;un organisme d&rsquo;Action Logement proche de votre domicile, au plus tard 2 mois apr\u00e8s votre entr\u00e9e dans les lieux.<\/p>\n<p><strong>Le montant de l&rsquo;avance s&rsquo;\u00e9l\u00e8ve au maximum \u00e0 1 200 \u20ac. L&rsquo;avance doit \u00eatre rembours\u00e9e :<\/strong><\/p>\n<ul>\n<li>En 25 mois au maximum, avec possibilit\u00e9 d&rsquo;une premi\u00e8re p\u00e9riode de diff\u00e9r\u00e9 de paiement de 3 mois<\/li>\n<li>Avec des mensualit\u00e9s d&rsquo;un montant minimum de\u00a020 \u20ac.<\/li>\n<\/ul>\n<div class='cta-block'><div class='text'>Simulez toutes vos aides en 2 min.<\/div><a href='https:\/\/www.mes-allocs.fr\/ab-app?origin=guides\/wp-json\/wp\/v2\/posts\/12946' class='app-button fit'>Simulation gratuite<\/a><\/div>\n","protected":false},"excerpt":{"rendered":"<p>[Mis \u00e0 jour le 27\/01\/2026] Les garanties Visale et Loca-pass sont deux dispositifs mis en place par Action Logement. Principalement destin\u00e9es aux jeunes de moins de 30 ans, ces garanties ont des conditions d&rsquo;attribution bien distinctes. Mes Allocs vous explique tout sur ces deux dispositifs, qui constituent des aides au logement. La garantie Visale remplace [&hellip;]<\/p>\n","protected":false},"author":7,"featured_media":12976,"comment_status":"open","ping_status":"open","sticky":false,"template":"","format":"standard","meta":{"amp_status":"","footnotes":""},"categories":[1,2833],"tags":[],"class_list":["post-12946","post","type-post","status-publish","format-standard","has-post-thumbnail","hentry","category-aide-logement","category-garantie-visale"],"yoast_head":"<!-- This site is optimized with the Yoast SEO plugin v14.9 - https:\/\/yoast.com\/wordpress\/plugins\/seo\/ -->\n<title>La garantie Loca pass ou la garantie Visale en 2026 ? | Mes-Allocs.fr<\/title>\n<meta name=\"description\" content=\"Ces deux garanties sont g\u00e9r\u00e9es par Action Logement. Permettant ainsi d&#039;avoir un garant pour louer votre logement. Mes Allocs vous explique !\" \/>\n<meta name=\"robots\" content=\"index, follow, max-snippet:-1, max-image-preview:large, max-video-preview:-1\" \/>\n<link rel=\"canonical\" href=\"https:\/\/www.mes-allocs.fr\/guides\/aide-logement\/garantie-visale\/locapass-ou-visale\/\" \/>\n<meta property=\"og:locale\" content=\"fr_FR\" \/>\n<meta property=\"og:type\" content=\"article\" \/>\n<meta property=\"og:title\" content=\"La garantie Loca pass ou la garantie Visale en 2026 ? | Mes-Allocs.fr\" \/>\n<meta property=\"og:description\" content=\"Ces deux garanties sont g\u00e9r\u00e9es par Action Logement. Permettant ainsi d&#039;avoir un garant pour louer votre logement. Mes Allocs vous explique !\" \/>\n<meta property=\"og:url\" content=\"https:\/\/www.mes-allocs.fr\/guides\/aide-logement\/garantie-visale\/locapass-ou-visale\/\" \/>\n<meta property=\"og:site_name\" content=\"Mes-Allocs.fr\" \/>\n<meta property=\"article:published_time\" content=\"2020-09-21T12:05:37+00:00\" \/>\n<meta property=\"article:modified_time\" content=\"2026-01-27T16:47:36+00:00\" \/>\n<meta property=\"og:image\" content=\"https:\/\/www.mes-allocs.fr\/guides\/wp-content\/uploads\/2020\/09\/pexels-karolina-grabowska-4506231.jpg?wsr\" \/>\n\t<meta property=\"og:image:width\" content=\"1280\" \/>\n\t<meta property=\"og:image:height\" content=\"853\" \/>\n<meta name=\"twitter:card\" content=\"summary_large_image\" \/>\n<script type=\"application\/ld+json\" class=\"yoast-schema-graph\">{\"@context\":\"https:\/\/schema.org\",\"@graph\":[{\"@type\":\"WebSite\",\"@id\":\"https:\/\/www.mes-allocs.fr\/guides\/#website\",\"url\":\"https:\/\/www.mes-allocs.fr\/guides\/\",\"name\":\"Mes-Allocs.fr\",\"description\":\"\",\"potentialAction\":[{\"@type\":\"SearchAction\",\"target\":\"https:\/\/www.mes-allocs.fr\/guides\/?s={search_term_string}\",\"query-input\":\"required name=search_term_string\"}],\"inLanguage\":\"fr-FR\"},{\"@type\":\"ImageObject\",\"@id\":\"https:\/\/www.mes-allocs.fr\/guides\/aide-logement\/garantie-visale\/locapass-ou-visale\/#primaryimage\",\"inLanguage\":\"fr-FR\",\"url\":\"https:\/\/www.mes-allocs.fr\/guides\/wp-content\/uploads\/2020\/09\/pexels-karolina-grabowska-4506231.jpg?wsr\",\"width\":1280,\"height\":853,\"caption\":\"pexels karolina grabowska 4506231 e1600348541757\"},{\"@type\":\"WebPage\",\"@id\":\"https:\/\/www.mes-allocs.fr\/guides\/aide-logement\/garantie-visale\/locapass-ou-visale\/#webpage\",\"url\":\"https:\/\/www.mes-allocs.fr\/guides\/aide-logement\/garantie-visale\/locapass-ou-visale\/\",\"name\":\"La garantie Loca pass ou la garantie Visale en 2026 ? | Mes-Allocs.fr\",\"isPartOf\":{\"@id\":\"https:\/\/www.mes-allocs.fr\/guides\/#website\"},\"primaryImageOfPage\":{\"@id\":\"https:\/\/www.mes-allocs.fr\/guides\/aide-logement\/garantie-visale\/locapass-ou-visale\/#primaryimage\"},\"datePublished\":\"2020-09-21T12:05:37+00:00\",\"dateModified\":\"2026-01-27T16:47:36+00:00\",\"author\":{\"@id\":\"https:\/\/www.mes-allocs.fr\/guides\/#\/schema\/person\/1c4837d5703727cb02ce84583b5a44aa\"},\"description\":\"Ces deux garanties sont g\\u00e9r\\u00e9es par Action Logement. Permettant ainsi d'avoir un garant pour louer votre logement. Mes Allocs vous explique !\",\"inLanguage\":\"fr-FR\"},{\"@type\":\"Person\",\"@id\":\"https:\/\/www.mes-allocs.fr\/guides\/#\/schema\/person\/1c4837d5703727cb02ce84583b5a44aa\",\"name\":\"Fabiola\",\"image\":{\"@type\":\"ImageObject\",\"@id\":\"https:\/\/www.mes-allocs.fr\/guides\/#personlogo\",\"inLanguage\":\"fr-FR\",\"url\":\"https:\/\/www.mes-allocs.fr\/guides\/wp-content\/uploads\/2021\/06\/fabiola-150x150.png\",\"caption\":\"Fabiola\"},\"description\":\"Fabiola est r\\u00e9dactrice au sein de l'\\u00e9quipe Mes Allocs, sp\\u00e9cialis\\u00e9e en sciences politiques et affaires publiques. Dipl\\u00f4m\\u00e9e de l'HEIP, elle rejoint Mes Allocs apr\\u00e8s une premi\\u00e8re exp\\u00e9rience \\u00e0 l'Assembl\\u00e9e Nationale.\",\"sameAs\":[\"https:\/\/www.linkedin.com\/in\/cecilia-philippe-b-8a8085195\"]}]}<\/script>\n<!-- \/ Yoast SEO plugin. -->","amp_validity":null,"acf":{"faq":{"1":{"question":"Qui peut b\u00e9n\u00e9ficier de l'aide Loca-pass ?","answer":"Pour en b\u00e9n\u00e9ficier, il faut avoir moins de 30 ans ou \u00eatre salari\u00e9 ou pr\u00e9-retrait\u00e9 du secteur priv\u00e9. Si vous relevez du secteur agricole vous ne pouvez pas en b\u00e9n\u00e9ficier. L'aide a n\u00e9anmoins \u00e9t\u00e9 remplac\u00e9 par la garantie Visale."},"2":{"question":"Quand faire la demande de Loca-pass ?","answer":"Vous deviez faire votre demande de Loca-Pass 3 mois avant  la date d'effet du bail, et au plus tard 2 mois apr\u00e8s la date d'effet du bail. Mais vous ne pouvez plus y souscrire depuis 2019."},"3":{"question":"Quand rembourser la garantie Loca-Pass ? ","answer":"Vous commencez \u00e0 rembourser 3 mois apr\u00e8s le versement de l'avance du d\u00e9p\u00f4t de garantie. Si votre contrat de location est inf\u00e9rieur \u00e0 25 mois, la dur\u00e9e de remboursement sera align\u00e9e sur celle du bail. L'aide a n\u00e9anmoins \u00e9t\u00e9 remplac\u00e9 par la garantie Visale."},"4":{"question":"Qu'est-ce que la garantie Visale ?","answer":" Visale couvre les loyers impay\u00e9s ainsi que les \u00e9ventuelles d\u00e9gradations de la r\u00e9sidence principale du locataire. Le locataire rembourse sa dette directement aupr\u00e8s d'Action Logement"},"5":{"question":"Qui a droit \u00e0 la garantie Visale ?","answer":"Depuis le 1er octobre 2016, la garantie Visale a \u00e9t\u00e9 \u00e9tendue \u00e0 tous les locataires de moins de 30 ans, qu'ils soient salari\u00e9s, ch\u00f4meurs ou \u00e9tudiants. "},"6":{"question":"Comment rembourser la garantie Visale ? ","answer":"D\u00e8s acceptation et validation par le bailleur de la quittance transmise sur son espace personnel via la messagerie Visale, le remboursement des loyers est effectu\u00e9 par Visale, par virement sur le compte du bailleur."},"7":{"question":"","answer":""},"8":{"question":"","answer":""},"9":{"question":"","answer":""},"10":{"question":"","answer":""},"11":{"question":"","answer":""},"12":{"question":"","answer":""},"13":{"question":"","answer":""},"14":{"question":"","answer":""},"15":{"question":"","answer":""},"16":{"question":"","answer":""}}},"_links":{"self":[{"href":"https:\/\/www.mes-allocs.fr\/guides\/wp-json\/wp\/v2\/posts\/12946","targetHints":{"allow":["GET"]}}],"collection":[{"href":"https:\/\/www.mes-allocs.fr\/guides\/wp-json\/wp\/v2\/posts"}],"about":[{"href":"https:\/\/www.mes-allocs.fr\/guides\/wp-json\/wp\/v2\/types\/post"}],"author":[{"embeddable":true,"href":"https:\/\/www.mes-allocs.fr\/guides\/wp-json\/wp\/v2\/users\/7"}],"replies":[{"embeddable":true,"href":"https:\/\/www.mes-allocs.fr\/guides\/wp-json\/wp\/v2\/comments?post=12946"}],"version-history":[{"count":17,"href":"https:\/\/www.mes-allocs.fr\/guides\/wp-json\/wp\/v2\/posts\/12946\/revisions"}],"predecessor-version":[{"id":108445,"href":"https:\/\/www.mes-allocs.fr\/guides\/wp-json\/wp\/v2\/posts\/12946\/revisions\/108445"}],"wp:featuredmedia":[{"embeddable":true,"href":"https:\/\/www.mes-allocs.fr\/guides\/wp-json\/wp\/v2\/media\/12976"}],"wp:attachment":[{"href":"https:\/\/www.mes-allocs.fr\/guides\/wp-json\/wp\/v2\/media?parent=12946"}],"wp:term":[{"taxonomy":"category","embeddable":true,"href":"https:\/\/www.mes-allocs.fr\/guides\/wp-json\/wp\/v2\/categories?post=12946"},{"taxonomy":"post_tag","embeddable":true,"href":"https:\/\/www.mes-allocs.fr\/guides\/wp-json\/wp\/v2\/tags?post=12946"}],"curies":[{"name":"wp","href":"https:\/\/api.w.org\/{rel}","templated":true}]}}