{"id":12580,"date":"2020-09-16T07:56:29","date_gmt":"2020-09-16T07:56:29","guid":{"rendered":"https:\/\/www.mes-allocs.fr\/guides\/?p=12580"},"modified":"2026-02-23T16:48:05","modified_gmt":"2026-02-23T15:48:05","slug":"allocation-rentree-scolaire-et-quotient-familial","status":"publish","type":"post","link":"https:\/\/www.mes-allocs.fr\/guides\/allocations-familiales\/allocation-rentree-scolaire\/allocation-rentree-scolaire-et-quotient-familial\/","title":{"rendered":"Allocation de rentr\u00e9e scolaire et quotient familial : quel est le lien ?"},"content":{"rendered":"<div id=\"botstuff\">\n<div data-ved=\"2ahUKEwiDvN7wrN7rAhVB1hoKHSMfBEQQCHoECA0QOQ\">\n<div id=\"brs\" data-hveid=\"CAwQAA\">\n<div class=\"card-section\">\n<div class=\"brs_col\">\n<p class=\"nVcaUb\" style=\"text-align: justify;\"><strong><a href=\"https:\/\/www.mes-allocs.fr\/guides\/wp-content\/uploads\/2020\/09\/Allocation-rentre\u0301e-scolaire-et-quotient-familial-comment-c\u0327a-marche-1-1.jpg\"><img loading=\"lazy\" decoding=\"async\" class=\"aligncenter wp-image-12820 \" src=\"https:\/\/www.mes-allocs.fr\/guides\/wp-content\/uploads\/2020\/09\/Allocation-rentre\u0301e-scolaire-et-quotient-familial-comment-c\u0327a-marche-1-1-e1600163667268.jpg\" alt=\"Allocation rentre\u0301e scolaire et quotient familial : comment c\u0327a marche ?\" width=\"1380\" height=\"372\" srcset=\"https:\/\/www.mes-allocs.fr\/guides\/wp-content\/uploads\/2020\/09\/Allocation-rentre\u0301e-scolaire-et-quotient-familial-comment-c\u0327a-marche-1-1-e1600163667268.jpg 1280w, https:\/\/www.mes-allocs.fr\/guides\/wp-content\/uploads\/2020\/09\/Allocation-rentre\u0301e-scolaire-et-quotient-familial-comment-c\u0327a-marche-1-1-e1600163667268-300x81.jpg 300w, https:\/\/www.mes-allocs.fr\/guides\/wp-content\/uploads\/2020\/09\/Allocation-rentre\u0301e-scolaire-et-quotient-familial-comment-c\u0327a-marche-1-1-e1600163667268-1024x276.jpg 1024w, https:\/\/www.mes-allocs.fr\/guides\/wp-content\/uploads\/2020\/09\/Allocation-rentre\u0301e-scolaire-et-quotient-familial-comment-c\u0327a-marche-1-1-e1600163667268-768x207.jpg 768w, https:\/\/www.mes-allocs.fr\/guides\/wp-content\/uploads\/2020\/09\/Allocation-rentre\u0301e-scolaire-et-quotient-familial-comment-c\u0327a-marche-1-1-e1600163667268-600x162.jpg 600w\" sizes=\"auto, (max-width: 1380px) 100vw, 1380px\" \/><\/a><\/strong><\/p>\n<p>[Mis \u00e0 jour le 23\/02\/2026] Le versement de l\u2019<a href=\"https:\/\/www.mes-allocs.fr\/guides\/allocations-familiales\/allocation-rentree-scolaire\/\">allocation de rentr\u00e9e scolaire<\/a> (ARS) est soumis \u00e0 de nombreux crit\u00e8res, notamment un plafond qui permet de d\u00e9terminer votre \u00e9ligibilit\u00e9. Si le quotient familial est souvent utilis\u00e9 dans les calculs li\u00e9s aux aides, ce n\u2019est pas toujours le cas. Dans cet article, d\u00e9couvrez pourquoi le <b>quotient familial et l\u2019allocation de rentr\u00e9e scolaire<\/b> ne sont pas li\u00e9s et comment vos revenus sont pris en consid\u00e9ration.<\/p>\n<p class=\"p1\"><div class='cta-block'><div class='text'>Simulez toutes vos Aides en 2 min.<\/div><a href='https:\/\/www.mes-allocs.fr\/ab-app?origin=guides\/wp-json\/wp\/v2\/posts\/12580' class='app-button fit'>Simulation gratuite<\/a><\/div><\/p>\n<h1>Qu\u2019est-ce que l\u2019allocation de rentr\u00e9e scolaire ?<\/h1>\n<p>L\u2019allocation de rentr\u00e9e scolaire vous permet de <b>couvrir les d\u00e9penses de la rentr\u00e9e scolaire <\/b>de vos enfants. Gr\u00e2ce \u00e0 cette aide vers\u00e9e directement sur votre compte bancaire par la CAF ou la MSA, vous pouvez donc financer l&rsquo;achat de fournitures scolaires de vos enfants \u00e2g\u00e9s de 6 \u00e0 18 ans, \u00e0 condition de respecter des crit\u00e8res. Chaque ann\u00e9e, votre situation est r\u00e9\u00e9valu\u00e9e pour v\u00e9rifier que vous respectez les <a href=\"https:\/\/www.mes-allocs.fr\/guides\/allocations-familiales\/allocation-rentree-scolaire\/allocation-rentree-scolaire-conditions\/\">conditions d&rsquo;\u00e9ligibilit\u00e9 \u00e0 l&rsquo;ARS<\/a>.<\/p>\n<h1>Quel est le lien entre l\u2019allocation de rentr\u00e9e scolaire et le quotient familial ?<\/h1>\n<h2>Quels sont les crit\u00e8res d\u2019\u00e9ligibilit\u00e9 \u00e0 l\u2019ARS ?<\/h2>\n<p>Comme mentionn\u00e9 pr\u00e9c\u00e9demment, pour b\u00e9n\u00e9ficier de l\u2019allocation de rentr\u00e9e scolaire, vous devez avoir au moins un enfant scolaris\u00e9 qui a <b>entre 6 et 18 ans \u00e0 la rentr\u00e9e<\/b>. Il doit donc \u00eatre<b> n\u00e9 entre le 16 septembre 2008 et le 31 d\u00e9cembre 2020 inclus<\/b>. De plus, vos ressources ne doivent pas d\u00e9passer un <b>plafond<\/b> qui est fix\u00e9 en fonction du nombre d&rsquo;enfants \u00e0 charge.<\/p>\n<h2>Le quotient familial est-il utilis\u00e9 pour calculer l\u2019\u00e9ligibilit\u00e9 \u00e0 l\u2019ARS ?<\/h2>\n<p>Le quotient familial<b> n\u2019est pas utilis\u00e9 <\/b>pour d\u00e9terminer votre \u00e9ligibilit\u00e9 \u00e0 l\u2019ARS. En revanche, le quotient familial est utilis\u00e9 pour d\u2019autres aides, comme la tarification \u00e0 la cr\u00e8che, les tarifs de cantine \u00e0 l\u2019\u00e9cole ou l\u2019attribution d&rsquo;aides locales, car ces aides prennent en compte votre situation familiale pour ajuster les tarifs. Pour l\u2019ARS, seule la comparaison de vos revenus avec les plafonds mis en place compte.<\/p>\n<h2>Quels sont les revenus pris en compte pour le calcul de l\u2019ARS ?<\/h2>\n<p>Pour le calcul de la rentr\u00e9e scolaire, les revenus qui sont pris en compte est le <b>revenu net cat\u00e9goriel de l\u2019ann\u00e9e N-2<\/b>, il s\u2019agit donc de vo<b>s revenus de l\u2019ann\u00e9e 2024 pour la rentr\u00e9e 2026<\/b>. Ces revenus servent \u00e0 d\u00e9terminer si vous respectez les plafonds de ressources fix\u00e9s, en fonction du nombre d\u2019enfants \u00e0 charge dans votre foyer. Ainsi, la somme totale de vos revenus est consid\u00e9r\u00e9e, et non pas le quotient familial. Comme indiqu\u00e9 pr\u00e9c\u00e9demment, le quotient familial, qui prend en compte le nombre de parts fiscales dans le calcul de l\u2019imp\u00f4t, n&rsquo;influence donc pas le calcul de l\u2019allocation de rentr\u00e9e scolaire.<\/p>\n<div class='cta-block'><div class='text'>Simulez toutes vos Aides en 2 min.<\/div><a href='https:\/\/www.mes-allocs.fr\/ab-app?origin=guides\/wp-json\/wp\/v2\/posts\/12580' class='app-button fit'>Simulation gratuite<\/a><\/div>\n<h2>Quels sont les plafonds de ressources \u00e0 respecter pour b\u00e9n\u00e9ficier de l\u2019ARS ?<\/h2>\n<p>Pour pouvoir b\u00e9n\u00e9ficier de l\u2019allocation de rentr\u00e9e scolaire, les<b> plafonds de ressources<\/b> que vous devez respecter sont les suivants :<\/p>\n\n<div class=\"wpdt-c row wpDataTableContainerSimpleTable wpDataTables wpDataTablesWrapper\n\"\n    >\n    <table id=\"wpdtSimpleTable-71\"\n           class=\"wpdtSimpleTable wpDataTable\"\n           data-column=\"2\"\n           data-rows=\"6\"\n           data-wpID=\"71\"\n           data-responsive=\"0\"\n           data-has-header=\"1\">\n\n                    <thead>        <tr class=\"wpdt-cell-row \" >\n                            <th class=\"wpdt-cell wpdt-bc-F3F9FE wpdt-bold\"\n                                    data-cell-id=\"A1\"\n                data-col-index=\"0\"\n                data-row-index=\"0\"\n                style=\" width:49.100257069409%;                padding:10px;\"\n                >\n                                Nombre d'enfants \u00e0 charge\n                <\/th>\n                                            <th class=\"wpdt-cell wpdt-bc-F3F9FE wpdt-bold\"\n                                    data-cell-id=\"B1\"\n                data-col-index=\"1\"\n                data-row-index=\"0\"\n                style=\" width:50.899742930591%;                padding:10px;\"\n                >\n                                Salaire d'activit\u00e9                <\/th>\n                                        <\/tr>\n                    <tbody>        <tr class=\"wpdt-cell-row \" >\n                            <td class=\"wpdt-cell \"\n                                    data-cell-id=\"A2\"\n                data-col-index=\"0\"\n                data-row-index=\"1\"\n                style=\"                padding:10px;\"\n                >\n                                1\n                <\/td>\n                                            <td class=\"wpdt-cell \"\n                                    data-cell-id=\"B2\"\n                data-col-index=\"1\"\n                data-row-index=\"1\"\n                style=\"                padding:10px;\"\n                >\n                                28 956 \u20ac                <\/td>\n                                        <\/tr>\n                            <tr class=\"wpdt-cell-row \" >\n                            <td class=\"wpdt-cell \"\n                                    data-cell-id=\"A3\"\n                data-col-index=\"0\"\n                data-row-index=\"2\"\n                style=\"                padding:10px;\"\n                >\n                                2                <\/td>\n                                            <td class=\"wpdt-cell \"\n                                    data-cell-id=\"B3\"\n                data-col-index=\"1\"\n                data-row-index=\"2\"\n                style=\"                padding:10px;\"\n                >\n                                35 638 \u20ac                <\/td>\n                                        <\/tr>\n                            <tr class=\"wpdt-cell-row \" >\n                            <td class=\"wpdt-cell \"\n                                    data-cell-id=\"A4\"\n                data-col-index=\"0\"\n                data-row-index=\"3\"\n                style=\"                padding:10px;\"\n                >\n                                3                <\/td>\n                                            <td class=\"wpdt-cell \"\n                                    data-cell-id=\"B4\"\n                data-col-index=\"1\"\n                data-row-index=\"3\"\n                style=\"                padding:10px;\"\n                >\n                                42 320 \u20ac                <\/td>\n                                        <\/tr>\n                            <tr class=\"wpdt-cell-row \" >\n                            <td class=\"wpdt-cell \"\n                                    data-cell-id=\"A5\"\n                data-col-index=\"0\"\n                data-row-index=\"4\"\n                style=\"                padding:10px;\"\n                >\n                                4                <\/td>\n                                            <td class=\"wpdt-cell \"\n                                    data-cell-id=\"B5\"\n                data-col-index=\"1\"\n                data-row-index=\"4\"\n                style=\"                padding:10px;\"\n                >\n                                49 002 \u20ac                <\/td>\n                                        <\/tr>\n                            <tr class=\"wpdt-cell-row \" >\n                            <td class=\"wpdt-cell \"\n                                    data-cell-id=\"A6\"\n                data-col-index=\"0\"\n                data-row-index=\"5\"\n                style=\"                padding:10px;\"\n                >\n                                Par enfant suppl\u00e9mentaire                <\/td>\n                                            <td class=\"wpdt-cell \"\n                                    data-cell-id=\"B6\"\n                data-col-index=\"1\"\n                data-row-index=\"5\"\n                style=\"                padding:10px;\"\n                >\n                                + 6 682 \u20ac                <\/td>\n                                        <\/tr>\n                    <\/table>\n<\/div><style id='wpdt-custom-style-71'>\ntable#wpdtSimpleTable-71{ table-layout: fixed !important; }\n.wpdt-bc-F3F9FE { background-color: #F3F9FE !important;}\n<\/style>\n\n<div class='shortcode tips'><div class='title'>Exemple<\/div><div class='content'>Si vous \u00eates dans un foyer avec 3 enfants \u00e2g\u00e9s de 12, 9 et 7 ans, et que vos revenus nets cat\u00e9goriels de 2024 s\u2019\u00e9l\u00e8vent \u00e0 25 000 \u20ac, vous respectez le plafond de ressources pour 3 enfants qui est de 42 320 \u20ac. Vous \u00eates donc \u00e9ligible \u00e0 l\u2019ARS. Pour la rentr\u00e9e 2026, vous recevrez 423,05 \u20ac pour chacun des enfants de 9 et 7 ans et 446,15 \u20ac pour l\u2019enfant de 12 ans, soit un total de 1 292,25 \u20ac vers\u00e9 en 2026.<\/div><\/div>\n<h2>Que se passe-t-il en cas de l\u00e9ger d\u00e9passement du plafond pour l\u2019ARS ?<\/h2>\n<p>En cas de l\u00e9ger d\u00e9passement du plafond de ressources, vous pouvez b\u00e9n\u00e9ficier d\u2019une <b>allocation de rentr\u00e9e scolaire diff\u00e9rentielle<\/b>. Cette version d\u00e9gressive de l&rsquo;ARS est calcul\u00e9e en fonction de l&rsquo;\u00e9cart entre vos revenus et le plafond en plus du montant de l\u2019ARS auquel vous auriez droit selon l\u2019\u00e2ge et le nombre de vos enfants. Cela permet de prendre en compte la situation des familles qui, m\u00eame en cas de d\u00e9passement, restent \u00e9ligibles \u00e0 la prime de rentr\u00e9e, mais dans une version ajust\u00e9e.<\/p>\n<div class='shortcode tips'><div class='title'>Exemple<\/div><div class='content'>Si vous avez 3 enfants et que vos revenus d\u00e9passent un peu le plafond de 42 320 \u20ac, la CAF additionne ce plafond au montant total de l\u2019ARS pour votre enfant, puis soustrait vos revenus. Vous percevez alors une aide r\u00e9duite qui correspond \u00e0 la diff\u00e9rence entre ce nouveau plafond et vos ressources.<\/div><\/div>\n<p><iframe loading=\"lazy\" title=\"L&#039;allocation de rentr\u00e9e scolaire\" width=\"500\" height=\"281\" src=\"https:\/\/www.youtube.com\/embed\/MfDoGweq-e0?feature=oembed\" frameborder=\"0\" allow=\"accelerometer; autoplay; clipboard-write; encrypted-media; gyroscope; picture-in-picture; web-share\" referrerpolicy=\"strict-origin-when-cross-origin\" allowfullscreen><\/iframe><\/p>\n<h1>Comment savoir si vous \u00eates \u00e9ligible \u00e0 l\u2019allocation de rentr\u00e9e scolaire ?<\/h1>\n<p>Pour savoir si vous \u00eates \u00e9ligible, vous pouvez faire une <a href=\"https:\/\/www.mes-allocs.fr\/guides\/allocations-familiales\/allocation-rentree-scolaire\/simulation-allocation-rentree-scolaire\/\">simulation d&rsquo;ARS<\/a> en ligne. Cela peut se faire gr\u00e2ce \u00e0 <b>notre simulateur<\/b> qui vous permettra de d\u00e9terminer rapidement si vous remplissez les conditions requises en fonction de vos ressources, de la composition de votre foyer et de l\u2019\u00e2ge de vos enfants.<\/p>\n<div class='cta-block'><div class='text'>Simulez toutes vos Aides en 2 min.<\/div><a href='https:\/\/www.mes-allocs.fr\/ab-app?origin=guides\/wp-json\/wp\/v2\/posts\/12580' class='app-button fit'>Simulation gratuite<\/a><\/div>\n<h1>Quelles d\u00e9marches pour demander l\u2019ARS ?<\/h1>\n<p>Pour <a href=\"https:\/\/www.mes-allocs.fr\/guides\/allocations-familiales\/allocation-rentree-scolaire\/demande-ars\/\">demander l\u2019allocation de rentr\u00e9e scolaire<\/a>, les d\u00e9marches<b> varient selon votre situation et l\u2019\u00e2ge de vos enfants<\/b>. Si vous \u00eates d\u00e9j\u00e0 allocataire de la CAF ou de la MSA et que vos enfants ont<b> entre 6 et 15 ans<\/b>, le versement de l\u2019ARS est fait de fa\u00e7on <b>automatique<\/b>, vous n\u2019avez donc aucune d\u00e9marche \u00e0 faire, \u00e0 condition que votre dossier soit \u00e0 jour.<\/p>\n<p>Si vous avez des enfants qui ont <b>entre 16 et 18 ans<\/b>, il vous faudra d<b>\u00e9clarer en ligne leur scolarisation<\/b> \u00e0 partir de votre espace personnel CAF ou MSA afin de d\u00e9clencher le versement de l\u2019ARS. Dans le cas o\u00f9 votre enfant aurait moins de 6 ans mais qu\u2019il entre en CP, vous devrez fournir un certificat de scolarit\u00e9 directement \u00e0 votre caisse.<\/p>\n<p>Pour simplifier vos d\u00e9marches, <b>nos experts vous accompagnent \u00e0 chaque \u00e9tape<\/b>, de la simulation \u00e0 la constitution de votre dossier, afin de vous faire gagner du temps et de r\u00e9duire votre charge mentale.<\/p>\n<div class='shortcode summary'><div class='title'>En r\u00e9sum\u00e9 :<\/div><div class='content'><ul><li>Contrairement \u00e0 d\u2019autres aides, le quotient familial<b> n\u2019a aucune influence <\/b>dans le calcul de l\u2019ARS. Seuls vos revenus nets cat\u00e9goriels sont pris en compte.<\/li><li>Vous devez respecter des <b>plafonds de ressources <\/b>en fonction du nombre d\u2019enfants que vous avez \u00e0 charge, pour \u00eatre \u00e9ligible \u00e0 l\u2019allocation de rentr\u00e9e scolaire.<\/li><li>Si vos revenus d\u00e9passent l\u00e9g\u00e8rement les plafonds, une<b> allocation de rentr\u00e9e scolaire diff\u00e9rentielle <\/b>peut vous \u00eatre attribu\u00e9e, ajust\u00e9e en fonction de l\u2019\u00e9cart entre vos ressources et le plafond.<\/li><li>Si vous \u00eates allocataire de la CAF ou de la MSA, <b>la plupart des d\u00e9marches sont automatiques<\/b>, mais si vous avez des enfants \u00e2g\u00e9s de 16 \u00e0 18 ans, il vous faudra<b> d\u00e9clarer leur scolarisation<\/b> pour d\u00e9clencher le versement de l\u2019ARS.<\/li><\/ul><\/div><\/div>\n<\/div>\n<\/div>\n<\/div>\n<\/div>\n<\/div>\n","protected":false},"excerpt":{"rendered":"<p>[Mis \u00e0 jour le 23\/02\/2026] Le versement de l\u2019allocation de rentr\u00e9e scolaire (ARS) est soumis \u00e0 de nombreux crit\u00e8res, notamment un plafond qui permet de d\u00e9terminer votre \u00e9ligibilit\u00e9. Si le quotient familial est souvent utilis\u00e9 dans les calculs li\u00e9s aux aides, ce n\u2019est pas toujours le cas. Dans cet article, d\u00e9couvrez pourquoi le quotient familial [&hellip;]<\/p>\n","protected":false},"author":9,"featured_media":12816,"comment_status":"open","ping_status":"open","sticky":false,"template":"","format":"standard","meta":{"amp_status":"","footnotes":""},"categories":[41,10],"tags":[],"class_list":["post-12580","post","type-post","status-publish","format-standard","has-post-thumbnail","hentry","category-allocation-rentree-scolaire","category-allocations-familiales"],"yoast_head":"<!-- This site is optimized with the Yoast SEO plugin v14.9 - https:\/\/yoast.com\/wordpress\/plugins\/seo\/ -->\n<title>Allocation rentr\u00e9e scolaire et quotient familial | Mes-Allocs.fr<\/title>\n<meta name=\"description\" content=\"Pour b\u00e9n\u00e9ficier des aides CAF, votre quotient familial est pris en compte. Mais qu&#039;en est-il pour l&#039;allocation de rentr\u00e9e scolaire (ARS) ?\" \/>\n<meta name=\"robots\" content=\"index, follow, max-snippet:-1, max-image-preview:large, max-video-preview:-1\" \/>\n<link rel=\"canonical\" href=\"https:\/\/www.mes-allocs.fr\/guides\/allocations-familiales\/allocation-rentree-scolaire\/allocation-rentree-scolaire-et-quotient-familial\/\" \/>\n<meta property=\"og:locale\" content=\"fr_FR\" \/>\n<meta property=\"og:type\" content=\"article\" \/>\n<meta property=\"og:title\" content=\"Allocation rentr\u00e9e scolaire et quotient familial | Mes-Allocs.fr\" \/>\n<meta property=\"og:description\" content=\"Pour b\u00e9n\u00e9ficier des aides CAF, votre quotient familial est pris en compte. Mais qu&#039;en est-il pour l&#039;allocation de rentr\u00e9e scolaire (ARS) ?\" \/>\n<meta property=\"og:url\" content=\"https:\/\/www.mes-allocs.fr\/guides\/allocations-familiales\/allocation-rentree-scolaire\/allocation-rentree-scolaire-et-quotient-familial\/\" \/>\n<meta property=\"og:site_name\" content=\"Mes-Allocs.fr\" \/>\n<meta property=\"article:published_time\" content=\"2020-09-16T07:56:29+00:00\" \/>\n<meta property=\"article:modified_time\" content=\"2026-02-23T15:48:05+00:00\" \/>\n<meta property=\"og:image\" content=\"https:\/\/www.mes-allocs.fr\/guides\/wp-content\/uploads\/2020\/09\/Allocation-rentre\u0301e-scolaire-et-quotient-familial-comment-c\u0327a-marche-.jpg?wsr\" \/>\n\t<meta property=\"og:image:width\" content=\"1280\" \/>\n\t<meta property=\"og:image:height\" content=\"853\" \/>\n<meta name=\"twitter:card\" content=\"summary_large_image\" \/>\n<script type=\"application\/ld+json\" class=\"yoast-schema-graph\">{\"@context\":\"https:\/\/schema.org\",\"@graph\":[{\"@type\":\"WebSite\",\"@id\":\"https:\/\/www.mes-allocs.fr\/guides\/#website\",\"url\":\"https:\/\/www.mes-allocs.fr\/guides\/\",\"name\":\"Mes-Allocs.fr\",\"description\":\"\",\"potentialAction\":[{\"@type\":\"SearchAction\",\"target\":\"https:\/\/www.mes-allocs.fr\/guides\/?s={search_term_string}\",\"query-input\":\"required name=search_term_string\"}],\"inLanguage\":\"fr-FR\"},{\"@type\":\"ImageObject\",\"@id\":\"https:\/\/www.mes-allocs.fr\/guides\/allocations-familiales\/allocation-rentree-scolaire\/allocation-rentree-scolaire-et-quotient-familial\/#primaryimage\",\"inLanguage\":\"fr-FR\",\"url\":\"https:\/\/www.mes-allocs.fr\/guides\/wp-content\/uploads\/2020\/09\/Allocation-rentre\\u0301e-scolaire-et-quotient-familial-comment-c\\u0327a-marche-.jpg?wsr\",\"width\":1280,\"height\":853,\"caption\":\"Allocation rentre\\u0301e scolaire et quotient familial comment c\\u0327a marche\"},{\"@type\":\"WebPage\",\"@id\":\"https:\/\/www.mes-allocs.fr\/guides\/allocations-familiales\/allocation-rentree-scolaire\/allocation-rentree-scolaire-et-quotient-familial\/#webpage\",\"url\":\"https:\/\/www.mes-allocs.fr\/guides\/allocations-familiales\/allocation-rentree-scolaire\/allocation-rentree-scolaire-et-quotient-familial\/\",\"name\":\"Allocation rentr\\u00e9e scolaire et quotient familial | Mes-Allocs.fr\",\"isPartOf\":{\"@id\":\"https:\/\/www.mes-allocs.fr\/guides\/#website\"},\"primaryImageOfPage\":{\"@id\":\"https:\/\/www.mes-allocs.fr\/guides\/allocations-familiales\/allocation-rentree-scolaire\/allocation-rentree-scolaire-et-quotient-familial\/#primaryimage\"},\"datePublished\":\"2020-09-16T07:56:29+00:00\",\"dateModified\":\"2026-02-23T15:48:05+00:00\",\"author\":{\"@id\":\"https:\/\/www.mes-allocs.fr\/guides\/#\/schema\/person\/e4e762c89158b34a332446d26f02fd56\"},\"description\":\"Pour b\\u00e9n\\u00e9ficier des aides CAF, votre quotient familial est pris en compte. Mais qu'en est-il pour l'allocation de rentr\\u00e9e scolaire (ARS) ?\",\"inLanguage\":\"fr-FR\"},{\"@type\":\"Person\",\"@id\":\"https:\/\/www.mes-allocs.fr\/guides\/#\/schema\/person\/e4e762c89158b34a332446d26f02fd56\",\"name\":\"Marylou\",\"image\":{\"@type\":\"ImageObject\",\"@id\":\"https:\/\/www.mes-allocs.fr\/guides\/#personlogo\",\"inLanguage\":\"fr-FR\",\"url\":\"https:\/\/www.mes-allocs.fr\/guides\/wp-content\/uploads\/2021\/06\/marylou-150x150.png\",\"caption\":\"Marylou\"},\"description\":\"Marylou est r\\u00e9dactrice au sein de l'\\u00e9quipe Mes Allocs, sp\\u00e9cialiste des sujets de soci\\u00e9t\\u00e9 en g\\u00e9n\\u00e9ral. Dipl\\u00f4m\\u00e9e de l'Institut Sup\\u00e9rieur de Formation au Journalisme, elle rejoint Mes Allocs apr\\u00e8s cr\\u00e9\\u00e9 son premier blog personnel.\",\"sameAs\":[\"https:\/\/www.linkedin.com\/in\/marylou-pr\\u00e9vost\"]}]}<\/script>\n<!-- \/ Yoast SEO plugin. -->","amp_validity":null,"acf":{"faq":{"1":{"question":"Qui a droit \u00e0 l'allocation de rentr\u00e9e scolaire ?","answer":"Il suffit d'\u00eatre \u00e9ligible au niveau des plafonds de ressources, de l'\u00e2ge de l'enfant et de sa scolarisation. "},"2":{"question":"Quel plafond ne pas d\u00e9passer pour toucher l'allocation de rentr\u00e9e scolaire ?","answer":"Pour un enfant, le plafond est de 28 444 \u20ac. Pour deux enfants, il est de 35 008 \u20ac. Et pour trois enfants, 41 572 \u20ac. "},"3":{"question":"Quel revenu est pris en compte pour l'ARS ?","answer":"Ce sont l'ensemble de vos ressources qui sont prises en compte, par le biais de plafonds de ressources \u00e9tablis."},"4":{"question":"Comment savoir si on a le droit \u00e0 la prime de rentr\u00e9e scolaire ?","answer":"Vous y avez le droit si vous avez au moins un enfant \u00e0 charge scolaris\u00e9 et \u00e2g\u00e9 de 6 \u00e0 18 ans. En outre, vous devez respecter les plafonds de ressources fix\u00e9s. "},"5":{"question":"Comment obtenir l'allocation de rentr\u00e9e scolaire ?","answer":"Connectez-vous dans votre espace personnel si vous avez d\u00e9j\u00e0 un num\u00e9ro d'allocataire et remplissez le formulaire fourni. Si vous n'\u00eates pas allocataire, vous pouvez t\u00e9l\u00e9charger le formulaire de demande sur le site de la CAF."},"6":{"question":"Quand est vers\u00e9 l'ARS 2026 ?","answer":"Pour la rentr\u00e9e 2026, le <a href=\"https:\/\/www.mes-allocs.fr\/guides\/allocations-familiales\/allocation-rentree-scolaire\/versement-allocation-rentree-scolaire\/\">versement de l'allocation de rentr\u00e9e scolaire<\/a> n'est pas encore programm\u00e9.\r\n"},"7":{"question":"","answer":""},"8":{"question":"","answer":""},"9":{"question":"","answer":""},"10":{"question":"","answer":""},"11":{"question":"","answer":""},"12":{"question":"","answer":""},"13":{"question":"","answer":""},"14":{"question":"","answer":""},"15":{"question":"","answer":""},"16":{"question":"","answer":""}}},"_links":{"self":[{"href":"https:\/\/www.mes-allocs.fr\/guides\/wp-json\/wp\/v2\/posts\/12580","targetHints":{"allow":["GET"]}}],"collection":[{"href":"https:\/\/www.mes-allocs.fr\/guides\/wp-json\/wp\/v2\/posts"}],"about":[{"href":"https:\/\/www.mes-allocs.fr\/guides\/wp-json\/wp\/v2\/types\/post"}],"author":[{"embeddable":true,"href":"https:\/\/www.mes-allocs.fr\/guides\/wp-json\/wp\/v2\/users\/9"}],"replies":[{"embeddable":true,"href":"https:\/\/www.mes-allocs.fr\/guides\/wp-json\/wp\/v2\/comments?post=12580"}],"version-history":[{"count":46,"href":"https:\/\/www.mes-allocs.fr\/guides\/wp-json\/wp\/v2\/posts\/12580\/revisions"}],"predecessor-version":[{"id":109734,"href":"https:\/\/www.mes-allocs.fr\/guides\/wp-json\/wp\/v2\/posts\/12580\/revisions\/109734"}],"wp:featuredmedia":[{"embeddable":true,"href":"https:\/\/www.mes-allocs.fr\/guides\/wp-json\/wp\/v2\/media\/12816"}],"wp:attachment":[{"href":"https:\/\/www.mes-allocs.fr\/guides\/wp-json\/wp\/v2\/media?parent=12580"}],"wp:term":[{"taxonomy":"category","embeddable":true,"href":"https:\/\/www.mes-allocs.fr\/guides\/wp-json\/wp\/v2\/categories?post=12580"},{"taxonomy":"post_tag","embeddable":true,"href":"https:\/\/www.mes-allocs.fr\/guides\/wp-json\/wp\/v2\/tags?post=12580"}],"curies":[{"name":"wp","href":"https:\/\/api.w.org\/{rel}","templated":true}]}}