{"id":12575,"date":"2020-09-16T07:48:15","date_gmt":"2020-09-16T07:48:15","guid":{"rendered":"https:\/\/www.mes-allocs.fr\/guides\/?p=12575"},"modified":"2026-02-23T16:33:53","modified_gmt":"2026-02-23T15:33:53","slug":"allocation-rentree-scolaire-frontaliers","status":"publish","type":"post","link":"https:\/\/www.mes-allocs.fr\/guides\/allocations-familiales\/allocation-rentree-scolaire\/allocation-rentree-scolaire-conditions\/allocation-rentree-scolaire-frontaliers\/","title":{"rendered":"Quelle allocation de rentr\u00e9e scolaire pour les frontaliers ?"},"content":{"rendered":"<div id=\"brs\" data-hveid=\"CBQQAA\">\n<div class=\"e2BEnf U7izfe\" style=\"text-align: justify;\"><strong><a href=\"https:\/\/www.mes-allocs.fr\/guides\/wp-content\/uploads\/2020\/09\/Quelle-allocation-de-rentre\u0301e-scolaire-pour-les-frontaliers-1-1.jpg\"><img loading=\"lazy\" decoding=\"async\" class=\"aligncenter wp-image-12840 \" src=\"https:\/\/www.mes-allocs.fr\/guides\/wp-content\/uploads\/2020\/09\/Quelle-allocation-de-rentre\u0301e-scolaire-pour-les-frontaliers-1-1-e1600164610383.jpg\" alt=\"Quelle allocation de rentre\u0301e scolaire pour les frontaliers ?\" width=\"1401\" height=\"336\" srcset=\"https:\/\/www.mes-allocs.fr\/guides\/wp-content\/uploads\/2020\/09\/Quelle-allocation-de-rentre\u0301e-scolaire-pour-les-frontaliers-1-1-e1600164610383.jpg 1280w, https:\/\/www.mes-allocs.fr\/guides\/wp-content\/uploads\/2020\/09\/Quelle-allocation-de-rentre\u0301e-scolaire-pour-les-frontaliers-1-1-e1600164610383-300x72.jpg 300w, https:\/\/www.mes-allocs.fr\/guides\/wp-content\/uploads\/2020\/09\/Quelle-allocation-de-rentre\u0301e-scolaire-pour-les-frontaliers-1-1-e1600164610383-1024x246.jpg 1024w, https:\/\/www.mes-allocs.fr\/guides\/wp-content\/uploads\/2020\/09\/Quelle-allocation-de-rentre\u0301e-scolaire-pour-les-frontaliers-1-1-e1600164610383-768x184.jpg 768w, https:\/\/www.mes-allocs.fr\/guides\/wp-content\/uploads\/2020\/09\/Quelle-allocation-de-rentre\u0301e-scolaire-pour-les-frontaliers-1-1-e1600164610383-600x144.jpg 600w\" sizes=\"auto, (max-width: 1401px) 100vw, 1401px\" \/><\/a><\/strong><\/div>\n<\/div>\n<div>[Mis \u00e0 jour le 23\/02\/2026] Si la France propose une allocation de rentr\u00e9e scolaire sous conditions, d\u2019autres pays frontaliers comme le Luxembourg, la Belgique ou la Suisse disposent aussi de dispositifs similaires. Cependant, les <a href=\"https:\/\/www.mes-allocs.fr\/guides\/allocations-familiales\/allocation-rentree-scolaire\/allocation-rentree-scolaire-conditions\/\">conditions d&rsquo;\u00e9ligibilit\u00e9 \u00e0 l\u2019ARS<\/a> varient d\u2019un pays \u00e0 l\u2019autre. Dans cet article, d\u00e9couvrez les sp\u00e9cificit\u00e9s de l\u2019<b>allocation de rentr\u00e9e scolaire pour les frontaliers<\/b>, les conditions d&rsquo;\u00e9ligibilit\u00e9, les montants et les d\u00e9marches \u00e0 suivre.<\/div>\n<div>\n<p class=\"p1\"><div class='cta-block'><div class='text'>Simulez toutes vos Aides en 2 min.<\/div><a href='https:\/\/www.mes-allocs.fr\/ab-app?origin=guides\/wp-json\/wp\/v2\/posts\/12575' class='app-button fit'>Simulation gratuite<\/a><\/div><\/p>\n<h1>Qu\u2019est-ce que l\u2019allocation de rentr\u00e9e scolaire et qui peut en b\u00e9n\u00e9ficier dans les pays frontaliers ?<\/h1>\n<h2>\u00c0 quoi sert l\u2019allocation de rentr\u00e9e scolaire ?<\/h2>\n<p>L\u2019allocation de rentr\u00e9e scolaire sert \u00e0 <b>subvenir aux besoins de vos enfants pour les frais li\u00e9s \u00e0 la rentr\u00e9e scolaire<\/b>. Elle permet de financer les fournitures demand\u00e9es pour la rentr\u00e9e mais aussi des activit\u00e9s extrascolaires. En France, la prime de rentr\u00e9e est vers\u00e9e par la CAF ou la MSA et son montant varie selon l\u2019\u00e2ge de votre enfant.<\/p>\n<h2>Les frontaliers sont-ils \u00e9ligibles \u00e0 l\u2019allocation de rentr\u00e9e scolaire ?<\/h2>\n<p>L\u2019allocation de rentr\u00e9e scolaire est r\u00e9serv\u00e9e aux familles qui<b> r\u00e9sident en France avec des enfants scolaris\u00e9s en France<\/b> ou dans un \u00e9tablissement reconnu par l\u2019\u00e9ducation nationale. Si vous \u00eates un<b> travailleur frontalier<\/b>, vous pouvez en b\u00e9n\u00e9ficier si vous r\u00e9sidez en France et que vous remplissez les conditions de ressources, m\u00eame si l\u2019autre parent travaille \u00e0 l\u2019\u00e9tranger. En revanche, si votre famille<b> r\u00e9side \u00e0 l\u2019\u00e9tranger<\/b>, vous n\u2019\u00eates pas \u00e9ligible \u00e0 la prime de rentr\u00e9e fran\u00e7aise, m\u00eame si votre enfant est scolaris\u00e9 en France.<\/p>\n<p>D\u2019autres pays frontaliers proposent des dispositifs similaires comme :<\/p>\n<ul>\n<li aria-level=\"1\">Le <b>Luxembourg<\/b><\/li>\n<li aria-level=\"1\">La <b>Belgique<\/b><\/li>\n<li aria-level=\"1\">La <b>Suisse<\/b><\/li>\n<\/ul>\n<h1>L&rsquo;allocation de rentr\u00e9e scolaire au Luxembourg en 2026<\/h1>\n<h2>Les conditions de l\u2019allocation de rentr\u00e9e scolaire au Luxembourg en 2026<\/h2>\n<p>Vous pouvez b\u00e9n\u00e9ficier de l\u2019allocation de rentr\u00e9e scolaire au Luxembourg si <b>vous percevez d\u00e9j\u00e0 les allocations familiales du pays <\/b>pour votre enfant. L\u2019allocation est attribu\u00e9e \u00e0 tous les enfants qui ont <b>plus de 6 ans au moment de la rentr\u00e9e scolaire<\/b>. Si votre enfant n\u2019a pas encore 6 ans mais qu\u2019il entre en second cycle de l\u2019enseignement fondamental, il peut aussi y avoir droit sur pr\u00e9sentation d\u2019un certificat d\u2019inscription scolaire. L\u2019allocation est vers\u00e9e j<b>usqu\u2019\u00e0 la fin des \u00e9tudes secondaires ou assimil\u00e9es ou jusqu\u2019aux 25 ans<\/b> de votre enfant si celui-ci poursuit une formation dans les \u00e9tudes sup\u00e9rieures.<\/p>\n<h2>Les montants de l\u2019allocation de rentr\u00e9e scolaire au Luxembourg en 2026<\/h2>\n<p>Les montants de l\u2019allocation de rentr\u00e9e scolaire au Luxembourg pour l\u2019ann\u00e9e 2026 sont de :<\/p>\n<ul>\n<li aria-level=\"1\"><b>115 \u20ac<\/b> pour chaque enfant de 6 \u00e0 11 ans<\/li>\n<li aria-level=\"1\"><b>235 \u20ac<\/b> pour chaque enfant de 12 ans et plus.<\/li>\n<\/ul>\n<h2>Les d\u00e9marches pour b\u00e9n\u00e9ficier de l\u2019allocation de rentr\u00e9e scolaire au Luxembourg en 2026<\/h2>\n<p>Pour b\u00e9n\u00e9ficier de l\u2019allocation de rentr\u00e9e scolaire au Luxembourg, vous n\u2019avez <b>aucune d\u00e9marche<\/b> \u00e0 effectuer. La prime de rentr\u00e9e est vers\u00e9e automatiquement. Si vous \u00eates frontalier, le Luxembourg verse l\u2019allocation de rentr\u00e9e en int\u00e9gralit\u00e9 si les deux parents travaillent au Grand-Duch\u00e9. Si un seul parent travaille au Luxembourg, un compl\u00e9ment diff\u00e9rentiel peut \u00eatre vers\u00e9, g\u00e9n\u00e9ralement en janvier de l\u2019ann\u00e9e suivante.<\/p>\n<p><iframe loading=\"lazy\" title=\"L&#039;allocation de rentr\u00e9e scolaire\" width=\"500\" height=\"281\" src=\"https:\/\/www.youtube.com\/embed\/MfDoGweq-e0?feature=oembed\" frameborder=\"0\" allow=\"accelerometer; autoplay; clipboard-write; encrypted-media; gyroscope; picture-in-picture; web-share\" referrerpolicy=\"strict-origin-when-cross-origin\" allowfullscreen><\/iframe><\/p>\n<p class=\"p1\"><div class='cta-block'><div class='text'>Simulez toutes vos Aides en 2 min.<\/div><a href='https:\/\/www.mes-allocs.fr\/ab-app?origin=guides\/wp-json\/wp\/v2\/posts\/12575' class='app-button fit'>Simulation gratuite<\/a><\/div><\/p>\n<h1>L&rsquo;allocation de rentr\u00e9e scolaire en Belgique en 2026<\/h1>\n<h2>Les conditions de l\u2019allocation de rentr\u00e9e scolaire en Belgique 2026<\/h2>\n<p>Vous pouvez b\u00e9n\u00e9ficier de la prime de rentr\u00e9e scolaire en Belgique si <b>vous percevez les allocations familiales <\/b>pour votre enfant. Cette prime est vers\u00e9e <b>\u00e0 tous les enfants de 0 \u00e0 24 ans<\/b>, sans condition de scolarisation, \u00e0 condition d\u2019avoir droit aux allocations familiales pour le mois de juillet. Le montant varie selon l\u2019\u00e2ge de l\u2019enfant et la r\u00e9gion de r\u00e9sidence (Wallonie, Bruxelles, Flandre).<\/p>\n<h2>Les montants de l\u2019allocation de rentr\u00e9e scolaire en Belgique en 2026<\/h2>\n<h3>Les montants de l\u2019allocation de rentr\u00e9e scolaire \u00e0 Bruxelles<\/h3>\n<p>Le montant de l\u2019allocation de rentr\u00e9e scolaire \u00e0 Bruxelles d\u00e9pend de l\u2019\u00e2ge de votre enfant au 1er juillet 2026 :<\/p>\n\n<div class=\"wpdt-c row wpDataTableContainerSimpleTable wpDataTables wpDataTablesWrapper\n\"\n    >\n    <table id=\"wpdtSimpleTable-664\"\n           class=\"wpdtSimpleTable wpDataTable\"\n           data-column=\"2\"\n           data-rows=\"6\"\n           data-wpID=\"664\"\n           data-responsive=\"0\"\n           data-has-header=\"0\">\n\n                    <tbody>        <tr class=\"wpdt-cell-row \" >\n                            <td class=\"wpdt-cell wpdt-bc-F3F9FE wpdt-bold\"\n                                    data-cell-id=\"A1\"\n                data-col-index=\"0\"\n                data-row-index=\"0\"\n                style=\" width:51.041666666667%;                padding:10px;\"\n                >\n                                \u00c2ge de l\u2019enfant                <\/td>\n                                            <td class=\"wpdt-cell wpdt-bc-F3F9FE wpdt-bold\"\n                                    data-cell-id=\"B1\"\n                data-col-index=\"1\"\n                data-row-index=\"0\"\n                style=\" width:48.958333333333%;                padding:10px;\"\n                >\n                                Montant 2025                <\/td>\n                                        <\/tr>\n                            <tr class=\"wpdt-cell-row \" >\n                            <td class=\"wpdt-cell \"\n                                    data-cell-id=\"A2\"\n                data-col-index=\"0\"\n                data-row-index=\"1\"\n                style=\"                padding:10px;\"\n                >\n                                0 \u00e0 5 ans                <\/td>\n                                            <td class=\"wpdt-cell \"\n                                    data-cell-id=\"B2\"\n                data-col-index=\"1\"\n                data-row-index=\"1\"\n                style=\"                padding:10px;\"\n                >\n                                24,87 \u20ac                <\/td>\n                                        <\/tr>\n                            <tr class=\"wpdt-cell-row \" >\n                            <td class=\"wpdt-cell \"\n                                    data-cell-id=\"A3\"\n                data-col-index=\"0\"\n                data-row-index=\"2\"\n                style=\"                padding:10px;\"\n                >\n                                6 \u00e0 11 ans                <\/td>\n                                            <td class=\"wpdt-cell \"\n                                    data-cell-id=\"B3\"\n                data-col-index=\"1\"\n                data-row-index=\"2\"\n                style=\"                padding:10px;\"\n                >\n                                37,30 \u20ac                <\/td>\n                                        <\/tr>\n                            <tr class=\"wpdt-cell-row \" >\n                            <td class=\"wpdt-cell \"\n                                    data-cell-id=\"A4\"\n                data-col-index=\"0\"\n                data-row-index=\"3\"\n                style=\"                padding:10px;\"\n                >\n                                12 \u00e0 17 ans                <\/td>\n                                            <td class=\"wpdt-cell \"\n                                    data-cell-id=\"B4\"\n                data-col-index=\"1\"\n                data-row-index=\"3\"\n                style=\"                padding:10px;\"\n                >\n                                62,17 \u20ac                <\/td>\n                                        <\/tr>\n                            <tr class=\"wpdt-cell-row \" >\n                            <td class=\"wpdt-cell \"\n                                    data-cell-id=\"A5\"\n                data-col-index=\"0\"\n                data-row-index=\"4\"\n                style=\"                padding:10px;\"\n                >\n                                18 \u00e0 24 ans (sans \u00e9tudes sup\u00e9rieures)                <\/td>\n                                            <td class=\"wpdt-cell \"\n                                    data-cell-id=\"B5\"\n                data-col-index=\"1\"\n                data-row-index=\"4\"\n                style=\"                padding:10px;\"\n                >\n                                62,17 \u20ac                <\/td>\n                                        <\/tr>\n                            <tr class=\"wpdt-cell-row \" >\n                            <td class=\"wpdt-cell \"\n                                    data-cell-id=\"A6\"\n                data-col-index=\"0\"\n                data-row-index=\"5\"\n                style=\"                padding:10px;\"\n                >\n                                18 \u00e0 24 ans (avec \u00e9tudes sup\u00e9rieures)                <\/td>\n                                            <td class=\"wpdt-cell \"\n                                    data-cell-id=\"B6\"\n                data-col-index=\"1\"\n                data-row-index=\"5\"\n                style=\"                padding:10px;\"\n                >\n                                99,47 \u20ac                <\/td>\n                                        <\/tr>\n                    <\/table>\n<\/div><style id='wpdt-custom-style-664'>\n.wpdt-bc-F3F9FE { background-color: #F3F9FE !important;}\n<\/style>\n\n<h3>Les montants de l\u2019allocation de rentr\u00e9e scolaire en Wallonie<\/h3>\n<p>En Wallonie, les montants varient selon l\u2019\u00e2ge et la situation de votre enfant :<\/p>\n\n<div class=\"wpdt-c row wpDataTableContainerSimpleTable wpDataTables wpDataTablesWrapper\n\"\n    >\n    <table id=\"wpdtSimpleTable-665\"\n           class=\"wpdtSimpleTable wpDataTable\"\n           data-column=\"3\"\n           data-rows=\"5\"\n           data-wpID=\"665\"\n           data-responsive=\"0\"\n           data-has-header=\"0\">\n\n                    <tbody>        <tr class=\"wpdt-cell-row \" >\n                            <td class=\"wpdt-cell wpdt-bold wpdt-bc-B0DBFF\"\n                                    data-cell-id=\"A1\"\n                data-col-index=\"0\"\n                data-row-index=\"0\"\n                style=\" width:34.059097978227%;                padding:10px;\"\n                >\n                                \u00c2ge de l\u2019enfant                <\/td>\n                                            <td class=\"wpdt-cell wpdt-bold wpdt-bc-B0DBFF\"\n                                    data-cell-id=\"B1\"\n                data-col-index=\"1\"\n                data-row-index=\"0\"\n                style=\" width:32.970451010886%;                padding:10px;\"\n                >\n                                Montant de base 2025                <\/td>\n                                            <td class=\"wpdt-cell wpdt-bold wpdt-bc-B0DBFF\"\n                                    data-cell-id=\"C1\"\n                data-col-index=\"2\"\n                data-row-index=\"0\"\n                style=\" width:32.970451010886%;                padding:10px;\"\n                >\n                                Montant avec suppl\u00e9ment                <\/td>\n                                        <\/tr>\n                            <tr class=\"wpdt-cell-row \" >\n                            <td class=\"wpdt-cell \"\n                                    data-cell-id=\"A2\"\n                data-col-index=\"0\"\n                data-row-index=\"1\"\n                style=\"                padding:10px;\"\n                >\n                                0 - 5 ans                <\/td>\n                                            <td class=\"wpdt-cell \"\n                                    data-cell-id=\"B2\"\n                data-col-index=\"1\"\n                data-row-index=\"1\"\n                style=\"                padding:10px;\"\n                >\n                                26,39\u00a0euros                <\/td>\n                                            <td class=\"wpdt-cell \"\n                                    data-cell-id=\"C2\"\n                data-col-index=\"2\"\n                data-row-index=\"1\"\n                style=\"                padding:10px;\"\n                >\n                                36,42\u00a0euros                <\/td>\n                                        <\/tr>\n                            <tr class=\"wpdt-cell-row \" >\n                            <td class=\"wpdt-cell \"\n                                    data-cell-id=\"A3\"\n                data-col-index=\"0\"\n                data-row-index=\"2\"\n                style=\"                padding:10px;\"\n                >\n                                6 - 11 ans                <\/td>\n                                            <td class=\"wpdt-cell \"\n                                    data-cell-id=\"B3\"\n                data-col-index=\"1\"\n                data-row-index=\"2\"\n                style=\"                padding:10px;\"\n                >\n                                56,74\u00a0euros                <\/td>\n                                            <td class=\"wpdt-cell \"\n                                    data-cell-id=\"C3\"\n                data-col-index=\"2\"\n                data-row-index=\"2\"\n                style=\"                padding:10px;\"\n                >\n                                77,30\u00a0euros                <\/td>\n                                        <\/tr>\n                            <tr class=\"wpdt-cell-row \" >\n                            <td class=\"wpdt-cell \"\n                                    data-cell-id=\"A4\"\n                data-col-index=\"0\"\n                data-row-index=\"3\"\n                style=\"                padding:10px;\"\n                >\n                                12 - 17 ans                <\/td>\n                                            <td class=\"wpdt-cell \"\n                                    data-cell-id=\"B4\"\n                data-col-index=\"1\"\n                data-row-index=\"3\"\n                style=\"                padding:10px;\"\n                >\n                                79,16\u00a0euros                <\/td>\n                                            <td class=\"wpdt-cell \"\n                                    data-cell-id=\"C4\"\n                data-col-index=\"2\"\n                data-row-index=\"3\"\n                style=\"                padding:10px;\"\n                >\n                                108,22\u00a0euros                <\/td>\n                                        <\/tr>\n                            <tr class=\"wpdt-cell-row \" >\n                            <td class=\"wpdt-cell \"\n                                    data-cell-id=\"A5\"\n                data-col-index=\"0\"\n                data-row-index=\"4\"\n                style=\"                padding:10px;\"\n                >\n                                \u00e0 partir de 18 ans                <\/td>\n                                            <td class=\"wpdt-cell \"\n                                    data-cell-id=\"B5\"\n                data-col-index=\"1\"\n                data-row-index=\"4\"\n                style=\"                padding:10px;\"\n                >\n                                105,56\u00a0euros                <\/td>\n                                            <td class=\"wpdt-cell \"\n                                    data-cell-id=\"C5\"\n                data-col-index=\"2\"\n                data-row-index=\"4\"\n                style=\"                padding:10px;\"\n                >\n                                145,69\u00a0euros                <\/td>\n                                        <\/tr>\n                    <\/table>\n<\/div><style id='wpdt-custom-style-665'>\n.wpdt-bc-B0DBFF { background-color: #B0DBFF !important;}\n<\/style>\n\n<p>Vous pouvez b\u00e9n\u00e9ficier du montant avec suppl\u00e9ment uniquement si vous b\u00e9n\u00e9ficiez d\u2019un suppl\u00e9ment social.<\/p>\n<h3>Les montants de l\u2019allocation de rentr\u00e9e scolaire en Flandre<\/h3>\n<p>En Flandre, l\u2019allocation de rentr\u00e9e scolaire est aussi vers\u00e9e en ao\u00fbt et d\u00e9pend de l\u2019\u00e2ge de votre enfant :<\/p>\n\n<div class=\"wpdt-c row wpDataTableContainerSimpleTable wpDataTables wpDataTablesWrapper\n\"\n    >\n    <table id=\"wpdtSimpleTable-666\"\n           class=\"wpdtSimpleTable wpDataTable\"\n           data-column=\"2\"\n           data-rows=\"5\"\n           data-wpID=\"666\"\n           data-responsive=\"0\"\n           data-has-header=\"0\">\n\n                    <tbody>        <tr class=\"wpdt-cell-row \" >\n                            <td class=\"wpdt-cell wpdt-bold wpdt-tc-000000 wpdt-bc-B0DBFF\"\n                                    data-cell-id=\"A1\"\n                data-col-index=\"0\"\n                data-row-index=\"0\"\n                style=\" width:46.703296703297%;                padding:10px;\"\n                >\n                                \u00c2ge de l\u2019enfant                <\/td>\n                                            <td class=\"wpdt-cell wpdt-bold wpdt-tc-000000 wpdt-bc-B0DBFF\"\n                                    data-cell-id=\"B1\"\n                data-col-index=\"1\"\n                data-row-index=\"0\"\n                style=\" width:53.296703296703%;                padding:10px;\"\n                >\n                                Montant en 2025                <\/td>\n                                        <\/tr>\n                            <tr class=\"wpdt-cell-row \" >\n                            <td class=\"wpdt-cell \"\n                                    data-cell-id=\"A2\"\n                data-col-index=\"0\"\n                data-row-index=\"1\"\n                style=\"                padding:10px;\"\n                >\n                                0 \u00e0 4 ans                <\/td>\n                                            <td class=\"wpdt-cell \"\n                                    data-cell-id=\"B2\"\n                data-col-index=\"1\"\n                data-row-index=\"1\"\n                style=\"                padding:10px;\"\n                >\n                                24,87 \u20ac                <\/td>\n                                        <\/tr>\n                            <tr class=\"wpdt-cell-row \" >\n                            <td class=\"wpdt-cell \"\n                                    data-cell-id=\"A3\"\n                data-col-index=\"0\"\n                data-row-index=\"2\"\n                style=\"                padding:10px;\"\n                >\n                                5 \u00e0 10 ans                <\/td>\n                                            <td class=\"wpdt-cell \"\n                                    data-cell-id=\"B3\"\n                data-col-index=\"1\"\n                data-row-index=\"2\"\n                style=\"                padding:10px;\"\n                >\n                                37,30 \u20ac                <\/td>\n                                        <\/tr>\n                            <tr class=\"wpdt-cell-row \" >\n                            <td class=\"wpdt-cell \"\n                                    data-cell-id=\"A4\"\n                data-col-index=\"0\"\n                data-row-index=\"3\"\n                style=\"                padding:10px;\"\n                >\n                                11 \u00e0 16 ans                <\/td>\n                                            <td class=\"wpdt-cell \"\n                                    data-cell-id=\"B4\"\n                data-col-index=\"1\"\n                data-row-index=\"3\"\n                style=\"                padding:10px;\"\n                >\n                                62,17 \u20ac                <\/td>\n                                        <\/tr>\n                            <tr class=\"wpdt-cell-row \" >\n                            <td class=\"wpdt-cell \"\n                                    data-cell-id=\"A5\"\n                data-col-index=\"0\"\n                data-row-index=\"4\"\n                style=\"                padding:10px;\"\n                >\n                                \u00c0 partir de 17 ans                <\/td>\n                                            <td class=\"wpdt-cell \"\n                                    data-cell-id=\"B5\"\n                data-col-index=\"1\"\n                data-row-index=\"4\"\n                style=\"                padding:10px;\"\n                >\n                                99,47 \u20ac                <\/td>\n                                        <\/tr>\n                    <\/table>\n<\/div><style id='wpdt-custom-style-666'>\n.wpdt-tc-000000 { color: #000000 !important;}\n.wpdt-bc-B0DBFF { background-color: #B0DBFF !important;}\n<\/style>\n\n<h2>Les d\u00e9marches pour b\u00e9n\u00e9ficier de l\u2019allocation de rentr\u00e9e scolaire en Belgique en 2026<\/h2>\n<p>Pour b\u00e9n\u00e9ficier de l\u2019allocation de rentr\u00e9e scolaire en Belgique, vous n\u2019avez <b>pas de d\u00e9marche \u00e0 effectuer<\/b> car la prime est vers\u00e9e <b>automatiquement<\/b> avec les allocations familiales de juillet, donc g\u00e9n\u00e9ralement au d\u00e9but du mois d\u2019ao\u00fbt. Il vous suffit donc d\u2019\u00eatre b\u00e9n\u00e9ficiaire des allocations familiales et aucun formulaire ni justificatif n\u2019est \u00e0 fournir.<\/p>\n<h1>L&rsquo;allocation de rentr\u00e9e scolaire en Suisse en 2026<\/h1>\n<h2>Les conditions de l\u2019allocation de rentr\u00e9e scolaire en Suisse 2026<\/h2>\n<p>Pour b\u00e9n\u00e9ficier de l\u2019allocation de rentr\u00e9e scolaire en Suisse qui se pr\u00e9sente sous la forme d\u2019une carte, vous devez :<\/p>\n<ul>\n<li aria-level=\"1\"><b>R\u00e9sider sur le territoire de la ville de Gen\u00e8ve <\/b>avec votre ou vos enfants.<\/li>\n<li aria-level=\"1\">Avoir un <b>enfant \u00e0 charge qui est scolaris\u00e9 entre le degr\u00e9 1 et le degr\u00e9 11.\u00a0<\/b><\/li>\n<li aria-level=\"1\">\u00catre t<b>itulaire d\u2019un titre de s\u00e9jour valable.<\/b><\/li>\n<li aria-level=\"1\">Percevoir le <b>subside cantonal d\u2019assurance-maladie<\/b> pour vous-m\u00eame ou votre enfant.<\/li>\n<li aria-level=\"1\"><b>Ne pas recevoir d\u2019aide r\u00e9guli\u00e8re <\/b>du service social de la Ville de Gen\u00e8ve.<\/li>\n<\/ul>\n<h2>Les montants de l\u2019allocation de rentr\u00e9e scolaire en Suisse en 2026<\/h2>\n<p>Les montants de l\u2019allocation de rentr\u00e9e scolaire en Suisse pour 2026 sont les suivants :<\/p>\n<ul>\n<li aria-level=\"1\"><b>130 francs suisses<\/b> par an pour chaque enfant scolaris\u00e9 en primaire.<\/li>\n<li aria-level=\"1\"><b>180 francs suisses<\/b> par an pour chaque enfant au coll\u00e8ge.<\/li>\n<\/ul>\n<p>Comme mentionn\u00e9 pr\u00e9c\u00e9demment, la prime de rentr\u00e9e est vers\u00e9e sous forme de carte \u00e9lectronique qui est valable dans un r\u00e9seau de commerces partenaires pour acheter les fournitures scolaires de votre enfant.<\/p>\n<h2>Les d\u00e9marches pour b\u00e9n\u00e9ficier de l\u2019allocation de rentr\u00e9e scolaire en Suisse en 2026<\/h2>\n<p>Pour b\u00e9n\u00e9ficier de l\u2019allocation de rentr\u00e9e scolaire en Suisse, vous devez effectuer votre demande :<\/p>\n<ul>\n<li aria-level=\"1\"><b>En ligne<\/b> \u00e0 partir de l\u2019espace e-d\u00e9marche de l&rsquo;\u00c9tat de Gen\u00e8ve<\/li>\n<li aria-level=\"1\"><b>Par courrier<\/b> en envoyant le formulaire et les justificatifs demand\u00e9s au service social de la Ville de Gen\u00e8ve.<\/li>\n<\/ul>\n<p>Si vous n\u2019avez pas de compte e-d\u00e9marches, vous pouvez en cr\u00e9er un en ligne en vous rendant au guichet avec une pi\u00e8ce d\u2019identit\u00e9 et votre t\u00e9l\u00e9phone.<\/p>\n<h1>Quelles sont les diff\u00e9rences entre l\u2019ARS en France et l\u2019allocation de rentr\u00e9e scolaire dans les pays frontaliers ?<\/h1>\n<p>En France, le montant de l\u2019allocation de rentr\u00e9e scolaire est <strong>plus \u00e9lev\u00e9<\/strong> (423,05 \u20ac \u00e0 462,03 \u20ac selon l\u2019\u00e2ge de votre enfant) et il s&rsquo;agit d&rsquo;un versement sous conditions de ressources, alors que le Luxembourg et la Belgique proposent des aides plus faibles mais universelles. En ce qui concerne la Suisse, elle n\u2019a pas d\u2019allocation nationale pour la rentr\u00e9e scolaire.<\/p>\n<div class='shortcode summary'><div class='title'>En r\u00e9sum\u00e9 :<\/div><div class='content'><ul><li>L\u2019allocation de rentr\u00e9e scolaire en France est soumise \u00e0 des <b>conditions de ressources<\/b> et elle est destin\u00e9e aux familles qui <b>r\u00e9sident en France<\/b> avec des enfants <b>scolaris\u00e9s en France<\/b> ou reconnus par l\u2019\u00e9ducation nationale.<\/li><li>Les frontaliers peuvent y avoir droit<b> s\u2019ils r\u00e9sident en France<\/b>, m\u00eame si un des parents travaille \u00e0 l\u2019\u00e9tranger \u00e0 condition de respecter les crit\u00e8res.<\/li><li><b>Chaque pays frontalier a ses propres dispositifs<\/b>. Au Luxembourg, en Suisse et en Belgique, l\u2019allocation de rentr\u00e9e scolaire existe sous diff\u00e9rentes formes et conditions.<\/li><li>La France propose l\u2019allocation de rentr\u00e9e scolaire la <b>plus \u00e9lev\u00e9e<\/b>, tandis que les montants sont plus faibles dans les pays frontaliers.<\/li><li>Dans la plupart des cas, l\u2019allocation de rentr\u00e9e scolaire est vers\u00e9e <b>automatiquement<\/b> dans les pays frontaliers, sauf en Suisse o\u00f9 il est n\u00e9cessaire de faire une demande.<\/li><\/ul><\/div><\/div>\n<p class=\"p1\"><div class='cta-block'><div class='text'>Simulez toutes vos Aides en 2 min.<\/div><a href='https:\/\/www.mes-allocs.fr\/ab-app?origin=guides\/wp-json\/wp\/v2\/posts\/12575' class='app-button fit'>Simulation gratuite<\/a><\/div><\/p>\n<\/div>\n","protected":false},"excerpt":{"rendered":"<p>[Mis \u00e0 jour le 23\/02\/2026] Si la France propose une allocation de rentr\u00e9e scolaire sous conditions, d\u2019autres pays frontaliers comme le Luxembourg, la Belgique ou la Suisse disposent aussi de dispositifs similaires. Cependant, les conditions d&rsquo;\u00e9ligibilit\u00e9 \u00e0 l\u2019ARS varient d\u2019un pays \u00e0 l\u2019autre. Dans cet article, d\u00e9couvrez les sp\u00e9cificit\u00e9s de l\u2019allocation de rentr\u00e9e scolaire pour [&hellip;]<\/p>\n","protected":false},"author":9,"featured_media":12836,"comment_status":"open","ping_status":"open","sticky":false,"template":"","format":"standard","meta":{"amp_status":"","footnotes":""},"categories":[41,41949,10],"tags":[],"class_list":["post-12575","post","type-post","status-publish","format-standard","has-post-thumbnail","hentry","category-allocation-rentree-scolaire","category-allocation-rentree-scolaire-conditions","category-allocations-familiales"],"yoast_head":"<!-- This site is optimized with the Yoast SEO plugin v14.9 - https:\/\/yoast.com\/wordpress\/plugins\/seo\/ -->\n<title>Quelle allocation de rentr\u00e9e scolaire pour les frontaliers ?<\/title>\n<meta name=\"description\" content=\"Vous vivez en France et travaillez dans un pays frontalier ? Vous pouvez peut-\u00eatre b\u00e9n\u00e9ficier de l&#039;allocation de rentr\u00e9e scolaire.\" \/>\n<meta name=\"robots\" content=\"index, follow, max-snippet:-1, max-image-preview:large, max-video-preview:-1\" \/>\n<link rel=\"canonical\" href=\"https:\/\/www.mes-allocs.fr\/guides\/allocations-familiales\/allocation-rentree-scolaire\/allocation-rentree-scolaire-conditions\/allocation-rentree-scolaire-frontaliers\/\" \/>\n<meta property=\"og:locale\" content=\"fr_FR\" \/>\n<meta property=\"og:type\" content=\"article\" \/>\n<meta property=\"og:title\" content=\"Quelle allocation de rentr\u00e9e scolaire pour les frontaliers ?\" \/>\n<meta property=\"og:description\" content=\"Vous vivez en France et travaillez dans un pays frontalier ? Vous pouvez peut-\u00eatre b\u00e9n\u00e9ficier de l&#039;allocation de rentr\u00e9e scolaire.\" \/>\n<meta property=\"og:url\" content=\"https:\/\/www.mes-allocs.fr\/guides\/allocations-familiales\/allocation-rentree-scolaire\/allocation-rentree-scolaire-conditions\/allocation-rentree-scolaire-frontaliers\/\" \/>\n<meta property=\"og:site_name\" content=\"Mes-Allocs.fr\" \/>\n<meta property=\"article:published_time\" content=\"2020-09-16T07:48:15+00:00\" \/>\n<meta property=\"article:modified_time\" content=\"2026-02-23T15:33:53+00:00\" \/>\n<meta property=\"og:image\" content=\"https:\/\/www.mes-allocs.fr\/guides\/wp-content\/uploads\/2020\/09\/Quelle-allocation-de-rentre\u0301e-scolaire-pour-les-frontaliers-.jpg?wsr\" \/>\n\t<meta property=\"og:image:width\" content=\"1280\" \/>\n\t<meta property=\"og:image:height\" content=\"853\" \/>\n<meta name=\"twitter:card\" content=\"summary_large_image\" \/>\n<script type=\"application\/ld+json\" class=\"yoast-schema-graph\">{\"@context\":\"https:\/\/schema.org\",\"@graph\":[{\"@type\":\"WebSite\",\"@id\":\"https:\/\/www.mes-allocs.fr\/guides\/#website\",\"url\":\"https:\/\/www.mes-allocs.fr\/guides\/\",\"name\":\"Mes-Allocs.fr\",\"description\":\"\",\"potentialAction\":[{\"@type\":\"SearchAction\",\"target\":\"https:\/\/www.mes-allocs.fr\/guides\/?s={search_term_string}\",\"query-input\":\"required name=search_term_string\"}],\"inLanguage\":\"fr-FR\"},{\"@type\":\"ImageObject\",\"@id\":\"https:\/\/www.mes-allocs.fr\/guides\/allocations-familiales\/allocation-rentree-scolaire\/allocation-rentree-scolaire-conditions\/allocation-rentree-scolaire-frontaliers\/#primaryimage\",\"inLanguage\":\"fr-FR\",\"url\":\"https:\/\/www.mes-allocs.fr\/guides\/wp-content\/uploads\/2020\/09\/Quelle-allocation-de-rentre\\u0301e-scolaire-pour-les-frontaliers-.jpg?wsr\",\"width\":1280,\"height\":853,\"caption\":\"Quelle allocation de rentre\\u0301e scolaire pour les frontaliers\"},{\"@type\":\"WebPage\",\"@id\":\"https:\/\/www.mes-allocs.fr\/guides\/allocations-familiales\/allocation-rentree-scolaire\/allocation-rentree-scolaire-conditions\/allocation-rentree-scolaire-frontaliers\/#webpage\",\"url\":\"https:\/\/www.mes-allocs.fr\/guides\/allocations-familiales\/allocation-rentree-scolaire\/allocation-rentree-scolaire-conditions\/allocation-rentree-scolaire-frontaliers\/\",\"name\":\"Quelle allocation de rentr\\u00e9e scolaire pour les frontaliers ?\",\"isPartOf\":{\"@id\":\"https:\/\/www.mes-allocs.fr\/guides\/#website\"},\"primaryImageOfPage\":{\"@id\":\"https:\/\/www.mes-allocs.fr\/guides\/allocations-familiales\/allocation-rentree-scolaire\/allocation-rentree-scolaire-conditions\/allocation-rentree-scolaire-frontaliers\/#primaryimage\"},\"datePublished\":\"2020-09-16T07:48:15+00:00\",\"dateModified\":\"2026-02-23T15:33:53+00:00\",\"author\":{\"@id\":\"https:\/\/www.mes-allocs.fr\/guides\/#\/schema\/person\/e4e762c89158b34a332446d26f02fd56\"},\"description\":\"Vous vivez en France et travaillez dans un pays frontalier ? Vous pouvez peut-\\u00eatre b\\u00e9n\\u00e9ficier de l'allocation de rentr\\u00e9e scolaire.\",\"inLanguage\":\"fr-FR\"},{\"@type\":\"Person\",\"@id\":\"https:\/\/www.mes-allocs.fr\/guides\/#\/schema\/person\/e4e762c89158b34a332446d26f02fd56\",\"name\":\"Marylou\",\"image\":{\"@type\":\"ImageObject\",\"@id\":\"https:\/\/www.mes-allocs.fr\/guides\/#personlogo\",\"inLanguage\":\"fr-FR\",\"url\":\"https:\/\/www.mes-allocs.fr\/guides\/wp-content\/uploads\/2021\/06\/marylou-150x150.png\",\"caption\":\"Marylou\"},\"description\":\"Marylou est r\\u00e9dactrice au sein de l'\\u00e9quipe Mes Allocs, sp\\u00e9cialiste des sujets de soci\\u00e9t\\u00e9 en g\\u00e9n\\u00e9ral. Dipl\\u00f4m\\u00e9e de l'Institut Sup\\u00e9rieur de Formation au Journalisme, elle rejoint Mes Allocs apr\\u00e8s cr\\u00e9\\u00e9 son premier blog personnel.\",\"sameAs\":[\"https:\/\/www.linkedin.com\/in\/marylou-pr\\u00e9vost\"]}]}<\/script>\n<!-- \/ Yoast SEO plugin. -->","amp_validity":null,"acf":{"faq":{"1":{"question":"Qui est \u00e9ligible \u00e0 l'allocation de rentr\u00e9e scolaire ?","answer":"Vous y avez le droit si vous avez au moins un enfant \u00e0 charge scolaris\u00e9 et \u00e2g\u00e9 de 6 \u00e0 18 ans. Pour la rentr\u00e9e scolaire 2026, les montants de l'allocation de rentr\u00e9e scolaire devraient \u00eatre d'environ 423,05 \u20ac pour les enfants de 6 \u00e0 10 ans, 446,15 \u20ac pour ceux de 11 \u00e0 14 ans, et 462,03 \u20ac pour les 15 \u00e0 18 ans, sous r\u00e9serve de ne pas d\u00e9passer les plafonds de ressources fix\u00e9s \u00e0 28 956 \u20ac \u20ac pour un enfant, 35 638 \u20ac pour deux enfants, et 42 320 \u20ac pour trois enfants."},"2":{"question":"Quand est-ce que l'allocation de rentr\u00e9e scolaire est vers\u00e9e au Luxembourg ?","answer":"L'allocation de rentr\u00e9e scolaire est vers\u00e9e au Luxembourg au mois d'ao\u00fbt de chaque ann\u00e9e."},"3":{"question":"Quelle est l'allocation de rentr\u00e9e scolaire en Allemagne ?","answer":"Elle est d'un montant de 195 \u20ac par enfant. "},"4":{"question":"Qui n'a pas droit \u00e0 la prime de rentr\u00e9e scolaire ?","answer":"En France, les familles avec des revenus trop \u00e9lev\u00e9s ou dont les enfants ont moins de 6 ans ou plus de 18 ans n'ont pas le droit \u00e0 la prime de rentr\u00e9e scolaire. Ainsi, <a href=\"https:\/\/www.mes-allocs.fr\/guides\/allocations-familiales\/allocation-rentree-scolaire\/allocation-rentree-scolaire-conditions\/allocation-rentree-scolaire-apres-18-ans\/\">l'ARS pour un enfant majeur n'est pas possible <\/a>.\r\n\r\n"},"5":{"question":"Quels revenus sont pris en compte pour l'allocation de rentr\u00e9e scolaire ?","answer":"En France, les revenus pris en compte pour l'allocation de rentr\u00e9e scolaire sont le revenu net cat\u00e9goriel de 2024."},"6":{"question":"Comment puis-je r\u00e9cup\u00e9rer l'allocation rentr\u00e9e scolaire ?","answer":"En France, le versement de l'ARS est automatique."},"7":{"question":"","answer":""},"8":{"question":"","answer":""},"9":{"question":"","answer":""},"10":{"question":"","answer":""},"11":{"question":"","answer":""},"12":{"question":"","answer":""},"13":{"question":"","answer":""},"14":{"question":"","answer":""},"15":{"question":"","answer":""},"16":{"question":"","answer":""}}},"_links":{"self":[{"href":"https:\/\/www.mes-allocs.fr\/guides\/wp-json\/wp\/v2\/posts\/12575","targetHints":{"allow":["GET"]}}],"collection":[{"href":"https:\/\/www.mes-allocs.fr\/guides\/wp-json\/wp\/v2\/posts"}],"about":[{"href":"https:\/\/www.mes-allocs.fr\/guides\/wp-json\/wp\/v2\/types\/post"}],"author":[{"embeddable":true,"href":"https:\/\/www.mes-allocs.fr\/guides\/wp-json\/wp\/v2\/users\/9"}],"replies":[{"embeddable":true,"href":"https:\/\/www.mes-allocs.fr\/guides\/wp-json\/wp\/v2\/comments?post=12575"}],"version-history":[{"count":41,"href":"https:\/\/www.mes-allocs.fr\/guides\/wp-json\/wp\/v2\/posts\/12575\/revisions"}],"predecessor-version":[{"id":109727,"href":"https:\/\/www.mes-allocs.fr\/guides\/wp-json\/wp\/v2\/posts\/12575\/revisions\/109727"}],"wp:featuredmedia":[{"embeddable":true,"href":"https:\/\/www.mes-allocs.fr\/guides\/wp-json\/wp\/v2\/media\/12836"}],"wp:attachment":[{"href":"https:\/\/www.mes-allocs.fr\/guides\/wp-json\/wp\/v2\/media?parent=12575"}],"wp:term":[{"taxonomy":"category","embeddable":true,"href":"https:\/\/www.mes-allocs.fr\/guides\/wp-json\/wp\/v2\/categories?post=12575"},{"taxonomy":"post_tag","embeddable":true,"href":"https:\/\/www.mes-allocs.fr\/guides\/wp-json\/wp\/v2\/tags?post=12575"}],"curies":[{"name":"wp","href":"https:\/\/api.w.org\/{rel}","templated":true}]}}