{"id":12523,"date":"2020-09-16T08:08:34","date_gmt":"2020-09-16T08:08:34","guid":{"rendered":"https:\/\/www.mes-allocs.fr\/guides\/?p=12523"},"modified":"2026-02-23T15:46:34","modified_gmt":"2026-02-23T14:46:34","slug":"age-allocation-rentree-scolaire","status":"publish","type":"post","link":"https:\/\/www.mes-allocs.fr\/guides\/allocations-familiales\/allocation-rentree-scolaire\/allocation-rentree-scolaire-conditions\/age-allocation-rentree-scolaire\/","title":{"rendered":"\u00c0 quel \u00e2ge est vers\u00e9e l&rsquo;allocation de rentr\u00e9e scolaire ?"},"content":{"rendered":"<div id=\"brs\" data-hveid=\"CBYQAA\">\n<div class=\"card-section\">\n<div class=\"brs_col\">\n<p style=\"text-align: justify;\"><strong><a href=\"https:\/\/www.mes-allocs.fr\/guides\/wp-content\/uploads\/2020\/09\/Quel-a\u0302ge-ouvre-droit-a\u0300-lallocation-de-rentre\u0301e-scolaire-1-1.jpg\"><img loading=\"lazy\" decoding=\"async\" class=\"aligncenter wp-image-12831 \" src=\"https:\/\/www.mes-allocs.fr\/guides\/wp-content\/uploads\/2020\/09\/Quel-a\u0302ge-ouvre-droit-a\u0300-lallocation-de-rentre\u0301e-scolaire-1-1-e1600164113871.jpg\" alt=\"Quel a\u0302ge ouvre droit a\u0300 l'allocation de rentre\u0301e scolaire ?\" width=\"1402\" height=\"378\" srcset=\"https:\/\/www.mes-allocs.fr\/guides\/wp-content\/uploads\/2020\/09\/Quel-a\u0302ge-ouvre-droit-a\u0300-lallocation-de-rentre\u0301e-scolaire-1-1-e1600164113871.jpg 1280w, https:\/\/www.mes-allocs.fr\/guides\/wp-content\/uploads\/2020\/09\/Quel-a\u0302ge-ouvre-droit-a\u0300-lallocation-de-rentre\u0301e-scolaire-1-1-e1600164113871-300x81.jpg 300w, https:\/\/www.mes-allocs.fr\/guides\/wp-content\/uploads\/2020\/09\/Quel-a\u0302ge-ouvre-droit-a\u0300-lallocation-de-rentre\u0301e-scolaire-1-1-e1600164113871-1024x276.jpg 1024w, https:\/\/www.mes-allocs.fr\/guides\/wp-content\/uploads\/2020\/09\/Quel-a\u0302ge-ouvre-droit-a\u0300-lallocation-de-rentre\u0301e-scolaire-1-1-e1600164113871-768x207.jpg 768w, https:\/\/www.mes-allocs.fr\/guides\/wp-content\/uploads\/2020\/09\/Quel-a\u0302ge-ouvre-droit-a\u0300-lallocation-de-rentre\u0301e-scolaire-1-1-e1600164113871-600x162.jpg 600w\" sizes=\"auto, (max-width: 1402px) 100vw, 1402px\" \/><\/a><\/strong><\/p>\n<p>[Mis \u00e0 jour le 23\/02\/2026] L\u2019allocation de rentr\u00e9e scolaire (ARS) est une aide assimil\u00e9e aux allocations familiales qui vous permet de couvrir les frais li\u00e9s \u00e0 la rentr\u00e9e scolaire. Les <a href=\"https:\/\/www.mes-allocs.fr\/guides\/allocations-familiales\/allocation-rentree-scolaire\/allocation-rentree-scolaire-conditions\/\">conditions de l&rsquo;ARS<\/a> varient en fonction de diff\u00e9rents crit\u00e8res, notamment l\u2019\u00e2ge de votre enfant. Dans cet article, Mes Allocs vous explique <strong>\u00e0 quel \u00e2ge est vers\u00e9e<\/strong> <b>l\u2019allocation de rentr\u00e9e scolaire<\/b>, comment celui-ci est pris en compte et les d\u00e9marches \u00e0 effectuer en fonction de l\u2019\u00e2ge de vos enfants.<\/p>\n<p class=\"p1\"><div class='cta-block'><div class='text'>Simulez toutes vos Aides en 2 min.<\/div><a href='https:\/\/www.mes-allocs.fr\/ab-app?origin=guides\/wp-json\/wp\/v2\/posts\/12523' class='app-button fit'>Simulation gratuite<\/a><\/div><\/p>\n<h1>\u00c0 quoi sert l\u2019allocation de rentr\u00e9e scolaire ?<\/h1>\n<p>L\u2019allocation de rentr\u00e9e scolaire vous permet de subvenir aux besoins de vos enfants lorsqu\u2019il s\u2019agit de pr\u00e9parer la rentr\u00e9e. Elle permet ainsi d\u2019acheter les fournitures n\u00e9cessaires, \u00e0 condition de respecter certains crit\u00e8res, notamment au niveau de l\u2019\u00e2ge de vos enfants mais aussi au niveau de vos ressources. L\u2019ARS permet donc d\u2019<b>all\u00e9ger la charge financi\u00e8re de la rentr\u00e9e.\u00a0<\/b><\/p>\n<h1>\u00c0 quel \u00e2ge votre enfant peut b\u00e9n\u00e9ficier de l\u2019allocation de rentr\u00e9e scolaire ?<\/h1>\n<h2>Quelles sont les tranches d\u2019\u00e2ge \u00e9ligibles pour l\u2019ARS ?<\/h2>\n<p>L\u2019allocation de rentr\u00e9e scolaire est accessible pour les enfants \u00e2g\u00e9s <b>de 6 \u00e0 18 ans<\/b>. Pour la rentr\u00e9e 2025, elle concerne les enfants n\u00e9s entre le 16 septembre 2008 et le 31 d\u00e9cembre 2020.<\/p>\n<h2>Jusqu\u2019\u00e0 quel \u00e2ge l\u2019ARS est-elle vers\u00e9e ?<\/h2>\n<p>L\u2019ARS est vers\u00e9e jusqu\u2019\u00e0 la rentr\u00e9e scolaire suivant le<b> 18e anniversaire<\/b> de votre enfant. Pour la rentr\u00e9e 2026, votre enfant ne doit pas avoir 18 ans au 15 septembre 2026. Si votre enfant est encore scolaris\u00e9 apr\u00e8s 18 ans, il n\u2019est plus \u00e9ligible \u00e0 l\u2019ARS, mais d\u2019autres dispositifs peuvent lui \u00eatre accessibles.<\/p>\n<h1>Comment est calcul\u00e9 l\u2019\u00e2ge retenu pour l\u2019ARS ?<\/h1>\n<p>L\u2019\u00e2ge pris en compte pour l\u2019attribution et le montant de l\u2019allocation de rentr\u00e9e scolaire est celui de votre enfant au<b> 31 d\u00e9cembre de l\u2019ann\u00e9e de la rentr\u00e9e scolaire<\/b>.<\/p>\n<div class='shortcode tips'><div class='title'>Exemple<\/div><div class='content'>Si votre enfant a 14 ans lors du versement en ao\u00fbt mais qu\u2019il f\u00eate ses 15 ans avant le 31 d\u00e9cembre, il sera consid\u00e9r\u00e9 comme ayant 15 ans pour le calcul du montant de l\u2019ARS et percevra le montant correspondant \u00e0 la tranche 15-18 ans <\/div><\/div>\n<h1>Comment l\u2019\u00e2ge de votre enfant impacte-t-il le montant de l\u2019ARS ?<\/h1>\n<h2>Le montant de l\u2019ARS selon l\u2019\u00e2ge de votre enfant en France m\u00e9tropolitaine<\/h2>\n<p>Le montant de la prime de rentr\u00e9e scolaire varie en fonction de l\u2019\u00e2ge de votre enfant. Pour la rentr\u00e9e 2026 en France m\u00e9tropolitaine, les montants sont les suivants :<\/p>\n\n<div class=\"wpdt-c row wpDataTableContainerSimpleTable wpDataTables wpDataTablesWrapper\n\"\n    >\n    <table id=\"wpdtSimpleTable-16\"\n           class=\"wpdtSimpleTable wpDataTable\"\n           data-column=\"2\"\n           data-rows=\"4\"\n           data-wpID=\"16\"\n           data-responsive=\"0\"\n           data-has-header=\"1\">\n\n                    <thead>        <tr class=\"wpdt-cell-row \" >\n                            <th class=\"wpdt-cell wpdt-bc-F3F9FE wpdt-bold\"\n                                    data-cell-id=\"A1\"\n                data-col-index=\"0\"\n                data-row-index=\"0\"\n                style=\" width:48.571428571429%;                padding:10px;\"\n                >\n                                \u00c2ge de l'enfant                <\/th>\n                                            <th class=\"wpdt-cell wpdt-bc-F3F9FE wpdt-bold\"\n                                    data-cell-id=\"B1\"\n                data-col-index=\"1\"\n                data-row-index=\"0\"\n                style=\" width:51.428571428571%;                padding:10px;\"\n                >\n                                Montant de l'ARS                <\/th>\n                                        <\/tr>\n                    <tbody>        <tr class=\"wpdt-cell-row \" >\n                            <td class=\"wpdt-cell \"\n                                    data-cell-id=\"A2\"\n                data-col-index=\"0\"\n                data-row-index=\"1\"\n                style=\"                padding:10px;\"\n                >\n                                6 \u00e0 10 ans                <\/td>\n                                            <td class=\"wpdt-cell \"\n                                    data-cell-id=\"B2\"\n                data-col-index=\"1\"\n                data-row-index=\"1\"\n                style=\"                padding:10px;\"\n                >\n                                423,05 \u20ac                <\/td>\n                                        <\/tr>\n                            <tr class=\"wpdt-cell-row \" >\n                            <td class=\"wpdt-cell \"\n                                    data-cell-id=\"A3\"\n                data-col-index=\"0\"\n                data-row-index=\"2\"\n                style=\"                padding:10px;\"\n                >\n                                11 \u00e0 14 ans                <\/td>\n                                            <td class=\"wpdt-cell \"\n                                    data-cell-id=\"B3\"\n                data-col-index=\"1\"\n                data-row-index=\"2\"\n                style=\"                padding:10px;\"\n                >\n                                446,15 \u20ac                <\/td>\n                                        <\/tr>\n                            <tr class=\"wpdt-cell-row \" >\n                            <td class=\"wpdt-cell \"\n                                    data-cell-id=\"A4\"\n                data-col-index=\"0\"\n                data-row-index=\"3\"\n                style=\"                padding:10px;\"\n                >\n                                15 \u00e0 18 ans                <\/td>\n                                            <td class=\"wpdt-cell \"\n                                    data-cell-id=\"B4\"\n                data-col-index=\"1\"\n                data-row-index=\"3\"\n                style=\"                padding:10px;\"\n                >\n                                462,03 \u20ac                <\/td>\n                                        <\/tr>\n                    <\/table>\n<\/div><style id='wpdt-custom-style-16'>\ntable#wpdtSimpleTable-16{ table-layout: fixed !important; }\n.wpdt-bc-F3F9FE { background-color: #F3F9FE !important;}\n<\/style>\n\n<p>Ainsi, ne soyez pas \u00e9tonn\u00e9 si le montant de l&rsquo;<a href=\"https:\/\/www.mes-allocs.fr\/guides\/allocations-familiales\/allocation-rentree-scolaire\/allocation-rentree-scolaire-conditions\/allocation-rentree-scolaire-lycee\/\">ARS pour votre enfant lyc\u00e9en<\/a> est diff\u00e9rent de celui pour votre enfant scolaris\u00e9 en \u00e9cole primaire.<\/p>\n<h2>Le montant de l\u2019ARS selon l\u2019\u00e2ge de votre enfant \u00e0 Mayotte<\/h2>\n<p>\u00c0 Mayotte, les montants de l\u2019allocation de rentr\u00e9e scolaire sont diff\u00e9rents de ceux mis en place en m\u00e9tropole :<\/p>\n<ul>\n<li aria-level=\"1\"><b>En primaire<\/b> : 425,60 \u20ac par enfant.<\/li>\n<li aria-level=\"1\"><b>Au coll\u00e8ge<\/b> : 449,09 \u20ac par enfant.<\/li>\n<li aria-level=\"1\"><b>Au lyc\u00e9e<\/b> : 464,65 \u20ac par enfant.<\/li>\n<\/ul>\n<p>Ces montants sont diff\u00e9rents car ils permettent aux familles de s\u2019adapter aux co\u00fbts de la vie locale.<\/p>\n<p><iframe loading=\"lazy\" title=\"L&#039;allocation de rentr\u00e9e scolaire\" width=\"500\" height=\"281\" src=\"https:\/\/www.youtube.com\/embed\/MfDoGweq-e0?feature=oembed\" frameborder=\"0\" allow=\"accelerometer; autoplay; clipboard-write; encrypted-media; gyroscope; picture-in-picture; web-share\" referrerpolicy=\"strict-origin-when-cross-origin\" allowfullscreen><\/iframe><\/p>\n<p class=\"p1\"><div class='cta-block'><div class='text'>Simulez toutes vos Aides en 2 min.<\/div><a href='https:\/\/www.mes-allocs.fr\/ab-app?origin=guides\/wp-json\/wp\/v2\/posts\/12523' class='app-button fit'>Simulation gratuite<\/a><\/div><\/p>\n<h1>L\u2019\u00e2ge de votre enfant impacte-t-il le plafond de ressources de l\u2019allocation de rentr\u00e9e scolaire ?<\/h1>\n<p>Non, l&rsquo;\u00e2ge de votre enfant<b> n\u2019impacte pas le plafond de ressources<\/b> pour b\u00e9n\u00e9ficier de l\u2019allocation de rentr\u00e9e scolaire. Le plafond de ressources est fix\u00e9 uniquement en fonction du nombre d\u2019enfants \u00e0 charge dans le foyer et du lieu de r\u00e9sidence (m\u00e9tropole ou outre-mer), et non selon l\u2019\u00e2ge de chaque enfant.<\/p>\n<p>Seul le <b>montant de l\u2019ARS<\/b> varie selon l\u2019\u00e2ge de votre enfant, mais le plafond de ressources \u00e0 ne pas d\u00e9passer <b>reste le m\u00eame<\/b>, quel que soit l\u2019\u00e2ge des enfants \u00e0 charge dans votre famille. Des seuils diff\u00e9rents s\u2019appliquent \u00e0 Mayotte et dans certains territoires d\u2019outre-mer, mais l\u00e0 encore, ils d\u00e9pendent du nombre d\u2019enfants \u00e0 charge, pas de leur \u00e2ge.<\/p>\n<h1>Quelles d\u00e9marches selon l\u2019\u00e2ge de votre enfant ?<\/h1>\n<h2>Les d\u00e9marches pour un enfant de &#8211; 16 ans<\/h2>\n<p>Pour les enfants \u00e2g\u00e9s <b>de 6 \u00e0 15 ans<\/b> au 31 d\u00e9cembre suivant la rentr\u00e9e, <b>aucune d\u00e9marche n\u2019est n\u00e9cessaire <\/b>si vous \u00eates d\u00e9j\u00e0 allocataire de la CAF ou de la MSA et que votre situation familiale est \u00e0 jour :<\/p>\n<ul>\n<li aria-level=\"1\">L\u2019allocation de rentr\u00e9e scolaire est vers\u00e9e <b>automatiquement<\/b> \u00e0 votre famille, sous r\u00e9serve de remplir les conditions d\u2019\u00e2ge, de scolarisation et de ressources.<\/li>\n<li aria-level=\"1\">Vous devez v\u00e9rifier que toutes les<b> informations sont bien \u00e0 jour <\/b>sur votre espace personnel CAF ou MSA pour \u00e9viter un retard de versement.<\/li>\n<\/ul>\n<h2>Les d\u00e9marches pour un enfant de + 16 ans<\/h2>\n<p>Pour les enfants <b>de 16 \u00e0 18 ans<\/b>, une confirmation de scolarisation est obligatoire et doit \u00eatre faite chaque ann\u00e9e :<\/p>\n<ul>\n<li aria-level=\"1\">Vous devez <b>d\u00e9clarer en lign<\/b>e que votre enfant est toujours scolaris\u00e9, \u00e9tudiant ou apprenti \u00e0 la rentr\u00e9e, \u00e0 partir de votre espace \u201cMon Compte\u201d sur le site de la CAF ou l&rsquo;application mobile.<\/li>\n<li aria-level=\"1\">Sans cette d\u00e9marche, le versement de l\u2019ARS ne sera pas d\u00e9clench\u00e9 pour votre enfant.<\/li>\n<\/ul>\n<h2>Que faire si votre enfant a moins de 6 ans mais entre en CP ?<\/h2>\n<p>Si votre enfant a <b>moins de 6 ans <\/b>mais fait son entr\u00e9e en CP, vous pouvez tout de m\u00eame b\u00e9n\u00e9ficier de l\u2019ARS :<\/p>\n<ul>\n<li aria-level=\"1\">Vous devez fournir un <b>certificat de scolarit\u00e9<\/b> d\u00e9livr\u00e9 par l\u2019\u00e9cole \u00e0 la CAF ou \u00e0 la MSA.<\/li>\n<li aria-level=\"1\">Ce justificatif permet de d\u00e9clencher le versement de l\u2019aide, m\u00eame si votre enfant n\u2019a pas encore 6 ans au 31 d\u00e9cembre de l\u2019ann\u00e9e de la rentr\u00e9e.<\/li>\n<\/ul>\n<h1>Quelles alternatives \u00e0 l\u2019allocation de rentr\u00e9e scolaire apr\u00e8s 18 ans ?<\/h1>\n<p>L&rsquo;<a href=\"https:\/\/www.mes-allocs.fr\/guides\/allocations-familiales\/allocation-rentree-scolaire\/allocation-rentree-scolaire-conditions\/allocation-rentree-scolaire-apres-18-ans\/\">allocation de rentr\u00e9e scolaire apr\u00e8s 18 ans<\/a> n&rsquo;est plus vers\u00e9e, m\u00eame si votre enfant poursuit ses \u00e9tudes. Cependant, plusieurs alternatives existent :<\/p>\n<ul>\n<li aria-level=\"1\"><b>Les bourses sur crit\u00e8res sociaux <\/b>: les \u00e9tudiants inscrits dans l\u2019enseignement sup\u00e9rieur peuvent b\u00e9n\u00e9ficier d\u2019une bourse attribu\u00e9e selon diff\u00e9rents crit\u00e8res.<\/li>\n<li aria-level=\"1\"><b>L\u2019aide au m\u00e9rite<\/b> : si votre enfant a obtenu une mention \u201cTr\u00e8s bien\u201d au bac et qu\u2019il est boursier sur crit\u00e8res sociaux, il peut percevoir cette aide.<\/li>\n<li aria-level=\"1\"><b>Les aides locales<\/b> : certaines r\u00e9gions, d\u00e9partements ou communes proposent des aides pour les \u00e9tudiants de plus de 18 ans.<\/li>\n<li aria-level=\"1\"><b>Le pr\u00eat \u00e9tudiant garanti par l\u2019\u00c9tat <\/b>: les \u00e9tudiants peuvent souscrire un pr\u00eat bancaire, sans condition de ressources ni caution familiale, pour financer leurs \u00e9tudes sup\u00e9rieures.<\/li>\n<\/ul>\n<div class='shortcode summary'><div class='title'>En r\u00e9sum\u00e9 :<\/div><div class='content'><ul><li>L&rsquo;allocation de rentr\u00e9e scolaire est vers\u00e9e aux enfants \u00e2g\u00e9s<b> de 6 \u00e0 18 ans<\/b>, sous conditions de ressources, avec un montant qui varie selon l\u2019\u00e2ge et la tranche scolaire.<\/li><li> Le versement est automatique pour les enfants de<b> moins de 16 ans<\/b>, mais une <b>d\u00e9claration de scolarit\u00e9 est obligatoire<\/b> pour les <b>16-18 ans<\/b> afin de d\u00e9bloquer l\u2019aide.<\/li><li> Au-del\u00e0 de 18 ans, d\u2019autres aides prennent le relais, comme les bourses \u00e9tudiantes, l\u2019aide au m\u00e9rite ou encore les aides locales propos\u00e9es par les collectivit\u00e9s. <\/li><\/ul><\/div><\/div>\n<p class=\"p1\"><div class='cta-block'><div class='text'>Simulez toutes vos Aides en 2 min.<\/div><a href='https:\/\/www.mes-allocs.fr\/ab-app?origin=guides\/wp-json\/wp\/v2\/posts\/12523' class='app-button fit'>Simulation gratuite<\/a><\/div><\/p>\n<\/div>\n<\/div>\n<\/div>\n","protected":false},"excerpt":{"rendered":"<p>[Mis \u00e0 jour le 23\/02\/2026] L\u2019allocation de rentr\u00e9e scolaire (ARS) est une aide assimil\u00e9e aux allocations familiales qui vous permet de couvrir les frais li\u00e9s \u00e0 la rentr\u00e9e scolaire. Les conditions de l&rsquo;ARS varient en fonction de diff\u00e9rents crit\u00e8res, notamment l\u2019\u00e2ge de votre enfant. Dans cet article, Mes Allocs vous explique \u00e0 quel \u00e2ge est [&hellip;]<\/p>\n","protected":false},"author":7,"featured_media":12830,"comment_status":"open","ping_status":"open","sticky":false,"template":"","format":"standard","meta":{"amp_status":"","footnotes":""},"categories":[41,41949,10],"tags":[],"class_list":["post-12523","post","type-post","status-publish","format-standard","has-post-thumbnail","hentry","category-allocation-rentree-scolaire","category-allocation-rentree-scolaire-conditions","category-allocations-familiales"],"yoast_head":"<!-- This site is optimized with the Yoast SEO plugin v14.9 - https:\/\/yoast.com\/wordpress\/plugins\/seo\/ -->\n<title>\u00c0 quel \u00e2ge est vers\u00e9e l&#039;allocation de rentr\u00e9e scolaire ?<\/title>\n<meta name=\"description\" content=\"L\u2019allocation de rentr\u00e9e scolaire est vers\u00e9e selon l\u2019\u00e2ge de votre enfant. D\u00e9couvrez \u00e0 partir de quel \u00e2ge et jusqu&#039;\u00e0 quand l&#039;aide est vers\u00e9e.\" \/>\n<meta name=\"robots\" content=\"index, follow, max-snippet:-1, max-image-preview:large, max-video-preview:-1\" \/>\n<link rel=\"canonical\" href=\"https:\/\/www.mes-allocs.fr\/guides\/allocations-familiales\/allocation-rentree-scolaire\/allocation-rentree-scolaire-conditions\/age-allocation-rentree-scolaire\/\" \/>\n<meta property=\"og:locale\" content=\"fr_FR\" \/>\n<meta property=\"og:type\" content=\"article\" \/>\n<meta property=\"og:title\" content=\"\u00c0 quel \u00e2ge est vers\u00e9e l&#039;allocation de rentr\u00e9e scolaire ?\" \/>\n<meta property=\"og:description\" content=\"L\u2019allocation de rentr\u00e9e scolaire est vers\u00e9e selon l\u2019\u00e2ge de votre enfant. D\u00e9couvrez \u00e0 partir de quel \u00e2ge et jusqu&#039;\u00e0 quand l&#039;aide est vers\u00e9e.\" \/>\n<meta property=\"og:url\" content=\"https:\/\/www.mes-allocs.fr\/guides\/allocations-familiales\/allocation-rentree-scolaire\/allocation-rentree-scolaire-conditions\/age-allocation-rentree-scolaire\/\" \/>\n<meta property=\"og:site_name\" content=\"Mes-Allocs.fr\" \/>\n<meta property=\"article:published_time\" content=\"2020-09-16T08:08:34+00:00\" \/>\n<meta property=\"article:modified_time\" content=\"2026-02-23T14:46:34+00:00\" \/>\n<meta property=\"og:image\" content=\"https:\/\/www.mes-allocs.fr\/guides\/wp-content\/uploads\/2020\/09\/Quel-a\u0302ge-ouvre-droit-a\u0300-lallocation-de-rentre\u0301e-scolaire-.jpg?wsr\" \/>\n\t<meta property=\"og:image:width\" content=\"1280\" \/>\n\t<meta property=\"og:image:height\" content=\"853\" \/>\n<meta name=\"twitter:card\" content=\"summary_large_image\" \/>\n<script type=\"application\/ld+json\" class=\"yoast-schema-graph\">{\"@context\":\"https:\/\/schema.org\",\"@graph\":[{\"@type\":\"WebSite\",\"@id\":\"https:\/\/www.mes-allocs.fr\/guides\/#website\",\"url\":\"https:\/\/www.mes-allocs.fr\/guides\/\",\"name\":\"Mes-Allocs.fr\",\"description\":\"\",\"potentialAction\":[{\"@type\":\"SearchAction\",\"target\":\"https:\/\/www.mes-allocs.fr\/guides\/?s={search_term_string}\",\"query-input\":\"required name=search_term_string\"}],\"inLanguage\":\"fr-FR\"},{\"@type\":\"ImageObject\",\"@id\":\"https:\/\/www.mes-allocs.fr\/guides\/allocations-familiales\/allocation-rentree-scolaire\/allocation-rentree-scolaire-conditions\/age-allocation-rentree-scolaire\/#primaryimage\",\"inLanguage\":\"fr-FR\",\"url\":\"https:\/\/www.mes-allocs.fr\/guides\/wp-content\/uploads\/2020\/09\/Quel-a\\u0302ge-ouvre-droit-a\\u0300-lallocation-de-rentre\\u0301e-scolaire-.jpg?wsr\",\"width\":1280,\"height\":853,\"caption\":\"Quel a\\u0302ge ouvre droit a\\u0300 lallocation de rentre\\u0301e scolaire\"},{\"@type\":\"WebPage\",\"@id\":\"https:\/\/www.mes-allocs.fr\/guides\/allocations-familiales\/allocation-rentree-scolaire\/allocation-rentree-scolaire-conditions\/age-allocation-rentree-scolaire\/#webpage\",\"url\":\"https:\/\/www.mes-allocs.fr\/guides\/allocations-familiales\/allocation-rentree-scolaire\/allocation-rentree-scolaire-conditions\/age-allocation-rentree-scolaire\/\",\"name\":\"\\u00c0 quel \\u00e2ge est vers\\u00e9e l'allocation de rentr\\u00e9e scolaire ?\",\"isPartOf\":{\"@id\":\"https:\/\/www.mes-allocs.fr\/guides\/#website\"},\"primaryImageOfPage\":{\"@id\":\"https:\/\/www.mes-allocs.fr\/guides\/allocations-familiales\/allocation-rentree-scolaire\/allocation-rentree-scolaire-conditions\/age-allocation-rentree-scolaire\/#primaryimage\"},\"datePublished\":\"2020-09-16T08:08:34+00:00\",\"dateModified\":\"2026-02-23T14:46:34+00:00\",\"author\":{\"@id\":\"https:\/\/www.mes-allocs.fr\/guides\/#\/schema\/person\/1c4837d5703727cb02ce84583b5a44aa\"},\"description\":\"L\\u2019allocation de rentr\\u00e9e scolaire est vers\\u00e9e selon l\\u2019\\u00e2ge de votre enfant. D\\u00e9couvrez \\u00e0 partir de quel \\u00e2ge et jusqu'\\u00e0 quand l'aide est vers\\u00e9e.\",\"inLanguage\":\"fr-FR\"},{\"@type\":\"Person\",\"@id\":\"https:\/\/www.mes-allocs.fr\/guides\/#\/schema\/person\/1c4837d5703727cb02ce84583b5a44aa\",\"name\":\"Fabiola\",\"image\":{\"@type\":\"ImageObject\",\"@id\":\"https:\/\/www.mes-allocs.fr\/guides\/#personlogo\",\"inLanguage\":\"fr-FR\",\"url\":\"https:\/\/www.mes-allocs.fr\/guides\/wp-content\/uploads\/2021\/06\/fabiola-150x150.png\",\"caption\":\"Fabiola\"},\"description\":\"Fabiola est r\\u00e9dactrice au sein de l'\\u00e9quipe Mes Allocs, sp\\u00e9cialis\\u00e9e en sciences politiques et affaires publiques. Dipl\\u00f4m\\u00e9e de l'HEIP, elle rejoint Mes Allocs apr\\u00e8s une premi\\u00e8re exp\\u00e9rience \\u00e0 l'Assembl\\u00e9e Nationale.\",\"sameAs\":[\"https:\/\/www.linkedin.com\/in\/cecilia-philippe-b-8a8085195\"]}]}<\/script>\n<!-- \/ Yoast SEO plugin. -->","amp_validity":null,"acf":{"faq":{"1":{"question":"Quand s'arr\u00eate l'allocation de rentr\u00e9e scolaire ?","answer":"L'allocation de rentr\u00e9e scolaire s'arr\u00eate \u00e0 18 ans. "},"2":{"question":"Qui ne touche pas la prime de rentr\u00e9e scolaire ?","answer":"Si votre enfant fait l'\u00e9cole \u00e0 la maison sans inscription dans un organisme agr\u00e9\u00e9, vous ne pouvez pas pr\u00e9tendre \u00e0 l'allocation de rentr\u00e9e scolaire"},"3":{"question":"Quelles sont les aides scolaires apr\u00e8s 18 ans ?","answer":"Apr\u00e8s 18 ans, l\u2019ARS n\u2019est plus vers\u00e9e, mais un jeune peut b\u00e9n\u00e9ficier surtout des bourses sur crit\u00e8res sociaux du Crous, \u00e9ventuellement compl\u00e9t\u00e9es par une bourse au m\u00e9rite, la bourse Talents, des aides \u00e0 la mobilit\u00e9 et des aides au logement (APL notamment)."},"4":{"question":"Comment savoir si je vais avoir la prime de rentr\u00e9e scolaire ?","answer":"Pour savoir si vous pouvez percevoir la prime de rentr\u00e9e scolaire, vous pouvez faire une simulation en ligne gr\u00e2ce au simulateur Mes Allocs.fr. "},"5":{"question":"Quelles sont les conditions pour b\u00e9n\u00e9ficier de la prime de rentr\u00e9e scolaire 2026 ?","answer":"Vous devez respecter un plafond de ressources qui varie selon votre composition familiale et vos enfants doivent \u00eatre dans la tranche d'\u00e2ge \u00e9tablie."},"6":{"question":"Quel est le montant de la prime scolaire en 2026 ?","answer":"Le montant de la prime de rentr\u00e9e scolaire varie selon l'\u00e2ge de votre enfant. Par exemple, si votre enfant a entre 6 et 10 ans alors l'ARS atteindra 423,05 \u20ac."},"7":{"question":"","answer":""},"8":{"question":"","answer":""},"9":{"question":"","answer":""},"10":{"question":"","answer":""},"11":{"question":"","answer":""},"12":{"question":"","answer":""},"13":{"question":"","answer":""},"14":{"question":"","answer":""},"15":{"question":"","answer":""},"16":{"question":"","answer":""}}},"_links":{"self":[{"href":"https:\/\/www.mes-allocs.fr\/guides\/wp-json\/wp\/v2\/posts\/12523","targetHints":{"allow":["GET"]}}],"collection":[{"href":"https:\/\/www.mes-allocs.fr\/guides\/wp-json\/wp\/v2\/posts"}],"about":[{"href":"https:\/\/www.mes-allocs.fr\/guides\/wp-json\/wp\/v2\/types\/post"}],"author":[{"embeddable":true,"href":"https:\/\/www.mes-allocs.fr\/guides\/wp-json\/wp\/v2\/users\/7"}],"replies":[{"embeddable":true,"href":"https:\/\/www.mes-allocs.fr\/guides\/wp-json\/wp\/v2\/comments?post=12523"}],"version-history":[{"count":39,"href":"https:\/\/www.mes-allocs.fr\/guides\/wp-json\/wp\/v2\/posts\/12523\/revisions"}],"predecessor-version":[{"id":109708,"href":"https:\/\/www.mes-allocs.fr\/guides\/wp-json\/wp\/v2\/posts\/12523\/revisions\/109708"}],"wp:featuredmedia":[{"embeddable":true,"href":"https:\/\/www.mes-allocs.fr\/guides\/wp-json\/wp\/v2\/media\/12830"}],"wp:attachment":[{"href":"https:\/\/www.mes-allocs.fr\/guides\/wp-json\/wp\/v2\/media?parent=12523"}],"wp:term":[{"taxonomy":"category","embeddable":true,"href":"https:\/\/www.mes-allocs.fr\/guides\/wp-json\/wp\/v2\/categories?post=12523"},{"taxonomy":"post_tag","embeddable":true,"href":"https:\/\/www.mes-allocs.fr\/guides\/wp-json\/wp\/v2\/tags?post=12523"}],"curies":[{"name":"wp","href":"https:\/\/api.w.org\/{rel}","templated":true}]}}