{"id":12341,"date":"2020-09-08T10:50:26","date_gmt":"2020-09-08T10:50:26","guid":{"rendered":"https:\/\/www.mes-allocs.fr\/guides\/?p=12341"},"modified":"2026-04-02T13:29:57","modified_gmt":"2026-04-02T12:29:57","slug":"prime-activite-auto-entrepreneur","status":"publish","type":"post","link":"https:\/\/www.mes-allocs.fr\/guides\/prime-d-activite\/prime-activite-conditions\/prime-activite-auto-entrepreneur\/","title":{"rendered":"Prime d&rsquo;activit\u00e9 auto-entrepreneur 2026 : conditions, montant, d\u00e9marches"},"content":{"rendered":"<p><a href=\"https:\/\/www.mes-allocs.fr\/guides\/wp-content\/uploads\/2020\/09\/laptop-2838921_1280.jpg\"><img loading=\"lazy\" decoding=\"async\" class=\"aligncenter wp-image-12343 size-full\" src=\"https:\/\/www.mes-allocs.fr\/guides\/wp-content\/uploads\/2020\/09\/laptop-2838921_1280-e1685352925565.jpg\" alt=\"Comment b\u00e9n\u00e9ficier de la prime d'activit\u00e9 en tant qu'auto-entrepreneur ?\" width=\"1280\" height=\"240\" srcset=\"https:\/\/www.mes-allocs.fr\/guides\/wp-content\/uploads\/2020\/09\/laptop-2838921_1280-e1685352925565.jpg 1280w, https:\/\/www.mes-allocs.fr\/guides\/wp-content\/uploads\/2020\/09\/laptop-2838921_1280-e1685352925565-300x56.jpg 300w, https:\/\/www.mes-allocs.fr\/guides\/wp-content\/uploads\/2020\/09\/laptop-2838921_1280-e1685352925565-1024x192.jpg 1024w, https:\/\/www.mes-allocs.fr\/guides\/wp-content\/uploads\/2020\/09\/laptop-2838921_1280-e1685352925565-768x144.jpg 768w, https:\/\/www.mes-allocs.fr\/guides\/wp-content\/uploads\/2020\/09\/laptop-2838921_1280-e1685352925565-600x113.jpg 600w\" sizes=\"auto, (max-width: 1280px) 100vw, 1280px\" \/><\/a><\/p>\n<p style=\"text-align: justify;\"><span style=\"font-weight: 400;\">[Mis \u00e0 jour le 02\/04\/2026]<\/span> En tant que micro entrepreneur, et selon vos revenus vous pouvez b\u00e9n\u00e9ficier de la <a href=\"https:\/\/www.mes-allocs.fr\/guides\/prime-d-activite\">prime d&rsquo;activit\u00e9<\/a>. Entr\u00e9e en vigueur depuis janvier 2016, elle est destin\u00e9e aux travailleurs ayant de faibles revenus. Travailleurs ind\u00e9pendants, ou du secteur priv\u00e9 et public y sont \u00e9ligibles. Mes Allocs vous explique tout sur les conditions d&rsquo;attribution de la prime d&rsquo;activit\u00e9 pour auto-entrepreneur.<\/p>\n<div class='cta-block'><div class='text'>Simulez votre prime d&rsquo;activit\u00e9 en 2 min. <\/div><a href='https:\/\/www.mes-allocs.fr\/ab-app?origin=guides\/wp-json\/wp\/v2\/posts\/12341' class='app-button fit'>Simulation gratuite<\/a><\/div>\n<h1><strong>Quelles sont les conditions pour avoir la prime d&rsquo;activit\u00e9 en \u00e9tant auto-entrepreneur en 2026 ?<\/strong><\/h1>\n<h2><strong>Les conditions g\u00e9n\u00e9rales de la prime d&rsquo;activit\u00e9<\/strong><\/h2>\n<p>Vous pouvez toucher la prime d&rsquo;activit\u00e9 si vous respectez les <a href=\"https:\/\/www.mes-allocs.fr\/guides\/prime-d-activite\/prime-d-activite-pour-qui\/\">conditions<\/a> suivantes :<\/p>\n<ul>\n<li>Avoir une activit\u00e9 professionnelle, dans votre cas sous le statut de micro entreprise,<\/li>\n<li>Avoir 18 ans ou plus,<\/li>\n<li>Habiter en France de mani\u00e8re stable et permanente,<\/li>\n<li>\u00catre fran\u00e7ais, ou de nationalit\u00e9 \u00e9trang\u00e8re, mais en situation r\u00e9guli\u00e8re en France depuis au moins 5 ans, (pour les membres de l&rsquo;espace \u00e9conomique europ\u00e9en)<\/li>\n<li>Vous ne devez pas \u00eatre en cong\u00e9 (sabbatique, parental, sans solde, etc.),<\/li>\n<li>Vous ne devez pas \u00eatre apprenti ou <a href=\"https:\/\/www.mes-allocs.fr\/guides\/prime-d-activite\/prime-d-activite-pour-qui\/prime-activite-etudiant\/\">\u00e9tudiant, <\/a>sauf si votre r\u00e9mun\u00e9ration mensuelle est sup\u00e9rieure ou \u00e9gale \u00e0 1 117,26 \u20ac \u00a0par mois.<\/li>\n<\/ul>\n<p>&nbsp;<\/p>\n<p><iframe loading=\"lazy\" title=\"La prime d&#039;activit\u00e9\" width=\"500\" height=\"281\" src=\"https:\/\/www.youtube.com\/embed\/uavbovK5ZXc?feature=oembed\" frameborder=\"0\" allow=\"accelerometer; autoplay; clipboard-write; encrypted-media; gyroscope; picture-in-picture; web-share\" referrerpolicy=\"strict-origin-when-cross-origin\" allowfullscreen><\/iframe><\/p>\n<p>&nbsp;<\/p>\n<h2>Les conditions particuli\u00e8res au statut d&rsquo;auto-entrepreneur<\/h2>\n<p>Pouvoir cumuler la prime d&rsquo;activit\u00e9 avec votre statut d&rsquo;auto-entrepreneur, vous devez respecter les plafonds de chiffre d&rsquo;affaires annuel.<\/p>\n<p>Si vous avez commenc\u00e9 votre activit\u00e9 il y a moins d&rsquo;un an, il faudra que vous fournissiez \u00e0 la CAF lors de votre demande votre chiffre d\u2019affaires des trois derniers mois.<\/p>\n<p><em><strong>Si votre chiffre d&rsquo;affaires annuel d\u00e9passe les seuils en vigueur, vous ne serez pas \u00e9ligible \u00e0 la prime d&rsquo;activit\u00e9.<\/strong><\/em><\/p>\n<h1>Quel est le montant de la prime d\u2019activit\u00e9 pour un auto entrepreneur ?<\/h1>\n<p style=\"text-align: justify;\">Mise en place depuis le 1er janvier 2016, la prime d&rsquo;activit\u00e9 est une aide sociale destin\u00e9e aux travailleurs ayant des revenus modestes. Elle a pour objectif d&rsquo;aider les salari\u00e9s ou ind\u00e9pendants \u00e0 maintenir leur pouvoir d&rsquo;achat, aide \u00e0 reprendre ou bien poursuivre une activit\u00e9 professionnelle.<\/p>\n<p style=\"text-align: justify;\">Rempla\u00e7ant ainsi le RSA activit\u00e9 et la prime pour l&#8217;emploi, en tant qu&rsquo;auto-entrepreneur, vous pouvez en b\u00e9n\u00e9ficier sous conditions.<\/p>\n<h2>Calcul de la prime d&rsquo;activit\u00e9 pour un auto-entrepreneur<\/h2>\n<p>Le montant de votre prime d&rsquo;activit\u00e9 est revu chaque mois par la CAF. Elle est en droit d&rsquo;en r\u00e9ajuster le montant au besoin. Tous les 3 mois, vous devez faire votre d\u00e9claration trimestrielle de ressources, c&rsquo;est sur ces donn\u00e9es que la CAF r\u00e9ajuste le montant ou non.<\/p>\n<p data-start=\"0\" data-end=\"164\">Depuis le 1\u1d49\u02b3 mars 2025, la d\u00e9claration trimestrielle de l<strong>a prime d\u2019activit\u00e9 devient pr\u00e9-remplie<\/strong>, ce qui simplifie le processus. La CAF reprend automatiquement certaines informations \u00e0 partir des revenus d\u00e9clar\u00e9s auparavant, r\u00e9duisant ainsi les erreurs et acc\u00e9l\u00e9rant le traitement de votre demande. Toutefois, il reste important de v\u00e9rifier et de valider les informations pour \u00e9viter toute erreur qui pourrait affecter le montant de l\u2019aide.<\/p>\n<p data-start=\"0\" data-end=\"164\">Depuis mars 2025, la p\u00e9riode \u00e0 d\u00e9clarer correspond aux tr<strong>ois mois pr\u00e9c\u00e9dant la demande : par exemple, en mars, vous devez d\u00e9clarer vos revenus des mois de novembre, d\u00e9cembre et janvier (et non plus d\u00e9cembre, janvier, f\u00e9vrier)<\/strong>. Cette nouvelle organisation facilite la gestion de votre dossier et rend la d\u00e9claration plus pr\u00e9cise.<\/p>\n<h3><strong>Ressources prises en compte<\/strong><\/h3>\n<p>Pour b\u00e9n\u00e9ficier de la prime d&rsquo;activit\u00e9, vous devez \u00e9galement respecter les seuils en vigueur. Ainsi, le montant peut varier en fonction de la nature de votre activit\u00e9 et de votre chiffre d&rsquo;affaires annuel.<\/p>\n<p>La prime d&rsquo;activit\u00e9 est calcul\u00e9e en fonction de la composition du foyer, mais \u00e9galement en fonction de vos ressources :<\/p>\n<ul>\n<li>De vos revenus d&rsquo;activit\u00e9, autrement dit du chiffre d&rsquo;affaires trimestriel de votre auto-entreprise. Sont \u00e9galement pris en compte les autres revenus de l&rsquo;ensemble du foyer.<\/li>\n<li>De votre situation familiale (enfants \u00e0 charge, seul, en couple, etc)<\/li>\n<li>Des autres ressources du foyer telles que le RSA, les APL, etc<\/li>\n<\/ul>\n<p><strong>Dans votre cas, vous devez d\u00e9clarer vos b\u00e9n\u00e9fices industriels et commerciaux (BIC), ou bien vos b\u00e9n\u00e9fices non commerciaux (BNC). \u00c0 d\u00e9faut, le calcul s\u2019effectuera sur la base du chiffre d\u2019affaires d\u00e9clar\u00e9.<\/strong><\/p>\n<p style=\"font-weight: 400;\">Dans certain cas, il est possible de demander que l&rsquo;\u00e9valuation des droits s&rsquo;effectue non pas selon les BIC ou les BNC, mais selon la\u00a0base du\u00a0<strong>montant trimestriel du chiffre d\u2019affaires<\/strong>. Pour b\u00e9n\u00e9ficier de cette d\u00e9rogation, le travailleur ind\u00e9pendant doit r\u00e9pondre \u00e0 deux conditions cumulatives :<\/p>\n<ul style=\"font-weight: 400;\">\n<li>les\u00a0revenus d&rsquo;activit\u00e9 d\u00e9clar\u00e9s aux services fiscaux (chiffre d\u2019affaires) doivent \u00eatre inf\u00e9rieurs aux plafonds indiqu\u00e9s ;<\/li>\n<li>le montant des recettes ou du chiffre d\u2019affaire d\u00e9clar\u00e9 dans la d\u00e9claration trimestrielle de ressources (DTR) est inf\u00e9rieur ou \u00e9gal aux plafonds.<\/li>\n<\/ul>\n<p style=\"font-weight: 400;\">\n<div class=\"wpdt-c row wpDataTableContainerSimpleTable wpDataTables wpDataTablesWrapper\n\"\n    >\n    <table id=\"wpdtSimpleTable-243\"\n           class=\"wpdtSimpleTable wpDataTable\"\n           data-column=\"3\"\n           data-rows=\"4\"\n           data-wpID=\"243\"\n           data-responsive=\"0\"\n           data-has-header=\"1\">\n\n                    <thead>        <tr class=\"wpdt-cell-row \" >\n                            <th class=\"wpdt-cell wpdt-bc-F3F9FE wpdt-empty-cell \"\n                                    data-cell-id=\"A1\"\n                data-col-index=\"0\"\n                data-row-index=\"0\"\n                style=\" width:38.162544169611%;                padding:10px;\"\n                >\n                                                <\/th>\n                                            <th class=\"wpdt-cell wpdt-bc-F3F9FE\"\n                                    data-cell-id=\"B1\"\n                data-col-index=\"1\"\n                data-row-index=\"0\"\n                style=\" width:30.035335689046%;                padding:10px;\"\n                >\n                                Plafonds CA 12 derniers mois                <\/th>\n                                            <th class=\"wpdt-cell wpdt-bc-F3F9FE\"\n                                    data-cell-id=\"C1\"\n                data-col-index=\"2\"\n                data-row-index=\"0\"\n                style=\" width:31.802120141343%;                padding:10px;\"\n                >\n                                Plafonds CA d\u00e9clar\u00e9 dans la DTR                <\/th>\n                                        <\/tr>\n                    <tbody>        <tr class=\"wpdt-cell-row \" >\n                            <td class=\"wpdt-cell wpdt-bc-F3F9FE\"\n                                    data-cell-id=\"A2\"\n                data-col-index=\"0\"\n                data-row-index=\"1\"\n                style=\"                padding:10px;\"\n                >\n                                Vente de marchandises                <\/td>\n                                            <td class=\"wpdt-cell wpdt-bc-FFFFFF\"\n                                    data-cell-id=\"B2\"\n                data-col-index=\"1\"\n                data-row-index=\"1\"\n                style=\"                padding:10px;\"\n                >\n                                188 700 \u20ac                <\/td>\n                                            <td class=\"wpdt-cell wpdt-bc-FFFFFF\"\n                                    data-cell-id=\"C2\"\n                data-col-index=\"2\"\n                data-row-index=\"1\"\n                style=\"                padding:10px;\"\n                >\n                                47 175 \u20ac                <\/td>\n                                        <\/tr>\n                            <tr class=\"wpdt-cell-row \" >\n                            <td class=\"wpdt-cell wpdt-bc-F3F9FE\"\n                                    data-cell-id=\"A3\"\n                data-col-index=\"0\"\n                data-row-index=\"2\"\n                style=\"                padding:10px;\"\n                >\n                                Professions lib\u00e9rales                <\/td>\n                                            <td class=\"wpdt-cell wpdt-bc-FFFFFF\"\n                                    data-cell-id=\"B3\"\n                data-col-index=\"1\"\n                data-row-index=\"2\"\n                style=\"                padding:10px;\"\n                >\n                                77 700 \u20ac                <\/td>\n                                            <td class=\"wpdt-cell wpdt-bc-FFFFFF\"\n                                    data-cell-id=\"C3\"\n                data-col-index=\"2\"\n                data-row-index=\"2\"\n                style=\"                padding:10px;\"\n                >\n                                19 425 \u20ac                <\/td>\n                                        <\/tr>\n                            <tr class=\"wpdt-cell-row \" >\n                            <td class=\"wpdt-cell wpdt-bc-F3F9FE\"\n                                    data-cell-id=\"A4\"\n                data-col-index=\"0\"\n                data-row-index=\"3\"\n                style=\"                padding:10px;\"\n                >\n                                Secteur agricole                <\/td>\n                                            <td class=\"wpdt-cell wpdt-bc-FFFFFF\"\n                                    data-cell-id=\"B4\"\n                data-col-index=\"1\"\n                data-row-index=\"3\"\n                style=\"                padding:10px;\"\n                >\n                                85 800 \u20ac                <\/td>\n                                            <td class=\"wpdt-cell wpdt-bc-FFFFFF\"\n                                    data-cell-id=\"C4\"\n                data-col-index=\"2\"\n                data-row-index=\"3\"\n                style=\"                padding:10px;\"\n                >\n                                21 450 \u20ac                <\/td>\n                                        <\/tr>\n                    <\/table>\n<\/div><style id='wpdt-custom-style-243'>\ntable#wpdtSimpleTable-243{ table-layout: fixed !important; }\ntable#wpdtSimpleTable-243 td, table.wpdtSimpleTable243 th { white-space: normal !important; }\n.wpdt-bc-F3F9FE { background-color: #F3F9FE !important;}\n.wpdt-bc-FFFFFF { background-color: #FFFFFF !important;}\n<\/style>\n<\/p>\n<p>Le calcul de la prime d&rsquo;activit\u00e9 est relativement complexe, c&rsquo;est pourquoi il est conseill\u00e9 de faire une <a href=\"https:\/\/www.mes-allocs.fr\/ab-app\">simulation de vos droits.<\/a> Mes Allocs met \u00e0 disposition gratuitement son simulateur d&rsquo;aides sociales !<\/p>\n<div class='cta-block'><div class='text'>Simulez votre prime d&rsquo;activit\u00e9 en 2 min. <\/div><a href='https:\/\/www.mes-allocs.fr\/ab-app?origin=guides\/wp-json\/wp\/v2\/posts\/12341' class='app-button fit'>Simulation gratuite<\/a><\/div>\n<h3>M\u00e9thode de calcul de la prime d&rsquo;activit\u00e9<\/h3>\n<p style=\"text-align: justify;\">Le montant de base de la prime d&rsquo;activit\u00e9 en 2026 est stable et s&rsquo;\u00e9l\u00e8ve \u00e0 <strong>638,28 \u20ac par mois<\/strong>, auquel il faut ajouter 59,85 % de vos revenus professionnels. Notez que le montant peut varier et \u00eatre bonifi\u00e9 selon les ressources de chaque personne du foyer ayant des revenus professionnels.<\/p>\n<p><strong>Prime d&rsquo;activit\u00e9 = (Montant forfaitaire + Bonification +59,85\u2009% des revenus professionnels) \u2013 (Ressources du foyer + prestations familiales + forfait logement)<\/strong><\/p>\n<p>\u00c0 noter : si le montant calcul\u00e9 de la prime d&rsquo;activit\u00e9 est inf\u00e9rieur \u00e0 15 euros, ce dernier ne vous sera pas vers\u00e9.<\/p>\n<p>Vous ne percevez pas d&rsquo;aide au logement (APL, ALS, ALF) ou vous n&rsquo;avez pas de charge concernant votre loyer ? Les montants seront d\u00e9duits du montant de votre prime d&rsquo;activit\u00e9 :<\/p>\n<ul>\n<li>Si vous \u00eates 1 personne seule dans le foyer, alors 76,59 \u20ac \u00a0\u20ac seront d\u00e9duits<\/li>\n<li>Si vous \u00eates 2 personnes dans le foyer, alors 153,19 \u20ac seront d\u00e9duits<\/li>\n<li>Et si vous plus de 3 personnes dans le foyer, alors 189,57 \u20ac seront d\u00e9duits<\/li>\n<\/ul>\n<p>&nbsp;<\/p>\n<p>Une bonification peut \u00e9galement s&rsquo;appliquer en fonction de vos revenus. Le montant maximal de la bonification est de 184,27 \u20ac si votre salaire est \u00e9gal ou sup\u00e9rieur \u00e0 1 425,60 \u20ac. Cependant, vous ne pouvez pas b\u00e9n\u00e9ficier de cette bonification si votre salaire est inf\u00e9rieur \u00e0 700,92 \u20ac.<\/p>\n<div>\n<div class=\"wpdt-c row wpDataTableContainerSimpleTable wpDataTables wpDataTablesWrapper\n\"\n    >\n    <table id=\"wpdtSimpleTable-101\"\n           class=\"wpdtSimpleTable wpDataTable\"\n           data-column=\"2\"\n           data-rows=\"4\"\n           data-wpID=\"101\"\n           data-responsive=\"0\"\n           data-has-header=\"1\">\n\n                    <thead>        <tr class=\"wpdt-cell-row \" >\n                            <th class=\"wpdt-cell wpdt-bc-F3F9FE wpdt-bold\"\n                                    data-cell-id=\"A1\"\n                data-col-index=\"0\"\n                data-row-index=\"0\"\n                style=\" width:56.173913043478%;                padding:10px;\"\n                >\n                                Situation du foyer                 <\/th>\n                                            <th class=\"wpdt-cell wpdt-bc-F3F9FE wpdt-wrap-text wpdt-bold\"\n                                    data-cell-id=\"B1\"\n                data-col-index=\"1\"\n                data-row-index=\"0\"\n                style=\" width:43.826086956522%;                padding:10px;\"\n                >\n                                Taux de bonification                <\/th>\n                                        <\/tr>\n                    <tbody>        <tr class=\"wpdt-cell-row \" >\n                            <td class=\"wpdt-cell wpdt-align-center wpdt-valign-middle wpdt-wrap-text\"\n                                    data-cell-id=\"A2\"\n                data-col-index=\"0\"\n                data-row-index=\"1\"\n                style=\"                padding:10px;\"\n                >\n                                Personne seule                <\/td>\n                                            <td class=\"wpdt-cell wpdt-bc-FFFFFF\"\n                                    data-cell-id=\"B2\"\n                data-col-index=\"1\"\n                data-row-index=\"1\"\n                style=\"                padding:10px;\"\n                >\n                                50 %                <\/td>\n                                        <\/tr>\n                            <tr class=\"wpdt-cell-row \" >\n                            <td class=\"wpdt-cell \"\n                                    data-cell-id=\"A3\"\n                data-col-index=\"0\"\n                data-row-index=\"2\"\n                style=\"                padding:10px;\"\n                >\n                                Par personne suppl\u00e9mentaire                <\/td>\n                                            <td class=\"wpdt-cell \"\n                                    data-cell-id=\"B3\"\n                data-col-index=\"1\"\n                data-row-index=\"2\"\n                style=\"                padding:10px;\"\n                >\n                                30 %                <\/td>\n                                        <\/tr>\n                            <tr class=\"wpdt-cell-row \" >\n                            <td class=\"wpdt-cell \"\n                                    data-cell-id=\"A4\"\n                data-col-index=\"0\"\n                data-row-index=\"3\"\n                style=\"                padding:10px;\"\n                >\n                                Par personne suppl\u00e9mentaire au-del\u00e0 de 3 personnes                <\/td>\n                                            <td class=\"wpdt-cell \"\n                                    data-cell-id=\"B4\"\n                data-col-index=\"1\"\n                data-row-index=\"3\"\n                style=\"                padding:10px;\"\n                >\n                                40 %                <\/td>\n                                        <\/tr>\n                    <\/table>\n<\/div><style id='wpdt-custom-style-101'>\ntable#wpdtSimpleTable-101{ table-layout: fixed !important; }\n.wpdt-bc-F3F9FE { background-color: #F3F9FE !important;}\n.wpdt-bc-FFFFFF { background-color: #FFFFFF !important;}\n<\/style>\n<\/div>\n<div><\/div>\n<h2>Date de versement<\/h2>\n<p>Si elle vous est attribu\u00e9e, la prime d&rsquo;activit\u00e9 vous est <b>vers\u00e9e pendant 3 mois \u00e0 montant fixe.<\/b> Par exemple, pour une demande avant le 25 septembre, vous aurez le premier versement le 5 octobre.<\/p>\n<p><b>\u00c0 noter<\/b> : en cas de changement de situation pendant cette p\u00e9riode vos droits ne changent pas. En revanche, ils seront r\u00e9\u00e9valu\u00e9s pour le trimestre suivant.<\/p>\n<p>Une fois les 3 mois \u00e9coul\u00e9s, vous devez faire votre <b>d\u00e9claration trimestrielle de revenu<\/b>. La CAF ou la MSA v\u00e9rifie que vous \u00eates toujours \u00e9ligible \u00e0 cette aide. En cas de changement de situation, vos droits sont \u00a0r\u00e9\u00e9valu\u00e9s.<\/p>\n<p>La d\u00e9claration est \u00e0 effectuer sur le site de la CAF, via l&rsquo;onglet d\u00e9claration trimestrielle. Vous pouvez \u00e9galement effectuer cette d\u00e9marche sur l&rsquo;application mobile de la CAF.<\/p>\n<h1>La demande de prime d\u2019activit\u00e9 auto-entrepreneur en 2026<\/h1>\n<p>La prime d&rsquo;activit\u00e9 n&rsquo;est pas une prestation vers\u00e9e automatiquement. Pour en b\u00e9n\u00e9ficier, vous devez faire votre <a href=\"https:\/\/www.mes-allocs.fr\/guides\/prime-d-activite\/prime-dactivite-demande\/\">demande<\/a> aupr\u00e8s de la Caisse d&rsquo;allocation familiale (CAF) ou de la mutualit\u00e9 sociale agricole (MSA).<\/p>\n<p>Les demandes sont \u00e0 effectuer sur le site de la CAF ou de la MSA dans votre espace personnel. En cas de difficult\u00e9s \u00e0 remplir le formulaire, vous pouvez vous rendre dans le centre dont vous d\u00e9pendez.<\/p>\n<p><b>Lors de votre demande, il vous sera demand\u00e9 :<\/b><\/p>\n<ul>\n<li>Vos coordonn\u00e9es bancaires (RIB)<\/li>\n<li>Votre num\u00e9ro de s\u00e9curit\u00e9 sociale<\/li>\n<li>Les justificatifs de ressources de l&rsquo;ensemble du foyer<\/li>\n<li>Votre dernier avis d&rsquo;imposition<\/li>\n<\/ul>\n<p>Vous pouvez faire votre demande aupr\u00e8s de la CAF, ou demander de l&rsquo;aide aux conseillers Mes Allocs ! En effet, en souscrivant au <a href=\"https:\/\/www.mes-allocs.fr\/souscription\">service d&rsquo;accompagnement<\/a>, un expert d\u00e9di\u00e9 r\u00e9pond \u00e0 toutes vos questions et vous accompagne dans vos d\u00e9marches administratives.<\/p>\n<p>&nbsp;<\/p>\n<div class='cta-block'><div class='text'>Simulez votre prime d&rsquo;activit\u00e9 en 2 min. <\/div><a href='https:\/\/www.mes-allocs.fr\/ab-app?origin=guides\/wp-json\/wp\/v2\/posts\/12341' class='app-button fit'>Simulation gratuite<\/a><\/div>\n","protected":false},"excerpt":{"rendered":"<p>[Mis \u00e0 jour le 02\/04\/2026] En tant que micro entrepreneur, et selon vos revenus vous pouvez b\u00e9n\u00e9ficier de la prime d&rsquo;activit\u00e9. Entr\u00e9e en vigueur depuis janvier 2016, elle est destin\u00e9e aux travailleurs ayant de faibles revenus. Travailleurs ind\u00e9pendants, ou du secteur priv\u00e9 et public y sont \u00e9ligibles. Mes Allocs vous explique tout sur les conditions [&hellip;]<\/p>\n","protected":false},"author":7,"featured_media":12343,"comment_status":"open","ping_status":"open","sticky":false,"template":"","format":"standard","meta":{"amp_status":"","footnotes":""},"categories":[20,3130],"tags":[],"class_list":["post-12341","post","type-post","status-publish","format-standard","has-post-thumbnail","hentry","category-prime-d-activite","category-prime-activite-conditions"],"yoast_head":"<!-- This site is optimized with the Yoast SEO plugin v14.9 - https:\/\/yoast.com\/wordpress\/plugins\/seo\/ -->\n<title>Prime d&#039;activit\u00e9 auto-entrepreneur 2026 : conditions, montant, d\u00e9marches<\/title>\n<meta name=\"description\" content=\"Les auto-entrepreneurs peuvent avoir droit \u00e0 la prime d&#039;activit\u00e9. Vous pouvez d\u00e9couvrir si vous \u00eates \u00e9ligible en 2026 via notre simulateur.\" \/>\n<meta name=\"robots\" content=\"index, follow, max-snippet:-1, max-image-preview:large, max-video-preview:-1\" \/>\n<link rel=\"canonical\" href=\"https:\/\/www.mes-allocs.fr\/guides\/prime-d-activite\/prime-activite-conditions\/prime-activite-auto-entrepreneur\/\" \/>\n<meta property=\"og:locale\" content=\"fr_FR\" \/>\n<meta property=\"og:type\" content=\"article\" \/>\n<meta property=\"og:title\" content=\"Prime d&#039;activit\u00e9 auto-entrepreneur 2026 : conditions, montant, d\u00e9marches\" \/>\n<meta property=\"og:description\" content=\"Les auto-entrepreneurs peuvent avoir droit \u00e0 la prime d&#039;activit\u00e9. Vous pouvez d\u00e9couvrir si vous \u00eates \u00e9ligible en 2026 via notre simulateur.\" \/>\n<meta property=\"og:url\" content=\"https:\/\/www.mes-allocs.fr\/guides\/prime-d-activite\/prime-activite-conditions\/prime-activite-auto-entrepreneur\/\" \/>\n<meta property=\"og:site_name\" content=\"Mes-Allocs.fr\" \/>\n<meta property=\"article:published_time\" content=\"2020-09-08T10:50:26+00:00\" \/>\n<meta property=\"article:modified_time\" content=\"2026-04-02T12:29:57+00:00\" \/>\n<meta property=\"og:image\" content=\"https:\/\/www.mes-allocs.fr\/guides\/wp-content\/uploads\/2020\/09\/laptop-2838921_1280-e1685352925565.jpg?wsr\" \/>\n\t<meta property=\"og:image:width\" content=\"1280\" \/>\n\t<meta property=\"og:image:height\" content=\"240\" \/>\n<meta name=\"twitter:card\" content=\"summary_large_image\" \/>\n<script type=\"application\/ld+json\" class=\"yoast-schema-graph\">{\"@context\":\"https:\/\/schema.org\",\"@graph\":[{\"@type\":\"WebSite\",\"@id\":\"https:\/\/www.mes-allocs.fr\/guides\/#website\",\"url\":\"https:\/\/www.mes-allocs.fr\/guides\/\",\"name\":\"Mes-Allocs.fr\",\"description\":\"\",\"potentialAction\":[{\"@type\":\"SearchAction\",\"target\":\"https:\/\/www.mes-allocs.fr\/guides\/?s={search_term_string}\",\"query-input\":\"required name=search_term_string\"}],\"inLanguage\":\"fr-FR\"},{\"@type\":\"ImageObject\",\"@id\":\"https:\/\/www.mes-allocs.fr\/guides\/prime-d-activite\/prime-activite-conditions\/prime-activite-auto-entrepreneur\/#primaryimage\",\"inLanguage\":\"fr-FR\",\"url\":\"https:\/\/www.mes-allocs.fr\/guides\/wp-content\/uploads\/2020\/09\/laptop-2838921_1280-e1685352925565.jpg?wsr\",\"width\":1280,\"height\":240,\"caption\":\"laptop 2838921 1280 e1598975888378\"},{\"@type\":\"WebPage\",\"@id\":\"https:\/\/www.mes-allocs.fr\/guides\/prime-d-activite\/prime-activite-conditions\/prime-activite-auto-entrepreneur\/#webpage\",\"url\":\"https:\/\/www.mes-allocs.fr\/guides\/prime-d-activite\/prime-activite-conditions\/prime-activite-auto-entrepreneur\/\",\"name\":\"Prime d'activit\\u00e9 auto-entrepreneur 2026 : conditions, montant, d\\u00e9marches\",\"isPartOf\":{\"@id\":\"https:\/\/www.mes-allocs.fr\/guides\/#website\"},\"primaryImageOfPage\":{\"@id\":\"https:\/\/www.mes-allocs.fr\/guides\/prime-d-activite\/prime-activite-conditions\/prime-activite-auto-entrepreneur\/#primaryimage\"},\"datePublished\":\"2020-09-08T10:50:26+00:00\",\"dateModified\":\"2026-04-02T12:29:57+00:00\",\"author\":{\"@id\":\"https:\/\/www.mes-allocs.fr\/guides\/#\/schema\/person\/1c4837d5703727cb02ce84583b5a44aa\"},\"description\":\"Les auto-entrepreneurs peuvent avoir droit \\u00e0 la prime d'activit\\u00e9. Vous pouvez d\\u00e9couvrir si vous \\u00eates \\u00e9ligible en 2026 via notre simulateur.\",\"inLanguage\":\"fr-FR\"},{\"@type\":\"Person\",\"@id\":\"https:\/\/www.mes-allocs.fr\/guides\/#\/schema\/person\/1c4837d5703727cb02ce84583b5a44aa\",\"name\":\"Fabiola\",\"image\":{\"@type\":\"ImageObject\",\"@id\":\"https:\/\/www.mes-allocs.fr\/guides\/#personlogo\",\"inLanguage\":\"fr-FR\",\"url\":\"https:\/\/www.mes-allocs.fr\/guides\/wp-content\/uploads\/2021\/06\/fabiola-150x150.png\",\"caption\":\"Fabiola\"},\"description\":\"Fabiola est r\\u00e9dactrice au sein de l'\\u00e9quipe Mes Allocs, sp\\u00e9cialis\\u00e9e en sciences politiques et affaires publiques. Dipl\\u00f4m\\u00e9e de l'HEIP, elle rejoint Mes Allocs apr\\u00e8s une premi\\u00e8re exp\\u00e9rience \\u00e0 l'Assembl\\u00e9e Nationale.\",\"sameAs\":[\"https:\/\/www.linkedin.com\/in\/cecilia-philippe-b-8a8085195\"]}]}<\/script>\n<!-- \/ Yoast SEO plugin. -->","amp_validity":null,"acf":{"faq":{"1":{"question":"Comment calculer prime d'activit\u00e9 Auto-entrepreneur ?","answer":"La m\u00e9thode de calcul de la prime d'activit\u00e9 est la m\u00eame pour tous. que vous soyez auto-entrepreneur ou non :\r\nA = (Montant forfaitaire + Bonification +59,85% des revenus professionnels) \u2013 (Ressources du foyer + prestations familiales + forfait logement) B = (Revenus d'activit\u00e9 + autres ressources du foyer + prestations familiales + forfait logement) \u2013 Montant forfaitaire."},"2":{"question":"Est-ce qu'un Auto-entrepreneur peut toucher la prime d'activit\u00e9 ?","answer":"Ainsi un \u00e9tudiant auto-entrepreneur pourra lui aussi b\u00e9n\u00e9ficier de la prime d'activit\u00e9, \u00e0 condition toutefois d'avoir : un enfant \u00e0 charge. ou un revenu professionnel inf\u00e9rieur \u00e0 78 % du SMIC net."},"3":{"question":"Qui a droit \u00e0 la prime d'activit\u00e9 2026 ?","answer":"Les \u00e9tudiants, salari\u00e9s, apprentis, fonctionnaires et ind\u00e9pendants peuvent faire valoir leurs droits \u00e0 la prime d'activit\u00e9 s'ils respectent les conditions en vigueur."},"4":{"question":"Est-ce que les \u00e9tudiants ont droit \u00e0 la prime d'activit\u00e9 ?","answer":"La prime d'activit\u00e9 remplace le RSA activit\u00e9 et la prime pour l'emploi. Les \u00e9tudiants salari\u00e9s, les stagiaires et les apprentis de plus de 18 ans peuvent en b\u00e9n\u00e9ficier sous certaines conditions."},"5":{"question":"\u00c0 quelle date est vers\u00e9e la prime d'activit\u00e9 ? ","answer":"La prime d'activit\u00e9 vous est vers\u00e9e le 5 de chaque mois. Par la suite vous devrez faire vos d\u00e9clarations trimestrielles pour continuer \u00e0 percevoir les versements."},"6":{"question":"Est-ce qu'un \u00e9tranger peut toucher la prime d'activit\u00e9 ? ","answer":"Les ressortissants de l'espace \u00e9conomique europ\u00e9en doivent respecter les conditions de droit au s\u00e9jour. Pour les ressortissants hors EEE vous devez \u00eatre titulaire d'une carte de r\u00e9sident ou, depuis au moins 5 ans, d'un titre de s\u00e9jour autorisant \u00e0 travailler."},"7":{"question":"","answer":""},"8":{"question":"","answer":""},"9":{"question":"","answer":""},"10":{"question":"","answer":""},"11":{"question":"","answer":""},"12":{"question":"","answer":""},"13":{"question":"","answer":""},"14":{"question":"","answer":""},"15":{"question":"","answer":""},"16":{"question":"","answer":""}}},"_links":{"self":[{"href":"https:\/\/www.mes-allocs.fr\/guides\/wp-json\/wp\/v2\/posts\/12341","targetHints":{"allow":["GET"]}}],"collection":[{"href":"https:\/\/www.mes-allocs.fr\/guides\/wp-json\/wp\/v2\/posts"}],"about":[{"href":"https:\/\/www.mes-allocs.fr\/guides\/wp-json\/wp\/v2\/types\/post"}],"author":[{"embeddable":true,"href":"https:\/\/www.mes-allocs.fr\/guides\/wp-json\/wp\/v2\/users\/7"}],"replies":[{"embeddable":true,"href":"https:\/\/www.mes-allocs.fr\/guides\/wp-json\/wp\/v2\/comments?post=12341"}],"version-history":[{"count":55,"href":"https:\/\/www.mes-allocs.fr\/guides\/wp-json\/wp\/v2\/posts\/12341\/revisions"}],"predecessor-version":[{"id":111364,"href":"https:\/\/www.mes-allocs.fr\/guides\/wp-json\/wp\/v2\/posts\/12341\/revisions\/111364"}],"wp:featuredmedia":[{"embeddable":true,"href":"https:\/\/www.mes-allocs.fr\/guides\/wp-json\/wp\/v2\/media\/12343"}],"wp:attachment":[{"href":"https:\/\/www.mes-allocs.fr\/guides\/wp-json\/wp\/v2\/media?parent=12341"}],"wp:term":[{"taxonomy":"category","embeddable":true,"href":"https:\/\/www.mes-allocs.fr\/guides\/wp-json\/wp\/v2\/categories?post=12341"},{"taxonomy":"post_tag","embeddable":true,"href":"https:\/\/www.mes-allocs.fr\/guides\/wp-json\/wp\/v2\/tags?post=12341"}],"curies":[{"name":"wp","href":"https:\/\/api.w.org\/{rel}","templated":true}]}}