{"id":12144,"date":"2020-09-07T04:33:14","date_gmt":"2020-09-07T04:33:14","guid":{"rendered":"https:\/\/www.mes-allocs.fr\/guides\/?p=12144"},"modified":"2026-02-23T15:38:09","modified_gmt":"2026-02-23T14:38:09","slug":"allocation-rentree-scolaire-conditions","status":"publish","type":"post","link":"https:\/\/www.mes-allocs.fr\/guides\/allocations-familiales\/allocation-rentree-scolaire\/allocation-rentree-scolaire-conditions\/","title":{"rendered":"Quelles sont les conditions pour percevoir l\u2019allocation de rentr\u00e9e scolaire ?"},"content":{"rendered":"<div class=\"brs_col\" style=\"text-align: justify;\"><strong><a href=\"https:\/\/www.mes-allocs.fr\/guides\/wp-content\/uploads\/2020\/08\/Allocation-rentre\u0301e-scolaire-quelles-sont-les-conditions-dobtention-.jpg\"><img loading=\"lazy\" decoding=\"async\" class=\"aligncenter wp-image-12257 \" src=\"https:\/\/www.mes-allocs.fr\/guides\/wp-content\/uploads\/2020\/08\/Allocation-rentre\u0301e-scolaire-quelles-sont-les-conditions-dobtention--e1598908511355.jpg\" alt=\"Allocation rentre\u0301e scolaire : quelles sont les conditions d'obtention ?\" width=\"1385\" height=\"332\" srcset=\"https:\/\/www.mes-allocs.fr\/guides\/wp-content\/uploads\/2020\/08\/Allocation-rentre\u0301e-scolaire-quelles-sont-les-conditions-dobtention--e1598908511355.jpg 1280w, https:\/\/www.mes-allocs.fr\/guides\/wp-content\/uploads\/2020\/08\/Allocation-rentre\u0301e-scolaire-quelles-sont-les-conditions-dobtention--e1598908511355-300x72.jpg 300w, https:\/\/www.mes-allocs.fr\/guides\/wp-content\/uploads\/2020\/08\/Allocation-rentre\u0301e-scolaire-quelles-sont-les-conditions-dobtention--e1598908511355-1024x246.jpg 1024w, https:\/\/www.mes-allocs.fr\/guides\/wp-content\/uploads\/2020\/08\/Allocation-rentre\u0301e-scolaire-quelles-sont-les-conditions-dobtention--e1598908511355-768x184.jpg 768w, https:\/\/www.mes-allocs.fr\/guides\/wp-content\/uploads\/2020\/08\/Allocation-rentre\u0301e-scolaire-quelles-sont-les-conditions-dobtention--e1598908511355-600x144.jpg 600w\" sizes=\"auto, (max-width: 1385px) 100vw, 1385px\" \/><\/a><\/strong><\/div>\n<div>\n<p>[Mis \u00e0 jour le 23\/02\/2026] L\u2019<a href=\"https:\/\/www.mes-allocs.fr\/guides\/allocations-familiales\/allocation-rentree-scolaire\/\">allocation de rentr\u00e9e scolaire<\/a> (ARS) vous est vers\u00e9e comme allocation familiale en fonction de plusieurs conditions pour pouvoir couvrir les frais li\u00e9s \u00e0 la rentr\u00e9e. Elle est attribu\u00e9e selon des crit\u00e8res, notamment l\u2019\u00e2ge de vos enfants, leur scolarisation et le niveau de vos ressources. Le respect de ces conditions est indispensable pour b\u00e9n\u00e9ficier de cette aide, qui est vers\u00e9e chaque ann\u00e9e au mois d\u2019ao\u00fbt, par la CAF ou la MSA. Dans cet article, d\u00e9couvrez les<b> conditions d&rsquo;attribution de l\u2019allocation de rentr\u00e9e scolaire<\/b> et comment savoir si vous \u00eates \u00e9ligible.<\/p>\n<div class='cta-block'><div class='text'>Simulez toutes vos Aides en 2 min.<\/div><a href='https:\/\/www.mes-allocs.fr\/ab-app?origin=guides\/wp-json\/wp\/v2\/posts\/12144' class='app-button fit'>Simulation gratuite<\/a><\/div>\n<h1>\u00c0 quoi sert l\u2019allocation de rentr\u00e9e scolaire ?<\/h1>\n<p>L\u2019allocation de rentr\u00e9e scolaire peut vous permettre de <b>r\u00e9duire les co\u00fbts associ\u00e9s \u00e0 la rentr\u00e9e scolaire <\/b>de vos enfants. Elle vous aide \u00e0 couvrir les d\u00e9penses n\u00e9cessaires comme l\u2019achat de fournitures scolaires ou d\u2019\u00e9quipements pour l\u2019ann\u00e9e \u00e0 venir. L&rsquo;<a href=\"https:\/\/www.mes-allocs.fr\/guides\/allocations-familiales\/allocation-rentree-scolaire\/allocation-rentree-scolaire-conditions\/age-allocation-rentree-scolaire\/\">\u00e2ge de vos enfants est une condition d&rsquo;\u00e9ligibilit\u00e9 \u00e0 l&rsquo;ARS<\/a>, mais les ressources de votre foyer sont \u00e9galement prises en compte.<\/p>\n<h1>Quelles sont les conditions d\u2019attribution de l&rsquo;allocation de rentr\u00e9e scolaire ?<\/h1>\n<h2>Quels sont les crit\u00e8res d\u2019\u00e2ge et de scolarisation des enfants ?<\/h2>\n<p>Pour la rentr\u00e9e 2026, votre enfant doit \u00eatre \u00e2g\u00e9 <b>de 6 \u00e0 18 ans<\/b>, c\u2019est-\u00e0-dire n\u00e9 entre le 16 septembre 2008 et le 31 d\u00e9cembre 2020 inclus. De plus, il doit \u00eatre scolaris\u00e9 dans un \u00e9tablissement reconnu ou \u00eatre inscrit au CNED. Les enfants qui font l\u2019\u00e9cole \u00e0 la maison ne sont donc pas \u00e9ligibles \u00e0 l\u2019ARS. En ce qui concerne les enfants de 16 \u00e0 18 ans, une d\u00e9claration de scolarit\u00e9 ou d\u2019apprentissage est n\u00e9cessaire chaque ann\u00e9e.<\/p>\n<h2>L\u2019ARS est-elle accessible pour les apprentis ou les enfants en \u00e9tablissement sp\u00e9cialis\u00e9 ?<\/h2>\n<p><b>Oui<\/b>, l\u2019ARS est accessible pour les enfants en <b>apprentissage<\/b> ou pris en charge dans un <b>\u00e9tablissement sp\u00e9cialis\u00e9<\/b>, \u00e0 condition qu\u2019ils soient \u00e2g\u00e9s de 6 \u00e0 18 ans et que les autres conditions d\u2019\u00e9ligibilit\u00e9 soient respect\u00e9es. Comme indiqu\u00e9 pr\u00e9c\u00e9demment, la d\u00e9claration de scolarit\u00e9 ou d\u2019apprentissage doit \u00eatre faite pour les jeunes de 16 \u00e0 18 ans. Cependant, si votre enfant est confi\u00e9 \u00e0 l\u2019aide sociale \u00e0 l\u2019enfance (ASE) ou \u00e0 un \u00e9tablissement sanitaire ou d\u2019\u00e9ducation, l\u2019ARS ne vous est pas directement vers\u00e9e mais elle est plac\u00e9e sur un compte bloqu\u00e9 au nom de votre enfant.<\/p>\n<h2>Quelles sont les conditions de ressources \u00e0 respecter pour l\u2019ARS ?<\/h2>\n<h3>Quels plafonds de revenus ne faut-il pas d\u00e9passer selon le nombre d\u2019enfants \u00e0 charge ?<\/h3>\n<p>Pour b\u00e9n\u00e9ficier de l&rsquo;allocation de rentr\u00e9e scolaire en 2026, vos ressources ne doivent pas d\u00e9passer un plafond fix\u00e9 selon votre nombre d\u2019enfants \u00e0 charge. Les revenus pris en compte sont ceux de l\u2019ann\u00e9e <b>2024<\/b>, donc en <b>N-2<\/b> par rapport \u00e0 la rentr\u00e9e concern\u00e9e. Pour l\u2019ann\u00e9e 2026, les <a href=\"https:\/\/www.mes-allocs.fr\/guides\/allocations-familiales\/allocation-rentree-scolaire\/plafond-allocation-rentree-scolaire\/\">plafonds de revenus de l&rsquo;ARS<\/a> sont les suivants :<\/p>\n\n<div class=\"wpdt-c row wpDataTableContainerSimpleTable wpDataTables wpDataTablesWrapper\n\"\n    >\n    <table id=\"wpdtSimpleTable-71\"\n           class=\"wpdtSimpleTable wpDataTable\"\n           data-column=\"2\"\n           data-rows=\"6\"\n           data-wpID=\"71\"\n           data-responsive=\"0\"\n           data-has-header=\"1\">\n\n                    <thead>        <tr class=\"wpdt-cell-row \" >\n                            <th class=\"wpdt-cell wpdt-bc-F3F9FE wpdt-bold\"\n                                    data-cell-id=\"A1\"\n                data-col-index=\"0\"\n                data-row-index=\"0\"\n                style=\" width:49.100257069409%;                padding:10px;\"\n                >\n                                Nombre d'enfants \u00e0 charge\n                <\/th>\n                                            <th class=\"wpdt-cell wpdt-bc-F3F9FE wpdt-bold\"\n                                    data-cell-id=\"B1\"\n                data-col-index=\"1\"\n                data-row-index=\"0\"\n                style=\" width:50.899742930591%;                padding:10px;\"\n                >\n                                Salaire d'activit\u00e9                <\/th>\n                                        <\/tr>\n                    <tbody>        <tr class=\"wpdt-cell-row \" >\n                            <td class=\"wpdt-cell \"\n                                    data-cell-id=\"A2\"\n                data-col-index=\"0\"\n                data-row-index=\"1\"\n                style=\"                padding:10px;\"\n                >\n                                1\n                <\/td>\n                                            <td class=\"wpdt-cell \"\n                                    data-cell-id=\"B2\"\n                data-col-index=\"1\"\n                data-row-index=\"1\"\n                style=\"                padding:10px;\"\n                >\n                                28 956 \u20ac                <\/td>\n                                        <\/tr>\n                            <tr class=\"wpdt-cell-row \" >\n                            <td class=\"wpdt-cell \"\n                                    data-cell-id=\"A3\"\n                data-col-index=\"0\"\n                data-row-index=\"2\"\n                style=\"                padding:10px;\"\n                >\n                                2                <\/td>\n                                            <td class=\"wpdt-cell \"\n                                    data-cell-id=\"B3\"\n                data-col-index=\"1\"\n                data-row-index=\"2\"\n                style=\"                padding:10px;\"\n                >\n                                35 638 \u20ac                <\/td>\n                                        <\/tr>\n                            <tr class=\"wpdt-cell-row \" >\n                            <td class=\"wpdt-cell \"\n                                    data-cell-id=\"A4\"\n                data-col-index=\"0\"\n                data-row-index=\"3\"\n                style=\"                padding:10px;\"\n                >\n                                3                <\/td>\n                                            <td class=\"wpdt-cell \"\n                                    data-cell-id=\"B4\"\n                data-col-index=\"1\"\n                data-row-index=\"3\"\n                style=\"                padding:10px;\"\n                >\n                                42 320 \u20ac                <\/td>\n                                        <\/tr>\n                            <tr class=\"wpdt-cell-row \" >\n                            <td class=\"wpdt-cell \"\n                                    data-cell-id=\"A5\"\n                data-col-index=\"0\"\n                data-row-index=\"4\"\n                style=\"                padding:10px;\"\n                >\n                                4                <\/td>\n                                            <td class=\"wpdt-cell \"\n                                    data-cell-id=\"B5\"\n                data-col-index=\"1\"\n                data-row-index=\"4\"\n                style=\"                padding:10px;\"\n                >\n                                49 002 \u20ac                <\/td>\n                                        <\/tr>\n                            <tr class=\"wpdt-cell-row \" >\n                            <td class=\"wpdt-cell \"\n                                    data-cell-id=\"A6\"\n                data-col-index=\"0\"\n                data-row-index=\"5\"\n                style=\"                padding:10px;\"\n                >\n                                Par enfant suppl\u00e9mentaire                <\/td>\n                                            <td class=\"wpdt-cell \"\n                                    data-cell-id=\"B6\"\n                data-col-index=\"1\"\n                data-row-index=\"5\"\n                style=\"                padding:10px;\"\n                >\n                                + 6 682 \u20ac                <\/td>\n                                        <\/tr>\n                    <\/table>\n<\/div><style id='wpdt-custom-style-71'>\ntable#wpdtSimpleTable-71{ table-layout: fixed !important; }\n.wpdt-bc-F3F9FE { background-color: #F3F9FE !important;}\n<\/style>\n\n<h3>Quels sont les revenus pris en compte pour l\u2019ARS ?<\/h3>\n<p>En 2026, les revenus pris en compte sont le <b>revenu net cat\u00e9goriel<\/b> de l\u2019ann\u00e9e 2024. Ce montant inclut l&rsquo;ensemble des revenus de votre foyer, diminu\u00e9s des charges d\u00e9ductibles et des \u00e9ventuels abattements fiscaux.<\/p>\n<h3>Que se passe-t-il si mes revenus d\u00e9passent l\u00e9g\u00e8rement le plafond ?<\/h3>\n<p>Si vos revenus d\u00e9passent l\u00e9g\u00e8rement le plafond de l\u2019allocation de rentr\u00e9e scolaire, vous pouvez b\u00e9n\u00e9ficier d\u2019une<b> aide diff\u00e9rentielle<\/b>. Celle-ci est calcul\u00e9e en fonction de la diff\u00e9rence entre vos revenus et le plafond major\u00e9, lequel correspond au plafond habituel (selon le nombre d\u2019enfants \u00e0 charge) auquel on ajoute le montant total de l\u2019ARS que vous auriez per\u00e7ue si vos revenus \u00e9taient juste en dessous du plafond.<\/p>\n<div class='shortcode tips'><div class='title'>Exemple<\/div><div class='content'>Pour une famille avec 3 enfants, si le plafond est de 42 320 \u20ac et que vos revenus sont de 42 500 \u20ac, le plafond major\u00e9 serait de 42 320\u20ac \u20ac plus le montant de l\u2019ARS pour 3 enfants. La diff\u00e9rence entre ce plafond major\u00e9 et vos revenus r\u00e9els d\u00e9terminera le montant de l\u2019ARS diff\u00e9rentielle, qui sera donc inf\u00e9rieur \u00e0 celui de l\u2019ARS classique.<\/div><\/div>\n<p><iframe loading=\"lazy\" title=\"L&#039;allocation de rentr\u00e9e scolaire\" width=\"500\" height=\"281\" src=\"https:\/\/www.youtube.com\/embed\/MfDoGweq-e0?feature=oembed\" frameborder=\"0\" allow=\"accelerometer; autoplay; clipboard-write; encrypted-media; gyroscope; picture-in-picture; web-share\" referrerpolicy=\"strict-origin-when-cross-origin\" allowfullscreen><\/iframe><\/p>\n<div class='cta-block'><div class='text'>Simulez toutes vos Aides en 2 min.<\/div><a href='https:\/\/www.mes-allocs.fr\/ab-app?origin=guides\/wp-json\/wp\/v2\/posts\/12144' class='app-button fit'>Simulation gratuite<\/a><\/div>\n<h1>Comment savoir si je remplis les conditions pour l\u2019ARS ?<\/h1>\n<p>Vous pouvez v\u00e9rifier rapidement si vous remplissez les conditions pour l\u2019ARS en utilisant <b>notre simulateur<\/b>. Cela vous permettra de savoir en quelques minutes si vos revenus et votre situation familiale correspondent aux crit\u00e8res n\u00e9cessaires pour en b\u00e9n\u00e9ficier. En quelques clics, vous obtiendrez une estimation du montant de l\u2019ARS auquel vous pourriez pr\u00e9tendre.<\/p>\n<h1>Questions fr\u00e9quentes sur l&rsquo;\u00e9ligibilit\u00e9 \u00e0 l&rsquo;ARS<\/h1>\n<h2>L\u2019allocation de rentr\u00e9e scolaire est-elle accessible pour les enfants de plus de 18 ans ?<\/h2>\n<p><b>Non<\/b>, <a href=\"https:\/\/www.mes-allocs.fr\/guides\/allocations-familiales\/allocation-rentree-scolaire\/allocation-rentree-scolaire-conditions\/allocation-rentree-scolaire-apres-18-ans\/\">l\u2019allocation de rentr\u00e9e scolaire n\u2019est pas accessible pour les enfants de plus de 18 an<\/a>s. Elle est strictement r\u00e9serv\u00e9e aux enfants de 6 \u00e0 18 ans, scolaris\u00e9s, en apprentissage ou pris en charge dans un \u00e9tablissement sp\u00e9cialis\u00e9, sous conditions de ressources. Les enfants qui ont 18 ans r\u00e9volus au 15 septembre de l\u2019ann\u00e9e de la rentr\u00e9e scolaire ne sont plus \u00e9ligibles.<\/p>\n<h2>Un apprenti peut-il percevoir l\u2019allocation de rentr\u00e9e scolaire ?<\/h2>\n<p><b>Oui<\/b>, un <a href=\"https:\/\/www.mes-allocs.fr\/guides\/allocations-familiales\/allocation-rentree-scolaire\/allocation-rentree-scolaire-conditions\/allocation-rentree-scolaire-apprentissage\/\">apprenti peut<b>\u00a0<\/b>b\u00e9n\u00e9ficier de l\u2019allocation de rentr\u00e9e scolaire<\/a>, \u00e0 condition qu\u2019il ait <b>moins de 18 ans au 15 septembre de l\u2019ann\u00e9e<\/b> de la rentr\u00e9e et que les autres crit\u00e8res soient respect\u00e9s. Pour les apprentis, il faut aussi que leur r\u00e9mun\u00e9ration ne d\u00e9passe pas 55 % du SMIC.<\/p>\n<h2>Le redoublement d\u2019un enfant a-t-il un impact sur le versement de l\u2019ARS ?<\/h2>\n<p><b>Non<\/b>, <a href=\"https:\/\/www.mes-allocs.fr\/guides\/allocations-familiales\/allocation-rentree-scolaire\/allocation-rentree-scolaire-conditions\/allocation-rentree-scolaire-redoublement\/\">le redoublement d\u2019un enfant n\u2019a pas d\u2019impact sur le versement de la prime de rentr\u00e9e scolaire<\/a>. L\u2019ARS est vers\u00e9e <b>tant que votre enfant est scolaris\u00e9<\/b> dans un \u00e9tablissement reconnu, <b>quel que soit le niveau scolaire<\/b> ou le fait qu\u2019il redouble une classe. La condition principale reste l\u2019\u00e2ge, la scolarisation et le respect des conditions de ressources.<\/p>\n<div class='shortcode summary'><div class='title'>En r\u00e9sum\u00e9 :<\/div><div class='content'><ul><li>L\u2019ARS est attribu\u00e9e aux enfants \u00e2g\u00e9s <b>de 6 \u00e0 18 ans<\/b>, <b>scolaris\u00e9s<\/b> dans un <b>\u00e9tablissement reconnu<\/b> ou inscrits au <b>CNED<\/b>. Les enfants en \u00e9cole \u00e0 la maison ne sont pas \u00e9ligibles.<\/li><li>Les <b>apprentis<\/b> de moins de 18 ans peuvent recevoir l\u2019ARS, sous condition que leur r\u00e9mun\u00e9ration ne d\u00e9passe pas 55 % du SMIC et que les autres crit\u00e8res soient respect\u00e9s.<\/li><li>Vos ressources ne doivent pas d\u00e9passer un <b>plafond<\/b> fix\u00e9 en fonction du nombre d\u2019enfants \u00e0 charge. Ce plafond est r\u00e9vis\u00e9 chaque ann\u00e9e.<\/li><li>Le<b> redoublement n\u2019affecte pas le versement de l\u2019ARS<\/b>, tant que l\u2019enfant est scolaris\u00e9 et que les crit\u00e8res d\u2019\u00e2ge et de ressources sont respect\u00e9s.<\/li><li>Si vos revenus d\u00e9passent l\u00e9g\u00e8rement le plafond, vous pouvez b\u00e9n\u00e9ficier d&rsquo;une <b>allocation diff\u00e9rentielle<\/b>, calcul\u00e9e en fonction de l\u2019\u00e9cart entre vos revenus et le plafond major\u00e9.<\/li><\/ul><\/div><\/div>\n<\/div>\n<div>\n<p class=\"p1\"><div class='cta-block'><div class='text'>Simulez toutes vos Aides en 2 min.<\/div><a href='https:\/\/www.mes-allocs.fr\/ab-app?origin=guides\/wp-json\/wp\/v2\/posts\/12144' class='app-button fit'>Simulation gratuite<\/a><\/div><\/p>\n<\/div>\n","protected":false},"excerpt":{"rendered":"<p>[Mis \u00e0 jour le 23\/02\/2026] L\u2019allocation de rentr\u00e9e scolaire (ARS) vous est vers\u00e9e comme allocation familiale en fonction de plusieurs conditions pour pouvoir couvrir les frais li\u00e9s \u00e0 la rentr\u00e9e. Elle est attribu\u00e9e selon des crit\u00e8res, notamment l\u2019\u00e2ge de vos enfants, leur scolarisation et le niveau de vos ressources. Le respect de ces conditions est [&hellip;]<\/p>\n","protected":false},"author":7,"featured_media":12258,"comment_status":"open","ping_status":"open","sticky":false,"template":"","format":"standard","meta":{"amp_status":"","footnotes":""},"categories":[41,10],"tags":[],"class_list":["post-12144","post","type-post","status-publish","format-standard","has-post-thumbnail","hentry","category-allocation-rentree-scolaire","category-allocations-familiales"],"yoast_head":"<!-- This site is optimized with the Yoast SEO plugin v14.9 - https:\/\/yoast.com\/wordpress\/plugins\/seo\/ -->\n<title>Quelles conditions pour percevoir l\u2019allocation de rentr\u00e9e scolaire ?<\/title>\n<meta name=\"description\" content=\"L&#039;allocation de rentr\u00e9e scolaire (ARS) est vers\u00e9e sous conditions de ressources, aux familles ayant un enfant scolaris\u00e9 \u00e2g\u00e9 de 6 \u00e0 18 ans.\" \/>\n<meta name=\"robots\" content=\"index, follow, max-snippet:-1, max-image-preview:large, max-video-preview:-1\" \/>\n<link rel=\"canonical\" href=\"https:\/\/www.mes-allocs.fr\/guides\/allocations-familiales\/allocation-rentree-scolaire\/allocation-rentree-scolaire-conditions\/\" \/>\n<meta property=\"og:locale\" content=\"fr_FR\" \/>\n<meta property=\"og:type\" content=\"article\" \/>\n<meta property=\"og:title\" content=\"Quelles conditions pour percevoir l\u2019allocation de rentr\u00e9e scolaire ?\" \/>\n<meta property=\"og:description\" content=\"L&#039;allocation de rentr\u00e9e scolaire (ARS) est vers\u00e9e sous conditions de ressources, aux familles ayant un enfant scolaris\u00e9 \u00e2g\u00e9 de 6 \u00e0 18 ans.\" \/>\n<meta property=\"og:url\" content=\"https:\/\/www.mes-allocs.fr\/guides\/allocations-familiales\/allocation-rentree-scolaire\/allocation-rentree-scolaire-conditions\/\" \/>\n<meta property=\"og:site_name\" content=\"Mes-Allocs.fr\" \/>\n<meta property=\"article:published_time\" content=\"2020-09-07T04:33:14+00:00\" \/>\n<meta property=\"article:modified_time\" content=\"2026-02-23T14:38:09+00:00\" \/>\n<meta property=\"og:image\" content=\"https:\/\/www.mes-allocs.fr\/guides\/wp-content\/uploads\/2020\/08\/Allocation-rentre\u0301e-scolaire-quelles-sont-les-conditions-dobtention-c.jpg?wsr\" \/>\n\t<meta property=\"og:image:width\" content=\"1280\" \/>\n\t<meta property=\"og:image:height\" content=\"769\" \/>\n<meta name=\"twitter:card\" content=\"summary_large_image\" \/>\n<script type=\"application\/ld+json\" class=\"yoast-schema-graph\">{\"@context\":\"https:\/\/schema.org\",\"@graph\":[{\"@type\":\"WebSite\",\"@id\":\"https:\/\/www.mes-allocs.fr\/guides\/#website\",\"url\":\"https:\/\/www.mes-allocs.fr\/guides\/\",\"name\":\"Mes-Allocs.fr\",\"description\":\"\",\"potentialAction\":[{\"@type\":\"SearchAction\",\"target\":\"https:\/\/www.mes-allocs.fr\/guides\/?s={search_term_string}\",\"query-input\":\"required name=search_term_string\"}],\"inLanguage\":\"fr-FR\"},{\"@type\":\"ImageObject\",\"@id\":\"https:\/\/www.mes-allocs.fr\/guides\/allocations-familiales\/allocation-rentree-scolaire\/allocation-rentree-scolaire-conditions\/#primaryimage\",\"inLanguage\":\"fr-FR\",\"url\":\"https:\/\/www.mes-allocs.fr\/guides\/wp-content\/uploads\/2020\/08\/Allocation-rentre\\u0301e-scolaire-quelles-sont-les-conditions-dobtention-c.jpg?wsr\",\"width\":1280,\"height\":769,\"caption\":\"Allocation rentre\\u0301e scolaire quelles sont les conditions dobtention c\"},{\"@type\":\"WebPage\",\"@id\":\"https:\/\/www.mes-allocs.fr\/guides\/allocations-familiales\/allocation-rentree-scolaire\/allocation-rentree-scolaire-conditions\/#webpage\",\"url\":\"https:\/\/www.mes-allocs.fr\/guides\/allocations-familiales\/allocation-rentree-scolaire\/allocation-rentree-scolaire-conditions\/\",\"name\":\"Quelles conditions pour percevoir l\\u2019allocation de rentr\\u00e9e scolaire ?\",\"isPartOf\":{\"@id\":\"https:\/\/www.mes-allocs.fr\/guides\/#website\"},\"primaryImageOfPage\":{\"@id\":\"https:\/\/www.mes-allocs.fr\/guides\/allocations-familiales\/allocation-rentree-scolaire\/allocation-rentree-scolaire-conditions\/#primaryimage\"},\"datePublished\":\"2020-09-07T04:33:14+00:00\",\"dateModified\":\"2026-02-23T14:38:09+00:00\",\"author\":{\"@id\":\"https:\/\/www.mes-allocs.fr\/guides\/#\/schema\/person\/1c4837d5703727cb02ce84583b5a44aa\"},\"description\":\"L'allocation de rentr\\u00e9e scolaire (ARS) est vers\\u00e9e sous conditions de ressources, aux familles ayant un enfant scolaris\\u00e9 \\u00e2g\\u00e9 de 6 \\u00e0 18 ans.\",\"inLanguage\":\"fr-FR\"},{\"@type\":\"Person\",\"@id\":\"https:\/\/www.mes-allocs.fr\/guides\/#\/schema\/person\/1c4837d5703727cb02ce84583b5a44aa\",\"name\":\"Fabiola\",\"image\":{\"@type\":\"ImageObject\",\"@id\":\"https:\/\/www.mes-allocs.fr\/guides\/#personlogo\",\"inLanguage\":\"fr-FR\",\"url\":\"https:\/\/www.mes-allocs.fr\/guides\/wp-content\/uploads\/2021\/06\/fabiola-150x150.png\",\"caption\":\"Fabiola\"},\"description\":\"Fabiola est r\\u00e9dactrice au sein de l'\\u00e9quipe Mes Allocs, sp\\u00e9cialis\\u00e9e en sciences politiques et affaires publiques. Dipl\\u00f4m\\u00e9e de l'HEIP, elle rejoint Mes Allocs apr\\u00e8s une premi\\u00e8re exp\\u00e9rience \\u00e0 l'Assembl\\u00e9e Nationale.\",\"sameAs\":[\"https:\/\/www.linkedin.com\/in\/cecilia-philippe-b-8a8085195\"]}]}<\/script>\n<!-- \/ Yoast SEO plugin. -->","amp_validity":null,"acf":{"faq":{"1":{"question":"Quels revenus sont pris en compte pour l'allocation rentr\u00e9e scolaire ?","answer":"Le revenu pris en compte pour le calcul de l'ARS 2026 examine les revenus per\u00e7us en 2024 (ann\u00e9e n-2)."},"2":{"question":"Quel plafond ne pas d\u00e9passer pour la prime de rentr\u00e9e scolaire ?","answer":"Pour toucher l'Allocation de Rentr\u00e9e Scolaire (ARS) en 2026, les plafonds de revenus \u00e0 ne pas d\u00e9passer sont :\r\n\r\n- 28 956 \u20ac pour 1 enfant\r\n- 35 638 \u20ac pour 2 enfants\r\n- 42 320 \u20ac pour 3 enfants\r\n- 49 002 \u20ac pour 4 enfants\r\n\r\nChaque enfant suppl\u00e9mentaire ajoute un plafond de +6 682 \u20ac"},"3":{"question":"Comment savoir si on a le droit \u00e0 la rentr\u00e9e scolaire ?","answer":"Vous y avez le droit si vous avez au moins un enfant \u00e0 charge scolaris\u00e9 et \u00e2g\u00e9 de 6 \u00e0 18 ans. En outre, vous devez respecter les plafonds de ressources fix\u00e9s. Pour savoir si vous y avez droit, vous pouvez aussi faire une simulation sur le simulateur Mes Allocs.fr"},"4":{"question":"Quand est vers\u00e9e la prime de rentr\u00e9e scolaire 2026 ?","answer":"La date de versement en 2026 n'est pas encore connue pour les familles r\u00e9sidant en France m\u00e9tropolitaine et dans les d\u00e9partements d'outre-Mer"},"5":{"question":"Quand s'arr\u00eate l'allocation de rentr\u00e9e scolaire ?","answer":"L'ARS s'arr\u00eate \u00e0 18 ans. "},"6":{"question":"La Caf peut-elle retenir la prime de rentr\u00e9e scolaire ?","answer":"En principe, les prestations familiales sont prot\u00e9g\u00e9es contre toute saisie. Cependant, certaines d\u2019entre elles peuvent \u00eatre saisies si vous ne payez pas de dettes alimentaires, telles que la pension alimentaire ou les frais de cantine scolaire."},"7":{"question":"Quel est le montant de la prime de rentr\u00e9e scolaire pour un parent isol\u00e9 ?","answer":"Le montant de l'<a href=\"https:\/\/www.mes-allocs.fr\/guides\/allocations-familiales\/allocation-rentree-scolaire\/allocation-rentree-scolaire-conditions\/allocation-rentree-scolaire-parent-isole\/\">ARS pour un parent isol\u00e9<\/a> d\u00e9pend de l'\u00e2ge du ou des enfant(s). En 2026, il varie de 423,05 \u20ac \u00e0 462,03 \u20ac."},"8":{"question":"L'ARS est-elle vers\u00e9e dans les pays frontaliers ?","answer":"Oui, l'<a href=\"https:\/\/www.mes-allocs.fr\/guides\/allocations-familiales\/allocation-rentree-scolaire\/allocation-rentree-scolaire-conditions\/allocation-rentree-scolaire-frontaliers\/\">ARS est vers\u00e9e dans les pays frontaliers<\/a>, comme la Suisse, la Belgique ou encore le Luxembourg. Mais attention, les conditions d'attribution et les montants sont diff\u00e9rents d'un pays \u00e0 l'autre. "},"9":{"question":"","answer":""},"10":{"question":"","answer":""},"11":{"question":"","answer":""},"12":{"question":"","answer":""},"13":{"question":"","answer":""},"14":{"question":"","answer":""},"15":{"question":"","answer":""},"16":{"question":"","answer":""}}},"_links":{"self":[{"href":"https:\/\/www.mes-allocs.fr\/guides\/wp-json\/wp\/v2\/posts\/12144","targetHints":{"allow":["GET"]}}],"collection":[{"href":"https:\/\/www.mes-allocs.fr\/guides\/wp-json\/wp\/v2\/posts"}],"about":[{"href":"https:\/\/www.mes-allocs.fr\/guides\/wp-json\/wp\/v2\/types\/post"}],"author":[{"embeddable":true,"href":"https:\/\/www.mes-allocs.fr\/guides\/wp-json\/wp\/v2\/users\/7"}],"replies":[{"embeddable":true,"href":"https:\/\/www.mes-allocs.fr\/guides\/wp-json\/wp\/v2\/comments?post=12144"}],"version-history":[{"count":47,"href":"https:\/\/www.mes-allocs.fr\/guides\/wp-json\/wp\/v2\/posts\/12144\/revisions"}],"predecessor-version":[{"id":109707,"href":"https:\/\/www.mes-allocs.fr\/guides\/wp-json\/wp\/v2\/posts\/12144\/revisions\/109707"}],"wp:featuredmedia":[{"embeddable":true,"href":"https:\/\/www.mes-allocs.fr\/guides\/wp-json\/wp\/v2\/media\/12258"}],"wp:attachment":[{"href":"https:\/\/www.mes-allocs.fr\/guides\/wp-json\/wp\/v2\/media?parent=12144"}],"wp:term":[{"taxonomy":"category","embeddable":true,"href":"https:\/\/www.mes-allocs.fr\/guides\/wp-json\/wp\/v2\/categories?post=12144"},{"taxonomy":"post_tag","embeddable":true,"href":"https:\/\/www.mes-allocs.fr\/guides\/wp-json\/wp\/v2\/tags?post=12144"}],"curies":[{"name":"wp","href":"https:\/\/api.w.org\/{rel}","templated":true}]}}