{"id":12138,"date":"2020-09-14T09:51:01","date_gmt":"2020-09-14T09:51:01","guid":{"rendered":"https:\/\/www.mes-allocs.fr\/guides\/?p=12138"},"modified":"2026-02-23T17:03:16","modified_gmt":"2026-02-23T16:03:16","slug":"date-de-creation-allocation-de-rentree-scolaire","status":"publish","type":"post","link":"https:\/\/www.mes-allocs.fr\/guides\/allocations-familiales\/allocation-rentree-scolaire\/date-de-creation-allocation-de-rentree-scolaire\/","title":{"rendered":"Depuis quand existe la prime de rentr\u00e9e scolaire  ?"},"content":{"rendered":"<div class=\"mw\">\n<div id=\"rcnt\">\n<div class=\"col\">\n<div id=\"center_col\">\n<div id=\"botstuff\">\n<div data-ved=\"2ahUKEwichcTWkb7rAhUK1BoKHcJ6AlEQCHoECA0QMg\">\n<div id=\"brs\" data-hveid=\"CAwQAA\">\n<div class=\"card-section\">\n<div class=\"brs_col\" style=\"text-align: justify;\">\n<p><strong><a href=\"https:\/\/www.mes-allocs.fr\/guides\/wp-content\/uploads\/2020\/08\/Quelle-est-la-date-de-cre\u0301ation-de-lallocation-de-rentre\u0301e-scolaire-c.jpg\"><img loading=\"lazy\" decoding=\"async\" class=\"aligncenter wp-image-12305 \" src=\"https:\/\/www.mes-allocs.fr\/guides\/wp-content\/uploads\/2020\/08\/Quelle-est-la-date-de-cre\u0301ation-de-lallocation-de-rentre\u0301e-scolaire-c-e1598964249623.jpg\" alt=\"Quelle est la date de cre\u0301ation de l'allocation de rentre\u0301e scolaire ?c\" width=\"1447\" height=\"321\" srcset=\"https:\/\/www.mes-allocs.fr\/guides\/wp-content\/uploads\/2020\/08\/Quelle-est-la-date-de-cre\u0301ation-de-lallocation-de-rentre\u0301e-scolaire-c-e1598964249623.jpg 1280w, https:\/\/www.mes-allocs.fr\/guides\/wp-content\/uploads\/2020\/08\/Quelle-est-la-date-de-cre\u0301ation-de-lallocation-de-rentre\u0301e-scolaire-c-e1598964249623-300x67.jpg 300w, https:\/\/www.mes-allocs.fr\/guides\/wp-content\/uploads\/2020\/08\/Quelle-est-la-date-de-cre\u0301ation-de-lallocation-de-rentre\u0301e-scolaire-c-e1598964249623-1024x227.jpg 1024w, https:\/\/www.mes-allocs.fr\/guides\/wp-content\/uploads\/2020\/08\/Quelle-est-la-date-de-cre\u0301ation-de-lallocation-de-rentre\u0301e-scolaire-c-e1598964249623-768x170.jpg 768w, https:\/\/www.mes-allocs.fr\/guides\/wp-content\/uploads\/2020\/08\/Quelle-est-la-date-de-cre\u0301ation-de-lallocation-de-rentre\u0301e-scolaire-c-e1598964249623-600x133.jpg 600w\" sizes=\"auto, (max-width: 1447px) 100vw, 1447px\" \/><\/a><\/strong><\/p>\n<p>[Mis \u00e0 jour le 23\/02\/2026] Mise en place il y a 50 ans, l\u2019<a href=\"https:\/\/www.mes-allocs.fr\/guides\/allocations-familiales\/allocation-rentree-scolaire\/\">allocation de rentr\u00e9e scolaire<\/a> (ARS) a \u00e9t\u00e9 cr\u00e9\u00e9e pour vous aider \u00e0 payer les charges li\u00e9es \u00e0 la rentr\u00e9e de votre enfant. Depuis sa cr\u00e9ation, la prime de rentr\u00e9e \u00e0 \u00e9volu\u00e9, tant sur le montant que sur les conditions d\u2019attribution. Dans cet article, d\u00e9couvrez les \u00e9volutions, les modalit\u00e9s actuelles de l\u2019ARS et <b>depuis quand la prime de rentr\u00e9e scolaire existe<\/b>.<\/p>\n<p class=\"p1\"><div class='cta-block'><div class='text'>Simulez toutes vos Aides en 2 min.<\/div><a href='https:\/\/www.mes-allocs.fr\/ab-app?origin=guides\/wp-json\/wp\/v2\/posts\/12138' class='app-button fit'>Simulation gratuite<\/a><\/div><\/p>\n<h1>Quelles sont les origines de la prime de rentr\u00e9e scolaire ?<\/h1>\n<h2>Quand et pourquoi la prime de rentr\u00e9e scolaire a \u00e9t\u00e9 mise en place ?<\/h2>\n<p>La prime de rentr\u00e9e scolaire a \u00e9t\u00e9 mise en place <b>en 1974<\/b>. Vous devez cette mesure au contexte \u00e9conomique de l\u2019\u00e9poque, qui est marqu\u00e9 par une inflation chronique, qui pesait sur le budget des familles les plus modestes, notamment \u00e0 l\u2019approche de la rentr\u00e9e scolaire. Son objectif \u00e9tait d\u2019aider les m\u00e9nages en difficult\u00e9 en leur accordant une aide destin\u00e9e \u00e0 <b>prendre en charge une partie des frais li\u00e9s \u00e0 la rentr\u00e9e des enfants scolaris\u00e9s<\/b>.<\/p>\n<h2>Quelles sont les principales \u00e9volutions de la prime de rentr\u00e9e scolaire depuis 1974 ?<\/h2>\n<p>Les principales \u00e9volutions de la prime de rentr\u00e9e scolaire depuis 1974 sont les suivantes :<\/p>\n<ul>\n<li aria-level=\"1\"><b>Cr\u00e9ation de l\u2019ARS en 1974<\/b> : l\u2019allocation est mise en place pour aider les familles \u00e0 financer les d\u00e9penses de la rentr\u00e9e, sous conditions de ressources \u00e0 partir du premier enfant \u00e0 charge.<\/li>\n<li aria-level=\"1\"><b>\u00c9largissement de l\u2019ARS en 1985<\/b> : l\u2019allocation de rentr\u00e9e scolaire est accord\u00e9e aux familles qui ont un ou deux enfants \u00e0 charge, sous conditions de revenu.<\/li>\n<li aria-level=\"1\"><b>Suppression de la condition de ressources en 1990<\/b> : l\u2019allocation de rentr\u00e9e scolaire est accord\u00e9e aux familles qui ont un ou deux enfants \u00e0 charge et il n\u2019existe plus de conditions de revenu pour pouvoir en b\u00e9n\u00e9ficier.<\/li>\n<li aria-level=\"1\"><b>Nouvelles conditions d\u2019\u00e9ligibilit\u00e9 en 2006<\/b> : les modalit\u00e9s d\u2019attribution se pr\u00e9cisent, notamment la prise en compte de revenus ant\u00e9rieurs et l\u2019obligation de scolarisation effective pour les enfants b\u00e9n\u00e9ficiaires.<\/li>\n<li aria-level=\"1\"><b>Obligation de fournir un justificatif de scolarit\u00e9 en 2012<\/b> : pour les enfants de 16 \u00e0 18 ans, vous devez fournir une attestation de scolarit\u00e9 pour percevoir l\u2019ARS.<\/li>\n<li aria-level=\"1\"><b>Revalorisation de l\u2019allocation de rentr\u00e9e scolaire en 2026<\/b> : le montant de l\u2019allocation a augment\u00e9, passant jusqu\u2019\u00e0 462,03 \u20ac pour les enfants de 15 \u00e0 18 ans,<\/li>\n<\/ul>\n<div class='shortcode important'><div class='title'>Important<\/div><div class='content'>Aujourd\u2019hui, les montants de l\u2019allocation de rentr\u00e9e scolaire continuent d\u2019\u00eatre <b>r\u00e9\u00e9valu\u00e9s chaque ann\u00e9e<\/b> selon l\u2019inflation. Ils diff\u00e8rent selon l\u2019\u00e2ge de l\u2019enfant et les plafonds de ressources sont aussi ajust\u00e9s tous les ans. <\/div><\/div>\n<p class=\"p1\"><div class='cta-block'><div class='text'>Simulez toutes vos Aides en 2 min.<\/div><a href='https:\/\/www.mes-allocs.fr\/ab-app?origin=guides\/wp-json\/wp\/v2\/posts\/12138' class='app-button fit'>Simulation gratuite<\/a><\/div><\/p>\n<h1>Comment ont \u00e9volu\u00e9 les conditions de la prime de rentr\u00e9e scolaire depuis 1974 ?<\/h1>\n<p>Depuis 1974, les <a href=\"https:\/\/www.mes-allocs.fr\/guides\/allocations-familiales\/allocation-rentree-scolaire\/allocation-rentree-scolaire-conditions\/\">conditions pour avoir la prime de rentr\u00e9e scolaire<\/a> se sont petit \u00e0 petit adapt\u00e9es aux r\u00e9alit\u00e9s \u00e9conomiques et sociales. \u00c0 l\u2019origine, l\u2019ARS concernait principalement les familles modestes et imposait des crit\u00e8res sur les revenus et le nombre d\u2019enfants \u00e0 charge. Au fil des d\u00e9cennies, les plafonds de ressources ont r\u00e9guli\u00e8rement \u00e9t\u00e9 r\u00e9\u00e9valu\u00e9s.<\/p>\n<p>La prise en compte de l\u2019\u00e2ge des enfants a aussi \u00e9t\u00e9 ajust\u00e9e. Aujourd\u2019hui, l\u2019ARS concerne les enfants <b>de 6 \u00e0 18 ans<\/b>, sous r\u00e9serve de scolarisation ou d\u2019apprentissage. Le <b>revenu net cat\u00e9goriel de l\u2019ann\u00e9e N-2<\/b> est maintenant pris en compte pour l\u2019\u00e9ligibilit\u00e9.<\/p>\n<p>En 2026, les plafonds en vigueur sont les suivants :<\/p>\n\n<div class=\"wpdt-c row wpDataTableContainerSimpleTable wpDataTables wpDataTablesWrapper\n\"\n    >\n    <table id=\"wpdtSimpleTable-71\"\n           class=\"wpdtSimpleTable wpDataTable\"\n           data-column=\"2\"\n           data-rows=\"6\"\n           data-wpID=\"71\"\n           data-responsive=\"0\"\n           data-has-header=\"1\">\n\n                    <thead>        <tr class=\"wpdt-cell-row \" >\n                            <th class=\"wpdt-cell wpdt-bc-F3F9FE wpdt-bold\"\n                                    data-cell-id=\"A1\"\n                data-col-index=\"0\"\n                data-row-index=\"0\"\n                style=\" width:49.100257069409%;                padding:10px;\"\n                >\n                                Nombre d'enfants \u00e0 charge\n                <\/th>\n                                            <th class=\"wpdt-cell wpdt-bc-F3F9FE wpdt-bold\"\n                                    data-cell-id=\"B1\"\n                data-col-index=\"1\"\n                data-row-index=\"0\"\n                style=\" width:50.899742930591%;                padding:10px;\"\n                >\n                                Salaire d'activit\u00e9                <\/th>\n                                        <\/tr>\n                    <tbody>        <tr class=\"wpdt-cell-row \" >\n                            <td class=\"wpdt-cell \"\n                                    data-cell-id=\"A2\"\n                data-col-index=\"0\"\n                data-row-index=\"1\"\n                style=\"                padding:10px;\"\n                >\n                                1\n                <\/td>\n                                            <td class=\"wpdt-cell \"\n                                    data-cell-id=\"B2\"\n                data-col-index=\"1\"\n                data-row-index=\"1\"\n                style=\"                padding:10px;\"\n                >\n                                28 956 \u20ac                <\/td>\n                                        <\/tr>\n                            <tr class=\"wpdt-cell-row \" >\n                            <td class=\"wpdt-cell \"\n                                    data-cell-id=\"A3\"\n                data-col-index=\"0\"\n                data-row-index=\"2\"\n                style=\"                padding:10px;\"\n                >\n                                2                <\/td>\n                                            <td class=\"wpdt-cell \"\n                                    data-cell-id=\"B3\"\n                data-col-index=\"1\"\n                data-row-index=\"2\"\n                style=\"                padding:10px;\"\n                >\n                                35 638 \u20ac                <\/td>\n                                        <\/tr>\n                            <tr class=\"wpdt-cell-row \" >\n                            <td class=\"wpdt-cell \"\n                                    data-cell-id=\"A4\"\n                data-col-index=\"0\"\n                data-row-index=\"3\"\n                style=\"                padding:10px;\"\n                >\n                                3                <\/td>\n                                            <td class=\"wpdt-cell \"\n                                    data-cell-id=\"B4\"\n                data-col-index=\"1\"\n                data-row-index=\"3\"\n                style=\"                padding:10px;\"\n                >\n                                42 320 \u20ac                <\/td>\n                                        <\/tr>\n                            <tr class=\"wpdt-cell-row \" >\n                            <td class=\"wpdt-cell \"\n                                    data-cell-id=\"A5\"\n                data-col-index=\"0\"\n                data-row-index=\"4\"\n                style=\"                padding:10px;\"\n                >\n                                4                <\/td>\n                                            <td class=\"wpdt-cell \"\n                                    data-cell-id=\"B5\"\n                data-col-index=\"1\"\n                data-row-index=\"4\"\n                style=\"                padding:10px;\"\n                >\n                                49 002 \u20ac                <\/td>\n                                        <\/tr>\n                            <tr class=\"wpdt-cell-row \" >\n                            <td class=\"wpdt-cell \"\n                                    data-cell-id=\"A6\"\n                data-col-index=\"0\"\n                data-row-index=\"5\"\n                style=\"                padding:10px;\"\n                >\n                                Par enfant suppl\u00e9mentaire                <\/td>\n                                            <td class=\"wpdt-cell \"\n                                    data-cell-id=\"B6\"\n                data-col-index=\"1\"\n                data-row-index=\"5\"\n                style=\"                padding:10px;\"\n                >\n                                + 6 682 \u20ac                <\/td>\n                                        <\/tr>\n                    <\/table>\n<\/div><style id='wpdt-custom-style-71'>\ntable#wpdtSimpleTable-71{ table-layout: fixed !important; }\n.wpdt-bc-F3F9FE { background-color: #F3F9FE !important;}\n<\/style>\n\n<p>Si vous d\u00e9passez l\u00e9g\u00e8rement ces plafonds, une allocation diff\u00e9rentielle peut vous \u00eatre accord\u00e9e.<\/p>\n<p>En ce qui concerne la <b>notion de scolarisation<\/b>, elle a aussi \u00e9volu\u00e9. L\u2019allocation de rentr\u00e9e scolaire est vers\u00e9e si votre enfant est effectivement scolaris\u00e9, inscrit au CNED , en apprentissage ou suivi par un \u00e9tablissement sp\u00e9cialis\u00e9.<\/p>\n<h1>Comment a \u00e9volu\u00e9 le montant de l&rsquo;allocation de rentr\u00e9e scolaire au fil des ans ?<\/h1>\n<p>Depuis sa cr\u00e9ation, le <a href=\"https:\/\/www.mes-allocs.fr\/guides\/allocations-familiales\/allocation-rentree-scolaire\/montant-allocation-rentree-scolaire\/\">montant de l\u2019allocation de rentr\u00e9e scolaire<\/a> est r\u00e9guli\u00e8rement revaloris\u00e9, le plus souvent au printemps En 2026, les montants de l\u2019allocation de rentr\u00e9e scolaire sont les suivants :<\/p>\n\n<div class=\"wpdt-c row wpDataTableContainerSimpleTable wpDataTables wpDataTablesWrapper\n\"\n    >\n    <table id=\"wpdtSimpleTable-16\"\n           class=\"wpdtSimpleTable wpDataTable\"\n           data-column=\"2\"\n           data-rows=\"4\"\n           data-wpID=\"16\"\n           data-responsive=\"0\"\n           data-has-header=\"1\">\n\n                    <thead>        <tr class=\"wpdt-cell-row \" >\n                            <th class=\"wpdt-cell wpdt-bc-F3F9FE wpdt-bold\"\n                                    data-cell-id=\"A1\"\n                data-col-index=\"0\"\n                data-row-index=\"0\"\n                style=\" width:48.571428571429%;                padding:10px;\"\n                >\n                                \u00c2ge de l'enfant                <\/th>\n                                            <th class=\"wpdt-cell wpdt-bc-F3F9FE wpdt-bold\"\n                                    data-cell-id=\"B1\"\n                data-col-index=\"1\"\n                data-row-index=\"0\"\n                style=\" width:51.428571428571%;                padding:10px;\"\n                >\n                                Montant de l'ARS                <\/th>\n                                        <\/tr>\n                    <tbody>        <tr class=\"wpdt-cell-row \" >\n                            <td class=\"wpdt-cell \"\n                                    data-cell-id=\"A2\"\n                data-col-index=\"0\"\n                data-row-index=\"1\"\n                style=\"                padding:10px;\"\n                >\n                                6 \u00e0 10 ans                <\/td>\n                                            <td class=\"wpdt-cell \"\n                                    data-cell-id=\"B2\"\n                data-col-index=\"1\"\n                data-row-index=\"1\"\n                style=\"                padding:10px;\"\n                >\n                                423,05 \u20ac                <\/td>\n                                        <\/tr>\n                            <tr class=\"wpdt-cell-row \" >\n                            <td class=\"wpdt-cell \"\n                                    data-cell-id=\"A3\"\n                data-col-index=\"0\"\n                data-row-index=\"2\"\n                style=\"                padding:10px;\"\n                >\n                                11 \u00e0 14 ans                <\/td>\n                                            <td class=\"wpdt-cell \"\n                                    data-cell-id=\"B3\"\n                data-col-index=\"1\"\n                data-row-index=\"2\"\n                style=\"                padding:10px;\"\n                >\n                                446,15 \u20ac                <\/td>\n                                        <\/tr>\n                            <tr class=\"wpdt-cell-row \" >\n                            <td class=\"wpdt-cell \"\n                                    data-cell-id=\"A4\"\n                data-col-index=\"0\"\n                data-row-index=\"3\"\n                style=\"                padding:10px;\"\n                >\n                                15 \u00e0 18 ans                <\/td>\n                                            <td class=\"wpdt-cell \"\n                                    data-cell-id=\"B4\"\n                data-col-index=\"1\"\n                data-row-index=\"3\"\n                style=\"                padding:10px;\"\n                >\n                                462,03 \u20ac                <\/td>\n                                        <\/tr>\n                    <\/table>\n<\/div><style id='wpdt-custom-style-16'>\ntable#wpdtSimpleTable-16{ table-layout: fixed !important; }\n.wpdt-bc-F3F9FE { background-color: #F3F9FE !important;}\n<\/style>\n\n<p>Ces montants sont vers\u00e9s en France m\u00e9tropolitaine et dans les r\u00e9gions d&rsquo;Outre-Mer, \u00e0 l&rsquo;exception de Mayotte et La R\u00e9union pour qui le versement est diff\u00e9r\u00e9.<\/p>\n<p><iframe loading=\"lazy\" title=\"L&#039;allocation de rentr\u00e9e scolaire\" width=\"500\" height=\"281\" src=\"https:\/\/www.youtube.com\/embed\/MfDoGweq-e0?feature=oembed\" frameborder=\"0\" allow=\"accelerometer; autoplay; clipboard-write; encrypted-media; gyroscope; picture-in-picture; web-share\" referrerpolicy=\"strict-origin-when-cross-origin\" allowfullscreen><\/iframe><\/p>\n<h1>Les d\u00e9marches pour obtenir l&rsquo;ARS ont-elles chang\u00e9 depuis 1974 ?<\/h1>\n<p>Les d\u00e9marches pour obtenir l\u2019ARS se sont, elles aussi, simplifi\u00e9es. Si avant, la <a href=\"https:\/\/www.mes-allocs.fr\/guides\/allocations-familiales\/allocation-rentree-scolaire\/demande-ars\/\">demande d&rsquo;ARS<\/a> n\u00e9cessitait plusieurs justificatifs et une d\u00e9marche. L\u2019automatisation est aujourd\u2019hui de mise :<\/p>\n<ul>\n<li aria-level=\"1\">Si vous \u00eates allocataire de la CAF ou de la MSA, le versement de l\u2019ARS est <b>automatique<\/b> d\u00e8s que vous respectez les crit\u00e8res de ressources et que vos informations sont \u00e0 jour.<\/li>\n<li aria-level=\"1\">Seul le cas des enfants de 16 \u00e0 18 ans demande une d\u00e9marche car vous devez <b>confirmer leur scolarisation<\/b> chaque ann\u00e9e.<\/li>\n<li aria-level=\"1\">Pour les nouveaux b\u00e9n\u00e9ficiaires, il reste n\u00e9cessaire de <b>d\u00e9poser un dossier avec des justificatifs.<\/b><\/li>\n<\/ul>\n<p>Apr\u00e8s 50 ans, le processus est donc transform\u00e9 car il est aujourd\u2019hui plus accessible, mais reste conditionn\u00e9 \u00e0 la pr\u00e9sentation d\u2019informations \u00e0 jour.<\/p>\n<h1>Comment savoir si vous \u00eates \u00e9ligible \u00e0 la prime de rentr\u00e9e pour 2026 ?<\/h1>\n<p>Pour d\u00e9terminer votre \u00e9ligibilit\u00e9 \u00e0 la prime de rentr\u00e9e en 2026, vous devez v\u00e9rifier plusieurs crit\u00e8res et <b>notre simulateur<\/b> vous guide pas \u00e0 pas en fonction de votre situation. En quelques clics, il vous permet de savoir si vous \u00eates \u00e9ligible et d\u2019estimer le montant auquel vous pouvez pr\u00e9tendre.<\/p>\n<div class='shortcode summary'><div class='title'>En r\u00e9sum\u00e9 :<\/div><div class='content'><ul><li>L\u2019allocation de rentr\u00e9e scolaire \u00e0 \u00e9t\u00e9 cr\u00e9\u00e9e <b>en 1974<\/b> pour aider les familles \u00e0 couvrir les d\u00e9penses li\u00e9es \u00e0 la rentr\u00e9e scolaire.<\/li><li>Depuis sa cr\u00e9ation, l\u2019ARS a connu <b>plusieurs ajustements<\/b>, notamment sur les crit\u00e8res de ressources, l\u2019\u00e2ge des enfants concern\u00e9s et l\u2019obligation de fournir des justificatifs.<\/li><li>Le montant de la prime de rentr\u00e9e est<b> revu chaque ann\u00e9e <\/b>en fonction de l\u2019inflation et varie selon l\u2019\u00e2ge de vos enfants.<\/li><li>Aujourd\u2019hui, le versement de l\u2019ARS est <b>en majorit\u00e9 automatique <\/b>pour les allocataires de la CAF ou de la MSA, <b>sauf pour les enfants de 16 \u00e0 18 ans<\/b>, o\u00f9 une attestation de scolarit\u00e9 reste n\u00e9cessaire.<\/li><\/ul><\/div><\/div>\n<p class=\"p1\"><div class='cta-block'><div class='text'>Simulez toutes vos Aides en 2 min.<\/div><a href='https:\/\/www.mes-allocs.fr\/ab-app?origin=guides\/wp-json\/wp\/v2\/posts\/12138' class='app-button fit'>Simulation gratuite<\/a><\/div><\/p>\n<\/div>\n<\/div>\n<\/div>\n<\/div>\n<\/div>\n<\/div>\n<\/div>\n<\/div>\n<\/div>\n","protected":false},"excerpt":{"rendered":"<p>[Mis \u00e0 jour le 23\/02\/2026] Mise en place il y a 50 ans, l\u2019allocation de rentr\u00e9e scolaire (ARS) a \u00e9t\u00e9 cr\u00e9\u00e9e pour vous aider \u00e0 payer les charges li\u00e9es \u00e0 la rentr\u00e9e de votre enfant. Depuis sa cr\u00e9ation, la prime de rentr\u00e9e \u00e0 \u00e9volu\u00e9, tant sur le montant que sur les conditions d\u2019attribution. Dans cet [&hellip;]<\/p>\n","protected":false},"author":7,"featured_media":12307,"comment_status":"open","ping_status":"open","sticky":false,"template":"","format":"standard","meta":{"amp_status":"","footnotes":""},"categories":[41,10],"tags":[],"class_list":["post-12138","post","type-post","status-publish","format-standard","has-post-thumbnail","hentry","category-allocation-rentree-scolaire","category-allocations-familiales"],"yoast_head":"<!-- This site is optimized with the Yoast SEO plugin v14.9 - https:\/\/yoast.com\/wordpress\/plugins\/seo\/ -->\n<title>Depuis quand existe la prime de rentr\u00e9e scolaire ?<\/title>\n<meta name=\"description\" content=\"L&#039;allocation de rentr\u00e9e scolaire permet depuis pr\u00e8s de 40 ans d&#039;accompagner les familles \u00e0 faire face au co\u00fbt de la rentr\u00e9e.\" \/>\n<meta name=\"robots\" content=\"index, follow, max-snippet:-1, max-image-preview:large, max-video-preview:-1\" \/>\n<link rel=\"canonical\" href=\"https:\/\/www.mes-allocs.fr\/guides\/allocations-familiales\/allocation-rentree-scolaire\/date-de-creation-allocation-de-rentree-scolaire\/\" \/>\n<meta property=\"og:locale\" content=\"fr_FR\" \/>\n<meta property=\"og:type\" content=\"article\" \/>\n<meta property=\"og:title\" content=\"Depuis quand existe la prime de rentr\u00e9e scolaire ?\" \/>\n<meta property=\"og:description\" content=\"L&#039;allocation de rentr\u00e9e scolaire permet depuis pr\u00e8s de 40 ans d&#039;accompagner les familles \u00e0 faire face au co\u00fbt de la rentr\u00e9e.\" \/>\n<meta property=\"og:url\" content=\"https:\/\/www.mes-allocs.fr\/guides\/allocations-familiales\/allocation-rentree-scolaire\/date-de-creation-allocation-de-rentree-scolaire\/\" \/>\n<meta property=\"og:site_name\" content=\"Mes-Allocs.fr\" \/>\n<meta property=\"article:published_time\" content=\"2020-09-14T09:51:01+00:00\" \/>\n<meta property=\"article:modified_time\" content=\"2026-02-23T16:03:16+00:00\" \/>\n<meta property=\"og:image\" content=\"https:\/\/www.mes-allocs.fr\/guides\/wp-content\/uploads\/2020\/08\/Quelle-est-la-date-de-cre\u0301ation-de-lallocation-de-rentre\u0301e-scolaire-.jpg?wsr\" \/>\n\t<meta property=\"og:image:width\" content=\"1280\" \/>\n\t<meta property=\"og:image:height\" content=\"853\" \/>\n<meta name=\"twitter:card\" content=\"summary_large_image\" \/>\n<script type=\"application\/ld+json\" class=\"yoast-schema-graph\">{\"@context\":\"https:\/\/schema.org\",\"@graph\":[{\"@type\":\"WebSite\",\"@id\":\"https:\/\/www.mes-allocs.fr\/guides\/#website\",\"url\":\"https:\/\/www.mes-allocs.fr\/guides\/\",\"name\":\"Mes-Allocs.fr\",\"description\":\"\",\"potentialAction\":[{\"@type\":\"SearchAction\",\"target\":\"https:\/\/www.mes-allocs.fr\/guides\/?s={search_term_string}\",\"query-input\":\"required name=search_term_string\"}],\"inLanguage\":\"fr-FR\"},{\"@type\":\"ImageObject\",\"@id\":\"https:\/\/www.mes-allocs.fr\/guides\/allocations-familiales\/allocation-rentree-scolaire\/date-de-creation-allocation-de-rentree-scolaire\/#primaryimage\",\"inLanguage\":\"fr-FR\",\"url\":\"https:\/\/www.mes-allocs.fr\/guides\/wp-content\/uploads\/2020\/08\/Quelle-est-la-date-de-cre\\u0301ation-de-lallocation-de-rentre\\u0301e-scolaire-.jpg?wsr\",\"width\":1280,\"height\":853,\"caption\":\"Quelle est la date de cre\\u0301ation de lallocation de rentre\\u0301e scolaire\"},{\"@type\":\"WebPage\",\"@id\":\"https:\/\/www.mes-allocs.fr\/guides\/allocations-familiales\/allocation-rentree-scolaire\/date-de-creation-allocation-de-rentree-scolaire\/#webpage\",\"url\":\"https:\/\/www.mes-allocs.fr\/guides\/allocations-familiales\/allocation-rentree-scolaire\/date-de-creation-allocation-de-rentree-scolaire\/\",\"name\":\"Depuis quand existe la prime de rentr\\u00e9e scolaire ?\",\"isPartOf\":{\"@id\":\"https:\/\/www.mes-allocs.fr\/guides\/#website\"},\"primaryImageOfPage\":{\"@id\":\"https:\/\/www.mes-allocs.fr\/guides\/allocations-familiales\/allocation-rentree-scolaire\/date-de-creation-allocation-de-rentree-scolaire\/#primaryimage\"},\"datePublished\":\"2020-09-14T09:51:01+00:00\",\"dateModified\":\"2026-02-23T16:03:16+00:00\",\"author\":{\"@id\":\"https:\/\/www.mes-allocs.fr\/guides\/#\/schema\/person\/1c4837d5703727cb02ce84583b5a44aa\"},\"description\":\"L'allocation de rentr\\u00e9e scolaire permet depuis pr\\u00e8s de 40 ans d'accompagner les familles \\u00e0 faire face au co\\u00fbt de la rentr\\u00e9e.\",\"inLanguage\":\"fr-FR\"},{\"@type\":\"Person\",\"@id\":\"https:\/\/www.mes-allocs.fr\/guides\/#\/schema\/person\/1c4837d5703727cb02ce84583b5a44aa\",\"name\":\"Fabiola\",\"image\":{\"@type\":\"ImageObject\",\"@id\":\"https:\/\/www.mes-allocs.fr\/guides\/#personlogo\",\"inLanguage\":\"fr-FR\",\"url\":\"https:\/\/www.mes-allocs.fr\/guides\/wp-content\/uploads\/2021\/06\/fabiola-150x150.png\",\"caption\":\"Fabiola\"},\"description\":\"Fabiola est r\\u00e9dactrice au sein de l'\\u00e9quipe Mes Allocs, sp\\u00e9cialis\\u00e9e en sciences politiques et affaires publiques. Dipl\\u00f4m\\u00e9e de l'HEIP, elle rejoint Mes Allocs apr\\u00e8s une premi\\u00e8re exp\\u00e9rience \\u00e0 l'Assembl\\u00e9e Nationale.\",\"sameAs\":[\"https:\/\/www.linkedin.com\/in\/cecilia-philippe-b-8a8085195\"]}]}<\/script>\n<!-- \/ Yoast SEO plugin. -->","amp_validity":null,"acf":{"faq":{"1":{"question":"Qui a cr\u00e9\u00e9 la prime de rentr\u00e9e scolaire ?","answer":"L'ARS a \u00e9t\u00e9 cr\u00e9\u00e9e par la\u00a0loi de finances rectificative de 1974. En 2000, elle \u00e9tait vers\u00e9e \u00e0 3,2 millions de familles pour 5,6 millions d'enfants."},"2":{"question":"Quand sera vers\u00e9e la rentr\u00e9e scolaire 2026 ?","answer":"Les dates de versement de l'ARS ne sont pas encore connues pour 2026"},"3":{"question":"Quand est-ce que l'allocation de rentr\u00e9e scolaire est mise en place ?","answer":"Elle a \u00e9t\u00e9 mise en place en 1974."},"4":{"question":"Comment savoir si on a le droit \u00e0 la rentr\u00e9e scolaire ?","answer":"Vous y avez le droit si vous avez au moins un enfant \u00e0 charge scolaris\u00e9 et \u00e2g\u00e9 de 6 \u00e0 18 ans. En outre, vous devez respecter les plafonds de ressources fix\u00e9s. "},"5":{"question":"Qui per\u00e7oit l'allocation de rentr\u00e9e scolaire ?","answer":"Vous pouvez b\u00e9n\u00e9ficier de l'ARS si vous avez un enfant scolaris\u00e9 qui a entre 6 et 18 ans. "},"6":{"question":"Quel sera le montant de la prime de rentr\u00e9e scolaire en 2026 ?","answer":"Le montant de la prime de rentr\u00e9e varie selon l'\u00e2ge de votre enfant. Par exemple, si votre enfant a 7 ans, le montant de l'ARS sera de 423,05 \u20ac."},"7":{"question":"","answer":""},"8":{"question":"","answer":""},"9":{"question":"","answer":""},"10":{"question":"","answer":""},"11":{"question":"","answer":""},"12":{"question":"","answer":""},"13":{"question":"","answer":""},"14":{"question":"","answer":""},"15":{"question":"","answer":""},"16":{"question":"","answer":""}}},"_links":{"self":[{"href":"https:\/\/www.mes-allocs.fr\/guides\/wp-json\/wp\/v2\/posts\/12138","targetHints":{"allow":["GET"]}}],"collection":[{"href":"https:\/\/www.mes-allocs.fr\/guides\/wp-json\/wp\/v2\/posts"}],"about":[{"href":"https:\/\/www.mes-allocs.fr\/guides\/wp-json\/wp\/v2\/types\/post"}],"author":[{"embeddable":true,"href":"https:\/\/www.mes-allocs.fr\/guides\/wp-json\/wp\/v2\/users\/7"}],"replies":[{"embeddable":true,"href":"https:\/\/www.mes-allocs.fr\/guides\/wp-json\/wp\/v2\/comments?post=12138"}],"version-history":[{"count":45,"href":"https:\/\/www.mes-allocs.fr\/guides\/wp-json\/wp\/v2\/posts\/12138\/revisions"}],"predecessor-version":[{"id":109736,"href":"https:\/\/www.mes-allocs.fr\/guides\/wp-json\/wp\/v2\/posts\/12138\/revisions\/109736"}],"wp:featuredmedia":[{"embeddable":true,"href":"https:\/\/www.mes-allocs.fr\/guides\/wp-json\/wp\/v2\/media\/12307"}],"wp:attachment":[{"href":"https:\/\/www.mes-allocs.fr\/guides\/wp-json\/wp\/v2\/media?parent=12138"}],"wp:term":[{"taxonomy":"category","embeddable":true,"href":"https:\/\/www.mes-allocs.fr\/guides\/wp-json\/wp\/v2\/categories?post=12138"},{"taxonomy":"post_tag","embeddable":true,"href":"https:\/\/www.mes-allocs.fr\/guides\/wp-json\/wp\/v2\/tags?post=12138"}],"curies":[{"name":"wp","href":"https:\/\/api.w.org\/{rel}","templated":true}]}}