{"id":12094,"date":"2020-08-27T09:14:22","date_gmt":"2020-08-27T09:14:22","guid":{"rendered":"https:\/\/www.mes-allocs.fr\/guides\/?p=12094"},"modified":"2022-08-22T09:51:09","modified_gmt":"2022-08-22T07:51:09","slug":"caf-prime-d-activite-conditions","status":"publish","type":"post","link":"https:\/\/www.mes-allocs.fr\/guides\/prime-d-activite\/caf-prime-d-activite\/caf-prime-d-activite-conditions\/","title":{"rendered":"CAF : prime d&rsquo;activit\u00e9, conditions et \u00e9ligibilit\u00e9"},"content":{"rendered":"<p>&nbsp;<\/p>\n<p><a href=\"https:\/\/www.mes-allocs.fr\/guides\/wp-content\/uploads\/2020\/08\/pexels-burst-374697.jpg\"><img loading=\"lazy\" decoding=\"async\" class=\"aligncenter wp-image-12105 size-full\" src=\"https:\/\/www.mes-allocs.fr\/guides\/wp-content\/uploads\/2020\/08\/pexels-burst-374697-e1598456281378.jpg\" alt=\"CAF : prime d' activit\u00e9, conditions et \u00e9ligibilit\u00e9\" width=\"1280\" height=\"489\" srcset=\"https:\/\/www.mes-allocs.fr\/guides\/wp-content\/uploads\/2020\/08\/pexels-burst-374697-e1598456281378.jpg 1280w, https:\/\/www.mes-allocs.fr\/guides\/wp-content\/uploads\/2020\/08\/pexels-burst-374697-e1598456281378-300x115.jpg 300w, https:\/\/www.mes-allocs.fr\/guides\/wp-content\/uploads\/2020\/08\/pexels-burst-374697-e1598456281378-1024x391.jpg 1024w, https:\/\/www.mes-allocs.fr\/guides\/wp-content\/uploads\/2020\/08\/pexels-burst-374697-e1598456281378-768x293.jpg 768w, https:\/\/www.mes-allocs.fr\/guides\/wp-content\/uploads\/2020\/08\/pexels-burst-374697-e1598456281378-600x229.jpg 600w\" sizes=\"auto, (max-width: 1280px) 100vw, 1280px\" \/><\/a><\/p>\n<p style=\"text-align: justify;\"><strong><a href=\"https:\/\/www.mes-allocs.fr\/guides\/prime-d-activite\">La prime d&rsquo;activit\u00e9<\/a> est une aide sociale en vigueur depuis le 1er janvier 2016. Destin\u00e9e aux travailleurs ayant de faibles revenus, vous pouvez en b\u00e9n\u00e9ficier sous certaines conditions. Cette aide est vers\u00e9e soit par la MSA, soit par la CAF. Mes Allocs vous dit tout sur les conditions d\u2019attribution pour les personnes affili\u00e9es \u00e0 la Caisse d&rsquo;allocations familiales.<\/strong><\/p>\n<hr \/>\n<h1>CAF prime d&rsquo; activit\u00e9 conditions d&rsquo;attribution<\/h1>\n<p style=\"text-align: justify;\">Pour b\u00e9n\u00e9ficier de la prime d&rsquo;activit\u00e9, vous devez respecter l&rsquo;int\u00e9gralit\u00e9 des <a href=\"https:\/\/www.mes-allocs.fr\/guides\/prime-d-activite\/prime-d-activite-conditions\/\">conditions<\/a> en vigueur :\u00a0<a href=\"https:\/\/www.mes-allocs.fr\/guides\/wp-content\/uploads\/2020\/08\/bulletin-board-3233653_1280-1.jpg\"><img loading=\"lazy\" decoding=\"async\" class=\"size-medium wp-image-12100 alignright\" src=\"https:\/\/www.mes-allocs.fr\/guides\/wp-content\/uploads\/2020\/08\/bulletin-board-3233653_1280-1-300x186.jpg\" alt=\"CAF : prime d' activit\u00e9, conditions et \u00e9ligibilit\u00e9\" width=\"300\" height=\"186\" srcset=\"https:\/\/www.mes-allocs.fr\/guides\/wp-content\/uploads\/2020\/08\/bulletin-board-3233653_1280-1-300x186.jpg 300w, https:\/\/www.mes-allocs.fr\/guides\/wp-content\/uploads\/2020\/08\/bulletin-board-3233653_1280-1-1024x634.jpg 1024w, https:\/\/www.mes-allocs.fr\/guides\/wp-content\/uploads\/2020\/08\/bulletin-board-3233653_1280-1-768x475.jpg 768w, https:\/\/www.mes-allocs.fr\/guides\/wp-content\/uploads\/2020\/08\/bulletin-board-3233653_1280-1-600x371.jpg 600w, https:\/\/www.mes-allocs.fr\/guides\/wp-content\/uploads\/2020\/08\/bulletin-board-3233653_1280-1.jpg 1280w\" sizes=\"auto, (max-width: 300px) 100vw, 300px\" \/><\/a><\/p>\n<ul>\n<li style=\"text-align: justify;\">\u00a0\u00catre \u00e2g\u00e9 de plus de 18 ans<\/li>\n<li style=\"text-align: justify;\">Percevoir des revenus tir\u00e9s d&rsquo;une activit\u00e9 professionnelle (salari\u00e9e, fonctionnaire, ind\u00e9pendante, etc.)<\/li>\n<li style=\"text-align: justify;\">R\u00e9sider\u00a0 en France de mani\u00e8re stable et effective<\/li>\n<li style=\"text-align: justify;\">Fran\u00e7aise ou titulaire depuis au moins cinq ans d&rsquo;un titre de s\u00e9jour autorisant \u00e0 travailler. Sauf pour les ressortissants de l\u2019Espace \u00e9conomique europ\u00e9en et de la Suisse, les r\u00e9fugi\u00e9s et les personnes assimil\u00e9es<\/li>\n<\/ul>\n<p style=\"text-align: justify;\">En plus des conditions en vigueur, vous devez obligatoirement justifier d&rsquo;une activit\u00e9 professionnelle pour b\u00e9n\u00e9ficier du montant de la prime. La prime d&rsquo;activit\u00e9 est vers\u00e9e exclusivement aux travailleurs ayant une activit\u00e9 en France. Que vous soyez Fran\u00e7ais ou \u00e9tranger, vous pouvez en b\u00e9n\u00e9ficier si vous \u00eates :<\/p>\n<ul style=\"text-align: justify;\">\n<li>salari\u00e9<\/li>\n<li>travailleur ind\u00e9pendant<\/li>\n<li>travailleur handicap\u00e9<\/li>\n<li>exploitant agricole<\/li>\n<li>\u00e9tudiant, stagiaire et apprenti si vous gagnez plus de 950 euros nets au 1er janvier 202<\/li>\n<\/ul>\n<p style=\"text-align: justify;\">Vous ne pourrez pas obtenir la Prime d\u2019activit\u00e9 si vous \u00eates :<\/p>\n<ul>\n<li class=\"glossify-link-wrapper\">travailleur d\u00e9tach\u00e9\u00a0exer\u00e7ant temporairement votre activit\u00e9 en France ;<\/li>\n<li class=\"glossify-link-wrapper\">en cong\u00e9 parental d\u2019\u00e9ducation, ou en cong\u00e9 sabbatique, sans solde ou en disponibilit\u00e9 sauf si vous percevez des revenus d\u2019activit\u00e9 ;<\/li>\n<li class=\"glossify-link-wrapper\">\u00e9tudiant ou apprenti et que vous touchez par mois un revenu \u00e9gal ou inf\u00e9rieur \u00e0 78% du Smic net.<\/li>\n<\/ul>\n<ul id=\"d188017e32\"><\/ul>\n<div class='cta-block'><div class='text'>Simulez votre Prime d&rsquo;Activit\u00e9 en 2 min. Gratuit.<\/div><a href='https:\/\/www.mes-allocs.fr\/ab-app?origin=guides\/wp-json\/wp\/v2\/posts\/12094' class='app-button fit'>Simulation gratuite<\/a><\/div>\n<h1>Comment est calcul\u00e9e la prime d&rsquo;activit\u00e9 ?<\/h1>\n<p>La prime d&rsquo;activit\u00e9 est calcul\u00e9e \u00e0 partir de diff\u00e9rents crit\u00e8res. Le montant varie selon la composition du foyer ou encore les aides au logement que vous percevez. On vous explique !<\/p>\n<h2>Ressources prises en compte<\/h2>\n<p><a href=\"https:\/\/www.mes-allocs.fr\/guides\/prime-d-activite\/montants-de-la-prime-dactivite\/\">Le montant de la prime d&rsquo;activit\u00e9<\/a> varie en fonction de la composition du foyer (c\u00e9libataire, en couple, avec ou sans enfant \u00e0 charge). Les autres ressources prises en compte pour le calcul de la prime d&rsquo;activit\u00e9 sont :<\/p>\n<ul>\n<li>les revenus du foyer<\/li>\n<li>mais aussi les allocations logement (Aide personnalis\u00e9e au logement, allocation de logement familiale, allocation de logement sociale)<\/li>\n<li>l\u2019allocation aux adultes handicap\u00e9s (AAH)<\/li>\n<li>les allocations familiales<\/li>\n<li>la prestation d\u2019accueil du jeune enfant<\/li>\n<li>les pensions de retraite<\/li>\n<li>les indemnit\u00e9s ch\u00f4mage<\/li>\n<li>et l\u2019allocation de soutien familial<\/li>\n<\/ul>\n<h2>M\u00e9thode de calcul<\/h2>\n<p>La m\u00e9thode de calcul est relativement complexe, c&rsquo;est pourquoi Mes Allocs vous propose de faire une simulation gratuite de vos droits ! En deux minutes, vous aurez une estimation fiable.<\/p>\n<p><strong>Composition de la prime d&rsquo;activit\u00e9 :\u00a0<\/strong><\/p>\n<ul>\n<li>Montant forfaitaire : montant d\u00e9termin\u00e9 selon la composition du foyer<\/li>\n<li>61% des revenus professionnels<\/li>\n<li>Bonifications : suppl\u00e9ment accord\u00e9 selon le niveau de revenus d\u2019activit\u00e9<\/li>\n<li>Ressources du foyer<\/li>\n<li>Forfait logement<\/li>\n<\/ul>\n<p><em><strong>Prime d&rsquo;activit\u00e9 = (montant forfaitaire + 61 % des revenus professionnels + bonifications) &#8211; ressources du foyer &#8211; forfait logement<\/strong><\/em><\/p>\n<h2>Montant de la prime d&rsquo;activit\u00e9<\/h2>\n<p>Actuellement, le montant de base de la prime d&rsquo;activit\u00e9 s&rsquo;\u00e9l\u00e8ve \u00e0 <strong>586,23 euros par mois.<\/strong><\/p>\n<p>La modification du param\u00e8tre de calcul de la prime d&rsquo;activit\u00e9 en 2019 a fait \u00e9voluer les droits \u00e0 la prime d&rsquo;activit\u00e9. D\u00e9sormais une personne touchant le Smic peut faire valoir ses droits \u00e0 la prime d&rsquo;activit\u00e9.<\/p>\n<p><iframe loading=\"lazy\" title=\"La prime d&#039;activit\u00e9\" width=\"500\" height=\"281\" src=\"https:\/\/www.youtube.com\/embed\/uavbovK5ZXc?feature=oembed\" frameborder=\"0\" allow=\"accelerometer; autoplay; clipboard-write; encrypted-media; gyroscope; picture-in-picture; web-share\" referrerpolicy=\"strict-origin-when-cross-origin\" allowfullscreen><\/iframe><\/p>\n<h2>Plafonds de revenus de la prime d&rsquo;activit\u00e9<\/h2>\n<p>En plus des conditions li\u00e9es \u00e0 votre situation personnelle et professionnelle, vous devez respecter des conditions de revenus. Si vous revenus professionnels d\u00e9passent les plafonds en vigueur vous n&rsquo;\u00eates pas \u00e9ligible.<\/p>\n<p>Ces limites de revenus ont \u00e9t\u00e9 calcul\u00e9es pour 2022-2023. Sur la base la moyenne de vos revenus des 3 derniers mois pr\u00e9c\u00e9dent votre demande.<\/p>\n<ul>\n<li>1 885 euros par mois pour un travailleur salari\u00e9 c\u00e9libataire sans allocation logement<\/li>\n<li>2 636 euros pour une personne isol\u00e9e avec un enfant<\/li>\n<li>3 057 euros pour un couple biactif sans enfant<\/li>\n<li>3 037 euros pour un couple avec un enfant \u00e0 charge (seul un parent travaille)<\/li>\n<li>3 538 euros pour un couple avec deux enfants \u00e0 charge (seul un parent travaille)<\/li>\n<li>4 041 euros pour un couple avec trois enfants \u00e0 charge (seul un parent travaille)<\/li>\n<\/ul>\n<p>\u00c0 noter ! Ces plafonds ont \u00e9t\u00e9 d\u00e9finis \u00e0 partir du profil d&rsquo;une personne seule, sans enfants et ne percevant pas de forfait logement. Une personne qui ne per\u00e7oit pas non plus d&rsquo;autres ressources.<\/p>\n<p>Pour un travailleur ind\u00e9pendant, seuil de chiffre d\u2019affaires \u00e0 para\u00eetre pour les professions lib\u00e9rales, les artisans et les commer\u00e7ants.<\/p>\n<h1>CAF : comment faire une demande ?<\/h1>\n<p style=\"text-align: justify;\">Pour faire une <a href=\"https:\/\/www.mes-allocs.fr\/guides\/prime-d-activite\/prime-dactivite-demande\/\">demande de prime d&rsquo;activit\u00e9<\/a> aupr\u00e8s de la CAF vous devez \u00eatre allocataire. En effet une personne non allocataire ne peut pas faire valoir ses droits. Les demandes de prestations familiales et allocations se font exclusivement en ligne dans votre espace personnel.<a href=\"https:\/\/www.mes-allocs.fr\/guides\/wp-content\/uploads\/2020\/08\/idea-3082824_1280-1.jpg\"><img loading=\"lazy\" decoding=\"async\" class=\"size-medium wp-image-12101 alignright\" src=\"https:\/\/www.mes-allocs.fr\/guides\/wp-content\/uploads\/2020\/08\/idea-3082824_1280-1-300x200.jpg\" alt=\"CAF : prime d' activit\u00e9, conditions et \u00e9ligibilit\u00e9\" width=\"300\" height=\"200\" srcset=\"https:\/\/www.mes-allocs.fr\/guides\/wp-content\/uploads\/2020\/08\/idea-3082824_1280-1-300x200.jpg 300w, https:\/\/www.mes-allocs.fr\/guides\/wp-content\/uploads\/2020\/08\/idea-3082824_1280-1-1024x683.jpg 1024w, https:\/\/www.mes-allocs.fr\/guides\/wp-content\/uploads\/2020\/08\/idea-3082824_1280-1-768x512.jpg 768w, https:\/\/www.mes-allocs.fr\/guides\/wp-content\/uploads\/2020\/08\/idea-3082824_1280-1-600x400.jpg 600w, https:\/\/www.mes-allocs.fr\/guides\/wp-content\/uploads\/2020\/08\/idea-3082824_1280-1.jpg 1280w\" sizes=\"auto, (max-width: 300px) 100vw, 300px\" \/><\/a><\/p>\n<p style=\"text-align: justify;\">N\u00e9anmoins, si vous rencontrer des difficult\u00e9s \u00e0 remplir le formulaire vous pouvez vous rendre dans un centre CAF. Celles dont vous d\u00e9pendez pour obtenir de l&rsquo;aide.<\/p>\n<p style=\"text-align: justify;\">Si vous n&rsquo;\u00eates pas encore allocataire, vous pouvez cr\u00e9er un espace personnel puis acc\u00e9der au formulaire de demande en ligne.<\/p>\n<p style=\"text-align: justify;\">Apr\u00e8s avoir fait une simulation de vos droits avec Mes Allocs par exemple, vous pouvez souscrire au service d&rsquo;accompagnement payant. Ce service unique vous permet d&rsquo;\u00e9changer avec un expert de l&rsquo;\u00e9quipe. Ce dernier se charge \u00e0 votre place de faire les d\u00e9marches administratives pour les droits auxquelles vous \u00eates \u00e9ligible !<\/p>\n<div class='cta-block'><div class='text'>Simulez votre Prime d&rsquo;Activit\u00e9 en 2 min. Gratuit.<\/div><a href='https:\/\/www.mes-allocs.fr\/ab-app?origin=guides\/wp-json\/wp\/v2\/posts\/12094' class='app-button fit'>Simulation gratuite<\/a><\/div>\n<h1>Qu&rsquo;est-ce que la prime d&rsquo;activit\u00e9 ?<\/h1>\n<p style=\"text-align: justify;\">La prime d&rsquo;activit\u00e9 est une prestation sociale vers\u00e9e par la CAF aux travailleurs ayant de faibles revenus. Entr\u00e9e en vigueur en janvier 2016, elle remplace le RSA activit\u00e9 et la prime pour l&#8217;emploi. Son objectif est d&rsquo;augmenter le pouvoir d&rsquo;achat des personnes \u00e9ligibles et d&rsquo;inciter \u00e0 la reprise d&rsquo;un emploi.<\/p>\n<p style=\"text-align: justify;\">Son calcul est relativement complexe, et prend en compte plusieurs \u00e9l\u00e9ments, tels que votre situation familiale, et les ressources du foyer, etc.<\/p>\n<h1>R\u00e9forme de la prime d&rsquo;activit\u00e9<\/h1>\n<p>En janvier 2019, la prime d&rsquo;activit\u00e9 a fait l&rsquo;objet d&rsquo;une r\u00e9forme qui a pour but :<\/p>\n<ul>\n<li>D&rsquo;augmenter le montant de 90 euros maximum en phase. Avec la promesse pr\u00e9sidentielle d\u2019une hausse de r\u00e9mun\u00e9ration nette au Smic de 100 euros<\/li>\n<li>D&rsquo;accro\u00eetre le nombre de personnes b\u00e9n\u00e9ficiaires, la cible de la prime d\u2019activit\u00e9 \u00e9largie \u00e9tant d\u2019un million de personnes b\u00e9n\u00e9ficiaires suppl\u00e9mentaires<\/li>\n<\/ul>\n<p>En avril 2022, la prime d&rsquo;activit\u00e9 est revaloris\u00e9e de 1,8% en avril, puis de 4% en ao\u00fbt afin d&rsquo;aider les foyers \u00e0 faire face \u00e0 l&rsquo;inflation.<\/p>\n<h1>\u00c0 quelle date la CAF verse t-elle la prime d\u2019activit\u00e9 ?<\/h1>\n<p style=\"text-align: justify;\">Si elle vous est attribu\u00e9e, la prime d&rsquo;activit\u00e9 vous est vers\u00e9e le 5 de chaque mois. Par exemple, pour une demande avant le 25 septembre, vous aurez le premier versement le 5 octobre. Pour plus de d\u00e9tail sur les jours de versements vous pouvez consulter le calendrier de versement de la prime d&rsquo;activit\u00e9.<\/p>\n<p style=\"text-align: justify;\">Il est disponible sur le site internet de la CAF. Ce calendrier est r\u00e9actualis\u00e9 chaque ann\u00e9e.<a href=\"https:\/\/www.mes-allocs.fr\/guides\/wp-content\/uploads\/2020\/08\/calendar-1990453_1280.jpg\"><img loading=\"lazy\" decoding=\"async\" class=\"size-medium wp-image-12102 alignright\" src=\"https:\/\/www.mes-allocs.fr\/guides\/wp-content\/uploads\/2020\/08\/calendar-1990453_1280-300x200.jpg\" alt=\"CAF : prime d' activit\u00e9, conditions et \u00e9ligibilit\u00e9\" width=\"300\" height=\"200\" srcset=\"https:\/\/www.mes-allocs.fr\/guides\/wp-content\/uploads\/2020\/08\/calendar-1990453_1280-300x200.jpg 300w, https:\/\/www.mes-allocs.fr\/guides\/wp-content\/uploads\/2020\/08\/calendar-1990453_1280-1024x682.jpg 1024w, https:\/\/www.mes-allocs.fr\/guides\/wp-content\/uploads\/2020\/08\/calendar-1990453_1280-768x512.jpg 768w, https:\/\/www.mes-allocs.fr\/guides\/wp-content\/uploads\/2020\/08\/calendar-1990453_1280-600x400.jpg 600w, https:\/\/www.mes-allocs.fr\/guides\/wp-content\/uploads\/2020\/08\/calendar-1990453_1280.jpg 1280w\" sizes=\"auto, (max-width: 300px) 100vw, 300px\" \/><\/a><\/p>\n<p style=\"text-align: justify;\">\u00c0 noter : la prime d&rsquo;activit\u00e9 vous est vers\u00e9e pendant 3 mois \u00e0 montant fixe, m\u00eame en cas de changement de situation. Vos droits seront r\u00e9\u00e9valu\u00e9s pour le trimestre suivant.<\/p>\n<p style=\"text-align: justify;\">Par la suite, pour continuer \u00e0 percevoir les versements de la prime d&rsquo;activit\u00e9, vous devrez faire vos d\u00e9clarations trimestrielles de revenus. Certaines de vos donn\u00e9es sont connues par la CAF.<\/p>\n<p>Vous aurez juste \u00e0 v\u00e9rifier et\/ou corriger vos informations sur votre d\u00e9claration pr\u00e9-remplie. En cas de changement, vous devez en informer la CAF. Cette derni\u00e8re v\u00e9rifie r\u00e9guli\u00e8rement vos revenus ainsi que votre situation actuelle pour v\u00e9rifier que vous \u00eates toujours \u00e9ligible \u00e0 cette prime.<\/p>\n<p>\u00c0 noter : La CAF vous pr\u00e9viendra quand le moment sera venu de faire votre d\u00e9claration trimestrielle. Attention, en cas de retard vos droits pourront \u00eatre suspendus.<\/p>\n<div class='cta-block'><div class='text'>Simulez votre Prime d&rsquo;Activit\u00e9 en 2 min. Gratuit.<\/div><a href='https:\/\/www.mes-allocs.fr\/ab-app?origin=guides\/wp-json\/wp\/v2\/posts\/12094' class='app-button fit'>Simulation gratuite<\/a><\/div>\n","protected":false},"excerpt":{"rendered":"<p>&nbsp; La prime d&rsquo;activit\u00e9 est une aide sociale en vigueur depuis le 1er janvier 2016. Destin\u00e9e aux travailleurs ayant de faibles revenus, vous pouvez en b\u00e9n\u00e9ficier sous certaines conditions. Cette aide est vers\u00e9e soit par la MSA, soit par la CAF. Mes Allocs vous dit tout sur les conditions d\u2019attribution pour les personnes affili\u00e9es \u00e0 [&hellip;]<\/p>\n","protected":false},"author":9,"featured_media":12105,"comment_status":"open","ping_status":"open","sticky":false,"template":"","format":"standard","meta":{"amp_status":"","footnotes":""},"categories":[2684,20],"tags":[],"class_list":["post-12094","post","type-post","status-publish","format-standard","has-post-thumbnail","hentry","category-caf-prime-d-activite","category-prime-d-activite"],"yoast_head":"<!-- This site is optimized with the Yoast SEO plugin v14.9 - https:\/\/yoast.com\/wordpress\/plugins\/seo\/ -->\n<title>CAF : prime d&#039;activit\u00e9, conditions et \u00e9ligibilit\u00e9 | Mes-Allocs.fr<\/title>\n<meta name=\"description\" content=\"La prime d&#039;activit\u00e9 est une prestation vers\u00e9e par la CAF aux travailleurs ayant de faibles revenus. Mes Allocs explique les conditions d&#039;attribution.\" \/>\n<meta name=\"robots\" content=\"index, follow, max-snippet:-1, max-image-preview:large, max-video-preview:-1\" \/>\n<link rel=\"canonical\" href=\"https:\/\/www.mes-allocs.fr\/guides\/prime-d-activite\/caf-prime-d-activite\/caf-prime-d-activite-conditions\/\" \/>\n<meta property=\"og:locale\" content=\"fr_FR\" \/>\n<meta property=\"og:type\" content=\"article\" \/>\n<meta property=\"og:title\" content=\"CAF : prime d&#039;activit\u00e9, conditions et \u00e9ligibilit\u00e9 | Mes-Allocs.fr\" \/>\n<meta property=\"og:description\" content=\"La prime d&#039;activit\u00e9 est une prestation vers\u00e9e par la CAF aux travailleurs ayant de faibles revenus. Mes Allocs explique les conditions d&#039;attribution.\" \/>\n<meta property=\"og:url\" content=\"https:\/\/www.mes-allocs.fr\/guides\/prime-d-activite\/caf-prime-d-activite\/caf-prime-d-activite-conditions\/\" \/>\n<meta property=\"og:site_name\" content=\"Mes-Allocs.fr\" \/>\n<meta property=\"article:published_time\" content=\"2020-08-27T09:14:22+00:00\" \/>\n<meta property=\"article:modified_time\" content=\"2022-08-22T07:51:09+00:00\" \/>\n<meta property=\"og:image\" content=\"https:\/\/www.mes-allocs.fr\/guides\/wp-content\/uploads\/2020\/08\/pexels-burst-374697-e1598456281378.jpg?wsr\" \/>\n\t<meta property=\"og:image:width\" content=\"1280\" \/>\n\t<meta property=\"og:image:height\" content=\"489\" \/>\n<meta name=\"twitter:card\" content=\"summary_large_image\" \/>\n<script type=\"application\/ld+json\" class=\"yoast-schema-graph\">{\"@context\":\"https:\/\/schema.org\",\"@graph\":[{\"@type\":\"WebSite\",\"@id\":\"https:\/\/www.mes-allocs.fr\/guides\/#website\",\"url\":\"https:\/\/www.mes-allocs.fr\/guides\/\",\"name\":\"Mes-Allocs.fr\",\"description\":\"\",\"potentialAction\":[{\"@type\":\"SearchAction\",\"target\":\"https:\/\/www.mes-allocs.fr\/guides\/?s={search_term_string}\",\"query-input\":\"required name=search_term_string\"}],\"inLanguage\":\"fr-FR\"},{\"@type\":\"ImageObject\",\"@id\":\"https:\/\/www.mes-allocs.fr\/guides\/prime-d-activite\/caf-prime-d-activite\/caf-prime-d-activite-conditions\/#primaryimage\",\"inLanguage\":\"fr-FR\",\"url\":\"https:\/\/www.mes-allocs.fr\/guides\/wp-content\/uploads\/2020\/08\/pexels-burst-374697-e1598456281378.jpg?wsr\",\"width\":1280,\"height\":489,\"caption\":\"pexels burst 374697 e1598456281378\"},{\"@type\":\"WebPage\",\"@id\":\"https:\/\/www.mes-allocs.fr\/guides\/prime-d-activite\/caf-prime-d-activite\/caf-prime-d-activite-conditions\/#webpage\",\"url\":\"https:\/\/www.mes-allocs.fr\/guides\/prime-d-activite\/caf-prime-d-activite\/caf-prime-d-activite-conditions\/\",\"name\":\"CAF : prime d'activit\\u00e9, conditions et \\u00e9ligibilit\\u00e9 | Mes-Allocs.fr\",\"isPartOf\":{\"@id\":\"https:\/\/www.mes-allocs.fr\/guides\/#website\"},\"primaryImageOfPage\":{\"@id\":\"https:\/\/www.mes-allocs.fr\/guides\/prime-d-activite\/caf-prime-d-activite\/caf-prime-d-activite-conditions\/#primaryimage\"},\"datePublished\":\"2020-08-27T09:14:22+00:00\",\"dateModified\":\"2022-08-22T07:51:09+00:00\",\"author\":{\"@id\":\"https:\/\/www.mes-allocs.fr\/guides\/#\/schema\/person\/e4e762c89158b34a332446d26f02fd56\"},\"description\":\"La prime d'activit\\u00e9 est une prestation vers\\u00e9e par la CAF aux travailleurs ayant de faibles revenus. Mes Allocs explique les conditions d'attribution.\",\"inLanguage\":\"fr-FR\"},{\"@type\":\"Person\",\"@id\":\"https:\/\/www.mes-allocs.fr\/guides\/#\/schema\/person\/e4e762c89158b34a332446d26f02fd56\",\"name\":\"Marylou\",\"image\":{\"@type\":\"ImageObject\",\"@id\":\"https:\/\/www.mes-allocs.fr\/guides\/#personlogo\",\"inLanguage\":\"fr-FR\",\"url\":\"https:\/\/www.mes-allocs.fr\/guides\/wp-content\/uploads\/2021\/06\/marylou-150x150.png\",\"caption\":\"Marylou\"},\"description\":\"Marylou est r\\u00e9dactrice au sein de l'\\u00e9quipe Mes Allocs, sp\\u00e9cialiste des sujets de soci\\u00e9t\\u00e9 en g\\u00e9n\\u00e9ral. Dipl\\u00f4m\\u00e9e de l'Institut Sup\\u00e9rieur de Formation au Journalisme, elle rejoint Mes Allocs apr\\u00e8s cr\\u00e9\\u00e9 son premier blog personnel.\",\"sameAs\":[\"https:\/\/www.linkedin.com\/in\/marylou-pr\\u00e9vost\"]}]}<\/script>\n<!-- \/ Yoast SEO plugin. -->","amp_validity":null,"acf":{"faq":{"1":{"question":"\ud83d\ude4b Qu'est-ce que la prime d'activit\u00e9 ? ","answer":"La prime d'activit\u00e9 est une prestation sociale vers\u00e9e par la CAF ou la MSA. Vous pouvez en b\u00e9n\u00e9ficier si vous remplissez l'int\u00e9gralit\u00e9 des conditions d'attribution "},"2":{"question":"\ud83d\udcb0 Quel est le montant de la prime d'activit\u00e9 ? ","answer":"Le montant de base de la prime d'activit\u00e9 est de 553,16 euros par mois depuis le 1er avril 2020. Le montant varie selon vos ressources ainsi que la composition de votre foyer."},"3":{"question":" \ud83e\udd14  Comment est calcul\u00e9e la prime d'activit\u00e9 ? ","answer":"5 \u00e9l\u00e9ments composent la m\u00e9thode de calcul de la prime d'activit\u00e9. Ainsi pour estimer vos droits, la CAF et la MSA utilisent la m\u00e9thode suivante : \r\nPrime d'activit\u00e9 = (montant forfaitaire + 61 % des revenus professionnels + bonifications) - ressources du foyer - forfait logement"},"4":{"question":"\ud83d\udd0e Qui a le droit \u00e0 la prime d'activit\u00e9 ?","answer":"Les personnes ayant 18 ans ou plus, percevant de faibles revenus et vivant en France de mani\u00e8re stable peuvent faire valoir leurs droits \u00e0 la prime d'activit\u00e9"},"5":{"question":"\ud83d\udcb5  Peut-on cumuler la prime d'activit\u00e9 avec les APL ? ","answer":"Les APL et la prime d'activit\u00e9 sont deux aides sociales vers\u00e9es par la CAF qui se cumulent entre elle. Les Apl entrent dans le calcul de la prime d'activit\u00e9 sous forme de forfait logement. "},"6":{"question":"\ud83d\udcb8  Quel est le salaire minimum pour toucher la prime d'activit\u00e9 ? ","answer":"Pour \u00eatre \u00e9ligible \u00e0 la prime d'activit\u00e9 vous devez toucher des revenus faibles. Ainsi une personne qui touche 78 % du Smic, soit 1787 euros peut faire valoir ses droits \u00e0 la prime d'activit\u00e9. "},"7":{"question":"","answer":""},"8":{"question":"","answer":""},"9":{"question":"","answer":""},"10":{"question":"","answer":""},"11":{"question":"","answer":""},"12":{"question":"","answer":""},"13":{"question":"","answer":""},"14":{"question":"","answer":""},"15":{"question":"","answer":""},"16":{"question":"","answer":""}}},"_links":{"self":[{"href":"https:\/\/www.mes-allocs.fr\/guides\/wp-json\/wp\/v2\/posts\/12094","targetHints":{"allow":["GET"]}}],"collection":[{"href":"https:\/\/www.mes-allocs.fr\/guides\/wp-json\/wp\/v2\/posts"}],"about":[{"href":"https:\/\/www.mes-allocs.fr\/guides\/wp-json\/wp\/v2\/types\/post"}],"author":[{"embeddable":true,"href":"https:\/\/www.mes-allocs.fr\/guides\/wp-json\/wp\/v2\/users\/9"}],"replies":[{"embeddable":true,"href":"https:\/\/www.mes-allocs.fr\/guides\/wp-json\/wp\/v2\/comments?post=12094"}],"version-history":[{"count":26,"href":"https:\/\/www.mes-allocs.fr\/guides\/wp-json\/wp\/v2\/posts\/12094\/revisions"}],"predecessor-version":[{"id":55502,"href":"https:\/\/www.mes-allocs.fr\/guides\/wp-json\/wp\/v2\/posts\/12094\/revisions\/55502"}],"wp:featuredmedia":[{"embeddable":true,"href":"https:\/\/www.mes-allocs.fr\/guides\/wp-json\/wp\/v2\/media\/12105"}],"wp:attachment":[{"href":"https:\/\/www.mes-allocs.fr\/guides\/wp-json\/wp\/v2\/media?parent=12094"}],"wp:term":[{"taxonomy":"category","embeddable":true,"href":"https:\/\/www.mes-allocs.fr\/guides\/wp-json\/wp\/v2\/categories?post=12094"},{"taxonomy":"post_tag","embeddable":true,"href":"https:\/\/www.mes-allocs.fr\/guides\/wp-json\/wp\/v2\/tags?post=12094"}],"curies":[{"name":"wp","href":"https:\/\/api.w.org\/{rel}","templated":true}]}}