{"id":12049,"date":"2020-09-14T07:54:12","date_gmt":"2020-09-14T07:54:12","guid":{"rendered":"https:\/\/www.mes-allocs.fr\/guides\/?p=12049"},"modified":"2026-02-23T16:36:02","modified_gmt":"2026-02-23T15:36:02","slug":"allocation-de-rentree-scolaire-garde-alternee","status":"publish","type":"post","link":"https:\/\/www.mes-allocs.fr\/guides\/allocations-familiales\/allocation-rentree-scolaire\/allocation-de-rentree-scolaire-garde-alternee\/","title":{"rendered":"Allocation rentr\u00e9e scolaire et garde altern\u00e9e : pour quel parent ?"},"content":{"rendered":"<div class=\"brs_col\">\n<div class=\"brs_col\">\n<p class=\"nVcaUb\" style=\"text-align: justify;\"><strong><a href=\"https:\/\/www.mes-allocs.fr\/guides\/wp-content\/uploads\/2020\/08\/Comment-lier-allocation-de-rentre\u0301e-scolaire-et-garde-alterne\u0301e-c.jpg\"><img loading=\"lazy\" decoding=\"async\" class=\"aligncenter wp-image-12241 \" src=\"https:\/\/www.mes-allocs.fr\/guides\/wp-content\/uploads\/2020\/08\/Comment-lier-allocation-de-rentre\u0301e-scolaire-et-garde-alterne\u0301e-c-e1598907958544.jpg\" alt=\"Comment lier allocation de rentre\u0301e scolaire et garde alterne\u0301e ?c\" width=\"1438\" height=\"309\" srcset=\"https:\/\/www.mes-allocs.fr\/guides\/wp-content\/uploads\/2020\/08\/Comment-lier-allocation-de-rentre\u0301e-scolaire-et-garde-alterne\u0301e-c-e1598907958544.jpg 1280w, https:\/\/www.mes-allocs.fr\/guides\/wp-content\/uploads\/2020\/08\/Comment-lier-allocation-de-rentre\u0301e-scolaire-et-garde-alterne\u0301e-c-e1598907958544-300x64.jpg 300w, https:\/\/www.mes-allocs.fr\/guides\/wp-content\/uploads\/2020\/08\/Comment-lier-allocation-de-rentre\u0301e-scolaire-et-garde-alterne\u0301e-c-e1598907958544-1024x220.jpg 1024w, https:\/\/www.mes-allocs.fr\/guides\/wp-content\/uploads\/2020\/08\/Comment-lier-allocation-de-rentre\u0301e-scolaire-et-garde-alterne\u0301e-c-e1598907958544-768x165.jpg 768w, https:\/\/www.mes-allocs.fr\/guides\/wp-content\/uploads\/2020\/08\/Comment-lier-allocation-de-rentre\u0301e-scolaire-et-garde-alterne\u0301e-c-e1598907958544-600x129.jpg 600w\" sizes=\"auto, (max-width: 1438px) 100vw, 1438px\" \/><\/a><\/strong><\/p>\n<p>[Mis \u00e0 jour le 23\/02\/2026] L\u2019<a href=\"https:\/\/www.mes-allocs.fr\/guides\/allocations-familiales\/allocation-rentree-scolaire\/\">allocation de rentr\u00e9e scolaire<\/a> (ARS) vous est vers\u00e9e chaque ann\u00e9e pour vous accompagner dans les d\u00e9penses li\u00e9es \u00e0 la scolarit\u00e9 de votre enfant. En cas de garde altern\u00e9e, son attribution est soumise \u00e0 des r\u00e8gles d\u00e9finies par la CAF ou la MSA. Dans ce cas, L\u2019ARS n\u2019est pas partag\u00e9e entre les deux parents et elle est vers\u00e9e \u00e0 celui qui est d\u00e9sign\u00e9 comme allocataire principal. Dans cet article, d\u00e9couvrez les conditions et les d\u00e9marches \u00e0 effectuer pour b\u00e9n\u00e9ficier de l\u2019<b>allocation de rentr\u00e9e scolaire en cas de garde altern\u00e9e.<\/b><\/p>\n<p class=\"p1\"><div class='cta-block'><div class='text'>Simulez toutes vos Aides en 2 min.<\/div><a href='https:\/\/www.mes-allocs.fr\/ab-app?origin=guides\/wp-json\/wp\/v2\/posts\/12049' class='app-button fit'>Simulation gratuite<\/a><\/div><\/p>\n<h1>Quelles r\u00e8gles s\u2019appliquent pour l\u2019allocation de rentr\u00e9e scolaire et la garde altern\u00e9e ?<\/h1>\n<h2>Qu\u2019est-ce que l\u2019allocation de rentr\u00e9e scolaire ?<\/h2>\n<p>L&rsquo;<a href=\"https:\/\/www.mes-allocs.fr\/guides\/allocations-familiales\/allocation-rentree-scolaire\/date-de-creation-allocation-de-rentree-scolaire\/\">allocation de rentr\u00e9e scolaire existe depuis 1974<\/a>\u00a0et vous permet de <strong>r<\/strong><b>\u00e9duire le co\u00fbt de la rentr\u00e9e<\/b> gr\u00e2ce \u00e0 un versement men\u00e9 par la CAF ou la MSA. Elle vous est destin\u00e9e si vous \u00eates un parent qui a au moins un enfant scolaris\u00e9 \u00e2g\u00e9 de 6 \u00e0 18 ans et son montant varie selon son \u00e2ge. Ainsi, en 2026, il s\u2019\u00e9l\u00e8ve \u00e0 :<\/p>\n\n<div class=\"wpdt-c row wpDataTableContainerSimpleTable wpDataTables wpDataTablesWrapper\n\"\n    >\n    <table id=\"wpdtSimpleTable-16\"\n           class=\"wpdtSimpleTable wpDataTable\"\n           data-column=\"2\"\n           data-rows=\"4\"\n           data-wpID=\"16\"\n           data-responsive=\"0\"\n           data-has-header=\"1\">\n\n                    <thead>        <tr class=\"wpdt-cell-row \" >\n                            <th class=\"wpdt-cell wpdt-bc-F3F9FE wpdt-bold\"\n                                    data-cell-id=\"A1\"\n                data-col-index=\"0\"\n                data-row-index=\"0\"\n                style=\" width:48.571428571429%;                padding:10px;\"\n                >\n                                \u00c2ge de l'enfant                <\/th>\n                                            <th class=\"wpdt-cell wpdt-bc-F3F9FE wpdt-bold\"\n                                    data-cell-id=\"B1\"\n                data-col-index=\"1\"\n                data-row-index=\"0\"\n                style=\" width:51.428571428571%;                padding:10px;\"\n                >\n                                Montant de l'ARS                <\/th>\n                                        <\/tr>\n                    <tbody>        <tr class=\"wpdt-cell-row \" >\n                            <td class=\"wpdt-cell \"\n                                    data-cell-id=\"A2\"\n                data-col-index=\"0\"\n                data-row-index=\"1\"\n                style=\"                padding:10px;\"\n                >\n                                6 \u00e0 10 ans                <\/td>\n                                            <td class=\"wpdt-cell \"\n                                    data-cell-id=\"B2\"\n                data-col-index=\"1\"\n                data-row-index=\"1\"\n                style=\"                padding:10px;\"\n                >\n                                423,05 \u20ac                <\/td>\n                                        <\/tr>\n                            <tr class=\"wpdt-cell-row \" >\n                            <td class=\"wpdt-cell \"\n                                    data-cell-id=\"A3\"\n                data-col-index=\"0\"\n                data-row-index=\"2\"\n                style=\"                padding:10px;\"\n                >\n                                11 \u00e0 14 ans                <\/td>\n                                            <td class=\"wpdt-cell \"\n                                    data-cell-id=\"B3\"\n                data-col-index=\"1\"\n                data-row-index=\"2\"\n                style=\"                padding:10px;\"\n                >\n                                446,15 \u20ac                <\/td>\n                                        <\/tr>\n                            <tr class=\"wpdt-cell-row \" >\n                            <td class=\"wpdt-cell \"\n                                    data-cell-id=\"A4\"\n                data-col-index=\"0\"\n                data-row-index=\"3\"\n                style=\"                padding:10px;\"\n                >\n                                15 \u00e0 18 ans                <\/td>\n                                            <td class=\"wpdt-cell \"\n                                    data-cell-id=\"B4\"\n                data-col-index=\"1\"\n                data-row-index=\"3\"\n                style=\"                padding:10px;\"\n                >\n                                462,03 \u20ac                <\/td>\n                                        <\/tr>\n                    <\/table>\n<\/div><style id='wpdt-custom-style-16'>\ntable#wpdtSimpleTable-16{ table-layout: fixed !important; }\n.wpdt-bc-F3F9FE { background-color: #F3F9FE !important;}\n<\/style>\n\n<h2>L\u2019ARS est-elle partag\u00e9e entre les deux parents en cas de garde altern\u00e9e ?<\/h2>\n<p><b>Non<\/b>, l\u2019allocation de rentr\u00e9e scolaire<b> n\u2019est pas partag\u00e9e<\/b> entre les deux parents en cas de garde altern\u00e9e. Contrairement \u00e0 d\u2019autres prestations familiales qui peuvent \u00eatre partag\u00e9es ou altern\u00e9es, l\u2019ARS est vers\u00e9e int\u00e9gralement \u00e0 un seul parent, celui qui est d\u00e9sign\u00e9 comme allocataire principal aupr\u00e8s de la CAF ou de la MSA pour l\u2019enfant en question.<\/p>\n<p>En cas de d\u00e9saccord entre parents, il vous appartient de vous entendre sur la r\u00e9partition des frais li\u00e9s \u00e0 la rentr\u00e9e scolaire, car la CAF ne fait pas de versement partag\u00e9 sur l\u2019ARS.<\/p>\n<div class='shortcode tips'><div class='title'>Exemple<\/div><div class='content'>Vous \u00eates s\u00e9par\u00e9 et vous avez un enfant de 8 ans en garde altern\u00e9e. La CAF verse alors l\u2019ARS uniquement au parent qui est d\u00e9sign\u00e9 comme allocataire principal pour l\u2019enfant, c\u2019est-\u00e0-dire celui qui per\u00e7oit d\u00e9j\u00e0 les autres prestations non partageables. L\u2019autre parent ne recevra rien, m\u00eame si la garde est altern\u00e9e.<\/div><\/div>\n<h1>Qui per\u00e7oit l\u2019ARS en cas de garde altern\u00e9e ?<\/h1>\n<h2>Comment est d\u00e9sign\u00e9 le parent b\u00e9n\u00e9ficiaire de l\u2019ARS ?<\/h2>\n<p>Vous et l\u2019autre parent devez choisir, d\u2019un <b>commun accord,<\/b> qui sera l\u2019allocataire principal aupr\u00e8s de la CAF ou de la MSA pour b\u00e9n\u00e9ficier de l\u2019ARS pour votre enfant. Pour faire ce choix, vous devez remplir ensemble le <b>formulaire <\/b><b>\u201cd\u00e9claration et choix des parents\u201d<\/b> (cerfa n\u00b014000) et le transmettre \u00e0 la CAF ou la MSA.<\/p>\n<h2>Que se passe-t-il si les parents sont d\u2019accord sur le b\u00e9n\u00e9ficiaire de l\u2019ARS ?<\/h2>\n<p>Si vous et l\u2019autre parent \u00eates d\u2019accord, alors le parent d\u00e9sign\u00e9 comme<b> allocataire principal recevra alors l\u2019allocation de rentr\u00e9e scolaire <\/b>pour l\u2019enfant concern\u00e9, m\u00eame en cas de garde altern\u00e9e. De plus, le choix d\u2019allocataire principal s\u2019applique pour une dur\u00e9e minimale d\u2019un an et il ne peut \u00eatre modifi\u00e9 qu\u2019\u00e0 l\u2019issue de cette p\u00e9riode, sauf en cas de changement de situation concernant la r\u00e9sidence de votre enfant.<\/p>\n<p><div class='shortcode read-more'><div class='title'>En savoir plus<\/div><div class='content'>Un <a href=\"https:\/\/www.mes-allocs.fr\/guides\/allocations-familiales\/allocation-rentree-scolaire\/allocation-rentree-scolaire-changement-de-situation\/\">changement de situation peut impacter le versement de l&rsquo;ARS<\/a>, c&rsquo;est pourquoi nous vous conseillons de le d\u00e9clarer \u00e0 la CAF. <\/div><\/div> <!-- --> <!-- notionvc: ab0561bb-8865-4d7f-a58b-565887697f75 --><\/p>\n<h2>Que se passe-t-il en cas de d\u00e9saccord entre les parents pour le b\u00e9n\u00e9ficiaire de l\u2019ARS ?<\/h2>\n<p>En cas de d\u00e9saccord entre parents sur le b\u00e9n\u00e9ficiaire de l\u2019allocation de rentr\u00e9e scolaire en situation de garde altern\u00e9e, elle continue d\u2019\u00eatre vers\u00e9e au parent qui a \u00e9t\u00e9 d\u00e9j\u00e0 <b>d\u00e9sign\u00e9 comme allocataire principal<\/b> aupr\u00e8s de la CAF ou de la MSA.<\/p>\n<p>Si les deux parents sont \u00e9ligibles \u00e0 l\u2019ARS, il est possible de demander \u00e0 la CAF une <b>alternance du versement<\/b>. En d\u2019autres termes, l\u2019ARS peut alors \u00eatre attribu\u00e9e une ann\u00e9e \u00e0 l\u2019un, l\u2019ann\u00e9e suivante \u00e0 l\u2019autre, \u00e0 condition que les deux parents en fassent la demande ensemble. \u00c0 d\u00e9faut d\u2019accord, la CAF ne partage pas l\u2019ARS et ne fait pas de r\u00e9partition entre les deux foyers, contrairement \u00e0 ce qui est possible pour d\u2019autres prestations.<\/p>\n<p>Si le d\u00e9saccord persiste, vous pouvez saisir le <b>juge aux affaires familiales<\/b> pour trancher la question, mais le versement reste bloqu\u00e9 sur l\u2019allocataire principal tant qu&rsquo;aucun nouvel accord ou d\u00e9cision judiciaire n\u2019est intervenu.<\/p>\n<p><iframe loading=\"lazy\" title=\"L&#039;allocation de rentr\u00e9e scolaire\" width=\"500\" height=\"281\" src=\"https:\/\/www.youtube.com\/embed\/MfDoGweq-e0?feature=oembed\" frameborder=\"0\" allow=\"accelerometer; autoplay; clipboard-write; encrypted-media; gyroscope; picture-in-picture; web-share\" referrerpolicy=\"strict-origin-when-cross-origin\" allowfullscreen><\/iframe><\/p>\n<p class=\"p1\"><div class='cta-block'><div class='text'>Simulez toutes vos Aides en 2 min.<\/div><a href='https:\/\/www.mes-allocs.fr\/ab-app?origin=guides\/wp-json\/wp\/v2\/posts\/12049' class='app-button fit'>Simulation gratuite<\/a><\/div><\/p>\n<h1>Quels sont les revenus pris en compte en garde altern\u00e9e pour l\u2019ARS ?<\/h1>\n<p>Les <a href=\"https:\/\/www.mes-allocs.fr\/guides\/allocations-familiales\/allocation-rentree-scolaire\/plafond-allocation-rentree-scolaire\/\">plafonds de ressources pour b\u00e9n\u00e9ficier de l&rsquo;ARS<\/a> ont \u00e9t\u00e9 revus au 1er avril 2026. En cas de garde altern\u00e9e, les revenus pris en compte sont votre<b> revenu net cat\u00e9goriel de l\u2019ann\u00e9e 2024<\/b> en tant qu\u2019allocataire principal. Ainsi, les revenus de l\u2019autre parent ne sont pas retenus pour le calcul de l\u2019ARS, m\u00eame si l\u2019enfant est en garde altern\u00e9e.<\/p>\n<div class='shortcode tips'><div class='title'>Exemple<\/div><div class='content'>Si vous \u00eates l\u2019allocataire principal et vivez seul(e) avec votre enfant en garde altern\u00e9e, la CAF prendra en compte uniquement vos revenus de 2024.<\/div><\/div>\n<h1>Le montant de l\u2019ARS change-t-il en cas de garde altern\u00e9e ?<\/h1>\n<h2>Existe-t-il une majoration ou une r\u00e9duction du montant de l\u2019ARS en cas de garde altern\u00e9e ?<\/h2>\n<p>Le <a href=\"https:\/\/www.mes-allocs.fr\/guides\/allocations-familiales\/allocation-rentree-scolaire\/montant-allocation-rentree-scolaire\/\">montant de l\u2019allocation de rentr\u00e9e scolaire<\/a> <strong>ne change pas en cas de garde altern\u00e9e<\/strong>. Il n&rsquo;existe pas de majoration ou de r\u00e9duction car en tant que parent allocataire principal vous percevez exactement le m\u00eame montant que si vous aviez la garde exclusive de votre enfant.<\/p>\n<h2>Quels sont les montants de l\u2019ARS pour chaque tranche d\u2019\u00e2ge en 2026 ?<\/h2>\n<p>Pour la rentr\u00e9e 2026, les montants de l\u2019ARS sont les suivants :<\/p>\n\n<div class=\"wpdt-c row wpDataTableContainerSimpleTable wpDataTables wpDataTablesWrapper\n\"\n    >\n    <table id=\"wpdtSimpleTable-16\"\n           class=\"wpdtSimpleTable wpDataTable\"\n           data-column=\"2\"\n           data-rows=\"4\"\n           data-wpID=\"16\"\n           data-responsive=\"0\"\n           data-has-header=\"1\">\n\n                    <thead>        <tr class=\"wpdt-cell-row \" >\n                            <th class=\"wpdt-cell wpdt-bc-F3F9FE wpdt-bold\"\n                                    data-cell-id=\"A1\"\n                data-col-index=\"0\"\n                data-row-index=\"0\"\n                style=\" width:48.571428571429%;                padding:10px;\"\n                >\n                                \u00c2ge de l'enfant                <\/th>\n                                            <th class=\"wpdt-cell wpdt-bc-F3F9FE wpdt-bold\"\n                                    data-cell-id=\"B1\"\n                data-col-index=\"1\"\n                data-row-index=\"0\"\n                style=\" width:51.428571428571%;                padding:10px;\"\n                >\n                                Montant de l'ARS                <\/th>\n                                        <\/tr>\n                    <tbody>        <tr class=\"wpdt-cell-row \" >\n                            <td class=\"wpdt-cell \"\n                                    data-cell-id=\"A2\"\n                data-col-index=\"0\"\n                data-row-index=\"1\"\n                style=\"                padding:10px;\"\n                >\n                                6 \u00e0 10 ans                <\/td>\n                                            <td class=\"wpdt-cell \"\n                                    data-cell-id=\"B2\"\n                data-col-index=\"1\"\n                data-row-index=\"1\"\n                style=\"                padding:10px;\"\n                >\n                                423,05 \u20ac                <\/td>\n                                        <\/tr>\n                            <tr class=\"wpdt-cell-row \" >\n                            <td class=\"wpdt-cell \"\n                                    data-cell-id=\"A3\"\n                data-col-index=\"0\"\n                data-row-index=\"2\"\n                style=\"                padding:10px;\"\n                >\n                                11 \u00e0 14 ans                <\/td>\n                                            <td class=\"wpdt-cell \"\n                                    data-cell-id=\"B3\"\n                data-col-index=\"1\"\n                data-row-index=\"2\"\n                style=\"                padding:10px;\"\n                >\n                                446,15 \u20ac                <\/td>\n                                        <\/tr>\n                            <tr class=\"wpdt-cell-row \" >\n                            <td class=\"wpdt-cell \"\n                                    data-cell-id=\"A4\"\n                data-col-index=\"0\"\n                data-row-index=\"3\"\n                style=\"                padding:10px;\"\n                >\n                                15 \u00e0 18 ans                <\/td>\n                                            <td class=\"wpdt-cell \"\n                                    data-cell-id=\"B4\"\n                data-col-index=\"1\"\n                data-row-index=\"3\"\n                style=\"                padding:10px;\"\n                >\n                                462,03 \u20ac                <\/td>\n                                        <\/tr>\n                    <\/table>\n<\/div><style id='wpdt-custom-style-16'>\ntable#wpdtSimpleTable-16{ table-layout: fixed !important; }\n.wpdt-bc-F3F9FE { background-color: #F3F9FE !important;}\n<\/style>\n\n<p>Ainsi, ces montants sont vers\u00e9s en<b> une seule fois par enfant \u00e9ligible<\/b>, quel que soit le mode de garde.<\/p>\n<h1>Garde altern\u00e9e : quel parent paie les fournitures scolaires ?<\/h1>\n<p>En cas de garde altern\u00e9e, les frais li\u00e9s aux fournitures scolaires sont g\u00e9n\u00e9ralement <b>partag\u00e9s entre les deux parents<\/b>, soit \u00e0 parts \u00e9gales, soit proportionnellement \u00e0 leurs revenus respectifs, selon ce qui a \u00e9t\u00e9 convenu ou d\u00e9cid\u00e9. En pratique, chaque parent prend en charge les achats effectu\u00e9s durant la p\u00e9riode o\u00f9 l\u2019enfant est chez lui, mais il est courant que le parent ayant avanc\u00e9 les frais demande ensuite un remboursement \u00e0 l\u2019autre parent pour moiti\u00e9.<\/p>\n<p>En l\u2019absence d\u2019accord, le juge aux affaires familiales peut \u00eatre saisi pour trancher la r\u00e9partition des d\u00e9penses. Il est donc recommand\u00e9 d\u2019\u00e9tablir une convention parentale pour \u00e9viter les conflits et organiser \u00e9quitablement la prise en charge des fournitures scolaires, qui ne sont pas couvertes par la pension alimentaire de base en garde altern\u00e9e.<\/p>\n<div class='shortcode summary'><div class='title'>En r\u00e9sum\u00e9 :<\/div><div class='content'><ul><li>L&rsquo;allocation de rentr\u00e9e scolaire <b>n\u2019est pas partag\u00e9e<\/b> en cas de garde altern\u00e9e car elle est vers\u00e9e \u00e0 un seul parent, d\u00e9sign\u00e9 comme allocataire principal.<\/li><li> Le parent b\u00e9n\u00e9ficiaire de l\u2019ARS est choisi d\u2019un<b> commun accord <\/b>entre les parents \u00e0 partir d\u2019un formulaire.<\/li><li>En cas de d\u00e9saccord, l\u2019ARS<b> continue d\u2019\u00eatre vers\u00e9e<\/b> \u00e0 l&rsquo;allocataire principal d\u00e9j\u00e0 enregistr\u00e9 aupr\u00e8s de la CAF ou de la MSA.<\/li><li>Le montant de l\u2019ARS <b>ne change pas<\/b> en garde altern\u00e9e car il d\u00e9pend uniquement de l\u2019\u00e2ge de l\u2019enfant, pas du mode de garde.<\/li><\/ul><\/div><\/div>\n<p class=\"p1\"><div class='cta-block'><div class='text'>Simulez toutes vos Aides en 2 min.<\/div><a href='https:\/\/www.mes-allocs.fr\/ab-app?origin=guides\/wp-json\/wp\/v2\/posts\/12049' class='app-button fit'>Simulation gratuite<\/a><\/div><\/p>\n<\/div>\n<\/div>\n","protected":false},"excerpt":{"rendered":"<p>[Mis \u00e0 jour le 23\/02\/2026] L\u2019allocation de rentr\u00e9e scolaire (ARS) vous est vers\u00e9e chaque ann\u00e9e pour vous accompagner dans les d\u00e9penses li\u00e9es \u00e0 la scolarit\u00e9 de votre enfant. En cas de garde altern\u00e9e, son attribution est soumise \u00e0 des r\u00e8gles d\u00e9finies par la CAF ou la MSA. Dans ce cas, L\u2019ARS n\u2019est pas partag\u00e9e entre [&hellip;]<\/p>\n","protected":false},"author":7,"featured_media":12240,"comment_status":"open","ping_status":"open","sticky":false,"template":"","format":"standard","meta":{"amp_status":"","footnotes":""},"categories":[41,10],"tags":[],"class_list":["post-12049","post","type-post","status-publish","format-standard","has-post-thumbnail","hentry","category-allocation-rentree-scolaire","category-allocations-familiales"],"yoast_head":"<!-- This site is optimized with the Yoast SEO plugin v14.9 - https:\/\/yoast.com\/wordpress\/plugins\/seo\/ -->\n<title>Allocation rentr\u00e9e scolaire et garde altern\u00e9e : pour quel parent ?<\/title>\n<meta name=\"description\" content=\"L&#039;allocation de rentr\u00e9e scolaire est vers\u00e9e aux familles \u00e9levant des enfants scolaris\u00e9s et \u00e2g\u00e9s de 6 \u00e0 18 ans, y compris en garde altern\u00e9e.\" \/>\n<meta name=\"robots\" content=\"index, follow, max-snippet:-1, max-image-preview:large, max-video-preview:-1\" \/>\n<link rel=\"canonical\" href=\"https:\/\/www.mes-allocs.fr\/guides\/allocations-familiales\/allocation-rentree-scolaire\/allocation-de-rentree-scolaire-garde-alternee\/\" \/>\n<meta property=\"og:locale\" content=\"fr_FR\" \/>\n<meta property=\"og:type\" content=\"article\" \/>\n<meta property=\"og:title\" content=\"Allocation rentr\u00e9e scolaire et garde altern\u00e9e : pour quel parent ?\" \/>\n<meta property=\"og:description\" content=\"L&#039;allocation de rentr\u00e9e scolaire est vers\u00e9e aux familles \u00e9levant des enfants scolaris\u00e9s et \u00e2g\u00e9s de 6 \u00e0 18 ans, y compris en garde altern\u00e9e.\" \/>\n<meta property=\"og:url\" content=\"https:\/\/www.mes-allocs.fr\/guides\/allocations-familiales\/allocation-rentree-scolaire\/allocation-de-rentree-scolaire-garde-alternee\/\" \/>\n<meta property=\"og:site_name\" content=\"Mes-Allocs.fr\" \/>\n<meta property=\"article:published_time\" content=\"2020-09-14T07:54:12+00:00\" \/>\n<meta property=\"article:modified_time\" content=\"2026-02-23T15:36:02+00:00\" \/>\n<meta property=\"og:image\" content=\"https:\/\/www.mes-allocs.fr\/guides\/wp-content\/uploads\/2020\/08\/Comment-lier-allocation-de-rentre\u0301e-scolaire-et-garde-alterne\u0301e-.jpg?wsr\" \/>\n\t<meta property=\"og:image:width\" content=\"1280\" \/>\n\t<meta property=\"og:image:height\" content=\"854\" \/>\n<meta name=\"twitter:card\" content=\"summary_large_image\" \/>\n<script type=\"application\/ld+json\" class=\"yoast-schema-graph\">{\"@context\":\"https:\/\/schema.org\",\"@graph\":[{\"@type\":\"WebSite\",\"@id\":\"https:\/\/www.mes-allocs.fr\/guides\/#website\",\"url\":\"https:\/\/www.mes-allocs.fr\/guides\/\",\"name\":\"Mes-Allocs.fr\",\"description\":\"\",\"potentialAction\":[{\"@type\":\"SearchAction\",\"target\":\"https:\/\/www.mes-allocs.fr\/guides\/?s={search_term_string}\",\"query-input\":\"required name=search_term_string\"}],\"inLanguage\":\"fr-FR\"},{\"@type\":\"ImageObject\",\"@id\":\"https:\/\/www.mes-allocs.fr\/guides\/allocations-familiales\/allocation-rentree-scolaire\/allocation-de-rentree-scolaire-garde-alternee\/#primaryimage\",\"inLanguage\":\"fr-FR\",\"url\":\"https:\/\/www.mes-allocs.fr\/guides\/wp-content\/uploads\/2020\/08\/Comment-lier-allocation-de-rentre\\u0301e-scolaire-et-garde-alterne\\u0301e-.jpg?wsr\",\"width\":1280,\"height\":854,\"caption\":\"Comment lier allocation de rentre\\u0301e scolaire et garde alterne\\u0301e\"},{\"@type\":\"WebPage\",\"@id\":\"https:\/\/www.mes-allocs.fr\/guides\/allocations-familiales\/allocation-rentree-scolaire\/allocation-de-rentree-scolaire-garde-alternee\/#webpage\",\"url\":\"https:\/\/www.mes-allocs.fr\/guides\/allocations-familiales\/allocation-rentree-scolaire\/allocation-de-rentree-scolaire-garde-alternee\/\",\"name\":\"Allocation rentr\\u00e9e scolaire et garde altern\\u00e9e : pour quel parent ?\",\"isPartOf\":{\"@id\":\"https:\/\/www.mes-allocs.fr\/guides\/#website\"},\"primaryImageOfPage\":{\"@id\":\"https:\/\/www.mes-allocs.fr\/guides\/allocations-familiales\/allocation-rentree-scolaire\/allocation-de-rentree-scolaire-garde-alternee\/#primaryimage\"},\"datePublished\":\"2020-09-14T07:54:12+00:00\",\"dateModified\":\"2026-02-23T15:36:02+00:00\",\"author\":{\"@id\":\"https:\/\/www.mes-allocs.fr\/guides\/#\/schema\/person\/1c4837d5703727cb02ce84583b5a44aa\"},\"description\":\"L'allocation de rentr\\u00e9e scolaire est vers\\u00e9e aux familles \\u00e9levant des enfants scolaris\\u00e9s et \\u00e2g\\u00e9s de 6 \\u00e0 18 ans, y compris en garde altern\\u00e9e.\",\"inLanguage\":\"fr-FR\"},{\"@type\":\"Person\",\"@id\":\"https:\/\/www.mes-allocs.fr\/guides\/#\/schema\/person\/1c4837d5703727cb02ce84583b5a44aa\",\"name\":\"Fabiola\",\"image\":{\"@type\":\"ImageObject\",\"@id\":\"https:\/\/www.mes-allocs.fr\/guides\/#personlogo\",\"inLanguage\":\"fr-FR\",\"url\":\"https:\/\/www.mes-allocs.fr\/guides\/wp-content\/uploads\/2021\/06\/fabiola-150x150.png\",\"caption\":\"Fabiola\"},\"description\":\"Fabiola est r\\u00e9dactrice au sein de l'\\u00e9quipe Mes Allocs, sp\\u00e9cialis\\u00e9e en sciences politiques et affaires publiques. Dipl\\u00f4m\\u00e9e de l'HEIP, elle rejoint Mes Allocs apr\\u00e8s une premi\\u00e8re exp\\u00e9rience \\u00e0 l'Assembl\\u00e9e Nationale.\",\"sameAs\":[\"https:\/\/www.linkedin.com\/in\/cecilia-philippe-b-8a8085195\"]}]}<\/script>\n<!-- \/ Yoast SEO plugin. -->","amp_validity":null,"acf":{"faq":{"1":{"question":"Qui touche la prime de rentr\u00e9e scolaire en garde altern\u00e9e ?","answer":"En garde altern\u00e9e, seul le parent d\u00e9sign\u00e9 comme allocataire principal par la CAF ou la MSA touche la prime de rentr\u00e9e scolaire."},"2":{"question":"Est-ce que l'ARS est partag\u00e9e entre les parents s\u00e9par\u00e9s ?","answer":"Non, l\u2019ARS n\u2019est jamais partag\u00e9e entre les parents s\u00e9par\u00e9s\u202f car elle est vers\u00e9e uniquement \u00e0 un seul parent, d\u00e9sign\u00e9 comme allocataire principal.\r\n\r\n"},"3":{"question":"Quelles sont les conditions pour l'allocation de rentr\u00e9e scolaire ?","answer":"Pour toucher l\u2019allocation de rentr\u00e9e scolaire, vous devez avoir au moins un enfant scolaris\u00e9 \u00e2g\u00e9 de 6 \u00e0 18 ans au 31 d\u00e9cembre de l\u2019ann\u00e9e, respecter un plafond de ressources selon le nombre d\u2019enfants \u00e0 charge, et l\u2019enfant doit \u00eatre inscrit \u00e0 l\u2019\u00e9cole ou au CNED."},"4":{"question":"Comment savoir qui est l'allocataire principal ?","answer":"Pour savoir qui est l\u2019allocataire principal, regardez \u00e0 quel parent l\u2019enfant est rattach\u00e9 administrativement aupr\u00e8s de la CAF ou de la MSA."},"5":{"question":"Comment puis-je r\u00e9cup\u00e9rer l'allocation rentr\u00e9e scolaire ?","answer":"L\u2019allocation de rentr\u00e9e scolaire (ARS) est vers\u00e9e automatiquement si vous remplissez les conditions. Pour les enfants de 16 \u00e0 18 ans, vous devez simplement confirmer leur scolarisation en ligne."},"6":{"question":"Pourquoi n'ai-je pas droit \u00e0 l'allocation de rentr\u00e9e scolaire ?","answer":"Vous n\u2019avez pas droit \u00e0 l\u2019allocation de rentr\u00e9e scolaire si vos revenus d\u00e9passent le plafond fix\u00e9 selon votre nombre d\u2019enfants \u00e0 charge, si votre enfant n\u2019a pas entre 6 et 18 ans au 31 d\u00e9cembre de l\u2019ann\u00e9e, ou s\u2019il n\u2019est pas scolaris\u00e9 dans un \u00e9tablissement reconnu ou au CNED."},"7":{"question":"","answer":""},"8":{"question":"","answer":""},"9":{"question":"","answer":""},"10":{"question":"","answer":""},"11":{"question":"","answer":""},"12":{"question":"","answer":""},"13":{"question":"","answer":""},"14":{"question":"","answer":""},"15":{"question":"","answer":""},"16":{"question":"","answer":""}}},"_links":{"self":[{"href":"https:\/\/www.mes-allocs.fr\/guides\/wp-json\/wp\/v2\/posts\/12049","targetHints":{"allow":["GET"]}}],"collection":[{"href":"https:\/\/www.mes-allocs.fr\/guides\/wp-json\/wp\/v2\/posts"}],"about":[{"href":"https:\/\/www.mes-allocs.fr\/guides\/wp-json\/wp\/v2\/types\/post"}],"author":[{"embeddable":true,"href":"https:\/\/www.mes-allocs.fr\/guides\/wp-json\/wp\/v2\/users\/7"}],"replies":[{"embeddable":true,"href":"https:\/\/www.mes-allocs.fr\/guides\/wp-json\/wp\/v2\/comments?post=12049"}],"version-history":[{"count":41,"href":"https:\/\/www.mes-allocs.fr\/guides\/wp-json\/wp\/v2\/posts\/12049\/revisions"}],"predecessor-version":[{"id":109729,"href":"https:\/\/www.mes-allocs.fr\/guides\/wp-json\/wp\/v2\/posts\/12049\/revisions\/109729"}],"wp:featuredmedia":[{"embeddable":true,"href":"https:\/\/www.mes-allocs.fr\/guides\/wp-json\/wp\/v2\/media\/12240"}],"wp:attachment":[{"href":"https:\/\/www.mes-allocs.fr\/guides\/wp-json\/wp\/v2\/media?parent=12049"}],"wp:term":[{"taxonomy":"category","embeddable":true,"href":"https:\/\/www.mes-allocs.fr\/guides\/wp-json\/wp\/v2\/categories?post=12049"},{"taxonomy":"post_tag","embeddable":true,"href":"https:\/\/www.mes-allocs.fr\/guides\/wp-json\/wp\/v2\/tags?post=12049"}],"curies":[{"name":"wp","href":"https:\/\/api.w.org\/{rel}","templated":true}]}}