{"id":11966,"date":"2020-11-23T09:33:35","date_gmt":"2020-11-23T09:33:35","guid":{"rendered":"https:\/\/www.mes-allocs.fr\/guides\/?p=11966"},"modified":"2026-04-02T14:22:03","modified_gmt":"2026-04-02T13:22:03","slug":"prime-activite-pompier-volontaire","status":"publish","type":"post","link":"https:\/\/www.mes-allocs.fr\/guides\/prime-d-activite\/prime-activite-conditions\/prime-activite-pompier-volontaire\/","title":{"rendered":"Prime d&rsquo;activit\u00e9 pompier volontaire : conditions, montant, d\u00e9marches en 2026"},"content":{"rendered":"<p><img loading=\"lazy\" decoding=\"async\" class=\"aligncenter wp-image-59790 size-full\" title=\"prime d activit\u00e9 pompier volontaire\" src=\"https:\/\/www.mes-allocs.fr\/guides\/wp-content\/uploads\/2020\/11\/image_2022-12-19_185612231-e1685368188171.png\" alt=\"prime d activit\u00e9 pompier volontaire\" width=\"1238\" height=\"207\" srcset=\"https:\/\/www.mes-allocs.fr\/guides\/wp-content\/uploads\/2020\/11\/image_2022-12-19_185612231-e1685368188171.png 1238w, https:\/\/www.mes-allocs.fr\/guides\/wp-content\/uploads\/2020\/11\/image_2022-12-19_185612231-e1685368188171-300x50.png 300w, https:\/\/www.mes-allocs.fr\/guides\/wp-content\/uploads\/2020\/11\/image_2022-12-19_185612231-e1685368188171-1024x171.png 1024w, https:\/\/www.mes-allocs.fr\/guides\/wp-content\/uploads\/2020\/11\/image_2022-12-19_185612231-e1685368188171-768x128.png 768w, https:\/\/www.mes-allocs.fr\/guides\/wp-content\/uploads\/2020\/11\/image_2022-12-19_185612231-e1685368188171-600x100.png 600w\" sizes=\"auto, (max-width: 1238px) 100vw, 1238px\" \/><\/p>\n<p style=\"text-align: justify;\"><span style=\"font-weight: 400;\">[Mis \u00e0 jour le 02\/04\/2026]<\/span> La <a href=\"https:\/\/www.mes-allocs.fr\/guides\/prime-d-activite\/\">prime d&rsquo;activit\u00e9<\/a> est une aide sociale en vigueur depuis le 1er janvier 2016. Elle remplace ainsi le RSA activit\u00e9 et la prime pour l&#8217;emploi. Destin\u00e9e aux travailleurs ayant de faibles revenus, elle garantit un certain pouvoir d&rsquo;achat \u00e0 ceux qui en ont besoin. Les sapeurs-pompiers volontaires peuvent faire valoir leurs droits au m\u00eame titre que les autres. Mes Allocs vous dit tout sur les conditions d&rsquo;attribution en 2026.<\/p>\n<div class='cta-block'><div class='text'>Simulez votre prime d&rsquo;activit\u00e9 en 2 min. <\/div><a href='https:\/\/www.mes-allocs.fr\/ab-app?origin=guides\/wp-json\/wp\/v2\/posts\/11966' class='app-button fit'>Simulation gratuite<\/a><\/div>\n<h1>Quelles sont les conditions pour avoir la prime d&rsquo;activit\u00e9 en \u00e9tant pompier volontaire ?<\/h1>\n<h2><b>Les conditions g\u00e9n\u00e9rales de la prime d&rsquo;activit\u00e9<\/b><\/h2>\n<p><span style=\"font-weight: 400;\">Pour b\u00e9n\u00e9ficier de la prime d\u2019activit\u00e9, vous devez remplir l\u2019int\u00e9gralit\u00e9 des conditions d\u2019attribution de la prime d\u2019activit\u00e9. Aussi bien li\u00e9es \u00e0 votre situation personnelle, qu\u2019\u00e0 votre activit\u00e9 professionnelle.<\/span><\/p>\n<p><span style=\"font-weight: 400;\">Vous devez \u00eatre une personne :<\/span><\/p>\n<ul>\n<li style=\"font-weight: 400;\" aria-level=\"1\"><span style=\"font-weight: 400;\">\u00c2g\u00e9e de plus de 18 ans<\/span><\/li>\n<li style=\"font-weight: 400;\" aria-level=\"1\"><span style=\"font-weight: 400;\">Percevant des revenus tir\u00e9s d\u2019une activit\u00e9 professionnelle (salari\u00e9e, fonctionnaire, ind\u00e9pendante, etc.)<\/span><\/li>\n<li style=\"font-weight: 400;\" aria-level=\"1\"><span style=\"font-weight: 400;\">R\u00e9sidant en France de mani\u00e8re<\/span><\/li>\n<li style=\"font-weight: 400;\" aria-level=\"1\"><span style=\"font-weight: 400;\">Fran\u00e7aise ou titulaire depuis au moins cinq ans d\u2019un titre de s\u00e9jour autorisant \u00e0 travailler. Sauf pour les ressortissants de l\u2019Espace \u00e9conomique europ\u00e9en et de la Suisse, les r\u00e9fugi\u00e9s et les personnes assimil\u00e9es<\/span><\/li>\n<\/ul>\n<p><span style=\"font-weight: 400;\">Les stagiaires et les apprentis majeurs sont \u00e9galement en droit de demander la prime d\u2019activit\u00e9. Si leurs revenus sont sup\u00e9rieurs ou \u00e9gaux \u00e0 78 % du Smic.<\/span><\/p>\n<p><span style=\"font-weight: 400;\">Les travailleurs en situation de handicap qui per\u00e7oivent l\u2019AAH peuvent \u00e9galement faire valoir leurs droits \u00e0 la prime d\u2019activit\u00e9. Cela vaut \u00e9galement s\u2019ils travaillent en ESAT<\/span><\/p>\n<h2><b>Les conditions particuli\u00e8res au statut de pompier volontaire<\/b><\/h2>\n<p><span style=\"font-weight: 400;\">Si vous \u00eates pompier volontaire, vous avez la possibilit\u00e9 de b\u00e9n\u00e9ficier de la prime d\u2019activit\u00e9, mais aussi du RSA. Vous pouvez cumuler ces deux aides.<\/span><\/p>\n<p><span style=\"font-weight: 400;\">Dans le calcul du montant de votre prime d\u2019activit\u00e9, les indemnit\u00e9s que vous pouvez percevoir ne seront pas prises en compte.<\/span><\/p>\n<h1><b>Quel est le montant de la prime d&rsquo;activit\u00e9 pour les pompiers volontaires ?<\/b><\/h1>\n<h2><b>Calcul des ressources<\/b><\/h2>\n<p><span style=\"font-weight: 400;\">Si vous \u00eates log\u00e9 gratuitement dans le cadre de votre volontariat, le forfait logement est d\u00e9duit du montant du RSA.<\/span><\/p>\n<p><span style=\"font-weight: 400;\">Si vous b\u00e9n\u00e9ficiez d&rsquo;un versement en esp\u00e8ces, vous devez le d\u00e9clarer trimestriellement comme \u00ab autres ressources \u00bb. Ce versement est pris en compte dans le calcul de vos droits.<\/span><\/p>\n<p><span style=\"font-weight: 400;\">Si vous b\u00e9n\u00e9ficiez d&rsquo;un avantage en nature, vous devez le d\u00e9clarer aux organismes payeurs (CAF ou MSA). Cet avantage est pris en compte dans le calcul de vos droits.<\/span><\/p>\n<p><b>\u00c0 noter : Les heures de volontariat r\u00e9alis\u00e9es ne sont pas prises en compte pour b\u00e9n\u00e9ficier du RSA jeune actif.<\/b><\/p>\n<p>&nbsp;<\/p>\n<p><iframe loading=\"lazy\" title=\"La prime d&#039;activit\u00e9\" width=\"500\" height=\"281\" src=\"https:\/\/www.youtube.com\/embed\/uavbovK5ZXc?feature=oembed\" frameborder=\"0\" allow=\"accelerometer; autoplay; clipboard-write; encrypted-media; gyroscope; picture-in-picture; web-share\" referrerpolicy=\"strict-origin-when-cross-origin\" allowfullscreen><\/iframe><\/p>\n<p>&nbsp;<\/p>\n<h2>M\u00e9thode de calcul de la prime d&rsquo;activit\u00e9<\/h2>\n<p>Pour calculer le montant de vos droits, l&rsquo;organisme dont vous d\u00e9pendez utilise la m\u00e9thode suivante :<\/p>\n<p>5 \u00e9l\u00e9ments d\u00e9terminent la m\u00e9thode de calcul de la prime d&rsquo;activit\u00e9. Le montant de ces derniers peut varier selon les membres du foyer.<\/p>\n<ul>\n<li>Montant forfaitaire : montant qui est d\u00e9termin\u00e9 selon la composition du foyer (couple ou personne seule, nombre d\u2019enfants \u00e0 charge)<\/li>\n<li>61% des revenus professionnels depuis le 1er octobre 2018<\/li>\n<li>Bonifications : suppl\u00e9ment accord\u00e9 selon le niveau de revenus d\u2019activit\u00e9.<\/li>\n<li>Ressources du foyer<\/li>\n<li>Forfait logement<\/li>\n<\/ul>\n<p><em><strong>Prime d&rsquo;activit\u00e9 = (montant forfaitaire + 59,85 % des revenus du foyer + bonification) &#8211; ressources du foyer &#8211; forfait logement<\/strong><\/em><\/p>\n<h2>Montant de la prime d&rsquo;activit\u00e9 2026<\/h2>\n<p>D\u00e9couvrez dans le tableau ci-dessous les montants forfaitaires de la prime d&rsquo;activit\u00e9 <strong>pour une personne seule<\/strong> :<\/p>\n\n<div class=\"wpdt-c row wpDataTableContainerSimpleTable wpDataTables wpDataTablesWrapper\n\"\n    >\n    <table id=\"wpdtSimpleTable-1\"\n           class=\"wpdtSimpleTable wpDataTable\"\n           data-column=\"3\"\n           data-rows=\"5\"\n           data-wpID=\"1\"\n           data-responsive=\"0\"\n           data-has-header=\"1\">\n\n                    <thead>        <tr class=\"wpdt-cell-row \" >\n                            <th class=\"wpdt-cell wpdt-bc-F3F9FE wpdt-bold\"\n                                    data-cell-id=\"A1\"\n                data-col-index=\"0\"\n                data-row-index=\"0\"\n                style=\" width:33.333333333333%;                padding:10px;\"\n                >\n                                Nombre d'enfants\nou de personnes \u00e0 charge                <\/th>\n                                            <th class=\"wpdt-cell wpdt-bc-F3F9FE wpdt-bold\"\n                                    data-cell-id=\"B1\"\n                data-col-index=\"1\"\n                data-row-index=\"0\"\n                style=\" width:33.333333333333%;                padding:10px;\"\n                >\n                                Pour une personne seule                <\/th>\n                                            <th class=\"wpdt-cell wpdt-bc-F3F9FE wpdt-bold\"\n                                    data-cell-id=\"C1\"\n                data-col-index=\"2\"\n                data-row-index=\"0\"\n                style=\" width:33.333333333333%;                padding:10px;\"\n                >\n                                Pour un couple                <\/th>\n                                        <\/tr>\n                    <tbody>        <tr class=\"wpdt-cell-row \" >\n                            <td class=\"wpdt-cell \"\n                                    data-cell-id=\"A2\"\n                data-col-index=\"0\"\n                data-row-index=\"1\"\n                style=\"                padding:10px;\"\n                >\n                                0                <\/td>\n                                            <td class=\"wpdt-cell \"\n                                    data-cell-id=\"B2\"\n                data-col-index=\"1\"\n                data-row-index=\"1\"\n                style=\"                padding:10px;\"\n                >\n                                638,28\u00a0\u20ac                <\/td>\n                                            <td class=\"wpdt-cell \"\n                                    data-cell-id=\"C2\"\n                data-col-index=\"2\"\n                data-row-index=\"1\"\n                style=\"                padding:10px;\"\n                >\n                                957,42\u00a0\u20ac                <\/td>\n                                        <\/tr>\n                            <tr class=\"wpdt-cell-row \" >\n                            <td class=\"wpdt-cell \"\n                                    data-cell-id=\"A3\"\n                data-col-index=\"0\"\n                data-row-index=\"2\"\n                style=\"                padding:10px;\"\n                >\n                                1                <\/td>\n                                            <td class=\"wpdt-cell \"\n                                    data-cell-id=\"B3\"\n                data-col-index=\"1\"\n                data-row-index=\"2\"\n                style=\"                padding:10px;\"\n                >\n                                957,42\u00a0\u20ac                <\/td>\n                                            <td class=\"wpdt-cell \"\n                                    data-cell-id=\"C3\"\n                data-col-index=\"2\"\n                data-row-index=\"2\"\n                style=\"                padding:10px;\"\n                >\n                                1\u00a0148,90\u00a0\u20ac                <\/td>\n                                        <\/tr>\n                            <tr class=\"wpdt-cell-row \" >\n                            <td class=\"wpdt-cell \"\n                                    data-cell-id=\"A4\"\n                data-col-index=\"0\"\n                data-row-index=\"3\"\n                style=\"                padding:10px;\"\n                >\n                                2                <\/td>\n                                            <td class=\"wpdt-cell \"\n                                    data-cell-id=\"B4\"\n                data-col-index=\"1\"\n                data-row-index=\"3\"\n                style=\"                padding:10px;\"\n                >\n                                1\u00a0148,90\u00a0\u20ac                <\/td>\n                                            <td class=\"wpdt-cell \"\n                                    data-cell-id=\"C4\"\n                data-col-index=\"2\"\n                data-row-index=\"3\"\n                style=\"                padding:10px;\"\n                >\n                                1\u00a0340,39\u00a0\u20ac                <\/td>\n                                        <\/tr>\n                            <tr class=\"wpdt-cell-row \" >\n                            <td class=\"wpdt-cell \"\n                                    data-cell-id=\"A5\"\n                data-col-index=\"0\"\n                data-row-index=\"4\"\n                style=\"                padding:10px;\"\n                >\n                                Par enfant ou personne \u00e0 charge suppl\u00e9mentaire                <\/td>\n                                            <td class=\"wpdt-cell \"\n                                    data-cell-id=\"B5\"\n                data-col-index=\"1\"\n                data-row-index=\"4\"\n                style=\"                padding:10px;\"\n                >\n                                255,32\u00a0\u20ac                <\/td>\n                                            <td class=\"wpdt-cell \"\n                                    data-cell-id=\"C5\"\n                data-col-index=\"2\"\n                data-row-index=\"4\"\n                style=\"                padding:10px;\"\n                >\n                                255,32\u00a0\u20ac                <\/td>\n                                        <\/tr>\n                    <\/table>\n<\/div><style id='wpdt-custom-style-1'>\ntable#wpdtSimpleTable-1{ table-layout: fixed !important; }\n.wpdt-bc-F3F9FE { background-color: #F3F9FE !important;}\n<\/style>\n\n<p>&nbsp;<\/p>\n<p>Et voici les montants forfaitaires de la prime d&rsquo;activit\u00e9 <strong>pour un couple<\/strong> :<\/p>\n\n<div class=\"wpdt-c row wpDataTableContainerSimpleTable wpDataTables wpDataTablesWrapper\n\"\n    >\n    <table id=\"wpdtSimpleTable-2\"\n           class=\"wpdtSimpleTable wpDataTable\"\n           data-column=\"2\"\n           data-rows=\"5\"\n           data-wpID=\"2\"\n           data-responsive=\"0\"\n           data-has-header=\"1\">\n\n                    <thead>        <tr class=\"wpdt-cell-row \" >\n                            <th class=\"wpdt-cell wpdt-bc-F3F9FE\"\n                                    data-cell-id=\"A1\"\n                data-col-index=\"0\"\n                data-row-index=\"0\"\n                style=\" width:48.571428571429%;                padding:10px;\"\n                >\n                                Nombre d'enfants\nou de personnes \u00e0 charge                <\/th>\n                                            <th class=\"wpdt-cell wpdt-bc-F3F9FE\"\n                                    data-cell-id=\"B1\"\n                data-col-index=\"1\"\n                data-row-index=\"0\"\n                style=\" width:51.428571428571%;                padding:10px;\"\n                >\n                                Pour un couple                <\/th>\n                                        <\/tr>\n                    <tbody>        <tr class=\"wpdt-cell-row \" >\n                            <td class=\"wpdt-cell \"\n                                    data-cell-id=\"A2\"\n                data-col-index=\"0\"\n                data-row-index=\"1\"\n                style=\"                padding:10px;\"\n                >\n                                0                <\/td>\n                                            <td class=\"wpdt-cell \"\n                                    data-cell-id=\"B2\"\n                data-col-index=\"1\"\n                data-row-index=\"1\"\n                style=\"                padding:10px;\"\n                >\n                                957,42 \u20ac                <\/td>\n                                        <\/tr>\n                            <tr class=\"wpdt-cell-row \" >\n                            <td class=\"wpdt-cell \"\n                                    data-cell-id=\"A3\"\n                data-col-index=\"0\"\n                data-row-index=\"2\"\n                style=\"                padding:10px;\"\n                >\n                                1                <\/td>\n                                            <td class=\"wpdt-cell \"\n                                    data-cell-id=\"B3\"\n                data-col-index=\"1\"\n                data-row-index=\"2\"\n                style=\"                padding:10px;\"\n                >\n                                1 148,90 \u20ac                <\/td>\n                                        <\/tr>\n                            <tr class=\"wpdt-cell-row \" >\n                            <td class=\"wpdt-cell \"\n                                    data-cell-id=\"A4\"\n                data-col-index=\"0\"\n                data-row-index=\"3\"\n                style=\"                padding:10px;\"\n                >\n                                2                <\/td>\n                                            <td class=\"wpdt-cell \"\n                                    data-cell-id=\"B4\"\n                data-col-index=\"1\"\n                data-row-index=\"3\"\n                style=\"                padding:10px;\"\n                >\n                                1 340,39 \u20ac                <\/td>\n                                        <\/tr>\n                            <tr class=\"wpdt-cell-row \" >\n                            <td class=\"wpdt-cell \"\n                                    data-cell-id=\"A5\"\n                data-col-index=\"0\"\n                data-row-index=\"4\"\n                style=\"                padding:10px;\"\n                >\n                                Par enfant ou personne en plus                <\/td>\n                                            <td class=\"wpdt-cell \"\n                                    data-cell-id=\"B5\"\n                data-col-index=\"1\"\n                data-row-index=\"4\"\n                style=\"                padding:10px;\"\n                >\n                                255,31 \u20ac                <\/td>\n                                        <\/tr>\n                    <\/table>\n<\/div><style id='wpdt-custom-style-2'>\ntable#wpdtSimpleTable-2{ table-layout: fixed !important; }\n.wpdt-bc-F3F9FE { background-color: #F3F9FE !important;}\n<\/style>\n\n<p>&nbsp;<\/p>\n<div class='cta-block'><div class='text'>Simulez votre prime d&rsquo;activit\u00e9 en 2 min. <\/div><a href='https:\/\/www.mes-allocs.fr\/ab-app?origin=guides\/wp-json\/wp\/v2\/posts\/11966' class='app-button fit'>Simulation gratuite<\/a><\/div>\n<p>&nbsp;<\/p>\n<h2>Ressources prises en compte dans le calcul de la prime d&rsquo;activit\u00e9<\/h2>\n<p style=\"text-align: justify;\">Pour d\u00e9terminer le montant de vos droits, la CAF ou la MSA prend en compte plusieurs facteurs qui servent de base de calcul. Ainsi sont pris en compte :<\/p>\n<ul>\n<li style=\"text-align: justify;\">Les revenus professionnels des\u00a0salari\u00e9s\u00a0ou des\u00a0ind\u00e9pendants\u00a0et assimil\u00e9s (indemnit\u00e9s journali\u00e8res,\u00a0stagiaire\u00a0en formation professionnelle, revenus per\u00e7us pendant\u00a0les cong\u00e9s de maternit\u00e9)<\/li>\n<li style=\"text-align: justify;\">Les revenus de remplacement (allocations ch\u00f4mage, indemnit\u00e9s maladie,\u00a0retraite, pensions alimentaires et prestations compensatoires, etc.)<\/li>\n<li style=\"text-align: justify;\">L\u2019avantage en nature que constitue la disposition d\u2019un logement \u00e0 titre gratuit, cela est d\u00e9termin\u00e9 de mani\u00e8re forfaitaire<\/li>\n<li style=\"text-align: justify;\">Les prestations et les aides sociales (APL, compl\u00e9ment familial et allocation de soutien familial)<\/li>\n<li>Tous les autres revenus soumis \u00e0 l\u2019imp\u00f4t sur le revenu (revenus de capitaux, du patrimoine, etc.)<\/li>\n<\/ul>\n<h1>Prime d&rsquo;activit\u00e9 2026 : quelles sont les d\u00e9marches \u00e0 effectuer ?<\/h1>\n<h2>Faire une demande de prime d&rsquo;activit\u00e9<\/h2>\n<p style=\"text-align: justify;\">Pour faire votre demande de prime d&rsquo;activit\u00e9, vous devez vous rendre sur le site de la CAF ou de la MSA, selon votre r\u00e9gime d&rsquo;affiliation. Notez que vous devez \u00eatre allocataire avant de pouvoir formuler votre demande. \u00c9tant d\u00e9j\u00e0 allocataire, certaines de vos donn\u00e9es personnelles sont d\u00e9j\u00e0 connues de la CAF ou la MSA, votre demande est donc simplifi\u00e9e.<\/p>\n<h2>Quelle est la date de versement de la prime d&rsquo;activit\u00e9 ?<\/h2>\n<p style=\"text-align: justify;\">Si vous \u00eates \u00e9ligible, vous percevrez la prime d&rsquo;activit\u00e9 le 5 de chaque mois. Si vous percevez d\u00e9j\u00e0 une allocation logement au moment de votre demande, comme l&rsquo;APL, la prime d&rsquo;activit\u00e9 vous sera vers\u00e9e le m\u00eame jour en un seul versement.<\/p>\n<p style=\"text-align: justify;\">La prime d&rsquo;activit\u00e9 vous sera vers\u00e9e pendant 3 mois, une fois ce d\u00e9lai \u00e9coul\u00e9 vous devrez faire votre d\u00e9claration trimestrielle de ressources pour continuer \u00e0 percevoir les versements.<\/p>\n<p data-start=\"0\" data-end=\"164\">Depuis le 1\u1d49\u02b3 mars 2025, la d\u00e9claration trimestrielle de l<strong>a prime d\u2019activit\u00e9 devient pr\u00e9-remplie<\/strong>, ce qui simplifie le processus. La CAF reprend automatiquement certaines informations \u00e0 partir des revenus d\u00e9clar\u00e9s auparavant, r\u00e9duisant ainsi les erreurs et acc\u00e9l\u00e9rant le traitement de votre demande. Toutefois, il reste important de v\u00e9rifier et de valider les informations pour \u00e9viter toute erreur qui pourrait affecter le montant de l\u2019aide.<\/p>\n<p data-start=\"0\" data-end=\"164\">Depuis mars 2025, la p\u00e9riode \u00e0 d\u00e9clarer correspond aux tr<strong>ois mois pr\u00e9c\u00e9dant la demande : par exemple, en mars, vous devez d\u00e9clarer vos revenus des mois de novembre, d\u00e9cembre et janvier (et non plus d\u00e9cembre, janvier, f\u00e9vrier)<\/strong>. Cette nouvelle organisation facilite la gestion de votre dossier et rend la d\u00e9claration plus pr\u00e9cise.<\/p>\n<h2>Comment effectuer sa d\u00e9claration trimestrielle de ressources ?<\/h2>\n<p>Pour faire votre d\u00e9claration trimestrielle, vous devez faire une d\u00e9marche en ligne dans votre espace personnel sur le site de la CAF. \u00c9tant d\u00e9j\u00e0 allocataire, votre d\u00e9claration est simplifi\u00e9e. Certaines informations sont d\u00e9j\u00e0 inscrites sur votre d\u00e9claration pr\u00e9-remplie.<\/p>\n<p>Vous devez v\u00e9rifier ces informations et informer la Caisse d&rsquo;allocation familiale en cas de changement de situation.<\/p>\n<h2><span id=\"Reclamation_et_trop_percu\">R\u00e9clamation et trop per\u00e7u<\/span><\/h2>\n<p class=\"amp-wp-7d27179\" data-amp-original-style=\"text-align: justify;\">Si vous recevez un trop-per\u00e7u de la prime d\u2019activit\u00e9 de la part de la CAF ou de la MSA l\u2019un de ces derniers peut vous demander le trop per\u00e7u. Le remboursement peut s\u2019\u00e9taler sur 2 ans (selon les modalit\u00e9s), le trop per\u00e7u sera ainsi r\u00e9cup\u00e9r\u00e9 sur les prochains versements de votre prime d\u2019activit\u00e9.<\/p>\n<p class=\"amp-wp-7d27179\" data-amp-original-style=\"text-align: justify;\">Si vous ne percevez plus la prime, la Caf ou la CMSA peut r\u00e9cup\u00e9rer les sommes per\u00e7ues \u00e0 tort par retenue sur les mensualit\u00e9s d\u2019autres prestations \u00e0 venir. La retenue peut \u00eatre faite sur les prestations familiales, l\u2019allocation aux adultes handicap\u00e9s et les allocations de logement.<\/p>\n<p>&nbsp;<\/p>\n<div class='cta-block'><div class='text'>Simulez votre prime d&rsquo;activit\u00e9 en 2 min. <\/div><a href='https:\/\/www.mes-allocs.fr\/ab-app?origin=guides\/wp-json\/wp\/v2\/posts\/11966' class='app-button fit'>Simulation gratuite<\/a><\/div>\n<p>&nbsp;<\/p>\n","protected":false},"excerpt":{"rendered":"<p>[Mis \u00e0 jour le 02\/04\/2026] La prime d&rsquo;activit\u00e9 est une aide sociale en vigueur depuis le 1er janvier 2016. Elle remplace ainsi le RSA activit\u00e9 et la prime pour l&#8217;emploi. Destin\u00e9e aux travailleurs ayant de faibles revenus, elle garantit un certain pouvoir d&rsquo;achat \u00e0 ceux qui en ont besoin. Les sapeurs-pompiers volontaires peuvent faire valoir [&hellip;]<\/p>\n","protected":false},"author":10,"featured_media":11969,"comment_status":"open","ping_status":"open","sticky":false,"template":"","format":"standard","meta":{"amp_status":"","footnotes":""},"categories":[20,3130],"tags":[],"class_list":["post-11966","post","type-post","status-publish","format-standard","has-post-thumbnail","hentry","category-prime-d-activite","category-prime-activite-conditions"],"yoast_head":"<!-- This site is optimized with the Yoast SEO plugin v14.9 - https:\/\/yoast.com\/wordpress\/plugins\/seo\/ -->\n<title>Prime d&#039;activit\u00e9 pompier volontaire : conditions, montant, d\u00e9marches en 2026<\/title>\n<meta name=\"description\" content=\"Les pompiers volontaires peuvent avoir la prime d&#039;activit\u00e9. D\u00e9couvrez si vous \u00eates \u00e9ligible en 2026 avec le simulateur Mes Allocs.\" \/>\n<meta name=\"robots\" content=\"index, follow, max-snippet:-1, max-image-preview:large, max-video-preview:-1\" \/>\n<link rel=\"canonical\" href=\"https:\/\/www.mes-allocs.fr\/guides\/prime-d-activite\/prime-activite-conditions\/prime-activite-pompier-volontaire\/\" \/>\n<meta property=\"og:locale\" content=\"fr_FR\" \/>\n<meta property=\"og:type\" content=\"article\" \/>\n<meta property=\"og:title\" content=\"Prime d&#039;activit\u00e9 pompier volontaire : conditions, montant, d\u00e9marches en 2026\" \/>\n<meta property=\"og:description\" content=\"Les pompiers volontaires peuvent avoir la prime d&#039;activit\u00e9. D\u00e9couvrez si vous \u00eates \u00e9ligible en 2026 avec le simulateur Mes Allocs.\" \/>\n<meta property=\"og:url\" content=\"https:\/\/www.mes-allocs.fr\/guides\/prime-d-activite\/prime-activite-conditions\/prime-activite-pompier-volontaire\/\" \/>\n<meta property=\"og:site_name\" content=\"Mes-Allocs.fr\" \/>\n<meta property=\"article:published_time\" content=\"2020-11-23T09:33:35+00:00\" \/>\n<meta property=\"article:modified_time\" content=\"2026-04-02T13:22:03+00:00\" \/>\n<meta property=\"og:image\" content=\"https:\/\/www.mes-allocs.fr\/guides\/wp-content\/uploads\/2020\/08\/Ambulance_VSAV71_des_pompiers_de_Paris-scaled-e1598287394510.jpg?wsr\" \/>\n\t<meta property=\"og:image:width\" content=\"2560\" \/>\n\t<meta property=\"og:image:height\" content=\"1024\" \/>\n<meta name=\"twitter:card\" content=\"summary_large_image\" \/>\n<script type=\"application\/ld+json\" class=\"yoast-schema-graph\">{\"@context\":\"https:\/\/schema.org\",\"@graph\":[{\"@type\":\"WebSite\",\"@id\":\"https:\/\/www.mes-allocs.fr\/guides\/#website\",\"url\":\"https:\/\/www.mes-allocs.fr\/guides\/\",\"name\":\"Mes-Allocs.fr\",\"description\":\"\",\"potentialAction\":[{\"@type\":\"SearchAction\",\"target\":\"https:\/\/www.mes-allocs.fr\/guides\/?s={search_term_string}\",\"query-input\":\"required name=search_term_string\"}],\"inLanguage\":\"fr-FR\"},{\"@type\":\"ImageObject\",\"@id\":\"https:\/\/www.mes-allocs.fr\/guides\/prime-d-activite\/prime-activite-conditions\/prime-activite-pompier-volontaire\/#primaryimage\",\"inLanguage\":\"fr-FR\",\"url\":\"https:\/\/www.mes-allocs.fr\/guides\/wp-content\/uploads\/2020\/08\/Ambulance_VSAV71_des_pompiers_de_Paris-scaled-e1598287394510.jpg?wsr\",\"width\":2560,\"height\":1024,\"caption\":\"Ambulance VSAV71 des pompiers de Paris scaled e1598287394510\"},{\"@type\":\"WebPage\",\"@id\":\"https:\/\/www.mes-allocs.fr\/guides\/prime-d-activite\/prime-activite-conditions\/prime-activite-pompier-volontaire\/#webpage\",\"url\":\"https:\/\/www.mes-allocs.fr\/guides\/prime-d-activite\/prime-activite-conditions\/prime-activite-pompier-volontaire\/\",\"name\":\"Prime d'activit\\u00e9 pompier volontaire : conditions, montant, d\\u00e9marches en 2026\",\"isPartOf\":{\"@id\":\"https:\/\/www.mes-allocs.fr\/guides\/#website\"},\"primaryImageOfPage\":{\"@id\":\"https:\/\/www.mes-allocs.fr\/guides\/prime-d-activite\/prime-activite-conditions\/prime-activite-pompier-volontaire\/#primaryimage\"},\"datePublished\":\"2020-11-23T09:33:35+00:00\",\"dateModified\":\"2026-04-02T13:22:03+00:00\",\"author\":{\"@id\":\"https:\/\/www.mes-allocs.fr\/guides\/#\/schema\/person\/8d47b912c0ad15f379df96b4e4e33f58\"},\"description\":\"Les pompiers volontaires peuvent avoir la prime d'activit\\u00e9. D\\u00e9couvrez si vous \\u00eates \\u00e9ligible en 2026 avec le simulateur Mes Allocs.\",\"inLanguage\":\"fr-FR\"},{\"@type\":\"Person\",\"@id\":\"https:\/\/www.mes-allocs.fr\/guides\/#\/schema\/person\/8d47b912c0ad15f379df96b4e4e33f58\",\"name\":\"Constance de Cagny\",\"image\":{\"@type\":\"ImageObject\",\"@id\":\"https:\/\/www.mes-allocs.fr\/guides\/#personlogo\",\"inLanguage\":\"fr-FR\",\"url\":\"https:\/\/www.mes-allocs.fr\/guides\/wp-content\/uploads\/2021\/06\/Constance.2e8ee0b.png\",\"caption\":\"Constance de Cagny\"},\"description\":\"Constance est r\\u00e9dactrice au sein de l'\\u00e9quipe Mes Allocs. Elle a l'habitude d'\\u00e9crire sur les sujets conso, bons plans et \\u00e9conomies. Dipl\\u00f4m\\u00e9e de l'ENACO, elle rejoint Mes Allocs apr\\u00e8s une premi\\u00e8re exp\\u00e9rience en cabinet notarial.\",\"sameAs\":[\"https:\/\/www.linkedin.com\/in\/constance-de-cagny-mayeur-bbb414135\"]}]}<\/script>\n<!-- \/ Yoast SEO plugin. -->","amp_validity":null,"acf":{"faq":{"1":{"question":"Quel est le salaire minimum pour toucher la prime d'activit\u00e9 ?","answer":"Pour avoir droit \u00e0 la prime d'activit\u00e9, les \u00e9tudiants salari\u00e9s ainsi que les apprentis doivent toucher pendant au moins trois mois, un salaire minimum de 1 104,25 euros net mensuel."},"2":{"question":"Quel est le plafond maximum pour toucher la prime d'activit\u00e9 ?","answer":"Son montant est calcul\u00e9 en fonction de la composition et des ressources du foyer. Le montant maximum est de 633,21 \u20ac pour une personne seule sans enfant, de 949,82 \u20ac pour une personne seule avec un enfant et de 1 139,78 \u20ac avec deux enfants."},"3":{"question":"Est-ce que les \u00e9tudiants ont droit \u00e0 la prime d'activit\u00e9 ?","answer":"Les \u00e9tudiants salari\u00e9s, les stagiaires et les apprentis de plus de 18 ans peuvent en b\u00e9n\u00e9ficier sous certaines conditions."},"4":{"question":"Quelle condition pour toucher la prime d'activit\u00e9 ?","answer":"Pour avoir droit \u00e0 la prime d'activit\u00e9, vous devez remplir l'ensemble des conditions suivantes : Avoir une activit\u00e9 professionnelle (salari\u00e9e ou non) et percevoir des revenus modestes. R\u00e9sider en France de mani\u00e8re stable et effective. \u00catre en s\u00e9jour r\u00e9gulier "},"5":{"question":"Comment faire une simulation Prime d'Activit\u00e9 ?","answer":"Le plus simple pour savoir si vous \u00eates \u00e9ligible \u00e0 la Prime d'Activit\u00e9 en fonction de vos revenus et de votre situation, est de faire la simulation gratuite de Mes Allocs."},"6":{"question":"","answer":""},"7":{"question":"","answer":""},"8":{"question":"","answer":""},"9":{"question":"","answer":""},"10":{"question":"","answer":""},"11":{"question":"","answer":""},"12":{"question":"","answer":""},"13":{"question":"","answer":""},"14":{"question":"","answer":""},"15":{"question":"","answer":""},"16":{"question":"","answer":""}}},"_links":{"self":[{"href":"https:\/\/www.mes-allocs.fr\/guides\/wp-json\/wp\/v2\/posts\/11966","targetHints":{"allow":["GET"]}}],"collection":[{"href":"https:\/\/www.mes-allocs.fr\/guides\/wp-json\/wp\/v2\/posts"}],"about":[{"href":"https:\/\/www.mes-allocs.fr\/guides\/wp-json\/wp\/v2\/types\/post"}],"author":[{"embeddable":true,"href":"https:\/\/www.mes-allocs.fr\/guides\/wp-json\/wp\/v2\/users\/10"}],"replies":[{"embeddable":true,"href":"https:\/\/www.mes-allocs.fr\/guides\/wp-json\/wp\/v2\/comments?post=11966"}],"version-history":[{"count":45,"href":"https:\/\/www.mes-allocs.fr\/guides\/wp-json\/wp\/v2\/posts\/11966\/revisions"}],"predecessor-version":[{"id":111379,"href":"https:\/\/www.mes-allocs.fr\/guides\/wp-json\/wp\/v2\/posts\/11966\/revisions\/111379"}],"wp:featuredmedia":[{"embeddable":true,"href":"https:\/\/www.mes-allocs.fr\/guides\/wp-json\/wp\/v2\/media\/11969"}],"wp:attachment":[{"href":"https:\/\/www.mes-allocs.fr\/guides\/wp-json\/wp\/v2\/media?parent=11966"}],"wp:term":[{"taxonomy":"category","embeddable":true,"href":"https:\/\/www.mes-allocs.fr\/guides\/wp-json\/wp\/v2\/categories?post=11966"},{"taxonomy":"post_tag","embeddable":true,"href":"https:\/\/www.mes-allocs.fr\/guides\/wp-json\/wp\/v2\/tags?post=11966"}],"curies":[{"name":"wp","href":"https:\/\/api.w.org\/{rel}","templated":true}]}}