{"id":11919,"date":"2020-08-24T16:01:46","date_gmt":"2020-08-24T16:01:46","guid":{"rendered":"https:\/\/www.mes-allocs.fr\/guides\/?p=11919"},"modified":"2026-04-02T14:16:42","modified_gmt":"2026-04-02T13:16:42","slug":"prime-activite-celibataire","status":"publish","type":"post","link":"https:\/\/www.mes-allocs.fr\/guides\/prime-d-activite\/prime-activite-conditions\/prime-activite-celibataire\/","title":{"rendered":"Prime d&rsquo;activit\u00e9 c\u00e9libataire 2026 : conditions, montant, d\u00e9marches"},"content":{"rendered":"<p><a href=\"https:\/\/www.mes-allocs.fr\/guides\/wp-content\/uploads\/2020\/08\/bench-1853961_1280.jpg\"><img loading=\"lazy\" decoding=\"async\" class=\"aligncenter wp-image-11924 size-full\" src=\"https:\/\/www.mes-allocs.fr\/guides\/wp-content\/uploads\/2020\/08\/bench-1853961_1280-e1685365190593.jpg\" alt=\"Prime d'activit\u00e9 c\u00e9libataire\" width=\"1280\" height=\"169\" srcset=\"https:\/\/www.mes-allocs.fr\/guides\/wp-content\/uploads\/2020\/08\/bench-1853961_1280-e1685365190593.jpg 1280w, https:\/\/www.mes-allocs.fr\/guides\/wp-content\/uploads\/2020\/08\/bench-1853961_1280-e1685365190593-300x40.jpg 300w, https:\/\/www.mes-allocs.fr\/guides\/wp-content\/uploads\/2020\/08\/bench-1853961_1280-e1685365190593-1024x135.jpg 1024w, https:\/\/www.mes-allocs.fr\/guides\/wp-content\/uploads\/2020\/08\/bench-1853961_1280-e1685365190593-768x101.jpg 768w, https:\/\/www.mes-allocs.fr\/guides\/wp-content\/uploads\/2020\/08\/bench-1853961_1280-e1685365190593-600x79.jpg 600w\" sizes=\"auto, (max-width: 1280px) 100vw, 1280px\" \/><\/a><\/p>\n<p style=\"text-align: justify;\"><span style=\"font-weight: 400;\">[Mis \u00e0 jour le 02\/04\/2026]<\/span> La <a href=\"https:\/\/www.mes-allocs.fr\/guides\/prime-d-activite\">prime d&rsquo;activit\u00e9<\/a> est un compl\u00e9ment de ressources pour les travailleurs ayant de faibles revenus. En vigueur depuis janvier 2016, elle remplace le RSA activit\u00e9 et la prime pour l&#8217;emploi. Accessible sous conditions de ressources, si vous avez 18 ans ou plus vous pouvez faire valoir vos droits \u00e0 la prime d&rsquo;activit\u00e9 ! Mes Allocs vous dit tout sur le montant et les conditions d&rsquo;attribution pour un c\u00e9libataire en 2026.<\/p>\n<div class='cta-block'><div class='text'>Simulez votre prime d&rsquo;activit\u00e9 en 2 min. <\/div><a href='https:\/\/www.mes-allocs.fr\/ab-app?origin=guides\/wp-json\/wp\/v2\/posts\/11919' class='app-button fit'>Simulation gratuite<\/a><\/div>\n<h1>Prime d&rsquo;activit\u00e9 c\u00e9libataire : conditions en 2026<\/h1>\n<p style=\"text-align: justify;\">La prime d&rsquo;activit\u00e9 est un compl\u00e9ment de ressources, en vigueur depuis le 1er janvier 2016. Elle a pour objectif de garantir un certain pouvoir d&rsquo;achat \u00e0 ceux qui ont de faibles revenus. Pour en b\u00e9n\u00e9ficier, vous devez respecter l&rsquo;int\u00e9gralit\u00e9 des conditions en vigueur. En effet, certaines conditions personnelle et professionnelle comptent dans le calcul de la prime.<\/p>\n<p style=\"text-align: justify;\">Un c\u00e9libataire, au m\u00eame titre que les couples mari\u00e9s ou pacs\u00e9s, peut faire valoir ses droits cette prestation sociale !<\/p>\n<p>Pour faire votre demande, vous devez vous adresser soit aupr\u00e8s de la CAF, soit de la <a href=\"https:\/\/www.msa.fr\/lfy\/prime-d-activite\">MSA<\/a>. Selon votre r\u00e9gime d&rsquo;affiliation.<\/p>\n<h2>Conditions d&rsquo;attribution personnelles<\/h2>\n<p>Que vous soyez c\u00e9libataire ou non, les conditions d&rsquo;attribution sont les m\u00eames pour tous. Ainsi les conditions personnelles \u00e0 respecter sont les suivantes :<\/p>\n<ul>\n<li>\u00c2g\u00e9e de plus de 18 ans<\/li>\n<li>Percevant des revenus tir\u00e9s d&rsquo;une activit\u00e9 professionnelle (salari\u00e9e,\u00a0fonctionnaire,\u00a0ind\u00e9pendante, etc.)<\/li>\n<li>R\u00e9sidant en France de mani\u00e8re\u00a0stable<\/li>\n<li>Fran\u00e7aise ou titulaire depuis au moins cinq ans d&rsquo;un titre de s\u00e9jour autorisant \u00e0 travailler. Sauf pour les ressortissants de l\u2019Espace \u00e9conomique europ\u00e9en et de la Suisse, les r\u00e9fugi\u00e9s et les personnes assimil\u00e9es.<\/li>\n<\/ul>\n<p>Notez que si vous \u00eates c\u00e9libataire et que vous percevez l&rsquo;AAH (allocation adulte handicap\u00e9). Vous pouvez faire valoir vos droits \u00e0 la prime d&rsquo;activit\u00e9. Vous devrez d\u00e9clarer votre AAH.<\/p>\n<p>&nbsp;<\/p>\n<p><iframe loading=\"lazy\" title=\"La prime d&#039;activit\u00e9\" width=\"500\" height=\"281\" src=\"https:\/\/www.youtube.com\/embed\/uavbovK5ZXc?feature=oembed\" frameborder=\"0\" allow=\"accelerometer; autoplay; clipboard-write; encrypted-media; gyroscope; picture-in-picture; web-share\" referrerpolicy=\"strict-origin-when-cross-origin\" allowfullscreen><\/iframe><\/p>\n<h2>Conditions d&rsquo;attribution li\u00e9es \u00e0 l&rsquo;activit\u00e9 professionnelle<\/h2>\n<p>Pour \u00eatre \u00e9ligible \u00e0 la prime d&rsquo;activit\u00e9, vous devez justifier d&rsquo;une activit\u00e9 professionnelle donc, g\u00e9n\u00e9rer des revenus.<\/p>\n<p>Vous pouvez b\u00e9n\u00e9ficier de la prime si vous \u00eates :<\/p>\n<ul>\n<li>salari\u00e9<\/li>\n<li>travailleur ind\u00e9pendant<\/li>\n<li>travailleur handicap\u00e9<\/li>\n<li>exploitant agricole<\/li>\n<li>\u00e9tudiant, stagiaire et apprenti qui gagnent plus de 1 117,26 \u20ac<\/li>\n<\/ul>\n<p><b>Attention<\/b> : vous devez justifier de 3 mois de revenus cons\u00e9cutifs les mois pr\u00e9c\u00e9dent votre demande de prime d&rsquo;activit\u00e9<\/p>\n<p>&nbsp;<\/p>\n<div class='cta-block'><div class='text'>Simulez votre prime d&rsquo;activit\u00e9 en 2 min. <\/div><a href='https:\/\/www.mes-allocs.fr\/ab-app?origin=guides\/wp-json\/wp\/v2\/posts\/11919' class='app-button fit'>Simulation gratuite<\/a><\/div>\n<p>&nbsp;<\/p>\n<h1>Prime d&rsquo;activit\u00e9 c\u00e9libataire : quels montants en 2026 ?<\/h1>\n<h2>Plafonds de ressources de la prime d&rsquo;activit\u00e9<\/h2>\n<p>Des plafonds de ressources\/revenus sont \u00e0 respecter pour \u00eatre \u00e9ligible. Si vos revenus d\u00e9passent le seuil en vigueur, vous ne pourrez pas faire valoir vos droits. Ces plafonds varient selon la situation de chacun.<\/p>\n<h2>M\u00e9thode de calcul de la prime d&rsquo;activit\u00e9<\/h2>\n<h3>Ressources prises en compte dans le calcul de la prime d&rsquo;activit\u00e9<\/h3>\n<p>Le calcul de la prime d&rsquo;activit\u00e9 tient compte de plusieurs ressources que vous percevez et d&rsquo;informations concernant votre situation personnelle.<\/p>\n<ul>\n<li>la composition du foyer (c\u00e9libataire, en couple, avec ou sans enfant \u00e0 charge)<\/li>\n<li>les revenus du foyer<\/li>\n<li>les allocations logement (Aide personnalis\u00e9e au logement, allocation de logement familiale,\u00a0allocation de logement sociale)<\/li>\n<li>l\u2019allocation aux adultes handicap\u00e9s (AAH)<\/li>\n<li>les allocations familiales<\/li>\n<li>la\u00a0prestation d\u2019accueil du jeune enfant (Paje)<\/li>\n<li>les pensions de retraite<\/li>\n<li>les\u00a0indemnit\u00e9s ch\u00f4mage<\/li>\n<li>l\u2019allocation de soutien familial<\/li>\n<\/ul>\n<p>Les allocations de logement (ALF, ALS, APL). Ou les avantages en nature dont vous b\u00e9n\u00e9ficiez, tels qu\u2019un logement gratuit ou si vous \u00eates propri\u00e9taire, compte pour le calcul. Et sont \u00e9valu\u00e9s tous les mois en fonction de la composition de votre foyer :<\/p>\n\n<div class=\"wpdt-c row wpDataTableContainerSimpleTable wpDataTables wpDataTablesWrapper\n\"\n    >\n    <table id=\"wpdtSimpleTable-554\"\n           class=\"wpdtSimpleTable wpDataTable\"\n           data-column=\"2\"\n           data-rows=\"4\"\n           data-wpID=\"554\"\n           data-responsive=\"0\"\n           data-has-header=\"1\">\n\n                    <thead>        <tr class=\"wpdt-cell-row \" >\n                            <th class=\"wpdt-cell wpdt-bc-F3F9FE\"\n                                    data-cell-id=\"A1\"\n                data-col-index=\"0\"\n                data-row-index=\"0\"\n                style=\" width:48.571428571429%;                padding:10px;\"\n                >\n                                Nombre de personnes dans le foyer                <\/th>\n                                            <th class=\"wpdt-cell wpdt-bc-F3F9FE\"\n                                    data-cell-id=\"B1\"\n                data-col-index=\"1\"\n                data-row-index=\"0\"\n                style=\" width:51.428571428571%;                padding:10px;\"\n                >\n                                Forfait logement                <\/th>\n                                        <\/tr>\n                    <tbody>        <tr class=\"wpdt-cell-row \" >\n                            <td class=\"wpdt-cell wpdt-bc-F3F9FE\"\n                                    data-cell-id=\"A2\"\n                data-col-index=\"0\"\n                data-row-index=\"1\"\n                style=\"                padding:10px;\"\n                >\n                                1                <\/td>\n                                            <td class=\"wpdt-cell wpdt-bc-F3F9FE\"\n                                    data-cell-id=\"B2\"\n                data-col-index=\"1\"\n                data-row-index=\"1\"\n                style=\"                padding:10px;\"\n                >\n                                76,59\u20ac                <\/td>\n                                        <\/tr>\n                            <tr class=\"wpdt-cell-row \" >\n                            <td class=\"wpdt-cell wpdt-bc-F3F9FE\"\n                                    data-cell-id=\"A3\"\n                data-col-index=\"0\"\n                data-row-index=\"2\"\n                style=\"                padding:10px;\"\n                >\n                                2                <\/td>\n                                            <td class=\"wpdt-cell wpdt-bc-F3F9FE\"\n                                    data-cell-id=\"B3\"\n                data-col-index=\"1\"\n                data-row-index=\"2\"\n                style=\"                padding:10px;\"\n                >\n                                153,19 \u20ac                <\/td>\n                                        <\/tr>\n                            <tr class=\"wpdt-cell-row \" >\n                            <td class=\"wpdt-cell wpdt-bc-F3F9FE\"\n                                    data-cell-id=\"A4\"\n                data-col-index=\"0\"\n                data-row-index=\"3\"\n                style=\"                padding:10px;\"\n                >\n                                3 ou plus                <\/td>\n                                            <td class=\"wpdt-cell wpdt-bc-F3F9FE\"\n                                    data-cell-id=\"B4\"\n                data-col-index=\"1\"\n                data-row-index=\"3\"\n                style=\"                padding:10px;\"\n                >\n                                189,57 \u20ac                <\/td>\n                                        <\/tr>\n                    <\/table>\n<\/div><style id='wpdt-custom-style-554'>\ntable#wpdtSimpleTable-554{ table-layout: fixed !important; }\n.wpdt-bc-F3F9FE { background-color: #F3F9FE !important;}\n<\/style>\n\n<p>&nbsp;<\/p>\n<div>\n<p align=\"justify\"><em>Exemple : une personne seule sans enfant per\u00e7oit un salaire de 1400\u20ac et des APL. Sa prime d\u2019activit\u00e9 sera calcul\u00e9e ainsi : <span style=\"font-weight: 400;\"> <strong>638,28 \u20ac<\/strong><\/span>(montant forfaitaire) + 854 (59,85% des revenus) + 184,27 (bonification individuelle) \u2013 77,58 (forfait logement) \u2013 1400 (ressources du foyers) = <b>193,9<\/b>\u00a0\u20ac<\/em>.<\/p>\n<\/div>\n<h3>Formule de calcul<\/h3>\n<ul>\n<li><strong>Montant forfaitaire<\/strong>\u00a0: montant d\u00e9termin\u00e9 selon la composition du foyer (couple ou personne seule, nombre d\u2019enfants)<\/li>\n<li><strong>59,85\u2009% des revenus professionnels<\/strong> depuis le 1er octobre 2018<\/li>\n<li><strong>Bonifications<\/strong> : suppl\u00e9ment accord\u00e9 selon le niveau de revenus d\u2019activit\u00e9.<\/li>\n<li><strong>Ressources du foyer<\/strong><\/li>\n<li><strong>Forfait logement<\/strong><\/li>\n<\/ul>\n<p style=\"text-align: center;\"><em><strong>Prime d&rsquo;activit\u00e9 = (montant forfaitaire + 59,85\u2009% des revenus professionnel + bonification) &#8211; ressources du foyer &#8211; forfait logement<\/strong><\/em><\/p>\n<p>Vous pouvez faire une simulation gratuite de vos droits avec Mes Allocs, en deux minutes, vous aurez une estimation fiable !<\/p>\n<h2>Majoration de la prime d&rsquo;activit\u00e9<\/h2>\n<p>Si vous \u00eates c\u00e9libataire sans enfants \u00e0 charge, la prime d&rsquo;activit\u00e9 n&rsquo;est pas major\u00e9e.<\/p>\n<p>Si vous \u00eates parent isol\u00e9 (c\u00e9libataire, divorc\u00e9, s\u00e9par\u00e9, veuf) avec des enfants \u00e0 charge, le montant forfaitaire de la Prime d&rsquo;activit\u00e9 est major\u00e9:<\/p>\n<ul class=\"c-news-detail__content-list\">\n<li>De 128,412 % en pr\u00e9sence d&rsquo;un enfant.<\/li>\n<li>De 42,804 % pour chaque enfant suppl\u00e9mentaire.<\/li>\n<\/ul>\n<p>Attention : la majoration de la prime d&rsquo;activit\u00e9 pour parent isol\u00e9 est accord\u00e9e pour une dur\u00e9e maximum de 12 mois. Continus ou non, au cours des 18 mois suivant l&rsquo;\u00e9v\u00e9nement suivant. La d\u00e9claration de grossesse, la naissance d&rsquo;un enfant, la prise en charge d&rsquo;un enfant, la s\u00e9paration ou le veuvage.<\/p>\n<h1>Versement de la prime d&rsquo;activit\u00e9 pour un c\u00e9libataire<\/h1>\n<p>Aujourd&rsquo;hui, les demandes sont enti\u00e8rement d\u00e9mat\u00e9rialis\u00e9es, vous devez donc vous rendre sur le site de la CAF ou de la MSA. Si elle vous est accord\u00e9e, la prime d&rsquo;activit\u00e9 vous est vers\u00e9e \u00e0 montant fixe pendant 3 mois. Notez que vos droits restent inchang\u00e9s pendant ce temps m\u00eame en cas de changement de situation (couple, mariage, etc). Mais ils seront recalcul\u00e9s pour le trimestre suivant.<\/p>\n<p>Une fois les 3 mois \u00e9coul\u00e9s, vous devrez faire votre d\u00e9claration trimestrielle de ressources aupr\u00e8s de votre organisme comp\u00e9tent. En effet, la CAF, ou la MSA, peuvent r\u00e9examiner vos droits et les r\u00e9ajuster au besoin. Vous devez donc v\u00e9rifier les informations inscrites sur votre d\u00e9claration de ressources, les corriger au besoin.<\/p>\n<p data-start=\"0\" data-end=\"164\">Depuis le 1\u1d49\u02b3 mars 2025, la d\u00e9claration trimestrielle de l<strong>a prime d\u2019activit\u00e9 devient pr\u00e9-remplie<\/strong>, ce qui simplifie le processus. La CAF reprend automatiquement certaines informations \u00e0 partir des revenus d\u00e9clar\u00e9s auparavant, r\u00e9duisant ainsi les erreurs et acc\u00e9l\u00e9rant le traitement de votre demande. Toutefois, il reste important de v\u00e9rifier et de valider les informations pour \u00e9viter toute erreur qui pourrait affecter le montant de l\u2019aide.<\/p>\n<p data-start=\"0\" data-end=\"164\">Depuis mars 2025, la p\u00e9riode \u00e0 d\u00e9clarer correspond aux tr<strong>ois mois pr\u00e9c\u00e9dant la demande : par exemple, en mars, vous devez d\u00e9clarer vos revenus des mois de novembre, d\u00e9cembre et janvier (et non plus d\u00e9cembre, janvier, f\u00e9vrier)<\/strong>. Cette nouvelle organisation facilite la gestion de votre dossier et rend la d\u00e9claration plus pr\u00e9cise.<\/p>\n<p>Attention : Vous devez obligatoirement signaler tout changement de situation familiale (naissance, mariage, etc.). Si ce n&rsquo;est pas le cas, la CAF peut vous retirer les versements et vous demander un remboursement du trop-per\u00e7u.<\/p>\n<p>Vous pouvez faire une simulation de vos droits avec Mes Allocs. Et mieux encore, vous pouvez souscrire au service d&rsquo;accompagnement. Un expert d\u00e9di\u00e9 r\u00e9pondra \u00e0 toutes vos questions, et vous accompagnera dans vos d\u00e9marches administratives.<\/p>\n<p>&nbsp;<\/p>\n<div class='cta-block'><div class='text'>Simulez votre prime d&rsquo;activit\u00e9 en 2 min. <\/div><a href='https:\/\/www.mes-allocs.fr\/ab-app?origin=guides\/wp-json\/wp\/v2\/posts\/11919' class='app-button fit'>Simulation gratuite<\/a><\/div>\n","protected":false},"excerpt":{"rendered":"<p>[Mis \u00e0 jour le 02\/04\/2026] La prime d&rsquo;activit\u00e9 est un compl\u00e9ment de ressources pour les travailleurs ayant de faibles revenus. En vigueur depuis janvier 2016, elle remplace le RSA activit\u00e9 et la prime pour l&#8217;emploi. Accessible sous conditions de ressources, si vous avez 18 ans ou plus vous pouvez faire valoir vos droits \u00e0 la [&hellip;]<\/p>\n","protected":false},"author":9,"featured_media":11924,"comment_status":"open","ping_status":"open","sticky":false,"template":"","format":"standard","meta":{"amp_status":"","footnotes":""},"categories":[20,3130],"tags":[],"class_list":["post-11919","post","type-post","status-publish","format-standard","has-post-thumbnail","hentry","category-prime-d-activite","category-prime-activite-conditions"],"yoast_head":"<!-- This site is optimized with the Yoast SEO plugin v14.9 - https:\/\/yoast.com\/wordpress\/plugins\/seo\/ -->\n<title>Prime d&#039;activit\u00e9 c\u00e9libataire 2026 : conditions, montant, d\u00e9marches<\/title>\n<meta name=\"description\" content=\"Les personnes c\u00e9libataires peuvent avoir la prime d&#039;activit\u00e9. Vous \u00eates c\u00e9libataire ? D\u00e9couvrez votre \u00e9gibilit\u00e9 2026 avec notre simulateur.\" \/>\n<meta name=\"robots\" content=\"index, follow, max-snippet:-1, max-image-preview:large, max-video-preview:-1\" \/>\n<link rel=\"canonical\" href=\"https:\/\/www.mes-allocs.fr\/guides\/prime-d-activite\/prime-activite-conditions\/prime-activite-celibataire\/\" \/>\n<meta property=\"og:locale\" content=\"fr_FR\" \/>\n<meta property=\"og:type\" content=\"article\" \/>\n<meta property=\"og:title\" content=\"Prime d&#039;activit\u00e9 c\u00e9libataire 2026 : conditions, montant, d\u00e9marches\" \/>\n<meta property=\"og:description\" content=\"Les personnes c\u00e9libataires peuvent avoir la prime d&#039;activit\u00e9. Vous \u00eates c\u00e9libataire ? D\u00e9couvrez votre \u00e9gibilit\u00e9 2026 avec notre simulateur.\" \/>\n<meta property=\"og:url\" content=\"https:\/\/www.mes-allocs.fr\/guides\/prime-d-activite\/prime-activite-conditions\/prime-activite-celibataire\/\" \/>\n<meta property=\"og:site_name\" content=\"Mes-Allocs.fr\" \/>\n<meta property=\"article:published_time\" content=\"2020-08-24T16:01:46+00:00\" \/>\n<meta property=\"article:modified_time\" content=\"2026-04-02T13:16:42+00:00\" \/>\n<meta property=\"og:image\" content=\"https:\/\/www.mes-allocs.fr\/guides\/wp-content\/uploads\/2020\/08\/bench-1853961_1280-e1685365190593.jpg?wsr\" \/>\n\t<meta property=\"og:image:width\" content=\"1280\" \/>\n\t<meta property=\"og:image:height\" content=\"169\" \/>\n<meta name=\"twitter:card\" content=\"summary_large_image\" \/>\n<script type=\"application\/ld+json\" class=\"yoast-schema-graph\">{\"@context\":\"https:\/\/schema.org\",\"@graph\":[{\"@type\":\"WebSite\",\"@id\":\"https:\/\/www.mes-allocs.fr\/guides\/#website\",\"url\":\"https:\/\/www.mes-allocs.fr\/guides\/\",\"name\":\"Mes-Allocs.fr\",\"description\":\"\",\"potentialAction\":[{\"@type\":\"SearchAction\",\"target\":\"https:\/\/www.mes-allocs.fr\/guides\/?s={search_term_string}\",\"query-input\":\"required name=search_term_string\"}],\"inLanguage\":\"fr-FR\"},{\"@type\":\"ImageObject\",\"@id\":\"https:\/\/www.mes-allocs.fr\/guides\/prime-d-activite\/prime-activite-conditions\/prime-activite-celibataire\/#primaryimage\",\"inLanguage\":\"fr-FR\",\"url\":\"https:\/\/www.mes-allocs.fr\/guides\/wp-content\/uploads\/2020\/08\/bench-1853961_1280-e1685365190593.jpg?wsr\",\"width\":1280,\"height\":169,\"caption\":\"bench 1853961 1280 e1598258168212\"},{\"@type\":\"WebPage\",\"@id\":\"https:\/\/www.mes-allocs.fr\/guides\/prime-d-activite\/prime-activite-conditions\/prime-activite-celibataire\/#webpage\",\"url\":\"https:\/\/www.mes-allocs.fr\/guides\/prime-d-activite\/prime-activite-conditions\/prime-activite-celibataire\/\",\"name\":\"Prime d'activit\\u00e9 c\\u00e9libataire 2026 : conditions, montant, d\\u00e9marches\",\"isPartOf\":{\"@id\":\"https:\/\/www.mes-allocs.fr\/guides\/#website\"},\"primaryImageOfPage\":{\"@id\":\"https:\/\/www.mes-allocs.fr\/guides\/prime-d-activite\/prime-activite-conditions\/prime-activite-celibataire\/#primaryimage\"},\"datePublished\":\"2020-08-24T16:01:46+00:00\",\"dateModified\":\"2026-04-02T13:16:42+00:00\",\"author\":{\"@id\":\"https:\/\/www.mes-allocs.fr\/guides\/#\/schema\/person\/e4e762c89158b34a332446d26f02fd56\"},\"description\":\"Les personnes c\\u00e9libataires peuvent avoir la prime d'activit\\u00e9. Vous \\u00eates c\\u00e9libataire ? D\\u00e9couvrez votre \\u00e9gibilit\\u00e9 2026 avec notre simulateur.\",\"inLanguage\":\"fr-FR\"},{\"@type\":\"Person\",\"@id\":\"https:\/\/www.mes-allocs.fr\/guides\/#\/schema\/person\/e4e762c89158b34a332446d26f02fd56\",\"name\":\"Marylou\",\"image\":{\"@type\":\"ImageObject\",\"@id\":\"https:\/\/www.mes-allocs.fr\/guides\/#personlogo\",\"inLanguage\":\"fr-FR\",\"url\":\"https:\/\/www.mes-allocs.fr\/guides\/wp-content\/uploads\/2021\/06\/marylou-150x150.png\",\"caption\":\"Marylou\"},\"description\":\"Marylou est r\\u00e9dactrice au sein de l'\\u00e9quipe Mes Allocs, sp\\u00e9cialiste des sujets de soci\\u00e9t\\u00e9 en g\\u00e9n\\u00e9ral. Dipl\\u00f4m\\u00e9e de l'Institut Sup\\u00e9rieur de Formation au Journalisme, elle rejoint Mes Allocs apr\\u00e8s cr\\u00e9\\u00e9 son premier blog personnel.\",\"sameAs\":[\"https:\/\/www.linkedin.com\/in\/marylou-pr\\u00e9vost\"]}]}<\/script>\n<!-- \/ Yoast SEO plugin. -->","amp_validity":null,"acf":{"faq":{"1":{"question":"Qui peut b\u00e9n\u00e9ficier de la prime d'activit\u00e9 ?","answer":"La prime d'activit\u00e9 est accessible pour les personnes dont les revenus sont inf\u00e9rieur \u00e0 1,5 Smic, soit environ 2.000 euros pour une personne seule sans enfant."},"2":{"question":"Quel est le salaire minimum pour toucher la prime d'activit\u00e9 ?","answer":"Le montant minimum de revenus professionnels par mois requis sur les trois mois de r\u00e9f\u00e9rence servant au calcul de la prime est fix\u00e9 \u00e0 638,28 euros de salaire mensuel moyen"},"3":{"question":"Est-ce qu'un c\u00e9libataire pour faire une demande de prime d'activit\u00e9 ? ","answer":"Une personne c\u00e9libataire au m\u00eame titre que les personnes en couple peuvent faire valoir leurs droits \u00e0 la prime d'activit\u00e9."},"4":{"question":"Quel est le montant de la prime d'activit\u00e9 ?","answer":"Le montant de base de la prime est de 638,28 euros par mois pour une personne seule. Il varie selon les revenus de l'ensemble du foyer du b\u00e9n\u00e9ficiaire. "},"5":{"question":"A quelle date la prime d'activit\u00e9 est-elle vers\u00e9e ?","answer":"La prime d'activit\u00e9 est vers\u00e9e le 5 de chaque mois. Pour une demande avant le 25 aout, vous aurez le premier versement le 5 septembre."},"6":{"question":"Quelles sont les conditions d\u2019attribution de la prime d'activit\u00e9 ? ","answer":"Pour b\u00e9n\u00e9ficier de la prime d'activit\u00e9 vous devez avoir 18 ans ou plus, percevoir des revenus professionnels et vivre en France de mani\u00e8re stable. "},"7":{"question":"","answer":""},"8":{"question":"","answer":""},"9":{"question":"","answer":""},"10":{"question":"","answer":""},"11":{"question":"","answer":""},"12":{"question":"","answer":""},"13":{"question":"","answer":""},"14":{"question":"","answer":""},"15":{"question":"","answer":""},"16":{"question":"","answer":""}}},"_links":{"self":[{"href":"https:\/\/www.mes-allocs.fr\/guides\/wp-json\/wp\/v2\/posts\/11919","targetHints":{"allow":["GET"]}}],"collection":[{"href":"https:\/\/www.mes-allocs.fr\/guides\/wp-json\/wp\/v2\/posts"}],"about":[{"href":"https:\/\/www.mes-allocs.fr\/guides\/wp-json\/wp\/v2\/types\/post"}],"author":[{"embeddable":true,"href":"https:\/\/www.mes-allocs.fr\/guides\/wp-json\/wp\/v2\/users\/9"}],"replies":[{"embeddable":true,"href":"https:\/\/www.mes-allocs.fr\/guides\/wp-json\/wp\/v2\/comments?post=11919"}],"version-history":[{"count":43,"href":"https:\/\/www.mes-allocs.fr\/guides\/wp-json\/wp\/v2\/posts\/11919\/revisions"}],"predecessor-version":[{"id":111373,"href":"https:\/\/www.mes-allocs.fr\/guides\/wp-json\/wp\/v2\/posts\/11919\/revisions\/111373"}],"wp:featuredmedia":[{"embeddable":true,"href":"https:\/\/www.mes-allocs.fr\/guides\/wp-json\/wp\/v2\/media\/11924"}],"wp:attachment":[{"href":"https:\/\/www.mes-allocs.fr\/guides\/wp-json\/wp\/v2\/media?parent=11919"}],"wp:term":[{"taxonomy":"category","embeddable":true,"href":"https:\/\/www.mes-allocs.fr\/guides\/wp-json\/wp\/v2\/categories?post=11919"},{"taxonomy":"post_tag","embeddable":true,"href":"https:\/\/www.mes-allocs.fr\/guides\/wp-json\/wp\/v2\/tags?post=11919"}],"curies":[{"name":"wp","href":"https:\/\/api.w.org\/{rel}","templated":true}]}}