{"id":11595,"date":"2020-08-27T09:08:29","date_gmt":"2020-08-27T09:08:29","guid":{"rendered":"https:\/\/www.mes-allocs.fr\/guides\/?p=11595"},"modified":"2026-02-23T16:44:32","modified_gmt":"2026-02-23T15:44:32","slug":"allocation-rentree-scolaire-lycee","status":"publish","type":"post","link":"https:\/\/www.mes-allocs.fr\/guides\/allocations-familiales\/allocation-rentree-scolaire\/allocation-rentree-scolaire-conditions\/allocation-rentree-scolaire-lycee\/","title":{"rendered":"Allocation rentr\u00e9e scolaire pour lyc\u00e9en : comment \u00e7a marche ?"},"content":{"rendered":"<div class=\"brs_col\">\n<div class=\"brs_col\">\n<p style=\"text-align: justify;\"><img loading=\"lazy\" decoding=\"async\" class=\"aligncenter wp-image-11851 \" src=\"https:\/\/www.mes-allocs.fr\/guides\/wp-content\/uploads\/2020\/08\/Existe-t-il-une-allocation-rentre\u0301e-scolaire-pour-les-lyce\u0301ens-w-e1598133545186.jpg\" alt=\"Existe-t-il une allocation rentre\u0301e scolaire pour les lyce\u0301ens ?w\" width=\"1369\" height=\"308\" srcset=\"https:\/\/www.mes-allocs.fr\/guides\/wp-content\/uploads\/2020\/08\/Existe-t-il-une-allocation-rentre\u0301e-scolaire-pour-les-lyce\u0301ens-w-e1598133545186.jpg 1280w, https:\/\/www.mes-allocs.fr\/guides\/wp-content\/uploads\/2020\/08\/Existe-t-il-une-allocation-rentre\u0301e-scolaire-pour-les-lyce\u0301ens-w-e1598133545186-300x68.jpg 300w, https:\/\/www.mes-allocs.fr\/guides\/wp-content\/uploads\/2020\/08\/Existe-t-il-une-allocation-rentre\u0301e-scolaire-pour-les-lyce\u0301ens-w-e1598133545186-1024x230.jpg 1024w, https:\/\/www.mes-allocs.fr\/guides\/wp-content\/uploads\/2020\/08\/Existe-t-il-une-allocation-rentre\u0301e-scolaire-pour-les-lyce\u0301ens-w-e1598133545186-768x173.jpg 768w, https:\/\/www.mes-allocs.fr\/guides\/wp-content\/uploads\/2020\/08\/Existe-t-il-une-allocation-rentre\u0301e-scolaire-pour-les-lyce\u0301ens-w-e1598133545186-600x135.jpg 600w\" sizes=\"auto, (max-width: 1369px) 100vw, 1369px\" \/><\/p>\n<\/div>\n<div class=\"brs_col\">\n<div class=\"main-article__texte texte--editorial crayon article-texte-376110 \">\n<div class=\"divider\">\n<div class=\"divider\">\n<p>[Mis \u00e0 jour le 23\/02\/2026] L\u2019ARS (allocation de rentr\u00e9e scolaire) est vers\u00e9e en ao\u00fbt \u00e0 tous les parents ou tuteurs qui ont des enfants. Cette aide vous permet de couvrir les frais li\u00e9s \u00e0 la rentr\u00e9e mais avec un enfant au lyc\u00e9e et selon son \u00e2ge, certaines d\u00e9marches sont \u00e0 effectuer en amont de la r\u00e9ception de l\u2019aide. Dans cet article, d\u00e9couvrez les <a href=\"https:\/\/www.mes-allocs.fr\/guides\/allocations-familiales\/allocation-rentree-scolaire\/allocation-rentree-scolaire-conditions\/\">conditions de l\u2019allocation de rentr\u00e9e scolaire<\/a> et comment b\u00e9n\u00e9ficier de l&rsquo;<strong>ARS<\/strong> <b>au lyc\u00e9e<\/b>.<\/p>\n<p class=\"p1\"><div class='cta-block'><div class='text'>Simulez toutes vos Aides en 2 min.<\/div><a href='https:\/\/www.mes-allocs.fr\/ab-app?origin=guides\/wp-json\/wp\/v2\/posts\/11595' class='app-button fit'>Simulation gratuite<\/a><\/div><\/p>\n<h1>Qu\u2019est-ce que l\u2019allocation de rentr\u00e9e scolaire pour un lyc\u00e9en en 2026 ?<\/h1>\n<p>L\u2019allocation de rentr\u00e9e scolaire (ARS) est une <b>aide que l\u2019\u00c9tat<\/b> vous verse, sous conditions, pour vous aider \u00e0 couvrir les d\u00e9penses li\u00e9es \u00e0 la rentr\u00e9e scolaire de votre enfant au lyc\u00e9e. Cette allocation est vers\u00e9e\u00a0directement par la CAF ou la MSA et elle est revaloris\u00e9e chaque ann\u00e9e pour prendre en compte l\u2019inflation et les besoins des familles. L&rsquo;<a href=\"https:\/\/www.mes-allocs.fr\/guides\/allocations-familiales\/allocation-rentree-scolaire\/allocation-rentree-scolaire-conditions\/age-allocation-rentree-scolaire\/\">\u00e2ge de votre enfant est le premier crit\u00e8re d&rsquo;\u00e9ligibilit\u00e9 \u00e0 l&rsquo;ARS<\/a> et bonne nouvelle : vous pouvez b\u00e9n\u00e9ficier de l&rsquo;aide si votre enfant est \u00e2g\u00e9 <b>de 15 \u00e0 18 ans<\/b>, inscrit au lyc\u00e9e, en apprentissage ou pris en charge dans un \u00e9tablissement sp\u00e9cialis\u00e9.<\/p>\n<h1>Quel est le montant de l\u2019ARS pour une rentr\u00e9e scolaire au lyc\u00e9e en 2026 ?<\/h1>\n<h2>Combien allez-vous recevoir pour un enfant lyc\u00e9en en 2026 ?<\/h2>\n<p>Pour la rentr\u00e9e scolaire 2026, vous recevrez <strong>462,03<\/strong><b>\u00a0\u20ac<\/b> par enfant au lyc\u00e9e \u00e2g\u00e9 de <b>15 \u00e0 18 ans.<\/b> Ce montant est vers\u00e9 sous conditions de ressources par les organismes comp\u00e9tents (CAF ou MSA). De plus, si vous avez plusieurs enfants \u00e9ligibles, la somme est multipli\u00e9e par le nombre d\u2019enfants concern\u00e9s.<\/p>\n<div class='shortcode tips'><div class='title'>Exemple<\/div><div class='content'>Si vous avez <b>2 enfants au lyc\u00e9e<\/b> \u00e2g\u00e9s de 16 et 17 ans au 31 d\u00e9cembre, vous recevrez pour la rentr\u00e9e scolaire 2025 une allocation de <b>924,06 \u20ac<\/b> (462,03 \u20ac x 2) de la part de la CAF ou de la MSA, sous r\u00e9serve de respecter les plafonds de ressources. <\/div><\/div>\n<h2>Le montant de l\u2019ARS varie-t-il selon l\u2019\u00e2ge ou le niveau scolaire ?<\/h2>\n<p>Le montant de l\u2019allocation de rentr\u00e9e scolaire varie <b>selon l\u2019\u00e2ge<\/b> de votre enfant au 31 d\u00e9cembre de l\u2019ann\u00e9e en cours. Pour la rentr\u00e9e 2026, les montants sont les suivants :<\/p>\n\n<div class=\"wpdt-c row wpDataTableContainerSimpleTable wpDataTables wpDataTablesWrapper\n\"\n    >\n    <table id=\"wpdtSimpleTable-16\"\n           class=\"wpdtSimpleTable wpDataTable\"\n           data-column=\"2\"\n           data-rows=\"4\"\n           data-wpID=\"16\"\n           data-responsive=\"0\"\n           data-has-header=\"1\">\n\n                    <thead>        <tr class=\"wpdt-cell-row \" >\n                            <th class=\"wpdt-cell wpdt-bc-F3F9FE wpdt-bold\"\n                                    data-cell-id=\"A1\"\n                data-col-index=\"0\"\n                data-row-index=\"0\"\n                style=\" width:48.571428571429%;                padding:10px;\"\n                >\n                                \u00c2ge de l'enfant                <\/th>\n                                            <th class=\"wpdt-cell wpdt-bc-F3F9FE wpdt-bold\"\n                                    data-cell-id=\"B1\"\n                data-col-index=\"1\"\n                data-row-index=\"0\"\n                style=\" width:51.428571428571%;                padding:10px;\"\n                >\n                                Montant de l'ARS                <\/th>\n                                        <\/tr>\n                    <tbody>        <tr class=\"wpdt-cell-row \" >\n                            <td class=\"wpdt-cell \"\n                                    data-cell-id=\"A2\"\n                data-col-index=\"0\"\n                data-row-index=\"1\"\n                style=\"                padding:10px;\"\n                >\n                                6 \u00e0 10 ans                <\/td>\n                                            <td class=\"wpdt-cell \"\n                                    data-cell-id=\"B2\"\n                data-col-index=\"1\"\n                data-row-index=\"1\"\n                style=\"                padding:10px;\"\n                >\n                                423,05 \u20ac                <\/td>\n                                        <\/tr>\n                            <tr class=\"wpdt-cell-row \" >\n                            <td class=\"wpdt-cell \"\n                                    data-cell-id=\"A3\"\n                data-col-index=\"0\"\n                data-row-index=\"2\"\n                style=\"                padding:10px;\"\n                >\n                                11 \u00e0 14 ans                <\/td>\n                                            <td class=\"wpdt-cell \"\n                                    data-cell-id=\"B3\"\n                data-col-index=\"1\"\n                data-row-index=\"2\"\n                style=\"                padding:10px;\"\n                >\n                                446,15 \u20ac                <\/td>\n                                        <\/tr>\n                            <tr class=\"wpdt-cell-row \" >\n                            <td class=\"wpdt-cell \"\n                                    data-cell-id=\"A4\"\n                data-col-index=\"0\"\n                data-row-index=\"3\"\n                style=\"                padding:10px;\"\n                >\n                                15 \u00e0 18 ans                <\/td>\n                                            <td class=\"wpdt-cell \"\n                                    data-cell-id=\"B4\"\n                data-col-index=\"1\"\n                data-row-index=\"3\"\n                style=\"                padding:10px;\"\n                >\n                                462,03 \u20ac                <\/td>\n                                        <\/tr>\n                    <\/table>\n<\/div><style id='wpdt-custom-style-16'>\ntable#wpdtSimpleTable-16{ table-layout: fixed !important; }\n.wpdt-bc-F3F9FE { background-color: #F3F9FE !important;}\n<\/style>\n\n<p>Cette variation s\u2019explique par le fait que les besoins des \u00e9l\u00e8ves, dont les lyc\u00e9ens, augmentent g\u00e9n\u00e9ralement avec l\u2019\u00e2ge. Ainsi, les d\u00e9penses pour les \u00e9l\u00e8ves aux lyc\u00e9es sont souvent plus importantes que pour les enfants qui sont plus jeunes.<\/p>\n<h1>Quelles sont les conditions pour toucher l\u2019ARS pour une rentr\u00e9e au lyc\u00e9e en 2026 ?<\/h1>\n<p>Pour b\u00e9n\u00e9ficier de l&rsquo;allocation de rentr\u00e9e scolaire lors d\u2019une rentr\u00e9e au lyc\u00e9e en 2026, vous devez respecter deux conditions dont l\u2019<b>\u00e2ge de votre enfant<\/b> et le <b>plafond de ressources<\/b> de votre foyer.<\/p>\n<p>Votre enfant doit \u00eatre \u00e2g\u00e9 <b>de 15 \u00e0 18 ans au 31 d\u00e9cembre 2026<\/b>, donc il doit \u00eatre <b>n\u00e9 entre le 16 septembre 2008 et le 31 d\u00e9cembre 2011 inclus<\/b>. Il doit aussi \u00eatre scolaris\u00e9 au lyc\u00e9e, en apprentissage ou dans un \u00e9tablissement sp\u00e9cialis\u00e9 \u00e0 la rentr\u00e9e, comme indiqu\u00e9 pr\u00e9c\u00e9demment.<\/p>\n<p>En ce qui concerne vos ressources de l\u2019<b>ann\u00e9e 2024<\/b> (revenu net cat\u00e9goriel), elles ne doivent pas d\u00e9passer un plafond, qui d\u00e9pend du nombre d\u2019enfants que vous avez \u00e0 charge dans votre foyer :<\/p>\n\n<div class=\"wpdt-c row wpDataTableContainerSimpleTable wpDataTables wpDataTablesWrapper\n\"\n    >\n    <table id=\"wpdtSimpleTable-71\"\n           class=\"wpdtSimpleTable wpDataTable\"\n           data-column=\"2\"\n           data-rows=\"6\"\n           data-wpID=\"71\"\n           data-responsive=\"0\"\n           data-has-header=\"1\">\n\n                    <thead>        <tr class=\"wpdt-cell-row \" >\n                            <th class=\"wpdt-cell wpdt-bc-F3F9FE wpdt-bold\"\n                                    data-cell-id=\"A1\"\n                data-col-index=\"0\"\n                data-row-index=\"0\"\n                style=\" width:49.100257069409%;                padding:10px;\"\n                >\n                                Nombre d'enfants \u00e0 charge\n                <\/th>\n                                            <th class=\"wpdt-cell wpdt-bc-F3F9FE wpdt-bold\"\n                                    data-cell-id=\"B1\"\n                data-col-index=\"1\"\n                data-row-index=\"0\"\n                style=\" width:50.899742930591%;                padding:10px;\"\n                >\n                                Salaire d'activit\u00e9                <\/th>\n                                        <\/tr>\n                    <tbody>        <tr class=\"wpdt-cell-row \" >\n                            <td class=\"wpdt-cell \"\n                                    data-cell-id=\"A2\"\n                data-col-index=\"0\"\n                data-row-index=\"1\"\n                style=\"                padding:10px;\"\n                >\n                                1\n                <\/td>\n                                            <td class=\"wpdt-cell \"\n                                    data-cell-id=\"B2\"\n                data-col-index=\"1\"\n                data-row-index=\"1\"\n                style=\"                padding:10px;\"\n                >\n                                28 956 \u20ac                <\/td>\n                                        <\/tr>\n                            <tr class=\"wpdt-cell-row \" >\n                            <td class=\"wpdt-cell \"\n                                    data-cell-id=\"A3\"\n                data-col-index=\"0\"\n                data-row-index=\"2\"\n                style=\"                padding:10px;\"\n                >\n                                2                <\/td>\n                                            <td class=\"wpdt-cell \"\n                                    data-cell-id=\"B3\"\n                data-col-index=\"1\"\n                data-row-index=\"2\"\n                style=\"                padding:10px;\"\n                >\n                                35 638 \u20ac                <\/td>\n                                        <\/tr>\n                            <tr class=\"wpdt-cell-row \" >\n                            <td class=\"wpdt-cell \"\n                                    data-cell-id=\"A4\"\n                data-col-index=\"0\"\n                data-row-index=\"3\"\n                style=\"                padding:10px;\"\n                >\n                                3                <\/td>\n                                            <td class=\"wpdt-cell \"\n                                    data-cell-id=\"B4\"\n                data-col-index=\"1\"\n                data-row-index=\"3\"\n                style=\"                padding:10px;\"\n                >\n                                42 320 \u20ac                <\/td>\n                                        <\/tr>\n                            <tr class=\"wpdt-cell-row \" >\n                            <td class=\"wpdt-cell \"\n                                    data-cell-id=\"A5\"\n                data-col-index=\"0\"\n                data-row-index=\"4\"\n                style=\"                padding:10px;\"\n                >\n                                4                <\/td>\n                                            <td class=\"wpdt-cell \"\n                                    data-cell-id=\"B5\"\n                data-col-index=\"1\"\n                data-row-index=\"4\"\n                style=\"                padding:10px;\"\n                >\n                                49 002 \u20ac                <\/td>\n                                        <\/tr>\n                            <tr class=\"wpdt-cell-row \" >\n                            <td class=\"wpdt-cell \"\n                                    data-cell-id=\"A6\"\n                data-col-index=\"0\"\n                data-row-index=\"5\"\n                style=\"                padding:10px;\"\n                >\n                                Par enfant suppl\u00e9mentaire                <\/td>\n                                            <td class=\"wpdt-cell \"\n                                    data-cell-id=\"B6\"\n                data-col-index=\"1\"\n                data-row-index=\"5\"\n                style=\"                padding:10px;\"\n                >\n                                + 6 682 \u20ac                <\/td>\n                                        <\/tr>\n                    <\/table>\n<\/div><style id='wpdt-custom-style-71'>\ntable#wpdtSimpleTable-71{ table-layout: fixed !important; }\n.wpdt-bc-F3F9FE { background-color: #F3F9FE !important;}\n<\/style>\n\n<p>Si vos ressources d\u00e9passent un peu ces plafonds, vous pouvez peut-\u00eatre b\u00e9n\u00e9ficier d\u2019une <b>allocation diff\u00e9rentielle<\/b>, calcul\u00e9e en fonction de la diff\u00e9rence entre vos ressources et le plafond applicable.<\/p>\n<p class=\"p1\"><div class='cta-block'><div class='text'>Simulez toutes vos Aides en 2 min.<\/div><a href='https:\/\/www.mes-allocs.fr\/ab-app?origin=guides\/wp-json\/wp\/v2\/posts\/11595' class='app-button fit'>Simulation gratuite<\/a><\/div><\/p>\n<h1>Comment demander l\u2019allocation rentr\u00e9e scolaire au lyc\u00e9e en 2026 ?<\/h1>\n<h2>Quelles d\u00e9marches effectuer pour recevoir l\u2019ARS avec un enfant au lyc\u00e9e ?<\/h2>\n<p>Pour recevoir l\u2019allocation de rentr\u00e9e scolaire avec un enfant au lyc\u00e9e, vous devez absolument <b>confirmer en ligne sa scolarit\u00e9<\/b> \u00e0 la CAF ou \u00e0 la MSA, s\u2019il a entre 16 et 18 ans. Cela peut se faire \u00e0 partir de votre espace personnel. Cela sert \u00e0 notifier ces organismes que votre enfant sera bien scolaris\u00e9 ou en apprentissage \u00e0 la rentr\u00e9e 2026. Suite \u00e0 cela, la prime de rentr\u00e9e scolaire vous sera directement vers\u00e9e.<\/p>\n<p>Dans le cas o\u00f9 vous ne seriez pas encore allocataire, vous devez cr\u00e9er un dossier aupr\u00e8s de la CAF ou de la MSA, puis fournir les justificatifs n\u00e9cessaires \u00e0 l\u2019ouverture de votre dossier.<\/p>\n<p><iframe loading=\"lazy\" title=\"L&#039;allocation de rentr\u00e9e scolaire\" width=\"500\" height=\"281\" src=\"https:\/\/www.youtube.com\/embed\/MfDoGweq-e0?feature=oembed\" frameborder=\"0\" allow=\"accelerometer; autoplay; clipboard-write; encrypted-media; gyroscope; picture-in-picture; web-share\" referrerpolicy=\"strict-origin-when-cross-origin\" allowfullscreen><\/iframe><\/p>\n<h2>Quand l\u2019ARS est-elle vers\u00e9e pour les lyc\u00e9ens en 2025 ?<\/h2>\n<p>Comme pour toutes les personnes \u00e9ligibles, l\u2019ARS est vers\u00e9e le<strong> mardi 19<\/strong> <b>ao\u00fbt 2025<\/b>, en une seule fois. Cela vaut donc aussi pour les \u00e9tudiants au lyc\u00e9e, sachant que pour les lyc\u00e9ens \u00e2g\u00e9s de 16 \u00e0 18 ans, le versement intervient uniquement apr\u00e8s que vous avez confirm\u00e9 la scolarisation de votre enfant.<\/p>\n<h1>Un lyc\u00e9en de plus de 18 ans peut-il toucher l\u2019ARS ?<\/h1>\n<p>Un <a href=\"https:\/\/www.mes-allocs.fr\/guides\/allocations-familiales\/allocation-rentree-scolaire\/allocation-rentree-scolaire-conditions\/allocation-rentree-scolaire-apres-18-ans\/\">lyc\u00e9en de plus de 18 ans ne peut pas toucher l\u2019allocation de rentr\u00e9e scolaire<\/a> pour la rentr\u00e9e 2025. L\u2019ARS est vers\u00e9e uniquement pour les enfants \u00e2g\u00e9s<b> de 6 \u00e0 18 ans<\/b>, c\u2019est-\u00e0-dire pour ceux qui n\u2019ont pas atteint 18 ans au 31 d\u00e9cembre de l\u2019ann\u00e9e de la rentr\u00e9e scolaire.<\/p>\n<p>Pour la rentr\u00e9e 2026, l\u2019ARS concerne donc les enfants <b>n\u00e9s entre le 16 septembre 2008 et le 21 d\u00e9cembre inclus<\/b>. Si votre enfant a d\u00e9j\u00e0 18 ans au 21 d\u00e9cembre 2026, il ne sera plus \u00e9ligible \u00e0 cette aide, m\u00eame s\u2019il est encore lyc\u00e9en.<\/p>\n<h1>Comment savoir si vous \u00eates \u00e9ligible \u00e0 l\u2019ARS pour un enfant au lyc\u00e9e ?<\/h1>\n<p>Si vous avez un enfant au lyc\u00e9e et que vous souhaitez savoir si vous \u00eates \u00e9ligible \u00e0 l\u2019ARS, vous pouvez faire une simulation en ligne gr\u00e2ce \u00e0 <b>notre simulateur<\/b>. Cela vous permettra, en quelques minutes, de tester votre \u00e9ligibilit\u00e9. Si notre simulateur vous indique que vous remplissez les conditions, vous pouvez aussi faire appel \u00e0 <b>nos experts<\/b> pour vous accompagner dans vos d\u00e9marches.<\/p>\n<div class='shortcode summary'><div class='title'>En r\u00e9sum\u00e9 :<\/div><div class='content'><ul><li>En 2025, l\u2019allocation de rentr\u00e9e scolaire pour un lyc\u00e9en est de <strong>462,03<\/strong><b>\u00a0\u20ac<\/b>, vers\u00e9e par la CAF ou la MSA, et peut \u00eatre <b>cumul\u00e9e<\/b> pour plusieurs enfants \u00e9ligibles.<\/li><li> Pour b\u00e9n\u00e9ficier de l\u2019ARS, votre enfant doit avoir <b>entre 15 et 18 ans<\/b> au 21 d\u00e9cembre 2026 et \u00eatre scolaris\u00e9 au lyc\u00e9e ou en apprentissage. Le montant d\u00e9pend aussi de vos <b>ressources<\/b> qui doivent respecter certains <b>plafonds<\/b>.<\/li><li> Vous devez <b>confirmer la scolarit\u00e9 de votre enfant<\/b> sur le site de la CAF ou de la MSA, avant la rentr\u00e9e scolaire car l\u2019ARS est vers\u00e9e\u00a0apr\u00e8s cette confirmation.<\/li><\/ul><\/div><\/div>\n<p class=\"p1\"><div class='cta-block'><div class='text'>Simulez toutes vos Aides en 2 min.<\/div><a href='https:\/\/www.mes-allocs.fr\/ab-app?origin=guides\/wp-json\/wp\/v2\/posts\/11595' class='app-button fit'>Simulation gratuite<\/a><\/div><\/p>\n<\/div>\n<\/div>\n<\/div>\n<\/div>\n<\/div>\n","protected":false},"excerpt":{"rendered":"<p>[Mis \u00e0 jour le 23\/02\/2026] L\u2019ARS (allocation de rentr\u00e9e scolaire) est vers\u00e9e en ao\u00fbt \u00e0 tous les parents ou tuteurs qui ont des enfants. Cette aide vous permet de couvrir les frais li\u00e9s \u00e0 la rentr\u00e9e mais avec un enfant au lyc\u00e9e et selon son \u00e2ge, certaines d\u00e9marches sont \u00e0 effectuer en amont de la [&hellip;]<\/p>\n","protected":false},"author":9,"featured_media":11849,"comment_status":"open","ping_status":"open","sticky":false,"template":"","format":"standard","meta":{"amp_status":"","footnotes":""},"categories":[41,41949,10],"tags":[],"class_list":["post-11595","post","type-post","status-publish","format-standard","has-post-thumbnail","hentry","category-allocation-rentree-scolaire","category-allocation-rentree-scolaire-conditions","category-allocations-familiales"],"yoast_head":"<!-- This site is optimized with the Yoast SEO plugin v14.9 - https:\/\/yoast.com\/wordpress\/plugins\/seo\/ -->\n<title>Allocation de rentr\u00e9e scolaire pour les lyc\u00e9ens : comment \u00e7a marche ?<\/title>\n<meta name=\"description\" content=\"L&#039;ARS est vers\u00e9e par la CAF, sous conditions de ressources, aux familles disposant de peu de revenus. Mais les lyc\u00e9ens sont-ils concern\u00e9s ?\" \/>\n<meta name=\"robots\" content=\"index, follow, max-snippet:-1, max-image-preview:large, max-video-preview:-1\" \/>\n<link rel=\"canonical\" href=\"https:\/\/www.mes-allocs.fr\/guides\/allocations-familiales\/allocation-rentree-scolaire\/allocation-rentree-scolaire-conditions\/allocation-rentree-scolaire-lycee\/\" \/>\n<meta property=\"og:locale\" content=\"fr_FR\" \/>\n<meta property=\"og:type\" content=\"article\" \/>\n<meta property=\"og:title\" content=\"Allocation de rentr\u00e9e scolaire pour les lyc\u00e9ens : comment \u00e7a marche ?\" \/>\n<meta property=\"og:description\" content=\"L&#039;ARS est vers\u00e9e par la CAF, sous conditions de ressources, aux familles disposant de peu de revenus. Mais les lyc\u00e9ens sont-ils concern\u00e9s ?\" \/>\n<meta property=\"og:url\" content=\"https:\/\/www.mes-allocs.fr\/guides\/allocations-familiales\/allocation-rentree-scolaire\/allocation-rentree-scolaire-conditions\/allocation-rentree-scolaire-lycee\/\" \/>\n<meta property=\"og:site_name\" content=\"Mes-Allocs.fr\" \/>\n<meta property=\"article:published_time\" content=\"2020-08-27T09:08:29+00:00\" \/>\n<meta property=\"article:modified_time\" content=\"2026-02-23T15:44:32+00:00\" \/>\n<meta property=\"og:image\" content=\"https:\/\/www.mes-allocs.fr\/guides\/wp-content\/uploads\/2020\/08\/Existe-t-il-une-allocation-rentre\u0301e-scolaire-pour-les-lyce\u0301ens-.jpg?wsr\" \/>\n\t<meta property=\"og:image:width\" content=\"1280\" \/>\n\t<meta property=\"og:image:height\" content=\"854\" \/>\n<meta name=\"twitter:card\" content=\"summary_large_image\" \/>\n<script type=\"application\/ld+json\" class=\"yoast-schema-graph\">{\"@context\":\"https:\/\/schema.org\",\"@graph\":[{\"@type\":\"WebSite\",\"@id\":\"https:\/\/www.mes-allocs.fr\/guides\/#website\",\"url\":\"https:\/\/www.mes-allocs.fr\/guides\/\",\"name\":\"Mes-Allocs.fr\",\"description\":\"\",\"potentialAction\":[{\"@type\":\"SearchAction\",\"target\":\"https:\/\/www.mes-allocs.fr\/guides\/?s={search_term_string}\",\"query-input\":\"required name=search_term_string\"}],\"inLanguage\":\"fr-FR\"},{\"@type\":\"ImageObject\",\"@id\":\"https:\/\/www.mes-allocs.fr\/guides\/allocations-familiales\/allocation-rentree-scolaire\/allocation-rentree-scolaire-conditions\/allocation-rentree-scolaire-lycee\/#primaryimage\",\"inLanguage\":\"fr-FR\",\"url\":\"https:\/\/www.mes-allocs.fr\/guides\/wp-content\/uploads\/2020\/08\/Existe-t-il-une-allocation-rentre\\u0301e-scolaire-pour-les-lyce\\u0301ens-.jpg?wsr\",\"width\":1280,\"height\":854,\"caption\":\"Existe t il une allocation rentre\\u0301e scolaire pour les lyce\\u0301ens\"},{\"@type\":\"WebPage\",\"@id\":\"https:\/\/www.mes-allocs.fr\/guides\/allocations-familiales\/allocation-rentree-scolaire\/allocation-rentree-scolaire-conditions\/allocation-rentree-scolaire-lycee\/#webpage\",\"url\":\"https:\/\/www.mes-allocs.fr\/guides\/allocations-familiales\/allocation-rentree-scolaire\/allocation-rentree-scolaire-conditions\/allocation-rentree-scolaire-lycee\/\",\"name\":\"Allocation de rentr\\u00e9e scolaire pour les lyc\\u00e9ens : comment \\u00e7a marche ?\",\"isPartOf\":{\"@id\":\"https:\/\/www.mes-allocs.fr\/guides\/#website\"},\"primaryImageOfPage\":{\"@id\":\"https:\/\/www.mes-allocs.fr\/guides\/allocations-familiales\/allocation-rentree-scolaire\/allocation-rentree-scolaire-conditions\/allocation-rentree-scolaire-lycee\/#primaryimage\"},\"datePublished\":\"2020-08-27T09:08:29+00:00\",\"dateModified\":\"2026-02-23T15:44:32+00:00\",\"author\":{\"@id\":\"https:\/\/www.mes-allocs.fr\/guides\/#\/schema\/person\/e4e762c89158b34a332446d26f02fd56\"},\"description\":\"L'ARS est vers\\u00e9e par la CAF, sous conditions de ressources, aux familles disposant de peu de revenus. Mais les lyc\\u00e9ens sont-ils concern\\u00e9s ?\",\"inLanguage\":\"fr-FR\"},{\"@type\":\"Person\",\"@id\":\"https:\/\/www.mes-allocs.fr\/guides\/#\/schema\/person\/e4e762c89158b34a332446d26f02fd56\",\"name\":\"Marylou\",\"image\":{\"@type\":\"ImageObject\",\"@id\":\"https:\/\/www.mes-allocs.fr\/guides\/#personlogo\",\"inLanguage\":\"fr-FR\",\"url\":\"https:\/\/www.mes-allocs.fr\/guides\/wp-content\/uploads\/2021\/06\/marylou-150x150.png\",\"caption\":\"Marylou\"},\"description\":\"Marylou est r\\u00e9dactrice au sein de l'\\u00e9quipe Mes Allocs, sp\\u00e9cialiste des sujets de soci\\u00e9t\\u00e9 en g\\u00e9n\\u00e9ral. Dipl\\u00f4m\\u00e9e de l'Institut Sup\\u00e9rieur de Formation au Journalisme, elle rejoint Mes Allocs apr\\u00e8s cr\\u00e9\\u00e9 son premier blog personnel.\",\"sameAs\":[\"https:\/\/www.linkedin.com\/in\/marylou-pr\\u00e9vost\"]}]}<\/script>\n<!-- \/ Yoast SEO plugin. -->","amp_validity":null,"acf":{"faq":{"1":{"question":"Quel est le montant de la rentr\u00e9e scolaire pour un lyc\u00e9en ?","answer":"Le montant de la rentr\u00e9e scolaire pour un lyc\u00e9en est de 462,03 \u20ac (15-18 ans)."},"2":{"question":"Quelle date sera vers\u00e9e l'allocation de rentr\u00e9e scolaire ?","answer":"La date de versement de l'allocation de rentr\u00e9e scolaire (ARS) en 2026 n'est pas encore connue."},"3":{"question":"Quel montant \u00e0 ne pas d\u00e9passer pour toucher la rentr\u00e9e scolaire ?","answer":"Il varie selon le nombre d'enfant que vous avez \u00e0 charge. Par exemple avec un enfant le plafond de ressources \u00e0 ne pas d\u00e9passer est de 28 956 \u20ac."},"4":{"question":"Comment savoir si on a le droit \u00e0 la prime de rentr\u00e9e scolaire ?","answer":"Pour savoir si vous avez le droit \u00e0 la prime de rentr\u00e9e scolaire, vous pouvez faire une simulation gr\u00e2ce \u00e0 notre simulateur en ligne."},"5":{"question":"La CAF peut-elle retenir la prime de rentr\u00e9e scolaire ?","answer":"Non, les prestations familiales sont insaisissables. "},"6":{"question":"Qui n'a pas droit \u00e0 la prime de rentr\u00e9e scolaire ?","answer":"Les enfants de moins de 6 ans ou de plus 18 ans au 31 d\u00e9cembre de l\u2019ann\u00e9e scolaire."},"7":{"question":"","answer":""},"8":{"question":"","answer":""},"9":{"question":"","answer":""},"10":{"question":"","answer":""},"11":{"question":"","answer":""},"12":{"question":"","answer":""},"13":{"question":"","answer":""},"14":{"question":"","answer":""},"15":{"question":"","answer":""},"16":{"question":"","answer":""}}},"_links":{"self":[{"href":"https:\/\/www.mes-allocs.fr\/guides\/wp-json\/wp\/v2\/posts\/11595","targetHints":{"allow":["GET"]}}],"collection":[{"href":"https:\/\/www.mes-allocs.fr\/guides\/wp-json\/wp\/v2\/posts"}],"about":[{"href":"https:\/\/www.mes-allocs.fr\/guides\/wp-json\/wp\/v2\/types\/post"}],"author":[{"embeddable":true,"href":"https:\/\/www.mes-allocs.fr\/guides\/wp-json\/wp\/v2\/users\/9"}],"replies":[{"embeddable":true,"href":"https:\/\/www.mes-allocs.fr\/guides\/wp-json\/wp\/v2\/comments?post=11595"}],"version-history":[{"count":50,"href":"https:\/\/www.mes-allocs.fr\/guides\/wp-json\/wp\/v2\/posts\/11595\/revisions"}],"predecessor-version":[{"id":109733,"href":"https:\/\/www.mes-allocs.fr\/guides\/wp-json\/wp\/v2\/posts\/11595\/revisions\/109733"}],"wp:featuredmedia":[{"embeddable":true,"href":"https:\/\/www.mes-allocs.fr\/guides\/wp-json\/wp\/v2\/media\/11849"}],"wp:attachment":[{"href":"https:\/\/www.mes-allocs.fr\/guides\/wp-json\/wp\/v2\/media?parent=11595"}],"wp:term":[{"taxonomy":"category","embeddable":true,"href":"https:\/\/www.mes-allocs.fr\/guides\/wp-json\/wp\/v2\/categories?post=11595"},{"taxonomy":"post_tag","embeddable":true,"href":"https:\/\/www.mes-allocs.fr\/guides\/wp-json\/wp\/v2\/tags?post=11595"}],"curies":[{"name":"wp","href":"https:\/\/api.w.org\/{rel}","templated":true}]}}