{"id":11394,"date":"2020-08-18T09:43:41","date_gmt":"2020-08-18T09:43:41","guid":{"rendered":"https:\/\/www.mes-allocs.fr\/guides\/?p=11394"},"modified":"2026-04-02T14:21:22","modified_gmt":"2026-04-02T13:21:22","slug":"prime-activite-travailleur-handicape","status":"publish","type":"post","link":"https:\/\/www.mes-allocs.fr\/guides\/prime-d-activite\/prime-activite-conditions\/prime-activite-travailleur-handicape\/","title":{"rendered":"Prime d&rsquo;activit\u00e9 travailleur handicap\u00e9 : conditions, montant, d\u00e9marches en 2026"},"content":{"rendered":"<p><img loading=\"lazy\" decoding=\"async\" class=\"aligncenter wp-image-59778 size-full\" title=\"prime d activit\u00e9 travailleur handicap\u00e9\" src=\"https:\/\/www.mes-allocs.fr\/guides\/wp-content\/uploads\/2020\/08\/image_2022-12-19_161605843.png\" alt=\"prime d'activit\u00e9 travailleur handicap\u00e9\" width=\"1246\" height=\"270\" srcset=\"https:\/\/www.mes-allocs.fr\/guides\/wp-content\/uploads\/2020\/08\/image_2022-12-19_161605843.png 1246w, https:\/\/www.mes-allocs.fr\/guides\/wp-content\/uploads\/2020\/08\/image_2022-12-19_161605843-300x65.png 300w, https:\/\/www.mes-allocs.fr\/guides\/wp-content\/uploads\/2020\/08\/image_2022-12-19_161605843-1024x222.png 1024w, https:\/\/www.mes-allocs.fr\/guides\/wp-content\/uploads\/2020\/08\/image_2022-12-19_161605843-768x166.png 768w, https:\/\/www.mes-allocs.fr\/guides\/wp-content\/uploads\/2020\/08\/image_2022-12-19_161605843-600x130.png 600w\" sizes=\"auto, (max-width: 1246px) 100vw, 1246px\" \/><\/p>\n<p><span style=\"font-weight: 400;\">[Mis \u00e0 jour le 02\/04\/2026]<\/span> Depuis le 1er janvier 2016, la <a href=\"https:\/\/www.mes-allocs.fr\/guides\/prime-d-activite\/\">prime d&rsquo;activit\u00e9<\/a> remplace la prime pour l&#8217;emploi et le RSA. Elle repr\u00e9sente un compl\u00e9ment de revenu pour les travailleurs modestes. Les travailleurs en situation de handicap sont \u00e9galement en droit de faire une demande de prime d&rsquo;activit\u00e9 aupr\u00e8s de la CAF ou de la MSA. Sous conditions de ressources. Mes Allocs vous explique si vous \u00eates \u00e9ligible en 2026.<\/p>\n<div class='cta-block'><div class='text'>Simulez votre prime d&rsquo;activit\u00e9 en 2 min. <\/div><a href='https:\/\/www.mes-allocs.fr\/ab-app?origin=guides\/wp-json\/wp\/v2\/posts\/11394' class='app-button fit'>Simulation gratuite<\/a><\/div>\n<h1>Prime d&rsquo;activit\u00e9 travailleurs handicap\u00e9s 2026 : les conditions<\/h1>\n<p style=\"text-align: justify;\">La prime d&rsquo;activit\u00e9 s&rsquo;adresse aux travailleurs ayant des revenus modestes, fonctionnaires salari\u00e9s, \u00e9tudiants, vous \u00eates peut-\u00eatre \u00e9ligible \u00e0 la prime d&rsquo;activit\u00e9.<\/p>\n<p style=\"text-align: justify;\">La prime d&rsquo;activit\u00e9 est un compl\u00e9ment de revenu relativement r\u00e9cent, en vigueur depuis janvier 2016. Elle a \u00e9t\u00e9 cr\u00e9\u00e9e par la loi n\u00b02015-994 du 17 ao\u00fbt 2015 relative au dialogue social et \u00e0 l\u2019emploi. Elle a pour objectif de garantir un certain pouvoir d&rsquo;achat aux personnes les plus faibles, et repr\u00e9sente un compl\u00e9ment de revenus pour les jeunes de 18 ans \u00e0 25 ans.<\/p>\n<p style=\"text-align: justify;\"><strong>En janvier 2019, la prime d&rsquo;activit\u00e9 a fait l&rsquo;objet d&rsquo;une r\u00e9forme qui avait pour objectif :<\/strong><\/p>\n<ul>\n<li>\u00e0 en augmenter le montant de 90 euros maximum en phase avec la promesse pr\u00e9sidentielle d\u2019une hausse de r\u00e9mun\u00e9ration nette au Smic de 100 euros<\/li>\n<li>\u00e0 accro\u00eetre le nombre de personnes b\u00e9n\u00e9ficiaires, la cible de la prime d\u2019activit\u00e9 \u00e9largie \u00e9tant d\u2019un million de personnes b\u00e9n\u00e9ficiaires suppl\u00e9mentaires<\/li>\n<\/ul>\n<p>&nbsp;<\/p>\n<p>Les conditions d&rsquo;attribution de la prime d&rsquo;activit\u00e9 sont les m\u00eames pour tous, ainsi si vous \u00eates travailleurs handicap\u00e9s, vous devez respecter les conditions suivantes :<\/p>\n<ul>\n<li>avoir 18 ans ou plus<\/li>\n<li>\u00eatre salari\u00e9 ou travailleur ind\u00e9pendant<\/li>\n<li>Vivre en France de mani\u00e8re permanente<\/li>\n<li>\u00catre fran\u00e7ais ou \u00e9tranger en situation r\u00e9guli\u00e8re dont votre titre de s\u00e9jour vous autorise \u00e0 travailler depuis au moins 5 ans<\/li>\n<\/ul>\n<p>Vous devrez obligatoirement justifier de revenus pour faire votre demande de prime d&rsquo;activit\u00e9. Vos revenus des 3 mois pr\u00e9c\u00e9dent votre demande sont \u00e0 renseigner.<\/p>\n<p data-start=\"0\" data-end=\"164\">Depuis le 1\u1d49\u02b3 mars 2025, la d\u00e9claration trimestrielle de l<strong>a prime d\u2019activit\u00e9 devient pr\u00e9-remplie<\/strong>, ce qui simplifie le processus. La CAF reprend automatiquement certaines informations \u00e0 partir des revenus d\u00e9clar\u00e9s auparavant, r\u00e9duisant ainsi les erreurs et acc\u00e9l\u00e9rant le traitement de votre demande. Toutefois, il reste important de v\u00e9rifier et de valider les informations pour \u00e9viter toute erreur qui pourrait affecter le montant de l\u2019aide.<\/p>\n<p data-start=\"0\" data-end=\"164\">Depuis mars 2025, la p\u00e9riode \u00e0 d\u00e9clarer correspond aux tr<strong>ois mois pr\u00e9c\u00e9dant la demande : par exemple, en mars, vous devez d\u00e9clarer vos revenus des mois de novembre, d\u00e9cembre et janvier (et non plus d\u00e9cembre, janvier, f\u00e9vrier)<\/strong>. Cette nouvelle organisation facilite la gestion de votre dossier et rend la d\u00e9claration plus pr\u00e9cise.<\/p>\n<p><iframe loading=\"lazy\" title=\"La prime d&#039;activit\u00e9\" width=\"500\" height=\"281\" src=\"https:\/\/www.youtube.com\/embed\/uavbovK5ZXc?feature=oembed\" frameborder=\"0\" allow=\"accelerometer; autoplay; clipboard-write; encrypted-media; gyroscope; picture-in-picture; web-share\" referrerpolicy=\"strict-origin-when-cross-origin\" allowfullscreen><\/iframe><\/p>\n<p>&nbsp;<\/p>\n<div class='cta-block'><div class='text'>Simulez votre prime d&rsquo;activit\u00e9 en 2 min. <\/div><a href='https:\/\/www.mes-allocs.fr\/ab-app?origin=guides\/wp-json\/wp\/v2\/posts\/11394' class='app-button fit'>Simulation gratuite<\/a><\/div>\n<p>&nbsp;<\/p>\n<h1>Travailleurs handicap\u00e9s : montant prime d&rsquo;activit\u00e9 2026<\/h1>\n<p style=\"text-align: justify;\">Si vous \u00eates \u00e9ligible \u00e0 la prime d&rsquo;activit\u00e9, vous recevrez les versements sur demande, en effet le versement n&rsquo;est pas automatique. Notez que la prime n&rsquo;est pas r\u00e9troactive, donc tant que vous ne faites pas votre demande aupr\u00e8s de l&rsquo;organisme comp\u00e9tent, vous ne recevrez pas les versements, m\u00eame pour les mois o\u00f9 vous \u00e9tiez \u00e9ligible.<\/p>\n<p>Si le montant calcul\u00e9 par la CAF ou la MSA est inf\u00e9rieur \u00e0 15 euros, la prime ne vous sera pas vers\u00e9e.<\/p>\n<h2>\u00c9l\u00e9ments pris en compte dans le calcul de la prime d\u2019activit\u00e9<\/h2>\n<ul>\n<li>les revenus d\u2019activit\u00e9 professionnelle (activit\u00e9 salari\u00e9e en milieu ordinaire, activit\u00e9 ind\u00e9pendante, activit\u00e9 en ESAT)<\/li>\n<li>les revenus de remplacement (indemnit\u00e9s ch\u00f4mage, indemnit\u00e9s maladie, retraite, pension, etc.)<\/li>\n<li>les autres revenus imposables (revenus de capitaux, du patrimoine, etc.)<\/li>\n<li>les prestations et les aides sociales<\/li>\n<\/ul>\n<p>Si vous percevez des allocations logement (APL, ALS, ALF) ces derni\u00e8res entrent dans le calcul de la prime d&rsquo;activit\u00e9 sous forme de forfait.<\/p>\n<h2>M\u00e9thode de calcul de la prime d&rsquo;activit\u00e9<\/h2>\n<p>La m\u00e9thode de calcul de la prime est relativement complexe, c&rsquo;est pourquoi Mes Allocs met \u00e0 disposition gratuitement un simulateur pour une estimation fiable de vos droits.<\/p>\n<p><strong>5 \u00e9l\u00e9ments sont utilis\u00e9s pour calculer la prime d&rsquo;activit\u00e9, le montant de chacun varie selon votre situation :\u00a0<\/strong><\/p>\n<ul>\n<li>Montant forfaitaire\u00a0: montant d\u00e9termin\u00e9 selon la composition du foyer (couple ou personne seule, nombre d\u2019enfants)<\/li>\n<li>59,85\u2009% des revenus professionnels depuis le 1er octobre 2018<\/li>\n<li>Bonifications : suppl\u00e9ment accord\u00e9 selon le niveau de revenus d\u2019activit\u00e9. Cette bonification est vers\u00e9e \u00e0 partir 59 fois le Smic mensuel brut<\/li>\n<li>Ressources du foyer<\/li>\n<li>Forfait logement<\/li>\n<\/ul>\n<p><em><strong>Prime d&rsquo;activit\u00e9 = (Montant forfaitaire + 59,85 % des revenus professionnels + bonification) &#8211; ressources du foyer &#8211; forfait logement<\/strong><\/em><\/p>\n<h2>Montant de la prime d&rsquo;activit\u00e9<\/h2>\n<p>Il n&rsquo;existe pas de montant fixe, le montant d\u00e9pend de votre situation, de la composition de votre foyer, etc. N\u00e9anmoins, le montant est de <strong>638,28\u20ac<\/strong> depuis le 1er avril 2026, pour une personne seule et sans enfant.<\/p>\n<p>Gr\u00e2ce \u00e0 une modification de la m\u00e9thode de calcul, une personne percevant des revenus \u00e9gal au Smic peut d\u00e9sormais faire valoir ses droits \u00e0 la prime.<\/p>\n<h2>Versement de la prime d&rsquo;activit\u00e9<\/h2>\n<p>D\u00e8s que votre demande de prime est valid\u00e9e, le premier versement interviendra le 5 du mois suivant. Par exemple, pour une demande effectu\u00e9e avant le 25 aout, vous recevrez le premier versement le 5 septembre.<\/p>\n<p>Par la suite, vous devrez faire vos d\u00e9clarations trimestrielles de ressources. Cela consiste \u00e0 contr\u00f4ler les informations inscrites sur votre d\u00e9claration pr\u00e9remplie et la valider. En cas d&rsquo;erreur, il convient de le modifier.<\/p>\n<p>Notez que la prime vous est vers\u00e9e pendant 3 mois \u00e0 montant fixe, vos droits ne se modifient pas m\u00eame en cas de changement de situation pendant ce temps. En revanche, si votre situation change (nombre d&rsquo;enfants \u00e0 charge, etc) vos droits seront recalcul\u00e9s pour le trimestre suivant.<\/p>\n<h1>Prime d&rsquo;activit\u00e9 travailleurs handicap\u00e9s 2026 : les d\u00e9marches<\/h1>\n<p style=\"text-align: justify;\">Pour faire votre demande de prime , vous devez vous rendre sur le site internet de la caisse d&rsquo;allocation familiale CAF, ou de la mutualit\u00e9 sociale agricole MSA. Si vous \u00eates d\u00e9j\u00e0 allocataire de l&rsquo;un de ces deux organismes, certaines de vos informations personnelles sont d\u00e9j\u00e0 inscrites sur votre formulaire de demande, la demande est donc simplifi\u00e9e. Si vous n&rsquo;\u00eates pas encore allocataire de l&rsquo;un de ces deux organismes, vous devez cr\u00e9er un espace personnel.<\/p>\n<p style=\"text-align: justify;\">Vous pouvez faire une simulation gratuite de vos droits avec Mes Allocs, \u00e0 la suite de la simulation sur notre site, vous pouvez soit proc\u00e9der vous-m\u00eame \u00e0 votre demande de prime d&rsquo;activit\u00e9 aupr\u00e8s de l&rsquo;un de ceux deux organismes, soit souscrire au service d&rsquo;accompagnement payant Mes Allocs. Avec ce service, un expert d\u00e9di\u00e9 r\u00e9pondra \u00e0 toutes vos questions et se chargera de faire les d\u00e9marches \u00e0 votre place.<\/p>\n<p>&nbsp;<\/p>\n<div class='cta-block'><div class='text'>Simulez votre prime d&rsquo;activit\u00e9 en 2 min. <\/div><a href='https:\/\/www.mes-allocs.fr\/ab-app?origin=guides\/wp-json\/wp\/v2\/posts\/11394' class='app-button fit'>Simulation gratuite<\/a><\/div>\n","protected":false},"excerpt":{"rendered":"<p>[Mis \u00e0 jour le 02\/04\/2026] Depuis le 1er janvier 2016, la prime d&rsquo;activit\u00e9 remplace la prime pour l&#8217;emploi et le RSA. Elle repr\u00e9sente un compl\u00e9ment de revenu pour les travailleurs modestes. Les travailleurs en situation de handicap sont \u00e9galement en droit de faire une demande de prime d&rsquo;activit\u00e9 aupr\u00e8s de la CAF ou de la [&hellip;]<\/p>\n","protected":false},"author":7,"featured_media":11397,"comment_status":"open","ping_status":"open","sticky":false,"template":"","format":"standard","meta":{"amp_status":"","footnotes":""},"categories":[20,3130],"tags":[],"class_list":["post-11394","post","type-post","status-publish","format-standard","has-post-thumbnail","hentry","category-prime-d-activite","category-prime-activite-conditions"],"yoast_head":"<!-- This site is optimized with the Yoast SEO plugin v14.9 - https:\/\/yoast.com\/wordpress\/plugins\/seo\/ -->\n<title>Prime d&#039;activit\u00e9 travailleur handicap\u00e9 : conditions, montant, d\u00e9marches en 2026<\/title>\n<meta name=\"description\" content=\"Les travailleurs handicap\u00e9s peuvent avoir une prime d&#039;activit\u00e9. D\u00e9couvrez via notre simulateur si vous \u00eates \u00e9ligible en 2026.\" \/>\n<meta name=\"robots\" content=\"index, follow, max-snippet:-1, max-image-preview:large, max-video-preview:-1\" \/>\n<link rel=\"canonical\" href=\"https:\/\/www.mes-allocs.fr\/guides\/prime-d-activite\/prime-activite-conditions\/prime-activite-travailleur-handicape\/\" \/>\n<meta property=\"og:locale\" content=\"fr_FR\" \/>\n<meta property=\"og:type\" content=\"article\" \/>\n<meta property=\"og:title\" content=\"Prime d&#039;activit\u00e9 travailleur handicap\u00e9 : conditions, montant, d\u00e9marches en 2026\" \/>\n<meta property=\"og:description\" content=\"Les travailleurs handicap\u00e9s peuvent avoir une prime d&#039;activit\u00e9. D\u00e9couvrez via notre simulateur si vous \u00eates \u00e9ligible en 2026.\" \/>\n<meta property=\"og:url\" content=\"https:\/\/www.mes-allocs.fr\/guides\/prime-d-activite\/prime-activite-conditions\/prime-activite-travailleur-handicape\/\" \/>\n<meta property=\"og:site_name\" content=\"Mes-Allocs.fr\" \/>\n<meta property=\"article:published_time\" content=\"2020-08-18T09:43:41+00:00\" \/>\n<meta property=\"article:modified_time\" content=\"2026-04-02T13:21:22+00:00\" \/>\n<meta property=\"og:image\" content=\"https:\/\/www.mes-allocs.fr\/guides\/wp-content\/uploads\/2020\/08\/wheelchair-1327822_1280.jpg?wsr\" \/>\n\t<meta property=\"og:image:width\" content=\"1280\" \/>\n\t<meta property=\"og:image:height\" content=\"911\" \/>\n<meta name=\"twitter:card\" content=\"summary_large_image\" \/>\n<script type=\"application\/ld+json\" class=\"yoast-schema-graph\">{\"@context\":\"https:\/\/schema.org\",\"@graph\":[{\"@type\":\"WebSite\",\"@id\":\"https:\/\/www.mes-allocs.fr\/guides\/#website\",\"url\":\"https:\/\/www.mes-allocs.fr\/guides\/\",\"name\":\"Mes-Allocs.fr\",\"description\":\"\",\"potentialAction\":[{\"@type\":\"SearchAction\",\"target\":\"https:\/\/www.mes-allocs.fr\/guides\/?s={search_term_string}\",\"query-input\":\"required name=search_term_string\"}],\"inLanguage\":\"fr-FR\"},{\"@type\":\"ImageObject\",\"@id\":\"https:\/\/www.mes-allocs.fr\/guides\/prime-d-activite\/prime-activite-conditions\/prime-activite-travailleur-handicape\/#primaryimage\",\"inLanguage\":\"fr-FR\",\"url\":\"https:\/\/www.mes-allocs.fr\/guides\/wp-content\/uploads\/2020\/08\/wheelchair-1327822_1280.jpg?wsr\",\"width\":1280,\"height\":911,\"caption\":\"prime activite handicape\"},{\"@type\":\"WebPage\",\"@id\":\"https:\/\/www.mes-allocs.fr\/guides\/prime-d-activite\/prime-activite-conditions\/prime-activite-travailleur-handicape\/#webpage\",\"url\":\"https:\/\/www.mes-allocs.fr\/guides\/prime-d-activite\/prime-activite-conditions\/prime-activite-travailleur-handicape\/\",\"name\":\"Prime d'activit\\u00e9 travailleur handicap\\u00e9 : conditions, montant, d\\u00e9marches en 2026\",\"isPartOf\":{\"@id\":\"https:\/\/www.mes-allocs.fr\/guides\/#website\"},\"primaryImageOfPage\":{\"@id\":\"https:\/\/www.mes-allocs.fr\/guides\/prime-d-activite\/prime-activite-conditions\/prime-activite-travailleur-handicape\/#primaryimage\"},\"datePublished\":\"2020-08-18T09:43:41+00:00\",\"dateModified\":\"2026-04-02T13:21:22+00:00\",\"author\":{\"@id\":\"https:\/\/www.mes-allocs.fr\/guides\/#\/schema\/person\/1c4837d5703727cb02ce84583b5a44aa\"},\"description\":\"Les travailleurs handicap\\u00e9s peuvent avoir une prime d'activit\\u00e9. D\\u00e9couvrez via notre simulateur si vous \\u00eates \\u00e9ligible en 2026.\",\"inLanguage\":\"fr-FR\"},{\"@type\":\"Person\",\"@id\":\"https:\/\/www.mes-allocs.fr\/guides\/#\/schema\/person\/1c4837d5703727cb02ce84583b5a44aa\",\"name\":\"Fabiola\",\"image\":{\"@type\":\"ImageObject\",\"@id\":\"https:\/\/www.mes-allocs.fr\/guides\/#personlogo\",\"inLanguage\":\"fr-FR\",\"url\":\"https:\/\/www.mes-allocs.fr\/guides\/wp-content\/uploads\/2021\/06\/fabiola-150x150.png\",\"caption\":\"Fabiola\"},\"description\":\"Fabiola est r\\u00e9dactrice au sein de l'\\u00e9quipe Mes Allocs, sp\\u00e9cialis\\u00e9e en sciences politiques et affaires publiques. Dipl\\u00f4m\\u00e9e de l'HEIP, elle rejoint Mes Allocs apr\\u00e8s une premi\\u00e8re exp\\u00e9rience \\u00e0 l'Assembl\\u00e9e Nationale.\",\"sameAs\":[\"https:\/\/www.linkedin.com\/in\/cecilia-philippe-b-8a8085195\"]}]}<\/script>\n<!-- \/ Yoast SEO plugin. -->","amp_validity":null,"acf":{"faq":{"1":{"question":"Qui peut obtenir la prime d'activit\u00e9 ?","answer":"La prime d'activit\u00e9 remplace le RSA activit\u00e9 et la prime pour l'emploi. Les salari\u00e9s et fonctionnaires de 18 ans ou plus peuvent en b\u00e9n\u00e9ficier sous certaines conditions. La demande de prime d'activit\u00e9 se fait via un t\u00e9l\u00e9service ou aupr\u00e8s de la Caf ou de la MSA "},"2":{"question":"Est-ce qu'un travailleur handicap\u00e9 peut b\u00e9n\u00e9ficier de la prime d'activit\u00e9 ? ","answer":"Vus pouvez b\u00e9n\u00e9ficier de la prime d\u2019activit\u00e9 m\u00eame si vous \u00eates en situation de handicap, ce compl\u00e9ment de revenu est ouvert \u00e0 toutes personnes ayant 18 ans ou et plus et percevant des revenus professionnels."},"3":{"question":"Qui a droit \u00e0 la prime d'activit\u00e9 2026 ?","answer":"Une personne seule sans enfant et percevant jusqu'\u00e0 environ 2000 euros nets est \u00e9ligible \u00e0 la prime d'activit\u00e9 (contre 1.565 euros auparavant)."},"4":{"question":"Comment la CAF calcule les ressources pour l'AAH ?","answer":"Le montant de vos droits \u00e0 l'Aah est calcul\u00e9 chaque trimestre en fonction de vos ressources et de celles de votre conjoint (concubin ou pacs\u00e9) d\u00e9clar\u00e9es dans une d\u00e9claration trimestrielle de ressources qui vous sera adress\u00e9e automatiquement par votre Caf."},"5":{"question":"Quel est le salaire minimum pour toucher la prime d'activit\u00e9 ?","answer":"Pour b\u00e9n\u00e9ficier de la prime d'activit\u00e9, vous devez respecter des conditions de plafonds en vigueur, les \u00e9tudiants salari\u00e9s ainsi que les apprentis doivent toucher pendant au moins trois mois, un salaire minimum de 1 104,25 euros net mensuel. "},"6":{"question":"Comment est calcul\u00e9e la prime d'activit\u00e9 ? ","answer":"Pour calculer la prime d'activit\u00e9, la CAF ou la MSA utilise la m\u00e9thode suivante : \r\nMontant de la prime d'activit\u00e9 = (montant forfaitaire \u00e9ventuellement major\u00e9 + 61% des revenus professionnels + bonifications individuelles) - les ressources prises en compte du foyer. Le montant forfaitaire qui sert de base de calcul \u00e0 la prime d'activit\u00e9 est \u00e9gal \u00e0 633,21 euros."},"7":{"question":"","answer":""},"8":{"question":"","answer":""},"9":{"question":"","answer":""},"10":{"question":"","answer":""},"11":{"question":"","answer":""},"12":{"question":"","answer":""},"13":{"question":"","answer":""},"14":{"question":"","answer":""},"15":{"question":"","answer":""},"16":{"question":"","answer":""}}},"_links":{"self":[{"href":"https:\/\/www.mes-allocs.fr\/guides\/wp-json\/wp\/v2\/posts\/11394","targetHints":{"allow":["GET"]}}],"collection":[{"href":"https:\/\/www.mes-allocs.fr\/guides\/wp-json\/wp\/v2\/posts"}],"about":[{"href":"https:\/\/www.mes-allocs.fr\/guides\/wp-json\/wp\/v2\/types\/post"}],"author":[{"embeddable":true,"href":"https:\/\/www.mes-allocs.fr\/guides\/wp-json\/wp\/v2\/users\/7"}],"replies":[{"embeddable":true,"href":"https:\/\/www.mes-allocs.fr\/guides\/wp-json\/wp\/v2\/comments?post=11394"}],"version-history":[{"count":49,"href":"https:\/\/www.mes-allocs.fr\/guides\/wp-json\/wp\/v2\/posts\/11394\/revisions"}],"predecessor-version":[{"id":111378,"href":"https:\/\/www.mes-allocs.fr\/guides\/wp-json\/wp\/v2\/posts\/11394\/revisions\/111378"}],"wp:featuredmedia":[{"embeddable":true,"href":"https:\/\/www.mes-allocs.fr\/guides\/wp-json\/wp\/v2\/media\/11397"}],"wp:attachment":[{"href":"https:\/\/www.mes-allocs.fr\/guides\/wp-json\/wp\/v2\/media?parent=11394"}],"wp:term":[{"taxonomy":"category","embeddable":true,"href":"https:\/\/www.mes-allocs.fr\/guides\/wp-json\/wp\/v2\/categories?post=11394"},{"taxonomy":"post_tag","embeddable":true,"href":"https:\/\/www.mes-allocs.fr\/guides\/wp-json\/wp\/v2\/tags?post=11394"}],"curies":[{"name":"wp","href":"https:\/\/api.w.org\/{rel}","templated":true}]}}