{"id":11294,"date":"2020-08-18T09:41:02","date_gmt":"2020-08-18T09:41:02","guid":{"rendered":"https:\/\/www.mes-allocs.fr\/guides\/?p=11294"},"modified":"2026-04-02T13:17:33","modified_gmt":"2026-04-02T12:17:33","slug":"prime-activite-stage","status":"publish","type":"post","link":"https:\/\/www.mes-allocs.fr\/guides\/prime-d-activite\/prime-activite-conditions\/prime-activite-stage\/","title":{"rendered":"Prime d&rsquo;activit\u00e9 en stage 2026 : conditions, montant, d\u00e9marches"},"content":{"rendered":"<p><img loading=\"lazy\" decoding=\"async\" class=\"aligncenter wp-image-11335 size-full\" title=\"prime d activit\u00e9 stage\" src=\"https:\/\/www.mes-allocs.fr\/guides\/wp-content\/uploads\/2020\/08\/pexels-bongkarn-thanyakij-3751553-e1685349199991.jpg\" alt=\"prime d activit\u00e9 stage\" width=\"1280\" height=\"208\" srcset=\"https:\/\/www.mes-allocs.fr\/guides\/wp-content\/uploads\/2020\/08\/pexels-bongkarn-thanyakij-3751553-e1685349199991.jpg 1280w, https:\/\/www.mes-allocs.fr\/guides\/wp-content\/uploads\/2020\/08\/pexels-bongkarn-thanyakij-3751553-e1685349199991-300x49.jpg 300w, https:\/\/www.mes-allocs.fr\/guides\/wp-content\/uploads\/2020\/08\/pexels-bongkarn-thanyakij-3751553-e1685349199991-1024x166.jpg 1024w, https:\/\/www.mes-allocs.fr\/guides\/wp-content\/uploads\/2020\/08\/pexels-bongkarn-thanyakij-3751553-e1685349199991-768x125.jpg 768w, https:\/\/www.mes-allocs.fr\/guides\/wp-content\/uploads\/2020\/08\/pexels-bongkarn-thanyakij-3751553-e1685349199991-600x98.jpg 600w\" sizes=\"auto, (max-width: 1280px) 100vw, 1280px\" \/><\/p>\n<p style=\"text-align: justify;\"><span style=\"font-weight: 400;\">[Mis \u00e0 jour le 02\/04\/2026]<\/span> La <a href=\"https:\/\/www.mes-allocs.fr\/guides\/prime-d-activite\/\" target=\"_blank\" rel=\"noopener\">prime d&rsquo;activit\u00e9<\/a> est une prestation ouverte depuis janvier 2016. Elle a pour objectif d&rsquo;augmenter les revenus des personnes exer\u00e7ant une activit\u00e9, mais dont les revenus sont faibles. \u00c9tudiants, \u00e9tudiants salari\u00e9s, apprentis et stagiaire de plus de 18 ans peuvent faire valoir leurs droits au m\u00eame titre que les autres. Mes Allocs vous dit tout sur l&rsquo;attribution de la prime d&rsquo;activit\u00e9 pendant un stage en 2026.<\/p>\n<div class='cta-block'><div class='text'>Simulez votre prime d&rsquo;activit\u00e9 en 2 min. <\/div><a href='https:\/\/www.mes-allocs.fr\/ab-app?origin=guides\/wp-json\/wp\/v2\/posts\/11294' class='app-button fit'>Simulation gratuite<\/a><\/div>\n<h1>La prime d&rsquo;activit\u00e9, qu&rsquo;est-ce que c&rsquo;est ?<\/h1>\n<p style=\"text-align: justify;\">Entr\u00e9e en vigueur depuis le 1er janvier 2016, la prime d&rsquo;activit\u00e9 remplace la prime pour l&#8217;emploi ainsi que le RSA activit\u00e9. Destin\u00e9e aux travailleurs ayant des revenus modestes, elle a pour objectif de garantir un certain pouvoir d&rsquo;achat aux personnes \u00e9ligibles.<\/p>\n<p style=\"text-align: justify;\">Pour faire votre demande de prime d&rsquo;activit\u00e9, vous devez vous rendre sur le service en ligne de la CAF ou de la MSA, selon votre r\u00e9gime d&rsquo;affiliation. Notez que vous devez obligatoirement \u00eatre allocataire de l&rsquo;un de ces deux organismes pour pouvoir \u00eatre \u00e9ligible.<\/p>\n<p style=\"text-align: justify;\">Les personnes en situation de handicap percevant une allocation aux adultes handicap\u00e9s (AAH) peuvent \u00e9galement faire valoir leurs droits \u00e0 la prime d&rsquo;activit\u00e9, m\u00eame si ces derniers travaillent en \u00e9tablissement et service d&rsquo;aide par le travail (ESAT).<\/p>\n<p>&nbsp;<\/p>\n<p><iframe loading=\"lazy\" title=\"La prime d&#039;activit\u00e9\" width=\"500\" height=\"281\" src=\"https:\/\/www.youtube.com\/embed\/uavbovK5ZXc?feature=oembed\" frameborder=\"0\" allow=\"accelerometer; autoplay; clipboard-write; encrypted-media; gyroscope; picture-in-picture; web-share\" referrerpolicy=\"strict-origin-when-cross-origin\" allowfullscreen><\/iframe><\/p>\n<h1>Prime d&rsquo;activit\u00e9 stagiaire : quelles conditions en 2026 ?<\/h1>\n<p style=\"text-align: justify;\">La prime d\u2019activit\u00e9 est accessible \u00e0 tous les <b>salari\u00e9s de plus de 18 ans<\/b>, \u00e0 condition, pour les personnes seules, de gagner moins d&rsquo;environ 2000 euros nets par mois. G\u00e9r\u00e9e par la caisse d\u2019allocations familiales (CAF), elle peut atteindre un <b>montant maximal de 638,28<\/b>\u00a0<b>euros par mois pour une personne seule<\/b>, en fonction des revenus et de la situation familiale, sur la base d\u2019une d\u00e9claration trimestrielle.<\/p>\n<p>R\u00e9mun\u00e9r\u00e9s \u00e0 un pourcentage du SMIC en fonction de plusieurs crit\u00e8res (\u00e2ge, niveau de dipl\u00f4me, etc.), les jeunes en alternance et les apprentis peuvent b\u00e9n\u00e9ficier de la prime \u00e0 un certain niveau (exemple : \u00e9tudiant en bac +3 qui gagne 80\u2009% du SMIC).<\/p>\n<p>Pour ce qui est des stagiaires, des moins de 25 ans, ces derniers peuvent tr\u00e8s rarement faire valoir leurs droits \u00e0 la prime d&rsquo;activit\u00e9 compte tenu de leur r\u00e9mun\u00e9ration de stage souvent faible, et qui n\u2019exc\u00e8de g\u00e9n\u00e9ralement pas 554\u2009\u20ac par mois.<b> Pour les \u00e9tudiants<\/b>, le <a href=\"https:\/\/www.mes-allocs.fr\/guides\/prime-d-activite\/prime-activite-conditions\/prime-activite-salaire-minimum\/\">salaire minimum pour \u00eatre \u00e9ligible \u00e0 la prime d&rsquo;activit\u00e9<\/a> est fix\u00e9 \u00e0<b> 1 117,26 \u20ac.<\/b><\/p>\n<p>Pour estimer vos droits, Mes Allocs met \u00e0 disposition gratuitement un<a href=\"https:\/\/www.mes-allocs.fr\/ab-app\"> simulateur<\/a>. En deux minutes, vous aurez une r\u00e9ponse fiable de vos droits.<\/p>\n<p>Les conditions d&rsquo;attribution de la prime d&rsquo;activit\u00e9 sont les suivantes :<\/p>\n<ul>\n<li>\u00eatre \u00e2g\u00e9(e) de plus de 18 ans<\/li>\n<li>percevoir des revenus tir\u00e9s d&rsquo;une activit\u00e9 professionnelle<\/li>\n<li>r\u00e9sider en France de mani\u00e8re stable et effective<\/li>\n<li>\u00eatre fran\u00e7ais(e) ou \u00eatre titulaire depuis au moins cinq ans d&rsquo;un titre de s\u00e9jour autorisant \u00e0 travailler en France (sauf pour les ressortissants de l\u2019Espace \u00e9conomique europ\u00e9en et de la Suisse, les r\u00e9fugi\u00e9s et les personnes assimil\u00e9es)<\/li>\n<\/ul>\n<h1>Quel est le montant de la prime d&rsquo;activit\u00e9 pour un stagiaire ?<\/h1>\n<h2>Revalorisation de la prime d&rsquo;activit\u00e9 en 2026<\/h2>\n<p>Comme tous les ans, la prime d&rsquo;activit\u00e9 sera valoris\u00e9e au mois d&rsquo;avril.<\/p>\n<p><strong>Cette augmentation concerne :\u00a0<\/strong><\/p>\n<ul>\n<li>le montant forfaitaire de la prime d\u2019activit\u00e9<\/li>\n<li>le montant maximal de la bonification principale de la prime d\u2019activit\u00e9.<\/li>\n<\/ul>\n<p>Notez que vous ne percevrez pas cette revalorisation tous au m\u00eame moment, en effet tous les b\u00e9n\u00e9ficiaires ne font pas leur demande ou leur d\u00e9claration trimestrielle en m\u00eame temps.<\/p>\n<p data-start=\"0\" data-end=\"164\">Depuis le 1\u1d49\u02b3 mars 2025, la d\u00e9claration trimestrielle de l<strong>a prime d\u2019activit\u00e9 devient pr\u00e9-remplie<\/strong>, ce qui simplifie le processus. La CAF reprend automatiquement certaines informations \u00e0 partir des revenus d\u00e9clar\u00e9s auparavant, r\u00e9duisant ainsi les erreurs et acc\u00e9l\u00e9rant le traitement de votre demande. Toutefois, il reste important de v\u00e9rifier et de valider les informations pour \u00e9viter toute erreur qui pourrait affecter le montant de l\u2019aide.<\/p>\n<p data-start=\"0\" data-end=\"164\">Depuis mars 2025, la p\u00e9riode \u00e0 d\u00e9clarer correspond aux tr<strong>ois mois pr\u00e9c\u00e9dant la demande : par exemple, en mars, vous devez d\u00e9clarer vos revenus des mois de novembre, d\u00e9cembre et janvier (et non plus d\u00e9cembre, janvier, f\u00e9vrier)<\/strong>. Cette nouvelle organisation facilite la gestion de votre dossier et rend la d\u00e9claration plus pr\u00e9cise.<\/p>\n<p>Vous pouvez faire une simulation gratuite avec Mes Allocs, en deux minutes, vous aurez une estimation fiable de vos droits.<\/p>\n<p>Que vous soyez stagiaire, salari\u00e9, \u00e9tudiant ou autre, la prime d&rsquo;activit\u00e9 se calcule de la m\u00eame fa\u00e7on, s&rsquo;ajoutera \u00e9ventuellement une bonification ou une majoration forfaitaire.<\/p>\n<h2>Prime d&rsquo;activit\u00e9 2026 : les ressources prises en compte<\/h2>\n<p><strong>Pour d\u00e9terminer le montant de vos droits, les ressources prises en compte sont :\u00a0<\/strong><\/p>\n<ul>\n<li>Les revenus professionnels des salari\u00e9s ou des ind\u00e9pendants et assimil\u00e9s (indemnit\u00e9s journali\u00e8res, stagiaire en formation professionnelle, revenus per\u00e7us pendant les cong\u00e9s de maternit\u00e9, \u2026)<\/li>\n<li>Les revenus de remplacement (allocations ch\u00f4mage, indemnit\u00e9s maladie,\u00a0retraite, pensions alimentaires et prestations compensatoires, etc.)<\/li>\n<li>L\u2019avantage en nature\u00a0que constitue la disposition d\u2019un logement \u00e0 titre gratuit, d\u00e9termin\u00e9 de mani\u00e8re forfaitaire<\/li>\n<li>Les prestations et les aides sociales (allocations logement, compl\u00e9ment familial et allocation de soutien familial, les prestations familiales&#8230;)<\/li>\n<li>Plus g\u00e9n\u00e9ralement, tous les autres revenus soumis \u00e0 l\u2019imp\u00f4t sur le revenu (revenus de capitaux, du patrimoine, etc.)<\/li>\n<\/ul>\n<p><strong>La prime d&rsquo;activit\u00e9 tient compte de 5 composantes dont le montant peut varier selon votre situation personnelle :\u00a0<\/strong><\/p>\n<ul>\n<li><b>Montant forfaitaire<\/b>\u00a0: montant d\u00e9termin\u00e9 selon la composition du foyer (couple ou personne seule, nombre d\u2019enfants)<\/li>\n<li><b>59,85% des revenus professionnels<\/b> depuis le 1er octobre 2018 (taux qui \u00e9tait auparavant fix\u00e9 \u00e0 62\u2009%, depuis la cr\u00e9ation de la prime d\u2019activit\u00e9)<\/li>\n<li><b>Bonifications<\/b> : suppl\u00e9ment accord\u00e9 selon le niveau de revenus d\u2019activit\u00e9. Cette bonification est vers\u00e9e \u00e0 partir 59 fois le Smic horaire brut<\/li>\n<li><b>Ressources du foyer<\/b><\/li>\n<li><b>Forfait logement<\/b><\/li>\n<\/ul>\n<p style=\"text-align: center;\"><em><strong>Prime d&rsquo;activit\u00e9 = (montant forfaitaire + <b>59,85%<\/b> des revenus professionnels + bonifications) &#8211; ressources du foyer &#8211; forfait logement\u00a0<\/strong><\/em><\/p>\n<p>&nbsp;<\/p>\n<div class='cta-block'><div class='text'>Simulez votre prime d&rsquo;activit\u00e9 en 2 min. <\/div><a href='https:\/\/www.mes-allocs.fr\/ab-app?origin=guides\/wp-json\/wp\/v2\/posts\/11294' class='app-button fit'>Simulation gratuite<\/a><\/div>\n<p>&nbsp;<\/p>\n<h1><span id=\"Limite_de_salaire_quand_on_est_etudiant_ou_apprenti\" class=\"ez-toc-section\">Quel salaire pour \u00eatre \u00e9ligible \u00e0 la prime d&rsquo;activit\u00e9 ?<\/span><\/h1>\n<p>La prime d\u2019activit\u00e9 se d\u00e9clenche d\u00e8s le 1er euro de revenu d\u2019activit\u00e9, y compris quand on est jeune salari\u00e9 ou ind\u00e9pendant.<\/p>\n<p>En revanche, ce principe ne s\u2019applique pas \u00e0 un \u00e9tudiant qui travaille pour financer ses \u00e9tudes, \u00e0 un stagiaire ou \u00e0 un apprenti. Pour ce type de profil, des conditions sp\u00e9cifiques sont applicables ; il faut percevoir un certain montant de r\u00e9mun\u00e9ration pour pr\u00e9tendre \u00e0 la prime.<\/p>\n<p>Pour avoir droit \u00e0 la prime d\u2019activit\u00e9 en tant que stagiaire, le salaire minimum per\u00e7u durant les trois mois pr\u00e9c\u00e9dant la demande doit \u00eatre au moins \u00e9gal \u00e0 1 117,26 \u20ac par mois.<\/p>\n<h1><span id=\"Prime_dactivite_gerant_non_salarie_comment_en_faire_la_demande\">Prime d\u2019activit\u00e9 stagiaire : comment en faire la demande ?<\/span><\/h1>\n<h2>La demande initiale<\/h2>\n<p>Comme pour tout autre travailleur aux revenus modestes, une\u00a0<b>demande en ligne<\/b> est possible. Il vous suffira de vous rendre sur le site de la Caf ou de la MSA, suivant votre profil. Vous pouvez aussi passer par l\u2019application de la Caf ou de la MSA.<\/p>\n<p>Lors de votre inscription vous devrez donc\u00a0<b>renseigner vos revenus<\/b>\u00a0ainsi que ceux de<b>\u00a0l\u2019ensemble des membres de votre foyer<\/b>.\u00a0Il conviendra de r\u00e9p\u00e9ter cette op\u00e9ration tous les trois mois, lors de votre\u00a0<b>d\u00e9claration trimestrielle<\/b>\u00a0de revenus (DTR), pour le renouvellement de vos droits.<\/p>\n<p>En effet, le montant de votre prime d\u2019activit\u00e9 est calcul\u00e9 pour une p\u00e9riode de 3 mois. Ce calcul est fait en fonction de vos revenus du trimestre pr\u00e9c\u00e9dent.<\/p>\n<p>Lors de cette DTR, vous devrez donc d\u00e9clarez votre dernier chiffre d\u2019affaires trimestriel. Votre expert comptable pourra vous fournir ce chiffre.<\/p>\n<p>Le calcul de la prime prend en compte de param\u00e8tres multiples. Votre situation familiale ou patrimoniale est notamment prise en compte. De ce fait, son montant n\u2019est pas fixe. Il peut varier d\u2019un b\u00e9n\u00e9ficiaire \u00e0 un autre et d\u2019un trimestre \u00e0 l\u2019autre pour un m\u00eame b\u00e9n\u00e9ficiaire.<\/p>\n<p>La prime est vers\u00e9e mensuellement, vous la recevrez donc, tous les 5 du mois.<\/p>\n<h2><span id=\"En_cas_de_changement_de_situation\">En cas de changement de situation<\/span><\/h2>\n<p align=\"justify\"><span class=\"amp-wp-b9d98c2\" data-amp-original-style=\"font-size: medium;\">Toutefois, vous devez savoir que tout changement de situation (changement du statut social, etc.) devra \u00eatre signal\u00e9 imm\u00e9diatement aux services comp\u00e9tents.<\/span><\/p>\n<p align=\"justify\">Par exemple, si vous vous mariez ou au contraire si vous vous s\u00e9parez. Vous devrez signaler ce changement de situation \u00e0 la Caf.<\/p>\n<p align=\"justify\"><span class=\"amp-wp-b9d98c2\" data-amp-original-style=\"font-size: medium;\">Cette mise \u00e0 jour ne viendra pas modifier les droits dont vous b\u00e9n\u00e9ficiez d\u00e9j\u00e0. Elle viendra apporter des modifications au versement de votre prime (si la situation l\u2019impose) lors du recalcul de vos droits.<\/span><\/p>\n<p><strong>\u00c0 noter :<\/strong>\u00a0le versement de la prime d\u2019activit\u00e9 n\u2019est pas r\u00e9troactif.<br \/>\nIl s\u2019agit d\u2019un revenu non imposable \u00e0 l\u2019imp\u00f4t sur le revenu. Elle est aussi exon\u00e9r\u00e9e de CSG et de CRDS.<\/p>\n<div class='cta-block'><div class='text'>Simulez votre prime d&rsquo;activit\u00e9 en 2 min. <\/div><a href='https:\/\/www.mes-allocs.fr\/ab-app?origin=guides\/wp-json\/wp\/v2\/posts\/11294' class='app-button fit'>Simulation gratuite<\/a><\/div>\n<p>&nbsp;<\/p>\n<p>De plus, si vous avez besoin d&rsquo;\u00eatre accompagn\u00e9(e) dans vos d\u00e9marches administratives relatives \u00e0 la prime d&rsquo;activit\u00e9, n&rsquo;h\u00e9sitez pas \u00e0 <a href=\"https:\/\/www.mes-allocs.fr\/souscription\" target=\"_blank\" rel=\"noopener\">faire appel \u00e0 l&rsquo;un de nos experts<\/a>.<\/p>\n","protected":false},"excerpt":{"rendered":"<p>[Mis \u00e0 jour le 02\/04\/2026] La prime d&rsquo;activit\u00e9 est une prestation ouverte depuis janvier 2016. Elle a pour objectif d&rsquo;augmenter les revenus des personnes exer\u00e7ant une activit\u00e9, mais dont les revenus sont faibles. \u00c9tudiants, \u00e9tudiants salari\u00e9s, apprentis et stagiaire de plus de 18 ans peuvent faire valoir leurs droits au m\u00eame titre que les autres. [&hellip;]<\/p>\n","protected":false},"author":7,"featured_media":105616,"comment_status":"open","ping_status":"open","sticky":false,"template":"","format":"standard","meta":{"amp_status":"","footnotes":""},"categories":[20,3130],"tags":[],"class_list":["post-11294","post","type-post","status-publish","format-standard","has-post-thumbnail","hentry","category-prime-d-activite","category-prime-activite-conditions"],"yoast_head":"<!-- This site is optimized with the Yoast SEO plugin v14.9 - https:\/\/yoast.com\/wordpress\/plugins\/seo\/ -->\n<title>Prime d&#039;activit\u00e9 en stage 2026 : conditions, montant, d\u00e9marches | Mes-Allocs.fr<\/title>\n<meta name=\"description\" content=\"La prime d&#039;activit\u00e9 est ouverte aux personnes en stage. D\u00e9couvrez d\u00e8s maintenant les conditions, montants et d\u00e9marches \u00e0 effectuer en 2026.\" \/>\n<meta name=\"robots\" content=\"index, follow, max-snippet:-1, max-image-preview:large, max-video-preview:-1\" \/>\n<link rel=\"canonical\" href=\"https:\/\/www.mes-allocs.fr\/guides\/prime-d-activite\/prime-activite-conditions\/prime-activite-stage\/\" \/>\n<meta property=\"og:locale\" content=\"fr_FR\" \/>\n<meta property=\"og:type\" content=\"article\" \/>\n<meta property=\"og:title\" content=\"Prime d&#039;activit\u00e9 en stage 2026 : conditions, montant, d\u00e9marches | Mes-Allocs.fr\" \/>\n<meta property=\"og:description\" content=\"La prime d&#039;activit\u00e9 est ouverte aux personnes en stage. D\u00e9couvrez d\u00e8s maintenant les conditions, montants et d\u00e9marches \u00e0 effectuer en 2026.\" \/>\n<meta property=\"og:url\" content=\"https:\/\/www.mes-allocs.fr\/guides\/prime-d-activite\/prime-activite-conditions\/prime-activite-stage\/\" \/>\n<meta property=\"og:site_name\" content=\"Mes-Allocs.fr\" \/>\n<meta property=\"article:published_time\" content=\"2020-08-18T09:41:02+00:00\" \/>\n<meta property=\"article:modified_time\" content=\"2026-04-02T12:17:33+00:00\" \/>\n<meta property=\"og:image\" content=\"https:\/\/www.mes-allocs.fr\/guides\/wp-content\/uploads\/2020\/08\/prime-activite-stage.jpg?wsr\" \/>\n\t<meta property=\"og:image:width\" content=\"1024\" \/>\n\t<meta property=\"og:image:height\" content=\"683\" \/>\n<meta name=\"twitter:card\" content=\"summary_large_image\" \/>\n<script type=\"application\/ld+json\" class=\"yoast-schema-graph\">{\"@context\":\"https:\/\/schema.org\",\"@graph\":[{\"@type\":\"WebSite\",\"@id\":\"https:\/\/www.mes-allocs.fr\/guides\/#website\",\"url\":\"https:\/\/www.mes-allocs.fr\/guides\/\",\"name\":\"Mes-Allocs.fr\",\"description\":\"\",\"potentialAction\":[{\"@type\":\"SearchAction\",\"target\":\"https:\/\/www.mes-allocs.fr\/guides\/?s={search_term_string}\",\"query-input\":\"required name=search_term_string\"}],\"inLanguage\":\"fr-FR\"},{\"@type\":\"ImageObject\",\"@id\":\"https:\/\/www.mes-allocs.fr\/guides\/prime-d-activite\/prime-activite-conditions\/prime-activite-stage\/#primaryimage\",\"inLanguage\":\"fr-FR\",\"url\":\"https:\/\/www.mes-allocs.fr\/guides\/wp-content\/uploads\/2020\/08\/prime-activite-stage.jpg?wsr\",\"width\":1024,\"height\":683,\"caption\":\"prime activite stage\"},{\"@type\":\"WebPage\",\"@id\":\"https:\/\/www.mes-allocs.fr\/guides\/prime-d-activite\/prime-activite-conditions\/prime-activite-stage\/#webpage\",\"url\":\"https:\/\/www.mes-allocs.fr\/guides\/prime-d-activite\/prime-activite-conditions\/prime-activite-stage\/\",\"name\":\"Prime d'activit\\u00e9 en stage 2026 : conditions, montant, d\\u00e9marches | Mes-Allocs.fr\",\"isPartOf\":{\"@id\":\"https:\/\/www.mes-allocs.fr\/guides\/#website\"},\"primaryImageOfPage\":{\"@id\":\"https:\/\/www.mes-allocs.fr\/guides\/prime-d-activite\/prime-activite-conditions\/prime-activite-stage\/#primaryimage\"},\"datePublished\":\"2020-08-18T09:41:02+00:00\",\"dateModified\":\"2026-04-02T12:17:33+00:00\",\"author\":{\"@id\":\"https:\/\/www.mes-allocs.fr\/guides\/#\/schema\/person\/1c4837d5703727cb02ce84583b5a44aa\"},\"description\":\"La prime d'activit\\u00e9 est ouverte aux personnes en stage. D\\u00e9couvrez d\\u00e8s maintenant les conditions, montants et d\\u00e9marches \\u00e0 effectuer en 2026.\",\"inLanguage\":\"fr-FR\"},{\"@type\":\"Person\",\"@id\":\"https:\/\/www.mes-allocs.fr\/guides\/#\/schema\/person\/1c4837d5703727cb02ce84583b5a44aa\",\"name\":\"Fabiola\",\"image\":{\"@type\":\"ImageObject\",\"@id\":\"https:\/\/www.mes-allocs.fr\/guides\/#personlogo\",\"inLanguage\":\"fr-FR\",\"url\":\"https:\/\/www.mes-allocs.fr\/guides\/wp-content\/uploads\/2021\/06\/fabiola-150x150.png\",\"caption\":\"Fabiola\"},\"description\":\"Fabiola est r\\u00e9dactrice au sein de l'\\u00e9quipe Mes Allocs, sp\\u00e9cialis\\u00e9e en sciences politiques et affaires publiques. Dipl\\u00f4m\\u00e9e de l'HEIP, elle rejoint Mes Allocs apr\\u00e8s une premi\\u00e8re exp\\u00e9rience \\u00e0 l'Assembl\\u00e9e Nationale.\",\"sameAs\":[\"https:\/\/www.linkedin.com\/in\/cecilia-philippe-b-8a8085195\"]}]}<\/script>\n<!-- \/ Yoast SEO plugin. -->","amp_validity":null,"acf":{"faq":{"1":{"question":"Est-ce que les \u00e9tudiants ont droit \u00e0 la prime d'activit\u00e9 ?","answer":"La prime d'activit\u00e9 remplace le RSA activit\u00e9 et la prime pour l'emploi. Les \u00e9tudiants salari\u00e9s, les stagiaires et les apprentis  de 18 ans ou plus peuvent en b\u00e9n\u00e9ficier sous certaines conditions."},"2":{"question":"Quelles conditions pour toucher la prime d'activit\u00e9 ?","answer":"Pour avoir droit \u00e0 la prime d'activit\u00e9, vous devez remplir l'ensemble des conditions suivantes : Avoir une activit\u00e9 professionnelle et percevoir des revenus modestes. R\u00e9sider en France de mani\u00e8re stable et effective. \u00catre en s\u00e9jour r\u00e9gulier et avoir 18 ans ou plus.\r\n<br> <a href=\"https:\/\/www.mes-allocs.fr\/guides\/prime-d-activite\/prime-d-activite-conditions\/\">Lire la suite<\/a>"},"3":{"question":"Qui a le droit \u00e0 la prime d'activit\u00e9 en 2026 ?","answer":"Pour b\u00e9n\u00e9ficier de la prime d'activit\u00e9 vous devez respecter les plafonds en vigueur.\r\nexemple : Une personne seule sans enfant et percevant jusqu'\u00e0 2.000 euros nets environ est \u00e9ligible \u00e0 la prime d'activit\u00e9.\r\n"},"4":{"question":"Les travailleurs ind\u00e9pendants peuvent b\u00e9n\u00e9ficier de la prime d'activit\u00e9 ?","answer":"Les travailleurs ind\u00e9pendants peuvent faire valoir leurs droits \u00e0 la prime d'activit\u00e9 au m\u00eame titre que les autres travailleurs. N\u00e9anmoins, c'est leur chiffre d'affaires annuel qui sera pris dans le calcul."},"5":{"question":"Peut-on cumuler la prime d'activit\u00e9 avec d'autres aides ? ","answer":"La prime d'activit\u00e9 est cumulable avec certaines aides, mais pas toutes ! Par exemple, elle est cumulable avec les APL et l'AAH."},"6":{"question":"A quelle date la prime d'activit\u00e9 est-elle vers\u00e9e ?","answer":"La prime d\u2019activit\u00e9 est vers\u00e9e le 5 de chaque mois. Par exemple, pour une demande effectu\u00e9e avant le 25 septembre, vous aurez le premier versement le 5 octobre. \r\n"},"7":{"question":"","answer":""},"8":{"question":"","answer":""},"9":{"question":"","answer":""},"10":{"question":"","answer":""},"11":{"question":"","answer":""},"12":{"question":"","answer":""},"13":{"question":"","answer":""},"14":{"question":"","answer":""},"15":{"question":"","answer":""},"16":{"question":"","answer":""}}},"_links":{"self":[{"href":"https:\/\/www.mes-allocs.fr\/guides\/wp-json\/wp\/v2\/posts\/11294","targetHints":{"allow":["GET"]}}],"collection":[{"href":"https:\/\/www.mes-allocs.fr\/guides\/wp-json\/wp\/v2\/posts"}],"about":[{"href":"https:\/\/www.mes-allocs.fr\/guides\/wp-json\/wp\/v2\/types\/post"}],"author":[{"embeddable":true,"href":"https:\/\/www.mes-allocs.fr\/guides\/wp-json\/wp\/v2\/users\/7"}],"replies":[{"embeddable":true,"href":"https:\/\/www.mes-allocs.fr\/guides\/wp-json\/wp\/v2\/comments?post=11294"}],"version-history":[{"count":56,"href":"https:\/\/www.mes-allocs.fr\/guides\/wp-json\/wp\/v2\/posts\/11294\/revisions"}],"predecessor-version":[{"id":111359,"href":"https:\/\/www.mes-allocs.fr\/guides\/wp-json\/wp\/v2\/posts\/11294\/revisions\/111359"}],"wp:featuredmedia":[{"embeddable":true,"href":"https:\/\/www.mes-allocs.fr\/guides\/wp-json\/wp\/v2\/media\/105616"}],"wp:attachment":[{"href":"https:\/\/www.mes-allocs.fr\/guides\/wp-json\/wp\/v2\/media?parent=11294"}],"wp:term":[{"taxonomy":"category","embeddable":true,"href":"https:\/\/www.mes-allocs.fr\/guides\/wp-json\/wp\/v2\/categories?post=11294"},{"taxonomy":"post_tag","embeddable":true,"href":"https:\/\/www.mes-allocs.fr\/guides\/wp-json\/wp\/v2\/tags?post=11294"}],"curies":[{"name":"wp","href":"https:\/\/api.w.org\/{rel}","templated":true}]}}