{"id":110561,"date":"2026-03-18T10:21:46","date_gmt":"2026-03-18T09:21:46","guid":{"rendered":"https:\/\/www.mes-allocs.fr\/guides\/?p=110561"},"modified":"2026-04-28T08:50:19","modified_gmt":"2026-04-28T07:50:19","slug":"augmentation-ass","status":"publish","type":"post","link":"https:\/\/www.mes-allocs.fr\/guides\/chomage\/allocation-de-solidarite-specifique\/augmentation-ass\/","title":{"rendered":"Augmentation ASS : quelle hausse le 4 mai 2026 ?"},"content":{"rendered":"<p>[Mis \u00e0 jour le 28\/04\/2026] Vous percevez l&rsquo;<a href=\"https:\/\/www.mes-allocs.fr\/guides\/chomage\/allocation-de-solidarite-specifique\/\">Allocation de solidarit\u00e9 sp\u00e9cifique (ASS)<\/a> et vous vous interrogez sur l\u2019\u00e9volution de son montant suite \u00e0 la hausse du 1er avril 2026 ? Comme chaque ann\u00e9e \u00e0 la m\u00eame date, <b>l\u2019augmentation de l\u2019ASS<\/b> permet de s&rsquo;ajuster au co\u00fbt de la vie. Quelle est la hausse dont vous allez profiter le 4 mai 2026 ? On vous explique.<\/p>\n<div class='cta-block'><div class='text'>Simuler mon AAH et toutes mes aides.<\/div><a href='https:\/\/www.mes-allocs.fr\/ab-app?origin=guides\/wp-json\/wp\/v2\/posts\/110561' class='app-button fit'>Simulation gratuite<\/a><\/div>\n<h1>Est-ce que l\u2019ASS a augment\u00e9 au 1er avril 2026 ?<\/h1>\n<p><b>Oui<\/b>, le <a href=\"https:\/\/www.mes-allocs.fr\/guides\/chomage\/allocation-de-solidarite-specifique\/montant-ass\/\">montant de l\u2019ASS<\/a> a augment\u00e9 le 1er avril 2026. Comme chaque ann\u00e9e, l&rsquo;Allocation de Solidarit\u00e9 Sp\u00e9cifique (ASS) fait l&rsquo;objet d&rsquo;une revalorisation. Cette hausse est calcul\u00e9e en fonction de l&rsquo;\u00e9volution des prix \u00e0 la consommation (hors tabac) constat\u00e9e sur l&rsquo;ann\u00e9e 2025 pour maintenir votre pouvoir d&rsquo;achat face \u00e0 la hausse du co\u00fbt de la vie.<\/p>\n<h1>Revalorisation de l\u2019ASS : ce qu\u2019il faut savoir<\/h1>\n<h2>Quel est le nouveau montant de l\u2019ASS en 2026 ?<\/h2>\n<p>Au 1er avril 2026, le montant journalier de l&rsquo;ASS passe \u00e0 <b>19,48<\/b><b>\u00a0\u20ac<\/b>. Cela repr\u00e9sente une allocation mensuelle de <strong>584,4<\/strong><b>\u00a0\u20ac<\/b> pour un mois de 30 jours.<\/p>\n\n<div class=\"wpdt-c row wpDataTableContainerSimpleTable wpDataTables wpDataTablesWrapper\n\"\n    >\n    <table id=\"wpdtSimpleTable-808\"\n           class=\"wpdtSimpleTable wpDataTable\"\n           data-column=\"3\"\n           data-rows=\"3\"\n           data-wpID=\"808\"\n           data-responsive=\"0\"\n           data-has-header=\"0\">\n\n                    <tbody>        <tr class=\"wpdt-cell-row \" >\n                            <td class=\"wpdt-cell wpdt-bold wpdt-bc-F3F9FE\"\n                                    data-cell-id=\"A1\"\n                data-col-index=\"0\"\n                data-row-index=\"0\"\n                style=\" width:33.333333333333%;                padding:10px;\"\n                >\n                                P\u00e9riode                <\/td>\n                                            <td class=\"wpdt-cell wpdt-bold wpdt-bc-F3F9FE\"\n                                    data-cell-id=\"B1\"\n                data-col-index=\"1\"\n                data-row-index=\"0\"\n                style=\" width:33.333333333333%;                padding:10px;\"\n                >\n                                Montant journalier                <\/td>\n                                            <td class=\"wpdt-cell wpdt-bold wpdt-bc-F3F9FE\"\n                                    data-cell-id=\"C1\"\n                data-col-index=\"2\"\n                data-row-index=\"0\"\n                style=\" width:33.333333333333%;                padding:10px;\"\n                >\n                                Montant mensuel (30 jours)                <\/td>\n                                        <\/tr>\n                            <tr class=\"wpdt-cell-row \" >\n                            <td class=\"wpdt-cell \"\n                                    data-cell-id=\"A2\"\n                data-col-index=\"0\"\n                data-row-index=\"1\"\n                style=\"                padding:10px;\"\n                >\n                                Avant le 1er avril 2026                <\/td>\n                                            <td class=\"wpdt-cell \"\n                                    data-cell-id=\"B2\"\n                data-col-index=\"1\"\n                data-row-index=\"1\"\n                style=\"                padding:10px;\"\n                >\n                                19,33 \u20ac                <\/td>\n                                            <td class=\"wpdt-cell \"\n                                    data-cell-id=\"C2\"\n                data-col-index=\"2\"\n                data-row-index=\"1\"\n                style=\"                padding:10px;\"\n                >\n                                579,90 \u20ac                <\/td>\n                                        <\/tr>\n                            <tr class=\"wpdt-cell-row \" >\n                            <td class=\"wpdt-cell \"\n                                    data-cell-id=\"A3\"\n                data-col-index=\"0\"\n                data-row-index=\"2\"\n                style=\"                padding:10px;\"\n                >\n                                \u00c0 partir du 1er avril 2026                <\/td>\n                                            <td class=\"wpdt-cell \"\n                                    data-cell-id=\"B3\"\n                data-col-index=\"1\"\n                data-row-index=\"2\"\n                style=\"                padding:10px;\"\n                >\n                                19,48 \u20ac                <\/td>\n                                            <td class=\"wpdt-cell \"\n                                    data-cell-id=\"C3\"\n                data-col-index=\"2\"\n                data-row-index=\"2\"\n                style=\"                padding:10px;\"\n                >\n                                584,4 \u20ac                <\/td>\n                                        <\/tr>\n                    <\/table>\n<\/div><style id='wpdt-custom-style-808'>\n.wpdt-bc-F3F9FE { background-color: #F3F9FE !important;}\n<\/style>\n\n<div class='shortcode important'><div class='title'>Important<\/div><div class='content'>Ce montant est le maximum accord\u00e9 \u00e0 une personne seule dont les ressources mensuelles ne d\u00e9passent pas un certain plafond. Si vos ressources sont proches du plafond, le montant de l&rsquo;ASS peut \u00eatre r\u00e9duit de mani\u00e8re \u00e0 ce que le cumul (ressources + ASS) ne d\u00e9passe pas la limite autoris\u00e9e par la loi.<\/div><\/div>\n<h2>Est-ce que l\u2019ASS est revaloris\u00e9e chaque ann\u00e9e ?<\/h2>\n<p><b>Oui<\/b>, l\u2019ASS est revaloris\u00e9e chaque ann\u00e9e car une <b>r\u00e9vision annuelle est pr\u00e9vue tous les 1<\/b><b>er<\/b><b> avril<\/b>. Le gouvernement peut toutefois d\u00e9cider exceptionnellement d\u2019une hausse plus importante ou d\u2019un gel selon la situation \u00e9conomique.<\/p>\n<div class='cta-block'><div class='text'>Simuler mon AAH et toutes mes aides.<\/div><a href='https:\/\/www.mes-allocs.fr\/ab-app?origin=guides\/wp-json\/wp\/v2\/posts\/110561' class='app-button fit'>Simulation gratuite<\/a><\/div>\n<h1>Quand recevrez-vous le montant revaloris\u00e9 de l\u2019ASS ?<\/h1>\n<p>Le nouveau montant de l\u2019ASS est visible sur votre compte<b> le 4 mai 2026<\/b>. En effet, les paiements de France Travail sont vers\u00e9s avec un mois de d\u00e9calage : comme la revalorisation s\u2019applique \u00e0 partir d\u2019avril 2026, elle appara\u00eet lors du versement effectu\u00e9 en mai.<\/p>\n<p>Si vous constatez que le montant vers\u00e9 d\u00e9but mai n&rsquo;a pas chang\u00e9, v\u00e9rifiez votre avis de situation sur votre espace personnel France Travail. Une modification de vos revenus peut parfois compenser la hausse de l&rsquo;allocation, rendant l&rsquo;augmentation invisible sur votre virement.<\/p>\n<h1>Qui est concern\u00e9 par l\u2019augmentation de l\u2019ASS ?<\/h1>\n<p>L&rsquo;augmentation de l\u2019ASS concerne<b> tous les b\u00e9n\u00e9ficiaires actuels <\/b>dont les droits sont encore ouverts au 1er avril 2026. Pour rappel, l&rsquo;ASS s&rsquo;adresse aux demandeurs d&#8217;emploi qui ont <b>\u00e9puis\u00e9 leurs droits aux Allocations d\u2019aide au retour \u00e0 l\u2019emploi (ARE)<\/b> et qui remplissent les conditions suivantes :<\/p>\n<ul>\n<li aria-level=\"1\">\u00catre apte au travail et maintenir une recherche active d&#8217;emploi<\/li>\n<li aria-level=\"1\">Justifier de 5 ans d&rsquo;activit\u00e9 salari\u00e9e au cours des 10 ans pr\u00e9c\u00e9dant la fin du contrat<\/li>\n<li aria-level=\"1\">Ne pas d\u00e9passer le plafond de ressources mensuelles pr\u00e9vu<\/li>\n<\/ul>\n<p>Si vous respectez toujours ces conditions le 1er avril 2026, vous pouvez b\u00e9n\u00e9ficier de l\u2019ASS revaloris\u00e9e.<\/p>\n<div class='shortcode summary'><div class='title'>En r\u00e9sum\u00e9 :<\/div><div class='content'><ul><li>Au <b>1er avril 2026<\/b>, le montant journalier de l\u2019ASS passe \u00e0 <strong>19,48<\/strong><b>\u00a0\u20ac<\/b>, soit <strong>584,4<\/strong><b>\u00a0\u20ac<\/b> pour un mois de 30 jours, une hausse calcul\u00e9e selon l\u2019\u00e9volution des prix \u00e0 la consommation en 2025.<\/li><li>Cette revalorisation annuelle concerne tous les <b>b\u00e9n\u00e9ficiaires dont les droits sont ouverts \u00e0 cette date<\/b> et qui respectent les conditions de ressources et d\u2019activit\u00e9.<\/li><li>Le nouveau montant est visible sur le compte des allocataires <b>\u00e0 partir de mai 2026<\/b>, avec un d\u00e9calage d\u2019un mois par rapport \u00e0 l\u2019application de l\u2019augmentation.<\/li><\/ul><\/div><\/div>\n<div class='cta-block'><div class='text'>Simuler mon AAH et toutes mes aides.<\/div><a href='https:\/\/www.mes-allocs.fr\/ab-app?origin=guides\/wp-json\/wp\/v2\/posts\/110561' class='app-button fit'>Simulation gratuite<\/a><\/div>\n","protected":false},"excerpt":{"rendered":"<p>[Mis \u00e0 jour le 28\/04\/2026] Vous percevez l&rsquo;Allocation de solidarit\u00e9 sp\u00e9cifique (ASS) et vous vous interrogez sur l\u2019\u00e9volution de son montant suite \u00e0 la hausse du 1er avril 2026 ? Comme chaque ann\u00e9e \u00e0 la m\u00eame date, l\u2019augmentation de l\u2019ASS permet de s&rsquo;ajuster au co\u00fbt de la vie. Quelle est la hausse dont vous allez [&hellip;]<\/p>\n","protected":false},"author":37,"featured_media":110564,"comment_status":"open","ping_status":"open","sticky":false,"template":"","format":"standard","meta":{"amp_status":"","footnotes":""},"categories":[3736,2989],"tags":[],"class_list":["post-110561","post","type-post","status-publish","format-standard","has-post-thumbnail","hentry","category-allocation-de-solidarite-specifique","category-chomage"],"yoast_head":"<!-- This site is optimized with the Yoast SEO plugin v14.9 - https:\/\/yoast.com\/wordpress\/plugins\/seo\/ -->\n<title>Augmentation ASS : quelle hausse le 4 mai 2026 ? | Mes-Allocs.fr<\/title>\n<meta name=\"description\" content=\"Si vous percevez l&#039;Allocation de solidarit\u00e9 sp\u00e9cifique (ASS), votre aide augmente d\u00e8s les 4 mai 2026. Mais de combien ? Et pour qui ?\" \/>\n<meta name=\"robots\" content=\"index, follow, max-snippet:-1, max-image-preview:large, max-video-preview:-1\" \/>\n<link rel=\"canonical\" href=\"https:\/\/www.mes-allocs.fr\/guides\/chomage\/allocation-de-solidarite-specifique\/augmentation-ass\/\" \/>\n<meta property=\"og:locale\" content=\"fr_FR\" \/>\n<meta property=\"og:type\" content=\"article\" \/>\n<meta property=\"og:title\" content=\"Augmentation ASS : quelle hausse le 4 mai 2026 ? | Mes-Allocs.fr\" \/>\n<meta property=\"og:description\" content=\"Si vous percevez l&#039;Allocation de solidarit\u00e9 sp\u00e9cifique (ASS), votre aide augmente d\u00e8s les 4 mai 2026. Mais de combien ? Et pour qui ?\" \/>\n<meta property=\"og:url\" content=\"https:\/\/www.mes-allocs.fr\/guides\/chomage\/allocation-de-solidarite-specifique\/augmentation-ass\/\" \/>\n<meta property=\"og:site_name\" content=\"Mes-Allocs.fr\" \/>\n<meta property=\"article:published_time\" content=\"2026-03-18T09:21:46+00:00\" \/>\n<meta property=\"article:modified_time\" content=\"2026-04-28T07:50:19+00:00\" \/>\n<meta property=\"og:image\" content=\"https:\/\/www.mes-allocs.fr\/guides\/wp-content\/uploads\/2026\/03\/augmentation-ass.jpg?wsr\" \/>\n\t<meta property=\"og:image:width\" content=\"1280\" \/>\n\t<meta property=\"og:image:height\" content=\"853\" \/>\n<meta name=\"twitter:card\" content=\"summary_large_image\" \/>\n<script type=\"application\/ld+json\" class=\"yoast-schema-graph\">{\"@context\":\"https:\/\/schema.org\",\"@graph\":[{\"@type\":\"WebSite\",\"@id\":\"https:\/\/www.mes-allocs.fr\/guides\/#website\",\"url\":\"https:\/\/www.mes-allocs.fr\/guides\/\",\"name\":\"Mes-Allocs.fr\",\"description\":\"\",\"potentialAction\":[{\"@type\":\"SearchAction\",\"target\":\"https:\/\/www.mes-allocs.fr\/guides\/?s={search_term_string}\",\"query-input\":\"required name=search_term_string\"}],\"inLanguage\":\"fr-FR\"},{\"@type\":\"ImageObject\",\"@id\":\"https:\/\/www.mes-allocs.fr\/guides\/chomage\/allocation-de-solidarite-specifique\/augmentation-ass\/#primaryimage\",\"inLanguage\":\"fr-FR\",\"url\":\"https:\/\/www.mes-allocs.fr\/guides\/wp-content\/uploads\/2026\/03\/augmentation-ass.jpg?wsr\",\"width\":1280,\"height\":853,\"caption\":\"augmentation ass\"},{\"@type\":\"WebPage\",\"@id\":\"https:\/\/www.mes-allocs.fr\/guides\/chomage\/allocation-de-solidarite-specifique\/augmentation-ass\/#webpage\",\"url\":\"https:\/\/www.mes-allocs.fr\/guides\/chomage\/allocation-de-solidarite-specifique\/augmentation-ass\/\",\"name\":\"Augmentation ASS : quelle hausse le 4 mai 2026 ? | Mes-Allocs.fr\",\"isPartOf\":{\"@id\":\"https:\/\/www.mes-allocs.fr\/guides\/#website\"},\"primaryImageOfPage\":{\"@id\":\"https:\/\/www.mes-allocs.fr\/guides\/chomage\/allocation-de-solidarite-specifique\/augmentation-ass\/#primaryimage\"},\"datePublished\":\"2026-03-18T09:21:46+00:00\",\"dateModified\":\"2026-04-28T07:50:19+00:00\",\"author\":{\"@id\":\"https:\/\/www.mes-allocs.fr\/guides\/#\/schema\/person\/3d888db01e43cfe87ec8e5048f29f3d8\"},\"description\":\"Si vous percevez l'Allocation de solidarit\\u00e9 sp\\u00e9cifique (ASS), votre aide augmente d\\u00e8s les 4 mai 2026. Mais de combien ? Et pour qui ?\",\"inLanguage\":\"fr-FR\"},{\"@type\":\"Person\",\"@id\":\"https:\/\/www.mes-allocs.fr\/guides\/#\/schema\/person\/3d888db01e43cfe87ec8e5048f29f3d8\",\"name\":\"Marlyse Perramant\",\"image\":{\"@type\":\"ImageObject\",\"@id\":\"https:\/\/www.mes-allocs.fr\/guides\/#personlogo\",\"inLanguage\":\"fr-FR\",\"url\":\"https:\/\/www.mes-allocs.fr\/guides\/wp-content\/uploads\/2025\/11\/photo-Marlyse-Perramant-150x150.jpg\",\"caption\":\"Marlyse Perramant\"},\"description\":\"R\\u00e9dactrice chez Mes Allocs depuis novembre 2025, j\\u2019\\u00e9cris sur les aides sociales au sens large : logement, famille, sant\\u00e9, emploi, \\u00e9tudes\\u2026 Mon objectif est de rendre les dispositifs plus compr\\u00e9hensibles gr\\u00e2ce \\u00e0 des explications claires, des crit\\u00e8res d\\u2019\\u00e9ligibilit\\u00e9 d\\u00e9taill\\u00e9s et des d\\u00e9marches pas-\\u00e0-pas. Je m\\u2019appuie sur des sources officielles et veille \\u00e0 la mise \\u00e0 jour des informations. J\\u2019ai \\u00e9galement travaill\\u00e9 pour plusieurs m\\u00e9dias, dont Radio U, Ouest-France et TGB.\",\"sameAs\":[\"https:\/\/www.linkedin.com\/in\/marlyse-perramant-61061225b\/\"]}]}<\/script>\n<!-- \/ Yoast SEO plugin. -->","amp_validity":null,"acf":{"faq":{"1":{"question":"Est-ce que l'ASS va augmenter en 2026 ?","answer":"Oui, l\u2019ASS augmente le 1er avril 2026 pour passer \u00e0 584,4 \u20ac pour un mois de 30 jours."},"2":{"question":"Quel est le montant de l'ASS pour un mois de 31 jours ?","answer":"En 2026, le montant de l\u2019ASS pour un mois de 31 jours est de 603,88 \u20ac, calcul\u00e9 \u00e0 partir du taux journalier de 19,48\u202f\u20ac \u00d7 31 jours."},"3":{"question":"Quelles sont les autres aides en plus de l'ASS ?","answer":"En compl\u00e9ment de l\u2019ASS, d\u2019autres aides peuvent \u00eatre accessibles selon la situation et les ressources du foyer, comme le RSA, la prime d\u2019activit\u00e9, les APL ou ALS, les allocations familiales ou encore l\u2019AAH ou l\u2019ASPA."},"4":{"question":"Quelle est la revalorisation de l'allocation sp\u00e9cifique de solidarit\u00e9 ?","answer":"L'Allocation de Solidarit\u00e9 Sp\u00e9cifique (ASS) est revaloris\u00e9e de 0,8 % au 1er avril 2026, passant de 19,33 \u20ac \u00e0 19,48 \u20ac par jour."},"5":{"question":"Quel est le montant de l'ASPA depuis le 1er janvier 2026 ?","answer":"Depuis le 1er janvier 2026, l'ASPA s'\u00e9l\u00e8ve \u00e0 1 043,59 \u20ac brut par mois maximum pour une personne seule et 1 620,18 \u20ac brut pour un couple."},"6":{"question":"Qui est exclu du ch\u00f4mage en 2026 ?","answer":"Les personnes exclues du ch\u00f4mage sont ceux qui ont d\u00e9missionn\u00e9 sans motif l\u00e9gitime, sauf exceptions comme le harc\u00e8lement ou un d\u00e9m\u00e9nagement. Sont \u00e9galement exclus ceux qui refusent deux offres de CDI conformes apr\u00e8s un CDD ou une mission d\u2019int\u00e9rim, les retrait\u00e9s \u00e0 taux plein, les personnes inaptes physiquement au travail, les non\u2011r\u00e9sidents en France m\u00e9tropolitaine ou dans les DOM (hors Mayotte), ainsi que ceux qui ne cherchent pas activement un emploi."},"7":{"question":"","answer":""},"8":{"question":"","answer":""},"9":{"question":"","answer":""},"10":{"question":"","answer":""},"11":{"question":"","answer":""},"12":{"question":"","answer":""},"13":{"question":"","answer":""},"14":{"question":"","answer":""},"15":{"question":"","answer":""},"16":{"question":"","answer":""}}},"_links":{"self":[{"href":"https:\/\/www.mes-allocs.fr\/guides\/wp-json\/wp\/v2\/posts\/110561","targetHints":{"allow":["GET"]}}],"collection":[{"href":"https:\/\/www.mes-allocs.fr\/guides\/wp-json\/wp\/v2\/posts"}],"about":[{"href":"https:\/\/www.mes-allocs.fr\/guides\/wp-json\/wp\/v2\/types\/post"}],"author":[{"embeddable":true,"href":"https:\/\/www.mes-allocs.fr\/guides\/wp-json\/wp\/v2\/users\/37"}],"replies":[{"embeddable":true,"href":"https:\/\/www.mes-allocs.fr\/guides\/wp-json\/wp\/v2\/comments?post=110561"}],"version-history":[{"count":11,"href":"https:\/\/www.mes-allocs.fr\/guides\/wp-json\/wp\/v2\/posts\/110561\/revisions"}],"predecessor-version":[{"id":112325,"href":"https:\/\/www.mes-allocs.fr\/guides\/wp-json\/wp\/v2\/posts\/110561\/revisions\/112325"}],"wp:featuredmedia":[{"embeddable":true,"href":"https:\/\/www.mes-allocs.fr\/guides\/wp-json\/wp\/v2\/media\/110564"}],"wp:attachment":[{"href":"https:\/\/www.mes-allocs.fr\/guides\/wp-json\/wp\/v2\/media?parent=110561"}],"wp:term":[{"taxonomy":"category","embeddable":true,"href":"https:\/\/www.mes-allocs.fr\/guides\/wp-json\/wp\/v2\/categories?post=110561"},{"taxonomy":"post_tag","embeddable":true,"href":"https:\/\/www.mes-allocs.fr\/guides\/wp-json\/wp\/v2\/tags?post=110561"}],"curies":[{"name":"wp","href":"https:\/\/api.w.org\/{rel}","templated":true}]}}