{"id":10650,"date":"2020-08-10T13:41:34","date_gmt":"2020-08-10T13:41:34","guid":{"rendered":"https:\/\/www.mes-allocs.fr\/guides\/?p=10650"},"modified":"2026-04-10T16:08:05","modified_gmt":"2026-04-10T15:08:05","slug":"reduction-sociale-telephonique","status":"publish","type":"post","link":"https:\/\/www.mes-allocs.fr\/guides\/aides-sociales\/reduction-sociale-telephonique\/","title":{"rendered":"Comment b\u00e9n\u00e9ficier d&rsquo;une reduction sociale telephonique ?"},"content":{"rendered":"<div class=\"e2BEnf U7izfe\">\n<p class=\"med dPAwzb\" style=\"text-align: justify;\" role=\"heading\" aria-level=\"2\"><strong><a href=\"https:\/\/www.mes-allocs.fr\/guides\/wp-content\/uploads\/2020\/08\/Comment-be\u0301ne\u0301ficier-dune-reduction-sociale-telephonique-x.jpg\"><img loading=\"lazy\" decoding=\"async\" class=\"aligncenter wp-image-11027 size-full\" src=\"https:\/\/www.mes-allocs.fr\/guides\/wp-content\/uploads\/2020\/08\/Comment-be\u0301ne\u0301ficier-dune-reduction-sociale-telephonique-x-e1597008803892.jpg\" alt=\"Comment be\u0301ne\u0301ficier d'une reduction sociale telephonique ?x\" width=\"1280\" height=\"297\" srcset=\"https:\/\/www.mes-allocs.fr\/guides\/wp-content\/uploads\/2020\/08\/Comment-be\u0301ne\u0301ficier-dune-reduction-sociale-telephonique-x-e1597008803892.jpg 1280w, https:\/\/www.mes-allocs.fr\/guides\/wp-content\/uploads\/2020\/08\/Comment-be\u0301ne\u0301ficier-dune-reduction-sociale-telephonique-x-e1597008803892-300x70.jpg 300w, https:\/\/www.mes-allocs.fr\/guides\/wp-content\/uploads\/2020\/08\/Comment-be\u0301ne\u0301ficier-dune-reduction-sociale-telephonique-x-e1597008803892-1024x238.jpg 1024w, https:\/\/www.mes-allocs.fr\/guides\/wp-content\/uploads\/2020\/08\/Comment-be\u0301ne\u0301ficier-dune-reduction-sociale-telephonique-x-e1597008803892-768x178.jpg 768w, https:\/\/www.mes-allocs.fr\/guides\/wp-content\/uploads\/2020\/08\/Comment-be\u0301ne\u0301ficier-dune-reduction-sociale-telephonique-x-e1597008803892-600x139.jpg 600w\" sizes=\"auto, (max-width: 1280px) 100vw, 1280px\" \/><\/a><\/strong>[Mis \u00e0 jour le 10\/04\/2026]\u00a0 <strong>Vous pouvez b\u00e9n\u00e9ficier d&rsquo;une r\u00e9duction sociale t\u00e9l\u00e9phonique si vous \u00eates b\u00e9n\u00e9ficiaire des minima sociaux (RSA, ASS, notamment). De m\u00eame, si vous \u00eates un adulte handicap\u00e9 percevant l&rsquo;AAH. Cette r\u00e9duction peut prendre la forme d&rsquo;un all\u00e8gement ou d&rsquo;une prise en charge plus vaste. Mes Allocs vous explique tout sur cette <a href=\"https:\/\/www.mes-allocs.fr\/guides\/aides-sociales\/\">aide sociale<\/a>.<\/strong><\/p>\n<p role=\"heading\" aria-level=\"2\"><div class='cta-block'><div class='text'>Simulez toutes vos aides en 2 min. Gratuit.<\/div><a href='https:\/\/www.mes-allocs.fr\/ab-app?origin=guides\/wp-json\/wp\/v2\/posts\/10650' class='app-button fit'>Simulation gratuite<\/a><\/div><\/p>\n<h1>Qu&rsquo;est-ce que la r\u00e9duction sociale t\u00e9l\u00e9phonique ?<\/h1>\n<\/div>\n<div class=\"card-section\">\n<div class=\"brs_col\" style=\"text-align: justify;\">Depuis le d\u00e9cret d\u2019application n\u00b0 99-162 du 8 mars 1999, vous pouvez pr\u00e9tendre \u00e0 une prise en charge de vos factures t\u00e9l\u00e9phoniques. Et ce, si vous \u00eates b\u00e9n\u00e9ficiaires d&rsquo;aides sociales telles que le RSA ou l&rsquo;ASS, <strong>ou<\/strong> si vous \u00eates reconnu comme \u00e9tant handicap\u00e9e (AAH).<\/div>\n<p style=\"text-align: justify;\">Vous pouvez alors b\u00e9n\u00e9ficier de dispositifs comme :<\/p>\n<div class=\"brs_col\">\n<ul class=\"list-1\">\n<li style=\"text-align: justify;\"><strong>Une r\u00e9duction du forfait t\u00e9l\u00e9phonique pour votre ligne fixe<\/strong> install\u00e9e dans votre r\u00e9sidence principale.<\/li>\n<li><a href=\"https:\/\/www.mes-allocs.fr\/guides\/aides-sociales\/aide-financiere-urgente\/\" target=\"_blank\" rel=\"noopener noreferrer\"><strong>Une aide financi\u00e8re exceptionnelle<\/strong><\/a> pour r\u00e9gulariser vos impay\u00e9s de factures t\u00e9l\u00e9phoniques.<\/li>\n<\/ul>\n<p>Plus pr\u00e9cis\u00e9ment, la <strong>prise en charge des impay\u00e9s inclut<\/strong> :<\/p>\n<ul>\n<li>l\u2019abonnement du t\u00e9l\u00e9phone fixe,<\/li>\n<li>les communications nationales \u00e9mises vers des fixes+ un maintien d\u2019une ligne t\u00e9l\u00e9phonique limit\u00e9e (r\u00e9ception d\u2019appels, composition de num\u00e9ros d\u2019urgence ou gratuits uniquement).<\/li>\n<\/ul>\n<h2 id=\"qui-peut-en-beneficier\">Qui peut b\u00e9n\u00e9ficier de ces r\u00e9ductions\u2009?<\/h2>\n<p style=\"text-align: justify;\">Vous \u00eates \u00e9ligible si vous disposez de <strong> faibles ressources ou \u00eates en situation de handicap (d\u00e9cret n\u00b0 99-162 du 8 mars 1999<\/strong><strong>) : invalide de guerre ou victime civile d\u2019attentat. De plus, vous devez obligatoirement percevoir les aides suivantes :<\/strong><\/p>\n<ul>\n<li style=\"text-align: justify;\">RSA (Revenu de solidarit\u00e9 active),<\/li>\n<li style=\"text-align: justify;\">ASS (Allocation de solidarit\u00e9 sp\u00e9cifique),<\/li>\n<li>AAH (Allocation aux adultes handicap\u00e9s).<\/li>\n<\/ul>\n<p><strong>Attention : <\/strong>la r\u00e9duction t\u00e9l\u00e9phone orange est la seule \u00e0 s&rsquo;adresser aux plus d\u00e9munis. Par cons\u00e9quent, si vous n&rsquo;\u00eates pas chez Orange (France telecom), impossible de la solliciter.<\/p>\n<h2 id=\"Comment_faire_une_demande_de_r\u00e9duction_sociale_t\u00e9l\u00e9phonique_?\">Comment faire une demande de r\u00e9duction sociale t\u00e9l\u00e9phonique ?<\/h2>\n<p>Tout d\u00e9pend du type de r\u00e9duction que vous demandez. D\u00e8s lors, <strong>pour une r\u00e9duction tarifaire de l&rsquo;abonnement t\u00e9l\u00e9phonique :<\/strong><\/p>\n<ul>\n<li>votre organisme social (CAF ou MSA) vous envoie <strong>directement une attestation<\/strong> \u00e0 remplir et \u00e0 transmettre \u00e0 l\u2019adresse indiqu\u00e9e.<\/li>\n<li>en cas de non r\u00e9ception de l&rsquo;attestation, vous devez faire une demande par courrier aupr\u00e8s de votre organisme social.<\/li>\n<\/ul>\n<p>Apr\u00e8s envoi de l\u2019attestation, la r\u00e9duction est mise en place dans un d\u00e9lai de 2 mois. En outre, la validit\u00e9 de la r\u00e9duction sociale est d&rsquo;un an. Et elle est renouvelable, apr\u00e8s l&rsquo;examen de vos droits.<\/p>\n<p id=\"Pour_obtenir_l\u2019all\u00e8gement_tarifaire_de_l\u2019abonnement_t\u00e9l\u00e9phonique_:\">D&rsquo;autre part, pour une prise en charge de vos dettes t\u00e9l\u00e9phoniques, vous devez :<\/p>\n<ul>\n<li>adresser une demande de prise en charge au <strong>c<\/strong><strong>onseil g\u00e9n\u00e9ral<\/strong> dont vous d\u00e9pendez. Cela doit se faire via courrier recommand\u00e9 (avec accus\u00e9 de r\u00e9ception).<\/li>\n<li>indiquez vos ressources (\u00e0 l&rsquo;aide de justificatifs), le type et le montant de vos dettes.<\/li>\n<\/ul>\n<p id=\"Pour_obtenir_une_prise_en_charge_des_dettes_t\u00e9l\u00e9phoniques_:\">Apr\u00e8s examen du dossier, le FSL (<strong>Fonds de solidarit\u00e9 pour le logement<\/strong>) vous attribue une aide financi\u00e8re exceptionnelle afin de r\u00e9gulariser votre situation.<\/p>\n<p>\u00c0 noter que les crit\u00e8res d&rsquo;attribution diff\u00e8rent en fonction des d\u00e9partements. Aussi, d\u00e8s lors que le FSL est saisi, vous disposez automatiquement <strong>d\u2019une ligne t\u00e9l\u00e9phonique restreinte.<\/strong><\/p>\n<h1 id=\"Quel_est_le_montant_de_la_r\u00e9duction_sociale_du_t\u00e9l\u00e9phone_fixe_en_2020_?\">Quel est le montant de la r\u00e9duction sociale t\u00e9l\u00e9phonique 2026 ?<\/h1>\n<p>Parmi les op\u00e9rateurs, Orange <strong>(auparavant appel\u00e9 France T\u00e9l\u00e9com) <\/strong>est le seul \u00e0 offrir un tarif sociale pour la <strong>t\u00e9l\u00e9phonie fixe<\/strong>.<\/p>\n<ul>\n<li>L\u2019abonnement de t\u00e9l\u00e9phonie fixe est \u00e0 <strong>6,49\u20ac mensuels. Et ce, hors communications.<\/strong><\/li>\n<li><strong>Aucun frais d&rsquo;ouverture de ligne n&rsquo;est factur\u00e9, sauf s&rsquo;il n&rsquo;y pas de ligne t\u00e9l\u00e9phonique existante. Dans ce cas, les frais seront de 55\u20ac.<\/strong><\/li>\n<\/ul>\n<h1>Comment \u00e9crire une lettre de demande de r\u00e9duction ?<\/h1>\n<ul>\n<li>Indiquez votre nom et pr\u00e9nom + adresse en haut \u00e0 droite de la lettre.<\/li>\n<li>Puis, le code postal et la ville.<\/li>\n<li>Pr\u00e9cisez le lieu et la date d&rsquo;\u00e9criture, ainsi que l&rsquo;objet.<\/li>\n<li>Commencez par l&rsquo;intitul\u00e9 \u00ab\u00a0madame, monsieur\u00a0\u00bb.<\/li>\n<li>Puis <a href=\"https:\/\/www.mes-allocs.fr\/guides\/aides-sociales\/lettre-demande-aide-financiere-gratuite\/\" target=\"_blank\" rel=\"noopener noreferrer\">expliquez votre situation<\/a> (b\u00e9n\u00e9ficiaire de minima sociaux).<\/li>\n<li>Joignez \u00e0 la lettre votre attestation de r\u00e9duction sociale t\u00e9l\u00e9phonique et formulez explicitement votre demande (\u00ab\u00a0afin d&rsquo;<span id=\"selection-marker-start\" class=\"redactor-selection-marker\"><\/span><span id=\"selection-marker-end\" class=\"redactor-selection-marker\"><\/span>obtenir une r\u00e9duction de mon abonnement t\u00e9l\u00e9phonique mensuel en vertu de l&rsquo;article R20-34 du Code des postes et des communications \u00e9lectroniques\u00a0\u00bb).<\/li>\n<li>Terminez par une formule de politesse et signez.<\/li>\n<\/ul>\n<\/div>\n<\/div>\n<div>\n<h1 id=\"quel-est-le-montant-de-la-reduction-sociale-telephonique\">Quel est le montant de l&rsquo;aide\u2009t\u00e9l\u00e9phonique d&rsquo;Orange ?<\/h1>\n<p>Tout d\u00e9pend de votre profil et du lieu concern\u00e9 par la r\u00e9duction t\u00e9l\u00e9phonique :<\/p>\n<ul>\n<li>R\u00e9sidence principale = un abonnement d&rsquo;Orange existe pour la t\u00e9l\u00e9phonie fixe \u00e0\u00a0<strong>6,49 \u20ac TTC\u00a0<\/strong><strong>par mois, au lieu de 17,56 \u20ac TTC.<\/strong><\/li>\n<li><strong>Invalides de guerre<\/strong> et\u00a0<strong>victimes civiles d\u2019attentat =<\/strong> le montant de l\u2019abonnement est <strong>1,93 \u20ac<\/strong>\u00a0TTC par mois.<\/li>\n<\/ul>\n<p>\u00c0 noter qu&rsquo;il n&rsquo;y a pas de frais d&rsquo;ouverture de ligne. Cependant, si vous n&rsquo;avez pas de ligne de t\u00e9l\u00e9phonie fixe, il vous faudra payer 55\u20ac pour les frais d&rsquo;installation.<\/p>\n<\/div>\n<div class=\"article__intro\">\n<h2 class=\"advads legalstartads\">Existe-t-il une aide pour payer internet moins cher ?<\/h2>\n<\/div>\n<div class=\"card-section\">\n<p>Oui, et \u00e0 l&rsquo;instar de l&rsquo;aide ci-dessus, <a href=\"https:\/\/www.service-public.fr\/particuliers\/vosdroits\/F1337\" target=\"_blank\" rel=\"noopener nofollow noreferrer\">elle est offerte par Orange<\/a>. Elle s&rsquo;adresse aux <strong>b\u00e9n\u00e9ficiaires du RSA.\u00a0<\/strong> Il s&rsquo;agit d&rsquo;un forfait <strong>social internet \u00e0 20 euros par mois + 3 euros par mois pour la location de la livebox. Cette offre inclut :<\/strong><\/p>\n<ul>\n<li>Internet haut d\u00e9bit en ADSL (ou d\u00e9bit boost\u00e9),<\/li>\n<li>t\u00e9l\u00e9phone en illimit\u00e9 (vers les fixes en m\u00e9tropole et outre-mer, avec 250 correspondants diff\u00e9rents chaque mois avec un maximum de 3 heures par appel).<\/li>\n<\/ul>\n<h2>Quelles sont les d\u00e9marches \u00e0 entreprendre ?<\/h2>\n<p>Il vous faut envoyer une attestation \u00e0 Orange (pr\u00e9alablement fournie par la <a href=\"https:\/\/www.mes-allocs.fr\/guides\/aides-sociales\/aide-sociale-caf\/\" target=\"_blank\" rel=\"noopener noreferrer\">CAF<\/a> ou la MSA, au titre du RSA). Le tarif vous est ensuite attribu\u00e9 pour une p\u00e9riode de 12 mois renouvelables.<\/p>\n<div class=\"divider\">\n<h1>Aide financi\u00e8re t\u00e9l\u00e9phone mobile : quel est son montant ?<\/h1>\n<p style=\"text-align: justify;\">C&rsquo;est en 2011 que le gouvernement a mis en place un appel d&rsquo;offres afin d&rsquo;engager les op\u00e9rateurs \u00e0 solliciter le label \u00ab\u00a0tarif social mobile\u00a0\u00bb. Les op\u00e9rateurs devaient alors :<\/p>\n<\/div>\n<ul class=\"list-1\" style=\"text-align: justify;\">\n<li>Attribuer aux foyers touchant le RSA un abonnement mensuel t\u00e9l\u00e9phonique mobile.<\/li>\n<li>L\u2019offre doit poss\u00e9der un rapport qualit\u00e9-prix\u00a0 (40 minutes d\u2019appels et 40 SMS pour un montant de 10\u20ac maximum). En outre, vous devez \u00eatre en mesure d&rsquo;\u00eatre joignable \u00e0 tout moment (donc pas de coupure de ligne).<\/li>\n<li>Le forfait doit \u00eatre sans engagement.<\/li>\n<li>En cas de d\u00e9passement de tarif, vous devez \u00eatre averti.<\/li>\n<\/ul>\n<p style=\"text-align: justify;\">Par ailleurs, les offres de t\u00e9l\u00e9phonie sont devenus tellement comp\u00e9titives qu&rsquo;il est ais\u00e9 de trouver <strong>de nombreuses offres \u00e0 moins de 10\u20ac. Et ce, sans pour autant porter la mention \u00ab\u00a0tarif social mobile\u00a0\u00bb.<\/strong><\/p>\n<\/div>\n<h1>Quelles sont les autres aides de r\u00e9duction sociale ?<\/h1>\n<h2 id=\"Quel_est_le_montant_de_la_r\u00e9duction_?\">L&rsquo;aide sociale d&rsquo;EDF<\/h2>\n<p>Outre les aides internet t\u00e9l\u00e9phone, l&rsquo;organisme \u00e9nerg\u00e9tique propose une aide de r\u00e9duction sociale pour les familles et personnes seules :<\/p>\n<ul>\n<li>\u00a0<strong>71 euros et 140 euros maximum<\/strong>\u00a0<strong>par an<\/strong> pour une famille de 4 personnes et plus, selon la consommation \u00e9nerg\u00e9tique.<\/li>\n<li><strong>88 euros \u00e0 117 euros<\/strong>, pour une famille avec 2 enfants.<\/li>\n<li><strong>\u00a071 euros \u00e0 94 euros<\/strong>, pour une personne seule.<\/li>\n<\/ul>\n<h1>Quelles sont les prestations sociales concern\u00e9es par les r\u00e9ductions t\u00e9l\u00e9phoniques ?<\/h1>\n<h2>Le revenu de solidarit\u00e9 active (RSA)<\/h2>\n<p>Depuis le 1er septembre 2010, les jeunes de moins de 25 ans sont \u00e9ligibles au revenu de solidarit\u00e9 active. Si vous \u00eates donc \u00e9tudiant ou demandeur d&#8217;emploi au p\u00f4le emploi, vous pouvez tout \u00e0 fait pr\u00e9tendre \u00e0 cette aide.<\/p>\n<h3>Quelles sont les conditions d&rsquo;obtention ?<\/h3>\n<ul>\n<li>\u00catre de nationalit\u00e9 fran\u00e7aise ou europ\u00e9enne ;<\/li>\n<\/ul>\n<p><strong>ou<\/strong><\/p>\n<ul>\n<li>R\u00e9sider en France depuis au moins 5 ans.<\/li>\n<\/ul>\n<ul>\n<li>Avoir au moins un enfant \u00e0 charge ;<\/li>\n<\/ul>\n<p><strong>ou<\/strong><\/p>\n<ul>\n<li>Avoir travaill\u00e9 pendant au moins 2 ans (en tant que salari\u00e9 ou non), soit un total de 3 214 heures de travail pr\u00e9c\u00e9dant la demande de RSA.<\/li>\n<\/ul>\n<h3>Quelles sont les d\u00e9marches \u00e0 effectuer ?<\/h3>\n<p>Afin d&rsquo;obtenir le RSA, vous devez fournir les pi\u00e8ces justificatives de vos activit\u00e9s professionnelles (sur les deux derni\u00e8res ann\u00e9es), pr\u00e9c\u00e9dant la demande de RSA :<\/p>\n<ul>\n<li>pour les activit\u00e9s salari\u00e9es\u00a0: fiches de paye, attestation employeur, contrats de travail, etc.\u00a0;<\/li>\n<li>pour les activit\u00e9s non salari\u00e9es\u00a0: immatriculation au registre du commerce, documents comptables, etc.\u00a0;<\/li>\n<\/ul>\n<p>\u00c0 noter que si vous b\u00e9n\u00e9ficiez du RSA tout en habitant chez vos parents, leurs allocations logements ou familiales ne seront pas modifi\u00e9es.<\/p>\n<h3>Quel est le montant du RSA ?<\/h3>\n<p>Si vous \u00eates une personne seule, le montant du RSA Jeune est de 652,43\u20ac par mois, apr\u00e8s la r\u00e9vision du 1er avril 2026.<\/p>\n<p><iframe loading=\"lazy\" src=\"\/\/www.youtube.com\/embed\/2aMlunSI1-U\" width=\"560\" height=\"314\" allowfullscreen=\"allowfullscreen\"><\/iframe><\/p>\n<h2><span style=\"font-size: 18pt;\">Le fonds de Solidarit\u00e9 Logement (FSL)<\/span><\/h2>\n<h3>Qui peut en b\u00e9n\u00e9ficier ?<\/h3>\n<p style=\"text-align: justify;\">Ces financements s&rsquo;adressent aux personnes disposant de faibles ressources. Si, par vos conditions d\u2019existence, vous \u00e9prouvez des difficult\u00e9s \u00e0 vous maintenir dans votre logement, sachez que cette aide est aussi faite pour vous.<\/p>\n<h3>Quelles sont les conditions d&rsquo;attribution ?<\/h3>\n<p>Cette aide peut vous venir en aide pour vous acquitter de vos \u00e9ch\u00e9ances d\u2019emprunt impay\u00e9es. De m\u00eame pour vos charges collectives, si votre logement se situe dans l&rsquo;une de ces zones :<\/p>\n<ul>\n<li>zone urbaine sensible (ZUS);<\/li>\n<li>zone d\u2019op\u00e9ration programm\u00e9e d\u2019am\u00e9lioration de l\u2019habitat (OPAH);<\/li>\n<li>plan de sauvegarde.<\/li>\n<\/ul>\n<p>En outre, ce fonds est attribu\u00e9 principalement en fonction de crit\u00e8res li\u00e9s au montant des \u00e9ch\u00e9ances d\u2019emprunt et \u00e0 vos ressources.<\/p>\n<h3>Que finance-t-il ?<\/h3>\n<p style=\"text-align: justify;\">Cette aide est vers\u00e9e par la m\u00e9tropole Nice C\u00f4te d\u2019Azur.<\/p>\n<aside class=\"Principal\">De plus, le FSL peut vous aider \u00e0 payer vos factures d\u2019\u00e9lectricit\u00e9, de gaz naturel, d\u2019eau ou de t\u00e9l\u00e9phone. Et ce, peu importe votre lieu de r\u00e9sidence dans le d\u00e9partement. L&rsquo;aide financi\u00e8re sera attribu\u00e9e sous forme de subvention et\/ou de pr\u00eats.<\/aside>\n<div class=\"entry-content\">\n<p style=\"text-align: justify;\">Elles seront vers\u00e9es directement \u00e0 l\u2019\u00e9tablissement de cr\u00e9dit, au syndic, au distributeur ou \u00e0 l\u2019op\u00e9rateur.<\/p>\n<h2 id=\"allocation-aux-adultes-handicapes-aah\">Qu&rsquo;est-ce que l&rsquo;allocation aux adultes handicap\u00e9s (AAH) ?<\/h2>\n<p><a href=\"https:\/\/www.mes-allocs.fr\/guides\/aides-sociales\/aide-financiere-handicape\/\" target=\"_blank\" rel=\"noopener noreferrer\">L&rsquo;allocation aux adultes handicap\u00e9es (AAH)<\/a> est attribu\u00e9e par la CDAPH (Commission des droits et de l&rsquo;autonomie des personnes handicap\u00e9es). Les conditions d&rsquo;octroi et les d\u00e9marches administratives sont identiques \u00e0 l&rsquo;AAEH. L&rsquo;AAH permet \u00e0 une personne en situation de handicap de <strong>b\u00e9n\u00e9ficier d&rsquo;un revenu minimum.<\/strong> Le montant de l\u2019AAH \u00e0 taux plein est de <b>919,86<\/b><strong>\u00a0\u20ac<\/strong>.<\/p>\n<p id=\"le-complement-de-ressources-aah\"><span style=\"text-decoration: underline;\"><strong>En quoi consiste son compl\u00e9ment de ressources ?<\/strong><\/span><\/p>\n<p>Le <strong>compl\u00e9ment de ressources AAH<\/strong> est une prestation forfaitaire, qui accompagne l&rsquo;allocation aux adultes handicap\u00e9s (AAH). Ce compl\u00e9ment sert \u00e0 constituer ce qui est appel\u00e9 la \u00ab\u00a0garantie de ressources\u00a0\u00bb. Il est octroy\u00e9 par la CDAPH en fonction des conditions suivantes :<\/p>\n<ul>\n<li><strong>Vivre dans un logement ind\u00e9pendant,<\/strong><\/li>\n<li><strong>Avoir un taux d\u2019incapacit\u00e9 sup\u00e9rieur ou \u00e9gal \u00e0 80 %,<\/strong><\/li>\n<li><strong>etc.<\/strong><\/li>\n<\/ul>\n<p>Il est destin\u00e9 \u00e0 compenser l&rsquo;absence prolong\u00e9e de revenus du b\u00e9n\u00e9ficiaire, dans l&rsquo;impossibilit\u00e9 d&rsquo;exercer en tant que travailleur handicap\u00e9, du fait de son incapacit\u00e9. Pour obtenir ce compl\u00e9ment de ressources, il faut aller \u00e0 la MDPH et remplir le formulaire fourni, accompagn\u00e9 des pi\u00e8ces justificatives demand\u00e9es. Le montant de cette aide s&rsquo;\u00e9l\u00e8ve \u00e0 <strong>179,31 \u20ac<\/strong>. <strong>Elle est attribu\u00e9e pour une dur\u00e9 de 1 \u00e0 5 ans<\/strong>. Ce financement peut \u00eatre prolong\u00e9 si l&rsquo;\u00e9tat de sant\u00e9 du b\u00e9n\u00e9ficiaire l&rsquo;exige. Elle est vers\u00e9e par la CAF ou la MSA.<\/p>\n<div class='cta-block'><div class='text'>Simulez toutes vos Aides Sociales en 2 min. Gratuit.<\/div><a href='https:\/\/www.mes-allocs.fr\/ab-app?origin=guides\/wp-json\/wp\/v2\/posts\/10650' class='app-button fit'>Simulation gratuite<\/a><\/div>\n<\/div>\n","protected":false},"excerpt":{"rendered":"<p>[Mis \u00e0 jour le 10\/04\/2026]\u00a0 Vous pouvez b\u00e9n\u00e9ficier d&rsquo;une r\u00e9duction sociale t\u00e9l\u00e9phonique si vous \u00eates b\u00e9n\u00e9ficiaire des minima sociaux (RSA, ASS, notamment). De m\u00eame, si vous \u00eates un adulte handicap\u00e9 percevant l&rsquo;AAH. Cette r\u00e9duction peut prendre la forme d&rsquo;un all\u00e8gement ou d&rsquo;une prise en charge plus vaste. Mes Allocs vous explique tout sur cette aide [&hellip;]<\/p>\n","protected":false},"author":7,"featured_media":11028,"comment_status":"open","ping_status":"open","sticky":false,"template":"","format":"standard","meta":{"amp_status":"","footnotes":""},"categories":[1411],"tags":[],"class_list":["post-10650","post","type-post","status-publish","format-standard","has-post-thumbnail","hentry","category-aides-sociales"],"yoast_head":"<!-- This site is optimized with the Yoast SEO plugin v14.9 - https:\/\/yoast.com\/wordpress\/plugins\/seo\/ -->\n<title>Comment b\u00e9n\u00e9ficier d&#039;une reduction sociale telephonique ? | Mes Allocs<\/title>\n<meta name=\"description\" content=\"Vous pouvez b\u00e9n\u00e9ficier d&#039;une reduction sociale t\u00e9l\u00e9phonique si vous \u00eates b\u00e9n\u00e9ficiaire des minima sociaux. De m\u00eame, si vous percevez l&#039;AAH.\" \/>\n<meta name=\"robots\" content=\"index, follow, max-snippet:-1, max-image-preview:large, max-video-preview:-1\" \/>\n<link rel=\"canonical\" href=\"https:\/\/www.mes-allocs.fr\/guides\/aides-sociales\/reduction-sociale-telephonique\/\" \/>\n<meta property=\"og:locale\" content=\"fr_FR\" \/>\n<meta property=\"og:type\" content=\"article\" \/>\n<meta property=\"og:title\" content=\"Comment b\u00e9n\u00e9ficier d&#039;une reduction sociale telephonique ? | Mes Allocs\" \/>\n<meta property=\"og:description\" content=\"Vous pouvez b\u00e9n\u00e9ficier d&#039;une reduction sociale t\u00e9l\u00e9phonique si vous \u00eates b\u00e9n\u00e9ficiaire des minima sociaux. De m\u00eame, si vous percevez l&#039;AAH.\" \/>\n<meta property=\"og:url\" content=\"https:\/\/www.mes-allocs.fr\/guides\/aides-sociales\/reduction-sociale-telephonique\/\" \/>\n<meta property=\"og:site_name\" content=\"Mes-Allocs.fr\" \/>\n<meta property=\"article:published_time\" content=\"2020-08-10T13:41:34+00:00\" \/>\n<meta property=\"article:modified_time\" content=\"2026-04-10T15:08:05+00:00\" \/>\n<meta property=\"og:image\" content=\"https:\/\/www.mes-allocs.fr\/guides\/wp-content\/uploads\/2020\/08\/Comment-be\u0301ne\u0301ficier-dune-reduction-sociale-telephonique-.jpg?wsr\" \/>\n\t<meta property=\"og:image:width\" content=\"1280\" \/>\n\t<meta property=\"og:image:height\" content=\"853\" \/>\n<meta name=\"twitter:card\" content=\"summary_large_image\" \/>\n<script type=\"application\/ld+json\" class=\"yoast-schema-graph\">{\"@context\":\"https:\/\/schema.org\",\"@graph\":[{\"@type\":\"WebSite\",\"@id\":\"https:\/\/www.mes-allocs.fr\/guides\/#website\",\"url\":\"https:\/\/www.mes-allocs.fr\/guides\/\",\"name\":\"Mes-Allocs.fr\",\"description\":\"\",\"potentialAction\":[{\"@type\":\"SearchAction\",\"target\":\"https:\/\/www.mes-allocs.fr\/guides\/?s={search_term_string}\",\"query-input\":\"required name=search_term_string\"}],\"inLanguage\":\"fr-FR\"},{\"@type\":\"ImageObject\",\"@id\":\"https:\/\/www.mes-allocs.fr\/guides\/aides-sociales\/reduction-sociale-telephonique\/#primaryimage\",\"inLanguage\":\"fr-FR\",\"url\":\"https:\/\/www.mes-allocs.fr\/guides\/wp-content\/uploads\/2020\/08\/Comment-be\\u0301ne\\u0301ficier-dune-reduction-sociale-telephonique-.jpg?wsr\",\"width\":1280,\"height\":853,\"caption\":\"Comment be\\u0301ne\\u0301ficier dune reduction sociale telephonique\"},{\"@type\":\"WebPage\",\"@id\":\"https:\/\/www.mes-allocs.fr\/guides\/aides-sociales\/reduction-sociale-telephonique\/#webpage\",\"url\":\"https:\/\/www.mes-allocs.fr\/guides\/aides-sociales\/reduction-sociale-telephonique\/\",\"name\":\"Comment b\\u00e9n\\u00e9ficier d'une reduction sociale telephonique ? | Mes Allocs\",\"isPartOf\":{\"@id\":\"https:\/\/www.mes-allocs.fr\/guides\/#website\"},\"primaryImageOfPage\":{\"@id\":\"https:\/\/www.mes-allocs.fr\/guides\/aides-sociales\/reduction-sociale-telephonique\/#primaryimage\"},\"datePublished\":\"2020-08-10T13:41:34+00:00\",\"dateModified\":\"2026-04-10T15:08:05+00:00\",\"author\":{\"@id\":\"https:\/\/www.mes-allocs.fr\/guides\/#\/schema\/person\/1c4837d5703727cb02ce84583b5a44aa\"},\"description\":\"Vous pouvez b\\u00e9n\\u00e9ficier d'une reduction sociale t\\u00e9l\\u00e9phonique si vous \\u00eates b\\u00e9n\\u00e9ficiaire des minima sociaux. De m\\u00eame, si vous percevez l'AAH.\",\"inLanguage\":\"fr-FR\"},{\"@type\":\"Person\",\"@id\":\"https:\/\/www.mes-allocs.fr\/guides\/#\/schema\/person\/1c4837d5703727cb02ce84583b5a44aa\",\"name\":\"Fabiola\",\"image\":{\"@type\":\"ImageObject\",\"@id\":\"https:\/\/www.mes-allocs.fr\/guides\/#personlogo\",\"inLanguage\":\"fr-FR\",\"url\":\"https:\/\/www.mes-allocs.fr\/guides\/wp-content\/uploads\/2021\/06\/fabiola-150x150.png\",\"caption\":\"Fabiola\"},\"description\":\"Fabiola est r\\u00e9dactrice au sein de l'\\u00e9quipe Mes Allocs, sp\\u00e9cialis\\u00e9e en sciences politiques et affaires publiques. Dipl\\u00f4m\\u00e9e de l'HEIP, elle rejoint Mes Allocs apr\\u00e8s une premi\\u00e8re exp\\u00e9rience \\u00e0 l'Assembl\\u00e9e Nationale.\",\"sameAs\":[\"https:\/\/www.linkedin.com\/in\/cecilia-philippe-b-8a8085195\"]}]}<\/script>\n<!-- \/ Yoast SEO plugin. -->","amp_validity":null,"acf":{"faq":{"1":{"question":"O\u00f9 faire sa demande d'aide financi\u00e8re ?","answer":"Plusieurs structures proposent des aides financi\u00e8res : p\u00f4le emploi, la mission locale, la MDPH, la CAF, etc."},"2":{"question":"Comment obtenir l'aide financi\u00e8re ?","answer":"Tout d\u00e9pend des aides et services demand\u00e9s. G\u00e9n\u00e9ralement, il faut d'abord se diriger vers l'organisme ad\u00e9quat (la CAF pour les prestations familiales par exemple) et remplir les conditions fix\u00e9es par celui-ci. "},"3":{"question":" Quel est le montant d'une aide financi\u00e8re ?","answer":"Tout d\u00e9pend de l'aide financi\u00e8re en question. Par exemple, pour la bourse du CROUS, son montant est annuel peut atteindre 6 335 \u20ac. "},"4":{"question":"Qui peut b\u00e9n\u00e9ficier d'une aide financi\u00e8re ?","answer":"Tout le monde peut b\u00e9n\u00e9ficier d'une aide financi\u00e8re (personnes \u00e2g\u00e9es, jeunes, \u00e9tudiants, familles), quel que soit le besoin et la situation du demandeur. "},"5":{"question":"Existe-t-il plusieurs aides financi\u00e8res urgentes ?","answer":"Il existe en effet plusieurs types d'aides financi\u00e8res urgentes : l'aide urgente \"classique\", accord\u00e9e par le centre communal d'action sociale (CCAS) ou les centres intercommunaux d'action sociales (CIAS), l'aide alimentaire, pour vous aider \u00e0 obtenir de la nourriture gratuitement et les ch\u00e8ques d'accompagnement personnalis\u00e9 (CAP), qui font office de ch\u00e8ques alimentaires."},"6":{"question":"","answer":""},"7":{"question":"","answer":""},"8":{"question":"","answer":""},"9":{"question":"","answer":""},"10":{"question":"","answer":""},"11":{"question":"","answer":""},"12":{"question":"","answer":""},"13":{"question":"","answer":""},"14":{"question":"","answer":""},"15":{"question":"","answer":""},"16":{"question":"","answer":""}}},"_links":{"self":[{"href":"https:\/\/www.mes-allocs.fr\/guides\/wp-json\/wp\/v2\/posts\/10650","targetHints":{"allow":["GET"]}}],"collection":[{"href":"https:\/\/www.mes-allocs.fr\/guides\/wp-json\/wp\/v2\/posts"}],"about":[{"href":"https:\/\/www.mes-allocs.fr\/guides\/wp-json\/wp\/v2\/types\/post"}],"author":[{"embeddable":true,"href":"https:\/\/www.mes-allocs.fr\/guides\/wp-json\/wp\/v2\/users\/7"}],"replies":[{"embeddable":true,"href":"https:\/\/www.mes-allocs.fr\/guides\/wp-json\/wp\/v2\/comments?post=10650"}],"version-history":[{"count":26,"href":"https:\/\/www.mes-allocs.fr\/guides\/wp-json\/wp\/v2\/posts\/10650\/revisions"}],"predecessor-version":[{"id":112040,"href":"https:\/\/www.mes-allocs.fr\/guides\/wp-json\/wp\/v2\/posts\/10650\/revisions\/112040"}],"wp:featuredmedia":[{"embeddable":true,"href":"https:\/\/www.mes-allocs.fr\/guides\/wp-json\/wp\/v2\/media\/11028"}],"wp:attachment":[{"href":"https:\/\/www.mes-allocs.fr\/guides\/wp-json\/wp\/v2\/media?parent=10650"}],"wp:term":[{"taxonomy":"category","embeddable":true,"href":"https:\/\/www.mes-allocs.fr\/guides\/wp-json\/wp\/v2\/categories?post=10650"},{"taxonomy":"post_tag","embeddable":true,"href":"https:\/\/www.mes-allocs.fr\/guides\/wp-json\/wp\/v2\/tags?post=10650"}],"curies":[{"name":"wp","href":"https:\/\/api.w.org\/{rel}","templated":true}]}}