{"id":106208,"date":"2025-12-08T11:15:49","date_gmt":"2025-12-08T10:15:49","guid":{"rendered":"https:\/\/www.mes-allocs.fr\/guides\/?p=106208"},"modified":"2026-04-22T08:32:07","modified_gmt":"2026-04-22T07:32:07","slug":"pack-numerique-lyceen","status":"publish","type":"post","link":"https:\/\/www.mes-allocs.fr\/guides\/aides-region\/aide-normandie\/pack-numerique-lyceen\/","title":{"rendered":"Pack Num\u00e9rique Lyc\u00e9en : conditions et d\u00e9marches"},"content":{"rendered":"<p><img loading=\"lazy\" decoding=\"async\" class=\"alignnone size-full wp-image-106277\" title=\"pack numerique lyceen\" src=\"https:\/\/www.mes-allocs.fr\/guides\/wp-content\/uploads\/2025\/11\/pack-numerique-lyceen-e1764323351794.jpg\" alt=\"pack numerique lyceen\" width=\"1920\" height=\"300\" srcset=\"https:\/\/www.mes-allocs.fr\/guides\/wp-content\/uploads\/2025\/11\/pack-numerique-lyceen-e1764323351794.jpg 1920w, https:\/\/www.mes-allocs.fr\/guides\/wp-content\/uploads\/2025\/11\/pack-numerique-lyceen-e1764323351794-300x47.jpg 300w, https:\/\/www.mes-allocs.fr\/guides\/wp-content\/uploads\/2025\/11\/pack-numerique-lyceen-e1764323351794-1024x160.jpg 1024w, https:\/\/www.mes-allocs.fr\/guides\/wp-content\/uploads\/2025\/11\/pack-numerique-lyceen-e1764323351794-768x120.jpg 768w, https:\/\/www.mes-allocs.fr\/guides\/wp-content\/uploads\/2025\/11\/pack-numerique-lyceen-e1764323351794-1536x240.jpg 1536w, https:\/\/www.mes-allocs.fr\/guides\/wp-content\/uploads\/2025\/11\/pack-numerique-lyceen-e1764323351794-600x94.jpg 600w\" sizes=\"auto, (max-width: 1920px) 100vw, 1920px\" \/><\/p>\n<p>Le<b> Pack Num\u00e9rique Lyc\u00e9en<\/b> est un dispositif de la R\u00e9gion Normandie visant \u00e0 accompagner les jeunes Normands dans l\u2019acquisition de comp\u00e9tences num\u00e9riques. La R\u00e9gion d\u00e9ploie des ordinateurs portables, des ressources \u00e9ducatives et une connexion wifi au sein des lyc\u00e9es. Au total, 236 lyc\u00e9ens normands du public, du priv\u00e9 et de l\u2019enseignement agricole b\u00e9n\u00e9ficient de ce programme. On vous explique dans cet article qui peut en b\u00e9n\u00e9ficier, et les d\u00e9marches pour obtenir le Pack Num\u00e9rique Lyc\u00e9en.<\/p>\n<div class='cta-block'><div class='text'>Simulez votre Pack Num\u00e9rique Lyc\u00e9en<\/div><a href='https:\/\/www.mes-allocs.fr\/ab-app?origin=guides\/wp-json\/wp\/v2\/posts\/106208' class='app-button fit'>Simulation gratuite<\/a><\/div>\n<h1>Le Pack Num\u00e9rique Lyc\u00e9en, c\u2019est quoi ?<\/h1>\n<p>Le Pack Num\u00e9rique Lyc\u00e9en permet \u00e0 un lyc\u00e9en d\u2019avoir un ordinateur pour ses cours et travaux scolaires. Vous pouvez le ramener chez vous ou l\u2019utiliser pour les cours \u00e0 la demande du professeur. Avoir un ordinateur facilite la prise de note et la production de contenus dans le cadre de votre scolarit\u00e9. Cela permet aussi d\u2019acqu\u00e9rir de nouvelles comp\u00e9tences num\u00e9riques ou d\u2019apprendre \u00e0 utiliser un logiciel en autodidacte.<\/p>\n<p>Le Pack Num\u00e9rique Lyc\u00e9en comprend :<\/p>\n<ul>\n<li aria-level=\"1\">Un Espace Num\u00e9rique de Travail (ENT) pour les lyc\u00e9es publics,<\/li>\n<li aria-level=\"1\">Des ressources num\u00e9riques pour les lyc\u00e9es publics,<\/li>\n<li aria-level=\"1\">La mise en place du wifi dans les lyc\u00e9es publics,<\/li>\n<li aria-level=\"1\">Des tutoriels pour accompagner les lyc\u00e9ens dans leurs usages num\u00e9riques.<\/li>\n<\/ul>\n<p>Le Pack Num\u00e9rique Lyc\u00e9en vise \u00e0 favoriser l\u2019inclusion des \u00e9l\u00e8ves en r\u00e9duisant la <b>fracture num\u00e9rique<\/b>. Gr\u00e2ce au Pack Num\u00e9rique Lyc\u00e9en, les lyc\u00e9ens peuvent d\u00e9velopper leurs comp\u00e9tences num\u00e9riques et \u00eatre mieux sensibilis\u00e9s aux <b>m\u00e9dias<\/b> et aux \u00e9crans.<\/p>\n<div class='shortcode important'><div class='title'>Important<\/div><div class='content'>Les lyc\u00e9ens peuvent b\u00e9n\u00e9ficier d\u2019un accompagnement sp\u00e9cifique via le Programme R\u00e9gional d\u2019Accompagnement aux Usages Num\u00e9riques (PRANUM).<\/div><\/div>\n<h1>Qui peut b\u00e9n\u00e9ficier du Pack Num\u00e9rique Lyc\u00e9en ?<\/h1>\n<p>Les lyc\u00e9ens et lyc\u00e9ennes entrant en <b>seconde<\/b> ou en <b>premi\u00e8re ann\u00e9e de CAP<\/b> dans un lyc\u00e9e normand engag\u00e9 dans le projet peuvent b\u00e9n\u00e9ficier du dispositif. Vous b\u00e9n\u00e9ficiez du Pack Num\u00e9rique Lyc\u00e9en pour toute la dur\u00e9e de votre scolarit\u00e9 au lyc\u00e9e.<\/p>\n<h1>Pack Num\u00e9rique Lyc\u00e9en : comment savoir si vous \u00eates \u00e9ligible ?<\/h1>\n<p>Si vous habitez en Normandie et que vous souhaitez v\u00e9rifier votre \u00e9ligibilit\u00e9, vous pouvez utiliser notre <strong>simulateur<\/strong>. Il analysera votre situation et vous indiquera si vous remplissez les conditions pour recevoir votre Pack Num\u00e9rique Lyc\u00e9en. Vous pouvez \u00e9galement vous renseigner aupr\u00e8s de votre lyc\u00e9e pour v\u00e9rifier s\u2019il participe au Pack Num\u00e9rique Lyc\u00e9en.<\/p>\n<div class='cta-block'><div class='text'>Simulez votre Pack Num\u00e9rique Lyc\u00e9en<\/div><a href='https:\/\/www.mes-allocs.fr\/ab-app?origin=guides\/wp-json\/wp\/v2\/posts\/106208' class='app-button fit'>Simulation gratuite<\/a><\/div>\n<h1>Ordinateur offert par la R\u00e9gion Normandie : combien de temps dure le pr\u00eat ?<\/h1>\n<p>L\u2019ordinateur est pr\u00eat\u00e9 pour toute<b> la dur\u00e9e de votre scolarit\u00e9<\/b> au lyc\u00e9e. Il vous sera demand\u00e9 \u00e0 la fin de votre parcours, si vous souhaitez le <b>conserver<\/b> ou le<b> restituer<\/b>.<\/p>\n<h1>Quelles sont les caract\u00e9ristiques de l\u2019ordinateur ?<\/h1>\n<h2>Que peut-on installer sur l\u2019ordinateur ?<\/h2>\n<p>Le lyc\u00e9en est <b>administrateur<\/b> et responsable de son ordinateur. Il peut installer les logiciels de son choix, dans le respect de la l\u00e9gislation fran\u00e7aise. La R\u00e9gion Normandie a \u00e9galement mis \u00e0 disposition un pack d\u2019une trentaine de<b> logiciels<\/b>. Des plateformes comme l\u2019encyclop\u00e9die Universalis ou Wooflash sont aussi disponibles.<\/p>\n<h2>L&rsquo;ordinateur est-il donn\u00e9 aux lyc\u00e9ens ?<\/h2>\n<p>Les repr\u00e9sentants l\u00e9gaux re\u00e7oivent fin juin, un mail pour choisir de garder ou de restituer l\u2019ordinateur. Si vous souhaitez garder votre ordinateur pour la suite de vos \u00e9tudes, il vous suffit de suivre une<b> proc\u00e9dure<\/b> sur le site du Pack Num\u00e9rique Lyc\u00e9en. Vous pourrez alors vous cr\u00e9er un compte administrateur et r\u00e9cup\u00e9rer vos <b>donn\u00e9es personnelles<\/b>.<\/p>\n<p>Vous devrez en revanche restituer l&rsquo;ordinateur si :<\/p>\n<ul>\n<li aria-level=\"1\">Vous d\u00e9m\u00e9nagez et int\u00e9grez un lyc\u00e9e d\u2019une autre r\u00e9gion,<\/li>\n<li aria-level=\"1\">Si vous mettez fin \u00e0 votre scolarit\u00e9 pour entrer dans la vie professionnelle,<\/li>\n<li aria-level=\"1\">Si vous poursuivez un projet personnel hors du lyc\u00e9e,<\/li>\n<li aria-level=\"1\">Si vous quittez votre lyc\u00e9e pour rejoindre un CFA.<\/li>\n<\/ul>\n<h2>Qui assure la maintenance de l\u2019ordinateur ?<\/h2>\n<p>La maintenance de l\u2019ordinateur est assur\u00e9e par une <b>soci\u00e9t\u00e9 prestataire<\/b> mandat\u00e9e par la R\u00e9gion Normandie. Le service apr\u00e8s-vente est inclus dans la garantie de l\u2019ordinateur. La soci\u00e9t\u00e9 peut assurer <b>\u00e0 distance<\/b> le d\u00e9pannage, le diagnostic et l\u2019accompagnement de l\u2019utilisateur pour r\u00e9initialiser son ordinateur.<\/p>\n<h1>Quelles sont les d\u00e9marches pour b\u00e9n\u00e9ficier du Pack Num\u00e9rique Lyc\u00e9en ?<\/h1>\n<h2>Comment faire votre demande de Pack Num\u00e9rique Lyc\u00e9en ?<\/h2>\n<p>Si votre lyc\u00e9e a adh\u00e9r\u00e9 au dispositif, une <b>convention de pr\u00eat<\/b> sera envoy\u00e9e par mail aux repr\u00e9sentants l\u00e9gaux, entre la mi-ao\u00fbt et le d\u00e9but du mois de septembre 2025. La distribution des ordinateurs aura lieu directement au <b>lyc\u00e9e<\/b> \u00e0 partir de la mi-septembre. Vous retrouverez les codes de connexion sur le carton de l\u2019ordinateur.<\/p>\n<p>La R\u00e9gion Normandie propose \u00e0 tous les lyc\u00e9es d\u2019entrer dans le dispositif du Pack Num\u00e9rique Lyc\u00e9en. En revanche, les conseils d\u2019administration peuvent d\u00e9cliner l&rsquo;offre de pr\u00eat d&rsquo;ordinateurs portables \u00e0 ses \u00e9l\u00e8ves.<\/p>\n<div class='shortcode important'><div class='title'>Important<\/div><div class='content'>Vous devez obligatoirement garder le carton de l\u2019ordinateur, en cas de retour, panne, casse.<\/div><\/div>\n<h2>Comment utiliser votre Pack Num\u00e9rique Lyc\u00e9en ?<\/h2>\n<p>Le lyc\u00e9en est administrateur de cet ordinateur. Vous pouvez vous en servir \u00e0 votre domicile, au lyc\u00e9e ou en classe \u00e0 la demande de vos enseignants.<\/p>\n<h1>Ordinateur perdu, vol\u00e9 ou cass\u00e9 : comment faire ?<\/h1>\n<h2>Que se passe-t-il si l\u2019ordinateur est cass\u00e9 ou en panne ?<\/h2>\n<p>Si votre ordinateur est cass\u00e9 ou en panne, vous devez vous adresser \u00e0 la R\u00e9gion Normandie. Voici la d\u00e9marche \u00e0 suivre :<\/p>\n<ol>\n<li aria-level=\"1\">Vous devez contacter le service d\u2019assistance informatique par mail ou par t\u00e9l\u00e9phone.<\/li>\n<li aria-level=\"1\">Une proc\u00e9dure vous sera communiqu\u00e9e pour retourner l\u2019ordinateur dans son carton d\u2019origine.<\/li>\n<li aria-level=\"1\">Selon le diagnostic, une r\u00e9paration ou un remplacement \u00e0 l\u2019identique sera effectu\u00e9.<\/li>\n<li aria-level=\"1\">L&rsquo;ordinateur r\u00e9par\u00e9 ou remplac\u00e9 sera envoy\u00e9 \u00e0 votre domicile ou \u00e0 votre lyc\u00e9e.<\/li>\n<\/ol>\n<p>Cette r\u00e9paration ou ce remplacement ne sera envisag\u00e9 qu\u2019une seule fois et est <strong>gratuit<\/strong>.<\/p>\n<h2>Que faire si l\u2019ordinateur est vol\u00e9 ou perdu ?<\/h2>\n<p>Si votre ordinateur est vol\u00e9 ou que vous l\u2019avez perdu, vous devez d\u2019abord faire une <b>d\u00e9claration aupr\u00e8s d\u2019un commissariat de police ou d\u2019une gendarmerie<\/b>. Transmettez ensuite la d\u00e9claration par mail au service d\u2019assistance informatique. Un nouvel ordinateur sera envoy\u00e9 gratuitement \u00e0 votre domicile ou \u00e0 votre lyc\u00e9e.<\/p>\n<p>Dans le cadre d\u2019un ordinateur vol\u00e9 ou perdu, le remplacement par un nouvel ordinateur ne sera effectu\u00e9 qu\u2019une seule fois.<\/p>\n<div class='shortcode summary'><div class='title'>En r\u00e9sum\u00e9 :<\/div><div class='content'><ul><li>La R\u00e9gion Normandie vous pr\u00eate un ordinateur dans le cadre du Pack Num\u00e9rique Lyc\u00e9en.<\/li><li>Le Pack Num\u00e9rique Lyc\u00e9en permet de lutter contre la <b>fracture num\u00e9rique<\/b> et d\u2019\u00e9duquer les lyc\u00e9ens aux m\u00e9dias et aux \u00e9crans. <\/li><li>L\u2019ordinateur est pr\u00eat\u00e9 pour toute la dur\u00e9e de votre<b> scolarit\u00e9 au lyc\u00e9e<\/b>.<\/li><li>Vous pouvez b\u00e9n\u00e9ficier du Pack Num\u00e9rique Lyc\u00e9en si votre lyc\u00e9e a adh\u00e9r\u00e9 au dispositif. <\/li><li>Vous pouvez <b>garder<\/b> l\u2019ordinateur pour la poursuite de vos \u00e9tudes.<\/li><li>Une soci\u00e9t\u00e9 prestataire assure la maintenance de votre ordinateur.<\/li><li>Si votre ordinateur est perdu, vol\u00e9 ou en panne, il sera <b>remplac\u00e9<\/b>.<\/li><\/ul><\/div><\/div>\n<div class='cta-block'><div class='text'>Simulez votre Pack Num\u00e9rique Lyc\u00e9en<\/div><a href='https:\/\/www.mes-allocs.fr\/ab-app?origin=guides\/wp-json\/wp\/v2\/posts\/106208' class='app-button fit'>Simulation gratuite<\/a><\/div>\n","protected":false},"excerpt":{"rendered":"<p>Le Pack Num\u00e9rique Lyc\u00e9en est un dispositif de la R\u00e9gion Normandie visant \u00e0 accompagner les jeunes Normands dans l\u2019acquisition de comp\u00e9tences num\u00e9riques. La R\u00e9gion d\u00e9ploie des ordinateurs portables, des ressources \u00e9ducatives et une connexion wifi au sein des lyc\u00e9es. Au total, 236 lyc\u00e9ens normands du public, du priv\u00e9 et de l\u2019enseignement agricole b\u00e9n\u00e9ficient de ce [&hellip;]<\/p>\n","protected":false},"author":29,"featured_media":106278,"comment_status":"open","ping_status":"open","sticky":false,"template":"","format":"standard","meta":{"amp_status":"","footnotes":""},"categories":[57448,50420],"tags":[],"class_list":["post-106208","post","type-post","status-publish","format-standard","has-post-thumbnail","hentry","category-aide-normandie","category-aides-region"],"yoast_head":"<!-- This site is optimized with the Yoast SEO plugin v14.9 - https:\/\/yoast.com\/wordpress\/plugins\/seo\/ -->\n<title>Pack Num\u00e9rique Lyc\u00e9en : conditions et d\u00e9marches | Mes-Allocs.fr<\/title>\n<meta name=\"description\" content=\"Gr\u00e2ce au Pack Num\u00e9rique Lyc\u00e9en, chaque lyc\u00e9en normand peut recevoir gratuitement un ordinateur. D\u00e9couvrez si vous \u00eates \u00e9ligible en 2025.\" \/>\n<meta name=\"robots\" content=\"index, follow, max-snippet:-1, max-image-preview:large, max-video-preview:-1\" \/>\n<link rel=\"canonical\" href=\"https:\/\/www.mes-allocs.fr\/guides\/aides-region\/aide-normandie\/pack-numerique-lyceen\/\" \/>\n<meta property=\"og:locale\" content=\"fr_FR\" \/>\n<meta property=\"og:type\" content=\"article\" \/>\n<meta property=\"og:title\" content=\"Pack Num\u00e9rique Lyc\u00e9en : conditions et d\u00e9marches | Mes-Allocs.fr\" \/>\n<meta property=\"og:description\" content=\"Gr\u00e2ce au Pack Num\u00e9rique Lyc\u00e9en, chaque lyc\u00e9en normand peut recevoir gratuitement un ordinateur. D\u00e9couvrez si vous \u00eates \u00e9ligible en 2025.\" \/>\n<meta property=\"og:url\" content=\"https:\/\/www.mes-allocs.fr\/guides\/aides-region\/aide-normandie\/pack-numerique-lyceen\/\" \/>\n<meta property=\"og:site_name\" content=\"Mes-Allocs.fr\" \/>\n<meta property=\"article:published_time\" content=\"2025-12-08T10:15:49+00:00\" \/>\n<meta property=\"article:modified_time\" content=\"2026-04-22T07:32:07+00:00\" \/>\n<meta property=\"og:image\" content=\"https:\/\/www.mes-allocs.fr\/guides\/wp-content\/uploads\/2025\/11\/pack-numerique-lyceen-aide.jpg?wsr\" \/>\n\t<meta property=\"og:image:width\" content=\"1280\" \/>\n\t<meta property=\"og:image:height\" content=\"853\" \/>\n<meta name=\"twitter:card\" content=\"summary_large_image\" \/>\n<script type=\"application\/ld+json\" class=\"yoast-schema-graph\">{\"@context\":\"https:\/\/schema.org\",\"@graph\":[{\"@type\":\"WebSite\",\"@id\":\"https:\/\/www.mes-allocs.fr\/guides\/#website\",\"url\":\"https:\/\/www.mes-allocs.fr\/guides\/\",\"name\":\"Mes-Allocs.fr\",\"description\":\"\",\"potentialAction\":[{\"@type\":\"SearchAction\",\"target\":\"https:\/\/www.mes-allocs.fr\/guides\/?s={search_term_string}\",\"query-input\":\"required name=search_term_string\"}],\"inLanguage\":\"fr-FR\"},{\"@type\":\"ImageObject\",\"@id\":\"https:\/\/www.mes-allocs.fr\/guides\/aides-region\/aide-normandie\/pack-numerique-lyceen\/#primaryimage\",\"inLanguage\":\"fr-FR\",\"url\":\"https:\/\/www.mes-allocs.fr\/guides\/wp-content\/uploads\/2025\/11\/pack-numerique-lyceen-aide.jpg?wsr\",\"width\":1280,\"height\":853,\"caption\":\"pack numerique lyceen aide\"},{\"@type\":\"WebPage\",\"@id\":\"https:\/\/www.mes-allocs.fr\/guides\/aides-region\/aide-normandie\/pack-numerique-lyceen\/#webpage\",\"url\":\"https:\/\/www.mes-allocs.fr\/guides\/aides-region\/aide-normandie\/pack-numerique-lyceen\/\",\"name\":\"Pack Num\\u00e9rique Lyc\\u00e9en : conditions et d\\u00e9marches | Mes-Allocs.fr\",\"isPartOf\":{\"@id\":\"https:\/\/www.mes-allocs.fr\/guides\/#website\"},\"primaryImageOfPage\":{\"@id\":\"https:\/\/www.mes-allocs.fr\/guides\/aides-region\/aide-normandie\/pack-numerique-lyceen\/#primaryimage\"},\"datePublished\":\"2025-12-08T10:15:49+00:00\",\"dateModified\":\"2026-04-22T07:32:07+00:00\",\"author\":{\"@id\":\"https:\/\/www.mes-allocs.fr\/guides\/#\/schema\/person\/4e41463521c6aa39e7147c10ad0cb360\"},\"description\":\"Gr\\u00e2ce au Pack Num\\u00e9rique Lyc\\u00e9en, chaque lyc\\u00e9en normand peut recevoir gratuitement un ordinateur. D\\u00e9couvrez si vous \\u00eates \\u00e9ligible en 2025.\",\"inLanguage\":\"fr-FR\"},{\"@type\":\"Person\",\"@id\":\"https:\/\/www.mes-allocs.fr\/guides\/#\/schema\/person\/4e41463521c6aa39e7147c10ad0cb360\",\"name\":\"Camille Jouanne\",\"image\":{\"@type\":\"ImageObject\",\"@id\":\"https:\/\/www.mes-allocs.fr\/guides\/#personlogo\",\"inLanguage\":\"fr-FR\",\"url\":\"https:\/\/www.mes-allocs.fr\/guides\/wp-content\/uploads\/2025\/08\/camille-jouanne-e1756398287761-150x150.png\",\"caption\":\"Camille Jouanne\"},\"description\":\"Responsable \\u00e9ditoriale chez Mes Allocs, je rejoins l'\\u00e9quipe en f\\u00e9vrier 2024 apr\\u00e8s une exp\\u00e9rience en agence web. Je suis sp\\u00e9cialis\\u00e9e sur les sujets li\\u00e9s aux aides sociales, aux imp\\u00f4ts, \\u00e0 la S\\u00e9curit\\u00e9 Sociale et \\u00e0 la retraite. Mon r\\u00f4le est de garantir la qualit\\u00e9, la pertinence et la coh\\u00e9rence des contenus publi\\u00e9s. J'accompagne les r\\u00e9dacteurs et r\\u00e9dactrices de l\\u2019id\\u00e9e \\u00e0 la publication, avec le souci du d\\u00e9tail. Ma priorit\\u00e9 : proposer des contenus fiables, engageants et pens\\u00e9s pour les lecteurs.\",\"sameAs\":[\"https:\/\/www.linkedin.com\/in\/camille-jouanne-2394881a5\"]}]}<\/script>\n<!-- \/ Yoast SEO plugin. -->","amp_validity":null,"acf":{"faq":{"1":{"question":"Comment avoir un ordinateur gratuit au lyc\u00e9e ?","answer":"Vous pouvez b\u00e9n\u00e9ficier du Pack num\u00e9rique Lyc\u00e9en si vous \u00eates scolaris\u00e9 en Normandie. Si votre \u00e9tablissement est labellis\u00e9 \"Lyc\u00e9e num\u00e9rique\" vous pourrez avoir un ordinateur."},"2":{"question":"Quelle r\u00e9gion offre un ordinateur au lyc\u00e9e ?","answer":"Plusieurs r\u00e9gions offrent un ordinateur aux lyc\u00e9ens scolaris\u00e9s sur leur territoire : Pays de la Loire, Normandie, \u00cele-de-France..."},"3":{"question":"Quelles aides pour les lyc\u00e9ens ?","answer":"Votre enfant lyc\u00e9en peut b\u00e9n\u00e9ficier de plusieurs aides : allocation de rentr\u00e9e scolaire, bourses de lyc\u00e9e, bourse au m\u00e9rite, fonds social lyc\u00e9en et fonds social pour les cantines. "},"4":{"question":"Quelle aide pour acheter un ordinateur \u00e9tudiant ?","answer":"La Caf peut vous aider dans l'achat d'un ordinateur. Cette aide est octroy\u00e9e sous la forme d'un \"pr\u00eat informatique\". "},"5":{"question":"Quel ordinateur acheter pour un lyc\u00e9en ?","answer":"Vous pouvez acheter un ordinateur qui se situent dans les \"premiers prix\". Les lyc\u00e9ens utilisent leur ordinateur le plus souvent pour prendre des notes et effectuer des t\u00e2ches de bureautique. "},"6":{"question":"Quel budget pour un PC ?","answer":"Si vous souhaitez acheter un ordinateur pour votre enfant scolaris\u00e9 au lyc\u00e9e, vous pouvez en avoir un performant et qui pourra r\u00e9pondre efficacement aux t\u00e2ches demand\u00e9es pour moins de 300\u20ac. "},"7":{"question":"","answer":""},"8":{"question":"","answer":""},"9":{"question":"","answer":""},"10":{"question":"","answer":""},"11":{"question":"","answer":""},"12":{"question":"","answer":""},"13":{"question":"","answer":""},"14":{"question":"","answer":""},"15":{"question":"","answer":""},"16":{"question":"","answer":""}}},"_links":{"self":[{"href":"https:\/\/www.mes-allocs.fr\/guides\/wp-json\/wp\/v2\/posts\/106208","targetHints":{"allow":["GET"]}}],"collection":[{"href":"https:\/\/www.mes-allocs.fr\/guides\/wp-json\/wp\/v2\/posts"}],"about":[{"href":"https:\/\/www.mes-allocs.fr\/guides\/wp-json\/wp\/v2\/types\/post"}],"author":[{"embeddable":true,"href":"https:\/\/www.mes-allocs.fr\/guides\/wp-json\/wp\/v2\/users\/29"}],"replies":[{"embeddable":true,"href":"https:\/\/www.mes-allocs.fr\/guides\/wp-json\/wp\/v2\/comments?post=106208"}],"version-history":[{"count":10,"href":"https:\/\/www.mes-allocs.fr\/guides\/wp-json\/wp\/v2\/posts\/106208\/revisions"}],"predecessor-version":[{"id":106415,"href":"https:\/\/www.mes-allocs.fr\/guides\/wp-json\/wp\/v2\/posts\/106208\/revisions\/106415"}],"wp:featuredmedia":[{"embeddable":true,"href":"https:\/\/www.mes-allocs.fr\/guides\/wp-json\/wp\/v2\/media\/106278"}],"wp:attachment":[{"href":"https:\/\/www.mes-allocs.fr\/guides\/wp-json\/wp\/v2\/media?parent=106208"}],"wp:term":[{"taxonomy":"category","embeddable":true,"href":"https:\/\/www.mes-allocs.fr\/guides\/wp-json\/wp\/v2\/categories?post=106208"},{"taxonomy":"post_tag","embeddable":true,"href":"https:\/\/www.mes-allocs.fr\/guides\/wp-json\/wp\/v2\/tags?post=106208"}],"curies":[{"name":"wp","href":"https:\/\/api.w.org\/{rel}","templated":true}]}}