{"id":105930,"date":"2025-11-20T09:10:39","date_gmt":"2025-11-20T08:10:39","guid":{"rendered":"https:\/\/www.mes-allocs.fr\/guides\/?p=105930"},"modified":"2026-04-22T08:32:33","modified_gmt":"2026-04-22T07:32:33","slug":"prime-noel-interim","status":"publish","type":"post","link":"https:\/\/www.mes-allocs.fr\/guides\/prime-de-noel\/prime-de-noel-entreprise\/prime-noel-interim\/","title":{"rendered":"Prime de No\u00ebl en int\u00e9rim : comment en b\u00e9n\u00e9ficier ?"},"content":{"rendered":"<p><img loading=\"lazy\" decoding=\"async\" class=\"alignnone wp-image-105936 size-full\" title=\"beneficier prime Noel interim\" src=\"https:\/\/www.mes-allocs.fr\/guides\/wp-content\/uploads\/2025\/11\/beneficier-prime-Noel-interim-e1763557964728.jpg\" alt=\"beneficier prime Noel interim\" width=\"1920\" height=\"300\" srcset=\"https:\/\/www.mes-allocs.fr\/guides\/wp-content\/uploads\/2025\/11\/beneficier-prime-Noel-interim-e1763557964728.jpg 1920w, https:\/\/www.mes-allocs.fr\/guides\/wp-content\/uploads\/2025\/11\/beneficier-prime-Noel-interim-e1763557964728-300x47.jpg 300w, https:\/\/www.mes-allocs.fr\/guides\/wp-content\/uploads\/2025\/11\/beneficier-prime-Noel-interim-e1763557964728-1024x160.jpg 1024w, https:\/\/www.mes-allocs.fr\/guides\/wp-content\/uploads\/2025\/11\/beneficier-prime-Noel-interim-e1763557964728-768x120.jpg 768w, https:\/\/www.mes-allocs.fr\/guides\/wp-content\/uploads\/2025\/11\/beneficier-prime-Noel-interim-e1763557964728-1536x240.jpg 1536w, https:\/\/www.mes-allocs.fr\/guides\/wp-content\/uploads\/2025\/11\/beneficier-prime-Noel-interim-e1763557964728-600x94.jpg 600w\" sizes=\"auto, (max-width: 1920px) 100vw, 1920px\" \/><\/p>\n<p>[Mis \u00e0 jour le 04\/12\/2025] Selon l\u2019endroit o\u00f9 vous travaillez, il est possible que vous puissiez toucher la <a href=\"https:\/\/www.mes-allocs.fr\/guides\/prime-de-noel\/prime-de-noel-entreprise\/\">prime de No\u00ebl d\u2019entreprise<\/a>. Mais qu\u2019en est-il de la <b>prime de No\u00ebl pour les int\u00e9rimaires<\/b> ? Peuvent-ils en b\u00e9n\u00e9ficier ? Quel est le montant qu\u2019ils peuvent toucher ? On vous explique.<\/p>\n<div class='cta-block'><div class='text'>Simulez votre prime de No\u00ebl.<\/div><a href='https:\/\/www.mes-allocs.fr\/ab-app?origin=guides\/wp-json\/wp\/v2\/posts\/105930' class='app-button fit'>Simulation gratuite<\/a><\/div>\n<h1>Un int\u00e9rimaire peut-il percevoir la prime de No\u00ebl de son entreprise ?<\/h1>\n<p><b>Oui<\/b>, un int\u00e9rimaire peut percevoir la prime de No\u00ebl de son entreprise. Tout d\u00e9pend de si l\u2019entreprise pr\u00e9voit une prime de fin d\u2019ann\u00e9e (autre nom de la prime de No\u00ebl) pour ses salari\u00e9s et \u00e0 qui elle est vers\u00e9e. Cela d\u00e9pend \u00e9galement des conditions pr\u00e9vues dans votre contrat de travail.<\/p>\n<h1>Quelles conditions pour percevoir la prime de No\u00ebl en tant qu\u2019int\u00e9rimaire ?<\/h1>\n<p>Pour percevoir la prime de No\u00ebl en tant qu\u2019int\u00e9rimaire, vous devez respecter certaines conditions.<\/p>\n<h2>Qui sont les int\u00e9rimaires qui touchent la prime de No\u00ebl ?<\/h2>\n<p>Vous pouvez pr\u00e9tendre \u00e0 la prime de No\u00ebl <b>si l\u2019entreprise dans laquelle vous effectuez votre mission la verse \u00e0 ses salari\u00e9s permanents<\/b>.<\/p>\n<p>Concr\u00e8tement, vous \u00eates \u00e9ligible si vous occupez <b>un poste comparable \u00e0 celui des salari\u00e9s qui b\u00e9n\u00e9ficient de la prime<\/b>. Cette \u00e9ligibilit\u00e9 d\u00e9coule du principe d\u2019<b>\u00e9galit\u00e9 de traitement<\/b> : \u00e0 mission \u00e9quivalente et conditions identiques, vous devez b\u00e9n\u00e9ficier des m\u00eames avantages que les salari\u00e9s de l\u2019entreprise. De plus, vous devez \u00eatre employ\u00e9 <b>avant ou pendant la p\u00e9riode d\u2019attribution de la prime de No\u00ebl<\/b>. Cependant, rappelons que le versement de cette prime n\u2019est pas automatique car cela d\u00e9pend des usages et des conditions propres \u00e0 l\u2019entreprise o\u00f9 vous travaillez.<\/p>\n<h2>Prime de No\u00ebl en int\u00e9rim : quelles sont les conditions \u00e0 remplir ?<\/h2>\n<p>Les conditions, pour \u00eatre \u00e9ligible \u00e0 la prime de No\u00ebl d\u2019entreprise (pour celles qui en versent une) en tant qu\u2019int\u00e9rimaire, varient <b>en fonction de la p\u00e9riode de r\u00e9f\u00e9rence et du nombre de jours ou d\u2019heures travaill\u00e9s pendant l\u2019ann\u00e9e<\/b>.<\/p>\n<h3>P\u00e9riode de r\u00e9f\u00e9rence<\/h3>\n<p>Parmi les conditions d&rsquo;\u00e9ligibilit\u00e9 \u00e0 la prime de No\u00ebl, la p\u00e9riode de r\u00e9f\u00e9rence compte beaucoup pour savoir si vous pouvez obtenir la prime de No\u00ebl ou non. La p\u00e9riode de r\u00e9f\u00e9rence correspond au temps sur lequel l\u2019entreprise regarde combien d\u2019heures vous a travaill\u00e9. Souvent, elle se situe <b>entre novembre et d\u00e9cembre<\/b> m\u00eame si elle peut varier <b>selon les secteurs d\u2019emploi ou les accords collectifs<\/b>. Vous devez faire attention \u00e0 bien v\u00e9rifier si vos missions r\u00e9alis\u00e9es durant cette p\u00e9riode vous rendent \u00e9ligible \u00e0 la prime.<\/p>\n<h3>Jours assimil\u00e9s<\/h3>\n<p>Vous devez g\u00e9n\u00e9ralement avoir effectu\u00e9 <b>un certain nombre de jours ou d\u2019heures au minimum pour \u00eatre \u00e9ligible \u00e0 la prime de No\u00ebl<\/b>. Ce minimum d\u00e9pend des conventions collectives de votre entreprise ou encore des accords entre votre agence d\u2019int\u00e9rim et votre employeur. Si l\u2019entreprise impose des <b>r\u00e8gles pr\u00e9cises<\/b> pour ses propres salari\u00e9s, celles-ci s\u2019appliquent \u00e9galement \u00e0 vous.<\/p>\n<div class='cta-block'><div class='text'>Simulez votre prime de No\u00ebl.<\/div><a href='https:\/\/www.mes-allocs.fr\/ab-app?origin=guides\/wp-json\/wp\/v2\/posts\/105930' class='app-button fit'>Simulation gratuite<\/a><\/div>\n<h1>Est-ce que la prime de fin d\u2019ann\u00e9e est obligatoire en entreprise ?<\/h1>\n<p><b>Non<\/b>, la <a href=\"https:\/\/www.mes-allocs.fr\/guides\/prime-de-noel\/prime-de-noel-entreprise\/prime-de-noel-obligatoire\/\">prime de fin d\u2019ann\u00e9e n\u2019est pas obligatoire<\/a> en entreprise car c\u2019est <b>une question d\u2019usage ou non<\/b> : l\u2019employeur n\u2019est oblig\u00e9 de verser la gratification que s\u2019il s\u2019agit d\u2019une pratique d\u00e9j\u00e0 \u00e9tablie dans l\u2019entreprise. Ce n\u2019est pas le cas pour toutes les entreprises. Le versement de la prime de No\u00ebl d\u2019entreprise n\u2019est obligatoire que si :<\/p>\n<ul>\n<li aria-level=\"1\">Elle est <b>pr\u00e9vue dans votre contrat de travail<\/b><\/li>\n<li aria-level=\"1\">C\u2019est un <b>usage de l\u2019entreprise<\/b> qui vous emploie<\/li>\n<li aria-level=\"1\">Il s\u2019agit d\u2019une <b>convention ou d\u2019un accord collectif<\/b><\/li>\n<li aria-level=\"1\">L\u2019employeur s\u2019est <b>engag\u00e9<\/b> \u00e0 vous verser cette prime<\/li>\n<\/ul>\n<p>Donc la prime de fin d\u2019ann\u00e9e n\u2019est pas obligatoire dans toutes les entreprises car chacune d\u2019entre elles peut d\u00e9cider d\u2019en verser une ou non.<\/p>\n<h1>Prime de No\u00ebl int\u00e9rimaire : comment calculer le montant ?<\/h1>\n<p>Le montant de la prime de No\u00ebl pour un int\u00e9rimaire est <b>calcul\u00e9 d\u2019apr\u00e8s un pourcentage de votre salaire brut<\/b> : g\u00e9n\u00e9ralement <b>entre 5 \u00e0 10% de votre salaire annuel<\/b>. Cela d\u00e9pend encore une fois des conventions collectives et des accords de votre entreprise.<\/p>\n<div class='shortcode tips'><div class='title'>Exemple<\/div><div class='content'>Vous \u00eates int\u00e9rimaire dans une entreprise de logistique et que vous avez gagn\u00e9 20 000 \u20ac brut au cours de l\u2019ann\u00e9e. Si la convention collective ou l\u2019accord d\u2019entreprise pr\u00e9voit une prime de No\u00ebl de 8 % du salaire annuel, votre prime sera calcul\u00e9e ainsi : 20 000 \u00d7 0,08 = 1 600. Vous percevrez donc 1 600 \u20ac de prime de No\u00ebl. Si l\u2019entreprise applique un autre pourcentage, par exemple 5 % ou 10 %, le montant s\u2019ajustera en cons\u00e9quence, toujours bas\u00e9 sur votre salaire brut annuel et proportionnel \u00e0 votre temps de pr\u00e9sence dans l\u2019entreprise.<\/div><\/div>\n<p>Vous devez \u00e9galement noter que votre prime de No\u00ebl est <b>soumise \u00e0 des cotisations sociales<\/b>. Cela comprend notamment les cotisations pour la s\u00e9curit\u00e9 sociale et le pr\u00e9compte professionnel, qui peuvent repr\u00e9senter environ <b>20 \u00e0 25 % du montant brut de la prime<\/b>. Le montant net que vous recevrez sera donc <b>r\u00e9duit<\/b>.<\/p>\n<h1>Quelle est la date de versement pour une prime de No\u00ebl d\u2019entreprise ?<\/h1>\n<p>Le versement de la prime de No\u00ebl d\u2019entreprise se fait <b>g\u00e9n\u00e9ralement en d\u00e9cembre par l\u2019agence d\u2019int\u00e9rim<\/b>, bien que la date exacte peut varier d\u2019une ann\u00e9e \u00e0 l\u2019autre. La prime de No\u00ebl d\u2019entreprise est vers\u00e9e<b> en une fois<\/b> sur votre compte bancaire mais il est parfois possible qu\u2019elle soit <b>comprise dans votre fiche de paie<\/b>.<\/p>\n<h1>Quelles sont les d\u00e9marches pour recevoir la prime de fin d\u2019ann\u00e9e ?<\/h1>\n<p>Il n\u2019y a<b> pas de d\u00e9marches \u00e0 faire<\/b> pour recevoir la prime de fin d\u2019ann\u00e9e. Vous pouvez cependant vous assurer que l\u2019entreprise, dans laquelle vous effectuez vos missions, verse effectivement une prime de No\u00ebl \u00e0 ses salari\u00e9s.<\/p>\n<p>Pour cela, vous devez <b>v\u00e9rifier les conventions de votre entreprise et votre contrat de travail<\/b> pour voir si, en tant qu\u2019int\u00e9rimaire, vous \u00eates bien \u00e9ligible. Autrement, vous pouvez vous renseigner directement aupr\u00e8s de votre entreprise ou de votre agence d\u2019int\u00e9rim.<\/p>\n<p>Si au moment du versement de la prime de No\u00ebl, vous constatez que vous n\u2019avez pas re\u00e7u la prime de fin d\u2019ann\u00e9e alors que vous \u00eates \u00e9ligible, vous devez vous <b>rapprocher de votre agence d\u2019int\u00e9rim<\/b> pour comprendre ce qui bloque le paiement et faire valoir votre droit.<\/p>\n<h1>Prime de fin d\u2019ann\u00e9e : devez-vous la d\u00e9clarer aux imp\u00f4ts ?<\/h1>\n<p><b>Non<\/b>, vous n\u2019avez pas \u00e0 d\u00e9clarer vous-m\u00eame la prime de fin d\u2019ann\u00e9e vers\u00e9e par votre employeur aux imp\u00f4ts. Elle appara\u00eet sur votre bulletin de salaire ainsi que dans la d\u00e9claration pr\u00e9remplie de revenus que vous recevez chaque ann\u00e9e. Donc vous n\u2019avez pas de d\u00e9marche suppl\u00e9mentaire \u00e0 faire pour d\u00e9clarer votre prime de fin d\u2019ann\u00e9e car le montant est<b> automatiquement pris en compte<\/b> dans le calcul de votre imp\u00f4t sur le revenu.<\/p>\n<div class='shortcode summary'><div class='title'>En r\u00e9sum\u00e9 :<\/div><div class='content'><ul><li>Un int\u00e9rimaire peut percevoir la prime de No\u00ebl <b>si l\u2019entreprise o\u00f9 il effectue sa mission la verse \u00e0 ses salari\u00e9s<\/b> et que le poste occup\u00e9 est <b>comparable<\/b>.<\/li><li>L\u2019\u00e9ligibilit\u00e9 d\u00e9pend de la <b>p\u00e9riode de r\u00e9f\u00e9rence<\/b>, du <b>nombre de jours ou d\u2019heures travaill\u00e9s<\/b>, ainsi que des <b>conventions collectives ou accords internes<\/b>.<\/li><li>La prime n\u2019est <b>pas obligatoire<\/b> et son montant est g\u00e9n\u00e9ralement calcul\u00e9 <b>entre 5 et 10 % du salaire brut annuel<\/b>, soumis aux cotisations sociales.<\/li><li>Elle est vers\u00e9e <b>en d\u00e9cembre<\/b>, directement <b>par l\u2019agence d\u2019int\u00e9rim<\/b>, et est <b>automatiquement<\/b> int\u00e9gr\u00e9e dans le calcul de l\u2019imp\u00f4t sur le revenu, <b>sans d\u00e9marche suppl\u00e9mentaire<\/b> \u00e0 effectuer.<\/li><\/ul><\/div><\/div>\n<div class='cta-block'><div class='text'>Simulez votre prime de No\u00ebl.<\/div><a href='https:\/\/www.mes-allocs.fr\/ab-app?origin=guides\/wp-json\/wp\/v2\/posts\/105930' class='app-button fit'>Simulation gratuite<\/a><\/div>\n","protected":false},"excerpt":{"rendered":"<p>[Mis \u00e0 jour le 04\/12\/2025] Selon l\u2019endroit o\u00f9 vous travaillez, il est possible que vous puissiez toucher la prime de No\u00ebl d\u2019entreprise. Mais qu\u2019en est-il de la prime de No\u00ebl pour les int\u00e9rimaires ? Peuvent-ils en b\u00e9n\u00e9ficier ? Quel est le montant qu\u2019ils peuvent toucher ? On vous explique. Un int\u00e9rimaire peut-il percevoir la prime [&hellip;]<\/p>\n","protected":false},"author":37,"featured_media":105935,"comment_status":"open","ping_status":"open","sticky":false,"template":"","format":"standard","meta":{"amp_status":"","footnotes":""},"categories":[31,39382],"tags":[],"class_list":["post-105930","post","type-post","status-publish","format-standard","has-post-thumbnail","hentry","category-prime-de-noel","category-prime-de-noel-entreprise"],"yoast_head":"<!-- This site is optimized with the Yoast SEO plugin v14.9 - https:\/\/yoast.com\/wordpress\/plugins\/seo\/ -->\n<title>Prime de No\u00ebl en int\u00e9rim : comment en b\u00e9n\u00e9ficier ? | Mes-Allocs.fr<\/title>\n<meta name=\"description\" content=\"Certaines entreprises versent une prime de No\u00ebl \u00e0 leurs employ\u00e9s. Mais les salari\u00e9s en int\u00e9rim sont-ils concern\u00e9s ? On vous explique.\" \/>\n<meta name=\"robots\" content=\"index, follow, max-snippet:-1, max-image-preview:large, max-video-preview:-1\" \/>\n<link rel=\"canonical\" href=\"https:\/\/www.mes-allocs.fr\/guides\/prime-de-noel\/prime-de-noel-entreprise\/prime-noel-interim\/\" \/>\n<meta property=\"og:locale\" content=\"fr_FR\" \/>\n<meta property=\"og:type\" content=\"article\" \/>\n<meta property=\"og:title\" content=\"Prime de No\u00ebl en int\u00e9rim : comment en b\u00e9n\u00e9ficier ? | Mes-Allocs.fr\" \/>\n<meta property=\"og:description\" content=\"Certaines entreprises versent une prime de No\u00ebl \u00e0 leurs employ\u00e9s. Mais les salari\u00e9s en int\u00e9rim sont-ils concern\u00e9s ? On vous explique.\" \/>\n<meta property=\"og:url\" content=\"https:\/\/www.mes-allocs.fr\/guides\/prime-de-noel\/prime-de-noel-entreprise\/prime-noel-interim\/\" \/>\n<meta property=\"og:site_name\" content=\"Mes-Allocs.fr\" \/>\n<meta property=\"article:published_time\" content=\"2025-11-20T08:10:39+00:00\" \/>\n<meta property=\"article:modified_time\" content=\"2026-04-22T07:32:33+00:00\" \/>\n<meta property=\"og:image\" content=\"https:\/\/www.mes-allocs.fr\/guides\/wp-content\/uploads\/2025\/11\/prime-Noel-interim.jpg?wsr\" \/>\n\t<meta property=\"og:image:width\" content=\"1280\" \/>\n\t<meta property=\"og:image:height\" content=\"853\" \/>\n<meta name=\"twitter:card\" content=\"summary_large_image\" \/>\n<script type=\"application\/ld+json\" class=\"yoast-schema-graph\">{\"@context\":\"https:\/\/schema.org\",\"@graph\":[{\"@type\":\"WebSite\",\"@id\":\"https:\/\/www.mes-allocs.fr\/guides\/#website\",\"url\":\"https:\/\/www.mes-allocs.fr\/guides\/\",\"name\":\"Mes-Allocs.fr\",\"description\":\"\",\"potentialAction\":[{\"@type\":\"SearchAction\",\"target\":\"https:\/\/www.mes-allocs.fr\/guides\/?s={search_term_string}\",\"query-input\":\"required name=search_term_string\"}],\"inLanguage\":\"fr-FR\"},{\"@type\":\"ImageObject\",\"@id\":\"https:\/\/www.mes-allocs.fr\/guides\/prime-de-noel\/prime-de-noel-entreprise\/prime-noel-interim\/#primaryimage\",\"inLanguage\":\"fr-FR\",\"url\":\"https:\/\/www.mes-allocs.fr\/guides\/wp-content\/uploads\/2025\/11\/prime-Noel-interim.jpg?wsr\",\"width\":1280,\"height\":853,\"caption\":\"prime Noel interim\"},{\"@type\":\"WebPage\",\"@id\":\"https:\/\/www.mes-allocs.fr\/guides\/prime-de-noel\/prime-de-noel-entreprise\/prime-noel-interim\/#webpage\",\"url\":\"https:\/\/www.mes-allocs.fr\/guides\/prime-de-noel\/prime-de-noel-entreprise\/prime-noel-interim\/\",\"name\":\"Prime de No\\u00ebl en int\\u00e9rim : comment en b\\u00e9n\\u00e9ficier ? | Mes-Allocs.fr\",\"isPartOf\":{\"@id\":\"https:\/\/www.mes-allocs.fr\/guides\/#website\"},\"primaryImageOfPage\":{\"@id\":\"https:\/\/www.mes-allocs.fr\/guides\/prime-de-noel\/prime-de-noel-entreprise\/prime-noel-interim\/#primaryimage\"},\"datePublished\":\"2025-11-20T08:10:39+00:00\",\"dateModified\":\"2026-04-22T07:32:33+00:00\",\"author\":{\"@id\":\"https:\/\/www.mes-allocs.fr\/guides\/#\/schema\/person\/3d888db01e43cfe87ec8e5048f29f3d8\"},\"description\":\"Certaines entreprises versent une prime de No\\u00ebl \\u00e0 leurs employ\\u00e9s. Mais les salari\\u00e9s en int\\u00e9rim sont-ils concern\\u00e9s ? On vous explique.\",\"inLanguage\":\"fr-FR\"},{\"@type\":\"Person\",\"@id\":\"https:\/\/www.mes-allocs.fr\/guides\/#\/schema\/person\/3d888db01e43cfe87ec8e5048f29f3d8\",\"name\":\"Marlyse Perramant\",\"image\":{\"@type\":\"ImageObject\",\"@id\":\"https:\/\/www.mes-allocs.fr\/guides\/#personlogo\",\"inLanguage\":\"fr-FR\",\"url\":\"https:\/\/www.mes-allocs.fr\/guides\/wp-content\/uploads\/2025\/11\/photo-Marlyse-Perramant-150x150.jpg\",\"caption\":\"Marlyse Perramant\"},\"description\":\"R\\u00e9dactrice chez Mes Allocs depuis novembre 2025, j\\u2019\\u00e9cris sur les aides sociales au sens large : logement, famille, sant\\u00e9, emploi, \\u00e9tudes\\u2026 Mon objectif est de rendre les dispositifs plus compr\\u00e9hensibles gr\\u00e2ce \\u00e0 des explications claires, des crit\\u00e8res d\\u2019\\u00e9ligibilit\\u00e9 d\\u00e9taill\\u00e9s et des d\\u00e9marches pas-\\u00e0-pas. Je m\\u2019appuie sur des sources officielles et veille \\u00e0 la mise \\u00e0 jour des informations. J\\u2019ai \\u00e9galement travaill\\u00e9 pour plusieurs m\\u00e9dias, dont Radio U, Ouest-France et TGB.\",\"sameAs\":[\"https:\/\/www.linkedin.com\/in\/marlyse-perramant-61061225b\/\"]}]}<\/script>\n<!-- \/ Yoast SEO plugin. -->","amp_validity":null,"acf":{"faq":{"1":{"question":"Quel est le montant de la prime de No\u00ebl ?","answer":"En entreprise, le montant de la prime de No\u00ebl varie entre 5% et 10% de votre salaire brut annuel, soumis aux cotisations sociales."},"2":{"question":"Quelle prime pour les int\u00e9rimaires ?","answer":"Les int\u00e9rimaires peuvent b\u00e9n\u00e9ficier de la prime de No\u00ebl de leur entreprise si elle en pr\u00e9voit une et qu'ils y sont \u00e9ligible."},"3":{"question":"Quelle est la prime de fin d'ann\u00e9e pour les int\u00e9rimaires ?","answer":"La prime de fin d'ann\u00e9e pour les int\u00e9rimaires est vers\u00e9e par l'entreprise o\u00f9 ils travaillent si cette derni\u00e8re en pr\u00e9voit bien une."},"4":{"question":"Est-ce que les int\u00e9rimaires ont droit \u00e0 la prime d'activit\u00e9 ?","answer":"Oui, les int\u00e9rimaires ont droit \u00e0 la prime d'activit\u00e9 en tant que travailleurs r\u00e9sidant en France."},"5":{"question":"Comment savoir si on a le droit \u00e0 la prime de No\u00ebl ?","answer":"Vous pouvez utiliser la simulation Mes Allocs r\u00e9alisable en 2 minutes pour savoir si vous \u00eates bien \u00e9ligible \u00e0 la prime de No\u00ebl."},"6":{"question":"Quelles sont les conditions pour toucher la prime de No\u00ebl ?","answer":"Pour toucher la prime de No\u00ebl d'entreprise en tant qu'int\u00e9rimaire, il faut prendre en compte votre p\u00e9riode de r\u00e9f\u00e9rence et le nombre de jours de travail que vous avez fait. Ils varient tout deux selon l'entreprise o\u00f9 vous travaill\u00e9. "},"7":{"question":"","answer":""},"8":{"question":"","answer":""},"9":{"question":"","answer":""},"10":{"question":"","answer":""},"11":{"question":"","answer":""},"12":{"question":"","answer":""},"13":{"question":"","answer":""},"14":{"question":"","answer":""},"15":{"question":"","answer":""},"16":{"question":"","answer":""}}},"_links":{"self":[{"href":"https:\/\/www.mes-allocs.fr\/guides\/wp-json\/wp\/v2\/posts\/105930","targetHints":{"allow":["GET"]}}],"collection":[{"href":"https:\/\/www.mes-allocs.fr\/guides\/wp-json\/wp\/v2\/posts"}],"about":[{"href":"https:\/\/www.mes-allocs.fr\/guides\/wp-json\/wp\/v2\/types\/post"}],"author":[{"embeddable":true,"href":"https:\/\/www.mes-allocs.fr\/guides\/wp-json\/wp\/v2\/users\/37"}],"replies":[{"embeddable":true,"href":"https:\/\/www.mes-allocs.fr\/guides\/wp-json\/wp\/v2\/comments?post=105930"}],"version-history":[{"count":7,"href":"https:\/\/www.mes-allocs.fr\/guides\/wp-json\/wp\/v2\/posts\/105930\/revisions"}],"predecessor-version":[{"id":106361,"href":"https:\/\/www.mes-allocs.fr\/guides\/wp-json\/wp\/v2\/posts\/105930\/revisions\/106361"}],"wp:featuredmedia":[{"embeddable":true,"href":"https:\/\/www.mes-allocs.fr\/guides\/wp-json\/wp\/v2\/media\/105935"}],"wp:attachment":[{"href":"https:\/\/www.mes-allocs.fr\/guides\/wp-json\/wp\/v2\/media?parent=105930"}],"wp:term":[{"taxonomy":"category","embeddable":true,"href":"https:\/\/www.mes-allocs.fr\/guides\/wp-json\/wp\/v2\/categories?post=105930"},{"taxonomy":"post_tag","embeddable":true,"href":"https:\/\/www.mes-allocs.fr\/guides\/wp-json\/wp\/v2\/tags?post=105930"}],"curies":[{"name":"wp","href":"https:\/\/api.w.org\/{rel}","templated":true}]}}