{"id":105793,"date":"2025-11-17T10:02:24","date_gmt":"2025-11-17T09:02:24","guid":{"rendered":"https:\/\/www.mes-allocs.fr\/guides\/?p=105793"},"modified":"2026-04-22T08:32:33","modified_gmt":"2026-04-22T07:32:33","slug":"aide-noel","status":"publish","type":"post","link":"https:\/\/www.mes-allocs.fr\/guides\/prime-de-noel\/aide-noel\/","title":{"rendered":"Aide No\u00ebl : quelles aides pour les f\u00eates de fin d\u2019ann\u00e9e en 2025 ?"},"content":{"rendered":"<p><img loading=\"lazy\" decoding=\"async\" class=\"alignnone wp-image-105799 size-full\" title=\"aide de noel\" src=\"https:\/\/www.mes-allocs.fr\/guides\/wp-content\/uploads\/2025\/11\/aide-de-noel-e1763367581341.jpg\" alt=\"aide de noel\" width=\"1920\" height=\"300\" srcset=\"https:\/\/www.mes-allocs.fr\/guides\/wp-content\/uploads\/2025\/11\/aide-de-noel-e1763367581341.jpg 1920w, https:\/\/www.mes-allocs.fr\/guides\/wp-content\/uploads\/2025\/11\/aide-de-noel-e1763367581341-300x47.jpg 300w, https:\/\/www.mes-allocs.fr\/guides\/wp-content\/uploads\/2025\/11\/aide-de-noel-e1763367581341-1024x160.jpg 1024w, https:\/\/www.mes-allocs.fr\/guides\/wp-content\/uploads\/2025\/11\/aide-de-noel-e1763367581341-768x120.jpg 768w, https:\/\/www.mes-allocs.fr\/guides\/wp-content\/uploads\/2025\/11\/aide-de-noel-e1763367581341-1536x240.jpg 1536w, https:\/\/www.mes-allocs.fr\/guides\/wp-content\/uploads\/2025\/11\/aide-de-noel-e1763367581341-600x94.jpg 600w\" sizes=\"auto, (max-width: 1920px) 100vw, 1920px\" \/><\/p>\n<p>[Mis \u00e0 jour le 04\/12\/2025] La p\u00e9riode de No\u00ebl est toujours attendue avec impatience mais ce n\u2019est jamais une bonne nouvelle pour votre portefeuille. En effet, entre les cadeaux, les repas ou les d\u00e9placements, les d\u00e9penses peuvent augmenter tr\u00e8s vite. Mais plusieurs <b>aides de No\u00ebl<\/b> existent en 2025 pour soutenir les foyers les plus modestes. Voici tout ce qu\u2019il faut savoir sur la <a href=\"https:\/\/www.mes-allocs.fr\/guides\/prime-de-noel\/\">prime de No\u00ebl<\/a> et les autres dispositifs mis en place.<\/p>\n<div class='cta-block'><div class='text'>Simulez vos aides de No\u00ebl.<\/div><a href='https:\/\/www.mes-allocs.fr\/ab-app?origin=guides\/wp-json\/wp\/v2\/posts\/105793' class='app-button fit'>Simulation gratuite<\/a><\/div>\n<h1>Quelles sont les aides pour No\u00ebl en 2025 ?<\/h1>\n<h2>L\u2019aide exceptionnelle de fin d\u2019ann\u00e9e pour les b\u00e9n\u00e9ficiaires RSA<\/h2>\n<p>La <a href=\"https:\/\/www.mes-allocs.fr\/guides\/prime-de-noel\/prime-de-noel-caf\/\">prime de No\u00ebl CAF<\/a>\/MSA est une aide financi\u00e8re qui existe <b>depuis 1998<\/b>. Elle est en vers\u00e9e \u00e0 partir du mardi 16 d\u00e9cembre 2025, \u00e0 quelques jours des f\u00eates de fin d\u2019ann\u00e9e. Cette aide est <b>r\u00e9serv\u00e9e aux b\u00e9n\u00e9ficiaires du RSA<\/b>, et dans certains cas aux personnes qui cumulent prime d\u2019activit\u00e9 et RSA si les ressources du foyer sont inf\u00e9rieures au RSA socle.<\/p>\n<p>Le montant de la prime de No\u00ebl CAF\/MSA varie en fonction de la composition de votre foyer :<br \/>\n\n<div class=\"wpdt-c row wpDataTableContainerSimpleTable wpDataTables wpDataTablesWrapper\n wdtscroll\"\n    >\n    <table id=\"wpdtSimpleTable-33\"\n           class=\"wpdtSimpleTable wpDataTable\"\n           data-column=\"3\"\n           data-rows=\"8\"\n           data-wpID=\"33\"\n           data-responsive=\"0\"\n           data-has-header=\"0\">\n\n                    <tbody>        <tr class=\"wpdt-cell-row \" >\n                            <td class=\"wpdt-cell wpdt-bc-F3F9FE wpdt-bold\"\n                                    data-cell-id=\"A1\"\n                data-col-index=\"0\"\n                data-row-index=\"0\"\n                style=\" width:260px;                padding:10px;\"\n                >\n                                Nombre d\u2019enfant(s)                <\/td>\n                                            <td class=\"wpdt-cell wpdt-bc-F3F9FE wpdt-bold\"\n                                    data-cell-id=\"B1\"\n                data-col-index=\"1\"\n                data-row-index=\"0\"\n                style=\" width:228px;                padding:10px;\"\n                >\n                                Personne seule                <\/td>\n                                            <td class=\"wpdt-cell wpdt-bc-F3F9FE wpdt-bold\"\n                                    data-cell-id=\"C1\"\n                data-col-index=\"2\"\n                data-row-index=\"0\"\n                style=\" width:217px;                padding:10px;\"\n                >\n                                En couple                <\/td>\n                                        <\/tr>\n                            <tr class=\"wpdt-cell-row \" >\n                            <td class=\"wpdt-cell wpdt-bold\"\n                                    data-cell-id=\"A2\"\n                data-col-index=\"0\"\n                data-row-index=\"1\"\n                style=\"                padding:10px;\"\n                >\n                                Sans enfant                <\/td>\n                                            <td class=\"wpdt-cell \"\n                                    data-cell-id=\"B2\"\n                data-col-index=\"1\"\n                data-row-index=\"1\"\n                style=\"                padding:10px;\"\n                >\n                                152,45 \u20ac                <\/td>\n                                            <td class=\"wpdt-cell \"\n                                    data-cell-id=\"C2\"\n                data-col-index=\"2\"\n                data-row-index=\"1\"\n                style=\"                padding:10px;\"\n                >\n                                228,68 \u20ac                <\/td>\n                                        <\/tr>\n                            <tr class=\"wpdt-cell-row \" >\n                            <td class=\"wpdt-cell wpdt-bold\"\n                                    data-cell-id=\"A3\"\n                data-col-index=\"0\"\n                data-row-index=\"2\"\n                style=\"                padding:10px;\"\n                >\n                                1 enfant                <\/td>\n                                            <td class=\"wpdt-cell \"\n                                    data-cell-id=\"B3\"\n                data-col-index=\"1\"\n                data-row-index=\"2\"\n                style=\"                padding:10px;\"\n                >\n                                228,68 \u20ac                <\/td>\n                                            <td class=\"wpdt-cell \"\n                                    data-cell-id=\"C3\"\n                data-col-index=\"2\"\n                data-row-index=\"2\"\n                style=\"                padding:10px;\"\n                >\n                                274,41 \u20ac                <\/td>\n                                        <\/tr>\n                            <tr class=\"wpdt-cell-row \" >\n                            <td class=\"wpdt-cell wpdt-bold\"\n                                    data-cell-id=\"A4\"\n                data-col-index=\"0\"\n                data-row-index=\"3\"\n                style=\"                padding:10px;\"\n                >\n                                2 enfants                <\/td>\n                                            <td class=\"wpdt-cell \"\n                                    data-cell-id=\"B4\"\n                data-col-index=\"1\"\n                data-row-index=\"3\"\n                style=\"                padding:10px;\"\n                >\n                                274,41 \u20ac                <\/td>\n                                            <td class=\"wpdt-cell \"\n                                    data-cell-id=\"C4\"\n                data-col-index=\"2\"\n                data-row-index=\"3\"\n                style=\"                padding:10px;\"\n                >\n                                320,15 \u20ac                <\/td>\n                                        <\/tr>\n                            <tr class=\"wpdt-cell-row \" >\n                            <td class=\"wpdt-cell wpdt-bold\"\n                                    data-cell-id=\"A5\"\n                data-col-index=\"0\"\n                data-row-index=\"4\"\n                style=\"                padding:10px;\"\n                >\n                                3 enfants                <\/td>\n                                            <td class=\"wpdt-cell \"\n                                    data-cell-id=\"B5\"\n                data-col-index=\"1\"\n                data-row-index=\"4\"\n                style=\"                padding:10px;\"\n                >\n                                335,39 \u20ac                <\/td>\n                                            <td class=\"wpdt-cell \"\n                                    data-cell-id=\"C5\"\n                data-col-index=\"2\"\n                data-row-index=\"4\"\n                style=\"                padding:10px;\"\n                >\n                                381,13 \u20ac                <\/td>\n                                        <\/tr>\n                            <tr class=\"wpdt-cell-row \" >\n                            <td class=\"wpdt-cell wpdt-bold\"\n                                    data-cell-id=\"A6\"\n                data-col-index=\"0\"\n                data-row-index=\"5\"\n                style=\"                padding:10px;\"\n                >\n                                4 enfants                <\/td>\n                                            <td class=\"wpdt-cell \"\n                                    data-cell-id=\"B6\"\n                data-col-index=\"1\"\n                data-row-index=\"5\"\n                style=\"                padding:10px;\"\n                >\n                                396,37 \u20ac                <\/td>\n                                            <td class=\"wpdt-cell \"\n                                    data-cell-id=\"C6\"\n                data-col-index=\"2\"\n                data-row-index=\"5\"\n                style=\"                padding:10px;\"\n                >\n                                442,11 \u20ac                <\/td>\n                                        <\/tr>\n                            <tr class=\"wpdt-cell-row \" >\n                            <td class=\"wpdt-cell wpdt-bold\"\n                                    data-cell-id=\"A7\"\n                data-col-index=\"0\"\n                data-row-index=\"6\"\n                style=\"                padding:10px;\"\n                >\n                                5 enfants                <\/td>\n                                            <td class=\"wpdt-cell \"\n                                    data-cell-id=\"B7\"\n                data-col-index=\"1\"\n                data-row-index=\"6\"\n                style=\"                padding:10px;\"\n                >\n                                457,35 \u20ac                <\/td>\n                                            <td class=\"wpdt-cell \"\n                                    data-cell-id=\"C7\"\n                data-col-index=\"2\"\n                data-row-index=\"6\"\n                style=\"                padding:10px;\"\n                >\n                                503,09 \u20ac                <\/td>\n                                        <\/tr>\n                            <tr class=\"wpdt-cell-row \" >\n                            <td class=\"wpdt-cell wpdt-bold\"\n                                    data-cell-id=\"A8\"\n                data-col-index=\"0\"\n                data-row-index=\"7\"\n                style=\"                padding:10px;\"\n                >\n                                Par enfant(s) suppl\u00e9mentaire                <\/td>\n                                            <td class=\"wpdt-cell \"\n                                    data-cell-id=\"B8\"\n                data-col-index=\"1\"\n                data-row-index=\"7\"\n                style=\"                padding:10px;\"\n                >\n                                +60,98 \u20ac                <\/td>\n                                            <td class=\"wpdt-cell \"\n                                    data-cell-id=\"C8\"\n                data-col-index=\"2\"\n                data-row-index=\"7\"\n                style=\"                padding:10px;\"\n                >\n                                +60,98 \u20ac                <\/td>\n                                        <\/tr>\n                    <\/table>\n<\/div><style id='wpdt-custom-style-33'>\n.wpdt-bc-F3F9FE { background-color: #F3F9FE !important;}\n<\/style>\n<\/p>\n<p><em>(Montants officiels en vigueur au 03\/12\/2025)<\/em><\/p>\n<div class='shortcode important'><div class='title'>Important<\/div><div class='content'>Bonne nouvelle, aucune d\u00e9marche de votre part n\u2019est n\u00e9cessaire. Le versement est automatique de la part de la CAF ou de la MSA.<\/div><\/div>\n<h2>L\u2019aide vers\u00e9e aux demandeurs d\u2019emploi (ASS, AER, etc.)<\/h2>\n<p>France Travail verse aussi une prime de No\u00ebl. La <a href=\"https:\/\/www.mes-allocs.fr\/guides\/prime-de-noel\/prime-de-noel-pole-emploi\/\">prime de No\u00ebl France Travail<\/a> s\u2019adresse aux b\u00e9n\u00e9ficiaires qui ne touchent pas le RSA. Voici les personnes concern\u00e9es :<\/p>\n<ul>\n<li aria-level=\"1\">Les allocataires de <b>l\u2019ASS<\/b> (Allocation de solidarit\u00e9 sp\u00e9cifique),<\/li>\n<li aria-level=\"1\">Les b\u00e9n\u00e9ficiaires de la <b>RFFT<\/b> (r\u00e9mun\u00e9ration de fin de formation),<\/li>\n<li aria-level=\"1\">Les stagiaires de<b> la formation professionnelle r\u00e9mun\u00e9r\u00e9e <\/b>par France Travail,<\/li>\n<li aria-level=\"1\">Les b\u00e9n\u00e9ficiaires de l\u2019<b>ACRE-ASS<\/b>.<\/li>\n<\/ul>\n<p>L\u00e0 en revanche, le montant de la prime est unique : 152,45 euros. La composition de votre foyer ne change rien.<\/p>\n<h2>Les dispositifs r\u00e9serv\u00e9s aux agents hospitaliers<\/h2>\n<p>Le CGOS (Comit\u00e9 de Gestion des \u0152uvres Sociales) propose \u00e9galement une aide de No\u00ebl. Contrairement \u00e0 la CAF ou France Travail, il ne s\u2019agit pas d\u2019une aide financi\u00e8re mais de ch\u00e8ques cadeaux. Ils sont destin\u00e9s aux enfants des agents hospitaliers.<\/p>\n<p>C\u2019est une aide r\u00e9gionale, donc le montant varie en fonction des r\u00e9gions, mais il se situe en g\u00e9n\u00e9ral entre 20 et 30 euros par enfant. Pour y avoir droit, vous devez \u00eatre affili\u00e9 au CGOS et avoir transmis les justificatifs n\u00e9cessaires avant la date limite fix\u00e9e par votre \u00e9tablissement ou r\u00e9gion.<\/p>\n<p>Voici le montant de la prime CGOS par r\u00e9gion :<\/p>\n\n<div class=\"wpdt-c row wpDataTableContainerSimpleTable wpDataTables wpDataTablesWrapper\n\"\n    >\n    <table id=\"wpdtSimpleTable-712\"\n           class=\"wpdtSimpleTable wpDataTable\"\n           data-column=\"4\"\n           data-rows=\"10\"\n           data-wpID=\"712\"\n           data-responsive=\"0\"\n           data-has-header=\"0\">\n\n                    <tbody>        <tr class=\"wpdt-cell-row \" >\n                            <td class=\"wpdt-cell wpdt-bc-F3F9FE wpdt-bold\"\n                                    data-cell-id=\"A1\"\n                data-col-index=\"0\"\n                data-row-index=\"0\"\n                style=\" width:25%;                padding:10px;\"\n                >\n                                R\u00e9gion                <\/td>\n                                            <td class=\"wpdt-cell wpdt-bc-F3F9FE wpdt-bold\"\n                                    data-cell-id=\"B1\"\n                data-col-index=\"1\"\n                data-row-index=\"0\"\n                style=\" width:25%;                padding:10px;\"\n                >\n                                Montant par enfant en 2025                <\/td>\n                                            <td class=\"wpdt-cell wpdt-bc-F3F9FE wpdt-bold\"\n                                    data-cell-id=\"C1\"\n                data-col-index=\"2\"\n                data-row-index=\"0\"\n                style=\" width:25%;                padding:10px;\"\n                >\n                                Condition d'\u00e2ge                <\/td>\n                                            <td class=\"wpdt-cell wpdt-bc-F3F9FE wpdt-bold\"\n                                    data-cell-id=\"D1\"\n                data-col-index=\"3\"\n                data-row-index=\"0\"\n                style=\" width:25%;                padding:10px;\"\n                >\n                                Date limite d\u00e9p\u00f4t de dossier                <\/td>\n                                        <\/tr>\n                            <tr class=\"wpdt-cell-row \" >\n                            <td class=\"wpdt-cell \"\n                                    data-cell-id=\"A2\"\n                data-col-index=\"0\"\n                data-row-index=\"1\"\n                style=\"                padding:10px;\"\n                >\n                                Bourgogne-Franche-Comt\u00e9                <\/td>\n                                            <td class=\"wpdt-cell \"\n                                    data-cell-id=\"B2\"\n                data-col-index=\"1\"\n                data-row-index=\"1\"\n                style=\"                padding:10px;\"\n                >\n                                20 \u20ac                <\/td>\n                                            <td class=\"wpdt-cell \"\n                                    data-cell-id=\"C2\"\n                data-col-index=\"2\"\n                data-row-index=\"1\"\n                style=\"                padding:10px;\"\n                >\n                                Enfants de 1 \u00e0 10 ans (n\u00e9s entre le 01\/01\/2015 et le 31\/12\/2024)                <\/td>\n                                            <td class=\"wpdt-cell \"\n                                    data-cell-id=\"D2\"\n                data-col-index=\"3\"\n                data-row-index=\"1\"\n                style=\"                padding:10px;\"\n                >\n                                31\/10\/2025                <\/td>\n                                        <\/tr>\n                            <tr class=\"wpdt-cell-row \" >\n                            <td class=\"wpdt-cell \"\n                                    data-cell-id=\"A3\"\n                data-col-index=\"0\"\n                data-row-index=\"2\"\n                style=\"                padding:10px;\"\n                >\n                                Bretagne                <\/td>\n                                            <td class=\"wpdt-cell \"\n                                    data-cell-id=\"B3\"\n                data-col-index=\"1\"\n                data-row-index=\"2\"\n                style=\"                padding:10px;\"\n                >\n                                25 \u20ac                <\/td>\n                                            <td class=\"wpdt-cell \"\n                                    data-cell-id=\"C3\"\n                data-col-index=\"2\"\n                data-row-index=\"2\"\n                style=\"                padding:10px;\"\n                >\n                                Enfants de 1 \u00e0 12 ans (n\u00e9s entre le 01\/01\/2013 et le 31\/12\/2024)                <\/td>\n                                            <td class=\"wpdt-cell \"\n                                    data-cell-id=\"D3\"\n                data-col-index=\"3\"\n                data-row-index=\"2\"\n                style=\"                padding:10px;\"\n                >\n                                31\/10\/2025                <\/td>\n                                        <\/tr>\n                            <tr class=\"wpdt-cell-row \" >\n                            <td class=\"wpdt-cell \"\n                                    data-cell-id=\"A4\"\n                data-col-index=\"0\"\n                data-row-index=\"3\"\n                style=\"                padding:10px;\"\n                >\n                                Normandie                <\/td>\n                                            <td class=\"wpdt-cell \"\n                                    data-cell-id=\"B4\"\n                data-col-index=\"1\"\n                data-row-index=\"3\"\n                style=\"                padding:10px;\"\n                >\n                                20 \u20ac                <\/td>\n                                            <td class=\"wpdt-cell \"\n                                    data-cell-id=\"C4\"\n                data-col-index=\"2\"\n                data-row-index=\"3\"\n                style=\"                padding:10px;\"\n                >\n                                Enfants de 1 \u00e0 13 ans (n\u00e9s entre le 01\/01\/2012 et le 31\/12\/2024)                <\/td>\n                                            <td class=\"wpdt-cell \"\n                                    data-cell-id=\"D4\"\n                data-col-index=\"3\"\n                data-row-index=\"3\"\n                style=\"                padding:10px;\"\n                >\n                                31\/10\/2025                <\/td>\n                                        <\/tr>\n                            <tr class=\"wpdt-cell-row \" >\n                            <td class=\"wpdt-cell \"\n                                    data-cell-id=\"A5\"\n                data-col-index=\"0\"\n                data-row-index=\"4\"\n                style=\"                padding:10px;\"\n                >\n                                Occitanie                <\/td>\n                                            <td class=\"wpdt-cell \"\n                                    data-cell-id=\"B5\"\n                data-col-index=\"1\"\n                data-row-index=\"4\"\n                style=\"                padding:10px;\"\n                >\n                                30 \u20ac                <\/td>\n                                            <td class=\"wpdt-cell \"\n                                    data-cell-id=\"C5\"\n                data-col-index=\"2\"\n                data-row-index=\"4\"\n                style=\"                padding:10px;\"\n                >\n                                Enfants de 1 \u00e0 12 ans (n\u00e9s entre le 01\/01\/2013 et le 31\/12\/2024)                <\/td>\n                                            <td class=\"wpdt-cell \"\n                                    data-cell-id=\"D5\"\n                data-col-index=\"3\"\n                data-row-index=\"4\"\n                style=\"                padding:10px;\"\n                >\n                                31\/10\/2025                <\/td>\n                                        <\/tr>\n                            <tr class=\"wpdt-cell-row \" >\n                            <td class=\"wpdt-cell \"\n                                    data-cell-id=\"A6\"\n                data-col-index=\"0\"\n                data-row-index=\"5\"\n                style=\"                padding:10px;\"\n                >\n                                Pays de la Loire                <\/td>\n                                            <td class=\"wpdt-cell \"\n                                    data-cell-id=\"B6\"\n                data-col-index=\"1\"\n                data-row-index=\"5\"\n                style=\"                padding:10px;\"\n                >\n                                30 \u20ac                <\/td>\n                                            <td class=\"wpdt-cell \"\n                                    data-cell-id=\"C6\"\n                data-col-index=\"2\"\n                data-row-index=\"5\"\n                style=\"                padding:10px;\"\n                >\n                                Enfants de 1 \u00e0 12 ans (n\u00e9s entre le 01\/01\/2013 et le 31\/12\/2024)                <\/td>\n                                            <td class=\"wpdt-cell \"\n                                    data-cell-id=\"D6\"\n                data-col-index=\"3\"\n                data-row-index=\"5\"\n                style=\"                padding:10px;\"\n                >\n                                31\/10\/2025                <\/td>\n                                        <\/tr>\n                            <tr class=\"wpdt-cell-row \" >\n                            <td class=\"wpdt-cell \"\n                                    data-cell-id=\"A7\"\n                data-col-index=\"0\"\n                data-row-index=\"6\"\n                style=\"                padding:10px;\"\n                >\n                                Provence-Alpes-C\u00f4te d\u2019Azur                <\/td>\n                                            <td class=\"wpdt-cell \"\n                                    data-cell-id=\"B7\"\n                data-col-index=\"1\"\n                data-row-index=\"6\"\n                style=\"                padding:10px;\"\n                >\n                                30 \u20ac                <\/td>\n                                            <td class=\"wpdt-cell \"\n                                    data-cell-id=\"C7\"\n                data-col-index=\"2\"\n                data-row-index=\"6\"\n                style=\"                padding:10px;\"\n                >\n                                Enfants de 1 \u00e0 12 ans (n\u00e9s entre le 01\/01\/2013 et le 31\/12\/2024)                <\/td>\n                                            <td class=\"wpdt-cell \"\n                                    data-cell-id=\"D7\"\n                data-col-index=\"3\"\n                data-row-index=\"6\"\n                style=\"                padding:10px;\"\n                >\n                                31\/10\/2025                <\/td>\n                                        <\/tr>\n                            <tr class=\"wpdt-cell-row \" >\n                            <td class=\"wpdt-cell \"\n                                    data-cell-id=\"A8\"\n                data-col-index=\"0\"\n                data-row-index=\"7\"\n                style=\"                padding:10px;\"\n                >\n                                Hauts-de-France                <\/td>\n                                            <td class=\"wpdt-cell \"\n                                    data-cell-id=\"B8\"\n                data-col-index=\"1\"\n                data-row-index=\"7\"\n                style=\"                padding:10px;\"\n                >\n                                30 \u20ac                <\/td>\n                                            <td class=\"wpdt-cell \"\n                                    data-cell-id=\"C8\"\n                data-col-index=\"2\"\n                data-row-index=\"7\"\n                style=\"                padding:10px;\"\n                >\n                                Enfants de 1 \u00e0 11 ans (n\u00e9s entre le 01\/01\/2014 et le 31\/12\/2024)                <\/td>\n                                            <td class=\"wpdt-cell \"\n                                    data-cell-id=\"D8\"\n                data-col-index=\"3\"\n                data-row-index=\"7\"\n                style=\"                padding:10px;\"\n                >\n                                15\/10\/2025                <\/td>\n                                        <\/tr>\n                            <tr class=\"wpdt-cell-row \" >\n                            <td class=\"wpdt-cell \"\n                                    data-cell-id=\"A9\"\n                data-col-index=\"0\"\n                data-row-index=\"8\"\n                style=\"                padding:10px;\"\n                >\n                                Corse                <\/td>\n                                            <td class=\"wpdt-cell \"\n                                    data-cell-id=\"B9\"\n                data-col-index=\"1\"\n                data-row-index=\"8\"\n                style=\"                padding:10px;\"\n                >\n                                30 \u20ac                <\/td>\n                                            <td class=\"wpdt-cell \"\n                                    data-cell-id=\"C9\"\n                data-col-index=\"2\"\n                data-row-index=\"8\"\n                style=\"                padding:10px;\"\n                >\n                                Enfants de 1 \u00e0 12 ans (n\u00e9s entre le 01\/01\/2013 et le 31\/12\/2024)                <\/td>\n                                            <td class=\"wpdt-cell \"\n                                    data-cell-id=\"D9\"\n                data-col-index=\"3\"\n                data-row-index=\"8\"\n                style=\"                padding:10px;\"\n                >\n                                31\/10\/2025                <\/td>\n                                        <\/tr>\n                            <tr class=\"wpdt-cell-row \" >\n                            <td class=\"wpdt-cell \"\n                                    data-cell-id=\"A10\"\n                data-col-index=\"0\"\n                data-row-index=\"9\"\n                style=\"                padding:10px;\"\n                >\n                                Nouvelle Aquitaine                <\/td>\n                                            <td class=\"wpdt-cell  wpdt-merged-cell \"\n                 colspan=\"3\"  rowspan=\"1\"                 data-cell-id=\"B10\"\n                data-col-index=\"1\"\n                data-row-index=\"9\"\n                style=\"                padding:10px;\"\n                >\n                                Aide suspendue en 2025                <\/td>\n                                                                <\/tr>\n                    <\/table>\n<\/div><style id='wpdt-custom-style-712'>\n.wpdt-bc-F3F9FE { background-color: #F3F9FE !important;}\n<\/style>\n\n<h1>Aides de No\u00ebl pour les salari\u00e9s : \u00e0 quoi avez-vous droit ?<\/h1>\n<h2>Les bons d\u2019achat et cadeaux financ\u00e9s par le CSE<\/h2>\n<p>Les employeurs et les CSE peuvent effectivement offrir des ch\u00e8ques cadeaux de No\u00ebl. En 2025, ils sont exon\u00e9r\u00e9s de cotisations sociales si leur montant ne d\u00e9passe pas 5 % du plafond mensuel de la S\u00e9curit\u00e9 sociale, c&rsquo;est-\u00e0-dire <b>193 euros par salari\u00e9<\/b>.<\/p>\n<p>Vous pouvez utiliser ces ch\u00e8ques pour acheter des jouets, des livres, des v\u00eatements, ou des aliments pour le repas de No\u00ebl etc.<\/p>\n<p>En plus des ch\u00e8ques cadeaux, les CSE et employeurs peuvent organiser plein d\u2019autres activit\u00e9s, comme des arbres de No\u00ebl, des paniers remplis de sucreries, des go\u00fbters ou des animations, des sorties culturelles etc.<\/p>\n<h2>La prime de No\u00ebl vers\u00e9e par l\u2019employeur<\/h2>\n<p>La <a href=\"https:\/\/www.mes-allocs.fr\/guides\/prime-de-noel\/prime-de-noel-entreprise\/\">prime de No\u00ebl peut \u00eatre vers\u00e9e par l\u2019employeur<\/a>, mais elle n\u2019est pas automatique. Elle devient obligatoire uniquement si<strong> elle est inscrite dans votre contrat de travail<\/strong>, pr\u00e9vue par votre convention collective, ou d\u00e9coule d\u2019un engagement unilat\u00e9ral de l\u2019employeur.<\/p>\n<p>Dans ces situations, l\u2019entreprise doit la verser \u00e0 tous les salari\u00e9s concern\u00e9s, sans exception. En dehors de ces cas, son versement reste facultatif et d\u00e9pend de ce que d\u00e9cide l\u2019entreprise.<\/p>\n<h1>Aides de No\u00ebl : votre commune, d\u00e9partement ou r\u00e9gion peut vous aider<\/h1>\n<h2>Les distributions sp\u00e9ciales de fin d\u2019ann\u00e9e : colis, repas, visites solidaires<\/h2>\n<p>Certaines communes et certains d\u00e9partements proposent souvent <b>des colis de No\u00ebl aux personnes \u00e2g\u00e9es ou isol\u00e9es, <\/b>tout comme des repas et des visites solidaires. Ils contiennent des produits qui s&rsquo;accordent avec les f\u00eates de fin d&rsquo;ann\u00e9e, comme des chocolats, des confiseries, du foie gras, des boissons etc. L\u2019attribution de ces colis d\u00e9pend en g\u00e9n\u00e9ral de votre \u00e2ge, de vos revenus, et forc\u00e9ment de l\u00e0 o\u00f9 vous habitez.<\/p>\n<div class='shortcode tips'><div class='title'>Exemple<\/div><div class='content'> Le Havre distribue chaque ann\u00e9e des colis de No\u00ebl aux personnes de plus de 70 ans. <\/div><\/div>\n<h2>Aides alimentaires et ch\u00e8ques solidaires mis en place par certaines collectivit\u00e9s<\/h2>\n<p>De nombreuses communes accordent \u00e9galement des ch\u00e8ques cadeaux, des bons alimentaires ou pour plein d&rsquo;enseignes. Vous pouvez les d\u00e9penser pour pr\u00e9parer votre repas de No\u00ebl ou pour les cadeaux de vos enfants. Vers\u00e9s en fonction de vos revenus par la CCAS, <b>le montant varie entre 20 et 100 euros.<\/b><\/p>\n<div class='shortcode tips'><div class='title'>Exemple<\/div><div class='content'> La commune de Puteaux (Hauts-de-Seine) propose un \u00ab Ch\u00e8que Solidarit\u00e9 No\u00ebl \u00bb d\u2019une valeur de 40 \u20ac. <\/div><\/div>\n<div class='cta-block'><div class='text'>Simulez vos aides de No\u00ebl.<\/div><a href='https:\/\/www.mes-allocs.fr\/ab-app?origin=guides\/wp-json\/wp\/v2\/posts\/105793' class='app-button fit'>Simulation gratuite<\/a><\/div>\n<h1>Quelles associations proposent des aides \u00e0 l\u2019occasion de No\u00ebl ?<\/h1>\n<h2>Les Restos du Coeur<\/h2>\n<p>Chaque ann\u00e9e, les Restos du Coeur organisent <b>pour les familles les plus modestes<\/b> :<\/p>\n<ul>\n<li aria-level=\"1\">Des distributions alimentaires sp\u00e9cialement pour les f\u00eates,<\/li>\n<li aria-level=\"1\">Des repas pour le r\u00e9veillon de No\u00ebl,<\/li>\n<li aria-level=\"1\">Des dons de jouets,<\/li>\n<li aria-level=\"1\">Des animations pour les enfants.<\/li>\n<\/ul>\n<h2>Les P\u00e8res No\u00ebl verts du Secours populaire<\/h2>\n<p>Le Secours populaire m\u00e8ne l\u2019op\u00e9ration <b>\u201cP\u00e8res No\u00ebl verts\u201d, <\/b>pour permettre \u00e0 toutes les familles de pouvoir f\u00eater No\u00ebl comme il se doit. Les b\u00e9n\u00e9voles collectent alors des jouets, des livres, des v\u00eatements et des produits alimentaires. Il y a m\u00eame parfois des villages de No\u00ebl \u201csolidaires\u201d qui sont organis\u00e9s dans plusieurs villes. Les enfants peuvent y choisir un cadeau.<\/p>\n<h2>Les actions de la Croix-Rouge<\/h2>\n<p>La Croix-Rouge propose elle aussi son op\u00e9ration avec <b>\u00ab Une \u00e9toile pour un No\u00ebl solidaire \u00bb. <\/b>Elle inclut des distributions de cadeaux et des repas de f\u00eate. Il y a aussi des visites dans les centres d\u2019h\u00e9bergement, foyers ou h\u00f4pitaux. Cette d\u00e9marche de la Croix-Rouge cible les personnes isol\u00e9es ou sans domicile fixe.<\/p>\n<h2>Emma\u00fcs et autres<\/h2>\n<p>Emma\u00fcs organise chaque ann\u00e9e des ventes solidaires de No\u00ebl. Vous pouvez y trouver des jouets, d\u00e9corations ou objets d\u2019occasion \u00e0 prix r\u00e9duit. Les b\u00e9n\u00e9fices servent \u00e0 financer leurs actions de r\u00e9insertion.<\/p>\n<p>Il y a plein d\u2019autres associations, \u00e0 \u00e9chelle locale, qui proposent des distributions ou des dons, comme<b> le Secours Catholique, les Dons Solidaires ou les Banques alimentaires .<\/b><\/p>\n<h1>Aides de No\u00ebl : comment en b\u00e9n\u00e9ficier ?<\/h1>\n<h2 data-start=\"373\" data-end=\"410\">Aides vers\u00e9es automatiquement<\/h2>\n<ul>\n<li>Prime de No\u00ebl CAF\/MSA<\/li>\n<li>Prime de No\u00ebl France Travail<\/li>\n<li>Prime de No\u00ebl CGOS (agents hospitaliers)<\/li>\n<li>Prime de No\u00ebl de l\u2019employeur<\/li>\n<\/ul>\n<h2 data-start=\"1178\" data-end=\"1215\"><strong data-start=\"1182\" data-end=\"1215\">Aides n\u00e9cessitant une demande<\/strong><\/h2>\n<ul data-start=\"1289\" data-end=\"1940\">\n<li data-start=\"1289\" data-end=\"1408\">Aides du CCAS<\/li>\n<li data-start=\"1409\" data-end=\"1511\">Aides exceptionnelles du d\u00e9partement ou de la r\u00e9gion<\/li>\n<li data-start=\"1512\" data-end=\"1620\">Aides de No\u00ebl de certaines communes<\/li>\n<li data-start=\"1621\" data-end=\"1749\">Aides associatives locales<\/li>\n<\/ul>\n<h1>Comment savoir si vous avez droit \u00e0 une aide de No\u00ebl ?<\/h1>\n<p>Voici comment vous pouvez identifier vos droits :<\/p>\n<ul>\n<li aria-level=\"1\">V\u00e9rifiez si vous touchez le <b>RSA<\/b>, l\u2019<b>ASS<\/b> ou une autre aide vous rendant \u00e9ligible en novembre\/d\u00e9cembre 2025. Ces aides donnent automatiquement droit \u00e0 la prime de No\u00ebl.<\/li>\n<li aria-level=\"1\">Consultez votre compte CAF, MSA, ou France Travail.<\/li>\n<li aria-level=\"1\">Contactez votre <b>CCAS<\/b> pour conna\u00eetre les aides locales disponibles (colis, bons alimentaires, repas de No\u00ebl).<\/li>\n<li aria-level=\"1\">Renseignez-vous aupr\u00e8s de votre CSE pour savoir si des ch\u00e8ques-cadeaux ou avantages sont distribu\u00e9s.<\/li>\n<\/ul>\n<p>Vous pouvez aussi r\u00e9aliser <b>une simulation Mes Allocs<\/b>. Notre simulateur vous indiquera imm\u00e9diatement \u00e0 quelle aide vous pouvez pr\u00e9tendre \u00e0 l\u2019occasion des f\u00eates de fin d&rsquo;ann\u00e9e.<\/p>\n<div class='shortcode summary'><div class='title'>En r\u00e9sum\u00e9 :<\/div><div class='content'><ul><li> La prime de No\u00ebl 2025 est vers\u00e9e automatiquement \u00e0 partir du mardi 16 d\u00e9cembre 2025 <b>aux b\u00e9n\u00e9ficiaires du RSA<\/b> en fonction de la composition de votre foyer. <\/li><li> <b>Les communes et les d\u00e9partements<\/b> proposent des colis de No\u00ebl, des bons alimentaires et parfois des aides compl\u00e9mentaires. <\/li><li> Les employeurs et CSE peuvent offrir <b>jusqu\u2019\u00e0 193 \u20ac de ch\u00e8ques-cadeaux<\/b> exon\u00e9r\u00e9s de charges aux salari\u00e9s. <\/li><li> <b>De nombreuses associations <\/b>organisent des distributions sp\u00e9ciales, des repas festifs et des collectes de jouets.<\/li><\/ul><\/div><\/div>\n<div class='cta-block'><div class='text'>Simulez vos aides de No\u00ebl.<\/div><a href='https:\/\/www.mes-allocs.fr\/ab-app?origin=guides\/wp-json\/wp\/v2\/posts\/105793' class='app-button fit'>Simulation gratuite<\/a><\/div>\n","protected":false},"excerpt":{"rendered":"<p>[Mis \u00e0 jour le 04\/12\/2025] La p\u00e9riode de No\u00ebl est toujours attendue avec impatience mais ce n\u2019est jamais une bonne nouvelle pour votre portefeuille. En effet, entre les cadeaux, les repas ou les d\u00e9placements, les d\u00e9penses peuvent augmenter tr\u00e8s vite. Mais plusieurs aides de No\u00ebl existent en 2025 pour soutenir les foyers les plus modestes. [&hellip;]<\/p>\n","protected":false},"author":35,"featured_media":105798,"comment_status":"open","ping_status":"open","sticky":false,"template":"","format":"standard","meta":{"amp_status":"","footnotes":""},"categories":[31],"tags":[],"class_list":["post-105793","post","type-post","status-publish","format-standard","has-post-thumbnail","hentry","category-prime-de-noel"],"yoast_head":"<!-- This site is optimized with the Yoast SEO plugin v14.9 - https:\/\/yoast.com\/wordpress\/plugins\/seo\/ -->\n<title>Aide No\u00ebl : quelles aides pour les f\u00eates de fin d\u2019ann\u00e9e en 2025 ?<\/title>\n<meta name=\"description\" content=\"En 2025, de nombreux dispositifs sont mis en place pendant les f\u00eates de fin d&#039;ann\u00e9e : prime de No\u00ebl, ch\u00e8ques-cadeaux, actions solidaires ...\" \/>\n<meta name=\"robots\" content=\"index, follow, max-snippet:-1, max-image-preview:large, max-video-preview:-1\" \/>\n<link rel=\"canonical\" href=\"https:\/\/www.mes-allocs.fr\/guides\/prime-de-noel\/aide-noel\/\" \/>\n<meta property=\"og:locale\" content=\"fr_FR\" \/>\n<meta property=\"og:type\" content=\"article\" \/>\n<meta property=\"og:title\" content=\"Aide No\u00ebl : quelles aides pour les f\u00eates de fin d\u2019ann\u00e9e en 2025 ?\" \/>\n<meta property=\"og:description\" content=\"En 2025, de nombreux dispositifs sont mis en place pendant les f\u00eates de fin d&#039;ann\u00e9e : prime de No\u00ebl, ch\u00e8ques-cadeaux, actions solidaires ...\" \/>\n<meta property=\"og:url\" content=\"https:\/\/www.mes-allocs.fr\/guides\/prime-de-noel\/aide-noel\/\" \/>\n<meta property=\"og:site_name\" content=\"Mes-Allocs.fr\" \/>\n<meta property=\"article:published_time\" content=\"2025-11-17T09:02:24+00:00\" \/>\n<meta property=\"article:modified_time\" content=\"2026-04-22T07:32:33+00:00\" \/>\n<meta property=\"og:image\" content=\"https:\/\/www.mes-allocs.fr\/guides\/wp-content\/uploads\/2025\/11\/aide-noel.jpg?wsr\" \/>\n\t<meta property=\"og:image:width\" content=\"1920\" \/>\n\t<meta property=\"og:image:height\" content=\"1277\" \/>\n<meta name=\"twitter:card\" content=\"summary_large_image\" \/>\n<script type=\"application\/ld+json\" class=\"yoast-schema-graph\">{\"@context\":\"https:\/\/schema.org\",\"@graph\":[{\"@type\":\"WebSite\",\"@id\":\"https:\/\/www.mes-allocs.fr\/guides\/#website\",\"url\":\"https:\/\/www.mes-allocs.fr\/guides\/\",\"name\":\"Mes-Allocs.fr\",\"description\":\"\",\"potentialAction\":[{\"@type\":\"SearchAction\",\"target\":\"https:\/\/www.mes-allocs.fr\/guides\/?s={search_term_string}\",\"query-input\":\"required name=search_term_string\"}],\"inLanguage\":\"fr-FR\"},{\"@type\":\"ImageObject\",\"@id\":\"https:\/\/www.mes-allocs.fr\/guides\/prime-de-noel\/aide-noel\/#primaryimage\",\"inLanguage\":\"fr-FR\",\"url\":\"https:\/\/www.mes-allocs.fr\/guides\/wp-content\/uploads\/2025\/11\/aide-noel.jpg?wsr\",\"width\":1920,\"height\":1277,\"caption\":\"aide noel\"},{\"@type\":\"WebPage\",\"@id\":\"https:\/\/www.mes-allocs.fr\/guides\/prime-de-noel\/aide-noel\/#webpage\",\"url\":\"https:\/\/www.mes-allocs.fr\/guides\/prime-de-noel\/aide-noel\/\",\"name\":\"Aide No\\u00ebl : quelles aides pour les f\\u00eates de fin d\\u2019ann\\u00e9e en 2025 ?\",\"isPartOf\":{\"@id\":\"https:\/\/www.mes-allocs.fr\/guides\/#website\"},\"primaryImageOfPage\":{\"@id\":\"https:\/\/www.mes-allocs.fr\/guides\/prime-de-noel\/aide-noel\/#primaryimage\"},\"datePublished\":\"2025-11-17T09:02:24+00:00\",\"dateModified\":\"2026-04-22T07:32:33+00:00\",\"author\":{\"@id\":\"https:\/\/www.mes-allocs.fr\/guides\/#\/schema\/person\/d3c4797ca00240cce644af053372c21a\"},\"description\":\"En 2025, de nombreux dispositifs sont mis en place pendant les f\\u00eates de fin d'ann\\u00e9e : prime de No\\u00ebl, ch\\u00e8ques-cadeaux, actions solidaires ...\",\"inLanguage\":\"fr-FR\"},{\"@type\":\"Person\",\"@id\":\"https:\/\/www.mes-allocs.fr\/guides\/#\/schema\/person\/d3c4797ca00240cce644af053372c21a\",\"name\":\"Gr\\u00e9goire Hernandez\",\"image\":{\"@type\":\"ImageObject\",\"@id\":\"https:\/\/www.mes-allocs.fr\/guides\/#personlogo\",\"inLanguage\":\"fr-FR\",\"url\":\"https:\/\/www.mes-allocs.fr\/guides\/wp-content\/uploads\/2025\/10\/Photo-de-profil-HERNANDEZ-GREGOIRE-150x150.jpg\",\"caption\":\"Gr\\u00e9goire Hernandez\"},\"description\":\"Passionn\\u00e9 par les sujets socio-\\u00e9conomiques, je rejoins l\\u2019\\u00e9quipe Mes Allocs en octobre 2025 en tant que r\\u00e9dacteur web, apr\\u00e8s une premi\\u00e8re exp\\u00e9rience dans la presse \\u00e9conomique, politique et internationale. Sp\\u00e9cialis\\u00e9 dans les th\\u00e9matiques li\\u00e9es aux aides sociales, \\u00e0 la fiscalit\\u00e9, au pouvoir d\\u2019achat et \\u00e0 la retraite, je veille \\u00e0 proposer des contenus clairs, fiables et v\\u00e9rifi\\u00e9s.\",\"sameAs\":[\"https:\/\/www.linkedin.com\/in\/gr\\u00e9goire-hernandez-334884265\/\"]}]}<\/script>\n<!-- \/ Yoast SEO plugin. -->","amp_validity":null,"acf":{"faq":{"1":{"question":"Quelle aide pour No\u00ebl ?","answer":"La principale aide pour No\u00ebl est la prime de No\u00ebl, vers\u00e9e automatiquement \u00e0 partir du mardi 16 d\u00e9cembre 2025 aux b\u00e9n\u00e9ficiaires du RSA, de l\u2019ASS ou de la RFFT, mais d\u2019autres soutiens existent aussi, comme les colis, bons alimentaires, ch\u00e8ques-cadeaux et aides associatives."},"2":{"question":"Qui a droit au colis de No\u00ebl de la mairie ?","answer":"Les colis de No\u00ebl de la mairie sont en g\u00e9n\u00e9ral destin\u00e9s aux seniors, aux personnes isol\u00e9es et aux foyers modestes, selon des crit\u00e8res fix\u00e9s par le CCAS comme l\u2019\u00e2ge, les revenus et la r\u00e9sidence dans la commune."},"3":{"question":"Qui a droit \u00e0 la prime de No\u00ebl ?","answer":"La prime de No\u00ebl est vers\u00e9e aux b\u00e9n\u00e9ficiaires du RSA, de l\u2019ASS, de l\u2019AER ou de la RFFT, avec un montant allant de 152,45 \u20ac \u00e0 plus de 440 \u20ac selon la composition du foyer pour les allocataires du RSA, et de 152,45 \u20ac pour tous les b\u00e9n\u00e9ficiaires de l\u2019ASS, de l\u2019AER et de la RFFT."},"4":{"question":"O\u00f9 s'inscrire pour le colis de No\u00ebl ?","answer":"Pour recevoir un colis de No\u00ebl, vous devez g\u00e9n\u00e9ralement vous inscrire aupr\u00e8s du CCAS (Centre Communal d\u2019Action Sociale) de votre mairie, souvent d\u00e8s le mois de novembre.\r\n"},"5":{"question":"Qui a droit au colis de No\u00ebl 2025 ?","answer":"Le colis de No\u00ebl en 2025 est en g\u00e9n\u00e9ral destin\u00e9 aux seniors, aux personnes isol\u00e9es et aux foyers aux revenus modestes, selon les crit\u00e8res fix\u00e9s par le CCAS de chaque mairie (\u00e2ge, ressources et r\u00e9sidence dans la commune)."},"6":{"question":"Qui a droit \u00e0 une prime de fin d'ann\u00e9e ?","answer":"Vous pouvez recevoir une prime de fin d\u2019ann\u00e9e si elle est pr\u00e9vue dans votre contrat de travail, dans votre convention collective, ou si elle r\u00e9sulte d\u2019un engagement unilat\u00e9ral de l\u2019employeur, auquel cas l\u2019entreprise est oblig\u00e9e de vous la verser."},"7":{"question":"","answer":""},"8":{"question":"","answer":""},"9":{"question":"","answer":""},"10":{"question":"","answer":""},"11":{"question":"","answer":""},"12":{"question":"","answer":""},"13":{"question":"","answer":""},"14":{"question":"","answer":""},"15":{"question":"","answer":""},"16":{"question":"","answer":""}}},"_links":{"self":[{"href":"https:\/\/www.mes-allocs.fr\/guides\/wp-json\/wp\/v2\/posts\/105793","targetHints":{"allow":["GET"]}}],"collection":[{"href":"https:\/\/www.mes-allocs.fr\/guides\/wp-json\/wp\/v2\/posts"}],"about":[{"href":"https:\/\/www.mes-allocs.fr\/guides\/wp-json\/wp\/v2\/types\/post"}],"author":[{"embeddable":true,"href":"https:\/\/www.mes-allocs.fr\/guides\/wp-json\/wp\/v2\/users\/35"}],"replies":[{"embeddable":true,"href":"https:\/\/www.mes-allocs.fr\/guides\/wp-json\/wp\/v2\/comments?post=105793"}],"version-history":[{"count":9,"href":"https:\/\/www.mes-allocs.fr\/guides\/wp-json\/wp\/v2\/posts\/105793\/revisions"}],"predecessor-version":[{"id":106391,"href":"https:\/\/www.mes-allocs.fr\/guides\/wp-json\/wp\/v2\/posts\/105793\/revisions\/106391"}],"wp:featuredmedia":[{"embeddable":true,"href":"https:\/\/www.mes-allocs.fr\/guides\/wp-json\/wp\/v2\/media\/105798"}],"wp:attachment":[{"href":"https:\/\/www.mes-allocs.fr\/guides\/wp-json\/wp\/v2\/media?parent=105793"}],"wp:term":[{"taxonomy":"category","embeddable":true,"href":"https:\/\/www.mes-allocs.fr\/guides\/wp-json\/wp\/v2\/categories?post=105793"},{"taxonomy":"post_tag","embeddable":true,"href":"https:\/\/www.mes-allocs.fr\/guides\/wp-json\/wp\/v2\/tags?post=105793"}],"curies":[{"name":"wp","href":"https:\/\/api.w.org\/{rel}","templated":true}]}}