{"id":105787,"date":"2025-11-17T09:41:28","date_gmt":"2025-11-17T08:41:28","guid":{"rendered":"https:\/\/www.mes-allocs.fr\/guides\/?p=105787"},"modified":"2026-04-22T08:32:33","modified_gmt":"2026-04-22T07:32:33","slug":"prime-noel-sans-enfant","status":"publish","type":"post","link":"https:\/\/www.mes-allocs.fr\/guides\/prime-de-noel\/prime-noel-sans-enfant\/","title":{"rendered":"Prime de No\u00ebl sans enfant : sera-t-elle vers\u00e9e en 2026 ?"},"content":{"rendered":"<p><img loading=\"lazy\" decoding=\"async\" class=\"alignnone wp-image-105790 size-full\" title=\"prime noel sans enfant\" src=\"https:\/\/www.mes-allocs.fr\/guides\/wp-content\/uploads\/2025\/11\/prime-noel-sans-enfant-e1763138876632.jpg\" alt=\"prime noel sans enfant\" width=\"1920\" height=\"300\" srcset=\"https:\/\/www.mes-allocs.fr\/guides\/wp-content\/uploads\/2025\/11\/prime-noel-sans-enfant-e1763138876632.jpg 1920w, https:\/\/www.mes-allocs.fr\/guides\/wp-content\/uploads\/2025\/11\/prime-noel-sans-enfant-e1763138876632-300x47.jpg 300w, https:\/\/www.mes-allocs.fr\/guides\/wp-content\/uploads\/2025\/11\/prime-noel-sans-enfant-e1763138876632-1024x160.jpg 1024w, https:\/\/www.mes-allocs.fr\/guides\/wp-content\/uploads\/2025\/11\/prime-noel-sans-enfant-e1763138876632-768x120.jpg 768w, https:\/\/www.mes-allocs.fr\/guides\/wp-content\/uploads\/2025\/11\/prime-noel-sans-enfant-e1763138876632-1536x240.jpg 1536w, https:\/\/www.mes-allocs.fr\/guides\/wp-content\/uploads\/2025\/11\/prime-noel-sans-enfant-e1763138876632-600x94.jpg 600w\" sizes=\"auto, (max-width: 1920px) 100vw, 1920px\" \/><\/p>\n<p>[Mis \u00e0 jour le 02\/02\/2026] Chaque fin d\u2019ann\u00e9e, la <a href=\"https:\/\/www.mes-allocs.fr\/guides\/prime-de-noel\/\">prime de No\u00ebl<\/a> apporte un beau cadeau \u00e0 de nombreux foyers pour passer de bonnes f\u00eates. Cr\u00e9\u00e9e en 1998, cette aide reste tr\u00e8s attendue. Mais la <strong data-start=\"342\" data-end=\"371\">prime de No\u00ebl sans enfant<\/strong> suscite aujourd\u2019hui de nombreuses questions, car elle aurait pu ne plus \u00eatre vers\u00e9e \u00e0 tous les b\u00e9n\u00e9ficiaires habituels. Vous n\u2019avez pas d\u2019enfant et vous vous demandez si vous pouvez toucher la prime en 2026 ? On vous explique.<\/p>\n<div class='cta-block'><div class='text'>Simulez votre prime de No\u00ebl<\/div><a href='https:\/\/www.mes-allocs.fr\/ab-app?origin=guides\/wp-json\/wp\/v2\/posts\/105787' class='app-button fit'>Simulation gratuite<\/a><\/div>\n<h1>Pouvez-vous \u00eatre \u00e9ligible \u00e0 la prime de No\u00ebl sans enfant ?<\/h1>\n<p><b>Oui<\/b>, m\u00eame si vous n\u2019avez pas d\u2019enfant, <b>vous pouvez \u00eatre \u00e9ligible \u00e0 la prime de No\u00ebl en 2026<\/b>. Ce n\u2019est pas ce crit\u00e8re qui importe. En effet, vous pouvez \u00eatre \u00e9ligible \u00e0 la prime de No\u00ebl si vous touchez une de ces prestations sociales :<\/p>\n<ul>\n<li aria-level=\"1\">RSA<\/li>\n<li aria-level=\"1\">ASS<\/li>\n<li aria-level=\"1\">AER (dans certains cas)<\/li>\n<li aria-level=\"1\">R\u00e9mun\u00e9ration de la formation France Travail<\/li>\n<li aria-level=\"1\">R\u00e9mun\u00e9ration publique de stage (RPS), si vous touchiez l\u2019ASS juste avant l\u2019entr\u00e9e en formation<\/li>\n<li aria-level=\"1\">Allocation de solidarit\u00e9 sp\u00e9cifique formation (ASS-F)<\/li>\n<\/ul>\n<p>Pour rappel, <b>aucune d\u00e9marche n\u2019est n\u00e9cessaire<\/b>. La prime de No\u00ebl est vers\u00e9e par la CAF, MSA ou France Travail, en fonction de votre situation.<\/p>\n<h1>Suppression de la prime de No\u00ebl pour les foyers sans enfant en 2026 : c&rsquo;est annul\u00e9<\/h1>\n<p>Depuis d\u00e9but novembre 2025, l\u2019id\u00e9e d\u2019une <a href=\"https:\/\/www.mes-allocs.fr\/guides\/prime-de-noel\/suppression-prime-de-noel\/\">suppression de la prime de No\u00ebl<\/a> circulait. L\u2019id\u00e9e \u00e9tait de r\u00e9server cette prime de No\u00ebl aux foyers consid\u00e9r\u00e9s comme les plus fragiles :<b> les familles avec des enfants.\u00a0<\/b><\/p>\n<div class='shortcode important'><div class='title'>Important<\/div><div class='content'> La prime de No\u00ebl sera bien vers\u00e9e en d\u00e9cembre 2026 \u00e0 tous les b\u00e9n\u00e9ficiaires habituels (RSA, ASS, AER\u2026), y compris les personnes sans enfants. Le gouvernement l\u2019a confirm\u00e9 le <strong>28 janvier 2026<\/strong> : les r\u00e8gles ne changent pas par rapport aux ann\u00e9es pr\u00e9c\u00e9dentes. <\/div><\/div>\n<h1>Prime de No\u00ebl sans enfant : quel est le montant en 2026 ?<\/h1>\n<p>En 2025, une personne seule sans enfant percevait une prime de No\u00ebl de <b>152,45 euros<\/b>. Un couple sans enfant 228,68 euros.<\/p>\n<p>Pour rappel, voici les <a href=\"https:\/\/www.mes-allocs.fr\/guides\/prime-de-noel\/prime-de-noel-montant\/\">montants de la prime de No\u00ebl<\/a> en 2025 :<\/p>\n\n<div class=\"wpdt-c row wpDataTableContainerSimpleTable wpDataTables wpDataTablesWrapper\n wdtscroll\"\n    >\n    <table id=\"wpdtSimpleTable-33\"\n           class=\"wpdtSimpleTable wpDataTable\"\n           data-column=\"3\"\n           data-rows=\"8\"\n           data-wpID=\"33\"\n           data-responsive=\"0\"\n           data-has-header=\"0\">\n\n                    <tbody>        <tr class=\"wpdt-cell-row \" >\n                            <td class=\"wpdt-cell wpdt-bc-F3F9FE wpdt-bold\"\n                                    data-cell-id=\"A1\"\n                data-col-index=\"0\"\n                data-row-index=\"0\"\n                style=\" width:260px;                padding:10px;\"\n                >\n                                Nombre d\u2019enfant(s)                <\/td>\n                                            <td class=\"wpdt-cell wpdt-bc-F3F9FE wpdt-bold\"\n                                    data-cell-id=\"B1\"\n                data-col-index=\"1\"\n                data-row-index=\"0\"\n                style=\" width:228px;                padding:10px;\"\n                >\n                                Personne seule                <\/td>\n                                            <td class=\"wpdt-cell wpdt-bc-F3F9FE wpdt-bold\"\n                                    data-cell-id=\"C1\"\n                data-col-index=\"2\"\n                data-row-index=\"0\"\n                style=\" width:217px;                padding:10px;\"\n                >\n                                En couple                <\/td>\n                                        <\/tr>\n                            <tr class=\"wpdt-cell-row \" >\n                            <td class=\"wpdt-cell wpdt-bold\"\n                                    data-cell-id=\"A2\"\n                data-col-index=\"0\"\n                data-row-index=\"1\"\n                style=\"                padding:10px;\"\n                >\n                                Sans enfant                <\/td>\n                                            <td class=\"wpdt-cell \"\n                                    data-cell-id=\"B2\"\n                data-col-index=\"1\"\n                data-row-index=\"1\"\n                style=\"                padding:10px;\"\n                >\n                                152,45 \u20ac                <\/td>\n                                            <td class=\"wpdt-cell \"\n                                    data-cell-id=\"C2\"\n                data-col-index=\"2\"\n                data-row-index=\"1\"\n                style=\"                padding:10px;\"\n                >\n                                228,68 \u20ac                <\/td>\n                                        <\/tr>\n                            <tr class=\"wpdt-cell-row \" >\n                            <td class=\"wpdt-cell wpdt-bold\"\n                                    data-cell-id=\"A3\"\n                data-col-index=\"0\"\n                data-row-index=\"2\"\n                style=\"                padding:10px;\"\n                >\n                                1 enfant                <\/td>\n                                            <td class=\"wpdt-cell \"\n                                    data-cell-id=\"B3\"\n                data-col-index=\"1\"\n                data-row-index=\"2\"\n                style=\"                padding:10px;\"\n                >\n                                228,68 \u20ac                <\/td>\n                                            <td class=\"wpdt-cell \"\n                                    data-cell-id=\"C3\"\n                data-col-index=\"2\"\n                data-row-index=\"2\"\n                style=\"                padding:10px;\"\n                >\n                                274,41 \u20ac                <\/td>\n                                        <\/tr>\n                            <tr class=\"wpdt-cell-row \" >\n                            <td class=\"wpdt-cell wpdt-bold\"\n                                    data-cell-id=\"A4\"\n                data-col-index=\"0\"\n                data-row-index=\"3\"\n                style=\"                padding:10px;\"\n                >\n                                2 enfants                <\/td>\n                                            <td class=\"wpdt-cell \"\n                                    data-cell-id=\"B4\"\n                data-col-index=\"1\"\n                data-row-index=\"3\"\n                style=\"                padding:10px;\"\n                >\n                                274,41 \u20ac                <\/td>\n                                            <td class=\"wpdt-cell \"\n                                    data-cell-id=\"C4\"\n                data-col-index=\"2\"\n                data-row-index=\"3\"\n                style=\"                padding:10px;\"\n                >\n                                320,15 \u20ac                <\/td>\n                                        <\/tr>\n                            <tr class=\"wpdt-cell-row \" >\n                            <td class=\"wpdt-cell wpdt-bold\"\n                                    data-cell-id=\"A5\"\n                data-col-index=\"0\"\n                data-row-index=\"4\"\n                style=\"                padding:10px;\"\n                >\n                                3 enfants                <\/td>\n                                            <td class=\"wpdt-cell \"\n                                    data-cell-id=\"B5\"\n                data-col-index=\"1\"\n                data-row-index=\"4\"\n                style=\"                padding:10px;\"\n                >\n                                335,39 \u20ac                <\/td>\n                                            <td class=\"wpdt-cell \"\n                                    data-cell-id=\"C5\"\n                data-col-index=\"2\"\n                data-row-index=\"4\"\n                style=\"                padding:10px;\"\n                >\n                                381,13 \u20ac                <\/td>\n                                        <\/tr>\n                            <tr class=\"wpdt-cell-row \" >\n                            <td class=\"wpdt-cell wpdt-bold\"\n                                    data-cell-id=\"A6\"\n                data-col-index=\"0\"\n                data-row-index=\"5\"\n                style=\"                padding:10px;\"\n                >\n                                4 enfants                <\/td>\n                                            <td class=\"wpdt-cell \"\n                                    data-cell-id=\"B6\"\n                data-col-index=\"1\"\n                data-row-index=\"5\"\n                style=\"                padding:10px;\"\n                >\n                                396,37 \u20ac                <\/td>\n                                            <td class=\"wpdt-cell \"\n                                    data-cell-id=\"C6\"\n                data-col-index=\"2\"\n                data-row-index=\"5\"\n                style=\"                padding:10px;\"\n                >\n                                442,11 \u20ac                <\/td>\n                                        <\/tr>\n                            <tr class=\"wpdt-cell-row \" >\n                            <td class=\"wpdt-cell wpdt-bold\"\n                                    data-cell-id=\"A7\"\n                data-col-index=\"0\"\n                data-row-index=\"6\"\n                style=\"                padding:10px;\"\n                >\n                                5 enfants                <\/td>\n                                            <td class=\"wpdt-cell \"\n                                    data-cell-id=\"B7\"\n                data-col-index=\"1\"\n                data-row-index=\"6\"\n                style=\"                padding:10px;\"\n                >\n                                457,35 \u20ac                <\/td>\n                                            <td class=\"wpdt-cell \"\n                                    data-cell-id=\"C7\"\n                data-col-index=\"2\"\n                data-row-index=\"6\"\n                style=\"                padding:10px;\"\n                >\n                                503,09 \u20ac                <\/td>\n                                        <\/tr>\n                            <tr class=\"wpdt-cell-row \" >\n                            <td class=\"wpdt-cell wpdt-bold\"\n                                    data-cell-id=\"A8\"\n                data-col-index=\"0\"\n                data-row-index=\"7\"\n                style=\"                padding:10px;\"\n                >\n                                Par enfant(s) suppl\u00e9mentaire                <\/td>\n                                            <td class=\"wpdt-cell \"\n                                    data-cell-id=\"B8\"\n                data-col-index=\"1\"\n                data-row-index=\"7\"\n                style=\"                padding:10px;\"\n                >\n                                +60,98 \u20ac                <\/td>\n                                            <td class=\"wpdt-cell \"\n                                    data-cell-id=\"C8\"\n                data-col-index=\"2\"\n                data-row-index=\"7\"\n                style=\"                padding:10px;\"\n                >\n                                +60,98 \u20ac                <\/td>\n                                        <\/tr>\n                    <\/table>\n<\/div><style id='wpdt-custom-style-33'>\n.wpdt-bc-F3F9FE { background-color: #F3F9FE !important;}\n<\/style>\n\n<div class='shortcode important'><div class='title'>Important<\/div><div class='content'>Si vous d\u00e9pendez de France Travail, le montant de la prime de No\u00ebl est unique pour tous : 152,45 euros. En revanche, si vous d\u00e9pendez de la CAF ou MSA, le montant de la prime de No\u00ebl d\u00e9pend de la taille de votre foyer. Plus vous avez d\u2019enfant, plus le montant de la prime est \u00e9lev\u00e9. <\/div><\/div>\n<p>En 2026, les montants devraient rester similaires \u00e9tant donn\u00e9 qu&rsquo;ils n&rsquo;ont pas pratiquement pas \u00e9volu\u00e9 depuis plusieurs ann\u00e9es.<\/p>\n<h1>Comment savoir si vous avez droit \u00e0 la prime de No\u00ebl sans enfant ?<\/h1>\n<p>Pour recevoir la prime de No\u00ebl, il faut :<\/p>\n<ul>\n<li aria-level=\"1\">Percevoir l\u2019une des prestations ci-dessus (RSA, ASS\u2026),<\/li>\n<li aria-level=\"1\">R\u00e9sider en France,<\/li>\n<li aria-level=\"1\">\u00catre affili\u00e9 \u00e0 l\u2019organisme correspondant (CAF, MSA ou France Travail).<\/li>\n<\/ul>\n<p>Pour v\u00e9rifier votre \u00e9ligibilit\u00e9 ou <a href=\"https:\/\/www.mes-allocs.fr\/guides\/prime-de-noel\/simulation-prime-de-noel\/\">simuler le montant de votre aide de No\u00ebl<\/a>, vous pouvez utiliser le simulateur Mes Allocs. Vous allez pouvoir conna\u00eetre le montant de votre aide si vous \u00eates b\u00e9n\u00e9ficiaire.<\/p>\n<div class='cta-block'><div class='text'>Simulez votre prime de No\u00ebl<\/div><a href='https:\/\/www.mes-allocs.fr\/ab-app?origin=guides\/wp-json\/wp\/v2\/posts\/105787' class='app-button fit'>Simulation gratuite<\/a><\/div>\n<h1>Pourquoi certains b\u00e9n\u00e9ficiaires sans enfant ne re\u00e7oivent pas la prime de No\u00ebl ?<\/h1>\n<p>M\u00eame si vous respectez les conditions pour \u00eatre \u00e9ligible \u00e0 la prime de No\u00ebl, plusieurs situations peuvent emp\u00eacher le versement, qui est automatique.<\/p>\n<h2>Votre RSA ou vos aides France Travail ont \u00e9t\u00e9 suspendus<\/h2>\n<p>La prime de No\u00ebl n\u2019est vers\u00e9e que si votre droit au RSA, \u00e0 l\u2019ASS ou \u00e0 une r\u00e9mun\u00e9ration France Travail est ouvert au moment du versement. En effet, <b>une suspension de vos droits <\/b>suffit \u00e0 bloquer le versement de la prime de No\u00ebl. Cela peut arriver si votre d\u00e9claration trimestrielle RSA n\u2019est pas remplie par exemple.<\/p>\n<h2>Vos donn\u00e9es ne sont pas \u00e0 jour<\/h2>\n<p>Si votre dossier n\u2019est pas actualis\u00e9, l\u2019organisme auquel vous \u00eates rattach\u00e9 ne peut pas vous verser la prime de No\u00ebl. Par exemple, <b>un nouveau RIB qui n\u2019a pas \u00e9t\u00e9 enregistr\u00e9. <\/b>Un simple oubli de votre part peut retarder le versement.<\/p>\n<h2>Droit ouvert trop tard dans l\u2019ann\u00e9e<\/h2>\n<p>Le montant de la prime de No\u00ebl d\u00e9pend de votre situation au mois de novembre et au mois de d\u00e9cembre. Si votre droit est ouvert apr\u00e8s novembre 2026, vous ne recevrez la prime <b>qu\u2019en janvier 2027.\u00a0<\/b><\/p>\n<div class='shortcode important'><div class='title'>Important<\/div><div class='content'>Si votre droit est ouvert apr\u00e8s le 31 d\u00e9cembre 2025, vous ne recevrez pas la prime de No\u00ebl. <\/div><\/div>\n<div class='shortcode summary'><div class='title'>En r\u00e9sum\u00e9 :<\/div><div class='content'><ul><li> Le gouvernement envisageait de supprimer la prime de No\u00ebl <b>pour les foyers sans enfant <\/b>\u00e0 partir de 2026. <\/li><li>La prime de No\u00ebl reste finalement<b>\u00a0inchang\u00e9e<\/b> et sera vers\u00e9e comme d\u2019habitude en 2026.<\/li><li>Les foyers sans enfant pourront en b\u00e9n\u00e9ficier.<\/li><\/ul><\/div><\/div>\n<div class='cta-block'><div class='text'>Simulez votre prime de No\u00ebl<\/div><a href='https:\/\/www.mes-allocs.fr\/ab-app?origin=guides\/wp-json\/wp\/v2\/posts\/105787' class='app-button fit'>Simulation gratuite<\/a><\/div>\n","protected":false},"excerpt":{"rendered":"<p>[Mis \u00e0 jour le 02\/02\/2026] Chaque fin d\u2019ann\u00e9e, la prime de No\u00ebl apporte un beau cadeau \u00e0 de nombreux foyers pour passer de bonnes f\u00eates. Cr\u00e9\u00e9e en 1998, cette aide reste tr\u00e8s attendue. Mais la prime de No\u00ebl sans enfant suscite aujourd\u2019hui de nombreuses questions, car elle aurait pu ne plus \u00eatre vers\u00e9e \u00e0 tous [&hellip;]<\/p>\n","protected":false},"author":35,"featured_media":105789,"comment_status":"open","ping_status":"open","sticky":false,"template":"","format":"standard","meta":{"amp_status":"","footnotes":""},"categories":[31],"tags":[],"class_list":["post-105787","post","type-post","status-publish","format-standard","has-post-thumbnail","hentry","category-prime-de-noel"],"yoast_head":"<!-- This site is optimized with the Yoast SEO plugin v14.9 - https:\/\/yoast.com\/wordpress\/plugins\/seo\/ -->\n<title>Prime de No\u00ebl sans enfant : sera-t-elle vers\u00e9e en 2026 ? | Mes-Allocs.fr<\/title>\n<meta name=\"description\" content=\"La prime de No\u00ebl pour les foyers sans enfant devait \u00eatre supprim\u00e9e. Mais une annonce a \u00e9t\u00e9 faite par le gouvernement le 28 janvier 2026.\" \/>\n<meta name=\"robots\" content=\"index, follow, max-snippet:-1, max-image-preview:large, max-video-preview:-1\" \/>\n<link rel=\"canonical\" href=\"https:\/\/www.mes-allocs.fr\/guides\/prime-de-noel\/prime-noel-sans-enfant\/\" \/>\n<meta property=\"og:locale\" content=\"fr_FR\" \/>\n<meta property=\"og:type\" content=\"article\" \/>\n<meta property=\"og:title\" content=\"Prime de No\u00ebl sans enfant : sera-t-elle vers\u00e9e en 2026 ? | Mes-Allocs.fr\" \/>\n<meta property=\"og:description\" content=\"La prime de No\u00ebl pour les foyers sans enfant devait \u00eatre supprim\u00e9e. Mais une annonce a \u00e9t\u00e9 faite par le gouvernement le 28 janvier 2026.\" \/>\n<meta property=\"og:url\" content=\"https:\/\/www.mes-allocs.fr\/guides\/prime-de-noel\/prime-noel-sans-enfant\/\" \/>\n<meta property=\"og:site_name\" content=\"Mes-Allocs.fr\" \/>\n<meta property=\"article:published_time\" content=\"2025-11-17T08:41:28+00:00\" \/>\n<meta property=\"article:modified_time\" content=\"2026-04-22T07:32:33+00:00\" \/>\n<meta property=\"og:image\" content=\"https:\/\/www.mes-allocs.fr\/guides\/wp-content\/uploads\/2025\/11\/prime-de-noel-sans-enfant.jpg?wsr\" \/>\n\t<meta property=\"og:image:width\" content=\"1920\" \/>\n\t<meta property=\"og:image:height\" content=\"1278\" \/>\n<meta name=\"twitter:card\" content=\"summary_large_image\" \/>\n<script type=\"application\/ld+json\" class=\"yoast-schema-graph\">{\"@context\":\"https:\/\/schema.org\",\"@graph\":[{\"@type\":\"WebSite\",\"@id\":\"https:\/\/www.mes-allocs.fr\/guides\/#website\",\"url\":\"https:\/\/www.mes-allocs.fr\/guides\/\",\"name\":\"Mes-Allocs.fr\",\"description\":\"\",\"potentialAction\":[{\"@type\":\"SearchAction\",\"target\":\"https:\/\/www.mes-allocs.fr\/guides\/?s={search_term_string}\",\"query-input\":\"required name=search_term_string\"}],\"inLanguage\":\"fr-FR\"},{\"@type\":\"ImageObject\",\"@id\":\"https:\/\/www.mes-allocs.fr\/guides\/prime-de-noel\/prime-noel-sans-enfant\/#primaryimage\",\"inLanguage\":\"fr-FR\",\"url\":\"https:\/\/www.mes-allocs.fr\/guides\/wp-content\/uploads\/2025\/11\/prime-de-noel-sans-enfant.jpg?wsr\",\"width\":1920,\"height\":1278,\"caption\":\"prime de noel sans enfant\"},{\"@type\":\"WebPage\",\"@id\":\"https:\/\/www.mes-allocs.fr\/guides\/prime-de-noel\/prime-noel-sans-enfant\/#webpage\",\"url\":\"https:\/\/www.mes-allocs.fr\/guides\/prime-de-noel\/prime-noel-sans-enfant\/\",\"name\":\"Prime de No\\u00ebl sans enfant : sera-t-elle vers\\u00e9e en 2026 ? | Mes-Allocs.fr\",\"isPartOf\":{\"@id\":\"https:\/\/www.mes-allocs.fr\/guides\/#website\"},\"primaryImageOfPage\":{\"@id\":\"https:\/\/www.mes-allocs.fr\/guides\/prime-de-noel\/prime-noel-sans-enfant\/#primaryimage\"},\"datePublished\":\"2025-11-17T08:41:28+00:00\",\"dateModified\":\"2026-04-22T07:32:33+00:00\",\"author\":{\"@id\":\"https:\/\/www.mes-allocs.fr\/guides\/#\/schema\/person\/d3c4797ca00240cce644af053372c21a\"},\"description\":\"La prime de No\\u00ebl pour les foyers sans enfant devait \\u00eatre supprim\\u00e9e. Mais une annonce a \\u00e9t\\u00e9 faite par le gouvernement le 28 janvier 2026.\",\"inLanguage\":\"fr-FR\"},{\"@type\":\"Person\",\"@id\":\"https:\/\/www.mes-allocs.fr\/guides\/#\/schema\/person\/d3c4797ca00240cce644af053372c21a\",\"name\":\"Gr\\u00e9goire Hernandez\",\"image\":{\"@type\":\"ImageObject\",\"@id\":\"https:\/\/www.mes-allocs.fr\/guides\/#personlogo\",\"inLanguage\":\"fr-FR\",\"url\":\"https:\/\/www.mes-allocs.fr\/guides\/wp-content\/uploads\/2025\/10\/Photo-de-profil-HERNANDEZ-GREGOIRE-150x150.jpg\",\"caption\":\"Gr\\u00e9goire Hernandez\"},\"description\":\"Passionn\\u00e9 par les sujets socio-\\u00e9conomiques, je rejoins l\\u2019\\u00e9quipe Mes Allocs en octobre 2025 en tant que r\\u00e9dacteur web, apr\\u00e8s une premi\\u00e8re exp\\u00e9rience dans la presse \\u00e9conomique, politique et internationale. Sp\\u00e9cialis\\u00e9 dans les th\\u00e9matiques li\\u00e9es aux aides sociales, \\u00e0 la fiscalit\\u00e9, au pouvoir d\\u2019achat et \\u00e0 la retraite, je veille \\u00e0 proposer des contenus clairs, fiables et v\\u00e9rifi\\u00e9s.\",\"sameAs\":[\"https:\/\/www.linkedin.com\/in\/gr\\u00e9goire-hernandez-334884265\/\"]}]}<\/script>\n<!-- \/ Yoast SEO plugin. -->","amp_validity":null,"acf":{"faq":{"1":{"question":"Quelle est la prime de No\u00ebl pour une personne seule ?","answer":"Pour une personne seule, la prime de No\u00ebl est de 152,45 \u20ac. Ce montant ne devrait pas changer en 2026"},"2":{"question":"Quelles sont les personnes qui ont droit \u00e0 la prime de No\u00ebl ?","answer":"Ont droit \u00e0 la prime de No\u00ebl les personnes qui per\u00e7oivent le RSA, l\u2019ASS, l\u2019ASS-F, l\u2019AER, la R\u00e9mun\u00e9ration de la formation France Travail ou la R\u00e9mun\u00e9ration publique de stage (RPS) lorsqu\u2019elles touchaient l\u2019ASS juste avant leur entr\u00e9e en formation."},"3":{"question":"Quelle est la prime de No\u00ebl pour un couple sans enfant ?","answer":"Pour un couple sans enfant, la prime de No\u00ebl est de 228,68 \u20ac. Ce montant ne devrait pas changer en 2026"},"4":{"question":"Qui ne touche pas la prime de No\u00ebl ?","answer":"Ne touchent pas la prime de No\u00ebl les personnes qui ne per\u00e7oivent pas l\u2019une des aides ouvrant droit \u00e0 la prime (RSA, ASS, ASS-F, AER, RFFT, RPS), ainsi que les b\u00e9n\u00e9ficiaires de l\u2019ARE, de l\u2019AAH ou du minimum vieillesse."},"5":{"question":"Comment savoir si j'ai droit \u00e0 la prime de No\u00ebl par la CAF ?","answer":"Pour savoir si vous avez droit \u00e0 la prime de No\u00ebl par la CAF, il suffit de v\u00e9rifier que vous percevez le RSA en d\u00e9cembre, car la CAF verse automatiquement la prime \u00e0 tous les allocataires \u00e9ligibles sans d\u00e9marche \u00e0 faire."},"6":{"question":"Comment savoir si j'ai droit \u00e0 la prime de No\u00ebl France Travail ?","answer":"Vous avez droit \u00e0 la prime de No\u00ebl France Travail si vous percevez l\u2019ASS, l\u2019ASS-F, la RFFT ou la RPS (si vous touchiez l\u2019ASS avant votre formation) en d\u00e9cembre, car France Travail verse la prime automatiquement aux allocataires \u00e9ligibles."},"7":{"question":"","answer":""},"8":{"question":"","answer":""},"9":{"question":"","answer":""},"10":{"question":"","answer":""},"11":{"question":"","answer":""},"12":{"question":"","answer":""},"13":{"question":"","answer":""},"14":{"question":"","answer":""},"15":{"question":"","answer":""},"16":{"question":"","answer":""}}},"_links":{"self":[{"href":"https:\/\/www.mes-allocs.fr\/guides\/wp-json\/wp\/v2\/posts\/105787","targetHints":{"allow":["GET"]}}],"collection":[{"href":"https:\/\/www.mes-allocs.fr\/guides\/wp-json\/wp\/v2\/posts"}],"about":[{"href":"https:\/\/www.mes-allocs.fr\/guides\/wp-json\/wp\/v2\/types\/post"}],"author":[{"embeddable":true,"href":"https:\/\/www.mes-allocs.fr\/guides\/wp-json\/wp\/v2\/users\/35"}],"replies":[{"embeddable":true,"href":"https:\/\/www.mes-allocs.fr\/guides\/wp-json\/wp\/v2\/comments?post=105787"}],"version-history":[{"count":10,"href":"https:\/\/www.mes-allocs.fr\/guides\/wp-json\/wp\/v2\/posts\/105787\/revisions"}],"predecessor-version":[{"id":108817,"href":"https:\/\/www.mes-allocs.fr\/guides\/wp-json\/wp\/v2\/posts\/105787\/revisions\/108817"}],"wp:featuredmedia":[{"embeddable":true,"href":"https:\/\/www.mes-allocs.fr\/guides\/wp-json\/wp\/v2\/media\/105789"}],"wp:attachment":[{"href":"https:\/\/www.mes-allocs.fr\/guides\/wp-json\/wp\/v2\/media?parent=105787"}],"wp:term":[{"taxonomy":"category","embeddable":true,"href":"https:\/\/www.mes-allocs.fr\/guides\/wp-json\/wp\/v2\/categories?post=105787"},{"taxonomy":"post_tag","embeddable":true,"href":"https:\/\/www.mes-allocs.fr\/guides\/wp-json\/wp\/v2\/tags?post=105787"}],"curies":[{"name":"wp","href":"https:\/\/api.w.org\/{rel}","templated":true}]}}