{"id":105719,"date":"2025-11-13T09:37:54","date_gmt":"2025-11-13T08:37:54","guid":{"rendered":"https:\/\/www.mes-allocs.fr\/guides\/?p=105719"},"modified":"2026-04-22T08:32:34","modified_gmt":"2026-04-22T07:32:34","slug":"aide-mobilite-master","status":"publish","type":"post","link":"https:\/\/www.mes-allocs.fr\/guides\/aide-mobilite\/aide-mobilite-master\/","title":{"rendered":"Aide mobilit\u00e9 master : 1 000\u20ac vers\u00e9s en 2026"},"content":{"rendered":"<p><img loading=\"lazy\" decoding=\"async\" class=\"aligncenter wp-image-105721 size-full\" title=\"aide mobilite master\" src=\"https:\/\/www.mes-allocs.fr\/guides\/wp-content\/uploads\/2025\/11\/aide-mobilite-master-e1763022140629.jpg\" alt=\"aide mobilite master\" width=\"1916\" height=\"300\" srcset=\"https:\/\/www.mes-allocs.fr\/guides\/wp-content\/uploads\/2025\/11\/aide-mobilite-master-e1763022140629.jpg 1916w, https:\/\/www.mes-allocs.fr\/guides\/wp-content\/uploads\/2025\/11\/aide-mobilite-master-e1763022140629-300x47.jpg 300w, https:\/\/www.mes-allocs.fr\/guides\/wp-content\/uploads\/2025\/11\/aide-mobilite-master-e1763022140629-1024x160.jpg 1024w, https:\/\/www.mes-allocs.fr\/guides\/wp-content\/uploads\/2025\/11\/aide-mobilite-master-e1763022140629-768x120.jpg 768w, https:\/\/www.mes-allocs.fr\/guides\/wp-content\/uploads\/2025\/11\/aide-mobilite-master-e1763022140629-1536x241.jpg 1536w, https:\/\/www.mes-allocs.fr\/guides\/wp-content\/uploads\/2025\/11\/aide-mobilite-master-e1763022140629-600x94.jpg 600w\" sizes=\"auto, (max-width: 1916px) 100vw, 1916px\" \/><\/p>\n<p>En 2026, les \u00e9tudiants en master peuvent \u00eatre \u00e9ligibles \u00e0 une <a href=\"https:\/\/www.mes-allocs.fr\/guides\/aide-mobilite\/\">aide \u00e0 la mobilit\u00e9<\/a>. En effet, si vous changez d&rsquo;acad\u00e9mie, une aide de 1 000\u20ac peut vous \u00eatre accord\u00e9e. Mais alors, qu\u2019est-ce que l\u2019<b>aide \u00e0 la mobilit\u00e9 en master <\/b>? Quelles sont les conditions pour en b\u00e9n\u00e9ficier ? Quel montant pouvez-vous recevoir ? Est-ce que vous pouvez cumuler cette aide avec d\u2019autres dispositifs ? On vous explique.<\/p>\n<div class='cta-block'><div class='text'>Simulez votre aide \u00e0 la mobilit\u00e9.<\/div><a href='https:\/\/www.mes-allocs.fr\/ab-app?origin=guides\/wp-json\/wp\/v2\/posts\/105719' class='app-button fit'>Simulation gratuite<\/a><\/div>\n<h1>Qu&rsquo;est-ce que l&rsquo;aide \u00e0 la mobilit\u00e9 master ?<\/h1>\n<p>L\u2019aide \u00e0 la mobilit\u00e9 master est <b>une subvention<\/b> allou\u00e9e par le minist\u00e8re de l\u2019Enseignement sup\u00e9rieur et de la Recherche et le minist\u00e8re de la Culture. L\u2019objectif est d\u2019aider les \u00e9tudiants titulaires d\u2019une licence \u00e0 d\u00e9m\u00e9nager <b>s\u2019ils changent de r\u00e9gion acad\u00e9mique pour poursuivre leurs \u00e9tudes en master<\/b>. Elle encourage \u00e9galement la poursuite d&rsquo;\u00e9tudes pour les \u00e9tudiants qui ne trouvent pas le parcours qu\u2019ils souhaitent dans leur r\u00e9gion acad\u00e9mique.<\/p>\n<h1>Quel est le montant de l\u2019aide \u00e0 la mobilit\u00e9 en 2026 ?<\/h1>\n<p>En 2026, le montant de l&rsquo;aide \u00e0 la mobilit\u00e9 pour les masters est fix\u00e9 \u00e0 <b>1000 \u20ac<\/b>. Cette prime est vers\u00e9e <b>en une fois<\/b> par le CROUS. Elle permet d\u2019aider \u00e0 all\u00e9ger les frais de d\u00e9m\u00e9nagement.<\/p>\n<h1>Comment obtenir l\u2019aide \u00e0 la mobilit\u00e9 pour les masters en 2026 ?<\/h1>\n<p>Pour obtenir l\u2019aide \u00e0 la mobilit\u00e9 pour les masters en 2026, il faut r\u00e9pondre aux divers crit\u00e8res impos\u00e9s par le CROUS.<\/p>\n<h2>Qui sont les \u00e9tudiants \u00e9ligibles \u00e0 l\u2019aide \u00e0 la mobilit\u00e9 ?<\/h2>\n<p>Pour \u00eatre \u00e9ligible \u00e0 l\u2019aide \u00e0 la mobilit\u00e9 pour les masters en 2026, vous devez \u00eatre inscrit dans un \u00e9tablissement d\u2019enseignement sup\u00e9rieur fran\u00e7ais au sein d\u2019une formation reconnue par l\u2019\u00c9tat. Vous devez \u00e9galement entrer <b>en premi\u00e8re ann\u00e9e de master<\/b> dans une <b>autre r\u00e9gion acad\u00e9mique que celle o\u00f9 vous avez obtenu votre licence<\/b>.<\/p>\n<h2>Quelles conditions faut-il remplir pour b\u00e9n\u00e9ficier de l\u2019aide ?<\/h2>\n<p>Pour b\u00e9n\u00e9ficier de l\u2019aide \u00e0 la mobilit\u00e9 pour les masters en 2026, vous devez \u00eatre :<\/p>\n<ul>\n<li aria-level=\"1\"><b>Dipl\u00f4m\u00e9 d\u2019une licence<\/b> d\u00e9livr\u00e9e dans un \u00e9tablissement public d\u2019enseignement sup\u00e9rieur l\u2019ann\u00e9e pr\u00e9c\u00e9dente, soit un <b>DNL (Dipl\u00f4me national de licence)<\/b><\/li>\n<li aria-level=\"1\"><b>B\u00e9n\u00e9ficiaire d\u2019une bourse<\/b> d\u2019enseignement sup\u00e9rieur sur crit\u00e8res sociaux ou <b>d\u2019une allocation annuelle<\/b> dans le cadre des aides sp\u00e9cifiques vers\u00e9es par le minist\u00e8re de l\u2019Enseignement sup\u00e9rieur et de la Recherche<\/li>\n<li aria-level=\"1\"><strong>Inscrit en premi\u00e8re ann\u00e9e de master<\/strong> dans une autre r\u00e9gion acad\u00e9mique<\/li>\n<\/ul>\n<p>Il faut cumuler ces 3 conditions pour \u00eatre \u00e9ligible \u00e0 l\u2019aide \u00e0 la mobilit\u00e9 pour les masters.<\/p>\n<div class='shortcode tips'><div class='title'>Exemple<\/div><div class='content'>L\u00e9a a obtenu sa licence de psychologie \u00e0 l\u2019Universit\u00e9 de Rennes 2 en 2025. Souhaitant poursuivre un master de neuropsychologie \u00e0 l\u2019Universit\u00e9 de Nantes, elle doit changer de r\u00e9gion acad\u00e9mique. Comme elle \u00e9tait boursi\u00e8re sur crit\u00e8res sociaux pendant sa derni\u00e8re ann\u00e9e de licence et qu\u2019elle s\u2019inscrit pour la premi\u00e8re fois en master dans un autre \u00e9tablissement, elle peut b\u00e9n\u00e9ficier de l\u2019aide \u00e0 la mobilit\u00e9 pour les masters.<\/div><\/div>\n<h2>J\u2019ai une licence professionnelle, puis-je avoir droit \u00e0 l\u2019aide \u00e0 la mobilit\u00e9 ?<\/h2>\n<p><b>Non<\/b>, vous n\u2019avez pas droit \u00e0 l\u2019aide \u00e0 la mobilit\u00e9 si vous avez une licence professionnelle. Ce n\u2019est valable que si vous poss\u00e9dez un DNL donc une <b>licence g\u00e9n\u00e9rale<\/b> qui m\u00e8ne naturellement \u00e0 une entr\u00e9e en master. Ce n\u2019est pas le cas des licences professionnelles.<\/p>\n<h1>Quelles sont les d\u00e9marches pour obtenir l\u2019aide \u00e0 la mobilit\u00e9 en 2026 ?<\/h1>\n<h2>Comment demander l\u2019aide \u00e0 la mobilit\u00e9 ?<\/h2>\n<p>Il faut faire <b>une demande aupr\u00e8s du CROUS<\/b>, sur le site de <b>messervicesetudiants.gouv.fr<\/b> en leur fournissant des pi\u00e8ces justificatives.<\/p>\n<h2>Quels justificatifs fournir ?<\/h2>\n<p>Pour faire votre demande, il faut fournir une copie des documents suivants :<\/p>\n<ul>\n<li aria-level=\"1\"><b>Votre <\/b><b>attestation de r\u00e9ussite pour l\u2019obtention de la licence<\/b> d\u00e9livr\u00e9e par l\u2019\u00e9tablissement. Si vous ne l\u2019avez plus en votre possession, vous pouvez demander une copie aupr\u00e8s du rectorat.<\/li>\n<li aria-level=\"1\"><b>Votre certificat d\u2019inscription en premi\u00e8re ann\u00e9e de master 1<\/b> \u00e0 demander \u00e0 votre nouvel \u00e9tablissement.<\/li>\n<\/ul>\n<div class='cta-block'><div class='text'>Simulez votre aide \u00e0 la mobilit\u00e9.<\/div><a href='https:\/\/www.mes-allocs.fr\/ab-app?origin=guides\/wp-json\/wp\/v2\/posts\/105719' class='app-button fit'>Simulation gratuite<\/a><\/div>\n<h1>Aide mobilit\u00e9 master : date de versement<\/h1>\n<p>L\u2019aide \u00e0 la mobilit\u00e9 pour les \u00e9tudiants en master est vers\u00e9e un<b> mois apr\u00e8s le d\u00e9p\u00f4t des justificatifs pour votre bourse ou votre allocation annuelle<\/b>. Le versement des 1000 \u20ac est <b>unique<\/b>, donc effectu\u00e9 en une seule fois.<\/p>\n<h1>Que faire si vous ne la percevez pas ?<\/h1>\n<p>Si vous ne percevez pas l\u2019aide \u00e0 la mobilit\u00e9 dans les d\u00e9lais pr\u00e9vus, il vous faudra contacter le CROUS par mail. Vous pouvez \u00e9galement vous rendre au service CROUS le plus proche de chez vous pour savoir o\u00f9 en est votre dossier.<\/p>\n<div class='shortcode important'><div class='title'>Important<\/div><div class='content'>Attention, il faut vous assurer que toutes vos pi\u00e8ces ont bien \u00e9t\u00e9 transmises et valid\u00e9es. Sans quoi, le CROUS ne pourra pas vous verser l\u2019aide \u00e0 la mobilit\u00e9.<\/div><\/div>\n<h1>Peut-on cumuler l\u2019aide \u00e0 la mobilit\u00e9 avec d\u2019autres aides ?<\/h1>\n<p><b>Oui<\/b>, il est possible de cumuler l\u2019aide \u00e0 la mobilit\u00e9 avec d\u2019autres aides financi\u00e8res en respectant leurs conditions respectives :<\/p>\n<ul>\n<li aria-level=\"1\">L\u2019aide d\u2019urgence ponctuelle (jusqu\u2019\u00e0 6142 \u20ac) pour les \u00e9tudiants de moins de 35 ans qui ont des soucis financiers<\/li>\n<li aria-level=\"1\">L\u2019aide au m\u00e9rite (900 \u20ac)pour les \u00e9tudiants de moins de 28 ans, accessible aux \u00e9tudiants boursiers ayant une mention \u201cTr\u00e8s bien\u201d au baccalaur\u00e9at<\/li>\n<li aria-level=\"1\">L\u2019Allocation pour la diversit\u00e9 dans la fonction publique (2000 \u20ac) pour les \u00e9tudiants qui se pr\u00e9parent \u00e0 un concours de la fonction publique<\/li>\n<li aria-level=\"1\">L\u2019aide \u00e0 la mobilit\u00e9 internationale (jusqu\u2019\u00e0 3600 \u20ac) pour les \u00e9tudiants qui souhaitent poursuivre leurs \u00e9tudes \u00e0 l\u2019\u00e9tranger ou y faire un stage<\/li>\n<\/ul>\n<h1>Vos questions sur l&rsquo;aide \u00e0 la mobilit\u00e9 en master<\/h1>\n<h2>Aide \u00e0 la mobilit\u00e9 master 2 : est-ce possible ?<\/h2>\n<p><b>Non<\/b>, ce n\u2019est pas possible d\u2019obtenir l\u2019aide \u00e0 la mobilit\u00e9 pour les \u00e9tudiants en master si vous entrez en deuxi\u00e8me ann\u00e9e. L\u2019aide n\u2019est vers\u00e9e que si vous entrez en premi\u00e8re ann\u00e9e de master dans un cursus \u00e0 l\u2019ext\u00e9rieur de votre r\u00e9gion acad\u00e9mique d\u2019origine. Si vous entrez en deuxi\u00e8me ann\u00e9e de master, vous ne remplissez donc pas les conditions pour \u00eatre \u00e9ligible \u00e0 l\u2019aide \u00e0 la mobilit\u00e9.<\/p>\n<h2>Aide mobilit\u00e9 master alternance : y avez-vous droit ?<\/h2>\n<p><b>Oui<\/b>, en th\u00e9orie, un \u00e9tudiant en master qui est en alternance a droit \u00e0 l\u2019aide \u00e0 la mobilit\u00e9 car il n\u2019est pas sp\u00e9cifi\u00e9 si le cursus en master doit \u00eatre en formation avec ou sans alternance.<\/p>\n<h2>Aide \u00e0 la mobilit\u00e9 Master \u00e9tudiant non boursier : est-ce possible ?<\/h2>\n<p><b>Non<\/b>, il n\u2019est pas possible d\u2019avoir l\u2019aide \u00e0 la mobilit\u00e9 pour les masters si vous n&rsquo;\u00eates pas un \u00e9tudiant boursier. L\u2019une des conditions pour \u00eatre \u00e9ligible \u00e0 l\u2019aide \u00e0 la mobilit\u00e9 est d\u2019\u00eatre <b>b\u00e9n\u00e9ficiaire d\u2019une bourse d\u2019enseignement sup\u00e9rieur sur crit\u00e8res sociaux<\/b>.<\/p>\n<p>Sauf si, \u00e0 la place, vous b\u00e9n\u00e9ficiez d\u2019une allocation annuelle accord\u00e9e dans le cadre du dispositif des aides sp\u00e9cifiques, vous ne pouvez pas obtenir l\u2019aide \u00e0 la mobilit\u00e9 en \u00e9tant non boursier.<\/p>\n<div class='cta-block'><div class='text'>Simulez votre aide \u00e0 la mobilit\u00e9.<\/div><a href='https:\/\/www.mes-allocs.fr\/ab-app?origin=guides\/wp-json\/wp\/v2\/posts\/105719' class='app-button fit'>Simulation gratuite<\/a><\/div>\n","protected":false},"excerpt":{"rendered":"<p>En 2026, les \u00e9tudiants en master peuvent \u00eatre \u00e9ligibles \u00e0 une aide \u00e0 la mobilit\u00e9. En effet, si vous changez d&rsquo;acad\u00e9mie, une aide de 1 000\u20ac peut vous \u00eatre accord\u00e9e. Mais alors, qu\u2019est-ce que l\u2019aide \u00e0 la mobilit\u00e9 en master ? Quelles sont les conditions pour en b\u00e9n\u00e9ficier ? Quel montant pouvez-vous recevoir ? Est-ce [&hellip;]<\/p>\n","protected":false},"author":29,"featured_media":105720,"comment_status":"open","ping_status":"open","sticky":false,"template":"","format":"standard","meta":{"amp_status":"","footnotes":""},"categories":[29],"tags":[],"class_list":["post-105719","post","type-post","status-publish","format-standard","has-post-thumbnail","hentry","category-aide-mobilite"],"yoast_head":"<!-- This site is optimized with the Yoast SEO plugin v14.9 - https:\/\/yoast.com\/wordpress\/plugins\/seo\/ -->\n<title>Aide mobilit\u00e9 master : 1 000\u20ac vers\u00e9s en 2026 | Mes-Allocs.fr<\/title>\n<meta name=\"description\" content=\"Vous envisagez de changer de r\u00e9gion pour votre Master en 2026 ? Bonne nouvelle : vous pouvez b\u00e9n\u00e9ficier de l&#039;aide \u00e0 la mobilit\u00e9 de 1 000\u20ac !\" \/>\n<meta name=\"robots\" content=\"index, follow, max-snippet:-1, max-image-preview:large, max-video-preview:-1\" \/>\n<link rel=\"canonical\" href=\"https:\/\/www.mes-allocs.fr\/guides\/aide-mobilite\/aide-mobilite-master\/\" \/>\n<meta property=\"og:locale\" content=\"fr_FR\" \/>\n<meta property=\"og:type\" content=\"article\" \/>\n<meta property=\"og:title\" content=\"Aide mobilit\u00e9 master : 1 000\u20ac vers\u00e9s en 2026 | Mes-Allocs.fr\" \/>\n<meta property=\"og:description\" content=\"Vous envisagez de changer de r\u00e9gion pour votre Master en 2026 ? Bonne nouvelle : vous pouvez b\u00e9n\u00e9ficier de l&#039;aide \u00e0 la mobilit\u00e9 de 1 000\u20ac !\" \/>\n<meta property=\"og:url\" content=\"https:\/\/www.mes-allocs.fr\/guides\/aide-mobilite\/aide-mobilite-master\/\" \/>\n<meta property=\"og:site_name\" content=\"Mes-Allocs.fr\" \/>\n<meta property=\"article:published_time\" content=\"2025-11-13T08:37:54+00:00\" \/>\n<meta property=\"article:modified_time\" content=\"2026-04-22T07:32:34+00:00\" \/>\n<meta property=\"og:image\" content=\"https:\/\/www.mes-allocs.fr\/guides\/wp-content\/uploads\/2025\/11\/prime-mobilite-master.jpg?wsr\" \/>\n\t<meta property=\"og:image:width\" content=\"1280\" \/>\n\t<meta property=\"og:image:height\" content=\"721\" \/>\n<meta name=\"twitter:card\" content=\"summary_large_image\" \/>\n<script type=\"application\/ld+json\" class=\"yoast-schema-graph\">{\"@context\":\"https:\/\/schema.org\",\"@graph\":[{\"@type\":\"WebSite\",\"@id\":\"https:\/\/www.mes-allocs.fr\/guides\/#website\",\"url\":\"https:\/\/www.mes-allocs.fr\/guides\/\",\"name\":\"Mes-Allocs.fr\",\"description\":\"\",\"potentialAction\":[{\"@type\":\"SearchAction\",\"target\":\"https:\/\/www.mes-allocs.fr\/guides\/?s={search_term_string}\",\"query-input\":\"required name=search_term_string\"}],\"inLanguage\":\"fr-FR\"},{\"@type\":\"ImageObject\",\"@id\":\"https:\/\/www.mes-allocs.fr\/guides\/aide-mobilite\/aide-mobilite-master\/#primaryimage\",\"inLanguage\":\"fr-FR\",\"url\":\"https:\/\/www.mes-allocs.fr\/guides\/wp-content\/uploads\/2025\/11\/prime-mobilite-master.jpg?wsr\",\"width\":1280,\"height\":721,\"caption\":\"prime mobilite master\"},{\"@type\":\"WebPage\",\"@id\":\"https:\/\/www.mes-allocs.fr\/guides\/aide-mobilite\/aide-mobilite-master\/#webpage\",\"url\":\"https:\/\/www.mes-allocs.fr\/guides\/aide-mobilite\/aide-mobilite-master\/\",\"name\":\"Aide mobilit\\u00e9 master : 1 000\\u20ac vers\\u00e9s en 2026 | Mes-Allocs.fr\",\"isPartOf\":{\"@id\":\"https:\/\/www.mes-allocs.fr\/guides\/#website\"},\"primaryImageOfPage\":{\"@id\":\"https:\/\/www.mes-allocs.fr\/guides\/aide-mobilite\/aide-mobilite-master\/#primaryimage\"},\"datePublished\":\"2025-11-13T08:37:54+00:00\",\"dateModified\":\"2026-04-22T07:32:34+00:00\",\"author\":{\"@id\":\"https:\/\/www.mes-allocs.fr\/guides\/#\/schema\/person\/4e41463521c6aa39e7147c10ad0cb360\"},\"description\":\"Vous envisagez de changer de r\\u00e9gion pour votre Master en 2026 ? Bonne nouvelle : vous pouvez b\\u00e9n\\u00e9ficier de l'aide \\u00e0 la mobilit\\u00e9 de 1 000\\u20ac !\",\"inLanguage\":\"fr-FR\"},{\"@type\":\"Person\",\"@id\":\"https:\/\/www.mes-allocs.fr\/guides\/#\/schema\/person\/4e41463521c6aa39e7147c10ad0cb360\",\"name\":\"Camille Jouanne\",\"image\":{\"@type\":\"ImageObject\",\"@id\":\"https:\/\/www.mes-allocs.fr\/guides\/#personlogo\",\"inLanguage\":\"fr-FR\",\"url\":\"https:\/\/www.mes-allocs.fr\/guides\/wp-content\/uploads\/2025\/08\/camille-jouanne-e1756398287761-150x150.png\",\"caption\":\"Camille Jouanne\"},\"description\":\"Responsable \\u00e9ditoriale chez Mes Allocs, je rejoins l'\\u00e9quipe en f\\u00e9vrier 2024 apr\\u00e8s une exp\\u00e9rience en agence web. Je suis sp\\u00e9cialis\\u00e9e sur les sujets li\\u00e9s aux aides sociales, aux imp\\u00f4ts, \\u00e0 la S\\u00e9curit\\u00e9 Sociale et \\u00e0 la retraite. Mon r\\u00f4le est de garantir la qualit\\u00e9, la pertinence et la coh\\u00e9rence des contenus publi\\u00e9s. J'accompagne les r\\u00e9dacteurs et r\\u00e9dactrices de l\\u2019id\\u00e9e \\u00e0 la publication, avec le souci du d\\u00e9tail. Ma priorit\\u00e9 : proposer des contenus fiables, engageants et pens\\u00e9s pour les lecteurs.\",\"sameAs\":[\"https:\/\/www.linkedin.com\/in\/camille-jouanne-2394881a5\"]}]}<\/script>\n<!-- \/ Yoast SEO plugin. -->","amp_validity":null,"acf":{"faq":{"1":{"question":"Quelle est l'aide \u00e0 la mobilit\u00e9 pour un \u00e9tudiant en master ?","answer":"L'aide \u00e0 la mobilit\u00e9 st une aide de 1 000 \u20ac destin\u00e9e aux \u00e9tudiants boursiers entrant en M1 dans une r\u00e9gion acad\u00e9mique diff\u00e9rente de celle o\u00f9 ils ont obtenu leur licence."},"2":{"question":"Quelle est l'aide \u00e0 la mobilit\u00e9 pour les \u00e9tudiants en master ?","answer":"L'aide \u00e0 la mobilit\u00e9 st une aide de 1 000 \u20ac destin\u00e9e aux \u00e9tudiants boursiers entrant en M1 dans une r\u00e9gion acad\u00e9mique diff\u00e9rente de celle o\u00f9 ils ont obtenu leur licence."},"3":{"question":"Comment puis-je demander l'aide mobilit\u00e9 pour mon master ?","answer":"Pour faire une demande d'aide \u00e0 la mobilit\u00e9 en master, il suffit de transmettre l\u2019attestation de r\u00e9ussite de licence et le certificat d\u2019inscription en M1 via votre espace \u00e9tudiant ou votre \u00e9tablissement."},"4":{"question":"Quelle est la bourse de mobilit\u00e9 pour les \u00e9tudiants en master ?","answer":"C\u2019est l\u2019aide de 1 000 \u20ac vers\u00e9e en d\u00e9but de M1 sous conditions de bourse et de changement de r\u00e9gion acad\u00e9mique."},"5":{"question":"Quelle est l\u2019aide de 500 \u20ac pour les \u00e9tudiants ?","answer":"L'aide de 500\u20ac pour les \u00e9tudiants est l\u2019aide \u00e0 la mobilit\u00e9 Parcoursup, destin\u00e9e aux lyc\u00e9ens boursiers qui s\u2019inscrivent dans une formation situ\u00e9e hors de leur acad\u00e9mie d\u2019origine."},"6":{"question":"Comment obtenir les 400 \u20ac de la mairie ?","answer":"Certaines mairies proposent une bourse locale (par exemple 400 \u20ac pour un \u00e9tudiant en master). D\u00e9couvrez si votre mairie propose cette aide avec le simulateur Mes Allocs.fr."},"7":{"question":"","answer":""},"8":{"question":"","answer":""},"9":{"question":"","answer":""},"10":{"question":"","answer":""},"11":{"question":"","answer":""},"12":{"question":"","answer":""},"13":{"question":"","answer":""},"14":{"question":"","answer":""},"15":{"question":"","answer":""},"16":{"question":"","answer":""}}},"_links":{"self":[{"href":"https:\/\/www.mes-allocs.fr\/guides\/wp-json\/wp\/v2\/posts\/105719","targetHints":{"allow":["GET"]}}],"collection":[{"href":"https:\/\/www.mes-allocs.fr\/guides\/wp-json\/wp\/v2\/posts"}],"about":[{"href":"https:\/\/www.mes-allocs.fr\/guides\/wp-json\/wp\/v2\/types\/post"}],"author":[{"embeddable":true,"href":"https:\/\/www.mes-allocs.fr\/guides\/wp-json\/wp\/v2\/users\/29"}],"replies":[{"embeddable":true,"href":"https:\/\/www.mes-allocs.fr\/guides\/wp-json\/wp\/v2\/comments?post=105719"}],"version-history":[{"count":1,"href":"https:\/\/www.mes-allocs.fr\/guides\/wp-json\/wp\/v2\/posts\/105719\/revisions"}],"predecessor-version":[{"id":105722,"href":"https:\/\/www.mes-allocs.fr\/guides\/wp-json\/wp\/v2\/posts\/105719\/revisions\/105722"}],"wp:featuredmedia":[{"embeddable":true,"href":"https:\/\/www.mes-allocs.fr\/guides\/wp-json\/wp\/v2\/media\/105720"}],"wp:attachment":[{"href":"https:\/\/www.mes-allocs.fr\/guides\/wp-json\/wp\/v2\/media?parent=105719"}],"wp:term":[{"taxonomy":"category","embeddable":true,"href":"https:\/\/www.mes-allocs.fr\/guides\/wp-json\/wp\/v2\/categories?post=105719"},{"taxonomy":"post_tag","embeddable":true,"href":"https:\/\/www.mes-allocs.fr\/guides\/wp-json\/wp\/v2\/tags?post=105719"}],"curies":[{"name":"wp","href":"https:\/\/api.w.org\/{rel}","templated":true}]}}