{"id":105656,"date":"2025-11-12T18:34:39","date_gmt":"2025-11-12T17:34:39","guid":{"rendered":"https:\/\/www.mes-allocs.fr\/guides\/?p=105656"},"modified":"2026-04-22T08:32:34","modified_gmt":"2026-04-22T07:32:34","slug":"aide-salarie","status":"publish","type":"post","link":"https:\/\/www.mes-allocs.fr\/guides\/aide-par-situation\/aide-salarie\/","title":{"rendered":"Aides pour les salari\u00e9s : guide des aides en 2026"},"content":{"rendered":"<p><img loading=\"lazy\" decoding=\"async\" class=\"alignnone wp-image-105664 size-full\" title=\"aide salaries\" src=\"https:\/\/www.mes-allocs.fr\/guides\/wp-content\/uploads\/2025\/11\/aide-salaries-2-e1762962361274.jpg\" alt=\"aide salaries\" width=\"1920\" height=\"300\" srcset=\"https:\/\/www.mes-allocs.fr\/guides\/wp-content\/uploads\/2025\/11\/aide-salaries-2-e1762962361274.jpg 1920w, https:\/\/www.mes-allocs.fr\/guides\/wp-content\/uploads\/2025\/11\/aide-salaries-2-e1762962361274-300x47.jpg 300w, https:\/\/www.mes-allocs.fr\/guides\/wp-content\/uploads\/2025\/11\/aide-salaries-2-e1762962361274-1024x160.jpg 1024w, https:\/\/www.mes-allocs.fr\/guides\/wp-content\/uploads\/2025\/11\/aide-salaries-2-e1762962361274-768x120.jpg 768w, https:\/\/www.mes-allocs.fr\/guides\/wp-content\/uploads\/2025\/11\/aide-salaries-2-e1762962361274-1536x240.jpg 1536w, https:\/\/www.mes-allocs.fr\/guides\/wp-content\/uploads\/2025\/11\/aide-salaries-2-e1762962361274-600x94.jpg 600w\" sizes=\"auto, (max-width: 1920px) 100vw, 1920px\" \/><\/p>\n<p>[Mis \u00e0 jour le 03\/04\/2026] En France, tous les salari\u00e9s ont le droit \u00e0 des <a href=\"https:\/\/www.mes-allocs.fr\/guides\/aide-par-situation\/\">aides selon leur situation<\/a> en 2026. Que vous soyez apprenti, en CDD, CDI, \u00e0 temps partiel, jeune parent, ou encore en situation de handicap, de nombreux dispositifs existent. Voici tout ce qu\u2019il faut savoir sur les <strong>aides pour les<\/strong> <b>salari\u00e9s<\/b>.<\/p>\n<div class='cta-block'><div class='text'>Simulez toutes vos aides en 2 min.<\/div><a href='https:\/\/www.mes-allocs.fr\/ab-app?origin=guides\/wp-json\/wp\/v2\/posts\/105656' class='app-button fit'>Simulation gratuite<\/a><\/div>\n<h1>Quelles sont les aides financi\u00e8res que peut toucher un salari\u00e9 ?<\/h1>\n<p>En tant que salari\u00e9, vous pouvez b\u00e9n\u00e9ficier de nombreuses aides publiques ou priv\u00e9es. Tout cela dans le but de renforcer votre pouvoir d\u2019achat ou par exemple all\u00e9ger certaines d\u00e9penses.<\/p>\n<h2>La prime d\u2019activit\u00e9 pour les salari\u00e9s<\/h2>\n<p>La prime d&rsquo;activit\u00e9 est destin\u00e9e aux travailleurs salari\u00e9s (ou non) pour compl\u00e9ter un revenu modeste. Pour en b\u00e9n\u00e9ficier, il faut :<\/p>\n<ul>\n<li>Avoir plus de 18 ans<\/li>\n<li>Exercer une activit\u00e9 professionnelle<\/li>\n<li>R\u00e9sider en France de mani\u00e8re r\u00e9guli\u00e8re<\/li>\n<\/ul>\n<p>Le montant forfaitaire de base pour toucher <b>cette prime d\u2019activit\u00e9 en 2026 est de 638,28 euros pour une personne seule sans enfant.<\/b> Ce montant de base est ensuite major\u00e9 selon la composition du foyer :<\/p>\n<ul>\n<li aria-level=\"1\">50 % pour la premi\u00e8re personne \u00e0 charge<\/li>\n<li aria-level=\"1\">30 % pour chaque personne suppl\u00e9mentaire<\/li>\n<li aria-level=\"1\">40 % \u00e0 partir de la troisi\u00e8me personne, seulement si le foyer compte plus de deux enfants ou jeunes de moins de 25 ans \u00e0 charge<\/li>\n<li aria-level=\"1\">128,412 % pour un parent isol\u00e9, avec un suppl\u00e9ment de 42,804 % par enfant \u00e0 charge<\/li>\n<\/ul>\n\n<div class=\"wpdt-c row wpDataTableContainerSimpleTable wpDataTables wpDataTablesWrapper\n\"\n    >\n    <table id=\"wpdtSimpleTable-272\"\n           class=\"wpdtSimpleTable wpDataTable\"\n           data-column=\"2\"\n           data-rows=\"8\"\n           data-wpID=\"272\"\n           data-responsive=\"0\"\n           data-has-header=\"0\">\n\n                    <tbody>        <tr class=\"wpdt-cell-row \" style=\"height:73px;\">\n                            <td class=\"wpdt-cell wpdt-fs-000016 wpdt-bc-F3F9FE wpdt-tc-000000\"\n                                    data-cell-id=\"A1\"\n                data-col-index=\"0\"\n                data-row-index=\"0\"\n                style=\" width:46.644295302013%;                padding:10px;\"\n                >\n                                Composition du foyer                <\/td>\n                                            <td class=\"wpdt-cell wpdt-fs-000016 wpdt-bc-F3F9FE wpdt-tc-000000\"\n                                    data-cell-id=\"B1\"\n                data-col-index=\"1\"\n                data-row-index=\"0\"\n                style=\" width:53.355704697987%;                padding:10px;\"\n                >\n                                Montant mensuel forfaitaire de la prime d'activit\u00e9                <\/td>\n                                        <\/tr>\n                            <tr class=\"wpdt-cell-row \" >\n                            <td class=\"wpdt-cell \"\n                                    data-cell-id=\"A2\"\n                data-col-index=\"0\"\n                data-row-index=\"1\"\n                style=\"                padding:10px;\"\n                >\n                                Personne seule                <\/td>\n                                            <td class=\"wpdt-cell \"\n                                    data-cell-id=\"B2\"\n                data-col-index=\"1\"\n                data-row-index=\"1\"\n                style=\"                padding:10px;\"\n                >\n                                633,21 \u20ac                <\/td>\n                                        <\/tr>\n                            <tr class=\"wpdt-cell-row \" >\n                            <td class=\"wpdt-cell \"\n                                    data-cell-id=\"A3\"\n                data-col-index=\"0\"\n                data-row-index=\"2\"\n                style=\"                padding:10px;\"\n                >\n                                Personne seule avec 1 enfant                <\/td>\n                                            <td class=\"wpdt-cell \"\n                                    data-cell-id=\"B3\"\n                data-col-index=\"1\"\n                data-row-index=\"2\"\n                style=\"                padding:10px;\"\n                >\n                                949,82 \u20ac                <\/td>\n                                        <\/tr>\n                            <tr class=\"wpdt-cell-row \" >\n                            <td class=\"wpdt-cell \"\n                                    data-cell-id=\"A4\"\n                data-col-index=\"0\"\n                data-row-index=\"3\"\n                style=\"                padding:10px;\"\n                >\n                                Personne seule avec 2 enfants                <\/td>\n                                            <td class=\"wpdt-cell \"\n                                    data-cell-id=\"B4\"\n                data-col-index=\"1\"\n                data-row-index=\"3\"\n                style=\"                padding:10px;\"\n                >\n                                1 139,78 \u20ac                <\/td>\n                                        <\/tr>\n                            <tr class=\"wpdt-cell-row \" >\n                            <td class=\"wpdt-cell \"\n                                    data-cell-id=\"A5\"\n                data-col-index=\"0\"\n                data-row-index=\"4\"\n                style=\"                padding:10px;\"\n                >\n                                Couple sans enfant                <\/td>\n                                            <td class=\"wpdt-cell \"\n                                    data-cell-id=\"B5\"\n                data-col-index=\"1\"\n                data-row-index=\"4\"\n                style=\"                padding:10px;\"\n                >\n                                949,82 \u20ac                <\/td>\n                                        <\/tr>\n                            <tr class=\"wpdt-cell-row \" >\n                            <td class=\"wpdt-cell \"\n                                    data-cell-id=\"A6\"\n                data-col-index=\"0\"\n                data-row-index=\"5\"\n                style=\"                padding:10px;\"\n                >\n                                Couple avec 1 enfant                <\/td>\n                                            <td class=\"wpdt-cell \"\n                                    data-cell-id=\"B6\"\n                data-col-index=\"1\"\n                data-row-index=\"5\"\n                style=\"                padding:10px;\"\n                >\n                                1 139,78 \u20ac                <\/td>\n                                        <\/tr>\n                            <tr class=\"wpdt-cell-row \" >\n                            <td class=\"wpdt-cell \"\n                                    data-cell-id=\"A7\"\n                data-col-index=\"0\"\n                data-row-index=\"6\"\n                style=\"                padding:10px;\"\n                >\n                                Couple avec 2 enfant                <\/td>\n                                            <td class=\"wpdt-cell \"\n                                    data-cell-id=\"B7\"\n                data-col-index=\"1\"\n                data-row-index=\"6\"\n                style=\"                padding:10px;\"\n                >\n                                1 329,74 \u20ac                <\/td>\n                                        <\/tr>\n                            <tr class=\"wpdt-cell-row \" >\n                            <td class=\"wpdt-cell \"\n                                    data-cell-id=\"A8\"\n                data-col-index=\"0\"\n                data-row-index=\"7\"\n                style=\"                padding:10px;\"\n                >\n                                Par enfant ou personne \u00e0 charge suppl\u00e9mentaire                <\/td>\n                                            <td class=\"wpdt-cell \"\n                                    data-cell-id=\"B8\"\n                data-col-index=\"1\"\n                data-row-index=\"7\"\n                style=\"                padding:10px;\"\n                >\n                                253,28 \u20ac                <\/td>\n                                        <\/tr>\n                    <\/table>\n<\/div><style id='wpdt-custom-style-272'>\n.wpdt-fs-000016 { font-size: 16px !important;}\n.wpdt-bc-F3F9FE { background-color: #F3F9FE !important;}\n.wpdt-tc-000000 { color: #000000 !important;}\n<\/style>\n\n<h2>RSA pour les salari\u00e9s<\/h2>\n<p>Le Revenu de solidarit\u00e9 active (RSA) garantit un revenu minimum aux personnes ayant peu ou pas de ressources. Il s\u2019adresse principalement<b> aux<\/b> personnes sans emploi ou avec des revenus tr\u00e8s modestes, <b>y compris certains salari\u00e9s \u00e0 temps partiel<\/b>.<\/p>\n<p>Pour en b\u00e9n\u00e9ficier, vous devez :<\/p>\n<ul>\n<li aria-level=\"1\">Avoir au moins 25 ans<\/li>\n<li aria-level=\"1\">R\u00e9sider en France de fa\u00e7on stable et r\u00e9guli\u00e8re<\/li>\n<li aria-level=\"1\">Et disposer de revenus modestes<\/li>\n<\/ul>\n<p>Le montant du RSA d\u00e9pend de votre situation familiale, de vos ressources et de votre logement.<\/p>\n<p>Pour une personne seule :<\/p>\n\n<div class=\"wpdt-c row wpDataTableContainerSimpleTable wpDataTables wpDataTablesWrapper\n\"\n    >\n    <table id=\"wpdtSimpleTable-3\"\n           class=\"wpdtSimpleTable wpDataTable\"\n           data-column=\"2\"\n           data-rows=\"5\"\n           data-wpID=\"3\"\n           data-responsive=\"0\"\n           data-has-header=\"1\">\n\n                    <thead>        <tr class=\"wpdt-cell-row \" >\n                            <th class=\"wpdt-cell wpdt-bc-F3F9FE wpdt-bold\"\n                                    data-cell-id=\"A1\"\n                data-col-index=\"0\"\n                data-row-index=\"0\"\n                style=\" width:48.571428571429%;                padding:10px;\"\n                >\n                                Situation familiale                <\/th>\n                                            <th class=\"wpdt-cell wpdt-bc-F3F9FE wpdt-bold\"\n                                    data-cell-id=\"B1\"\n                data-col-index=\"1\"\n                data-row-index=\"0\"\n                style=\" width:51.428571428571%;                padding:10px;\"\n                >\n                                Montant pour une personne seule avant d\u00e9duction du forfait logement                <\/th>\n                                        <\/tr>\n                    <tbody>        <tr class=\"wpdt-cell-row \" >\n                            <td class=\"wpdt-cell \"\n                                    data-cell-id=\"A2\"\n                data-col-index=\"0\"\n                data-row-index=\"1\"\n                style=\"                padding:10px;\"\n                >\n                                Personne seule sans enfant                <\/td>\n                                            <td class=\"wpdt-cell \"\n                                    data-cell-id=\"B2\"\n                data-col-index=\"1\"\n                data-row-index=\"1\"\n                style=\"                padding:10px;\"\n                >\n                                651,69 \u20ac                <\/td>\n                                        <\/tr>\n                            <tr class=\"wpdt-cell-row \" >\n                            <td class=\"wpdt-cell \"\n                                    data-cell-id=\"A3\"\n                data-col-index=\"0\"\n                data-row-index=\"2\"\n                style=\"                padding:10px;\"\n                >\n                                Personne seule avec 1 enfant                <\/td>\n                                            <td class=\"wpdt-cell \"\n                                    data-cell-id=\"B3\"\n                data-col-index=\"1\"\n                data-row-index=\"2\"\n                style=\"                padding:10px;\"\n                >\n                                977,54 \u20ac                <\/td>\n                                        <\/tr>\n                            <tr class=\"wpdt-cell-row \" >\n                            <td class=\"wpdt-cell \"\n                                    data-cell-id=\"A4\"\n                data-col-index=\"0\"\n                data-row-index=\"3\"\n                style=\"                padding:10px;\"\n                >\n                                Personne seule avec 2 enfants                <\/td>\n                                            <td class=\"wpdt-cell \"\n                                    data-cell-id=\"B4\"\n                data-col-index=\"1\"\n                data-row-index=\"3\"\n                style=\"                padding:10px;\"\n                >\n                                1 173,05 \u20ac                <\/td>\n                                        <\/tr>\n                            <tr class=\"wpdt-cell-row \" >\n                            <td class=\"wpdt-cell \"\n                                    data-cell-id=\"A5\"\n                data-col-index=\"0\"\n                data-row-index=\"4\"\n                style=\"                padding:10px;\"\n                >\n                                Par enfant suppl\u00e9mentaire                <\/td>\n                                            <td class=\"wpdt-cell \"\n                                    data-cell-id=\"B5\"\n                data-col-index=\"1\"\n                data-row-index=\"4\"\n                style=\"                padding:10px;\"\n                >\n                                + 260,68 \u20ac                <\/td>\n                                        <\/tr>\n                    <\/table>\n<\/div><style id='wpdt-custom-style-3'>\ntable#wpdtSimpleTable-3{ table-layout: fixed !important; }\n.wpdt-bc-F3F9FE { background-color: #F3F9FE !important;}\n<\/style>\n\n<p>Pour un parent isol\u00e9 :<\/p>\n\n<div class=\"wpdt-c row wpDataTableContainerSimpleTable wpDataTables wpDataTablesWrapper\n\"\n    >\n    <table id=\"wpdtSimpleTable-6\"\n           class=\"wpdtSimpleTable wpDataTable\"\n           data-column=\"2\"\n           data-rows=\"5\"\n           data-wpID=\"6\"\n           data-responsive=\"0\"\n           data-has-header=\"1\">\n\n                    <thead>        <tr class=\"wpdt-cell-row \" >\n                            <th class=\"wpdt-cell wpdt-bc-F3F9FE\"\n                                    data-cell-id=\"A1\"\n                data-col-index=\"0\"\n                data-row-index=\"0\"\n                style=\" width:48.571428571429%;                padding:10px;\"\n                >\n                                Nombre d'enfants\nou de personnes \u00e0 charge                <\/th>\n                                            <th class=\"wpdt-cell wpdt-bc-F3F9FE\"\n                                    data-cell-id=\"B1\"\n                data-col-index=\"1\"\n                data-row-index=\"0\"\n                style=\" width:51.428571428571%;                padding:10px;\"\n                >\n                                Montant forfaitaire                <\/th>\n                                        <\/tr>\n                    <tbody>        <tr class=\"wpdt-cell-row \" >\n                            <td class=\"wpdt-cell \"\n                                    data-cell-id=\"A2\"\n                data-col-index=\"0\"\n                data-row-index=\"1\"\n                style=\"                padding:10px;\"\n                >\n                                0 (femme enceinte)                <\/td>\n                                            <td class=\"wpdt-cell \"\n                                    data-cell-id=\"B2\"\n                data-col-index=\"1\"\n                data-row-index=\"1\"\n                style=\"                padding:10px;\"\n                >\n                                836,85 \u20ac                <\/td>\n                                        <\/tr>\n                            <tr class=\"wpdt-cell-row \" >\n                            <td class=\"wpdt-cell \"\n                                    data-cell-id=\"A3\"\n                data-col-index=\"0\"\n                data-row-index=\"2\"\n                style=\"                padding:10px;\"\n                >\n                                1                <\/td>\n                                            <td class=\"wpdt-cell \"\n                                    data-cell-id=\"B3\"\n                data-col-index=\"1\"\n                data-row-index=\"2\"\n                style=\"                padding:10px;\"\n                >\n                                1 115,8 \u20ac                <\/td>\n                                        <\/tr>\n                            <tr class=\"wpdt-cell-row \" >\n                            <td class=\"wpdt-cell \"\n                                    data-cell-id=\"A4\"\n                data-col-index=\"0\"\n                data-row-index=\"3\"\n                style=\"                padding:10px;\"\n                >\n                                2                <\/td>\n                                            <td class=\"wpdt-cell \"\n                                    data-cell-id=\"B4\"\n                data-col-index=\"1\"\n                data-row-index=\"3\"\n                style=\"                padding:10px;\"\n                >\n                                1 394,75 \u20ac                <\/td>\n                                        <\/tr>\n                            <tr class=\"wpdt-cell-row \" >\n                            <td class=\"wpdt-cell \"\n                                    data-cell-id=\"A5\"\n                data-col-index=\"0\"\n                data-row-index=\"4\"\n                style=\"                padding:10px;\"\n                >\n                                Par enfant ou personnes suppl\u00e9mentaire                <\/td>\n                                            <td class=\"wpdt-cell \"\n                                    data-cell-id=\"B5\"\n                data-col-index=\"1\"\n                data-row-index=\"4\"\n                style=\"                padding:10px;\"\n                >\n                                278,95 \u20ac                <\/td>\n                                        <\/tr>\n                    <\/table>\n<\/div><style id='wpdt-custom-style-6'>\ntable#wpdtSimpleTable-6{ table-layout: fixed !important; }\ntable#wpdtSimpleTable-6 td, table.wpdtSimpleTable6 th { white-space: normal !important; }\n.wpdt-bc-F3F9FE { background-color: #F3F9FE !important;}\n<\/style>\n\n<p>Si vous b\u00e9n\u00e9ficiez d\u2019une aide au logement, ou que vous \u00eates h\u00e9berg\u00e9 gratuitement, <b>un forfait logement est d\u00e9duit<\/b> :<\/p>\n<ul>\n<li aria-level=\"1\">de 77,58 euros pour une personne seule.<\/li>\n<li aria-level=\"1\">de 155,16 euros pour deux.<\/li>\n<li aria-level=\"1\">de 192,02 euros pour trois ou plus.<\/li>\n<\/ul>\n<h2>Le RSA jeune actif<\/h2>\n<p>Si vous avez entre 18 et 25 ans, <b>vous pouvez demander le RSA jeune actif. <\/b>Il faut avoir travaill\u00e9 au moins deux ans \u00e0 temps plein, donc 3 214 heures, au cours des trois derni\u00e8res ann\u00e9es. Le montant est ensuite identique en fonction de votre situation.<\/p>\n<h1>Vous \u00eates parent ?<\/h1>\n<h2>Les allocations familiales<\/h2>\n<p>Les allocations familiales sont attribu\u00e9es automatiquement d\u00e8s la naissance ou l\u2019accueil du deuxi\u00e8me enfant. Pour en b\u00e9n\u00e9ficier, il faut donc :<\/p>\n<ul>\n<li aria-level=\"1\">Avoir au minimum 2 enfants de moins de 20 ans \u00e0 charge<\/li>\n<li aria-level=\"1\">R\u00e9sider en France de mani\u00e8re stable<\/li>\n<li aria-level=\"1\">Avoir des ressources inf\u00e9rieures aux plafonds en vigueur en 2026<\/li>\n<\/ul>\n<p>Le montant des allocations familiales est mensuel et d\u00e9pend du nombre d\u2019enfants et des revenus de votre foyer. <b>Trois tranches de ressources sont appliqu\u00e9es<\/b> :<\/p>\n<ul>\n<li>Tranche 1, revenus modestes<\/li>\n<li aria-level=\"1\">Tranche 2, revenus moyens<\/li>\n<li aria-level=\"1\">Tranche 3, revenus \u00e9lev\u00e9s<\/li>\n<\/ul>\n<p>Voici les montants par tranche :<\/p>\n\n<div class=\"wpdt-c row wpDataTableContainerSimpleTable wpDataTables wpDataTablesWrapper\n wdtscroll\"\n    >\n    <table id=\"wpdtSimpleTable-206\"\n           class=\"wpdtSimpleTable wpDataTable\"\n           data-column=\"4\"\n           data-rows=\"5\"\n           data-wpID=\"206\"\n           data-responsive=\"0\"\n           data-has-header=\"1\">\n\n                    <thead>        <tr class=\"wpdt-cell-row \" >\n                            <th class=\"wpdt-cell wpdt-bc-F3F9FE wpdt-bold\"\n                                    data-cell-id=\"A1\"\n                data-col-index=\"0\"\n                data-row-index=\"0\"\n                style=\" width:288px;                padding:10px;\"\n                >\n                                Enfants \u00e0 charge                <\/th>\n                                            <th class=\"wpdt-cell wpdt-bc-F3F9FE wpdt-bold\"\n                                    data-cell-id=\"B1\"\n                data-col-index=\"1\"\n                data-row-index=\"0\"\n                style=\" width:151px;                padding:10px;\"\n                >\n                                Tranche 1                <\/th>\n                                            <th class=\"wpdt-cell wpdt-bc-F3F9FE wpdt-bold\"\n                                    data-cell-id=\"C1\"\n                data-col-index=\"2\"\n                data-row-index=\"0\"\n                style=\" width:156px;                padding:10px;\"\n                >\n                                Tranche 2                <\/th>\n                                            <th class=\"wpdt-cell wpdt-bc-F3F9FE wpdt-bold\"\n                                    data-cell-id=\"D1\"\n                data-col-index=\"3\"\n                data-row-index=\"0\"\n                style=\" width:164px;                padding:10px;\"\n                >\n                                Tranche 3                <\/th>\n                                        <\/tr>\n                    <tbody>        <tr class=\"wpdt-cell-row \" >\n                            <td class=\"wpdt-cell wpdt-bc-FFFFFF\"\n                                    data-cell-id=\"A2\"\n                data-col-index=\"0\"\n                data-row-index=\"1\"\n                style=\"                padding:10px;\"\n                >\n                                2                <\/td>\n                                            <td class=\"wpdt-cell wpdt-bc-FFFFFF\"\n                                    data-cell-id=\"B2\"\n                data-col-index=\"1\"\n                data-row-index=\"1\"\n                style=\"                padding:10px;\"\n                >\n                                151,05 \u20ac\u00a0                <\/td>\n                                            <td class=\"wpdt-cell wpdt-bc-FFFFFF\"\n                                    data-cell-id=\"C2\"\n                data-col-index=\"2\"\n                data-row-index=\"1\"\n                style=\"                padding:10px;\"\n                >\n                                75,53 \u20ac\u00a0                <\/td>\n                                            <td class=\"wpdt-cell wpdt-bc-FFFFFF\"\n                                    data-cell-id=\"D2\"\n                data-col-index=\"3\"\n                data-row-index=\"1\"\n                style=\"                padding:10px;\"\n                >\n                                37,77 \u20ac                <\/td>\n                                        <\/tr>\n                            <tr class=\"wpdt-cell-row \" >\n                            <td class=\"wpdt-cell wpdt-bc-FFFFFF\"\n                                    data-cell-id=\"A3\"\n                data-col-index=\"0\"\n                data-row-index=\"2\"\n                style=\"                padding:10px;\"\n                >\n                                3                <\/td>\n                                            <td class=\"wpdt-cell wpdt-bc-FFFFFF\"\n                                    data-cell-id=\"B3\"\n                data-col-index=\"1\"\n                data-row-index=\"2\"\n                style=\"                padding:10px;\"\n                >\n                                344,56 \u20ac\u00a0                <\/td>\n                                            <td class=\"wpdt-cell wpdt-bc-FFFFFF\"\n                                    data-cell-id=\"C3\"\n                data-col-index=\"2\"\n                data-row-index=\"2\"\n                style=\"                padding:10px;\"\n                >\n                                172,29 \u20ac                <\/td>\n                                            <td class=\"wpdt-cell wpdt-bc-FFFFFF\"\n                                    data-cell-id=\"D3\"\n                data-col-index=\"3\"\n                data-row-index=\"2\"\n                style=\"                padding:10px;\"\n                >\n                                86,14 \u20ac\u00a0                <\/td>\n                                        <\/tr>\n                            <tr class=\"wpdt-cell-row \" >\n                            <td class=\"wpdt-cell wpdt-bc-FFFFFF\"\n                                    data-cell-id=\"A4\"\n                data-col-index=\"0\"\n                data-row-index=\"3\"\n                style=\"                padding:10px;\"\n                >\n                                Par enfant suppl\u00e9mentaire                <\/td>\n                                            <td class=\"wpdt-cell wpdt-bc-FFFFFF\"\n                                    data-cell-id=\"B4\"\n                data-col-index=\"1\"\n                data-row-index=\"3\"\n                style=\"                padding:10px;\"\n                >\n                                193,52 \u20ac                <\/td>\n                                            <td class=\"wpdt-cell wpdt-bc-FFFFFF\"\n                                    data-cell-id=\"C4\"\n                data-col-index=\"2\"\n                data-row-index=\"3\"\n                style=\"                padding:10px;\"\n                >\n                                96,77 \u20ac                <\/td>\n                                            <td class=\"wpdt-cell wpdt-bc-FFFFFF\"\n                                    data-cell-id=\"D4\"\n                data-col-index=\"3\"\n                data-row-index=\"3\"\n                style=\"                padding:10px;\"\n                >\n                                48,38 \u20ac                <\/td>\n                                        <\/tr>\n                            <tr class=\"wpdt-cell-row \" >\n                            <td class=\"wpdt-cell \"\n                                    data-cell-id=\"A5\"\n                data-col-index=\"0\"\n                data-row-index=\"4\"\n                style=\"                padding:10px;\"\n                >\n                                Majoration pour les enfants de 14 ans et plus                <\/td>\n                                            <td class=\"wpdt-cell \"\n                                    data-cell-id=\"B5\"\n                data-col-index=\"1\"\n                data-row-index=\"4\"\n                style=\"                padding:10px;\"\n                >\n                                75,53 \u20ac                <\/td>\n                                            <td class=\"wpdt-cell \"\n                                    data-cell-id=\"C5\"\n                data-col-index=\"2\"\n                data-row-index=\"4\"\n                style=\"                padding:10px;\"\n                >\n                                37,77\u00a0\u20ac                <\/td>\n                                            <td class=\"wpdt-cell \"\n                                    data-cell-id=\"D5\"\n                data-col-index=\"3\"\n                data-row-index=\"4\"\n                style=\"                padding:10px;\"\n                >\n                                18,88\u00a0\u20ac                <\/td>\n                                        <\/tr>\n                    <\/table>\n<\/div><style id='wpdt-custom-style-206'>\n.wpdt-bc-F3F9FE { background-color: #F3F9FE !important;}\n.wpdt-bc-FFFFFF { background-color: #FFFFFF !important;}\n<\/style>\n\n<p><span style=\"font-weight: 400;\"><div class='shortcode important'><div class='title'>Important<\/div><div class='content'>Lorsqu\u2019un de vos enfants f\u00eatent ses 14 ans, vous recevez une majoration mensuelle : 75,53 euros pour la tranche 1, 37,77 euros pour la tranche 2, 18,88 euros pour la tranche 3. Si vous avez deux enfants, la majoration ne concerne que le second.\u00a0<\/div><\/div><\/span><\/p>\n<h2>Compl\u00e9ment de libre choix du mode de garde<\/h2>\n<p>Aussi appel\u00e9 CMG, il aide les parents \u00e0<b> financer la garde de leur enfant de moins de 6 ans (<\/b>ou 12 ans pourles familles monoparentale).Il est vers\u00e9 par la CAF ou la MSA en fonction de votre r\u00e9gime.<\/p>\n<p>Pour b\u00e9n\u00e9ficier du compl\u00e9ment de libre choix du mode de garde, il faut :<\/p>\n<ul>\n<li aria-level=\"1\">Remplir les conditions principales des prestations familiales (c&rsquo;est-\u00e0-dire remplir les conditions de droit au s\u00e9jour en France et en situation r\u00e9guli\u00e8re).<\/li>\n<li aria-level=\"1\">Travailler au moins une heure dans le mois de votre demande de CMG.<\/li>\n<li aria-level=\"1\">\u00catre \u00e9tudiant, en service civique, demandeur d\u2019emploi indemnis\u00e9, ou b\u00e9n\u00e9ficiaire du RSA, AAH ou ASS.<\/li>\n<\/ul>\n<p>L\u2019enfant doit \u00eatre soit gard\u00e9 par un assistant maternel agr\u00e9\u00e9 ou gard\u00e9 \u00e0 domicile (CMG en emploi direct), soit gard\u00e9 par une micro-cr\u00e8che, une entreprise, ou une association agr\u00e9\u00e9e pour la garde d\u2019un enfant (CMG structure).<\/p>\n<p>Le <a href=\"https:\/\/www.mes-allocs.fr\/guides\/allocations-familiales\/paje\/complement-libre-choix-mode-de-garde\/montant-cmg\/\">montant du CMG<\/a> maximum mensuel si vous employez une garde \u00e0 domicile ou un assistant maternel (emploi direct) est de 814, 53 euros pour votre enfant de moins de 3 ans dans la Tranche 1. Si vous passez par une micro-cr\u00e8che ou une structure agr\u00e9\u00e9e, le montant pour votre enfant de moins de 3 ans dans la Tranche 1 est de 984,26 \u20ac<\/p>\n<p>Ces montants varient selon le nombre d\u2019enfants que vous avez \u00e0 charge, le mode de garde choisi, ainsi que vos revenus.<\/p>\n<h2>Prime \u00e0 la naissance ou \u00e0 l\u2019adoption<\/h2>\n<p>La Prestation d\u2019accueil du jeune enfant (Paje) regroupe plusieurs aides, <b>dont la prime \u00e0 la naissance et la prime \u00e0 l\u2019adoption<\/b>. Elles aident les parents \u00e0 faire face aux premi\u00e8res d\u00e9penses li\u00e9es \u00e0 l\u2019arriv\u00e9e d\u2019un enfant.<\/p>\n<p><strong>V<\/strong><b>ous devez r\u00e9sider de fa\u00e7on stable et r\u00e9guli\u00e8re en France<\/b>, c&rsquo;est-\u00e0-dire vivre sur le territoire au moins neuf mois par an ou si vous \u00eates \u00e9tranger, disposer d\u2019un titre de s\u00e9jour valide.<\/p>\n<h3>La prime \u00e0 la naissance<\/h3>\n<p>Elle est vers\u00e9e au 7\u00e8me mois de grossesse, apr\u00e8s la d\u00e9claration de grossesse. Attention, <b>vous devez l\u2019avoir d\u00e9clar\u00e9 dans les 14 premi\u00e8res semaines <\/b>\u00e0 la CAF ou \u00e0 la MSA. D\u2019ailleurs, les ressources de votre foyer ne doivent pas d\u00e9passer les plafonds fix\u00e9s chaque ann\u00e9e. Cette prime permet par exemple de couvrir l\u2019achat de mat\u00e9riel pour l\u2019arriv\u00e9e de votre enfant, ou des v\u00eatements pour lui. Le montant de la prime \u00e0 la naissance est de 1 084,43 euros pour chaque naissance.<\/p>\n<h3>La prime \u00e0 l\u2019adoption<\/h3>\n<p>Elle est vers\u00e9e <b>dans les deux mois suivant l\u2019arriv\u00e9e de l\u2019enfant <\/b>au sein de votre foyer. Elle suit les m\u00eames plafonds de ressources que la prime \u00e0 la naissance. Le versement est unique et correspond \u00e0 une aide de d\u00e9part pour l\u2019accueil de l\u2019enfant adopt\u00e9. Le montant de la prime \u00e0 l&rsquo;adoption est de 2 168,84 euros pour chaque adoption d&rsquo;un enfant de moins de 20 ans.<\/p>\n<h2>L\u2019allocation de base de la PAJE<\/h2>\n<p>Apr\u00e8s la naissance ou l\u2019adoption de l\u2019enfant, les familles peuvent recevoir l\u2019allocation de base de la PAJE. Elle est vers\u00e9e <b>tous les mois pendant les trois premi\u00e8res ann\u00e9es de l\u2019enfant, ou pendant 36 mois en cas d\u2019adoption<\/b> (jusqu\u2019aux 20 ans de l\u2019enfant grand maximum). Si vous avez d\u00e9j\u00e0 per\u00e7u la prime \u00e0 la naissance ou \u00e0 la prime \u00e0 l\u2019adoption, l\u2019allocation de base est automatiquement attribu\u00e9e. <b>Une seule allocation<\/b> est vers\u00e9e par foyer, sauf bien s\u00fbr en cas de naissances multiples ou d\u2019adoptions de plusieurs enfants (c\u2019est une aide par enfant).<\/p>\n<p>Pour un parent isol\u00e9 ou un couple avec 2 revenus, avec 1 enfant \u00e0 charge, les plafonds de ressources pour la prime d&rsquo;allocation de base \u00e0 taux plein est de<strong> 41 055 \u20ac<\/strong>. Pour un couple avec un seul revenu, les plafonds de ressources pour la prime d&rsquo;allocation de base \u00e0 taux plein est de <strong>31 066 \u20ac.\u00a0<\/strong><\/p>\n<p>Avec des revenus per\u00e7us entre 41 055 \u20ac et 49 054 \u20ac avec un enfant \u00e0 charge, le montant de l&rsquo;allocation de base pour un parent isol\u00e9 <strong>est de 98,30 euros \u00e0 taux partiel<\/strong>.<\/p>\n<p>Avec des revenus per\u00e7us entre 31 066 \u20ac et 37 118 \u20ac avec un enfant \u00e0 charge, le montant de l&rsquo;allocation de base <strong>pour un couple avec 1 revenu est de 98,30 euros.\u00a0<\/strong><\/p>\n<p>Avec des revenus per\u00e7us entre 41 055 \u20ac et 49 054 \u20ac avec un enfant \u00e0 charge, le montant de l&rsquo;allocation de base <strong>pour un couple avec 2 revenus est de 98,30 euros.\u00a0<\/strong><\/p>\n<h2>Le RSA parent isol\u00e9<\/h2>\n<p>Si vous \u00e9levez seul(e) un enfant ou que vous \u00eates une femme enceinte vivant seule, vous pouvez toucher un RSA major\u00e9. Il dure jusqu\u2019aux 3 ans du plus jeune enfant, ou 12 mois si la s\u00e9paration ou le veuvage survient plus tard.<b> Le montant peut atteindre 1 383,68 euros pour un parent isol\u00e9 avec deux enfants.<\/b><\/p>\n<div class='shortcode tips'><div class='title'>Exemple<\/div><div class='content'> Vous \u00eates salari\u00e9e \u00e0 temps partiel et gagnez <b>650 \u20ac par mois<\/b>. Vous vivez seule avec un enfant de 3 ans. Vos revenus \u00e9tant inf\u00e9rieurs au seuil, vous pouvez toucher environ 400 \u00e0 500 \u20ac de RSA compl\u00e9mentaire, selon votre logement et vos autres aides. <\/div><\/div>\n<h1>La prise en charge des frais de transport<\/h1>\n<p>Les frais de transport, c\u2019est toutes les d\u00e9penses que vous engagez pour vous rendre sur votre lieu de travail. Votre employeur <b>peut vous rembourser une partie<\/b>, en fonction du mode de transport que vous utilisez. Ces remboursements sont souvent exon\u00e9r\u00e9s d\u2019imp\u00f4t et de cotisations sociales.<\/p>\n<h2>Si vous utilisez les transports en commun<\/h2>\n<p>Tous les salari\u00e9s, m\u00eame \u00e0 temps partiel et les stagiaires, peuvent \u00eatre rembours\u00e9s d\u2019une partie de leur abonnement de transport. Ce remboursement<b> concerne les cartes d\u2019abonnement <\/b>pour le bus, le m\u00e9tro, le tramway, le train ou la location d\u2019un v\u00e9lo. Par exemple, un pass Navigo \u00e0 Paris.<\/p>\n<p>L\u2019employeur <b>rembourse 50% du tarif <\/b>en 2\u1d49 classe sur la base du trajet le plus court entre votre domicile et votre lieu de travail. Le remboursement est effectu\u00e9 chaque mois, sur pr\u00e9sentation d\u2019un justificatif.<\/p>\n<h2>Si vous utilisez votre v\u00e9hicule personnel<\/h2>\n<p>La prise en charge des frais de trajet avec votre v\u00e9hicule personnel n\u2019est <b>pas <\/b><b>obligatoire<\/b>. Elle d\u00e9pend d\u2019un accord d\u2019entreprise ou d\u2019une d\u00e9cision de l\u2019employeur. Elle peut concerner les salari\u00e9s qui habitent ou travaillent hors d\u2019une zone desservie par les transports en commun, ou pour qui l&rsquo;usage d\u2019un v\u00e9hicule est tout simplement indispensable (horaires d\u00e9cal\u00e9s, absence de ligne directe, etc.).<\/p>\n<h2>Le forfait mobilit\u00e9s durables<\/h2>\n<p>Si vous privil\u00e9giez un mode de transport plus \u00e9cologique, comme en v\u00e9lo ou en covoiturage, vous pouvez b\u00e9n\u00e9ficier du forfait mobilit\u00e9s durables. Il peut atteindre<b> jusqu\u2019\u00e0 900 \u20ac par an<\/b> en 2026, exon\u00e9r\u00e9 d\u2019imp\u00f4t et de cotisations sociales.<\/p>\n<h1>Les aides \u00e0 la r\u00e9novation du logement<\/h1>\n<p>R\u00e9nover votre logement peut vous co\u00fbter cher. Heureusement,<b> plusieurs aides existent <\/b>pour r\u00e9duire la facture des travaux d\u2019isolation, de chauffage, ou de r\u00e9novation \u00e9nerg\u00e9tique. Voici les principales aides accessibles aux salari\u00e9s en 2026.<\/p>\n<h2>MaPrimeR\u00e9nov\u2019<\/h2>\n<p>C\u2019est l\u2019aide principale de l\u2019\u00c9tat pour financer des travaux de r\u00e9novation \u00e9nerg\u00e9tique. Elle permet de prendre en charge une partie du co\u00fbt des travaux selon vos revenus et le gain \u00e9nerg\u00e9tique obtenu.<\/p>\n<p>MaPrime R\u00e9nov\u2019 est r\u00e9serv\u00e9e aux logements class\u00e9s E,F ou G au diagnostic de performance \u00e9nerg\u00e9tique (DPE). Les travaux doivent permettre au moins deux gains de classes \u00e9nerg\u00e9tiques (par exemple, passer de F \u00e0 D). <b>Le montant peut atteindre jusqu\u2019\u00e0 40 % du co\u00fbt des travaux<\/b>, selon vos ressources et la nature du projet.<\/p>\n<div class='shortcode tips'><div class='title'>Exemple<\/div><div class='content'> Vous engagez 20 000 \u20ac de travaux d\u2019isolation dans une maison class\u00e9e F. Si vous \u00eates un m\u00e9nage aux revenus modestes, <b>MaPrimeR\u00e9nov\u2019 peut couvrir environ 8 000 \u20ac<\/b>, selon votre situation. <\/div><\/div>\n<h2>L\u2019\u00e9co-pr\u00eat \u00e0 taux z\u00e9ro (\u00e9co-PTZ)<\/h2>\n<p>L\u2019\u00e9co-pr\u00eat \u00e0 taux z\u00e9ro est un pr\u00eat sans int\u00e9r\u00eat, qui est accord\u00e9 pour vous financer vos travaux de r\u00e9novation \u00e9nerg\u00e9tique. <b>Il peut atteindre jusqu\u2019\u00e0 50 000 \u20ac, avec un remboursement sur 20 ans maximum<\/b>. Il est accessible sans condition de ressources, aux propri\u00e9taires occupants ou bailleurs, pour des logements principaux achev\u00e9s depuis plus de deux ans.<\/p>\n<p>Les travaux doivent obligatoirement \u00eatre r\u00e9alis\u00e9s par un professionnel RGE (Reconnu garant de l\u2019environnement) et concerner des am\u00e9liorations \u00e9nerg\u00e9tiques, comme l\u2019isolation, le chauffage ou la ventilation.<\/p>\n<h2>La TVA \u00e0 taux r\u00e9duit<\/h2>\n<p>Certains travaux de r\u00e9novation b\u00e9n\u00e9ficient d\u2018un taux r\u00e9duit de TVA :<\/p>\n<ul>\n<li aria-level=\"1\"><b>10 %<\/b> pour les travaux d\u2019am\u00e9lioration ou d\u2019entretien<\/li>\n<li aria-level=\"1\"><b>5,5 %<\/b> pour les travaux de performance \u00e9nerg\u00e9tique (isolation, pompe \u00e0 chaleur\u2026)<\/li>\n<\/ul>\n<p>Pour y avoir droit, votre logement doit :<\/p>\n<ul>\n<li aria-level=\"1\">Etre achev\u00e9 depuis plus de deux ans,<\/li>\n<li aria-level=\"1\">Et \u00eatre \u00e0 l\u2019usage d\u2019habitation principale ou secondaire.<\/li>\n<\/ul>\n<h1>Les aides pour vos d\u00e9penses de logement<\/h1>\n<h2>Aides au logement pour les salari\u00e9s<\/h2>\n<p>Destin\u00e9e \u00e0 r\u00e9duire le montant de votre loyer, les aides au logement concernent les salari\u00e9s locataires ou les colocataires. Elles sont au nombre de trois et sont non cumulables entre elles :<\/p>\n<ul>\n<li aria-level=\"1\"><b>APL (aide personnalis\u00e9e au logement)<\/b> : r\u00e9serv\u00e9e aux locataires d\u2019un logement conventionn\u00e9 entre le propri\u00e9taire et l\u2019\u00c9tat.<\/li>\n<li aria-level=\"1\"><b>ALF (allocation de logement familiale)<\/b> : pour les personnes qui ne peuvent pas b\u00e9n\u00e9ficier de l\u2019APL, mari\u00e9es depuis moins de cinq ans, avec un ou plusieurs enfants \u00e0 charge ou une personne \u00e0 charge.<\/li>\n<li aria-level=\"1\"><b>ALS (allocation de logement sociale)<\/b> : pour les personnes qui ne peuvent b\u00e9n\u00e9ficier ni de l\u2019APL, ni de l\u2019ALF.<\/li>\n<\/ul>\n<p>Pour b\u00e9n\u00e9ficier d\u2019une aide au logement, vous devez :<\/p>\n<ul>\n<li aria-level=\"1\">R\u00e9sider dans le logement principal au moins 8 mois dans l\u2019ann\u00e9e.<\/li>\n<li aria-level=\"1\">Vivre dans un logement qui respecte les normes minimales de surface et de s\u00e9curit\u00e9, c\u2019est-\u00e0-dire 9 m\u00b2 pour une personne seule, 16 m\u00b2 pour deux personnes (+9 m\u00b2 par personne suppl\u00e9mentaire), 70 m\u00b2 pour huit personnes ou plus.<\/li>\n<\/ul>\n<p><span style=\"font-weight: 400;\">\u00a0\u200b\u200b<div class='shortcode disclaimer'><div class='title'>Attention<\/div><div class='content'> Il ne faut pas que le propri\u00e9taire du bien soit de votre famille directe. <\/div><\/div><\/span><\/p>\n<p>Le montant de votre aide au logement d\u00e9pend du nombre d\u2019enfants et de personnes \u00e0 charge, du montant du loyer, des ressources des 12 derniers mois de votre foyer.<\/p>\n<div class='shortcode tips'><div class='title'>Exemple<\/div><div class='content'> Vous \u00eates salari\u00e9 en CDD et louez un appartement \u00e0 Rennes que vous payez 650 euros par mois. Selon vos revenus, vous pouvez percevoir une APL d\u2019environ 170 euros, faisant passer votre loyer en dessous des 500 euros. <\/div><\/div>\n<h2>Le ch\u00e8que \u00e9nergie<\/h2>\n<p>Le ch\u00e8que \u00e9nergie<b> aide les foyers aux revenus modestes \u00e0 payer leurs factures<\/b> d\u2019\u00e9lectricit\u00e9, de gaz, de bois, et de fioul. C\u2019est une aide de l\u2019\u00c9tat, qui est envoy\u00e9e automatiquement chaque ann\u00e9e aux m\u00e9nages \u00e9ligibles.<\/p>\n<p>L\u2019\u00e9ligibilit\u00e9 d\u00e9pend de :<\/p>\n<ul>\n<li aria-level=\"1\">Vos revenus fiscaux<\/li>\n<li aria-level=\"1\">La composition du foyer<\/li>\n<li aria-level=\"1\">Le point de livraison d\u2019\u00e9lectricit\u00e9 de votre logement.<\/li>\n<\/ul>\n<p>Entre 1 et 2 UC (2 personnes), avec un revenu fiscal inf\u00e9rieur \u00e0 5 700 \u20ac, le montant de votre ch\u00e8que \u00e9nergie est de <strong>240 euros. <\/strong>\u00c0 noter que le bar\u00e8me du ch\u00e8que \u00e9nergie en 2026 est identique \u00e0 celui de 2025.<\/p>\n<p>\u200b\u200b<div class='shortcode disclaimer'><div class='title'>Attention<\/div><div class='content'>En 2026, le ch\u00e8que \u00e9nergie ne peut pas financer des travaux de r\u00e9novation \u00e9nerg\u00e9tique.<\/div><\/div><\/p>\n<h2>L\u2019Avance Loca-Pass<\/h2>\n<p>L\u2019avance Loca-Pass est <b>un pr\u00eat \u00e0 taux z\u00e9ro accord\u00e9 <\/b>pour vous aider \u00e0 payer le d\u00e9p\u00f4t de garantie. C\u2019est une caution demand\u00e9e lors de votre entr\u00e9e dans le logement.<\/p>\n<p>Qui peut en b\u00e9n\u00e9ficier ? Vous pouvez demander l\u2019Avance Loca-Pass si vous \u00eates :<\/p>\n<ul>\n<li aria-level=\"1\">salari\u00e9 du secteur priv\u00e9<\/li>\n<li aria-level=\"1\">Ou un jeune de moins de 30 ans (vous \u00eates en apprentissage, en recherche d\u2019emploi, un \u00e9tudiant salari\u00e9 ou boursier).<\/li>\n<\/ul>\n<p>Votre logement doit <b>\u00eatre situ\u00e9 en France m\u00e9tropolitaine ou dans les DROM <\/b>et \u00eatre consid\u00e9r\u00e9 comme votre r\u00e9sidence principale. \u00c0 noter qu\u2019en colocation, l\u2019avance couvre votre part du d\u00e9p\u00f4t de garantie uniquement.<\/p>\n<p>Le montant maximum <b>est de 1 200 euros, remboursable sur 25 mois maximum<\/b>. Aucun int\u00e9r\u00eat ni frais de dossier ne sont appliqu\u00e9s.<\/p>\n<h2>La Garantie Visale<\/h2>\n<p>La garantie Visale (Visa pour le logement et l\u2019emploi) est <b>une caution locative gratuite. <\/b>Elle rassure votre propri\u00e9taire en garantissant le paiement du loyer et des charges si vous rencontrez des difficult\u00e9s financi\u00e8res. Action Logement se porte caution et couvre jusqu\u2019\u00e0 36 mois d\u2019impay\u00e9s de loyers dans le parc priv\u00e9, ou 9 mois dans le parc social (pour un logement \u00e9tudiant par exemple).<\/p>\n<p>La garantie Visale s\u2019adresse :<\/p>\n<ul>\n<li aria-level=\"1\">Aux jeunes de moins de 31 ans, qu\u2019ils soient salari\u00e9s, \u00e9tudiants ou alternants.<\/li>\n<li aria-level=\"1\">Aux salari\u00e9s de plus de 31 ans du secteur priv\u00e9 gagnant moins de 1 500 euros nets par mois.<\/li>\n<li aria-level=\"1\">Aux personnes en mutation professionnelle ou titulaires d\u2019un bail mobilit\u00e9.<\/li>\n<li aria-level=\"1\">Aux travailleurs saisonniers (avec un loyer maximum de 600 euros, 800 en Ile-de-France).<\/li>\n<\/ul>\n<h1>Les aides \u00e0 la formation professionnelle pour le salari\u00e9<\/h1>\n<p>La formation professionnelle est <b>un droit pour chaque salari\u00e9<\/b>. Elle permet de d\u00e9velopper vos comp\u00e9tences ou encore de pr\u00e9parer une potentielle reconversion. Certaines formations sont obligatoires, d\u2019autres sont \u00e0 votre initiative, en fonction de vos besoins ou de votre projet.<\/p>\n<h2>Le Compte personnel de formation (CPF)<\/h2>\n<p>Le CPF vous permet de<b> financer une formation dipl\u00f4mante ou certifiante<\/b> \u00e0 tout moment de votre carri\u00e8re, m\u00eame si vous \u00eates au ch\u00f4mage. Vous y avez acc\u00e8s via le site ou l\u2019application MonCompteFormation. Chaque salari\u00e9 cumule :<\/p>\n<ul>\n<li aria-level=\"1\"><b>500 euros par an<\/b>, plafonn\u00e9s \u00e0 5 000 euros.<\/li>\n<li aria-level=\"1\">Ou <b>800 euros par an,<\/b> plafonn\u00e9s \u00e0 8 000 euros pour les personnes peu qualifi\u00e9es ou en situation de handicap.<\/li>\n<\/ul>\n<p>\u00c0 noter que depuis le 2 avril 2026, <b>une participation forfaitaire de 150\u20ac est demand\u00e9e pour chaque formatio<\/b>n, sauf si elle est financ\u00e9e par l\u2019employeur, un OPCO ou un autre organisme.<\/p>\n<div class='cta-block'><div class='text'>Simulez toutes vos aides en 2 min.<\/div><a href='https:\/\/www.mes-allocs.fr\/ab-app?origin=guides\/wp-json\/wp\/v2\/posts\/105656' class='app-button fit'>Simulation gratuite<\/a><\/div>\n<h2>La Validation des acquis de l\u2019exp\u00e9rience (VAE)<\/h2>\n<p>La VAE permet<b> d\u2019obtenir un dipl\u00f4me ou une certification \u00e0 partir de votre exp\u00e9rience professionnelle<\/b>. Pour en b\u00e9n\u00e9ficier,il faut simplement justifier d&rsquo;une exp\u00e9rience professionnelle<b> en lien direct avec la certification, sans dur\u00e9e minimale requise<\/b>.<\/p>\n<p>Vous pouvez demander un cong\u00e9 de 24 heures pour pr\u00e9parer ou passer la validation. Cette demande doit \u00eatre faite au moins 30 jours avant le d\u00e9but des actions, et l\u2019employeur doit r\u00e9pondre sous 15 jours.<\/p>\n<div class='shortcode tips'><div class='title'>Exemple<\/div><div class='content'> Vous travaillez depuis 5 ans comme aide-soignant sans dipl\u00f4me. Gr\u00e2ce \u00e0 la VAE, vous pouvez obtenir le DEAS (dipl\u00f4me d\u2019\u00c9tat d\u2019aide-soignant). <\/div><\/div>\n<h2>La reconversion ou promotion par alternance (Pro-A)<\/h2>\n<p>La Pro-A vous permet de<b> suivre une formation en alternance tout en gardant votre emploi. <\/b>Elle s\u2019adresse surtout aux salari\u00e9s peu qualifi\u00e9s souhaitant \u00e9voluer ou changer de m\u00e9tier. Elle peut \u00eatre demand\u00e9e par :<\/p>\n<ul>\n<li aria-level=\"1\">Le salari\u00e9, dans le cadre d\u2019un projet personnel.<\/li>\n<li aria-level=\"1\">Ou l\u2019employeur, via le plan de d\u00e9veloppement des comp\u00e9tences.<\/li>\n<\/ul>\n<p>Si la formation a lieu pendant vos heures de travail, votre salaire est maintenu.<\/p>\n<h2>Les formations prises en charge par l&rsquo;Opco<\/h2>\n<p>Il existe 10 op\u00e9rateurs de comp\u00e9tences en France, chacun regroupant plusieurs branches professionnelles comme AFDAS (culture, loisir, sport, m\u00e9dias) ou ATLAS (services financiers et de conseil).<\/p>\n<p class=\"amp-wp-7d27179\" data-amp-original-style=\"text-align: justify;\">En fonction des diff\u00e9rents dispositifs, l\u2019OPCO prend en charge :<\/p>\n<ul>\n<li data-amp-original-style=\"text-align: justify;\">Un contrat de professionnalisation<\/li>\n<li data-amp-original-style=\"text-align: justify;\">Les actions de reconversion ou promotion par l\u2019alternance (Pro-A)<\/li>\n<li data-amp-original-style=\"text-align: justify;\">Les d\u00e9penses de tutorat et de formation p\u00e9dagogique des ma\u00eetres d\u2019apprentissage<\/li>\n<\/ul>\n<h1>Participation, int\u00e9ressement et \u00e9pargne salariale<\/h1>\n<p>L\u2019int\u00e9ressement et la participation sont deux dispositifs de partage de la valeur entre l\u2019entreprise et ses salari\u00e9s. Ils permettent de recevoir une prime li\u00e9e aux r\u00e9sultats ou \u00e0 la performance de votre entreprise. Ces primes peuvent \u00eatre touch\u00e9es imm\u00e9diatement ou plac\u00e9es sur un plan d\u2019\u00e9pargne salariale pour faire fructifier vos gains.<\/p>\n<h2>Qu&rsquo;est ce que l\u2019int\u00e9ressement ?<\/h2>\n<p>L\u2019int\u00e9ressement est <b>un accord entre l\u2019entreprise et ses salari\u00e9s. <\/b>Il r\u00e9compense la performance collective.<\/p>\n<div class='shortcode tips'><div class='title'>Exemple<\/div><div class='content'> Une entreprise r\u00e9alise une belle ann\u00e9e et pr\u00e9voit une prime d\u2019int\u00e9ressement globale de 30 000 \u20ac. Chaque salari\u00e9 peut alors toucher <b>entre 500 \u20ac et 1 500 \u20ac<\/b>, selon son salaire et son temps de travail. <\/div><\/div>\n<h2>Quelles entreprises sont concern\u00e9es ?<\/h2>\n<p>Toutes les entreprises peuvent proposer un dispositif d\u2019int\u00e9ressement volontairement.<\/p>\n<h2>Qui peut en b\u00e9n\u00e9ficier ?<\/h2>\n<p>D\u00e8s qu\u2019un accord est mis en place, tous les salari\u00e9s peuvent en b\u00e9n\u00e9ficier, sans distinction de statut. Le versement peut d\u00e9pendre de :<\/p>\n<ul>\n<li aria-level=\"1\">Votre salaire<\/li>\n<li aria-level=\"1\">Votre anciennet\u00e9<\/li>\n<li aria-level=\"1\">Ou simplement \u00eatre identique pour tous les salari\u00e9s.<\/li>\n<\/ul>\n<p>Les apprentis, alternants et salari\u00e9s \u00e0 temps partiel sont \u00e9galement \u00e9ligible !<\/p>\n<h2>Combien pouvez-vous toucher ?<\/h2>\n<p>Le montant varie selon les r\u00e9sultats de l\u2019entreprise, mais il existe deux plafonds :<\/p>\n<ul>\n<li aria-level=\"1\">La prime totale ne peut pas d\u00e9passer 20% de la masse salariale.<\/li>\n<li aria-level=\"1\">Chaque salari\u00e9 ne peut pas toucher plus de 75 % du plafond annuel de la S\u00e9curit\u00e9 sociale<\/li>\n<\/ul>\n<h2>Quand et comment est vers\u00e9e la prime ?<\/h2>\n<p>Une fois inform\u00e9 du montant,<b> vous avez 15 jours pour demander le versement imm\u00e9diat. <\/b>Sinon, la prime est automatiquement plac\u00e9e sur un plan d\u2019\u00e9pargne salariale.<\/p>\n<h1>Quelles aides selon votre statut ?<\/h1>\n<h2>Vous \u00eates apprenti(e) \/ alternant(e)<\/h2>\n<p>Il y a de plus en plus d\u2019\u00e9tudiants chaque ann\u00e9e en France qui choisissent la voie de l\u2019alternance malgr\u00e9 la volont\u00e9 des derniers gouvernements de r\u00e9duire leurs salaires pour faire baisser le d\u00e9ficit public. Les apprentis ont le droit \u00e0 plusieurs aides :<\/p>\n<ul>\n<li aria-level=\"1\"><b>Les allocations logement<\/b>, avec l\u2019APL, pour vous aider \u00e0 payer votre loyer. Le montant d\u00e9pend de vos revenus (pas ceux de vos parents) et du montant de votre loyer. Attention, votre logement doit faire l\u2019objet d\u2019une convention avec l\u2019\u00c9tat. Vous pouvez aussi avoir acc\u00e8s \u00e0 la Garantie visale par exemple.<\/li>\n<li aria-level=\"1\"><b>Les aides \u00e0 la mobilit\u00e9<\/b>, avec l\u2019aide Mobili-Jeune, qui est adress\u00e9e aux alternants qui travaillent dans une entreprise du secteur priv\u00e9. Elle est vers\u00e9e par Action Logement pour financer une partie du loyer de l\u2019\u00e9tudiant alternant, g\u00e9n\u00e9ralement entre 10 et 100 \u20ac. Des aides r\u00e9gionales sont \u00e9galement disponibles comme une aide de transport ou aussi une aide pour passer son permis de conduire.<\/li>\n<li aria-level=\"1\"><b>L\u2019exon\u00e9ration des frais de scolarit\u00e9.<\/b> L\u2019alternance permet de financer les frais de scolarit\u00e9 de votre \u00e9tablissement. Cela est pay\u00e9 soit par l\u2019Organisme Paritaire Collecteur Agr\u00e9\u00e9 (OPCA), soit une partie par l\u2019entreprise.<\/li>\n<\/ul>\n<h2>Vous \u00eates int\u00e9rimaire ou en temps partiel<\/h2>\n<p>En tant que travailleur int\u00e9rimaire ou \u00e0 temps partiel, vous pouvez avoir acc\u00e8s :<\/p>\n<ul>\n<li aria-level=\"1\">\u00c0<b> la prime d\u2019activit\u00e9<\/b>. Vous pouvez pr\u00e9tendre l\u2019avoir autour de 200 euros en fonction de votre situation.<\/li>\n<li aria-level=\"1\">A <b>l\u2019<\/b><b>allocation de retour \u00e0 l\u2019emploi<\/b> (ARE), seulement si vous exercez une activit\u00e9 salari\u00e9e occasionnelle (ou non) ou r\u00e9duite, ou si vous avez le statut de micro-entrepreneur ou d\u2019auto-entrepreneur.<\/li>\n<li aria-level=\"1\">\u00c0 <b>des aides pour s\u2019occuper de votre enfant,<\/b> avec la prestation partag\u00e9e d\u2019\u00e9ducation de l\u2019enfant (PreParE)<\/li>\n<\/ul>\n<h2>Vous \u00eates salari\u00e9 en situation de handicap<\/h2>\n<p>Les salari\u00e9s en situation de handicap sont \u00e9galement \u00e9ligibles \u00e0 plusieurs aides :<\/p>\n<ul>\n<li aria-level=\"1\">L&rsquo;<b>Allocation aux adultes handicap\u00e9s (AAH)<\/b>, qui vous garantit un revenu minimum pour couvrir toutes vos d\u00e9penses du quotidien. Pour une personne sans ressources ou hospitalis\u00e9 ou h\u00e9berg\u00e9 en maison d&rsquo;accueil sp\u00e9cialis\u00e9e moins de 60 jours, ou incarc\u00e9r\u00e9 moins de 60 jours, le montant de l&rsquo;AAH en 2026 est de 1 033,32 euros.<\/li>\n<li aria-level=\"1\"><b>La carte mobilit\u00e9 inclusion (CMI<\/b>), qui vous donne une facilit\u00e9 de circulation dans les espaces publics. Elle est plus ou moins prioritaire en fonction de votre taux d\u2019incapacit\u00e9.<\/li>\n<li aria-level=\"1\">Vous pouvez \u00e9galement avoir acc\u00e8s \u00e0 la prime d\u2019activit\u00e9, \u00e0 l\u2019AEEH pour votre enfant, ou encore \u00e0 un d\u00e9part anticip\u00e9 \u00e0 la retraite.<\/li>\n<\/ul>\n<h2>Vous \u00eates parent isol\u00e9 et salari\u00e9 (ou jeune parent)<\/h2>\n<p>En tant que jeune parent, ou futur jeune parent et salari\u00e9, voici les aides auxquels vous pouvez pr\u00e9tendre :<\/p>\n<ul>\n<li aria-level=\"1\">\u00c0 la Prime \u00e0 la naissance ou \u00e0 l&rsquo;Allocation de base si vous attendez votre premier enfant.<\/li>\n<li aria-level=\"1\">Aux allocations familiales ou \u00e0 la Paje (Prime \u00e0 la naissance et Allocation de base)<\/li>\n<\/ul>\n<h1>Salari\u00e9s : qui peut vous aider \u00e0 conna\u00eetre vos aides ?<\/h1>\n<p>Pour vous aider \u00e0 conna\u00eetre vos aides en tant que salari\u00e9 et conna\u00eetre votre situation plus en d\u00e9tail, vous pouvez faire une simulation sur Mes Allocs. Apr\u00e8s\u00a0<strong>cette simulation gratuite<\/strong>, vous aurez acc\u00e8s \u00e0 toute la liste des aides auxquelles vous pouvez pr\u00e9tendre. Vous pouvez solliciter par la suite un expert Mes Allocs qui fera toutes vos d\u00e9marches.<\/p>\n<div class='cta-block'><div class='text'>Simulez toutes vos aides en 2 min.<\/div><a href='https:\/\/www.mes-allocs.fr\/ab-app?origin=guides\/wp-json\/wp\/v2\/posts\/105656' class='app-button fit'>Simulation gratuite<\/a><\/div>\n<div class='shortcode summary'><div class='title'>En r\u00e9sum\u00e9 :<\/div><div class='content'><ul><li> En 2026, les salari\u00e9s ont le droit \u00e0 de nombreuses aides, que ce soit les APL, la prime d\u2019activit\u00e9 ou encore les aides \u00e0 la r\u00e9novation du logement. <\/li><li> Un salari\u00e9 peut toucher des aides pour obtenir une formation sp\u00e9cifique. <\/li><li> En tant que salari\u00e9, vous pouvez pr\u00e9tendre \u00e0 des aides quel que soit votre statut (en alternance, en CDD, en int\u00e9rim, en situation de handicap\u2026) <\/li><li> Pour d\u00e9couvrir toutes vos aides auxquels vous avez droit en tant que salari\u00e9, vous pouvez faire une simulation Mes Allocs. <\/li><\/ul><\/div><\/div>\n","protected":false},"excerpt":{"rendered":"<p>[Mis \u00e0 jour le 03\/04\/2026] En France, tous les salari\u00e9s ont le droit \u00e0 des aides selon leur situation en 2026. Que vous soyez apprenti, en CDD, CDI, \u00e0 temps partiel, jeune parent, ou encore en situation de handicap, de nombreux dispositifs existent. Voici tout ce qu\u2019il faut savoir sur les aides pour les salari\u00e9s. [&hellip;]<\/p>\n","protected":false},"author":35,"featured_media":105660,"comment_status":"open","ping_status":"open","sticky":false,"template":"","format":"standard","meta":{"amp_status":"","footnotes":""},"categories":[14320],"tags":[],"class_list":["post-105656","post","type-post","status-publish","format-standard","has-post-thumbnail","hentry","category-aide-par-situation"],"yoast_head":"<!-- This site is optimized with the Yoast SEO plugin v14.9 - https:\/\/yoast.com\/wordpress\/plugins\/seo\/ -->\n<title>Aides pour les salari\u00e9s : guide des aides en 2026 | Mes-Allocs.fr<\/title>\n<meta name=\"description\" content=\"En 2026, tous les salari\u00e9s ont le droit \u00e0 des aides : aides de la CAF, au transport, \u00e0 la formation, \u00e0 la garde d&#039;enfants ... D\u00e9couvrez-les.\" \/>\n<meta name=\"robots\" content=\"index, follow, max-snippet:-1, max-image-preview:large, max-video-preview:-1\" \/>\n<link rel=\"canonical\" href=\"https:\/\/www.mes-allocs.fr\/guides\/aide-par-situation\/aide-salarie\/\" \/>\n<meta property=\"og:locale\" content=\"fr_FR\" \/>\n<meta property=\"og:type\" content=\"article\" \/>\n<meta property=\"og:title\" content=\"Aides pour les salari\u00e9s : guide des aides en 2026 | Mes-Allocs.fr\" \/>\n<meta property=\"og:description\" content=\"En 2026, tous les salari\u00e9s ont le droit \u00e0 des aides : aides de la CAF, au transport, \u00e0 la formation, \u00e0 la garde d&#039;enfants ... D\u00e9couvrez-les.\" \/>\n<meta property=\"og:url\" content=\"https:\/\/www.mes-allocs.fr\/guides\/aide-par-situation\/aide-salarie\/\" \/>\n<meta property=\"og:site_name\" content=\"Mes-Allocs.fr\" \/>\n<meta property=\"article:published_time\" content=\"2025-11-12T17:34:39+00:00\" \/>\n<meta property=\"article:modified_time\" content=\"2026-04-22T07:32:34+00:00\" \/>\n<meta property=\"og:image\" content=\"https:\/\/www.mes-allocs.fr\/guides\/wp-content\/uploads\/2025\/11\/aide-salaries.jpg?wsr\" \/>\n\t<meta property=\"og:image:width\" content=\"1024\" \/>\n\t<meta property=\"og:image:height\" content=\"701\" \/>\n<meta name=\"twitter:card\" content=\"summary_large_image\" \/>\n<script type=\"application\/ld+json\" class=\"yoast-schema-graph\">{\"@context\":\"https:\/\/schema.org\",\"@graph\":[{\"@type\":\"WebSite\",\"@id\":\"https:\/\/www.mes-allocs.fr\/guides\/#website\",\"url\":\"https:\/\/www.mes-allocs.fr\/guides\/\",\"name\":\"Mes-Allocs.fr\",\"description\":\"\",\"potentialAction\":[{\"@type\":\"SearchAction\",\"target\":\"https:\/\/www.mes-allocs.fr\/guides\/?s={search_term_string}\",\"query-input\":\"required name=search_term_string\"}],\"inLanguage\":\"fr-FR\"},{\"@type\":\"ImageObject\",\"@id\":\"https:\/\/www.mes-allocs.fr\/guides\/aide-par-situation\/aide-salarie\/#primaryimage\",\"inLanguage\":\"fr-FR\",\"url\":\"https:\/\/www.mes-allocs.fr\/guides\/wp-content\/uploads\/2025\/11\/aide-salaries.jpg?wsr\",\"width\":1024,\"height\":701,\"caption\":\"aide salaries\"},{\"@type\":\"WebPage\",\"@id\":\"https:\/\/www.mes-allocs.fr\/guides\/aide-par-situation\/aide-salarie\/#webpage\",\"url\":\"https:\/\/www.mes-allocs.fr\/guides\/aide-par-situation\/aide-salarie\/\",\"name\":\"Aides pour les salari\\u00e9s : guide des aides en 2026 | Mes-Allocs.fr\",\"isPartOf\":{\"@id\":\"https:\/\/www.mes-allocs.fr\/guides\/#website\"},\"primaryImageOfPage\":{\"@id\":\"https:\/\/www.mes-allocs.fr\/guides\/aide-par-situation\/aide-salarie\/#primaryimage\"},\"datePublished\":\"2025-11-12T17:34:39+00:00\",\"dateModified\":\"2026-04-22T07:32:34+00:00\",\"author\":{\"@id\":\"https:\/\/www.mes-allocs.fr\/guides\/#\/schema\/person\/d3c4797ca00240cce644af053372c21a\"},\"description\":\"En 2026, tous les salari\\u00e9s ont le droit \\u00e0 des aides : aides de la CAF, au transport, \\u00e0 la formation, \\u00e0 la garde d'enfants ... D\\u00e9couvrez-les.\",\"inLanguage\":\"fr-FR\"},{\"@type\":\"Person\",\"@id\":\"https:\/\/www.mes-allocs.fr\/guides\/#\/schema\/person\/d3c4797ca00240cce644af053372c21a\",\"name\":\"Gr\\u00e9goire Hernandez\",\"image\":{\"@type\":\"ImageObject\",\"@id\":\"https:\/\/www.mes-allocs.fr\/guides\/#personlogo\",\"inLanguage\":\"fr-FR\",\"url\":\"https:\/\/www.mes-allocs.fr\/guides\/wp-content\/uploads\/2025\/10\/Photo-de-profil-HERNANDEZ-GREGOIRE-150x150.jpg\",\"caption\":\"Gr\\u00e9goire Hernandez\"},\"description\":\"Passionn\\u00e9 par les sujets socio-\\u00e9conomiques, je rejoins l\\u2019\\u00e9quipe Mes Allocs en octobre 2025 en tant que r\\u00e9dacteur web, apr\\u00e8s une premi\\u00e8re exp\\u00e9rience dans la presse \\u00e9conomique, politique et internationale. Sp\\u00e9cialis\\u00e9 dans les th\\u00e9matiques li\\u00e9es aux aides sociales, \\u00e0 la fiscalit\\u00e9, au pouvoir d\\u2019achat et \\u00e0 la retraite, je veille \\u00e0 proposer des contenus clairs, fiables et v\\u00e9rifi\\u00e9s.\",\"sameAs\":[\"https:\/\/www.linkedin.com\/in\/gr\\u00e9goire-hernandez-334884265\/\"]}]}<\/script>\n<!-- \/ Yoast SEO plugin. -->","amp_validity":null,"acf":{"faq":{"1":{"question":"Quelles sont les aides pour les salari\u00e9s ?","answer":"Les salari\u00e9s peuvent pr\u00e9tendent \u00e0 de nombreuses aides (APL, prime d'activit\u00e9, aides \u00e0 la r\u00e9novation du logement...)"},"2":{"question":"Quelle aide pour un CDI ?","answer":"RSA, allocation ch\u00f4mage... Un salari\u00e9 en CDI peut pr\u00e9tendre \u00e0 plusieurs aides. Vous pouvez faire une simulation sur Mes Allocs pour en avoir plus sur les aides auxquelles vous pouvez pr\u00e9tendre."},"3":{"question":"Quels sont les diff\u00e9rents types d'aide ?","answer":"De nombreuses aides sont possibles, que ce soir pour la naissance de vote enfant, la r\u00e9novation de votre logement, ou pour une formation professionnelle."},"4":{"question":"Peut-on toucher la prime d'activit\u00e9 en CDI ?","answer":"Oui, pour pr\u00e9tendre \u00e0 la prime d'activit\u00e9 en CDI, il faut une activit\u00e9 professionnelle r\u00e9mun\u00e9r\u00e9e par un revenu d'activit\u00e9, er respecter les plafonds de ressources. Un salari\u00e9 en CDI est donc \u00e9ligible !"},"5":{"question":"Comment savoir \u00e0 quelles aides j'ai droit ?","answer":"Pour vous aider \u00e0 conna\u00eetre vos aides en tant que salari\u00e9 et conna\u00eetre votre situation plus en d\u00e9tail, vous pouvez faire une simulation sur Mes Allocs. Apr\u00e8s\u00a0cette simulation gratuite, vous aurez acc\u00e8s \u00e0 toute la liste des aides auxquelles vous pouvez pr\u00e9tendre. Vous pouvez solliciter par la suite un expert Mes Allocs qui fera toutes vos d\u00e9marches.\u00a0"},"6":{"question":"Quel salaire ne faut pas d\u00e9passer pour toucher la prime d'activit\u00e9 ?","answer":"Le plafond \u00e0 ne pas d\u00e9passer pour toucher la prime d\u2019activit\u00e9 correspond environ \u00e0 1,4 SMIC, soit 2 200 \u20ac nets par mois pour une personne seule sans enfant."},"7":{"question":"","answer":""},"8":{"question":"","answer":""},"9":{"question":"","answer":""},"10":{"question":"","answer":""},"11":{"question":"","answer":""},"12":{"question":"","answer":""},"13":{"question":"","answer":""},"14":{"question":"","answer":""},"15":{"question":"","answer":""},"16":{"question":"","answer":""}}},"_links":{"self":[{"href":"https:\/\/www.mes-allocs.fr\/guides\/wp-json\/wp\/v2\/posts\/105656","targetHints":{"allow":["GET"]}}],"collection":[{"href":"https:\/\/www.mes-allocs.fr\/guides\/wp-json\/wp\/v2\/posts"}],"about":[{"href":"https:\/\/www.mes-allocs.fr\/guides\/wp-json\/wp\/v2\/types\/post"}],"author":[{"embeddable":true,"href":"https:\/\/www.mes-allocs.fr\/guides\/wp-json\/wp\/v2\/users\/35"}],"replies":[{"embeddable":true,"href":"https:\/\/www.mes-allocs.fr\/guides\/wp-json\/wp\/v2\/comments?post=105656"}],"version-history":[{"count":10,"href":"https:\/\/www.mes-allocs.fr\/guides\/wp-json\/wp\/v2\/posts\/105656\/revisions"}],"predecessor-version":[{"id":111507,"href":"https:\/\/www.mes-allocs.fr\/guides\/wp-json\/wp\/v2\/posts\/105656\/revisions\/111507"}],"wp:featuredmedia":[{"embeddable":true,"href":"https:\/\/www.mes-allocs.fr\/guides\/wp-json\/wp\/v2\/media\/105660"}],"wp:attachment":[{"href":"https:\/\/www.mes-allocs.fr\/guides\/wp-json\/wp\/v2\/media?parent=105656"}],"wp:term":[{"taxonomy":"category","embeddable":true,"href":"https:\/\/www.mes-allocs.fr\/guides\/wp-json\/wp\/v2\/categories?post=105656"},{"taxonomy":"post_tag","embeddable":true,"href":"https:\/\/www.mes-allocs.fr\/guides\/wp-json\/wp\/v2\/tags?post=105656"}],"curies":[{"name":"wp","href":"https:\/\/api.w.org\/{rel}","templated":true}]}}