{"id":105560,"date":"2025-11-12T17:40:04","date_gmt":"2025-11-12T16:40:04","guid":{"rendered":"https:\/\/www.mes-allocs.fr\/guides\/?p=105560"},"modified":"2026-04-22T08:32:34","modified_gmt":"2026-04-22T07:32:34","slug":"prime-noel-caf-mere-isolee","status":"publish","type":"post","link":"https:\/\/www.mes-allocs.fr\/guides\/prime-de-noel\/prime-de-noel-caf\/prime-noel-caf-mere-isolee\/","title":{"rendered":"Prime de No\u00ebl CAF m\u00e8re isol\u00e9e 2026 : conditions et montant"},"content":{"rendered":"<p><img loading=\"lazy\" decoding=\"async\" class=\"aligncenter wp-image-105677 size-full\" title=\"prime noel mere isolee\" src=\"https:\/\/www.mes-allocs.fr\/guides\/wp-content\/uploads\/2025\/11\/prime-noel-mere-isolee-e1762965111171.jpg\" alt=\"prime noel mere isolee\" width=\"1920\" height=\"300\" srcset=\"https:\/\/www.mes-allocs.fr\/guides\/wp-content\/uploads\/2025\/11\/prime-noel-mere-isolee-e1762965111171.jpg 1920w, https:\/\/www.mes-allocs.fr\/guides\/wp-content\/uploads\/2025\/11\/prime-noel-mere-isolee-e1762965111171-300x47.jpg 300w, https:\/\/www.mes-allocs.fr\/guides\/wp-content\/uploads\/2025\/11\/prime-noel-mere-isolee-e1762965111171-1024x160.jpg 1024w, https:\/\/www.mes-allocs.fr\/guides\/wp-content\/uploads\/2025\/11\/prime-noel-mere-isolee-e1762965111171-768x120.jpg 768w, https:\/\/www.mes-allocs.fr\/guides\/wp-content\/uploads\/2025\/11\/prime-noel-mere-isolee-e1762965111171-1536x240.jpg 1536w, https:\/\/www.mes-allocs.fr\/guides\/wp-content\/uploads\/2025\/11\/prime-noel-mere-isolee-e1762965111171-600x94.jpg 600w\" sizes=\"auto, (max-width: 1920px) 100vw, 1920px\" \/><\/p>\n<p>[Mis \u00e0 jour le 26\/02\/2026] Avec l\u2019approche des f\u00eates de fin d\u2019ann\u00e9e, les d\u00e9penses vont s&rsquo;accro\u00eetre. La <a href=\"https:\/\/www.mes-allocs.fr\/guides\/prime-de-noel\/prime-de-noel-caf\/\">prime de No\u00ebl CAF<\/a> est une aide exceptionnelle qui sert \u00e0 soutenir les familles aux revenus modestes. Elle est destin\u00e9e en particulier aux b\u00e9n\u00e9ficiaires de certains minima sociaux. Parmi les personnes en situation de pr\u00e9carit\u00e9, on retrouve les m\u00e8res isol\u00e9es. Est-ce que vous pouvez b\u00e9n\u00e9ficier de la <b>prime de No\u00ebl CAF en tant que m\u00e8re isol\u00e9e<\/b> ? Quel est le montant que vous pouvez recevoir ? Comment faire les d\u00e9marches ? On vous explique.<\/p>\n<div class='cta-block'><div class='text'>Simulez votre prime de No\u00ebl.<\/div><a href='https:\/\/www.mes-allocs.fr\/ab-app?origin=guides\/wp-json\/wp\/v2\/posts\/105560' class='app-button fit'>Simulation gratuite<\/a><\/div>\n<h1>Prime de No\u00ebl CAF : une m\u00e8re isol\u00e9e peut-elle en b\u00e9n\u00e9ficier ?<\/h1>\n<p><b>Oui<\/b>, en tant que m\u00e8re isol\u00e9e, vous pouvez b\u00e9n\u00e9ficier de la prime de No\u00ebl car c\u2019est une aide exceptionnelle vers\u00e9e \u00e0 <b>tous les b\u00e9n\u00e9ficiaires des minima sociaux<\/b>. Si vous en faites partie, vous \u00eates <b>\u00e9ligible<\/b>. Mais il ne suffit pas d\u2019\u00eatre isol\u00e9e pour en b\u00e9n\u00e9ficier automatiquement. Votre profil doit tout de m\u00eame correspondre aux crit\u00e8res fix\u00e9s par la CAF.<\/p>\n<h1>Conditions de la prime de No\u00ebl pour une m\u00e8re isol\u00e9e<\/h1>\n<h2>Quelles sont les m\u00e8res isol\u00e9es \u00e9ligibles \u00e0 la prime de No\u00ebl CAF ?<\/h2>\n<p>Pour \u00eatre \u00e9ligible \u00e0 la prime de No\u00ebl CAF, vous devez percevoir le <b>RSA<\/b> en novembre ou d\u00e9cembre 2025, que vous soyez une m\u00e8re isol\u00e9e ou non. C&rsquo;est la seule <a href=\"https:\/\/www.mes-allocs.fr\/guides\/prime-de-noel\/prime-de-noel-caf\/caf-prime-de-noel-conditions\/\">condition d&rsquo;\u00e9ligibilit\u00e9 \u00e0 la prime de No\u00ebl<\/a>.<\/p>\n<p>Si vos droits au RSA ne prennent effet qu\u2019en d\u00e9cembre 2026, le versement de la prime de No\u00ebl sera <b>report\u00e9 \u00e0 janvier 2027<\/b> \u00e0 cause des d\u00e9lais de traitement de la banque.<\/p>\n<h2>Prime de No\u00ebl CAF m\u00e8re isol\u00e9e sans RSA : est-ce possible ?<\/h2>\n<p><b>Non<\/b>, si vous ne touchez pas le RSA, vous n\u2019\u00eates pas consid\u00e9r\u00e9 comme \u00e9ligible \u00e0 la prime de No\u00ebl que propose la CAF.<\/p>\n<p>Cependant, il existe d\u2019autres primes de No\u00ebl comme celle de France Travail ou celle vers\u00e9e par votre entreprise.<\/p>\n<p>Pour \u00eatre \u00e9ligible \u00e0 leur prime de No\u00ebl de France Travail, vous devez b\u00e9n\u00e9ficiez d\u2019une de ces aides :<\/p>\n<ul>\n<li aria-level=\"1\"><b>l\u2019ASS<\/b> (Allocation de solidarit\u00e9 sp\u00e9cifique)<\/li>\n<li aria-level=\"1\"><b>l\u2019AER<\/b> (Allocation \u00e9quivalent retraite)<\/li>\n<li aria-level=\"1\"><b>la RFFT<\/b> (R\u00e9mun\u00e9ration de la formation France Travail)<\/li>\n<li aria-level=\"1\"><b>la RPS<\/b> (R\u00e9mun\u00e9ration publique de stage) si vous percevez l\u2019ASS<\/li>\n<\/ul>\n<p>Concernant la prime de No\u00ebl vers\u00e9e en entreprise, ce n\u2019est pas une obligation : la prime doit figurer sur votre <b>contrat de travail<\/b> ou dans la <b>convention collective<\/b>. Vous pouvez \u00e9galement en b\u00e9n\u00e9ficier si elle est pr\u00e9vue dans <b>les usages de l\u2019entreprise<\/b>. Les conditions varient selon votre entreprise.<\/p>\n<h2>Peut-on percevoir la prime pendant un cong\u00e9 parental ?<\/h2>\n<p><b>Non<\/b>, en th\u00e9orie il n\u2019est pas possible de percevoir la prime de No\u00ebl pendant que vous \u00eates en cong\u00e9 parental. La <b>PrePare<\/b> (Prestation partag\u00e9e d\u2019\u00e9ducation de l\u2019enfant), une autre aide vers\u00e9e par la CAF aux jeunes parents, ne fait pas partie des aides donnant droit \u00e0 la prime de No\u00ebl.<\/p>\n<p>Vous ne pouvez percevoir la prime de No\u00ebl que si vous b\u00e9n\u00e9ficiez de l\u2019une des aides susmentionn\u00e9es et que votre cong\u00e9 parental n\u2019est pas indemnis\u00e9.<\/p>\n<div class='cta-block'><div class='text'>Simulez votre prime de No\u00ebl.<\/div><a href='https:\/\/www.mes-allocs.fr\/ab-app?origin=guides\/wp-json\/wp\/v2\/posts\/105560' class='app-button fit'>Simulation gratuite<\/a><\/div>\n<h1>Quel est le montant de la prime de No\u00ebl pour une m\u00e8re isol\u00e9e ?<\/h1>\n<h2>Montant de la prime de No\u00ebl CAF selon le nombre d\u2019enfants \u00e0 charge<\/h2>\n<p>La prime de No\u00ebl vers\u00e9e par la CAF s\u2019\u00e9l\u00e8ve \u00e0 <b>228,68\u20ac avec un seul enfant<\/b> si vous vivez seule*. Le montant augmente <b>en fonction du nombre d\u2019enfants que vous avez \u00e0 charge<\/b>. \u00c0 noter qu\u2019il s\u2019agit du <a href=\"https:\/\/www.mes-allocs.fr\/guides\/prime-de-noel\/prime-de-noel-caf\/montant-prime-de-noel-caf\/\">montant officiel de la prime de No\u00ebl CAF<\/a>. De plus, si vous vivez en couple, le montant vers\u00e9 pour le foyer sera <b>plus \u00e9lev\u00e9<\/b>.<\/p>\n<div class='shortcode tips'><div class='title'>Exemple<\/div><div class='content'>Marie vit seule avec son fils de 5 ans et elle per\u00e7oit le RSA. Elle per\u00e7oit, en d\u00e9cembre 2026, une prime de No\u00ebl de 228,68 \u20ac. Son amie Claire, qui vit en couple et a deux enfants \u00e0 charge, re\u00e7oit une prime plus \u00e9lev\u00e9e, de 320,15 \u20ac car le calcul tient compte \u00e0 la fois de la composition du foyer et du nombre d\u2019enfants.<\/div><\/div>\n<p><em>* Montant officiel en vigueur depuis le 03\/12\/2025<\/em><\/p>\n<h3>Prime de No\u00ebl CAF m\u00e8re isol\u00e9e 2 enfants<\/h3>\n<p>Si vous avez deux enfants et que vous vivez seule, le montant de votre prime de No\u00ebl sera de <b>274,41\u20ac <\/b>(montant officiel en vigueur depuis le 03\/12\/2025)<\/p>\n<h3>Prime de No\u00ebl CAF m\u00e8re isol\u00e9e 3 enfants<\/h3>\n<p>Si vous avez trois enfants et que vous vivez seule, vous b\u00e9n\u00e9ficierez d\u2019un montant de <b>335,39 \u20ac<\/b> pour la prime de No\u00ebl (montant officiel en vigueur depuis le 03\/12\/2025).<\/p>\n<h3>Je suis enceinte, quel montant vais-je toucher ?<\/h3>\n<p>Si vous \u00eates enceinte, vous percevrez un montant de prime de No\u00ebl d&rsquo;apr\u00e8s le nombre d\u2019enfants que vous avez d\u00e9j\u00e0. Votre grossesse n\u2019impacte pas le nombre d\u2019enfants comptabilis\u00e9 pour le versement de la prime. L\u2019enfant \u00e0 na\u00eetre n\u2019est pas compt\u00e9 parmi les enfants \u00e0 charge car la CAF ne prend en compte que les personnes pr\u00e9sentes dans le foyer, d\u2019apr\u00e8s le d\u00e9cret n\u00b0 2018-1150 du 14 d\u00e9cembre 2018. En effet, l\u2019article 4 de ce d\u00e9cret, portant sur l\u2019aide exceptionnelle de fin d\u2019ann\u00e9e, indique bien que le montant de la prime varie en fonction de \u201cchaque personne suppl\u00e9mentaire pr\u00e9sente au foyer\u201d.<\/p>\n<p>Donc, le montant de la prime de No\u00ebl ne va pas augmenter si vous avez un enfant \u00e0 na\u00eetre. Cet enfant ne sera compt\u00e9 qu\u2019une fois qu\u2019il sera venu au monde, soit pour le versement de l\u2019ann\u00e9e suivante.<\/p>\n<h2>Pouvez-vous b\u00e9n\u00e9ficier d\u2019un compl\u00e9ment en tant que m\u00e8re isol\u00e9e ?<\/h2>\n<p><b>Non<\/b>, en 2026 il n&rsquo;existe pas de compl\u00e9ment de prime de No\u00ebl pour les m\u00e8res isol\u00e9es. Jusqu&rsquo;\u00e0 fin 2024, les familles monoparentales pouvaient obtenir un compl\u00e9ment de 35% sur leur prime de No\u00ebl. Mais depuis novembre 2024, ce bonus n\u2019est plus distribu\u00e9.<\/p>\n<p>Par contre, contrairement \u00e0 la prime de No\u00ebl de France Travail, la prime de No\u00ebl vers\u00e9e par la CAF tient compte du nombre d&rsquo;enfants \u00e0 charge et du statut matrimonial. Par cons\u00e9quent, chaque enfant suppl\u00e9mentaire augmente de <b>60,98 \u20ac<\/b> le montant de la prime (montant officiel en vigueur depuis le 03\/12\/2025).<\/p>\n<h1>M\u00e8re isol\u00e9e : comment demander la prime de No\u00ebl CAF ?<\/h1>\n<p>Depuis de nombreuses ann\u00e9es, la prime de No\u00ebl est mise en place et elle ne n\u00e9cessite <b>aucune d\u00e9marche<\/b> pour en b\u00e9n\u00e9ficier. Vous n\u2019avez donc pas besoin de faire une <a href=\"https:\/\/www.mes-allocs.fr\/guides\/prime-de-noel\/prime-de-noel-caf\/prime-de-noel-caf-demande\/\">demande de prime de No\u00ebl CAF<\/a>. L\u2019aide vous sera attribu\u00e9e automatiquement si l\u2019organisme qui vous la verse juge que vous \u00eates \u00e9ligible.<\/p>\n<p>Avant de recevoir l\u2019aide, vous pouvez simuler votre \u00e9ligibilit\u00e9 avec le simulateur Mes Allocs. En 2 minutes, l\u2019outil vous indiquera si vous \u00eates \u00e9ligible \u00e0 l\u2019aide exceptionnelle de fin d\u2019ann\u00e9e, et combien vous allez pouvoir recevoir.<\/p>\n<div class='cta-block'><div class='text'>Simulez votre prime de No\u00ebl.<\/div><a href='https:\/\/www.mes-allocs.fr\/ab-app?origin=guides\/wp-json\/wp\/v2\/posts\/105560' class='app-button fit'>Simulation gratuite<\/a><\/div>\n<h1>Que faire si vous ne la recevez pas ?<\/h1>\n<p>Si vous \u00eates \u00e9ligible mais que vous n\u2019avez rien re\u00e7u apr\u00e8s la date de versement annonc\u00e9e, c\u2019est s\u00fbrement \u00e0 cause des <b>d\u00e9lais de traitement des banques<\/b>. Les versements de la prime de No\u00ebl peuvent prendre jusqu\u2019\u00e0 8 jours avant d\u2019appara\u00eetre sur votre compte bancaire.<\/p>\n","protected":false},"excerpt":{"rendered":"<p>[Mis \u00e0 jour le 26\/02\/2026] Avec l\u2019approche des f\u00eates de fin d\u2019ann\u00e9e, les d\u00e9penses vont s&rsquo;accro\u00eetre. La prime de No\u00ebl CAF est une aide exceptionnelle qui sert \u00e0 soutenir les familles aux revenus modestes. Elle est destin\u00e9e en particulier aux b\u00e9n\u00e9ficiaires de certains minima sociaux. Parmi les personnes en situation de pr\u00e9carit\u00e9, on retrouve les [&hellip;]<\/p>\n","protected":false},"author":29,"featured_media":105676,"comment_status":"open","ping_status":"open","sticky":false,"template":"","format":"standard","meta":{"amp_status":"","footnotes":""},"categories":[31,38854],"tags":[],"class_list":["post-105560","post","type-post","status-publish","format-standard","has-post-thumbnail","hentry","category-prime-de-noel","category-prime-de-noel-caf"],"yoast_head":"<!-- This site is optimized with the Yoast SEO plugin v14.9 - https:\/\/yoast.com\/wordpress\/plugins\/seo\/ -->\n<title>Prime de No\u00ebl CAF m\u00e8re isol\u00e9e 2026 : conditions et montant<\/title>\n<meta name=\"description\" content=\"Vous \u00eates une m\u00e8re isol\u00e9e ? Vous \u00eates peut-\u00eatre \u00e9ligible \u00e0 la prime de No\u00ebl. D\u00e9couvrez si vous y avez droit en 2025.\" \/>\n<meta name=\"robots\" content=\"index, follow, max-snippet:-1, max-image-preview:large, max-video-preview:-1\" \/>\n<link rel=\"canonical\" href=\"https:\/\/www.mes-allocs.fr\/guides\/prime-de-noel\/prime-de-noel-caf\/prime-noel-caf-mere-isolee\/\" \/>\n<meta property=\"og:locale\" content=\"fr_FR\" \/>\n<meta property=\"og:type\" content=\"article\" \/>\n<meta property=\"og:title\" content=\"Prime de No\u00ebl CAF m\u00e8re isol\u00e9e 2026 : conditions et montant\" \/>\n<meta property=\"og:description\" content=\"Vous \u00eates une m\u00e8re isol\u00e9e ? Vous \u00eates peut-\u00eatre \u00e9ligible \u00e0 la prime de No\u00ebl. D\u00e9couvrez si vous y avez droit en 2025.\" \/>\n<meta property=\"og:url\" content=\"https:\/\/www.mes-allocs.fr\/guides\/prime-de-noel\/prime-de-noel-caf\/prime-noel-caf-mere-isolee\/\" \/>\n<meta property=\"og:site_name\" content=\"Mes-Allocs.fr\" \/>\n<meta property=\"article:published_time\" content=\"2025-11-12T16:40:04+00:00\" \/>\n<meta property=\"article:modified_time\" content=\"2026-04-22T07:32:34+00:00\" \/>\n<meta property=\"og:image\" content=\"https:\/\/www.mes-allocs.fr\/guides\/wp-content\/uploads\/2025\/11\/aide-prime-noel-mere-isolee.jpg?wsr\" \/>\n\t<meta property=\"og:image:width\" content=\"1920\" \/>\n\t<meta property=\"og:image:height\" content=\"1280\" \/>\n<meta name=\"twitter:card\" content=\"summary_large_image\" \/>\n<script type=\"application\/ld+json\" class=\"yoast-schema-graph\">{\"@context\":\"https:\/\/schema.org\",\"@graph\":[{\"@type\":\"WebSite\",\"@id\":\"https:\/\/www.mes-allocs.fr\/guides\/#website\",\"url\":\"https:\/\/www.mes-allocs.fr\/guides\/\",\"name\":\"Mes-Allocs.fr\",\"description\":\"\",\"potentialAction\":[{\"@type\":\"SearchAction\",\"target\":\"https:\/\/www.mes-allocs.fr\/guides\/?s={search_term_string}\",\"query-input\":\"required name=search_term_string\"}],\"inLanguage\":\"fr-FR\"},{\"@type\":\"ImageObject\",\"@id\":\"https:\/\/www.mes-allocs.fr\/guides\/prime-de-noel\/prime-de-noel-caf\/prime-noel-caf-mere-isolee\/#primaryimage\",\"inLanguage\":\"fr-FR\",\"url\":\"https:\/\/www.mes-allocs.fr\/guides\/wp-content\/uploads\/2025\/11\/aide-prime-noel-mere-isolee.jpg?wsr\",\"width\":1920,\"height\":1280,\"caption\":\"aide prime noel mere isolee\"},{\"@type\":\"WebPage\",\"@id\":\"https:\/\/www.mes-allocs.fr\/guides\/prime-de-noel\/prime-de-noel-caf\/prime-noel-caf-mere-isolee\/#webpage\",\"url\":\"https:\/\/www.mes-allocs.fr\/guides\/prime-de-noel\/prime-de-noel-caf\/prime-noel-caf-mere-isolee\/\",\"name\":\"Prime de No\\u00ebl CAF m\\u00e8re isol\\u00e9e 2026 : conditions et montant\",\"isPartOf\":{\"@id\":\"https:\/\/www.mes-allocs.fr\/guides\/#website\"},\"primaryImageOfPage\":{\"@id\":\"https:\/\/www.mes-allocs.fr\/guides\/prime-de-noel\/prime-de-noel-caf\/prime-noel-caf-mere-isolee\/#primaryimage\"},\"datePublished\":\"2025-11-12T16:40:04+00:00\",\"dateModified\":\"2026-04-22T07:32:34+00:00\",\"author\":{\"@id\":\"https:\/\/www.mes-allocs.fr\/guides\/#\/schema\/person\/4e41463521c6aa39e7147c10ad0cb360\"},\"description\":\"Vous \\u00eates une m\\u00e8re isol\\u00e9e ? Vous \\u00eates peut-\\u00eatre \\u00e9ligible \\u00e0 la prime de No\\u00ebl. D\\u00e9couvrez si vous y avez droit en 2025.\",\"inLanguage\":\"fr-FR\"},{\"@type\":\"Person\",\"@id\":\"https:\/\/www.mes-allocs.fr\/guides\/#\/schema\/person\/4e41463521c6aa39e7147c10ad0cb360\",\"name\":\"Camille Jouanne\",\"image\":{\"@type\":\"ImageObject\",\"@id\":\"https:\/\/www.mes-allocs.fr\/guides\/#personlogo\",\"inLanguage\":\"fr-FR\",\"url\":\"https:\/\/www.mes-allocs.fr\/guides\/wp-content\/uploads\/2025\/08\/camille-jouanne-e1756398287761-150x150.png\",\"caption\":\"Camille Jouanne\"},\"description\":\"Responsable \\u00e9ditoriale chez Mes Allocs, je rejoins l'\\u00e9quipe en f\\u00e9vrier 2024 apr\\u00e8s une exp\\u00e9rience en agence web. Je suis sp\\u00e9cialis\\u00e9e sur les sujets li\\u00e9s aux aides sociales, aux imp\\u00f4ts, \\u00e0 la S\\u00e9curit\\u00e9 Sociale et \\u00e0 la retraite. Mon r\\u00f4le est de garantir la qualit\\u00e9, la pertinence et la coh\\u00e9rence des contenus publi\\u00e9s. J'accompagne les r\\u00e9dacteurs et r\\u00e9dactrices de l\\u2019id\\u00e9e \\u00e0 la publication, avec le souci du d\\u00e9tail. Ma priorit\\u00e9 : proposer des contenus fiables, engageants et pens\\u00e9s pour les lecteurs.\",\"sameAs\":[\"https:\/\/www.linkedin.com\/in\/camille-jouanne-2394881a5\"]}]}<\/script>\n<!-- \/ Yoast SEO plugin. -->","amp_validity":null,"acf":{"faq":{"1":{"question":"Est-ce que les parents isol\u00e9s ont droit \u00e0 la prime de No\u00ebl ?","answer":"Oui, un parent isol\u00e9 peut percevoir la prime de No\u00ebl s'il per\u00e7oit le RSA ou un autre minimum social ouvrant droit \u00e0 la prime de fin d'ann\u00e9e."},"2":{"question":"Quel est le montant de la prime de No\u00ebl pour une femme seule avec un enfant ?","answer":"En 2026, une m\u00e8re isol\u00e9e avec un enfant devrait toucher 228,68 \u20ac de prime de No\u00ebl."},"3":{"question":"Comment savoir si j'ai le droit \u00e0 la prime de No\u00ebl CAF ?","answer":"Vous \u00eates \u00e9ligible \u00e0 la prime de No\u00ebl si vous touchez le RSA (ou une des aides \u00e9ligibles de France Travail) en novembre ou d\u00e9cembre 2026. Simulez vos droits sur Mes Allocs.fr."},"4":{"question":"Quelles aides CAF m\u00e8re isol\u00e9e ?","answer":"La CAF propose notamment le RSA major\u00e9, la PreParE, l\u2019allocation de soutien familial (ASF) et la prime d\u2019activit\u00e9 pour les m\u00e8res isol\u00e9es."},"5":{"question":"De quels avantages b\u00e9n\u00e9ficie une m\u00e8re c\u00e9libataire ?","answer":"Une m\u00e8re c\u00e9libataire peut b\u00e9n\u00e9ficier d\u2019aides comme le RSA major\u00e9, la prime d\u2019activit\u00e9, l\u2019ASF, les allocations logement et la PAJE."},"6":{"question":"Quel est le montant de la prime parent isol\u00e9 en 2026 ?","answer":"Il n\u2019existe plus de compl\u00e9ment sp\u00e9cifique parent isol\u00e9 ; seule la prime de No\u00ebl classique est vers\u00e9e."},"7":{"question":"","answer":""},"8":{"question":"","answer":""},"9":{"question":"","answer":""},"10":{"question":"","answer":""},"11":{"question":"","answer":""},"12":{"question":"","answer":""},"13":{"question":"","answer":""},"14":{"question":"","answer":""},"15":{"question":"","answer":""},"16":{"question":"","answer":""}}},"_links":{"self":[{"href":"https:\/\/www.mes-allocs.fr\/guides\/wp-json\/wp\/v2\/posts\/105560","targetHints":{"allow":["GET"]}}],"collection":[{"href":"https:\/\/www.mes-allocs.fr\/guides\/wp-json\/wp\/v2\/posts"}],"about":[{"href":"https:\/\/www.mes-allocs.fr\/guides\/wp-json\/wp\/v2\/types\/post"}],"author":[{"embeddable":true,"href":"https:\/\/www.mes-allocs.fr\/guides\/wp-json\/wp\/v2\/users\/29"}],"replies":[{"embeddable":true,"href":"https:\/\/www.mes-allocs.fr\/guides\/wp-json\/wp\/v2\/comments?post=105560"}],"version-history":[{"count":8,"href":"https:\/\/www.mes-allocs.fr\/guides\/wp-json\/wp\/v2\/posts\/105560\/revisions"}],"predecessor-version":[{"id":109850,"href":"https:\/\/www.mes-allocs.fr\/guides\/wp-json\/wp\/v2\/posts\/105560\/revisions\/109850"}],"wp:featuredmedia":[{"embeddable":true,"href":"https:\/\/www.mes-allocs.fr\/guides\/wp-json\/wp\/v2\/media\/105676"}],"wp:attachment":[{"href":"https:\/\/www.mes-allocs.fr\/guides\/wp-json\/wp\/v2\/media?parent=105560"}],"wp:term":[{"taxonomy":"category","embeddable":true,"href":"https:\/\/www.mes-allocs.fr\/guides\/wp-json\/wp\/v2\/categories?post=105560"},{"taxonomy":"post_tag","embeddable":true,"href":"https:\/\/www.mes-allocs.fr\/guides\/wp-json\/wp\/v2\/tags?post=105560"}],"curies":[{"name":"wp","href":"https:\/\/api.w.org\/{rel}","templated":true}]}}