{"id":105513,"date":"2025-11-07T09:48:19","date_gmt":"2025-11-07T08:48:19","guid":{"rendered":"https:\/\/www.mes-allocs.fr\/guides\/?p=105513"},"modified":"2026-04-24T10:11:21","modified_gmt":"2026-04-24T09:11:21","slug":"calendrier-paiement-agirc-arrco","status":"publish","type":"post","link":"https:\/\/www.mes-allocs.fr\/guides\/retraite\/retraite-complementaire\/calendrier-paiement-agirc-arrco\/","title":{"rendered":"Retard versement Agirc Arrco mai 2026 : quelle date de paiement ?"},"content":{"rendered":"<p><img loading=\"lazy\" decoding=\"async\" class=\"alignnone wp-image-105518 size-full\" title=\"retraite complementaire calendrier paiement agirc arrco\" src=\"https:\/\/www.mes-allocs.fr\/guides\/wp-content\/uploads\/2025\/11\/retraite-complementaire-calendrier-paiement-agirc-arrco-e1762424658389.jpg\" alt=\"retraite complementaire calendrier paiement agirc arrco\" width=\"1920\" height=\"300\" srcset=\"https:\/\/www.mes-allocs.fr\/guides\/wp-content\/uploads\/2025\/11\/retraite-complementaire-calendrier-paiement-agirc-arrco-e1762424658389.jpg 1920w, https:\/\/www.mes-allocs.fr\/guides\/wp-content\/uploads\/2025\/11\/retraite-complementaire-calendrier-paiement-agirc-arrco-e1762424658389-300x47.jpg 300w, https:\/\/www.mes-allocs.fr\/guides\/wp-content\/uploads\/2025\/11\/retraite-complementaire-calendrier-paiement-agirc-arrco-e1762424658389-1024x160.jpg 1024w, https:\/\/www.mes-allocs.fr\/guides\/wp-content\/uploads\/2025\/11\/retraite-complementaire-calendrier-paiement-agirc-arrco-e1762424658389-768x120.jpg 768w, https:\/\/www.mes-allocs.fr\/guides\/wp-content\/uploads\/2025\/11\/retraite-complementaire-calendrier-paiement-agirc-arrco-e1762424658389-1536x240.jpg 1536w, https:\/\/www.mes-allocs.fr\/guides\/wp-content\/uploads\/2025\/11\/retraite-complementaire-calendrier-paiement-agirc-arrco-e1762424658389-600x94.jpg 600w\" sizes=\"auto, (max-width: 1920px) 100vw, 1920px\" \/><\/p>\n<p>[Mis \u00e0 jour le 17\/04\/2026] Chaque mois, les retrait\u00e9s du secteur priv\u00e9 per\u00e7oivent leur <a href=\"https:\/\/www.mes-allocs.fr\/guides\/retraite\/retraite-complementaire\/\">retraite compl\u00e9mentaire<\/a> vers\u00e9e par l\u2019Agirc-Arrco. Ce versement suit un calendrier pr\u00e9cis, publi\u00e9 \u00e0 l\u2019avance pour l\u2019ann\u00e9e enti\u00e8re. En 2026, les paiements ont lieu en d\u00e9but de mois, selon le principe du paiement \u00e0 terme \u00e0 \u00e9choir. Mais en mai 2026, le versement sera retard\u00e9. Voici le<strong> calendrier de paiement de l&rsquo;Agirc-Arrco<\/strong> pour 2026.<\/p>\n<div class='cta-block'><div class='text'>Simulez toutes vos aides en 2 min.<\/div><a href='https:\/\/www.mes-allocs.fr\/ab-app?origin=guides\/wp-json\/wp\/v2\/posts\/105513' class='app-button fit'>Simulation gratuite<\/a><\/div>\n<div class='shortcode summary'><div class='title'>En r\u00e9sum\u00e9 :<\/div><div class='content'><ul><li> La retraite compl\u00e9mentaire Agirc-Arrco est vers\u00e9e <b>en d\u00e9but de mois<\/b>, selon le principe du terme \u00e0 \u00e9choir, pour le mois en cours.<\/li><li>Au mois de mai 2026, le versement de la pension Agirc-Arrco sera retard\u00e9 en raison du 1er mai qui est f\u00e9ri\u00e9.<\/li><li> Le versement de la retraite Agirc Arrco sera effectu\u00e9 le <strong>4 mai 2026<\/strong>.<\/li><li>\u00a0La pension peut \u00eatre vers\u00e9e <b>mensuellement, trimestriellement ou annuellement<\/b>, selon le lieu de r\u00e9sidence et le montant de la retraite. <\/li><li> <b>Aucune revalorisation n\u2019a eu lieu au 1er novembre 2025<\/b>, faute d\u2019accord entre syndicats et patronat, malgr\u00e9 1,6 milliard d\u2019euros d\u2019exc\u00e9dent. <\/li><\/ul><\/div><\/div>\n<h1>Retard paiement retraite Agirc-Arrco : quelle est la date en mai 2026 ?<\/h1>\n<p>Au mois de mai 2026, le versement de la pension de retraite compl\u00e9mentaire Agirc-Arrco sera d\u00e9cal\u00e9 au 4 mai 2026. Ce retard ne r\u00e9sulte pas d\u2019un dysfonctionnement administratif, mais s\u2019explique principalement par le <strong>calendrier bancaire<\/strong>. Le 1er mai \u00e9tant un jour f\u00e9ri\u00e9 en France (F\u00eate du Travail), les virements ne peuvent pas \u00eatre trait\u00e9s ce jour-l\u00e0 par les banques.<\/p>\n<p>Le paiement de la pension compl\u00e9mentaire, habituellement effectu\u00e9 <strong>le premier jour du mois<\/strong>, est donc report\u00e9 au premier jour ouvr\u00e9 suivant, soit<strong> le lundi 4 mai 2026<\/strong>. Ce type de d\u00e9calage est pr\u00e9vu par le calendrier officiel de l\u2019Agirc-Arrco et peut se produire plusieurs fois dans l\u2019ann\u00e9e lorsque le 1er du mois tombe un week-end ou un jour f\u00e9ri\u00e9.<\/p>\n<h1>Calendrier paiement Agirc-Arrco 2026<\/h1>\n<p>La retraite compl\u00e9mentaire Agirc Arrco est vers\u00e9e \u00e0 terme \u00e0 \u00e9choir, c&rsquo;est-\u00e0 dire en d\u00e9but de mois pour le mois en cours. En 2026, les paiements ont lieu en d\u00e9but de mois. Le virement est effectu\u00e9 par l\u2019Agirc Arrco, mais la date d\u2019arriv\u00e9e sur votre compte d\u00e9pend en revanche de votre banque. En g\u00e9n\u00e9ral, le d\u00e9lai est fix\u00e9 entre 24 et 48 heures.<\/p>\n<p>Pour 2026, le versement de votre pension de retraite Agirc-Arrco <b>interviendra au d\u00e9but de chaque mois.<\/b> Voici le calendrier officiel de l&rsquo;ann\u00e9e 2026 :<\/p>\n\n<div class=\"wpdt-c row wpDataTableContainerSimpleTable wpDataTables wpDataTablesWrapper\n\"\n    >\n    <table id=\"wpdtSimpleTable-745\"\n           class=\"wpdtSimpleTable wpDataTable\"\n           data-column=\"2\"\n           data-rows=\"13\"\n           data-wpID=\"745\"\n           data-responsive=\"0\"\n           data-has-header=\"0\">\n\n                    <tbody>        <tr class=\"wpdt-cell-row \" >\n                            <td class=\"wpdt-cell wpdt-bc-F3F9FE wpdt-bold\"\n                                    data-cell-id=\"A1\"\n                data-col-index=\"0\"\n                data-row-index=\"0\"\n                style=\" width:50%;                padding:10px;\"\n                >\n                                Mois d\u00fb                <\/td>\n                                            <td class=\"wpdt-cell wpdt-bc-F3F9FE wpdt-bold\"\n                                    data-cell-id=\"B1\"\n                data-col-index=\"1\"\n                data-row-index=\"0\"\n                style=\" width:50%;                padding:10px;\"\n                >\n                                Date de paiement de la pension AGIRC-ARRCO                <\/td>\n                                        <\/tr>\n                            <tr class=\"wpdt-cell-row \" >\n                            <td class=\"wpdt-cell \"\n                                    data-cell-id=\"A2\"\n                data-col-index=\"0\"\n                data-row-index=\"1\"\n                style=\"                padding:10px;\"\n                >\n                                Janvier 2026                <\/td>\n                                            <td class=\"wpdt-cell \"\n                                    data-cell-id=\"B2\"\n                data-col-index=\"1\"\n                data-row-index=\"1\"\n                style=\"                padding:10px;\"\n                >\n                                Vendredi 2 janvier 2026                <\/td>\n                                        <\/tr>\n                            <tr class=\"wpdt-cell-row \" >\n                            <td class=\"wpdt-cell \"\n                                    data-cell-id=\"A3\"\n                data-col-index=\"0\"\n                data-row-index=\"2\"\n                style=\"                padding:10px;\"\n                >\n                                F\u00e9vrier 2026                <\/td>\n                                            <td class=\"wpdt-cell \"\n                                    data-cell-id=\"B3\"\n                data-col-index=\"1\"\n                data-row-index=\"2\"\n                style=\"                padding:10px;\"\n                >\n                                Lundi 2 f\u00e9vrier 2026                <\/td>\n                                        <\/tr>\n                            <tr class=\"wpdt-cell-row \" >\n                            <td class=\"wpdt-cell \"\n                                    data-cell-id=\"A4\"\n                data-col-index=\"0\"\n                data-row-index=\"3\"\n                style=\"                padding:10px;\"\n                >\n                                Mars 2026                <\/td>\n                                            <td class=\"wpdt-cell \"\n                                    data-cell-id=\"B4\"\n                data-col-index=\"1\"\n                data-row-index=\"3\"\n                style=\"                padding:10px;\"\n                >\n                                Lundi 2 mars 2026                <\/td>\n                                        <\/tr>\n                            <tr class=\"wpdt-cell-row \" >\n                            <td class=\"wpdt-cell \"\n                                    data-cell-id=\"A5\"\n                data-col-index=\"0\"\n                data-row-index=\"4\"\n                style=\"                padding:10px;\"\n                >\n                                Avril 2026                <\/td>\n                                            <td class=\"wpdt-cell \"\n                                    data-cell-id=\"B5\"\n                data-col-index=\"1\"\n                data-row-index=\"4\"\n                style=\"                padding:10px;\"\n                >\n                                Mercredi 1 avril 2026                <\/td>\n                                        <\/tr>\n                            <tr class=\"wpdt-cell-row \" >\n                            <td class=\"wpdt-cell \"\n                                    data-cell-id=\"A6\"\n                data-col-index=\"0\"\n                data-row-index=\"5\"\n                style=\"                padding:10px;\"\n                >\n                                Mai 2026                <\/td>\n                                            <td class=\"wpdt-cell \"\n                                    data-cell-id=\"B6\"\n                data-col-index=\"1\"\n                data-row-index=\"5\"\n                style=\"                padding:10px;\"\n                >\n                                Lundi 4 mai 2026                <\/td>\n                                        <\/tr>\n                            <tr class=\"wpdt-cell-row \" >\n                            <td class=\"wpdt-cell \"\n                                    data-cell-id=\"A7\"\n                data-col-index=\"0\"\n                data-row-index=\"6\"\n                style=\"                padding:10px;\"\n                >\n                                Juin 2026                <\/td>\n                                            <td class=\"wpdt-cell \"\n                                    data-cell-id=\"B7\"\n                data-col-index=\"1\"\n                data-row-index=\"6\"\n                style=\"                padding:10px;\"\n                >\n                                Lundi 1 juin 2026                <\/td>\n                                        <\/tr>\n                            <tr class=\"wpdt-cell-row \" >\n                            <td class=\"wpdt-cell \"\n                                    data-cell-id=\"A8\"\n                data-col-index=\"0\"\n                data-row-index=\"7\"\n                style=\"                padding:10px;\"\n                >\n                                Juillet 2026                <\/td>\n                                            <td class=\"wpdt-cell \"\n                                    data-cell-id=\"B8\"\n                data-col-index=\"1\"\n                data-row-index=\"7\"\n                style=\"                padding:10px;\"\n                >\n                                Mercredi 1 juillet 2026                <\/td>\n                                        <\/tr>\n                            <tr class=\"wpdt-cell-row \" >\n                            <td class=\"wpdt-cell \"\n                                    data-cell-id=\"A9\"\n                data-col-index=\"0\"\n                data-row-index=\"8\"\n                style=\"                padding:10px;\"\n                >\n                                Ao\u00fbt 2026                <\/td>\n                                            <td class=\"wpdt-cell \"\n                                    data-cell-id=\"B9\"\n                data-col-index=\"1\"\n                data-row-index=\"8\"\n                style=\"                padding:10px;\"\n                >\n                                Lundi 3 ao\u00fbt 2026                <\/td>\n                                        <\/tr>\n                            <tr class=\"wpdt-cell-row \" >\n                            <td class=\"wpdt-cell \"\n                                    data-cell-id=\"A10\"\n                data-col-index=\"0\"\n                data-row-index=\"9\"\n                style=\"                padding:10px;\"\n                >\n                                Septembre 2026                <\/td>\n                                            <td class=\"wpdt-cell \"\n                                    data-cell-id=\"B10\"\n                data-col-index=\"1\"\n                data-row-index=\"9\"\n                style=\"                padding:10px;\"\n                >\n                                Mardi 1 septembre 2026                <\/td>\n                                        <\/tr>\n                            <tr class=\"wpdt-cell-row \" >\n                            <td class=\"wpdt-cell \"\n                                    data-cell-id=\"A11\"\n                data-col-index=\"0\"\n                data-row-index=\"10\"\n                style=\"                padding:10px;\"\n                >\n                                Octobre 2026                <\/td>\n                                            <td class=\"wpdt-cell \"\n                                    data-cell-id=\"B11\"\n                data-col-index=\"1\"\n                data-row-index=\"10\"\n                style=\"                padding:10px;\"\n                >\n                                Jeudi 1 octobre 2026                <\/td>\n                                        <\/tr>\n                            <tr class=\"wpdt-cell-row \" >\n                            <td class=\"wpdt-cell \"\n                                    data-cell-id=\"A12\"\n                data-col-index=\"0\"\n                data-row-index=\"11\"\n                style=\"                padding:10px;\"\n                >\n                                Novembre 2026                <\/td>\n                                            <td class=\"wpdt-cell \"\n                                    data-cell-id=\"B12\"\n                data-col-index=\"1\"\n                data-row-index=\"11\"\n                style=\"                padding:10px;\"\n                >\n                                Lundi 2 novembre 2026                <\/td>\n                                        <\/tr>\n                            <tr class=\"wpdt-cell-row \" >\n                            <td class=\"wpdt-cell \"\n                                    data-cell-id=\"A13\"\n                data-col-index=\"0\"\n                data-row-index=\"12\"\n                style=\"                padding:10px;\"\n                >\n                                D\u00e9cembre 2026                <\/td>\n                                            <td class=\"wpdt-cell \"\n                                    data-cell-id=\"B13\"\n                data-col-index=\"1\"\n                data-row-index=\"12\"\n                style=\"                padding:10px;\"\n                >\n                                Mardi 1 d\u00e9cembre 2026                <\/td>\n                                        <\/tr>\n                    <\/table>\n<\/div><style id='wpdt-custom-style-745'>\n.wpdt-bc-F3F9FE { background-color: #F3F9FE !important;}\n<\/style>\n\n<h1>Quand est vers\u00e9e la retraite Agirc Arrco ?<\/h1>\n<p>La retraite compl\u00e9mentaire Agirc Arrco peut aussi bien \u00eatre vers\u00e9e chaque mois, chaque trimestre, ou chaque ann\u00e9e en fonction de votre situation.<\/p>\n<h2>Option 1 : Le paiement mensuel vers\u00e9 d\u2019avance<\/h2>\n<p>Il s\u2019agit du mode de versement le plus courant. Le paiement mensuel s\u2019effectue<b> en d\u00e9but de mois<\/b>, pour le mois en cours.<\/p>\n<div class='shortcode tips'><div class='title'>Exemple<\/div><div class='content'>Le versement Agirc-Arrco de mai 2026 intervient le lundi 4 mai 2026.<\/div><\/div>\n<h2>Option 2 : Le versement trimestriel<\/h2>\n<p>Le versement trimestriel concerne surtout<b> les retrait\u00e9s qui ne vivent pas en Europe,<\/b> ou dans un pays europ\u00e9en non concern\u00e9 par le paiement mensuel. Dans ce cas l\u00e0, le versement a lieu chaque trimestre, aux dates correspondant aux paiements mensuels classiques. Il est toutefois possible de demander \u00e0 \u00eatre vers\u00e9 tous les mois. Il faut faire la demande \u00e0 votre caisse de retraite mais sachez que <b>cette d\u00e9cision est d\u00e9finitive<\/b> !<\/p>\n<h2>Option 3 : Le versement annuel<\/h2>\n<p>Certains retrait\u00e9s touchent leur pension une fois par an, lorsque son montant est faible. Cela concerne les retraites \u00e9quivalentes \u00e0 au moins 100 points Agirc Arrco, mais <b>inf\u00e9rieures \u00e0 200 points. <\/b>Le paiement intervient alors au tout d\u00e9but du mois de janvier tous les ans. Lors de la premi\u00e8re mise en paiement, si la retraite d\u00e9bute en cours d\u2019ann\u00e9e, seule une partie du montant annuel est vers\u00e9e.<\/p>\n<div class='cta-block'><div class='text'>Simulez toutes vos aides en 2 min.<\/div><a href='https:\/\/www.mes-allocs.fr\/ab-app?origin=guides\/wp-json\/wp\/v2\/posts\/105513' class='app-button fit'>Simulation gratuite<\/a><\/div>\n<h1>Retard de paiement : pourquoi et que faire ?<\/h1>\n<h2>Pour quelles raisons le paiement peut-il \u00eatre retard\u00e9 ?<\/h2>\n<p>Le calendrier Agirc Arrco fixe des dates pr\u00e9cises, mais il est possible parfois que la r\u00e9ception du virement soit un peu d\u00e9cal\u00e9 :<\/p>\n<ul>\n<li aria-level=\"1\">D\u00e9lai de traitement bancaire (jusqu\u2019\u00e0 deux jours ouvr\u00e9s)<\/li>\n<li aria-level=\"1\">Jour f\u00e9ri\u00e9 ou week-end<\/li>\n<li aria-level=\"1\">Changement de compte bancaire non signal\u00e9 dans les temps<\/li>\n<li aria-level=\"1\">Un incident technique sur la v\u00e9rification du dossier<\/li>\n<\/ul>\n<p>En r\u00e9alit\u00e9, ces cas sont assez rares et la majorit\u00e9 des paiements sont effectu\u00e9s dans les d\u00e9lais.<\/p>\n<h2>Que faire en cas de retard ou d\u2019erreur de paiement ?<\/h2>\n<p>Si vous constatez un retard inhabituel dans le versement de votre pension de retraite, commencez par consulter votre espace personnel Agirc Arrco pour bien v\u00e9rifier la date du virement. Vous pouvez par la suite contacter votre <a href=\"https:\/\/www.mes-allocs.fr\/guides\/retraite\/retraite-complementaire\/caisse-de-retraite-complementaire\/\">caisse de retraite compl\u00e9mentaire<\/a>. En cas de changement de coordonn\u00e9es bancaires, il est conseill\u00e9 de pr\u00e9venir votre caisse au moins un mois avant la prochaine \u00e9ch\u00e9ance.<\/p>\n<p>Enfin, si le virement n&rsquo;appara\u00eet toujours pas apr\u00e8s trois jours ouvr\u00e9s, rapprochez-vous de votre banque.<\/p>\n<h1>Est-ce qu\u2019il y a eu une revalorisation des pensions Agirc Arrco en novembre 2025 ?<\/h1>\n<p>C\u2019est l\u2019information du moment et la r\u00e9ponse est non. C\u2019est un petit coup de tonnerre,<b> les pensions de retraite Agirc Arrco n\u2019ont pas \u00e9t\u00e9 revaloris\u00e9es au 1er novembre 2025<\/b>, contrairement aux ann\u00e9es pr\u00e9c\u00e9dentes. Les partenaires sociaux n\u2019ont pas trouv\u00e9 d\u2019accord sur le taux d\u2019\u00e9volution. Les discussions du 17 octobre 2025 ont tourn\u00e9 au fiasco :<\/p>\n<ul>\n<li aria-level=\"1\">Les syndicats proposaient une hausse de 0,8 \u00e0 1,1 point.<\/li>\n<li aria-level=\"1\">Le patronat refusait cat\u00e9goriquement de d\u00e9passer 0,2 point pour pr\u00e9server les finances publiques.<\/li>\n<\/ul>\n<p>Donc quel est le r\u00e9sultat de tout cela ? <b>Une augmentation de 0 % !<\/b><\/p>\n<h1>Espace Agirc-Arrco : \u00e0 quoi sert-il ?<\/h1>\n<h2>Comment v\u00e9rifier ou modifier mes informations de paiement ?<\/h2>\n<p>Votre espace personnel Agirc-Arrco vous permet de consulter toutes vos informations : vos coordonn\u00e9es bancaires, votre mode de paiement, le montant brut et net de votre pension. En cas de changement de RIB, de situation familiale, ou de pays de r\u00e9sidence, vous pouvez mettre \u00e0 jour vos donn\u00e9es directement en ligne. Cela permet d\u2019\u00e9viter les retards de virement et les erreurs de paiement.<\/p>\n<h2>Comment consulter mes paiements Agirc-Arrco ?<\/h2>\n<p>Depuis cet espace, vous pouvez consulter :<\/p>\n<ul>\n<li aria-level=\"1\">Les dates exactes de <a href=\"https:\/\/www.mes-allocs.fr\/guides\/retraite\/retraite-complementaire\/retraite-complementaire-arrco-paiement\/\">paiement de votre retraite compl\u00e9mentaire<\/a><\/li>\n<li aria-level=\"1\">Le montant vers\u00e9 chaque mois<\/li>\n<li aria-level=\"1\">L\u2019historique de vos pensions<\/li>\n<li aria-level=\"1\">Vous pouvez aussi t\u00e9l\u00e9charger vos attestations de paiement.<\/li>\n<\/ul>\n<div class='cta-block'><div class='text'>Simulez toutes vos aides en 2 min.<\/div><a href='https:\/\/www.mes-allocs.fr\/ab-app?origin=guides\/wp-json\/wp\/v2\/posts\/105513' class='app-button fit'>Simulation gratuite<\/a><\/div>\n","protected":false},"excerpt":{"rendered":"<p>[Mis \u00e0 jour le 17\/04\/2026] Chaque mois, les retrait\u00e9s du secteur priv\u00e9 per\u00e7oivent leur retraite compl\u00e9mentaire vers\u00e9e par l\u2019Agirc-Arrco. Ce versement suit un calendrier pr\u00e9cis, publi\u00e9 \u00e0 l\u2019avance pour l\u2019ann\u00e9e enti\u00e8re. En 2026, les paiements ont lieu en d\u00e9but de mois, selon le principe du paiement \u00e0 terme \u00e0 \u00e9choir. Mais en mai 2026, le [&hellip;]<\/p>\n","protected":false},"author":35,"featured_media":105517,"comment_status":"open","ping_status":"open","sticky":false,"template":"","format":"standard","meta":{"amp_status":"","footnotes":""},"categories":[19177,21810],"tags":[],"class_list":["post-105513","post","type-post","status-publish","format-standard","has-post-thumbnail","hentry","category-retraite","category-retraite-complementaire"],"yoast_head":"<!-- This site is optimized with the Yoast SEO plugin v14.9 - https:\/\/yoast.com\/wordpress\/plugins\/seo\/ -->\n<title>Retard versement Agirc Arrco mai 2026 : quelle date de paiement ?<\/title>\n<meta name=\"description\" content=\"D\u00e9couvrez pourquoi le versement de la retraite Agirc-Arrco est retard\u00e9 en mai 2026 et la date de versement pr\u00e9vue.\" \/>\n<meta name=\"robots\" content=\"index, follow, max-snippet:-1, max-image-preview:large, max-video-preview:-1\" \/>\n<link rel=\"canonical\" href=\"https:\/\/www.mes-allocs.fr\/guides\/retraite\/retraite-complementaire\/calendrier-paiement-agirc-arrco\/\" \/>\n<meta property=\"og:locale\" content=\"fr_FR\" \/>\n<meta property=\"og:type\" content=\"article\" \/>\n<meta property=\"og:title\" content=\"Retard versement Agirc Arrco mai 2026 : quelle date de paiement ?\" \/>\n<meta property=\"og:description\" content=\"D\u00e9couvrez pourquoi le versement de la retraite Agirc-Arrco est retard\u00e9 en mai 2026 et la date de versement pr\u00e9vue.\" \/>\n<meta property=\"og:url\" content=\"https:\/\/www.mes-allocs.fr\/guides\/retraite\/retraite-complementaire\/calendrier-paiement-agirc-arrco\/\" \/>\n<meta property=\"og:site_name\" content=\"Mes-Allocs.fr\" \/>\n<meta property=\"article:published_time\" content=\"2025-11-07T08:48:19+00:00\" \/>\n<meta property=\"article:modified_time\" content=\"2026-04-24T09:11:21+00:00\" \/>\n<meta property=\"og:image\" content=\"https:\/\/www.mes-allocs.fr\/guides\/wp-content\/uploads\/2025\/11\/calendrier-paiement-agirc-arrco.jpg?wsr\" \/>\n\t<meta property=\"og:image:width\" content=\"1920\" \/>\n\t<meta property=\"og:image:height\" content=\"1283\" \/>\n<meta name=\"twitter:card\" content=\"summary_large_image\" \/>\n<script type=\"application\/ld+json\" class=\"yoast-schema-graph\">{\"@context\":\"https:\/\/schema.org\",\"@graph\":[{\"@type\":\"WebSite\",\"@id\":\"https:\/\/www.mes-allocs.fr\/guides\/#website\",\"url\":\"https:\/\/www.mes-allocs.fr\/guides\/\",\"name\":\"Mes-Allocs.fr\",\"description\":\"\",\"potentialAction\":[{\"@type\":\"SearchAction\",\"target\":\"https:\/\/www.mes-allocs.fr\/guides\/?s={search_term_string}\",\"query-input\":\"required name=search_term_string\"}],\"inLanguage\":\"fr-FR\"},{\"@type\":\"ImageObject\",\"@id\":\"https:\/\/www.mes-allocs.fr\/guides\/retraite\/retraite-complementaire\/calendrier-paiement-agirc-arrco\/#primaryimage\",\"inLanguage\":\"fr-FR\",\"url\":\"https:\/\/www.mes-allocs.fr\/guides\/wp-content\/uploads\/2025\/11\/calendrier-paiement-agirc-arrco.jpg?wsr\",\"width\":1920,\"height\":1283,\"caption\":\"calendrier paiement agirc arrco\"},{\"@type\":\"WebPage\",\"@id\":\"https:\/\/www.mes-allocs.fr\/guides\/retraite\/retraite-complementaire\/calendrier-paiement-agirc-arrco\/#webpage\",\"url\":\"https:\/\/www.mes-allocs.fr\/guides\/retraite\/retraite-complementaire\/calendrier-paiement-agirc-arrco\/\",\"name\":\"Retard versement Agirc Arrco mai 2026 : quelle date de paiement ?\",\"isPartOf\":{\"@id\":\"https:\/\/www.mes-allocs.fr\/guides\/#website\"},\"primaryImageOfPage\":{\"@id\":\"https:\/\/www.mes-allocs.fr\/guides\/retraite\/retraite-complementaire\/calendrier-paiement-agirc-arrco\/#primaryimage\"},\"datePublished\":\"2025-11-07T08:48:19+00:00\",\"dateModified\":\"2026-04-24T09:11:21+00:00\",\"author\":{\"@id\":\"https:\/\/www.mes-allocs.fr\/guides\/#\/schema\/person\/d3c4797ca00240cce644af053372c21a\"},\"description\":\"D\\u00e9couvrez pourquoi le versement de la retraite Agirc-Arrco est retard\\u00e9 en mai 2026 et la date de versement pr\\u00e9vue.\",\"inLanguage\":\"fr-FR\"},{\"@type\":\"Person\",\"@id\":\"https:\/\/www.mes-allocs.fr\/guides\/#\/schema\/person\/d3c4797ca00240cce644af053372c21a\",\"name\":\"Gr\\u00e9goire Hernandez\",\"image\":{\"@type\":\"ImageObject\",\"@id\":\"https:\/\/www.mes-allocs.fr\/guides\/#personlogo\",\"inLanguage\":\"fr-FR\",\"url\":\"https:\/\/www.mes-allocs.fr\/guides\/wp-content\/uploads\/2025\/10\/Photo-de-profil-HERNANDEZ-GREGOIRE-150x150.jpg\",\"caption\":\"Gr\\u00e9goire Hernandez\"},\"description\":\"Passionn\\u00e9 par les sujets socio-\\u00e9conomiques, je rejoins l\\u2019\\u00e9quipe Mes Allocs en octobre 2025 en tant que r\\u00e9dacteur web, apr\\u00e8s une premi\\u00e8re exp\\u00e9rience dans la presse \\u00e9conomique, politique et internationale. Sp\\u00e9cialis\\u00e9 dans les th\\u00e9matiques li\\u00e9es aux aides sociales, \\u00e0 la fiscalit\\u00e9, au pouvoir d\\u2019achat et \\u00e0 la retraite, je veille \\u00e0 proposer des contenus clairs, fiables et v\\u00e9rifi\\u00e9s.\",\"sameAs\":[\"https:\/\/www.linkedin.com\/in\/gr\\u00e9goire-hernandez-334884265\/\"]}]}<\/script>\n<!-- \/ Yoast SEO plugin. -->","amp_validity":null,"acf":{"faq":{"1":{"question":"Quel est le calendrier des paiements de la retraite Agirc-Arrco en 2026 ?","answer":"En 2026, la retraite compl\u00e9mentaire Agirc-Arrco est vers\u00e9e en d\u00e9but de mois, selon le calendrier officiel \u00e9tabli par le r\u00e9gime."},"2":{"question":"Quand sera vers\u00e9 Agirc-Arrco en avril 2026 ?","answer":"En avril 2026, la retraite Agirc-Arrco est vers\u00e9e le mercredi 1er avril 2026."},"3":{"question":"Quand la prochaine augmentation de l'Agirc-Arrco en 2026 ?","answer":"Aucune revalorisation de la retraite compl\u00e9mentaire Agirc-Arrco n\u2019a eu lieu en novembre 2025, faute d\u2019accord entre les partenaires sociaux. La prochaine augmentation devrait donc intervenir, au plus t\u00f4t, au 1er novembre 2026, si un nouvel accord est trouv\u00e9.\r\n"},"4":{"question":"Est-ce que 2500 euros est une bonne retraite ?","answer":"Une retraite de 2 500 euros par mois est consid\u00e9r\u00e9e comme confortable en France, car elle permet de couvrir ses d\u00e9penses courantes et de conserver un bon niveau de vie, surtout pour une personne seule."},"5":{"question":"Quel est le montant d'une retraite confortable ?","answer":"Une retraite est consid\u00e9r\u00e9e comme confortable lorsque le revenu mensuel net atteint environ 2 000 euros pour une personne seule, selon le niveau de vie et la r\u00e9gion de r\u00e9sidence.\r\n"},"6":{"question":"","answer":""},"7":{"question":"","answer":""},"8":{"question":"","answer":""},"9":{"question":"","answer":""},"10":{"question":"","answer":""},"11":{"question":"","answer":""},"12":{"question":"","answer":""},"13":{"question":"","answer":""},"14":{"question":"","answer":""},"15":{"question":"","answer":""},"16":{"question":"","answer":""}}},"_links":{"self":[{"href":"https:\/\/www.mes-allocs.fr\/guides\/wp-json\/wp\/v2\/posts\/105513","targetHints":{"allow":["GET"]}}],"collection":[{"href":"https:\/\/www.mes-allocs.fr\/guides\/wp-json\/wp\/v2\/posts"}],"about":[{"href":"https:\/\/www.mes-allocs.fr\/guides\/wp-json\/wp\/v2\/types\/post"}],"author":[{"embeddable":true,"href":"https:\/\/www.mes-allocs.fr\/guides\/wp-json\/wp\/v2\/users\/35"}],"replies":[{"embeddable":true,"href":"https:\/\/www.mes-allocs.fr\/guides\/wp-json\/wp\/v2\/comments?post=105513"}],"version-history":[{"count":20,"href":"https:\/\/www.mes-allocs.fr\/guides\/wp-json\/wp\/v2\/posts\/105513\/revisions"}],"predecessor-version":[{"id":112276,"href":"https:\/\/www.mes-allocs.fr\/guides\/wp-json\/wp\/v2\/posts\/105513\/revisions\/112276"}],"wp:featuredmedia":[{"embeddable":true,"href":"https:\/\/www.mes-allocs.fr\/guides\/wp-json\/wp\/v2\/media\/105517"}],"wp:attachment":[{"href":"https:\/\/www.mes-allocs.fr\/guides\/wp-json\/wp\/v2\/media?parent=105513"}],"wp:term":[{"taxonomy":"category","embeddable":true,"href":"https:\/\/www.mes-allocs.fr\/guides\/wp-json\/wp\/v2\/categories?post=105513"},{"taxonomy":"post_tag","embeddable":true,"href":"https:\/\/www.mes-allocs.fr\/guides\/wp-json\/wp\/v2\/tags?post=105513"}],"curies":[{"name":"wp","href":"https:\/\/api.w.org\/{rel}","templated":true}]}}