{"id":105495,"date":"2025-11-06T09:56:58","date_gmt":"2025-11-06T08:56:58","guid":{"rendered":"https:\/\/www.mes-allocs.fr\/guides\/?p=105495"},"modified":"2026-04-22T08:32:34","modified_gmt":"2026-04-22T07:32:34","slug":"taxe-habitation-residence-secondaire","status":"publish","type":"post","link":"https:\/\/www.mes-allocs.fr\/guides\/impot-sur-le-revenu\/taxe-habitation\/taxe-habitation-residence-secondaire\/","title":{"rendered":"Taxe d\u2019habitation r\u00e9sidence secondaire : qui paie et combien en 2025 ?"},"content":{"rendered":"<p><img loading=\"lazy\" decoding=\"async\" class=\"alignnone wp-image-105501 size-full\" title=\"taxe habitation residences secondaires\" src=\"https:\/\/www.mes-allocs.fr\/guides\/wp-content\/uploads\/2025\/11\/taxe-habitation-residences-secondaires-e1762277142327.jpg\" alt=\"taxe habitation residences secondaires\" width=\"1920\" height=\"300\" srcset=\"https:\/\/www.mes-allocs.fr\/guides\/wp-content\/uploads\/2025\/11\/taxe-habitation-residences-secondaires-e1762277142327.jpg 1920w, https:\/\/www.mes-allocs.fr\/guides\/wp-content\/uploads\/2025\/11\/taxe-habitation-residences-secondaires-e1762277142327-300x47.jpg 300w, https:\/\/www.mes-allocs.fr\/guides\/wp-content\/uploads\/2025\/11\/taxe-habitation-residences-secondaires-e1762277142327-1024x160.jpg 1024w, https:\/\/www.mes-allocs.fr\/guides\/wp-content\/uploads\/2025\/11\/taxe-habitation-residences-secondaires-e1762277142327-768x120.jpg 768w, https:\/\/www.mes-allocs.fr\/guides\/wp-content\/uploads\/2025\/11\/taxe-habitation-residences-secondaires-e1762277142327-1536x240.jpg 1536w, https:\/\/www.mes-allocs.fr\/guides\/wp-content\/uploads\/2025\/11\/taxe-habitation-residences-secondaires-e1762277142327-600x94.jpg 600w\" sizes=\"auto, (max-width: 1920px) 100vw, 1920px\" \/><\/p>\n<p>Depuis 2023, la <a href=\"https:\/\/www.mes-allocs.fr\/guides\/impot-sur-le-revenu\/taxe-habitation\/\">taxe d\u2019habitation<\/a> ne s\u2019applique plus aux r\u00e9sidences principales. En revanche, elle reste obligatoire pour les r\u00e9sidences secondaires. Cette taxe, qui est \u00e0 l\u2019\u00e9chelle locale, concerne des millions de propri\u00e9taires en France. Vous poss\u00e9dez une maison de vacances ou un appartement que vous n\u2019habitez pas \u00e0 l\u2019ann\u00e9e ? Voici tout ce qu\u2019il faut savoir sur la <b>taxe d\u2019habitation sur les r\u00e9sidences secondaires <\/b>en 2025.<\/p>\n<div class='cta-block'><div class='text'>Simulez toutes vos aides en 2 min.<\/div><a href='https:\/\/www.mes-allocs.fr\/ab-app?origin=guides\/wp-json\/wp\/v2\/posts\/105495' class='app-button fit'>Simulation gratuite<\/a><\/div>\n<h1>Qu&rsquo;est ce que la taxe d\u2019habitation en 2025 ?<\/h1>\n<h2>Les r\u00e9sidences principales sont-elles concern\u00e9es par la taxe d&rsquo;habitation ?<\/h2>\n<p><strong>Non<\/strong>. Les r\u00e9sidences principales ne sont plus concern\u00e9es par la taxe d&rsquo;habitation depuis 2023 ! Cette suppression de la taxe d&rsquo;habitation concerne tous les foyers, quels que soient vos revenus.<\/p>\n<h2>Quelles sont les r\u00e9sidences secondaires concern\u00e9es ?<\/h2>\n<p>La taxe d&rsquo;habitation sur les r\u00e9sidences secondaires (THRS) est <b>un imp\u00f4t local.<\/b> Elle s&rsquo;applique aux logements meubl\u00e9s qui ne sont pas votre r\u00e9sidence principale. Vous \u00eates concern\u00e9s par cette taxe d&rsquo;habitation si <b>vous \u00eates propri\u00e9taire, usufruitier ou locataire \u00e0 l\u2019ann\u00e9e d\u2019un logement meubl\u00e9<\/b>.<\/p>\n<p>Le logement doit \u00eatre meubl\u00e9 de fa\u00e7on suffisante pour pouvoir y vivre dedans. Les d\u00e9pendances imm\u00e9diates (comme un garage, un parking, ou une cave) sont \u00e9galement concern\u00e9s, m\u00eame si elles ne sont pas attenantes.<\/p>\n<p>Un logement meubl\u00e9 \u00e0 votre disposition, m\u00eame si vous n\u2019y r\u00e9sidez que quelques semaines par an, <b>reste imposable \u00e0 la THRS <\/b>(taxe d&rsquo;habitation sur les r\u00e9sidences principales). Les biens en location saisonni\u00e8re sont aussi concern\u00e9s, car ils sont consid\u00e9r\u00e9s disponibles pour le propri\u00e9taire pendant une partie de l\u2019ann\u00e9e.<\/p>\n<h2>Quels biens ne sont pas concern\u00e9s ?<\/h2>\n<p>Voici les situations qui peuvent vous permettre d&rsquo;\u00eatre exon\u00e9r\u00e9 de taxe d&rsquo;habitation :<\/p>\n<ul>\n<li>Si vous signez un mandat de gestion exclusif avec une agence qui interdit tout usage personnel du bien, vous pouvez demander une exon\u00e9ration. Vous devez alors prouver l\u2019absence de jouissance personnelle (avec par exemple un contrat de gestion, un calendrier de location ou des factures).<\/li>\n<li>Si vous \u00eates propri\u00e9taire d&rsquo;un logement non meubl\u00e9 vous n&rsquo;\u00eates pas pas soumis \u00e0 la taxe d\u2019habitation pour les r\u00e9sidences secondaires. Attention, il peut toutefois \u00eatre concern\u00e9 par une autre taxe : la taxe sur les logements vacants (TLV), si le bien est vide depuis plus d\u2019un an et situ\u00e9 en zone tendue OU la taxe d\u2019habitation sur les logements vacants (THLV) hors zone tendue, seulement si la commune l\u2019a d\u00e9cid\u00e9e.<\/li>\n<li>Si vous \u00eates propri\u00e9taire d&rsquo;une r\u00e9sidence situ\u00e9e dans une zone France ruralit\u00e9s revitalisation (ZFRR), vous pouvez, sous certaines conditions, b\u00e9n\u00e9ficier d\u2019une exon\u00e9ration partielle voir totale. C\u2019est notamment le cas pour des chambres d&rsquo;h\u00f4tes ou pour un local class\u00e9 comme meubl\u00e9 du tourisme.<\/li>\n<\/ul>\n<h1>Taxe d\u2019habitation : quels sont les dates en 2025 ?<\/h1>\n<h2>Calendrier 2025 du paiement de la taxe d\u2019habitation sur les r\u00e9sidences secondaires<\/h2>\n\n<div class=\"wpdt-c row wpDataTableContainerSimpleTable wpDataTables wpDataTablesWrapper\n\"\n    >\n    <table id=\"wpdtSimpleTable-723\"\n           class=\"wpdtSimpleTable wpDataTable\"\n           data-column=\"5\"\n           data-rows=\"5\"\n           data-wpID=\"723\"\n           data-responsive=\"0\"\n           data-has-header=\"0\">\n\n                    <tbody>        <tr class=\"wpdt-cell-row \" >\n                            <td class=\"wpdt-cell wpdt-bc-F3F9FE\"\n                                    data-cell-id=\"A1\"\n                data-col-index=\"0\"\n                data-row-index=\"0\"\n                style=\" width:20%;                padding:10px;\"\n                >\n                                Type d\u2019avis                <\/td>\n                                            <td class=\"wpdt-cell wpdt-bc-F3F9FE\"\n                                    data-cell-id=\"B1\"\n                data-col-index=\"1\"\n                data-row-index=\"0\"\n                style=\" width:20%;                padding:10px;\"\n                >\n                                Situation du contribuable                <\/td>\n                                            <td class=\"wpdt-cell wpdt-bc-F3F9FE\"\n                                    data-cell-id=\"C1\"\n                data-col-index=\"2\"\n                data-row-index=\"0\"\n                style=\" width:20%;                padding:10px;\"\n                >\n                                Mise \u00e0 disposition \/ Envoi                <\/td>\n                                            <td class=\"wpdt-cell wpdt-bc-F3F9FE\"\n                                    data-cell-id=\"D1\"\n                data-col-index=\"3\"\n                data-row-index=\"0\"\n                style=\" width:20%;                padding:10px;\"\n                >\n                                Date limite de paiement                <\/td>\n                                            <td class=\"wpdt-cell wpdt-bc-F3F9FE\"\n                                    data-cell-id=\"E1\"\n                data-col-index=\"4\"\n                data-row-index=\"0\"\n                style=\" width:20%;                padding:10px;\"\n                >\n                                Date du pr\u00e9l\u00e8vement automatique (si cette option est choisie)                <\/td>\n                                        <\/tr>\n                            <tr class=\"wpdt-cell-row \" >\n                            <td class=\"wpdt-cell \"\n                                    data-cell-id=\"A2\"\n                data-col-index=\"0\"\n                data-row-index=\"1\"\n                style=\"                padding:10px;\"\n                >\n                                Avis en ligne                <\/td>\n                                            <td class=\"wpdt-cell \"\n                                    data-cell-id=\"B2\"\n                data-col-index=\"1\"\n                data-row-index=\"1\"\n                style=\"                padding:10px;\"\n                >\n                                Non mensualis\u00e9                <\/td>\n                                            <td class=\"wpdt-cell \"\n                                    data-cell-id=\"C2\"\n                data-col-index=\"2\"\n                data-row-index=\"1\"\n                style=\"                padding:10px;\"\n                >\n                                \u00c0 partir du 3 novembre 2025                <\/td>\n                                            <td class=\"wpdt-cell \"\n                                    data-cell-id=\"D2\"\n                data-col-index=\"3\"\n                data-row-index=\"1\"\n                style=\"                padding:10px;\"\n                >\n                                15 d\u00e9cembre 2025                <\/td>\n                                            <td class=\"wpdt-cell \"\n                                    data-cell-id=\"E2\"\n                data-col-index=\"4\"\n                data-row-index=\"1\"\n                style=\"                padding:10px;\"\n                >\n                                29 d\u00e9cembre 2025                <\/td>\n                                        <\/tr>\n                            <tr class=\"wpdt-cell-row \" >\n                            <td class=\"wpdt-cell \"\n                                    data-cell-id=\"A3\"\n                data-col-index=\"0\"\n                data-row-index=\"2\"\n                style=\"                padding:10px;\"\n                >\n                                Avis en ligne                <\/td>\n                                            <td class=\"wpdt-cell \"\n                                    data-cell-id=\"B3\"\n                data-col-index=\"1\"\n                data-row-index=\"2\"\n                style=\"                padding:10px;\"\n                >\n                                Mensualis\u00e9                <\/td>\n                                            <td class=\"wpdt-cell \"\n                                    data-cell-id=\"C3\"\n                data-col-index=\"2\"\n                data-row-index=\"2\"\n                style=\"                padding:10px;\"\n                >\n                                \u00c0 partir du 17 novembre 2025                <\/td>\n                                            <td class=\"wpdt-cell \"\n                                    data-cell-id=\"D3\"\n                data-col-index=\"3\"\n                data-row-index=\"2\"\n                style=\"                padding:10px;\"\n                >\n                                15 d\u00e9cembre 2025                <\/td>\n                                            <td class=\"wpdt-cell \"\n                                    data-cell-id=\"E3\"\n                data-col-index=\"4\"\n                data-row-index=\"2\"\n                style=\"                padding:10px;\"\n                >\n                                29 d\u00e9cembre 2025                <\/td>\n                                        <\/tr>\n                            <tr class=\"wpdt-cell-row \" >\n                            <td class=\"wpdt-cell \"\n                                    data-cell-id=\"A4\"\n                data-col-index=\"0\"\n                data-row-index=\"3\"\n                style=\"                padding:10px;\"\n                >\n                                Avis papier (courrier)                <\/td>\n                                            <td class=\"wpdt-cell \"\n                                    data-cell-id=\"B4\"\n                data-col-index=\"1\"\n                data-row-index=\"3\"\n                style=\"                padding:10px;\"\n                >\n                                Non mensualis\u00e9                <\/td>\n                                            <td class=\"wpdt-cell \"\n                                    data-cell-id=\"C4\"\n                data-col-index=\"2\"\n                data-row-index=\"3\"\n                style=\"                padding:10px;\"\n                >\n                                Entre le 6 et le 19 novembre 2025                <\/td>\n                                            <td class=\"wpdt-cell \"\n                                    data-cell-id=\"D4\"\n                data-col-index=\"3\"\n                data-row-index=\"3\"\n                style=\"                padding:10px;\"\n                >\n                                15 d\u00e9cembre 2025                <\/td>\n                                            <td class=\"wpdt-cell \"\n                                    data-cell-id=\"E4\"\n                data-col-index=\"4\"\n                data-row-index=\"3\"\n                style=\"                padding:10px;\"\n                >\n                                29 d\u00e9cembre 2025                <\/td>\n                                        <\/tr>\n                            <tr class=\"wpdt-cell-row \" >\n                            <td class=\"wpdt-cell \"\n                                    data-cell-id=\"A5\"\n                data-col-index=\"0\"\n                data-row-index=\"4\"\n                style=\"                padding:10px;\"\n                >\n                                Avis papier (courrier)                <\/td>\n                                            <td class=\"wpdt-cell \"\n                                    data-cell-id=\"B5\"\n                data-col-index=\"1\"\n                data-row-index=\"4\"\n                style=\"                padding:10px;\"\n                >\n                                Mensualis\u00e9                <\/td>\n                                            <td class=\"wpdt-cell \"\n                                    data-cell-id=\"C5\"\n                data-col-index=\"2\"\n                data-row-index=\"4\"\n                style=\"                padding:10px;\"\n                >\n                                Entre le 21 et le 28 novembre 2025                <\/td>\n                                            <td class=\"wpdt-cell \"\n                                    data-cell-id=\"D5\"\n                data-col-index=\"3\"\n                data-row-index=\"4\"\n                style=\"                padding:10px;\"\n                >\n                                15 d\u00e9cembre 2025                <\/td>\n                                            <td class=\"wpdt-cell \"\n                                    data-cell-id=\"E5\"\n                data-col-index=\"4\"\n                data-row-index=\"4\"\n                style=\"                padding:10px;\"\n                >\n                                29 d\u00e9cembre 2025                <\/td>\n                                        <\/tr>\n                    <\/table>\n<\/div><style id='wpdt-custom-style-723'>\n.wpdt-bc-F3F9FE { background-color: #F3F9FE !important;}\n<\/style>\n\n<h2>Quelle est la date limite du paiement ?<\/h2>\n<p>La taxe d\u2019habitation pour les r\u00e9sidences secondaires est due pour l\u2019ann\u00e9e enti\u00e8re, en fonction de votre situation au 1er janvier 2025. La paiement doit \u00eatre effectu\u00e9 <strong>avant le 15 d\u00e9cembre 2025<\/strong>. Si vous avez choisi comme mode de paiement le pr\u00e9l\u00e8vement automatique, la somme sera d\u00e9bit\u00e9e de votre compte bancaire le <strong>29 d\u00e9cembre 2025<\/strong>.<\/p>\n<h2>Quand recevez-vous votre avis de taxe d\u2019habitation ?<\/h2>\n<p>Les avis d\u2019imposition <b>sont envoy\u00e9s au dernier trimestre de l\u2019ann\u00e9e<\/b>, entre le mois d\u2019octobre et le mois de d\u00e9cembre. Ils sont accessibles via votre espace Finances publiques sur le site impots.gouv.fr. Chaque avis indique : les \u00e9l\u00e9ments de calcul de l&rsquo;imp\u00f4t, le montant \u00e0 payer, la date limite de paiement et les moyens de r\u00e8glement autoris\u00e9s.<\/p>\n<p>En 2025, vous recevrez votre avis d\u2019imposition de taxe d\u2019habitation entre d\u00e9but et fin novembre, selon votre situation :<\/p>\n<ul>\n<li>A partir du <strong>3 novembre<\/strong> si vous n\u2019\u00eates pas mensualis\u00e9<\/li>\n<li>A partir du <strong>17 novembre<\/strong> si vous l\u2019\u00eates<\/li>\n<li><strong>Entre le 6 et le 28 novembre <\/strong>si vous recevez votre avis par courrier. Si vous poss\u00e9dez plusieurs biens dans diff\u00e9rentes communes, vous recevrez autant d\u2019avis distincts<\/li>\n<\/ul>\n<h1>Taxe d\u2019habitation sur les r\u00e9sidences secondaires : qui doit payer ?<\/h1>\n<h2>Les propri\u00e9taires, usufruitiers et locataires \u00e0 l\u2019ann\u00e9e<\/h2>\n<p>La taxe d\u2019habitation est due pour la personne qui <b>occupe le logement au 1er janvier de l\u2019ann\u00e9e 2025.<\/b> Vous \u00eates donc concern\u00e9 si vous \u00eates :<\/p>\n<ul>\n<li aria-level=\"1\">Propri\u00e9taire occupant de votre r\u00e9sidence secondaire<\/li>\n<li aria-level=\"1\">Usufruitier du bien (vous en avez la jouissance)<\/li>\n<li aria-level=\"1\">Locataire \u00e0 l\u2019ann\u00e9e<\/li>\n<\/ul>\n<h2>Les cas particuliers<\/h2>\n<p>\u00c0 noter que l\u2019administration fiscale consid\u00e8re \u00e9galement comme r\u00e9sidence secondaire <b>tout logement de fonction<\/b> ou deuxi\u00e8me logement utilis\u00e9 pour raisons professionnelles. Si vous avez quitt\u00e9 votre r\u00e9sidence principale pour <b>un Ehpad ou un \u00e9tablissement de soins<\/b>, votre ancien logement devient une r\u00e9sidence secondaire, mais peut \u00eatre exon\u00e9r\u00e9 \u00e0 partir de l\u2019ann\u00e9e suivante. <b>Si vous \u00eates expatri\u00e9 rapatri\u00e9<\/b>, vous pouvez demander un d\u00e9gr\u00e8vement temporaire pour votre ancien logement principal en France.<\/p>\n<h1>Quel est le montant de la taxe d\u2019habitation en 2025 ?<\/h1>\n<h2>Taxe d\u2019habitation r\u00e9sidence secondaire : le calcul en 2025<\/h2>\n<p>La taxe d\u2019habitation sur les r\u00e9sidences secondaires est calcul\u00e9e \u00e0 partir de la valeur locative cadastrale du logement et de ses d\u00e9pendances. Il s\u2019agit de la valeur qui correspond au loyer annuel th\u00e9orique que le logement pourrait rapporter s&rsquo; il \u00e9tait lou\u00e9. Le montant \u00e0 payer est obtenu en multipliant cette valeur par le taux d&rsquo;imposition vot\u00e9 par la commune. Et chaque ann\u00e9e, la valeur locative est revaloris\u00e9e en fonction de l\u2019\u00e9volution des prix sur le march\u00e9.<\/p>\n<div class='shortcode tips'><div class='title'>Exemple<\/div><div class='content'> Un appartement \u00e0 La Rochelle avec une valeur locative cadastrale de 6 000 \u20ac. Si la commune applique un taux de 20%, la taxe s\u2019\u00e9l\u00e8ve \u00e0 <b>1 200 \u20ac<\/b>. Si une majoration de 60 % est vot\u00e9e, le montant grimpe \u00e0 1 920 \u20ac. <\/div><\/div>\n<div class='cta-block'><div class='text'>Simulez toutes vos aides en 2 min.<\/div><a href='https:\/\/www.mes-allocs.fr\/ab-app?origin=guides\/wp-json\/wp\/v2\/posts\/105495' class='app-button fit'>Simulation gratuite<\/a><\/div>\n<h2>Majorations en zone tendue : dans quelles communes et \u00e0 quel niveau ?<\/h2>\n<p>Les communes situ\u00e9es en zone tendue peuvent appliquer une majoration de la taxe d\u2019habitation sur les r\u00e9sidences secondaires. C&rsquo;est ici une d\u00e9cision du conseil municipal apr\u00e8s d\u00e9lib\u00e9ration. En 2025 :<\/p>\n<ul>\n<li aria-level=\"1\"><b>3 690 communes<\/b> au total sont \u00e9ligibles \u00e0 cette majoration.<\/li>\n<li aria-level=\"1\">1 628 d\u2019entre elles (soit 44,1%) appliquent cette majoration.<\/li>\n<li aria-level=\"1\">Parmi elles, 40 % ont choisi le taux minimum de 60 % (contre 37 % en 2024).<\/li>\n<\/ul>\n<p>Selon le rapport de la direction g\u00e9n\u00e9rale des Finances publiques, les r\u00e9gions les plus concern\u00e9es par cette majoration de la taxe d\u2019habitation sur les r\u00e9sidences secondaires sont :<\/p>\n<ul>\n<li aria-level=\"1\"><b>Auvergne-Rh\u00f4ne-Alpes<\/b> : 339 communes<\/li>\n<li aria-level=\"1\"><b>Provence-Alpes-C\u00f4te d\u2019Azur<\/b> : 327 communes<\/li>\n<li aria-level=\"1\"><b>Occitanie<\/b> : 185 communes<\/li>\n<li aria-level=\"1\"><b>Nouvelle-Aquitaine<\/b> : 157 communes<\/li>\n<li aria-level=\"1\"><b>\u00cele-de-France<\/b> : 152 communes<\/li>\n<\/ul>\n<div class='shortcode tips'><div class='title'>Exemple<\/div><div class='content'> \u00c0 Arcachon, la majoration de 60 % devrait rapporter<b> 3 millions d\u2019euros suppl\u00e9mentaires \u00e0 la commune.<\/b> \u00c0 L\u00e8ge-Cap-Ferret, la hausse est de 20 %, soit environ 150 \u20ac de plus par propri\u00e9taire. <\/div><\/div>\n<h2>Simulateur taxe d\u2019habitation r\u00e9sidence secondaire<\/h2>\n<p>Actuellement, <b>aucun simulateur n\u2019existe <\/b>pour calculer pr\u00e9cis\u00e9ment le montant de votre taxe d\u2019habitation sur votre r\u00e9sidence principale.<\/p>\n<p>Voici \u00e0 quoi pourrait approximativement ressembler le calcul : valeur locative \u00d7 taux communal (de 10 \u00e0 30 % en moyenne) + \u00e9ventuelle majoration (de 5 \u00e0 60 %).<\/p>\n<div class='shortcode tips'><div class='title'>Exemple<\/div><div class='content'> Un logement de 8 000 \u20ac de valeur locative, dans une commune \u00e0 25 % avec majoration 30 %, donne : (8 000 \u00d7 25 %) + 30 % = <b>2 600 \u20ac environ de taxe d\u2019habitation ici<\/b>. <\/div><\/div>\n<h1>Qui peut b\u00e9n\u00e9ficier des exon\u00e9rations et d\u00e9gr\u00e8vements possibles ?<\/h1>\n<h2>Entr\u00e9e en Ehpad ou \u00e9tablissement de soins, expatriations et contraintes professionnels<\/h2>\n<p>Vous pouvez \u00eatre exon\u00e9r\u00e9 de taxe d\u2019habitation sur votre ancienne r\u00e9sidence principale si :<\/p>\n<ul>\n<li aria-level=\"1\">Vous \u00eates admis dans un <b>Ehpad<\/b>, une maison de retraite ou un centre de soins de longue dur\u00e9e ;<\/li>\n<li aria-level=\"1\">Vous \u00eates expatri\u00e9 et avez d\u00fb rentrer en France \u00e0 la suite d\u2019un <b>rapatriement collectif<\/b> (crise politique ou sanitaire).<\/li>\n<\/ul>\n<p>Votre ancien logement est alors consid\u00e9r\u00e9 comme <b>r\u00e9sidence secondaire<\/b>, mais b\u00e9n\u00e9ficie d\u2019une exon\u00e9ration totale \u00e0 partir de l\u2019ann\u00e9e suivante.<\/p>\n<p>Une exon\u00e9ration est aussi possible si vous \u00eates contraint de r\u00e9sider dans une autre commune pour <b>raisons professionnelles<\/b> (logement de fonction, mutation\u2026).<\/p>\n<h2>Les chambres d&rsquo;h\u00f4tes et meubl\u00e9s du tourisme<\/h2>\n<p>Si votre r\u00e9sidence secondaire est class\u00e9e meubl\u00e9 du tourisme ou exploit\u00e9e en chambre d&rsquo;h\u00f4tes et qu\u2019elle se situe dans une zone France ruralit\u00e9s revitalisation (ZFRR), vous pouvez \u00eatre exon\u00e9r\u00e9 de taxe d\u2019habitation. Vous devez remplir le formulaire <b>Cerfa n\u00b013567*02 (formulaire 1205-GD) <\/b>et l\u2019envoyer \u00e0 votre centre des finances publiques avant le 1er mars de l\u2019ann\u00e9e concern\u00e9e.<\/p>\n<h1>Comment payer votre taxe d&rsquo;habitation en 2025 ?<\/h1>\n<p>Le paiement peut s\u2019effectuer de diff\u00e9rentes fa\u00e7ons :<\/p>\n<ul>\n<li aria-level=\"1\">En ligne sur impots.gouv.fr<\/li>\n<li aria-level=\"1\">Par pr\u00e9l\u00e8vement automatique (mensuel ou \u00e0 l\u2019\u00e9ch\u00e9ance).<\/li>\n<li aria-level=\"1\">Par virement bancaire, ch\u00e8que, ou esp\u00e8ces dans la limite autoris\u00e9e.<\/li>\n<\/ul>\n<p>Vous pouvez aussi autoriser le pr\u00e9l\u00e8vement automatique pour simplifier le r\u00e8glement chaque ann\u00e9e.<\/p>\n<h1>R\u00e9clamations\/contestations : comment proc\u00e9der ?<\/h1>\n<p>Si vous pensez \u00eatre impos\u00e9 \u00e0 tort, vous pouvez d\u00e9poser une r\u00e9clamation aupr\u00e8s de votre centre des finances publiques. Mais soyez vigilant, cette d\u00e9marche doit \u00eatre effectu\u00e9e dans les d\u00e9lais indiqu\u00e9s sur votre avis. Vous pouvez envoyer votre r\u00e9clamation en ligne depuis votre espace Finances publiques ou le d\u00e9poser sur place ou par courrier.<\/p>\n<p>\u200b\u200b<div class='shortcode disclaimer'><div class='title'>Attention<\/div><div class='content'> D\u00e9poser une r\u00e9clamation <b>ne suspend pas<\/b> le paiement de la taxe. Vous pouvez toutefois demander un <b>sursis de paiement<\/b>, le temps que votre dossier soit examin\u00e9. <\/div><\/div><\/p>\n<div class='shortcode summary'><div class='title'>En r\u00e9sum\u00e9 :<\/div><div class='content'><ul><li> La taxe d\u2019habitation sur les r\u00e9sidences secondaires reste un imp\u00f4t local important en 2025.<\/li><li>Elle concerne <b>les logements meubl\u00e9s non principaux<\/b>, qu\u2019ils soient occup\u00e9s par le propri\u00e9taire ou lou\u00e9s une partie de l\u2019ann\u00e9e.<\/li><li> Son montant d\u00e9pend de la valeur locative et du taux communal, parfois major\u00e9 <b>jusqu\u2019\u00e0 60 % dans les zones tendues. <\/b><\/li><\/ul><\/div><\/div>\n<div class='cta-block'><div class='text'>Simulez toutes vos aides en 2 min.<\/div><a href='https:\/\/www.mes-allocs.fr\/ab-app?origin=guides\/wp-json\/wp\/v2\/posts\/105495' class='app-button fit'>Simulation gratuite<\/a><\/div>\n","protected":false},"excerpt":{"rendered":"<p>Depuis 2023, la taxe d\u2019habitation ne s\u2019applique plus aux r\u00e9sidences principales. En revanche, elle reste obligatoire pour les r\u00e9sidences secondaires. Cette taxe, qui est \u00e0 l\u2019\u00e9chelle locale, concerne des millions de propri\u00e9taires en France. Vous poss\u00e9dez une maison de vacances ou un appartement que vous n\u2019habitez pas \u00e0 l\u2019ann\u00e9e ? Voici tout ce qu\u2019il faut [&hellip;]<\/p>\n","protected":false},"author":35,"featured_media":105500,"comment_status":"open","ping_status":"open","sticky":false,"template":"","format":"standard","meta":{"amp_status":"","footnotes":""},"categories":[2994,60841],"tags":[],"class_list":["post-105495","post","type-post","status-publish","format-standard","has-post-thumbnail","hentry","category-impot-sur-le-revenu","category-taxe-habitation"],"yoast_head":"<!-- This site is optimized with the Yoast SEO plugin v14.9 - https:\/\/yoast.com\/wordpress\/plugins\/seo\/ -->\n<title>Taxe d\u2019habitation r\u00e9sidence secondaire : qui paie et combien en 2025 ?<\/title>\n<meta name=\"description\" content=\"En novembre, la taxe d&#039;habitation sur les r\u00e9sidences secondaires arrive. Mais \u00eates-vous concern\u00e9 ou exon\u00e9r\u00e9 ? Et quel est le montant en 2025 ?\" \/>\n<meta name=\"robots\" content=\"index, follow, max-snippet:-1, max-image-preview:large, max-video-preview:-1\" \/>\n<link rel=\"canonical\" href=\"https:\/\/www.mes-allocs.fr\/guides\/impot-sur-le-revenu\/taxe-habitation\/taxe-habitation-residence-secondaire\/\" \/>\n<meta property=\"og:locale\" content=\"fr_FR\" \/>\n<meta property=\"og:type\" content=\"article\" \/>\n<meta property=\"og:title\" content=\"Taxe d\u2019habitation r\u00e9sidence secondaire : qui paie et combien en 2025 ?\" \/>\n<meta property=\"og:description\" content=\"En novembre, la taxe d&#039;habitation sur les r\u00e9sidences secondaires arrive. Mais \u00eates-vous concern\u00e9 ou exon\u00e9r\u00e9 ? Et quel est le montant en 2025 ?\" \/>\n<meta property=\"og:url\" content=\"https:\/\/www.mes-allocs.fr\/guides\/impot-sur-le-revenu\/taxe-habitation\/taxe-habitation-residence-secondaire\/\" \/>\n<meta property=\"og:site_name\" content=\"Mes-Allocs.fr\" \/>\n<meta property=\"article:published_time\" content=\"2025-11-06T08:56:58+00:00\" \/>\n<meta property=\"article:modified_time\" content=\"2026-04-22T07:32:34+00:00\" \/>\n<meta property=\"og:image\" content=\"https:\/\/www.mes-allocs.fr\/guides\/wp-content\/uploads\/2025\/11\/taxe-habitation-residence-secondaire.jpg?wsr\" \/>\n\t<meta property=\"og:image:width\" content=\"1920\" \/>\n\t<meta property=\"og:image:height\" content=\"1276\" \/>\n<meta name=\"twitter:card\" content=\"summary_large_image\" \/>\n<script type=\"application\/ld+json\" class=\"yoast-schema-graph\">{\"@context\":\"https:\/\/schema.org\",\"@graph\":[{\"@type\":\"WebSite\",\"@id\":\"https:\/\/www.mes-allocs.fr\/guides\/#website\",\"url\":\"https:\/\/www.mes-allocs.fr\/guides\/\",\"name\":\"Mes-Allocs.fr\",\"description\":\"\",\"potentialAction\":[{\"@type\":\"SearchAction\",\"target\":\"https:\/\/www.mes-allocs.fr\/guides\/?s={search_term_string}\",\"query-input\":\"required name=search_term_string\"}],\"inLanguage\":\"fr-FR\"},{\"@type\":\"ImageObject\",\"@id\":\"https:\/\/www.mes-allocs.fr\/guides\/impot-sur-le-revenu\/taxe-habitation\/taxe-habitation-residence-secondaire\/#primaryimage\",\"inLanguage\":\"fr-FR\",\"url\":\"https:\/\/www.mes-allocs.fr\/guides\/wp-content\/uploads\/2025\/11\/taxe-habitation-residence-secondaire.jpg?wsr\",\"width\":1920,\"height\":1276,\"caption\":\"taxe habitation residence secondaire\"},{\"@type\":\"WebPage\",\"@id\":\"https:\/\/www.mes-allocs.fr\/guides\/impot-sur-le-revenu\/taxe-habitation\/taxe-habitation-residence-secondaire\/#webpage\",\"url\":\"https:\/\/www.mes-allocs.fr\/guides\/impot-sur-le-revenu\/taxe-habitation\/taxe-habitation-residence-secondaire\/\",\"name\":\"Taxe d\\u2019habitation r\\u00e9sidence secondaire : qui paie et combien en 2025 ?\",\"isPartOf\":{\"@id\":\"https:\/\/www.mes-allocs.fr\/guides\/#website\"},\"primaryImageOfPage\":{\"@id\":\"https:\/\/www.mes-allocs.fr\/guides\/impot-sur-le-revenu\/taxe-habitation\/taxe-habitation-residence-secondaire\/#primaryimage\"},\"datePublished\":\"2025-11-06T08:56:58+00:00\",\"dateModified\":\"2026-04-22T07:32:34+00:00\",\"author\":{\"@id\":\"https:\/\/www.mes-allocs.fr\/guides\/#\/schema\/person\/d3c4797ca00240cce644af053372c21a\"},\"description\":\"En novembre, la taxe d'habitation sur les r\\u00e9sidences secondaires arrive. Mais \\u00eates-vous concern\\u00e9 ou exon\\u00e9r\\u00e9 ? Et quel est le montant en 2025 ?\",\"inLanguage\":\"fr-FR\"},{\"@type\":\"Person\",\"@id\":\"https:\/\/www.mes-allocs.fr\/guides\/#\/schema\/person\/d3c4797ca00240cce644af053372c21a\",\"name\":\"Gr\\u00e9goire Hernandez\",\"image\":{\"@type\":\"ImageObject\",\"@id\":\"https:\/\/www.mes-allocs.fr\/guides\/#personlogo\",\"inLanguage\":\"fr-FR\",\"url\":\"https:\/\/www.mes-allocs.fr\/guides\/wp-content\/uploads\/2025\/10\/Photo-de-profil-HERNANDEZ-GREGOIRE-150x150.jpg\",\"caption\":\"Gr\\u00e9goire Hernandez\"},\"description\":\"Passionn\\u00e9 par les sujets socio-\\u00e9conomiques, je rejoins l\\u2019\\u00e9quipe Mes Allocs en octobre 2025 en tant que r\\u00e9dacteur web, apr\\u00e8s une premi\\u00e8re exp\\u00e9rience dans la presse \\u00e9conomique, politique et internationale. Sp\\u00e9cialis\\u00e9 dans les th\\u00e9matiques li\\u00e9es aux aides sociales, \\u00e0 la fiscalit\\u00e9, au pouvoir d\\u2019achat et \\u00e0 la retraite, je veille \\u00e0 proposer des contenus clairs, fiables et v\\u00e9rifi\\u00e9s.\",\"sameAs\":[\"https:\/\/www.linkedin.com\/in\/gr\\u00e9goire-hernandez-334884265\/\"]}]}<\/script>\n<!-- \/ Yoast SEO plugin. -->","amp_validity":null,"acf":{"faq":{"1":{"question":"Comment ne pas payer de taxe d'habitation pour une r\u00e9sidence secondaire ?","answer":"Pour \u00eatre exon\u00e9r\u00e9, il faut justifier un cas pr\u00e9vu par l\u2019administration : par exemple que le bien soit class\u00e9 meubl\u00e9 du tourisme et situ\u00e9 en ZFRR, ou confier le bien en mandat de gestion exclusif prouvant l\u2019absence de jouissance personnelle."},"2":{"question":"Qui est concern\u00e9 par la taxe d'habitation sur les r\u00e9sidences secondaires ?","answer":"La taxe d\u2019habitation sur les r\u00e9sidences secondaires concerne toute personne qui occupe un logement meubl\u00e9 au 1er janvier, d\u00e8s lors qu\u2019il ne s\u2019agit pas de sa r\u00e9sidence principale. Cela inclut les propri\u00e9taires, les usufruitiers et les locataires \u00e0 l\u2019ann\u00e9e."},"3":{"question":"Est-ce qu'une r\u00e9sidence secondaire est consid\u00e9r\u00e9e comme un logement vacant ?","answer":"Non. Une r\u00e9sidence secondaire n\u2019est pas consid\u00e9r\u00e9e comme un logement vacant, car elle est meubl\u00e9e et disponible pour y s\u00e9journer, m\u00eame ponctuellement."},"4":{"question":"Qui est exon\u00e9r\u00e9 de la taxe d'habitation sur les r\u00e9sidences secondaires ?","answer":"Sont exon\u00e9r\u00e9s de la taxe d\u2019habitation sur les r\u00e9sidences secondaires les personnes admises en Ehpad, maison de retraite ou centre de soins longue dur\u00e9e, les expatri\u00e9s rapatri\u00e9s pour raisons politiques ou sanitaires, qui conservent un logement en France et les propri\u00e9taires qui confient leur bien en mandat de gestion exclusif \u00e0 une agence et ne peuvent pas l\u2019utiliser eux-m\u00eames."},"5":{"question":"Quelle est la diff\u00e9rence entre la taxe d'habitation et la taxe logement vacant ?","answer":"La taxe d'habitation concerne les logements meubl\u00e9s et occup\u00e9s, tandis que la TLV vise les logements qui sont vides depuis plus d'un an et situ\u00e9s en zone tendue. "},"6":{"question":"Qui per\u00e7oit la taxe d'habitation sur les r\u00e9sidences secondaires ?","answer":"La taxe d\u2019habitation sur les r\u00e9sidences secondaires est per\u00e7ue par la commune o\u00f9 se situe le logement\r\n"},"7":{"question":"","answer":""},"8":{"question":"","answer":""},"9":{"question":"","answer":""},"10":{"question":"","answer":""},"11":{"question":"","answer":""},"12":{"question":"","answer":""},"13":{"question":"","answer":""},"14":{"question":"","answer":""},"15":{"question":"","answer":""},"16":{"question":"","answer":""}}},"_links":{"self":[{"href":"https:\/\/www.mes-allocs.fr\/guides\/wp-json\/wp\/v2\/posts\/105495","targetHints":{"allow":["GET"]}}],"collection":[{"href":"https:\/\/www.mes-allocs.fr\/guides\/wp-json\/wp\/v2\/posts"}],"about":[{"href":"https:\/\/www.mes-allocs.fr\/guides\/wp-json\/wp\/v2\/types\/post"}],"author":[{"embeddable":true,"href":"https:\/\/www.mes-allocs.fr\/guides\/wp-json\/wp\/v2\/users\/35"}],"replies":[{"embeddable":true,"href":"https:\/\/www.mes-allocs.fr\/guides\/wp-json\/wp\/v2\/comments?post=105495"}],"version-history":[{"count":6,"href":"https:\/\/www.mes-allocs.fr\/guides\/wp-json\/wp\/v2\/posts\/105495\/revisions"}],"predecessor-version":[{"id":107410,"href":"https:\/\/www.mes-allocs.fr\/guides\/wp-json\/wp\/v2\/posts\/105495\/revisions\/107410"}],"wp:featuredmedia":[{"embeddable":true,"href":"https:\/\/www.mes-allocs.fr\/guides\/wp-json\/wp\/v2\/media\/105500"}],"wp:attachment":[{"href":"https:\/\/www.mes-allocs.fr\/guides\/wp-json\/wp\/v2\/media?parent=105495"}],"wp:term":[{"taxonomy":"category","embeddable":true,"href":"https:\/\/www.mes-allocs.fr\/guides\/wp-json\/wp\/v2\/categories?post=105495"},{"taxonomy":"post_tag","embeddable":true,"href":"https:\/\/www.mes-allocs.fr\/guides\/wp-json\/wp\/v2\/tags?post=105495"}],"curies":[{"name":"wp","href":"https:\/\/api.w.org\/{rel}","templated":true}]}}