{"id":10523,"date":"2020-08-04T13:21:05","date_gmt":"2020-08-04T13:21:05","guid":{"rendered":"https:\/\/www.mes-allocs.fr\/guides\/?p=10523"},"modified":"2026-01-06T16:16:45","modified_gmt":"2026-01-06T15:16:45","slug":"simulation-apl-et-prime-activite","status":"publish","type":"post","link":"https:\/\/www.mes-allocs.fr\/guides\/prime-d-activite\/simulation-prime-activite\/simulation-apl-et-prime-activite\/","title":{"rendered":"Comment faire une simulation de prime d&rsquo;activit\u00e9 et APL en 2026 ?"},"content":{"rendered":"<p><a href=\"https:\/\/www.mes-allocs.fr\/guides\/wp-content\/uploads\/2020\/08\/happy-ethnic-woman-sitting-at-table-with-laptop-3769021.jpg\"><img loading=\"lazy\" decoding=\"async\" class=\"aligncenter wp-image-10722 size-full\" title=\"simulation prime activit\u00e9 apl\" src=\"https:\/\/www.mes-allocs.fr\/guides\/wp-content\/uploads\/2020\/08\/happy-ethnic-woman-sitting-at-table-with-laptop-3769021-e1596547089195.jpg\" alt=\"simulation prime activit\u00e9 apl\" width=\"1280\" height=\"451\" srcset=\"https:\/\/www.mes-allocs.fr\/guides\/wp-content\/uploads\/2020\/08\/happy-ethnic-woman-sitting-at-table-with-laptop-3769021-e1596547089195.jpg 1280w, https:\/\/www.mes-allocs.fr\/guides\/wp-content\/uploads\/2020\/08\/happy-ethnic-woman-sitting-at-table-with-laptop-3769021-e1596547089195-300x106.jpg 300w, https:\/\/www.mes-allocs.fr\/guides\/wp-content\/uploads\/2020\/08\/happy-ethnic-woman-sitting-at-table-with-laptop-3769021-e1596547089195-1024x361.jpg 1024w, https:\/\/www.mes-allocs.fr\/guides\/wp-content\/uploads\/2020\/08\/happy-ethnic-woman-sitting-at-table-with-laptop-3769021-e1596547089195-768x271.jpg 768w, https:\/\/www.mes-allocs.fr\/guides\/wp-content\/uploads\/2020\/08\/happy-ethnic-woman-sitting-at-table-with-laptop-3769021-e1596547089195-600x211.jpg 600w\" sizes=\"auto, (max-width: 1280px) 100vw, 1280px\" \/><\/a><\/p>\n<p>[Mis \u00e0 jour le 06\/01\/2026] La <a href=\"https:\/\/www.mes-allocs.fr\/guides\/prime-d-activite\/\">prime d&rsquo;activit\u00e9<\/a> est en vigueur depuis ann\u00e9es maintenant. Certains se sont vu retirer la prime pour l&#8217;emploi (la prime d&rsquo;activit\u00e9 le remplace depuis 2016). L&rsquo;APL quant \u00e0 lui est toujours en vigueur et peut \u00eatre cumul\u00e9 avec la prime d&rsquo;activit\u00e9, mais sous quelles conditions ? Mes Allocs vous explique tout.<\/p>\n<div class='cta-block'><div class='text'>Simulez votre prime d&rsquo;activit\u00e9 en 2 min. <\/div><a href='https:\/\/www.mes-allocs.fr\/ab-app?origin=guides\/wp-json\/wp\/v2\/posts\/10523' class='app-button fit'>Simulation gratuite<\/a><\/div>\n<h1><strong>Simuler vos droits \u00e0 la prime d&rsquo;activit\u00e9 et aux APL<\/strong><\/h1>\n<p style=\"text-align: justify;\">Afin d&rsquo;estimer vos droits, la CAF ou la MSA prend en compte plusieurs facteurs, comme la composition de la famille, \u00a0les revenus du foyer, mais aussi une partie de l\u2019aide au logement (APL).<\/p>\n<p>&nbsp;<\/p>\n<p><iframe loading=\"lazy\" title=\"La prime d&#039;activit\u00e9\" width=\"500\" height=\"281\" src=\"https:\/\/www.youtube.com\/embed\/uavbovK5ZXc?feature=oembed\" frameborder=\"0\" allow=\"accelerometer; autoplay; clipboard-write; encrypted-media; gyroscope; picture-in-picture; web-share\" referrerpolicy=\"strict-origin-when-cross-origin\" allowfullscreen><\/iframe><\/p>\n<p>&nbsp;<\/p>\n<p style=\"text-align: justify;\">Notez que l&rsquo;int\u00e9gralit\u00e9 du montant de l&rsquo;APL que vous percevez n&rsquo;est pas prise en compte dans le calcul. En effet, seul un montant forfaitaire est ajout\u00e9, qui d\u00e9pend de vos revenus, et de votre situation familiale, c&rsquo;est ce qu&rsquo;on appelle le forfait logement.<\/p>\n<p><strong>Pour faire votre <a href=\"https:\/\/www.mes-allocs.fr\/guides\/prime-d-activite\/simulation-prime-d-activite\/\">simulation de prime d&rsquo;activit\u00e9<\/a>, vous devrez renseigner plusieurs informations telles que :\u00a0<\/strong><\/p>\n<ul>\n<li>Votre code postal<\/li>\n<li>Votre date de naissance<\/li>\n<li>Si vous avez per\u00e7u des revenus professionnels<\/li>\n<li>Votre situation familiale<\/li>\n<li>Votre statut : ind\u00e9pendant, auto-entrepreneur, \u00e9tudiant, stagiaire, apprenti, salari\u00e9 ou autre<\/li>\n<li>Vos revenus (avant\u00a0pr\u00e9l\u00e8vement \u00e0 la source)<\/li>\n<\/ul>\n<p>&nbsp;<\/p>\n<p>Trouvez ci-dessous le forfait logement pris en compte pour la prime d&rsquo;activit\u00e9 :<\/p>\n\n<div class=\"wpdt-c row wpDataTableContainerSimpleTable wpDataTables wpDataTablesWrapper\n\"\n    >\n    <table id=\"wpdtSimpleTable-554\"\n           class=\"wpdtSimpleTable wpDataTable\"\n           data-column=\"2\"\n           data-rows=\"4\"\n           data-wpID=\"554\"\n           data-responsive=\"0\"\n           data-has-header=\"1\">\n\n                    <thead>        <tr class=\"wpdt-cell-row \" >\n                            <th class=\"wpdt-cell wpdt-bc-F3F9FE\"\n                                    data-cell-id=\"A1\"\n                data-col-index=\"0\"\n                data-row-index=\"0\"\n                style=\" width:48.571428571429%;                padding:10px;\"\n                >\n                                Nombre de personnes dans le foyer                <\/th>\n                                            <th class=\"wpdt-cell wpdt-bc-F3F9FE\"\n                                    data-cell-id=\"B1\"\n                data-col-index=\"1\"\n                data-row-index=\"0\"\n                style=\" width:51.428571428571%;                padding:10px;\"\n                >\n                                Forfait logement                <\/th>\n                                        <\/tr>\n                    <tbody>        <tr class=\"wpdt-cell-row \" >\n                            <td class=\"wpdt-cell wpdt-bc-F3F9FE\"\n                                    data-cell-id=\"A2\"\n                data-col-index=\"0\"\n                data-row-index=\"1\"\n                style=\"                padding:10px;\"\n                >\n                                1                <\/td>\n                                            <td class=\"wpdt-cell wpdt-bc-F3F9FE\"\n                                    data-cell-id=\"B2\"\n                data-col-index=\"1\"\n                data-row-index=\"1\"\n                style=\"                padding:10px;\"\n                >\n                                76,59\u20ac                <\/td>\n                                        <\/tr>\n                            <tr class=\"wpdt-cell-row \" >\n                            <td class=\"wpdt-cell wpdt-bc-F3F9FE\"\n                                    data-cell-id=\"A3\"\n                data-col-index=\"0\"\n                data-row-index=\"2\"\n                style=\"                padding:10px;\"\n                >\n                                2                <\/td>\n                                            <td class=\"wpdt-cell wpdt-bc-F3F9FE\"\n                                    data-cell-id=\"B3\"\n                data-col-index=\"1\"\n                data-row-index=\"2\"\n                style=\"                padding:10px;\"\n                >\n                                153,19 \u20ac                <\/td>\n                                        <\/tr>\n                            <tr class=\"wpdt-cell-row \" >\n                            <td class=\"wpdt-cell wpdt-bc-F3F9FE\"\n                                    data-cell-id=\"A4\"\n                data-col-index=\"0\"\n                data-row-index=\"3\"\n                style=\"                padding:10px;\"\n                >\n                                3 ou plus                <\/td>\n                                            <td class=\"wpdt-cell wpdt-bc-F3F9FE\"\n                                    data-cell-id=\"B4\"\n                data-col-index=\"1\"\n                data-row-index=\"3\"\n                style=\"                padding:10px;\"\n                >\n                                189,57 \u20ac                <\/td>\n                                        <\/tr>\n                    <\/table>\n<\/div><style id='wpdt-custom-style-554'>\ntable#wpdtSimpleTable-554{ table-layout: fixed !important; }\n.wpdt-bc-F3F9FE { background-color: #F3F9FE !important;}\n<\/style>\n\n<p>&nbsp;<\/p>\n<p style=\"text-align: justify;\">\u00c0 noter : les forfaits logement est applicable aussi bien au RSA, la CMU Compl\u00e9mentaire ou bien encore l\u2019Aide Compl\u00e9mentaire Sant\u00e9 (pour ces derni\u00e8res le montant est l\u00e9g\u00e8rement diff\u00e9rent). Les forfaits logement ont \u00e9t\u00e9 mis en place dans un souci d&rsquo;\u00e9quilibre, entre les personnes qui ont la charge d&rsquo;un loyer sans aide, et ceux qui per\u00e7oivent les APL.<\/p>\n<p style=\"text-align: justify;\">Le fait de percevoir la prime d&rsquo;activit\u00e9 ne modifie pas pour autant vos droits \u00e0 d&rsquo;autres prestations comme l&rsquo;AAH (Allocation aux adultes handicap\u00e9s) ou les aides au logement.<\/p>\n<p>&nbsp;<\/p>\n<h1><strong>Prime d&rsquo;activit\u00e9<\/strong><\/h1>\n<p style=\"text-align: justify;\">La prime d&rsquo;activit\u00e9 est en vigueur depuis le 1er janvier 2016, depuis elle remplace le RSA activit\u00e9 et la prime pour l&#8217;emploi. Elle est vers\u00e9e aux travailleurs ayant des revenus modestes sup\u00e9rieur ou \u00e9gal \u00e0\u00a0 1 104,25 \u20ac. \u00c9tudiants, stagiaires, salari\u00e9s, fonctionnaires y sont \u00e9ligibles sous certaines conditions.<\/p>\n<p style=\"text-align: justify;\">Pour b\u00e9n\u00e9ficier de la prime d&rsquo;activit\u00e9, vous devez obligatoirement justifier de 3 mois de revenus cons\u00e9cutifs les mois pr\u00e9c\u00e9dents votre demande. Sans revenus vous n&rsquo;\u00eates pas \u00e9ligible \u00e0 la prime d&rsquo;activit\u00e9.<\/p>\n<p style=\"text-align: justify;\">Attention : la prime d&rsquo;activit\u00e9 vous est vers\u00e9e pour 3 mois \u00e0 montant fixe, pass\u00e9 ce d\u00e9lai vous devez faire votre d\u00e9claration trimestrielle de revenu sur le site de la CAF ou de la MSA. La CAF et la MSA utilise des revenus pr\u00e9remplis. Vous pouvez v\u00e9rifier que les montants sont corrects pour ne pas que cela impacte votre allocation.<\/p>\n<h2><strong>M\u00e9thode de calcul<\/strong><\/h2>\n<p>La prime d&rsquo;activit\u00e9 est accord\u00e9e sous conditions de ressources, elle prend notamment en compte les revenus d&rsquo;activit\u00e9 professionnelle, les revenus de remplacement comme le ch\u00f4mage, mais \u00e9galement les prestations familiales.<\/p>\n<p>Le montant forfaitaire de la prime d&rsquo;activit\u00e9 est de <strong>633,21<\/strong>\u00a0<strong>euros nets. Ce montant peut varier selon la composition du foyer et vos ressources.<\/strong><\/p>\n<p>Pour calculer la prime d&rsquo;activit\u00e9, plusieurs composantes sont prises en compte :<\/p>\n<ul>\n<li>Le montant forfaitaire<\/li>\n<li>59,85% des revenus professionnels<\/li>\n<li>La bonification<\/li>\n<li>Les ressources du foyer<\/li>\n<\/ul>\n<p><strong><em>Montant de la prime d&rsquo;activit\u00e9 = (montant forfaitaire \u00e9ventuellement major\u00e9 + 59,85% des revenus professionnels + bonifications individuelles) &#8211; les ressources prises en compte du foyer.<\/em><\/strong><\/p>\n<h2><strong>Conditions d&rsquo;attribution de la prime d&rsquo;activit\u00e9<\/strong><\/h2>\n<p><strong>La prime d&rsquo;activit\u00e9 est vers\u00e9e soit par la CAF, soit par la MSA. Pour en b\u00e9n\u00e9ficier vous devez respecter les conditions suivantes :\u00a0<\/strong><\/p>\n<ul>\n<li>r\u00e9sider en France de mani\u00e8re stable<\/li>\n<li>\u00eatre \u00e2g\u00e9 de\u00a0plus de 18 ans<\/li>\n<li>\u00eatre salari\u00e9 ou travailleur ind\u00e9pendant<\/li>\n<li>percevoir des revenus modestes tir\u00e9s d&rsquo;une activit\u00e9 professionnelle ; n&rsquo;exc\u00e9dant pas 1.827 EUR nets par mois (montant pour une personne seule sans enfant). Les \u00e9tudiants salari\u00e9s et les apprentis doivent percevoir durant au moins trois mois, un salaire minimum de 982 EUR net par mois.<\/li>\n<li>\u00eatre fran\u00e7ais\u00a0ou titulaire depuis au moins 5 ans d&rsquo;un titre de s\u00e9jour autorisant \u00e0 travailler.<\/li>\n<\/ul>\n<p><strong>La prime d&rsquo;activit\u00e9 concerne :\u00a0<\/strong><\/p>\n<ul>\n<li>Salari\u00e9<\/li>\n<li>Agriculteur<\/li>\n<li>Artisan<\/li>\n<li>Commer\u00e7ant<\/li>\n<li>Auto-entrepreneur<\/li>\n<li>Etudiant, stagiaire, apprenti<\/li>\n<li>Personne en\u00a0cong\u00e9 parental, sabbatique, sans solde ou en disponibilit\u00e9<\/li>\n<li>Dirigeant non-salari\u00e9<\/li>\n<li>Dirigeant salari\u00e9<\/li>\n<li>Fonctionnaire<\/li>\n<li>Profession lib\u00e9rale<\/li>\n<\/ul>\n<p data-start=\"0\" data-end=\"164\">Depuis le 1\u1d49\u02b3 mars 2025, la d\u00e9claration trimestrielle de l<strong>a prime d\u2019activit\u00e9 devient pr\u00e9-remplie<\/strong>, ce qui simplifie le processus. La CAF reprend automatiquement certaines informations \u00e0 partir des revenus d\u00e9clar\u00e9s auparavant, r\u00e9duisant ainsi les erreurs et acc\u00e9l\u00e9rant le traitement de votre demande. Toutefois, il reste important de v\u00e9rifier et de valider les informations pour \u00e9viter toute erreur qui pourrait affecter le montant de l\u2019aide.<\/p>\n<p data-start=\"0\" data-end=\"164\">\u00c0 partir de mars 2025, la p\u00e9riode \u00e0 d\u00e9clarer correspond aux <strong>trois mois pr\u00e9c\u00e9dant la demande : par exemple, en mars, vous devez d\u00e9clarer vos revenus des mois de novembre, d\u00e9cembre et janvier (et non plus d\u00e9cembre, janvier, f\u00e9vrier)<\/strong>. Cette nouvelle organisation facilite la gestion de votre dossier et rend la d\u00e9claration plus pr\u00e9cise.<\/p>\n<div class='cta-block'><div class='text'>Simulez votre prime d&rsquo;activit\u00e9 en 2 min. <\/div><a href='https:\/\/www.mes-allocs.fr\/ab-app?origin=guides\/wp-json\/wp\/v2\/posts\/10523' class='app-button fit'>Simulation gratuite<\/a><\/div>\n<p>&nbsp;<\/p>\n<h1><strong>Les APL<\/strong><\/h1>\n<p>Si vous \u00eates \u00e9ligible, l&rsquo;aide personnalis\u00e9e au logement vous est vers\u00e9e pour vous aider \u00e0 faire diminuer le montant des mensualit\u00e9s de votre loyer ou vous aider \u00e0 rembourser un emprunt immobilier.<a href=\"https:\/\/www.mes-allocs.fr\/guides\/wp-content\/uploads\/2020\/08\/house-4516175_1280.jpg\"><img loading=\"lazy\" decoding=\"async\" class=\"alignright wp-image-11146 size-medium\" title=\"simulation prime activit\u00e9 apl\" src=\"https:\/\/www.mes-allocs.fr\/guides\/wp-content\/uploads\/2020\/08\/house-4516175_1280-300x200.jpg\" alt=\"simulation prime activit\u00e9 apl\" width=\"300\" height=\"200\" srcset=\"https:\/\/www.mes-allocs.fr\/guides\/wp-content\/uploads\/2020\/08\/house-4516175_1280-300x200.jpg 300w, https:\/\/www.mes-allocs.fr\/guides\/wp-content\/uploads\/2020\/08\/house-4516175_1280-1024x682.jpg 1024w, https:\/\/www.mes-allocs.fr\/guides\/wp-content\/uploads\/2020\/08\/house-4516175_1280-768x512.jpg 768w, https:\/\/www.mes-allocs.fr\/guides\/wp-content\/uploads\/2020\/08\/house-4516175_1280-600x400.jpg 600w, https:\/\/www.mes-allocs.fr\/guides\/wp-content\/uploads\/2020\/08\/house-4516175_1280.jpg 1280w\" sizes=\"auto, (max-width: 300px) 100vw, 300px\" \/><\/a><\/p>\n<p>Selon votre r\u00e9gime d&rsquo;affiliation, l&rsquo;aide vous est vers\u00e9e par :<\/p>\n<ul>\n<li>La Mutualit\u00e9 sociale agricole (MSA) pour les assur\u00e9s du r\u00e9gime agricole<\/li>\n<li>La Caisse d\u2019allocations familiales (CAF) pour les autres<\/li>\n<\/ul>\n<p><strong>Attention : pour faire votre demande d&rsquo;APL, vous devez justifier d&rsquo;un logement, en effet lors de votre demande, vous devez fournir la copie du bail sign\u00e9.\u00a0<\/strong><\/p>\n<h2><strong>M\u00e9thode de calcul<\/strong><\/h2>\n<p style=\"text-align: justify;\">Pour d\u00e9terminer le montant de vos droits \u00e0 l&rsquo;APL, vos ressources ainsi que la composition de votre foyer sont prises en compte, la zone g\u00e9ographique est \u00e9galement un crit\u00e8re pris en compte.<\/p>\n<p style=\"text-align: justify;\">La CAF ou la MSA se base sur vos ressources des 12 derniers mois. Il figure sur votre avis d\u2019imposition. S\u2019il s\u2019agit d\u2019une colocation, les revenus de tous les locataires sont pris en compte.<\/p>\n<p>Voici les plafonds de ressources pour pouvoir b\u00e9n\u00e9ficier des APL en 2026.<br \/>\n\n<div class=\"wpdt-c row wpDataTableContainerSimpleTable wpDataTables wpDataTablesWrapper\n\"\n    >\n    <table id=\"wpdtSimpleTable-145\"\n           class=\"wpdtSimpleTable wpDataTable\"\n           data-column=\"2\"\n           data-rows=\"10\"\n           data-wpID=\"145\"\n           data-responsive=\"0\"\n           data-has-header=\"1\">\n\n                    <thead>        <tr class=\"wpdt-cell-row \" >\n                            <th class=\"wpdt-cell wpdt-bold wpdt-bc-F3F9FE\"\n                                    data-cell-id=\"A1\"\n                data-col-index=\"0\"\n                data-row-index=\"0\"\n                style=\" width:26.151930261519%;                padding:10px;\"\n                >\n                                Composition du foyer                <\/th>\n                                            <th class=\"wpdt-cell wpdt-bold wpdt-bc-F3F9FE\"\n                                    data-cell-id=\"B1\"\n                data-col-index=\"1\"\n                data-row-index=\"0\"\n                style=\" width:73.848069738481%;                padding:10px;\"\n                >\n                                Plafonds de ressources (en \u20ac) \u00e0 ne pas d\u00e9passer pour toucher le montant maximal d'APL en 2026                <\/th>\n                                        <\/tr>\n                    <tbody>        <tr class=\"wpdt-cell-row \" >\n                            <td class=\"wpdt-cell wpdt-bold wpdt-bc-F3F9FE\"\n                                    data-cell-id=\"A2\"\n                data-col-index=\"0\"\n                data-row-index=\"1\"\n                style=\"                padding:10px;\"\n                >\n                                Personne seule                <\/td>\n                                            <td class=\"wpdt-cell wpdt-bc-FFFFFF\"\n                                    data-cell-id=\"B2\"\n                data-col-index=\"1\"\n                data-row-index=\"1\"\n                style=\"                padding:10px;\"\n                >\n                                5 235                <\/td>\n                                        <\/tr>\n                            <tr class=\"wpdt-cell-row \" >\n                            <td class=\"wpdt-cell wpdt-bold wpdt-bc-F3F9FE\"\n                                    data-cell-id=\"A3\"\n                data-col-index=\"0\"\n                data-row-index=\"2\"\n                style=\"                padding:10px;\"\n                >\n                                Couple sans personne \u00e0 charge                <\/td>\n                                            <td class=\"wpdt-cell wpdt-bc-FFFFFF\"\n                                    data-cell-id=\"B3\"\n                data-col-index=\"1\"\n                data-row-index=\"2\"\n                style=\"                padding:10px;\"\n                >\n                                7 501                <\/td>\n                                        <\/tr>\n                            <tr class=\"wpdt-cell-row \" >\n                            <td class=\"wpdt-cell wpdt-bold wpdt-bc-F3F9FE\"\n                                    data-cell-id=\"A4\"\n                data-col-index=\"0\"\n                data-row-index=\"3\"\n                style=\"                padding:10px;\"\n                >\n                                Personne seule ou couple avec une personne \u00e0 charge                <\/td>\n                                            <td class=\"wpdt-cell wpdt-bc-FFFFFF\"\n                                    data-cell-id=\"B4\"\n                data-col-index=\"1\"\n                data-row-index=\"3\"\n                style=\"                padding:10px;\"\n                >\n                                8 947                <\/td>\n                                        <\/tr>\n                            <tr class=\"wpdt-cell-row \" >\n                            <td class=\"wpdt-cell wpdt-bold wpdt-bc-F3F9FE\"\n                                    data-cell-id=\"A5\"\n                data-col-index=\"0\"\n                data-row-index=\"4\"\n                style=\"                padding:10px;\"\n                >\n                                Personne seule ou couple ayant 2 personnes \u00e0 charge                <\/td>\n                                            <td class=\"wpdt-cell wpdt-bc-FFFFFF\"\n                                    data-cell-id=\"B5\"\n                data-col-index=\"1\"\n                data-row-index=\"4\"\n                style=\"                padding:10px;\"\n                >\n                                9 148                <\/td>\n                                        <\/tr>\n                            <tr class=\"wpdt-cell-row \" >\n                            <td class=\"wpdt-cell wpdt-bold wpdt-bc-F3F9FE\"\n                                    data-cell-id=\"A6\"\n                data-col-index=\"0\"\n                data-row-index=\"5\"\n                style=\"                padding:10px;\"\n                >\n                                Personne seule ou couple ayant 3 personnes \u00e0 charge                <\/td>\n                                            <td class=\"wpdt-cell wpdt-bc-FFFFFF\"\n                                    data-cell-id=\"B6\"\n                data-col-index=\"1\"\n                data-row-index=\"5\"\n                style=\"                padding:10px;\"\n                >\n                                9 498                <\/td>\n                                        <\/tr>\n                            <tr class=\"wpdt-cell-row \" >\n                            <td class=\"wpdt-cell wpdt-bold wpdt-bc-F3F9FE\"\n                                    data-cell-id=\"A7\"\n                data-col-index=\"0\"\n                data-row-index=\"6\"\n                style=\"                padding:10px;\"\n                >\n                                Personne seule ou couple ayant 4 personnes \u00e0 charge                <\/td>\n                                            <td class=\"wpdt-cell wpdt-bc-FFFFFF\"\n                                    data-cell-id=\"B7\"\n                data-col-index=\"1\"\n                data-row-index=\"6\"\n                style=\"                padding:10px;\"\n                >\n                                9 851                <\/td>\n                                        <\/tr>\n                            <tr class=\"wpdt-cell-row \" >\n                            <td class=\"wpdt-cell wpdt-bold wpdt-bc-F3F9FE\"\n                                    data-cell-id=\"A8\"\n                data-col-index=\"0\"\n                data-row-index=\"7\"\n                style=\"                padding:10px;\"\n                >\n                                Personne seule ou couple ayant 5 personnes \u00e0 charge                <\/td>\n                                            <td class=\"wpdt-cell wpdt-bc-FFFFFF\"\n                                    data-cell-id=\"B8\"\n                data-col-index=\"1\"\n                data-row-index=\"7\"\n                style=\"                padding:10px;\"\n                >\n                                10 202                <\/td>\n                                        <\/tr>\n                            <tr class=\"wpdt-cell-row \" >\n                            <td class=\"wpdt-cell wpdt-bold wpdt-bc-F3F9FE\"\n                                    data-cell-id=\"A9\"\n                data-col-index=\"0\"\n                data-row-index=\"8\"\n                style=\"                padding:10px;\"\n                >\n                                Personne seule ou couple ayant 6 personnes \u00e0 charge                <\/td>\n                                            <td class=\"wpdt-cell wpdt-bc-FFFFFF\"\n                                    data-cell-id=\"B9\"\n                data-col-index=\"1\"\n                data-row-index=\"8\"\n                style=\"                padding:10px;\"\n                >\n                                10 554                <\/td>\n                                        <\/tr>\n                            <tr class=\"wpdt-cell-row \" >\n                            <td class=\"wpdt-cell wpdt-bold wpdt-bc-F3F9FE\"\n                                    data-cell-id=\"A10\"\n                data-col-index=\"0\"\n                data-row-index=\"9\"\n                style=\"                padding:10px;\"\n                >\n                                Par personne \u00e0 charge suppl\u00e9mentaire                <\/td>\n                                            <td class=\"wpdt-cell wpdt-bc-FFFFFF\"\n                                    data-cell-id=\"B10\"\n                data-col-index=\"1\"\n                data-row-index=\"9\"\n                style=\"                padding:10px;\"\n                >\n                                + 346                <\/td>\n                                        <\/tr>\n                    <\/table>\n<\/div><style id='wpdt-custom-style-145'>\ntable#wpdtSimpleTable-145{ table-layout: fixed !important; }\n.wpdt-bc-F3F9FE { background-color: #F3F9FE !important;}\n.wpdt-bc-FFFFFF { background-color: #FFFFFF !important;}\n<\/style>\n<\/p>\n<h2><strong>Situations \u00e9ligibles aux APL<\/strong><\/h2>\n<ul>\n<li>Les locataires : une participation minimale de 35,13 euros reste obligatoirement \u00e0 la charge du locataire, quelles que soient votre situation et votre lieu de r\u00e9sidence.<\/li>\n<li>Lors d\u2019une colocation\u00a0:\u00a0APL et colocation\u00a0sont compatibles. Chaque occupant doit faire une demande et le nom doit appara\u00eetre sur le bail. Selon la part du loyer, les droits sont \u00e9tudi\u00e9s.<\/li>\n<li>Lors d\u2019une sous-location<\/li>\n<li>R\u00e9sident en HLM<\/li>\n<li>R\u00e9sident d\u2019un logement CROUS<\/li>\n<li>R\u00e9sident en foyer d\u2019h\u00e9bergement\u00a0: foyer de jeunes travailleurs, r\u00e9sidence sociale<\/li>\n<li>Lors du remboursement d\u2019un emprunt de la r\u00e9sidence principale : \u00c0 compter du 1er janvier 2020, les nouveaux propri\u00e9taires ne sont plus \u00e9ligibles \u00e0 l\u2019APL. Les conditions de l\u2019aide au logement pour propri\u00e9taire se sont durcies. En revanche, si vous \u00e9tiez \u00e9ligible avant cette date, vous continuez d\u2019en b\u00e9n\u00e9ficier si vous respectez les conditions.<\/li>\n<li>Cas particuliers si le propri\u00e9taire du logement fait partie de la famille\u00a0: si\u00a0vous louez \u00e0 un membre de votre famille, l\u2019APL peut vous \u00eatre accord\u00e9e dans certains cas. Il faut pour cela que le lien de parent\u00e9 ne soit pas direct.<\/li>\n<\/ul>\n<h1><strong>Versement de la prime d&rsquo;activit\u00e9 et des APL<a href=\"https:\/\/www.mes-allocs.fr\/guides\/wp-content\/uploads\/2020\/08\/time-273857_1280.jpg\"><img loading=\"lazy\" decoding=\"async\" class=\"alignright wp-image-11147 size-medium\" title=\"simulation prime activit\u00e9 apl\" src=\"https:\/\/www.mes-allocs.fr\/guides\/wp-content\/uploads\/2020\/08\/time-273857_1280-300x200.jpg\" alt=\"simulation prime activit\u00e9 apl\" width=\"300\" height=\"200\" srcset=\"https:\/\/www.mes-allocs.fr\/guides\/wp-content\/uploads\/2020\/08\/time-273857_1280-300x200.jpg 300w, https:\/\/www.mes-allocs.fr\/guides\/wp-content\/uploads\/2020\/08\/time-273857_1280-1024x682.jpg 1024w, https:\/\/www.mes-allocs.fr\/guides\/wp-content\/uploads\/2020\/08\/time-273857_1280-768x512.jpg 768w, https:\/\/www.mes-allocs.fr\/guides\/wp-content\/uploads\/2020\/08\/time-273857_1280-600x400.jpg 600w, https:\/\/www.mes-allocs.fr\/guides\/wp-content\/uploads\/2020\/08\/time-273857_1280.jpg 1280w\" sizes=\"auto, (max-width: 300px) 100vw, 300px\" \/><\/a><\/strong><\/h1>\n<p>La prime d&rsquo;activit\u00e9 tout comme les APL sont des prestations sociales vers\u00e9es par la CAF. \u00c0 ce titre, elles ne sont pas soumises \u00e0 l&rsquo;imp\u00f4t sur le revenu, vous n&rsquo;avez donc pas \u00e0 en d\u00e9clarer les montants sur votre feuille d&rsquo;imposition.<\/p>\n<p style=\"text-align: justify;\">Pour ces deux aides financi\u00e8res, le versement est g\u00e9n\u00e9ralement effectu\u00e9 le 5 de chaque mois. Si vous \u00eates \u00e9ligible \u00e0 ces deux aides, le versement intervient le m\u00eame jour en un seul versement.<\/p>\n<p>La prime d&rsquo;activit\u00e9 et les APL sont deux aides qui ne sont pas r\u00e9troactives, donc apr\u00e8s la simulation de vos droits, ne tardez pas \u00e0 faire votre demande. Tous les mois o\u00f9 vous \u00e9tiez \u00e9ligible, mais que vous n&rsquo;aviez pas fait votre demande seront perdus.<\/p>\n<p>\u00c0 noter : le calendrier de versements des APL et de la prime d&rsquo;activit\u00e9 est mis \u00e0 jour chaque ann\u00e9e.<\/p>\n<p>&nbsp;<\/p>\n<div class='cta-block'><div class='text'>Simulez votre prime d&rsquo;activit\u00e9 en 2 min. <\/div><a href='https:\/\/www.mes-allocs.fr\/ab-app?origin=guides\/wp-json\/wp\/v2\/posts\/10523' class='app-button fit'>Simulation gratuite<\/a><\/div>\n","protected":false},"excerpt":{"rendered":"<p>[Mis \u00e0 jour le 06\/01\/2026] La prime d&rsquo;activit\u00e9 est en vigueur depuis ann\u00e9es maintenant. Certains se sont vu retirer la prime pour l&#8217;emploi (la prime d&rsquo;activit\u00e9 le remplace depuis 2016). L&rsquo;APL quant \u00e0 lui est toujours en vigueur et peut \u00eatre cumul\u00e9 avec la prime d&rsquo;activit\u00e9, mais sous quelles conditions ? Mes Allocs vous explique [&hellip;]<\/p>\n","protected":false},"author":10,"featured_media":10722,"comment_status":"open","ping_status":"open","sticky":false,"template":"","format":"standard","meta":{"amp_status":"","footnotes":""},"categories":[20,18984],"tags":[],"class_list":["post-10523","post","type-post","status-publish","format-standard","has-post-thumbnail","hentry","category-prime-d-activite","category-simulation-prime-activite"],"yoast_head":"<!-- This site is optimized with the Yoast SEO plugin v14.9 - https:\/\/yoast.com\/wordpress\/plugins\/seo\/ -->\n<title>Comment faire une simulation de prime d&#039;activit\u00e9 et APL en 2026 ? | Mes-Allocs.fr<\/title>\n<meta name=\"description\" content=\"Les APL et la prime d&#039;activit\u00e9 peuvent compl\u00e9ter vos revenus en 2026. Estimez le montant de votre allocation avec la simulation Mes Allocs !\" \/>\n<meta name=\"robots\" content=\"index, follow, max-snippet:-1, max-image-preview:large, max-video-preview:-1\" \/>\n<link rel=\"canonical\" href=\"https:\/\/www.mes-allocs.fr\/guides\/prime-d-activite\/simulation-prime-activite\/simulation-apl-et-prime-activite\/\" \/>\n<meta property=\"og:locale\" content=\"fr_FR\" \/>\n<meta property=\"og:type\" content=\"article\" \/>\n<meta property=\"og:title\" content=\"Comment faire une simulation de prime d&#039;activit\u00e9 et APL en 2026 ? | Mes-Allocs.fr\" \/>\n<meta property=\"og:description\" content=\"Les APL et la prime d&#039;activit\u00e9 peuvent compl\u00e9ter vos revenus en 2026. Estimez le montant de votre allocation avec la simulation Mes Allocs !\" \/>\n<meta property=\"og:url\" content=\"https:\/\/www.mes-allocs.fr\/guides\/prime-d-activite\/simulation-prime-activite\/simulation-apl-et-prime-activite\/\" \/>\n<meta property=\"og:site_name\" content=\"Mes-Allocs.fr\" \/>\n<meta property=\"article:published_time\" content=\"2020-08-04T13:21:05+00:00\" \/>\n<meta property=\"article:modified_time\" content=\"2026-01-06T15:16:45+00:00\" \/>\n<meta property=\"og:image\" content=\"https:\/\/www.mes-allocs.fr\/guides\/wp-content\/uploads\/2020\/08\/happy-ethnic-woman-sitting-at-table-with-laptop-3769021-e1596547089195.jpg?wsr\" \/>\n\t<meta property=\"og:image:width\" content=\"1280\" \/>\n\t<meta property=\"og:image:height\" content=\"451\" \/>\n<meta name=\"twitter:card\" content=\"summary_large_image\" \/>\n<script type=\"application\/ld+json\" class=\"yoast-schema-graph\">{\"@context\":\"https:\/\/schema.org\",\"@graph\":[{\"@type\":\"WebSite\",\"@id\":\"https:\/\/www.mes-allocs.fr\/guides\/#website\",\"url\":\"https:\/\/www.mes-allocs.fr\/guides\/\",\"name\":\"Mes-Allocs.fr\",\"description\":\"\",\"potentialAction\":[{\"@type\":\"SearchAction\",\"target\":\"https:\/\/www.mes-allocs.fr\/guides\/?s={search_term_string}\",\"query-input\":\"required name=search_term_string\"}],\"inLanguage\":\"fr-FR\"},{\"@type\":\"ImageObject\",\"@id\":\"https:\/\/www.mes-allocs.fr\/guides\/prime-d-activite\/simulation-prime-activite\/simulation-apl-et-prime-activite\/#primaryimage\",\"inLanguage\":\"fr-FR\",\"url\":\"https:\/\/www.mes-allocs.fr\/guides\/wp-content\/uploads\/2020\/08\/happy-ethnic-woman-sitting-at-table-with-laptop-3769021-e1596547089195.jpg?wsr\",\"width\":1280,\"height\":451,\"caption\":\"simulation prime activit\\u00e9 apl\"},{\"@type\":\"WebPage\",\"@id\":\"https:\/\/www.mes-allocs.fr\/guides\/prime-d-activite\/simulation-prime-activite\/simulation-apl-et-prime-activite\/#webpage\",\"url\":\"https:\/\/www.mes-allocs.fr\/guides\/prime-d-activite\/simulation-prime-activite\/simulation-apl-et-prime-activite\/\",\"name\":\"Comment faire une simulation de prime d'activit\\u00e9 et APL en 2026 ? | Mes-Allocs.fr\",\"isPartOf\":{\"@id\":\"https:\/\/www.mes-allocs.fr\/guides\/#website\"},\"primaryImageOfPage\":{\"@id\":\"https:\/\/www.mes-allocs.fr\/guides\/prime-d-activite\/simulation-prime-activite\/simulation-apl-et-prime-activite\/#primaryimage\"},\"datePublished\":\"2020-08-04T13:21:05+00:00\",\"dateModified\":\"2026-01-06T15:16:45+00:00\",\"author\":{\"@id\":\"https:\/\/www.mes-allocs.fr\/guides\/#\/schema\/person\/8d47b912c0ad15f379df96b4e4e33f58\"},\"description\":\"Les APL et la prime d'activit\\u00e9 peuvent compl\\u00e9ter vos revenus en 2026. Estimez le montant de votre allocation avec la simulation Mes Allocs !\",\"inLanguage\":\"fr-FR\"},{\"@type\":\"Person\",\"@id\":\"https:\/\/www.mes-allocs.fr\/guides\/#\/schema\/person\/8d47b912c0ad15f379df96b4e4e33f58\",\"name\":\"Constance de Cagny\",\"image\":{\"@type\":\"ImageObject\",\"@id\":\"https:\/\/www.mes-allocs.fr\/guides\/#personlogo\",\"inLanguage\":\"fr-FR\",\"url\":\"https:\/\/www.mes-allocs.fr\/guides\/wp-content\/uploads\/2021\/06\/Constance.2e8ee0b.png\",\"caption\":\"Constance de Cagny\"},\"description\":\"Constance est r\\u00e9dactrice au sein de l'\\u00e9quipe Mes Allocs. Elle a l'habitude d'\\u00e9crire sur les sujets conso, bons plans et \\u00e9conomies. Dipl\\u00f4m\\u00e9e de l'ENACO, elle rejoint Mes Allocs apr\\u00e8s une premi\\u00e8re exp\\u00e9rience en cabinet notarial.\",\"sameAs\":[\"https:\/\/www.linkedin.com\/in\/constance-de-cagny-mayeur-bbb414135\"]}]}<\/script>\n<!-- \/ Yoast SEO plugin. -->","amp_validity":null,"acf":{"faq":{"1":{"question":"Quel revenu pour avoir droit aux APL ?","answer":"Vous ne devez pas d\u00e9passer les plafonds \u00e9tablis par la CAF pour obtenir les APL. Ils d\u00e9pendent de votre situation familiale et de vos revenus. Par exemple, une personne seule ne doit pas d\u00e9passer 5 235\u20ac pour obtenir les APL. "},"2":{"question":"Qui est \u00e9ligible \u00e0 l'APL ?","answer":"Vous pouvez faire une demande d'APL si vous r\u00e9sidez dans un \u00e9tablissement : \r\n- d'h\u00e9bergement pour personnes \u00e2g\u00e9es d\u00e9pendantes, \r\n- pour personnes autonomes,  autonomie\r\n- pour \u00e9tudiant, logement-foyer..."},"3":{"question":"Quel logement n'est pas \u00e9ligible \u00e0 l'APL ?","answer":"Si votre logement n'est pas conventionn\u00e9, vous ne pourrez pas b\u00e9n\u00e9ficier des APL. Vous pourrez en revanche avoir droit \u00e0 l'Allocation de Logement Social (ALS) si vous remplissez les conditions d'attribution de la CAF. "},"4":{"question":"Quelles sont les conditions pour toucher la prime d'activit\u00e9 ?","answer":"Pour b\u00e9n\u00e9ficier de la prime d'activit\u00e9, vous devez : \r\n- Avoir plus de 18 ans, \r\n- Habiter en France de fa\u00e7on stable (au moins 9 mois dans l'ann\u00e9e), \r\n- Avoir une activit\u00e9 professionnelle, une formation r\u00e9mun\u00e9r\u00e9e ou \u00eatre indemnis\u00e9e au titre du ch\u00f4mage partiel\/technique."},"5":{"question":"Est-il possible de cumuler un salaire avec la Prime d'activit\u00e9 ?","answer":"Vous pouvez obtenir une prime d'activit\u00e9 en plus de votre salaire si vos ressource sont modestes. "},"6":{"question":"Comment puis-je cumuler la prime d'activit\u00e9 et les APL ?","answer":"Vous pouvez bien cumuler prime d'activit\u00e9 et APL. La CAF appliquera alors un forfait logement qui vient diminuer le montant de vos APL. Ce forfait n'est pas \u00e9gal \u00e0 un montant d'APL et est fix\u00e9 au niveau national. "},"7":{"question":"Comment calculer si on a droit \u00e0 la prime d'activit\u00e9 ?","answer":"Vous pouvez savoir et estimer votre montant de prime d'activit\u00e9 via le simulateur de mes Allocs. C'est un outil rapide et gratuit, qui r\u00e9pondra \u00e0 toutes vos questions en quelques minutes. Vous saurez \u00e9galement si vous \u00eates \u00e9ligible \u00e0 une autre aide sociale. "},"8":{"question":"","answer":""},"9":{"question":"","answer":""},"10":{"question":"","answer":""},"11":{"question":"","answer":""},"12":{"question":"","answer":""},"13":{"question":"","answer":""},"14":{"question":"","answer":""},"15":{"question":"","answer":""},"16":{"question":"","answer":""}}},"_links":{"self":[{"href":"https:\/\/www.mes-allocs.fr\/guides\/wp-json\/wp\/v2\/posts\/10523","targetHints":{"allow":["GET"]}}],"collection":[{"href":"https:\/\/www.mes-allocs.fr\/guides\/wp-json\/wp\/v2\/posts"}],"about":[{"href":"https:\/\/www.mes-allocs.fr\/guides\/wp-json\/wp\/v2\/types\/post"}],"author":[{"embeddable":true,"href":"https:\/\/www.mes-allocs.fr\/guides\/wp-json\/wp\/v2\/users\/10"}],"replies":[{"embeddable":true,"href":"https:\/\/www.mes-allocs.fr\/guides\/wp-json\/wp\/v2\/comments?post=10523"}],"version-history":[{"count":34,"href":"https:\/\/www.mes-allocs.fr\/guides\/wp-json\/wp\/v2\/posts\/10523\/revisions"}],"predecessor-version":[{"id":106984,"href":"https:\/\/www.mes-allocs.fr\/guides\/wp-json\/wp\/v2\/posts\/10523\/revisions\/106984"}],"wp:featuredmedia":[{"embeddable":true,"href":"https:\/\/www.mes-allocs.fr\/guides\/wp-json\/wp\/v2\/media\/10722"}],"wp:attachment":[{"href":"https:\/\/www.mes-allocs.fr\/guides\/wp-json\/wp\/v2\/media?parent=10523"}],"wp:term":[{"taxonomy":"category","embeddable":true,"href":"https:\/\/www.mes-allocs.fr\/guides\/wp-json\/wp\/v2\/categories?post=10523"},{"taxonomy":"post_tag","embeddable":true,"href":"https:\/\/www.mes-allocs.fr\/guides\/wp-json\/wp\/v2\/tags?post=10523"}],"curies":[{"name":"wp","href":"https:\/\/api.w.org\/{rel}","templated":true}]}}