{"id":105098,"date":"2025-10-25T11:15:42","date_gmt":"2025-10-25T09:15:42","guid":{"rendered":"https:\/\/www.mes-allocs.fr\/guides\/?p=105098"},"modified":"2026-04-22T08:32:34","modified_gmt":"2026-04-22T07:32:34","slug":"avs","status":"publish","type":"post","link":"https:\/\/www.mes-allocs.fr\/guides\/aide-vacances\/vacaf\/avs\/","title":{"rendered":"Aide aux vacances sociales (AVS) : pouvez-vous en b\u00e9n\u00e9ficier ?"},"content":{"rendered":"<p><img loading=\"lazy\" decoding=\"async\" class=\"aligncenter size-full wp-image-105102\" title=\"aide vacances sociales\" src=\"https:\/\/www.mes-allocs.fr\/guides\/wp-content\/uploads\/2025\/10\/aide-vacances-sociales-1-e1761123184951.jpg\" alt=\"aide vacances sociales\" width=\"1920\" height=\"300\" srcset=\"https:\/\/www.mes-allocs.fr\/guides\/wp-content\/uploads\/2025\/10\/aide-vacances-sociales-1-e1761123184951.jpg 1920w, https:\/\/www.mes-allocs.fr\/guides\/wp-content\/uploads\/2025\/10\/aide-vacances-sociales-1-e1761123184951-300x47.jpg 300w, https:\/\/www.mes-allocs.fr\/guides\/wp-content\/uploads\/2025\/10\/aide-vacances-sociales-1-e1761123184951-1024x160.jpg 1024w, https:\/\/www.mes-allocs.fr\/guides\/wp-content\/uploads\/2025\/10\/aide-vacances-sociales-1-e1761123184951-768x120.jpg 768w, https:\/\/www.mes-allocs.fr\/guides\/wp-content\/uploads\/2025\/10\/aide-vacances-sociales-1-e1761123184951-1536x240.jpg 1536w, https:\/\/www.mes-allocs.fr\/guides\/wp-content\/uploads\/2025\/10\/aide-vacances-sociales-1-e1761123184951-600x94.jpg 600w\" sizes=\"auto, (max-width: 1920px) 100vw, 1920px\" \/><\/p>\n<p>Vous r\u00eavez de partir en vacances mais votre budget est trop serr\u00e9 ? L\u2019<b>Aide aux vacances sociales <\/b>(AVS) peut vous aider \u00e0 financer une partie de vos vacances. Cette aide <a href=\"https:\/\/www.mes-allocs.fr\/guides\/aide-vacances\/vacaf\/\">VACAF<\/a> est destin\u00e9e aux familles ou aux personnes accompagn\u00e9es par un travailleur social, et permet de rendre les vacances plus accessibles \u00e0 tous. Mes Allocs vous explique qui peut en b\u00e9n\u00e9ficier et quelles sont les d\u00e9marches.<\/p>\n<div class='cta-block'><div class='text'>Simulez vos aides aux vacances<\/div><a href='https:\/\/www.mes-allocs.fr\/simulation-aides?origin=guides\/wp-json\/wp\/v2\/posts\/105098' class='app-button fit'>Simulation gratuite<\/a><\/div>\n<h1>En quoi consiste l\u2019aide aux vacances sociales (AVS) ?<\/h1>\n<p>L\u2019aide aux vacances sociales est un dispositif financ\u00e9 par l\u2019Etat, les<b> CAF<\/b> et l&rsquo;<b>ANCV<\/b> (Agence nationale pour les ch\u00e8ques-vacances). Son objectif est de vous aider \u00e0 partir en vacances m\u00eame avec un petit budget. Le montant accord\u00e9 d\u00e9pend de vos revenus, de votre situation familiale et du type de s\u00e9jour, mais il peut all\u00e9ger consid\u00e9rablement le co\u00fbt total de vos vacances pour que vous profitiez de votre s\u00e9jour pleinement.<\/p>\n<h1>Quelles sont les conditions pour b\u00e9n\u00e9ficier de l\u2019AVS ?<\/h1>\n<h2>Qui est \u00e9ligible \u00e0 l\u2019AVS ?<\/h2>\n<p>L\u2019aide aux vacances sociales (AVS) s\u2019adresse tout d\u2019abord aux personnes ou familles ayant des revenus modestes et suivies par un <b>travailleur social <\/b>(assistant social, \u00e9ducateur\u2026). Son objectif est de vous permettre de partir en vacances malgr\u00e9 une situation financi\u00e8re difficile. Pour savoir si vous \u00eates concern\u00e9, voici les principales conditions :<\/p>\n<ul>\n<li aria-level=\"1\">Votre <b>quotient familial CAF<\/b> doit g\u00e9n\u00e9ralement \u00eatre <b>inf\u00e9rieur \u00e0 800\u20ac<\/b>.<\/li>\n<li aria-level=\"1\">Vous devez avoir au moins <b>1 enfant \u00e0 charge<\/b>, ou vous vivez en situation d\u2019isolement.<\/li>\n<li aria-level=\"1\">Vous ne devez pas \u00eatre parti en vacances depuis plusieurs ann\u00e9es.<\/li>\n<li aria-level=\"1\">Vous \u00eates <b>b\u00e9n\u00e9ficiaire d\u2019une aide sociale<\/b> (RSA, prime d\u2019activit\u00e9, aide au logement\u2026)<\/li>\n<li aria-level=\"1\">Vous \u00eates suivi par un<b> travailleur social<\/b> qui validera avec vous votre projet de s\u00e9jour.<\/li>\n<\/ul>\n<p><div class='shortcode important'><div class='title'>Important<\/div><div class='content'>Il est possible que ces conditions <strong>varient selon votre d\u00e9partement<\/strong>.<\/div><\/div><!-- notionvc: d43e219d-ab5d-4b98-972b-aead9ce707e9 --><!-- notionvc: bf0a225d-a0c2-4cfc-95aa-b1dfc574529d --><\/p>\n<h2>Les types de s\u00e9jours concern\u00e9s par l\u2019aide<\/h2>\n<p>L\u2019aide aux vacances sociales ne concerne pas tous les types de d\u00e9part en vacances. Elle s\u2019adresse uniquement aux <b>s\u00e9jours \u00e0 vis\u00e9e sociale<\/b>, <b>familiale<\/b> ou <b>\u00e9ducative<\/b>, pens\u00e9s pour vous permettre de vous reposer, vous ressourcer et partager un vrai moment en famille ou en groupe. Il est possible que ce soit un s\u00e9jour en famille dans un <b>village vacances <\/b>ou un <b>camping labellis\u00e9 par l\u2019ANCV<\/b>, un d\u00e9part encadr\u00e9 avec un centre social ou une association. Il est aussi possible que ce soit un s\u00e9jour th\u00e9matique par exemple autour de la nature, du patrimoine etc. Certains projets peuvent \u00eatre collectifs par exemple pour les familles accompagn\u00e9es par un travailleur social. Par exemple, certaines familles partent dans un centre de vacances en bord de mer pour d\u00e9couvrir de nouvelles activit\u00e9s ensemble, pendant que d&rsquo;autres pr\u00e9f\u00e8rent choisir un s\u00e9jour en montagne organis\u00e9 par une association, avec des ateliers \u00e9ducatifs pour les enfants.<\/p>\n<p>Votre travailleur social sera l\u00e0 pour vous guider dans le choix du s\u00e9jour le plus adapt\u00e9 \u00e0 vos besoins et \u00e0 votre situation financi\u00e8re. L\u2019objectif est de rendre les vacances accessibles \u00e0 tous, dans un cadre serein et accompagn\u00e9.<\/p>\n<h1>Comment savoir si vous \u00eates \u00e9ligible ?<\/h1>\n<p>Vous ne savez pas si vous pouvez b\u00e9n\u00e9ficier de l\u2019aide aux vacances sociales (AVS) ? Il vous suffit de faire une <b>simulation en ligne<\/b> : en quelques clics vous avez la possibilit\u00e9 de savoir si vous \u00eates \u00e9ligible et \u00e0 quel montant d\u2019aide vous avez droit. Le <a href=\"https:\/\/www.mes-allocs.fr\/guides\/aide-vacances\/vacaf\/simulation-vacaf\/\">simulateur VACAF<\/a> va prendre en compte votre situation personnelle, vos revenus, la composition de votre foyer ou encore les aides que vous percevez d\u00e9j\u00e0 pour d\u00e9terminer si vous \u00eates <strong>\u00e9ligible \u00e0 l&rsquo;AVS<\/strong>.<\/p>\n<div class='cta-block'><div class='text'>Simulez vos aides aux vacances<\/div><a href='https:\/\/www.mes-allocs.fr\/simulation-aides?origin=guides\/wp-json\/wp\/v2\/posts\/105098' class='app-button fit'>Simulation gratuite<\/a><\/div>\n<h1>Quel est le montant de l\u2019AVS en 2025 ?<\/h1>\n<h2>Combien pouvez-vous b\u00e9n\u00e9ficier pour vos vacances ?<\/h2>\n<p>Le montant de l\u2019aide aux vacances sociales d\u00e9pend directement de vos revenus et de la composition de votre foyer. En clair, plus vos ressources sont modestes, plus le montant accord\u00e9 sera \u00e9lev\u00e9. En g\u00e9n\u00e9ral, L\u2019AVS peut aller de <b>150 \u00e0 plus de 600\u20ac<\/b> par famille. Tout d\u00e9pend du type de s\u00e9jour et de votre quotient familial. Dans certains cas, elle peut couvrir jusqu\u2019\u00e0 <strong>70<\/strong><b>%<\/b> du co\u00fbt total des vacances.<\/p>\n<p><div class='shortcode tips'><div class='title'>Exemple<\/div><div class='content'>Dans le d\u00e9partement de la Loire, l&rsquo;AVS est attribu\u00e9e si votre quotient familial est inf\u00e9rieur ou \u00e9gal \u00e0 900 \u20ac. Le montant de l\u2019AVS d\u00e9pend du quotient familial. Par exemple, une famille compos\u00e9e de deux adultes et deux enfants, avec un quotient familial de 550 \u20ac, souhaite partir en vacances pour un s\u00e9jour d\u2019une valeur de 1 000 \u20ac. Gr\u00e2ce au dispositif mis en place par la CAF de la Loire, cette famille peut b\u00e9n\u00e9ficier d\u2019une aide couvrant jusqu\u2019\u00e0 70\u00a0 % du co\u00fbt total, soit 700 \u20ac. Ainsi, le reste \u00e0 charge pour le foyer s\u2019\u00e9l\u00e8ve \u00e0 400 \u20ac.<\/div><\/div><!-- notionvc: 725f9540-81c7-42d5-a821-4cde6379056c --><\/p>\n<h2>Comment est calcul\u00e9 le montant de l\u2019AVS ?<\/h2>\n<p>Le montant de votre aide aux vacances sociales d\u00e9pend de votre <b>quotient familial CAF<\/b> et du <b>prix total du s\u00e9jour<\/b>. Plus vos revenus sont modestes, plus la part prise en charge par la CAF ou l\u2019organisme partenaire sera importante. Ce calcul tient \u00e9galement compte de plusieurs crit\u00e8res : la composition du foyer, la dur\u00e9e du s\u00e9jour et le type de s\u00e9jour choisi.<\/p>\n<h2>Le mode de versement et la prise en charge concr\u00e8te<\/h2>\n<p>L\u2019AVS n\u2019est pas vers\u00e9e directement sur votre compte. Elle est d\u00e9duite du co\u00fbt total du s\u00e9jour au moment du paiement. Vous avez juste \u00e0 payer la part restante \u00e0 votre charge, le montant de l\u2019aide sera directement vers\u00e9 par la CAF ou l\u2019organisme financeur au centre de vacances. Il est possible que dans certains cas, un acompte soit demand\u00e9 lors de la r\u00e9servation, mais le reste sera automatiquement ajust\u00e9 apr\u00e8s la validation de votre aide.<\/p>\n<h1>Comment faire la demande d\u2019aide aux vacances sociales ?<\/h1>\n<h2>Demande AVS : quelles d\u00e9marches aupr\u00e8s de la CAF ou d\u2019un travail social ?<\/h2>\n<p>Pour pouvoir obtenir l\u2019AVS vous devez faire la demande avant de r\u00e9server votre s\u00e9jour. Il existe deux moyens possibles pour r\u00e9aliser cette d\u00e9marche :<\/p>\n<ul>\n<li aria-level=\"1\">Sur <b>votre CAF<\/b> : connectez-vous \u00e0 votre espace personnel sur le site de la CAF ou prenez contact avec votre antenne locale pour savoir si vous \u00eates \u00e9ligible.<\/li>\n<li aria-level=\"1\">Avec l\u2019aide d\u2019<b>un travailleur social<\/b> : il peut vous accompagner dans le montage de votre dossier et vous aider \u00e0 choisir un s\u00e9jour adapt\u00e9 \u00e0 votre situation.<\/li>\n<\/ul>\n<p><div class='shortcode disclaimer'><div class='title'>Attention<\/div><div class='content'>Avant de lancer des d\u00e9marches de demande d&rsquo;AVS, vous devez simulez votre \u00e9ligibilit\u00e9 avec le simulateur Mes Allocs car toutes les CAF ne proposent pas cette aide.<\/div><\/div><!-- notionvc: 2b0d396e-871b-4119-bff5-c9584426e6dd --><\/p>\n<h2>Les pi\u00e8ces justificatives \u00e0 fournir<\/h2>\n<p>Pour que votre demande soit compl\u00e8te, vous devez joindre plusieurs documents :<\/p>\n<ul>\n<li aria-level=\"1\">Une <b>attestation CAF<\/b> mentionnant votre quotient familial.<\/li>\n<li aria-level=\"1\">Votre dernier <b>avis d\u2019imposition<\/b>.<\/li>\n<li aria-level=\"1\">Un <b>devis <\/b>ou une<b> attestation de pr\u00e9inscription<\/b> du s\u00e9jour que vous avez choisi.<\/li>\n<li aria-level=\"1\">Une <b>pi\u00e8ce d\u2019identit\u00e9 <\/b>et un <b>justificatif de domicile<\/b>.<\/li>\n<li aria-level=\"1\">Parfois vous devez aussi avoir un document donn\u00e9 par le travailleur social charg\u00e9 de votre suivi.<\/li>\n<\/ul>\n<h1>Vous n\u2019\u00eates pas \u00e9ligible \u00e0 l\u2019AVS ? Les autres aides disponibles<\/h1>\n<p>Si jamais vous ne remplissez pas les conditions pour avoir droit aux aides aux vacances sociales, d\u2019autres aides comme <a href=\"https:\/\/www.mes-allocs.fr\/guides\/aide-vacances\/vacaf\/ave-avf\/\">l&rsquo;AVE ou l&rsquo;AVF<\/a> peuvent vous aider \u00e0 partir en vacances \u00e0 moindre co\u00fbt.<\/p>\n<h2>AVE<\/h2>\n<p>L<b>\u2019Aide au Vacances Enfant<\/b> (AVE) est propos\u00e9e par la CAF, elle permet aux familles modestes d\u2019envoyer leurs enfants en colonie de vacances, en camp ou en s\u00e9jour \u00e9ducatif. Cette aide est directement d\u00e9duite du prix du s\u00e9jour si il est organis\u00e9 par un centre agr\u00e9\u00e9 Vacaf, ce qui permet d\u2019\u00e9viter les avances de frais. Elle est calcul\u00e9e en fonction de votre quotient familial et du co\u00fbt total du s\u00e9jour. Vous pouvez faire la demande directement sur votre espace personnel de la CAF ou aupr\u00e8s de l\u2019organisateur partenaire.<\/p>\n<h2>AVF<\/h2>\n<p>L<b>\u2019Aide aux Vacances Familles <\/b>(AVF), est aussi propos\u00e9e par la CAF, elle est destin\u00e9e aux foyers avec un quotient familial g\u00e9n\u00e9ralement inf\u00e9rieur \u00e0 <b>900\u20ac<\/b> qui souhaitent partir dans un village vacances agr\u00e9\u00e9 Vacaf. Le montant varie selon votre nombre d\u2019enfants, la dur\u00e9e de votre s\u00e9jour et vos ressources. C\u2019est une solution qui peut \u00eatre int\u00e9ressante si vous souhaitez partir tous ensemble plut\u00f4t que de faire partir vos enfants en s\u00e9jour collectif.<\/p>\n<p><div class='shortcode summary'><div class='title'>En r\u00e9sum\u00e9 :<\/div><div class='content'><ul><li>L\u2019aide aux vacances sociales (AVS) aide les familles modestes \u00e0 financer une partie de leurs vacances.<\/li><li>Le quotient familial doit g\u00e9n\u00e9ralement \u00eatre <strong>inf\u00e9rieur \u00e0 800 \u20ac<\/strong>, mais il varie selon les d\u00e9partements.<\/li><li>L\u2019AVS est r\u00e9serv\u00e9e aux personnes suivies par un <strong>travailleur social<\/strong>.<\/li><li>Le montant varie selon les revenus, la composition du foyer et le type de s\u00e9jour.<\/li><li>L\u2019aide peut couvrir jusqu\u2019\u00e0 <strong>70 % du co\u00fbt total des vacances<\/strong>.<\/li><li>Elle est d\u00e9duite directement du prix du s\u00e9jour, pas vers\u00e9e sur le compte.<\/li><li>Toutes les CAF ne proposent pas cette aide : v\u00e9rifiez votre \u00e9ligibilit\u00e9 avec une <strong>simulation<\/strong>.<\/li><\/ul><\/div><\/div><!-- notionvc: f330ced7-05ff-484c-aef4-0ddf0b53c53e --><\/p>\n<div class='cta-block'><div class='text'>Simulez vos aides aux vacances<\/div><a href='https:\/\/www.mes-allocs.fr\/simulation-aides?origin=guides\/wp-json\/wp\/v2\/posts\/105098' class='app-button fit'>Simulation gratuite<\/a><\/div>\n","protected":false},"excerpt":{"rendered":"<p>Vous r\u00eavez de partir en vacances mais votre budget est trop serr\u00e9 ? L\u2019Aide aux vacances sociales (AVS) peut vous aider \u00e0 financer une partie de vos vacances. Cette aide VACAF est destin\u00e9e aux familles ou aux personnes accompagn\u00e9es par un travailleur social, et permet de rendre les vacances plus accessibles \u00e0 tous. Mes Allocs [&hellip;]<\/p>\n","protected":false},"author":29,"featured_media":105101,"comment_status":"open","ping_status":"open","sticky":false,"template":"","format":"standard","meta":{"amp_status":"","footnotes":""},"categories":[38652,13],"tags":[],"class_list":["post-105098","post","type-post","status-publish","format-standard","has-post-thumbnail","hentry","category-aide-vacances","category-vacaf"],"yoast_head":"<!-- This site is optimized with the Yoast SEO plugin v14.9 - https:\/\/yoast.com\/wordpress\/plugins\/seo\/ -->\n<title>Aide aux vacances sociales (AVS) : pouvez-vous en b\u00e9n\u00e9ficier ?<\/title>\n<meta name=\"description\" content=\"Envie de vacances malgr\u00e9 un petit budget ? L\u2019AVS peut couvrir jusqu\u2019\u00e0 70 % du co\u00fbt du s\u00e9jour. V\u00e9rifiez votre \u00e9ligibilit\u00e9 sur Mes Allocs !\" \/>\n<meta name=\"robots\" content=\"index, follow, max-snippet:-1, max-image-preview:large, max-video-preview:-1\" \/>\n<link rel=\"canonical\" href=\"https:\/\/www.mes-allocs.fr\/guides\/aide-vacances\/vacaf\/avs\/\" \/>\n<meta property=\"og:locale\" content=\"fr_FR\" \/>\n<meta property=\"og:type\" content=\"article\" \/>\n<meta property=\"og:title\" content=\"Aide aux vacances sociales (AVS) : pouvez-vous en b\u00e9n\u00e9ficier ?\" \/>\n<meta property=\"og:description\" content=\"Envie de vacances malgr\u00e9 un petit budget ? L\u2019AVS peut couvrir jusqu\u2019\u00e0 70 % du co\u00fbt du s\u00e9jour. V\u00e9rifiez votre \u00e9ligibilit\u00e9 sur Mes Allocs !\" \/>\n<meta property=\"og:url\" content=\"https:\/\/www.mes-allocs.fr\/guides\/aide-vacances\/vacaf\/avs\/\" \/>\n<meta property=\"og:site_name\" content=\"Mes-Allocs.fr\" \/>\n<meta property=\"article:published_time\" content=\"2025-10-25T09:15:42+00:00\" \/>\n<meta property=\"article:modified_time\" content=\"2026-04-22T07:32:34+00:00\" \/>\n<meta property=\"og:image\" content=\"https:\/\/www.mes-allocs.fr\/guides\/wp-content\/uploads\/2025\/10\/aide-vacances-avs.jpg?wsr\" \/>\n\t<meta property=\"og:image:width\" content=\"1920\" \/>\n\t<meta property=\"og:image:height\" content=\"1284\" \/>\n<meta name=\"twitter:card\" content=\"summary_large_image\" \/>\n<script type=\"application\/ld+json\" class=\"yoast-schema-graph\">{\"@context\":\"https:\/\/schema.org\",\"@graph\":[{\"@type\":\"WebSite\",\"@id\":\"https:\/\/www.mes-allocs.fr\/guides\/#website\",\"url\":\"https:\/\/www.mes-allocs.fr\/guides\/\",\"name\":\"Mes-Allocs.fr\",\"description\":\"\",\"potentialAction\":[{\"@type\":\"SearchAction\",\"target\":\"https:\/\/www.mes-allocs.fr\/guides\/?s={search_term_string}\",\"query-input\":\"required name=search_term_string\"}],\"inLanguage\":\"fr-FR\"},{\"@type\":\"ImageObject\",\"@id\":\"https:\/\/www.mes-allocs.fr\/guides\/aide-vacances\/vacaf\/avs\/#primaryimage\",\"inLanguage\":\"fr-FR\",\"url\":\"https:\/\/www.mes-allocs.fr\/guides\/wp-content\/uploads\/2025\/10\/aide-vacances-avs.jpg?wsr\",\"width\":1920,\"height\":1284,\"caption\":\"aide vacances avs\"},{\"@type\":\"WebPage\",\"@id\":\"https:\/\/www.mes-allocs.fr\/guides\/aide-vacances\/vacaf\/avs\/#webpage\",\"url\":\"https:\/\/www.mes-allocs.fr\/guides\/aide-vacances\/vacaf\/avs\/\",\"name\":\"Aide aux vacances sociales (AVS) : pouvez-vous en b\\u00e9n\\u00e9ficier ?\",\"isPartOf\":{\"@id\":\"https:\/\/www.mes-allocs.fr\/guides\/#website\"},\"primaryImageOfPage\":{\"@id\":\"https:\/\/www.mes-allocs.fr\/guides\/aide-vacances\/vacaf\/avs\/#primaryimage\"},\"datePublished\":\"2025-10-25T09:15:42+00:00\",\"dateModified\":\"2026-04-22T07:32:34+00:00\",\"author\":{\"@id\":\"https:\/\/www.mes-allocs.fr\/guides\/#\/schema\/person\/4e41463521c6aa39e7147c10ad0cb360\"},\"description\":\"Envie de vacances malgr\\u00e9 un petit budget ? L\\u2019AVS peut couvrir jusqu\\u2019\\u00e0 70 % du co\\u00fbt du s\\u00e9jour. V\\u00e9rifiez votre \\u00e9ligibilit\\u00e9 sur Mes Allocs !\",\"inLanguage\":\"fr-FR\"},{\"@type\":\"Person\",\"@id\":\"https:\/\/www.mes-allocs.fr\/guides\/#\/schema\/person\/4e41463521c6aa39e7147c10ad0cb360\",\"name\":\"Camille Jouanne\",\"image\":{\"@type\":\"ImageObject\",\"@id\":\"https:\/\/www.mes-allocs.fr\/guides\/#personlogo\",\"inLanguage\":\"fr-FR\",\"url\":\"https:\/\/www.mes-allocs.fr\/guides\/wp-content\/uploads\/2025\/08\/camille-jouanne-e1756398287761-150x150.png\",\"caption\":\"Camille Jouanne\"},\"description\":\"Responsable \\u00e9ditoriale chez Mes Allocs, je rejoins l'\\u00e9quipe en f\\u00e9vrier 2024 apr\\u00e8s une exp\\u00e9rience en agence web. Je suis sp\\u00e9cialis\\u00e9e sur les sujets li\\u00e9s aux aides sociales, aux imp\\u00f4ts, \\u00e0 la S\\u00e9curit\\u00e9 Sociale et \\u00e0 la retraite. Mon r\\u00f4le est de garantir la qualit\\u00e9, la pertinence et la coh\\u00e9rence des contenus publi\\u00e9s. J'accompagne les r\\u00e9dacteurs et r\\u00e9dactrices de l\\u2019id\\u00e9e \\u00e0 la publication, avec le souci du d\\u00e9tail. Ma priorit\\u00e9 : proposer des contenus fiables, engageants et pens\\u00e9s pour les lecteurs.\",\"sameAs\":[\"https:\/\/www.linkedin.com\/in\/camille-jouanne-2394881a5\"]}]}<\/script>\n<!-- \/ Yoast SEO plugin. -->","amp_validity":null,"acf":{"faq":{"1":{"question":"Comment avoir les 300 \u20ac de la mairie pour les vacances ?","answer":"Certaines mairies proposent une aide de 300 \u20ac pour les familles modestes, souvent via le CCAS (Centre communal d\u2019action sociale). Les crit\u00e8res varient selon les communes. V\u00e9rifiez votre \u00e9ligibilit\u00e9 sur Mes Allocs.fr"},"2":{"question":"Comment b\u00e9n\u00e9ficier des 600 \u20ac pour les vacances ?","answer":"L\u2019aide de 600 \u20ac correspond souvent \u00e0 l\u2019Aide aux vacances sociales (AVS) ou \u00e0 l\u2019Aide aux vacances familles (AVF) de la CAF. Le montant d\u00e9pend de votre quotient familial, du co\u00fbt du s\u00e9jour et de votre CAF."},"3":{"question":"Quelles sont les aides financi\u00e8res pour partir en vacances ?","answer":"Plusieurs dispositifs existent pour partir en vacances : l'AVS (pour les familles accompagn\u00e9es par un travailleur social), l'AVF (pour les familles modestes souhaitant partir ensemble), l'AVE (pour les enfants en colonies de vacances), les ch\u00e8ques-vacances ANCV ou encore les aides du CCAS."},"4":{"question":"Comment obtenir les 600 \u20ac de la CAF pour les vacances ?","answer":"Cette aide est attribu\u00e9e via le dispositif VACAF (AVS ou AVF) et son montant varie selon les CAF. Vous devez g\u00e9n\u00e9ralement avoir un quotient familial inf\u00e9rieur \u00e0 900 \u20ac. Regardez si vous \u00eates \u00e9ligible sur le site Mes Allocs."},"5":{"question":"Qui a droit aux 1 500 \u20ac de la CAF ?","answer":"Les 1 500\u20ac de la CAF correspondent \u00e0 certaines aides exceptionnelles ou aides au d\u00e9part en vacances dans des d\u00e9partements sp\u00e9cifiques. Il n\u2019existe pas d\u2019aide nationale standard de 1 500 \u20ac. Le montant d\u00e9pend de votre CAF, mais Mes Allocs peut vous aider \u00e0 savoir si vous \u00eates concern\u00e9. "},"6":{"question":"Qui a droit \u00e0 la prime de vacances ?","answer":"La prime de vacances n\u2019est pas une aide de la CAF. Elle est vers\u00e9e par certains employeurs, comit\u00e9s d\u2019entreprise ou la fonction publique (notamment pour les agents de l\u2019\u00c9tat via l\u2019ANCV). Son montant varie selon le statut et les revenus."},"7":{"question":"","answer":""},"8":{"question":"","answer":""},"9":{"question":"","answer":""},"10":{"question":"","answer":""},"11":{"question":"","answer":""},"12":{"question":"","answer":""},"13":{"question":"","answer":""},"14":{"question":"","answer":""},"15":{"question":"","answer":""},"16":{"question":"","answer":""}}},"_links":{"self":[{"href":"https:\/\/www.mes-allocs.fr\/guides\/wp-json\/wp\/v2\/posts\/105098","targetHints":{"allow":["GET"]}}],"collection":[{"href":"https:\/\/www.mes-allocs.fr\/guides\/wp-json\/wp\/v2\/posts"}],"about":[{"href":"https:\/\/www.mes-allocs.fr\/guides\/wp-json\/wp\/v2\/types\/post"}],"author":[{"embeddable":true,"href":"https:\/\/www.mes-allocs.fr\/guides\/wp-json\/wp\/v2\/users\/29"}],"replies":[{"embeddable":true,"href":"https:\/\/www.mes-allocs.fr\/guides\/wp-json\/wp\/v2\/comments?post=105098"}],"version-history":[{"count":5,"href":"https:\/\/www.mes-allocs.fr\/guides\/wp-json\/wp\/v2\/posts\/105098\/revisions"}],"predecessor-version":[{"id":110317,"href":"https:\/\/www.mes-allocs.fr\/guides\/wp-json\/wp\/v2\/posts\/105098\/revisions\/110317"}],"wp:featuredmedia":[{"embeddable":true,"href":"https:\/\/www.mes-allocs.fr\/guides\/wp-json\/wp\/v2\/media\/105101"}],"wp:attachment":[{"href":"https:\/\/www.mes-allocs.fr\/guides\/wp-json\/wp\/v2\/media?parent=105098"}],"wp:term":[{"taxonomy":"category","embeddable":true,"href":"https:\/\/www.mes-allocs.fr\/guides\/wp-json\/wp\/v2\/categories?post=105098"},{"taxonomy":"post_tag","embeddable":true,"href":"https:\/\/www.mes-allocs.fr\/guides\/wp-json\/wp\/v2\/tags?post=105098"}],"curies":[{"name":"wp","href":"https:\/\/api.w.org\/{rel}","templated":true}]}}