{"id":104961,"date":"2025-10-23T11:04:25","date_gmt":"2025-10-23T09:04:25","guid":{"rendered":"https:\/\/www.mes-allocs.fr\/guides\/?p=104961"},"modified":"2026-04-22T08:32:34","modified_gmt":"2026-04-22T07:32:34","slug":"fonds-air-bois","status":"publish","type":"post","link":"https:\/\/www.mes-allocs.fr\/guides\/aide-renovation\/aide-chauffage\/fonds-air-bois\/","title":{"rendered":"Fonds Air Bois 2025 : conditions, montant et d\u00e9marches"},"content":{"rendered":"<p><img loading=\"lazy\" decoding=\"async\" class=\"alignnone wp-image-104967 size-full\" title=\"fonds air bois conditions\" src=\"https:\/\/www.mes-allocs.fr\/guides\/wp-content\/uploads\/2025\/10\/fonds-air-bois-conditions-e1760629471108.jpg\" alt=\"fonds air bois conditions\" width=\"1920\" height=\"300\" srcset=\"https:\/\/www.mes-allocs.fr\/guides\/wp-content\/uploads\/2025\/10\/fonds-air-bois-conditions-e1760629471108.jpg 1920w, https:\/\/www.mes-allocs.fr\/guides\/wp-content\/uploads\/2025\/10\/fonds-air-bois-conditions-e1760629471108-300x47.jpg 300w, https:\/\/www.mes-allocs.fr\/guides\/wp-content\/uploads\/2025\/10\/fonds-air-bois-conditions-e1760629471108-1024x160.jpg 1024w, https:\/\/www.mes-allocs.fr\/guides\/wp-content\/uploads\/2025\/10\/fonds-air-bois-conditions-e1760629471108-768x120.jpg 768w, https:\/\/www.mes-allocs.fr\/guides\/wp-content\/uploads\/2025\/10\/fonds-air-bois-conditions-e1760629471108-1536x240.jpg 1536w, https:\/\/www.mes-allocs.fr\/guides\/wp-content\/uploads\/2025\/10\/fonds-air-bois-conditions-e1760629471108-600x94.jpg 600w\" sizes=\"auto, (max-width: 1920px) 100vw, 1920px\" \/><\/p>\n<p>Le <b>Fonds Air Bois<\/b> est une aide \u00e0 l\u2019\u00e9chelle locale qui soutient les particuliers souhaitant remplacer leur ancien chauffage au bois par un appareil plus performant et moins polluant. Cette <a href=\"https:\/\/www.mes-allocs.fr\/guides\/aide-renovation\/aide-chauffage\/\">aide pour le chauffage<\/a> vient compl\u00e9ter d\u2019autres dispositifs \u00e0 la r\u00e9novation \u00e9nerg\u00e9tique, comme MaPrimeRenov\u2019 ou les Certificats d\u2019\u00c9conomie d\u2019\u00c9nergie (CEE). Il peut donc consid\u00e9rablement r\u00e9duire le co\u00fbt de vos travaux. Mes Allocs vous explique comment en b\u00e9n\u00e9ficier.<\/p>\n<div class='cta-block'><div class='text'>Simulez toutes vos aides en 2 min.<\/div><a href='https:\/\/www.mes-allocs.fr\/simulation-aides?origin=guides\/wp-json\/wp\/v2\/posts\/104961' class='app-button fit'>Simulation gratuite<\/a><\/div>\n<h1>Qu\u2019est-ce que le Fonds Air Bois et \u00e0 quoi sert-il ?<\/h1>\n<h2>Une aide \u00e0 l\u2019\u00e9chelle locale pour am\u00e9liorer la qualit\u00e9 de l\u2019air<\/h2>\n<p>Le Fonds Air Bois est un programme lanc\u00e9 par l\u2019ADEME (Agence de la transition \u00e9cologique) et certaines collectivit\u00e9s locales. Il a \u00e9t\u00e9 mis en place pour r\u00e9duire la pollution li\u00e9e au chauffage de bois, qui est responsable d\u2019une part importante des particules fines dans certaines vall\u00e9es ou grandes m\u00e9tropoles fran\u00e7aises. <b>Cette aide financi\u00e8re encourage les particuliers \u00e0 remplacer leurs appareils anciens<\/b>. Ces derniers sont souvent anciens et peu performants (comme les chemin\u00e9es ouvertes, les vieux po\u00eales, les chaudi\u00e8res install\u00e9es depuis plus de 20 ans\u2026).<\/p>\n<p>Le but est de les remplacer par des mod\u00e8les plus r\u00e9cents et \u00e0 haut rendement. Attention,<strong> il est conseill\u00e9 que vos appareils neufs portent le label Flamme Verte 7 \u00e9toiles<\/strong> ou alors soient enregistr\u00e9s dans l\u2019ADEME. Gr\u00e2ce \u00e0 ce dispositif, les foyers r\u00e9duisent leur consommation de bois, leurs \u00e9missions de polluants et b\u00e9n\u00e9ficient d\u2019un meilleur confort.<\/p>\n<div class='shortcode tips'><div class='title'>Exemple<\/div><div class='content'>Dans le Cantal, un m\u00e9nage qui remplace une vieille chemin\u00e9e ouverte par un po\u00eale \u00e0 granul\u00e9s labellis\u00e9 Flamme Verte peut r\u00e9duire plus de 90 % des \u00e9missions de particules fines ! Un bon plan pour de r\u00e9elles \u00e9conomies et faire des \u00e9conomies d\u2019\u00e9nergies.<\/div><\/div>\n<h2>Votre r\u00e9gion propose-t-elle une aide du Fonds Air Bois ?<\/h2>\n<p>Prudence, le Fonds Air Bois est une aide locale, donc elle n\u2019est pas disponible sur tout le territoire. <b>Il est r\u00e9serv\u00e9 aux r\u00e9gions o\u00f9 la qualit\u00e9 de l\u2019air est particuli\u00e8rement d\u00e9grad\u00e9e par le chauffage au bois<\/b>. Les collectivit\u00e9s partenaires sont souvent soutenues par l\u2019ADEME.<\/p>\n<p>Voici les r\u00e9gions o\u00f9 des collectivit\u00e9s proposent le dispositif en 2025 :<\/p>\n<ul>\n<li aria-level=\"1\">Auvergne-Rh\u00f4ne-Alpes<\/li>\n<li aria-level=\"1\">Centre-Val de Loire<\/li>\n<li aria-level=\"1\">Grand Est<\/li>\n<li aria-level=\"1\">Hauts-de-France<\/li>\n<li aria-level=\"1\">Normandie<\/li>\n<li aria-level=\"1\">Nouvelle-Aquitaine<\/li>\n<li aria-level=\"1\">Occitanie<\/li>\n<li aria-level=\"1\">Provence-Alpes-C\u00f4te d\u2019Azur<\/li>\n<\/ul>\n<h2>Quels sont les appareils concern\u00e9s ou non par la prime du Fonds Air Bois ?<\/h2>\n<p>Sont \u00e9ligibles :<\/p>\n<ul>\n<li>Les po\u00eales \u00e0 bois ou \u00e0 granul\u00e9s r\u00e9cents, labellis\u00e9s Flamme Verte.<\/li>\n<li>Les chaudi\u00e8res \u00e0 bois performantes et les foyers ferm\u00e9s et inserts modernes.<\/li>\n<li>Les appareils remplac\u00e9s (\u00e9ligibles \u00e0 la d\u00e9pose) sont les chemin\u00e9es \u00e0 foyer ouvert, les anciens appareils au bois install\u00e9s avant 2002 (ou avant 2005, tout d\u00e9pend de la collectivit\u00e9), ainsi que les \u00e9quipements non performants ou tr\u00e8s polluants.<\/li>\n<\/ul>\n<p>Ne sont pas \u00e9ligibles :<\/p>\n<ul>\n<li>Les installations non certifi\u00e9es ou non conformes aux exigences Flamme Verte 7\/ADEME.<\/li>\n<li>Les appareils d\u2019occasion ou install\u00e9s sans professionnel RGE.<\/li>\n<\/ul>\n<div class='shortcode important'><div class='title'>Important<\/div><div class='content'>L\u2019ancien appareil doit obligatoirement \u00eatre d\u00e9pos\u00e9 en d\u00e9chetterie. De plus, un certificat de d\u00e9p\u00f4t tamponn\u00e9 doit \u00eatre fourni.<\/div><\/div>\n<h1>Qui peut b\u00e9n\u00e9ficier du Fonds Air Bois ?<\/h1>\n<p>Pour profiter du Fonds Air Bois, vous devez :<\/p>\n<ul>\n<li aria-level=\"1\">\u00catre un particulier (propri\u00e9taire occupant ou bailleur) ;<\/li>\n<li aria-level=\"1\">Remplacer un appareil de chauffage au bois install\u00e9 avant 2002 ou une chemin\u00e9e ouverte ;<\/li>\n<li aria-level=\"1\">Occuper le logement \u00e0 titre de r\u00e9sidence principale ;<\/li>\n<li aria-level=\"1\">Faire appel \u00e0 un professionnel RGE, signataire de la charte \u201cAir Bois\u201d de votre territoire ;<\/li>\n<li aria-level=\"1\">D\u00e9poser l\u2019ancien appareil \u00e0 la d\u00e9chetterie (justificatif obligatoire) ;<\/li>\n<li aria-level=\"1\">Installer un appareil Flamme Verte 7 \u00e9toiles ou \u00e9quivalent.<\/li>\n<\/ul>\n<div class='shortcode disclaimer'><div class='title'>Attention<\/div><div class='content'>Attention, les conditions exactes varient encore une fois selon les collectivit\u00e9s, notamment sur les plafonds de revenus ou le type d\u2019appareil remplac\u00e9.<\/div><\/div>\n<div class='cta-block'><div class='text'>Simulez toutes vos aides en 2 min.<\/div><a href='https:\/\/www.mes-allocs.fr\/simulation-aides?origin=guides\/wp-json\/wp\/v2\/posts\/104961' class='app-button fit'>Simulation gratuite<\/a><\/div>\n<h1>Quel est le montant du Fonds Air Bois ?<\/h1>\n<h2>Des montants qui varient selon les localit\u00e9s<\/h2>\n<p>Le montant du Fonds Air Bois d\u00e9pend du territoire o\u00f9 vous habitez, de vos revenus, et du type d\u2019appareil remplac\u00e9. <b>La prime se situe entre 600 euros et 3 000 euros<\/b>, avec parfois une majoration de 1 000 euros pour les m\u00e9nages les plus modestes, \u00e9ligibles aux aides de l\u2019Anah (Agence nationale de l\u2019habitat).<\/p>\n<h2>Fonds Air Bois 2025, les montants par collectivit\u00e9<\/h2>\n\n<div class=\"wpdt-c row wpDataTableContainerSimpleTable wpDataTables wpDataTablesWrapper\n\"\n    >\n    <table id=\"wpdtSimpleTable-703\"\n           class=\"wpdtSimpleTable wpDataTable\"\n           data-column=\"2\"\n           data-rows=\"18\"\n           data-wpID=\"703\"\n           data-responsive=\"0\"\n           data-has-header=\"0\">\n\n                    <tbody>        <tr class=\"wpdt-cell-row \" >\n                            <td class=\"wpdt-cell wpdt-bc-F3F9FE wpdt-bold\"\n                                    data-cell-id=\"A1\"\n                data-col-index=\"0\"\n                data-row-index=\"0\"\n                style=\" width:50%;                padding:10px;\"\n                >\n                                Collectivit\u00e9 \/ Territoire                <\/td>\n                                            <td class=\"wpdt-cell wpdt-bc-F3F9FE wpdt-bold\"\n                                    data-cell-id=\"B1\"\n                data-col-index=\"1\"\n                data-row-index=\"0\"\n                style=\" width:50%;                padding:10px;\"\n                >\n                                Montant de l'aide                <\/td>\n                                        <\/tr>\n                            <tr class=\"wpdt-cell-row \" >\n                            <td class=\"wpdt-cell \"\n                                    data-cell-id=\"A2\"\n                data-col-index=\"0\"\n                data-row-index=\"1\"\n                style=\"                padding:10px;\"\n                >\n                                Vall\u00e9e de l\u2019Arve                <\/td>\n                                            <td class=\"wpdt-cell \"\n                                    data-cell-id=\"B2\"\n                data-col-index=\"1\"\n                data-row-index=\"1\"\n                style=\"                padding:10px;\"\n                >\n                                Jusqu\u2019\u00e0 2 000 \u20ac                <\/td>\n                                        <\/tr>\n                            <tr class=\"wpdt-cell-row \" >\n                            <td class=\"wpdt-cell \"\n                                    data-cell-id=\"A3\"\n                data-col-index=\"0\"\n                data-row-index=\"2\"\n                style=\"                padding:10px;\"\n                >\n                                Grenoble-Alpes M\u00e9tropole                <\/td>\n                                            <td class=\"wpdt-cell \"\n                                    data-cell-id=\"B3\"\n                data-col-index=\"1\"\n                data-row-index=\"2\"\n                style=\"                padding:10px;\"\n                >\n                                1 600 \u20ac \u00e0 2 000 \u20ac                <\/td>\n                                        <\/tr>\n                            <tr class=\"wpdt-cell-row \" >\n                            <td class=\"wpdt-cell \"\n                                    data-cell-id=\"A4\"\n                data-col-index=\"0\"\n                data-row-index=\"3\"\n                style=\"                padding:10px;\"\n                >\n                                Le Gr\u00e9sivaudan                <\/td>\n                                            <td class=\"wpdt-cell \"\n                                    data-cell-id=\"B4\"\n                data-col-index=\"1\"\n                data-row-index=\"3\"\n                style=\"                padding:10px;\"\n                >\n                                1 600 \u20ac \u00e0 2 400 \u20ac                <\/td>\n                                        <\/tr>\n                            <tr class=\"wpdt-cell-row \" >\n                            <td class=\"wpdt-cell \"\n                                    data-cell-id=\"A5\"\n                data-col-index=\"0\"\n                data-row-index=\"4\"\n                style=\"                padding:10px;\"\n                >\n                                Pays Voironnais                <\/td>\n                                            <td class=\"wpdt-cell \"\n                                    data-cell-id=\"B5\"\n                data-col-index=\"1\"\n                data-row-index=\"4\"\n                style=\"                padding:10px;\"\n                >\n                                1 100 \u20ac (+ 400 \u20ac si revenus modestes \u2192 1 500 \u20ac max)                <\/td>\n                                        <\/tr>\n                            <tr class=\"wpdt-cell-row \" >\n                            <td class=\"wpdt-cell \"\n                                    data-cell-id=\"A6\"\n                data-col-index=\"0\"\n                data-row-index=\"5\"\n                style=\"                padding:10px;\"\n                >\n                                M\u00e9tropole de Lyon                <\/td>\n                                            <td class=\"wpdt-cell \"\n                                    data-cell-id=\"B6\"\n                data-col-index=\"1\"\n                data-row-index=\"5\"\n                style=\"                padding:10px;\"\n                >\n                                1 000 \u20ac \u00e0 3 000 \u20ac                <\/td>\n                                        <\/tr>\n                            <tr class=\"wpdt-cell-row \" >\n                            <td class=\"wpdt-cell \"\n                                    data-cell-id=\"A7\"\n                data-col-index=\"0\"\n                data-row-index=\"6\"\n                style=\"                padding:10px;\"\n                >\n                                Orl\u00e9ans M\u00e9tropole                <\/td>\n                                            <td class=\"wpdt-cell \"\n                                    data-cell-id=\"B7\"\n                data-col-index=\"1\"\n                data-row-index=\"6\"\n                style=\"                padding:10px;\"\n                >\n                                1 000 \u20ac                <\/td>\n                                        <\/tr>\n                            <tr class=\"wpdt-cell-row \" >\n                            <td class=\"wpdt-cell \"\n                                    data-cell-id=\"A8\"\n                data-col-index=\"0\"\n                data-row-index=\"7\"\n                style=\"                padding:10px;\"\n                >\n                                Eurom\u00e9tropole de Strasbourg                <\/td>\n                                            <td class=\"wpdt-cell \"\n                                    data-cell-id=\"B8\"\n                data-col-index=\"1\"\n                data-row-index=\"7\"\n                style=\"                padding:10px;\"\n                >\n                                1 000 \u20ac \u00e0 2 500 \u20ac                <\/td>\n                                        <\/tr>\n                            <tr class=\"wpdt-cell-row \" >\n                            <td class=\"wpdt-cell \"\n                                    data-cell-id=\"A9\"\n                data-col-index=\"0\"\n                data-row-index=\"8\"\n                style=\"                padding:10px;\"\n                >\n                                M\u00e9tropole du Grand Nancy                <\/td>\n                                            <td class=\"wpdt-cell \"\n                                    data-cell-id=\"B9\"\n                data-col-index=\"1\"\n                data-row-index=\"8\"\n                style=\"                padding:10px;\"\n                >\n                                1 500 \u20ac \u00e0 2 500 \u20ac                <\/td>\n                                        <\/tr>\n                            <tr class=\"wpdt-cell-row \" >\n                            <td class=\"wpdt-cell \"\n                                    data-cell-id=\"A10\"\n                data-col-index=\"0\"\n                data-row-index=\"9\"\n                style=\"                padding:10px;\"\n                >\n                                Grand Reims                <\/td>\n                                            <td class=\"wpdt-cell \"\n                                    data-cell-id=\"B10\"\n                data-col-index=\"1\"\n                data-row-index=\"9\"\n                style=\"                padding:10px;\"\n                >\n                                1 200 \u20ac                <\/td>\n                                        <\/tr>\n                            <tr class=\"wpdt-cell-row \" >\n                            <td class=\"wpdt-cell \"\n                                    data-cell-id=\"A11\"\n                data-col-index=\"0\"\n                data-row-index=\"10\"\n                style=\"                padding:10px;\"\n                >\n                                M\u00e9tropole Europ\u00e9enne de Lille                <\/td>\n                                            <td class=\"wpdt-cell \"\n                                    data-cell-id=\"B11\"\n                data-col-index=\"1\"\n                data-row-index=\"10\"\n                style=\"                padding:10px;\"\n                >\n                                1 000 \u20ac \u00e0 2 500 \u20ac (+ 500 \u20ac bonus r\u00e9novation globale)                <\/td>\n                                        <\/tr>\n                            <tr class=\"wpdt-cell-row \" >\n                            <td class=\"wpdt-cell \"\n                                    data-cell-id=\"A12\"\n                data-col-index=\"0\"\n                data-row-index=\"11\"\n                style=\"                padding:10px;\"\n                >\n                                Agglom\u00e9ration Creil Sud Oise                <\/td>\n                                            <td class=\"wpdt-cell \"\n                                    data-cell-id=\"B12\"\n                data-col-index=\"1\"\n                data-row-index=\"11\"\n                style=\"                padding:10px;\"\n                >\n                                1 500 \u20ac                <\/td>\n                                        <\/tr>\n                            <tr class=\"wpdt-cell-row \" >\n                            <td class=\"wpdt-cell \"\n                                    data-cell-id=\"A13\"\n                data-col-index=\"0\"\n                data-row-index=\"12\"\n                style=\"                padding:10px;\"\n                >\n                                Pays du Cambr\u00e9sis                <\/td>\n                                            <td class=\"wpdt-cell \"\n                                    data-cell-id=\"B13\"\n                data-col-index=\"1\"\n                data-row-index=\"12\"\n                style=\"                padding:10px;\"\n                >\n                                1 350 \u20ac                <\/td>\n                                        <\/tr>\n                            <tr class=\"wpdt-cell-row \" >\n                            <td class=\"wpdt-cell \"\n                                    data-cell-id=\"A14\"\n                data-col-index=\"0\"\n                data-row-index=\"13\"\n                style=\"                padding:10px;\"\n                >\n                                M\u00e9tropole Rouen Normandie                <\/td>\n                                            <td class=\"wpdt-cell \"\n                                    data-cell-id=\"B14\"\n                data-col-index=\"1\"\n                data-row-index=\"13\"\n                style=\"                padding:10px;\"\n                >\n                                1 000 \u20ac \u00e0 2 000 \u20ac                <\/td>\n                                        <\/tr>\n                            <tr class=\"wpdt-cell-row \" >\n                            <td class=\"wpdt-cell \"\n                                    data-cell-id=\"A15\"\n                data-col-index=\"0\"\n                data-row-index=\"14\"\n                style=\"                padding:10px;\"\n                >\n                                Bordeaux M\u00e9tropole                <\/td>\n                                            <td class=\"wpdt-cell \"\n                                    data-cell-id=\"B15\"\n                data-col-index=\"1\"\n                data-row-index=\"14\"\n                style=\"                padding:10px;\"\n                >\n                                1 000 \u20ac \u00e0 4 000 \u20ac                <\/td>\n                                        <\/tr>\n                            <tr class=\"wpdt-cell-row \" >\n                            <td class=\"wpdt-cell \"\n                                    data-cell-id=\"A16\"\n                data-col-index=\"0\"\n                data-row-index=\"15\"\n                style=\"                padding:10px;\"\n                >\n                                Agglo Tarbes-Lourdes-Pyr\u00e9n\u00e9es                <\/td>\n                                            <td class=\"wpdt-cell \"\n                                    data-cell-id=\"B16\"\n                data-col-index=\"1\"\n                data-row-index=\"15\"\n                style=\"                padding:10px;\"\n                >\n                                300 \u20ac \u00e0 700 \u20ac                <\/td>\n                                        <\/tr>\n                            <tr class=\"wpdt-cell-row \" >\n                            <td class=\"wpdt-cell \"\n                                    data-cell-id=\"A17\"\n                data-col-index=\"0\"\n                data-row-index=\"16\"\n                style=\"                padding:10px;\"\n                >\n                                Toulouse M\u00e9tropole                <\/td>\n                                            <td class=\"wpdt-cell \"\n                                    data-cell-id=\"B17\"\n                data-col-index=\"1\"\n                data-row-index=\"16\"\n                style=\"                padding:10px;\"\n                >\n                                1 200 \u20ac \u00e0 2 700 \u20ac                <\/td>\n                                        <\/tr>\n                            <tr class=\"wpdt-cell-row \" >\n                            <td class=\"wpdt-cell \"\n                                    data-cell-id=\"A18\"\n                data-col-index=\"0\"\n                data-row-index=\"17\"\n                style=\"                padding:10px;\"\n                >\n                                D\u00e9partement des Bouches-du-Rh\u00f4ne (13)                <\/td>\n                                            <td class=\"wpdt-cell \"\n                                    data-cell-id=\"B18\"\n                data-col-index=\"1\"\n                data-row-index=\"17\"\n                style=\"                padding:10px;\"\n                >\n                                jusqu\u2019\u00e0 1 500 \u20ac                <\/td>\n                                        <\/tr>\n                    <\/table>\n<\/div><style id='wpdt-custom-style-703'>\n.wpdt-bc-F3F9FE { background-color: #F3F9FE !important;}\n<\/style>\n\n<h2>Une aide cumulable \u00e0 d\u2019autres dispositifs<\/h2>\n<p><strong>Le Fonds Air Bois est cumulable avec MaPrimeRenov\u2019<\/strong>, et, selon les territoires des CEE (Certificats d\u2019\u00c9conomie d\u2019\u00c9nergie). Votre reste \u00e0 charge peut d\u2019ailleurs \u00eatre financ\u00e9 par l\u2019\u00c9co-pr\u00eat \u00e0 taux z\u00e9ro. Mais le cumul est plafonn\u00e9, comme la r\u00e8gle d&rsquo;\u00e9cr\u00eatement (un montant \u00e0 ne pas d\u00e9passer) de MaPrimeRenov\u2019.<\/p>\n<h1>Comment faire une demande de Fonds Air Bois ?<\/h1>\n<h2>Les d\u00e9marches \u00e0 effectuer<\/h2>\n<p>La demande se fait aupr\u00e8s de votre collectivit\u00e9 locale. Chaque territoire dispose de son propre formulaire, \u00e0 remplir en ligne.<\/p>\n<h3>Avant les travaux<\/h3>\n<ol>\n<li aria-level=\"1\">V\u00e9rifiez bien votre \u00e9ligibilit\u00e9 aupr\u00e8s de votre mairie, d\u2019un conseiller France R\u00e9nov\u2019 ou bien du <strong>simulateur Mes Allocs<\/strong>.<\/li>\n<li aria-level=\"1\">Constituez votre dossier avec le devis de l\u2019installateur RGE, la preuve que votre ancien appareil est \u00e0 remplacer, et vos justificatifs de revenus si demand\u00e9s.<\/li>\n<li aria-level=\"1\">Attendez l\u2019accord \u00e9crit avant de lancer les travaux. Sans cet accord, la prime ne sera pas vers\u00e9e.<\/li>\n<\/ol>\n<h3>Pendant les travaux<\/h3>\n<p>D\u00e9posez votre ancien appareil \u00e0 la d\u00e9chetterie et faites tamponner le certificat de d\u00e9p\u00f4t (un document obligatoire \u00e0 la fin du chantier).<\/p>\n<h3>Apr\u00e8s les travaux<\/h3>\n<p>Payez la facture finale et rassemblez vos justificatifs et envoyez le dossier \u00e0 l\u2019adresse indiqu\u00e9e par votre collectivit\u00e9. <strong>Le versement de la prime interviendra quelques semaines apr\u00e8s la validation du dossier.<\/strong><\/p>\n<h2>Dossier Fonds Air Bois : quels sont les documents \u00e0 joindre ?<\/h2>\n<p>Pour un dossier complet, vous devez fournir :<\/p>\n<ul>\n<li aria-level=\"1\">Le formulaire officiel de demande,<\/li>\n<li aria-level=\"1\">Une copie de votre pi\u00e8ce d\u2019identit\u00e9,<\/li>\n<li aria-level=\"1\">Un justificatif de domicile,<\/li>\n<li aria-level=\"1\">Le devis et la facture du professionnel RGE,<\/li>\n<li aria-level=\"1\">Le certificat de d\u00e9p\u00f4t de l\u2019ancien appareil,<\/li>\n<li aria-level=\"1\">Le label ou la r\u00e9f\u00e9rence Flamme Verte du nouvel appareil,<\/li>\n<li aria-level=\"1\">Et, si applicable, les justificatifs de revenus pour les aides major\u00e9es.<\/li>\n<\/ul>\n<p>Si vous avez des doutes ou souhaitez \u00eatre accompagn\u00e9, un expert Mes Allocs <strong>peut vous aider \u00e0 constituer votre dossier<\/strong> et v\u00e9rifier que vous cumulez toutes les aides possibles.<\/p>\n<div class='shortcode summary'><div class='title'>En r\u00e9sum\u00e9 :<\/div><div class='content'><ul><li> Le Fonds Air Bois 2025 est<strong> une aide locale qui finance le remplacement des anciens appareils de chauffage au bois<\/strong> par des mod\u00e8les plus performants et moins polluants.<\/li><li> Les foyers peuvent remplacer leurs chemin\u00e9es ouvertes, po\u00eales ou chaudi\u00e8res anciennes par <strong>des appareils labellis\u00e9s Flamme Verte 7 \u00e9toiles<\/strong>.<\/li><li> <strong>L\u2019aide est cumulable<\/strong> avec MaPrimeR\u00e9nov\u2019, les Certificats d\u2019\u00c9conomies d\u2019\u00c9nergie (CEE) ou encore l\u2019\u00c9co-pr\u00eat \u00e0 taux z\u00e9ro, dans la limite du co\u00fbt total des travaux.<\/li><li> La demande se fait aupr\u00e8s de la collectivit\u00e9 locale, avant le d\u00e9marrage des travaux, avec un dossier complet incluant devis, justificatifs et certificat de d\u00e9p\u00f4t de l\u2019ancien appareil. <\/li><\/ul><\/div><\/div>\n<div class='cta-block'><div class='text'>Simulez toutes vos aides en 2 min.<\/div><a href='https:\/\/www.mes-allocs.fr\/simulation-aides?origin=guides\/wp-json\/wp\/v2\/posts\/104961' class='app-button fit'>Simulation gratuite<\/a><\/div>\n","protected":false},"excerpt":{"rendered":"<p>Le Fonds Air Bois est une aide \u00e0 l\u2019\u00e9chelle locale qui soutient les particuliers souhaitant remplacer leur ancien chauffage au bois par un appareil plus performant et moins polluant. Cette aide pour le chauffage vient compl\u00e9ter d\u2019autres dispositifs \u00e0 la r\u00e9novation \u00e9nerg\u00e9tique, comme MaPrimeRenov\u2019 ou les Certificats d\u2019\u00c9conomie d\u2019\u00c9nergie (CEE). Il peut donc consid\u00e9rablement r\u00e9duire [&hellip;]<\/p>\n","protected":false},"author":35,"featured_media":105062,"comment_status":"open","ping_status":"open","sticky":false,"template":"","format":"standard","meta":{"amp_status":"","footnotes":""},"categories":[9428,8154],"tags":[],"class_list":["post-104961","post","type-post","status-publish","format-standard","has-post-thumbnail","hentry","category-aide-chauffage","category-aide-renovation"],"yoast_head":"<!-- This site is optimized with the Yoast SEO plugin v14.9 - https:\/\/yoast.com\/wordpress\/plugins\/seo\/ -->\n<title>Fonds Air Bois 2025 : conditions, montant et d\u00e9marches | Mes-Allocs.fr<\/title>\n<meta name=\"description\" content=\"Le Fonds Air Bois est une aide pour le remplacement de votre ancien chauffage au bois par un appareil plus performant. On vous explique.\" \/>\n<meta name=\"robots\" content=\"index, follow, max-snippet:-1, max-image-preview:large, max-video-preview:-1\" \/>\n<link rel=\"canonical\" href=\"https:\/\/www.mes-allocs.fr\/guides\/aide-renovation\/aide-chauffage\/fonds-air-bois\/\" \/>\n<meta property=\"og:locale\" content=\"fr_FR\" \/>\n<meta property=\"og:type\" content=\"article\" \/>\n<meta property=\"og:title\" content=\"Fonds Air Bois 2025 : conditions, montant et d\u00e9marches | Mes-Allocs.fr\" \/>\n<meta property=\"og:description\" content=\"Le Fonds Air Bois est une aide pour le remplacement de votre ancien chauffage au bois par un appareil plus performant. On vous explique.\" \/>\n<meta property=\"og:url\" content=\"https:\/\/www.mes-allocs.fr\/guides\/aide-renovation\/aide-chauffage\/fonds-air-bois\/\" \/>\n<meta property=\"og:site_name\" content=\"Mes-Allocs.fr\" \/>\n<meta property=\"article:published_time\" content=\"2025-10-23T09:04:25+00:00\" \/>\n<meta property=\"article:modified_time\" content=\"2026-04-22T07:32:34+00:00\" \/>\n<meta property=\"og:image\" content=\"https:\/\/www.mes-allocs.fr\/guides\/wp-content\/uploads\/2025\/10\/fonds-air-bois-1.jpg?wsr\" \/>\n\t<meta property=\"og:image:width\" content=\"1024\" \/>\n\t<meta property=\"og:image:height\" content=\"769\" \/>\n<meta name=\"twitter:card\" content=\"summary_large_image\" \/>\n<script type=\"application\/ld+json\" class=\"yoast-schema-graph\">{\"@context\":\"https:\/\/schema.org\",\"@graph\":[{\"@type\":\"WebSite\",\"@id\":\"https:\/\/www.mes-allocs.fr\/guides\/#website\",\"url\":\"https:\/\/www.mes-allocs.fr\/guides\/\",\"name\":\"Mes-Allocs.fr\",\"description\":\"\",\"potentialAction\":[{\"@type\":\"SearchAction\",\"target\":\"https:\/\/www.mes-allocs.fr\/guides\/?s={search_term_string}\",\"query-input\":\"required name=search_term_string\"}],\"inLanguage\":\"fr-FR\"},{\"@type\":\"ImageObject\",\"@id\":\"https:\/\/www.mes-allocs.fr\/guides\/aide-renovation\/aide-chauffage\/fonds-air-bois\/#primaryimage\",\"inLanguage\":\"fr-FR\",\"url\":\"https:\/\/www.mes-allocs.fr\/guides\/wp-content\/uploads\/2025\/10\/fonds-air-bois-1.jpg?wsr\",\"width\":1024,\"height\":769,\"caption\":\"fonds air bois\"},{\"@type\":\"WebPage\",\"@id\":\"https:\/\/www.mes-allocs.fr\/guides\/aide-renovation\/aide-chauffage\/fonds-air-bois\/#webpage\",\"url\":\"https:\/\/www.mes-allocs.fr\/guides\/aide-renovation\/aide-chauffage\/fonds-air-bois\/\",\"name\":\"Fonds Air Bois 2025 : conditions, montant et d\\u00e9marches | Mes-Allocs.fr\",\"isPartOf\":{\"@id\":\"https:\/\/www.mes-allocs.fr\/guides\/#website\"},\"primaryImageOfPage\":{\"@id\":\"https:\/\/www.mes-allocs.fr\/guides\/aide-renovation\/aide-chauffage\/fonds-air-bois\/#primaryimage\"},\"datePublished\":\"2025-10-23T09:04:25+00:00\",\"dateModified\":\"2026-04-22T07:32:34+00:00\",\"author\":{\"@id\":\"https:\/\/www.mes-allocs.fr\/guides\/#\/schema\/person\/d3c4797ca00240cce644af053372c21a\"},\"description\":\"Le Fonds Air Bois est une aide pour le remplacement de votre ancien chauffage au bois par un appareil plus performant. On vous explique.\",\"inLanguage\":\"fr-FR\"},{\"@type\":\"Person\",\"@id\":\"https:\/\/www.mes-allocs.fr\/guides\/#\/schema\/person\/d3c4797ca00240cce644af053372c21a\",\"name\":\"Gr\\u00e9goire Hernandez\",\"image\":{\"@type\":\"ImageObject\",\"@id\":\"https:\/\/www.mes-allocs.fr\/guides\/#personlogo\",\"inLanguage\":\"fr-FR\",\"url\":\"https:\/\/www.mes-allocs.fr\/guides\/wp-content\/uploads\/2025\/10\/Photo-de-profil-HERNANDEZ-GREGOIRE-150x150.jpg\",\"caption\":\"Gr\\u00e9goire Hernandez\"},\"description\":\"Passionn\\u00e9 par les sujets socio-\\u00e9conomiques, je rejoins l\\u2019\\u00e9quipe Mes Allocs en octobre 2025 en tant que r\\u00e9dacteur web, apr\\u00e8s une premi\\u00e8re exp\\u00e9rience dans la presse \\u00e9conomique, politique et internationale. Sp\\u00e9cialis\\u00e9 dans les th\\u00e9matiques li\\u00e9es aux aides sociales, \\u00e0 la fiscalit\\u00e9, au pouvoir d\\u2019achat et \\u00e0 la retraite, je veille \\u00e0 proposer des contenus clairs, fiables et v\\u00e9rifi\\u00e9s.\",\"sameAs\":[\"https:\/\/www.linkedin.com\/in\/gr\\u00e9goire-hernandez-334884265\/\"]}]}<\/script>\n<!-- \/ Yoast SEO plugin. -->","amp_validity":null,"acf":{"faq":{"1":{"question":"C'est quoi la prime air bois ?","answer":"La prime Air Bois est une aide financi\u00e8re locale qui permet de remplacer un ancien chauffage au bois par un appareil plus moderne, performant et moins polluant."},"2":{"question":"Qui a droit \u00e0 la prime bois ?","answer":"La prime Air Bois est accessible aux particuliers, propri\u00e9taires ou bailleurs, qui remplacent un ancien appareil de chauffage au bois (install\u00e9 avant 2002 ou une chemin\u00e9e ouverte) par un \u00e9quipement labellis\u00e9 Flamme Verte pos\u00e9 par un professionnel RGE."},"3":{"question":"Quelle est la prime air bois de l'ADEME ?","answer":"La prime Air Bois de l\u2019ADEME est une aide locale, mise en place avec certaines collectivit\u00e9s, qui peut aller de 600 \u20ac \u00e0 3 000 \u20ac pour remplacer un ancien chauffage au bois par un appareil labellis\u00e9 Flamme Verte 7 \u00e9toiles ou \u00e9quivalent, afin de r\u00e9duire les \u00e9missions de particules fines."},"4":{"question":"Peut-on cumuler le Fonds Air Bois avec MaPrimeR\u00e9nov\u2019 ?","answer":"Oui, le Fonds Air Bois est cumulable avec MaPrimeR\u00e9nov\u2019, les Certificats d\u2019\u00c9conomies d\u2019\u00c9nergie (CEE) et parfois l\u2019\u00e9co-pr\u00eat \u00e0 taux z\u00e9ro."},"5":{"question":"Comment savoir si ma commune propose le Fonds Air Bois ?","answer":"Il suffit de consulter le site de votre mairie, celui de votre collectivit\u00e9 locale ou de contacter un conseiller France R\u00e9nov\u2019. Vous pouvez aussi utiliser le simulateur Mes Allocs pour v\u00e9rifier si votre r\u00e9gion fait partie du dispositif."},"6":{"question":"Quand la prime Air Bois est-elle vers\u00e9e ?","answer":"La prime est vers\u00e9e apr\u00e8s la fin des travaux, une fois que vous avez transmis toutes les pi\u00e8ces justificatives \u00e0 votre collectivit\u00e9 (facture, certificat de d\u00e9p\u00f4t, attestation RGE). Le paiement intervient g\u00e9n\u00e9ralement quelques semaines apr\u00e8s validation du dossier."},"7":{"question":"","answer":""},"8":{"question":"","answer":""},"9":{"question":"","answer":""},"10":{"question":"","answer":""},"11":{"question":"","answer":""},"12":{"question":"","answer":""},"13":{"question":"","answer":""},"14":{"question":"","answer":""},"15":{"question":"","answer":""},"16":{"question":"","answer":""}}},"_links":{"self":[{"href":"https:\/\/www.mes-allocs.fr\/guides\/wp-json\/wp\/v2\/posts\/104961","targetHints":{"allow":["GET"]}}],"collection":[{"href":"https:\/\/www.mes-allocs.fr\/guides\/wp-json\/wp\/v2\/posts"}],"about":[{"href":"https:\/\/www.mes-allocs.fr\/guides\/wp-json\/wp\/v2\/types\/post"}],"author":[{"embeddable":true,"href":"https:\/\/www.mes-allocs.fr\/guides\/wp-json\/wp\/v2\/users\/35"}],"replies":[{"embeddable":true,"href":"https:\/\/www.mes-allocs.fr\/guides\/wp-json\/wp\/v2\/comments?post=104961"}],"version-history":[{"count":10,"href":"https:\/\/www.mes-allocs.fr\/guides\/wp-json\/wp\/v2\/posts\/104961\/revisions"}],"predecessor-version":[{"id":105151,"href":"https:\/\/www.mes-allocs.fr\/guides\/wp-json\/wp\/v2\/posts\/104961\/revisions\/105151"}],"wp:featuredmedia":[{"embeddable":true,"href":"https:\/\/www.mes-allocs.fr\/guides\/wp-json\/wp\/v2\/media\/105062"}],"wp:attachment":[{"href":"https:\/\/www.mes-allocs.fr\/guides\/wp-json\/wp\/v2\/media?parent=104961"}],"wp:term":[{"taxonomy":"category","embeddable":true,"href":"https:\/\/www.mes-allocs.fr\/guides\/wp-json\/wp\/v2\/categories?post=104961"},{"taxonomy":"post_tag","embeddable":true,"href":"https:\/\/www.mes-allocs.fr\/guides\/wp-json\/wp\/v2\/tags?post=104961"}],"curies":[{"name":"wp","href":"https:\/\/api.w.org\/{rel}","templated":true}]}}