{"id":104922,"date":"2025-10-28T18:40:01","date_gmt":"2025-10-28T16:40:01","guid":{"rendered":"https:\/\/www.mes-allocs.fr\/guides\/?p=104922"},"modified":"2026-04-22T08:32:34","modified_gmt":"2026-04-22T07:32:34","slug":"orne-aide-colonie-vacances","status":"publish","type":"post","link":"https:\/\/www.mes-allocs.fr\/guides\/aide-vacances\/aide-vacances-jeunes\/aide-colonie-de-vacances\/orne-aide-colonie-vacances\/","title":{"rendered":"Aide colonie de vacances dans l\u2019Orne : jusqu\u2019\u00e0 130\u20ac"},"content":{"rendered":"<p><img loading=\"lazy\" decoding=\"async\" class=\"aligncenter wp-image-105045 size-full\" title=\"orne aide colonie vacances\" src=\"https:\/\/www.mes-allocs.fr\/guides\/wp-content\/uploads\/2025\/10\/orne-aide-colonie-vacances-e1760976786637.jpg\" alt=\"orne aide colonie vacances\" width=\"1917\" height=\"300\" srcset=\"https:\/\/www.mes-allocs.fr\/guides\/wp-content\/uploads\/2025\/10\/orne-aide-colonie-vacances-e1760976786637.jpg 1917w, https:\/\/www.mes-allocs.fr\/guides\/wp-content\/uploads\/2025\/10\/orne-aide-colonie-vacances-e1760976786637-300x47.jpg 300w, https:\/\/www.mes-allocs.fr\/guides\/wp-content\/uploads\/2025\/10\/orne-aide-colonie-vacances-e1760976786637-1024x160.jpg 1024w, https:\/\/www.mes-allocs.fr\/guides\/wp-content\/uploads\/2025\/10\/orne-aide-colonie-vacances-e1760976786637-768x120.jpg 768w, https:\/\/www.mes-allocs.fr\/guides\/wp-content\/uploads\/2025\/10\/orne-aide-colonie-vacances-e1760976786637-1536x240.jpg 1536w, https:\/\/www.mes-allocs.fr\/guides\/wp-content\/uploads\/2025\/10\/orne-aide-colonie-vacances-e1760976786637-600x94.jpg 600w\" sizes=\"auto, (max-width: 1917px) 100vw, 1917px\" \/><\/p>\n<p>Vous habitez dans l\u2019Orne et vous cherchez une<a href=\"https:\/\/www.mes-allocs.fr\/guides\/aide-vacances\/aide-vacances-jeunes\/aide-colonie-vacances\/\"> aide pour financer la colonie de vacances<\/a> de votre enfant ? Bonne nouvelle : en 2025, une aide du d\u00e9partement de l&rsquo;Orne vous permet de b\u00e9n\u00e9ficier d\u2019un soutien financier pouvant aller jusqu\u2019\u00e0 130\u20ac, selon vos revenus et la dur\u00e9e du s\u00e9jour. Mes Allocs vous explique comment fonctionne l&rsquo;<strong>aide colonie de vacances dans l&rsquo;Orne<\/strong>.<!-- notionvc: 27b71618-cdeb-414e-966d-3840d018e802 --><\/p>\n<div class='cta-block'><div class='text'>Simulez vos aides aux vacances<\/div><a href='https:\/\/www.mes-allocs.fr\/simulation-aides?origin=guides\/wp-json\/wp\/v2\/posts\/104922' class='app-button fit'>Simulation gratuite<\/a><\/div>\n<h1>Qu\u2019est-ce que l\u2019aide colonie de vacances dans l\u2019Orne ?<\/h1>\n<p>Le d\u00e9partement de l\u2019Orne a d\u00e9cid\u00e9 de vous proposer une aide financi\u00e8re pour permettre \u00e0 tous vos enfants de partir en colonie de vacances, m\u00eame lorsque votre budget familial est limit\u00e9. Cette aide permet d\u2019<b>offrir \u00e0\u00a0chaque enfant la possibilit\u00e9 de partir en vacances<\/b>. Elle s\u2019adresse seulement aux familles ornaises ayant des <b>revenus modestes<\/b>. Elle permet de r\u00e9duire le co\u00fbt du s\u00e9jour de votre enfant, que ce soit \u00e0 la mer, \u00e0 la montagne ou \u00e0 la campagne.<\/p>\n<p>En mettant en place cette aide, le d\u00e9partement veut encourager l\u2019autonomie, la d\u00e9couverte et la sociabilisation des enfants, tout en all\u00e9geant la charge financi\u00e8re des parents.<\/p>\n<h1>Qui peut b\u00e9n\u00e9ficier de l\u2019aide colonie de vacances dans l\u2019Orne ?<\/h1>\n<p>L\u2019aide colonie de vacances dans l\u2019Orne s\u2019adresse aux familles du d\u00e9partement dont les revenus sont modestes. Pour en b\u00e9n\u00e9ficier, certaines conditions sont \u00e0 respecter :<\/p>\n<ul>\n<li aria-level=\"1\">Vous devez <b>r\u00e9sider dans le d\u00e9partement de l\u2019Orne<\/b>, de fa\u00e7on permanente.<\/li>\n<li aria-level=\"1\">Vous devez <b>avoir un enfant<\/b> de moins de 18 ans dans un s\u00e9jour d\u00e9clar\u00e9 aupr\u00e8s de la Direction D\u00e9partementale de la jeunesse, des Sports et de la Coh\u00e9sion Sociale.<\/li>\n<li aria-level=\"1\">Vous devez disposer d\u2019un <b>quotient familial<\/b> inf\u00e9rieur \u00e0 700 \u20ac en 2025.<\/li>\n<li aria-level=\"1\">Vous ne devez pas d\u00e9passer le <strong>nombre de s\u00e9jours subventionn\u00e9s<\/strong> fix\u00e9 par le dispositif.<\/li>\n<li aria-level=\"1\">Vous devez \u00eatre dans une <b>situation prioritaire<\/b>, comme une famille monoparentale, un foyer avec plusieurs enfants \u00e0 charge, ou un enfant qui n\u2019est jamais parti en colonie avant.<\/li>\n<\/ul>\n<h1>Quels types de s\u00e9jours sont concern\u00e9s ?<\/h1>\n<p>Cette aide concerne seulement les colonies de vacances d\u2019\u00e9t\u00e9 : de juillet \u00e0 ao\u00fbt. Elle est pour les familles dont les enfants partent en s\u00e9jours collectifs agr\u00e9\u00e9s, encadr\u00e9s par un organisme reconnu par la Direction D\u00e9partementale de la Jeunesse et des Sports (DDJS). Ces vacances doivent garantir un bon encadrement et des activit\u00e9s adapt\u00e9es \u00e0 l\u2019\u00e2ge de vos enfants, et une <strong>dur\u00e9e minimale de 4 nuits<\/strong>.<\/p>\n<p>L\u2019aide s\u2019applique \u00e0 une grande vari\u00e9t\u00e9 de s\u00e9jours : qu\u2019il s\u2019agisse de colonies classiques, de s\u00e9jours sportifs, culturels, linguistiques ou encore \u00e0 th\u00e8me \u00e9ducatif, l\u2019objectif est de permettre \u00e0 chaque enfant de vivre une exp\u00e9rience enrichissante, loin de son quotidien, tout en d\u00e9veloppant son autonomie et sa curiosit\u00e9.<\/p>\n<p>En revanche, certains types de s\u00e9jours ne sont pas \u00e9ligibles \u00e0 l\u2019aide du d\u00e9partement :<\/p>\n<ul>\n<li>Les centres de loisirs sans h\u00e9bergement (accueils \u00e0 la journ\u00e9e),<\/li>\n<li>Les s\u00e9jours familiaux, comme les campings ou les villages vacances,<\/li>\n<li>Les s\u00e9jours de neige ou d\u2019hiver.<\/li>\n<\/ul>\n<p>Seuls les s\u00e9jours organis\u00e9s dans un pays europ\u00e9en, Suisse comprise, peuvent \u00eatre pris en compte dans le cadre du dispositif.<\/p>\n<h1>Quel est le montant de l\u2019aide dans l\u2019Orne ?<\/h1>\n<h2>De combien est l\u2019aide aux colos d\u2019\u00e9t\u00e9 ?<\/h2>\n<p>Le montant de l\u2019aide varie de 40 \u00e0 130\u20ac. Il ne couvre pas tout le temps la totalit\u00e9 de votre s\u00e9jour, mais il le r\u00e9duit quand m\u00eame en grande partie. Le reste \u00e0 charge d\u00e9pend de vos revenus : plus votre quotient familial est bas, plus l\u2019aide sera \u00e9lev\u00e9e. Si votre famille a un quotient inf\u00e9rieur \u00e0 600\u20ac vous aurez environ <b>20 \u00e0 30% <\/b>du s\u00e9jour \u00e0 payer, alors que si votre famille a des revenus plus \u00e9lev\u00e9s vous devrez prendre en charge une part plus importante.<\/p>\n\n<div class=\"wpdt-c row wpDataTableContainerSimpleTable wpDataTables wpDataTablesWrapper\n\"\n    >\n    <table id=\"wpdtSimpleTable-707\"\n           class=\"wpdtSimpleTable wpDataTable\"\n           data-column=\"2\"\n           data-rows=\"5\"\n           data-wpID=\"707\"\n           data-responsive=\"0\"\n           data-has-header=\"0\">\n\n                    <tbody>        <tr class=\"wpdt-cell-row \" >\n                            <td class=\"wpdt-cell wpdt-bold wpdt-bc-F3F9FE\"\n                                    data-cell-id=\"A1\"\n                data-col-index=\"0\"\n                data-row-index=\"0\"\n                style=\" width:50%;                padding:10px;\"\n                >\n                                Prix du s\u00e9jour                <\/td>\n                                            <td class=\"wpdt-cell wpdt-bold wpdt-bc-F3F9FE\"\n                                    data-cell-id=\"B1\"\n                data-col-index=\"1\"\n                data-row-index=\"0\"\n                style=\" width:50%;                padding:10px;\"\n                >\n                                Montant de l'aide                <\/td>\n                                        <\/tr>\n                            <tr class=\"wpdt-cell-row \" >\n                            <td class=\"wpdt-cell \"\n                                    data-cell-id=\"A2\"\n                data-col-index=\"0\"\n                data-row-index=\"1\"\n                style=\"                padding:10px;\"\n                >\n                                80-160 \u20ac                <\/td>\n                                            <td class=\"wpdt-cell \"\n                                    data-cell-id=\"B2\"\n                data-col-index=\"1\"\n                data-row-index=\"1\"\n                style=\"                padding:10px;\"\n                >\n                                40 \u20ac                <\/td>\n                                        <\/tr>\n                            <tr class=\"wpdt-cell-row \" >\n                            <td class=\"wpdt-cell \"\n                                    data-cell-id=\"A3\"\n                data-col-index=\"0\"\n                data-row-index=\"2\"\n                style=\"                padding:10px;\"\n                >\n                                161-310 \u20ac                <\/td>\n                                            <td class=\"wpdt-cell \"\n                                    data-cell-id=\"B3\"\n                data-col-index=\"1\"\n                data-row-index=\"2\"\n                style=\"                padding:10px;\"\n                >\n                                70 \u20ac                <\/td>\n                                        <\/tr>\n                            <tr class=\"wpdt-cell-row \" >\n                            <td class=\"wpdt-cell \"\n                                    data-cell-id=\"A4\"\n                data-col-index=\"0\"\n                data-row-index=\"3\"\n                style=\"                padding:10px;\"\n                >\n                                311-470 \u20ac                <\/td>\n                                            <td class=\"wpdt-cell \"\n                                    data-cell-id=\"B4\"\n                data-col-index=\"1\"\n                data-row-index=\"3\"\n                style=\"                padding:10px;\"\n                >\n                                100 \u20ac                <\/td>\n                                        <\/tr>\n                            <tr class=\"wpdt-cell-row \" >\n                            <td class=\"wpdt-cell \"\n                                    data-cell-id=\"A5\"\n                data-col-index=\"0\"\n                data-row-index=\"4\"\n                style=\"                padding:10px;\"\n                >\n                                470 \u20ac ou +                <\/td>\n                                            <td class=\"wpdt-cell \"\n                                    data-cell-id=\"B5\"\n                data-col-index=\"1\"\n                data-row-index=\"4\"\n                style=\"                padding:10px;\"\n                >\n                                130 \u20ac                <\/td>\n                                        <\/tr>\n                    <\/table>\n<\/div><style id='wpdt-custom-style-707'>\n.wpdt-bc-F3F9FE { background-color: #F3F9FE !important;}\n<\/style>\n\n<p><div class='shortcode tips'><div class='title'>Exemple<\/div><div class='content'>Une famille de deux enfants, avec un quotient familial de 550 \u20ac, inscrit son enfant pour un s\u00e9jour de 10 jours \u00e0 500 \u20ac. Gr\u00e2ce \u00e0 l\u2019aide du d\u00e9partement, elle re\u00e7oit une subvention de 130 \u20ac. Le co\u00fbt du s\u00e9jour passe alors \u00e0 370 \u20ac, ce qui facilite le d\u00e9part de l\u2019enfant sans avance de frais importante.<\/div><\/div><!-- notionvc: 73fe0993-2f5c-4f1c-92ca-b6d899987135 --><\/p>\n<h2>Un reste \u00e0 charge variable selon vos revenus.<\/h2>\n<p>Le montant de l\u2019aide varie selon plusieurs crit\u00e8res : vos revenus, la composition de votre foyer et le type de vacances que vous avez choisi. Le conseil d\u00e9partemental de l\u2019Orne adapte le montant de sa participation \u00e0 la<b> situation de votre foyer<\/b>, selon le quotient familial calcul\u00e9 par la CAF. Plus votre quotient est bas, plus l\u2019aide sera \u00e9lev\u00e9e. Cette aide peut couvrir une partie importante du co\u00fbt du s\u00e9jour, ce qui rend les d\u00e9parts plus abordables pour les familles. Le montant accord\u00e9 peut aussi varier selon la dur\u00e9e du s\u00e9jour ou de l\u2019organisateur choisi mais il reste tout de m\u00eame pens\u00e9 pour all\u00e9ger votre reste \u00e0 charge.<\/p>\n<p>Attention, une <strong>participation financi\u00e8re minimale de 10\u20ac<\/strong> est impos\u00e9e aux parents.<\/p>\n<div class='cta-block'><div class='text'>Simulez vos aides aux vacances<\/div><a href='https:\/\/www.mes-allocs.fr\/simulation-aides?origin=guides\/wp-json\/wp\/v2\/posts\/104922' class='app-button fit'>Simulation gratuite<\/a><\/div>\n<h1>Comment l\u2019aide est-elle vers\u00e9e ?<\/h1>\n<h2>Une aide directe ou vers\u00e9e au centre<\/h2>\n<p>La plupart du temps, l&rsquo;aide n\u2019est <b>pas vers\u00e9e directement<\/b> sur votre compte bancaire, mais elle est vers\u00e9e au centre de vacances. Cela permet d\u2019\u00e9viter les avances de frais et simplifie les d\u00e9marches pour les familles. Le montant de la subvention vient alors en d<b>\u00e9duction du co\u00fbt total<\/b> du s\u00e9jour et vous ne payez que le reste \u00e0 charge.<\/p>\n<div class='shortcode tips'><div class='title'>Exemple<\/div><div class='content'>Vous inscrivez votre enfant dans une colonie agr\u00e9\u00e9e \u00e0 400 \u20ac. L\u2019aide d\u00e9partementale de 100 \u20ac est vers\u00e9e directement \u00e0 l\u2019organisateur, qui d\u00e9duit cette somme du prix total. Vous ne payez donc que 300 \u20ac au moment de l\u2019inscription.<\/div><\/div>\n<h2>Quand l\u2019aide est-elle vers\u00e9e ?<\/h2>\n<p>Le versement de l\u2019aide d\u00e9partementale sera effectu\u00e9 une fois que votre dossier sera complet et valid\u00e9. Dans la plupart du temps, le paiement est directement envoy\u00e9 \u00e0 l\u2019organisateur du s\u00e9jour avant le d\u00e9part de vos enfants, sur pr\u00e9sentation du devis et de l\u2019attestation d\u2019inscription de votre enfant. Il est possible que, parfois dans des cas sp\u00e9cifiques, le s\u00e9jour ne soit pas conventionn\u00e9 ou organis\u00e9 hors du d\u00e9partement. Dans ce cas, l\u2019aide peut \u00eatre vers\u00e9e directement \u00e0 la famille apr\u00e8s le s\u00e9jour. Vous devrez envoyer les factures pour pouvoir avoir votre remboursement.<\/p>\n<h1>Comment faire une demande d\u2019aide pour une colonie de vacances ?<\/h1>\n<h2>Comment b\u00e9n\u00e9ficier de l\u2019aide aux vacances ?<\/h2>\n<p>Pour pouvoir avoir acc\u00e8s \u00e0 l\u2019aide aux vacances vous devez <b>d\u00e9poser une demande <\/b>avant le d\u00e9part de votre enfant. La d\u00e9marche se fait directement en ligne sur le<b> site du Conseil d\u00e9partemental de l\u2019Orne<\/b>, dans la rubrique <b>\u201cEnfance et famille\u201d<\/b>, ou sur un formulaire papier disponible aupr\u00e8s de votre mairie ou centre social. Vous devrez fournir les informations concernant le s\u00e9jour (date, organisme, co\u00fbt) ainsi que votre quotient familial CAF ou MSA pour pouvoir faire le calcul de l\u2019aide. Une fois le dossier complet et valid\u00e9, vous recevrez une notification pr\u00e9cisant le montant de l\u2019aide et le mode de versement.<\/p>\n<h2>Les d\u00e9lais de traitement<\/h2>\n<p>Le d\u00e9lai de r\u00e9ponse \u00e0 votre dossier varie selon la p\u00e9riode et le nombre de demandes, mais vous devez compter en g\u00e9n\u00e9ral entre <b>3 \u00e0 6 semaines<\/b> entre le d\u00e9p\u00f4t du dossier et la validation. Il est donc pr\u00e9f\u00e9rable que vous envoyez votre demande le plus t\u00f4t possible, surtout avant l\u2019\u00e9t\u00e9, pour assurer la prise en charge avant le d\u00e9but du s\u00e9jour.<\/p>\n<h2>Les justificatifs \u00e0 donner apr\u00e8s le s\u00e9jour<\/h2>\n<p>Si le versement de l\u2019aide se fait apr\u00e8s la colonie, vous devrez transmettre des documents pour finaliser la prise en charge : la f<b>acture acquitt\u00e9e<\/b> du s\u00e9jour, le<b> relev\u00e9 d\u2019identit\u00e9 bancaire <\/b>et, si besoin, une <b>attestation de pr\u00e9sence<\/b> de l\u2019enfant. Une fois que ces pi\u00e8ces seront re\u00e7ues, le remboursement sera effectu\u00e9 sous quelques semaines, directement sur votre compte bancaire.<\/p>\n<h1>Vous n\u2019\u00eates pas \u00e9ligible ? Les autres aides disponibles<\/h1>\n<p>Si jamais vous ne remplissez pas les conditions pour b\u00e9n\u00e9ficier de l\u2019aide aux colonies de vacances du d\u00e9partement de l\u2019Orne, il existe d\u2019autres dispositifs pour vous aider \u00e0 financer les d\u00e9parts en vacances de vos enfants ou votre famille.<\/p>\n<h2>AVE<\/h2>\n<p>L\u2019<b>Aide au Vacances Enfant <\/b>(AVE) est propos\u00e9e par la CAF, elle permet aux familles modestes d\u2019envoyer leurs enfants en colonie de vacances, en camp ou en s\u00e9jour \u00e9ducatif. Cette aide est directement d\u00e9duite du prix du s\u00e9jour s\u2019il est organis\u00e9 par un centre agr\u00e9\u00e9 Vacaf, ce qui permet d\u2019\u00e9viter les avances de frais. Elle est calcul\u00e9e en fonction de votre quotient familial et du co\u00fbt total du s\u00e9jour. Vous pouvez faire la demande directement sur votre espace personnel de la CAF ou aupr\u00e8s de l\u2019organisateur partenaire.<\/p>\n<h2>AVS<\/h2>\n<p>L\u2019<b>Aide aux Vacances Sociales<\/b> (AVS) s\u2019adresse aux adultes, aux couples ou aux familles qui aimeraient partir en vacances en France, tout en b\u00e9n\u00e9ficiant d\u2019un accompagnement pour organiser leur s\u00e9jour. Elle peut couvrir une grande partie des frais d\u2019h\u00e9bergement et de transport, selon vos revenus et votre situation. Contrairement \u00e0 l\u2019aide d\u00e9partementale de l&rsquo;Orne, l&rsquo;AVS concerne les s\u00e9jours familiaux et non les colonies de vacances pour enfants.<\/p>\n<h2>AVF<\/h2>\n<p>L\u2019<b>Aide aux Vacances Familles<\/b> (AVF), est aussi propos\u00e9e par la CAF, elle est destin\u00e9e aux foyers avec un quotient familial g\u00e9n\u00e9ralement inf\u00e9rieur \u00e0 <b>900\u20ac<\/b> qui souhaitent partir dans un village vacances agr\u00e9\u00e9 Vacaf. Le montant varie selon votre nombre d\u2019enfants, la dur\u00e9e de votre s\u00e9jour et vos ressources. C\u2019est une solution qui peut \u00eatre int\u00e9ressante si vous souhaitez partir tous ensemble plut\u00f4t que de faire partir vos enfants en s\u00e9jour collectif.<\/p>\n<div class='shortcode summary'><div class='title'>En r\u00e9sum\u00e9 :<\/div><div class='content'><ul><li>Le d\u00e9partement de l\u2019Orne accorde en 2025 une aide allant<strong> jusqu\u2019\u00e0 130 \u20ac<\/strong> pour financer les colonies de vacances.<\/li><li>Elle est r\u00e9serv\u00e9e aux familles ornaises modestes, avec un <strong>quotient familial inf\u00e9rieur \u00e0 700 \u20ac<\/strong>.<\/li><li>Une participation minimale de 10 \u20ac reste obligatoire pour chaque famille.<\/li><li>L\u2019aide est vers\u00e9e directement \u00e0 l\u2019organisateur du s\u00e9jour, pour \u00e9viter les avances de frais.<\/li><\/ul><\/div><\/div>\n<div class='cta-block'><div class='text'>Simulez vos aides aux vacances<\/div><a href='https:\/\/www.mes-allocs.fr\/simulation-aides?origin=guides\/wp-json\/wp\/v2\/posts\/104922' class='app-button fit'>Simulation gratuite<\/a><\/div>\n","protected":false},"excerpt":{"rendered":"<p>Vous habitez dans l\u2019Orne et vous cherchez une aide pour financer la colonie de vacances de votre enfant ? Bonne nouvelle : en 2025, une aide du d\u00e9partement de l&rsquo;Orne vous permet de b\u00e9n\u00e9ficier d\u2019un soutien financier pouvant aller jusqu\u2019\u00e0 130\u20ac, selon vos revenus et la dur\u00e9e du s\u00e9jour. Mes Allocs vous explique comment fonctionne [&hellip;]<\/p>\n","protected":false},"author":29,"featured_media":105045,"comment_status":"open","ping_status":"open","sticky":false,"template":"","format":"standard","meta":{"amp_status":"","footnotes":""},"categories":[45192,38652,38728],"tags":[],"class_list":["post-104922","post","type-post","status-publish","format-standard","has-post-thumbnail","hentry","category-aide-colonie-de-vacances","category-aide-vacances","category-aide-vacances-jeunes"],"yoast_head":"<!-- This site is optimized with the Yoast SEO plugin v14.9 - https:\/\/yoast.com\/wordpress\/plugins\/seo\/ -->\n<title>Aide colonie de vacances dans l\u2019Orne : jusqu\u2019\u00e0 130\u20ac | Mes-Allocs.fr<\/title>\n<meta name=\"description\" content=\"Vous habitez dans l&#039;Orne et vous avez des enfants ? Bonne nouvelle : le d\u00e9partement finance une aide aux colonies de vacances !\" \/>\n<meta name=\"robots\" content=\"index, follow, max-snippet:-1, max-image-preview:large, max-video-preview:-1\" \/>\n<link rel=\"canonical\" href=\"https:\/\/www.mes-allocs.fr\/guides\/aide-vacances\/aide-vacances-jeunes\/aide-colonie-de-vacances\/orne-aide-colonie-vacances\/\" \/>\n<meta property=\"og:locale\" content=\"fr_FR\" \/>\n<meta property=\"og:type\" content=\"article\" \/>\n<meta property=\"og:title\" content=\"Aide colonie de vacances dans l\u2019Orne : jusqu\u2019\u00e0 130\u20ac | Mes-Allocs.fr\" \/>\n<meta property=\"og:description\" content=\"Vous habitez dans l&#039;Orne et vous avez des enfants ? Bonne nouvelle : le d\u00e9partement finance une aide aux colonies de vacances !\" \/>\n<meta property=\"og:url\" content=\"https:\/\/www.mes-allocs.fr\/guides\/aide-vacances\/aide-vacances-jeunes\/aide-colonie-de-vacances\/orne-aide-colonie-vacances\/\" \/>\n<meta property=\"og:site_name\" content=\"Mes-Allocs.fr\" \/>\n<meta property=\"article:published_time\" content=\"2025-10-28T16:40:01+00:00\" \/>\n<meta property=\"article:modified_time\" content=\"2026-04-22T07:32:34+00:00\" \/>\n<meta property=\"og:image\" content=\"https:\/\/www.mes-allocs.fr\/guides\/wp-content\/uploads\/2025\/10\/orne-aide-colonie-vacances-e1760976786637.jpg?wsr\" \/>\n\t<meta property=\"og:image:width\" content=\"1917\" \/>\n\t<meta property=\"og:image:height\" content=\"300\" \/>\n<meta name=\"twitter:card\" content=\"summary_large_image\" \/>\n<script type=\"application\/ld+json\" class=\"yoast-schema-graph\">{\"@context\":\"https:\/\/schema.org\",\"@graph\":[{\"@type\":\"WebSite\",\"@id\":\"https:\/\/www.mes-allocs.fr\/guides\/#website\",\"url\":\"https:\/\/www.mes-allocs.fr\/guides\/\",\"name\":\"Mes-Allocs.fr\",\"description\":\"\",\"potentialAction\":[{\"@type\":\"SearchAction\",\"target\":\"https:\/\/www.mes-allocs.fr\/guides\/?s={search_term_string}\",\"query-input\":\"required name=search_term_string\"}],\"inLanguage\":\"fr-FR\"},{\"@type\":\"ImageObject\",\"@id\":\"https:\/\/www.mes-allocs.fr\/guides\/aide-vacances\/aide-vacances-jeunes\/aide-colonie-de-vacances\/orne-aide-colonie-vacances\/#primaryimage\",\"inLanguage\":\"fr-FR\",\"url\":\"https:\/\/www.mes-allocs.fr\/guides\/wp-content\/uploads\/2025\/10\/orne-aide-colonie-vacances-e1760976786637.jpg?wsr\",\"width\":1917,\"height\":300,\"caption\":\"orne aide colonie vacances\"},{\"@type\":\"WebPage\",\"@id\":\"https:\/\/www.mes-allocs.fr\/guides\/aide-vacances\/aide-vacances-jeunes\/aide-colonie-de-vacances\/orne-aide-colonie-vacances\/#webpage\",\"url\":\"https:\/\/www.mes-allocs.fr\/guides\/aide-vacances\/aide-vacances-jeunes\/aide-colonie-de-vacances\/orne-aide-colonie-vacances\/\",\"name\":\"Aide colonie de vacances dans l\\u2019Orne : jusqu\\u2019\\u00e0 130\\u20ac | Mes-Allocs.fr\",\"isPartOf\":{\"@id\":\"https:\/\/www.mes-allocs.fr\/guides\/#website\"},\"primaryImageOfPage\":{\"@id\":\"https:\/\/www.mes-allocs.fr\/guides\/aide-vacances\/aide-vacances-jeunes\/aide-colonie-de-vacances\/orne-aide-colonie-vacances\/#primaryimage\"},\"datePublished\":\"2025-10-28T16:40:01+00:00\",\"dateModified\":\"2026-04-22T07:32:34+00:00\",\"author\":{\"@id\":\"https:\/\/www.mes-allocs.fr\/guides\/#\/schema\/person\/4e41463521c6aa39e7147c10ad0cb360\"},\"description\":\"Vous habitez dans l'Orne et vous avez des enfants ? Bonne nouvelle : le d\\u00e9partement finance une aide aux colonies de vacances !\",\"inLanguage\":\"fr-FR\"},{\"@type\":\"Person\",\"@id\":\"https:\/\/www.mes-allocs.fr\/guides\/#\/schema\/person\/4e41463521c6aa39e7147c10ad0cb360\",\"name\":\"Camille Jouanne\",\"image\":{\"@type\":\"ImageObject\",\"@id\":\"https:\/\/www.mes-allocs.fr\/guides\/#personlogo\",\"inLanguage\":\"fr-FR\",\"url\":\"https:\/\/www.mes-allocs.fr\/guides\/wp-content\/uploads\/2025\/08\/camille-jouanne-e1756398287761-150x150.png\",\"caption\":\"Camille Jouanne\"},\"description\":\"Responsable \\u00e9ditoriale chez Mes Allocs, je rejoins l'\\u00e9quipe en f\\u00e9vrier 2024 apr\\u00e8s une exp\\u00e9rience en agence web. Je suis sp\\u00e9cialis\\u00e9e sur les sujets li\\u00e9s aux aides sociales, aux imp\\u00f4ts, \\u00e0 la S\\u00e9curit\\u00e9 Sociale et \\u00e0 la retraite. Mon r\\u00f4le est de garantir la qualit\\u00e9, la pertinence et la coh\\u00e9rence des contenus publi\\u00e9s. J'accompagne les r\\u00e9dacteurs et r\\u00e9dactrices de l\\u2019id\\u00e9e \\u00e0 la publication, avec le souci du d\\u00e9tail. Ma priorit\\u00e9 : proposer des contenus fiables, engageants et pens\\u00e9s pour les lecteurs.\",\"sameAs\":[\"https:\/\/www.linkedin.com\/in\/camille-jouanne-2394881a5\"]}]}<\/script>\n<!-- \/ Yoast SEO plugin. -->","amp_validity":null,"acf":{"faq":{"1":{"question":"Quelles aides pour une colonie de vacances ?","answer":"La CAF vous propose l\u2019Aide aux Vacances Enfants (AVE), souvent vers\u00e9e directement \u00e0 l\u2019organisateur du s\u00e9jour."},"2":{"question":"Comment b\u00e9n\u00e9ficier des 600 \u20ac pour les vacances ?","answer":"Les 600 \u20ac correspondent au dispositif \u201cColos Apprenantes\u201d, lanc\u00e9 par l\u2019\u00c9tat. Il s\u2019adresse aux familles modestes dont les enfants partent en s\u00e9jour \u00e9ducatif agr\u00e9\u00e9. L\u2019aide peut aller jusqu\u2019\u00e0 600 \u20ac par enfant, selon les ressources et la dur\u00e9e du s\u00e9jour."},"3":{"question":"Comment avoir les 300 \u20ac de la mairie pour les vacances ?","answer":"Certaines mairies proposent une aide allant jusqu\u2019\u00e0 300 \u20ac pour le d\u00e9part en vacances des enfants ou des familles. D\u00e9couvrez si votre mairie propose cette aide en simulant vos droits sur Mes Allocs.fr. "},"4":{"question":"Comment obtenir les 600 \u20ac de la CAF pour les vacances ?","answer":"La CAF ne verse pas directement 600 \u20ac, mais elle peut financer une grande partie de vos vacances via le dispositif VACAF. Pour savoir si vous \u00eates \u00e9ligible, commencez par simulez vos droits sur Mes Allocs.fr."},"5":{"question":"Quelle est l\u2019aide \u00e0 la colonie de vacances de la CAF en 2025 ?","answer":"En 2025, la CAF propose toujours l\u2019Aide aux Vacances Enfants (AVE), destin\u00e9e aux familles \u00e0 revenus modestes. Le montant d\u00e9pend du quotient familial, de la dur\u00e9e et du type de s\u00e9jour."},"6":{"question":"Qui a droit au 1500 \u20ac de la CAF ?","answer":"Les 1 500 \u20ac ne correspondent pas \u00e0 une aide unique, mais \u00e0 un cumul possible d\u2019aides (Vacaf, AVF, AVS, AVE, ou soutien local).\r\nCertaines familles tr\u00e8s modestes peuvent atteindre ce montant total si elles b\u00e9n\u00e9ficient de plusieurs dispositifs la m\u00eame ann\u00e9e."},"7":{"question":"","answer":""},"8":{"question":"","answer":""},"9":{"question":"","answer":""},"10":{"question":"","answer":""},"11":{"question":"","answer":""},"12":{"question":"","answer":""},"13":{"question":"","answer":""},"14":{"question":"","answer":""},"15":{"question":"","answer":""},"16":{"question":"","answer":""}}},"_links":{"self":[{"href":"https:\/\/www.mes-allocs.fr\/guides\/wp-json\/wp\/v2\/posts\/104922","targetHints":{"allow":["GET"]}}],"collection":[{"href":"https:\/\/www.mes-allocs.fr\/guides\/wp-json\/wp\/v2\/posts"}],"about":[{"href":"https:\/\/www.mes-allocs.fr\/guides\/wp-json\/wp\/v2\/types\/post"}],"author":[{"embeddable":true,"href":"https:\/\/www.mes-allocs.fr\/guides\/wp-json\/wp\/v2\/users\/29"}],"replies":[{"embeddable":true,"href":"https:\/\/www.mes-allocs.fr\/guides\/wp-json\/wp\/v2\/comments?post=104922"}],"version-history":[{"count":4,"href":"https:\/\/www.mes-allocs.fr\/guides\/wp-json\/wp\/v2\/posts\/104922\/revisions"}],"predecessor-version":[{"id":105340,"href":"https:\/\/www.mes-allocs.fr\/guides\/wp-json\/wp\/v2\/posts\/104922\/revisions\/105340"}],"wp:featuredmedia":[{"embeddable":true,"href":"https:\/\/www.mes-allocs.fr\/guides\/wp-json\/wp\/v2\/media\/105045"}],"wp:attachment":[{"href":"https:\/\/www.mes-allocs.fr\/guides\/wp-json\/wp\/v2\/media?parent=104922"}],"wp:term":[{"taxonomy":"category","embeddable":true,"href":"https:\/\/www.mes-allocs.fr\/guides\/wp-json\/wp\/v2\/categories?post=104922"},{"taxonomy":"post_tag","embeddable":true,"href":"https:\/\/www.mes-allocs.fr\/guides\/wp-json\/wp\/v2\/tags?post=104922"}],"curies":[{"name":"wp","href":"https:\/\/api.w.org\/{rel}","templated":true}]}}