{"id":104598,"date":"2025-10-15T10:36:02","date_gmt":"2025-10-15T08:36:02","guid":{"rendered":"https:\/\/www.mes-allocs.fr\/guides\/?p=104598"},"modified":"2026-04-22T08:32:36","modified_gmt":"2026-04-22T07:32:36","slug":"transport-medical-partage","status":"publish","type":"post","link":"https:\/\/www.mes-allocs.fr\/guides\/ameli\/remboursement-ameli\/transport-remboursements-ameli\/transport-medical-partage\/","title":{"rendered":"Transport m\u00e9dical partag\u00e9 : conditions, remboursement, demande"},"content":{"rendered":"<p><img loading=\"lazy\" decoding=\"async\" class=\"alignnone size-full wp-image-104672\" title=\"transport medical partage\" src=\"https:\/\/www.mes-allocs.fr\/guides\/wp-content\/uploads\/2025\/10\/transport-medical-partage.jpg\" alt=\"transport medical partage\" width=\"1921\" height=\"350\" srcset=\"https:\/\/www.mes-allocs.fr\/guides\/wp-content\/uploads\/2025\/10\/transport-medical-partage.jpg 1921w, https:\/\/www.mes-allocs.fr\/guides\/wp-content\/uploads\/2025\/10\/transport-medical-partage-300x55.jpg 300w, https:\/\/www.mes-allocs.fr\/guides\/wp-content\/uploads\/2025\/10\/transport-medical-partage-1024x187.jpg 1024w, https:\/\/www.mes-allocs.fr\/guides\/wp-content\/uploads\/2025\/10\/transport-medical-partage-768x140.jpg 768w, https:\/\/www.mes-allocs.fr\/guides\/wp-content\/uploads\/2025\/10\/transport-medical-partage-1536x280.jpg 1536w, https:\/\/www.mes-allocs.fr\/guides\/wp-content\/uploads\/2025\/10\/transport-medical-partage-600x109.jpg 600w\" sizes=\"auto, (max-width: 1921px) 100vw, 1921px\" \/><\/p>\n<p>Tous les ans, les trajets m\u00e9dicaux repr\u00e9sentent un vrai co\u00fbt pour le syst\u00e8me de sant\u00e9, avec plus de 6,3 milliards d&rsquo;euro d\u00e9pens\u00e9s en 2023. Pour vous, ces d\u00e9placements peuvent \u00eatre aussi contraignants ou co\u00fbteux. C&rsquo;est pour cela qu&rsquo;a \u00e9t\u00e9 cr\u00e9\u00e9 le <strong>transport m\u00e9dical partag\u00e9<\/strong>. C&rsquo;est une solution simple qui vous permet de partager votre trajet avec d&rsquo;autres patients se rendant \u00e0 un rendez-vous m\u00e9dical. Vous gagnez en confort, vous r\u00e9duisez l&rsquo;impact \u00e9cologique de vos d\u00e9placements, et votre <a href=\"https:\/\/www.mes-allocs.fr\/guides\/ameli\/remboursement-ameli\/transport-remboursements-ameli\/\">transport est pris en charge pas l&rsquo;Assurance Maladie<\/a>. On vous explique comment \u00e7a marche.<\/p>\n<div class='cta-block'><div class='text'>Simulez toutes vos aides en 2 min.<\/div><a href='https:\/\/www.mes-allocs.fr\/simulation-aides?origin=guides\/wp-json\/wp\/v2\/posts\/104598' class='app-button fit'>Simulation gratuite<\/a><\/div>\n<h1>Qu\u2019est ce que le transport m\u00e9dical partag\u00e9 ?<\/h1>\n<h2>Une alternative au transport individuel depuis le 1er Mars 2025<\/h2>\n<p>Le<strong> 1er mars 2025<\/strong> est n\u00e9e une nouvelle alternative au transport individuel : le transport m\u00e9dical partag\u00e9. Ce dispositif a \u00e9t\u00e9 cr\u00e9\u00e9 pour vous permettre de vous rendre \u00e0 vos rendez-vous m\u00e9dicaux plus facilement, tout en r\u00e9duisant les co\u00fbts de transport et l\u2019impact environnemental. M\u00eame si le trajet est partag\u00e9 avec d\u2019autres patients, tout est organis\u00e9 pour que vous gardiez le m\u00eame <strong>confort<\/strong> et la m\u00eame <strong>s\u00e9curit\u00e9<\/strong> qu\u2019un transport individuel classique.<\/p>\n<p>Le transport m\u00e9dical partag\u00e9 \u00e0 beaucoup d\u2019avantages que ce soit pour vous ou pour le syst\u00e8me de sant\u00e9 :<\/p>\n<ul>\n<li aria-level=\"1\">Un<b> dispositif \u00e9conomique<\/b> le prix du trajet partag\u00e9 peut \u00eatre inf\u00e9rieur de 15 \u00e0 35 % par rapport \u00e0 un transport individuel. Ce qui permet de r\u00e9duire les d\u00e9penses de l\u2019Assurance Maladie tout en restant avantageux pour les patients.<\/li>\n<li aria-level=\"1\">Une <b>solution plus \u00e9cologique<\/b> : En regroupant plusieurs patients dans un m\u00eame v\u00e9hicule, le nombre de trajets diminue, ce qui r\u00e9duit les \u00e9missions de CO2 et donc l\u2019impact environnemental.<\/li>\n<li aria-level=\"1\">Une <b>meilleure organisation <\/b>pour les patients et les soignants : Gr\u00e2ce au transport m\u00e9dical les trajets sont mieux coordonn\u00e9s, ce qui facilite la gestion des rendez-vous m\u00e9dicaux et optimise la disponibilit\u00e9 des v\u00e9hicules.<\/li>\n<\/ul>\n<h2>Comment fonctionne concr\u00e8tement le transport partag\u00e9 ?<\/h2>\n<p>Pour avoir acc\u00e8s \u00e0 ce <b>transport partag\u00e9<\/b>, votre m\u00e9decin doit indiquer sur votre ordonnance si vous avez le droit d\u2019utiliser les transports partag\u00e9s. Apr\u00e8s cela, le transporteur vous contactera pour vous informer de l\u2019heure de passage et comment se passera la prise en charge. Il est possible de l\u00e9g\u00e8rement adapter les horaires afin de pouvoir regrouper les trajets.<\/p>\n<p>Concernant le r\u00e8glement, cela se passe de la m\u00eame fa\u00e7on que pour un transport classique sous r\u00e9serve de respecter les <b>conditions fix\u00e9es<\/b> par l\u2019assurance maladie.<\/p>\n<h1>Qui peut b\u00e9n\u00e9ficier du transport m\u00e9dical partag\u00e9 rembours\u00e9 \u00e0 100% ?<\/h1>\n<h2>Quelles conditions pour b\u00e9n\u00e9ficier du transport m\u00e9dical partag\u00e9 ?<\/h2>\n<p>Le transport m\u00e9dical partag\u00e9 doit vous \u00eatre prescrit par un professionnel de sant\u00e9 (m\u00e9decin, h\u00f4pital..) et concerner un transport assis professionnalis\u00e9 (VSL, v\u00e9hicule sanitaire l\u00e9ger&#8230;). Il s&rsquo;applique uniquement aux trajets r\u00e9guliers et programm\u00e9s, vous devez \u00eatre capable de voyager avec d&rsquo;autres personne. Il est accord\u00e9 sous deux conditions cumulatives :<\/p>\n<ul>\n<li>Une <strong>condition li\u00e9e au d\u00e9tour occasionn\u00e9<\/strong> : le d\u00e9tour ne doit pas d\u00e9passer 10 km par personne transport\u00e9e \u00e0 partir de la deuxi\u00e8me, dans la limite de 30 km.<\/li>\n<li>Une <strong>condition li\u00e9e \u00e0 l&rsquo;attente<\/strong> sur le lieu de soins : l&rsquo;attente avant et apr\u00e8s le rendez-vous ne pas d\u00e9passer 45 min au total.<\/li>\n<\/ul>\n<h2>Pour quels types de transport ?<\/h2>\n<p>Le transport m\u00e9dical partag\u00e9 s&rsquo;adresse principalement aux patients qui doivent se rendre r\u00e9guli\u00e8rement \u00e0 des soins ou des examens programm\u00e9s. Il est propos\u00e9 pour certains types de trajets m\u00e9dicaux bien pr\u00e9cis, d\u00e9finis par l&rsquo;Assurance Maladie :<\/p>\n<ul>\n<li aria-level=\"1\">Les<b> traitements m\u00e9dicamenteux <\/b>du cancer ( chimioth\u00e9rapie) ;<\/li>\n<li aria-level=\"1\">Les <b>s\u00e9ances de radioth\u00e9rapie <\/b>;<\/li>\n<li aria-level=\"1\">Les <b>s\u00e9ances de dialyse<\/b> (insuffisance r\u00e9nale chronique) ;<\/li>\n<li aria-level=\"1\">Les <b>soins de r\u00e9adaptation <\/b>;<\/li>\n<li aria-level=\"1\">Les <b>hospitalisations de jour<\/b>.<\/li>\n<\/ul>\n<h1>Qu&rsquo;est ce qui est pris en charge par l\u2019assurance maladie<\/h1>\n<h2>Quel est le co\u00fbt du transport m\u00e9dical partag\u00e9 ?<\/h2>\n<p>Le transport m\u00e9dical partag\u00e9 a \u00e9t\u00e9 pens\u00e9 pour <b>r\u00e9duire vos d\u00e9penses <\/b>li\u00e9es aux trajets de soins. Le co\u00fbt du transport est r\u00e9parti entre vous et les autres patients pr\u00e9sents dans un m\u00eame v\u00e9hicule. Au final, vos trajets reviennent en moyenne<b> 15 \u00e0 35 % <\/b>moins cher qu\u2019un trajet individuel.<\/p>\n<p>Le prix varie selon plusieurs crit\u00e8res (la distance parcourue, le type de v\u00e9hicule utilis\u00e9 et le nombre de passagers). Les tarifs sont encadr\u00e9s par l\u2019Assurance Maladie et les transporteurs agr\u00e9\u00e9s, ce qui garantit un tarif transparent et sans surprise pour vous.<\/p>\n<h2>Quel est le montant de la prise en charge ?<\/h2>\n<p>Le transport m\u00e9dical partag\u00e9 vous est rembours\u00e9 par l\u2019Assurance Maladie au m\u00eame titre qu\u2019un transport sanitaire classique. Le taux de remboursement est en g\u00e9n\u00e9ral de <b>55% <\/b>du tarif conventionn\u00e9. Mais il peut \u00eatre pris en charge \u00e0 <b>100% dans certains cas<\/b> (affection longue dur\u00e9e, hospitalisation, grossesse \u00e0 partir du 6e mois, accident du travail, b\u00e9n\u00e9ficiaire de la compl\u00e9mentaire sant\u00e9 solidaire..).<\/p>\n<p>Si le transport est effectu\u00e9 par un taxi conventionn\u00e9 ou un VSL, le tiers payant s\u2019applique donc vous n\u2019avez aucun frais \u00e0 avancer. Par contre, une franchise m\u00e9dicale de <b>4<\/b>\u20ac par trajet reste \u00e0 votre charge dans la limite de 2 trajets aller-retour par jour.<\/p>\n\n<div class=\"wpdt-c row wpDataTableContainerSimpleTable wpDataTables wpDataTablesWrapper\n\"\n    >\n    <table id=\"wpdtSimpleTable-697\"\n           class=\"wpdtSimpleTable wpDataTable\"\n           data-column=\"4\"\n           data-rows=\"6\"\n           data-wpID=\"697\"\n           data-responsive=\"0\"\n           data-has-header=\"0\">\n\n                    <tbody>        <tr class=\"wpdt-cell-row \" >\n                            <td class=\"wpdt-cell wpdt-bold wpdt-bc-F3F9FE\"\n                                    data-cell-id=\"A1\"\n                data-col-index=\"0\"\n                data-row-index=\"0\"\n                style=\" width:24.901185770751%;                padding:10px;\"\n                >\n                                Type de transport                <\/td>\n                                            <td class=\"wpdt-cell wpdt-bold wpdt-bc-F3F9FE\"\n                                    data-cell-id=\"B1\"\n                data-col-index=\"1\"\n                data-row-index=\"0\"\n                style=\" width:24.505928853755%;                padding:10px;\"\n                >\n                                Conditions de prise en charge                <\/td>\n                                            <td class=\"wpdt-cell wpdt-bold wpdt-bc-F3F9FE\"\n                                    data-cell-id=\"C1\"\n                data-col-index=\"2\"\n                data-row-index=\"0\"\n                style=\" width:22.924901185771%;                padding:10px;\"\n                >\n                                Taux de remboursement                <\/td>\n                                            <td class=\"wpdt-cell wpdt-bold wpdt-bc-F3F9FE\"\n                                    data-cell-id=\"D1\"\n                data-col-index=\"3\"\n                data-row-index=\"0\"\n                style=\" width:27.667984189723%;                padding:10px;\"\n                >\n                                Particularit\u00e9s                <\/td>\n                                        <\/tr>\n                            <tr class=\"wpdt-cell-row \" >\n                            <td class=\"wpdt-cell \"\n                                    data-cell-id=\"A2\"\n                data-col-index=\"0\"\n                data-row-index=\"1\"\n                style=\"                padding:10px;\"\n                >\n                                Taxi conventionn\u00e9 \/ VSL                <\/td>\n                                            <td class=\"wpdt-cell \"\n                                    data-cell-id=\"B2\"\n                data-col-index=\"1\"\n                data-row-index=\"1\"\n                style=\"                padding:10px;\"\n                >\n                                Prescription m\u00e9dicale et transporteur agr\u00e9\u00e9                <\/td>\n                                            <td class=\"wpdt-cell \"\n                                    data-cell-id=\"C2\"\n                data-col-index=\"2\"\n                data-row-index=\"1\"\n                style=\"                padding:10px;\"\n                >\n                                55% ou 10% selon situation                <\/td>\n                                            <td class=\"wpdt-cell \"\n                                    data-cell-id=\"D2\"\n                data-col-index=\"3\"\n                data-row-index=\"1\"\n                style=\"                padding:10px;\"\n                >\n                                Franchise de 4\u20ac \/ trajet, tiers payant possible                <\/td>\n                                        <\/tr>\n                            <tr class=\"wpdt-cell-row \" >\n                            <td class=\"wpdt-cell \"\n                                    data-cell-id=\"A3\"\n                data-col-index=\"0\"\n                data-row-index=\"2\"\n                style=\"                padding:10px;\"\n                >\n                                Ambulance                <\/td>\n                                            <td class=\"wpdt-cell \"\n                                    data-cell-id=\"B3\"\n                data-col-index=\"1\"\n                data-row-index=\"2\"\n                style=\"                padding:10px;\"\n                >\n                                Transport justifi\u00e9 par l'\u00e9tat de sant\u00e9                <\/td>\n                                            <td class=\"wpdt-cell \"\n                                    data-cell-id=\"C3\"\n                data-col-index=\"2\"\n                data-row-index=\"2\"\n                style=\"                padding:10px;\"\n                >\n                                55% ou 10% selon cas                <\/td>\n                                            <td class=\"wpdt-cell \"\n                                    data-cell-id=\"D3\"\n                data-col-index=\"3\"\n                data-row-index=\"2\"\n                style=\"                padding:10px;\"\n                >\n                                Franchise de 4\u20ac\/trajet tiers payant automatique                <\/td>\n                                        <\/tr>\n                            <tr class=\"wpdt-cell-row \" >\n                            <td class=\"wpdt-cell \"\n                                    data-cell-id=\"A4\"\n                data-col-index=\"0\"\n                data-row-index=\"3\"\n                style=\"                padding:10px;\"\n                >\n                                Voiture personnelle                <\/td>\n                                            <td class=\"wpdt-cell \"\n                                    data-cell-id=\"B4\"\n                data-col-index=\"1\"\n                data-row-index=\"3\"\n                style=\"                padding:10px;\"\n                >\n                                Prescription + Justificatifs                <\/td>\n                                            <td class=\"wpdt-cell \"\n                                    data-cell-id=\"C4\"\n                data-col-index=\"2\"\n                data-row-index=\"3\"\n                style=\"                padding:10px;\"\n                >\n                                55% sur 0,30\u20ac\u20ac\/km                <\/td>\n                                            <td class=\"wpdt-cell \"\n                                    data-cell-id=\"D4\"\n                data-col-index=\"3\"\n                data-row-index=\"3\"\n                style=\"                padding:10px;\"\n                >\n                                Pas de franchise, remboursement sur justificatifs                <\/td>\n                                        <\/tr>\n                            <tr class=\"wpdt-cell-row \" >\n                            <td class=\"wpdt-cell \"\n                                    data-cell-id=\"A5\"\n                data-col-index=\"0\"\n                data-row-index=\"4\"\n                style=\"                padding:10px;\"\n                >\n                                Transport en commun                <\/td>\n                                            <td class=\"wpdt-cell \"\n                                    data-cell-id=\"B5\"\n                data-col-index=\"1\"\n                data-row-index=\"4\"\n                style=\"                padding:10px;\"\n                >\n                                Prescription + Billets                <\/td>\n                                            <td class=\"wpdt-cell \"\n                                    data-cell-id=\"C5\"\n                data-col-index=\"2\"\n                data-row-index=\"4\"\n                style=\"                padding:10px;\"\n                >\n                                55% du tarif du ticket                <\/td>\n                                            <td class=\"wpdt-cell \"\n                                    data-cell-id=\"D5\"\n                data-col-index=\"3\"\n                data-row-index=\"4\"\n                style=\"                padding:10px;\"\n                >\n                                Pas de franchise,  accord pr\u00e9alable parfois requis                <\/td>\n                                        <\/tr>\n                            <tr class=\"wpdt-cell-row \" >\n                            <td class=\"wpdt-cell \"\n                                    data-cell-id=\"A6\"\n                data-col-index=\"0\"\n                data-row-index=\"5\"\n                style=\"                padding:10px;\"\n                >\n                                Transport m\u00e9dical partag\u00e9                <\/td>\n                                            <td class=\"wpdt-cell \"\n                                    data-cell-id=\"B6\"\n                data-col-index=\"1\"\n                data-row-index=\"5\"\n                style=\"                padding:10px;\"\n                >\n                                Prescription + Conditions cumulatives (attente maximum 45 min, d\u00e9tour maximum 10 kg                <\/td>\n                                            <td class=\"wpdt-cell \"\n                                    data-cell-id=\"C6\"\n                data-col-index=\"2\"\n                data-row-index=\"5\"\n                style=\"                padding:10px;\"\n                >\n                                55% ou 100%                <\/td>\n                                            <td class=\"wpdt-cell \"\n                                    data-cell-id=\"D6\"\n                data-col-index=\"3\"\n                data-row-index=\"5\"\n                style=\"                padding:10px;\"\n                >\n                                Franchise de 4\u20ac \/trajet, tiers payant possible                <\/td>\n                                        <\/tr>\n                    <\/table>\n<\/div><style id='wpdt-custom-style-697'>\n.wpdt-bc-F3F9FE { background-color: #F3F9FE !important;}\n<\/style>\n\n<h2>Exemple de prise en charge<\/h2>\n<p>Imaginons, vous faites un trajet de 20km pour votre s\u00e9ance de dialyse. Le tarif conventionn\u00e9 pour un VSL est d&rsquo;environ 35\u20ac. L&rsquo;Assurance Maladie rembourse 55% soit 19,25 \u20ac. Si vous \u00eates dans un cas de prise en charge \u00e0 100%, l&rsquo;int\u00e9gralit\u00e9 vous sera rembours\u00e9e. Dans tous les cas une franchise m\u00e9dicale de 4\u20ac reste \u00e0 votre charge dans la limite de 2 trajets aller-retour par jour.<\/p>\n<div class='cta-block'><div class='text'>Simulez toutes vos aides en 2 min.<\/div><a href='https:\/\/www.mes-allocs.fr\/simulation-aides?origin=guides\/wp-json\/wp\/v2\/posts\/104598' class='app-button fit'>Simulation gratuite<\/a><\/div>\n<h1>Comment faire une demande de transport m\u00e9dical partag\u00e9 ?<\/h1>\n<h2>La prescription m\u00e9dicale obligatoire<\/h2>\n<p>Le transport m\u00e9dical partag\u00e9 doit obligatoirement vous \u00eatre prescrit par un <b>professionnel de sant\u00e9<\/b>, votre m\u00e9decin traitant, un sp\u00e9cialiste ou un h\u00f4pital. Le m\u00e9decin choisit le type de transport le plus adapt\u00e9 selon votre \u00e9tat de sant\u00e9 (taxi conventionn\u00e9, VSL..). La prescription doit mentionner s\u2019il s\u2019agit d\u2019 un transport partag\u00e9 ou non.<\/p>\n<p><div class='shortcode important'><div class='title'>Important<\/div><div class='content'>Sans cette prescription, aucune prise en charge n\u2019est possible par l\u2019Assurance Maladie.<\/div><\/div><!-- notionvc: 363720f8-1016-4291-a759-679884be1c2b --><\/p>\n<h2>Les d\u00e9marches \u00e0 suivre sur Ameli<\/h2>\n<p>Une fois que vous avez votre prescription m\u00e9dicale, vous devez vous rendre sur votre compte<b> Ameli<\/b>. Connectez vous puis allez dans la rubrique <b>\u201cMes d\u00e9marches\u201d<\/b>. Vous pourrez y v\u00e9rifier que le transporteur choisi est bien conventionn\u00e9 par la s\u00e9curit\u00e9 sociale et suivre l\u2019avancement de votre demande.<\/p>\n<p>Si vos trajets sont r\u00e9guliers (dialyse, chimioth\u00e9rapie, r\u00e9\u00e9ducation, etc.) vous devrez remplir un formulaire d&rsquo;accord pr\u00e9alable. Ce document est transmis par votre m\u00e9decin \u00e0 l&rsquo;Assurance Maladie, qui doit donner son accord avant le d\u00e9but des transports. Vous recevrez ensuite la confirmation directement sur votre compte Ameli.<\/p>\n<p>Une fois la confirmation re\u00e7ue, le <b>remboursement<\/b> se fait automatiquement, selon les r\u00e8gles de l\u2019Assurance Maladie. Vous avez la possibilit\u00e9 de suivre vos remboursements directement sur votre espace personnel ou l\u2019application mobile Ameli.<\/p>\n<h2>Le r\u00f4le du professionnel de sant\u00e9<\/h2>\n<p>Le m\u00e9decin joue un r\u00f4le important dans la demande de transport m\u00e9dical partag\u00e9. C\u2019est lui qui va \u00e9valuer votre \u00e9tat de sant\u00e9 et d\u00e9cidera si ce type de transport est adapt\u00e9 \u00e0 votre situation. Lorsqu&rsquo;il fait la prescription m\u00e9dicale, il pr\u00e9cise le mode de transport le plus adapt\u00e9 \u00e0 votre sant\u00e9 (taxi conventionn\u00e9, VSL..) et il peut \u00e9galement indiquer s\u2019il s&rsquo;agit d&rsquo; un transport partag\u00e9 ou non.<\/p>\n<p>Le professionnel de sant\u00e9 veille \u00e0 ce que les conditions soient respect\u00e9es : pas de contre indication m\u00e9dicale, pas d\u2019attente excessive, et un trajet compatible avec d\u2019autres patients. Si jamais il a un doute il peut \u00e9changer directement avec le transporteur pour organiser votre d\u00e9placement dans les meilleures conditions possibles.<\/p>\n<h2>Comment fonctionne le remboursement ?<\/h2>\n<p>Le remboursement du transport m\u00e9dical partag\u00e9 d\u00e9pend du mode de transport que vous utilisez et de la prescription m\u00e9dicale qu\u2019on vous a fournie. Si vous effectuez le trajet en taxi conventionn\u00e9, en VSL ou en ambulance, vous n&rsquo;avez rien \u00e0 avancer : le <strong>tiers payant<\/strong> s&rsquo;applique automatiquement.<\/p>\n<p>Depuis le 1er ao\u00fbt 2023, l&rsquo;Assurance Maladie prend en charge 55% du tarif conventionn\u00e9, tandis que votre mutuelle couvre les 45 % restants. Il reste \u00e0 votre charge une <strong>franchise m\u00e9dicale de 4 \u20ac<\/strong> par trajet, dans la limite de 8 \u20ac par jour. Pour un d\u00e9placement r\u00e9alis\u00e9 avec votre propre v\u00e9hicule, le remboursement se fait sur la base d&rsquo;un tarif kilom\u00e9trique fix\u00e9 \u00e0 0,30 \u20ac par kilom\u00e8tre. Vous devez alors avancer les frais et envoyer votre demande de remboursement, accompagn\u00e9e de la prescription m\u00e9dicale et des justificatifs de d\u00e9penses (p\u00e9age, parking, etc.), depuis votre espace Ameli ou par courrier.<\/p>\n<p>Si vous utilisez les transports en commun, l&rsquo;Assurance Maladie peut aussi prendre en charge une partie des frais, sur la base du prix du billet le moins cher (bus, train en 2e classe, m\u00e9tro, avion ou bateau). La franchise m\u00e9dicale ne s&rsquo;applique pas \u00e0 ce type de trajet, ni en cas d&rsquo;urgence.<\/p>\n<h1>Pouvez-vous refuser un transport m\u00e9dical partag\u00e9 ?<\/h1>\n<p><b>Oui<\/b>, mais si vous refusez le transport partag\u00e9 sans raison m\u00e9dicale valable, vous perdez le b\u00e9n\u00e9fice du tiers payant. Vous devrez avancer les frais du trajet, qui vous seront par la suite rembours\u00e9s. Cette r\u00e8gle ne s\u2019applique pas si vous \u00eates b\u00e9n\u00e9ficiaire de la Compl\u00e9mentaire sant\u00e9 solidaire ou l\u2019Aide m\u00e9dicale d\u2019Etat.<\/p>\n<h1>Quelles sont les limites de ce dispositif m\u00e9dical ?<\/h1>\n<p>M\u00eame si le transport m\u00e9dical a beaucoup d\u2019avantage, il pr\u00e9sente aussi quelques limites qu\u2019il est important de conna\u00eetre avant d\u2019y avoir recours :<\/p>\n<ul>\n<li aria-level=\"1\"><b>Horaires moins flexibles<\/b>, les trajets doivent s\u2019adapter aux rendez vous de plusieurs patients<\/li>\n<li aria-level=\"1\"><b>Pas adapt\u00e9 \u00e0 tous les profils m\u00e9dicaux<\/b>, surtout en cas d\u2019urgence ou de soin ou il y a besoin de prise en charge sp\u00e9cifique<\/li>\n<li aria-level=\"1\"><b>Possible attente <\/b>sur le lieu de soins avant ou apr\u00e8s le rendez-vous<\/li>\n<li aria-level=\"1\"><b>R\u00e9serv\u00e9 aux trajets programm\u00e9s<\/b>, comme la dialyse ou la radioth\u00e9rapie<\/li>\n<li aria-level=\"1\"><b>Maximum 2 patients par v\u00e9hicule<\/b>, ce qui restreint son d\u00e9ploiement dans certaines zones<\/li>\n<\/ul>\n<div class='shortcode summary'><div class='title'>En r\u00e9sum\u00e9 :<\/div><div class='content'><ul><li>Le transport m\u00e9dical partag\u00e9, lanc\u00e9 le <strong>1er mars 2025<\/strong>, vous permet de partager vos trajets m\u00e9dicaux avec d\u2019autres patients tout en gardant le m\u00eame confort. <\/li><li> Il est moins cher (<strong>jusqu\u2019\u00e0 35 % d\u2019\u00e9conomies<\/strong>), plus \u00e9cologique, et pris en charge par l\u2019\u2019Assurance Maladie. <\/li><li> Sous conditions (prescription m\u00e9dicale, d\u00e9tour limit\u00e9, attente r\u00e9duite), il peut \u00eatre <strong>rembours\u00e9 jusqu\u2019\u00e0 100 %<\/strong> selon votre situation. <\/li><li> La demande et le suivi se font directement sur Ameli.fr. <\/li><\/ul><\/div><\/div>\n<div class='cta-block'><div class='text'>Simulez toutes vos aides en 2 min.<\/div><a href='https:\/\/www.mes-allocs.fr\/simulation-aides?origin=guides\/wp-json\/wp\/v2\/posts\/104598' class='app-button fit'>Simulation gratuite<\/a><\/div>\n","protected":false},"excerpt":{"rendered":"<p>Tous les ans, les trajets m\u00e9dicaux repr\u00e9sentent un vrai co\u00fbt pour le syst\u00e8me de sant\u00e9, avec plus de 6,3 milliards d&rsquo;euro d\u00e9pens\u00e9s en 2023. Pour vous, ces d\u00e9placements peuvent \u00eatre aussi contraignants ou co\u00fbteux. C&rsquo;est pour cela qu&rsquo;a \u00e9t\u00e9 cr\u00e9\u00e9 le transport m\u00e9dical partag\u00e9. C&rsquo;est une solution simple qui vous permet de partager votre trajet [&hellip;]<\/p>\n","protected":false},"author":29,"featured_media":104684,"comment_status":"open","ping_status":"open","sticky":false,"template":"","format":"standard","meta":{"amp_status":"","footnotes":""},"categories":[31073,58985,31458],"tags":[],"class_list":["post-104598","post","type-post","status-publish","format-standard","has-post-thumbnail","hentry","category-ameli","category-transport-remboursements-ameli","category-remboursement-ameli"],"yoast_head":"<!-- This site is optimized with the Yoast SEO plugin v14.9 - https:\/\/yoast.com\/wordpress\/plugins\/seo\/ -->\n<title>Transport m\u00e9dical partag\u00e9 : conditions, remboursement, demande<\/title>\n<meta name=\"description\" content=\"Le transport m\u00e9dical partag\u00e9 vous permet de vous rendre \u00e0 vos rendez-vous \u00e0 moindre co\u00fbt. On vous explique comment en profiter.\" \/>\n<meta name=\"robots\" content=\"index, follow, max-snippet:-1, max-image-preview:large, max-video-preview:-1\" \/>\n<link rel=\"canonical\" href=\"https:\/\/www.mes-allocs.fr\/guides\/ameli\/remboursement-ameli\/transport-remboursements-ameli\/transport-medical-partage\/\" \/>\n<meta property=\"og:locale\" content=\"fr_FR\" \/>\n<meta property=\"og:type\" content=\"article\" \/>\n<meta property=\"og:title\" content=\"Transport m\u00e9dical partag\u00e9 : conditions, remboursement, demande\" \/>\n<meta property=\"og:description\" content=\"Le transport m\u00e9dical partag\u00e9 vous permet de vous rendre \u00e0 vos rendez-vous \u00e0 moindre co\u00fbt. On vous explique comment en profiter.\" \/>\n<meta property=\"og:url\" content=\"https:\/\/www.mes-allocs.fr\/guides\/ameli\/remboursement-ameli\/transport-remboursements-ameli\/transport-medical-partage\/\" \/>\n<meta property=\"og:site_name\" content=\"Mes-Allocs.fr\" \/>\n<meta property=\"article:published_time\" content=\"2025-10-15T08:36:02+00:00\" \/>\n<meta property=\"article:modified_time\" content=\"2026-04-22T07:32:36+00:00\" \/>\n<meta property=\"og:image\" content=\"https:\/\/www.mes-allocs.fr\/guides\/wp-content\/uploads\/2025\/10\/transport-medical-partage-1.jpg?wsr\" \/>\n\t<meta property=\"og:image:width\" content=\"1201\" \/>\n\t<meta property=\"og:image:height\" content=\"1201\" \/>\n<meta name=\"twitter:card\" content=\"summary_large_image\" \/>\n<script type=\"application\/ld+json\" class=\"yoast-schema-graph\">{\"@context\":\"https:\/\/schema.org\",\"@graph\":[{\"@type\":\"WebSite\",\"@id\":\"https:\/\/www.mes-allocs.fr\/guides\/#website\",\"url\":\"https:\/\/www.mes-allocs.fr\/guides\/\",\"name\":\"Mes-Allocs.fr\",\"description\":\"\",\"potentialAction\":[{\"@type\":\"SearchAction\",\"target\":\"https:\/\/www.mes-allocs.fr\/guides\/?s={search_term_string}\",\"query-input\":\"required name=search_term_string\"}],\"inLanguage\":\"fr-FR\"},{\"@type\":\"ImageObject\",\"@id\":\"https:\/\/www.mes-allocs.fr\/guides\/ameli\/remboursement-ameli\/transport-remboursements-ameli\/transport-medical-partage\/#primaryimage\",\"inLanguage\":\"fr-FR\",\"url\":\"https:\/\/www.mes-allocs.fr\/guides\/wp-content\/uploads\/2025\/10\/transport-medical-partage-1.jpg?wsr\",\"width\":1201,\"height\":1201,\"caption\":\"transport medical partage\"},{\"@type\":\"WebPage\",\"@id\":\"https:\/\/www.mes-allocs.fr\/guides\/ameli\/remboursement-ameli\/transport-remboursements-ameli\/transport-medical-partage\/#webpage\",\"url\":\"https:\/\/www.mes-allocs.fr\/guides\/ameli\/remboursement-ameli\/transport-remboursements-ameli\/transport-medical-partage\/\",\"name\":\"Transport m\\u00e9dical partag\\u00e9 : conditions, remboursement, demande\",\"isPartOf\":{\"@id\":\"https:\/\/www.mes-allocs.fr\/guides\/#website\"},\"primaryImageOfPage\":{\"@id\":\"https:\/\/www.mes-allocs.fr\/guides\/ameli\/remboursement-ameli\/transport-remboursements-ameli\/transport-medical-partage\/#primaryimage\"},\"datePublished\":\"2025-10-15T08:36:02+00:00\",\"dateModified\":\"2026-04-22T07:32:36+00:00\",\"author\":{\"@id\":\"https:\/\/www.mes-allocs.fr\/guides\/#\/schema\/person\/4e41463521c6aa39e7147c10ad0cb360\"},\"description\":\"Le transport m\\u00e9dical partag\\u00e9 vous permet de vous rendre \\u00e0 vos rendez-vous \\u00e0 moindre co\\u00fbt. On vous explique comment en profiter.\",\"inLanguage\":\"fr-FR\"},{\"@type\":\"Person\",\"@id\":\"https:\/\/www.mes-allocs.fr\/guides\/#\/schema\/person\/4e41463521c6aa39e7147c10ad0cb360\",\"name\":\"Camille Jouanne\",\"image\":{\"@type\":\"ImageObject\",\"@id\":\"https:\/\/www.mes-allocs.fr\/guides\/#personlogo\",\"inLanguage\":\"fr-FR\",\"url\":\"https:\/\/www.mes-allocs.fr\/guides\/wp-content\/uploads\/2025\/08\/camille-jouanne-e1756398287761-150x150.png\",\"caption\":\"Camille Jouanne\"},\"description\":\"Responsable \\u00e9ditoriale chez Mes Allocs, je rejoins l'\\u00e9quipe en f\\u00e9vrier 2024 apr\\u00e8s une exp\\u00e9rience en agence web. Je suis sp\\u00e9cialis\\u00e9e sur les sujets li\\u00e9s aux aides sociales, aux imp\\u00f4ts, \\u00e0 la S\\u00e9curit\\u00e9 Sociale et \\u00e0 la retraite. Mon r\\u00f4le est de garantir la qualit\\u00e9, la pertinence et la coh\\u00e9rence des contenus publi\\u00e9s. J'accompagne les r\\u00e9dacteurs et r\\u00e9dactrices de l\\u2019id\\u00e9e \\u00e0 la publication, avec le souci du d\\u00e9tail. Ma priorit\\u00e9 : proposer des contenus fiables, engageants et pens\\u00e9s pour les lecteurs.\",\"sameAs\":[\"https:\/\/www.linkedin.com\/in\/camille-jouanne-2394881a5\"]}]}<\/script>\n<!-- \/ Yoast SEO plugin. -->","amp_validity":null,"acf":{"faq":{"1":{"question":"Quelles sont les nouvelles r\u00e8gles du transport m\u00e9dical partag\u00e9 ?","answer":"Il permet d\u00e9sormais de regrouper plusieurs patients dans un m\u00eame v\u00e9hicule sanitaire pour limiter les co\u00fbts. Ce mode de transport doit \u00eatre prescrit par un professionnel de sant\u00e9 et organis\u00e9 par un transporteur agr\u00e9\u00e9. "},"2":{"question":"Qui peut b\u00e9n\u00e9ficier du transport m\u00e9dical partag\u00e9 ?","answer":"Il est r\u00e9serv\u00e9 aux patients dont l'\u00e9tat de sant\u00e9 n\u00e9cessite un transport assis, mais ne justifie pas un v\u00e9hicule individuel. La prescription m\u00e9dical doit mentionner la possibilit\u00e9 d'un trajet partag\u00e9."},"3":{"question":"Comment fonctionne le transport m\u00e9dical partag\u00e9 ? ","answer":"Deux patients sont regroup\u00e9s dans un m\u00eame v\u00e9hicule sanitaire l\u00e9ger (VSL) pour des trajets proches en horaire et en direction. Le transporteur planifie le d\u00e9placement et informe chaque patient de l'horaire convenu. "},"4":{"question":"Le transport m\u00e9dical partag\u00e9 est-il rembours\u00e9 par la S\u00e9curit\u00e9 sociale ? ","answer":"Oui, l'Assurance Maladie prend en charge 55% du co\u00fbt du transport et les 45% restant peuvent \u00eatre rembours\u00e9s par votre mutuelle, selon votre contrat. "},"5":{"question":"Comment obtenir une prescription m\u00e9dicale de transport partag\u00e9 ? ","answer":"Votre m\u00e9decin traitant ou sp\u00e9cialiste doit remplir une prescription m\u00e9dicale de transport. Celle-ci pr\u00e9cise le type de transport adapt\u00e9 \u00e0 votre \u00e9tat."},"6":{"question":"Peut-on refuser un transport m\u00e9dical partag\u00e9?","answer":"Oui, mais si vous refusez le transport partag\u00e9 sans raison m\u00e9dicale valable, vous perdez le b\u00e9n\u00e9fice du tiers payant. Vous devrez avancer les frais du trajet, qui vous seront par la suite rembours\u00e9s. Cette r\u00e8gle ne s\u2019applique pas si vous \u00eates b\u00e9n\u00e9ficiaire de la Compl\u00e9mentaire sant\u00e9 solidaire ou l\u2019Aide m\u00e9dicale d\u2019Etat."},"7":{"question":"","answer":""},"8":{"question":"","answer":""},"9":{"question":"","answer":""},"10":{"question":"","answer":""},"11":{"question":"","answer":""},"12":{"question":"","answer":""},"13":{"question":"","answer":""},"14":{"question":"","answer":""},"15":{"question":"","answer":""},"16":{"question":"","answer":""}}},"_links":{"self":[{"href":"https:\/\/www.mes-allocs.fr\/guides\/wp-json\/wp\/v2\/posts\/104598","targetHints":{"allow":["GET"]}}],"collection":[{"href":"https:\/\/www.mes-allocs.fr\/guides\/wp-json\/wp\/v2\/posts"}],"about":[{"href":"https:\/\/www.mes-allocs.fr\/guides\/wp-json\/wp\/v2\/types\/post"}],"author":[{"embeddable":true,"href":"https:\/\/www.mes-allocs.fr\/guides\/wp-json\/wp\/v2\/users\/29"}],"replies":[{"embeddable":true,"href":"https:\/\/www.mes-allocs.fr\/guides\/wp-json\/wp\/v2\/comments?post=104598"}],"version-history":[{"count":14,"href":"https:\/\/www.mes-allocs.fr\/guides\/wp-json\/wp\/v2\/posts\/104598\/revisions"}],"predecessor-version":[{"id":104888,"href":"https:\/\/www.mes-allocs.fr\/guides\/wp-json\/wp\/v2\/posts\/104598\/revisions\/104888"}],"wp:featuredmedia":[{"embeddable":true,"href":"https:\/\/www.mes-allocs.fr\/guides\/wp-json\/wp\/v2\/media\/104684"}],"wp:attachment":[{"href":"https:\/\/www.mes-allocs.fr\/guides\/wp-json\/wp\/v2\/media?parent=104598"}],"wp:term":[{"taxonomy":"category","embeddable":true,"href":"https:\/\/www.mes-allocs.fr\/guides\/wp-json\/wp\/v2\/categories?post=104598"},{"taxonomy":"post_tag","embeddable":true,"href":"https:\/\/www.mes-allocs.fr\/guides\/wp-json\/wp\/v2\/tags?post=104598"}],"curies":[{"name":"wp","href":"https:\/\/api.w.org\/{rel}","templated":true}]}}