{"id":104537,"date":"2025-10-22T18:42:16","date_gmt":"2025-10-22T16:42:16","guid":{"rendered":"https:\/\/www.mes-allocs.fr\/guides\/?p=104537"},"modified":"2026-04-22T08:32:35","modified_gmt":"2026-04-22T07:32:35","slug":"refuser-travailler-jour-ferie","status":"publish","type":"post","link":"https:\/\/www.mes-allocs.fr\/guides\/aides-sociales\/refuser-travailler-jour-ferie\/","title":{"rendered":"Puis-je refuser de travailler un jour f\u00e9ri\u00e9 ?"},"content":{"rendered":"<p><img loading=\"lazy\" decoding=\"async\" class=\"alignnone wp-image-104793 size-full\" title=\"refuser de travailler un jour ferie\" src=\"https:\/\/www.mes-allocs.fr\/guides\/wp-content\/uploads\/2025\/10\/refuser-de-travailler-un-jour-ferie-1.jpg\" alt=\"refuser de travailler un jour ferie\" width=\"1900\" height=\"300\" srcset=\"https:\/\/www.mes-allocs.fr\/guides\/wp-content\/uploads\/2025\/10\/refuser-de-travailler-un-jour-ferie-1.jpg 1900w, https:\/\/www.mes-allocs.fr\/guides\/wp-content\/uploads\/2025\/10\/refuser-de-travailler-un-jour-ferie-1-300x47.jpg 300w, https:\/\/www.mes-allocs.fr\/guides\/wp-content\/uploads\/2025\/10\/refuser-de-travailler-un-jour-ferie-1-1024x162.jpg 1024w, https:\/\/www.mes-allocs.fr\/guides\/wp-content\/uploads\/2025\/10\/refuser-de-travailler-un-jour-ferie-1-768x121.jpg 768w, https:\/\/www.mes-allocs.fr\/guides\/wp-content\/uploads\/2025\/10\/refuser-de-travailler-un-jour-ferie-1-1536x243.jpg 1536w, https:\/\/www.mes-allocs.fr\/guides\/wp-content\/uploads\/2025\/10\/refuser-de-travailler-un-jour-ferie-1-600x95.jpg 600w\" sizes=\"auto, (max-width: 1900px) 100vw, 1900px\" \/><\/p>\n<p>Travailler un jour f\u00e9ri\u00e9 ne fait pas toujours plaisir\u2026 mais en avez-vous vraiment le choix ? En 2025, il est parfois difficile de savoir o\u00f9 se situent vos droits. <b>Refuser de travailler un jour f\u00e9ri\u00e9, <\/b>c\u2019est possible dans certains cas, mais attention aux cons\u00e9quences : si vous n&rsquo;y \u00eates pas autoris\u00e9, vous pourriez perdre votre travail et vos <a href=\"https:\/\/www.mes-allocs.fr\/guides\/aides-sociales\/\">aides sociales<\/a>. Que vous soyez salari\u00e9 du commerce, de la sant\u00e9 ou d\u2019un secteur plus classique, Mes Allocs vous aide \u00e0 faire le point sur ce que vous pouvez (ou non) refuser, comment vous imposer et ce que vous devez savoir sur votre r\u00e9mun\u00e9ration.<\/p>\n<div class='cta-block'><div class='text'>Simulez toutes vos aides en 2 min.<\/div><a href='https:\/\/www.mes-allocs.fr\/simulation-aides?origin=guides\/wp-json\/wp\/v2\/posts\/104537' class='app-button fit'>Simulation gratuite<\/a><\/div>\n<h1>Ai-je le droit de refuser de travailler un jour f\u00e9ri\u00e9 ?<\/h1>\n<h2>Ce que vous pouvez refuser ou non<\/h2>\n<p>En France, les jours f\u00e9ri\u00e9s ne sont <b>pas automatiquement ch\u00f4m\u00e9s<\/b> sauf exception (<b>le 1er mai<\/b>). Tout d\u00e9pend de la convention collective de votre secteur, de votre contrat de travail et de votre entreprise (certains secteurs travaillent les jours f\u00e9ri\u00e9s par d\u00e9faut).<\/p>\n<p>En principe, vous ne pouvez pas refuser de travailler un jour f\u00e9ri\u00e9 si votre contrat le pr\u00e9voit. Sinon, cela peut \u00eatre consid\u00e9r\u00e9 comme un <b>refus d\u2019ob\u00e9issance <\/b>\u00e0 votre employeur.<\/p>\n<h2>Dans quels cas pouvez-vous refuser ?<\/h2>\n<p>Vous pouvez <b>refuser de travailler un jour f\u00e9ri\u00e9 <\/b>dans certains cas :<\/p>\n<ul>\n<li aria-level=\"1\">Votre contrat pr\u00e9voit que les jours f\u00e9ri\u00e9s sont ch\u00f4m\u00e9s<\/li>\n<li aria-level=\"1\">Vous avez des obligations familiales urgentes<\/li>\n<li aria-level=\"1\">Vous \u00eates mineur<\/li>\n<\/ul>\n<h2>Cons\u00e9quences d\u2019un refus injustifi\u00e9<\/h2>\n<p>Refuser de travailler un jour f\u00e9ri\u00e9 sans justification valable peut entra\u00eener des sanctions :<\/p>\n<ul>\n<li aria-level=\"1\">Un avertissement<\/li>\n<li aria-level=\"1\">Une sanction disciplinaire<\/li>\n<li aria-level=\"1\">Un licenciement pour faute en cas de refus r\u00e9p\u00e9t\u00e9 ou injustifi\u00e9<\/li>\n<\/ul>\n<p>Sauf cas particulier, le <b>salari\u00e9<\/b> est tenu de respecter les <b>horaires d\u00e9cid\u00e9s par l\u2019employeur.<\/b><\/p>\n<div class='shortcode tips'><div class='title'>Exemple<\/div><div class='content'>Si vous refusez de venir travailler le 14 juillet alors que votre contrat mentionne explicitement que les jours f\u00e9ri\u00e9s peuvent \u00eatre travaill\u00e9s et qu\u2019un planning a \u00e9t\u00e9 donn\u00e9 une semaine avant, vous vous exposez \u00e0 une sanction pour absence injustifi\u00e9e.<\/div><\/div>\n<h1>Le travail un jour f\u00e9ri\u00e9 est-il obligatoire ?<\/h1>\n<h2>L\u2019employeur peut-il obliger ses salari\u00e9s \u00e0 travailler un jour f\u00e9ri\u00e9 ?<\/h2>\n<p>Oui, mais pas toujours. En France, les jours <b>f\u00e9ri\u00e9s<\/b> ne sont pas automatiquement ch\u00f4m\u00e9s. \u00c0 l\u2019exception du<b> 1er mai<\/b>, qui est le seul jour f\u00e9ri\u00e9 obligatoirement ch\u00f4m\u00e9 et pay\u00e9. Les autres jours peuvent \u00eatre travaill\u00e9s si cela est pr\u00e9vu par le cadre <b>juridique<\/b> applicable \u00e0 l\u2019entreprise. Cela signifie que l\u2019employeur peut imposer le travail un jour f\u00e9ri\u00e9 dans plusieurs cas :<\/p>\n<ul>\n<li aria-level=\"1\">si le contrat de travail le pr\u00e9voit explicitement,<\/li>\n<li aria-level=\"1\">si un accord d\u2019entreprise ou une convention collective autorise le travail ces jours-l\u00e0,<\/li>\n<li aria-level=\"1\">ou encore si le planning remis au salari\u00e9 int\u00e8gre des jours f\u00e9ri\u00e9s travaill\u00e9s, conform\u00e9ment \u00e0 l\u2019organisation habituelle de l\u2019activit\u00e9.<\/li>\n<\/ul>\n<p>Dans certains <b>secteurs<\/b> comme la sant\u00e9, la restauration, les transports ou le commerce, le travail les jours f\u00e9ri\u00e9s est souvent la norme. <b>L\u2019activit\u00e9<\/b> ne peut pas s\u2019interrompre. Mais, l\u2019employeur ne peut pas imposer le travail un jour f\u00e9ri\u00e9 si aucune <b>disposition<\/b> ne le pr\u00e9voit dans les <b>textes<\/b> qui r\u00e9gissent la relation de travail. Dans ce cas, le salari\u00e9 est en droit de <b>refuser<\/b> sans craindre de sanction.<\/p>\n<div class='shortcode important'><div class='title'>Important<\/div><div class='content'>Il faut savoir que le Code du travail ne fixe aucune r\u00e8gle g\u00e9n\u00e9rale sur le travail les jours f\u00e9ri\u00e9s, sauf pour le 1er mai. Tout d\u00e9pend donc des textes applicables \u00e0 l\u2019entreprise ou au secteur d\u2019activit\u00e9.<\/div><\/div>\n<h2>Le cas particulier du 1er mai<\/h2>\n<p><b>Le 1er mai<\/b> est <b>le seul jour f\u00e9ri\u00e9 obligatoirement ch\u00f4m\u00e9<\/b> pour tous les salari\u00e9s sauf si l\u2019activit\u00e9 ne peut s\u2019arr\u00eater et que l\u2019employeur verse une majoration de salaire obligatoire ce jour-l\u00e0. C\u2019est le cas des h\u00f4pitaux, des transports et de la s\u00e9curit\u00e9. En dehors du 1er mai, l\u2019employeur peut <b>imposer<\/b> le travail un jour f\u00e9ri\u00e9 si cela est pr\u00e9vu par l\u2019organisation du travail.<\/p>\n<h1>Comment ne pas travailler un jour f\u00e9ri\u00e9 ?<\/h1>\n<p>Si vous ne souhaitez pas travailler un jour f\u00e9ri\u00e9, plusieurs solutions existent : posez un cong\u00e9 pay\u00e9 ou RTT, n\u00e9gociez un am\u00e9nagement d\u2019horaires avec votre employeur, ou v\u00e9rifiez si votre convention collective vous donne ce droit automatiquement. En dernier recours, vous pouvez faire valoir un <b>motif <\/b><b>l\u00e9gitime<\/b> comme un d\u00e9c\u00e8s, une maladie, une obligation administrative ou judiciaire.<\/p>\n<div class='cta-block'><div class='text'>Simulez toutes vos aides en 2 min.<\/div><a href='https:\/\/www.mes-allocs.fr\/simulation-aides?origin=guides\/wp-json\/wp\/v2\/posts\/104537' class='app-button fit'>Simulation gratuite<\/a><\/div>\n<h1>Quelles sont les r\u00e8gles de r\u00e9mun\u00e9ration un jour f\u00e9ri\u00e9 ?<\/h1>\n<h2>Travail un jour f\u00e9ri\u00e9 : majoration ou non ?<\/h2>\n<p>La majoration de salaire pour un jour f\u00e9ri\u00e9 n\u2019est pas automatique, sauf le 1er mai. Vous pouvez voir avec votre employeur s\u2019il a pris un engagement \u00e9crit ou oral et si votre convention collective le pr\u00e9voit.<\/p>\n<p>Dans les autres cas, <b>aucune majoration <\/b>n\u2019est pr\u00e9vue par le Code du travail mais beaucoup de secteurs appliquent une <b>r\u00e9mun\u00e9ration doubl\u00e9e <\/b>par accord.<\/p>\n<h2>Que se passe-t-il si je ne travaille pas ?<\/h2>\n<p>Si le jour f\u00e9ri\u00e9 est ch\u00f4m\u00e9 dans votre entreprise et que vous avez au moins trois mois d\u2019anciennet\u00e9, vous \u00eates <b>pay\u00e9 <\/b><b>normalement<\/b>. Sinon, vous n&rsquo;\u00eates pas pay\u00e9 ce jour-l\u00e0. Sauf si un accord collectif pr\u00e9voit le contraire.<\/p>\n<p>Les jours f\u00e9ri\u00e9s ch\u00f4m\u00e9s ne doivent pas entra\u00eener de perte de salaire pour les salari\u00e9s en CDI \u00e0 temps plein dans la majorit\u00e9 des cas.<\/p>\n<h1>Secteurs sp\u00e9cifiques : restauration, sant\u00e9, commerces<\/h1>\n<h2>Les secteurs o\u00f9 le travail les jours f\u00e9ri\u00e9s est courant<\/h2>\n<p>Certains secteurs d\u2019activit\u00e9 fonctionnent <b>m\u00eame les jours f\u00e9ri\u00e9s<\/b>, notamment la restauration, l\u2019h\u00f4tellerie et le tourisme. Le secteur de la sant\u00e9 est aussi concern\u00e9 avec les h\u00f4pitaux, les cliniques et les <b>EHPAD<\/b>. Pareil pour les commerces de proximit\u00e9 et les grandes surfaces. Les transports et les services d\u2019urgence continuent leur activit\u00e9 m\u00eame les jours f\u00e9ri\u00e9s.<\/p>\n<h2>Ce que dit la loi pour ces secteurs<\/h2>\n<p>Le travail les jours f\u00e9ri\u00e9s est <b>l\u00e9gal <\/b>s\u2019il est pr\u00e9vu dans le contrat ou la convention collective. La r\u00e9mun\u00e9ration est major\u00e9e selon les accords. Un <b>repos <\/b>compensateur peut \u00eatre pr\u00e9vu dans certains cas.<\/p>\n<div class='shortcode tips'><div class='title'>Exemple<\/div><div class='content'>Dans la restauration, les conventions pr\u00e9voient souvent un repos compensatoire ou une prime pour chaque jour f\u00e9ri\u00e9 travaill\u00e9.<\/div><\/div>\n<h1>Rappel des jours f\u00e9ri\u00e9s en 2025<\/h1>\n\n<div class=\"wpdt-c row wpDataTableContainerSimpleTable wpDataTables wpDataTablesWrapper\n\"\n    >\n    <table id=\"wpdtSimpleTable-700\"\n           class=\"wpdtSimpleTable wpDataTable\"\n           data-column=\"2\"\n           data-rows=\"12\"\n           data-wpID=\"700\"\n           data-responsive=\"0\"\n           data-has-header=\"0\">\n\n                    <tbody>        <tr class=\"wpdt-cell-row \" >\n                            <td class=\"wpdt-cell wpdt-bc-F3F9FE\"\n                                    data-cell-id=\"A1\"\n                data-col-index=\"0\"\n                data-row-index=\"0\"\n                style=\" width:50%;                padding:10px;\"\n                >\n                                \u00c9v\u00e8nement                <\/td>\n                                            <td class=\"wpdt-cell wpdt-bc-F3F9FE\"\n                                    data-cell-id=\"B1\"\n                data-col-index=\"1\"\n                data-row-index=\"0\"\n                style=\" width:50%;                padding:10px;\"\n                >\n                                Date en 2025                <\/td>\n                                        <\/tr>\n                            <tr class=\"wpdt-cell-row \" >\n                            <td class=\"wpdt-cell \"\n                                    data-cell-id=\"A2\"\n                data-col-index=\"0\"\n                data-row-index=\"1\"\n                style=\"                padding:10px;\"\n                >\n                                Jour de l'an                <\/td>\n                                            <td class=\"wpdt-cell \"\n                                    data-cell-id=\"B2\"\n                data-col-index=\"1\"\n                data-row-index=\"1\"\n                style=\"                padding:10px;\"\n                >\n                                1er janvier                <\/td>\n                                        <\/tr>\n                            <tr class=\"wpdt-cell-row \" >\n                            <td class=\"wpdt-cell \"\n                                    data-cell-id=\"A3\"\n                data-col-index=\"0\"\n                data-row-index=\"2\"\n                style=\"                padding:10px;\"\n                >\n                                Lundi de P\u00e2ques                <\/td>\n                                            <td class=\"wpdt-cell \"\n                                    data-cell-id=\"B3\"\n                data-col-index=\"1\"\n                data-row-index=\"2\"\n                style=\"                padding:10px;\"\n                >\n                                21 avril                <\/td>\n                                        <\/tr>\n                            <tr class=\"wpdt-cell-row \" >\n                            <td class=\"wpdt-cell \"\n                                    data-cell-id=\"A4\"\n                data-col-index=\"0\"\n                data-row-index=\"3\"\n                style=\"                padding:10px;\"\n                >\n                                F\u00eate du travail                <\/td>\n                                            <td class=\"wpdt-cell \"\n                                    data-cell-id=\"B4\"\n                data-col-index=\"1\"\n                data-row-index=\"3\"\n                style=\"                padding:10px;\"\n                >\n                                1er mai                <\/td>\n                                        <\/tr>\n                            <tr class=\"wpdt-cell-row \" >\n                            <td class=\"wpdt-cell \"\n                                    data-cell-id=\"A5\"\n                data-col-index=\"0\"\n                data-row-index=\"4\"\n                style=\"                padding:10px;\"\n                >\n                                Victoire 1945                <\/td>\n                                            <td class=\"wpdt-cell \"\n                                    data-cell-id=\"B5\"\n                data-col-index=\"1\"\n                data-row-index=\"4\"\n                style=\"                padding:10px;\"\n                >\n                                8 mai                <\/td>\n                                        <\/tr>\n                            <tr class=\"wpdt-cell-row \" >\n                            <td class=\"wpdt-cell \"\n                                    data-cell-id=\"A6\"\n                data-col-index=\"0\"\n                data-row-index=\"5\"\n                style=\"                padding:10px;\"\n                >\n                                Ascension                <\/td>\n                                            <td class=\"wpdt-cell \"\n                                    data-cell-id=\"B6\"\n                data-col-index=\"1\"\n                data-row-index=\"5\"\n                style=\"                padding:10px;\"\n                >\n                                29 mai                <\/td>\n                                        <\/tr>\n                            <tr class=\"wpdt-cell-row \" >\n                            <td class=\"wpdt-cell \"\n                                    data-cell-id=\"A7\"\n                data-col-index=\"0\"\n                data-row-index=\"6\"\n                style=\"                padding:10px;\"\n                >\n                                Lundi de Pentec\u00f4te                <\/td>\n                                            <td class=\"wpdt-cell \"\n                                    data-cell-id=\"B7\"\n                data-col-index=\"1\"\n                data-row-index=\"6\"\n                style=\"                padding:10px;\"\n                >\n                                9 juin                <\/td>\n                                        <\/tr>\n                            <tr class=\"wpdt-cell-row \" >\n                            <td class=\"wpdt-cell \"\n                                    data-cell-id=\"A8\"\n                data-col-index=\"0\"\n                data-row-index=\"7\"\n                style=\"                padding:10px;\"\n                >\n                                F\u00eate nationale                <\/td>\n                                            <td class=\"wpdt-cell \"\n                                    data-cell-id=\"B8\"\n                data-col-index=\"1\"\n                data-row-index=\"7\"\n                style=\"                padding:10px;\"\n                >\n                                14 juillet                <\/td>\n                                        <\/tr>\n                            <tr class=\"wpdt-cell-row \" >\n                            <td class=\"wpdt-cell \"\n                                    data-cell-id=\"A9\"\n                data-col-index=\"0\"\n                data-row-index=\"8\"\n                style=\"                padding:10px;\"\n                >\n                                Assomption                <\/td>\n                                            <td class=\"wpdt-cell \"\n                                    data-cell-id=\"B9\"\n                data-col-index=\"1\"\n                data-row-index=\"8\"\n                style=\"                padding:10px;\"\n                >\n                                15 ao\u00fbt                <\/td>\n                                        <\/tr>\n                            <tr class=\"wpdt-cell-row \" >\n                            <td class=\"wpdt-cell \"\n                                    data-cell-id=\"A10\"\n                data-col-index=\"0\"\n                data-row-index=\"9\"\n                style=\"                padding:10px;\"\n                >\n                                Toussaint                <\/td>\n                                            <td class=\"wpdt-cell \"\n                                    data-cell-id=\"B10\"\n                data-col-index=\"1\"\n                data-row-index=\"9\"\n                style=\"                padding:10px;\"\n                >\n                                1er novembre                <\/td>\n                                        <\/tr>\n                            <tr class=\"wpdt-cell-row \" >\n                            <td class=\"wpdt-cell \"\n                                    data-cell-id=\"A11\"\n                data-col-index=\"0\"\n                data-row-index=\"10\"\n                style=\"                padding:10px;\"\n                >\n                                Armistice                <\/td>\n                                            <td class=\"wpdt-cell \"\n                                    data-cell-id=\"B11\"\n                data-col-index=\"1\"\n                data-row-index=\"10\"\n                style=\"                padding:10px;\"\n                >\n                                11 novembre                <\/td>\n                                        <\/tr>\n                            <tr class=\"wpdt-cell-row \" >\n                            <td class=\"wpdt-cell \"\n                                    data-cell-id=\"A12\"\n                data-col-index=\"0\"\n                data-row-index=\"11\"\n                style=\"                padding:10px;\"\n                >\n                                Jour de No\u00ebl                <\/td>\n                                            <td class=\"wpdt-cell \"\n                                    data-cell-id=\"B12\"\n                data-col-index=\"1\"\n                data-row-index=\"11\"\n                style=\"                padding:10px;\"\n                >\n                                25 d\u00e9cembre                <\/td>\n                                        <\/tr>\n                    <\/table>\n<\/div><style id='wpdt-custom-style-700'>\n.wpdt-bc-F3F9FE { background-color: #F3F9FE !important;}\n<\/style>\n\n<div class='shortcode summary'><div class='title'>En r\u00e9sum\u00e9 :<\/div><div class='content'><ul><li>Vous ne pouvez pas refuser de travailler un jour f\u00e9ri\u00e9 si votre contrat le pr\u00e9voit, sauf exception.<\/li><li>Le 1er mai est le seul jour f\u00e9ri\u00e9 obligatoirement ch\u00f4m\u00e9 ou major\u00e9.<\/li><li>V\u00e9rifiez toujours votre convention collective.<\/li><li>Discutez avec votre employeur ou posez des cong\u00e9s.<\/li><\/ul><\/div><\/div>\n<div class='cta-block'><div class='text'>Simulez toutes vos aides en 2 min.<\/div><a href='https:\/\/www.mes-allocs.fr\/simulation-aides?origin=guides\/wp-json\/wp\/v2\/posts\/104537' class='app-button fit'>Simulation gratuite<\/a><\/div>\n","protected":false},"excerpt":{"rendered":"<p>Travailler un jour f\u00e9ri\u00e9 ne fait pas toujours plaisir\u2026 mais en avez-vous vraiment le choix ? En 2025, il est parfois difficile de savoir o\u00f9 se situent vos droits. Refuser de travailler un jour f\u00e9ri\u00e9, c\u2019est possible dans certains cas, mais attention aux cons\u00e9quences : si vous n&rsquo;y \u00eates pas autoris\u00e9, vous pourriez perdre votre [&hellip;]<\/p>\n","protected":false},"author":29,"featured_media":104848,"comment_status":"open","ping_status":"open","sticky":false,"template":"","format":"standard","meta":{"amp_status":"","footnotes":""},"categories":[1411],"tags":[],"class_list":["post-104537","post","type-post","status-publish","format-standard","has-post-thumbnail","hentry","category-aides-sociales"],"yoast_head":"<!-- This site is optimized with the Yoast SEO plugin v14.9 - https:\/\/yoast.com\/wordpress\/plugins\/seo\/ -->\n<title>Puis-je refuser de travailler un jour f\u00e9ri\u00e9 ? | Mes-Allocs.fr<\/title>\n<meta name=\"description\" content=\"Votre employeur vous demande de travailler un jour f\u00e9ri\u00e9 ? D\u00e9couvrez quels sont vos droits en 2025 et ce que vous avez le droit de refuser.\" \/>\n<meta name=\"robots\" content=\"index, follow, max-snippet:-1, max-image-preview:large, max-video-preview:-1\" \/>\n<link rel=\"canonical\" href=\"https:\/\/www.mes-allocs.fr\/guides\/aides-sociales\/refuser-travailler-jour-ferie\/\" \/>\n<meta property=\"og:locale\" content=\"fr_FR\" \/>\n<meta property=\"og:type\" content=\"article\" \/>\n<meta property=\"og:title\" content=\"Puis-je refuser de travailler un jour f\u00e9ri\u00e9 ? | Mes-Allocs.fr\" \/>\n<meta property=\"og:description\" content=\"Votre employeur vous demande de travailler un jour f\u00e9ri\u00e9 ? D\u00e9couvrez quels sont vos droits en 2025 et ce que vous avez le droit de refuser.\" \/>\n<meta property=\"og:url\" content=\"https:\/\/www.mes-allocs.fr\/guides\/aides-sociales\/refuser-travailler-jour-ferie\/\" \/>\n<meta property=\"og:site_name\" content=\"Mes-Allocs.fr\" \/>\n<meta property=\"article:published_time\" content=\"2025-10-22T16:42:16+00:00\" \/>\n<meta property=\"article:modified_time\" content=\"2026-04-22T07:32:35+00:00\" \/>\n<meta property=\"og:image\" content=\"https:\/\/www.mes-allocs.fr\/guides\/wp-content\/uploads\/2025\/10\/refuser-de-travailler-un-jour-ferie-2.jpg?wsr\" \/>\n\t<meta property=\"og:image:width\" content=\"1920\" \/>\n\t<meta property=\"og:image:height\" content=\"1280\" \/>\n<meta name=\"twitter:card\" content=\"summary_large_image\" \/>\n<script type=\"application\/ld+json\" class=\"yoast-schema-graph\">{\"@context\":\"https:\/\/schema.org\",\"@graph\":[{\"@type\":\"WebSite\",\"@id\":\"https:\/\/www.mes-allocs.fr\/guides\/#website\",\"url\":\"https:\/\/www.mes-allocs.fr\/guides\/\",\"name\":\"Mes-Allocs.fr\",\"description\":\"\",\"potentialAction\":[{\"@type\":\"SearchAction\",\"target\":\"https:\/\/www.mes-allocs.fr\/guides\/?s={search_term_string}\",\"query-input\":\"required name=search_term_string\"}],\"inLanguage\":\"fr-FR\"},{\"@type\":\"ImageObject\",\"@id\":\"https:\/\/www.mes-allocs.fr\/guides\/aides-sociales\/refuser-travailler-jour-ferie\/#primaryimage\",\"inLanguage\":\"fr-FR\",\"url\":\"https:\/\/www.mes-allocs.fr\/guides\/wp-content\/uploads\/2025\/10\/refuser-de-travailler-un-jour-ferie-2.jpg?wsr\",\"width\":1920,\"height\":1280,\"caption\":\"refuser de travailler un jour ferie\"},{\"@type\":\"WebPage\",\"@id\":\"https:\/\/www.mes-allocs.fr\/guides\/aides-sociales\/refuser-travailler-jour-ferie\/#webpage\",\"url\":\"https:\/\/www.mes-allocs.fr\/guides\/aides-sociales\/refuser-travailler-jour-ferie\/\",\"name\":\"Puis-je refuser de travailler un jour f\\u00e9ri\\u00e9 ? | Mes-Allocs.fr\",\"isPartOf\":{\"@id\":\"https:\/\/www.mes-allocs.fr\/guides\/#website\"},\"primaryImageOfPage\":{\"@id\":\"https:\/\/www.mes-allocs.fr\/guides\/aides-sociales\/refuser-travailler-jour-ferie\/#primaryimage\"},\"datePublished\":\"2025-10-22T16:42:16+00:00\",\"dateModified\":\"2026-04-22T07:32:35+00:00\",\"author\":{\"@id\":\"https:\/\/www.mes-allocs.fr\/guides\/#\/schema\/person\/4e41463521c6aa39e7147c10ad0cb360\"},\"description\":\"Votre employeur vous demande de travailler un jour f\\u00e9ri\\u00e9 ? D\\u00e9couvrez quels sont vos droits en 2025 et ce que vous avez le droit de refuser.\",\"inLanguage\":\"fr-FR\"},{\"@type\":\"Person\",\"@id\":\"https:\/\/www.mes-allocs.fr\/guides\/#\/schema\/person\/4e41463521c6aa39e7147c10ad0cb360\",\"name\":\"Camille Jouanne\",\"image\":{\"@type\":\"ImageObject\",\"@id\":\"https:\/\/www.mes-allocs.fr\/guides\/#personlogo\",\"inLanguage\":\"fr-FR\",\"url\":\"https:\/\/www.mes-allocs.fr\/guides\/wp-content\/uploads\/2025\/08\/camille-jouanne-e1756398287761-150x150.png\",\"caption\":\"Camille Jouanne\"},\"description\":\"Responsable \\u00e9ditoriale chez Mes Allocs, je rejoins l'\\u00e9quipe en f\\u00e9vrier 2024 apr\\u00e8s une exp\\u00e9rience en agence web. Je suis sp\\u00e9cialis\\u00e9e sur les sujets li\\u00e9s aux aides sociales, aux imp\\u00f4ts, \\u00e0 la S\\u00e9curit\\u00e9 Sociale et \\u00e0 la retraite. Mon r\\u00f4le est de garantir la qualit\\u00e9, la pertinence et la coh\\u00e9rence des contenus publi\\u00e9s. J'accompagne les r\\u00e9dacteurs et r\\u00e9dactrices de l\\u2019id\\u00e9e \\u00e0 la publication, avec le souci du d\\u00e9tail. Ma priorit\\u00e9 : proposer des contenus fiables, engageants et pens\\u00e9s pour les lecteurs.\",\"sameAs\":[\"https:\/\/www.linkedin.com\/in\/camille-jouanne-2394881a5\"]}]}<\/script>\n<!-- \/ Yoast SEO plugin. -->","amp_validity":null,"acf":{"faq":{"1":{"question":"Comment est pay\u00e9 un jour f\u00e9ri\u00e9 travaill\u00e9 ?","answer":"Un jour f\u00e9ri\u00e9 n'est pas toujours major\u00e9. Sauf le 1er mai, la r\u00e9mun\u00e9ration d\u00e9pend du contrat ou de la convention collective. Certains secteurs doublent le salaire ou offrent un repos compensateur."},"2":{"question":"Est-il obligatoire de travailler le 1er mai en 2025 ?","answer":"Non, c'est le seul jour f\u00e9ri\u00e9 obligatoirement ch\u00f4m\u00e9 et pay\u00e9 pour tous les salari\u00e9s en France. Sauf pour certaines activit\u00e9s qui ne peuvent pas s'interrompre."},"3":{"question":"Quels sont les jours f\u00e9ri\u00e9s obligatoires ?","answer":"Les jours f\u00e9ri\u00e9s sont le : 1er janvier, 21 avril, 1er mai, 8 mai, 29 mai, 9 juin, 14 juillet, 15 ao\u00fbt, 1er novembre,  11 novembre et 25 d\u00e9cembre."},"4":{"question":"Est-ce que mon employeur peut m'obliger \u00e0 travailler un jour f\u00e9ri\u00e9 ?","answer":"Oui, sauf le 1er mai, votre employeur peut vous obliger \u00e0 travailler un jour f\u00e9ri\u00e9 si aucun accord d'entreprise ne fixe les jours ch\u00f4m\u00e9s. Il d\u00e9cide quels jours f\u00e9ri\u00e9s sont travaill\u00e9s."},"5":{"question":"Quel est le d\u00e9lai de pr\u00e9venance pour travailler un jour f\u00e9ri\u00e9 ?","answer":"L'employeur doit pr\u00e9venir au moins 15 jours \u00e0 l'avance pour vous demander de travailler un jour f\u00e9ri\u00e9."},"6":{"question":"Quelles r\u00e8gles s'appliquent pour les jours f\u00e9ri\u00e9s ?","answer":"Pour les jours f\u00e9ri\u00e9s autres que le 1er mai, les jours ch\u00f4m\u00e9s sont fix\u00e9s par accord d'entreprise ou de branche. S'il n'y a pas d'accord, l'employeur d\u00e9cide."},"7":{"question":"","answer":""},"8":{"question":"","answer":""},"9":{"question":"","answer":""},"10":{"question":"","answer":""},"11":{"question":"","answer":""},"12":{"question":"","answer":""},"13":{"question":"","answer":""},"14":{"question":"","answer":""},"15":{"question":"","answer":""},"16":{"question":"","answer":""}}},"_links":{"self":[{"href":"https:\/\/www.mes-allocs.fr\/guides\/wp-json\/wp\/v2\/posts\/104537","targetHints":{"allow":["GET"]}}],"collection":[{"href":"https:\/\/www.mes-allocs.fr\/guides\/wp-json\/wp\/v2\/posts"}],"about":[{"href":"https:\/\/www.mes-allocs.fr\/guides\/wp-json\/wp\/v2\/types\/post"}],"author":[{"embeddable":true,"href":"https:\/\/www.mes-allocs.fr\/guides\/wp-json\/wp\/v2\/users\/29"}],"replies":[{"embeddable":true,"href":"https:\/\/www.mes-allocs.fr\/guides\/wp-json\/wp\/v2\/comments?post=104537"}],"version-history":[{"count":26,"href":"https:\/\/www.mes-allocs.fr\/guides\/wp-json\/wp\/v2\/posts\/104537\/revisions"}],"predecessor-version":[{"id":104933,"href":"https:\/\/www.mes-allocs.fr\/guides\/wp-json\/wp\/v2\/posts\/104537\/revisions\/104933"}],"wp:featuredmedia":[{"embeddable":true,"href":"https:\/\/www.mes-allocs.fr\/guides\/wp-json\/wp\/v2\/media\/104848"}],"wp:attachment":[{"href":"https:\/\/www.mes-allocs.fr\/guides\/wp-json\/wp\/v2\/media?parent=104537"}],"wp:term":[{"taxonomy":"category","embeddable":true,"href":"https:\/\/www.mes-allocs.fr\/guides\/wp-json\/wp\/v2\/categories?post=104537"},{"taxonomy":"post_tag","embeddable":true,"href":"https:\/\/www.mes-allocs.fr\/guides\/wp-json\/wp\/v2\/tags?post=104537"}],"curies":[{"name":"wp","href":"https:\/\/api.w.org\/{rel}","templated":true}]}}