{"id":104067,"date":"2025-09-22T15:58:07","date_gmt":"2025-09-22T13:58:07","guid":{"rendered":"https:\/\/www.mes-allocs.fr\/guides\/?p=104067"},"modified":"2026-04-22T08:32:36","modified_gmt":"2026-04-22T07:32:36","slug":"reduction-loyer-solidarite","status":"publish","type":"post","link":"https:\/\/www.mes-allocs.fr\/guides\/aide-logement\/reduction-loyer-solidarite\/","title":{"rendered":"R\u00e9duction Loyer de Solidarit\u00e9 en 2026 : conditions, montant, d\u00e9marches"},"content":{"rendered":"<p><img loading=\"lazy\" decoding=\"async\" class=\"aligncenter wp-image-104069 size-full\" title=\"conditions montant demarche rls\" src=\"https:\/\/www.mes-allocs.fr\/guides\/wp-content\/uploads\/2025\/09\/conditions-montant-demarche-rls-e1758546343661.jpg\" alt=\"conditions montant demarche rls\" width=\"1920\" height=\"302\" srcset=\"https:\/\/www.mes-allocs.fr\/guides\/wp-content\/uploads\/2025\/09\/conditions-montant-demarche-rls-e1758546343661.jpg 1920w, https:\/\/www.mes-allocs.fr\/guides\/wp-content\/uploads\/2025\/09\/conditions-montant-demarche-rls-e1758546343661-300x47.jpg 300w, https:\/\/www.mes-allocs.fr\/guides\/wp-content\/uploads\/2025\/09\/conditions-montant-demarche-rls-e1758546343661-1024x161.jpg 1024w, https:\/\/www.mes-allocs.fr\/guides\/wp-content\/uploads\/2025\/09\/conditions-montant-demarche-rls-e1758546343661-768x121.jpg 768w, https:\/\/www.mes-allocs.fr\/guides\/wp-content\/uploads\/2025\/09\/conditions-montant-demarche-rls-e1758546343661-1536x242.jpg 1536w, https:\/\/www.mes-allocs.fr\/guides\/wp-content\/uploads\/2025\/09\/conditions-montant-demarche-rls-e1758546343661-600x94.jpg 600w\" sizes=\"auto, (max-width: 1920px) 100vw, 1920px\" \/><\/p>\n<p>[Mis \u00e0 jour le 20\/01\/2026] Face \u00e0 la hausse des loyers et \u00e0 la n\u00e9cessit\u00e9 de prot\u00e9ger les m\u00e9nages aux revenus modestes, l\u2019\u00c9tat a mis en place la <b>R\u00e9duction de loyer de solidarit\u00e9 (RLS)<\/b>. Cette <a href=\"https:\/\/www.mes-allocs.fr\/guides\/aide-logement\/\">aide au logement<\/a> concerne les locataires du parc social, et vise \u00e0 limiter leur reste \u00e0 charge en modulant \u00e0 la fois le loyer et l\u2019aide personnalis\u00e9e au logement (APL). Les montants ont \u00e9t\u00e9 r\u00e9vis\u00e9s par arr\u00eat\u00e9, et les plafonds de ressources restent encadr\u00e9s. Si vous habitez un logement HLM ou g\u00e9r\u00e9 par un organisme social, vous pouvez certainement b\u00e9n\u00e9ficier de la RLS. Mes Allocs vous explique qui est \u00e9ligible, quels sont les bar\u00e8mes actualis\u00e9s et quelle est la proc\u00e9dure \u00e0 suivre pour en b\u00e9n\u00e9ficier.<\/p>\n<div class='cta-block'><div class='text'>Simulez vos aides en 2 min.<\/div><a href='https:\/\/www.mes-allocs.fr\/ab-app?origin=guides\/wp-json\/wp\/v2\/posts\/104067' class='app-button fit'>Simulation gratuite<\/a><\/div>\n<h1>R\u00e9duction de loyer de solidarit\u00e9 : c&rsquo;est quoi ?<\/h1>\n<p>La r\u00e9duction de loyer de solidarit\u00e9 (RLS) est une remise appliqu\u00e9e sur le loyer des <b>locataires du parc social<\/b> disposant de <b>revenus modestes<\/b>. Elle est li\u00e9e \u00e0 l\u2019<a href=\"https:\/\/www.mes-allocs.fr\/guides\/aide-logement\/apl\/\">APL<\/a> : lorsque vous b\u00e9n\u00e9ficiez de la RLS, votre <b>APL est minor\u00e9e d\u2019environ 98 %<\/b> du montant de la RLS, afin que votre reste \u00e0 charge global reste stable. Le dispositif s\u2019adresse aux logements sociaux conventionn\u00e9s (principalement HLM) ouvrant droit \u00e0 l\u2019APL.<\/p>\n<h1>Qui peut b\u00e9n\u00e9ficier de la r\u00e9duction de loyer de solidarit\u00e9 (RLS) ?<\/h1>\n<p>Vous pouvez y avoir droit si vous \u00eates locataire d\u2019un logement social conventionn\u00e9 et si vos ressources mensuelles ne d\u00e9passent pas des plafonds qui varient selon la zone (1\/1 bis, 2, 3) et la composition de votre foyer.<\/p>\n<h2>Quelles sont les ressources \u00e0 ne pas d\u00e9passer ?<\/h2>\n<p>Les <b>plafonds mensuels<\/b> ci-dessous s\u2019appliquent <b>en 2026<\/b>. Ils conditionnent l\u2019acc\u00e8s \u00e0 la RLS et sont pris en compte sur les <strong>12 derniers mois.<\/strong><\/p>\n\n<div class=\"wpdt-c row wpDataTableContainerSimpleTable wpDataTables wpDataTablesWrapper\n\"\n    >\n    <table id=\"wpdtSimpleTable-250\"\n           class=\"wpdtSimpleTable wpDataTable\"\n           data-column=\"4\"\n           data-rows=\"7\"\n           data-wpID=\"250\"\n           data-responsive=\"0\"\n           data-has-header=\"0\">\n\n                    <tbody>        <tr class=\"wpdt-cell-row \" >\n                            <td class=\"wpdt-cell wpdt-bc-F3F9FE wpdt-bold wpdt-empty-cell \"\n                                    data-cell-id=\"A1\"\n                data-col-index=\"0\"\n                data-row-index=\"0\"\n                style=\" width:34.48275862069%;                padding:10px;\"\n                >\n                                                <\/td>\n                                            <td class=\"wpdt-cell wpdt-bc-F3F9FE wpdt-bold\"\n                                    data-cell-id=\"B1\"\n                data-col-index=\"1\"\n                data-row-index=\"0\"\n                style=\" width:23.152709359606%;                padding:10px;\"\n                >\n                                Zone 1                <\/td>\n                                            <td class=\"wpdt-cell wpdt-bc-F3F9FE wpdt-bold\"\n                                    data-cell-id=\"C1\"\n                data-col-index=\"2\"\n                data-row-index=\"0\"\n                style=\" width:21.182266009852%;                padding:10px;\"\n                >\n                                Zone 2                <\/td>\n                                            <td class=\"wpdt-cell wpdt-bc-F3F9FE wpdt-bold\"\n                                    data-cell-id=\"D1\"\n                data-col-index=\"3\"\n                data-row-index=\"0\"\n                style=\" width:21.182266009852%;                padding:10px;\"\n                >\n                                Zone 3                <\/td>\n                                        <\/tr>\n                            <tr class=\"wpdt-cell-row \" >\n                            <td class=\"wpdt-cell \"\n                                    data-cell-id=\"A2\"\n                data-col-index=\"0\"\n                data-row-index=\"1\"\n                style=\"                padding:10px;\"\n                >\n                                B\u00e9n\u00e9ficiaire isol\u00e9                <\/td>\n                                            <td class=\"wpdt-cell wpdt-bc-FFFFFF wpdt-wrap-text\"\n                                    data-cell-id=\"B2\"\n                data-col-index=\"1\"\n                data-row-index=\"1\"\n                style=\"                padding:10px;\"\n                >\n                                974 \u20ac                <\/td>\n                                            <td class=\"wpdt-cell wpdt-bc-FFFFFF\"\n                                    data-cell-id=\"C2\"\n                data-col-index=\"2\"\n                data-row-index=\"1\"\n                style=\"                padding:10px;\"\n                >\n                                910 \u20ac                <\/td>\n                                            <td class=\"wpdt-cell wpdt-bc-FFFFFF\"\n                                    data-cell-id=\"D2\"\n                data-col-index=\"3\"\n                data-row-index=\"1\"\n                style=\"                padding:10px;\"\n                >\n                                882 \u20ac                <\/td>\n                                        <\/tr>\n                            <tr class=\"wpdt-cell-row \" >\n                            <td class=\"wpdt-cell \"\n                                    data-cell-id=\"A3\"\n                data-col-index=\"0\"\n                data-row-index=\"2\"\n                style=\"                padding:10px;\"\n                >\n                                Couple sans personne \u00e0 charge                <\/td>\n                                            <td class=\"wpdt-cell \"\n                                    data-cell-id=\"B3\"\n                data-col-index=\"1\"\n                data-row-index=\"2\"\n                style=\"                padding:10px;\"\n                >\n                                1 173 \u20ac                <\/td>\n                                            <td class=\"wpdt-cell \"\n                                    data-cell-id=\"C3\"\n                data-col-index=\"2\"\n                data-row-index=\"2\"\n                style=\"                padding:10px;\"\n                >\n                                1 110 \u20ac                <\/td>\n                                            <td class=\"wpdt-cell wpdt-bc-FFFFFF\"\n                                    data-cell-id=\"D3\"\n                data-col-index=\"3\"\n                data-row-index=\"2\"\n                style=\"                padding:10px;\"\n                >\n                                1 073 \u20ac                <\/td>\n                                        <\/tr>\n                            <tr class=\"wpdt-cell-row \" >\n                            <td class=\"wpdt-cell \"\n                                    data-cell-id=\"A4\"\n                data-col-index=\"0\"\n                data-row-index=\"3\"\n                style=\"                padding:10px;\"\n                >\n                                Personne seule ou couple ayant une personne \u00e0 charge                <\/td>\n                                            <td class=\"wpdt-cell \"\n                                    data-cell-id=\"B4\"\n                data-col-index=\"1\"\n                data-row-index=\"3\"\n                style=\"                padding:10px;\"\n                >\n                                1 494 \u20ac                <\/td>\n                                            <td class=\"wpdt-cell \"\n                                    data-cell-id=\"C4\"\n                data-col-index=\"2\"\n                data-row-index=\"3\"\n                style=\"                padding:10px;\"\n                >\n                                1 416 \u20ac                <\/td>\n                                            <td class=\"wpdt-cell wpdt-bc-FFFFFF\"\n                                    data-cell-id=\"D4\"\n                data-col-index=\"3\"\n                data-row-index=\"3\"\n                style=\"                padding:10px;\"\n                >\n                                1 373 \u20ac                <\/td>\n                                        <\/tr>\n                            <tr class=\"wpdt-cell-row \" >\n                            <td class=\"wpdt-cell \"\n                                    data-cell-id=\"A5\"\n                data-col-index=\"0\"\n                data-row-index=\"4\"\n                style=\"                padding:10px;\"\n                >\n                                Personne seule ou couple ayant deux personnes \u00e0 charge                <\/td>\n                                            <td class=\"wpdt-cell \"\n                                    data-cell-id=\"B5\"\n                data-col-index=\"1\"\n                data-row-index=\"4\"\n                style=\"                padding:10px;\"\n                >\n                                1 777 \u20ac                <\/td>\n                                            <td class=\"wpdt-cell \"\n                                    data-cell-id=\"C5\"\n                data-col-index=\"2\"\n                data-row-index=\"4\"\n                style=\"                padding:10px;\"\n                >\n                                1 686 \u20ac                <\/td>\n                                            <td class=\"wpdt-cell \"\n                                    data-cell-id=\"D5\"\n                data-col-index=\"3\"\n                data-row-index=\"4\"\n                style=\"                padding:10px;\"\n                >\n                                1 636 \u20ac                <\/td>\n                                        <\/tr>\n                            <tr class=\"wpdt-cell-row \" >\n                            <td class=\"wpdt-cell \"\n                                    data-cell-id=\"A6\"\n                data-col-index=\"0\"\n                data-row-index=\"5\"\n                style=\"                padding:10px;\"\n                >\n                                Personne seule ou couple ayant trois personnes \u00e0 charge                <\/td>\n                                            <td class=\"wpdt-cell \"\n                                    data-cell-id=\"B6\"\n                data-col-index=\"1\"\n                data-row-index=\"5\"\n                style=\"                padding:10px;\"\n                >\n                                2 175 \u20ac                <\/td>\n                                            <td class=\"wpdt-cell \"\n                                    data-cell-id=\"C6\"\n                data-col-index=\"2\"\n                data-row-index=\"5\"\n                style=\"                padding:10px;\"\n                >\n                                2 068 \u20ac                <\/td>\n                                            <td class=\"wpdt-cell \"\n                                    data-cell-id=\"D6\"\n                data-col-index=\"3\"\n                data-row-index=\"5\"\n                style=\"                padding:10px;\"\n                >\n                                1 998 \u20ac                <\/td>\n                                        <\/tr>\n                            <tr class=\"wpdt-cell-row \" >\n                            <td class=\"wpdt-cell \"\n                                    data-cell-id=\"A7\"\n                data-col-index=\"0\"\n                data-row-index=\"6\"\n                style=\"                padding:10px;\"\n                >\n                                Par personne \u00e0 charge suppl\u00e9mentaire                <\/td>\n                                            <td class=\"wpdt-cell \"\n                                    data-cell-id=\"B7\"\n                data-col-index=\"1\"\n                data-row-index=\"6\"\n                style=\"                padding:10px;\"\n                >\n                                + 302 \u20ac                <\/td>\n                                            <td class=\"wpdt-cell \"\n                                    data-cell-id=\"C7\"\n                data-col-index=\"2\"\n                data-row-index=\"6\"\n                style=\"                padding:10px;\"\n                >\n                                + 284 \u20ac                <\/td>\n                                            <td class=\"wpdt-cell \"\n                                    data-cell-id=\"D7\"\n                data-col-index=\"3\"\n                data-row-index=\"6\"\n                style=\"                padding:10px;\"\n                >\n                                + 263 \u20ac                <\/td>\n                                        <\/tr>\n                    <\/table>\n<\/div><style id='wpdt-custom-style-250'>\ntable#wpdtSimpleTable-250{ table-layout: fixed !important; }\n.wpdt-bc-F3F9FE { background-color: #F3F9FE !important;}\n.wpdt-bc-FFFFFF { background-color: #FFFFFF !important;}\n<\/style>\n\n<h2>Quels sont les logements \u00e9ligibles \u00e0 la RLS ?<\/h2>\n<p>Sont \u00e9ligibles les <b>logements sociaux conventionn\u00e9s<\/b> (HLM\/SEM) <b>ouvrant droit \u00e0 l\u2019APL<\/b>. La RLS peut s\u2019appliquer m\u00eame si vous ne percevez pas effectivement l\u2019APL au moment T ; c\u2019est le <b>conventionnement<\/b> qui compte.<\/p>\n<p><div class='shortcode read-more'><div class='title'>En savoir plus<\/div><div class='content'>Une SEM est une soci\u00e9t\u00e9 d\u2019\u00e9conomie mixte. Une SEM peut donc \u00eatre propri\u00e9taire ou gestionnaire de logements HLM au m\u00eame titre qu\u2019un office public de l\u2019habitat. Les locataires d\u2019un logement g\u00e9r\u00e9 par une SEM peuvent b\u00e9n\u00e9ficier de la R\u00e9duction de loyer de solidarit\u00e9 (RLS), \u00e0 condition que le logement soit conventionn\u00e9 et ouvre droit \u00e0 l\u2019APL.<\/div><\/div> <!-- --> <!-- notionvc: 432e4569-af85-4dd3-94fa-00d75dbe2ce5 --><\/p>\n<h2>Quels sont les logements exclus de cette aide ?<\/h2>\n<p>Sont exclus du dispositif les <b>logements-foyers<\/b> (par exemple certaines r\u00e9sidences sociales) et les logements situ\u00e9s dans les d\u00e9partements et collectivit\u00e9s d\u2019<b>Outre-mer<\/b>. En pratique, la RLS ne concerne donc que la m\u00e9tropole.<\/p>\n<div class='cta-block'><div class='text'>Simulez vos aides en 2 min.<\/div><a href='https:\/\/www.mes-allocs.fr\/ab-app?origin=guides\/wp-json\/wp\/v2\/posts\/104067' class='app-button fit'>Simulation gratuite<\/a><\/div>\n<h1>Quel est le montant de la r\u00e9duction de loyer de solidarit\u00e9 ?<\/h1>\n<h2>Quel est le montant mensuel de la RLS ?<\/h2>\n<p>Les montants <b>forfaitaires mensuels<\/b> ci-dessous s\u2019appliquent <b>depuis 2026<\/b>, par <b>zone<\/b> et <b>composition du foyer<\/b>. Le montant de la RLS varie <strong>de 32,61 \u20ac \u00e0 54,14 \u20ac par mois<\/strong>.<\/p>\n\n<div class=\"wpdt-c row wpDataTableContainerSimpleTable wpDataTables wpDataTablesWrapper\n\"\n    >\n    <table id=\"wpdtSimpleTable-251\"\n           class=\"wpdtSimpleTable wpDataTable\"\n           data-column=\"4\"\n           data-rows=\"5\"\n           data-wpID=\"251\"\n           data-responsive=\"0\"\n           data-has-header=\"0\">\n\n                    <tbody>        <tr class=\"wpdt-cell-row \" >\n                            <td class=\"wpdt-cell wpdt-bc-F3F9FE wpdt-bold wpdt-empty-cell \"\n                                    data-cell-id=\"A1\"\n                data-col-index=\"0\"\n                data-row-index=\"0\"\n                style=\" width:32.738095238095%;                padding:10px;\"\n                >\n                                                <\/td>\n                                            <td class=\"wpdt-cell wpdt-bc-F3F9FE wpdt-bold\"\n                                    data-cell-id=\"B1\"\n                data-col-index=\"1\"\n                data-row-index=\"0\"\n                style=\" width:20.535714285714%;                padding:10px;\"\n                >\n                                Zone 1                <\/td>\n                                            <td class=\"wpdt-cell wpdt-bc-F3F9FE wpdt-bold\"\n                                    data-cell-id=\"C1\"\n                data-col-index=\"2\"\n                data-row-index=\"0\"\n                style=\" width:22.02380952381%;                padding:10px;\"\n                >\n                                Zone 2                <\/td>\n                                            <td class=\"wpdt-cell wpdt-bc-F3F9FE wpdt-bold\"\n                                    data-cell-id=\"D1\"\n                data-col-index=\"3\"\n                data-row-index=\"0\"\n                style=\" width:24.702380952381%;                padding:10px;\"\n                >\n                                Zone 3                <\/td>\n                                        <\/tr>\n                            <tr class=\"wpdt-cell-row \" >\n                            <td class=\"wpdt-cell \"\n                                    data-cell-id=\"A2\"\n                data-col-index=\"0\"\n                data-row-index=\"1\"\n                style=\"                padding:10px;\"\n                >\n                                Personne isol\u00e9e                <\/td>\n                                            <td class=\"wpdt-cell wpdt-bc-FFFFFF wpdt-wrap-text\"\n                                    data-cell-id=\"B2\"\n                data-col-index=\"1\"\n                data-row-index=\"1\"\n                style=\"                padding:10px;\"\n                >\n                                56,50 \u20ac                <\/td>\n                                            <td class=\"wpdt-cell wpdt-bc-FFFFFF\"\n                                    data-cell-id=\"C2\"\n                data-col-index=\"2\"\n                data-row-index=\"1\"\n                style=\"                padding:10px;\"\n                >\n                                49,60 \u20ac                <\/td>\n                                            <td class=\"wpdt-cell wpdt-bc-FFFFFF\"\n                                    data-cell-id=\"D2\"\n                data-col-index=\"3\"\n                data-row-index=\"1\"\n                style=\"                padding:10px;\"\n                >\n                                46,45 \u20ac                <\/td>\n                                        <\/tr>\n                            <tr class=\"wpdt-cell-row \" >\n                            <td class=\"wpdt-cell \"\n                                    data-cell-id=\"A3\"\n                data-col-index=\"0\"\n                data-row-index=\"2\"\n                style=\"                padding:10px;\"\n                >\n                                Foyer sans personne \u00e0 charge                <\/td>\n                                            <td class=\"wpdt-cell wpdt-bc-FFFFFF wpdt-wrap-text\"\n                                    data-cell-id=\"B3\"\n                data-col-index=\"1\"\n                data-row-index=\"2\"\n                style=\"                padding:10px;\"\n                >\n                                68,30 \u20ac                <\/td>\n                                            <td class=\"wpdt-cell wpdt-bc-FFFFFF wpdt-wrap-text\"\n                                    data-cell-id=\"C3\"\n                data-col-index=\"2\"\n                data-row-index=\"2\"\n                style=\"                padding:10px;\"\n                >\n                                60,55 \u20ac                <\/td>\n                                            <td class=\"wpdt-cell wpdt-bc-FFFFFF wpdt-wrap-text\"\n                                    data-cell-id=\"D3\"\n                data-col-index=\"3\"\n                data-row-index=\"2\"\n                style=\"                padding:10px;\"\n                >\n                                56,25 \u20ac                <\/td>\n                                        <\/tr>\n                            <tr class=\"wpdt-cell-row \" >\n                            <td class=\"wpdt-cell \"\n                                    data-cell-id=\"A4\"\n                data-col-index=\"0\"\n                data-row-index=\"3\"\n                style=\"                padding:10px;\"\n                >\n                                Foyer avec 1 personne \u00e0 charge                <\/td>\n                                            <td class=\"wpdt-cell wpdt-bc-FFFFFF wpdt-wrap-text\"\n                                    data-cell-id=\"B4\"\n                data-col-index=\"1\"\n                data-row-index=\"3\"\n                style=\"                padding:10px;\"\n                >\n                                77,20 \u20ac                <\/td>\n                                            <td class=\"wpdt-cell wpdt-bc-FFFFFF wpdt-wrap-text\"\n                                    data-cell-id=\"C4\"\n                data-col-index=\"2\"\n                data-row-index=\"3\"\n                style=\"                padding:10px;\"\n                >\n                                67,65 \u20ac                <\/td>\n                                            <td class=\"wpdt-cell wpdt-bc-FFFFFF wpdt-wrap-text\"\n                                    data-cell-id=\"D4\"\n                data-col-index=\"3\"\n                data-row-index=\"3\"\n                style=\"                padding:10px;\"\n                >\n                                62,90 \u20ac                <\/td>\n                                        <\/tr>\n                            <tr class=\"wpdt-cell-row \" >\n                            <td class=\"wpdt-cell \"\n                                    data-cell-id=\"A5\"\n                data-col-index=\"0\"\n                data-row-index=\"4\"\n                style=\"                padding:10px;\"\n                >\n                                Par personne \u00e0 charge suppl\u00e9mentaire                <\/td>\n                                            <td class=\"wpdt-cell wpdt-bc-FFFFFF wpdt-wrap-text\"\n                                    data-cell-id=\"B5\"\n                data-col-index=\"1\"\n                data-row-index=\"4\"\n                style=\"                padding:10px;\"\n                >\n                                10,70 \u20ac                <\/td>\n                                            <td class=\"wpdt-cell wpdt-bc-FFFFFF wpdt-wrap-text\"\n                                    data-cell-id=\"C5\"\n                data-col-index=\"2\"\n                data-row-index=\"4\"\n                style=\"                padding:10px;\"\n                >\n                                9,85 \u20ac                <\/td>\n                                            <td class=\"wpdt-cell wpdt-bc-FFFFFF wpdt-wrap-text\"\n                                    data-cell-id=\"D5\"\n                data-col-index=\"3\"\n                data-row-index=\"4\"\n                style=\"                padding:10px;\"\n                >\n                                8,85 \u20ac                <\/td>\n                                        <\/tr>\n                    <\/table>\n<\/div><style id='wpdt-custom-style-251'>\ntable#wpdtSimpleTable-251{ table-layout: fixed !important; }\n.wpdt-bc-F3F9FE { background-color: #F3F9FE !important;}\n.wpdt-bc-FFFFFF { background-color: #FFFFFF !important;}\n<\/style>\n\n<p><div class='shortcode tips'><div class='title'>Exemple<\/div><div class='content'>Jean et Sabine sont en couple et ont un enfant \u00e0 charge. Leur logement HLM est situ\u00e9 en zone 2. Ils per\u00e7oivent donc <strong>67,65 \u20ac \/ mois de RLS<\/strong>. Mais attention, cette baisse n\u2019a<strong> aucun impact significatif sur le budget du couple<\/strong>. Le dispositif est con\u00e7u pour \u00eatre neutre pour le(s) locataire(s) : il ne s\u2019agit pas d\u2019une aide suppl\u00e9mentaire, mais d\u2019un m\u00e9canisme de transfert. En fait, la RLS sert surtout \u00e0 r\u00e9duire les d\u00e9penses de l\u2019\u00c9tat li\u00e9es aux APL, tout en maintenant une stabilit\u00e9 du reste \u00e0 charge pour les m\u00e9nages modestes.<\/div><\/div> <!-- --> <!-- notionvc: a42f39c5-13f0-4247-a9e6-a95eb3a6212d --><\/p>\n<h2>Pourquoi le montant de la RLS a-t-il baiss\u00e9 en 2025\u2009?<\/h2>\n<p>La loi de finances 2025 a pr\u00e9vu une r\u00e9duction de l\u2019enveloppe d\u00e9di\u00e9e \u00e0 la RLS, avec un atterrissage \u00e0 1,1 milliard d\u2019\u20ac en 2025 (contre 1,3 Md\u20ac auparavant). L\u2019<b>arr\u00eat\u00e9 du 21 mai 2025<\/b> a ajust\u00e9 \u00e0 la baisse les montants unitaires \u00e0 compter du <b>1\u1d49\u02b3 juin 2025<\/b> pour atteindre cet objectif budg\u00e9taire.<\/p>\n<h2>Comment est calcul\u00e9e cette r\u00e9duction ?<\/h2>\n<p>La RLS est <b>forfaitaire<\/b> : son montant d\u00e9pend uniquement de la <strong>zone du logement<\/strong> et de la <strong>composition du foyer<\/strong> (avec une majoration par personne \u00e0 charge). Lorsque vous en b\u00e9n\u00e9ficiez, votre APL est r\u00e9duite \u00e0 hauteur de 98 % du montant de la RLS. Autrement dit, la RLS baisse le loyer, mais l\u2019APL baisse presque d\u2019autant ; votre reste \u00e0 charge \u00e9volue peu.<\/p>\n<p><div class='shortcode check'><div class='content'>Pour savoir dans quelle zone est situ\u00e9 votre logement, rendez-vous sur le <a href=\"https:\/\/www.service-public.fr\/simulateur\/calcul\/zones\">simulateur officielle du gouvernement<\/a>.<\/div><\/div> <!-- --> <!-- notionvc: 05642087-6dad-45e4-be60-83d45db66c43 --><\/p>\n<h2>Quand est pr\u00e9vue la prochaine augmentation de la RLS ?<\/h2>\n<p><b>Aucune prochaine revalorisation n\u2019est pour l\u2019heure annonc\u00e9e<\/b>. Les montants sont modifi\u00e9s par arr\u00eat\u00e9 au fil des lois de finances Il faudra donc surveiller un prochain arr\u00eat\u00e9 (ou la loi de finances 2026).<\/p>\n<h1>Comment un locataire peut-il b\u00e9n\u00e9ficier de la RLS en 2026 ?<\/h1>\n<h2>Qui verse la r\u00e9duction de loyer de solidarit\u00e9 ?<\/h2>\n<p>La RLS figure sur votre <b>avis d\u2019\u00e9ch\u00e9ance\/quittance<\/b> et est appliqu\u00e9e par votre bailleur social. Le calcul est g\u00e9n\u00e9ralement fait automatiquement par la CAF ou la MSA et transmis au bailleur si vous \u00eates allocataire ; si vous ne l\u2019\u00eates pas, le bailleur calcule la RLS sur la base de vos informations (notamment l\u2019enqu\u00eate annuelle SLS).<\/p>\n<h2>Quelles sont les d\u00e9marches pour b\u00e9n\u00e9ficier de la RLS ?<\/h2>\n<p>Dans la majorit\u00e9 des cas, <b>vous n\u2019avez aucune d\u00e9marche \u00e0 faire<\/b> : votre \u00e9ligibilit\u00e9 est v\u00e9rifi\u00e9e via vos donn\u00e9es CAF\/MSA et le montant appara\u00eet automatiquement sur votre quittance. Si vous n\u2019\u00eates pas allocataire, v\u00e9rifiez que vos revenus d\u00e9clar\u00e9s lors de l\u2019enqu\u00eate annuelle sont \u00e0 jour et contactez votre bailleur en cas d\u2019oubli. Pensez \u00e0 contr\u00f4ler que la mention \u201cR\u00e9duction de loyer de solidarit\u00e9 (RLS)\u201d figure bien sur vos documents de loyer.<\/p>\n<p>Et si vous n&rsquo;\u00eates pas encore locataire d&rsquo;un HLM, d\u00e9couvrez <a href=\"https:\/\/www.mes-allocs.fr\/guides\/aide-logement\/demande-logement-social\/\">notre article sur la demande de logement social<\/a>. Un expert Mes Allocs peut aussi vous accompagner dans ces d\u00e9marches, pour vous permettre de gagner du temps.<\/p>\n<h1>Peut-on cumuler APL et RLS ?<\/h1>\n<p><b>Oui<\/b>. La RLS est cumulables avec l\u2019APL : elle r\u00e9duit le loyer, tandis que l\u2019APL est diminu\u00e9e de 98 % du montant de la RLS. C\u2019est pourquoi votre reste \u00e0 charge \u00e9volue peu. Ce couplage est pr\u00e9vu par les textes et appliqu\u00e9 automatiquement quand vous \u00eates allocataire.<\/p>\n<p><div class='shortcode summary'><div class='title'>En r\u00e9sum\u00e9 :<\/div><div class='content'><ul><li>La <strong>r\u00e9duction de loyer de solidarit\u00e9 (RLS)<\/strong> est mise en place pour les locataires de logements sociaux conventionn\u00e9s ouvrant droit \u00e0 l\u2019APL.<\/li><li>Ce dispositif est soumis \u00e0 des <strong>plafonds de ressource<\/strong>s, diff\u00e9rents selon la zone g\u00e9ographique et la composition du foyer.<\/li><li>Montants r\u00e9vis\u00e9s : de 46,45 \u20ac \u00e0 77,20 \u20ac par mois selon votre situation (hors majorations par enfant \u00e0 charge). <\/li><li> La CAF ou la MSA calcule automatiquement la RLS et en informe le bailleur social. <\/li><li>La RLS entra\u00eene une <strong>baisse \u00e9quivalente de l\u2019APL<\/strong> (98 % du montant) : le reste \u00e0 charge du locataire change tr\u00e8s peu.<\/li><li>Les logements-foyers et ceux situ\u00e9s Outre-mer sont exclus du dispositif.<\/li><\/ul><\/div><\/div><!-- notionvc: 46204051-d6c0-42e7-b23b-653e22109755 --><\/p>\n<div class='cta-block'><div class='text'>Simulez vos aides en 2 min.<\/div><a href='https:\/\/www.mes-allocs.fr\/ab-app?origin=guides\/wp-json\/wp\/v2\/posts\/104067' class='app-button fit'>Simulation gratuite<\/a><\/div>\n","protected":false},"excerpt":{"rendered":"<p>[Mis \u00e0 jour le 20\/01\/2026] Face \u00e0 la hausse des loyers et \u00e0 la n\u00e9cessit\u00e9 de prot\u00e9ger les m\u00e9nages aux revenus modestes, l\u2019\u00c9tat a mis en place la R\u00e9duction de loyer de solidarit\u00e9 (RLS). Cette aide au logement concerne les locataires du parc social, et vise \u00e0 limiter leur reste \u00e0 charge en modulant \u00e0 [&hellip;]<\/p>\n","protected":false},"author":29,"featured_media":104068,"comment_status":"open","ping_status":"open","sticky":false,"template":"","format":"standard","meta":{"amp_status":"","footnotes":""},"categories":[1],"tags":[],"class_list":["post-104067","post","type-post","status-publish","format-standard","has-post-thumbnail","hentry","category-aide-logement"],"yoast_head":"<!-- This site is optimized with the Yoast SEO plugin v14.9 - https:\/\/yoast.com\/wordpress\/plugins\/seo\/ -->\n<title>R\u00e9duction Loyer de Solidarit\u00e9 en 2026 : conditions, montant, d\u00e9marches<\/title>\n<meta name=\"description\" content=\"Vous louez un logement HLM aupr\u00e8s d&#039;un bailleur social ? Bonne nouvelle : en 2026, vous pouvez toucher le RLS en plus de l&#039;APL !\" \/>\n<meta name=\"robots\" content=\"index, follow, max-snippet:-1, max-image-preview:large, max-video-preview:-1\" \/>\n<link rel=\"canonical\" href=\"https:\/\/www.mes-allocs.fr\/guides\/aide-logement\/reduction-loyer-solidarite\/\" \/>\n<meta property=\"og:locale\" content=\"fr_FR\" \/>\n<meta property=\"og:type\" content=\"article\" \/>\n<meta property=\"og:title\" content=\"R\u00e9duction Loyer de Solidarit\u00e9 en 2026 : conditions, montant, d\u00e9marches\" \/>\n<meta property=\"og:description\" content=\"Vous louez un logement HLM aupr\u00e8s d&#039;un bailleur social ? Bonne nouvelle : en 2026, vous pouvez toucher le RLS en plus de l&#039;APL !\" \/>\n<meta property=\"og:url\" content=\"https:\/\/www.mes-allocs.fr\/guides\/aide-logement\/reduction-loyer-solidarite\/\" \/>\n<meta property=\"og:site_name\" content=\"Mes-Allocs.fr\" \/>\n<meta property=\"article:published_time\" content=\"2025-09-22T13:58:07+00:00\" \/>\n<meta property=\"article:modified_time\" content=\"2026-04-22T07:32:36+00:00\" \/>\n<meta property=\"og:image\" content=\"https:\/\/www.mes-allocs.fr\/guides\/wp-content\/uploads\/2025\/09\/reduction-loyer-solidarite.jpg?wsr\" \/>\n\t<meta property=\"og:image:width\" content=\"1920\" \/>\n\t<meta property=\"og:image:height\" content=\"1694\" \/>\n<meta name=\"twitter:card\" content=\"summary_large_image\" \/>\n<script type=\"application\/ld+json\" class=\"yoast-schema-graph\">{\"@context\":\"https:\/\/schema.org\",\"@graph\":[{\"@type\":\"WebSite\",\"@id\":\"https:\/\/www.mes-allocs.fr\/guides\/#website\",\"url\":\"https:\/\/www.mes-allocs.fr\/guides\/\",\"name\":\"Mes-Allocs.fr\",\"description\":\"\",\"potentialAction\":[{\"@type\":\"SearchAction\",\"target\":\"https:\/\/www.mes-allocs.fr\/guides\/?s={search_term_string}\",\"query-input\":\"required name=search_term_string\"}],\"inLanguage\":\"fr-FR\"},{\"@type\":\"ImageObject\",\"@id\":\"https:\/\/www.mes-allocs.fr\/guides\/aide-logement\/reduction-loyer-solidarite\/#primaryimage\",\"inLanguage\":\"fr-FR\",\"url\":\"https:\/\/www.mes-allocs.fr\/guides\/wp-content\/uploads\/2025\/09\/reduction-loyer-solidarite.jpg?wsr\",\"width\":1920,\"height\":1694,\"caption\":\"reduction loyer solidarite\"},{\"@type\":\"WebPage\",\"@id\":\"https:\/\/www.mes-allocs.fr\/guides\/aide-logement\/reduction-loyer-solidarite\/#webpage\",\"url\":\"https:\/\/www.mes-allocs.fr\/guides\/aide-logement\/reduction-loyer-solidarite\/\",\"name\":\"R\\u00e9duction Loyer de Solidarit\\u00e9 en 2026 : conditions, montant, d\\u00e9marches\",\"isPartOf\":{\"@id\":\"https:\/\/www.mes-allocs.fr\/guides\/#website\"},\"primaryImageOfPage\":{\"@id\":\"https:\/\/www.mes-allocs.fr\/guides\/aide-logement\/reduction-loyer-solidarite\/#primaryimage\"},\"datePublished\":\"2025-09-22T13:58:07+00:00\",\"dateModified\":\"2026-04-22T07:32:36+00:00\",\"author\":{\"@id\":\"https:\/\/www.mes-allocs.fr\/guides\/#\/schema\/person\/4e41463521c6aa39e7147c10ad0cb360\"},\"description\":\"Vous louez un logement HLM aupr\\u00e8s d'un bailleur social ? Bonne nouvelle : en 2026, vous pouvez toucher le RLS en plus de l'APL !\",\"inLanguage\":\"fr-FR\"},{\"@type\":\"Person\",\"@id\":\"https:\/\/www.mes-allocs.fr\/guides\/#\/schema\/person\/4e41463521c6aa39e7147c10ad0cb360\",\"name\":\"Camille Jouanne\",\"image\":{\"@type\":\"ImageObject\",\"@id\":\"https:\/\/www.mes-allocs.fr\/guides\/#personlogo\",\"inLanguage\":\"fr-FR\",\"url\":\"https:\/\/www.mes-allocs.fr\/guides\/wp-content\/uploads\/2025\/08\/camille-jouanne-e1756398287761-150x150.png\",\"caption\":\"Camille Jouanne\"},\"description\":\"Responsable \\u00e9ditoriale chez Mes Allocs, je rejoins l'\\u00e9quipe en f\\u00e9vrier 2024 apr\\u00e8s une exp\\u00e9rience en agence web. Je suis sp\\u00e9cialis\\u00e9e sur les sujets li\\u00e9s aux aides sociales, aux imp\\u00f4ts, \\u00e0 la S\\u00e9curit\\u00e9 Sociale et \\u00e0 la retraite. Mon r\\u00f4le est de garantir la qualit\\u00e9, la pertinence et la coh\\u00e9rence des contenus publi\\u00e9s. J'accompagne les r\\u00e9dacteurs et r\\u00e9dactrices de l\\u2019id\\u00e9e \\u00e0 la publication, avec le souci du d\\u00e9tail. Ma priorit\\u00e9 : proposer des contenus fiables, engageants et pens\\u00e9s pour les lecteurs.\",\"sameAs\":[\"https:\/\/www.linkedin.com\/in\/camille-jouanne-2394881a5\"]}]}<\/script>\n<!-- \/ Yoast SEO plugin. -->","amp_validity":null,"acf":{"faq":{"1":{"question":"Qui a le droit \u00e0 la r\u00e9duction du loyer solidarit\u00e9 ?","answer":"Les locataires HLM ont le droit \u00e0 la r\u00e9duction de loyer de solidarit\u00e9 (RLS), sous r\u00e9serve de respecter un plafond de ressources. "},"2":{"question":"Quelle est la r\u00e9duction du loyer de solidarit\u00e9 en 2026 ?","answer":"Le montant de la r\u00e9duction de loyer de solidarit\u00e9 varie de 46,45 \u20ac \u00e0 77,20 \u20ac selon la zone dans laquelle votre logement est situation et la composition de votre foyer. "},"3":{"question":"Quelle est la diff\u00e9rence entre APL et RLS ?","answer":"L'APL et la RLS sont deux aides distinctes. La premi\u00e8re est une aide au logement vers\u00e9e par la CAF \u00e0 tous les m\u00e9nages modestes \u00e9ligibles. La seconde vient en compl\u00e9ment, mais est r\u00e9serv\u00e9e uniquement aux locataires HLM."},"4":{"question":"Qui paye la RLS au bailleur ?","answer":"C'est la CAF ou la MSA qui verse la RLS au bailleur. En tant que locataire, vous n'avez rien \u00e0 faire. "},"5":{"question":"Quel est le plafond pour toucher leaRLS ?","answer":"Le plafond de ressources pour toucher la RLS d\u00e9pend de la composition de votre foyer et de votre zone g\u00e9ographique de r\u00e9sidence. Par exemple, si vous vivez seul(e) le plafond de revenus est de 974 \u20ac en zone 1 ou 1 bis, 910 \u20ac en zone 2 et 882 \u20ac en zone 3. "},"6":{"question":"Pourquoi n'ai-je plus droit au RLS ?","answer":"Si vous ne percevez plus la RLS, c'est que vous n'\u00eates plus \u00e9ligible : soit vos revenus d\u00e9passent les plafonds, soit votre logement n'est pas \u00e9ligible. "},"7":{"question":"","answer":""},"8":{"question":"","answer":""},"9":{"question":"","answer":""},"10":{"question":"","answer":""},"11":{"question":"","answer":""},"12":{"question":"","answer":""},"13":{"question":"","answer":""},"14":{"question":"","answer":""},"15":{"question":"","answer":""},"16":{"question":"","answer":""}}},"_links":{"self":[{"href":"https:\/\/www.mes-allocs.fr\/guides\/wp-json\/wp\/v2\/posts\/104067","targetHints":{"allow":["GET"]}}],"collection":[{"href":"https:\/\/www.mes-allocs.fr\/guides\/wp-json\/wp\/v2\/posts"}],"about":[{"href":"https:\/\/www.mes-allocs.fr\/guides\/wp-json\/wp\/v2\/types\/post"}],"author":[{"embeddable":true,"href":"https:\/\/www.mes-allocs.fr\/guides\/wp-json\/wp\/v2\/users\/29"}],"replies":[{"embeddable":true,"href":"https:\/\/www.mes-allocs.fr\/guides\/wp-json\/wp\/v2\/comments?post=104067"}],"version-history":[{"count":7,"href":"https:\/\/www.mes-allocs.fr\/guides\/wp-json\/wp\/v2\/posts\/104067\/revisions"}],"predecessor-version":[{"id":108049,"href":"https:\/\/www.mes-allocs.fr\/guides\/wp-json\/wp\/v2\/posts\/104067\/revisions\/108049"}],"wp:featuredmedia":[{"embeddable":true,"href":"https:\/\/www.mes-allocs.fr\/guides\/wp-json\/wp\/v2\/media\/104068"}],"wp:attachment":[{"href":"https:\/\/www.mes-allocs.fr\/guides\/wp-json\/wp\/v2\/media?parent=104067"}],"wp:term":[{"taxonomy":"category","embeddable":true,"href":"https:\/\/www.mes-allocs.fr\/guides\/wp-json\/wp\/v2\/categories?post=104067"},{"taxonomy":"post_tag","embeddable":true,"href":"https:\/\/www.mes-allocs.fr\/guides\/wp-json\/wp\/v2\/tags?post=104067"}],"curies":[{"name":"wp","href":"https:\/\/api.w.org\/{rel}","templated":true}]}}