{"id":103889,"date":"2025-09-11T14:47:04","date_gmt":"2025-09-11T12:47:04","guid":{"rendered":"https:\/\/www.mes-allocs.fr\/guides\/?p=103889"},"modified":"2026-04-22T08:32:37","modified_gmt":"2026-04-22T07:32:37","slug":"arret-maladie-conges-payes","status":"publish","type":"post","link":"https:\/\/www.mes-allocs.fr\/guides\/aides-sociales\/report-conge-paye\/arret-maladie-conges-payes\/","title":{"rendered":"Arr\u00eat maladie et cong\u00e9s pay\u00e9s : ce qui change pour vous en 2025"},"content":{"rendered":"<p><img loading=\"lazy\" decoding=\"async\" class=\"alignnone wp-image-103890\" title=\"arret maladie conges payes\" src=\"https:\/\/www.mes-allocs.fr\/guides\/wp-content\/uploads\/2025\/09\/arret-maladie-conges-payes-e1757594393952-300x55.jpg\" alt=\"arret maladie conges payes\" width=\"1740\" height=\"319\" srcset=\"https:\/\/www.mes-allocs.fr\/guides\/wp-content\/uploads\/2025\/09\/arret-maladie-conges-payes-e1757594393952-300x55.jpg 300w, https:\/\/www.mes-allocs.fr\/guides\/wp-content\/uploads\/2025\/09\/arret-maladie-conges-payes-e1757594393952-1024x187.jpg 1024w, https:\/\/www.mes-allocs.fr\/guides\/wp-content\/uploads\/2025\/09\/arret-maladie-conges-payes-e1757594393952-768x140.jpg 768w, https:\/\/www.mes-allocs.fr\/guides\/wp-content\/uploads\/2025\/09\/arret-maladie-conges-payes-e1757594393952-600x109.jpg 600w, https:\/\/www.mes-allocs.fr\/guides\/wp-content\/uploads\/2025\/09\/arret-maladie-conges-payes-e1757594393952.jpg 1496w\" sizes=\"auto, (max-width: 1740px) 100vw, 1740px\" \/><\/p>\n<p>Le <a href=\"https:\/\/www.mes-allocs.fr\/guides\/aides-sociales\/report-conge-paye\/\">report des cong\u00e9s pay\u00e9s<\/a> en cas d\u2019arr\u00eat maladie \u00e9volue en 2025. Jusqu\u2019ici, si vous tombiez malade pendant vos vacances, vous risquiez de perdre vos jours de cong\u00e9s. Mais depuis le 10 septembre 2025, les r\u00e8gles ont chang\u00e9. Il est d\u00e9sormais possible de reporter vos cong\u00e9s pay\u00e9s non pris \u00e0 cause d\u2019un arr\u00eat maladie. Dans cet article, d\u00e9couvrez le nouveau fonctionnement du report des <b>cong\u00e9s pay\u00e9s en arr\u00eat maladie<\/b>.<\/p>\n<p class=\"p1\"><div class='cta-block'><div class='text'>Simulez toutes vos aides en 2 min.<\/div><a href='https:\/\/www.mes-allocs.fr\/ab-app?origin=guides\/wp-json\/wp\/v2\/posts\/103889' class='app-button fit'>Simulation gratuite<\/a><\/div><\/p>\n<h1>Pouvez-vous reporter vos cong\u00e9s pay\u00e9s si vous \u00eates malade ?<\/h1>\n<h2>Ce qui change en 2025<\/h2>\n<p>Depuis le <strong>10 septembre 2025<\/strong>, un salari\u00e9 plac\u00e9 en arr\u00eat maladie pendant ses vacances peut demander \u00e0 <b>reporter<\/b> les jours de cong\u00e9s qu\u2019il n\u2019a pas pu prendre. Cette \u00e9volution aligne le droit fran\u00e7ais sur celui de l\u2019Union europ\u00e9enne. De cette fa\u00e7on, elle garantit que vous ne perdiez pas vos jours de repos du fait d\u2019un arr\u00eat maladie, qu\u2019il survienne juste avant la date pr\u00e9vue de vos cong\u00e9s ou en plein milieu de ceux-ci.<\/p>\n<h2>Pourquoi ce report a \u00e9t\u00e9 mis en place ?<\/h2>\n<p>La Cour de cassation a soulign\u00e9 que le cong\u00e9 pay\u00e9 a pour finalit\u00e9 de <b>vous offrir repos, d\u00e9tente et loisir<\/b>, tandis que le cong\u00e9 maladie a pour but de<b> favoriser votre r\u00e9tablissement<\/b>. Ces deux r\u00e9gime<b>s ne r\u00e9pondent pas \u00e0 la m\u00eame logique<\/b>, d\u2019o\u00f9 l\u2019importance de permettre un r\u00e9\u00e9quilibrage. Le report vous permet donc de b\u00e9n\u00e9ficier d\u2019un temps de repos<b> conforme \u00e0 l\u2019esprit des cong\u00e9s pay\u00e9s<\/b>, au lieu de voir cette p\u00e9riode absorb\u00e9e par une incapacit\u00e9 li\u00e9e \u00e0 votre sant\u00e9.<\/p>\n<h2>Quelle \u00e9tait la r\u00e8gle avant 2025 et pourquoi a-t-elle chang\u00e9 ?<\/h2>\n<p>Avant le 10 septembre 2025, le Code du travail <b>n\u2019offrait pas de garantie automatique de report de cong\u00e9s pay\u00e9s<\/b> en cas d\u2019arr\u00eat maladie. Dans ce cas, si vous \u00eates en incapacit\u00e9 de travailler pendant vos vacances, vous pouviez perdre une partie de vos jours de cong\u00e9s.<\/p>\n<h2>Code du travail num\u00e9rique : le report des cong\u00e9s \u00e9tait d\u00e9j\u00e0 possible avant le 10 septembre 2025<\/h2>\n<p>Certaines conventions collectives et certains jugements permettaient d\u00e9j\u00e0, avant la r\u00e9forme, un report des cong\u00e9s lorsqu\u2019un salari\u00e9 tombe malade pendant ses vacances. Cependant, cette possibilit\u00e9 <b>d\u00e9pendait de votre employeur ou des d\u00e9cisions judiciaires<\/b>.<\/p>\n<h1>Mais au fait, qu\u2019est-ce que le report des cong\u00e9s pay\u00e9s en cas de maladie ?<\/h1>\n<p>Le report des cong\u00e9s pay\u00e9s en cas de maladie signifie que si vous tombez malade pendant vos cong\u00e9s pay\u00e9s, vous avez le droit de <b>ne pas avoir ces jours de cong\u00e9 \u201cconsomm\u00e9s\u201d<\/b> et vous pouvez <b>les reporter pour les prendre plus tard<\/b>, \u00e0 condition que l\u2019arr\u00eat maladie soit notifi\u00e9 \u00e0 votre employeur. Ce droit s\u2019applique donc lorsque la maladie arrive pendant votre p\u00e9riode de cong\u00e9s pay\u00e9s.<\/p>\n<p class=\"p1\"><div class='cta-block'><div class='text'>Simulez toutes vos aides en 2 min.<\/div><a href='https:\/\/www.mes-allocs.fr\/ab-app?origin=guides\/wp-json\/wp\/v2\/posts\/103889' class='app-button fit'>Simulation gratuite<\/a><\/div><\/p>\n<h1>Comment se passe le report des cong\u00e9s pay\u00e9s si vous \u00eates en arr\u00eat maladie ?<\/h1>\n<h2>Le cas o\u00f9 vous tombez malade avant vos cong\u00e9s pay\u00e9s<\/h2>\n<p>Si vous \u00eates en arr\u00eat maladie avant de commencer vos cong\u00e9s pay\u00e9s, vos cong\u00e9s<b> ne sont pas pris en compte <\/b>tant que vous \u00eates malade. Comme nous l\u2019avons vu, le cong\u00e9 pay\u00e9 n\u2019est pas compatible avec une p\u00e9riode de maladie durant laquelle vous \u00eates cens\u00e9 vous r\u00e9tablir. De cette fa\u00e7on, vous conservez vos droits \u00e0 cong\u00e9s et pourrez les poser ult\u00e9rieurement, une fois que votre \u00e9tat de sant\u00e9 sera am\u00e9lior\u00e9 et que votre arr\u00eat maladie sera termin\u00e9.<\/p>\n<h2>Le cas o\u00f9 vous tombez malade pendant vos cong\u00e9s pay\u00e9s<\/h2>\n<p>Si vous tombez malade pendant une p\u00e9riode de cong\u00e9s pay\u00e9s, vous avez d\u00e9sormais le droit de<b> reporter vos cong\u00e9s pay\u00e9s<\/b> impact\u00e9s par un arr\u00eat maladie survenu pendant cette p\u00e9riode. Par cons\u00e9quent, les jours qui co\u00efncident avec l\u2019arr\u00eat maladie ne peuvent plus \u00eatre d\u00e9compt\u00e9s de votre solde de cong\u00e9s. Ce report est possible seulement si vous informez votre employeur de votre arr\u00eat maladie.<\/p>\n<h2>Comment le salari\u00e9 doit-il informer son employeur en cas d\u2019arr\u00eat maladie pendant ses cong\u00e9s pay\u00e9s ?<\/h2>\n<p>Comme mentionn\u00e9 pr\u00e9c\u00e9demment, lorsque vous \u00eates en arr\u00eat maladie pendant vos cong\u00e9s pay\u00e9s, vous devez en informer votre employeur<b> au plus vite<\/b>. Vous devez lui notifier l\u2019arr\u00eat maladie en suivant la m\u00eame proc\u00e9dure que pour un arr\u00eat en dehors de vos cong\u00e9s. Vous devez donc lui transmettre votre arr\u00eat maladie qui justifie votre incapacit\u00e9 \u00e0 profiter de vos cong\u00e9s \u00e0 cause de la maladie.<\/p>\n<div class='shortcode disclaimer'><div class='title'>Attention<\/div><div class='content'>Cette notification doit se faire <b>rapidement <\/b><b>apr\u00e8s le d\u00e9but de votre arr\u00eat maladie<\/b>, pour que votre employeur puisse prendre en compte l\u2019impact de cette maladie sur vos cong\u00e9s pay\u00e9s. Ne pas informer votre employeur ou retarder cette communication peut entra\u00eener une contestation de votre droit au report des jours de cong\u00e9 affect\u00e9s par la maladie.<\/div><\/div>\n<p>La communication de votre arr\u00eat maladie peut se faire par tous les moyens qui permettent de <b>prouver la date de r\u00e9ception<\/b>, comme :<\/p>\n<ul>\n<li aria-level=\"1\">Un <b>courrier recommand\u00e9<\/b><\/li>\n<li aria-level=\"1\">Un <b>email avec accus\u00e9 de r\u00e9ception<\/b><\/li>\n<li aria-level=\"1\">Une <b>remise en main propre contre d\u00e9charge<\/b><\/li>\n<\/ul>\n<h1>Pouvez-vous obtenir des cong\u00e9s pay\u00e9s pendant un arr\u00eat maladie ?<\/h1>\n<p>Oui, et cela depuis le 24 avril 2024. La l\u00e9gislation reconna\u00eet que l\u2019absence due \u00e0 un arr\u00eat maladie, qu\u2019il soit d\u2019origine professionnelle ou non, ouvre le droit \u00e0 l\u2019acquisition de cong\u00e9s pay\u00e9s. Cela signifie que durant votre p\u00e9riode d\u2019arr\u00eat de travail pour maladie, <strong>v<\/strong><b>ous continuez \u00e0 accumuler des droits \u00e0 des cong\u00e9s pay\u00e9s<\/b>.<\/p>\n<p>La loi pr\u00e9voit que vous cumulez en moyenne<b> 2 jours ouvrables de cong\u00e9s pay\u00e9s par mois<\/b> d\u2019arr\u00eat maladie, ce qui correspond \u00e0 environ<b> 24 jours ouvrables par an<\/b>.<\/p>\n<div class='shortcode read-more'><div class='title'>En savoir plus<\/div><div class='content'>Cette r\u00e8gle s\u2019applique <b>m\u00eame si votre arr\u00eat maladie n\u2019est pas le r\u00e9sultat d\u2019un accident de travail ou d\u2019une maladie professionnelle<\/b>.<\/div><\/div>\n<div class='shortcode summary'><div class='title'>En r\u00e9sum\u00e9 :<\/div><div class='content'><ul><li>Depuis le 10 septembre 2025, vous pouvez<b> reporter vos cong\u00e9s pay\u00e9s <\/b>si vous tombez malade pendant cette p\u00e9riode, \u00e0 condition d\u2019en informer votre employeur rapidement.<\/li><li>Le report s\u2019applique aussi si l\u2019arr\u00eat maladie commence<b> avant vos cong\u00e9s<\/b> car ceux-ci ne sont pas d\u00e9compt\u00e9s tant que vous \u00eates en arr\u00eat.<\/li><li>Vous devez fournir un<b> justificatif m\u00e9dical<\/b> \u00e0 votre employeur, par tout moyen permettant de<b> prouver la date de r\u00e9ception<\/b>.<\/li><li> M\u00eame pendant un arr\u00eat maladie,<b> vous continuez d\u2019acqu\u00e9rir des cong\u00e9s pay\u00e9s<\/b>, soit <b>2 jours ouvrables par mois <\/b>d\u2019arr\u00eat.<\/li><li>Cette r\u00e9forme aligne la France sur le droit europ\u00e9en et garantit de cette fa\u00e7on que <b>vous ne perdrez plus vos jours de cong\u00e9 \u00e0 cause d\u2019un probl\u00e8me de sant\u00e9<\/b>. <\/li><\/ul><\/div><\/div>\n<p class=\"p1\"><div class='cta-block'><div class='text'>Simulez toutes vos Aides en 2 min.<\/div><a href='https:\/\/www.mes-allocs.fr\/ab-app?origin=guides\/wp-json\/wp\/v2\/posts\/103889' class='app-button fit'>Simulation gratuite<\/a><\/div><\/p>\n","protected":false},"excerpt":{"rendered":"<p>Le report des cong\u00e9s pay\u00e9s en cas d\u2019arr\u00eat maladie \u00e9volue en 2025. Jusqu\u2019ici, si vous tombiez malade pendant vos vacances, vous risquiez de perdre vos jours de cong\u00e9s. Mais depuis le 10 septembre 2025, les r\u00e8gles ont chang\u00e9. Il est d\u00e9sormais possible de reporter vos cong\u00e9s pay\u00e9s non pris \u00e0 cause d\u2019un arr\u00eat maladie. Dans [&hellip;]<\/p>\n","protected":false},"author":31,"featured_media":103891,"comment_status":"open","ping_status":"open","sticky":false,"template":"","format":"standard","meta":{"amp_status":"","footnotes":""},"categories":[1411,55699],"tags":[],"class_list":["post-103889","post","type-post","status-publish","format-standard","has-post-thumbnail","hentry","category-aides-sociales","category-report-conge-paye"],"yoast_head":"<!-- This site is optimized with the Yoast SEO plugin v14.9 - https:\/\/yoast.com\/wordpress\/plugins\/seo\/ -->\n<title>Arr\u00eat maladie et cong\u00e9s pay\u00e9s : ce qui change pour vous en 2025<\/title>\n<meta name=\"description\" content=\"Depuis le 10 septembre 2025, le report de cong\u00e9s pay\u00e9s est possible en cas d\u2019arr\u00eat maladie. D\u00e9couvrez les nouvelles r\u00e8gles.\" \/>\n<meta name=\"robots\" content=\"index, follow, max-snippet:-1, max-image-preview:large, max-video-preview:-1\" \/>\n<link rel=\"canonical\" href=\"https:\/\/www.mes-allocs.fr\/guides\/aides-sociales\/report-conge-paye\/arret-maladie-conges-payes\/\" \/>\n<meta property=\"og:locale\" content=\"fr_FR\" \/>\n<meta property=\"og:type\" content=\"article\" \/>\n<meta property=\"og:title\" content=\"Arr\u00eat maladie et cong\u00e9s pay\u00e9s : ce qui change pour vous en 2025\" \/>\n<meta property=\"og:description\" content=\"Depuis le 10 septembre 2025, le report de cong\u00e9s pay\u00e9s est possible en cas d\u2019arr\u00eat maladie. D\u00e9couvrez les nouvelles r\u00e8gles.\" \/>\n<meta property=\"og:url\" content=\"https:\/\/www.mes-allocs.fr\/guides\/aides-sociales\/report-conge-paye\/arret-maladie-conges-payes\/\" \/>\n<meta property=\"og:site_name\" content=\"Mes-Allocs.fr\" \/>\n<meta property=\"article:published_time\" content=\"2025-09-11T12:47:04+00:00\" \/>\n<meta property=\"article:modified_time\" content=\"2026-04-22T07:32:37+00:00\" \/>\n<meta property=\"og:image\" content=\"https:\/\/www.mes-allocs.fr\/guides\/wp-content\/uploads\/2025\/09\/conges-payes-arret-maladie.jpg?wsr\" \/>\n\t<meta property=\"og:image:width\" content=\"1500\" \/>\n\t<meta property=\"og:image:height\" content=\"1000\" \/>\n<meta name=\"twitter:card\" content=\"summary_large_image\" \/>\n<script type=\"application\/ld+json\" class=\"yoast-schema-graph\">{\"@context\":\"https:\/\/schema.org\",\"@graph\":[{\"@type\":\"WebSite\",\"@id\":\"https:\/\/www.mes-allocs.fr\/guides\/#website\",\"url\":\"https:\/\/www.mes-allocs.fr\/guides\/\",\"name\":\"Mes-Allocs.fr\",\"description\":\"\",\"potentialAction\":[{\"@type\":\"SearchAction\",\"target\":\"https:\/\/www.mes-allocs.fr\/guides\/?s={search_term_string}\",\"query-input\":\"required name=search_term_string\"}],\"inLanguage\":\"fr-FR\"},{\"@type\":\"ImageObject\",\"@id\":\"https:\/\/www.mes-allocs.fr\/guides\/aides-sociales\/report-conge-paye\/arret-maladie-conges-payes\/#primaryimage\",\"inLanguage\":\"fr-FR\",\"url\":\"https:\/\/www.mes-allocs.fr\/guides\/wp-content\/uploads\/2025\/09\/conges-payes-arret-maladie.jpg?wsr\",\"width\":1500,\"height\":1000,\"caption\":\"conges payes arret maladie\"},{\"@type\":\"WebPage\",\"@id\":\"https:\/\/www.mes-allocs.fr\/guides\/aides-sociales\/report-conge-paye\/arret-maladie-conges-payes\/#webpage\",\"url\":\"https:\/\/www.mes-allocs.fr\/guides\/aides-sociales\/report-conge-paye\/arret-maladie-conges-payes\/\",\"name\":\"Arr\\u00eat maladie et cong\\u00e9s pay\\u00e9s : ce qui change pour vous en 2025\",\"isPartOf\":{\"@id\":\"https:\/\/www.mes-allocs.fr\/guides\/#website\"},\"primaryImageOfPage\":{\"@id\":\"https:\/\/www.mes-allocs.fr\/guides\/aides-sociales\/report-conge-paye\/arret-maladie-conges-payes\/#primaryimage\"},\"datePublished\":\"2025-09-11T12:47:04+00:00\",\"dateModified\":\"2026-04-22T07:32:37+00:00\",\"author\":{\"@id\":\"https:\/\/www.mes-allocs.fr\/guides\/#\/schema\/person\/4f115680446d9e6de360142157ca671d\"},\"description\":\"Depuis le 10 septembre 2025, le report de cong\\u00e9s pay\\u00e9s est possible en cas d\\u2019arr\\u00eat maladie. D\\u00e9couvrez les nouvelles r\\u00e8gles.\",\"inLanguage\":\"fr-FR\"},{\"@type\":\"Person\",\"@id\":\"https:\/\/www.mes-allocs.fr\/guides\/#\/schema\/person\/4f115680446d9e6de360142157ca671d\",\"name\":\"Miangaly Ramasindray\",\"image\":{\"@type\":\"ImageObject\",\"@id\":\"https:\/\/www.mes-allocs.fr\/guides\/#personlogo\",\"inLanguage\":\"fr-FR\",\"url\":\"https:\/\/www.mes-allocs.fr\/guides\/wp-content\/uploads\/2024\/10\/Miangaly_Ramasindray-150x150.jpeg\",\"caption\":\"Miangaly Ramasindray\"},\"description\":\"Miangaly est r\\u00e9dactrice web sp\\u00e9cialis\\u00e9e sur les sujets de pouvoir d'achat. Elle rejoint Mes Allocs en 2024 apr\\u00e8s une premi\\u00e8re exp\\u00e9rience en marketing chez DMI.\",\"sameAs\":[\"https:\/\/www.linkedin.com\/in\/miangaly-ramasindray\/\"]}]}<\/script>\n<!-- \/ Yoast SEO plugin. -->","amp_validity":null,"acf":{"faq":{"1":{"question":"Est-ce qu'on perd ses cong\u00e9s pay\u00e9s en arr\u00eat maladie ?","answer":"Non, vous ne perdez pas vos cong\u00e9s pay\u00e9s en cas d\u2019arr\u00eat maladie, \u00e0 condition d\u2019en informer votre employeur ; vous pouvez m\u00eame les acqu\u00e9rir pendant cet arr\u00eat et reporter ceux affect\u00e9s par la maladie survenue pendant vos cong\u00e9s."},"2":{"question":"Est-ce qu'un arr\u00eat maladie annule des cong\u00e9s pay\u00e9s ?","answer":"Un arr\u00eat maladie ne vous fait pas perdre vos cong\u00e9s pay\u00e9s, et depuis septembre 2025, il permet m\u00eame de reporter les cong\u00e9s pay\u00e9s correspondant \u00e0 la p\u00e9riode de maladie survenue pendant ces cong\u00e9s."},"3":{"question":"Est-il possible de prendre des cong\u00e9s pay\u00e9s directement apr\u00e8s un arr\u00eat maladie ?","answer":"Vous avez la possibilit\u00e9 de prendre vos cong\u00e9s pay\u00e9s directement apr\u00e8s un arr\u00eat maladie. "},"4":{"question":"Est-ce qu'on cotise des cong\u00e9s pay\u00e9s en arr\u00eat maladie ?","answer":"Oui, vous cotisez des cong\u00e9s pay\u00e9s pendant un arr\u00eat maladie, que celui-ci soit d\u2019origine professionnelle ou non, et vos p\u00e9riodes d\u2019arr\u00eat sont d\u00e9sormais prises en compte pour l\u2019acquisition de cong\u00e9s pay\u00e9s selon les r\u00e8gles en vigueur en 2025."},"5":{"question":"Est-ce qu'un nouvel arr\u00eat maladie est possible apr\u00e8s une reprise du travail ?","answer":"Oui, un nouvel arr\u00eat maladie est possible apr\u00e8s une reprise du travail, d\u00e8s lors que votre \u00e9tat de sant\u00e9 le n\u00e9cessite et qu\u2019un m\u00e9decin vous le prescrit."},"6":{"question":"Est-il possible de sortir de son domicile pendant un arr\u00eat maladie ?","answer":"Il est possible de sortir de votre domicile pendant un arr\u00eat maladie uniquement si votre m\u00e9decin l\u2019a autoris\u00e9, avec parfois des plages horaires \u00e0 respecter. Sinon, vous devez rester chez vous sous peine de sanctions."},"7":{"question":"","answer":""},"8":{"question":"","answer":""},"9":{"question":"","answer":""},"10":{"question":"","answer":""},"11":{"question":"","answer":""},"12":{"question":"","answer":""},"13":{"question":"","answer":""},"14":{"question":"","answer":""},"15":{"question":"","answer":""},"16":{"question":"","answer":""}}},"_links":{"self":[{"href":"https:\/\/www.mes-allocs.fr\/guides\/wp-json\/wp\/v2\/posts\/103889","targetHints":{"allow":["GET"]}}],"collection":[{"href":"https:\/\/www.mes-allocs.fr\/guides\/wp-json\/wp\/v2\/posts"}],"about":[{"href":"https:\/\/www.mes-allocs.fr\/guides\/wp-json\/wp\/v2\/types\/post"}],"author":[{"embeddable":true,"href":"https:\/\/www.mes-allocs.fr\/guides\/wp-json\/wp\/v2\/users\/31"}],"replies":[{"embeddable":true,"href":"https:\/\/www.mes-allocs.fr\/guides\/wp-json\/wp\/v2\/comments?post=103889"}],"version-history":[{"count":4,"href":"https:\/\/www.mes-allocs.fr\/guides\/wp-json\/wp\/v2\/posts\/103889\/revisions"}],"predecessor-version":[{"id":103940,"href":"https:\/\/www.mes-allocs.fr\/guides\/wp-json\/wp\/v2\/posts\/103889\/revisions\/103940"}],"wp:featuredmedia":[{"embeddable":true,"href":"https:\/\/www.mes-allocs.fr\/guides\/wp-json\/wp\/v2\/media\/103891"}],"wp:attachment":[{"href":"https:\/\/www.mes-allocs.fr\/guides\/wp-json\/wp\/v2\/media?parent=103889"}],"wp:term":[{"taxonomy":"category","embeddable":true,"href":"https:\/\/www.mes-allocs.fr\/guides\/wp-json\/wp\/v2\/categories?post=103889"},{"taxonomy":"post_tag","embeddable":true,"href":"https:\/\/www.mes-allocs.fr\/guides\/wp-json\/wp\/v2\/tags?post=103889"}],"curies":[{"name":"wp","href":"https:\/\/api.w.org\/{rel}","templated":true}]}}