{"id":103671,"date":"2025-09-04T14:37:40","date_gmt":"2025-09-04T12:37:40","guid":{"rendered":"https:\/\/www.mes-allocs.fr\/guides\/?p=103671"},"modified":"2026-04-22T08:32:37","modified_gmt":"2026-04-22T07:32:37","slug":"accompagnement-global-france-travail","status":"publish","type":"post","link":"https:\/\/www.mes-allocs.fr\/guides\/chomage\/accompagnement-global-france-travail\/","title":{"rendered":"Accompagnement global France Travail : qu\u2019est-ce que c\u2019est ?"},"content":{"rendered":"<p><img loading=\"lazy\" decoding=\"async\" class=\"alignnone wp-image-103674\" title=\"france travail accompagnement global\" src=\"https:\/\/www.mes-allocs.fr\/guides\/wp-content\/uploads\/2025\/09\/france-travail-accompagnement-global-e1756989123471-300x71.png\" alt=\"france travail accompagnement global\" width=\"1361\" height=\"322\" srcset=\"https:\/\/www.mes-allocs.fr\/guides\/wp-content\/uploads\/2025\/09\/france-travail-accompagnement-global-e1756989123471-300x71.png 300w, https:\/\/www.mes-allocs.fr\/guides\/wp-content\/uploads\/2025\/09\/france-travail-accompagnement-global-e1756989123471-1024x243.png 1024w, https:\/\/www.mes-allocs.fr\/guides\/wp-content\/uploads\/2025\/09\/france-travail-accompagnement-global-e1756989123471-768x182.png 768w, https:\/\/www.mes-allocs.fr\/guides\/wp-content\/uploads\/2025\/09\/france-travail-accompagnement-global-e1756989123471-600x142.png 600w, https:\/\/www.mes-allocs.fr\/guides\/wp-content\/uploads\/2025\/09\/france-travail-accompagnement-global-e1756989123471.png 1238w\" sizes=\"auto, (max-width: 1361px) 100vw, 1361px\" \/><\/p>\n<p>Le <a href=\"https:\/\/www.mes-allocs.fr\/guides\/chomage\/\">ch\u00f4mage<\/a> peut \u00eatre un parcours sem\u00e9 d\u2019emb\u00fbches, surtout lorsque des obstacles viennent compliquer l\u2019acc\u00e8s \u00e0 l\u2019emploi. L\u2019<b>Accompagnement global de France Travail <\/b>est un dispositif sur-mesure qui vous propose, en tant que demandeur d\u2019emploi, un soutien. Que ce soit en mati\u00e8re de mobilit\u00e9, de logement ou m\u00eame de sant\u00e9, l\u2019objectif est de lever ces freins pour aller vers une r\u00e9insertion professionnelle durable. Dans cet article, d\u00e9couvrez les conditions et les d\u00e9marches pour avoir acc\u00e8s \u00e0 ce dispositif.<\/p>\n<p class=\"p1\"><div class='cta-block'><div class='text'>Simulez toutes vos Aides en 2 min.<\/div><a href='https:\/\/www.mes-allocs.fr\/ab-app?origin=guides\/wp-json\/wp\/v2\/posts\/103671' class='app-button fit'>Simulation gratuite<\/a><\/div><\/p>\n<h1>Qu\u2019est-ce que l\u2019Accompagnement global (GLO) de France Travail ?<\/h1>\n<p>L&rsquo;Accompagnement global (GLO) de France Travail est un <b>accompagnement personnalis\u00e9 <\/b>et intensif destin\u00e9 aux demandeurs d&#8217;emploi qui rencontrent des difficult\u00e9s sociales et professionnelles cumul\u00e9es. Il est r\u00e9alis\u00e9 par un bin\u00f4me constitu\u00e9 d\u2019un conseiller France Travail d\u00e9di\u00e9 et d\u2019un professionnel du travail social.<\/p>\n<p>Cet accompagnement s\u2019appuie sur un diagnostic partag\u00e9 entre le conseiller et le travailleur social, qui coordonnent leurs actions pour apporter des r\u00e9ponses \u00e0 vos probl\u00e9matiques. La d\u00e9marche inclut un suivi r\u00e9gulier, une mobilisation des services et partenaires de France Travail.<\/p>\n<h1>Qui peut b\u00e9n\u00e9ficier de l\u2019Accompagnement global de France Travail ?<\/h1>\n<p>Vous pouvez b\u00e9n\u00e9ficier l\u2019Accompagnement global de France Travail si vous \u00eates un demandeur d&#8217;emploi qui pr\u00e9sente des difficult\u00e9s sociales et professionnelles et que vous acceptez d\u2019adh\u00e9rer \u00e0 ce dispositif. Ces difficult\u00e9s peuvent concerner :<\/p>\n<ul>\n<li aria-level=\"1\">La <b>mobilit\u00e9<\/b><\/li>\n<li aria-level=\"1\">Le <b>logement<\/b><\/li>\n<li aria-level=\"1\">La <b>sant\u00e9<\/b><\/li>\n<li aria-level=\"1\">Les <b>contraintes familiales<\/b><\/li>\n<li aria-level=\"1\">Les <b>difficult\u00e9s financi\u00e8res<\/b><\/li>\n<li aria-level=\"1\">Les <b>difficult\u00e9s administratives<\/b><\/li>\n<li aria-level=\"1\">Les <b>difficult\u00e9s juridiques<\/b><\/li>\n<li aria-level=\"1\">Les <b>obstacles dans l\u2019acc\u00e8s \u00e0 la formation ou \u00e0 l\u2019emploi<\/b><\/li>\n<\/ul>\n<p>Les b\u00e9n\u00e9ficiaires typiques sont des personnes inscrites depuis plusieurs mois comme demandeurs d\u2019emploi, souvent \u00e9loign\u00e9es du march\u00e9 du travail, avec une moyenne d\u2019\u00e2ge autour de 40-48 ans et un niveau de formation g\u00e9n\u00e9ralement inf\u00e9rieur au baccalaur\u00e9at. Une grande part d\u2019entre eux sont \u00e9galement b\u00e9n\u00e9ficiaires de minima sociaux.<\/p>\n<p>Ainsi, il n&rsquo;y a pas de crit\u00e8res d\u2019admission tr\u00e8s stricts, mais une adh\u00e9sion volontaire \u00e0 l\u2019accompagnement est requise.<\/p>\n<h1>Quelle est la dur\u00e9e moyenne de l\u2019accompagnement ?<\/h1>\n<p>La dur\u00e9e moyenne de l\u2019Accompagnement global (GLO) de France Travail <b>varie selon les r\u00e9gions et les situations individuelles<\/b>, mais elle se situe g\u00e9n\u00e9ralement entre 5 et 10 mois. La dur\u00e9e exacte de l\u2019accompagnement d\u00e9pend de vos besoins et de votre \u00e9volution au cours du parcours.<\/p>\n<div class='shortcode tips'><div class='title'>Exemple<\/div><div class='content'>Dans le d\u00e9partement du Nord, la dur\u00e9e maximale de l&rsquo;Accompagnement global est de 12 mois avec une possibilit\u00e9 de prolonger cet accompagnement jusqu\u2019\u00e0 6 mois en plus.<\/div><\/div>\n<h1>Comment se d\u00e9roule pr\u00e9cis\u00e9ment l\u2019Accompagnement global de France Travail ?<\/h1>\n<h2>Le diagnostic partag\u00e9<\/h2>\n<p>Le diagnostic partag\u00e9 est la premi\u00e8re \u00e9tape de l&rsquo;accompagnement global. Il s&rsquo;agit d&rsquo;un <b>entretien<\/b> r\u00e9alis\u00e9 conjointement ou successivement par le conseiller France Travail et le professionnel du travail social, qui permet d\u2019\u00e9valuer votre situation globale, en tant que demandeur d\u2019emploi, tant sur le plan professionnel que social.<\/p>\n<p>Ce diagnostic vise \u00e0 identifier vos freins \u00e0 l\u2019emploi et vos besoins sp\u00e9cifiques en tant que b\u00e9n\u00e9ficiaire. Une fiche de diagnostic est remplie et sign\u00e9e par les trois parties (conseiller, travailleur social et vous-m\u00eame) qui formalise cet \u00e9tat des lieux et valide l\u2019entr\u00e9e dans l&rsquo;accompagnement. Ce diagnostic est \u00e9volutif et peut \u00eatre r\u00e9\u00e9valu\u00e9 r\u00e9guli\u00e8rement durant votre parcours d\u2019accompagnement.<\/p>\n<h2>Le plan d\u2019action co-construit<\/h2>\n<p>Suite au diagnostic partag\u00e9, un plan d\u2019action est co-construit. Comme son nom l\u2019indique, ce plan d\u2019actions organise les diff\u00e9rentes \u00e9tapes et actions \u00e0 mener pour lever les freins identifi\u00e9s. L\u2019objectif de ce plan d\u2019action est de fixer un <b>parcours<\/b> clair qui est align\u00e9 avec votre projet professionnel.<\/p>\n<h1>L&rsquo;accompagnement intensif et coordonn\u00e9<\/h1>\n<p>L\u2019accompagnement est intensif car vous \u00eates en <b>contact fr\u00e9quent et r\u00e9gulier <\/b>entre le bin\u00f4me. Votre conseiller France Travail se charge de l\u2019accompagnement professionnel, mobilisant les dispositifs et partenaires pour la formation, la recherche d\u2019emploi ou la cr\u00e9ation d\u2019entreprise. En parall\u00e8le, le professionnel du travail social agit sur les autres freins p\u00e9riph\u00e9riques.<\/p>\n<p>Ce suivi est coordonn\u00e9 pour \u00eatre s\u00fbr de la coh\u00e9rence des actions et d\u2019une r\u00e9ponse globale aux besoins avec une attention constante port\u00e9e aux attentes et \u00e0 la progression du demandeur.<\/p>\n<h2>La mobilisation des ressources et des partenaires<\/h2>\n<p>Le bin\u00f4me mobilise un large r\u00e9seau de<b> ressources internes<\/b> \u00e0 France Travail (psychologues, gestion des droits, offres de formation), ainsi que des <b>partenaires externes<\/b> (entreprises, associations, services publics). Cette mobilisation a pour but de mettre en place des ateliers, des aides ou des interventions adapt\u00e9es \u00e0 votre profil.<\/p>\n<h2>Le suivi de la progression<\/h2>\n<p>Votre progression est suivie en continu, avec des <b>bilans r\u00e9guliers<\/b> qui permettent d\u2019\u00e9valuer l\u2019avancement des actions du plan d\u2019accompagnement. Vous \u00eates impliqu\u00e9 dans cette \u00e9valuation pour mesurer les progr\u00e8s que vous avez r\u00e9alis\u00e9s et adapter les actions si besoin.<\/p>\n<div class='cta-block'><div class='text'>Simulez toutes vos Aides en 2 min.<\/div><a href='https:\/\/www.mes-allocs.fr\/ab-app?origin=guides\/wp-json\/wp\/v2\/posts\/103671' class='app-button fit'>Simulation gratuite<\/a><\/div>\n<p><iframe loading=\"lazy\" title=\"Tout savoir sur le ch\u00f4mage en France !\" width=\"500\" height=\"281\" src=\"https:\/\/www.youtube.com\/embed\/jgv9qS4jh7k?feature=oembed\" frameborder=\"0\" allow=\"accelerometer; autoplay; clipboard-write; encrypted-media; gyroscope; picture-in-picture; web-share\" referrerpolicy=\"strict-origin-when-cross-origin\" allowfullscreen><\/iframe><\/p>\n<h1>Comment b\u00e9n\u00e9ficier d\u2019un Accompagnement global aupr\u00e8s de France Travail ?<\/h1>\n<p>Comme indiqu\u00e9 pr\u00e9c\u00e9demment, pour b\u00e9n\u00e9ficier d&rsquo;Accompagnement global de France Travail, vous devez \u00eatre un demandeur d\u2019emploi et pr\u00e9senter un cumul de difficult\u00e9s sociales et professionnelles qui freinent votre acc\u00e8s \u00e0 l\u2019emploi. Ensuite, pour initier cet accompagnement, vous devez \u00eatre <b>identifi\u00e9 puis orient\u00e9<\/b> vers le dispositif durant un entretien avec votre conseiller France Travail ou via un partenaire social. Par la suite, vous signez un engagement qui formalise votre participation \u00e0 ce parcours.<\/p>\n<h1>Quels sont les r\u00e9sultats observ\u00e9s dans les diff\u00e9rentes r\u00e9gions ?<\/h1>\n<p>Des r\u00e9sultats probants ont \u00e9t\u00e9 constat\u00e9s en juin 2024 dans la r\u00e9gion Hauts-de-France, illustrant l\u2019efficacit\u00e9 de l\u2019Accompagnement global.<\/p>\n<ul>\n<li aria-level=\"1\"><b>72 % <\/b>des demandeurs ont b\u00e9n\u00e9fici\u00e9 d\u2019au moins une action concr\u00e8te pendant leur accompagnement.<\/li>\n<li aria-level=\"1\"><b>89,1 %<\/b> des b\u00e9n\u00e9ficiaires ont exprim\u00e9 leur satisfaction concernant l\u2019appui des conseillers, la fr\u00e9quence des contacts et la qualit\u00e9 globale de l\u2019accompagnement.<\/li>\n<\/ul>\n<div class='shortcode summary'><div class='title'>En r\u00e9sum\u00e9 :<\/div><div class='content'><ul><li>L\u2019Accompagnement global (GLO) de France Travail est une aide cibl\u00e9e pour les <b>demandeurs d\u2019emploi avec des difficult\u00e9s sociales et professionnelles<\/b>, assur\u00e9e par un bin\u00f4me de conseiller et de travailleur social<\/li><li>Il est accessible aux demandeurs d\u2019emploi ayant des freins multiples, avec une<b> adh\u00e9sion volontaire<\/b> \u00e0 l\u2019accompagnement.<\/li><li>L\u2019accompagnement est intensif, avec un suivi <b>r\u00e9gulier<\/b> et <b>personnalis\u00e9<\/b>, afin de lever les obstacles \u00e0 l\u2019emploi et atteindre vos objectifs professionnels.<\/li><li>Le programme fait appel \u00e0 de nombreuses ressources <b>internes et externes<\/b> pour vous offrir une r\u00e9ponse \u00e0 vos besoins.<\/li><li>Les b\u00e9n\u00e9ficiaires de l\u2019Accompagnement global constatent une grande satisfaction, avec <b>89 % d\u2019avis positifs<\/b> sur la qualit\u00e9 du suivi et des actions.<\/li><\/ul><\/div><\/div>\n<p class=\"p1\"><div class='cta-block'><div class='text'>Simulez toutes vos Aides en 2 min.<\/div><a href='https:\/\/www.mes-allocs.fr\/ab-app?origin=guides\/wp-json\/wp\/v2\/posts\/103671' class='app-button fit'>Simulation gratuite<\/a><\/div><\/p>\n","protected":false},"excerpt":{"rendered":"<p>Le ch\u00f4mage peut \u00eatre un parcours sem\u00e9 d\u2019emb\u00fbches, surtout lorsque des obstacles viennent compliquer l\u2019acc\u00e8s \u00e0 l\u2019emploi. L\u2019Accompagnement global de France Travail est un dispositif sur-mesure qui vous propose, en tant que demandeur d\u2019emploi, un soutien. Que ce soit en mati\u00e8re de mobilit\u00e9, de logement ou m\u00eame de sant\u00e9, l\u2019objectif est de lever ces freins [&hellip;]<\/p>\n","protected":false},"author":31,"featured_media":103673,"comment_status":"open","ping_status":"open","sticky":false,"template":"","format":"standard","meta":{"amp_status":"","footnotes":""},"categories":[2989],"tags":[],"class_list":["post-103671","post","type-post","status-publish","format-standard","has-post-thumbnail","hentry","category-chomage"],"yoast_head":"<!-- This site is optimized with the Yoast SEO plugin v14.9 - https:\/\/yoast.com\/wordpress\/plugins\/seo\/ -->\n<title>Accompagnement global France Travail : qu\u2019est-ce que c\u2019est ?<\/title>\n<meta name=\"description\" content=\"D\u00e9couvrez l\u2019Accompagnement global de France Travail, un dispositif sur-mesure pour les demandeurs d\u2019emploi qui rencontrent des difficult\u00e9s.\" \/>\n<meta name=\"robots\" content=\"index, follow, max-snippet:-1, max-image-preview:large, max-video-preview:-1\" \/>\n<link rel=\"canonical\" href=\"https:\/\/www.mes-allocs.fr\/guides\/chomage\/accompagnement-global-france-travail\/\" \/>\n<meta property=\"og:locale\" content=\"fr_FR\" \/>\n<meta property=\"og:type\" content=\"article\" \/>\n<meta property=\"og:title\" content=\"Accompagnement global France Travail : qu\u2019est-ce que c\u2019est ?\" \/>\n<meta property=\"og:description\" content=\"D\u00e9couvrez l\u2019Accompagnement global de France Travail, un dispositif sur-mesure pour les demandeurs d\u2019emploi qui rencontrent des difficult\u00e9s.\" \/>\n<meta property=\"og:url\" content=\"https:\/\/www.mes-allocs.fr\/guides\/chomage\/accompagnement-global-france-travail\/\" \/>\n<meta property=\"og:site_name\" content=\"Mes-Allocs.fr\" \/>\n<meta property=\"article:published_time\" content=\"2025-09-04T12:37:40+00:00\" \/>\n<meta property=\"article:modified_time\" content=\"2026-04-22T07:32:37+00:00\" \/>\n<meta property=\"og:image\" content=\"https:\/\/www.mes-allocs.fr\/guides\/wp-content\/uploads\/2025\/09\/accompangment-global-france-travail.jpg?wsr\" \/>\n\t<meta property=\"og:image:width\" content=\"1500\" \/>\n\t<meta property=\"og:image:height\" content=\"1001\" \/>\n<meta name=\"twitter:card\" content=\"summary_large_image\" \/>\n<script type=\"application\/ld+json\" class=\"yoast-schema-graph\">{\"@context\":\"https:\/\/schema.org\",\"@graph\":[{\"@type\":\"WebSite\",\"@id\":\"https:\/\/www.mes-allocs.fr\/guides\/#website\",\"url\":\"https:\/\/www.mes-allocs.fr\/guides\/\",\"name\":\"Mes-Allocs.fr\",\"description\":\"\",\"potentialAction\":[{\"@type\":\"SearchAction\",\"target\":\"https:\/\/www.mes-allocs.fr\/guides\/?s={search_term_string}\",\"query-input\":\"required name=search_term_string\"}],\"inLanguage\":\"fr-FR\"},{\"@type\":\"ImageObject\",\"@id\":\"https:\/\/www.mes-allocs.fr\/guides\/chomage\/accompagnement-global-france-travail\/#primaryimage\",\"inLanguage\":\"fr-FR\",\"url\":\"https:\/\/www.mes-allocs.fr\/guides\/wp-content\/uploads\/2025\/09\/accompangment-global-france-travail.jpg?wsr\",\"width\":1500,\"height\":1001,\"caption\":\"accompangment global france travail\"},{\"@type\":\"WebPage\",\"@id\":\"https:\/\/www.mes-allocs.fr\/guides\/chomage\/accompagnement-global-france-travail\/#webpage\",\"url\":\"https:\/\/www.mes-allocs.fr\/guides\/chomage\/accompagnement-global-france-travail\/\",\"name\":\"Accompagnement global France Travail : qu\\u2019est-ce que c\\u2019est ?\",\"isPartOf\":{\"@id\":\"https:\/\/www.mes-allocs.fr\/guides\/#website\"},\"primaryImageOfPage\":{\"@id\":\"https:\/\/www.mes-allocs.fr\/guides\/chomage\/accompagnement-global-france-travail\/#primaryimage\"},\"datePublished\":\"2025-09-04T12:37:40+00:00\",\"dateModified\":\"2026-04-22T07:32:37+00:00\",\"author\":{\"@id\":\"https:\/\/www.mes-allocs.fr\/guides\/#\/schema\/person\/4f115680446d9e6de360142157ca671d\"},\"description\":\"D\\u00e9couvrez l\\u2019Accompagnement global de France Travail, un dispositif sur-mesure pour les demandeurs d\\u2019emploi qui rencontrent des difficult\\u00e9s.\",\"inLanguage\":\"fr-FR\"},{\"@type\":\"Person\",\"@id\":\"https:\/\/www.mes-allocs.fr\/guides\/#\/schema\/person\/4f115680446d9e6de360142157ca671d\",\"name\":\"Miangaly Ramasindray\",\"image\":{\"@type\":\"ImageObject\",\"@id\":\"https:\/\/www.mes-allocs.fr\/guides\/#personlogo\",\"inLanguage\":\"fr-FR\",\"url\":\"https:\/\/www.mes-allocs.fr\/guides\/wp-content\/uploads\/2024\/10\/Miangaly_Ramasindray-150x150.jpeg\",\"caption\":\"Miangaly Ramasindray\"},\"description\":\"Miangaly est r\\u00e9dactrice web sp\\u00e9cialis\\u00e9e sur les sujets de pouvoir d'achat. Elle rejoint Mes Allocs en 2024 apr\\u00e8s une premi\\u00e8re exp\\u00e9rience en marketing chez DMI.\",\"sameAs\":[\"https:\/\/www.linkedin.com\/in\/miangaly-ramasindray\/\"]}]}<\/script>\n<!-- \/ Yoast SEO plugin. -->","amp_validity":null,"acf":{"faq":{"1":{"question":"Qu'est-ce que l'accompagnement global de France Travail ?","answer":"L\u2019accompagnement global de France Travail est un suivi intensif et personnalis\u00e9 men\u00e9 conjointement par un conseiller et un travailleur social afin d\u2019aider les demandeurs d\u2019emploi \u00e0 surmonter simultan\u00e9ment leurs difficult\u00e9s sociales et professionnelles pour favoriser un retour \u00e0 l\u2019emploi.\r\n"},"2":{"question":"Comment se passe un entretien d'accompagnement France Travail  ?","answer":"Un entretien d'accompagnement France Travail consiste en un rendez-vous obligatoire avec un conseiller pour faire le point sur la situation professionnelle, d\u00e9finir un plan d\u2019actions personnalis\u00e9, et organiser le suivi r\u00e9gulier des d\u00e9marches vers l\u2019emploi."},"3":{"question":"Quelle est la dur\u00e9e de l'accompagnement global au France Travail ?","answer":"La dur\u00e9e de l\u2019accompagnement global au France Travail est en moyenne de 5 \u00e0 10 mois, mais peut aller jusqu\u2019\u00e0 12 mois selon les situations.\r\n"},"4":{"question":"Quelles sont les modalit\u00e9s d'accompagnement de France Travail ?","answer":"France Travail propose quatre modalit\u00e9s d\u2019accompagnement\u202f: suivi, guid\u00e9, renforc\u00e9 et global, adapt\u00e9es au degr\u00e9 d\u2019autonomie ou aux difficult\u00e9s professionnelles et sociales des demandeurs d\u2019emploi."},"5":{"question":"Qu'est-ce que l'aide personnalis\u00e9e de France Travail ?","answer":"L\u2019aide personnalis\u00e9e de France Travail est un accompagnement individuel adapt\u00e9 aux besoins de chaque demandeur d\u2019emploi, visant \u00e0 faciliter son retour \u00e0 l\u2019emploi par des actions cibl\u00e9es et un suivi r\u00e9gulier avec un conseiller d\u00e9di\u00e9.\r\n\r\n"},"6":{"question":"Qu'est-ce que la prestation Activ'projet de France Travail ?","answer":"La prestation Activ'projet de France Travail est un accompagnement gratuit de 8 \u00e0 12 semaines permettant aux demandeurs d\u2019emploi d\u2019\u00e9laborer ou de confirmer un ou plusieurs projets professionnels avec l\u2019aide d\u2019un conseiller ou d\u2019un organisme sp\u00e9cialis\u00e9 en orientation.\r\n\r\n"},"7":{"question":"","answer":""},"8":{"question":"","answer":""},"9":{"question":"","answer":""},"10":{"question":"","answer":""},"11":{"question":"","answer":""},"12":{"question":"","answer":""},"13":{"question":"","answer":""},"14":{"question":"","answer":""},"15":{"question":"","answer":""},"16":{"question":"","answer":""}}},"_links":{"self":[{"href":"https:\/\/www.mes-allocs.fr\/guides\/wp-json\/wp\/v2\/posts\/103671","targetHints":{"allow":["GET"]}}],"collection":[{"href":"https:\/\/www.mes-allocs.fr\/guides\/wp-json\/wp\/v2\/posts"}],"about":[{"href":"https:\/\/www.mes-allocs.fr\/guides\/wp-json\/wp\/v2\/types\/post"}],"author":[{"embeddable":true,"href":"https:\/\/www.mes-allocs.fr\/guides\/wp-json\/wp\/v2\/users\/31"}],"replies":[{"embeddable":true,"href":"https:\/\/www.mes-allocs.fr\/guides\/wp-json\/wp\/v2\/comments?post=103671"}],"version-history":[{"count":1,"href":"https:\/\/www.mes-allocs.fr\/guides\/wp-json\/wp\/v2\/posts\/103671\/revisions"}],"predecessor-version":[{"id":103675,"href":"https:\/\/www.mes-allocs.fr\/guides\/wp-json\/wp\/v2\/posts\/103671\/revisions\/103675"}],"wp:featuredmedia":[{"embeddable":true,"href":"https:\/\/www.mes-allocs.fr\/guides\/wp-json\/wp\/v2\/media\/103673"}],"wp:attachment":[{"href":"https:\/\/www.mes-allocs.fr\/guides\/wp-json\/wp\/v2\/media?parent=103671"}],"wp:term":[{"taxonomy":"category","embeddable":true,"href":"https:\/\/www.mes-allocs.fr\/guides\/wp-json\/wp\/v2\/categories?post=103671"},{"taxonomy":"post_tag","embeddable":true,"href":"https:\/\/www.mes-allocs.fr\/guides\/wp-json\/wp\/v2\/tags?post=103671"}],"curies":[{"name":"wp","href":"https:\/\/api.w.org\/{rel}","templated":true}]}}