{"id":103585,"date":"2025-09-01T16:01:26","date_gmt":"2025-09-01T14:01:26","guid":{"rendered":"https:\/\/www.mes-allocs.fr\/guides\/?p=103585"},"modified":"2026-04-22T08:32:38","modified_gmt":"2026-04-22T07:32:38","slug":"cmg-garde-alternee","status":"publish","type":"post","link":"https:\/\/www.mes-allocs.fr\/guides\/allocations-familiales\/paje\/complement-libre-choix-mode-de-garde\/cmg-garde-alternee\/","title":{"rendered":"CMG garde altern\u00e9e : conditions, montants, d\u00e9marches"},"content":{"rendered":"<p><img loading=\"lazy\" decoding=\"async\" class=\"alignnone wp-image-103587\" title=\"garde alternee cmg\" src=\"https:\/\/www.mes-allocs.fr\/guides\/wp-content\/uploads\/2025\/09\/garde-alternee-cmg-e1756735276631-300x51.png\" alt=\"garde alternee cmg\" width=\"1359\" height=\"231\" srcset=\"https:\/\/www.mes-allocs.fr\/guides\/wp-content\/uploads\/2025\/09\/garde-alternee-cmg-e1756735276631-300x51.png 300w, https:\/\/www.mes-allocs.fr\/guides\/wp-content\/uploads\/2025\/09\/garde-alternee-cmg-e1756735276631-1024x173.png 1024w, https:\/\/www.mes-allocs.fr\/guides\/wp-content\/uploads\/2025\/09\/garde-alternee-cmg-e1756735276631-768x130.png 768w, https:\/\/www.mes-allocs.fr\/guides\/wp-content\/uploads\/2025\/09\/garde-alternee-cmg-e1756735276631-600x102.png 600w, https:\/\/www.mes-allocs.fr\/guides\/wp-content\/uploads\/2025\/09\/garde-alternee-cmg-e1756735276631.png 1476w\" sizes=\"auto, (max-width: 1359px) 100vw, 1359px\" \/><\/p>\n<p>[Mis \u00e0 jour le 11\/02\/2026] Le <a href=\"https:\/\/www.mes-allocs.fr\/guides\/allocations-familiales\/paje\/complement-libre-choix-mode-de-garde\/\">compl\u00e9ment de libre choix du mode de garde<\/a> (CMG) est une aide financi\u00e8re pour les familles qui emploient une assistante maternelle ou une garde \u00e0 domicile, ou bien qui ont recours \u00e0 une micro-cr\u00e8che. La r\u00e9forme du CMG a apport\u00e9 de nombreuses nouveaut\u00e9s notables pour les parents b\u00e9n\u00e9ficiaires, et en particulier en ce qui concerne le <strong>CMG en cas de<\/strong> <b>garde altern\u00e9e<\/b>. Dans cet article, d\u00e9couvrez les nouvelles conditions, les d\u00e9marches et le fonctionnement du calcul pour les parents s\u00e9par\u00e9s.<\/p>\n<p class=\"p1\"><div class='cta-block'><div class='text'>Simulez toutes vos Aides en 2 min.<\/div><a href='https:\/\/www.mes-allocs.fr\/ab-app?origin=guides\/wp-json\/wp\/v2\/posts\/103585' class='app-button fit'>Simulation gratuite<\/a><\/div><\/p>\n<h1>Garde altern\u00e9e ou r\u00e9sidence principale : quelles diff\u00e9rences pour le CMG ?<\/h1>\n<p>Le fonctionnement du CMG n\u2019est pas le m\u00eame selon que l\u2019enfant est en r\u00e9sidence principale chez un seul parent ou en r\u00e9sidence altern\u00e9e.<\/p>\n<h2>En cas de r\u00e9sidence principale<\/h2>\n<p>Un seul parent est reconnu comme<strong> allocataire pour l\u2019enfant<\/strong>. C\u2019est lui qui per\u00e7oit le CMG, m\u00eame si l\u2019autre parent participe financi\u00e8rement aux frais de garde. Le calcul de l\u2019aide tient compte exclusivement de sa situation (ressources, composition du foyer, mode de garde, heures de garde, etc.).<\/p>\n<h2>En cas de r\u00e9sidence altern\u00e9e r\u00e9elle<\/h2>\n<p>L&rsquo;enfant vit alternativement chez chacun des parents. <strong>D\u00e9sormais, chacun des deux parents peut b\u00e9n\u00e9ficier du CMG<\/strong>, \u00e0 condition d\u2019employer directement une assistante maternelle ou une garde \u00e0 domicile et de d\u00e9clarer ses propres heures de garde. Le CMG est alors calcul\u00e9 s\u00e9par\u00e9ment pour chaque parent, en fonction de ses revenus, de ses enfants \u00e0 charge et des heures pay\u00e9es de son c\u00f4t\u00e9.<\/p>\n<h1>CMG garde altern\u00e9e : Quelles sont les nouveaut\u00e9s depuis la r\u00e9forme 2025<\/h1>\n<p>Depuis le 1er d\u00e9cembre 2025, une r\u00e9forme est en vigueur. Elle permet \u00e0 chaque parent en garde altern\u00e9e de percevoir son propre compl\u00e9ment, \u00e0 condition d\u2019avoir un contrat distinct avec un assistant maternel agr\u00e9\u00e9 ou une garde \u00e0 domicile.<\/p>\n<h2>Quelles sont les nouvelles conditions d\u2019acc\u00e8s au CMG en cas de garde altern\u00e9e ?<\/h2>\n<p>Pour b\u00e9n\u00e9ficier du CMG en cas de garde altern\u00e9e, les conditions sont les suivantes :<\/p>\n<ul>\n<li>L\u2019enfant doit \u00eatre en r\u00e9sidence altern\u00e9e r\u00e9elle entre les deux parents.<\/li>\n<li>Chaque parent doit employer directement une <b>assistante maternelle<\/b> ou une <b>garde \u00e0 domicile<\/b> pour la part de garde dont il a la charge.<\/li>\n<li>Si les parents per\u00e7oivent des allocations familiales, celles-ci doivent \u00eatre <b>pr\u00e9alablement partag\u00e9es<\/b> entre eux.<\/li>\n<li>Le calcul du CMG est <b>ind\u00e9pendant<\/b> pour chaque parent et prend en compte la situation individuelle de chacun (ressources, nombre d\u2019enfants \u00e0 charge, nombre d\u2019heures de garde, co\u00fbt de la garde).<\/li>\n<\/ul>\n<div class='shortcode read-more'><div class='title'>En savoir plus<\/div><div class='content'>Cette r\u00e9forme <b>ne concerne pas<\/b> les parents qui passent par un prestataire de services ou une structure collective comme les microcr\u00e8ches ou les associations d&rsquo;entreprise.<\/div><\/div>\n<h2>Qui est concern\u00e9 par la r\u00e9forme du CMG pour les enfants en garde altern\u00e9e ?<\/h2>\n<p>Le nouveau partage du CMG concerne uniquement les parents qui emploient directement un <b>assistant maternel <\/b>ou un<b> salari\u00e9 \u00e0 domicile <\/b>pour la garde de leurs enfants en garde altern\u00e9e. Comme indiqu\u00e9 pr\u00e9c\u00e9demment, les parents qui utilisent un prestataire de services, recourent \u00e0 une structure collective ou ceux dont la garde n\u2019est pas directement employ\u00e9e par eux, ne sont pas concern\u00e9s par cette r\u00e9forme.<\/p>\n<h1>Quels sont les avantages de cette nouvelle r\u00e9forme en cas de garde altern\u00e9e ?<\/h1>\n<p>La r\u00e9forme du CMG apporte plusieurs avantages en cas de garde altern\u00e9e. D\u00e9sormais, chacun des deux parents s\u00e9par\u00e9s b\u00e9n\u00e9ficie du CMG de mani\u00e8re <b>autonome<\/b>, ce qui traduit une reconnaissance plus <b>\u00e9quitable<\/b> de vos charges respectives et<b> facilite la gestion financi\u00e8re<\/b> concernant la garde de votre enfant.<\/p>\n<p>Ce calcul plus personnalis\u00e9 du CMG <b>prend en compte la situation individuelle de chaque parent<\/b>, incluant vos ressources, le nombre d\u2019enfants \u00e0 votre charge et le nombre d\u2019heures effectives de garde, ce qui permet d\u2019adapter l\u2019aide \u00e0 vos besoins.<\/p>\n<p class=\"p1\"><div class='cta-block'><div class='text'>Simulez toutes vos Aides en 2 min.<\/div><a href='https:\/\/www.mes-allocs.fr\/ab-app?origin=guides\/wp-json\/wp\/v2\/posts\/103585' class='app-button fit'>Simulation gratuite<\/a><\/div><\/p>\n<h1>Quelles sont les conditions pour b\u00e9n\u00e9ficier du CMG pour un enfant en garde partag\u00e9e ?<\/h1>\n<p>Les conditions pour b\u00e9n\u00e9ficier du CMG pour un enfant en garde partag\u00e9e sont les suivantes :<\/p>\n<ul>\n<li aria-level=\"1\">Vous devez employer directement une<b> assistante maternelle agr\u00e9\u00e9e <\/b>ou une<b> garde \u00e0 domicile.\u00a0<\/b><\/li>\n<li aria-level=\"1\">L\u2019enfant doit en principe avoir moins de 6 ans. En revanche, si vous \u00eates parent isol\u00e9, vous pouvez b\u00e9n\u00e9ficier du CMG <strong>jusqu\u2019aux 12 ans de votre enfant<\/strong>.<\/li>\n<li aria-level=\"1\">Si vous percevez les allocations familiales et que vous \u00eates en garde altern\u00e9e, vous devez avoir <b>formalis\u00e9<\/b> le partage des allocations familiales entre les deux parents avant de demander le CMG. Ce partage est <b>obligatoire<\/b> pour que chaque parent re\u00e7oive le CMG.<\/li>\n<li aria-level=\"1\">Chaque parent doit remplir les <b>conditions d\u2019\u00e9ligibilit\u00e9 g\u00e9n\u00e9rales <\/b>dont avoir une activit\u00e9 professionnelle (au moins 1 heure de travail dans le mois), b\u00e9n\u00e9ficier \u00e9ventuellement du RSA ou \u00eatre engag\u00e9 dans une d\u00e9marche d\u2019insertion professionnelle, \u00eatre \u00e9tudiant, ou b\u00e9n\u00e9ficiaire de certaines allocations (AAH, ASS, etc.).<\/li>\n<\/ul>\n<p>Depuis la <strong>r\u00e9forme de septembre 2025<\/strong>, il n\u2019y a plus de nombre d\u2019heures minimum impos\u00e9 pour ouvrir droit au CMG : chaque heure de garde est prise en compte dans le calcul de l\u2019aide.<\/p>\n<h1>Garde altern\u00e9e : quel montant de CMG est vers\u00e9 \u00e0 chaque parent ?<\/h1>\n<p>Comme mentionn\u00e9 pr\u00e9c\u00e9demment, en cas de garde altern\u00e9e, chaque parent peut b\u00e9n\u00e9ficier individuellement du CMG pour la p\u00e9riode o\u00f9 l\u2019enfant est plac\u00e9 sous sa responsabilit\u00e9. Le calcul du montant d\u00e9pend donc :<\/p>\n<ul>\n<li aria-level=\"1\">Des <b>ressources propres de chaque parent.<\/b><\/li>\n<li aria-level=\"1\">Du <b>nombre d\u2019enfants \u00e0 charge de chaque parent.<\/b><\/li>\n<li aria-level=\"1\">DU <b>co\u00fbt horaire plafonn\u00e9 de la garde.<\/b><\/li>\n<li aria-level=\"1\">Du<b> nombre r\u00e9el d\u2019heures<\/b> de garde \u00e0 la charge de chaque parent.<\/li>\n<\/ul>\n<p>Le CMG sera ainsi calcul\u00e9 au plus pr\u00e8s de la r\u00e9alit\u00e9 financi\u00e8re de chaque foyer.<\/p>\n<p><div class='shortcode tips'><div class='title'>Exemple<\/div><div class='content'><\/div><\/div>Un couple s\u00e9par\u00e9 avec un enfant en garde altern\u00e9e, qui garde l\u2019enfant chacun 15 jours par mois et emploie directement une assistante maternelle agr\u00e9\u00e9e.<\/p>\n<ul>\n<li aria-level=\"1\">Le revenu net imposable du parent A : 2500 \u20ac par mois<\/li>\n<li aria-level=\"1\">Le revenu net imposable du parent B : 3500 \u20ac par mois<\/li>\n<li aria-level=\"1\">Co\u00fbt horaire de la garde : 8 \u20ac<\/li>\n<li aria-level=\"1\">Le nombre d&rsquo;heures de garde par parent : 80 h par mois<\/li>\n<\/ul>\n<p>Gr\u00e2ce au nouveau calcul, le CMG sera calcul\u00e9 individuellement pour chaque parent en fonction de ses revenus et du nombre d&rsquo;heures pay\u00e9es. Le parent avec les revenus plus bas b\u00e9n\u00e9ficiera d\u2019une aide plus importante, r\u00e9duisant ainsi son reste \u00e0 charge. Le parent avec un revenu plus \u00e9lev\u00e9 recevra un montant plus faible en CMG.<\/p>\n<h1>Les d\u00e9marches pour le CMG en garde altern\u00e9e<\/h1>\n<h2>Quelles d\u00e9marches pour que chaque parent en b\u00e9n\u00e9ficie ?<\/h2>\n<p>Pour <a href=\"https:\/\/www.mes-allocs.fr\/guides\/allocations-familiales\/paje\/complement-libre-choix-mode-de-garde\/demande-cmg\/\">demander le CMG<\/a> en garde altern\u00e9e, les d\u00e9marches sont les suivantes :<\/p>\n<ul>\n<li aria-level=\"1\">Vous devez <b>d\u00e9clarer la r\u00e9sidence altern\u00e9e<\/b> aupr\u00e8s de la CAF.<\/li>\n<li aria-level=\"1\">Si vous percevez les allocations familiales, celles-ci doivent \u00eatre <b>partag\u00e9es<\/b> entre les deux parents avant toute demande de CMG. Le parent allocataire initial devra faire une <b>demande de partage<\/b> \u00e0 partir de son espace personnel CAF.<\/li>\n<li aria-level=\"1\">Chaque parent doit employer directement une assistante <b>maternelle agr\u00e9\u00e9e <\/b>ou <b>une garde \u00e0 domicile<\/b> et \u00e9tablir un contrat de travail distinct pour la p\u00e9riode o\u00f9 l\u2019enfant est gard\u00e9 chez lui.<\/li>\n<li aria-level=\"1\">Si vous \u00eates le b\u00e9n\u00e9ficiaire actuel des allocations familiales, vous n\u2019avez g\u00e9n\u00e9ralement <b>pas de d\u00e9marche suppl\u00e9mentaire <\/b>\u00e0 faire pour obtenir le CMG. En revanche, si vous ne b\u00e9n\u00e9ficiez pas encore du CMG vous devez faire une <b>demande<\/b> de prestation sur le site de la CAF.<\/li>\n<li aria-level=\"1\">Vous devez d\u00e9clarer les <b>heures d\u2019accueil<\/b> r\u00e9alis\u00e9es avec l\u2019assistante maternelle ou la garde domicile.<\/li>\n<\/ul>\n<p>Le parent qui ne percevait pas encore le CMG devra d\u00e9poser une demande de CMG et, le cas \u00e9ch\u00e9ant, remplir une d\u00e9claration de situation aupr\u00e8s de la CAF.<\/p>\n<h2>Que se passe-t-il si la garde altern\u00e9e change ?<\/h2>\n<p>La situation familiale peut \u00e9voluer : s\u00e9paration r\u00e9cente, accord amiable modifi\u00e9, d\u00e9cision de justice\u2026 Si vous passez d\u2019une r\u00e9sidence principale \u00e0 une garde altern\u00e9e (ou l\u2019inverse), cela a des <strong>cons\u00e9quences sur le CMG<\/strong>.<\/p>\n<p>En pratique, vous devez :<\/p>\n<ol>\n<li>Informer rapidement la Caf ou la MSA d\u2019un changement de mode de garde (via votre espace en ligne ou en signalant un changement de situation familiale)<\/li>\n<li>Adapter si besoin le partage des allocations familiales : en r\u00e9sidence altern\u00e9e, celles-ci peuvent \u00eatre partag\u00e9es entre les deux parents, alors qu\u2019en r\u00e9sidence principale elles sont vers\u00e9es \u00e0 un seul parent<\/li>\n<li>Mettre \u00e0 jour les contrats de travail avec l\u2019assistante maternelle ou la garde \u00e0 domicile : en garde altern\u00e9e chaque parent doit disposer de son propre contrat pour la p\u00e9riode o\u00f9 l\u2019enfant est chez lui, tandis qu&rsquo;en garde exclusive un seul contrat peut suffire si un seul parent emploie l\u2019intervenant.<\/li>\n<\/ol>\n<p>Une fois le changement enregistr\u00e9, la <strong>Caf recalcule automatiquement le CMG<\/strong> selon la nouvelle situation (un seul parent b\u00e9n\u00e9ficiaire ou deux parents b\u00e9n\u00e9ficiaires). Ne pas d\u00e9clarer ce changement peut entra\u00eener des trop-per\u00e7us ou, au contraire, vous priver d\u2019une partie de vos droits.<\/p>\n<h2>Que faire si l\u2019autre parent refuse de partager les allocations familiales ?<\/h2>\n<p>En garde altern\u00e9e, le partage des allocations familiales est une condition essentielle pour que chacun des deux parents puisse b\u00e9n\u00e9ficier du CMG pour sa part de garde. Si un seul parent reste allocataire, lui seul peut percevoir le CMG, m\u00eame si la garde est r\u00e9ellement altern\u00e9e.<\/p>\n<p>Si l\u2019autre parent refuse de partager les allocations familiales, plusieurs options s\u2019offrent \u00e0 vous.<\/p>\n<h3>Contacter la Caf<\/h3>\n<p>Vous pouvez signaler la situation \u00e0 votre Caf, demander des explications sur les cons\u00e9quences du partage et, si besoin, \u00eatre orient\u00e9 vers un m\u00e9diateur Caf ou un service d\u2019accompagnement. Cela permet parfois de trouver une solution amiable autour des prestations familiales.<\/p>\n<h3>Recourir \u00e0 une m\u00e9diation familiale<\/h3>\n<p>Si le d\u00e9saccord persiste (sur le partage des allocations, l\u2019organisation de la garde, la r\u00e9partition des frais), vous pouvez solliciter une m\u00e9diation familiale via un centre de m\u00e9diation ou un service financ\u00e9 en partie par la Caf. L\u2019objectif est d\u2019aboutir \u00e0 un accord \u00e9crit qui clarifie les droits et devoirs de chacun.<\/p>\n<div class='shortcode summary'><div class='title'>En r\u00e9sum\u00e9 :<\/div><div class='content'><ul><li>Pour b\u00e9n\u00e9ficier du CMG en garde altern\u00e9e, <b>chaque parent<\/b> doit employer <b>directement<\/b> une assistante maternelle ou une garde \u00e0 domicile pour la p\u00e9riode o\u00f9 l\u2019enfant est sous sa responsabilit\u00e9 et partager les allocations familiales.<\/li><li>Depuis le 1er d\u00e9cembre 2025, chaque parent peut b\u00e9n\u00e9ficier du CMG de fa\u00e7on <b>autonome<\/b>, ce qui am\u00e9liore <b>l\u2019\u00e9quit\u00e9<\/b> dans la gestion des co\u00fbts de garde altern\u00e9e.<\/li><li> Le montant du CMG est calcul\u00e9 en fonction <b>des ressources, du nombre d\u2019enfants \u00e0 charge et des heures de garde de chaque parent.<\/b><\/li><li>Pour b\u00e9n\u00e9ficier du CMG, vous devez <b>d\u00e9clarer<\/b> la r\u00e9sidence altern\u00e9e \u00e0 la CAF et <b>partager<\/b> les allocations familiales. Ensuite, chaque parent doit effectuer une <b>demande distincte<\/b> en fonction des heures de garde.<\/li><\/ul><\/div><\/div>\n<p class=\"p1\"><div class='cta-block'><div class='text'>Simulez toutes vos Aides en 2 min.<\/div><a href='https:\/\/www.mes-allocs.fr\/ab-app?origin=guides\/wp-json\/wp\/v2\/posts\/103585' class='app-button fit'>Simulation gratuite<\/a><\/div><\/p>\n","protected":false},"excerpt":{"rendered":"<p>[Mis \u00e0 jour le 11\/02\/2026] Le compl\u00e9ment de libre choix du mode de garde (CMG) est une aide financi\u00e8re pour les familles qui emploient une assistante maternelle ou une garde \u00e0 domicile, ou bien qui ont recours \u00e0 une micro-cr\u00e8che. La r\u00e9forme du CMG a apport\u00e9 de nombreuses nouveaut\u00e9s notables pour les parents b\u00e9n\u00e9ficiaires, et [&hellip;]<\/p>\n","protected":false},"author":31,"featured_media":103586,"comment_status":"open","ping_status":"open","sticky":false,"template":"","format":"standard","meta":{"amp_status":"","footnotes":""},"categories":[10,14050,9803,11],"tags":[],"class_list":["post-103585","post","type-post","status-publish","format-standard","has-post-thumbnail","hentry","category-allocations-familiales","category-calcul-paje","category-complement-libre-choix-mode-de-garde","category-paje"],"yoast_head":"<!-- This site is optimized with the Yoast SEO plugin v14.9 - https:\/\/yoast.com\/wordpress\/plugins\/seo\/ -->\n<title>CMG garde altern\u00e9e : conditions, montants, d\u00e9marches | Mes-Allocs.fr<\/title>\n<meta name=\"description\" content=\"Depuis la r\u00e9forme de 2025, les conditions, le mode de cacul et les d\u00e9marches pour le CMG en garde altern\u00e9e ont \u00e9t\u00e9 modifi\u00e9s.\" \/>\n<meta name=\"robots\" content=\"index, follow, max-snippet:-1, max-image-preview:large, max-video-preview:-1\" \/>\n<link rel=\"canonical\" href=\"https:\/\/www.mes-allocs.fr\/guides\/allocations-familiales\/paje\/complement-libre-choix-mode-de-garde\/cmg-garde-alternee\/\" \/>\n<meta property=\"og:locale\" content=\"fr_FR\" \/>\n<meta property=\"og:type\" content=\"article\" \/>\n<meta property=\"og:title\" content=\"CMG garde altern\u00e9e : conditions, montants, d\u00e9marches | Mes-Allocs.fr\" \/>\n<meta property=\"og:description\" content=\"Depuis la r\u00e9forme de 2025, les conditions, le mode de cacul et les d\u00e9marches pour le CMG en garde altern\u00e9e ont \u00e9t\u00e9 modifi\u00e9s.\" \/>\n<meta property=\"og:url\" content=\"https:\/\/www.mes-allocs.fr\/guides\/allocations-familiales\/paje\/complement-libre-choix-mode-de-garde\/cmg-garde-alternee\/\" \/>\n<meta property=\"og:site_name\" content=\"Mes-Allocs.fr\" \/>\n<meta property=\"article:published_time\" content=\"2025-09-01T14:01:26+00:00\" \/>\n<meta property=\"article:modified_time\" content=\"2026-04-22T07:32:38+00:00\" \/>\n<meta property=\"og:image\" content=\"https:\/\/www.mes-allocs.fr\/guides\/wp-content\/uploads\/2025\/09\/CMG-garde-alternee.png?wsr\" \/>\n\t<meta property=\"og:image:width\" content=\"1248\" \/>\n\t<meta property=\"og:image:height\" content=\"808\" \/>\n<meta name=\"twitter:card\" content=\"summary_large_image\" \/>\n<script type=\"application\/ld+json\" class=\"yoast-schema-graph\">{\"@context\":\"https:\/\/schema.org\",\"@graph\":[{\"@type\":\"WebSite\",\"@id\":\"https:\/\/www.mes-allocs.fr\/guides\/#website\",\"url\":\"https:\/\/www.mes-allocs.fr\/guides\/\",\"name\":\"Mes-Allocs.fr\",\"description\":\"\",\"potentialAction\":[{\"@type\":\"SearchAction\",\"target\":\"https:\/\/www.mes-allocs.fr\/guides\/?s={search_term_string}\",\"query-input\":\"required name=search_term_string\"}],\"inLanguage\":\"fr-FR\"},{\"@type\":\"ImageObject\",\"@id\":\"https:\/\/www.mes-allocs.fr\/guides\/allocations-familiales\/paje\/complement-libre-choix-mode-de-garde\/cmg-garde-alternee\/#primaryimage\",\"inLanguage\":\"fr-FR\",\"url\":\"https:\/\/www.mes-allocs.fr\/guides\/wp-content\/uploads\/2025\/09\/CMG-garde-alternee.png?wsr\",\"width\":1248,\"height\":808,\"caption\":\"CMG garde alternee\"},{\"@type\":\"WebPage\",\"@id\":\"https:\/\/www.mes-allocs.fr\/guides\/allocations-familiales\/paje\/complement-libre-choix-mode-de-garde\/cmg-garde-alternee\/#webpage\",\"url\":\"https:\/\/www.mes-allocs.fr\/guides\/allocations-familiales\/paje\/complement-libre-choix-mode-de-garde\/cmg-garde-alternee\/\",\"name\":\"CMG garde altern\\u00e9e : conditions, montants, d\\u00e9marches | Mes-Allocs.fr\",\"isPartOf\":{\"@id\":\"https:\/\/www.mes-allocs.fr\/guides\/#website\"},\"primaryImageOfPage\":{\"@id\":\"https:\/\/www.mes-allocs.fr\/guides\/allocations-familiales\/paje\/complement-libre-choix-mode-de-garde\/cmg-garde-alternee\/#primaryimage\"},\"datePublished\":\"2025-09-01T14:01:26+00:00\",\"dateModified\":\"2026-04-22T07:32:38+00:00\",\"author\":{\"@id\":\"https:\/\/www.mes-allocs.fr\/guides\/#\/schema\/person\/4f115680446d9e6de360142157ca671d\"},\"description\":\"Depuis la r\\u00e9forme de 2025, les conditions, le mode de cacul et les d\\u00e9marches pour le CMG en garde altern\\u00e9e ont \\u00e9t\\u00e9 modifi\\u00e9s.\",\"inLanguage\":\"fr-FR\"},{\"@type\":\"Person\",\"@id\":\"https:\/\/www.mes-allocs.fr\/guides\/#\/schema\/person\/4f115680446d9e6de360142157ca671d\",\"name\":\"Miangaly Ramasindray\",\"image\":{\"@type\":\"ImageObject\",\"@id\":\"https:\/\/www.mes-allocs.fr\/guides\/#personlogo\",\"inLanguage\":\"fr-FR\",\"url\":\"https:\/\/www.mes-allocs.fr\/guides\/wp-content\/uploads\/2024\/10\/Miangaly_Ramasindray-150x150.jpeg\",\"caption\":\"Miangaly Ramasindray\"},\"description\":\"Miangaly est r\\u00e9dactrice web sp\\u00e9cialis\\u00e9e sur les sujets de pouvoir d'achat. Elle rejoint Mes Allocs en 2024 apr\\u00e8s une premi\\u00e8re exp\\u00e9rience en marketing chez DMI.\",\"sameAs\":[\"https:\/\/www.linkedin.com\/in\/miangaly-ramasindray\/\"]}]}<\/script>\n<!-- \/ Yoast SEO plugin. -->","amp_validity":null,"acf":{"faq":{"1":{"question":"Qui touche la CAF en cas de garde altern\u00e9e ?","answer":"En cas de garde altern\u00e9e, chaque parent peut toucher individuellement le CMG pour la p\u00e9riode o\u00f9 l\u2019enfant est chez lui, \u00e0 condition d\u2019avoir partag\u00e9 les allocations familiales entre eux."},"2":{"question":"Quelles aides en cas de garde altern\u00e9e ?","answer":"En cas de garde altern\u00e9e, chaque parent peut b\u00e9n\u00e9ficier du Compl\u00e9ment de libre choix du mode de garde (CMG) \u00e0 condition de remplir les crit\u00e8res, le partage des allocations familiales doit \u00eatre mis en place, et chaque parent peut aussi percevoir les aides personnalis\u00e9es au logement (APL) de fa\u00e7on individualis\u00e9e selon la dur\u00e9e de garde chez lui de l\u2019enfant."},"3":{"question":"Est-il possible de cumuler le CMG avec un mode de garde ?","answer":"Oui, il est possible de cumuler le CMG avec un mode de garde, mais uniquement si vous employez directement une assistante maternelle agr\u00e9\u00e9e ou une garde \u00e0 domicile."},"4":{"question":"Quelle est la diff\u00e9rence entre la garde altern\u00e9e et la garde partag\u00e9e ?","answer":"La garde altern\u00e9e et la garde partag\u00e9e d\u00e9signent en r\u00e9alit\u00e9 le m\u00eame mode de garde o\u00f9 l\u2019enfant r\u00e9side alternativement chez chacun des parents selon un rythme fix\u00e9 par eux ou par le juge. "},"5":{"question":"Pourquoi n'ai-je pas le droit \u00e0 la CMG ?","answer":"Vous n'avez pas le droit au CMG si vous ne remplissez pas les conditions d\u2019\u00e9ligibilit\u00e9, notamment si vous ne d\u00e9clarez pas une garde effective d\u2019au moins 16 heures par mois, si votre enfant a plus de 6 ans (sauf en cas de parent isol\u00e9 jusqu\u2019\u00e0 12 ans), si vous n\u2019employez pas directement une assistante maternelle ou garde \u00e0 domicile, si vos ressources d\u00e9passent le plafond fix\u00e9, ou si la r\u00e9sidence altern\u00e9e n\u2019est pas d\u00e9clar\u00e9e correctement aupr\u00e8s de la CAF."},"6":{"question":"","answer":""},"7":{"question":"","answer":""},"8":{"question":"","answer":""},"9":{"question":"","answer":""},"10":{"question":"","answer":""},"11":{"question":"","answer":""},"12":{"question":"","answer":""},"13":{"question":"","answer":""},"14":{"question":"","answer":""},"15":{"question":"","answer":""},"16":{"question":"","answer":""}}},"_links":{"self":[{"href":"https:\/\/www.mes-allocs.fr\/guides\/wp-json\/wp\/v2\/posts\/103585","targetHints":{"allow":["GET"]}}],"collection":[{"href":"https:\/\/www.mes-allocs.fr\/guides\/wp-json\/wp\/v2\/posts"}],"about":[{"href":"https:\/\/www.mes-allocs.fr\/guides\/wp-json\/wp\/v2\/types\/post"}],"author":[{"embeddable":true,"href":"https:\/\/www.mes-allocs.fr\/guides\/wp-json\/wp\/v2\/users\/31"}],"replies":[{"embeddable":true,"href":"https:\/\/www.mes-allocs.fr\/guides\/wp-json\/wp\/v2\/comments?post=103585"}],"version-history":[{"count":7,"href":"https:\/\/www.mes-allocs.fr\/guides\/wp-json\/wp\/v2\/posts\/103585\/revisions"}],"predecessor-version":[{"id":108944,"href":"https:\/\/www.mes-allocs.fr\/guides\/wp-json\/wp\/v2\/posts\/103585\/revisions\/108944"}],"wp:featuredmedia":[{"embeddable":true,"href":"https:\/\/www.mes-allocs.fr\/guides\/wp-json\/wp\/v2\/media\/103586"}],"wp:attachment":[{"href":"https:\/\/www.mes-allocs.fr\/guides\/wp-json\/wp\/v2\/media?parent=103585"}],"wp:term":[{"taxonomy":"category","embeddable":true,"href":"https:\/\/www.mes-allocs.fr\/guides\/wp-json\/wp\/v2\/categories?post=103585"},{"taxonomy":"post_tag","embeddable":true,"href":"https:\/\/www.mes-allocs.fr\/guides\/wp-json\/wp\/v2\/tags?post=103585"}],"curies":[{"name":"wp","href":"https:\/\/api.w.org\/{rel}","templated":true}]}}