{"id":10268,"date":"2020-08-07T14:42:16","date_gmt":"2020-08-07T14:42:16","guid":{"rendered":"https:\/\/www.mes-allocs.fr\/guides\/?p=10268"},"modified":"2026-04-03T10:31:00","modified_gmt":"2026-04-03T09:31:00","slug":"uniformation-cpf","status":"publish","type":"post","link":"https:\/\/www.mes-allocs.fr\/guides\/aide-formation\/compte-personnel-formation-cpf\/uniformation-cpf\/","title":{"rendered":"Uniformation cpf : qu&rsquo;est-ce que cela d\u00e9signe ?"},"content":{"rendered":"<p><strong><a href=\"https:\/\/www.mes-allocs.fr\/guides\/wp-content\/uploads\/2020\/07\/Uniformation-cpf-quest-ce-que-cela-de\u0301signe-s.jpg\"><img loading=\"lazy\" decoding=\"async\" class=\"aligncenter wp-image-10826 size-full\" src=\"https:\/\/www.mes-allocs.fr\/guides\/wp-content\/uploads\/2020\/07\/Uniformation-cpf-quest-ce-que-cela-de\u0301signe-s-e1596652136741.jpg\" alt=\"Uniformation cpf : qu'est-ce que cela de\u0301signe ?s\" width=\"1280\" height=\"300\" srcset=\"https:\/\/www.mes-allocs.fr\/guides\/wp-content\/uploads\/2020\/07\/Uniformation-cpf-quest-ce-que-cela-de\u0301signe-s-e1596652136741.jpg 1280w, https:\/\/www.mes-allocs.fr\/guides\/wp-content\/uploads\/2020\/07\/Uniformation-cpf-quest-ce-que-cela-de\u0301signe-s-e1596652136741-300x70.jpg 300w, https:\/\/www.mes-allocs.fr\/guides\/wp-content\/uploads\/2020\/07\/Uniformation-cpf-quest-ce-que-cela-de\u0301signe-s-e1596652136741-1024x240.jpg 1024w, https:\/\/www.mes-allocs.fr\/guides\/wp-content\/uploads\/2020\/07\/Uniformation-cpf-quest-ce-que-cela-de\u0301signe-s-e1596652136741-768x180.jpg 768w, https:\/\/www.mes-allocs.fr\/guides\/wp-content\/uploads\/2020\/07\/Uniformation-cpf-quest-ce-que-cela-de\u0301signe-s-e1596652136741-600x141.jpg 600w\" sizes=\"auto, (max-width: 1280px) 100vw, 1280px\" \/><\/a><\/strong>[Mis \u00e0 jour le 03\/04\/2026]<strong> Uniformation est un OPCA (Organisme Paritaire Collecteur Agr\u00e9\u00e9) en charge des employ\u00e9s de l&rsquo;\u00e9conomie sociale.<a href=\"https:\/\/www.mes-allocs.fr\/guides\/aide-formation\/compte-personnel-formation-cpf\/\" target=\"_blank\" rel=\"noopener noreferrer\"> En charge du cpf,<\/a> cet organisme vous permet de b\u00e9n\u00e9ficier d&rsquo;un accompagnement, notamment dans le cadre de la formation. Mes Allocs vous explique.<\/strong><\/p>\n<p class=\"nVcaUb\"><div class='cta-block'><div class='text'>Simulez toutes vos aides en 2 min.<\/div><a href='https:\/\/www.mes-allocs.fr\/ab-app?origin=guides\/wp-json\/wp\/v2\/posts\/10268' class='app-button fit'>Simulation gratuite<\/a><\/div><\/p>\n<h1>Qu&rsquo;est-ce que Uniformation cpf ?<\/h1>\n<p>Uniformation cpf est un OPCA (Organisme Paritaire Collecteur Agr\u00e9\u00e9) \u00e0 l&rsquo;instar de structures telles que :<\/p>\n<ul>\n<li>Unifaf;<\/li>\n<li>Afdas;<\/li>\n<li>Fafsea.<\/li>\n<\/ul>\n<p>Plus exactement,<strong> Uniformation est l\u2019OPCA et l\u2019OPACIF <\/strong>(Organisme paritaire collecteur agr\u00e9\u00e9 pour le financement du Cong\u00e9 Individuel de Formation) <strong>des entreprises et des salari\u00e9s de l\u2019\u00e9conomie sociale, de l\u2019habitat social et de la protection sociale <\/strong>(associations, coop\u00e9ratives, mutuelles, etc).<\/p>\n<div class=\"display-none target-all sector-all paragraph paragraph--type--text paragraph--view-mode--default basics\">\n<p>Au total, Uniformation regroupe 22 branches professionnelles, repr\u00e9sent\u00e9es par diverses structures qui peuvent solliciter leurs services s&rsquo;ils ne d\u00e9pendent pas d&rsquo;une branche professionnelle rattach\u00e9e \u00e0 un autre OPCO.<\/p>\n<\/div>\n<div class=\"display-none target-all sector-all paragraph paragraph--type--text paragraph--view-mode--default basics odd-basics\">\n<div class=\"text-content centered\">\n<div class=\"content-box\">\n<p>Afin d&rsquo;accompagner ses adh\u00e9rents (employeurs et salari\u00e9s), Uniformation met en place :<\/p>\n<ul>\n<li>permanences physiques,<\/li>\n<li>accueil t\u00e9l\u00e9phonique,<\/li>\n<li>r\u00e9unions th\u00e9matiques.<\/li>\n<\/ul>\n<p>Il regroupe \u00e9galement <strong>40.000 structures pour plus d\u2019un million de salari\u00e9s.<\/strong><\/p>\n<p><iframe loading=\"lazy\" title=\"Les aides \u00e0 la formation\" width=\"500\" height=\"281\" src=\"https:\/\/www.youtube.com\/embed\/gs3ZRHqtzmY?feature=oembed\" frameborder=\"0\" allow=\"accelerometer; autoplay; clipboard-write; encrypted-media; gyroscope; picture-in-picture; web-share\" referrerpolicy=\"strict-origin-when-cross-origin\" allowfullscreen><\/iframe><\/p>\n<\/div>\n<\/div>\n<\/div>\n<h1>Uniformation cpf autonome : comment cela fonctionne ?<\/h1>\n<p>Mettant \u00e0 disposition de ses salari\u00e9s-adh\u00e9rents une offre de formation professionnelle, Uniformation est accessible \u00e0 travers le compte personnel de formation, dispositif financ\u00e9 par la caisse des d\u00e9p\u00f4ts.<\/p>\n<p>En effet, <strong>gr\u00e2ce au solde d&rsquo;heures<\/strong> (obtenues en fonction du temps de travail) acquis au titre du CPF, vous pouvez entreprendre des formations.<\/p>\n<p>En outre, <strong>depuis le 1er janvier 2019, les heures cumul\u00e9es sont converties en euros.<\/strong><\/p>\n<p>Attention, toutefois, une\u00a0<strong>participation financi\u00e8re de 150\u20ac <\/strong>est demand\u00e9e <strong>depuis le 2 avril 2026<\/strong>\u00a0vous sera demand\u00e9e si vous souhaitez mobiliser votre CPF (sauf pour certains publics comme les demandeurs d\u2019emploi).<\/p>\n<h1>En quoi consiste l&rsquo;Uniformation OPCO ?<\/h1>\n<h2>Br\u00e8ve pr\u00e9sentation<\/h2>\n<p>L\u2019Opco de la Coh\u00e9sion sociale est n\u00e9 de l&rsquo;agr\u00e9ment du Minist\u00e8re du travail au 1er avril 2019. Il s&rsquo;est d\u00e9velopp\u00e9 sur les bases d&rsquo;Uniformation et ses branches professionnelles contenues dans son p\u00e9rim\u00e8tre.<\/p>\n<p>L&rsquo;organisation politique de l&rsquo;Opco est bas\u00e9e sur des commissions paritaires regroup\u00e9es autour du plan de d\u00e9veloppement :<\/p>\n<ul>\n<li>des comp\u00e9tences,<\/li>\n<li>de l\u2019alternance<\/li>\n<li>et des \u00e9tudes et observatoires.<\/li>\n<\/ul>\n<h2>Quelles sont les branches professionnelles adh\u00e9rentes ?<\/h2>\n<div class=\"content\">\n<div class=\"display-none target-all sector-all paragraph paragraph--type--text paragraph--view-mode--default\">\n<div class=\"text-content centered\">\n<div class=\"content-box\">\n<div class=\"text-parag\">\n<ul>\n<li>Acteurs du lien social et familial.<\/li>\n<li>Aide \u00e0 domicile.<\/li>\n<li>Animation.<\/li>\n<li>Missions locales et PAIO.<\/li>\n<li>Ateliers et Chantiers d\u2019insertion.<\/li>\n<li>Mutualit\u00e9.<\/li>\n<li>Conseil d\u2019architecture, d\u2019urbanisme et de l\u2019environnement.<\/li>\n<li>Entreprises sociales pour l\u2019habitat.<\/li>\n<li>Familles rurales.<\/li>\n<li>Offices Publics de l\u2019habitat.<\/li>\n<li>Tourisme social et familial.<\/li>\n<li>Foyers et Services pour Jeunes travailleurs.<\/li>\n<li>Institutions de retraite compl\u00e9mentaire et Pr\u00e9voyance.<\/li>\n<li>Organisations professionnelles de l\u2019habitat social.<\/li>\n<li>Soliha.<\/li>\n<li>P\u00f4le emploi.<\/li>\n<li>R\u00e9gies de quartier.<\/li>\n<li>R\u00e9gime g\u00e9n\u00e9ral de la S\u00e9curit\u00e9 Sociale.<\/li>\n<li>R\u00e9gimes Miniers.<\/li>\n<li>R\u00e9gime social des ind\u00e9pendants.<\/li>\n<li>Soci\u00e9t\u00e9s coop\u00e9ratives d\u2019HLM.<\/li>\n<\/ul>\n<\/div>\n<\/div>\n<\/div>\n<\/div>\n<\/div>\n<div class='cta-block'><div class='text'>Simulez vos aides sociales en 2 min. Gratuit.<\/div><a href='https:\/\/www.mes-allocs.fr\/ab-app?origin=guides\/wp-json\/wp\/v2\/posts\/10268' class='app-button fit'>Simulation gratuite<\/a><\/div>\n<h1>Uniformation financement : comment cela fonctionne ?<\/h1>\n<h2>Quels sont les projets associ\u00e9s aux financements d&rsquo;Uniformation ?<\/h2>\n<p>Depuis le <strong>5 septembre 2018<\/strong> et la <strong>loi \u00ab\u00a0Pour la libert\u00e9 de choisir son avenir professionnel\u00a0\u00bb<\/strong>, les <strong>entreprises de moins de 50 salari\u00e9s<\/strong> sont les seules \u00e0 pouvoir utiliser les fonds des contributions l\u00e9gales pour entreprendre <a href=\"https:\/\/www.mes-allocs.fr\/guides\/aide-formation\/compte-personnel-formation-cpf\/cpf-formation\/\" target=\"_blank\" rel=\"noopener noreferrer\">des actions de formation<\/a>.<\/p>\n<p>Et ce, tout en mettant en place le d\u00e9veloppement des comp\u00e9tences. Ces fonds sont par ailleurs employ\u00e9s pour financer :<\/p>\n<div class=\"content\">\n<div class=\"addtoany-wrapper mobile-hidden\">\n<ul>\n<li>les demandes d&rsquo;aide financi\u00e8res concernant vos <strong>projets de formation*<\/strong>.<\/li>\n<li>les projets collectifs <strong>nationaux<\/strong> ou <strong>territoriaux<\/strong> en inter-branches.<\/li>\n<li>les projets <strong>cofinanc\u00e9s<\/strong>.<\/li>\n<\/ul>\n<p>\u00c0 noter que pour les projets de formations, vous avez la possibilit\u00e9 de d\u00e9poser plusieurs demandes dans la limite d\u2019un plafond par DAF de <strong>3.000\u20ac HT<\/strong>. Et ce, si cela concerne <strong>moins de 5 stagiaires.<\/strong><\/p>\n<p>\u00c0 l&rsquo;inverse, si on compte plus de <strong>5 stagiaires, le plafond est de 15.000\u20ac HT <\/strong>(co\u00fbt p\u00e9dagogique + frais annexes) en fonction des conditions et crit\u00e8res de prise en charge de l\u2019OPCO, dans la limite de :<\/p>\n<ul>\n<li><strong>4 DAF par an et par adh\u00e9rent<\/strong> relevant d\u2019une branche professionnelle.<\/li>\n<li><strong>2 DAF par an et par adh\u00e9rent<\/strong> ne relevant pas d\u2019une branche professionnelle.<\/li>\n<\/ul>\n<\/div>\n<h2>Quelles sont les limites des financements en alternance ?<\/h2>\n<div class=\"content-box\">\n<div class=\"text-parag\">\n<p>Uniformation prend en charge certains co\u00fbts des contrats en alternance, dans la limite des fonds disponibles :<\/p>\n<ul>\n<li><strong>les co\u00fbts p\u00e9dagogiques,<\/strong><\/li>\n<li><strong>la r\u00e9mun\u00e9ration,<\/strong><\/li>\n<li><strong>et les frais annexes.<\/strong><\/li>\n<\/ul>\n<p>Et ce, sur la base d\u2019un <strong>forfait horaire de\u00a09,15 \u20ac, sans plafonnement horaire.<\/strong><\/p>\n<p><strong>Qui est concern\u00e9 par cette prise en charge ?<\/strong><\/p>\n<p>Ce financement s&rsquo;adresse aux personnes suivantes :<\/p>\n<ul>\n<li><strong> b\u00e9n\u00e9ficiaires de minima sociaux.<\/strong><\/li>\n<li><strong> personnes sortant de contrat aid\u00e9.<\/strong><\/li>\n<li><strong><a href=\"https:\/\/www.mes-allocs.fr\/guides\/aide-formation\/compte-personnel-formation-cpf\/droit-cpf\/\" target=\"_blank\" rel=\"noopener noreferrer\">jeunes de 16 \u00e0 25 ans<\/a>.<\/strong><\/li>\n<li><strong>demandeurs d&#8217;emploi de moins 26 ans<\/strong> n&rsquo;ayant pas valid\u00e9 un second cycle de l&rsquo;enseignement secondaire (niveaux V bis, VI).<\/li>\n<li>non-titulaires d&rsquo;un dipl\u00f4me de l&rsquo;enseignement technologique ou professionnel, est fix\u00e9e \u00e0 <strong>15\u20ac par heure de formation<\/strong>, sans plafonnement d&rsquo;heures.<\/li>\n<\/ul>\n<p>Le montait forfaitaire de la prise en charge est de <strong>15\u20ac de l\u2019heure<\/strong>, pour\u00a0les contrats de professionnalisation sign\u00e9s dans le cadre :<\/p>\n<ul>\n<li>d&rsquo;un groupement d\u2019employeurs pour l\u2019insertion et la qualification (GEIQ)<\/li>\n<li>ou pour des publics sp\u00e9cifiques.<\/li>\n<\/ul>\n<p>Ce montant couvre tout ou partie des frais p\u00e9dagogiques, des r\u00e9mun\u00e9rations et charges sociales. Sans compter les frais de transport et d\u2019h\u00e9bergement.<\/p>\n<h2>Qu&rsquo;en est-il du soutien aux primo-employeurs ?<\/h2>\n<p>En 2019, Uniformation continue son soutien aux primo-employeurs et propose une prise en charge forfaitaire de\u00a0<strong>15\u20ac par heure<\/strong>\u00a0de formation incluant <strong>les co\u00fbts p\u00e9dagogiques, les frais annexes et la r\u00e9mun\u00e9ration.<\/strong><\/p>\n<p style=\"text-align: justify;\"><div itemscope itemtype=\"http:\/\/schema.org\/Table\"><p itemprop=\"about\"><\/p><\/p>\n<table style=\"border-collapse: collapse; width: 100.664%; height: 153px;\">\n<tbody>\n<tr style=\"height: 48px;\">\n<td style=\"width: 30.4606%; height: 64px; background-color: #d8e6f2; border: 1px solid black; text-align: center;\"><strong>Accompagnement \u00e0 l\u2019exercice de la fonction tutorale<\/strong><\/td>\n<td style=\"width: 28.183%; height: 64px; background-color: #d8e6f2; border: 1px solid black; text-align: center;\"><strong>Tout public sauf publics sp\u00e9cifiques<\/strong><\/td>\n<\/tr>\n<tr style=\"height: 24px;\">\n<td style=\"width: 30.4606%; height: 89px; border: 1px solid black; text-align: center;\">230\u20ac par mois sur 6 mois (soit 1.380\u20ac)<\/td>\n<td style=\"width: 28.183%; height: 89px; border: 1px solid black; text-align: center;\">345\u20ac par mois mois sur 6 mois (soit 2.070\u20ac)<\/td>\n<\/tr>\n<\/tbody>\n<\/table>\n<p><span style=\"font-weight: 400;\"><\/div><\/span><\/p>\n<p><span style=\"text-decoration: underline;\"><strong>Attention :<\/strong><\/span> d\u00e9sormais, les entreprises qui ne d\u00e9pendent pas d&rsquo;une branche professionnelle ne peuvent pas \u00e9tendre <strong>la dur\u00e9e maximale<\/strong> de la professionnalisation d\u2019un <strong>contrat de professionnalisation \u00e0 24 mois. <\/strong>Cela concerne les qualifications dont l\u2019acc\u00e8s implique<strong> l&rsquo;acquisition d\u2019une certification inscrite au RNCP. <\/strong><\/p>\n<p>Celles-ci doivent aussi se fonder sur un <strong>r\u00e9f\u00e9rentiel de formation long<\/strong> qui ne peut faire l\u2019objet d\u2019une alternance l<strong>imit\u00e9e \u00e0 12 mois<\/strong>.<\/p>\n<h2>Quel r\u00f4le joue les abondements ?<\/h2>\n<p>En tant que salari\u00e9, <a href=\"https:\/\/www.mes-allocs.fr\/guides\/aide-formation\/compte-personnel-formation-cpf\/abondement-cpf\/\" target=\"_blank\" rel=\"noopener noreferrer\">vous pouvez solliciter un <\/a><strong>abondement si votre CPF ne r\u00e9unit pas les sommes suffisantes pour financer votre formation<\/strong> (notamment via P\u00f4le Emploi, pour les demandeurs d&#8217;emploi).<\/p>\n<\/div>\n<\/div>\n<\/div>\n<p style=\"text-align: justify;\"><div itemscope itemtype=\"http:\/\/schema.org\/Table\"><p itemprop=\"about\"><\/p><\/p>\n<table style=\"border-collapse: collapse; width: 100.664%; height: 241px;\">\n<tbody>\n<tr style=\"height: 48px;\">\n<td style=\"width: 30.4606%; height: 48px; background-color: #d8e6f2; border: 1px solid black; text-align: center;\"><strong>Formation envisag\u00e9e<\/strong><\/td>\n<td style=\"width: 28.183%; height: 48px; background-color: #d8e6f2; border: 1px solid black; text-align: center;\"><strong>Abondements<\/strong><\/td>\n<\/tr>\n<tr style=\"height: 24px;\">\n<td style=\"width: 30.4606%; height: 26px; border: 1px solid black; text-align: center;\">Certificat Cl\u00e9A et formations permettant d&rsquo;\u00e9valuer les comp\u00e9tences acquises pr\u00e9alablement ou post\u00e9rieurement \u00e0 ces formations<\/td>\n<td style=\"width: 28.183%; height: 26px; border: 1px solid black; text-align: center;\">\n<ul>\n<li>Abondement couvrant les co\u00fbts p\u00e9dagogiques dans la limite de 12\u20ac\/heure (y compris TVA \u00e9ventuelle). Pas de limitation du nombre d\u2019heures<\/li>\n<li>Abondement des co\u00fbts \u00e9valuatifs dans limit\u00e9s \u00e0 450\u20ac HT pour les \u00e9valuations pr\u00e9alables et 250\u20ac HT pour les \u00e9valuations finales.<\/li>\n<\/ul>\n<\/td>\n<\/tr>\n<tr style=\"height: 72px;\">\n<td style=\"width: 30.4606%; border: 1px solid black; text-align: center; height: 72px;\">Accompagnement \u00e0 la VAE<\/td>\n<td style=\"width: 28.183%; border: 1px solid black; text-align: center; height: 72px;\">\n<ul>\n<li><span style=\"font-weight: 400;\">Abondement dans la limite de 24 heures (72 heures si la certification vis\u00e9e est de niveau V)<\/span><\/li>\n<li><span style=\"font-weight: 400;\">et de 56\u20ac HT\/heure (ou 67,20\u20ac TTC\/heure )<\/span><\/li>\n<\/ul>\n<\/td>\n<\/tr>\n<tr style=\"height: 24px;\">\n<td style=\"width: 30.4606%; height: 23px; border: 1px solid black; text-align: center;\">Bilan de comp\u00e9tences<\/td>\n<td style=\"width: 28.183%; height: 23px; border: 1px solid black; text-align: center;\">\n<ul>\n<li><span style=\"font-weight: 400;\">Abondement <\/span>des co\u00fbts de la prestation dans la double limite de 24 heures<\/li>\n<li>et de 56\u20ac HT\/heure (ou 67 ,20\u20ac TTC\/heure).<\/li>\n<\/ul>\n<\/td>\n<\/tr>\n<tr style=\"height: 24px;\">\n<td style=\"width: 30.4606%; border: 1px solid black; text-align: center; height: 24px;\"><span style=\"font-weight: 400;\">Formations visant une certification inscrite au RNCP et celles sanctionn\u00e9es par les attestations de validation des blocs de comp\u00e9tences \u00a0<\/span><\/td>\n<td style=\"width: 28.183%; border: 1px solid black; text-align: center; height: 24px;\">\n<ul>\n<li><span style=\"font-weight: 400;\">Abondement couvrant les co\u00fbts p\u00e9dagogiques dans la limite de 12\u20ac\/heure (y compris TVA \u00e9ventuelle). <\/span><strong>Pas de limitation du nombre d\u2019heures<\/strong>.<\/li>\n<\/ul>\n<\/td>\n<\/tr>\n<tr style=\"height: 48px;\">\n<td style=\"width: 30.4606%; border: 1px solid black; text-align: center; height: 48px;\"><span style=\"font-weight: 400;\">Formations certifiantes et habilitations enregistr\u00e9es dans le r\u00e9pertoire sp\u00e9cifique<\/span><\/td>\n<td style=\"width: 28.183%; border: 1px solid black; text-align: center; height: 48px;\">\n<ul>\n<li><span style=\"font-weight: 400;\">Abondement couvrant les co\u00fbts p\u00e9dagogiques dans la limite de 48\u20ac\/heure.<\/span><\/li>\n<li><span style=\"font-weight: 400;\">Pas de limitation du nombre d\u2019heures hormis pour les formations en langues \u00e9trang\u00e8res (nombre d\u2019heures retenu \u00e9ligible \u00e0 l\u2019abondement est limit\u00e9 \u00e0 150 heures).<\/span><\/li>\n<\/ul>\n<\/td>\n<\/tr>\n<\/tbody>\n<\/table>\n<p><span style=\"font-weight: 400;\"><\/div><\/span><\/p>\n<p><strong>Attention :<\/strong> le permis voiture ou poids lourd est in\u00e9ligible aux abondements. De m\u00eame pour les actions de formation, d\u2019accompagnement et de conseil donn\u00e9s aux cr\u00e9ateurs ou repreneurs d\u2019entreprises.<\/p>\n<p>Votre budget est insuffisant pour payer vos frais de formation ? <strong>Uniformation peut s&rsquo;acquitter de ces frais, totalement ou partiellement.<\/strong><\/p>\n<p><strong>Comment faire ?<\/strong><\/p>\n<ul>\n<li>Rendez-vous sur votre <strong>espace priv\u00e9 Uniformation<\/strong> pour effectuer en ligne votre demande. Puis t\u00e9l\u00e9chargerez le programme de la formation et le devis.<\/li>\n<li>Choisissez une demande par action formation. <strong>Vous avez la possibilit\u00e9 d&rsquo;inscrire plusieurs salari\u00e9s sur une seule demande<\/strong> s&rsquo;ils participent \u00e0 la m\u00eame action de formation.<\/li>\n<li>Une r\u00e9ponse vous sera envoy\u00e9e par courrier. Si votre demande d\u2019aide est accept\u00e9e, vous pouvez partir en formation. Au terme de cette derni\u00e8re, vous pouvez faire une demande de remboursement.<\/li>\n<\/ul>\n<div id=\"brs\" data-hveid=\"CAsQAA\">\n<h1>Les abondements suppl\u00e9mentaires sont-ils soumis au plafond ?<\/h1>\n<\/div>\n<div id=\"brs\" data-hveid=\"CAsQAA\">\n<p>Si votre formation ne peut \u00eatre financ\u00e9e <a href=\"https:\/\/www.mes-allocs.fr\/guides\/aide-formation\/compte-personnel-formation-cpf\/compteur-cpf\/\" target=\"_blank\" rel=\"noopener noreferrer\">\u00e0 l&rsquo;aide des heures acquises sur votre CPF<\/a>, vous pouvez avoir recours \u00e0 des abondements. Ce sont des sommes qui vont venir compl\u00e9ter le montant dont vous avez besoin.<\/p>\n<p>Ce dispositif est fix\u00e9 par l&rsquo;article L.6323-15. En outre, i<strong>l peut prendre 3 formes<\/strong> :<\/p>\n<ul>\n<li>accord d\u2019entreprise ou\u00a0de groupe,<\/li>\n<li>accord de branche,<\/li>\n<li>accord conclu par les fondateurs d\u2019un OPCA interprofessionnel.<\/li>\n<\/ul>\n<p><strong>Ils ne sont pas pris en compte dans le plafond de droits, qu&rsquo;il soit de :<\/strong><\/p>\n<ul>\n<li><strong>5.000\u20ac<\/strong><\/li>\n<li><strong>ou 8.000\u20ac.<\/strong><\/li>\n<\/ul>\n<p><strong>Depuis 2019, vous pouvez compl\u00e9ter vous-m\u00eame votre financement si le montant CPF est insuffisant.\u00a0<\/strong>L&#8217;employeur peut aussi venir abonder le compte du salari\u00e9.<\/p>\n<div class='cta-block'><div class='text'>Simulez toutes vos aides en 2 min.<\/div><a href='https:\/\/www.mes-allocs.fr\/ab-app?origin=guides\/wp-json\/wp\/v2\/posts\/10268' class='app-button fit'>Simulation gratuite<\/a><\/div>\n<\/div>\n","protected":false},"excerpt":{"rendered":"<p>[Mis \u00e0 jour le 03\/04\/2026] Uniformation est un OPCA (Organisme Paritaire Collecteur Agr\u00e9\u00e9) en charge des employ\u00e9s de l&rsquo;\u00e9conomie sociale. En charge du cpf, cet organisme vous permet de b\u00e9n\u00e9ficier d&rsquo;un accompagnement, notamment dans le cadre de la formation. Mes Allocs vous explique. Qu&rsquo;est-ce que Uniformation cpf ? Uniformation cpf est un OPCA (Organisme Paritaire [&hellip;]<\/p>\n","protected":false},"author":10,"featured_media":10831,"comment_status":"open","ping_status":"open","sticky":false,"template":"","format":"standard","meta":{"amp_status":"","footnotes":""},"categories":[2045,2046],"tags":[],"class_list":["post-10268","post","type-post","status-publish","format-standard","has-post-thumbnail","hentry","category-aide-formation","category-compte-personnel-formation-cpf"],"yoast_head":"<!-- This site is optimized with the Yoast SEO plugin v14.9 - https:\/\/yoast.com\/wordpress\/plugins\/seo\/ -->\n<title>Uniformation cpf : qu&#039;est-ce que cela d\u00e9signe ? | Mes-Allocs.fr<\/title>\n<meta name=\"description\" content=\"Uniformation est un OPCA (Organisme Paritaire Collecteur Agr\u00e9\u00e9) en charge des employ\u00e9s de l&#039;\u00e9conomie sociale. Mes Allocs vous explique.\" \/>\n<meta name=\"robots\" content=\"index, follow, max-snippet:-1, max-image-preview:large, max-video-preview:-1\" \/>\n<link rel=\"canonical\" href=\"https:\/\/www.mes-allocs.fr\/guides\/aide-formation\/compte-personnel-formation-cpf\/uniformation-cpf\/\" \/>\n<meta property=\"og:locale\" content=\"fr_FR\" \/>\n<meta property=\"og:type\" content=\"article\" \/>\n<meta property=\"og:title\" content=\"Uniformation cpf : qu&#039;est-ce que cela d\u00e9signe ? | Mes-Allocs.fr\" \/>\n<meta property=\"og:description\" content=\"Uniformation est un OPCA (Organisme Paritaire Collecteur Agr\u00e9\u00e9) en charge des employ\u00e9s de l&#039;\u00e9conomie sociale. Mes Allocs vous explique.\" \/>\n<meta property=\"og:url\" content=\"https:\/\/www.mes-allocs.fr\/guides\/aide-formation\/compte-personnel-formation-cpf\/uniformation-cpf\/\" \/>\n<meta property=\"og:site_name\" content=\"Mes-Allocs.fr\" \/>\n<meta property=\"article:published_time\" content=\"2020-08-07T14:42:16+00:00\" \/>\n<meta property=\"article:modified_time\" content=\"2026-04-03T09:31:00+00:00\" \/>\n<meta property=\"og:image\" content=\"https:\/\/www.mes-allocs.fr\/guides\/wp-content\/uploads\/2020\/08\/Uniformation-cpf-quest-ce-que-cela-de\u0301signe-.jpg?wsr\" \/>\n\t<meta property=\"og:image:width\" content=\"1280\" \/>\n\t<meta property=\"og:image:height\" content=\"853\" \/>\n<meta name=\"twitter:card\" content=\"summary_large_image\" \/>\n<script type=\"application\/ld+json\" class=\"yoast-schema-graph\">{\"@context\":\"https:\/\/schema.org\",\"@graph\":[{\"@type\":\"WebSite\",\"@id\":\"https:\/\/www.mes-allocs.fr\/guides\/#website\",\"url\":\"https:\/\/www.mes-allocs.fr\/guides\/\",\"name\":\"Mes-Allocs.fr\",\"description\":\"\",\"potentialAction\":[{\"@type\":\"SearchAction\",\"target\":\"https:\/\/www.mes-allocs.fr\/guides\/?s={search_term_string}\",\"query-input\":\"required name=search_term_string\"}],\"inLanguage\":\"fr-FR\"},{\"@type\":\"ImageObject\",\"@id\":\"https:\/\/www.mes-allocs.fr\/guides\/aide-formation\/compte-personnel-formation-cpf\/uniformation-cpf\/#primaryimage\",\"inLanguage\":\"fr-FR\",\"url\":\"https:\/\/www.mes-allocs.fr\/guides\/wp-content\/uploads\/2020\/08\/Uniformation-cpf-quest-ce-que-cela-de\\u0301signe-.jpg?wsr\",\"width\":1280,\"height\":853,\"caption\":\"Uniformation cpf quest ce que cela de\\u0301signe\"},{\"@type\":\"WebPage\",\"@id\":\"https:\/\/www.mes-allocs.fr\/guides\/aide-formation\/compte-personnel-formation-cpf\/uniformation-cpf\/#webpage\",\"url\":\"https:\/\/www.mes-allocs.fr\/guides\/aide-formation\/compte-personnel-formation-cpf\/uniformation-cpf\/\",\"name\":\"Uniformation cpf : qu'est-ce que cela d\\u00e9signe ? | Mes-Allocs.fr\",\"isPartOf\":{\"@id\":\"https:\/\/www.mes-allocs.fr\/guides\/#website\"},\"primaryImageOfPage\":{\"@id\":\"https:\/\/www.mes-allocs.fr\/guides\/aide-formation\/compte-personnel-formation-cpf\/uniformation-cpf\/#primaryimage\"},\"datePublished\":\"2020-08-07T14:42:16+00:00\",\"dateModified\":\"2026-04-03T09:31:00+00:00\",\"author\":{\"@id\":\"https:\/\/www.mes-allocs.fr\/guides\/#\/schema\/person\/8d47b912c0ad15f379df96b4e4e33f58\"},\"description\":\"Uniformation est un OPCA (Organisme Paritaire Collecteur Agr\\u00e9\\u00e9) en charge des employ\\u00e9s de l'\\u00e9conomie sociale. Mes Allocs vous explique.\",\"inLanguage\":\"fr-FR\"},{\"@type\":\"Person\",\"@id\":\"https:\/\/www.mes-allocs.fr\/guides\/#\/schema\/person\/8d47b912c0ad15f379df96b4e4e33f58\",\"name\":\"Constance de Cagny\",\"image\":{\"@type\":\"ImageObject\",\"@id\":\"https:\/\/www.mes-allocs.fr\/guides\/#personlogo\",\"inLanguage\":\"fr-FR\",\"url\":\"https:\/\/www.mes-allocs.fr\/guides\/wp-content\/uploads\/2021\/06\/Constance.2e8ee0b.png\",\"caption\":\"Constance de Cagny\"},\"description\":\"Constance est r\\u00e9dactrice au sein de l'\\u00e9quipe Mes Allocs. Elle a l'habitude d'\\u00e9crire sur les sujets conso, bons plans et \\u00e9conomies. Dipl\\u00f4m\\u00e9e de l'ENACO, elle rejoint Mes Allocs apr\\u00e8s une premi\\u00e8re exp\\u00e9rience en cabinet notarial.\",\"sameAs\":[\"https:\/\/www.linkedin.com\/in\/constance-de-cagny-mayeur-bbb414135\"]}]}<\/script>\n<!-- \/ Yoast SEO plugin. -->","amp_validity":null,"acf":{"faq":{"1":{"question":"Qui finance le CPF 2026 ?","answer":"C'est la Caisse des d\u00e9p\u00f4ts qui finance le compte personnel de formation (CPF) depuis le 1er janvier 2023."},"2":{"question":"Comment avoir acc\u00e8s \u00e0 son CPF ?","answer":"Rendez-vous sur le site moncompteformation.gouv. Puis cliquez sur \u201ccr\u00e9er mon compte\u201d, si ce n'est pas d\u00e9j\u00e0 fait.\r\nMunissez-vous pour cela de votre num\u00e9ro de s\u00e9curit\u00e9 sociale et remplissez les informations requises."},"3":{"question":"Comment faire une formation avec le CPF ?","answer":"Vous devez utiliser vos droits CPF cumul\u00e9s (vos heures de travail converties en euros). En remplissant un dossier de formation (apr\u00e8s avoir fait votre choix dans le catalogue offert par la CPF), vous pouvez effectuer une formation sur votre temps de travail,\r\nou prendre un cong\u00e9."},"4":{"question":"Comment utiliser son CPF pendant le temps de travail ?","answer":"Vous devez adresser une demande \u00e0 votre employeur au moins 60 jours avant le d\u00e9but de votre formation CPF."},"5":{"question":"Comment se servir de son CPF ?","answer":"Apr\u00e8s cr\u00e9ation de votre compte sur la plateforme moncompteformation.gouv, si vous souhaitez entreprendre une formation, vous pouvez cr\u00e9er un dossier formation. Mais avant, \u00e0 l'aide de quelques mots cl\u00e9s (concernant votre branche professionnelle et la qualification vis\u00e9e) vous pouvez trouver l'action de formation qui vous convient."},"6":{"question":"","answer":""},"7":{"question":"","answer":""},"8":{"question":"","answer":""},"9":{"question":"","answer":""},"10":{"question":"","answer":""},"11":{"question":"","answer":""},"12":{"question":"","answer":""},"13":{"question":"","answer":""},"14":{"question":"","answer":""},"15":{"question":"","answer":""},"16":{"question":"","answer":""}}},"_links":{"self":[{"href":"https:\/\/www.mes-allocs.fr\/guides\/wp-json\/wp\/v2\/posts\/10268","targetHints":{"allow":["GET"]}}],"collection":[{"href":"https:\/\/www.mes-allocs.fr\/guides\/wp-json\/wp\/v2\/posts"}],"about":[{"href":"https:\/\/www.mes-allocs.fr\/guides\/wp-json\/wp\/v2\/types\/post"}],"author":[{"embeddable":true,"href":"https:\/\/www.mes-allocs.fr\/guides\/wp-json\/wp\/v2\/users\/10"}],"replies":[{"embeddable":true,"href":"https:\/\/www.mes-allocs.fr\/guides\/wp-json\/wp\/v2\/comments?post=10268"}],"version-history":[{"count":33,"href":"https:\/\/www.mes-allocs.fr\/guides\/wp-json\/wp\/v2\/posts\/10268\/revisions"}],"predecessor-version":[{"id":111469,"href":"https:\/\/www.mes-allocs.fr\/guides\/wp-json\/wp\/v2\/posts\/10268\/revisions\/111469"}],"wp:featuredmedia":[{"embeddable":true,"href":"https:\/\/www.mes-allocs.fr\/guides\/wp-json\/wp\/v2\/media\/10831"}],"wp:attachment":[{"href":"https:\/\/www.mes-allocs.fr\/guides\/wp-json\/wp\/v2\/media?parent=10268"}],"wp:term":[{"taxonomy":"category","embeddable":true,"href":"https:\/\/www.mes-allocs.fr\/guides\/wp-json\/wp\/v2\/categories?post=10268"},{"taxonomy":"post_tag","embeddable":true,"href":"https:\/\/www.mes-allocs.fr\/guides\/wp-json\/wp\/v2\/tags?post=10268"}],"curies":[{"name":"wp","href":"https:\/\/api.w.org\/{rel}","templated":true}]}}